{"id":46802,"date":"2020-03-18T06:34:03","date_gmt":"2020-03-18T06:34:03","guid":{"rendered":"https:\/\/www.humanium.org\/fr\/?p=46802"},"modified":"2025-12-06T15:35:45","modified_gmt":"2025-12-06T15:35:45","slug":"proteger-la-jeunesse-lgbtq-au-vietnam","status":"publish","type":"post","link":"https:\/\/www.humanium.org\/fr\/proteger-la-jeunesse-lgbtq-au-vietnam\/","title":{"rendered":"Prot\u00e9ger la jeunesse LGBTQ+ au Vietnam"},"content":{"rendered":"\n<p class=\"wp-block-paragraph\"><strong>\u00c0 la suite du r\u00e9cent rapport de Human Rights Watch (HRW) intitul\u00e9 \u00ab&nbsp;\u201dMon professeur a dit que j\u2019avais une maladie\u201d&nbsp;: les obstacles au droit \u00e0 l\u2019\u00e9ducation pour la jeunesse LGBT au Vietnam&nbsp;\u00bb, Humanium appelle le gouvernement du Vietnam \u00e0 prot\u00e9ger les droits des enfants et adultes de la communaut\u00e9 LGBTQ+. <\/strong><\/p>\n\n\n\n<p class=\"wp-block-paragraph\">Publi\u00e9 le 12 f\u00e9vrier 2020, ce document rapporte les conditions que les jeunes LGBTQ+ doivent supporter dans leurs milieux au <a href=\"https:\/\/www.humanium.org\/fr\/vietnam\/\">Vietnam<\/a>. Au-del\u00e0 des probl\u00e8mes l\u00e9gaux, <a href=\"https:\/\/www.humanium.org\/fr\/discriminations\/enfants-lgbtq\/\">la jeunesse LGBTQ+<\/a> fait face \u00e0 des normes sociales et culturelles discriminatoires (HRW, 2020).<\/p>\n\n\n\n<figure class=\"wp-block-image size-large\"><img loading=\"lazy\" decoding=\"async\" width=\"1024\" height=\"682\" src=\"https:\/\/www.humanium.org\/fr\/wp-content\/uploads\/2020\/03\/shutterstock_344120282-1-1024x682.jpg\" alt=\"\" class=\"wp-image-46814\" srcset=\"https:\/\/www.humanium.org\/fr\/wp-content\/uploads\/2020\/03\/shutterstock_344120282-1-1024x682.jpg 1024w, https:\/\/www.humanium.org\/fr\/wp-content\/uploads\/2020\/03\/shutterstock_344120282-1-300x200.jpg 300w, https:\/\/www.humanium.org\/fr\/wp-content\/uploads\/2020\/03\/shutterstock_344120282-1-768x512.jpg 768w, https:\/\/www.humanium.org\/fr\/wp-content\/uploads\/2020\/03\/shutterstock_344120282-1-1536x1024.jpg 1536w, https:\/\/www.humanium.org\/fr\/wp-content\/uploads\/2020\/03\/shutterstock_344120282-1-2048x1365.jpg 2048w, https:\/\/www.humanium.org\/fr\/wp-content\/uploads\/2020\/03\/shutterstock_344120282-1-830x553.jpg 830w, https:\/\/www.humanium.org\/fr\/wp-content\/uploads\/2020\/03\/shutterstock_344120282-1-230x153.jpg 230w, https:\/\/www.humanium.org\/fr\/wp-content\/uploads\/2020\/03\/shutterstock_344120282-1-350x233.jpg 350w, https:\/\/www.humanium.org\/fr\/wp-content\/uploads\/2020\/03\/shutterstock_344120282-1-480x320.jpg 480w, https:\/\/www.humanium.org\/fr\/wp-content\/uploads\/2020\/03\/shutterstock_344120282-1-272x182.jpg 272w\" sizes=\"auto, (max-width: 1024px) 100vw, 1024px\" \/><\/figure>\n\n\n\n<p class=\"wp-block-paragraph\">Les probl\u00e8mes cl\u00e9s d\u00e9crits dans ce rapport mentionnent&nbsp;: des professeurs non form\u00e9s et mal \u00e9quip\u00e9s par rapport aux probl\u00e8mes LGBTQ+, une discrimination en forte hausse contre les enfants LGBTQ+, la propagation de mythes affirmant que l\u2019attraction pour le m\u00eame sexe rend un enfant malade. Au regard d\u2019une telle discrimination, HRW signale que le gouvernement a \u00ab&nbsp;ignor\u00e9 les lois con\u00e7ues pour emp\u00eacher la stigmatisation, la discrimination et le harc\u00e8lement&nbsp;\u00bb (Hodal, 2020). Au lieu de cela, <a href=\"https:\/\/www.humanium.org\/fr\/comprendre-droits-enfant\/droit-a-l-education\/\">les autorit\u00e9s \u00e9ducatives<\/a> enseignent aux enfants que l\u2019homosexualit\u00e9 est une maladie qui doit \u00eatre soign\u00e9e.&nbsp; <\/p>\n\n\n\n<p class=\"wp-block-paragraph\">En juin 2016, le Conseil des droits de l\u2019homme des Nations Unies a adopt\u00e9 une r\u00e9solution sur \u00ab&nbsp;la protection contre la violence et la discrimination bas\u00e9es sur l\u2019orientation sexuelle et l\u2019identit\u00e9 de genre&nbsp;\u00bb, \u00e9tablie d\u2019apr\u00e8s deux anciennes r\u00e9solutions de 2011 et 2014 (HRW, 2016). Ceci a marqu\u00e9 une \u00e9tape importante pour les droits LGBTQ+, en confirmant le soutien mondial des Nations Unis \u00e0 la communaut\u00e9 tout en sensibilisant aux <a href=\"https:\/\/www.humanium.org\/fr\/discriminations\/\">discriminations<\/a> et en proposant des mesures pour lutter contre cette <a href=\"https:\/\/www.humanium.org\/fr\/violences\/\">violence<\/a>. <\/p>\n\n\n\n<div class=\"wp-block-image\"><figure class=\"alignright size-large is-resized\"><img loading=\"lazy\" decoding=\"async\" src=\"https:\/\/www.humanium.org\/fr\/wp-content\/uploads\/2020\/03\/shutterstock_346855184-1-1024x1024.jpg\" alt=\"\" class=\"wp-image-46815\" width=\"289\" height=\"289\" srcset=\"https:\/\/www.humanium.org\/fr\/wp-content\/uploads\/2020\/03\/shutterstock_346855184-1-1024x1024.jpg 1024w, https:\/\/www.humanium.org\/fr\/wp-content\/uploads\/2020\/03\/shutterstock_346855184-1-300x300.jpg 300w, https:\/\/www.humanium.org\/fr\/wp-content\/uploads\/2020\/03\/shutterstock_346855184-1-150x150.jpg 150w, https:\/\/www.humanium.org\/fr\/wp-content\/uploads\/2020\/03\/shutterstock_346855184-1-768x768.jpg 768w, https:\/\/www.humanium.org\/fr\/wp-content\/uploads\/2020\/03\/shutterstock_346855184-1-1536x1536.jpg 1536w, https:\/\/www.humanium.org\/fr\/wp-content\/uploads\/2020\/03\/shutterstock_346855184-1-2048x2048.jpg 2048w, https:\/\/www.humanium.org\/fr\/wp-content\/uploads\/2020\/03\/shutterstock_346855184-1-830x830.jpg 830w, https:\/\/www.humanium.org\/fr\/wp-content\/uploads\/2020\/03\/shutterstock_346855184-1-230x230.jpg 230w, https:\/\/www.humanium.org\/fr\/wp-content\/uploads\/2020\/03\/shutterstock_346855184-1-350x350.jpg 350w, https:\/\/www.humanium.org\/fr\/wp-content\/uploads\/2020\/03\/shutterstock_346855184-1-480x480.jpg 480w\" sizes=\"auto, (max-width: 289px) 100vw, 289px\" \/><\/figure><\/div>\n\n\n\n<p class=\"wp-block-paragraph\">\u00c0 l\u2019\u00e9chelle mondiale, la jeune communaut\u00e9 LGBTQ+ est mieux accept\u00e9e et des efforts sont d\u00e9ploy\u00e9s pour prot\u00e9ger ses membres contre la discrimination, avec l\u2019aide des Nations Unies. Bien que la Convention des Nations Unies relative aux droits de l&rsquo;enfant (CIDE) &nbsp;ne comporte pas d\u2019article sp\u00e9cifique concernant la jeunesse LGBTQ+, en 2016, Ana-Maria Bucataru a exhort\u00e9 les \u00c9tats \u00e0 utiliser, pour promouvoir les droits de cette jeunesse, les articles sur les th\u00e8mes suivants de <a href=\"https:\/\/www.humanium.org\/fr\/convention\/\">la Convention<\/a>&nbsp;: <a href=\"https:\/\/www.humanium.org\/fr\/comprendre-droits-enfant\/droit-a-l-education\/\">l\u2019\u00e9ducation <\/a>(article 28), <a href=\"https:\/\/www.humanium.org\/fr\/comprendre-droits-enfant\/droit-a-la-sante\/\">la sant\u00e9<\/a> (article 24), <a href=\"https:\/\/www.humanium.org\/fr\/comprendre-droits-enfant\/droit-a-l-identite\/\">l\u2019identit\u00e9 <\/a>(article 8), <a href=\"https:\/\/www.humanium.org\/fr\/comprendre-droits-enfant\/droit-a-la-protection\/\">la protection contre la discrimination<\/a> (article 2) &nbsp;le niveau de vie ad\u00e9quat et enfin <a href=\"https:\/\/www.humanium.org\/fr\/comprendre-droits-enfant\/droit-a-la-vie\/\">le droit \u00e0 la vie,<\/a> \u00e0 la survie et au d\u00e9veloppement (article 6) (Butucaru, 2016). <\/p>\n\n\n\n<p class=\"wp-block-paragraph\">Selon les normes des Nations Unies et de l\u2019Organisation mondiale de la Sant\u00e9, l\u2019homosexualit\u00e9 est d\u00e9criminalis\u00e9e et n\u2019est pas consid\u00e9r\u00e9e comme une maladie. Il est ainsi reconnu aujourd\u2019hui, que les membres de la communaut\u00e9 LGBTQ+ ont les m\u00eames droits que ceux qui ne font pas partie de cette communaut\u00e9. Les enfants aussi b\u00e9n\u00e9ficient des m\u00eames droits.<\/p>\n\n\n\n<p class=\"wp-block-paragraph\">Plus\nparticuli\u00e8rement au Vietnam, ces probl\u00e8mes sont aussi devenus pertinents. Le\nProgramme des Nations Unies pour le d\u00e9veloppement (PNUD) souligne un moment\nd\u00e9cisif particulier en 2012 avec \u00ab&nbsp;une exposition aux m\u00e9dias des\n\u00e9v\u00e8nements importants et positifs et un soutien du public et du\ngouvernement&nbsp;\u00bb (PNUD et USAID, 2014). La premi\u00e8re&nbsp;Pride au Vietnam a\neu lieu en 2012, avec le soutien des Nations Unies. En ce qui concerne les\nm\u00e9dias, de mai 2012 \u00e0 juin 2013, plus de 40 programmes de radio avec pour th\u00e8me\ndes probl\u00e8mes gay ou transgenre sont apparus sur les r\u00e9seaux vietnamiens.\nInformation Connecting and Sharing (ICS) a organis\u00e9 des talk shows sur la\ndiversit\u00e9 sexuelle dans 30 universit\u00e9s, tout en \u00e9tablissant des clubs et des\ngroupes de jeunesse cr\u00e9ative \u00e0 Ho Chi Minh et Ha Noi. (PNUD et USAID, 2014)<\/p>\n\n\n\n<p class=\"wp-block-paragraph\">Graeme Reid, le directeur des droits LGBTQ+ chez Human Rights Watch a reconnu cette \u00e9volution vers l\u2019acceptation de la communaut\u00e9 LGBTQ+&nbsp;: \u00ab&nbsp;En grande partie gr\u00e2ce \u00e0 un vibrant mouvement pour les droits LGBTQ+ men\u00e9 par la soci\u00e9t\u00e9 civile, <a href=\"https:\/\/www.humanium.org\/fr\/droit-non-discrimination\/\">la conscience sociale et l\u2019acceptation<\/a> de l\u2019orientation sexuelle et de l\u2019identit\u00e9 de genre ont beaucoup progress\u00e9 ces derni\u00e8res ann\u00e9es au Vietnam&nbsp;\u00bb (Hodal, 2020). C\u2019est vrai, en 2015, le Vietnam a vot\u00e9 pour la reconnaissance des individus transgenres, permettant, \u00e0 ceux qui ont eu recours \u00e0 la chirurgie pour un changement de genre, de changer \u00e9galement de genre sur les documents officiels. Mais la motion n\u00e9cessaire pour imposer cette loi n\u2019est toujours pas pass\u00e9e (Hodal, 2020).<\/p>\n\n\n\n<div class=\"wp-block-image\"><figure class=\"alignleft size-large is-resized\"><img loading=\"lazy\" decoding=\"async\" src=\"https:\/\/www.humanium.org\/fr\/wp-content\/uploads\/2020\/03\/shutterstock_655575136-1024x683.jpg\" alt=\"\" class=\"wp-image-46816\" width=\"408\" height=\"271\" srcset=\"https:\/\/www.humanium.org\/fr\/wp-content\/uploads\/2020\/03\/shutterstock_655575136-1024x683.jpg 1024w, https:\/\/www.humanium.org\/fr\/wp-content\/uploads\/2020\/03\/shutterstock_655575136-300x200.jpg 300w, https:\/\/www.humanium.org\/fr\/wp-content\/uploads\/2020\/03\/shutterstock_655575136-768x512.jpg 768w, https:\/\/www.humanium.org\/fr\/wp-content\/uploads\/2020\/03\/shutterstock_655575136-1536x1024.jpg 1536w, https:\/\/www.humanium.org\/fr\/wp-content\/uploads\/2020\/03\/shutterstock_655575136-2048x1365.jpg 2048w, https:\/\/www.humanium.org\/fr\/wp-content\/uploads\/2020\/03\/shutterstock_655575136-830x553.jpg 830w, https:\/\/www.humanium.org\/fr\/wp-content\/uploads\/2020\/03\/shutterstock_655575136-230x153.jpg 230w, https:\/\/www.humanium.org\/fr\/wp-content\/uploads\/2020\/03\/shutterstock_655575136-350x233.jpg 350w, https:\/\/www.humanium.org\/fr\/wp-content\/uploads\/2020\/03\/shutterstock_655575136-480x320.jpg 480w, https:\/\/www.humanium.org\/fr\/wp-content\/uploads\/2020\/03\/shutterstock_655575136-272x182.jpg 272w\" sizes=\"auto, (max-width: 408px) 100vw, 408px\" \/><\/figure><\/div>\n\n\n\n<p class=\"wp-block-paragraph\">En fait, il a eu bien des p\u00e9rip\u00e9ties. En 2012, le ministre de la justice Ha Hung a parl\u00e9 en termes positifs des homosexuels. La m\u00eame ann\u00e9e, le vice ministre de la sant\u00e9 a soutenu la l\u00e9galisation du mariage homosexuel. En 2013, le Vietnam a pris des mesures en ce sens en d\u00e9criminalisant les c\u00e9r\u00e9monies de mariage de couples du m\u00eame sexe et leur accordant le droit de vivre ensemble. Cependant, en 2014, l\u2019Assembl\u00e9e nationale a fait passer une \u00ab&nbsp;loi sur la famille et le mariage&nbsp;\u00bb r\u00e9vis\u00e9e, sans clause qui interdise ou reconnaisse le mariage de couples de m\u00eame sexe. En pratique, cela signifie que les partenaires de m\u00eame sexe ne disposent d\u2019aucune reconnaissance l\u00e9gale et de ce fait sont d\u00e9savantag\u00e9s par rapport aux couples h\u00e9t\u00e9rosexuels. (PNUD et USAID, 2014)<\/p>\n\n\n\n<p class=\"wp-block-paragraph\">Il y a eu d\u2019autres efforts. En 2016, au Conseil des droits de l\u2019homme des Nations Unies, le Vietnam a approuv\u00e9 une r\u00e9solution sur \u00ab&nbsp;la protection contre la violence et la discrimination fond\u00e9es sur l\u2019orientation sexuelle et l\u2019identit\u00e9 de genre&nbsp;\u00bb (HRW, 2020). En 2019, en collaboration avec les agences des Nations Unies, le minist\u00e8re de l\u2019\u00e9ducation a travaill\u00e9 sur un programme d\u2019\u00e9ducation sexuelle incluant la question LGBTQ+, mais le programme n\u2019a malheureusement pas encore \u00e9t\u00e9 r\u00e9alis\u00e9 (HRW, 2020).<\/p>\n\n\n\n<p class=\"wp-block-paragraph\">Effectivement, ces efforts n\u2019ont pas suffi et le rapport de 2020 de HRW le confirme. <a href=\"https:\/\/www.humanium.org\/fr\/discriminations\/enfants-lgbtq\/\">La discrimination \u00e0 laquelle font face les enfants et adultes LGBTQ+<\/a> n\u2019est pas un ph\u00e9nom\u00e8ne r\u00e9cent. Ce comportement refl\u00e8te les attitudes pass\u00e9es du gouvernement et les normes sociales et culturelles sur la question LGBTQ+, qui figuraient d\u00e9j\u00e0 dans les pr\u00e9c\u00e9dents rapports. <\/p>\n\n\n\n<p class=\"wp-block-paragraph\">En 2014, le Programme des Nations Unies pour le d\u00e9veloppement a collabor\u00e9 avec USAID pour publier un rapport d\u00e9crivant les conditions de scolarit\u00e9 de la jeunesse LGBTQ+ au Vietnam. \u00c0 partir de leurs recherches, ils ont formul\u00e9 des recommandations destin\u00e9es aux organisations de la soci\u00e9t\u00e9 civile et au gouvernement, dans lesquelles ils ont soulign\u00e9 <a href=\"https:\/\/www.humanium.org\/fr\/justice\/\">l\u2019importance de la reconnaissance l\u00e9gale<\/a> de la jeunesse LGBTQ+ et de la coop\u00e9ration avec les agences des Nation Unies. Int\u00e9ress\u00e9s par le r\u00e9seautage mis en place par les organisations LGBTQ+, ils ont mis l\u2019accent sur l\u2019importance des m\u00e9dias (vid\u00e9os, Internet et r\u00e9seaux sociaux) en vue de propager une acceptation plus large des communaut\u00e9s LGBTQ+. (PNUD et USAID, 2014)<\/p>\n\n\n\n<p class=\"wp-block-paragraph\">Un an plus tard, en 2015, Save the Children a \u00e9labor\u00e9 un rapport dans lequel les conditions de vie de la jeunesse LGBTQ+&nbsp;sont d\u00e9crites : \u00ab \u00catre LGBT est hautement stigmatisant dans la culture vietnamienne&nbsp;\u00bb. Save the Children a signal\u00e9 de jeunes LGBTQ+ quittant leur communaut\u00e9 et leur foyer pour vivre dans la rue, o\u00f9 ils vivent dans des conditions pr\u00e9judiciables \u00e0 leur d\u00e9veloppement et \u00e0 leur croissance. (Save the Children, 2015)&nbsp;<\/p>\n\n\n\n<div class=\"wp-block-image\"><figure class=\"alignright size-large is-resized\"><img loading=\"lazy\" decoding=\"async\" src=\"https:\/\/www.humanium.org\/fr\/wp-content\/uploads\/2020\/03\/shutterstock_655574677-1024x683.jpg\" alt=\"\" class=\"wp-image-46817\" width=\"426\" height=\"282\" srcset=\"https:\/\/www.humanium.org\/fr\/wp-content\/uploads\/2020\/03\/shutterstock_655574677-300x200.jpg 300w, https:\/\/www.humanium.org\/fr\/wp-content\/uploads\/2020\/03\/shutterstock_655574677-230x153.jpg 230w, https:\/\/www.humanium.org\/fr\/wp-content\/uploads\/2020\/03\/shutterstock_655574677-350x233.jpg 350w\" sizes=\"auto, (max-width: 426px) 100vw, 426px\" \/><\/figure><\/div>\n\n\n\n<p class=\"wp-block-paragraph\">Le rapport le plus r\u00e9cent de HRW d\u00e9crit les discriminations dont souffrent la jeunesse LGBTQ+ au quotidien, aussi bien \u00e0 l\u2019\u00e9cole qu\u2019\u00e0 la maison. Il est bas\u00e9 sur une enqu\u00eate r\u00e9alis\u00e9e aupr\u00e8s de cinquante-neuf jeunes LGBT, de parents, de professeurs et d\u2019autres membres des \u00e9quipes \u00e9ducatives. Le probl\u00e8me principal est la d\u00e9sinformation, quand on apprend aux parents comme aux <a href=\"https:\/\/www.humanium.org\/fr\/droits-enfant\/\">enfants<\/a> que l\u2019homosexualit\u00e9 est une maladie, au lieu d\u2019une \u00ab&nbsp;variation naturelle de l\u2019exp\u00e9rience humaine&nbsp;\u00bb. Au-del\u00e0 de la d\u00e9sinformation, le Vietnam n\u2019a pas actuellement d\u2019institutions ou de centre o\u00f9 les jeunes LGBTQ+ pourraient s\u2019informer sur ces probl\u00e8mes. Ils restent de ce fait dans l\u2019ignorance. Dans ce contexte, ces jeunes sont victimes <a href=\"https:\/\/www.humanium.org\/fr\/la-maltraitance-des-enfants\/\">d\u2019abus verbaux et parfois physiques,<\/a> qui ont des cons\u00e9quences n\u00e9fastes sur leur exp\u00e9rience scolaire et leur sant\u00e9 mentale. (HRW, 2020)<\/p>\n\n\n\n<p class=\"wp-block-paragraph\">Dans son rapport, HRW d\u00e9crit les probl\u00e8mes cl\u00e9s concernant la condition de la jeunesse LGBTQ+ au Vietnam. Tout d\u2019abord il faut mentionner la d\u00e9sinformation \u00e0 propos de <a href=\"https:\/\/www.humanium.org\/fr\/sexualite-des-adolescents\/\">l\u2019orientation sexuelle et l\u2019identit\u00e9 de genre<\/a>, qu\u2019on constate au travers de la propagation d\u2019informations incorrectes de la part des professeurs, du manque d\u2019informations provenant de sources officielles, ou encore de la quantit\u00e9 d\u2019informations erron\u00e9es, telle la pr\u00e9sentation de l\u2019homosexualit\u00e9 comme une maladie mentale. De ce fait, les enfants sont victimes de harc\u00e8lement verbal et d\u2019abus physiques et finissent par c\u00e9der \u00e0 la pression de se conformer \u00e0 des normes sociales h\u00e9t\u00e9ro normatives. <\/p>\n\n\n\n<p class=\"wp-block-paragraph\">Pire encore, les \u00e9coles ont eu des r\u00e9actions inad\u00e9quates \u00e0 ces violences. HRW signale clairement dans son rapport les avantages d\u2019un environnement scolaire inclusif. HRW souligne aussi la responsabilit\u00e9 des parents et la n\u00e9cessit\u00e9 que le gouvernement respecte les normes l\u00e9gales des droits de l\u2019homme, dont <a href=\"https:\/\/www.humanium.org\/fr\/comprendre-droits-enfant\/droit-a-l-education\/\">le droit \u00e0 une \u00e9ducation<\/a> dans la s\u00e9curit\u00e9 et sans \u00eatre harcel\u00e9, ainsi que <a href=\"https:\/\/www.humanium.org\/fr\/comprendre-droits-enfant\/droit-a-la-sante\/\">le droit \u00e0 des services de sant\u00e9 ad\u00e9quats.<\/a> (Human Rights Watch, 2020)&nbsp; <\/p>\n\n\n\n<p class=\"wp-block-paragraph\">En cons\u00e9quence, HRW en appelle \u00e0 l\u2019Assembl\u00e9e nationale pour r\u00e9examiner les lois concernant les mariages LGBTQ+ et la discrimination scolaire. En outre, HRW exhorte le Minist\u00e8re de l\u2019\u00c9ducation et de l\u2019Apprentissage \u00e0 revoir ses lignes directrices, \u00e0 instaurer une formation sur le genre et la sexualit\u00e9 destin\u00e9e aux enseignants, pour une \u00e9ducation sans discrimination et \u00e0 introduire dans les classes des cours sur les questions li\u00e9es \u00e0 la communaut\u00e9 LGBTQ+. De plus, HRW appelle le Minist\u00e8re de la Sant\u00e9 \u00e0 reconna\u00eetre les normes de l\u2019Organisation mondiale de la Sant\u00e9 concernant les droits LGBTQ+. Enfin, HRW recommande que le Minist\u00e8re des Affaires \u00e9trang\u00e8res collabore avec le gouvernement vietnamien afin d\u2019inviter dans le pays un expert ind\u00e9pendant des Nations Unies sur la protection contre la <a href=\"https:\/\/www.humanium.org\/fr\/violences\/\">violence<\/a> et la <a href=\"https:\/\/www.humanium.org\/fr\/discriminations\/\">discrimination<\/a>. (HRW, 2020) <\/p>\n\n\n\n<figure class=\"wp-block-image size-large\"><img loading=\"lazy\" decoding=\"async\" width=\"1024\" height=\"683\" src=\"https:\/\/www.humanium.org\/fr\/wp-content\/uploads\/2020\/03\/shutterstock_1406693960-1024x683.jpg\" alt=\"\" class=\"wp-image-46818\" srcset=\"https:\/\/www.humanium.org\/fr\/wp-content\/uploads\/2020\/03\/shutterstock_1406693960-1024x683.jpg 1024w, https:\/\/www.humanium.org\/fr\/wp-content\/uploads\/2020\/03\/shutterstock_1406693960-300x200.jpg 300w, https:\/\/www.humanium.org\/fr\/wp-content\/uploads\/2020\/03\/shutterstock_1406693960-768x512.jpg 768w, https:\/\/www.humanium.org\/fr\/wp-content\/uploads\/2020\/03\/shutterstock_1406693960-1536x1024.jpg 1536w, https:\/\/www.humanium.org\/fr\/wp-content\/uploads\/2020\/03\/shutterstock_1406693960-2048x1365.jpg 2048w, https:\/\/www.humanium.org\/fr\/wp-content\/uploads\/2020\/03\/shutterstock_1406693960-830x553.jpg 830w, https:\/\/www.humanium.org\/fr\/wp-content\/uploads\/2020\/03\/shutterstock_1406693960-230x153.jpg 230w, https:\/\/www.humanium.org\/fr\/wp-content\/uploads\/2020\/03\/shutterstock_1406693960-350x233.jpg 350w, https:\/\/www.humanium.org\/fr\/wp-content\/uploads\/2020\/03\/shutterstock_1406693960-480x320.jpg 480w, https:\/\/www.humanium.org\/fr\/wp-content\/uploads\/2020\/03\/shutterstock_1406693960-272x182.jpg 272w\" sizes=\"auto, (max-width: 1024px) 100vw, 1024px\" \/><\/figure>\n\n\n\n<p class=\"wp-block-paragraph\">Dans ce rapport, on note que les discriminations anti LGBTQ+ se produisent tant sur le plan l\u00e9gal que le plan socio-culturel. Au-del\u00e0 de lois injustes, c\u2019est la soci\u00e9t\u00e9 vietnamienne elle-m\u00eame qui s\u2019oppose \u00e0 l\u2019acceptation de la communaut\u00e9 LGBTQ+. Il est n\u00e9cessaire toutefois, que le gouvernement fasse un pas vers la protection de ses citoyens LGBTQ+ en r\u00e9visant ses lois et en travaillant dans le respect des normes des Nations Unies et de l\u2019OMS. Chez <a href=\"https:\/\/www.humanium.org\/fr\/qui-sommes-nous\/\">Humanium<\/a>, en sensibilisant le public \u00e0 ce probl\u00e8me, nous esp\u00e9rons encourager le gouvernement vietnamien \u00e0 agir. <\/p>\n\n\n\n<p class=\"wp-block-paragraph\"><strong><em>\u00c9crit par Leah Benque<\/em><\/strong><\/p>\n\n\n\n<p class=\"wp-block-paragraph\"><strong><em>Traduit par Sylvain Moutte<\/em><\/strong><\/p>\n\n\n\n<h3 class=\"wp-block-heading\">R\u00e9f\u00e9rences:<\/h3>\n\n\n\n<p class=\"has-small-font-size wp-block-paragraph\"><a href=\"https:\/\/www.qmul.ac.uk\/law\/humanrights\/media\/humanrights\/news\/hrlr\/2016\/Bucataru-FINAL.pdf\" target=\"_blank\" rel=\"noreferrer noopener\" aria-label=\" (opens in a new tab)\">Bucataru, Ana-Maria. (2016), \u201cUsing the Convention on the Rights of the Child to Project the Rights of Transgender Children and Adolescents: the Context of Education and Transition,\u201d QMHRR 3(1), 59-81.<\/a> <\/p>\n\n\n\n<p class=\"has-small-font-size wp-block-paragraph\"><a href=\"https:\/\/www.qmul.ac.uk\/law\/humanrights\/media\/humanrights\/news\/hrlr\/2016\/Bucataru-FINAL.pdf\" target=\"_blank\" rel=\"noreferrer noopener\" aria-label=\" (opens in a new tab)\">Hodal, Kate. (2020, February 13), \u201cVietnam accused of teaching young people that being gay is a \u2018disease\u2019,\u201d The Guardian.<\/a> <\/p>\n\n\n\n<p class=\"has-small-font-size wp-block-paragraph\"><a href=\"https:\/\/www.hrw.org\/news\/2016\/06\/30\/un-makes-history-sexual-orientation-gender-identity\" target=\"_blank\" rel=\"noreferrer noopener\" aria-label=\" (opens in a new tab)\">Human Rights Watch. (2016, June 30), \u201cUN Makes History on Sexual Orientation, Gender Identity,\u201d HRW.<\/a> <\/p>\n\n\n\n<p class=\"has-small-font-size wp-block-paragraph\"><a href=\"https:\/\/www.hrw.org\/report\/2020\/02\/12\/my-teacher-said-i-had-disease\/barriers-right-education-lgbt-youth-vietnam\" target=\"_blank\" rel=\"noreferrer noopener\" aria-label=\" (opens in a new tab)\">Human Rights Watch. (2020, February 12) \u201c \u2018My Teacher said I had a disease\u2019 Barriers to the Right to Education for Lgbtq+Youth in Vietnam,\u201d HRW.<\/a> <\/p>\n\n\n\n<p class=\"has-small-font-size wp-block-paragraph\"><a href=\"https:\/\/www.hrw.org\/news\/2020\/02\/12\/vietnam-lgbt-youth-unprotected\" target=\"_blank\" rel=\"noreferrer noopener\" aria-label=\" (opens in a new tab)\">Human Rights Watch. (2020, February 12) \u201cVietnam: Lgbtq+Youth Unprotected &#8211; Myths about Sexual Orientation, Gender Identity Undermine Rights,\u201d HRW<\/a>. <\/p>\n\n\n\n<p class=\"has-small-font-size wp-block-paragraph\"><a href=\"https:\/\/resourcecentre.savethechildren.net\/sites\/default\/files\/documents\/lgbt_young_people_in_vietnam_-_save_the_childrens_report.pdf\" target=\"_blank\" rel=\"noreferrer noopener\" aria-label=\" (opens in a new tab)\">Save the Children. (2015, July), \u201cBeing LGBT Young People in Vietnam: Life on the Streets and the Light through the Crack &#8211; A Summary of Research Findings,\u201d Save the Children<\/a>. <\/p>\n\n\n\n<p class=\"has-small-font-size wp-block-paragraph\">UNDP, USAID. (2014), \u201cBeing LGBT in Asia: Viet Nam Country Report,\u201d UNDP. <\/p>\n","protected":false},"excerpt":{"rendered":"<p>\u00c0 la suite du r\u00e9cent rapport de Human Rights Watch (HRW) intitul\u00e9 \u00ab&nbsp;\u201dMon professeur a dit que j\u2019avais une maladie\u201d&nbsp;: les obstacles au droit \u00e0 l\u2019\u00e9ducation pour la jeunesse LGBT au Vietnam&nbsp;\u00bb, Humanium appelle le gouvernement du Vietnam \u00e0 prot\u00e9ger les droits des enfants et adultes de la communaut\u00e9 LGBTQ+. Publi\u00e9 le 12 f\u00e9vrier 2020, [&hellip;]<\/p>\n","protected":false},"author":69,"featured_media":46810,"comment_status":"closed","ping_status":"closed","sticky":false,"template":"","format":"standard","meta":{"footnotes":""},"categories":[220,4,232,229],"tags":[],"class_list":["post-46802","post","type-post","status-publish","format-standard","has-post-thumbnail","hentry","category-droits-des-enfants","category-droits-humains","category-lgbtq","category-liberte"],"yoast_head":"<!-- This site is optimized with the Yoast SEO plugin v28.3 - https:\/\/yoast.com\/product\/yoast-seo-wordpress\/ -->\n<title>Prot\u00e9ger la jeunesse LGBTQ+ au Vietnam - Humanium<\/title>\n<meta name=\"description\" content=\"Humanium appelle le gouvernement du Vietnam \u00e0 prot\u00e9ger les droits des enfants et adultes de la communaut\u00e9 LGBTQ+.\" \/>\n<meta name=\"robots\" content=\"index, follow, max-snippet:-1, max-image-preview:large, max-video-preview:-1\" \/>\n<link rel=\"canonical\" href=\"https:\/\/www.humanium.org\/fr\/proteger-la-jeunesse-lgbtq-au-vietnam\/\" \/>\n<meta property=\"og:locale\" content=\"fr_FR\" \/>\n<meta property=\"og:type\" content=\"article\" \/>\n<meta property=\"og:title\" content=\"Prot\u00e9ger la jeunesse LGBTQ+ au Vietnam - Humanium\" \/>\n<meta property=\"og:description\" content=\"Humanium appelle le gouvernement du Vietnam \u00e0 prot\u00e9ger les droits des enfants et adultes de la communaut\u00e9 LGBTQ+.\" \/>\n<meta property=\"og:url\" content=\"https:\/\/www.humanium.org\/fr\/proteger-la-jeunesse-lgbtq-au-vietnam\/\" \/>\n<meta property=\"og:site_name\" content=\"Humanium\" \/>\n<meta property=\"article:published_time\" content=\"2020-03-18T06:34:03+00:00\" \/>\n<meta property=\"article:modified_time\" content=\"2025-12-06T15:35:45+00:00\" \/>\n<meta property=\"og:image\" content=\"https:\/\/www.humanium.org\/fr\/wp-content\/uploads\/2020\/03\/shutterstock_262618238-scaled.jpg\" \/>\n\t<meta property=\"og:image:width\" content=\"2560\" \/>\n\t<meta property=\"og:image:height\" content=\"1672\" \/>\n\t<meta property=\"og:image:type\" content=\"image\/jpeg\" \/>\n<meta name=\"author\" content=\"Humanium\" \/>\n<meta name=\"twitter:card\" content=\"summary_large_image\" \/>\n<meta name=\"twitter:label1\" content=\"\u00c9crit par\" \/>\n\t<meta name=\"twitter:data1\" content=\"Humanium\" \/>\n\t<meta name=\"twitter:label2\" content=\"Dur\u00e9e de lecture estim\u00e9e\" \/>\n\t<meta name=\"twitter:data2\" content=\"10 minutes\" \/>\n<script type=\"application\/ld+json\" class=\"yoast-schema-graph\">{\"@context\":\"https:\\\/\\\/schema.org\",\"@graph\":[{\"@type\":\"Article\",\"@id\":\"https:\\\/\\\/www.humanium.org\\\/fr\\\/proteger-la-jeunesse-lgbtq-au-vietnam\\\/#article\",\"isPartOf\":{\"@id\":\"https:\\\/\\\/www.humanium.org\\\/fr\\\/proteger-la-jeunesse-lgbtq-au-vietnam\\\/\"},\"author\":{\"name\":\"Humanium\",\"@id\":\"https:\\\/\\\/www.humanium.org\\\/fr\\\/#\\\/schema\\\/person\\\/d798d6c7d59ba2307e0877f61a20ce3e\"},\"headline\":\"Prot\u00e9ger la jeunesse LGBTQ+ au Vietnam\",\"datePublished\":\"2020-03-18T06:34:03+00:00\",\"dateModified\":\"2025-12-06T15:35:45+00:00\",\"mainEntityOfPage\":{\"@id\":\"https:\\\/\\\/www.humanium.org\\\/fr\\\/proteger-la-jeunesse-lgbtq-au-vietnam\\\/\"},\"wordCount\":1970,\"image\":{\"@id\":\"https:\\\/\\\/www.humanium.org\\\/fr\\\/proteger-la-jeunesse-lgbtq-au-vietnam\\\/#primaryimage\"},\"thumbnailUrl\":\"https:\\\/\\\/www.humanium.org\\\/fr\\\/wp-content\\\/uploads\\\/2020\\\/03\\\/shutterstock_262618238-scaled.jpg\",\"articleSection\":[\"Droits des enfants\",\"Droits humains\",\"LGBTQ+\",\"Libert\u00e9\"],\"inLanguage\":\"fr-FR\"},{\"@type\":\"WebPage\",\"@id\":\"https:\\\/\\\/www.humanium.org\\\/fr\\\/proteger-la-jeunesse-lgbtq-au-vietnam\\\/\",\"url\":\"https:\\\/\\\/www.humanium.org\\\/fr\\\/proteger-la-jeunesse-lgbtq-au-vietnam\\\/\",\"name\":\"Prot\u00e9ger la jeunesse LGBTQ+ au Vietnam - Humanium\",\"isPartOf\":{\"@id\":\"https:\\\/\\\/www.humanium.org\\\/fr\\\/#website\"},\"primaryImageOfPage\":{\"@id\":\"https:\\\/\\\/www.humanium.org\\\/fr\\\/proteger-la-jeunesse-lgbtq-au-vietnam\\\/#primaryimage\"},\"image\":{\"@id\":\"https:\\\/\\\/www.humanium.org\\\/fr\\\/proteger-la-jeunesse-lgbtq-au-vietnam\\\/#primaryimage\"},\"thumbnailUrl\":\"https:\\\/\\\/www.humanium.org\\\/fr\\\/wp-content\\\/uploads\\\/2020\\\/03\\\/shutterstock_262618238-scaled.jpg\",\"datePublished\":\"2020-03-18T06:34:03+00:00\",\"dateModified\":\"2025-12-06T15:35:45+00:00\",\"author\":{\"@id\":\"https:\\\/\\\/www.humanium.org\\\/fr\\\/#\\\/schema\\\/person\\\/d798d6c7d59ba2307e0877f61a20ce3e\"},\"description\":\"Humanium appelle le gouvernement du Vietnam \u00e0 prot\u00e9ger les droits des enfants et adultes de la communaut\u00e9 LGBTQ+.\",\"breadcrumb\":{\"@id\":\"https:\\\/\\\/www.humanium.org\\\/fr\\\/proteger-la-jeunesse-lgbtq-au-vietnam\\\/#breadcrumb\"},\"inLanguage\":\"fr-FR\",\"potentialAction\":[{\"@type\":\"ReadAction\",\"target\":[\"https:\\\/\\\/www.humanium.org\\\/fr\\\/proteger-la-jeunesse-lgbtq-au-vietnam\\\/\"]}]},{\"@type\":\"ImageObject\",\"inLanguage\":\"fr-FR\",\"@id\":\"https:\\\/\\\/www.humanium.org\\\/fr\\\/proteger-la-jeunesse-lgbtq-au-vietnam\\\/#primaryimage\",\"url\":\"https:\\\/\\\/www.humanium.org\\\/fr\\\/wp-content\\\/uploads\\\/2020\\\/03\\\/shutterstock_262618238-scaled.jpg\",\"contentUrl\":\"https:\\\/\\\/www.humanium.org\\\/fr\\\/wp-content\\\/uploads\\\/2020\\\/03\\\/shutterstock_262618238-scaled.jpg\",\"width\":2560,\"height\":1672},{\"@type\":\"BreadcrumbList\",\"@id\":\"https:\\\/\\\/www.humanium.org\\\/fr\\\/proteger-la-jeunesse-lgbtq-au-vietnam\\\/#breadcrumb\",\"itemListElement\":[{\"@type\":\"ListItem\",\"position\":1,\"name\":\"Home\",\"item\":\"https:\\\/\\\/www.humanium.org\\\/fr\\\/\"},{\"@type\":\"ListItem\",\"position\":2,\"name\":\"Prot\u00e9ger la jeunesse LGBTQ+ au Vietnam\"}]},{\"@type\":\"WebSite\",\"@id\":\"https:\\\/\\\/www.humanium.org\\\/fr\\\/#website\",\"url\":\"https:\\\/\\\/www.humanium.org\\\/fr\\\/\",\"name\":\"Humanium\",\"description\":\"Les enfants d\u2019abord !\",\"potentialAction\":[{\"@type\":\"SearchAction\",\"target\":{\"@type\":\"EntryPoint\",\"urlTemplate\":\"https:\\\/\\\/www.humanium.org\\\/fr\\\/?s={search_term_string}\"},\"query-input\":{\"@type\":\"PropertyValueSpecification\",\"valueRequired\":true,\"valueName\":\"search_term_string\"}}],\"inLanguage\":\"fr-FR\"},{\"@type\":\"Person\",\"@id\":\"https:\\\/\\\/www.humanium.org\\\/fr\\\/#\\\/schema\\\/person\\\/d798d6c7d59ba2307e0877f61a20ce3e\",\"name\":\"Humanium\",\"image\":{\"@type\":\"ImageObject\",\"inLanguage\":\"fr-FR\",\"@id\":\"https:\\\/\\\/secure.gravatar.com\\\/avatar\\\/22715e338d2fcc547e3a431c4738360d33fea2a4af458f865b2c3b22f1eaa51f?s=96&d=mm&r=g\",\"url\":\"https:\\\/\\\/secure.gravatar.com\\\/avatar\\\/22715e338d2fcc547e3a431c4738360d33fea2a4af458f865b2c3b22f1eaa51f?s=96&d=mm&r=g\",\"contentUrl\":\"https:\\\/\\\/secure.gravatar.com\\\/avatar\\\/22715e338d2fcc547e3a431c4738360d33fea2a4af458f865b2c3b22f1eaa51f?s=96&d=mm&r=g\",\"caption\":\"Humanium\"},\"url\":\"https:\\\/\\\/www.humanium.org\\\/fr\\\/author\\\/humanium\\\/\"}]}<\/script>\n<!-- \/ Yoast SEO plugin. -->","yoast_head_json":{"title":"Prot\u00e9ger la jeunesse LGBTQ+ au Vietnam - Humanium","description":"Humanium appelle le gouvernement du Vietnam \u00e0 prot\u00e9ger les droits des enfants et adultes de la communaut\u00e9 LGBTQ+.","robots":{"index":"index","follow":"follow","max-snippet":"max-snippet:-1","max-image-preview":"max-image-preview:large","max-video-preview":"max-video-preview:-1"},"canonical":"https:\/\/www.humanium.org\/fr\/proteger-la-jeunesse-lgbtq-au-vietnam\/","og_locale":"fr_FR","og_type":"article","og_title":"Prot\u00e9ger la jeunesse LGBTQ+ au Vietnam - Humanium","og_description":"Humanium appelle le gouvernement du Vietnam \u00e0 prot\u00e9ger les droits des enfants et adultes de la communaut\u00e9 LGBTQ+.","og_url":"https:\/\/www.humanium.org\/fr\/proteger-la-jeunesse-lgbtq-au-vietnam\/","og_site_name":"Humanium","article_published_time":"2020-03-18T06:34:03+00:00","article_modified_time":"2025-12-06T15:35:45+00:00","og_image":[{"width":2560,"height":1672,"url":"https:\/\/www.humanium.org\/fr\/wp-content\/uploads\/2020\/03\/shutterstock_262618238-scaled.jpg","type":"image\/jpeg"}],"author":"Humanium","twitter_card":"summary_large_image","twitter_misc":{"\u00c9crit par":"Humanium","Dur\u00e9e de lecture estim\u00e9e":"10 minutes"},"schema":{"@context":"https:\/\/schema.org","@graph":[{"@type":"Article","@id":"https:\/\/www.humanium.org\/fr\/proteger-la-jeunesse-lgbtq-au-vietnam\/#article","isPartOf":{"@id":"https:\/\/www.humanium.org\/fr\/proteger-la-jeunesse-lgbtq-au-vietnam\/"},"author":{"name":"Humanium","@id":"https:\/\/www.humanium.org\/fr\/#\/schema\/person\/d798d6c7d59ba2307e0877f61a20ce3e"},"headline":"Prot\u00e9ger la jeunesse LGBTQ+ au Vietnam","datePublished":"2020-03-18T06:34:03+00:00","dateModified":"2025-12-06T15:35:45+00:00","mainEntityOfPage":{"@id":"https:\/\/www.humanium.org\/fr\/proteger-la-jeunesse-lgbtq-au-vietnam\/"},"wordCount":1970,"image":{"@id":"https:\/\/www.humanium.org\/fr\/proteger-la-jeunesse-lgbtq-au-vietnam\/#primaryimage"},"thumbnailUrl":"https:\/\/www.humanium.org\/fr\/wp-content\/uploads\/2020\/03\/shutterstock_262618238-scaled.jpg","articleSection":["Droits des enfants","Droits humains","LGBTQ+","Libert\u00e9"],"inLanguage":"fr-FR"},{"@type":"WebPage","@id":"https:\/\/www.humanium.org\/fr\/proteger-la-jeunesse-lgbtq-au-vietnam\/","url":"https:\/\/www.humanium.org\/fr\/proteger-la-jeunesse-lgbtq-au-vietnam\/","name":"Prot\u00e9ger la jeunesse LGBTQ+ au Vietnam - Humanium","isPartOf":{"@id":"https:\/\/www.humanium.org\/fr\/#website"},"primaryImageOfPage":{"@id":"https:\/\/www.humanium.org\/fr\/proteger-la-jeunesse-lgbtq-au-vietnam\/#primaryimage"},"image":{"@id":"https:\/\/www.humanium.org\/fr\/proteger-la-jeunesse-lgbtq-au-vietnam\/#primaryimage"},"thumbnailUrl":"https:\/\/www.humanium.org\/fr\/wp-content\/uploads\/2020\/03\/shutterstock_262618238-scaled.jpg","datePublished":"2020-03-18T06:34:03+00:00","dateModified":"2025-12-06T15:35:45+00:00","author":{"@id":"https:\/\/www.humanium.org\/fr\/#\/schema\/person\/d798d6c7d59ba2307e0877f61a20ce3e"},"description":"Humanium appelle le gouvernement du Vietnam \u00e0 prot\u00e9ger les droits des enfants et adultes de la communaut\u00e9 LGBTQ+.","breadcrumb":{"@id":"https:\/\/www.humanium.org\/fr\/proteger-la-jeunesse-lgbtq-au-vietnam\/#breadcrumb"},"inLanguage":"fr-FR","potentialAction":[{"@type":"ReadAction","target":["https:\/\/www.humanium.org\/fr\/proteger-la-jeunesse-lgbtq-au-vietnam\/"]}]},{"@type":"ImageObject","inLanguage":"fr-FR","@id":"https:\/\/www.humanium.org\/fr\/proteger-la-jeunesse-lgbtq-au-vietnam\/#primaryimage","url":"https:\/\/www.humanium.org\/fr\/wp-content\/uploads\/2020\/03\/shutterstock_262618238-scaled.jpg","contentUrl":"https:\/\/www.humanium.org\/fr\/wp-content\/uploads\/2020\/03\/shutterstock_262618238-scaled.jpg","width":2560,"height":1672},{"@type":"BreadcrumbList","@id":"https:\/\/www.humanium.org\/fr\/proteger-la-jeunesse-lgbtq-au-vietnam\/#breadcrumb","itemListElement":[{"@type":"ListItem","position":1,"name":"Home","item":"https:\/\/www.humanium.org\/fr\/"},{"@type":"ListItem","position":2,"name":"Prot\u00e9ger la jeunesse LGBTQ+ au Vietnam"}]},{"@type":"WebSite","@id":"https:\/\/www.humanium.org\/fr\/#website","url":"https:\/\/www.humanium.org\/fr\/","name":"Humanium","description":"Les enfants d\u2019abord !","potentialAction":[{"@type":"SearchAction","target":{"@type":"EntryPoint","urlTemplate":"https:\/\/www.humanium.org\/fr\/?s={search_term_string}"},"query-input":{"@type":"PropertyValueSpecification","valueRequired":true,"valueName":"search_term_string"}}],"inLanguage":"fr-FR"},{"@type":"Person","@id":"https:\/\/www.humanium.org\/fr\/#\/schema\/person\/d798d6c7d59ba2307e0877f61a20ce3e","name":"Humanium","image":{"@type":"ImageObject","inLanguage":"fr-FR","@id":"https:\/\/secure.gravatar.com\/avatar\/22715e338d2fcc547e3a431c4738360d33fea2a4af458f865b2c3b22f1eaa51f?s=96&d=mm&r=g","url":"https:\/\/secure.gravatar.com\/avatar\/22715e338d2fcc547e3a431c4738360d33fea2a4af458f865b2c3b22f1eaa51f?s=96&d=mm&r=g","contentUrl":"https:\/\/secure.gravatar.com\/avatar\/22715e338d2fcc547e3a431c4738360d33fea2a4af458f865b2c3b22f1eaa51f?s=96&d=mm&r=g","caption":"Humanium"},"url":"https:\/\/www.humanium.org\/fr\/author\/humanium\/"}]}},"_links":{"self":[{"href":"https:\/\/www.humanium.org\/fr\/wp-json\/wp\/v2\/posts\/46802","targetHints":{"allow":["GET"]}}],"collection":[{"href":"https:\/\/www.humanium.org\/fr\/wp-json\/wp\/v2\/posts"}],"about":[{"href":"https:\/\/www.humanium.org\/fr\/wp-json\/wp\/v2\/types\/post"}],"author":[{"embeddable":true,"href":"https:\/\/www.humanium.org\/fr\/wp-json\/wp\/v2\/users\/69"}],"replies":[{"embeddable":true,"href":"https:\/\/www.humanium.org\/fr\/wp-json\/wp\/v2\/comments?post=46802"}],"version-history":[{"count":6,"href":"https:\/\/www.humanium.org\/fr\/wp-json\/wp\/v2\/posts\/46802\/revisions"}],"predecessor-version":[{"id":60341,"href":"https:\/\/www.humanium.org\/fr\/wp-json\/wp\/v2\/posts\/46802\/revisions\/60341"}],"wp:featuredmedia":[{"embeddable":true,"href":"https:\/\/www.humanium.org\/fr\/wp-json\/wp\/v2\/media\/46810"}],"wp:attachment":[{"href":"https:\/\/www.humanium.org\/fr\/wp-json\/wp\/v2\/media?parent=46802"}],"wp:term":[{"taxonomy":"category","embeddable":true,"href":"https:\/\/www.humanium.org\/fr\/wp-json\/wp\/v2\/categories?post=46802"},{"taxonomy":"post_tag","embeddable":true,"href":"https:\/\/www.humanium.org\/fr\/wp-json\/wp\/v2\/tags?post=46802"}],"curies":[{"name":"wp","href":"https:\/\/api.w.org\/{rel}","templated":true}]}}