{"id":46942,"date":"2020-04-02T18:15:36","date_gmt":"2020-04-02T18:15:36","guid":{"rendered":"https:\/\/www.humanium.org\/fr\/?p=46942"},"modified":"2020-04-02T18:16:03","modified_gmt":"2020-04-02T18:16:03","slug":"une-pandemie-de-pauvrete-de-renseignements-chez-les-enfants","status":"publish","type":"post","link":"https:\/\/www.humanium.org\/fr\/une-pandemie-de-pauvrete-de-renseignements-chez-les-enfants\/","title":{"rendered":"Une pand\u00e9mie de pauvret\u00e9 de renseignements chez les enfants"},"content":{"rendered":"\n<p class=\"wp-block-paragraph\"><em>Veuillez prendre note: Cet article est un texte d\u2019opinion\net son contenu d\u00e9coule en grande partie des points de vue et exp\u00e9riences\npersonnelles de l&rsquo;auteur.<\/em><\/p>\n\n\n\n<p class=\"wp-block-paragraph\"><strong>Sans aucun doute, nous traversons une p\u00e9riode de turbulences. La pand\u00e9mie de Covid-19 de 2020 a montr\u00e9 \u00e0 quel point notre monde est vraiment fragile. Depuis la Seconde Guerre mondiale, les soci\u00e9t\u00e9s modernes du monde entier sont devenues de plus en plus d\u00e9pendantes du capitalisme ax\u00e9 sur l&rsquo;\u00e9conomie de march\u00e9 tout en continuant d&rsquo;\u00e9voluer id\u00e9ologiquement.<\/strong><\/p>\n\n\n\n<p class=\"wp-block-paragraph\">Depuis que <a href=\"https:\/\/www.humanium.org\/fr\/normes\/declaration-universelle-droits-homme-1948\/\">la D\u00e9claration universelle des droits de l&rsquo;homme<\/a> a \u00e9t\u00e9 adopt\u00e9e par l&rsquo;Assembl\u00e9e g\u00e9n\u00e9rale des Nations Unies en 1948, un nombre croissant de pays et de peuples ont appris \u00e0 saisir que tous les \u00eatres humains, sans distinction de race, de sexe, d&rsquo;\u00e2ge, d&rsquo;identit\u00e9 de genre, d&rsquo;orientation sexuelle, de religion ou d&rsquo;identit\u00e9 culturelle ont <a href=\"https:\/\/www.humanium.org\/fr\/droit-non-discrimination\/\">les m\u00eames droits humains universels.<\/a><\/p>\n\n\n\n<p class=\"wp-block-paragraph\">La part de la responsabilit\u00e9 pour <a href=\"https:\/\/www.humanium.org\/fr\/comprendre-droits-enfant\/droit-a-la-protection\/\">prot\u00e9ger ces droits humains universels<\/a> s&rsquo;est progressivement \u00e9largie au cours des derni\u00e8res ann\u00e9es et d\u00e9cennies, de l&rsquo;ONU aux gouvernements, aux ONG, aux entreprises et m\u00eame aux individus. En effet, beaucoup d\u2019entre vous, lecteurs et supporteurs d\u2019Humanium, <a href=\"https:\/\/www.humanium.org\/fr\/nous-contacter\/\">contactez Humanium<\/a> au sujet des violations des droits de l\u2019homme dans le monde, souvent commises contre des personnes que vous ne connaissez pas personnellement. \u00c0 juste titre, vous exprimez votre inqui\u00e9tude face \u00e0 ces abus et \u00eates impatients de faire quelque chose pour les arr\u00eater. Chez Humanium, nous vous encourageons certainement \u00e0 continuer de faire tout ce que vous pouvez <a href=\"https:\/\/www.humanium.org\/fr\/agir\/\">pour faire la lumi\u00e8re sur ces abus,<\/a> et nous esp\u00e9rons pouvoir vous aider \u00e0 le faire avec des conseils juridiques et des informations utiles. <\/p>\n\n\n\n<p class=\"wp-block-paragraph\">La libert\u00e9 d&rsquo;information est <a href=\"https:\/\/www.humanium.org\/fr\/comprendre-droits-enfant\/\">l&rsquo;un des droits humains fondamentaux<\/a> d\u00e9coulant de la libert\u00e9 d&rsquo;expression dans la D\u00e9claration universelle des droits de l\u2019homme. L&rsquo;information est pour tous quel que soit leur \u00e2ge. Malgr\u00e9 les nombreux d\u00e9fis qui l&rsquo;accompagnent, Internet permet de partager des informations \u00e0 une \u00e9chelle sans pr\u00e9c\u00e9dent transcendant les fronti\u00e8res nationales et linguistiques.<\/p>\n\n\n\n<p class=\"wp-block-paragraph\">Pour ralentir la propagation de Covid-19 \u00e0 travers le monde, les gouvernements ont opt\u00e9 pour la fermeture des \u00e9coles et des entreprises non essentielles, pour l&rsquo;interdiction des rassemblements publics, et, dans certains cas, pour des couvre-feux stricts. La couverture m\u00e9diatique de ces mesures a \u00e9t\u00e9 \u00e9crasante dans la plupart des soci\u00e9t\u00e9s d\u00e9mocratiques o\u00f9 peu d&rsquo;adultes peuvent affirmer ne pas avoir \u00e9t\u00e9 suffisamment inform\u00e9s sur la pand\u00e9mie de Covid-19, les raisons des efforts de lutte, ainsi que leurs implications pour la vie quotidienne.<\/p>\n\n\n\n<figure class=\"wp-block-image size-large\"><img decoding=\"async\" src=\"https:\/\/www.humanium.org\/de\/wp-content\/uploads\/2020\/03\/Picture-2-2.png\" alt=\"\" class=\"wp-image-12695\"\/><\/figure>\n\n\n\n<p class=\"wp-block-paragraph\">Alors que nous, adultes, semblons avoir \u00e9t\u00e9 submerg\u00e9s d&rsquo;informations sur la pand\u00e9mie qui est venue d\u00e9finir notre pr\u00e9sent, les enfants ont \u00e9t\u00e9, pour ainsi dire, \u00ablaiss\u00e9s dans le noir\u00bb. Les confinements r\u00e9gionaux et nationaux affectent leur vie autant que la n\u00f4tre &#8211; sinon plus. Les enfants sont s\u00e9par\u00e9s de leurs amis, de leurs pairs, et de leurs grands-parents, leurs mouvements limit\u00e9s \u00e0 la maison, leurs routines quotidiennes modifi\u00e9es <a href=\"https:\/\/www.humanium.org\/fr\/comprendre-droits-enfant\/droit-a-la-sante\/\">par des d\u00e9sinfectants pour les mains, des masques, du savon, des distanciations sociales<\/a>, une activit\u00e9 physique limit\u00e9e, un engagement intellectuel souvent r\u00e9duit et une gamme d&rsquo;autres changements et d\u00e9fis les enfants eux-m\u00eames seraient mieux plac\u00e9s pour discuter.<\/p>\n\n\n\n<p class=\"wp-block-paragraph\">Entre-temps, seule une poign\u00e9e de personnalit\u00e9s publiques ont tent\u00e9 de r\u00e9pondre directement aux besoins et aux pr\u00e9occupations des enfants dans le contexte de la pand\u00e9mie. Les instructions \u00e0 l&rsquo;intention des adultes et des tuteurs sur <a href=\"https:\/\/www.humanium.org\/fr\/comprendre-droits-enfant\/droit-a-l-education\/\">la mani\u00e8re d&rsquo;informer les enfants<\/a> sont rares dans la fr\u00e9n\u00e9sie m\u00e9diatique de Covid-19.<\/p>\n\n\n\n<p class=\"wp-block-paragraph\">Nous chez <a href=\"https:\/\/www.humanium.org\/fr\/qui-sommes-nous\/\">Humanium<\/a>, et tous les adultes, y compris vous, chers lecteurs, avons la responsabilit\u00e9 commune de veiller \u00e0 <a href=\"https:\/\/www.humanium.org\/fr\/droits-enfant\/\">la r\u00e9alisation du droit fondamental de l&rsquo;enfant<\/a> \u00e0 l&rsquo;information. \u00c0 des moments o\u00f9 les \u00abgrands\u00bb ADULTES agissent plus anxieux et craintifs que les enfants qui les entourent ne les ont jamais vus auparavant, il est extr\u00eamement important de s&rsquo;assurer que ces petites personnes (enfants) ne ressentent pas un manque total de contr\u00f4le sur leur vie. Leur monde tel qu&rsquo;ils le connaissaient jusqu&rsquo;\u00e0 pr\u00e9sent ne devrait pas se briser m\u00eame s&rsquo;il doit trembler, leur \u00e9tat d\u2019esprit ne devrait pas entrer en r\u00e9gression ou s&rsquo;effondrer, ils ne devraient pas sentir qu&rsquo;ils sont laiss\u00e9s seuls dans le noir.<\/p>\n\n\n\n<blockquote class=\"wp-block-quote is-layout-flow wp-block-quote-is-layout-flow\"><p><em>\u00abIl n&rsquo;y a qu&rsquo;un seul bien, la connaissance, et un seul mal, l&rsquo;ignorance.\u00bb<\/em><\/p><cite><em>(Socrate)<\/em><\/cite><\/blockquote>\n\n\n\n<figure class=\"wp-block-image size-large\"><img decoding=\"async\" src=\"https:\/\/www.humanium.org\/de\/wp-content\/uploads\/2020\/03\/Picture-3.png\" alt=\"\" class=\"wp-image-12696\"\/><\/figure>\n\n\n\n<p class=\"wp-block-paragraph\">L\u2019intention de cet article est de souligner <a href=\"https:\/\/www.humanium.org\/fr\/comprendre-droits-enfant\/droit-a-la-protection\/\">notre obligation de ne pas n\u00e9gliger le besoin et le droit fondamental des enfants<\/a> \u00e0 l&rsquo;information. Contrairement \u00e0 certaines hypoth\u00e8ses, la soif de savoir des enfants n\u2019est pas inf\u00e9rieure \u00e0 celle des adultes. En effet, je me souviens du nombre de questions que je nourrissais et que je cherchais \u00e0 r\u00e9pondre quand j\u2019\u00e9tais enfant. Je me souviens clairement du sentiment de d\u00e9ception face \u00e0 la r\u00e9ticence fr\u00e9quente des adultes \u00e0 r\u00e9pondre \u00e0 mes pr\u00e9occupations et de la frustration lorsque je ne recevais pas de r\u00e9ponses s\u00e9rieuses \u00e0 mes questions.<\/p>\n\n\n\n<p class=\"wp-block-paragraph\">Dans le bouleversement actuel, je ne peux qu&rsquo;imaginer la frustration croissante des enfants face \u00e0 l&rsquo;incertitude exacerb\u00e9e par la pauvret\u00e9 de renseignements qu&rsquo;ils endurent. Ainsi, je vous demande, cher lecteur, d&rsquo;aborder cette question dans votre propre famille et communaut\u00e9 en donnant aux <a href=\"https:\/\/www.humanium.org\/fr\/comprendre-droits-enfant\/droit-a-l-education\/\">enfants les moyens de conna\u00eetre et de comprendre<\/a>. Pour commencer, je vous sugg\u00e8re de lire l\u2019article \u2018<strong><a href=\"https:\/\/www.humanium.org\/fr\/coronavirus-un-guide-pour-enfants-en-5-questions\/\">Guide du coronavirus pour les enfants<\/a><\/strong>\u2019 de Josie Thum, ma coll\u00e8gue \u00e9crivaine chez Humanium. N&rsquo;oubliez pas qu&rsquo;il n&rsquo;y a rien de plus effrayant et frustrant que de ne pas comprendre pourquoi les autres autour de vous sont effray\u00e9s et frustr\u00e9s.<\/p>\n\n\n\n<p class=\"wp-block-paragraph\"><strong><em>Ecrit par Matyas\nBaan<\/em><\/strong><\/p>\n\n\n\n<p class=\"wp-block-paragraph\"><strong><em>Traduit par Denis\nGingras<\/em><\/strong><\/p>\n","protected":false},"excerpt":{"rendered":"<p>Veuillez prendre note: Cet article est un texte d\u2019opinion et son contenu d\u00e9coule en grande partie des points de vue et exp\u00e9riences personnelles de l&rsquo;auteur. Sans aucun doute, nous traversons une p\u00e9riode de turbulences. La pand\u00e9mie de Covid-19 de 2020 a montr\u00e9 \u00e0 quel point notre monde est vraiment fragile. Depuis la Seconde Guerre mondiale, [&hellip;]<\/p>\n","protected":false},"author":69,"featured_media":46943,"comment_status":"closed","ping_status":"closed","sticky":false,"template":"","format":"standard","meta":{"footnotes":""},"categories":[220,10],"tags":[],"class_list":["post-46942","post","type-post","status-publish","format-standard","has-post-thumbnail","hentry","category-droits-des-enfants","category-sante"],"yoast_head":"<!-- This site is optimized with the Yoast SEO plugin v28.3 - https:\/\/yoast.com\/product\/yoast-seo-wordpress\/ -->\n<title>Une pand\u00e9mie de pauvret\u00e9 de renseignements chez les enfants - Humanium<\/title>\n<meta name=\"description\" content=\"Sans aucun doute, nous traversons une p\u00e9riode de turbulences. La pand\u00e9mie de Covid-19 de 2020 a montr\u00e9 \u00e0 quel point notre monde est vraiment fragile.\" \/>\n<meta name=\"robots\" content=\"index, follow, max-snippet:-1, max-image-preview:large, max-video-preview:-1\" \/>\n<link rel=\"canonical\" href=\"https:\/\/www.humanium.org\/fr\/une-pandemie-de-pauvrete-de-renseignements-chez-les-enfants\/\" \/>\n<meta property=\"og:locale\" content=\"fr_FR\" \/>\n<meta property=\"og:type\" content=\"article\" \/>\n<meta property=\"og:title\" content=\"Une pand\u00e9mie de pauvret\u00e9 de renseignements chez les enfants - Humanium\" \/>\n<meta property=\"og:description\" content=\"Sans aucun doute, nous traversons une p\u00e9riode de turbulences. La pand\u00e9mie de Covid-19 de 2020 a montr\u00e9 \u00e0 quel point notre monde est vraiment fragile.\" \/>\n<meta property=\"og:url\" content=\"https:\/\/www.humanium.org\/fr\/une-pandemie-de-pauvrete-de-renseignements-chez-les-enfants\/\" \/>\n<meta property=\"og:site_name\" content=\"Humanium\" \/>\n<meta property=\"article:published_time\" content=\"2020-04-02T18:15:36+00:00\" \/>\n<meta property=\"article:modified_time\" content=\"2020-04-02T18:16:03+00:00\" \/>\n<meta property=\"og:image\" content=\"https:\/\/www.humanium.org\/fr\/wp-content\/uploads\/2020\/03\/Picture-1-2.png\" \/>\n\t<meta property=\"og:image:width\" content=\"939\" \/>\n\t<meta property=\"og:image:height\" content=\"625\" \/>\n\t<meta property=\"og:image:type\" content=\"image\/png\" \/>\n<meta name=\"author\" content=\"Humanium\" \/>\n<meta name=\"twitter:card\" content=\"summary_large_image\" \/>\n<meta name=\"twitter:label1\" content=\"\u00c9crit par\" \/>\n\t<meta name=\"twitter:data1\" content=\"Humanium\" \/>\n\t<meta name=\"twitter:label2\" content=\"Dur\u00e9e de lecture estim\u00e9e\" \/>\n\t<meta name=\"twitter:data2\" content=\"5 minutes\" \/>\n<script type=\"application\/ld+json\" class=\"yoast-schema-graph\">{\"@context\":\"https:\\\/\\\/schema.org\",\"@graph\":[{\"@type\":\"Article\",\"@id\":\"https:\\\/\\\/www.humanium.org\\\/fr\\\/une-pandemie-de-pauvrete-de-renseignements-chez-les-enfants\\\/#article\",\"isPartOf\":{\"@id\":\"https:\\\/\\\/www.humanium.org\\\/fr\\\/une-pandemie-de-pauvrete-de-renseignements-chez-les-enfants\\\/\"},\"author\":{\"name\":\"Humanium\",\"@id\":\"https:\\\/\\\/www.humanium.org\\\/fr\\\/#\\\/schema\\\/person\\\/d798d6c7d59ba2307e0877f61a20ce3e\"},\"headline\":\"Une pand\u00e9mie de pauvret\u00e9 de renseignements chez les enfants\",\"datePublished\":\"2020-04-02T18:15:36+00:00\",\"dateModified\":\"2020-04-02T18:16:03+00:00\",\"mainEntityOfPage\":{\"@id\":\"https:\\\/\\\/www.humanium.org\\\/fr\\\/une-pandemie-de-pauvrete-de-renseignements-chez-les-enfants\\\/\"},\"wordCount\":969,\"image\":{\"@id\":\"https:\\\/\\\/www.humanium.org\\\/fr\\\/une-pandemie-de-pauvrete-de-renseignements-chez-les-enfants\\\/#primaryimage\"},\"thumbnailUrl\":\"https:\\\/\\\/www.humanium.org\\\/fr\\\/wp-content\\\/uploads\\\/2020\\\/03\\\/Picture-1-2.png\",\"articleSection\":[\"Droits des enfants\",\"Sant\u00e9\"],\"inLanguage\":\"fr-FR\"},{\"@type\":\"WebPage\",\"@id\":\"https:\\\/\\\/www.humanium.org\\\/fr\\\/une-pandemie-de-pauvrete-de-renseignements-chez-les-enfants\\\/\",\"url\":\"https:\\\/\\\/www.humanium.org\\\/fr\\\/une-pandemie-de-pauvrete-de-renseignements-chez-les-enfants\\\/\",\"name\":\"Une pand\u00e9mie de pauvret\u00e9 de renseignements chez les enfants - Humanium\",\"isPartOf\":{\"@id\":\"https:\\\/\\\/www.humanium.org\\\/fr\\\/#website\"},\"primaryImageOfPage\":{\"@id\":\"https:\\\/\\\/www.humanium.org\\\/fr\\\/une-pandemie-de-pauvrete-de-renseignements-chez-les-enfants\\\/#primaryimage\"},\"image\":{\"@id\":\"https:\\\/\\\/www.humanium.org\\\/fr\\\/une-pandemie-de-pauvrete-de-renseignements-chez-les-enfants\\\/#primaryimage\"},\"thumbnailUrl\":\"https:\\\/\\\/www.humanium.org\\\/fr\\\/wp-content\\\/uploads\\\/2020\\\/03\\\/Picture-1-2.png\",\"datePublished\":\"2020-04-02T18:15:36+00:00\",\"dateModified\":\"2020-04-02T18:16:03+00:00\",\"author\":{\"@id\":\"https:\\\/\\\/www.humanium.org\\\/fr\\\/#\\\/schema\\\/person\\\/d798d6c7d59ba2307e0877f61a20ce3e\"},\"description\":\"Sans aucun doute, nous traversons une p\u00e9riode de turbulences. La pand\u00e9mie de Covid-19 de 2020 a montr\u00e9 \u00e0 quel point notre monde est vraiment fragile.\",\"breadcrumb\":{\"@id\":\"https:\\\/\\\/www.humanium.org\\\/fr\\\/une-pandemie-de-pauvrete-de-renseignements-chez-les-enfants\\\/#breadcrumb\"},\"inLanguage\":\"fr-FR\",\"potentialAction\":[{\"@type\":\"ReadAction\",\"target\":[\"https:\\\/\\\/www.humanium.org\\\/fr\\\/une-pandemie-de-pauvrete-de-renseignements-chez-les-enfants\\\/\"]}]},{\"@type\":\"ImageObject\",\"inLanguage\":\"fr-FR\",\"@id\":\"https:\\\/\\\/www.humanium.org\\\/fr\\\/une-pandemie-de-pauvrete-de-renseignements-chez-les-enfants\\\/#primaryimage\",\"url\":\"https:\\\/\\\/www.humanium.org\\\/fr\\\/wp-content\\\/uploads\\\/2020\\\/03\\\/Picture-1-2.png\",\"contentUrl\":\"https:\\\/\\\/www.humanium.org\\\/fr\\\/wp-content\\\/uploads\\\/2020\\\/03\\\/Picture-1-2.png\",\"width\":939,\"height\":625},{\"@type\":\"BreadcrumbList\",\"@id\":\"https:\\\/\\\/www.humanium.org\\\/fr\\\/une-pandemie-de-pauvrete-de-renseignements-chez-les-enfants\\\/#breadcrumb\",\"itemListElement\":[{\"@type\":\"ListItem\",\"position\":1,\"name\":\"Home\",\"item\":\"https:\\\/\\\/www.humanium.org\\\/fr\\\/\"},{\"@type\":\"ListItem\",\"position\":2,\"name\":\"Une pand\u00e9mie de pauvret\u00e9 de renseignements chez les enfants\"}]},{\"@type\":\"WebSite\",\"@id\":\"https:\\\/\\\/www.humanium.org\\\/fr\\\/#website\",\"url\":\"https:\\\/\\\/www.humanium.org\\\/fr\\\/\",\"name\":\"Humanium\",\"description\":\"Les enfants d\u2019abord !\",\"potentialAction\":[{\"@type\":\"SearchAction\",\"target\":{\"@type\":\"EntryPoint\",\"urlTemplate\":\"https:\\\/\\\/www.humanium.org\\\/fr\\\/?s={search_term_string}\"},\"query-input\":{\"@type\":\"PropertyValueSpecification\",\"valueRequired\":true,\"valueName\":\"search_term_string\"}}],\"inLanguage\":\"fr-FR\"},{\"@type\":\"Person\",\"@id\":\"https:\\\/\\\/www.humanium.org\\\/fr\\\/#\\\/schema\\\/person\\\/d798d6c7d59ba2307e0877f61a20ce3e\",\"name\":\"Humanium\",\"image\":{\"@type\":\"ImageObject\",\"inLanguage\":\"fr-FR\",\"@id\":\"https:\\\/\\\/secure.gravatar.com\\\/avatar\\\/22715e338d2fcc547e3a431c4738360d33fea2a4af458f865b2c3b22f1eaa51f?s=96&d=mm&r=g\",\"url\":\"https:\\\/\\\/secure.gravatar.com\\\/avatar\\\/22715e338d2fcc547e3a431c4738360d33fea2a4af458f865b2c3b22f1eaa51f?s=96&d=mm&r=g\",\"contentUrl\":\"https:\\\/\\\/secure.gravatar.com\\\/avatar\\\/22715e338d2fcc547e3a431c4738360d33fea2a4af458f865b2c3b22f1eaa51f?s=96&d=mm&r=g\",\"caption\":\"Humanium\"},\"url\":\"https:\\\/\\\/www.humanium.org\\\/fr\\\/author\\\/humanium\\\/\"}]}<\/script>\n<!-- \/ Yoast SEO plugin. -->","yoast_head_json":{"title":"Une pand\u00e9mie de pauvret\u00e9 de renseignements chez les enfants - Humanium","description":"Sans aucun doute, nous traversons une p\u00e9riode de turbulences. La pand\u00e9mie de Covid-19 de 2020 a montr\u00e9 \u00e0 quel point notre monde est vraiment fragile.","robots":{"index":"index","follow":"follow","max-snippet":"max-snippet:-1","max-image-preview":"max-image-preview:large","max-video-preview":"max-video-preview:-1"},"canonical":"https:\/\/www.humanium.org\/fr\/une-pandemie-de-pauvrete-de-renseignements-chez-les-enfants\/","og_locale":"fr_FR","og_type":"article","og_title":"Une pand\u00e9mie de pauvret\u00e9 de renseignements chez les enfants - Humanium","og_description":"Sans aucun doute, nous traversons une p\u00e9riode de turbulences. La pand\u00e9mie de Covid-19 de 2020 a montr\u00e9 \u00e0 quel point notre monde est vraiment fragile.","og_url":"https:\/\/www.humanium.org\/fr\/une-pandemie-de-pauvrete-de-renseignements-chez-les-enfants\/","og_site_name":"Humanium","article_published_time":"2020-04-02T18:15:36+00:00","article_modified_time":"2020-04-02T18:16:03+00:00","og_image":[{"width":939,"height":625,"url":"https:\/\/www.humanium.org\/fr\/wp-content\/uploads\/2020\/03\/Picture-1-2.png","type":"image\/png"}],"author":"Humanium","twitter_card":"summary_large_image","twitter_misc":{"\u00c9crit par":"Humanium","Dur\u00e9e de lecture estim\u00e9e":"5 minutes"},"schema":{"@context":"https:\/\/schema.org","@graph":[{"@type":"Article","@id":"https:\/\/www.humanium.org\/fr\/une-pandemie-de-pauvrete-de-renseignements-chez-les-enfants\/#article","isPartOf":{"@id":"https:\/\/www.humanium.org\/fr\/une-pandemie-de-pauvrete-de-renseignements-chez-les-enfants\/"},"author":{"name":"Humanium","@id":"https:\/\/www.humanium.org\/fr\/#\/schema\/person\/d798d6c7d59ba2307e0877f61a20ce3e"},"headline":"Une pand\u00e9mie de pauvret\u00e9 de renseignements chez les enfants","datePublished":"2020-04-02T18:15:36+00:00","dateModified":"2020-04-02T18:16:03+00:00","mainEntityOfPage":{"@id":"https:\/\/www.humanium.org\/fr\/une-pandemie-de-pauvrete-de-renseignements-chez-les-enfants\/"},"wordCount":969,"image":{"@id":"https:\/\/www.humanium.org\/fr\/une-pandemie-de-pauvrete-de-renseignements-chez-les-enfants\/#primaryimage"},"thumbnailUrl":"https:\/\/www.humanium.org\/fr\/wp-content\/uploads\/2020\/03\/Picture-1-2.png","articleSection":["Droits des enfants","Sant\u00e9"],"inLanguage":"fr-FR"},{"@type":"WebPage","@id":"https:\/\/www.humanium.org\/fr\/une-pandemie-de-pauvrete-de-renseignements-chez-les-enfants\/","url":"https:\/\/www.humanium.org\/fr\/une-pandemie-de-pauvrete-de-renseignements-chez-les-enfants\/","name":"Une pand\u00e9mie de pauvret\u00e9 de renseignements chez les enfants - Humanium","isPartOf":{"@id":"https:\/\/www.humanium.org\/fr\/#website"},"primaryImageOfPage":{"@id":"https:\/\/www.humanium.org\/fr\/une-pandemie-de-pauvrete-de-renseignements-chez-les-enfants\/#primaryimage"},"image":{"@id":"https:\/\/www.humanium.org\/fr\/une-pandemie-de-pauvrete-de-renseignements-chez-les-enfants\/#primaryimage"},"thumbnailUrl":"https:\/\/www.humanium.org\/fr\/wp-content\/uploads\/2020\/03\/Picture-1-2.png","datePublished":"2020-04-02T18:15:36+00:00","dateModified":"2020-04-02T18:16:03+00:00","author":{"@id":"https:\/\/www.humanium.org\/fr\/#\/schema\/person\/d798d6c7d59ba2307e0877f61a20ce3e"},"description":"Sans aucun doute, nous traversons une p\u00e9riode de turbulences. La pand\u00e9mie de Covid-19 de 2020 a montr\u00e9 \u00e0 quel point notre monde est vraiment fragile.","breadcrumb":{"@id":"https:\/\/www.humanium.org\/fr\/une-pandemie-de-pauvrete-de-renseignements-chez-les-enfants\/#breadcrumb"},"inLanguage":"fr-FR","potentialAction":[{"@type":"ReadAction","target":["https:\/\/www.humanium.org\/fr\/une-pandemie-de-pauvrete-de-renseignements-chez-les-enfants\/"]}]},{"@type":"ImageObject","inLanguage":"fr-FR","@id":"https:\/\/www.humanium.org\/fr\/une-pandemie-de-pauvrete-de-renseignements-chez-les-enfants\/#primaryimage","url":"https:\/\/www.humanium.org\/fr\/wp-content\/uploads\/2020\/03\/Picture-1-2.png","contentUrl":"https:\/\/www.humanium.org\/fr\/wp-content\/uploads\/2020\/03\/Picture-1-2.png","width":939,"height":625},{"@type":"BreadcrumbList","@id":"https:\/\/www.humanium.org\/fr\/une-pandemie-de-pauvrete-de-renseignements-chez-les-enfants\/#breadcrumb","itemListElement":[{"@type":"ListItem","position":1,"name":"Home","item":"https:\/\/www.humanium.org\/fr\/"},{"@type":"ListItem","position":2,"name":"Une pand\u00e9mie de pauvret\u00e9 de renseignements chez les enfants"}]},{"@type":"WebSite","@id":"https:\/\/www.humanium.org\/fr\/#website","url":"https:\/\/www.humanium.org\/fr\/","name":"Humanium","description":"Les enfants d\u2019abord !","potentialAction":[{"@type":"SearchAction","target":{"@type":"EntryPoint","urlTemplate":"https:\/\/www.humanium.org\/fr\/?s={search_term_string}"},"query-input":{"@type":"PropertyValueSpecification","valueRequired":true,"valueName":"search_term_string"}}],"inLanguage":"fr-FR"},{"@type":"Person","@id":"https:\/\/www.humanium.org\/fr\/#\/schema\/person\/d798d6c7d59ba2307e0877f61a20ce3e","name":"Humanium","image":{"@type":"ImageObject","inLanguage":"fr-FR","@id":"https:\/\/secure.gravatar.com\/avatar\/22715e338d2fcc547e3a431c4738360d33fea2a4af458f865b2c3b22f1eaa51f?s=96&d=mm&r=g","url":"https:\/\/secure.gravatar.com\/avatar\/22715e338d2fcc547e3a431c4738360d33fea2a4af458f865b2c3b22f1eaa51f?s=96&d=mm&r=g","contentUrl":"https:\/\/secure.gravatar.com\/avatar\/22715e338d2fcc547e3a431c4738360d33fea2a4af458f865b2c3b22f1eaa51f?s=96&d=mm&r=g","caption":"Humanium"},"url":"https:\/\/www.humanium.org\/fr\/author\/humanium\/"}]}},"_links":{"self":[{"href":"https:\/\/www.humanium.org\/fr\/wp-json\/wp\/v2\/posts\/46942","targetHints":{"allow":["GET"]}}],"collection":[{"href":"https:\/\/www.humanium.org\/fr\/wp-json\/wp\/v2\/posts"}],"about":[{"href":"https:\/\/www.humanium.org\/fr\/wp-json\/wp\/v2\/types\/post"}],"author":[{"embeddable":true,"href":"https:\/\/www.humanium.org\/fr\/wp-json\/wp\/v2\/users\/69"}],"replies":[{"embeddable":true,"href":"https:\/\/www.humanium.org\/fr\/wp-json\/wp\/v2\/comments?post=46942"}],"version-history":[{"count":3,"href":"https:\/\/www.humanium.org\/fr\/wp-json\/wp\/v2\/posts\/46942\/revisions"}],"predecessor-version":[{"id":46961,"href":"https:\/\/www.humanium.org\/fr\/wp-json\/wp\/v2\/posts\/46942\/revisions\/46961"}],"wp:featuredmedia":[{"embeddable":true,"href":"https:\/\/www.humanium.org\/fr\/wp-json\/wp\/v2\/media\/46943"}],"wp:attachment":[{"href":"https:\/\/www.humanium.org\/fr\/wp-json\/wp\/v2\/media?parent=46942"}],"wp:term":[{"taxonomy":"category","embeddable":true,"href":"https:\/\/www.humanium.org\/fr\/wp-json\/wp\/v2\/categories?post=46942"},{"taxonomy":"post_tag","embeddable":true,"href":"https:\/\/www.humanium.org\/fr\/wp-json\/wp\/v2\/tags?post=46942"}],"curies":[{"name":"wp","href":"https:\/\/api.w.org\/{rel}","templated":true}]}}