{"id":47364,"date":"2020-05-12T15:25:25","date_gmt":"2020-05-12T15:25:25","guid":{"rendered":"https:\/\/www.humanium.org\/fr\/?p=47364"},"modified":"2026-08-21T03:19:47","modified_gmt":"2026-08-21T03:19:47","slug":"appel-durgence-les-enfants-rwandais-face-au-covid-19","status":"publish","type":"post","link":"https:\/\/www.humanium.org\/fr\/appel-durgence-les-enfants-rwandais-face-au-covid-19\/","title":{"rendered":"APPEL D\u2019URGENCE &#8211; Les enfants rwandais face au COVID-19"},"content":{"rendered":"\n<p class=\"wp-block-paragraph\"><strong>Humanium a lanc\u00e9 un appel aux dons d\u2019urgence afin de soutenir un projet tout aussi urgent au Rwanda, dans un contexte de menaces graves li\u00e9es \u00e0 la pand\u00e9mie de Coronavirus. Les enfants rwandais ont besoin de votre aide. Pendant que les hommes et femmes du monde entier continuent d\u2019affronter cette crise sanitaire d\u2019une ampleur sans pr\u00e9c\u00e9dents, notre soutien aux droits des enfants acquiert encore plus d\u2019importance.<\/strong><\/p>\n\n\n\n<h2 class=\"wp-block-heading\"><strong>Humanium et AVSI lance un projet d\u2019aide d\u2019urgence<\/strong><\/h2>\n\n\n\n<p class=\"wp-block-paragraph\">La pand\u00e9mie de Coronavirus a provoqu\u00e9 une crise aig\u00fce des <a href=\"https:\/\/www.humanium.org\/fr\/droits-enfant\/\">droits des enfants<\/a> et le <a href=\"https:\/\/www.humanium.org\/fr\/rwanda\/\">Rwanda<\/a> risque d\u2019en \u00eatre gravement affect\u00e9. En partenariat avec AVSI, Humanium a pour projet d\u2019organiser une aide d\u2019urgence critique pour intervenir aupr\u00e8s des familles de cinq r\u00e9gions du <a href=\"https:\/\/www.humanium.org\/fr\/rwanda\/\">Rwanda<\/a>. <\/p>\n\n\n\n<p class=\"wp-block-paragraph\">Le projet propos\u00e9, appel\u00e9 <strong><em>Aide aux familles vuln\u00e9rables afin de r\u00e9duire l\u2019impact du COVID-19 impact<\/em>,<\/strong> vise directement 2&nbsp;499 personnes, parmi lesquelles des enfants, des b\u00e9b\u00e9s et au moins 400 m\u00e8res adolescentes, et se focalise sur des groupes particuli\u00e8rement fragiles. Nous leur fournirons des ressources essentielles, tels que l\u2019alimentation, le transfert d\u2019argent et l\u2019acc\u00e8s \u00e0 l\u2019\u00e9cole \u00e0 distance. L\u2019objectif du projet est donc de r\u00e9duire l\u2019impact du Coronavirus sur les enfants rwandais \u00e0 risque, et leurs familles, mais aussi de pr\u00e9parer les d\u00e9fis du post-pand\u00e9mie&nbsp;; c\u2019est l\u00e0 quelque chose qui doit arriver, nous y croyons profond\u00e9ment. <\/p>\n\n\n\n<p class=\"wp-block-paragraph\"><strong>Tout ceci ne sera toutefois pas possible si nous ne r\u00e9coltons pas suffisamment de fonds, et nous vous demandons de <a href=\"https:\/\/www.humanium.org\/fr\/droits-des-filles\/\">nous aider \u00e0 r\u00e9aliser ce projet<\/a>.<\/strong><\/p>\n\n\n\n<figure class=\"wp-block-image size-large\"><img loading=\"lazy\" decoding=\"async\" width=\"1024\" height=\"528\" src=\"https:\/\/www.humanium.org\/fr\/wp-content\/uploads\/2020\/05\/Rwanda_Humanium_2-1024x528.png\" alt=\"\" class=\"wp-image-47366\" srcset=\"https:\/\/www.humanium.org\/fr\/wp-content\/uploads\/2020\/05\/Rwanda_Humanium_2-1024x528.png 1024w, https:\/\/www.humanium.org\/fr\/wp-content\/uploads\/2020\/05\/Rwanda_Humanium_2-300x155.png 300w, https:\/\/www.humanium.org\/fr\/wp-content\/uploads\/2020\/05\/Rwanda_Humanium_2-768x396.png 768w, https:\/\/www.humanium.org\/fr\/wp-content\/uploads\/2020\/05\/Rwanda_Humanium_2-1536x792.png 1536w, https:\/\/www.humanium.org\/fr\/wp-content\/uploads\/2020\/05\/Rwanda_Humanium_2-830x428.png 830w, https:\/\/www.humanium.org\/fr\/wp-content\/uploads\/2020\/05\/Rwanda_Humanium_2-230x119.png 230w, https:\/\/www.humanium.org\/fr\/wp-content\/uploads\/2020\/05\/Rwanda_Humanium_2-350x181.png 350w, https:\/\/www.humanium.org\/fr\/wp-content\/uploads\/2020\/05\/Rwanda_Humanium_2-480x248.png 480w, https:\/\/www.humanium.org\/fr\/wp-content\/uploads\/2020\/05\/Rwanda_Humanium_2.png 1574w\" sizes=\"auto, (max-width: 1024px) 100vw, 1024px\" \/><\/figure>\n\n\n\n<p class=\"wp-block-paragraph\">Notre projet ciblera les r\u00e9gions de Gatsibo, Gicumbi, Kamonyi, Nyanza et Ruhango pour une dur\u00e9e de deux mois, en d\u00e9butant d\u00e8s que les fonds seront disponibles. Humanium travaille au <a href=\"https:\/\/www.humanium.org\/fr\/rwanda\/\">Rwanda<\/a> depuis 2015, et notre partenaire local AVSI est en contact direct avec 10&nbsp;607 personnes dans le pays &#8211; dont 91 volontaires de la communaut\u00e9 collaborative. En effet, au sein m\u00eame de ce projet d\u2019aide d\u2019urgence, AVSI a pour but de distribuer des articles alimentaires \u00e0 314 foyers, tous les jours pendant deux mois, en partenariat avec les autorit\u00e9s&nbsp;locales et dans le respect des gestes barri\u00e8re. <\/p>\n\n\n\n<p class=\"wp-block-paragraph\">Par ailleurs, des syst\u00e8mes de transfert d\u2019argent par t\u00e9l\u00e9phone portable donneront en priorit\u00e9 aux m\u00e8res adolescentes une plus grande autonomie d\u2019achat et leur permettra de les adapter aux besoins essentiels de leurs familles. Les activit\u00e9s d\u2019aide d&rsquo;Humanium pendant cette crise aideront les personnes touch\u00e9es \u00e0 acc\u00e9der \u00e0 leurs besoins et droits fondamentaux. Chaque \u00eatre humain a besoin d\u2019avoir droit \u00e0 la <a href=\"https:\/\/www.humanium.org\/fr\/comprendre-droits-enfant\/droit-a-l-alimentation\/\">nourriture<\/a>, \u00e0 l\u2019<a href=\"https:\/\/www.humanium.org\/fr\/comprendre-droits-enfant\/droit-a-l-eau\/\">eau,<\/a> \u00e0 l\u2019<a href=\"https:\/\/www.humanium.org\/fr\/comprendre-droits-enfant\/droit-a-l-education\/\">\u00e9ducation,<\/a> \u00e0 la <a href=\"https:\/\/www.humanium.org\/fr\/comprendre-droits-enfant\/droit-a-la-sante\/\">sant\u00e9<\/a> et \u00e0 la <a href=\"https:\/\/www.humanium.org\/fr\/comprendre-droits-enfant\/droit-a-la-vie\/\">vie<\/a>, et tous ces droits sont au c\u0153ur de notre appel aux dons d\u2019urgence.<\/p>\n\n\n\n<p class=\"wp-block-paragraph\">De plus, Humanium pr\u00e9voit de fournir aux enfants des postes de radio, afin de faciliter l\u2019\u00e9ducation \u00e0 distance et de leur permettre d\u2019assister virtuellement aux cours scolaires afin d\u2019acc\u00e9der \u00e0 l\u2019<a href=\"https:\/\/www.humanium.org\/fr\/comprendre-droits-enfant\/droit-a-l-education\/\">\u00e9ducation <\/a>malgr\u00e9 le confinement et les menaces et changements induits par l\u2019\u00e9pid\u00e9mie de Coronavirus. Notre projet pr\u00e9voit \u00e9galement de produire des masques et du savon, afin que la population rwandaise puisse mieux se prot\u00e9ger contre le virus avec des produits d\u2019hygi\u00e8ne et des syst\u00e8mes barri\u00e8re. AVSI accompagne d\u00e9j\u00e0 les m\u00e8res adolescentes, au sein de coop\u00e9ratives de couture, et des femmes dans des coop\u00e9ratives de fabrication de savon.<\/p>\n\n\n\n<p class=\"wp-block-paragraph\">Apr\u00e8s leur formation, ces <a href=\"https:\/\/www.humanium.org\/fr\/droits-des-filles\/\">femmes et jeunes filles<\/a> seront capables de produire 2&nbsp;200 masques par 150 m\u00e8tres de tissu, et fournir un service essentiel \u00e0 leur communaut\u00e9 &#8211; si les fonds et les mat\u00e9riaux s\u2019av\u00e8rent disponibles. Nous vous demandons, si cela vous est possible, de <strong>contribuer \u00e0 notre projet<\/strong> afin&nbsp;de soutenir les <a href=\"https:\/\/www.humanium.org\/fr\/rwanda\/\">Rwandais<\/a> dans leur acc\u00e8s aux ressources n\u00e9cessaires \u00e0 leur sant\u00e9, s\u00e9curit\u00e9 et autonomie collective.&nbsp;<\/p>\n\n\n\n<h2 class=\"wp-block-heading\"><strong>Les enfants confin\u00e9s au Rwanda<\/strong><\/h2>\n\n\n\n<p class=\"wp-block-paragraph\">Les Rwandais sont confin\u00e9s \u00e0 cause du Coronavirus depuis plus de <strong>45<\/strong> jours, puisque le pays a \u00e9t\u00e9 le premier d\u2019Afrique sub-saharienne \u00e0 adopter des mesures de quarantaine renforc\u00e9es. Au moment o\u00f9 nous \u00e9crivons, <strong>285 <\/strong>cas confirm\u00e9s de Coronavirus ont \u00e9t\u00e9 enregistr\u00e9s au <a href=\"https:\/\/www.humanium.org\/fr\/rwanda\/\">Rwanda<\/a>, ainsi que <strong>0<\/strong> d\u00e9c\u00e8s. Le port du masque obligatoire et la distanciation sociale ont \u00e9t\u00e9 impos\u00e9 dans tout le pays et la capitale, Kigali, est consid\u00e9r\u00e9e comme \u00e9tant un <em>cluster<\/em>. La situation a encore \u00e9t\u00e9 compliqu\u00e9e par l\u2019augmentation tr\u00e8s marqu\u00e9e des tarifs des transports, ce qui a hauss\u00e9 le co\u00fbt de la vie pour beaucoup de familles (BBC, 2020).<\/p>\n\n\n\n<p class=\"wp-block-paragraph\">Les enfants, et les filles en particulier, sont affect\u00e9s de mani\u00e8re tr\u00e8s s\u00e9v\u00e8re par ces mesures, puisque toutes les \u00e9coles rwandaises ont \u00e9t\u00e9 ferm\u00e9es jusqu\u2019en septembre 2020 et le gouvernement a d\u00e9cid\u00e9 que l\u2019\u00e9ducation sera fournie par les \u00e9missions de radio et de t\u00e9l\u00e9vision. Or, un grand nombre de familles ne poss\u00e8dent pas de poste de radio ou de t\u00e9l\u00e9vision, ce qui explique que l\u2019initiative d&rsquo;Humanium de distribuer des radios \u00e0 \u00e9nergie solaire est indispensable pour que beaucoup d\u2019enfants aient acc\u00e8s \u00e0 l\u2019\u00e9ducation cette ann\u00e9e. <\/p>\n\n\n\n<div class=\"wp-block-image\"><figure class=\"aligncenter size-large\"><img loading=\"lazy\" decoding=\"async\" width=\"830\" height=\"467\" src=\"https:\/\/www.humanium.org\/fr\/wp-content\/uploads\/2020\/05\/20151125_105312-830x467-2.jpg\" alt=\"\" class=\"wp-image-47371\" srcset=\"https:\/\/www.humanium.org\/fr\/wp-content\/uploads\/2020\/05\/20151125_105312-830x467-2.jpg 830w, https:\/\/www.humanium.org\/fr\/wp-content\/uploads\/2020\/05\/20151125_105312-830x467-2-300x169.jpg 300w, https:\/\/www.humanium.org\/fr\/wp-content\/uploads\/2020\/05\/20151125_105312-830x467-2-768x432.jpg 768w, https:\/\/www.humanium.org\/fr\/wp-content\/uploads\/2020\/05\/20151125_105312-830x467-2-230x129.jpg 230w, https:\/\/www.humanium.org\/fr\/wp-content\/uploads\/2020\/05\/20151125_105312-830x467-2-350x197.jpg 350w, https:\/\/www.humanium.org\/fr\/wp-content\/uploads\/2020\/05\/20151125_105312-830x467-2-480x270.jpg 480w\" sizes=\"auto, (max-width: 830px) 100vw, 830px\" \/><figcaption><em>Tous les enfants sur cette photo vivent actuellement confin\u00e9s au Rwanda, et ne peuvent plus aller \u00e0 l\u2019\u00e9cole<\/em>.<\/figcaption><\/figure><\/div>\n\n\n\n<p class=\"wp-block-paragraph\">Le fait de donner des radios aux familles permettra aux enfants de ne pas \u00ab&nbsp;perdre&nbsp;\u00bb leur ann\u00e9e scolaire, ou de devoir la r\u00e9p\u00e9ter, faute de ressources, en leur donnant le moyen de poursuivre leurs \u00e9tudes \u00e0 la maison, et s\u2019occuper de mani\u00e8re utile pendant le confinement. L\u2019impact du Coronavirus affecte surtout les populations les plus <a href=\"https:\/\/www.humanium.org\/fr\/enfants-pauvres\/\">pauvres <\/a>de la plan\u00e8te, car elles sont les plus expos\u00e9es aux facteurs de vuln\u00e9rabilit\u00e9. Ceci est vrai au <a href=\"https:\/\/www.humanium.org\/fr\/rwanda\/\">Rwanda<\/a>, mais aussi partout dans le monde, et Humanium a urgemment besoin de <strong>votre aide<\/strong> afin de r\u00e9duire les menaces tr\u00e8s destructrices que cette in\u00e9galit\u00e9 porte en elle.<\/p>\n\n\n\n<h2 class=\"wp-block-heading\"><strong>Participer \u00e0 nos efforts essentiels pour les droits des enfants<\/strong><\/h2>\n\n\n\n<p class=\"wp-block-paragraph\">Afin de r\u00e9pondre \u00e0 cette crise et de r\u00e9aliser notre projet, nous nous appuyons sur nos formidables r\u00e9seaux de milliers de personnes, comme vous, concern\u00e9es et actives. Nous vous le demandons, prenez le temps de penser \u00e0 rejoindre la grande famille d&rsquo;Humanium ou \u00e0 faire un don. Dans ce moment historique particulier, chaque contribution \u00e0 notre projet Coronavirus au Rwanda sera un pas en avant exceptionnel pour nous aider \u00e0 prot\u00e9ger les droits inviolables que tous les \u00eatre humains, et les enfants, poss\u00e8dent.<\/p>\n\n\n\n<p class=\"wp-block-paragraph\"><em><strong>\u00c9crit par l\u2019\u00e9quipe de Humanium<\/strong><\/em><\/p>\n\n\n\n<p class=\"wp-block-paragraph\"><strong><em>Traduit par Rita Di Lorenzo<\/em><\/strong><\/p>\n\n\n\n<h4 class=\"wp-block-heading\"><strong>R\u00e9f\u00e9rences<\/strong> :<\/h4>\n\n\n\n<p class=\"wp-block-paragraph\"><a href=\"https:\/\/www.bbc.co.uk\/news\/topics\/cwlw3xz0zdet\/rwanda\">CYUZUZO Samba (2020) \u201cRwanda reopens after 45-day coronavirus lockdown\u201d, British Broadcasting Corporation (BBC).<\/a><\/p>\n","protected":false},"excerpt":{"rendered":"<p>Humanium a lanc\u00e9 un appel aux dons d\u2019urgence afin de soutenir un projet tout aussi urgent au Rwanda, dans un contexte de menaces graves li\u00e9es \u00e0 la pand\u00e9mie de Coronavirus. Les enfants rwandais ont besoin de votre aide. Pendant que les hommes et femmes du monde entier continuent d\u2019affronter cette crise sanitaire d\u2019une ampleur sans [&hellip;]<\/p>\n","protected":false},"author":69,"featured_media":47365,"comment_status":"closed","ping_status":"closed","sticky":false,"template":"","format":"standard","meta":{"footnotes":""},"categories":[220,10],"tags":[],"class_list":["post-47364","post","type-post","status-publish","format-standard","has-post-thumbnail","hentry","category-droits-des-enfants","category-sante"],"yoast_head":"<!-- This site is optimized with the Yoast SEO plugin v28.3 - https:\/\/yoast.com\/product\/yoast-seo-wordpress\/ -->\n<title>APPEL D\u2019URGENCE - Les enfants rwandais face au COVID-19 - Humanium<\/title>\n<meta name=\"description\" content=\"Humanium a lanc\u00e9 un appel d&#039;urgence pour des dons pour un projet au Rwanda au milieu de graves menaces pos\u00e9es par la pand\u00e9mie de coronavirus.\" \/>\n<meta name=\"robots\" content=\"index, follow, max-snippet:-1, max-image-preview:large, max-video-preview:-1\" \/>\n<link rel=\"canonical\" href=\"https:\/\/www.humanium.org\/fr\/appel-durgence-les-enfants-rwandais-face-au-covid-19\/\" \/>\n<meta property=\"og:locale\" content=\"fr_FR\" \/>\n<meta property=\"og:type\" content=\"article\" \/>\n<meta property=\"og:title\" content=\"APPEL D\u2019URGENCE - Les enfants rwandais face au COVID-19 - Humanium\" \/>\n<meta property=\"og:description\" content=\"Humanium a lanc\u00e9 un appel d&#039;urgence pour des dons pour un projet au Rwanda au milieu de graves menaces pos\u00e9es par la pand\u00e9mie de coronavirus.\" \/>\n<meta property=\"og:url\" content=\"https:\/\/www.humanium.org\/fr\/appel-durgence-les-enfants-rwandais-face-au-covid-19\/\" \/>\n<meta property=\"og:site_name\" content=\"Humanium\" \/>\n<meta property=\"article:published_time\" content=\"2020-05-12T15:25:25+00:00\" \/>\n<meta property=\"article:modified_time\" content=\"2026-08-21T03:19:47+00:00\" \/>\n<meta property=\"og:image\" content=\"https:\/\/www.humanium.org\/fr\/wp-content\/uploads\/2020\/05\/Rwanda_Humanium_1-1024x678.png\" \/>\n\t<meta property=\"og:image:width\" content=\"1024\" \/>\n\t<meta property=\"og:image:height\" content=\"678\" \/>\n\t<meta property=\"og:image:type\" content=\"image\/png\" \/>\n<meta name=\"author\" content=\"Humanium\" \/>\n<meta name=\"twitter:card\" content=\"summary_large_image\" \/>\n<meta name=\"twitter:label1\" content=\"\u00c9crit par\" \/>\n\t<meta name=\"twitter:data1\" content=\"Humanium\" \/>\n\t<meta name=\"twitter:label2\" content=\"Dur\u00e9e de lecture estim\u00e9e\" \/>\n\t<meta name=\"twitter:data2\" content=\"5 minutes\" \/>\n<script type=\"application\/ld+json\" class=\"yoast-schema-graph\">{\"@context\":\"https:\\\/\\\/schema.org\",\"@graph\":[{\"@type\":\"Article\",\"@id\":\"https:\\\/\\\/www.humanium.org\\\/fr\\\/appel-durgence-les-enfants-rwandais-face-au-covid-19\\\/#article\",\"isPartOf\":{\"@id\":\"https:\\\/\\\/www.humanium.org\\\/fr\\\/appel-durgence-les-enfants-rwandais-face-au-covid-19\\\/\"},\"author\":{\"name\":\"Humanium\",\"@id\":\"https:\\\/\\\/www.humanium.org\\\/fr\\\/#\\\/schema\\\/person\\\/d798d6c7d59ba2307e0877f61a20ce3e\"},\"headline\":\"APPEL D\u2019URGENCE &#8211; Les enfants rwandais face au COVID-19\",\"datePublished\":\"2020-05-12T15:25:25+00:00\",\"dateModified\":\"2026-08-21T03:19:47+00:00\",\"mainEntityOfPage\":{\"@id\":\"https:\\\/\\\/www.humanium.org\\\/fr\\\/appel-durgence-les-enfants-rwandais-face-au-covid-19\\\/\"},\"wordCount\":1135,\"image\":{\"@id\":\"https:\\\/\\\/www.humanium.org\\\/fr\\\/appel-durgence-les-enfants-rwandais-face-au-covid-19\\\/#primaryimage\"},\"thumbnailUrl\":\"https:\\\/\\\/www.humanium.org\\\/fr\\\/wp-content\\\/uploads\\\/2020\\\/05\\\/Rwanda_Humanium_1.png\",\"articleSection\":[\"Droits des enfants\",\"Sant\u00e9\"],\"inLanguage\":\"fr-FR\"},{\"@type\":\"WebPage\",\"@id\":\"https:\\\/\\\/www.humanium.org\\\/fr\\\/appel-durgence-les-enfants-rwandais-face-au-covid-19\\\/\",\"url\":\"https:\\\/\\\/www.humanium.org\\\/fr\\\/appel-durgence-les-enfants-rwandais-face-au-covid-19\\\/\",\"name\":\"APPEL D\u2019URGENCE - Les enfants rwandais face au COVID-19 - Humanium\",\"isPartOf\":{\"@id\":\"https:\\\/\\\/www.humanium.org\\\/fr\\\/#website\"},\"primaryImageOfPage\":{\"@id\":\"https:\\\/\\\/www.humanium.org\\\/fr\\\/appel-durgence-les-enfants-rwandais-face-au-covid-19\\\/#primaryimage\"},\"image\":{\"@id\":\"https:\\\/\\\/www.humanium.org\\\/fr\\\/appel-durgence-les-enfants-rwandais-face-au-covid-19\\\/#primaryimage\"},\"thumbnailUrl\":\"https:\\\/\\\/www.humanium.org\\\/fr\\\/wp-content\\\/uploads\\\/2020\\\/05\\\/Rwanda_Humanium_1.png\",\"datePublished\":\"2020-05-12T15:25:25+00:00\",\"dateModified\":\"2026-08-21T03:19:47+00:00\",\"author\":{\"@id\":\"https:\\\/\\\/www.humanium.org\\\/fr\\\/#\\\/schema\\\/person\\\/d798d6c7d59ba2307e0877f61a20ce3e\"},\"description\":\"Humanium a lanc\u00e9 un appel d'urgence pour des dons pour un projet au Rwanda au milieu de graves menaces pos\u00e9es par la pand\u00e9mie de coronavirus.\",\"breadcrumb\":{\"@id\":\"https:\\\/\\\/www.humanium.org\\\/fr\\\/appel-durgence-les-enfants-rwandais-face-au-covid-19\\\/#breadcrumb\"},\"inLanguage\":\"fr-FR\",\"potentialAction\":[{\"@type\":\"ReadAction\",\"target\":[\"https:\\\/\\\/www.humanium.org\\\/fr\\\/appel-durgence-les-enfants-rwandais-face-au-covid-19\\\/\"]}]},{\"@type\":\"ImageObject\",\"inLanguage\":\"fr-FR\",\"@id\":\"https:\\\/\\\/www.humanium.org\\\/fr\\\/appel-durgence-les-enfants-rwandais-face-au-covid-19\\\/#primaryimage\",\"url\":\"https:\\\/\\\/www.humanium.org\\\/fr\\\/wp-content\\\/uploads\\\/2020\\\/05\\\/Rwanda_Humanium_1.png\",\"contentUrl\":\"https:\\\/\\\/www.humanium.org\\\/fr\\\/wp-content\\\/uploads\\\/2020\\\/05\\\/Rwanda_Humanium_1.png\",\"width\":1580,\"height\":1046},{\"@type\":\"BreadcrumbList\",\"@id\":\"https:\\\/\\\/www.humanium.org\\\/fr\\\/appel-durgence-les-enfants-rwandais-face-au-covid-19\\\/#breadcrumb\",\"itemListElement\":[{\"@type\":\"ListItem\",\"position\":1,\"name\":\"Home\",\"item\":\"https:\\\/\\\/www.humanium.org\\\/fr\\\/\"},{\"@type\":\"ListItem\",\"position\":2,\"name\":\"APPEL D\u2019URGENCE &#8211; Les enfants rwandais face au COVID-19\"}]},{\"@type\":\"WebSite\",\"@id\":\"https:\\\/\\\/www.humanium.org\\\/fr\\\/#website\",\"url\":\"https:\\\/\\\/www.humanium.org\\\/fr\\\/\",\"name\":\"Humanium\",\"description\":\"Les enfants d\u2019abord !\",\"potentialAction\":[{\"@type\":\"SearchAction\",\"target\":{\"@type\":\"EntryPoint\",\"urlTemplate\":\"https:\\\/\\\/www.humanium.org\\\/fr\\\/?s={search_term_string}\"},\"query-input\":{\"@type\":\"PropertyValueSpecification\",\"valueRequired\":true,\"valueName\":\"search_term_string\"}}],\"inLanguage\":\"fr-FR\"},{\"@type\":\"Person\",\"@id\":\"https:\\\/\\\/www.humanium.org\\\/fr\\\/#\\\/schema\\\/person\\\/d798d6c7d59ba2307e0877f61a20ce3e\",\"name\":\"Humanium\",\"image\":{\"@type\":\"ImageObject\",\"inLanguage\":\"fr-FR\",\"@id\":\"https:\\\/\\\/secure.gravatar.com\\\/avatar\\\/22715e338d2fcc547e3a431c4738360d33fea2a4af458f865b2c3b22f1eaa51f?s=96&d=mm&r=g\",\"url\":\"https:\\\/\\\/secure.gravatar.com\\\/avatar\\\/22715e338d2fcc547e3a431c4738360d33fea2a4af458f865b2c3b22f1eaa51f?s=96&d=mm&r=g\",\"contentUrl\":\"https:\\\/\\\/secure.gravatar.com\\\/avatar\\\/22715e338d2fcc547e3a431c4738360d33fea2a4af458f865b2c3b22f1eaa51f?s=96&d=mm&r=g\",\"caption\":\"Humanium\"},\"url\":\"https:\\\/\\\/www.humanium.org\\\/fr\\\/author\\\/humanium\\\/\"}]}<\/script>\n<!-- \/ Yoast SEO plugin. -->","yoast_head_json":{"title":"APPEL D\u2019URGENCE - Les enfants rwandais face au COVID-19 - Humanium","description":"Humanium a lanc\u00e9 un appel d'urgence pour des dons pour un projet au Rwanda au milieu de graves menaces pos\u00e9es par la pand\u00e9mie de coronavirus.","robots":{"index":"index","follow":"follow","max-snippet":"max-snippet:-1","max-image-preview":"max-image-preview:large","max-video-preview":"max-video-preview:-1"},"canonical":"https:\/\/www.humanium.org\/fr\/appel-durgence-les-enfants-rwandais-face-au-covid-19\/","og_locale":"fr_FR","og_type":"article","og_title":"APPEL D\u2019URGENCE - Les enfants rwandais face au COVID-19 - Humanium","og_description":"Humanium a lanc\u00e9 un appel d'urgence pour des dons pour un projet au Rwanda au milieu de graves menaces pos\u00e9es par la pand\u00e9mie de coronavirus.","og_url":"https:\/\/www.humanium.org\/fr\/appel-durgence-les-enfants-rwandais-face-au-covid-19\/","og_site_name":"Humanium","article_published_time":"2020-05-12T15:25:25+00:00","article_modified_time":"2026-08-21T03:19:47+00:00","og_image":[{"width":1024,"height":678,"url":"https:\/\/www.humanium.org\/fr\/wp-content\/uploads\/2020\/05\/Rwanda_Humanium_1-1024x678.png","type":"image\/png"}],"author":"Humanium","twitter_card":"summary_large_image","twitter_misc":{"\u00c9crit par":"Humanium","Dur\u00e9e de lecture estim\u00e9e":"5 minutes"},"schema":{"@context":"https:\/\/schema.org","@graph":[{"@type":"Article","@id":"https:\/\/www.humanium.org\/fr\/appel-durgence-les-enfants-rwandais-face-au-covid-19\/#article","isPartOf":{"@id":"https:\/\/www.humanium.org\/fr\/appel-durgence-les-enfants-rwandais-face-au-covid-19\/"},"author":{"name":"Humanium","@id":"https:\/\/www.humanium.org\/fr\/#\/schema\/person\/d798d6c7d59ba2307e0877f61a20ce3e"},"headline":"APPEL D\u2019URGENCE &#8211; Les enfants rwandais face au COVID-19","datePublished":"2020-05-12T15:25:25+00:00","dateModified":"2026-08-21T03:19:47+00:00","mainEntityOfPage":{"@id":"https:\/\/www.humanium.org\/fr\/appel-durgence-les-enfants-rwandais-face-au-covid-19\/"},"wordCount":1135,"image":{"@id":"https:\/\/www.humanium.org\/fr\/appel-durgence-les-enfants-rwandais-face-au-covid-19\/#primaryimage"},"thumbnailUrl":"https:\/\/www.humanium.org\/fr\/wp-content\/uploads\/2020\/05\/Rwanda_Humanium_1.png","articleSection":["Droits des enfants","Sant\u00e9"],"inLanguage":"fr-FR"},{"@type":"WebPage","@id":"https:\/\/www.humanium.org\/fr\/appel-durgence-les-enfants-rwandais-face-au-covid-19\/","url":"https:\/\/www.humanium.org\/fr\/appel-durgence-les-enfants-rwandais-face-au-covid-19\/","name":"APPEL D\u2019URGENCE - Les enfants rwandais face au COVID-19 - Humanium","isPartOf":{"@id":"https:\/\/www.humanium.org\/fr\/#website"},"primaryImageOfPage":{"@id":"https:\/\/www.humanium.org\/fr\/appel-durgence-les-enfants-rwandais-face-au-covid-19\/#primaryimage"},"image":{"@id":"https:\/\/www.humanium.org\/fr\/appel-durgence-les-enfants-rwandais-face-au-covid-19\/#primaryimage"},"thumbnailUrl":"https:\/\/www.humanium.org\/fr\/wp-content\/uploads\/2020\/05\/Rwanda_Humanium_1.png","datePublished":"2020-05-12T15:25:25+00:00","dateModified":"2026-08-21T03:19:47+00:00","author":{"@id":"https:\/\/www.humanium.org\/fr\/#\/schema\/person\/d798d6c7d59ba2307e0877f61a20ce3e"},"description":"Humanium a lanc\u00e9 un appel d'urgence pour des dons pour un projet au Rwanda au milieu de graves menaces pos\u00e9es par la pand\u00e9mie de coronavirus.","breadcrumb":{"@id":"https:\/\/www.humanium.org\/fr\/appel-durgence-les-enfants-rwandais-face-au-covid-19\/#breadcrumb"},"inLanguage":"fr-FR","potentialAction":[{"@type":"ReadAction","target":["https:\/\/www.humanium.org\/fr\/appel-durgence-les-enfants-rwandais-face-au-covid-19\/"]}]},{"@type":"ImageObject","inLanguage":"fr-FR","@id":"https:\/\/www.humanium.org\/fr\/appel-durgence-les-enfants-rwandais-face-au-covid-19\/#primaryimage","url":"https:\/\/www.humanium.org\/fr\/wp-content\/uploads\/2020\/05\/Rwanda_Humanium_1.png","contentUrl":"https:\/\/www.humanium.org\/fr\/wp-content\/uploads\/2020\/05\/Rwanda_Humanium_1.png","width":1580,"height":1046},{"@type":"BreadcrumbList","@id":"https:\/\/www.humanium.org\/fr\/appel-durgence-les-enfants-rwandais-face-au-covid-19\/#breadcrumb","itemListElement":[{"@type":"ListItem","position":1,"name":"Home","item":"https:\/\/www.humanium.org\/fr\/"},{"@type":"ListItem","position":2,"name":"APPEL D\u2019URGENCE &#8211; Les enfants rwandais face au COVID-19"}]},{"@type":"WebSite","@id":"https:\/\/www.humanium.org\/fr\/#website","url":"https:\/\/www.humanium.org\/fr\/","name":"Humanium","description":"Les enfants d\u2019abord !","potentialAction":[{"@type":"SearchAction","target":{"@type":"EntryPoint","urlTemplate":"https:\/\/www.humanium.org\/fr\/?s={search_term_string}"},"query-input":{"@type":"PropertyValueSpecification","valueRequired":true,"valueName":"search_term_string"}}],"inLanguage":"fr-FR"},{"@type":"Person","@id":"https:\/\/www.humanium.org\/fr\/#\/schema\/person\/d798d6c7d59ba2307e0877f61a20ce3e","name":"Humanium","image":{"@type":"ImageObject","inLanguage":"fr-FR","@id":"https:\/\/secure.gravatar.com\/avatar\/22715e338d2fcc547e3a431c4738360d33fea2a4af458f865b2c3b22f1eaa51f?s=96&d=mm&r=g","url":"https:\/\/secure.gravatar.com\/avatar\/22715e338d2fcc547e3a431c4738360d33fea2a4af458f865b2c3b22f1eaa51f?s=96&d=mm&r=g","contentUrl":"https:\/\/secure.gravatar.com\/avatar\/22715e338d2fcc547e3a431c4738360d33fea2a4af458f865b2c3b22f1eaa51f?s=96&d=mm&r=g","caption":"Humanium"},"url":"https:\/\/www.humanium.org\/fr\/author\/humanium\/"}]}},"_links":{"self":[{"href":"https:\/\/www.humanium.org\/fr\/wp-json\/wp\/v2\/posts\/47364","targetHints":{"allow":["GET"]}}],"collection":[{"href":"https:\/\/www.humanium.org\/fr\/wp-json\/wp\/v2\/posts"}],"about":[{"href":"https:\/\/www.humanium.org\/fr\/wp-json\/wp\/v2\/types\/post"}],"author":[{"embeddable":true,"href":"https:\/\/www.humanium.org\/fr\/wp-json\/wp\/v2\/users\/69"}],"replies":[{"embeddable":true,"href":"https:\/\/www.humanium.org\/fr\/wp-json\/wp\/v2\/comments?post=47364"}],"version-history":[{"count":13,"href":"https:\/\/www.humanium.org\/fr\/wp-json\/wp\/v2\/posts\/47364\/revisions"}],"predecessor-version":[{"id":62704,"href":"https:\/\/www.humanium.org\/fr\/wp-json\/wp\/v2\/posts\/47364\/revisions\/62704"}],"wp:featuredmedia":[{"embeddable":true,"href":"https:\/\/www.humanium.org\/fr\/wp-json\/wp\/v2\/media\/47365"}],"wp:attachment":[{"href":"https:\/\/www.humanium.org\/fr\/wp-json\/wp\/v2\/media?parent=47364"}],"wp:term":[{"taxonomy":"category","embeddable":true,"href":"https:\/\/www.humanium.org\/fr\/wp-json\/wp\/v2\/categories?post=47364"},{"taxonomy":"post_tag","embeddable":true,"href":"https:\/\/www.humanium.org\/fr\/wp-json\/wp\/v2\/tags?post=47364"}],"curies":[{"name":"wp","href":"https:\/\/api.w.org\/{rel}","templated":true}]}}