{"id":47701,"date":"2020-06-09T11:10:06","date_gmt":"2020-06-09T11:10:06","guid":{"rendered":"https:\/\/www.humanium.org\/fr\/?p=47701"},"modified":"2026-08-21T03:22:46","modified_gmt":"2026-08-21T03:22:46","slug":"les-enfants-indonesiens-menaces-par-la-pollution-atmospherique","status":"publish","type":"post","link":"https:\/\/www.humanium.org\/fr\/les-enfants-indonesiens-menaces-par-la-pollution-atmospherique\/","title":{"rendered":"Les enfants indon\u00e9siens menac\u00e9s par la pollution atmosph\u00e9rique"},"content":{"rendered":"\n<p class=\"wp-block-paragraph\"><strong>Un air sain est un droit environnemental et chaque enfant a le droit de jouir d\u2019un environnement s\u00e9curis\u00e9, sain et durable. Par cons\u00e9quent, chaque pays se doit de prot\u00e9ger les droits environnementaux de ses citoyens, ainsi <a href=\"https:\/\/www.humanium.org\/fr\/indonesie\/\">l\u2019Indon\u00e9sie<\/a> est l\u2019un des pays qui a formellement accept\u00e9 les normes des droits environnementaux. Cependant, \u00e9tant donn\u00e9 que l\u2019Indon\u00e9sie, particuli\u00e8rement Jakarta, enregistre les taux les plus \u00e9lev\u00e9s de pollution de l\u2019air, l\u2019objectif de cet article est de r\u00e9v\u00e9ler les effets de la pollution en Indon\u00e9sie en rapport avec <a href=\"https:\/\/www.humanium.org\/fr\/droits-enfant\/\">les droits de l\u2019enfant.<\/a><\/strong><\/p>\n\n\n\n<h2 class=\"wp-block-heading\"><strong>La qualit\u00e9 de l\u2019air en tant que droit reconnu par la Convention des Droits de l\u2019Enfant<\/strong><\/h2>\n\n\n\n<p class=\"wp-block-paragraph\">Ce sont les enfants qui souffrent le plus de la pollution atmosph\u00e9rique vu qu\u2019ils sont consid\u00e9r\u00e9s comme appartenant \u00e0 la cat\u00e9gorie des groupes vuln\u00e9rables. La mauvaise qualit\u00e9 de l\u2019air a un effet domino qui porte v\u00e9ritablement atteinte \u00e0 de nombreux droits reconnus par la <a href=\"https:\/\/www.humanium.org\/fr\/convention\/\">Convention des Droits de l\u2019Enfant de 1989<\/a>.<\/p>\n\n\n\n<figure class=\"wp-block-image size-large\"><img loading=\"lazy\" decoding=\"async\" width=\"1024\" height=\"683\" src=\"https:\/\/www.humanium.org\/fr\/wp-content\/uploads\/2020\/06\/shutterstock_1663602676-1024x683.jpg\" alt=\"\" class=\"wp-image-47704\" srcset=\"https:\/\/www.humanium.org\/fr\/wp-content\/uploads\/2020\/06\/shutterstock_1663602676-1024x683.jpg 1024w, https:\/\/www.humanium.org\/fr\/wp-content\/uploads\/2020\/06\/shutterstock_1663602676-300x200.jpg 300w, https:\/\/www.humanium.org\/fr\/wp-content\/uploads\/2020\/06\/shutterstock_1663602676-768x512.jpg 768w, https:\/\/www.humanium.org\/fr\/wp-content\/uploads\/2020\/06\/shutterstock_1663602676-1536x1025.jpg 1536w, https:\/\/www.humanium.org\/fr\/wp-content\/uploads\/2020\/06\/shutterstock_1663602676-2048x1366.jpg 2048w, https:\/\/www.humanium.org\/fr\/wp-content\/uploads\/2020\/06\/shutterstock_1663602676-830x554.jpg 830w, https:\/\/www.humanium.org\/fr\/wp-content\/uploads\/2020\/06\/shutterstock_1663602676-230x153.jpg 230w, https:\/\/www.humanium.org\/fr\/wp-content\/uploads\/2020\/06\/shutterstock_1663602676-350x233.jpg 350w, https:\/\/www.humanium.org\/fr\/wp-content\/uploads\/2020\/06\/shutterstock_1663602676-480x320.jpg 480w, https:\/\/www.humanium.org\/fr\/wp-content\/uploads\/2020\/06\/shutterstock_1663602676-272x182.jpg 272w\" sizes=\"auto, (max-width: 1024px) 100vw, 1024px\" \/><\/figure>\n\n\n\n<p class=\"wp-block-paragraph\">\u2022 <strong>Article 6<\/strong>: \u201cChaque enfant a <a href=\"https:\/\/www.humanium.org\/fr\/comprendre-droits-enfant\/droit-a-la-vie\/\">un droit inh\u00e9rent \u00e0 la vie<\/a>. Les gouvernements doivent assurer dans toute la mesure du possible, la survie des enfants et le d\u00e9veloppement de leur plein potentiel. \u201c (UNICEF, 2020). Une mauvaise qualit\u00e9 de l\u2019air peut avoir des cons\u00e9quences dramatiques sur le d\u00e9veloppement de l\u2019enfant et sur la r\u00e9alisation de leur plein potentiel. (Humanium, 2020)<\/p>\n\n\n\n<p class=\"wp-block-paragraph\">\u2022 <strong>Article 24<\/strong>: \u201cChaque enfant a <a href=\"https:\/\/www.humanium.org\/fr\/comprendre-droits-enfant\/droit-a-la-sante\/\">droit \u00e0 la meilleure sant\u00e9<\/a> possible. Les gouvernements doivent fournir des soins de sant\u00e9 de bonne qualit\u00e9, de l\u2019eau potable, des aliments nutritifs, un environnement sain et une \u00e9ducation ax\u00e9e sur la sant\u00e9 et le bien-\u00eatre de fa\u00e7on \u00e0 ce que les enfants puissent se maintenir en bonne sant\u00e9.\u201d (UNICEF, 2020). Des niveaux constants de pollution atmosph\u00e9rique malsaine peuvent causer, entre autres, des troubles respiratoires tels que l\u2019asthme, la pneumonie ou la bronchite. Si ces troubles ne sont pas trait\u00e9s, certaines complications sanitaires relatives \u00e0 la pollution de l\u2019air peuvent durer une vie enti\u00e8re. De plus, des recherches ont d\u00e9montr\u00e9 que les b\u00e9b\u00e9s n\u00e9s de m\u00e8re expos\u00e9es \u00e0 des taux \u00e9lev\u00e9s de pollution durant leur grossesse, sont plus susceptibles de souffrir de probl\u00e8mes tels qu\u2019une croissance r\u00e9duite dans l\u2019ut\u00e9rus, une insuffisance pond\u00e9rale \u00e0 la naissance ou une naissance pr\u00e9matur\u00e9e. (UNICEF, 2019)<\/p>\n\n\n\n<p class=\"wp-block-paragraph\">\u2022 <strong>Article 27<\/strong>: \u201cChaque enfant a droit \u00e0 un niveau de vie suffisant pour permettre de subvenir \u00e0 ses besoins et permettre son d\u00e9veloppement physique et social.\u201d (UNICEF, 2020). La pollution atmosph\u00e9rique peut nuire au d\u00e9veloppement des enfants et \u00e0 l\u2019acc\u00e8s \u00e0 une bonne qualit\u00e9 de vie, ce qui est \u00e9troitement li\u00e9 au droit \u00e0 un environnement sain et propre dont les enfants ne peuvent pas profiter.<\/p>\n\n\n\n<p class=\"wp-block-paragraph\">\u2022 <strong>Article 28<\/strong>: \u201cChaque enfant a <a href=\"https:\/\/www.humanium.org\/fr\/comprendre-droits-enfant\/droit-a-l-education\/\">droit \u00e0 l\u2019\u00e9ducation<\/a>. L\u2019enseignement primaire doit \u00eatre gratuit et chaque enfant doit avoir acc\u00e8s \u00e0 diff\u00e9rentes formes d\u2019enseignement secondaire.\u201d (UNICEF, 2020). Selon le Minist\u00e8re de l\u2019Education et de la Culture d\u2019Indon\u00e9sie, plus de 46,000 \u00e9coles sont actuellement affect\u00e9es par une mauvaise qualit\u00e9 de l\u2019air, impactant plus de 7.8 millions d\u2019\u00e9tudiants. Beaucoup d\u2019\u00e9coles ont d\u00fb fermer dans les zones les plus touch\u00e9es, privant les enfants de possibilit\u00e9s d\u2019apprentissage. (UNICEF, 2019)<\/p>\n\n\n\n<p class=\"wp-block-paragraph\">\u2022 <strong>Article 31<\/strong>: \u201cChaque enfant a droit au repos et aux loisirs et \u00e0 participer \u00e0 la vie culturelle et artistique.\u201d (UNICEF, 2020). Le droit des enfants de se livrer au jeu est essentiel \u00e0 leur bon d\u00e9veloppement et \u00e0 un apprentissage ad\u00e9quat. En d\u2019autres termes, les enfants devraient b\u00e9n\u00e9ficier d\u2019un environnement sain pour pouvoir se livrer \u00e0 des activit\u00e9s r\u00e9cr\u00e9atives ext\u00e9rieures, ce qui est souvent compromis par la pollution de l\u2019air.<\/p>\n\n\n\n<h2 class=\"wp-block-heading\"><strong>La pollution atmosph\u00e9rique face aux Objectifs de D\u00e9veloppement Durable (ODD)<\/strong><\/h2>\n\n\n\n<p class=\"wp-block-paragraph\">La r\u00e9duction de la pollution atmosph\u00e9rique est \u00e9troitement li\u00e9e aussiaux <strong>Objectifs de D\u00e9veloppement Durable<\/strong> (ci-apr\u00e8s ODD) d\u2019autant plus qu\u2019une approche bas\u00e9e sur les droits de l\u2019enfant est la cl\u00e9 de l\u2019accomplissement des Objectifs de D\u00e9veloppement Durable (ODD). (Child Rights Connect, 2020)<\/p>\n\n\n\n<p class=\"wp-block-paragraph\">\u2022 <strong>ODD1<\/strong>: se r\u00e9f\u00e8re \u00e0 l\u2019\u00e9radication universelle de la pr\u00e9carit\u00e9 sous toutes ses formes, la <a href=\"https:\/\/www.humanium.org\/fr\/pauvrete\/\">pauvret\u00e9<\/a> prive les enfants de leurs <a href=\"https:\/\/www.humanium.org\/fr\/comprendre-droits-enfant\/droit-a-l-alimentation\/\">droits fondamentaux \u00e0 la nutrition<\/a>, <a href=\"https:\/\/www.humanium.org\/fr\/comprendre-droits-enfant\/droit-a-la-sante\/\">\u00e0 la sant\u00e9<\/a>, <a href=\"https:\/\/www.humanium.org\/fr\/comprendre-droits-enfant\/droit-a-l-eau\/\">\u00e0 l\u2019eau potable,<\/a> <a href=\"https:\/\/www.humanium.org\/fr\/comprendre-droits-enfant\/droit-a-l-education\/\">\u00e0 l\u2019\u00e9ducation,<\/a> <a href=\"https:\/\/www.humanium.org\/fr\/droit-a-la-protection\/\">\u00e0 la protection<\/a> et au logement. La r\u00e9duction de la pollution de l\u2019air peut aider les familles \u00e0 se maintenir en bonne sant\u00e9, minimiser les d\u00e9penses m\u00e9dicales et devenir plus productives. (UNICEF, octobre 2016)<\/p>\n\n\n\n<p class=\"wp-block-paragraph\">\u2022 <strong>ODD3<\/strong>: vise \u00e0 garantir une vie saine et \u00e0 promouvoir le bien-\u00eatre de tous, \u00e0 tout \u00e2ge. R\u00e9duire la pollution de l\u2019air peut signifier sauver des millions de vie et g\u00e9n\u00e9rer une vie meilleure et plus saine pour les enfants et les g\u00e9n\u00e9rations futures. (UNICEF, octobre 2016)<\/p>\n\n\n\n<p class=\"wp-block-paragraph\">\u2022 <strong>ODD12<\/strong>: se r\u00e9f\u00e8re \u00e0 une consommation et une production responsable. Les enfants sont les moins responsables de la d\u00e9gradation de l\u2019environnement, cependant ce sont eux qui assumeront le poids de ses cons\u00e9quences. Les substances chimiques rejet\u00e9es dans l\u2019air augmentent la pollution atmosph\u00e9rique et contribuent \u00e0 des effets n\u00e9fastes sur la sant\u00e9 humaine. Une consommation et une production responsables pourraient contribuer \u00e0 r\u00e9duire ces substances chimiques nocives. (UNICEF, octobre 2016)<\/p>\n\n\n\n<h2 class=\"wp-block-heading\"><strong>La r\u00e9alit\u00e9 de la situation en Indon\u00e9sie<\/strong><\/h2>\n\n\n\n<p class=\"wp-block-paragraph\"><a href=\"https:\/\/www.humanium.org\/fr\/indonesie\/\">L\u2019Indon\u00e9sie<\/a> a sign\u00e9 et ratifi\u00e9 <strong>le protocole de Kyoto de 1997<\/strong>, un trait\u00e9 international qui a fix\u00e9 des objectifs contraignants afin de limiter et de r\u00e9duire les \u00e9missions de gaz \u00e0 effet de serre. (UNFCCC, 2020). <strong>L\u2019accord de Paris de 2015<\/strong> a aussi \u00e9t\u00e9 sign\u00e9 et ratifi\u00e9 par <a href=\"https:\/\/www.humanium.org\/fr\/indonesie\/\">l\u2019Indon\u00e9sie<\/a> avec pour objectif de renforcer la r\u00e9ponse globale \u00e0 la menace du changement climatique en maintenant la temp\u00e9rature mondiale en dessous de 2 degr\u00e9s Celsius. (UNFCCC, 2020)<\/p>\n\n\n\n<p class=\"wp-block-paragraph\">L\u2019Indon\u00e9sie est juridiquement li\u00e9e par les provisions des deux trait\u00e9s et l\u2019Etat doit donc s\u2019assurer qu\u2019il dispose de politiques nationales efficaces pour r\u00e9duire les gaz \u00e0 effet de serre. Ces politiques devraient garantir que la qualit\u00e9 de l\u2019air n\u2019est pas pr\u00e9judiciable \u00e0 ses citoyens et s\u2019efforcer de prot\u00e9ger les groupes les plus vuln\u00e9rables de sa soci\u00e9t\u00e9. Cependant, malgr\u00e9 la ratification des principales conventions internationales, dans la r\u00e9alit\u00e9 l\u2019Indon\u00e9sie a du lutter pour prot\u00e9ger ses droits environnementaux. De 1998 \u00e0 2016, le pays est pass\u00e9 de l\u2019un des pays les plus propres au monde \u00e0 l\u2019un des vingt pays les plus pollu\u00e9s. Le plus grand pic s\u2019est produit il y a quelques ann\u00e9es, entre 2013 et 2016, quand les niveaux de pollution de l\u2019air ont doubl\u00e9 suite \u00e0 des incendies intenses. (Claire, mars 2019)<\/p>\n\n\n\n<figure class=\"wp-block-image size-large\"><img loading=\"lazy\" decoding=\"async\" width=\"1024\" height=\"575\" src=\"https:\/\/www.humanium.org\/fr\/wp-content\/uploads\/2020\/06\/shutterstock_1100440772-1024x575.jpg\" alt=\"\" class=\"wp-image-47705\" srcset=\"https:\/\/www.humanium.org\/fr\/wp-content\/uploads\/2020\/06\/shutterstock_1100440772-1024x575.jpg 1024w, https:\/\/www.humanium.org\/fr\/wp-content\/uploads\/2020\/06\/shutterstock_1100440772-300x168.jpg 300w, https:\/\/www.humanium.org\/fr\/wp-content\/uploads\/2020\/06\/shutterstock_1100440772-768x431.jpg 768w, https:\/\/www.humanium.org\/fr\/wp-content\/uploads\/2020\/06\/shutterstock_1100440772-1536x863.jpg 1536w, https:\/\/www.humanium.org\/fr\/wp-content\/uploads\/2020\/06\/shutterstock_1100440772-2048x1150.jpg 2048w, https:\/\/www.humanium.org\/fr\/wp-content\/uploads\/2020\/06\/shutterstock_1100440772-830x466.jpg 830w, https:\/\/www.humanium.org\/fr\/wp-content\/uploads\/2020\/06\/shutterstock_1100440772-230x129.jpg 230w, https:\/\/www.humanium.org\/fr\/wp-content\/uploads\/2020\/06\/shutterstock_1100440772-350x197.jpg 350w, https:\/\/www.humanium.org\/fr\/wp-content\/uploads\/2020\/06\/shutterstock_1100440772-480x270.jpg 480w\" sizes=\"auto, (max-width: 1024px) 100vw, 1024px\" \/><\/figure>\n\n\n\n<p class=\"wp-block-paragraph\">Par cons\u00e9quent, un Indon\u00e9sien moyen peut s\u2019attendre \u00e0 perdre 1,2 ann\u00e9e d\u2019esp\u00e9rance de vie aux niveaux de pollution actuels, selon l\u2019Index de Qualit\u00e9 de Vie de l\u2019Air (ci-apr\u00e8s AQLI) parce que la qualit\u00e9 de l\u2019air ne r\u00e9pond pas aux normes de l\u2019Organisation Mondiale de la Sant\u00e9 (ci-apr\u00e8s OMS) (Claire, mars 2019). En septembre 2019, il a \u00e9t\u00e9 signal\u00e9 que certaines r\u00e9gions de l\u2019Indon\u00e9sie enregistraient des niveaux de 155 sur l\u2019Index de Qualit\u00e9 de Vie de l\u2019Air. Selon l\u2019Index, tout ce qui se situe entre 151 et 200 est n\u00e9faste. Cela signifie que toute personne dans cette r\u00e9gion est susceptible de ressentir des effets sur sa sant\u00e9, et les membres des groupes sensibles et les jeunes enfants sont particuli\u00e8rement vuln\u00e9rables. (Neill, 2019)<\/p>\n\n\n\n<p class=\"wp-block-paragraph\">Les incendies de for\u00eat, fr\u00e9quents en Indon\u00e9sie pendant la saison s\u00e8che, sont un facteur qui contribue \u00e0 la mauvaise qualit\u00e9 de l\u2019air. Cependant, en 2019, la situation s\u2019est aggrav\u00e9e suite \u00e0 une p\u00e9riode de s\u00e9cheresse prolong\u00e9e et aux cons\u00e9quences du changement climatique. (Neill, 2019)<\/p>\n\n\n\n<p class=\"wp-block-paragraph\">De plus, UNICEF a remarqu\u00e9 que les petits enfants sont particuli\u00e8rement vuln\u00e9rables \u00e0 la pollution de l\u2019air parce qu\u2019ils respirent plus rapidement et que leur syst\u00e8mes de d\u00e9fense physique et immunitaire n\u2019est pas compl\u00e8tement d\u00e9velopp\u00e9. On estime que 2,4 millions d\u2019enfants en dessous de 5 ans vivent dans les r\u00e9gions les plus affect\u00e9es par la canicule et les feux de for\u00eats qui se produisent en Indon\u00e9sie depuis juillet 2019. (UNICEF, 2019)<\/p>\n\n\n\n<p class=\"wp-block-paragraph\">\u201cLa mauvaise qualit\u00e9 de l\u2019air est un probl\u00e8me grave et \u00e9volutif pour l\u2019Indon\u00e9sie\u201d d\u00e9clare Debora Comini, Repr\u00e9sentante d\u2019UNICEF. \u201cChaque ann\u00e9e, des millions d\u2019enfants respirent un air toxique qui menace leur sant\u00e9 et leur fait manquer l\u2019\u00e9cole &#8211; entrainant des dommages physiques et cognitifs \u00e0 vie\u201d. (UNICEF, 2019)<\/p>\n\n\n\n<h2 class=\"wp-block-heading\"><strong>Que pouvons-nous faire pour r\u00e9duire la pollution de l\u2019air pour les enfants?<\/strong><\/h2>\n\n\n\n<p class=\"wp-block-paragraph\">R\u00e9duire la pollution de l\u2019air est l\u2019une des choses les plus importantes que nous pouvons faire pour <a href=\"https:\/\/www.humanium.org\/fr\/droits-enfant\/\">les enfants.<\/a> Les recherches montrent que la r\u00e9duction de la pollution atmosph\u00e9rique a entrain\u00e9 une am\u00e9lioration des fonctions respiratoires des enfants. Une \u00e9tude de l\u2019OMS estime que le respect des directives mondiales en mati\u00e8re de qualit\u00e9 de l\u2019air pourrait \u00e9viter 2,1 millions de d\u00e9c\u00e8s par an dans toutes les tranches d\u2019\u00e2ge, sur la base des donn\u00e9es de 2010 (UNICEF, octobre 2016)<\/p>\n\n\n\n<p class=\"wp-block-paragraph\">En outre, la r\u00e9duction de la pollution atmosph\u00e9rique pourrait \u00e9galement am\u00e9liorer la sant\u00e9 globale de millions d&rsquo;autres, aider \u00e0 r\u00e9duire l\u2019incidence des infections respiratoires aig\u00fces et chroniques chez les enfants, et r\u00e9duire les complications pendant la grossesse et \u00e0 la naissance. (UNICEF, octobre 2016). Cela pourrait aussi am\u00e9liorer le d\u00e9veloppement physique et cognitif des enfants, les aidant ainsi \u00e0 mener une vie plus longue et plus productive. (UNICEF, octobre 2016)<\/p>\n\n\n\n<p class=\"wp-block-paragraph\">Le cas de l\u2019Indon\u00e9sie a montr\u00e9 que la pollution a un impact n\u00e9gatif sur l\u2019ensemble de la soci\u00e9t\u00e9, particuli\u00e8rement sur les plus jeunes et les plus vuln\u00e9rables d\u2019entre nous. Nous devons inciter nos gouvernements \u00e0 \u00e9laborer des politiques visant \u00e0 r\u00e9duire la pollution de l\u2019air pour la s\u00e9curit\u00e9 de chaque membre de notre soci\u00e9t\u00e9, particuli\u00e8rement les enfants.<\/p>\n\n\n\n<figure class=\"wp-block-image size-large\"><img loading=\"lazy\" decoding=\"async\" width=\"1024\" height=\"683\" src=\"https:\/\/www.humanium.org\/fr\/wp-content\/uploads\/2020\/06\/shutterstock_1661358322-1024x683.jpg\" alt=\"\" class=\"wp-image-47706\" srcset=\"https:\/\/www.humanium.org\/fr\/wp-content\/uploads\/2020\/06\/shutterstock_1661358322-1024x683.jpg 1024w, https:\/\/www.humanium.org\/fr\/wp-content\/uploads\/2020\/06\/shutterstock_1661358322-300x200.jpg 300w, https:\/\/www.humanium.org\/fr\/wp-content\/uploads\/2020\/06\/shutterstock_1661358322-768x512.jpg 768w, https:\/\/www.humanium.org\/fr\/wp-content\/uploads\/2020\/06\/shutterstock_1661358322-1536x1024.jpg 1536w, https:\/\/www.humanium.org\/fr\/wp-content\/uploads\/2020\/06\/shutterstock_1661358322-2048x1365.jpg 2048w, https:\/\/www.humanium.org\/fr\/wp-content\/uploads\/2020\/06\/shutterstock_1661358322-830x553.jpg 830w, https:\/\/www.humanium.org\/fr\/wp-content\/uploads\/2020\/06\/shutterstock_1661358322-230x153.jpg 230w, https:\/\/www.humanium.org\/fr\/wp-content\/uploads\/2020\/06\/shutterstock_1661358322-350x233.jpg 350w, https:\/\/www.humanium.org\/fr\/wp-content\/uploads\/2020\/06\/shutterstock_1661358322-480x320.jpg 480w, https:\/\/www.humanium.org\/fr\/wp-content\/uploads\/2020\/06\/shutterstock_1661358322-272x182.jpg 272w\" sizes=\"auto, (max-width: 1024px) 100vw, 1024px\" \/><\/figure>\n\n\n\n<p class=\"wp-block-paragraph\">Chez <a href=\"https:\/\/www.humanium.org\/fr\/qui-sommes-nous\/\">Humanium<\/a>, nous nous effor\u00e7ons de souligner l\u2019importance des droits de l\u2019enfant \u00e0 un environnement sain et s\u00fbr, et le r\u00f4le important que peut jouer une bonne qualit\u00e9 de l\u2019air sur leur sant\u00e9 et leur bon d\u00e9veloppement. Rejoignez-nous pour faire des droits des enfants \u00e0 un environnement s\u00e9curis\u00e9 une r\u00e9alit\u00e9 en<strong> <\/strong>sponsorisant un enfant<strong>, <\/strong>en faisant un don<strong> <\/strong>ou en devenant b\u00e9n\u00e9vole! Ce n\u2019est qu\u2019en garantissant leur droit \u00e0 un environnement sain que les enfants pourront avoir un avenir \u00e9volutif et durable!<\/p>\n\n\n\n<p class=\"wp-block-paragraph\"><strong><em>Ecrit par Igi Nderi<\/em><\/strong><\/p>\n\n\n\n<p class=\"wp-block-paragraph\"><strong><em>Traduit par Laurence Mortier<\/em><\/strong><\/p>\n\n\n\n<p class=\"wp-block-paragraph\"><strong><em>Corrig\u00e9 par Dominique Jaensch<\/em><\/strong><\/p>\n\n\n\n<h4 class=\"wp-block-heading\"><strong>R\u00e9f\u00e9rences<\/strong> :<\/h4>\n\n\n\n<p class=\"has-small-font-size wp-block-paragraph\"><a href=\"https:\/\/www.childrightsconnect.org\/sustainable-development-goals\/\" target=\"_blank\" rel=\"noreferrer noopener\">Child Rights Connect. (2020, April 8). <em>Sustainable Development Goals<\/em>. Opgehaald van Child Rights Connect<\/a>.<\/p>\n\n\n\n<p class=\"has-small-font-size wp-block-paragraph\">Claire, M. G. (March 2019). <em>Indonesia&rsquo;s Worsening Air <\/em><em>Quality and its Impact on Life Expectancy.<\/em> Chicago: Air Quality Life Index.<\/p>\n\n\n\n<p class=\"has-small-font-size wp-block-paragraph\"><a href=\"https:\/\/www.humanium.org\/en\/life\/\" target=\"_blank\" rel=\"noreferrer noopener\">Humanium . (2020, April 8). <em>Right to Life<\/em>. Opgehaald van Humanium<\/a>.<\/p>\n\n\n\n<p class=\"has-small-font-size wp-block-paragraph\"><a href=\"https:\/\/airqualitynews.com\/2019\/09\/25\/indonesian-wildfires-putting-10-million-children-at-risk-of-air-pollution\/\" target=\"_blank\" rel=\"noreferrer noopener\">Neill, P. (2019, September 25). <em>Indonesian wildfires putting 10 million children at risk of air pollution<\/em>. Retrieved from Air Quality News<\/a>.<\/p>\n\n\n\n<p class=\"has-small-font-size wp-block-paragraph\"><a href=\"https:\/\/unfccc.int\/kyoto_protocol\" target=\"_blank\" rel=\"noreferrer noopener\">UNFCCC. (2020, April 13). <em>What is the Kyoto Protocol<\/em>? Retrieved from United Nations Climate Change<\/a>.<\/p>\n\n\n\n<p class=\"has-small-font-size wp-block-paragraph\"><a href=\"https:\/\/cop23.unfccc.int\/process-and-meetings\/the-paris-agreement\/what-is-the-paris-agreement\" target=\"_blank\" rel=\"noreferrer noopener\">UNFCCC. (2020, April 13). <em>What is the Paris Agreement?<\/em> Retrieved from United Nations Climate Change<\/a>.<\/p>\n\n\n\n<p class=\"has-small-font-size wp-block-paragraph\"><a href=\"https:\/\/www.unicef.org\/press-releases\/indonesia-10-million-children-risk-air-pollution-due-wild-forest-fires\" target=\"_blank\" rel=\"noreferrer noopener\">UNICEF. (2019, September 23). <em>Indonesia: 10 million children at risk from air pollution due to wild forest fires<\/em>.<\/a><\/p>\n\n\n\n<p class=\"has-small-font-size wp-block-paragraph\"><a href=\"https:\/\/www.unicef.org.uk\/wp-content\/uploads\/2010\/05\/UNCRC_summary-1.pdf\" target=\"_blank\" rel=\"noreferrer noopener\">UNICEF. (2020, April 7). <em>A Summary of the UN Convention on the Rights of the Child<\/em>. Opgehaald van UNICEF<\/a>.<\/p>\n\n\n\n<p class=\"has-small-font-size wp-block-paragraph\">UNICEF. (October 2016). <em>Clear the air for children Executive Summary.<\/em> New York: UNICEF.<\/p>\n","protected":false},"excerpt":{"rendered":"<p>Un air sain est un droit environnemental et chaque enfant a le droit de jouir d\u2019un environnement s\u00e9curis\u00e9, sain et durable. Par cons\u00e9quent, chaque pays se doit de prot\u00e9ger les droits environnementaux de ses citoyens, ainsi l\u2019Indon\u00e9sie est l\u2019un des pays qui a formellement accept\u00e9 les normes des droits environnementaux. Cependant, \u00e9tant donn\u00e9 que l\u2019Indon\u00e9sie, [&hellip;]<\/p>\n","protected":false},"author":41,"featured_media":47707,"comment_status":"closed","ping_status":"closed","sticky":false,"template":"","format":"standard","meta":{"footnotes":""},"categories":[220,6,10],"tags":[],"class_list":["post-47701","post","type-post","status-publish","format-standard","has-post-thumbnail","hentry","category-droits-des-enfants","category-environnement","category-sante"],"yoast_head":"<!-- This site is optimized with the Yoast SEO plugin v28.3 - https:\/\/yoast.com\/product\/yoast-seo-wordpress\/ -->\n<title>Les enfants indon\u00e9siens menac\u00e9s par la pollution atmosph\u00e9rique - Humanium<\/title>\n<meta name=\"description\" content=\"L\u2019Indon\u00e9sie, particuli\u00e8rement Jakarta, enregistre les taux les plus \u00e9lev\u00e9s de pollution de l\u2019air.\" \/>\n<meta name=\"robots\" content=\"index, follow, max-snippet:-1, max-image-preview:large, max-video-preview:-1\" \/>\n<link rel=\"canonical\" href=\"https:\/\/www.humanium.org\/fr\/les-enfants-indonesiens-menaces-par-la-pollution-atmospherique\/\" \/>\n<meta property=\"og:locale\" content=\"fr_FR\" \/>\n<meta property=\"og:type\" content=\"article\" \/>\n<meta property=\"og:title\" content=\"Les enfants indon\u00e9siens menac\u00e9s par la pollution atmosph\u00e9rique - Humanium\" \/>\n<meta property=\"og:description\" content=\"L\u2019Indon\u00e9sie, particuli\u00e8rement Jakarta, enregistre les taux les plus \u00e9lev\u00e9s de pollution de l\u2019air.\" \/>\n<meta property=\"og:url\" content=\"https:\/\/www.humanium.org\/fr\/les-enfants-indonesiens-menaces-par-la-pollution-atmospherique\/\" \/>\n<meta property=\"og:site_name\" content=\"Humanium\" \/>\n<meta property=\"article:published_time\" content=\"2020-06-09T11:10:06+00:00\" \/>\n<meta property=\"article:modified_time\" content=\"2026-08-21T03:22:46+00:00\" \/>\n<meta property=\"og:image\" content=\"https:\/\/www.humanium.org\/fr\/wp-content\/uploads\/2020\/06\/shutterstock_656938711-scaled.jpg\" \/>\n\t<meta property=\"og:image:width\" content=\"2560\" \/>\n\t<meta property=\"og:image:height\" content=\"1631\" \/>\n\t<meta property=\"og:image:type\" content=\"image\/jpeg\" \/>\n<meta name=\"author\" content=\"Igi Nderi\" \/>\n<meta name=\"twitter:card\" content=\"summary_large_image\" \/>\n<meta name=\"twitter:label1\" content=\"\u00c9crit par\" \/>\n\t<meta name=\"twitter:data1\" content=\"Igi Nderi\" \/>\n\t<meta name=\"twitter:label2\" content=\"Dur\u00e9e de lecture estim\u00e9e\" \/>\n\t<meta name=\"twitter:data2\" content=\"10 minutes\" \/>\n<script type=\"application\/ld+json\" class=\"yoast-schema-graph\">{\"@context\":\"https:\\\/\\\/schema.org\",\"@graph\":[{\"@type\":\"Article\",\"@id\":\"https:\\\/\\\/www.humanium.org\\\/fr\\\/les-enfants-indonesiens-menaces-par-la-pollution-atmospherique\\\/#article\",\"isPartOf\":{\"@id\":\"https:\\\/\\\/www.humanium.org\\\/fr\\\/les-enfants-indonesiens-menaces-par-la-pollution-atmospherique\\\/\"},\"author\":{\"name\":\"Igi Nderi\",\"@id\":\"https:\\\/\\\/www.humanium.org\\\/fr\\\/#\\\/schema\\\/person\\\/821eed926e7ac8daf4b4a57b22b98922\"},\"headline\":\"Les enfants indon\u00e9siens menac\u00e9s par la pollution atmosph\u00e9rique\",\"datePublished\":\"2020-06-09T11:10:06+00:00\",\"dateModified\":\"2026-08-21T03:22:46+00:00\",\"mainEntityOfPage\":{\"@id\":\"https:\\\/\\\/www.humanium.org\\\/fr\\\/les-enfants-indonesiens-menaces-par-la-pollution-atmospherique\\\/\"},\"wordCount\":1929,\"image\":{\"@id\":\"https:\\\/\\\/www.humanium.org\\\/fr\\\/les-enfants-indonesiens-menaces-par-la-pollution-atmospherique\\\/#primaryimage\"},\"thumbnailUrl\":\"https:\\\/\\\/www.humanium.org\\\/fr\\\/wp-content\\\/uploads\\\/2020\\\/06\\\/shutterstock_656938711-scaled.jpg\",\"articleSection\":[\"Droits des enfants\",\"Environnement\",\"Sant\u00e9\"],\"inLanguage\":\"fr-FR\"},{\"@type\":\"WebPage\",\"@id\":\"https:\\\/\\\/www.humanium.org\\\/fr\\\/les-enfants-indonesiens-menaces-par-la-pollution-atmospherique\\\/\",\"url\":\"https:\\\/\\\/www.humanium.org\\\/fr\\\/les-enfants-indonesiens-menaces-par-la-pollution-atmospherique\\\/\",\"name\":\"Les enfants indon\u00e9siens menac\u00e9s par la pollution atmosph\u00e9rique - Humanium\",\"isPartOf\":{\"@id\":\"https:\\\/\\\/www.humanium.org\\\/fr\\\/#website\"},\"primaryImageOfPage\":{\"@id\":\"https:\\\/\\\/www.humanium.org\\\/fr\\\/les-enfants-indonesiens-menaces-par-la-pollution-atmospherique\\\/#primaryimage\"},\"image\":{\"@id\":\"https:\\\/\\\/www.humanium.org\\\/fr\\\/les-enfants-indonesiens-menaces-par-la-pollution-atmospherique\\\/#primaryimage\"},\"thumbnailUrl\":\"https:\\\/\\\/www.humanium.org\\\/fr\\\/wp-content\\\/uploads\\\/2020\\\/06\\\/shutterstock_656938711-scaled.jpg\",\"datePublished\":\"2020-06-09T11:10:06+00:00\",\"dateModified\":\"2026-08-21T03:22:46+00:00\",\"author\":{\"@id\":\"https:\\\/\\\/www.humanium.org\\\/fr\\\/#\\\/schema\\\/person\\\/821eed926e7ac8daf4b4a57b22b98922\"},\"description\":\"L\u2019Indon\u00e9sie, particuli\u00e8rement Jakarta, enregistre les taux les plus \u00e9lev\u00e9s de pollution de l\u2019air.\",\"breadcrumb\":{\"@id\":\"https:\\\/\\\/www.humanium.org\\\/fr\\\/les-enfants-indonesiens-menaces-par-la-pollution-atmospherique\\\/#breadcrumb\"},\"inLanguage\":\"fr-FR\",\"potentialAction\":[{\"@type\":\"ReadAction\",\"target\":[\"https:\\\/\\\/www.humanium.org\\\/fr\\\/les-enfants-indonesiens-menaces-par-la-pollution-atmospherique\\\/\"]}]},{\"@type\":\"ImageObject\",\"inLanguage\":\"fr-FR\",\"@id\":\"https:\\\/\\\/www.humanium.org\\\/fr\\\/les-enfants-indonesiens-menaces-par-la-pollution-atmospherique\\\/#primaryimage\",\"url\":\"https:\\\/\\\/www.humanium.org\\\/fr\\\/wp-content\\\/uploads\\\/2020\\\/06\\\/shutterstock_656938711-scaled.jpg\",\"contentUrl\":\"https:\\\/\\\/www.humanium.org\\\/fr\\\/wp-content\\\/uploads\\\/2020\\\/06\\\/shutterstock_656938711-scaled.jpg\",\"width\":2560,\"height\":1631},{\"@type\":\"BreadcrumbList\",\"@id\":\"https:\\\/\\\/www.humanium.org\\\/fr\\\/les-enfants-indonesiens-menaces-par-la-pollution-atmospherique\\\/#breadcrumb\",\"itemListElement\":[{\"@type\":\"ListItem\",\"position\":1,\"name\":\"Home\",\"item\":\"https:\\\/\\\/www.humanium.org\\\/fr\\\/\"},{\"@type\":\"ListItem\",\"position\":2,\"name\":\"Les enfants indon\u00e9siens menac\u00e9s par la pollution atmosph\u00e9rique\"}]},{\"@type\":\"WebSite\",\"@id\":\"https:\\\/\\\/www.humanium.org\\\/fr\\\/#website\",\"url\":\"https:\\\/\\\/www.humanium.org\\\/fr\\\/\",\"name\":\"Humanium\",\"description\":\"Les enfants d\u2019abord !\",\"potentialAction\":[{\"@type\":\"SearchAction\",\"target\":{\"@type\":\"EntryPoint\",\"urlTemplate\":\"https:\\\/\\\/www.humanium.org\\\/fr\\\/?s={search_term_string}\"},\"query-input\":{\"@type\":\"PropertyValueSpecification\",\"valueRequired\":true,\"valueName\":\"search_term_string\"}}],\"inLanguage\":\"fr-FR\"},{\"@type\":\"Person\",\"@id\":\"https:\\\/\\\/www.humanium.org\\\/fr\\\/#\\\/schema\\\/person\\\/821eed926e7ac8daf4b4a57b22b98922\",\"name\":\"Igi Nderi\",\"image\":{\"@type\":\"ImageObject\",\"inLanguage\":\"fr-FR\",\"@id\":\"https:\\\/\\\/secure.gravatar.com\\\/avatar\\\/c3555d8ec155dec16444525aa87bd13c55196bb158a681c4dc0d3e1b62260922?s=96&d=mm&r=g\",\"url\":\"https:\\\/\\\/secure.gravatar.com\\\/avatar\\\/c3555d8ec155dec16444525aa87bd13c55196bb158a681c4dc0d3e1b62260922?s=96&d=mm&r=g\",\"contentUrl\":\"https:\\\/\\\/secure.gravatar.com\\\/avatar\\\/c3555d8ec155dec16444525aa87bd13c55196bb158a681c4dc0d3e1b62260922?s=96&d=mm&r=g\",\"caption\":\"Igi Nderi\"},\"sameAs\":[\"https:\\\/\\\/www.linkedin.com\\\/in\\\/igi-nderi-012149115\\\/\"],\"url\":\"https:\\\/\\\/www.humanium.org\\\/fr\\\/author\\\/igi\\\/\"}]}<\/script>\n<!-- \/ Yoast SEO plugin. -->","yoast_head_json":{"title":"Les enfants indon\u00e9siens menac\u00e9s par la pollution atmosph\u00e9rique - Humanium","description":"L\u2019Indon\u00e9sie, particuli\u00e8rement Jakarta, enregistre les taux les plus \u00e9lev\u00e9s de pollution de l\u2019air.","robots":{"index":"index","follow":"follow","max-snippet":"max-snippet:-1","max-image-preview":"max-image-preview:large","max-video-preview":"max-video-preview:-1"},"canonical":"https:\/\/www.humanium.org\/fr\/les-enfants-indonesiens-menaces-par-la-pollution-atmospherique\/","og_locale":"fr_FR","og_type":"article","og_title":"Les enfants indon\u00e9siens menac\u00e9s par la pollution atmosph\u00e9rique - Humanium","og_description":"L\u2019Indon\u00e9sie, particuli\u00e8rement Jakarta, enregistre les taux les plus \u00e9lev\u00e9s de pollution de l\u2019air.","og_url":"https:\/\/www.humanium.org\/fr\/les-enfants-indonesiens-menaces-par-la-pollution-atmospherique\/","og_site_name":"Humanium","article_published_time":"2020-06-09T11:10:06+00:00","article_modified_time":"2026-08-21T03:22:46+00:00","og_image":[{"width":2560,"height":1631,"url":"https:\/\/www.humanium.org\/fr\/wp-content\/uploads\/2020\/06\/shutterstock_656938711-scaled.jpg","type":"image\/jpeg"}],"author":"Igi Nderi","twitter_card":"summary_large_image","twitter_misc":{"\u00c9crit par":"Igi Nderi","Dur\u00e9e de lecture estim\u00e9e":"10 minutes"},"schema":{"@context":"https:\/\/schema.org","@graph":[{"@type":"Article","@id":"https:\/\/www.humanium.org\/fr\/les-enfants-indonesiens-menaces-par-la-pollution-atmospherique\/#article","isPartOf":{"@id":"https:\/\/www.humanium.org\/fr\/les-enfants-indonesiens-menaces-par-la-pollution-atmospherique\/"},"author":{"name":"Igi Nderi","@id":"https:\/\/www.humanium.org\/fr\/#\/schema\/person\/821eed926e7ac8daf4b4a57b22b98922"},"headline":"Les enfants indon\u00e9siens menac\u00e9s par la pollution atmosph\u00e9rique","datePublished":"2020-06-09T11:10:06+00:00","dateModified":"2026-08-21T03:22:46+00:00","mainEntityOfPage":{"@id":"https:\/\/www.humanium.org\/fr\/les-enfants-indonesiens-menaces-par-la-pollution-atmospherique\/"},"wordCount":1929,"image":{"@id":"https:\/\/www.humanium.org\/fr\/les-enfants-indonesiens-menaces-par-la-pollution-atmospherique\/#primaryimage"},"thumbnailUrl":"https:\/\/www.humanium.org\/fr\/wp-content\/uploads\/2020\/06\/shutterstock_656938711-scaled.jpg","articleSection":["Droits des enfants","Environnement","Sant\u00e9"],"inLanguage":"fr-FR"},{"@type":"WebPage","@id":"https:\/\/www.humanium.org\/fr\/les-enfants-indonesiens-menaces-par-la-pollution-atmospherique\/","url":"https:\/\/www.humanium.org\/fr\/les-enfants-indonesiens-menaces-par-la-pollution-atmospherique\/","name":"Les enfants indon\u00e9siens menac\u00e9s par la pollution atmosph\u00e9rique - Humanium","isPartOf":{"@id":"https:\/\/www.humanium.org\/fr\/#website"},"primaryImageOfPage":{"@id":"https:\/\/www.humanium.org\/fr\/les-enfants-indonesiens-menaces-par-la-pollution-atmospherique\/#primaryimage"},"image":{"@id":"https:\/\/www.humanium.org\/fr\/les-enfants-indonesiens-menaces-par-la-pollution-atmospherique\/#primaryimage"},"thumbnailUrl":"https:\/\/www.humanium.org\/fr\/wp-content\/uploads\/2020\/06\/shutterstock_656938711-scaled.jpg","datePublished":"2020-06-09T11:10:06+00:00","dateModified":"2026-08-21T03:22:46+00:00","author":{"@id":"https:\/\/www.humanium.org\/fr\/#\/schema\/person\/821eed926e7ac8daf4b4a57b22b98922"},"description":"L\u2019Indon\u00e9sie, particuli\u00e8rement Jakarta, enregistre les taux les plus \u00e9lev\u00e9s de pollution de l\u2019air.","breadcrumb":{"@id":"https:\/\/www.humanium.org\/fr\/les-enfants-indonesiens-menaces-par-la-pollution-atmospherique\/#breadcrumb"},"inLanguage":"fr-FR","potentialAction":[{"@type":"ReadAction","target":["https:\/\/www.humanium.org\/fr\/les-enfants-indonesiens-menaces-par-la-pollution-atmospherique\/"]}]},{"@type":"ImageObject","inLanguage":"fr-FR","@id":"https:\/\/www.humanium.org\/fr\/les-enfants-indonesiens-menaces-par-la-pollution-atmospherique\/#primaryimage","url":"https:\/\/www.humanium.org\/fr\/wp-content\/uploads\/2020\/06\/shutterstock_656938711-scaled.jpg","contentUrl":"https:\/\/www.humanium.org\/fr\/wp-content\/uploads\/2020\/06\/shutterstock_656938711-scaled.jpg","width":2560,"height":1631},{"@type":"BreadcrumbList","@id":"https:\/\/www.humanium.org\/fr\/les-enfants-indonesiens-menaces-par-la-pollution-atmospherique\/#breadcrumb","itemListElement":[{"@type":"ListItem","position":1,"name":"Home","item":"https:\/\/www.humanium.org\/fr\/"},{"@type":"ListItem","position":2,"name":"Les enfants indon\u00e9siens menac\u00e9s par la pollution atmosph\u00e9rique"}]},{"@type":"WebSite","@id":"https:\/\/www.humanium.org\/fr\/#website","url":"https:\/\/www.humanium.org\/fr\/","name":"Humanium","description":"Les enfants d\u2019abord !","potentialAction":[{"@type":"SearchAction","target":{"@type":"EntryPoint","urlTemplate":"https:\/\/www.humanium.org\/fr\/?s={search_term_string}"},"query-input":{"@type":"PropertyValueSpecification","valueRequired":true,"valueName":"search_term_string"}}],"inLanguage":"fr-FR"},{"@type":"Person","@id":"https:\/\/www.humanium.org\/fr\/#\/schema\/person\/821eed926e7ac8daf4b4a57b22b98922","name":"Igi Nderi","image":{"@type":"ImageObject","inLanguage":"fr-FR","@id":"https:\/\/secure.gravatar.com\/avatar\/c3555d8ec155dec16444525aa87bd13c55196bb158a681c4dc0d3e1b62260922?s=96&d=mm&r=g","url":"https:\/\/secure.gravatar.com\/avatar\/c3555d8ec155dec16444525aa87bd13c55196bb158a681c4dc0d3e1b62260922?s=96&d=mm&r=g","contentUrl":"https:\/\/secure.gravatar.com\/avatar\/c3555d8ec155dec16444525aa87bd13c55196bb158a681c4dc0d3e1b62260922?s=96&d=mm&r=g","caption":"Igi Nderi"},"sameAs":["https:\/\/www.linkedin.com\/in\/igi-nderi-012149115\/"],"url":"https:\/\/www.humanium.org\/fr\/author\/igi\/"}]}},"_links":{"self":[{"href":"https:\/\/www.humanium.org\/fr\/wp-json\/wp\/v2\/posts\/47701","targetHints":{"allow":["GET"]}}],"collection":[{"href":"https:\/\/www.humanium.org\/fr\/wp-json\/wp\/v2\/posts"}],"about":[{"href":"https:\/\/www.humanium.org\/fr\/wp-json\/wp\/v2\/types\/post"}],"author":[{"embeddable":true,"href":"https:\/\/www.humanium.org\/fr\/wp-json\/wp\/v2\/users\/41"}],"replies":[{"embeddable":true,"href":"https:\/\/www.humanium.org\/fr\/wp-json\/wp\/v2\/comments?post=47701"}],"version-history":[{"count":8,"href":"https:\/\/www.humanium.org\/fr\/wp-json\/wp\/v2\/posts\/47701\/revisions"}],"predecessor-version":[{"id":62729,"href":"https:\/\/www.humanium.org\/fr\/wp-json\/wp\/v2\/posts\/47701\/revisions\/62729"}],"wp:featuredmedia":[{"embeddable":true,"href":"https:\/\/www.humanium.org\/fr\/wp-json\/wp\/v2\/media\/47707"}],"wp:attachment":[{"href":"https:\/\/www.humanium.org\/fr\/wp-json\/wp\/v2\/media?parent=47701"}],"wp:term":[{"taxonomy":"category","embeddable":true,"href":"https:\/\/www.humanium.org\/fr\/wp-json\/wp\/v2\/categories?post=47701"},{"taxonomy":"post_tag","embeddable":true,"href":"https:\/\/www.humanium.org\/fr\/wp-json\/wp\/v2\/tags?post=47701"}],"curies":[{"name":"wp","href":"https:\/\/api.w.org\/{rel}","templated":true}]}}