{"id":49195,"date":"2020-12-15T14:42:42","date_gmt":"2020-12-15T14:42:42","guid":{"rendered":"https:\/\/www.humanium.org\/fr\/?p=49195"},"modified":"2026-08-21T03:22:46","modified_gmt":"2026-08-21T03:22:46","slug":"2020-une-annee-scolaire-perdue-limpact-du-covid-19-sur-leducation-en-afrique-de-lest-une-etude-de-cas-du-kenya","status":"publish","type":"post","link":"https:\/\/www.humanium.org\/fr\/2020-une-annee-scolaire-perdue-limpact-du-covid-19-sur-leducation-en-afrique-de-lest-une-etude-de-cas-du-kenya\/","title":{"rendered":"2020, une ann\u00e9e scolaire perdue ? L&rsquo;impact du Covid-19 sur l&rsquo;\u00e9ducation en Afrique de l&rsquo;Est : \u00e9tude de cas au Kenya"},"content":{"rendered":"\n<p class=\"wp-block-paragraph\"><strong>Une \u00e9tude men\u00e9e dans 9 pays <a href=\"https:\/\/www.humanium.org\/fr\/afrique\/\">d\u2019Afrique<\/a> (dont le <a href=\"https:\/\/www.humanium.org\/fr\/kenya\/\">Kenya<\/a>) par Human Rights Watch (HRW), entre avril et ao\u00fbt 2020, a r\u00e9v\u00e9l\u00e9 que le Covid-19 aggrave les in\u00e9galit\u00e9s, en emp\u00eachant les enfants vuln\u00e9rables de b\u00e9n\u00e9ficier d\u2019une <a href=\"https:\/\/www.humanium.org\/fr\/comprendre-droits-enfant\/droit-a-l-education\/\">\u00e9ducation<\/a> de qualit\u00e9 (Human Rights Watch, 2020). Le 11 novembre 2020, le <a href=\"https:\/\/www.humanium.org\/fr\/kenya\/\">Kenya<\/a> comptait 6 588 cas de Covid-19 et 1 154 morts (John Hopkins University, 2020). Malgr\u00e9 les efforts nationaux et les mesures strictes mises en place pour ralentir la propagation du virus, le pays continue de souffrir des r\u00e9percussions de la pand\u00e9mie (BBC, 2020).<\/strong><\/p>\n\n\n\n<p class=\"wp-block-paragraph\">Le sort des enfants est particuli\u00e8rement pr\u00e9occupant, ainsi que les menaces sur leur <a href=\"https:\/\/www.humanium.org\/fr\/comprendre-droits-enfant\/droit-a-l-education\/\">droit inali\u00e9nable et fondamental \u00e0 l\u2019\u00e9ducation<\/a>. Inscrit \u00e0 l\u2019article 53 (1) de la Constitution du <a href=\"https:\/\/www.humanium.org\/fr\/kenya\/\">Kenya<\/a> (Constitution de la R\u00e9publique du Kenya, 2010), le droit \u00e0 l\u2019\u00e9ducation est actuellement, plus que jamais, en danger. Dans un pays comptant un grand nombre d\u2019enfants d\u00e9favoris\u00e9s, la pand\u00e9mie mondiale restreint s\u00e9v\u00e8rement l\u2019acc\u00e8s des jeunes enfants \u00e0 une \u00e9ducation de qualit\u00e9, ce qui les expose dans le futur \u00e0 de graves violations des droits de l\u2019homme.<\/p>\n\n\n\n<h2 class=\"wp-block-heading\"><strong>Le droit \u00e0 l\u2019\u00e9ducation au Kenya pendant la pand\u00e9mie du Covid-19<\/strong><\/h2>\n\n\n\n<p class=\"wp-block-paragraph\">Les fermetures d\u2019\u00e9coles, en raison du Covid-19, compromettent la r\u00e9alisation des objectifs fix\u00e9s dans le plan de d\u00e9veloppement adopt\u00e9 par le Kenya (Kenya Vision 2030) pour parvenir \u00e0 une \u00e9ducation de qualit\u00e9 pour tous (Ngwacho, 2020). Ce plan d\u2019action sur 10 ans vise \u00e0 atteindre et r\u00e9aliser les Objectifs de d\u00e9veloppement durables (Assembl\u00e9e g\u00e9n\u00e9rale des Nations-Unies, 2015) et par l\u00e0 m\u00eame \u00e0 sauvegarder le droit \u00e0 l\u2019\u00e9ducation. Dans ce cadre, et avant que le virus du Covid-19 ne se propage \u00e0 travers le monde, le gouvernement avait privil\u00e9gi\u00e9 la culture num\u00e9rique via son programme \u00ab&nbsp;digischool&nbsp;\u00bb &#8211; qui vise \u00e0 \u00e9quiper tous les \u00e9tudiants avec les outils num\u00e9riques n\u00e9cessaires pour r\u00e9ussir dans le monde moderne (Autorit\u00e9 des TIC du Kenya).<\/p>\n\n\n\n<p class=\"wp-block-paragraph\">Suite au premier cas de Covid-19 dans le pays, le 13 mars 2020, les \u00e9coles ont brusquement ferm\u00e9 et sont rest\u00e9es ferm\u00e9es depuis, ce qui implique que les enfants de toute les tranches d\u2019\u00e2ges doivent refaire leur ann\u00e9e scolaire 2020 en 2021 (Njenga, 2020). La fermeture des \u00e9coles a affect\u00e9 plus de 18 millions d\u2019enfants au Kenya et a ainsi incit\u00e9 \u00e0 d\u00e9velopper un plan de r\u00e9ponse au Covid-19. (Plan d\u2019intervention d\u2019urgence pour l\u2019\u00e9ducation de base au Kenya face au COVID-19). <\/p>\n\n\n\n<p class=\"wp-block-paragraph\">A travers cette initiative, le gouvernement du Kenya a fourni un support p\u00e9dagogique \u00e0 distance en utilisant Internet et la t\u00e9l\u00e9vision et a encourag\u00e9 les institutions acad\u00e9miques \u00e0&nbsp; adapter leur mat\u00e9riel p\u00e9dagogique pour cr\u00e9er un environnement d\u2019enseignement en ligne plus accessible (Ngwacho, 202). Ce plan cible \u00e0 la fois les \u00e9tudiants vuln\u00e9rables et les professeurs et vise \u00e0 capitaliser sur l\u2019infrastructure radio existante pour am\u00e9liorer la possibilit\u00e9 d\u2019un \u00ab&nbsp; apprentissage communautaire&nbsp;\u00bb (Global Partnership, 2020).<\/p>\n\n\n\n<figure class=\"wp-block-image size-large\"><img loading=\"lazy\" decoding=\"async\" width=\"1024\" height=\"683\" src=\"https:\/\/www.humanium.org\/fr\/wp-content\/uploads\/2020\/12\/shutterstock_200973149-1024x683.jpg\" alt=\"\" class=\"wp-image-49201\" srcset=\"https:\/\/www.humanium.org\/fr\/wp-content\/uploads\/2020\/12\/shutterstock_200973149-1024x683.jpg 1024w, https:\/\/www.humanium.org\/fr\/wp-content\/uploads\/2020\/12\/shutterstock_200973149-300x200.jpg 300w, https:\/\/www.humanium.org\/fr\/wp-content\/uploads\/2020\/12\/shutterstock_200973149-768x512.jpg 768w, https:\/\/www.humanium.org\/fr\/wp-content\/uploads\/2020\/12\/shutterstock_200973149-1536x1024.jpg 1536w, https:\/\/www.humanium.org\/fr\/wp-content\/uploads\/2020\/12\/shutterstock_200973149-2048x1365.jpg 2048w, https:\/\/www.humanium.org\/fr\/wp-content\/uploads\/2020\/12\/shutterstock_200973149-830x553.jpg 830w, https:\/\/www.humanium.org\/fr\/wp-content\/uploads\/2020\/12\/shutterstock_200973149-230x153.jpg 230w, https:\/\/www.humanium.org\/fr\/wp-content\/uploads\/2020\/12\/shutterstock_200973149-350x233.jpg 350w, https:\/\/www.humanium.org\/fr\/wp-content\/uploads\/2020\/12\/shutterstock_200973149-480x320.jpg 480w, https:\/\/www.humanium.org\/fr\/wp-content\/uploads\/2020\/12\/shutterstock_200973149-272x182.jpg 272w\" sizes=\"auto, (max-width: 1024px) 100vw, 1024px\" \/><\/figure>\n\n\n\n<p class=\"wp-block-paragraph\">Selon les propos du Secr\u00e9taire du Cabinet charg\u00e9 de l\u2019\u00c9ducation et du Directeur g\u00e9n\u00e9ral du Minist\u00e8re de la Sant\u00e9, le Kenya donne avant tout la priorit\u00e9 au droit de tous les enfants k\u00e9nyans \u00e0 la vie&nbsp;: \u00ab&nbsp;Le Kenya n\u2019a pas \u00e0 s\u2019excuser de fermer des \u00e9coles pour sauver les enfants du Kenya, parce que chaque enfant a droit \u00e0 la vie&nbsp;\u00bb (Walufa, 2020), tandis que le pays planifie des \u00ab&nbsp;mesures marathon&nbsp;\u00bb \u00e0 long terme qu\u2019il sera n\u00e9cessaire de mettre en place pour garantir la qualit\u00e9 de l\u2019\u00e9ducation pour tous dans un monde post-Covid-19 (Onsongo, 2020).<\/p>\n\n\n\n<p class=\"wp-block-paragraph\">Le 12 octobre 2020, les \u00e9tudiants des groupes prioritaires, consid\u00e9r\u00e9s comme \u00ab&nbsp;candidats aux examens dans les ann\u00e9es de transition&nbsp;\u00bb, avaient demand\u00e9 de retourner \u00e0 l\u2019\u00e9cole, dans un environnement s\u00e9curis\u00e9 par rapport au Covid-19 (Muchunguh &amp; Nyamai, 2020) afin de passer leurs examens pour \u00e9viter que leur parcours scolaire ne soit affect\u00e9. Le pays fait encore face \u00e0 des probl\u00e8mes budg\u00e9taires et logistiques dans l\u2019application des mesures de distanciation sociales sur les campus scolaires (Wahito, 2020), ce qui a incit\u00e9 le Pr\u00e9sident \u00e0 r\u00e9clamer des actions suppl\u00e9mentaires (Muchunguh, 2020). Bien que le Minist\u00e8re de l\u2019\u00e9ducation fournisse des masques \u00e0 tous les enfants retournant \u00e0 l\u2019\u00e9cole, les probl\u00e8mes relatifs \u00e0 la disponibilit\u00e9 de l\u2019eau et de l\u2019assainissement signifient que les installations pour le lavage des mains ne peuvent pas \u00eatre garantis (Ambani, 2020).<\/p>\n\n\n\n<h2 class=\"wp-block-heading\"><strong>Quels sont les principaux d\u00e9fis pour garantir le droit \u00e0 l\u2019\u00e9ducation&nbsp;?<\/strong><\/h2>\n\n\n\n<h3 class=\"wp-block-heading\"><strong>L\u2019enseignement \u00e0 distance, la technologie et la culture num\u00e9rique<\/strong><\/h3>\n\n\n\n<p class=\"wp-block-paragraph\">Un des probl\u00e8mes les plus imm\u00e9diats est l\u2019incapacit\u00e9 du pays \u00e0 fournir des opportunit\u00e9s d\u2019enseignement \u00e0 distance efficace et accessible aux enfants. &nbsp;Les enfants marginalis\u00e9s, avec des difficult\u00e9s implicites comme ceux qui sont handicap\u00e9s, ceux qui vivent dans des logements informels, des bidonvilles ou des lieux isol\u00e9es&nbsp;ou encore les demandeurs d\u2019asile et les r\u00e9fugi\u00e9s ont un risque plus \u00e9lev\u00e9 de ne pas pouvoir b\u00e9n\u00e9ficier des opportunit\u00e9s d\u2019enseignement \u00e0 distance (Ngwacho, 2020). <\/p>\n\n\n\n<p class=\"wp-block-paragraph\">En 2016, 50% des K\u00e9nyans n\u2019avaient pas acc\u00e8s \u00e0 Internet (Conseil Economique et Social des Nations-Unies, 2016), de m\u00eame, les enfants n\u2019ont souvent pas acc\u00e8s \u00e0 Internet, aux ordinateurs portables ou aux smartphones connectables \u00e0 Internet pour mener \u00e0 bien leur travail (Human Rights Watch, 2020), malgr\u00e9 que le pr\u00e9c\u00e9dent gouvernement ait promis de fournir ces \u00e9quipements \u00e0 tous les enfants (Jelimo, 2020). Ce manque d\u2019acc\u00e8s, combin\u00e9 au co\u00fbt d\u2019Internet, est plus grave dans les r\u00e9gions rurales, cr\u00e9ant une fracture num\u00e9rique, qui exclut une grande majorit\u00e9 d\u2019\u00e9tudiants K\u00e9nyans de l\u2019enseignement (Ngwacho, 2020).<\/p>\n\n\n\n<p class=\"wp-block-paragraph\">M\u00eame dans les r\u00e9gions o\u00f9 les enfants ont acc\u00e8s \u00e0 Internet, les programmes d\u2019enseignement \u00e0 distance manquent d\u2019une infrastructure fiable, \u00e9tant donn\u00e9 que les professeurs ont une connaissance limit\u00e9e de l\u2019enseignement en ligne et que le pays a eu peu de temps pour se pr\u00e9parer \u00e0 ces r\u00e9alit\u00e9s (Jelimo, 2020). La mise \u00e0 disposition dans le cloud de mat\u00e9riel \u00e9ducatif par le Kenya Institute of Curriculum Development\u2019s (KICD) est une \u00e9tape positive. <\/p>\n\n\n\n<p class=\"wp-block-paragraph\">Cette organisation tente de centraliser l\u2019\u00e9ducation et l\u2019enseignement pour rendre les ressources scolaires vitales plus accessibles&nbsp;; cependant, ce mat\u00e9riel n\u2019est profitable que pour la minorit\u00e9 qui peut y acc\u00e9der (Njenga, 2020). Les \u00e9tudiants avec acc\u00e8s \u00e0 Internet ont r\u00e9v\u00e9l\u00e9 par la suite que le co\u00fbt de l\u2019acc\u00e8s \u00e0 Internet les force \u00e0 choisir quel mat\u00e9riel t\u00e9l\u00e9charger, limitant ainsi l\u2019impact des ressources disponibles (Human Rights Watch, 2020).<\/p>\n\n\n\n<h3 class=\"wp-block-heading\"><strong>Les effets n\u00e9gatifs sur les filles<\/strong><\/h3>\n\n\n\n<p class=\"wp-block-paragraph\">De mani\u00e8re disproportionn\u00e9e, les filles, en particulier celles venant de milieux \u00e0 faibles revenus, courent de plus le risque de subir l\u2019exclusion sociale par rapport aux opportunit\u00e9s d\u2019\u00e9ducation (Odhiambo, 2020).&nbsp; En ce qui concerne les disparit\u00e9s de genre pr\u00e9existantes, les filles, d\u00e9j\u00e0&nbsp; confront\u00e9es \u00e0 de graves obstacles \u00e0 leur acc\u00e8s \u00e0 l\u2019\u00e9ducation, tels que <a href=\"https:\/\/www.humanium.org\/fr\/mutilations-genitales\/\">la mutilation g\u00e9nitale f\u00e9minine (MGF<\/a>) et <a href=\"https:\/\/www.humanium.org\/fr\/mariage-enfants\/\">le mariage forc\u00e9 d\u2019enfants<\/a>, courent maintenant plus gravement le danger d\u2019\u00eatre expos\u00e9es aux violences, \u00e0 l\u2019exploitation sexuelle, au mariage infantile et au <a href=\"https:\/\/www.humanium.org\/fr\/exploitation\/\">trafic d\u2019enfants<\/a> (Odhiambo, 2020). Les \u00e9coles repr\u00e9sentent en g\u00e9n\u00e9ral \u00ab&nbsp;des refuges&nbsp;\u00bb pour les filles, ce qui signifie que ne pas aller \u00e0 l\u2019\u00e9cole les expose \u00e0 de plus grands risques de <a href=\"https:\/\/www.humanium.org\/fr\/exploitation\/\">violence et d\u2019exploitation sexuelle<\/a>, de <a href=\"https:\/\/www.humanium.org\/fr\/mariage-enfants\/\">mariage infantile<\/a> et de <a href=\"https:\/\/www.humanium.org\/fr\/exploitation\/\">trafic d\u2019enfants<\/a>. (Odhiambo, 2020).<\/p>\n\n\n\n<figure class=\"wp-block-image size-large\"><img loading=\"lazy\" decoding=\"async\" width=\"1024\" height=\"683\" src=\"https:\/\/www.humanium.org\/fr\/wp-content\/uploads\/2020\/12\/shutterstock_1600303408-1024x683.jpg\" alt=\"\" class=\"wp-image-49202\" srcset=\"https:\/\/www.humanium.org\/fr\/wp-content\/uploads\/2020\/12\/shutterstock_1600303408-1024x683.jpg 1024w, https:\/\/www.humanium.org\/fr\/wp-content\/uploads\/2020\/12\/shutterstock_1600303408-300x200.jpg 300w, https:\/\/www.humanium.org\/fr\/wp-content\/uploads\/2020\/12\/shutterstock_1600303408-768x512.jpg 768w, https:\/\/www.humanium.org\/fr\/wp-content\/uploads\/2020\/12\/shutterstock_1600303408-1536x1024.jpg 1536w, https:\/\/www.humanium.org\/fr\/wp-content\/uploads\/2020\/12\/shutterstock_1600303408-2048x1365.jpg 2048w, https:\/\/www.humanium.org\/fr\/wp-content\/uploads\/2020\/12\/shutterstock_1600303408-830x553.jpg 830w, https:\/\/www.humanium.org\/fr\/wp-content\/uploads\/2020\/12\/shutterstock_1600303408-230x153.jpg 230w, https:\/\/www.humanium.org\/fr\/wp-content\/uploads\/2020\/12\/shutterstock_1600303408-350x233.jpg 350w, https:\/\/www.humanium.org\/fr\/wp-content\/uploads\/2020\/12\/shutterstock_1600303408-480x320.jpg 480w, https:\/\/www.humanium.org\/fr\/wp-content\/uploads\/2020\/12\/shutterstock_1600303408-272x182.jpg 272w\" sizes=\"auto, (max-width: 1024px) 100vw, 1024px\" \/><\/figure>\n\n\n\n<p class=\"wp-block-paragraph\">Cela est mis en \u00e9vidence par des statistiques locales r\u00e9centes, qui montrent une augmentation du nombre de grossesses chez les adolescentes, du travail des enfants et des actes sexuels en \u00e9change de nourriture ou d\u2019argent, des faits d\u2019avantage \u00ab&nbsp;tol\u00e9r\u00e9s&nbsp;\u00bb en raison des circonstances provoqu\u00e9es par le Covid-19 (Kenya Citizen News TV, 2020). Ces atrocit\u00e9s ne sont souvent pas rapport\u00e9es. Ce qui reste clair, c\u2019est que les attentes traditionnelles concernant le r\u00f4le des jeunes filles, sont qu\u2019elles s\u2019occupent de l\u2019entretien de la maison et prennent soint des jeunes enfants, ce qui limite leur possibilit\u00e9 de participer \u00e0 l\u2019enseignement \u00e0 distance (Human Rights Watch, 2020).<\/p>\n\n\n\n<h3 class=\"wp-block-heading\"><strong>Pauvret\u00e9, ressources et enfants marginalis\u00e9s<\/strong><\/h3>\n\n\n\n<p class=\"wp-block-paragraph\">La pauvret\u00e9 et l\u2019in\u00e9galit\u00e9 g\u00e9n\u00e9ralis\u00e9es au Kenya posent de nombreux d\u00e9fis suppl\u00e9mentaires pour les enfants. Le syst\u00e8me d\u2019\u00e9ducation reste sous-financ\u00e9, comme en t\u00e9moigne le grand nombre d\u2019\u00e9coles publiques et priv\u00e9es actuellement incapables de payer leurs personnels et celles qui ont \u00e9t\u00e9 contraintes de convertir les espaces scolaires en petites fermes agricoles et pastorales afin de faire rentrer de l\u2019argent (BBC, 2020). En m\u00eame temps, les enfants en situation de pr\u00e9carit\u00e9, tels ceux qui sont handicap\u00e9s, qui vivent dans la pauvret\u00e9 (souvent dans des environnements de vie exigus et difficiles et manquant des biens de premi\u00e8re n\u00e9cessit\u00e9) ou ceux vivant \u00e0 proximit\u00e9 des zones de conflits arm\u00e9s et d\u2019ins\u00e9curit\u00e9, ont des risques suppl\u00e9mentaires d\u2019\u00eatre marginalis\u00e9s (Human Rights Watch, 2020).<\/p>\n\n\n\n<p class=\"wp-block-paragraph\">Avant la pand\u00e9mie, les enfants handicap\u00e9s ne recevaient d\u00e9j\u00e0 pas d\u2019aide appropri\u00e9e, tandis que ceux qui vivent dans les zones de conflits \u00e9taient souvent d\u00e9scolaris\u00e9s en raison des r\u00e9centes recrudescences d\u2019actes de terrorisme et\/ou d\u2019activit\u00e9s violentes (Human Rights Watch, 2020). Les \u00e9coles apportent aux enfants vuln\u00e9rables plus que simplement de l\u2019\u00e9ducation, puisqu\u2019elles fournissent souvent aussi des repas scolaires gratuits. De plus, alors que les parents font face \u00e0 la croissance du ch\u00f4mage, les enfants sont pouss\u00e9s au travail infantile et constituent une premi\u00e8re source de revenu pour la famille, sans le filet de s\u00e9curit\u00e9 de l\u2019\u00e9cole pour les prot\u00e9ger (Jelimo, 2020).<\/p>\n\n\n\n<h2 class=\"wp-block-heading\"><strong>Quelle est la bonne fa\u00e7on de progresser&nbsp;?<\/strong><\/h2>\n\n\n\n<p class=\"wp-block-paragraph\">Beaucoup de pays d\u2019Afrique de l\u2019Est ont un long chemin \u00e0 parcourir pour r\u00e9aliser l\u2019Objectif 4 du D\u00e9veloppement Durable &#8211; une \u00e9ducation de qualit\u00e9, inclusive et \u00e9quitable. Une plus grande allocation budg\u00e9taire est requise pour relever ce d\u00e9fi au Kenya (Global Partnership for Education, 2020). Le Rapporteur sp\u00e9cial sur l\u2019\u00e9ducation des Nations-Unies a r\u00e9p\u00e9t\u00e9 que le droit fondamental \u00e0 l\u2019\u00e9ducation devait \u00eatre prot\u00e9g\u00e9, m\u00eame en temps d\u2019urgence (Conseil des droits de l\u2019homme des Nations-Unies, 2020), rappelant les principes soulign\u00e9s \u00e0 l\u2019article 17 de la Charte africaine des droits de l\u2019homme et des peuples et \u00e0 l\u2019article 11 de la Charte africaine pour les droits et le bien-\u00eatre de l\u2019enfant (Human Rights Watch, 2020). <\/p>\n\n\n\n<p class=\"wp-block-paragraph\">En pratique, comme d\u00e9montr\u00e9 par l\u2019attribution r\u00e9cente de bourses d\u2019\u00e9tudes (Odhiambo, 2020) et comme soulign\u00e9 dans les 4 principes de <a href=\"https:\/\/www.humanium.org\/fr\/convention\/\">la Convention relative aux droits de l\u2019enfant (CDE)<\/a> (Conseil des droits de l\u2019homme des Nations-Unies, 2020) pour \u00e9valuer les probl\u00e8mes et les priorit\u00e9s et assurer qu\u2019aucun enfant vuln\u00e9rable n\u2019est laiss\u00e9 de c\u00f4t\u00e9, l\u2019\u00e9ducation doit s\u2019aligner sur les principes de&nbsp;:<\/p>\n\n\n\n<ol class=\"wp-block-list\" type=\"1\"><li><strong>Disponibilit\u00e9<\/strong> &#8211; Ces syst\u00e8mes sont en place pour permettre de pouvoir suivre l\u2019enseignement en pr\u00e9sentiel en toute s\u00e9curit\u00e9 (dans le cas des \u00e9tudiants en ann\u00e9es de transition) et l\u2019enseignement \u00e0 distance.<\/li><li><strong>Accessibilit\u00e9<\/strong> &#8211; Ces enfants sont en mesure de participer \u00e0 des cours \u00e0 distance, ceci en prenant en compte les probl\u00e8mes sp\u00e9cifiques socio-politiques et culturels rencontr\u00e9s par les enfants vuln\u00e9rables et les filles. \u00c9valuer et tracer l\u2019accessibilit\u00e9 \u00e0 l\u2019\u00e9ducation \u00e0 travers le pays serait utile dans ce cas.<\/li><li><strong>Acceptabilit\u00e9<\/strong> &#8211; Que l\u2019enseignement en pr\u00e9sentiel et \u00e0 distance fournit durant la pand\u00e9mie soit de qualit\u00e9 et que le mat\u00e9riel didactique soit culturellement adapt\u00e9 aux enfants.<\/li><li><strong>Adaptabilit\u00e9<\/strong> &#8211; Que l\u2019\u00e9ducation fournie pendant cette p\u00e9riode soit adaptable aux besoins changeants de la soci\u00e9t\u00e9 face \u00e0 la pand\u00e9mie et soutienne tous les param\u00e9trages culturels.<\/li><\/ol>\n\n\n\n<p class=\"wp-block-paragraph\">Le cadre \u00e9tabli par ces 4 principes est un outil performant pour contextualiser les in\u00e9galit\u00e9s et b\u00e2tir une culture d\u2019inclusivit\u00e9 et de coop\u00e9ration dans les syst\u00e8mes \u00e9ducatifs, en pr\u00e9servant les droits humains des enfants en ces temps dangereux. Les risques pour la sant\u00e9 physique et mentale (tels que la d\u00e9pression, l\u2019anxi\u00e9t\u00e9 et l\u2019isolement) auxquels les enfants sont expos\u00e9s dans le climat actuel sont graves (Human Rights Watch, 2020). La CDE ne contient pas de clause de d\u00e9rogation et donc le droit \u00e0 l\u2019\u00e9ducation doit \u00eatre prot\u00e9g\u00e9 alors que les mesures pour r\u00e9duire ces droits dans le but de prot\u00e9ger la sant\u00e9 publique \u00ab&nbsp;doivent \u00eatre impos\u00e9es en cas de n\u00e9cessit\u00e9 seulement, proportionnelles et maintenues \u00e0 un minimum absolu&nbsp;\u00bb (Conseil des droits de l\u2019homme, 2020). <\/p>\n\n\n\n<p class=\"wp-block-paragraph\">Ces interventions doivent \u00eatre appliqu\u00e9es dans l\u2019esprit de l\u2019article 3(1) de la CDE, qui \u00e9tablit les \u00ab&nbsp;meilleurs int\u00e9r\u00eats de l\u2019enfant&nbsp;\u00bb comme un principe d\u2019importance capitale (Convention relative aux droits de l\u2019enfant des Nations-Unies, 1989). Il &nbsp;a \u00e9t\u00e9 d\u00e9montr\u00e9 que les \u00e9coles sont le meilleur moyen pour les \u00e9l\u00e8ves de r\u00e9aliser leur plein potentiel et, pour reprendre les propos du Dr. Amoth, Directeur g\u00e9n\u00e9ral au Minist\u00e8re de la Sant\u00e9 : \u00ab&nbsp;Nous ne pouvons pas perdre une g\u00e9n\u00e9ration \u00e0 cause d\u2019une pand\u00e9mie&nbsp;\u00bb (Munchunguh &amp; Nyamai, 2020).<\/p>\n\n\n\n<figure class=\"wp-block-image size-large\"><img loading=\"lazy\" decoding=\"async\" width=\"1024\" height=\"683\" src=\"https:\/\/www.humanium.org\/fr\/wp-content\/uploads\/2020\/12\/shutterstock_1406504417-1024x683.jpg\" alt=\"\" class=\"wp-image-49203\" srcset=\"https:\/\/www.humanium.org\/fr\/wp-content\/uploads\/2020\/12\/shutterstock_1406504417-1024x683.jpg 1024w, https:\/\/www.humanium.org\/fr\/wp-content\/uploads\/2020\/12\/shutterstock_1406504417-300x200.jpg 300w, https:\/\/www.humanium.org\/fr\/wp-content\/uploads\/2020\/12\/shutterstock_1406504417-768x512.jpg 768w, https:\/\/www.humanium.org\/fr\/wp-content\/uploads\/2020\/12\/shutterstock_1406504417-1536x1024.jpg 1536w, https:\/\/www.humanium.org\/fr\/wp-content\/uploads\/2020\/12\/shutterstock_1406504417-2048x1365.jpg 2048w, https:\/\/www.humanium.org\/fr\/wp-content\/uploads\/2020\/12\/shutterstock_1406504417-830x553.jpg 830w, https:\/\/www.humanium.org\/fr\/wp-content\/uploads\/2020\/12\/shutterstock_1406504417-230x153.jpg 230w, https:\/\/www.humanium.org\/fr\/wp-content\/uploads\/2020\/12\/shutterstock_1406504417-350x233.jpg 350w, https:\/\/www.humanium.org\/fr\/wp-content\/uploads\/2020\/12\/shutterstock_1406504417-480x320.jpg 480w, https:\/\/www.humanium.org\/fr\/wp-content\/uploads\/2020\/12\/shutterstock_1406504417-272x182.jpg 272w\" sizes=\"auto, (max-width: 1024px) 100vw, 1024px\" \/><\/figure>\n\n\n\n<p class=\"wp-block-paragraph\"><strong>\u00c0 <a href=\"https:\/\/www.humanium.org\/fr\/qui-sommes-nous\/\">Humanium<\/a>, nous cherchons \u00e0 faire prendre conscience de l\u2019importance des droits des enfants \u00e0 l\u2019\u00e9ducation, \u00e0 la <a href=\"https:\/\/www.humanium.org\/fr\/comprendre-droits-enfant\/droit-a-la-vie\/\">vie<\/a> et \u00e0 la <a href=\"https:\/\/www.humanium.org\/fr\/comprendre-droits-enfant\/protection\/\">protection<\/a>. Rejoignez-nous pour faire des droits de l\u2019enfant \u00e0 un environnement s\u00e9curis\u00e9 et \u00e0 une \u00e9ducation accessible une r\u00e9alit\u00e9, en sponsorisant un enfant, en faisant un don ou en devenant volontaire !<\/strong><\/p>\n\n\n\n<p class=\"wp-block-paragraph\"><strong><em>Ecrit par Vanessa Cezarita Cordeiro&nbsp;<\/em><\/strong><\/p>\n\n\n\n<p class=\"wp-block-paragraph\"><strong><em>Traduit par Laurence Mortier<\/em><\/strong><\/p>\n\n\n\n<h4 class=\"wp-block-heading\" id=\"block-f3b6b3ef-2d72-490f-8296-c2b30f6862f7\"><strong>Pour plus d\u2019information :<\/strong><\/h4>\n\n\n\n<p class=\"has-small-font-size wp-block-paragraph\" id=\"block-25fc3f3c-2deb-4fbc-9328-851932568a61\">Committee on The Rights of the Child. (2020, April 8). <em>The Committee on the Rights of the Child warns of the grave physical, emotional and psychological effects of the COVID-19 pandemic on children and calls on States to protect the rights of children.<\/em><\/p>\n\n\n\n<p class=\"has-small-font-size wp-block-paragraph\" id=\"block-6d25e532-c45d-4e35-8ba6-a547384a016a\"><a href=\"https:\/\/kicd.ac.ke\/\" target=\"_blank\" rel=\"noreferrer noopener\">Kenya Institute of Curriculum Development<\/a><\/p>\n\n\n\n<p class=\"has-small-font-size wp-block-paragraph\" id=\"block-6a22d778-78a3-4ce1-aab8-a191124bf7ac\">Kenya National Union of Teachers, Universities Academic Staff Union and Kenya Human Rights Commission to the National Emergency Response Committee on Coronavirus. (2020, May 27). <em>Effects of Coronavirus Pandemic on Education &#8211; Mitigation Measures, Analysis and Recommendations on Reopening of Schools, Colleges and Universities.<\/em><\/p>\n\n\n\n<p class=\"has-small-font-size wp-block-paragraph\" id=\"block-a2f2d267-adfc-4d9b-b04b-32fe093c9d31\">Republic of Kenya Ministry of Education. (2020, May). State Department of Early Learning and Basic Education Kenya Basic Education COVID-19 Emergency Response Plan.<\/p>\n\n\n\n<p class=\"has-small-font-size wp-block-paragraph\" id=\"block-9f619385-5074-4c65-8107-48bb99c0c60d\"><a href=\"https:\/\/www.hrw.org\/sites\/default\/files\/media_2020\/08\/Discussion%20Paper%20-%20Covid%20for%20ACERWC.pdf\" target=\"_blank\" rel=\"noreferrer noopener\">Human Rights Watch. (2020, August 31). Impact of COVID-19 on Children&rsquo;s Education in Africa Submission to The African Committee of Experts on the Rights and Welfare of the Child.<\/a><\/p>\n\n\n\n<p class=\"has-small-font-size wp-block-paragraph\" id=\"block-53315f79-0ef4-4423-9d1c-0b6629e7af3b\"><a href=\"https:\/\/www.ohchr.org\/EN\/Issues\/Education\/Training\/Compilation\/Pages\/d)GeneralCommentNo13Therighttoeducation(article13)(1999).aspx\"><strong>General Comment No. 13: The right to education (article 13) (1999) <\/strong><\/a><a href=\"https:\/\/www.ohchr.org\/EN\/Issues\/Education\/Training\/Compilation\/Pages\/d)GeneralCommentNo13Therighttoeducation(article13)(1999).aspx\" target=\"_blank\" rel=\"noreferrer noopener\"><em>(Adopted by the Committee on Economic, Social and Cultural Rights at the Twenty-first Session, E\/C.12\/1999\/10, 8 December 1999)<\/em><\/a><\/p>\n\n\n\n<p class=\"has-small-font-size wp-block-paragraph\" id=\"block-53cae55d-76fa-42bb-a025-b913859de216\"><a href=\"https:\/\/www.ohchr.org\/EN\/Issues\/Education\/Training\/Compilation\/Pages\/a)GeneralCommentNo1TheAimsofEducation(article29)(2001).aspx\" target=\"_blank\" rel=\"noreferrer noopener\"><strong><em>General Comment No. 1: The Aims of Education (article 29) (2001) <\/em><\/strong><\/a><a href=\"https:\/\/www.ohchr.org\/EN\/Issues\/Education\/Training\/Compilation\/Pages\/a)GeneralCommentNo1TheAimsofEducation(article29)(2001).aspx\"><em>(Adopted by the Committee on the Rights of the Child at the Twenty-sixth Session, CRC\/GC\/2001\/1, 17 April 2001)&nbsp;<\/em><\/a><\/p>\n\n\n\n<h4 class=\"wp-block-heading\" id=\"block-2b7694bd-4035-4708-ba68-16e5b027161f\"><strong>R\u00e9f\u00e9rences<\/strong> :<\/h4>\n\n\n\n<p class=\"has-small-font-size wp-block-paragraph\" id=\"block-57ef97f7-b658-4927-9892-ae693b7a3ee4\"><a href=\"https:\/\/nation.africa\/kenya\/counties\/kakamega\/village-schools-struggle-to-cope-with-covid-19-rules-2731412\" target=\"_blank\" rel=\"noreferrer noopener\">Ambani, S. (2020, November 5). <em>How village schools are struggling to cope with COVID-19 health protocols.<\/em><\/a><\/p>\n\n\n\n<p class=\"has-small-font-size wp-block-paragraph\" id=\"block-4a2010ac-997f-4df8-be57-e184883f9203\"><a href=\"https:\/\/www.bbc.co.uk\/news\/world-africa-53846442\" target=\"_blank\" rel=\"noreferrer noopener\">BBC. (2020, August 25). Coronavirus in Kenya: How it turned classrooms into chicken coops.<\/a><\/p>\n\n\n\n<p class=\"has-small-font-size wp-block-paragraph\" id=\"block-45886c2a-3e0c-4470-bfd6-ef3fc595bef2\"><a href=\"https:\/\/www.globalpartnership.org\/where-we-work\/kenya\" target=\"_blank\" rel=\"noreferrer noopener\">Global Partnership for Education. <em>Kenya: Putting education at the center of development COVID-19 Response<\/em><\/a><a href=\"https:\/\/www.globalpartnership.org\/where-we-work\/kenya\">.<\/a><\/p>\n\n\n\n<p class=\"has-small-font-size wp-block-paragraph\" id=\"block-38839a85-ab22-41fe-b3f2-6363347b6811\">Human Rights Watch. (2020, August 26). <em>Impact of COVID-19 on Children&rsquo;s Education in Africa &#8211; 35th Ordinary Session.<\/em><\/p>\n\n\n\n<p class=\"has-small-font-size wp-block-paragraph\" id=\"block-d88dbc2f-26c5-423d-9da9-c5fa4a793f83\"><a href=\"https:\/\/www.ohchr.org\/Documents\/Issues\/Education\/A_HRC_44_39_AdvanceUneditedVersion.docx\" target=\"_blank\" rel=\"noreferrer noopener\">Human Rights Council. (2020, June 15). Right to education: impact of the COVID-19 crisis on the right to education; concerns, challenges and opportunities. Report of the Special Rapporteur on the right to education. Human Rights Council Forty-fourth session. A\/HRC\/44\/39.<\/a><\/p>\n\n\n\n<p class=\"has-small-font-size wp-block-paragraph\" id=\"block-85b3cf92-7ce2-4312-8338-96d23ebecc3d\">Jelimo, C. (2020, August 31). <em>Impact of COVID-19 on the right to education in Kenya.<\/em><\/p>\n\n\n\n<p class=\"has-small-font-size wp-block-paragraph\" id=\"block-f46e7d74-4261-45d5-b572-d8ec024c59be\">John Hopkins Research Center. (2020, November 11). Coronavirus Resource Center.<\/p>\n\n\n\n<p class=\"has-small-font-size wp-block-paragraph\" id=\"block-c51b2fe7-a7e6-477f-a1ad-8babef663bc6\">Kenya Basic Education COVID-19 Emergency Response Plan, Ministry of Education State Department of Early Learning and Basic Education. May 2020.<\/p>\n\n\n\n<p class=\"has-small-font-size wp-block-paragraph\" id=\"block-bb8871f6-4695-41b1-a130-0fcc8adfc14f\"><a href=\"https:\/\/www.youtube.com\/watch?v=I11hi1XMoac\" target=\"_blank\" rel=\"noreferrer noopener\">Kenya Citizen News Tv. (2020, October 10). <em>Teen Pregnancy Pandemic, Many girls will not resume schools when they partially open on Monday.<\/em><\/a><\/p>\n\n\n\n<p class=\"has-small-font-size wp-block-paragraph\" id=\"block-01163fb1-b325-4b9d-9ae3-6efdcad7078e\"><a href=\"https:\/\/www.youtube.com\/watch?v=N0SYSeg41Js\" target=\"_blank\" rel=\"noreferrer noopener\">Kenya Citizen News TV. (2020, October 6). <em>Some parents want reopening of schools pushed to January 2021.<\/em><\/a><\/p>\n\n\n\n<p class=\"has-small-font-size wp-block-paragraph\" id=\"block-a43a7eb3-2589-4b47-9979-9af53f700071\"><a href=\"http:\/\/kenyalaw.org\/kl\/index.php?id=398\" target=\"_blank\" rel=\"noreferrer noopener\">Laws of the Republic of Kenya, Constitution of Kenya 2010<\/a>.<\/p>\n\n\n\n<p class=\"has-small-font-size wp-block-paragraph\" id=\"block-1f27bbc1-51a3-4165-a0ab-cfc3b89d116a\"><a href=\"https:\/\/nation.africa\/kenya\/news\/new-school-opening-date-presents-2021-transition-headache-2731238\" target=\"_blank\" rel=\"noreferrer noopener\">Muchunguh, D. (2020, November 2). <em>New school opening date presents 2021 transition headache.<\/em><\/a><\/p>\n\n\n\n<p class=\"has-small-font-size wp-block-paragraph\" id=\"block-b57d4ef3-181a-4cb9-9b59-55db752c8ddb\"><a href=\"https:\/\/nation.africa\/kenya\/news\/education\/2021-it-is-for-kenyan-schools-2731188\" target=\"_blank\" rel=\"noreferrer noopener\">Muchunguh, D. (2020, November 2). <em>2021 it is for Kenyan schools.<\/em><\/a><\/p>\n\n\n\n<p class=\"has-small-font-size wp-block-paragraph\" id=\"block-bd84fc91-2717-4a45-876f-e8dcfbb86efc\"><a href=\"https:\/\/nation.africa\/kenya\/news\/new-school-opening-date-presents-2021-transition-headache-2731238\" target=\"_blank\" rel=\"noreferrer noopener\">Muchunguh, D. (2020, November 2). <em>New school opening date presents 2021 transition headache<\/em><\/a><a href=\"https:\/\/nation.africa\/kenya\/news\/new-school-opening-date-presents-2021-transition-headache-2731238\">.<\/a><\/p>\n\n\n\n<p class=\"has-small-font-size wp-block-paragraph\" id=\"block-2761913e-9fd1-4111-a322-ecce40f35ccb\"><a href=\"https:\/\/allafrica.com\/stories\/202010200865.html\" target=\"_blank\" rel=\"noreferrer noopener\">Muchunguh, D and Nyamai, F. (2020, October 20). <em>Kenya: Back-to-school in Limbo Amid COVID-19 Spike.<\/em><\/a><\/p>\n\n\n\n<p class=\"has-small-font-size wp-block-paragraph\" id=\"block-837e1eef-bc45-41f0-88f5-82c7a3aa6dac\"><a href=\"https:\/\/nation.africa\/kenya\/news\/education\/full-school-reopening-plans-in-top-gear-2726040\" target=\"_blank\" rel=\"noreferrer noopener\">Muchunguh, D &amp; Nyamai, F. (2020, October 30). <em>Full school reopening plans in top gear<\/em><\/a><a href=\"https:\/\/nation.africa\/kenya\/news\/education\/full-school-reopening-plans-in-top-gear-2726040\">.<\/a><\/p>\n\n\n\n<p class=\"has-small-font-size wp-block-paragraph\" id=\"block-34e80146-940a-4cef-a593-17bb02659d15\"><a href=\"https:\/\/www.researchgate.net\/publication\/342514992_COVID-19_Pandemic_Impact_on_Kenyan_Education_Sector_Learner_Challenges_and_Mitigations\" target=\"_blank\" rel=\"noreferrer noopener\">Ngwacho, A.G. (2020). COVID-19 Pandemic Impact on Kenyan Education Sector: Learner Challenges and Mitigations. <em>Journal of Research Innovation and Implications in Education<\/em><\/a><a href=\"https:\/\/www.researchgate.net\/publication\/342514992_COVID-19_Pandemic_Impact_on_Kenyan_Education_Sector_Learner_Challenges_and_Mitigations\">, 4.<\/a><\/p>\n\n\n\n<p class=\"has-small-font-size wp-block-paragraph\" id=\"block-2247302a-44cf-4367-ad50-edbd07a26e54\"><a href=\"https:\/\/kenyaconnection.org\/the-impact-of-covid-19-on-education-in-kenya\/\" target=\"_blank\" rel=\"noreferrer noopener\">Njenga, G. <em>The Impact of COVID-19 on Education in Kenya<\/em><\/a><a href=\"https:\/\/kenyaconnection.org\/the-impact-of-covid-19-on-education-in-kenya\/\">.<\/a><\/p>\n\n\n\n<p class=\"has-small-font-size wp-block-paragraph\" id=\"block-426f93d0-943c-4bda-92e4-1e113616ab5f\"><a href=\"https:\/\/www.globalpartnership.org\/blog\/realizing-right-education-during-global-health-crisis\" target=\"_blank\" rel=\"noreferrer noopener\">Nyanjong, A. (2020, September 28). <em>Realizing the Right to Education During the Global Health Crisis.<\/em><\/a><\/p>\n\n\n\n<p class=\"has-small-font-size wp-block-paragraph\" id=\"block-1b550342-8b75-4bcb-a76d-3fe246b1d0ca\"><a href=\"https:\/\/www.hrw.org\/news\/2020\/04\/15\/how-girls-education-and-safety-will-be-harmed-covid-response\" target=\"_blank\" rel=\"noreferrer noopener\">Odhiambo, A. (2020, April 15). <em>How girls\u00b4 education and safety will be harmed by the COVID response<\/em><\/a><a href=\"https:\/\/www.hrw.org\/news\/2020\/04\/15\/how-girls-education-and-safety-will-be-harmed-covid-response\">.<\/a><\/p>\n\n\n\n<p class=\"has-small-font-size wp-block-paragraph\" id=\"block-18762c17-7d5d-4321-b113-7003373ea4a3\"><a href=\"https:\/\/nation.africa\/kenya\/news\/education\/uhuru-to-lead-talks-on-school-reopening-tomorrow-2729200\" target=\"_blank\" rel=\"noreferrer noopener\">Onsongo, D. (2020, November 2). <em>Uhuru to lead talks on school reopening tomorrow.<\/em><\/a><\/p>\n\n\n\n<p class=\"has-small-font-size wp-block-paragraph\" id=\"block-1526539e-d7a4-4a5e-818b-2383deb127b1\"><a href=\"https:\/\/nation.africa\/kenya\/counties\/busia\/52-students-test-positive-for-covid-19-in-busia-2729810\" target=\"_blank\" rel=\"noreferrer noopener\">Ojamaa, B. (2020, November 3). <em>52 students test positive for COVID-19 in Busia<\/em><\/a><a href=\"https:\/\/nation.africa\/kenya\/counties\/busia\/52-students-test-positive-for-covid-19-in-busia-2729810\">.<\/a><\/p>\n\n\n\n<p class=\"has-small-font-size wp-block-paragraph\" id=\"block-1e07db7e-99d1-492e-ae84-e544fb35fd84\">United Nations Economic and Social Council. (2016, April 6). Concluding Observations on the combined second to fifth periodic reports of Kenya Committee on Economic, Social and Cultural Rights. E\/C.12?KEN\/CO\/2-5.<\/p>\n\n\n\n<p class=\"has-small-font-size wp-block-paragraph\" id=\"block-d7b52c70-8ae2-4c86-a5c9-08b2632d74a8\"><a href=\"https:\/\/allafrica.com\/stories\/202008100414.html\" target=\"_blank\" rel=\"noreferrer noopener\">Wafula, C. (2020, August 10). <em>Kenya: Govt to offer Sh7 Billion Loans to Bail Out Private Schools &#8211; COVID-19.<\/em><\/a><\/p>\n\n\n\n<p class=\"has-small-font-size wp-block-paragraph\" id=\"block-c9ce5c1e-63fc-4141-9811-ce084c5ff3ab\"><a href=\"https:\/\/nation.africa\/kenya\/news\/education\/school-calendar-in-disarray-due-to-covid-19-crisis-2726892\" target=\"_blank\" rel=\"noreferrer noopener\">Wahito, K. (2020, October 29). <em>School calendar in disarray due to COVID-19 crisis.<\/em><\/a><\/p>\n\n\n\n<p class=\"has-small-font-size wp-block-paragraph\" id=\"block-b8670017-281f-47f8-922a-f7323a9d6153\">World Bank. (2020, May 26). <em>Education Systems\u2019 Response to COVID-19.<\/em><\/p>\n","protected":false},"excerpt":{"rendered":"<p>Une \u00e9tude men\u00e9e dans 9 pays d\u2019Afrique (dont le Kenya) par Human Rights Watch (HRW), entre avril et ao\u00fbt 2020, a r\u00e9v\u00e9l\u00e9 que le Covid-19 aggrave les in\u00e9galit\u00e9s, en emp\u00eachant les enfants vuln\u00e9rables de b\u00e9n\u00e9ficier d\u2019une \u00e9ducation de qualit\u00e9 (Human Rights Watch, 2020). Le 11 novembre 2020, le Kenya comptait 6 588 cas de Covid-19 [&hellip;]<\/p>\n","protected":false},"author":69,"featured_media":49200,"comment_status":"closed","ping_status":"closed","sticky":false,"template":"","format":"standard","meta":{"footnotes":""},"categories":[220,5,10],"tags":[],"class_list":["post-49195","post","type-post","status-publish","format-standard","has-post-thumbnail","hentry","category-droits-des-enfants","category-education","category-sante"],"yoast_head":"<!-- This site is optimized with the Yoast SEO plugin v28.3 - https:\/\/yoast.com\/product\/yoast-seo-wordpress\/ -->\n<title>2020, une ann\u00e9e scolaire perdue ? L&#039;impact du Covid-19 sur l&#039;\u00e9ducation en Afrique de l&#039;Est : \u00e9tude de cas au Kenya - Humanium<\/title>\n<meta name=\"description\" content=\"Malgr\u00e9 les efforts nationaux et les mesures strictes mises en place pour ralentir la propagation du virus, le pays continue de souffrir des r\u00e9percussions de la pand\u00e9mie.\" \/>\n<meta name=\"robots\" content=\"index, follow, max-snippet:-1, max-image-preview:large, max-video-preview:-1\" \/>\n<link rel=\"canonical\" href=\"https:\/\/www.humanium.org\/fr\/2020-une-annee-scolaire-perdue-limpact-du-covid-19-sur-leducation-en-afrique-de-lest-une-etude-de-cas-du-kenya\/\" \/>\n<meta property=\"og:locale\" content=\"fr_FR\" \/>\n<meta property=\"og:type\" content=\"article\" \/>\n<meta property=\"og:title\" content=\"2020, une ann\u00e9e scolaire perdue ? L&#039;impact du Covid-19 sur l&#039;\u00e9ducation en Afrique de l&#039;Est : \u00e9tude de cas au Kenya - Humanium\" \/>\n<meta property=\"og:description\" content=\"Malgr\u00e9 les efforts nationaux et les mesures strictes mises en place pour ralentir la propagation du virus, le pays continue de souffrir des r\u00e9percussions de la pand\u00e9mie.\" \/>\n<meta property=\"og:url\" content=\"https:\/\/www.humanium.org\/fr\/2020-une-annee-scolaire-perdue-limpact-du-covid-19-sur-leducation-en-afrique-de-lest-une-etude-de-cas-du-kenya\/\" \/>\n<meta property=\"og:site_name\" content=\"Humanium\" \/>\n<meta property=\"article:published_time\" content=\"2020-12-15T14:42:42+00:00\" \/>\n<meta property=\"article:modified_time\" content=\"2026-08-21T03:22:46+00:00\" \/>\n<meta property=\"og:image\" content=\"https:\/\/www.humanium.org\/fr\/wp-content\/uploads\/2020\/12\/shutterstock_1319903210.jpg\" \/>\n\t<meta property=\"og:image:width\" content=\"1000\" \/>\n\t<meta property=\"og:image:height\" content=\"667\" \/>\n\t<meta property=\"og:image:type\" content=\"image\/jpeg\" \/>\n<meta name=\"author\" content=\"Humanium\" \/>\n<meta name=\"twitter:card\" content=\"summary_large_image\" \/>\n<meta name=\"twitter:label1\" content=\"\u00c9crit par\" \/>\n\t<meta name=\"twitter:data1\" content=\"Humanium\" \/>\n\t<meta name=\"twitter:label2\" content=\"Dur\u00e9e de lecture estim\u00e9e\" \/>\n\t<meta name=\"twitter:data2\" content=\"14 minutes\" \/>\n<script type=\"application\/ld+json\" class=\"yoast-schema-graph\">{\"@context\":\"https:\\\/\\\/schema.org\",\"@graph\":[{\"@type\":\"Article\",\"@id\":\"https:\\\/\\\/www.humanium.org\\\/fr\\\/2020-une-annee-scolaire-perdue-limpact-du-covid-19-sur-leducation-en-afrique-de-lest-une-etude-de-cas-du-kenya\\\/#article\",\"isPartOf\":{\"@id\":\"https:\\\/\\\/www.humanium.org\\\/fr\\\/2020-une-annee-scolaire-perdue-limpact-du-covid-19-sur-leducation-en-afrique-de-lest-une-etude-de-cas-du-kenya\\\/\"},\"author\":{\"name\":\"Humanium\",\"@id\":\"https:\\\/\\\/www.humanium.org\\\/fr\\\/#\\\/schema\\\/person\\\/d798d6c7d59ba2307e0877f61a20ce3e\"},\"headline\":\"2020, une ann\u00e9e scolaire perdue ? L&rsquo;impact du Covid-19 sur l&rsquo;\u00e9ducation en Afrique de l&rsquo;Est : \u00e9tude de cas au Kenya\",\"datePublished\":\"2020-12-15T14:42:42+00:00\",\"dateModified\":\"2026-08-21T03:22:46+00:00\",\"mainEntityOfPage\":{\"@id\":\"https:\\\/\\\/www.humanium.org\\\/fr\\\/2020-une-annee-scolaire-perdue-limpact-du-covid-19-sur-leducation-en-afrique-de-lest-une-etude-de-cas-du-kenya\\\/\"},\"wordCount\":2878,\"image\":{\"@id\":\"https:\\\/\\\/www.humanium.org\\\/fr\\\/2020-une-annee-scolaire-perdue-limpact-du-covid-19-sur-leducation-en-afrique-de-lest-une-etude-de-cas-du-kenya\\\/#primaryimage\"},\"thumbnailUrl\":\"https:\\\/\\\/www.humanium.org\\\/fr\\\/wp-content\\\/uploads\\\/2020\\\/12\\\/shutterstock_1319903210.jpg\",\"articleSection\":[\"Droits des enfants\",\"Education\",\"Sant\u00e9\"],\"inLanguage\":\"fr-FR\"},{\"@type\":\"WebPage\",\"@id\":\"https:\\\/\\\/www.humanium.org\\\/fr\\\/2020-une-annee-scolaire-perdue-limpact-du-covid-19-sur-leducation-en-afrique-de-lest-une-etude-de-cas-du-kenya\\\/\",\"url\":\"https:\\\/\\\/www.humanium.org\\\/fr\\\/2020-une-annee-scolaire-perdue-limpact-du-covid-19-sur-leducation-en-afrique-de-lest-une-etude-de-cas-du-kenya\\\/\",\"name\":\"2020, une ann\u00e9e scolaire perdue ? L'impact du Covid-19 sur l'\u00e9ducation en Afrique de l'Est : \u00e9tude de cas au Kenya - Humanium\",\"isPartOf\":{\"@id\":\"https:\\\/\\\/www.humanium.org\\\/fr\\\/#website\"},\"primaryImageOfPage\":{\"@id\":\"https:\\\/\\\/www.humanium.org\\\/fr\\\/2020-une-annee-scolaire-perdue-limpact-du-covid-19-sur-leducation-en-afrique-de-lest-une-etude-de-cas-du-kenya\\\/#primaryimage\"},\"image\":{\"@id\":\"https:\\\/\\\/www.humanium.org\\\/fr\\\/2020-une-annee-scolaire-perdue-limpact-du-covid-19-sur-leducation-en-afrique-de-lest-une-etude-de-cas-du-kenya\\\/#primaryimage\"},\"thumbnailUrl\":\"https:\\\/\\\/www.humanium.org\\\/fr\\\/wp-content\\\/uploads\\\/2020\\\/12\\\/shutterstock_1319903210.jpg\",\"datePublished\":\"2020-12-15T14:42:42+00:00\",\"dateModified\":\"2026-08-21T03:22:46+00:00\",\"author\":{\"@id\":\"https:\\\/\\\/www.humanium.org\\\/fr\\\/#\\\/schema\\\/person\\\/d798d6c7d59ba2307e0877f61a20ce3e\"},\"description\":\"Malgr\u00e9 les efforts nationaux et les mesures strictes mises en place pour ralentir la propagation du virus, le pays continue de souffrir des r\u00e9percussions de la pand\u00e9mie.\",\"breadcrumb\":{\"@id\":\"https:\\\/\\\/www.humanium.org\\\/fr\\\/2020-une-annee-scolaire-perdue-limpact-du-covid-19-sur-leducation-en-afrique-de-lest-une-etude-de-cas-du-kenya\\\/#breadcrumb\"},\"inLanguage\":\"fr-FR\",\"potentialAction\":[{\"@type\":\"ReadAction\",\"target\":[\"https:\\\/\\\/www.humanium.org\\\/fr\\\/2020-une-annee-scolaire-perdue-limpact-du-covid-19-sur-leducation-en-afrique-de-lest-une-etude-de-cas-du-kenya\\\/\"]}]},{\"@type\":\"ImageObject\",\"inLanguage\":\"fr-FR\",\"@id\":\"https:\\\/\\\/www.humanium.org\\\/fr\\\/2020-une-annee-scolaire-perdue-limpact-du-covid-19-sur-leducation-en-afrique-de-lest-une-etude-de-cas-du-kenya\\\/#primaryimage\",\"url\":\"https:\\\/\\\/www.humanium.org\\\/fr\\\/wp-content\\\/uploads\\\/2020\\\/12\\\/shutterstock_1319903210.jpg\",\"contentUrl\":\"https:\\\/\\\/www.humanium.org\\\/fr\\\/wp-content\\\/uploads\\\/2020\\\/12\\\/shutterstock_1319903210.jpg\",\"width\":1000,\"height\":667},{\"@type\":\"BreadcrumbList\",\"@id\":\"https:\\\/\\\/www.humanium.org\\\/fr\\\/2020-une-annee-scolaire-perdue-limpact-du-covid-19-sur-leducation-en-afrique-de-lest-une-etude-de-cas-du-kenya\\\/#breadcrumb\",\"itemListElement\":[{\"@type\":\"ListItem\",\"position\":1,\"name\":\"Home\",\"item\":\"https:\\\/\\\/www.humanium.org\\\/fr\\\/\"},{\"@type\":\"ListItem\",\"position\":2,\"name\":\"2020, une ann\u00e9e scolaire perdue ? L&rsquo;impact du Covid-19 sur l&rsquo;\u00e9ducation en Afrique de l&rsquo;Est : \u00e9tude de cas au Kenya\"}]},{\"@type\":\"WebSite\",\"@id\":\"https:\\\/\\\/www.humanium.org\\\/fr\\\/#website\",\"url\":\"https:\\\/\\\/www.humanium.org\\\/fr\\\/\",\"name\":\"Humanium\",\"description\":\"Les enfants d\u2019abord !\",\"potentialAction\":[{\"@type\":\"SearchAction\",\"target\":{\"@type\":\"EntryPoint\",\"urlTemplate\":\"https:\\\/\\\/www.humanium.org\\\/fr\\\/?s={search_term_string}\"},\"query-input\":{\"@type\":\"PropertyValueSpecification\",\"valueRequired\":true,\"valueName\":\"search_term_string\"}}],\"inLanguage\":\"fr-FR\"},{\"@type\":\"Person\",\"@id\":\"https:\\\/\\\/www.humanium.org\\\/fr\\\/#\\\/schema\\\/person\\\/d798d6c7d59ba2307e0877f61a20ce3e\",\"name\":\"Humanium\",\"image\":{\"@type\":\"ImageObject\",\"inLanguage\":\"fr-FR\",\"@id\":\"https:\\\/\\\/secure.gravatar.com\\\/avatar\\\/22715e338d2fcc547e3a431c4738360d33fea2a4af458f865b2c3b22f1eaa51f?s=96&d=mm&r=g\",\"url\":\"https:\\\/\\\/secure.gravatar.com\\\/avatar\\\/22715e338d2fcc547e3a431c4738360d33fea2a4af458f865b2c3b22f1eaa51f?s=96&d=mm&r=g\",\"contentUrl\":\"https:\\\/\\\/secure.gravatar.com\\\/avatar\\\/22715e338d2fcc547e3a431c4738360d33fea2a4af458f865b2c3b22f1eaa51f?s=96&d=mm&r=g\",\"caption\":\"Humanium\"},\"url\":\"https:\\\/\\\/www.humanium.org\\\/fr\\\/author\\\/humanium\\\/\"}]}<\/script>\n<!-- \/ Yoast SEO plugin. -->","yoast_head_json":{"title":"2020, une ann\u00e9e scolaire perdue ? L'impact du Covid-19 sur l'\u00e9ducation en Afrique de l'Est : \u00e9tude de cas au Kenya - Humanium","description":"Malgr\u00e9 les efforts nationaux et les mesures strictes mises en place pour ralentir la propagation du virus, le pays continue de souffrir des r\u00e9percussions de la pand\u00e9mie.","robots":{"index":"index","follow":"follow","max-snippet":"max-snippet:-1","max-image-preview":"max-image-preview:large","max-video-preview":"max-video-preview:-1"},"canonical":"https:\/\/www.humanium.org\/fr\/2020-une-annee-scolaire-perdue-limpact-du-covid-19-sur-leducation-en-afrique-de-lest-une-etude-de-cas-du-kenya\/","og_locale":"fr_FR","og_type":"article","og_title":"2020, une ann\u00e9e scolaire perdue ? L'impact du Covid-19 sur l'\u00e9ducation en Afrique de l'Est : \u00e9tude de cas au Kenya - Humanium","og_description":"Malgr\u00e9 les efforts nationaux et les mesures strictes mises en place pour ralentir la propagation du virus, le pays continue de souffrir des r\u00e9percussions de la pand\u00e9mie.","og_url":"https:\/\/www.humanium.org\/fr\/2020-une-annee-scolaire-perdue-limpact-du-covid-19-sur-leducation-en-afrique-de-lest-une-etude-de-cas-du-kenya\/","og_site_name":"Humanium","article_published_time":"2020-12-15T14:42:42+00:00","article_modified_time":"2026-08-21T03:22:46+00:00","og_image":[{"width":1000,"height":667,"url":"https:\/\/www.humanium.org\/fr\/wp-content\/uploads\/2020\/12\/shutterstock_1319903210.jpg","type":"image\/jpeg"}],"author":"Humanium","twitter_card":"summary_large_image","twitter_misc":{"\u00c9crit par":"Humanium","Dur\u00e9e de lecture estim\u00e9e":"14 minutes"},"schema":{"@context":"https:\/\/schema.org","@graph":[{"@type":"Article","@id":"https:\/\/www.humanium.org\/fr\/2020-une-annee-scolaire-perdue-limpact-du-covid-19-sur-leducation-en-afrique-de-lest-une-etude-de-cas-du-kenya\/#article","isPartOf":{"@id":"https:\/\/www.humanium.org\/fr\/2020-une-annee-scolaire-perdue-limpact-du-covid-19-sur-leducation-en-afrique-de-lest-une-etude-de-cas-du-kenya\/"},"author":{"name":"Humanium","@id":"https:\/\/www.humanium.org\/fr\/#\/schema\/person\/d798d6c7d59ba2307e0877f61a20ce3e"},"headline":"2020, une ann\u00e9e scolaire perdue ? L&rsquo;impact du Covid-19 sur l&rsquo;\u00e9ducation en Afrique de l&rsquo;Est : \u00e9tude de cas au Kenya","datePublished":"2020-12-15T14:42:42+00:00","dateModified":"2026-08-21T03:22:46+00:00","mainEntityOfPage":{"@id":"https:\/\/www.humanium.org\/fr\/2020-une-annee-scolaire-perdue-limpact-du-covid-19-sur-leducation-en-afrique-de-lest-une-etude-de-cas-du-kenya\/"},"wordCount":2878,"image":{"@id":"https:\/\/www.humanium.org\/fr\/2020-une-annee-scolaire-perdue-limpact-du-covid-19-sur-leducation-en-afrique-de-lest-une-etude-de-cas-du-kenya\/#primaryimage"},"thumbnailUrl":"https:\/\/www.humanium.org\/fr\/wp-content\/uploads\/2020\/12\/shutterstock_1319903210.jpg","articleSection":["Droits des enfants","Education","Sant\u00e9"],"inLanguage":"fr-FR"},{"@type":"WebPage","@id":"https:\/\/www.humanium.org\/fr\/2020-une-annee-scolaire-perdue-limpact-du-covid-19-sur-leducation-en-afrique-de-lest-une-etude-de-cas-du-kenya\/","url":"https:\/\/www.humanium.org\/fr\/2020-une-annee-scolaire-perdue-limpact-du-covid-19-sur-leducation-en-afrique-de-lest-une-etude-de-cas-du-kenya\/","name":"2020, une ann\u00e9e scolaire perdue ? L'impact du Covid-19 sur l'\u00e9ducation en Afrique de l'Est : \u00e9tude de cas au Kenya - Humanium","isPartOf":{"@id":"https:\/\/www.humanium.org\/fr\/#website"},"primaryImageOfPage":{"@id":"https:\/\/www.humanium.org\/fr\/2020-une-annee-scolaire-perdue-limpact-du-covid-19-sur-leducation-en-afrique-de-lest-une-etude-de-cas-du-kenya\/#primaryimage"},"image":{"@id":"https:\/\/www.humanium.org\/fr\/2020-une-annee-scolaire-perdue-limpact-du-covid-19-sur-leducation-en-afrique-de-lest-une-etude-de-cas-du-kenya\/#primaryimage"},"thumbnailUrl":"https:\/\/www.humanium.org\/fr\/wp-content\/uploads\/2020\/12\/shutterstock_1319903210.jpg","datePublished":"2020-12-15T14:42:42+00:00","dateModified":"2026-08-21T03:22:46+00:00","author":{"@id":"https:\/\/www.humanium.org\/fr\/#\/schema\/person\/d798d6c7d59ba2307e0877f61a20ce3e"},"description":"Malgr\u00e9 les efforts nationaux et les mesures strictes mises en place pour ralentir la propagation du virus, le pays continue de souffrir des r\u00e9percussions de la pand\u00e9mie.","breadcrumb":{"@id":"https:\/\/www.humanium.org\/fr\/2020-une-annee-scolaire-perdue-limpact-du-covid-19-sur-leducation-en-afrique-de-lest-une-etude-de-cas-du-kenya\/#breadcrumb"},"inLanguage":"fr-FR","potentialAction":[{"@type":"ReadAction","target":["https:\/\/www.humanium.org\/fr\/2020-une-annee-scolaire-perdue-limpact-du-covid-19-sur-leducation-en-afrique-de-lest-une-etude-de-cas-du-kenya\/"]}]},{"@type":"ImageObject","inLanguage":"fr-FR","@id":"https:\/\/www.humanium.org\/fr\/2020-une-annee-scolaire-perdue-limpact-du-covid-19-sur-leducation-en-afrique-de-lest-une-etude-de-cas-du-kenya\/#primaryimage","url":"https:\/\/www.humanium.org\/fr\/wp-content\/uploads\/2020\/12\/shutterstock_1319903210.jpg","contentUrl":"https:\/\/www.humanium.org\/fr\/wp-content\/uploads\/2020\/12\/shutterstock_1319903210.jpg","width":1000,"height":667},{"@type":"BreadcrumbList","@id":"https:\/\/www.humanium.org\/fr\/2020-une-annee-scolaire-perdue-limpact-du-covid-19-sur-leducation-en-afrique-de-lest-une-etude-de-cas-du-kenya\/#breadcrumb","itemListElement":[{"@type":"ListItem","position":1,"name":"Home","item":"https:\/\/www.humanium.org\/fr\/"},{"@type":"ListItem","position":2,"name":"2020, une ann\u00e9e scolaire perdue ? L&rsquo;impact du Covid-19 sur l&rsquo;\u00e9ducation en Afrique de l&rsquo;Est : \u00e9tude de cas au Kenya"}]},{"@type":"WebSite","@id":"https:\/\/www.humanium.org\/fr\/#website","url":"https:\/\/www.humanium.org\/fr\/","name":"Humanium","description":"Les enfants d\u2019abord !","potentialAction":[{"@type":"SearchAction","target":{"@type":"EntryPoint","urlTemplate":"https:\/\/www.humanium.org\/fr\/?s={search_term_string}"},"query-input":{"@type":"PropertyValueSpecification","valueRequired":true,"valueName":"search_term_string"}}],"inLanguage":"fr-FR"},{"@type":"Person","@id":"https:\/\/www.humanium.org\/fr\/#\/schema\/person\/d798d6c7d59ba2307e0877f61a20ce3e","name":"Humanium","image":{"@type":"ImageObject","inLanguage":"fr-FR","@id":"https:\/\/secure.gravatar.com\/avatar\/22715e338d2fcc547e3a431c4738360d33fea2a4af458f865b2c3b22f1eaa51f?s=96&d=mm&r=g","url":"https:\/\/secure.gravatar.com\/avatar\/22715e338d2fcc547e3a431c4738360d33fea2a4af458f865b2c3b22f1eaa51f?s=96&d=mm&r=g","contentUrl":"https:\/\/secure.gravatar.com\/avatar\/22715e338d2fcc547e3a431c4738360d33fea2a4af458f865b2c3b22f1eaa51f?s=96&d=mm&r=g","caption":"Humanium"},"url":"https:\/\/www.humanium.org\/fr\/author\/humanium\/"}]}},"_links":{"self":[{"href":"https:\/\/www.humanium.org\/fr\/wp-json\/wp\/v2\/posts\/49195","targetHints":{"allow":["GET"]}}],"collection":[{"href":"https:\/\/www.humanium.org\/fr\/wp-json\/wp\/v2\/posts"}],"about":[{"href":"https:\/\/www.humanium.org\/fr\/wp-json\/wp\/v2\/types\/post"}],"author":[{"embeddable":true,"href":"https:\/\/www.humanium.org\/fr\/wp-json\/wp\/v2\/users\/69"}],"replies":[{"embeddable":true,"href":"https:\/\/www.humanium.org\/fr\/wp-json\/wp\/v2\/comments?post=49195"}],"version-history":[{"count":23,"href":"https:\/\/www.humanium.org\/fr\/wp-json\/wp\/v2\/posts\/49195\/revisions"}],"predecessor-version":[{"id":62732,"href":"https:\/\/www.humanium.org\/fr\/wp-json\/wp\/v2\/posts\/49195\/revisions\/62732"}],"wp:featuredmedia":[{"embeddable":true,"href":"https:\/\/www.humanium.org\/fr\/wp-json\/wp\/v2\/media\/49200"}],"wp:attachment":[{"href":"https:\/\/www.humanium.org\/fr\/wp-json\/wp\/v2\/media?parent=49195"}],"wp:term":[{"taxonomy":"category","embeddable":true,"href":"https:\/\/www.humanium.org\/fr\/wp-json\/wp\/v2\/categories?post=49195"},{"taxonomy":"post_tag","embeddable":true,"href":"https:\/\/www.humanium.org\/fr\/wp-json\/wp\/v2\/tags?post=49195"}],"curies":[{"name":"wp","href":"https:\/\/api.w.org\/{rel}","templated":true}]}}