{"id":49340,"date":"2021-01-12T17:38:05","date_gmt":"2021-01-12T17:38:05","guid":{"rendered":"https:\/\/www.humanium.org\/fr\/?p=49340"},"modified":"2021-01-12T17:38:06","modified_gmt":"2021-01-12T17:38:06","slug":"crise-postelectorale-en-guinee-les-enfants-victimes-de-la-politique","status":"publish","type":"post","link":"https:\/\/www.humanium.org\/fr\/crise-postelectorale-en-guinee-les-enfants-victimes-de-la-politique\/","title":{"rendered":"Crise post\u00e9lectorale en Guin\u00e9e : les enfants victimes de la politique"},"content":{"rendered":"\n<p class=\"wp-block-paragraph\"><strong>Le 18 octobre 2020 marque le jour des \u00e9lections en <a href=\"https:\/\/www.humanium.org\/fr\/guinee\/\">Guin\u00e9e<\/a>. Cette date marque \u00e9galement un bouleversement pour la stabilit\u00e9 au sein de ce pays d\u00e9j\u00e0 en proie \u00e0 une ins\u00e9curit\u00e9 routini\u00e8re li\u00e9e aux affaires politiques et plus pr\u00e9cis\u00e9ment \u00e0 la candidature du Pr\u00e9sident actuel de la Guin\u00e9e.<\/strong><\/p>\n\n\n\n<p class=\"wp-block-paragraph\"><strong><a href=\"https:\/\/www.humanium.org\/fr\/violences\/\">L&rsquo;usage d&rsquo;armes<\/a> \u00e0 feu contre les populations, les querelles interethniques sont quelques probl\u00e8mes qui affectent en cette p\u00e9riode la Guin\u00e9e. Face \u00e0 cette terreur, il est plus qu&rsquo;important d&rsquo;accorder une attention particuli\u00e8re aux <a href=\"https:\/\/www.humanium.org\/fr\/droits-enfant\/\">enfants<\/a> qui malgr\u00e9 leur innocence sont victimes de cette crise politique.<\/strong><\/p>\n\n\n\n<h2 class=\"wp-block-heading\"><strong>\u00c9lections et violences en Afrique<\/strong><\/h2>\n\n\n\n<blockquote class=\"wp-block-quote is-layout-flow wp-block-quote-is-layout-flow\"><p>\u00ab&nbsp;En Afrique, on ne peut d\u00e9signer quelqu\u2019un du doigt en disant qu\u2019il est un ancien chef. \u00bb<\/p><cite>Sepo, 2017, 5<\/cite><\/blockquote>\n\n\n\n<p class=\"wp-block-paragraph\">Ces propos de feu F\u00e9lix Houphou\u00ebt Boigny, premier Pr\u00e9sident de la C\u00f4te d\u2019Ivoire relat\u00e9s par J.H. Tingueu Sepo pr\u00e9sentent de mani\u00e8re claire et pr\u00e9cise, le paysage politique de nombreux \u00c9tats d\u2019Afrique&nbsp;; \u00e0 savoir le probl\u00e8me que repr\u00e9sente l\u2019alternance politique. L\u2019instauration du multipartisme au sein de nombreux <a href=\"https:\/\/www.humanium.org\/fr\/afrique\/\">\u00c9tats d\u2019Afrique<\/a> sub-saharienne dans les ann\u00e9es 90 a certes marqu\u00e9 une \u00e9volution notable en mati\u00e8re de d\u00e9mocratie et d\u2019\u00e9lections concurrentielles. N\u00e9anmoins, ces \u00e9lections suscitent de nombreuses peurs et craintes au sein des populations. Ces inqui\u00e9tudes se justifient notamment par la menace que repr\u00e9sentent ces \u00e9lections pour la paix et la s\u00e9curit\u00e9 au sein des \u00c9tats.<\/p>\n\n\n\n<figure class=\"wp-block-image size-large\"><img loading=\"lazy\" decoding=\"async\" width=\"1024\" height=\"683\" src=\"https:\/\/www.humanium.org\/fr\/wp-content\/uploads\/2021\/01\/shutterstock_1581676480-1024x683.jpg\" alt=\"\" class=\"wp-image-49343\" srcset=\"https:\/\/www.humanium.org\/fr\/wp-content\/uploads\/2021\/01\/shutterstock_1581676480-1024x683.jpg 1024w, https:\/\/www.humanium.org\/fr\/wp-content\/uploads\/2021\/01\/shutterstock_1581676480-300x200.jpg 300w, https:\/\/www.humanium.org\/fr\/wp-content\/uploads\/2021\/01\/shutterstock_1581676480-768x512.jpg 768w, https:\/\/www.humanium.org\/fr\/wp-content\/uploads\/2021\/01\/shutterstock_1581676480-1536x1024.jpg 1536w, https:\/\/www.humanium.org\/fr\/wp-content\/uploads\/2021\/01\/shutterstock_1581676480-2048x1365.jpg 2048w, https:\/\/www.humanium.org\/fr\/wp-content\/uploads\/2021\/01\/shutterstock_1581676480-830x553.jpg 830w, https:\/\/www.humanium.org\/fr\/wp-content\/uploads\/2021\/01\/shutterstock_1581676480-230x153.jpg 230w, https:\/\/www.humanium.org\/fr\/wp-content\/uploads\/2021\/01\/shutterstock_1581676480-350x233.jpg 350w, https:\/\/www.humanium.org\/fr\/wp-content\/uploads\/2021\/01\/shutterstock_1581676480-480x320.jpg 480w, https:\/\/www.humanium.org\/fr\/wp-content\/uploads\/2021\/01\/shutterstock_1581676480-272x182.jpg 272w\" sizes=\"auto, (max-width: 1024px) 100vw, 1024px\" \/><\/figure>\n\n\n\n<p class=\"wp-block-paragraph\">Le Togo en 2005, le Kenya en 2007, le Zimbabwe en 2008, ou encore la Guin\u00e9e en 2010 et la C\u00f4te d\u2019Ivoire en 2011 sont quelques exemples de <a href=\"https:\/\/www.humanium.org\/fr\/violences\/\">violences<\/a> survenues \u00e0 la suite d\u2019\u00e9lections pr\u00e9sidentielles. Ces troubles en plus d\u2019impliquer acteurs politiques et groupes arm\u00e9s n\u2019\u00e9pargnent en rien les populations. Le malheureux constat \u00e9tant que 30 ann\u00e9es d\u2019exp\u00e9riences en mati\u00e8re de d\u00e9mocratie n\u2019ont pas suffi \u00e0 lib\u00e9rer certains \u00c9tats africains de ce fl\u00e9au. C\u2019est le cas notamment de la <a href=\"https:\/\/www.humanium.org\/fr\/guinee\/\">Guin\u00e9e<\/a> qui subit une crise politique en raison des r\u00e9centes \u00e9lections pr\u00e9sidentielles.<\/p>\n\n\n\n<h2 class=\"wp-block-heading\"><strong>La crise en Guin\u00e9e<\/strong><\/h2>\n\n\n\n<p class=\"wp-block-paragraph\">La crise <a href=\"https:\/\/www.humanium.org\/fr\/guinee\/\">guin\u00e9enne<\/a> d\u00e9bute au lendemain du scrutin \u00e9lectoral du 18 Octobre 2020. Celle-ci r\u00e9sulte d\u2019une confrontation entre l\u2019actuel pr\u00e9sident Alpha Cond\u00e9 et Cellou Dalein Diallo principal candidat de l\u2019opposition. L&rsquo;annonce samedi, 24 par la commission \u00e9lectorale de la victoire du pr\u00e9sident sortant de 82 ans avec 59,49% des voix au scrutin du 18 octobre a entra\u00een\u00e9 des <a href=\"https:\/\/www.humanium.org\/fr\/violences\/\">violences<\/a> \u00e0 Conakry. L&rsquo;opposant Cellou Dalein Diallo, 68 ans, qui s&rsquo;\u00e9tait proclam\u00e9 vainqueur de la pr\u00e9sidentielle avant la publication des r\u00e9sultats, a \u00e9t\u00e9 cr\u00e9dit\u00e9 de 33,5% des suffrages (Radiodiffusion T\u00e9l\u00e9vision Ivoirienne, 2020).<\/p>\n\n\n\n<p class=\"wp-block-paragraph\">Les <a href=\"https:\/\/www.humanium.org\/fr\/violences\/\">violences<\/a> ont \u00e9clat\u00e9 entre forces de l\u2019ordre et civils faisant officiellement 21 morts. Ce chiffre reste n\u00e9anmoins contest\u00e9 par l\u2019opposition qui estime les pertes en vies humaines \u00e0 plus de 27. Le conseil constitutionnel, ayant valid\u00e9 la victoire de l\u2019actuel pr\u00e9sident le 7 Novembre 2020 (France T\u00e9l\u00e9visions, 2020), les membres de l\u2019opposition appellent \u00e0 la d\u00e9sob\u00e9issance civile et s\u2019en remettent \u00e0 d\u2019\u00e9ventuelles actions de la communaut\u00e9 internationale (France24, 2020). Cependant le climat de tension perdure au sein de la Guin\u00e9e en d\u00e9pit de l\u2019action diplomatique de l\u2019ONU, de l\u2019UA et de la CEDEAO (Ndiaye, 2020).<\/p>\n\n\n\n<p class=\"wp-block-paragraph\">Cette crise post\u00e9lectorale, \u00e0 l\u2019instar de toute crise de ce type implique des <a href=\"https:\/\/www.humanium.org\/fr\/violences\/\">violences<\/a>. Ces violences engendrent \u00e0 leur tour, des pertes en vies humaines. Le plus accablant dans une telle mesure reste l\u2019effet d\u00e9vastateur de ces crises sur les enfants dont les droits fondamentaux sont bafou\u00e9s.<\/p>\n\n\n\n<h2 class=\"wp-block-heading\"><strong>Les enfants victimes de la crise en Guin\u00e9e<\/strong><\/h2>\n\n\n\n<p class=\"wp-block-paragraph\">La Guin\u00e9e, il faut le souligner en ratifiant la <a href=\"https:\/\/www.humanium.org\/fr\/convention\/\">Convention relative aux droits de l\u2019enfant (CDE)<\/a> le 13 juillet 1990 (Nation Unies, CRC\/C\/GIN\/2) s\u2019engage \u00e0 les prot\u00e9ger et \u00e0 garantir leurs droits sans distinction. Cet engagement est \u00e9videmment aux antipodes de la situation que conna\u00eet le pays<\/p>\n\n\n\n<p class=\"wp-block-paragraph\">Thierno Nassirou Sylla, ou encore Mamadou Saidou Diallo sont quelques exemples des enfants victimes de la police durant cette p\u00e9riode. Les faits relat\u00e9s durant cette crise par les articles et rapports d\u2019ONG internationales d\u00e9notent de nombreuses <a href=\"https:\/\/www.humanium.org\/fr\/focus\/\">violations des droits<\/a> des enfants \u00e0 commencer par le droit \u00e0 la vie, prot\u00e9g\u00e9 par l\u2019article 6 de la CDE. Thierno Nassirou et Mamadou Saidou sont tous deux des enfants \u00e2g\u00e9s de 14 ans ayant re\u00e7u des balles de la police <a href=\"https:\/\/www.humanium.org\/fr\/guinee\/\">guin\u00e9enne<\/a> durant les manifestations du peuple. Thierno Nassirou ayant re\u00e7u une balle dans le visage et Mamadou Saidou Diallo une balle dans le dos.&nbsp;Selon les autorit\u00e9s \u00e9tatiques, le nombre d\u2019enfants tu\u00e9s s\u2019\u00e9l\u00e8ve \u00e0 3&nbsp;; l\u2019opposition maintient n\u00e9anmoins l\u2019id\u00e9e des pertes en vie plus importantes que celles pr\u00e9sent\u00e9es officiellement par les autorit\u00e9s \u00e9tatiques.<\/p>\n\n\n\n<p class=\"wp-block-paragraph\">Le droit \u00e0 l\u2019int\u00e9grit\u00e9 physique des enfants fut \u00e9galement viol\u00e9 notamment \u00e0 travers les blessures caus\u00e9es par les forces de s\u00e9curit\u00e9. Human Rights Watch fait ainsi mention de la balle re\u00e7ue par un jeune m\u00e9canicien \u00e2g\u00e9 de 18 ans ayant caus\u00e9 une blessure au pied gauche. Certaines personnes en raison des difficult\u00e9s d\u2019acc\u00e8s aux soins et centres de sant\u00e9 ad\u00e9quats ont succomb\u00e9 \u00e0 leurs blessures (Human Rights Watch, 2020).<\/p>\n\n\n\n<figure class=\"wp-block-image size-large\"><img loading=\"lazy\" decoding=\"async\" width=\"1024\" height=\"683\" src=\"https:\/\/www.humanium.org\/fr\/wp-content\/uploads\/2021\/01\/shutterstock_721298170-1024x683.jpg\" alt=\"\" class=\"wp-image-49345\" srcset=\"https:\/\/www.humanium.org\/fr\/wp-content\/uploads\/2021\/01\/shutterstock_721298170-1024x683.jpg 1024w, https:\/\/www.humanium.org\/fr\/wp-content\/uploads\/2021\/01\/shutterstock_721298170-300x200.jpg 300w, https:\/\/www.humanium.org\/fr\/wp-content\/uploads\/2021\/01\/shutterstock_721298170-768x512.jpg 768w, https:\/\/www.humanium.org\/fr\/wp-content\/uploads\/2021\/01\/shutterstock_721298170-1536x1025.jpg 1536w, https:\/\/www.humanium.org\/fr\/wp-content\/uploads\/2021\/01\/shutterstock_721298170-2048x1367.jpg 2048w, https:\/\/www.humanium.org\/fr\/wp-content\/uploads\/2021\/01\/shutterstock_721298170-830x554.jpg 830w, https:\/\/www.humanium.org\/fr\/wp-content\/uploads\/2021\/01\/shutterstock_721298170-230x153.jpg 230w, https:\/\/www.humanium.org\/fr\/wp-content\/uploads\/2021\/01\/shutterstock_721298170-350x234.jpg 350w, https:\/\/www.humanium.org\/fr\/wp-content\/uploads\/2021\/01\/shutterstock_721298170-480x320.jpg 480w, https:\/\/www.humanium.org\/fr\/wp-content\/uploads\/2021\/01\/shutterstock_721298170-272x182.jpg 272w\" sizes=\"auto, (max-width: 1024px) 100vw, 1024px\" \/><\/figure>\n\n\n\n<p class=\"wp-block-paragraph\">Les<a href=\"https:\/\/www.humanium.org\/fr\/texte-integral-convention-internationale-relative-droits-enfant-1989\/\"> articles 8 et 9 de la Convention relative aux droits de l\u2019enfant<\/a> soulignent l\u2019importance du lien familial et le droit pour l\u2019enfant \u00e0 la vie de famille. Malheureusement les enfants de Souleymane Barry seront priv\u00e9s de leur p\u00e8re qui a re\u00e7u une balle dans le cou et a succomb\u00e9 de cette blessure. Souleymane Barry, commer\u00e7ant de 29 ans a laiss\u00e9 derri\u00e8re lui deux enfants ainsi qu\u2019une femme enceinte.<\/p>\n\n\n\n<h2 class=\"wp-block-heading\"><strong>Prot\u00e9ger ces enfants doit \u00eatre une priorit\u00e9<\/strong><\/h2>\n\n\n\n<p class=\"wp-block-paragraph\"><a href=\"https:\/\/www.humanium.org\/fr\/guinee\/\">Les enfants <\/a>sont plus vuln\u00e9rables que les adultes. Ils n\u2019ont ni droit de vote, ni influence politique. Cependant il est malheureux de constater qu\u2019ils sont les plus affect\u00e9s lors de ces crises politiques. Ils sont affect\u00e9s directement en \u00e9tant victimes de violences ou indirectement par la perte des parents, par le d\u00e9ni de leur <a href=\"https:\/\/www.humanium.org\/fr\/comprendre-droits-enfant\/droit-a-la-sante\/\">droit fondamental \u00e0 la sant\u00e9,<\/a> \u00e0 <a href=\"https:\/\/www.humanium.org\/fr\/comprendre-droits-enfant\/droit-a-l-education\/\">l\u2019\u00e9ducation<\/a> et \u00e0 un <a href=\"https:\/\/www.humanium.org\/fr\/focus\/environnement\/\">environnement sain.<\/a><\/p>\n\n\n\n<p class=\"wp-block-paragraph\">Il est plus qu\u2019urgent que la <a href=\"https:\/\/www.humanium.org\/fr\/guinee\/\">Guin\u00e9e<\/a> et surtout ses dirigeants prennent conscience de l\u2019ampleur de leurs actes sur ces enfants qui repr\u00e9sentent l\u2019avenir du pays. Il est donc primordial qu\u2019ils adoptent une attitude respectueuse de la dignit\u00e9 de ces enfants afin de leur \u00e9viter d\u2019\u00eatre une fois de plus victime de la politique comme c\u2019est le cas en <a href=\"https:\/\/www.humanium.org\/fr\/guinee\/\">Guin\u00e9e<\/a> et dans tant d\u2019autres \u00c9tats africains.<\/p>\n\n\n\n<p class=\"wp-block-paragraph\"><em><strong>\u00c9crit par Habib KOUAM\u00c9<\/strong><\/em><\/p>\n\n\n\n<h4 class=\"wp-block-heading\"><strong>Bibliographie&nbsp;:<\/strong><\/h4>\n\n\n\n<p class=\"has-small-font-size wp-block-paragraph\">Adolfo, E. V., Kovacs, M. S., Nystr\u00f6m, D., &amp; Utas, M. (n.d.). Electoral Violence in Africa. <em>Policy Notes<\/em>, 4.<\/p>\n\n\n\n<p class=\"has-small-font-size wp-block-paragraph\"><a href=\"https:\/\/www.amnesty.org\/fr\/latest\/news\/2020\/10\/guinee-images-satellites-tirs-balles-reelles-par-les-forces-de-defense\/\" target=\"_blank\" rel=\"noreferrer noopener\">Amnesty International. (2020, Octobre 25). <em>Facebook Twitter Guin\u00e9e. Des r\u00e9cits de t\u00e9moins, des vid\u00e9os et images satellites analys\u00e9es confirment les tirs \u00e0 balles r\u00e9elles par les forces de d\u00e9fense et de s\u00e9curit\u00e9 sur des manifestants<\/em>. https:\/\/www.amnesty.org\/.<\/a><\/p>\n\n\n\n<p class=\"has-small-font-size wp-block-paragraph\"><a href=\"https:\/\/www.france24.com\/fr\/afrique\/20201027-en-guin%C3%A9e-le-bilan-des-violences-post-%C3%A9lectorales-s-alourdit-et-la-m%C3%A9diation-pi%C3%A9tine\" target=\"_blank\" rel=\"noreferrer noopener\">France24. (2020, Octobre 27). En Guin\u00e9e, le bilan des violences post-\u00e9lectorales s&rsquo;alourdit et la m\u00e9diation pi\u00e9tine. <em>France24<\/em>.<\/a><\/p>\n\n\n\n<p class=\"has-small-font-size wp-block-paragraph\"><a href=\"https:\/\/www.francetvinfo.fr\/monde\/afrique\/guinee\/guinee-alpha-conde-definitivement-proclame-president-dans-un-climat-de-violente-crise-politique_4172429.html\" target=\"_blank\" rel=\"noreferrer noopener\">France T\u00e9l\u00e9visions. (2020, Novembre 07). Guin\u00e9e : Alpha Cond\u00e9 d\u00e9finitivement proclam\u00e9 pr\u00e9sident dans un climat de violente crise politique. <em>Franceinfo<\/em>. <\/a><\/p>\n\n\n\n<p class=\"has-small-font-size wp-block-paragraph\"><a href=\"https:\/\/www.hrw.org\/fr\/news\/2020\/11\/19\/guinee-violences-et-repression-postelectorales\" target=\"_blank\" rel=\"noreferrer noopener\">Human Rights Watch. (2020, Novembre 19). <em>Guin\u00e9e : Violences et r\u00e9pression post\u00e9lectorales<\/em>. https:\/\/www.hrw.org\/.<\/a><\/p>\n\n\n\n<p class=\"has-small-font-size wp-block-paragraph\"><a href=\"https:\/\/www.ipinst.org\/wp-content\/uploads\/publications\/ipi_pub_les_conflits_electoraux.pdf\" target=\"_blank\" rel=\"noreferrer noopener\">INTERNATIONAL PEACE INSTITUTE. (2012). <em>Les conflits et la violence politique r\u00e9sultant des \u00e9lections.<\/em> International Peace Institute.<\/a><\/p>\n\n\n\n<p class=\"has-small-font-size wp-block-paragraph\">Leonard, D. K. (2009, June). Elections and Conflict in Africa: An Introduction. <em>Journal of African Elections<\/em>, <em>8<\/em>, 13.<\/p>\n\n\n\n<p class=\"has-small-font-size wp-block-paragraph\"><a href=\"https:\/\/www.aa.com.tr\/fr\/afrique\/guin%C3%A9e-crise-post-%C3%A9lectorale-une-mission-tripartite-arrive-%C3%A0-conakry-\/2019749#\" target=\"_blank\" rel=\"noreferrer noopener\">Ndiaye, A. (2020, Octobre 26). Guin\u00e9e \/ Crise post-\u00e9lectorale : une mission tripartite arrive \u00e0 Conakry. <em>Agence Anadolu<\/em>.<\/a><\/p>\n\n\n\n<p class=\"has-small-font-size wp-block-paragraph\">Nohlen, D., Thibaut, B., &amp; Michael, K. (1999). <em>Elections in Africa: A Data Handbook<\/em>. Oxford University Press.<\/p>\n\n\n\n<p class=\"has-small-font-size wp-block-paragraph\"><a href=\"https:\/\/www.rti.ci\/info\/Afrique\/27873\/guinee-le-chef-de-lonu-appelle-a-resoudre-la-crise-post-electorale-sans-violence\" target=\"_blank\" rel=\"noreferrer noopener\">Radiodiffusion T\u00e9l\u00e9vision Ivoirienne. (2020). <em>Guin\u00e9e: le chef de l&rsquo;ONU appelle \u00e0 r\u00e9soudre la crise post-\u00e9lectorale sans violence<\/em>. https:\/\/www.rti.ci\/.<\/a><\/p>\n\n\n\n<p class=\"has-small-font-size wp-block-paragraph\">Sepo, J. H. T. (2017). <em>Multipartisme et d\u00e9mocratie au Cameroun<\/em>. Harmattan Cameroun.<\/p>\n","protected":false},"excerpt":{"rendered":"<p>Le 18 octobre 2020 marque le jour des \u00e9lections en Guin\u00e9e. Cette date marque \u00e9galement un bouleversement pour la stabilit\u00e9 au sein de ce pays d\u00e9j\u00e0 en proie \u00e0 une ins\u00e9curit\u00e9 routini\u00e8re li\u00e9e aux affaires politiques et plus pr\u00e9cis\u00e9ment \u00e0 la candidature du Pr\u00e9sident actuel de la Guin\u00e9e. L&rsquo;usage d&rsquo;armes \u00e0 feu contre les populations, [&hellip;]<\/p>\n","protected":false},"author":69,"featured_media":49342,"comment_status":"closed","ping_status":"closed","sticky":false,"template":"","format":"standard","meta":{"footnotes":""},"categories":[220,4,229,9,214],"tags":[],"class_list":["post-49340","post","type-post","status-publish","format-standard","has-post-thumbnail","hentry","category-droits-des-enfants","category-droits-humains","category-liberte","category-paix","category-violence"],"yoast_head":"<!-- This site is optimized with the Yoast SEO plugin v28.3 - https:\/\/yoast.com\/product\/yoast-seo-wordpress\/ -->\n<title>Crise post\u00e9lectorale en Guin\u00e9e : les enfants victimes de la politique - Humanium<\/title>\n<meta name=\"description\" content=\"Le 18 octobre 2020 marque le jour des \u00e9lections en Guin\u00e9e. Cette date marque \u00e9galement un bouleversement pour la stabilit\u00e9.\" \/>\n<meta name=\"robots\" content=\"index, follow, max-snippet:-1, max-image-preview:large, max-video-preview:-1\" \/>\n<link rel=\"canonical\" href=\"https:\/\/www.humanium.org\/fr\/crise-postelectorale-en-guinee-les-enfants-victimes-de-la-politique\/\" \/>\n<meta property=\"og:locale\" content=\"fr_FR\" \/>\n<meta property=\"og:type\" content=\"article\" \/>\n<meta property=\"og:title\" content=\"Crise post\u00e9lectorale en Guin\u00e9e : les enfants victimes de la politique - Humanium\" \/>\n<meta property=\"og:description\" content=\"Le 18 octobre 2020 marque le jour des \u00e9lections en Guin\u00e9e. Cette date marque \u00e9galement un bouleversement pour la stabilit\u00e9.\" \/>\n<meta property=\"og:url\" content=\"https:\/\/www.humanium.org\/fr\/crise-postelectorale-en-guinee-les-enfants-victimes-de-la-politique\/\" \/>\n<meta property=\"og:site_name\" content=\"Humanium\" \/>\n<meta property=\"article:published_time\" content=\"2021-01-12T17:38:05+00:00\" \/>\n<meta property=\"article:modified_time\" content=\"2021-01-12T17:38:06+00:00\" \/>\n<meta property=\"og:image\" content=\"https:\/\/www.humanium.org\/fr\/wp-content\/uploads\/2021\/01\/shutterstock_1689737608-scaled.jpg\" \/>\n\t<meta property=\"og:image:width\" content=\"2560\" \/>\n\t<meta property=\"og:image:height\" content=\"1696\" \/>\n\t<meta property=\"og:image:type\" content=\"image\/jpeg\" \/>\n<meta name=\"author\" content=\"Humanium\" \/>\n<meta name=\"twitter:card\" content=\"summary_large_image\" \/>\n<meta name=\"twitter:label1\" content=\"\u00c9crit par\" \/>\n\t<meta name=\"twitter:data1\" content=\"Humanium\" \/>\n\t<meta name=\"twitter:label2\" content=\"Dur\u00e9e de lecture estim\u00e9e\" \/>\n\t<meta name=\"twitter:data2\" content=\"7 minutes\" \/>\n<script type=\"application\/ld+json\" class=\"yoast-schema-graph\">{\"@context\":\"https:\\\/\\\/schema.org\",\"@graph\":[{\"@type\":\"Article\",\"@id\":\"https:\\\/\\\/www.humanium.org\\\/fr\\\/crise-postelectorale-en-guinee-les-enfants-victimes-de-la-politique\\\/#article\",\"isPartOf\":{\"@id\":\"https:\\\/\\\/www.humanium.org\\\/fr\\\/crise-postelectorale-en-guinee-les-enfants-victimes-de-la-politique\\\/\"},\"author\":{\"name\":\"Humanium\",\"@id\":\"https:\\\/\\\/www.humanium.org\\\/fr\\\/#\\\/schema\\\/person\\\/d798d6c7d59ba2307e0877f61a20ce3e\"},\"headline\":\"Crise post\u00e9lectorale en Guin\u00e9e : les enfants victimes de la politique\",\"datePublished\":\"2021-01-12T17:38:05+00:00\",\"dateModified\":\"2021-01-12T17:38:06+00:00\",\"mainEntityOfPage\":{\"@id\":\"https:\\\/\\\/www.humanium.org\\\/fr\\\/crise-postelectorale-en-guinee-les-enfants-victimes-de-la-politique\\\/\"},\"wordCount\":1351,\"image\":{\"@id\":\"https:\\\/\\\/www.humanium.org\\\/fr\\\/crise-postelectorale-en-guinee-les-enfants-victimes-de-la-politique\\\/#primaryimage\"},\"thumbnailUrl\":\"https:\\\/\\\/www.humanium.org\\\/fr\\\/wp-content\\\/uploads\\\/2021\\\/01\\\/shutterstock_1689737608-scaled.jpg\",\"articleSection\":[\"Droits des enfants\",\"Droits humains\",\"Libert\u00e9\",\"Paix\",\"violence\"],\"inLanguage\":\"fr-FR\"},{\"@type\":\"WebPage\",\"@id\":\"https:\\\/\\\/www.humanium.org\\\/fr\\\/crise-postelectorale-en-guinee-les-enfants-victimes-de-la-politique\\\/\",\"url\":\"https:\\\/\\\/www.humanium.org\\\/fr\\\/crise-postelectorale-en-guinee-les-enfants-victimes-de-la-politique\\\/\",\"name\":\"Crise post\u00e9lectorale en Guin\u00e9e : les enfants victimes de la politique - Humanium\",\"isPartOf\":{\"@id\":\"https:\\\/\\\/www.humanium.org\\\/fr\\\/#website\"},\"primaryImageOfPage\":{\"@id\":\"https:\\\/\\\/www.humanium.org\\\/fr\\\/crise-postelectorale-en-guinee-les-enfants-victimes-de-la-politique\\\/#primaryimage\"},\"image\":{\"@id\":\"https:\\\/\\\/www.humanium.org\\\/fr\\\/crise-postelectorale-en-guinee-les-enfants-victimes-de-la-politique\\\/#primaryimage\"},\"thumbnailUrl\":\"https:\\\/\\\/www.humanium.org\\\/fr\\\/wp-content\\\/uploads\\\/2021\\\/01\\\/shutterstock_1689737608-scaled.jpg\",\"datePublished\":\"2021-01-12T17:38:05+00:00\",\"dateModified\":\"2021-01-12T17:38:06+00:00\",\"author\":{\"@id\":\"https:\\\/\\\/www.humanium.org\\\/fr\\\/#\\\/schema\\\/person\\\/d798d6c7d59ba2307e0877f61a20ce3e\"},\"description\":\"Le 18 octobre 2020 marque le jour des \u00e9lections en Guin\u00e9e. Cette date marque \u00e9galement un bouleversement pour la stabilit\u00e9.\",\"breadcrumb\":{\"@id\":\"https:\\\/\\\/www.humanium.org\\\/fr\\\/crise-postelectorale-en-guinee-les-enfants-victimes-de-la-politique\\\/#breadcrumb\"},\"inLanguage\":\"fr-FR\",\"potentialAction\":[{\"@type\":\"ReadAction\",\"target\":[\"https:\\\/\\\/www.humanium.org\\\/fr\\\/crise-postelectorale-en-guinee-les-enfants-victimes-de-la-politique\\\/\"]}]},{\"@type\":\"ImageObject\",\"inLanguage\":\"fr-FR\",\"@id\":\"https:\\\/\\\/www.humanium.org\\\/fr\\\/crise-postelectorale-en-guinee-les-enfants-victimes-de-la-politique\\\/#primaryimage\",\"url\":\"https:\\\/\\\/www.humanium.org\\\/fr\\\/wp-content\\\/uploads\\\/2021\\\/01\\\/shutterstock_1689737608-scaled.jpg\",\"contentUrl\":\"https:\\\/\\\/www.humanium.org\\\/fr\\\/wp-content\\\/uploads\\\/2021\\\/01\\\/shutterstock_1689737608-scaled.jpg\",\"width\":2560,\"height\":1696},{\"@type\":\"BreadcrumbList\",\"@id\":\"https:\\\/\\\/www.humanium.org\\\/fr\\\/crise-postelectorale-en-guinee-les-enfants-victimes-de-la-politique\\\/#breadcrumb\",\"itemListElement\":[{\"@type\":\"ListItem\",\"position\":1,\"name\":\"Home\",\"item\":\"https:\\\/\\\/www.humanium.org\\\/fr\\\/\"},{\"@type\":\"ListItem\",\"position\":2,\"name\":\"Crise post\u00e9lectorale en Guin\u00e9e : les enfants victimes de la politique\"}]},{\"@type\":\"WebSite\",\"@id\":\"https:\\\/\\\/www.humanium.org\\\/fr\\\/#website\",\"url\":\"https:\\\/\\\/www.humanium.org\\\/fr\\\/\",\"name\":\"Humanium\",\"description\":\"Les enfants d\u2019abord !\",\"potentialAction\":[{\"@type\":\"SearchAction\",\"target\":{\"@type\":\"EntryPoint\",\"urlTemplate\":\"https:\\\/\\\/www.humanium.org\\\/fr\\\/?s={search_term_string}\"},\"query-input\":{\"@type\":\"PropertyValueSpecification\",\"valueRequired\":true,\"valueName\":\"search_term_string\"}}],\"inLanguage\":\"fr-FR\"},{\"@type\":\"Person\",\"@id\":\"https:\\\/\\\/www.humanium.org\\\/fr\\\/#\\\/schema\\\/person\\\/d798d6c7d59ba2307e0877f61a20ce3e\",\"name\":\"Humanium\",\"image\":{\"@type\":\"ImageObject\",\"inLanguage\":\"fr-FR\",\"@id\":\"https:\\\/\\\/secure.gravatar.com\\\/avatar\\\/22715e338d2fcc547e3a431c4738360d33fea2a4af458f865b2c3b22f1eaa51f?s=96&d=mm&r=g\",\"url\":\"https:\\\/\\\/secure.gravatar.com\\\/avatar\\\/22715e338d2fcc547e3a431c4738360d33fea2a4af458f865b2c3b22f1eaa51f?s=96&d=mm&r=g\",\"contentUrl\":\"https:\\\/\\\/secure.gravatar.com\\\/avatar\\\/22715e338d2fcc547e3a431c4738360d33fea2a4af458f865b2c3b22f1eaa51f?s=96&d=mm&r=g\",\"caption\":\"Humanium\"},\"url\":\"https:\\\/\\\/www.humanium.org\\\/fr\\\/author\\\/humanium\\\/\"}]}<\/script>\n<!-- \/ Yoast SEO plugin. -->","yoast_head_json":{"title":"Crise post\u00e9lectorale en Guin\u00e9e : les enfants victimes de la politique - Humanium","description":"Le 18 octobre 2020 marque le jour des \u00e9lections en Guin\u00e9e. Cette date marque \u00e9galement un bouleversement pour la stabilit\u00e9.","robots":{"index":"index","follow":"follow","max-snippet":"max-snippet:-1","max-image-preview":"max-image-preview:large","max-video-preview":"max-video-preview:-1"},"canonical":"https:\/\/www.humanium.org\/fr\/crise-postelectorale-en-guinee-les-enfants-victimes-de-la-politique\/","og_locale":"fr_FR","og_type":"article","og_title":"Crise post\u00e9lectorale en Guin\u00e9e : les enfants victimes de la politique - Humanium","og_description":"Le 18 octobre 2020 marque le jour des \u00e9lections en Guin\u00e9e. Cette date marque \u00e9galement un bouleversement pour la stabilit\u00e9.","og_url":"https:\/\/www.humanium.org\/fr\/crise-postelectorale-en-guinee-les-enfants-victimes-de-la-politique\/","og_site_name":"Humanium","article_published_time":"2021-01-12T17:38:05+00:00","article_modified_time":"2021-01-12T17:38:06+00:00","og_image":[{"width":2560,"height":1696,"url":"https:\/\/www.humanium.org\/fr\/wp-content\/uploads\/2021\/01\/shutterstock_1689737608-scaled.jpg","type":"image\/jpeg"}],"author":"Humanium","twitter_card":"summary_large_image","twitter_misc":{"\u00c9crit par":"Humanium","Dur\u00e9e de lecture estim\u00e9e":"7 minutes"},"schema":{"@context":"https:\/\/schema.org","@graph":[{"@type":"Article","@id":"https:\/\/www.humanium.org\/fr\/crise-postelectorale-en-guinee-les-enfants-victimes-de-la-politique\/#article","isPartOf":{"@id":"https:\/\/www.humanium.org\/fr\/crise-postelectorale-en-guinee-les-enfants-victimes-de-la-politique\/"},"author":{"name":"Humanium","@id":"https:\/\/www.humanium.org\/fr\/#\/schema\/person\/d798d6c7d59ba2307e0877f61a20ce3e"},"headline":"Crise post\u00e9lectorale en Guin\u00e9e : les enfants victimes de la politique","datePublished":"2021-01-12T17:38:05+00:00","dateModified":"2021-01-12T17:38:06+00:00","mainEntityOfPage":{"@id":"https:\/\/www.humanium.org\/fr\/crise-postelectorale-en-guinee-les-enfants-victimes-de-la-politique\/"},"wordCount":1351,"image":{"@id":"https:\/\/www.humanium.org\/fr\/crise-postelectorale-en-guinee-les-enfants-victimes-de-la-politique\/#primaryimage"},"thumbnailUrl":"https:\/\/www.humanium.org\/fr\/wp-content\/uploads\/2021\/01\/shutterstock_1689737608-scaled.jpg","articleSection":["Droits des enfants","Droits humains","Libert\u00e9","Paix","violence"],"inLanguage":"fr-FR"},{"@type":"WebPage","@id":"https:\/\/www.humanium.org\/fr\/crise-postelectorale-en-guinee-les-enfants-victimes-de-la-politique\/","url":"https:\/\/www.humanium.org\/fr\/crise-postelectorale-en-guinee-les-enfants-victimes-de-la-politique\/","name":"Crise post\u00e9lectorale en Guin\u00e9e : les enfants victimes de la politique - Humanium","isPartOf":{"@id":"https:\/\/www.humanium.org\/fr\/#website"},"primaryImageOfPage":{"@id":"https:\/\/www.humanium.org\/fr\/crise-postelectorale-en-guinee-les-enfants-victimes-de-la-politique\/#primaryimage"},"image":{"@id":"https:\/\/www.humanium.org\/fr\/crise-postelectorale-en-guinee-les-enfants-victimes-de-la-politique\/#primaryimage"},"thumbnailUrl":"https:\/\/www.humanium.org\/fr\/wp-content\/uploads\/2021\/01\/shutterstock_1689737608-scaled.jpg","datePublished":"2021-01-12T17:38:05+00:00","dateModified":"2021-01-12T17:38:06+00:00","author":{"@id":"https:\/\/www.humanium.org\/fr\/#\/schema\/person\/d798d6c7d59ba2307e0877f61a20ce3e"},"description":"Le 18 octobre 2020 marque le jour des \u00e9lections en Guin\u00e9e. Cette date marque \u00e9galement un bouleversement pour la stabilit\u00e9.","breadcrumb":{"@id":"https:\/\/www.humanium.org\/fr\/crise-postelectorale-en-guinee-les-enfants-victimes-de-la-politique\/#breadcrumb"},"inLanguage":"fr-FR","potentialAction":[{"@type":"ReadAction","target":["https:\/\/www.humanium.org\/fr\/crise-postelectorale-en-guinee-les-enfants-victimes-de-la-politique\/"]}]},{"@type":"ImageObject","inLanguage":"fr-FR","@id":"https:\/\/www.humanium.org\/fr\/crise-postelectorale-en-guinee-les-enfants-victimes-de-la-politique\/#primaryimage","url":"https:\/\/www.humanium.org\/fr\/wp-content\/uploads\/2021\/01\/shutterstock_1689737608-scaled.jpg","contentUrl":"https:\/\/www.humanium.org\/fr\/wp-content\/uploads\/2021\/01\/shutterstock_1689737608-scaled.jpg","width":2560,"height":1696},{"@type":"BreadcrumbList","@id":"https:\/\/www.humanium.org\/fr\/crise-postelectorale-en-guinee-les-enfants-victimes-de-la-politique\/#breadcrumb","itemListElement":[{"@type":"ListItem","position":1,"name":"Home","item":"https:\/\/www.humanium.org\/fr\/"},{"@type":"ListItem","position":2,"name":"Crise post\u00e9lectorale en Guin\u00e9e : les enfants victimes de la politique"}]},{"@type":"WebSite","@id":"https:\/\/www.humanium.org\/fr\/#website","url":"https:\/\/www.humanium.org\/fr\/","name":"Humanium","description":"Les enfants d\u2019abord !","potentialAction":[{"@type":"SearchAction","target":{"@type":"EntryPoint","urlTemplate":"https:\/\/www.humanium.org\/fr\/?s={search_term_string}"},"query-input":{"@type":"PropertyValueSpecification","valueRequired":true,"valueName":"search_term_string"}}],"inLanguage":"fr-FR"},{"@type":"Person","@id":"https:\/\/www.humanium.org\/fr\/#\/schema\/person\/d798d6c7d59ba2307e0877f61a20ce3e","name":"Humanium","image":{"@type":"ImageObject","inLanguage":"fr-FR","@id":"https:\/\/secure.gravatar.com\/avatar\/22715e338d2fcc547e3a431c4738360d33fea2a4af458f865b2c3b22f1eaa51f?s=96&d=mm&r=g","url":"https:\/\/secure.gravatar.com\/avatar\/22715e338d2fcc547e3a431c4738360d33fea2a4af458f865b2c3b22f1eaa51f?s=96&d=mm&r=g","contentUrl":"https:\/\/secure.gravatar.com\/avatar\/22715e338d2fcc547e3a431c4738360d33fea2a4af458f865b2c3b22f1eaa51f?s=96&d=mm&r=g","caption":"Humanium"},"url":"https:\/\/www.humanium.org\/fr\/author\/humanium\/"}]}},"_links":{"self":[{"href":"https:\/\/www.humanium.org\/fr\/wp-json\/wp\/v2\/posts\/49340","targetHints":{"allow":["GET"]}}],"collection":[{"href":"https:\/\/www.humanium.org\/fr\/wp-json\/wp\/v2\/posts"}],"about":[{"href":"https:\/\/www.humanium.org\/fr\/wp-json\/wp\/v2\/types\/post"}],"author":[{"embeddable":true,"href":"https:\/\/www.humanium.org\/fr\/wp-json\/wp\/v2\/users\/69"}],"replies":[{"embeddable":true,"href":"https:\/\/www.humanium.org\/fr\/wp-json\/wp\/v2\/comments?post=49340"}],"version-history":[{"count":8,"href":"https:\/\/www.humanium.org\/fr\/wp-json\/wp\/v2\/posts\/49340\/revisions"}],"predecessor-version":[{"id":49376,"href":"https:\/\/www.humanium.org\/fr\/wp-json\/wp\/v2\/posts\/49340\/revisions\/49376"}],"wp:featuredmedia":[{"embeddable":true,"href":"https:\/\/www.humanium.org\/fr\/wp-json\/wp\/v2\/media\/49342"}],"wp:attachment":[{"href":"https:\/\/www.humanium.org\/fr\/wp-json\/wp\/v2\/media?parent=49340"}],"wp:term":[{"taxonomy":"category","embeddable":true,"href":"https:\/\/www.humanium.org\/fr\/wp-json\/wp\/v2\/categories?post=49340"},{"taxonomy":"post_tag","embeddable":true,"href":"https:\/\/www.humanium.org\/fr\/wp-json\/wp\/v2\/tags?post=49340"}],"curies":[{"name":"wp","href":"https:\/\/api.w.org\/{rel}","templated":true}]}}