{"id":49432,"date":"2021-01-26T17:42:10","date_gmt":"2021-01-26T17:42:10","guid":{"rendered":"https:\/\/www.humanium.org\/fr\/?p=49432"},"modified":"2026-08-21T03:22:47","modified_gmt":"2026-08-21T03:22:47","slug":"les-droits-de-lenfant-et-les-technologies-numeriques-la-vie-privee-des-enfants-a-lere-des-medias-sociaux-les-dangers-du-partage-sharenting","status":"publish","type":"post","link":"https:\/\/www.humanium.org\/fr\/les-droits-de-lenfant-et-les-technologies-numeriques-la-vie-privee-des-enfants-a-lere-des-medias-sociaux-les-dangers-du-partage-sharenting\/","title":{"rendered":"Les droits de l&rsquo;enfant et les technologies num\u00e9riques : la vie priv\u00e9e des enfants \u00e0 l&rsquo;\u00e8re des m\u00e9dias sociaux &#8211; Les dangers du \u00ab\u00a0partage\u00a0\u00bb (Sharenting)"},"content":{"rendered":"\n<p class=\"wp-block-paragraph\"><strong>Dans le monde d&rsquo;aujourd&rsquo;hui, <a href=\"https:\/\/www.humanium.org\/fr\/les-droits-de-l-enfant\/\">les enfants<\/a> font souvent leurs d\u00e9buts sur Internet avant m\u00eame leur naissance, apparaissant g\u00e9n\u00e9ralement sur les plateformes de m\u00e9dias sociaux de leurs parents sous forme d&rsquo;images ultrasonores floues (LaFrance, 2016). Bien que ces enfants puissent prendre conscience de leur empreinte num\u00e9rique et de leur <a href=\"https:\/\/www.humanium.org\/fr\/comprendre-droits-enfant\/droit-a-l-identite\/\">identit\u00e9<\/a> en ligne d\u00e8s leur plus jeune \u00e2ge, ils restent impuissants \u00e0 faire valoir leurs droits, les parents assumant le \u00ab\u00a0double r\u00f4le de parent et d&rsquo;\u00e9diteur\u00a0\u00bb (LaFrance, 2016). Cette responsabilit\u00e9 engendre un conflit inh\u00e9rent entre le droit de l&rsquo;enfant \u00e0 la vie priv\u00e9e et <a href=\"https:\/\/www.humanium.org\/fr\/comprendre-droits-enfant\/droit-aux-libertes\/\">le droit des parents \u00e0 la libert\u00e9 <\/a>de publication, ce qui met en danger les enfants et leur d\u00e9veloppement.<\/strong><\/p>\n\n\n\n<p class=\"wp-block-paragraph\">Cet article propose une br\u00e8ve analyse juridique et pratique de ce conflit. Il commence par exposer les fondements des droits des enfants \u00e0 la vie priv\u00e9e et des <a href=\"https:\/\/www.humanium.org\/fr\/comprendre-droits-enfant\/droit-aux-libertes\/\">droits parentaux \u00e0 la libert\u00e9 <\/a>de publication, avant d&rsquo;analyser les nuances du conflit. L&rsquo;article se termine par quelques propositions de solutions juridiques \u00e0 l&rsquo;impasse actuelle et propose une liste de bonnes pratiques \u00e0 prendre en compte par les parents engag\u00e9s dans le partage (le mot vient de \u00ab\u00a0parenting\u00a0\u00bb et \u00ab\u00a0sharenting\u00a0\u00bb). Nous esp\u00e9rons que ce travail contribuera \u00e0 un dialogue croissant sur les risques du partage et l&rsquo;importance de centrer les int\u00e9r\u00eats des <a href=\"https:\/\/www.humanium.org\/fr\/les-droits-de-l-enfant\/\">enfants<\/a> dans toutes les discussions sur le partage d\u2019informations et d\u2019images.<\/p>\n\n\n\n<h2 class=\"wp-block-heading\"><strong>Qu&rsquo;est-ce que le sharenting ?<\/strong><\/h2>\n\n\n\n<p class=\"wp-block-paragraph\">Le \u201csharenting\u201d ou \u201cpartage parental\u201d est souvent d\u00e9crit comme tout cas o\u00f9 un adulte &#8211; responsable du bien-\u00eatre <a href=\"https:\/\/www.humanium.org\/fr\/les-droits-de-l-enfant\/\">d&rsquo;un enfant <\/a>&#8211; \u00ab\u00a0transmet des d\u00e9tails priv\u00e9s sur un enfant via des canaux num\u00e9riques\u00a0\u00bb (Hsu, 2019). Bien que le terme soit traditionnellement utilis\u00e9 pour faire r\u00e9f\u00e9rence aux m\u00e9dias sociaux et aux canaux de t\u00e9l\u00e9communications communs, les informations concernant les enfants peuvent \u00e9galement \u00eatre saisies dans d&rsquo;autres outils de suivi des donn\u00e9es tels que les applications de fertilit\u00e9, les jouets intelligents ou les serveurs personnels en nuage (Hsu, 2019). <\/p>\n\n\n\n<p class=\"wp-block-paragraph\">En raison de l&rsquo;accessibilit\u00e9 g\u00e9n\u00e9ralis\u00e9e de la technologie et de l&rsquo;acc\u00e8s \u00e0 Internet, <a href=\"https:\/\/www.humanium.org\/fr\/droits-enfant\/\">l&rsquo;enfant moyen<\/a> a une empreinte num\u00e9rique avant son premier anniversaire (Meakin, 2013), g\u00e9n\u00e9ralement sous la forme d&rsquo;une image \u00e9chographique ou d&rsquo;une photo d&rsquo;annonce de naissance. Cette information n&rsquo;est pas limit\u00e9e aux images, les anniversaires, les noms, les lieux g\u00e9ographiques et les \u00e9coles \u00e9tant tous susceptibles d&rsquo;\u00eatre exploit\u00e9s par des courtiers en donn\u00e9es qui vendent tr\u00e8s souvent des informations personnelles aux annonceurs (Kamenetz, 2019).<\/p>\n\n\n\n<figure class=\"wp-block-image size-large\"><img loading=\"lazy\" decoding=\"async\" width=\"1024\" height=\"683\" src=\"https:\/\/www.humanium.org\/fr\/wp-content\/uploads\/2021\/01\/shutterstock_1087784576-1024x683.jpg\" alt=\"\" class=\"wp-image-49435\" srcset=\"https:\/\/www.humanium.org\/fr\/wp-content\/uploads\/2021\/01\/shutterstock_1087784576-1024x683.jpg 1024w, https:\/\/www.humanium.org\/fr\/wp-content\/uploads\/2021\/01\/shutterstock_1087784576-300x200.jpg 300w, https:\/\/www.humanium.org\/fr\/wp-content\/uploads\/2021\/01\/shutterstock_1087784576-768x513.jpg 768w, https:\/\/www.humanium.org\/fr\/wp-content\/uploads\/2021\/01\/shutterstock_1087784576-1536x1025.jpg 1536w, https:\/\/www.humanium.org\/fr\/wp-content\/uploads\/2021\/01\/shutterstock_1087784576-2048x1367.jpg 2048w, https:\/\/www.humanium.org\/fr\/wp-content\/uploads\/2021\/01\/shutterstock_1087784576-830x554.jpg 830w, https:\/\/www.humanium.org\/fr\/wp-content\/uploads\/2021\/01\/shutterstock_1087784576-230x154.jpg 230w, https:\/\/www.humanium.org\/fr\/wp-content\/uploads\/2021\/01\/shutterstock_1087784576-350x234.jpg 350w, https:\/\/www.humanium.org\/fr\/wp-content\/uploads\/2021\/01\/shutterstock_1087784576-480x320.jpg 480w, https:\/\/www.humanium.org\/fr\/wp-content\/uploads\/2021\/01\/shutterstock_1087784576-272x182.jpg 272w\" sizes=\"auto, (max-width: 1024px) 100vw, 1024px\" \/><\/figure>\n\n\n\n<p class=\"wp-block-paragraph\">Le partage est une caract\u00e9ristique distincte de la parentalit\u00e9 moderne qui repr\u00e9sente un pas en avant par rapport aux traditions familiales (notamment les livres pour b\u00e9b\u00e9s et les albums de photos de famille) qui ont migr\u00e9 vers l&rsquo;espace num\u00e9rique (Blum-Ross, 2016). Le danger de cette forme \u00e9volu\u00e9e d&rsquo;enregistrement et de partage du d\u00e9veloppement de l&rsquo;enfant est que le public est maintenant plus large que jamais, avec des informations capables de devenir virales (que ce soit intentionnel ou non) et parfois de tomber entre les mains de<a href=\"https:\/\/www.humanium.org\/fr\/exploitation\/\"> pr\u00e9dateurs d&rsquo;enfants<\/a>. De plus, les enfants sont marqu\u00e9s \u00e0 jamais de ces \u00ab\u00a0tatouages num\u00e9riques\u00a0\u00bb (Blum-Ross, 2016) auxquels ils n&rsquo;ont pas consenti, ce qui peut avoir un impact grave et n\u00e9gatif sur leur d\u00e9veloppement.&nbsp;<\/p>\n\n\n\n<p class=\"wp-block-paragraph\">Le partage peut dans certains cas avoir des effets positifs. Par exemple, les parents d&rsquo;<a href=\"https:\/\/www.humanium.org\/fr\/enfants-touches-par-le-handicap\/\">enfants handicap\u00e9s <\/a>peuvent \u00eatre en mesure de partager leurs exp\u00e9riences entre eux afin d&rsquo;\u00e9changer des id\u00e9es sur la meilleure fa\u00e7on de soutenir leurs enfants (Meakin, 2013). Malgr\u00e9 cela, il existe de graves risques. Des parents ont perdu la garde de leurs enfants parce qu&rsquo;ils les ont harcel\u00e9s et humili\u00e9s pour g\u00e9n\u00e9rer des vues en ligne ; Youtube retire fr\u00e9quemment des vid\u00e9os mettant en sc\u00e8ne des <a href=\"https:\/\/www.humanium.org\/fr\/exploitation\/\">enfants par crainte d&rsquo;\u00eatre exploit\u00e9s<\/a> ; les informations publiques sur les habitudes des enfants et le lieu o\u00f9 ils se trouvent les exposent aux p\u00e9dophiles, aux ravisseurs d&rsquo;enfants et autres criminels qui ciblent ce groupe vuln\u00e9rable (Kamenetz, 2019). <\/p>\n\n\n\n<p class=\"wp-block-paragraph\">Ces risques sont exacerb\u00e9s par la permanence de l&rsquo;information en ligne, car les photos et les vid\u00e9os publi\u00e9es peuvent rester sur l&rsquo;internet pour toujours sans le consentement de l&rsquo;enfant. En fin de compte, il est difficile de quantifier les effets du partage, car ils peuvent ne pas \u00eatre imm\u00e9diats, tant en termes de pr\u00e9judice caus\u00e9 aux jeunes enfants que de permanence des donn\u00e9es qui peuvent \u00eatre <a href=\"https:\/\/www.humanium.org\/fr\/exploitation\/\">exploit\u00e9es<\/a> ult\u00e9rieurement (Donovan, 2020).<\/p>\n\n\n\n<h2 class=\"wp-block-heading\"><strong>Le droit des enfants \u00e0 la vie priv\u00e9e<\/strong><\/h2>\n\n\n\n<p class=\"wp-block-paragraph\">L&rsquo;article 16 de <a href=\"https:\/\/www.humanium.org\/fr\/convention\/\">la Convention des Nations Unies sur les droits de l&rsquo;enfant (CNUDE) <\/a>stipule que \u00ab\u00a0nul enfant ne sera l&rsquo;objet d&rsquo;immixtions arbitraires ou ill\u00e9gales dans sa vie priv\u00e9e, sa famille, son domicile ou sa correspondance, ni d&rsquo;atteintes ill\u00e9gales \u00e0 son honneur et \u00e0 sa r\u00e9putation\u00a0\u00bb et que \u00ab\u00a0l&rsquo;enfant a <a href=\"https:\/\/www.humanium.org\/fr\/droit-a-la-protection\/\">droit \u00e0 la protection<\/a> de la loi contre de telles immixtions ou atteintes\u00a0\u00bb. (CNUDE, 1989). <\/p>\n\n\n\n<p class=\"wp-block-paragraph\">L&rsquo;article 8 de la CDE pr\u00e9serve en outre <a href=\"https:\/\/www.humanium.org\/fr\/comprendre-droits-enfant\/droit-a-l-identite\/\">l&rsquo;importance de l&rsquo;identit\u00e9 de l&rsquo;enfant<\/a>, tandis que l&rsquo;article 19 stipule que tous les enfants ont droit \u00e0 la protection (CDE, 1989). Ces droits, combin\u00e9s aux dispositions r\u00e9gionales et nationales pertinentes telles que le droit d&rsquo;\u00eatre oubli\u00e9 d\u00e9crit dans l&rsquo;article 17 du r\u00e8glement g\u00e9n\u00e9ral de l&rsquo;Union europ\u00e9enne sur la protection des donn\u00e9es (RGPD, 2016), renforcent clairement l&rsquo;importance de la vie priv\u00e9e et de la protection des donn\u00e9es pour le d\u00e9veloppement de l&rsquo;enfant.<\/p>\n\n\n\n<div class=\"wp-block-image\"><figure class=\"alignleft size-large is-resized\"><img loading=\"lazy\" decoding=\"async\" src=\"https:\/\/www.humanium.org\/fr\/wp-content\/uploads\/2021\/01\/shutterstock_655234405-1024x683.jpg\" alt=\"\" class=\"wp-image-49436\" width=\"405\" height=\"270\" srcset=\"https:\/\/www.humanium.org\/fr\/wp-content\/uploads\/2021\/01\/shutterstock_655234405-1024x683.jpg 1024w, https:\/\/www.humanium.org\/fr\/wp-content\/uploads\/2021\/01\/shutterstock_655234405-300x200.jpg 300w, https:\/\/www.humanium.org\/fr\/wp-content\/uploads\/2021\/01\/shutterstock_655234405-768x512.jpg 768w, https:\/\/www.humanium.org\/fr\/wp-content\/uploads\/2021\/01\/shutterstock_655234405-1536x1024.jpg 1536w, https:\/\/www.humanium.org\/fr\/wp-content\/uploads\/2021\/01\/shutterstock_655234405-2048x1365.jpg 2048w, https:\/\/www.humanium.org\/fr\/wp-content\/uploads\/2021\/01\/shutterstock_655234405-830x553.jpg 830w, https:\/\/www.humanium.org\/fr\/wp-content\/uploads\/2021\/01\/shutterstock_655234405-230x153.jpg 230w, https:\/\/www.humanium.org\/fr\/wp-content\/uploads\/2021\/01\/shutterstock_655234405-350x233.jpg 350w, https:\/\/www.humanium.org\/fr\/wp-content\/uploads\/2021\/01\/shutterstock_655234405-480x320.jpg 480w, https:\/\/www.humanium.org\/fr\/wp-content\/uploads\/2021\/01\/shutterstock_655234405-272x182.jpg 272w\" sizes=\"auto, (max-width: 405px) 100vw, 405px\" \/><\/figure><\/div>\n\n\n\n<p class=\"wp-block-paragraph\">Le consid\u00e9rant 38 du RGPD note que \u00ab\u00a0les enfants m\u00e9ritent une <a href=\"https:\/\/www.humanium.org\/fr\/droit-a-la-protection\/\">protection sp\u00e9cifique <\/a>en ce qui concerne leurs donn\u00e9es personnelles\u00a0\u00bb (Donovan, 2020). Cela est d\u00fb \u00e0 leur incapacit\u00e9 \u00e0 comprendre les risques li\u00e9s au partage des informations sur les donn\u00e9es. La disposition poursuit en reconnaissant la pr\u00e9valence de la discrimination dans l&rsquo;ar\u00e8ne num\u00e9rique, en indiquant que les effets du partage peuvent durer longtemps dans la vie d&rsquo;un enfant &#8211; y compris \u00e0 l&rsquo;\u00e2ge adulte (Donovan, 2020). En normalisant la surveillance des enfants, le partage est une intrusion dramatique dans le droit \u00e0 l<a href=\"https:\/\/www.humanium.org\/fr\/comprendre-droits-enfant\/droit-a-l-identite\/\">a vie priv\u00e9e et \u00e0 l&rsquo;identit\u00e9<\/a> qui prive les enfants de la capacit\u00e9 de d\u00e9terminer leur propre image (Donovan, 2020).<\/p>\n\n\n\n<h2 class=\"wp-block-heading\"><strong>Droits des parents \u00e0 la libre expression<\/strong><\/h2>\n\n\n\n<p class=\"wp-block-paragraph\">Le <a href=\"https:\/\/www.humanium.org\/fr\/comprendre-droits-enfant\/droit-aux-libertes\/\">droit des parents \u00e0 la libert\u00e9 d&rsquo;expression<\/a>, garanti par l&rsquo;article 13 de la CNUDE (CNUDE, 1989), est en \u00e9quilibre avec le droit de l&rsquo;enfant \u00e0 la vie priv\u00e9e. Les parents sont les <a href=\"https:\/\/www.humanium.org\/fr\/droit-a-la-protection\/\">principaux protecteurs de leurs enfants<\/a>, qui sont trop jeunes pour poss\u00e9der la maturit\u00e9, l&rsquo;exp\u00e9rience et la capacit\u00e9 n\u00e9cessaires (Shmueli, 2011) pour porter des jugements ou prendre des d\u00e9cisions de vie. Les parents doivent donc agir pour prot\u00e9ger l&rsquo;int\u00e9r\u00eat sup\u00e9rieur de leur enfant, en particulier pour \u00ab\u00a0la g\u00e9n\u00e9ration la plus surveill\u00e9e de m\u00e9moire\u00a0\u00bb.<\/p>\n\n\n\n<p class=\"wp-block-paragraph\">Il est \u00e9galement crucial que les enfants soient consid\u00e9r\u00e9s comme des \u00eatres autonomes et ind\u00e9pendants et non pas simplement sell\u00e9s comme un attachement \u00e0 leurs parents. Si les relations parents-enfants ne sont pas per\u00e7ues de cette mani\u00e8re, les int\u00e9r\u00eats des enfants peuvent \u00eatre occult\u00e9s et subsum\u00e9s par les propres d\u00e9sirs de leurs parents. Cela peut signifier que l&rsquo;int\u00e9r\u00eat sup\u00e9rieur de l&rsquo;enfant est ignor\u00e9 par des choix parentaux qui peuvent avoir un impact (Shmueli, 2011). La CDE reconna\u00eet l&rsquo;importance de la vie priv\u00e9e, de l&rsquo;autonomie et de l&rsquo;harmonie de la cellule familiale, mais en cela, les droits des enfants sont souvent regroup\u00e9s avec ceux de leurs parents, ce qui ne leur offre pas de <a href=\"https:\/\/www.humanium.org\/fr\/droit-a-la-protection\/\">protection sp\u00e9cifique<\/a>.<\/p>\n\n\n\n<p class=\"wp-block-paragraph\">En r\u00e8gle g\u00e9n\u00e9rale, les parents jouent et joueront un r\u00f4le de supervision et de tutelle de l&rsquo;acc\u00e8s de leurs enfants au monde en ligne. Les parents fixent fr\u00e9quemment des limites \u00e0 l&rsquo;utilisation de l&rsquo;internet par leurs enfants et attendent des \u00e9coles et des organisations qu&rsquo;elles obtiennent une autorisation avant de partager des photos ou des informations sur leurs enfants en ligne (Steinberg, 2017). Cependant, les enfants n&rsquo;ont souvent aucune possibilit\u00e9 de se retirer du monde num\u00e9rique s&rsquo;ils le souhaitent (Steinberg, 2017). Cette absence de diff\u00e9renciation entre le monde public et le monde priv\u00e9 est dangereuse et ouvre la porte \u00e0 <a href=\"https:\/\/www.humanium.org\/fr\/exploitation\/\">diverses formes d&rsquo;exploitation<\/a> physique ou en ligne d&rsquo;un enfant (comme l&rsquo;enl\u00e8vement num\u00e9rique &#8211; o\u00f9 l&rsquo;identit\u00e9 des enfants est vol\u00e9e en ligne par des individus qui les pr\u00e9sentent comme leurs propres enfants).<\/p>\n\n\n\n<div class=\"wp-block-image\"><figure class=\"alignright size-large is-resized\"><img loading=\"lazy\" decoding=\"async\" src=\"https:\/\/www.humanium.org\/fr\/wp-content\/uploads\/2021\/01\/shutterstock_1180583734-1024x683.jpg\" alt=\"\" class=\"wp-image-49437\" width=\"406\" height=\"271\" srcset=\"https:\/\/www.humanium.org\/fr\/wp-content\/uploads\/2021\/01\/shutterstock_1180583734-1024x683.jpg 1024w, https:\/\/www.humanium.org\/fr\/wp-content\/uploads\/2021\/01\/shutterstock_1180583734-300x200.jpg 300w, https:\/\/www.humanium.org\/fr\/wp-content\/uploads\/2021\/01\/shutterstock_1180583734-768x512.jpg 768w, https:\/\/www.humanium.org\/fr\/wp-content\/uploads\/2021\/01\/shutterstock_1180583734-1536x1024.jpg 1536w, https:\/\/www.humanium.org\/fr\/wp-content\/uploads\/2021\/01\/shutterstock_1180583734-2048x1365.jpg 2048w, https:\/\/www.humanium.org\/fr\/wp-content\/uploads\/2021\/01\/shutterstock_1180583734-830x553.jpg 830w, https:\/\/www.humanium.org\/fr\/wp-content\/uploads\/2021\/01\/shutterstock_1180583734-230x153.jpg 230w, https:\/\/www.humanium.org\/fr\/wp-content\/uploads\/2021\/01\/shutterstock_1180583734-350x233.jpg 350w, https:\/\/www.humanium.org\/fr\/wp-content\/uploads\/2021\/01\/shutterstock_1180583734-480x320.jpg 480w, https:\/\/www.humanium.org\/fr\/wp-content\/uploads\/2021\/01\/shutterstock_1180583734-272x182.jpg 272w\" sizes=\"auto, (max-width: 406px) 100vw, 406px\" \/><\/figure><\/div>\n\n\n\n<p class=\"wp-block-paragraph\">Il existe une fronti\u00e8re vitale entre la vie publique et la vie priv\u00e9e qui est fr\u00e9quemment franchie par les parents modernes qui ont modifi\u00e9 le paysage du monde pour les enfants en d\u00e9veloppement. La possibilit\u00e9 de partager des informations en ligne a offert de nouvelles opportunit\u00e9s aux parents tout en g\u00e9n\u00e9rant de nouvelles responsabilit\u00e9s (Steinberg, 2019). Les enfants ont un int\u00e9r\u00eat dans la vie priv\u00e9e, mais celui-ci est souvent \u00e9clips\u00e9 par le droit des parents \u00e0 dicter l&rsquo;\u00e9ducation de leurs enfants et \u00e0 utiliser leur droit \u00e0 la libert\u00e9 d&rsquo;expression (Steinberg, 2017). <\/p>\n\n\n\n<p class=\"wp-block-paragraph\">En partageant des informations sur leurs enfants sans leur consentement, les parents deviennent les narrateurs des histoires de leurs enfants &#8211; laissant les <a href=\"https:\/\/www.humanium.org\/fr\/droit-a-la-protection\/\">enfants vuln\u00e9rables et sans protection<\/a>. La vie priv\u00e9e des enfants est \u00e9galement synonyme de dignit\u00e9 et de respect de l&rsquo;enfant (Shmueli, 2011). Il est probable qu&rsquo;il y aura un retour de b\u00e2ton de la part de la g\u00e9n\u00e9ration actuelle de jeunes enfants qui chercheront \u00e0 exercer leur autonomie et critiqueront leurs parents pour avoir cr\u00e9\u00e9 des personnages en ligne pr\u00e9judiciables sans leur consentement (Hopegood, 2020). On peut avancer l&rsquo;argument que certains parents sacrifient souvent la vie priv\u00e9e de leurs enfants pour am\u00e9liorer leur propre pr\u00e9sence en ligne (Donovan, 2020).<\/p>\n\n\n\n<h2 class=\"wp-block-heading\"><strong>Solutions juridiques et politiques<\/strong><\/h2>\n\n\n\n<p class=\"wp-block-paragraph\">Les parents et les \u00e9ducateurs sont d\u00e9sormais les diffuseurs d&rsquo;informations sur leurs enfants aupr\u00e8s d&rsquo;un large public (LaFrance, 2016). Cela soul\u00e8ve diverses questions juridiques sur les droits que les enfants devraient avoir de contr\u00f4ler leur propre empreinte num\u00e9rique. Il existe des moyens d&rsquo;att\u00e9nuer ce probl\u00e8me, comme la mise en \u0153uvre du \u00ab\u00a0droit d&rsquo;\u00eatre oubli\u00e9\u00a0\u00bb inscrit \u00e0 l&rsquo;article 17 de la GDPR de l&rsquo;UE, qui permet aux enfants d&rsquo;effacer leurs informations personnelles des r\u00e9sultats des moteurs de recherche (LaFrance, 2016).<\/p>\n\n\n\n<p class=\"wp-block-paragraph\">Des discussions ont \u00e9galement eu lieu autour de l&rsquo;\u00e9laboration de lignes directrices visant \u00e0 donner aux enfants un \u00ab\u00a0droit de veto\u00a0\u00bb sur la publication de leurs informations en ligne et \u00e0 renforcer les m\u00e9canismes d&rsquo;alerte des parents avant de partager ces donn\u00e9es (LaFrance, 2016). Bien que ces politiques puissent aider \u00e0 relever le d\u00e9fi, elles n&#8217;emp\u00eachent pas enti\u00e8rement le partage de causer des dommages psychologiques importants au d\u00e9veloppement de l&rsquo;enfant.<\/p>\n\n\n\n<p class=\"wp-block-paragraph\">En raison du pr\u00e9judice potentiel, les attitudes et les politiques de partage varient d&rsquo;un pays \u00e0 l&rsquo;autre. Dans des pays tels que l&rsquo;Allemagne et la France, des lois strictes sont en place qui imposent des campagnes de sensibilisation du public et imposent des amendes lorsque des photos sont affich\u00e9es sans tenir compte de l&rsquo;int\u00e9r\u00eat sup\u00e9rieur de l&rsquo;enfant (Hopegood, 2020).<\/p>\n\n\n\n<h2 class=\"wp-block-heading\"><strong>Risques juridiques et s\u00e9curitaires pos\u00e9s par le partage des responsabilit\u00e9s parentales<\/strong><\/h2>\n\n\n\n<div class=\"wp-block-image\"><figure class=\"alignleft size-large is-resized\"><img loading=\"lazy\" decoding=\"async\" src=\"https:\/\/www.humanium.org\/fr\/wp-content\/uploads\/2021\/01\/shutterstock_1044365536-1024x683.jpg\" alt=\"\" class=\"wp-image-49438\" width=\"406\" height=\"270\" srcset=\"https:\/\/www.humanium.org\/fr\/wp-content\/uploads\/2021\/01\/shutterstock_1044365536-1024x683.jpg 1024w, https:\/\/www.humanium.org\/fr\/wp-content\/uploads\/2021\/01\/shutterstock_1044365536-300x200.jpg 300w, https:\/\/www.humanium.org\/fr\/wp-content\/uploads\/2021\/01\/shutterstock_1044365536-768x512.jpg 768w, https:\/\/www.humanium.org\/fr\/wp-content\/uploads\/2021\/01\/shutterstock_1044365536-1536x1024.jpg 1536w, https:\/\/www.humanium.org\/fr\/wp-content\/uploads\/2021\/01\/shutterstock_1044365536-2048x1366.jpg 2048w, https:\/\/www.humanium.org\/fr\/wp-content\/uploads\/2021\/01\/shutterstock_1044365536-830x553.jpg 830w, https:\/\/www.humanium.org\/fr\/wp-content\/uploads\/2021\/01\/shutterstock_1044365536-230x153.jpg 230w, https:\/\/www.humanium.org\/fr\/wp-content\/uploads\/2021\/01\/shutterstock_1044365536-350x233.jpg 350w, https:\/\/www.humanium.org\/fr\/wp-content\/uploads\/2021\/01\/shutterstock_1044365536-480x320.jpg 480w, https:\/\/www.humanium.org\/fr\/wp-content\/uploads\/2021\/01\/shutterstock_1044365536-272x182.jpg 272w\" sizes=\"auto, (max-width: 406px) 100vw, 406px\" \/><\/figure><\/div>\n\n\n\n<p class=\"wp-block-paragraph\">On estime que d&rsquo;ici 2030, plus de 66% des cas de fraude <a href=\"https:\/\/www.humanium.org\/fr\/comprendre-droits-enfant\/droit-a-l-identite\/\">d&rsquo;identit\u00e9 <\/a>auront \u00e9t\u00e9 le r\u00e9sultat d&rsquo;un partage (Hsu, 2019). Cette id\u00e9e est soutenue par AVG Antivirus qui pr\u00e9voit une croissance du vol d&rsquo;identit\u00e9 d&rsquo;autant plus importante que les parents partagent leurs enfants en ligne (Meakin, 2013). Le t\u00e9l\u00e9chargement et le partage d&rsquo;informations sur les enfants exposent ces derniers au risque que les photos deviennent virales et tombent entre des mains dangereuses et \u00e0 des activit\u00e9s frauduleuses, entre autres r\u00e9sultats dangereux (Hopegood, 2020). En fait, la Barclays Bank pr\u00e9voit que d&rsquo;ici 2030, 867 millions de dollars seront perdus \u00e0 cause des informations frauduleuses obtenues par le partage.<\/p>\n\n\n\n<p class=\"wp-block-paragraph\">Il existe quatre cat\u00e9gories de dommages que le partage peut entra\u00eener :<\/p>\n\n\n\n<ol class=\"wp-block-list\" type=\"1\"><li><strong>Les pr\u00e9judices tangibles<\/strong> &#8211; ils comprennent l&rsquo;enl\u00e8vement num\u00e9rique, le vol d&rsquo;identit\u00e9, la fraude et la collecte de donn\u00e9es (Steinberg, 2019) ;<\/li><li><strong>Les violations des droits de l&rsquo;enfant<\/strong> &#8211; cela inclut les atteintes au droit \u00e0 une vie familiale priv\u00e9e (Steinberg, 2019) ;<\/li><li><strong>Les pr\u00e9judices de la citoyennet\u00e9 num\u00e9rique<\/strong> &#8211; ils sont li\u00e9s \u00e0 l&rsquo;importance de la vie priv\u00e9e des enfants et de la protection des donn\u00e9es (Steinberg, 2019) ;<\/li><li><strong>Les pr\u00e9judices immat\u00e9riels<\/strong> &#8211; ils concernent les pr\u00e9judices mentaux inflig\u00e9s aux enfants qui affectent n\u00e9gativement leur d\u00e9veloppement.<\/li><\/ol>\n\n\n\n<h2 class=\"wp-block-heading\"><strong>Bonnes pratiques pour les parents<\/strong><\/h2>\n\n\n\n<p class=\"wp-block-paragraph\">L&rsquo;existence pr\u00e9coce des enfants en tant qu&rsquo;entit\u00e9s en ligne affecte leur capacit\u00e9 \u00e0 d\u00e9velopper une conscience de soi et <a href=\"https:\/\/www.humanium.org\/fr\/comprendre-droits-enfant\/droit-a-l-identite\/\">un sentiment d&rsquo;identit\u00e9<\/a> (Hsu, 2019). Si les parents veulent <a href=\"https:\/\/www.humanium.org\/fr\/droit-a-la-protection\/\">prot\u00e9ger leurs enfants <\/a>de mani\u00e8re ad\u00e9quate contre les dangers du partage, ils doivent, au minimum, reconna\u00eetre leur risque inh\u00e9rent en premier lieu. Id\u00e9alement, les parents pourraient s&rsquo;abstenir de tout partage. Toutefois, s&rsquo;ils s&rsquo;engagent dans cette action, il est important qu&rsquo;ils surveillent les param\u00e8tres de confidentialit\u00e9 de tous les contenus partag\u00e9s (qui en est propri\u00e9taire, qui y a acc\u00e8s &#8211; ces informations peuvent \u00eatre consult\u00e9es sur des sites web tiers tels que mypermissions.org) et qu&rsquo;ils s&rsquo;assurent qu&rsquo;ils utilisent des agr\u00e9gateurs de recherche pour d\u00e9couvrir quelles informations peuvent \u00eatre recueillies sur leur enfant (Meakin, 2013).<\/p>\n\n\n\n<p class=\"wp-block-paragraph\">Il est important que les parents deviennent des utilisateurs bien inform\u00e9s des m\u00e9dias sociaux, en lisant les politiques de confidentialit\u00e9 pertinentes pour s&rsquo;assurer qu&rsquo;ils utilisent leur maturit\u00e9 pour prendre des d\u00e9cisions raisonn\u00e9es pour leurs enfants. Avant de partager des informations, les parents doivent faire preuve de prudence, en s&rsquo;abstenant de : partager des photos explicites d&rsquo;enfants (comme des photos \u00e0 proximit\u00e9 de nus) qui pourraient attirer une attention dangereuse ; documenter des lieux physiques qui pourraient augmenter le risque que les enfants subissent des dommages physiques ; et d\u00e9tailler des informations qui pourraient autrement \u00eatre anonymis\u00e9es (comme sur les pages de chat et les r\u00e9seaux de soutien) (Steinberg, 2019).<\/p>\n\n\n\n<p class=\"wp-block-paragraph\">Si des informations ont \u00e9t\u00e9 partag\u00e9es, les outils technologiques de nombreux sites de partage social permettent aux parents de s\u00e9lectionner le public sp\u00e9cifique pour tout ce qui est partag\u00e9, de cacher le contenu de l&rsquo;algorithme de recherche de Google et de mettre en place des notifications pour surveiller o\u00f9 apparaissent les informations qu&rsquo;ils ont publi\u00e9es (Steinberg, 2019). Plus important encore, les parents doivent reconna\u00eetre qu&rsquo;\u00e0 mesure que les enfants grandissent, il faut leur donner le pouvoir de parler et d&rsquo;\u00eatre entendus. Ce qui peut sembler appropri\u00e9 de publier des informations concernant un enfant lorsqu&rsquo;il est encore b\u00e9b\u00e9 peut ne pas l&rsquo;\u00eatre un an plus tard (Meakin, 2013).<\/p>\n\n\n\n<p class=\"wp-block-paragraph\">Le partage est un ph\u00e9nom\u00e8ne relativement nouveau ; avant que les d\u00e9cideurs politiques ne trouvent des moyens de r\u00e9glementer largement cette activit\u00e9, <a href=\"https:\/\/www.humanium.org\/fr\/droit-a-la-protection\/\">les parents doivent prot\u00e9ger les enfants<\/a> \u00e0 tout prix. Les enfants doivent \u00eatre trait\u00e9s avec le respect et l&rsquo;intimit\u00e9 qu&rsquo;ils m\u00e9ritent, et leur int\u00e9r\u00eat sup\u00e9rieur doit \u00eatre <a href=\"https:\/\/www.humanium.org\/fr\/droit-a-la-protection\/\">prot\u00e9g\u00e9 \u00e0 tout moment <\/a>tout en reconnaissant qu&rsquo;ils sont aussi des personnes ind\u00e9pendantes.<\/p>\n\n\n\n<figure class=\"wp-block-image size-large\"><img loading=\"lazy\" decoding=\"async\" width=\"1024\" height=\"683\" src=\"https:\/\/www.humanium.org\/fr\/wp-content\/uploads\/2021\/01\/shutterstock_1443249506-1024x683.jpg\" alt=\"\" class=\"wp-image-49439\" srcset=\"https:\/\/www.humanium.org\/fr\/wp-content\/uploads\/2021\/01\/shutterstock_1443249506-1024x683.jpg 1024w, https:\/\/www.humanium.org\/fr\/wp-content\/uploads\/2021\/01\/shutterstock_1443249506-300x200.jpg 300w, https:\/\/www.humanium.org\/fr\/wp-content\/uploads\/2021\/01\/shutterstock_1443249506-768x512.jpg 768w, https:\/\/www.humanium.org\/fr\/wp-content\/uploads\/2021\/01\/shutterstock_1443249506-1536x1024.jpg 1536w, https:\/\/www.humanium.org\/fr\/wp-content\/uploads\/2021\/01\/shutterstock_1443249506-2048x1365.jpg 2048w, https:\/\/www.humanium.org\/fr\/wp-content\/uploads\/2021\/01\/shutterstock_1443249506-830x553.jpg 830w, https:\/\/www.humanium.org\/fr\/wp-content\/uploads\/2021\/01\/shutterstock_1443249506-230x153.jpg 230w, https:\/\/www.humanium.org\/fr\/wp-content\/uploads\/2021\/01\/shutterstock_1443249506-350x233.jpg 350w, https:\/\/www.humanium.org\/fr\/wp-content\/uploads\/2021\/01\/shutterstock_1443249506-480x320.jpg 480w, https:\/\/www.humanium.org\/fr\/wp-content\/uploads\/2021\/01\/shutterstock_1443249506-272x182.jpg 272w\" sizes=\"auto, (max-width: 1024px) 100vw, 1024px\" \/><\/figure>\n\n\n\n<p class=\"wp-block-paragraph\"><strong>Chez Humanium, nous cherchons \u00e0 sensibiliser \u00e0 l&rsquo;importance des droits des enfants \u00e0 <a href=\"https:\/\/www.humanium.org\/fr\/comprendre-droits-enfant\/droit-a-l-alimentation\/\">l&rsquo;alimentation<\/a>, \u00e0 <a href=\"https:\/\/www.humanium.org\/fr\/comprendre-droits-enfant\/droit-a-l-education\/\">l&rsquo;\u00e9ducation<\/a> et \u00e0 <a href=\"https:\/\/www.humanium.org\/fr\/droit-a-la-protection\/\">la protection.<\/a> Joignez-vous \u00e0 nous pour faire des droits de l&rsquo;enfant \u00e0 un environnement s\u00fbr et \u00e0 une \u00e9ducation accessible une r\u00e9alit\u00e9 en parrainant un enfant, en faisant un don ou en devenant b\u00e9n\u00e9vole !&nbsp;&nbsp;&nbsp;<\/strong><\/p>\n\n\n\n<hr class=\"wp-block-separator\"\/>\n\n\n\n<p class=\"wp-block-paragraph\"><em><strong>Ecrit par<strong><em> Vanessa Cezarita Cordeiro<\/em><\/strong><\/strong><\/em><\/p>\n\n\n\n<p class=\"wp-block-paragraph\"><em><strong>Traduit par M\u00e9laine Athimon<\/strong><\/em><\/p>\n\n\n\n<p class=\"wp-block-paragraph\"><strong><em>Relu par Marion Brasseur<\/em><\/strong><\/p>\n\n\n\n<h4 class=\"wp-block-heading\"><strong>Pour plus d&rsquo;informations :<\/strong><\/h4>\n\n\n\n<p class=\"has-small-font-size wp-block-paragraph\" id=\"block-1fd2837c-227a-44b1-a7ef-65d4b3a7c42b\"><a href=\"https:\/\/oxford.universitypressscholarship.com\/view\/10.1093\/oso\/9780190874698.001.0001\/oso-9780190874698\">Blum-Ross, A. Livingstone, S. (2020, July 1). <em>Parenting for a Digital Future How Hopes and Fears About Technology Shape Children&rsquo;s Lives. <\/em><\/a><a href=\"https:\/\/oxford.universitypressscholarship.com\/view\/10.1093\/oso\/9780190874698.001.0001\/oso-9780190874698\">Oxford University Press.<\/a><\/p>\n\n\n\n<p class=\"has-small-font-size wp-block-paragraph\" id=\"block-f7cf568f-0a65-4bbc-9f42-333a12dc48f2\">Information Commissioner&rsquo;s Office (ICO). <em>Children<\/em>.<\/p>\n\n\n\n<p class=\"has-small-font-size wp-block-paragraph\" id=\"block-66be5db7-d783-420f-8a10-dfa95db9640d\">Information Commissioner&rsquo;s Office (ICO). <em>What Do We Need to Consider When Choosing A Basis For Processing Childrens Personal Data?<\/em><\/p>\n\n\n\n<p class=\"has-small-font-size wp-block-paragraph\" id=\"block-7019bda1-6919-450d-b74f-d4e222aef757\"><a href=\"https:\/\/leahplunkett.com\/sharenthood\">Plunkett, L. A. (2019, September 10). <em>Sharenthood, Why We Should Think Before We Talk About Our Kids Online. <\/em><\/a><a href=\"https:\/\/leahplunkett.com\/sharenthood\">The MIT Press.<\/a><\/p>\n\n\n\n<p class=\"has-small-font-size wp-block-paragraph\" id=\"block-d3f07597-3890-4cd8-affe-4a6e6049fa34\">Steinberg, S. (2020, August 4). <em>Growing up Shared: How Parents Can Share Smarter on Social Media- and What You Can Do To Keep Your Family Safe in a No-Privacy World. <\/em>Sourcebooks.<\/p>\n\n\n\n<p class=\"has-small-font-size wp-block-paragraph\" id=\"block-754c1f03-ba04-44c6-87e7-c789c37b8dc6\"><a href=\"https:\/\/www.unicef.org\/csr\/files\/UNICEF_Childrens_Online_Privacy_and_Freedom_of_Expression(1).pdf\">United Nations Children&rsquo;s Fund. (2018, May). <em>Children&rsquo;s Online Privacy <\/em><\/a><a href=\"https:\/\/www.unicef.org\/csr\/files\/UNICEF_Childrens_Online_Privacy_and_Freedom_of_Expression(1).pdf\">and Freedom of Expression.<\/a><\/p>\n\n\n\n<h4 class=\"wp-block-heading\" id=\"block-d1ac9c32-1976-40f1-9fea-56517d1929e9\"><strong>Bibliograph<\/strong>ie :<\/h4>\n\n\n\n<p class=\"has-small-font-size wp-block-paragraph\" id=\"block-c8ee2d48-625c-42a7-95b7-f54df723a11a\"><a href=\"https:\/\/blogs.lse.ac.uk\/parenting4digitalfuture\/2016\/09\/14\/where-and-when-does-a-parents-right-to-share-end-online\/\">Blum-Ross, A. (2016, September 14). <em>Where and when does a parent&rsquo;s right to share end online?<\/em><\/a><\/p>\n\n\n\n<p class=\"has-small-font-size wp-block-paragraph\" id=\"block-0c7532a7-ad84-4087-9e9f-607a2984d194\"><a href=\"https:\/\/phrg.padovauniversitypress.it\/system\/files\/papers\/PHRG-2020-1-2.pdf\">Donovan, S. (2020, March). \u00a8Sharenting\u00a8: The Forgotten Children of the GDPR. <em>Peace, Human Rights Governance, <\/em><\/a><a href=\"https:\/\/phrg.padovauniversitypress.it\/system\/files\/papers\/PHRG-2020-1-2.pdf\">4(1), 35-59.<\/a><\/p>\n\n\n\n<p class=\"has-small-font-size wp-block-paragraph\" id=\"block-529d4a25-468c-48b6-a991-3b1f910b502d\"><a href=\"https:\/\/www.youtube.com\/watch?v=QObFkQ8Vxhs\">Good Morning America. (2019, May 22). <em>Parents Face Backlash From Their Own Children for Posting on Social Media.<\/em><\/a><\/p>\n\n\n\n<p class=\"has-small-font-size wp-block-paragraph\" id=\"block-ebdcff52-082b-4f71-b1f2-17a6069f3355\"><a href=\"https:\/\/gdpr-info.eu\/\">European Parliament and Council of the European Union. (2016). General Data Protection Regulation. EU 2016\/679.<\/a><\/p>\n\n\n\n<p class=\"has-small-font-size wp-block-paragraph\" id=\"block-94b2f3f3-7a14-4f71-a0bf-cd2dbe0b46bc\"><a href=\"https:\/\/www.aljazeera.com\/features\/2020\/10\/11\/facing-the-music-the-parents-who-share-too-much\">Hopegood, R. (2020, October 11). <em>The perils of \u00a8sharenting\u00a8: The parents who share too much.<\/em><\/a><\/p>\n\n\n\n<p class=\"has-small-font-size wp-block-paragraph\" id=\"block-cb5739a2-ca90-465c-99f2-7207d3f8be8e\"><a href=\"https:\/\/www.newyorker.com\/culture\/cultural-comment\/instagram-facebook-and-the-perils-of-sharenting\">Hsu, H. (2019, September 11). <em>Instagram, Facebook, and the Perils of Sharenting.<\/em><\/a><\/p>\n\n\n\n<p class=\"has-small-font-size wp-block-paragraph\" id=\"block-f53da892-724a-49eb-8fde-4d63a031323a\"><a href=\"https:\/\/www.nytimes.com\/2019\/06\/05\/opinion\/children-internet-privacy.html\">Kamenetz, A. (2019, June 5). <em>The Problem with \u00a8Sharenting\u00a8<\/em><\/a><\/p>\n\n\n\n<p class=\"has-small-font-size wp-block-paragraph\" id=\"block-6ca6fb6d-6902-42c4-be55-161bd0a333e1\"><a href=\"https:\/\/www.theatlantic.com\/technology\/archive\/2016\/10\/babies-everywhere\/502757\/\">LaFrance, A. (2016, October 16). <em>The Perils of \u00a8Sharenting\u00a8 All those Facebook photos are cute &#8211; but how are they affecting the kids?<\/em><\/a><\/p>\n\n\n\n<p class=\"has-small-font-size wp-block-paragraph\" id=\"block-e222c214-396a-48e3-8e83-23928128643c\"><a href=\"https:\/\/www.theguardian.com\/lifeandstyle\/2013\/may\/18\/pros-cons-of-sharenting\">Meakin, N. (2013, May 18). <em>The pros and cons of \u00b4sharenting\u00b4.<\/em><\/a><\/p>\n\n\n\n<p class=\"has-small-font-size wp-block-paragraph\" id=\"block-6aaeaa14-d854-4572-a54a-f369b9e037d2\"><a href=\"https:\/\/www.youtube.com\/watch?v=nBMsdE114w0\">NBC News. (2020, January 4). <em>How Sharenting is Robbing Our Kids of Their Right to Privacy<\/em><\/a><a href=\"https:\/\/www.youtube.com\/watch?v=nBMsdE114w0\">.<\/a><\/p>\n\n\n\n<p class=\"has-small-font-size wp-block-paragraph\" id=\"block-74729fb7-487b-4793-84b0-765027802e67\"><a href=\"https:\/\/papers.ssrn.com\/sol3\/papers.cfm?abstract_id=1746540\">Shmueli, B. Bleacher-Prigat, (2011, January 25). A. Privacy for Children.<em> Columbia Human Rights Law Review, 42(759-95)<\/em><\/a><\/p>\n\n\n\n<p class=\"has-small-font-size wp-block-paragraph\" id=\"block-57334732-6a77-442c-a8b3-2af477f70dd8\"><a href=\"https:\/\/blogs.lse.ac.uk\/parenting4digitalfuture\/2019\/11\/13\/growing-up-shared-negotiating-the-risks-and-opportunities-of-sharenting\/\">Steinberg, S. (2019, November 13). <em>Growing up shared: Negotiating the risks and opportunities of \u00a8sharenting\u00a8<\/em><\/a><\/p>\n\n\n\n<p class=\"has-small-font-size wp-block-paragraph\" id=\"block-a38031b9-b5f7-4027-bd96-cee835691d28\"><a href=\"https:\/\/scholarship.law.ufl.edu\/cgi\/viewcontent.cgi?article=1796&amp;context=facultypub\">Steinberg, S.B. (2017). Sharenting: Children&rsquo;s Privacy in the Age of Social Media. <em>University of Florida Levin College of Law, <\/em><\/a><a href=\"https:\/\/scholarship.law.ufl.edu\/cgi\/viewcontent.cgi?article=1796&amp;context=facultypub\">66(839).<\/a><\/p>\n\n\n\n<p class=\"has-small-font-size wp-block-paragraph\" id=\"block-e241d51f-453f-442b-a5ef-3e0b6d064423\"><a href=\"https:\/\/www.youtube.com\/watch?v=dpirtXdzkII\">The Atlantic. (2019, May 21). <em>Are Parents Exploiting Their Kids on Social Media?<\/em><\/a><\/p>\n\n\n\n<p class=\"has-small-font-size wp-block-paragraph\" id=\"block-74071bbc-3a56-4a1e-9d62-c064b57d3d6c\"><a href=\"https:\/\/www.youtube.com\/watch?v=YRPUZ3pufAg\">The New York Times. (2019, August 7). <em>Kids Are Confronting Their Parents About \u00a8Sharenting\u00a8.<\/em><\/a><\/p>\n\n\n\n<p class=\"has-small-font-size wp-block-paragraph\" id=\"block-e97e938f-f1db-411b-b290-e2c0ada25bb3\"><a href=\"https:\/\/www.youtube.com\/watch?v=hsm8TP-01-M\">Today. (2018, March 20). <em>Why You Should Rethink Posting Photos of Your Children on Social Media.<\/em><\/a><\/p>\n\n\n\n<p class=\"has-small-font-size wp-block-paragraph\" id=\"block-c36e3ca0-91ff-45ba-8be6-8978ff0bd78f\"><a href=\"https:\/\/www.ohchr.org\/en\/professionalinterest\/pages\/crc.aspx\">The United Nations. (1989). Convention on the Rights of the Child. Treaty Series, 1577, 3.<\/a><\/p>\n","protected":false},"excerpt":{"rendered":"<p>Dans le monde d&rsquo;aujourd&rsquo;hui, les enfants font souvent leurs d\u00e9buts sur Internet avant m\u00eame leur naissance, apparaissant g\u00e9n\u00e9ralement sur les plateformes de m\u00e9dias sociaux de leurs parents sous forme d&rsquo;images ultrasonores floues (LaFrance, 2016). Bien que ces enfants puissent prendre conscience de leur empreinte num\u00e9rique et de leur identit\u00e9 en ligne d\u00e8s leur plus jeune [&hellip;]<\/p>\n","protected":false},"author":69,"featured_media":49433,"comment_status":"closed","ping_status":"closed","sticky":false,"template":"","format":"standard","meta":{"footnotes":""},"categories":[220,233,229],"tags":[],"class_list":["post-49432","post","type-post","status-publish","format-standard","has-post-thumbnail","hentry","category-droits-des-enfants","category-exploitation","category-liberte"],"yoast_head":"<!-- This site is optimized with the Yoast SEO plugin v28.3 - https:\/\/yoast.com\/product\/yoast-seo-wordpress\/ -->\n<title>Les droits de l&#039;enfant et les technologies num\u00e9riques : la vie priv\u00e9e des enfants \u00e0 l&#039;\u00e8re des m\u00e9dias sociaux - Les dangers du &quot;partage&quot; (Sharenting) - Humanium<\/title>\n<meta name=\"description\" content=\"Dans le monde d&#039;aujourd&#039;hui, les enfants font souvent leurs d\u00e9buts sur Internet avant m\u00eame leur naissance.\" \/>\n<meta name=\"robots\" content=\"index, follow, max-snippet:-1, max-image-preview:large, max-video-preview:-1\" \/>\n<link rel=\"canonical\" href=\"https:\/\/www.humanium.org\/fr\/les-droits-de-lenfant-et-les-technologies-numeriques-la-vie-privee-des-enfants-a-lere-des-medias-sociaux-les-dangers-du-partage-sharenting\/\" \/>\n<meta property=\"og:locale\" content=\"fr_FR\" \/>\n<meta property=\"og:type\" content=\"article\" \/>\n<meta property=\"og:title\" content=\"Les droits de l&#039;enfant et les technologies num\u00e9riques : la vie priv\u00e9e des enfants \u00e0 l&#039;\u00e8re des m\u00e9dias sociaux - Les dangers du &quot;partage&quot; (Sharenting) - Humanium\" \/>\n<meta property=\"og:description\" content=\"Dans le monde d&#039;aujourd&#039;hui, les enfants font souvent leurs d\u00e9buts sur Internet avant m\u00eame leur naissance.\" \/>\n<meta property=\"og:url\" content=\"https:\/\/www.humanium.org\/fr\/les-droits-de-lenfant-et-les-technologies-numeriques-la-vie-privee-des-enfants-a-lere-des-medias-sociaux-les-dangers-du-partage-sharenting\/\" \/>\n<meta property=\"og:site_name\" content=\"Humanium\" \/>\n<meta property=\"article:published_time\" content=\"2021-01-26T17:42:10+00:00\" \/>\n<meta property=\"article:modified_time\" content=\"2026-08-21T03:22:47+00:00\" \/>\n<meta property=\"og:image\" content=\"https:\/\/www.humanium.org\/fr\/wp-content\/uploads\/2021\/01\/shutterstock_1222424143-scaled.jpg\" \/>\n\t<meta property=\"og:image:width\" content=\"2560\" \/>\n\t<meta property=\"og:image:height\" content=\"1707\" \/>\n\t<meta property=\"og:image:type\" content=\"image\/jpeg\" \/>\n<meta name=\"author\" content=\"Humanium\" \/>\n<meta name=\"twitter:card\" content=\"summary_large_image\" \/>\n<meta name=\"twitter:label1\" content=\"\u00c9crit par\" \/>\n\t<meta name=\"twitter:data1\" content=\"Humanium\" \/>\n\t<meta name=\"twitter:label2\" content=\"Dur\u00e9e de lecture estim\u00e9e\" \/>\n\t<meta name=\"twitter:data2\" content=\"14 minutes\" \/>\n<script type=\"application\/ld+json\" class=\"yoast-schema-graph\">{\"@context\":\"https:\\\/\\\/schema.org\",\"@graph\":[{\"@type\":\"Article\",\"@id\":\"https:\\\/\\\/www.humanium.org\\\/fr\\\/les-droits-de-lenfant-et-les-technologies-numeriques-la-vie-privee-des-enfants-a-lere-des-medias-sociaux-les-dangers-du-partage-sharenting\\\/#article\",\"isPartOf\":{\"@id\":\"https:\\\/\\\/www.humanium.org\\\/fr\\\/les-droits-de-lenfant-et-les-technologies-numeriques-la-vie-privee-des-enfants-a-lere-des-medias-sociaux-les-dangers-du-partage-sharenting\\\/\"},\"author\":{\"name\":\"Humanium\",\"@id\":\"https:\\\/\\\/www.humanium.org\\\/fr\\\/#\\\/schema\\\/person\\\/d798d6c7d59ba2307e0877f61a20ce3e\"},\"headline\":\"Les droits de l&rsquo;enfant et les technologies num\u00e9riques : la vie priv\u00e9e des enfants \u00e0 l&rsquo;\u00e8re des m\u00e9dias sociaux &#8211; Les dangers du \u00ab\u00a0partage\u00a0\u00bb (Sharenting)\",\"datePublished\":\"2021-01-26T17:42:10+00:00\",\"dateModified\":\"2026-08-21T03:22:47+00:00\",\"mainEntityOfPage\":{\"@id\":\"https:\\\/\\\/www.humanium.org\\\/fr\\\/les-droits-de-lenfant-et-les-technologies-numeriques-la-vie-privee-des-enfants-a-lere-des-medias-sociaux-les-dangers-du-partage-sharenting\\\/\"},\"wordCount\":2926,\"image\":{\"@id\":\"https:\\\/\\\/www.humanium.org\\\/fr\\\/les-droits-de-lenfant-et-les-technologies-numeriques-la-vie-privee-des-enfants-a-lere-des-medias-sociaux-les-dangers-du-partage-sharenting\\\/#primaryimage\"},\"thumbnailUrl\":\"https:\\\/\\\/www.humanium.org\\\/fr\\\/wp-content\\\/uploads\\\/2021\\\/01\\\/shutterstock_1222424143-scaled.jpg\",\"articleSection\":[\"Droits des enfants\",\"Exploitation\",\"Libert\u00e9\"],\"inLanguage\":\"fr-FR\"},{\"@type\":\"WebPage\",\"@id\":\"https:\\\/\\\/www.humanium.org\\\/fr\\\/les-droits-de-lenfant-et-les-technologies-numeriques-la-vie-privee-des-enfants-a-lere-des-medias-sociaux-les-dangers-du-partage-sharenting\\\/\",\"url\":\"https:\\\/\\\/www.humanium.org\\\/fr\\\/les-droits-de-lenfant-et-les-technologies-numeriques-la-vie-privee-des-enfants-a-lere-des-medias-sociaux-les-dangers-du-partage-sharenting\\\/\",\"name\":\"Les droits de l'enfant et les technologies num\u00e9riques : la vie priv\u00e9e des enfants \u00e0 l'\u00e8re des m\u00e9dias sociaux - Les dangers du \\\"partage\\\" (Sharenting) - Humanium\",\"isPartOf\":{\"@id\":\"https:\\\/\\\/www.humanium.org\\\/fr\\\/#website\"},\"primaryImageOfPage\":{\"@id\":\"https:\\\/\\\/www.humanium.org\\\/fr\\\/les-droits-de-lenfant-et-les-technologies-numeriques-la-vie-privee-des-enfants-a-lere-des-medias-sociaux-les-dangers-du-partage-sharenting\\\/#primaryimage\"},\"image\":{\"@id\":\"https:\\\/\\\/www.humanium.org\\\/fr\\\/les-droits-de-lenfant-et-les-technologies-numeriques-la-vie-privee-des-enfants-a-lere-des-medias-sociaux-les-dangers-du-partage-sharenting\\\/#primaryimage\"},\"thumbnailUrl\":\"https:\\\/\\\/www.humanium.org\\\/fr\\\/wp-content\\\/uploads\\\/2021\\\/01\\\/shutterstock_1222424143-scaled.jpg\",\"datePublished\":\"2021-01-26T17:42:10+00:00\",\"dateModified\":\"2026-08-21T03:22:47+00:00\",\"author\":{\"@id\":\"https:\\\/\\\/www.humanium.org\\\/fr\\\/#\\\/schema\\\/person\\\/d798d6c7d59ba2307e0877f61a20ce3e\"},\"description\":\"Dans le monde d'aujourd'hui, les enfants font souvent leurs d\u00e9buts sur Internet avant m\u00eame leur naissance.\",\"breadcrumb\":{\"@id\":\"https:\\\/\\\/www.humanium.org\\\/fr\\\/les-droits-de-lenfant-et-les-technologies-numeriques-la-vie-privee-des-enfants-a-lere-des-medias-sociaux-les-dangers-du-partage-sharenting\\\/#breadcrumb\"},\"inLanguage\":\"fr-FR\",\"potentialAction\":[{\"@type\":\"ReadAction\",\"target\":[\"https:\\\/\\\/www.humanium.org\\\/fr\\\/les-droits-de-lenfant-et-les-technologies-numeriques-la-vie-privee-des-enfants-a-lere-des-medias-sociaux-les-dangers-du-partage-sharenting\\\/\"]}]},{\"@type\":\"ImageObject\",\"inLanguage\":\"fr-FR\",\"@id\":\"https:\\\/\\\/www.humanium.org\\\/fr\\\/les-droits-de-lenfant-et-les-technologies-numeriques-la-vie-privee-des-enfants-a-lere-des-medias-sociaux-les-dangers-du-partage-sharenting\\\/#primaryimage\",\"url\":\"https:\\\/\\\/www.humanium.org\\\/fr\\\/wp-content\\\/uploads\\\/2021\\\/01\\\/shutterstock_1222424143-scaled.jpg\",\"contentUrl\":\"https:\\\/\\\/www.humanium.org\\\/fr\\\/wp-content\\\/uploads\\\/2021\\\/01\\\/shutterstock_1222424143-scaled.jpg\",\"width\":2560,\"height\":1707},{\"@type\":\"BreadcrumbList\",\"@id\":\"https:\\\/\\\/www.humanium.org\\\/fr\\\/les-droits-de-lenfant-et-les-technologies-numeriques-la-vie-privee-des-enfants-a-lere-des-medias-sociaux-les-dangers-du-partage-sharenting\\\/#breadcrumb\",\"itemListElement\":[{\"@type\":\"ListItem\",\"position\":1,\"name\":\"Home\",\"item\":\"https:\\\/\\\/www.humanium.org\\\/fr\\\/\"},{\"@type\":\"ListItem\",\"position\":2,\"name\":\"Les droits de l&rsquo;enfant et les technologies num\u00e9riques : la vie priv\u00e9e des enfants \u00e0 l&rsquo;\u00e8re des m\u00e9dias sociaux &#8211; Les dangers du \u00ab\u00a0partage\u00a0\u00bb (Sharenting)\"}]},{\"@type\":\"WebSite\",\"@id\":\"https:\\\/\\\/www.humanium.org\\\/fr\\\/#website\",\"url\":\"https:\\\/\\\/www.humanium.org\\\/fr\\\/\",\"name\":\"Humanium\",\"description\":\"Les enfants d\u2019abord !\",\"potentialAction\":[{\"@type\":\"SearchAction\",\"target\":{\"@type\":\"EntryPoint\",\"urlTemplate\":\"https:\\\/\\\/www.humanium.org\\\/fr\\\/?s={search_term_string}\"},\"query-input\":{\"@type\":\"PropertyValueSpecification\",\"valueRequired\":true,\"valueName\":\"search_term_string\"}}],\"inLanguage\":\"fr-FR\"},{\"@type\":\"Person\",\"@id\":\"https:\\\/\\\/www.humanium.org\\\/fr\\\/#\\\/schema\\\/person\\\/d798d6c7d59ba2307e0877f61a20ce3e\",\"name\":\"Humanium\",\"image\":{\"@type\":\"ImageObject\",\"inLanguage\":\"fr-FR\",\"@id\":\"https:\\\/\\\/secure.gravatar.com\\\/avatar\\\/22715e338d2fcc547e3a431c4738360d33fea2a4af458f865b2c3b22f1eaa51f?s=96&d=mm&r=g\",\"url\":\"https:\\\/\\\/secure.gravatar.com\\\/avatar\\\/22715e338d2fcc547e3a431c4738360d33fea2a4af458f865b2c3b22f1eaa51f?s=96&d=mm&r=g\",\"contentUrl\":\"https:\\\/\\\/secure.gravatar.com\\\/avatar\\\/22715e338d2fcc547e3a431c4738360d33fea2a4af458f865b2c3b22f1eaa51f?s=96&d=mm&r=g\",\"caption\":\"Humanium\"},\"url\":\"https:\\\/\\\/www.humanium.org\\\/fr\\\/author\\\/humanium\\\/\"}]}<\/script>\n<!-- \/ Yoast SEO plugin. -->","yoast_head_json":{"title":"Les droits de l'enfant et les technologies num\u00e9riques : la vie priv\u00e9e des enfants \u00e0 l'\u00e8re des m\u00e9dias sociaux - Les dangers du \"partage\" (Sharenting) - Humanium","description":"Dans le monde d'aujourd'hui, les enfants font souvent leurs d\u00e9buts sur Internet avant m\u00eame leur naissance.","robots":{"index":"index","follow":"follow","max-snippet":"max-snippet:-1","max-image-preview":"max-image-preview:large","max-video-preview":"max-video-preview:-1"},"canonical":"https:\/\/www.humanium.org\/fr\/les-droits-de-lenfant-et-les-technologies-numeriques-la-vie-privee-des-enfants-a-lere-des-medias-sociaux-les-dangers-du-partage-sharenting\/","og_locale":"fr_FR","og_type":"article","og_title":"Les droits de l'enfant et les technologies num\u00e9riques : la vie priv\u00e9e des enfants \u00e0 l'\u00e8re des m\u00e9dias sociaux - Les dangers du \"partage\" (Sharenting) - Humanium","og_description":"Dans le monde d'aujourd'hui, les enfants font souvent leurs d\u00e9buts sur Internet avant m\u00eame leur naissance.","og_url":"https:\/\/www.humanium.org\/fr\/les-droits-de-lenfant-et-les-technologies-numeriques-la-vie-privee-des-enfants-a-lere-des-medias-sociaux-les-dangers-du-partage-sharenting\/","og_site_name":"Humanium","article_published_time":"2021-01-26T17:42:10+00:00","article_modified_time":"2026-08-21T03:22:47+00:00","og_image":[{"width":2560,"height":1707,"url":"https:\/\/www.humanium.org\/fr\/wp-content\/uploads\/2021\/01\/shutterstock_1222424143-scaled.jpg","type":"image\/jpeg"}],"author":"Humanium","twitter_card":"summary_large_image","twitter_misc":{"\u00c9crit par":"Humanium","Dur\u00e9e de lecture estim\u00e9e":"14 minutes"},"schema":{"@context":"https:\/\/schema.org","@graph":[{"@type":"Article","@id":"https:\/\/www.humanium.org\/fr\/les-droits-de-lenfant-et-les-technologies-numeriques-la-vie-privee-des-enfants-a-lere-des-medias-sociaux-les-dangers-du-partage-sharenting\/#article","isPartOf":{"@id":"https:\/\/www.humanium.org\/fr\/les-droits-de-lenfant-et-les-technologies-numeriques-la-vie-privee-des-enfants-a-lere-des-medias-sociaux-les-dangers-du-partage-sharenting\/"},"author":{"name":"Humanium","@id":"https:\/\/www.humanium.org\/fr\/#\/schema\/person\/d798d6c7d59ba2307e0877f61a20ce3e"},"headline":"Les droits de l&rsquo;enfant et les technologies num\u00e9riques : la vie priv\u00e9e des enfants \u00e0 l&rsquo;\u00e8re des m\u00e9dias sociaux &#8211; Les dangers du \u00ab\u00a0partage\u00a0\u00bb (Sharenting)","datePublished":"2021-01-26T17:42:10+00:00","dateModified":"2026-08-21T03:22:47+00:00","mainEntityOfPage":{"@id":"https:\/\/www.humanium.org\/fr\/les-droits-de-lenfant-et-les-technologies-numeriques-la-vie-privee-des-enfants-a-lere-des-medias-sociaux-les-dangers-du-partage-sharenting\/"},"wordCount":2926,"image":{"@id":"https:\/\/www.humanium.org\/fr\/les-droits-de-lenfant-et-les-technologies-numeriques-la-vie-privee-des-enfants-a-lere-des-medias-sociaux-les-dangers-du-partage-sharenting\/#primaryimage"},"thumbnailUrl":"https:\/\/www.humanium.org\/fr\/wp-content\/uploads\/2021\/01\/shutterstock_1222424143-scaled.jpg","articleSection":["Droits des enfants","Exploitation","Libert\u00e9"],"inLanguage":"fr-FR"},{"@type":"WebPage","@id":"https:\/\/www.humanium.org\/fr\/les-droits-de-lenfant-et-les-technologies-numeriques-la-vie-privee-des-enfants-a-lere-des-medias-sociaux-les-dangers-du-partage-sharenting\/","url":"https:\/\/www.humanium.org\/fr\/les-droits-de-lenfant-et-les-technologies-numeriques-la-vie-privee-des-enfants-a-lere-des-medias-sociaux-les-dangers-du-partage-sharenting\/","name":"Les droits de l'enfant et les technologies num\u00e9riques : la vie priv\u00e9e des enfants \u00e0 l'\u00e8re des m\u00e9dias sociaux - Les dangers du \"partage\" (Sharenting) - Humanium","isPartOf":{"@id":"https:\/\/www.humanium.org\/fr\/#website"},"primaryImageOfPage":{"@id":"https:\/\/www.humanium.org\/fr\/les-droits-de-lenfant-et-les-technologies-numeriques-la-vie-privee-des-enfants-a-lere-des-medias-sociaux-les-dangers-du-partage-sharenting\/#primaryimage"},"image":{"@id":"https:\/\/www.humanium.org\/fr\/les-droits-de-lenfant-et-les-technologies-numeriques-la-vie-privee-des-enfants-a-lere-des-medias-sociaux-les-dangers-du-partage-sharenting\/#primaryimage"},"thumbnailUrl":"https:\/\/www.humanium.org\/fr\/wp-content\/uploads\/2021\/01\/shutterstock_1222424143-scaled.jpg","datePublished":"2021-01-26T17:42:10+00:00","dateModified":"2026-08-21T03:22:47+00:00","author":{"@id":"https:\/\/www.humanium.org\/fr\/#\/schema\/person\/d798d6c7d59ba2307e0877f61a20ce3e"},"description":"Dans le monde d'aujourd'hui, les enfants font souvent leurs d\u00e9buts sur Internet avant m\u00eame leur naissance.","breadcrumb":{"@id":"https:\/\/www.humanium.org\/fr\/les-droits-de-lenfant-et-les-technologies-numeriques-la-vie-privee-des-enfants-a-lere-des-medias-sociaux-les-dangers-du-partage-sharenting\/#breadcrumb"},"inLanguage":"fr-FR","potentialAction":[{"@type":"ReadAction","target":["https:\/\/www.humanium.org\/fr\/les-droits-de-lenfant-et-les-technologies-numeriques-la-vie-privee-des-enfants-a-lere-des-medias-sociaux-les-dangers-du-partage-sharenting\/"]}]},{"@type":"ImageObject","inLanguage":"fr-FR","@id":"https:\/\/www.humanium.org\/fr\/les-droits-de-lenfant-et-les-technologies-numeriques-la-vie-privee-des-enfants-a-lere-des-medias-sociaux-les-dangers-du-partage-sharenting\/#primaryimage","url":"https:\/\/www.humanium.org\/fr\/wp-content\/uploads\/2021\/01\/shutterstock_1222424143-scaled.jpg","contentUrl":"https:\/\/www.humanium.org\/fr\/wp-content\/uploads\/2021\/01\/shutterstock_1222424143-scaled.jpg","width":2560,"height":1707},{"@type":"BreadcrumbList","@id":"https:\/\/www.humanium.org\/fr\/les-droits-de-lenfant-et-les-technologies-numeriques-la-vie-privee-des-enfants-a-lere-des-medias-sociaux-les-dangers-du-partage-sharenting\/#breadcrumb","itemListElement":[{"@type":"ListItem","position":1,"name":"Home","item":"https:\/\/www.humanium.org\/fr\/"},{"@type":"ListItem","position":2,"name":"Les droits de l&rsquo;enfant et les technologies num\u00e9riques : la vie priv\u00e9e des enfants \u00e0 l&rsquo;\u00e8re des m\u00e9dias sociaux &#8211; Les dangers du \u00ab\u00a0partage\u00a0\u00bb (Sharenting)"}]},{"@type":"WebSite","@id":"https:\/\/www.humanium.org\/fr\/#website","url":"https:\/\/www.humanium.org\/fr\/","name":"Humanium","description":"Les enfants d\u2019abord !","potentialAction":[{"@type":"SearchAction","target":{"@type":"EntryPoint","urlTemplate":"https:\/\/www.humanium.org\/fr\/?s={search_term_string}"},"query-input":{"@type":"PropertyValueSpecification","valueRequired":true,"valueName":"search_term_string"}}],"inLanguage":"fr-FR"},{"@type":"Person","@id":"https:\/\/www.humanium.org\/fr\/#\/schema\/person\/d798d6c7d59ba2307e0877f61a20ce3e","name":"Humanium","image":{"@type":"ImageObject","inLanguage":"fr-FR","@id":"https:\/\/secure.gravatar.com\/avatar\/22715e338d2fcc547e3a431c4738360d33fea2a4af458f865b2c3b22f1eaa51f?s=96&d=mm&r=g","url":"https:\/\/secure.gravatar.com\/avatar\/22715e338d2fcc547e3a431c4738360d33fea2a4af458f865b2c3b22f1eaa51f?s=96&d=mm&r=g","contentUrl":"https:\/\/secure.gravatar.com\/avatar\/22715e338d2fcc547e3a431c4738360d33fea2a4af458f865b2c3b22f1eaa51f?s=96&d=mm&r=g","caption":"Humanium"},"url":"https:\/\/www.humanium.org\/fr\/author\/humanium\/"}]}},"_links":{"self":[{"href":"https:\/\/www.humanium.org\/fr\/wp-json\/wp\/v2\/posts\/49432","targetHints":{"allow":["GET"]}}],"collection":[{"href":"https:\/\/www.humanium.org\/fr\/wp-json\/wp\/v2\/posts"}],"about":[{"href":"https:\/\/www.humanium.org\/fr\/wp-json\/wp\/v2\/types\/post"}],"author":[{"embeddable":true,"href":"https:\/\/www.humanium.org\/fr\/wp-json\/wp\/v2\/users\/69"}],"replies":[{"embeddable":true,"href":"https:\/\/www.humanium.org\/fr\/wp-json\/wp\/v2\/comments?post=49432"}],"version-history":[{"count":24,"href":"https:\/\/www.humanium.org\/fr\/wp-json\/wp\/v2\/posts\/49432\/revisions"}],"predecessor-version":[{"id":62735,"href":"https:\/\/www.humanium.org\/fr\/wp-json\/wp\/v2\/posts\/49432\/revisions\/62735"}],"wp:featuredmedia":[{"embeddable":true,"href":"https:\/\/www.humanium.org\/fr\/wp-json\/wp\/v2\/media\/49433"}],"wp:attachment":[{"href":"https:\/\/www.humanium.org\/fr\/wp-json\/wp\/v2\/media?parent=49432"}],"wp:term":[{"taxonomy":"category","embeddable":true,"href":"https:\/\/www.humanium.org\/fr\/wp-json\/wp\/v2\/categories?post=49432"},{"taxonomy":"post_tag","embeddable":true,"href":"https:\/\/www.humanium.org\/fr\/wp-json\/wp\/v2\/tags?post=49432"}],"curies":[{"name":"wp","href":"https:\/\/api.w.org\/{rel}","templated":true}]}}