{"id":49702,"date":"2021-03-02T10:00:52","date_gmt":"2021-03-02T10:00:52","guid":{"rendered":"https:\/\/www.humanium.org\/fr\/?p=49702"},"modified":"2026-08-21T03:22:48","modified_gmt":"2026-08-21T03:22:48","slug":"les-enfants-dans-les-procedures-frontalieres-et-dasile-le-refoulement-des-enfants-migrants-a-la-frontiere","status":"publish","type":"post","link":"https:\/\/www.humanium.org\/fr\/les-enfants-dans-les-procedures-frontalieres-et-dasile-le-refoulement-des-enfants-migrants-a-la-frontiere\/","title":{"rendered":"Les enfants dans les proc\u00e9dures frontali\u00e8res et d&rsquo;asile : Le refoulement des enfants migrants \u00e0 la fronti\u00e8re"},"content":{"rendered":"\n<p class=\"wp-block-paragraph\"><strong>L&rsquo;absence de dispositions concernant les questions de l&rsquo;invisibilit\u00e9 des <a href=\"https:\/\/www.humanium.org\/fr\/enfants-deplaces\/\">enfants dans les proc\u00e9dures d&rsquo;asile<\/a> et l&rsquo;orientation du cadre migratoire vers les adultes se traduit souvent par un manque de protection de ce groupe particuli\u00e8rement vuln\u00e9rable. \u00c0 la fronti\u00e8re entre le Maroc et l&rsquo;Espagne, \u00e0 Melilla et \u00e0 Ceuta, cela est particuli\u00e8rement visible dans la proc\u00e9dure de refoulement des <a href=\"https:\/\/www.humanium.org\/fr\/enfants-deplaces\/\">enfants migrants<\/a> et autres demandeurs d&rsquo;asile. Ce traitement sans distinction des enfants par les autorit\u00e9s frontali\u00e8res espagnoles entra\u00eene un manque de protection des enfants, qui subissent un traitement inhumain et d\u00e9gradant et sont renvoy\u00e9s dans des situations dangereuses et d\u00e9favorables.<\/strong><\/p>\n\n\n\n<h2 class=\"wp-block-heading\"><strong>Situation g\u00e9ographique<\/strong><\/h2>\n\n\n\n<p class=\"wp-block-paragraph\">Les enclaves espagnoles de Melilla et Ceuta sont situ\u00e9es au nord du continent africain et, malgr\u00e9 leur emplacement, font partie du <a href=\"https:\/\/www.humanium.org\/fr\/espagne\/\">Royaume d&rsquo;Espagne<\/a>. Les deux villes partagent la seule fronti\u00e8re terrestre directe d&rsquo;un pays de l&rsquo;UE avec l&rsquo;Afrique, plus pr\u00e9cis\u00e9ment avec le pays du <a href=\"https:\/\/www.humanium.org\/fr\/maroc-et-sahara-occidental\/\">Maroc<\/a> en Afrique du Nord.<\/p>\n\n\n\n<p class=\"wp-block-paragraph\">L&rsquo;ensemble de cette fronti\u00e8re hispano-marocaine est prot\u00e9g\u00e9 par une structure de cl\u00f4ture en fil de fer barbel\u00e9 sur le territoire espagnol. (Centre europ\u00e9en pour les droits constitutionnels et les droits de l&rsquo;homme, 2018). La construction et donc la protection de la seule fronti\u00e8re terrestre Afrique-UE contre la migration irr\u00e9guli\u00e8re a commenc\u00e9 en 1990 et s&rsquo;est am\u00e9lior\u00e9e en hauteur et en surveillance technique au fil des ann\u00e9es, co\u00fbtant \u00e0 l&rsquo;<a href=\"https:\/\/www.humanium.org\/fr\/espagne\/\">Espagne<\/a> plusieurs centaines de millions d&rsquo;euros (une partie de ce montant \u00e9tant les fonds de l&rsquo;UE) (Amnesty International, 2015).<\/p>\n\n\n\n<figure class=\"wp-block-image size-large\"><img loading=\"lazy\" decoding=\"async\" width=\"1024\" height=\"684\" src=\"https:\/\/www.humanium.org\/fr\/wp-content\/uploads\/2021\/02\/shutterstock_266934371-1024x684.jpg\" alt=\"\" class=\"wp-image-49705\" srcset=\"https:\/\/www.humanium.org\/fr\/wp-content\/uploads\/2021\/02\/shutterstock_266934371-1024x684.jpg 1024w, https:\/\/www.humanium.org\/fr\/wp-content\/uploads\/2021\/02\/shutterstock_266934371-300x200.jpg 300w, https:\/\/www.humanium.org\/fr\/wp-content\/uploads\/2021\/02\/shutterstock_266934371-768x513.jpg 768w, https:\/\/www.humanium.org\/fr\/wp-content\/uploads\/2021\/02\/shutterstock_266934371-1536x1025.jpg 1536w, https:\/\/www.humanium.org\/fr\/wp-content\/uploads\/2021\/02\/shutterstock_266934371-2048x1367.jpg 2048w, https:\/\/www.humanium.org\/fr\/wp-content\/uploads\/2021\/02\/shutterstock_266934371-830x554.jpg 830w, https:\/\/www.humanium.org\/fr\/wp-content\/uploads\/2021\/02\/shutterstock_266934371-230x154.jpg 230w, https:\/\/www.humanium.org\/fr\/wp-content\/uploads\/2021\/02\/shutterstock_266934371-350x234.jpg 350w, https:\/\/www.humanium.org\/fr\/wp-content\/uploads\/2021\/02\/shutterstock_266934371-480x320.jpg 480w, https:\/\/www.humanium.org\/fr\/wp-content\/uploads\/2021\/02\/shutterstock_266934371-272x182.jpg 272w\" sizes=\"auto, (max-width: 1024px) 100vw, 1024px\" \/><\/figure>\n\n\n\n<h2 class=\"wp-block-heading\"><strong>Situation juridique<\/strong><\/h2>\n\n\n\n<h3 class=\"wp-block-heading\"><strong>Cadre juridique national<\/strong><\/h3>\n\n\n\n<p class=\"wp-block-paragraph\">Jusqu&rsquo;\u00e0 la fin de 2014, l&rsquo;<a href=\"https:\/\/www.humanium.org\/fr\/espagne\/\">Espagne<\/a> ne disposait pas de proc\u00e9dures l\u00e9gales et accessibles pour demander l&rsquo;asile \u00e0 la fronti\u00e8re et n&rsquo;avait pas de base juridique pour la proc\u00e9dure de refoulement mise en \u0153uvre, car elle s&rsquo;appuyait sur des protocoles qui la l\u00e9gitimaient, mais ne la l\u00e9galisaient pas.<\/p>\n\n\n\n<p class=\"wp-block-paragraph\">Le 1er avril 2015, la modification de la loi organique espagnole 4\/2015 a \u00e9t\u00e9 adopt\u00e9e par l&rsquo;ajout de la dixi\u00e8me disposition additionnelle sur le r\u00e9gime sp\u00e9cial de Ceuta et Melilla qui fournit une base juridique pour les \u00ab\u00a0refoulements\u00a0\u00bb. Cette dixi\u00e8me disposition additionnelle permet aux agents des fronti\u00e8res de rejeter \u00ab\u00a0les ressortissants \u00e9trangers qui sont d\u00e9tect\u00e9s sur la ligne frontali\u00e8re de la d\u00e9marcation territoriale de Ceuta ou Melilla alors qu&rsquo;ils tentent de d\u00e9faire les \u00e9l\u00e9ments de contr\u00f4le de la fronti\u00e8re afin de franchir cette derni\u00e8re de mani\u00e8re irr\u00e9guli\u00e8re [&#8230;] afin d&#8217;emp\u00eacher leur entr\u00e9e ill\u00e9gale en Espagne\u00a0\u00bb (loi organique 4\/2015, dixi\u00e8me disposition additionnelle).<\/p>\n\n\n\n<p class=\"wp-block-paragraph\">Outre une large r\u00e9f\u00e9rence aux normes internationales en mati\u00e8re de droits de l&rsquo;homme et de protection internationale, le r\u00e9gime sp\u00e9cial de Ceuta et Melilla ne pr\u00e9voit aucune disposition sp\u00e9cifique mettant en \u0153uvre ou exigeant un traitement diff\u00e9renci\u00e9 des enfants et reconnaissant leur vuln\u00e9rabilit\u00e9 unique, m\u00eame en situation d&rsquo;entr\u00e9e irr\u00e9guli\u00e8re sur le territoire espagnol.<\/p>\n\n\n\n<h3 class=\"wp-block-heading\"><strong>Accords de r\u00e9admission hispano-marocains<\/strong><\/h3>\n\n\n\n<p class=\"wp-block-paragraph\">En 1992, les accords de r\u00e9admission entre le <a href=\"https:\/\/www.humanium.org\/fr\/maroc-et-sahara-occidental\/\">Maroc<\/a> et <a href=\"https:\/\/www.humanium.org\/fr\/espagne\/\">l&rsquo;Espagne<\/a> ont cr\u00e9\u00e9 un accord bilat\u00e9ral de coop\u00e9ration pour la r\u00e9admission des migrants entrant ill\u00e9galement en <a href=\"https:\/\/www.humanium.org\/fr\/espagne\/\">Espagne<\/a> en provenance du Maroc. Ces accords ont d\u00e9termin\u00e9 le Maroc comme le gardien de la fronti\u00e8re ext\u00e9rieure europ\u00e9enne.<\/p>\n\n\n\n<p class=\"wp-block-paragraph\">La proc\u00e9dure de r\u00e9admission, inscrite dans les articles 1 \u00e0 5 des accords, pr\u00e9voit que <a href=\"https:\/\/www.humanium.org\/fr\/espagne\/\">l&rsquo;Espagne<\/a> peut demander officiellement au Maroc de r\u00e9admettre des migrants sur son territoire lorsque ces personnes entrent irr\u00e9guli\u00e8rement sur le territoire espagnol. En outre, l&rsquo;accord de r\u00e9admission ne met pas en \u0153uvre les dispositions qui reconnaissent la vuln\u00e9rabilit\u00e9 des enfants et cr\u00e9ent une obligation pour les \u00c9tats de mettre en \u0153uvre des mesures appropri\u00e9es pour sauvegarder et prot\u00e9ger ces vuln\u00e9rabilit\u00e9s.<\/p>\n\n\n\n<h2 class=\"wp-block-heading\"><strong>Les enfants migrants \u00e0 la fronti\u00e8re<\/strong><\/h2>\n\n\n\n<h3 class=\"wp-block-heading\">Acc\u00e8s \u00e0 la protection des migrants<\/h3>\n\n\n\n<p class=\"wp-block-paragraph\">En raison de l&rsquo;absence de centres d&rsquo;accueil officiels et \u00e9tablis pour les demandeurs d&rsquo;asile, de nombreux <a href=\"https:\/\/www.humanium.org\/fr\/enfants-deplaces\/\">enfants migrants<\/a> r\u00e9sident dans des camps et installations informels au <a href=\"https:\/\/www.humanium.org\/fr\/maroc-et-sahara-occidental\/\">Maroc<\/a> (Human Rights Watch, 2014). La majorit\u00e9 des enfants dans ces camps sont d&rsquo;origine subsaharienne, car le Haut Commissariat des Nations Unies pour les r\u00e9fugi\u00e9s (HCR) d\u00e9crit l&rsquo;acc\u00e8s aux proc\u00e9dures \u00e9tablies de demande de protection internationale, l\u00e9gales et s\u00fbres, comme \u00e9tant effectivement impossible pour ceux qui en ont besoin (HCR, 2018).&nbsp; Les autorit\u00e9s marocaines contr\u00f4lent l&rsquo;acc\u00e8s aux bureaux d&rsquo;asile l\u00e9gaux \u00e0 la fronti\u00e8re. Le HCR a publi\u00e9 qu\u2019entre 2014 et 2017, seules 35 personnes d&rsquo;origine subsaharienne (contre 11.150 personnes d&rsquo;origine du Moyen-Orient et d&rsquo;Afrique du Nord) ont demand\u00e9 l&rsquo;asile (HCR, 2018).<\/p>\n\n\n\n<div class=\"wp-block-image\"><figure class=\"alignleft size-large is-resized\"><img loading=\"lazy\" decoding=\"async\" src=\"https:\/\/www.humanium.org\/fr\/wp-content\/uploads\/2021\/02\/shutterstock_247014952-1024x683.jpg\" alt=\"\" class=\"wp-image-49706\" width=\"400\" height=\"267\" srcset=\"https:\/\/www.humanium.org\/fr\/wp-content\/uploads\/2021\/02\/shutterstock_247014952-1024x683.jpg 1024w, https:\/\/www.humanium.org\/fr\/wp-content\/uploads\/2021\/02\/shutterstock_247014952-300x200.jpg 300w, https:\/\/www.humanium.org\/fr\/wp-content\/uploads\/2021\/02\/shutterstock_247014952-768x513.jpg 768w, https:\/\/www.humanium.org\/fr\/wp-content\/uploads\/2021\/02\/shutterstock_247014952-1536x1025.jpg 1536w, https:\/\/www.humanium.org\/fr\/wp-content\/uploads\/2021\/02\/shutterstock_247014952-2048x1367.jpg 2048w, https:\/\/www.humanium.org\/fr\/wp-content\/uploads\/2021\/02\/shutterstock_247014952-830x554.jpg 830w, https:\/\/www.humanium.org\/fr\/wp-content\/uploads\/2021\/02\/shutterstock_247014952-230x154.jpg 230w, https:\/\/www.humanium.org\/fr\/wp-content\/uploads\/2021\/02\/shutterstock_247014952-350x234.jpg 350w, https:\/\/www.humanium.org\/fr\/wp-content\/uploads\/2021\/02\/shutterstock_247014952-480x320.jpg 480w, https:\/\/www.humanium.org\/fr\/wp-content\/uploads\/2021\/02\/shutterstock_247014952-272x182.jpg 272w\" sizes=\"auto, (max-width: 400px) 100vw, 400px\" \/><\/figure><\/div>\n\n\n\n<p class=\"wp-block-paragraph\">Cette inaccessibilit\u00e9 des proc\u00e9dures r\u00e9guli\u00e8res \u00e0 la fronti\u00e8re conduit les enfants originaires d\u2019Afrique subsaharienne \u00e0 contourner les proc\u00e9dures existantes et \u00e0 s&rsquo;approcher irr\u00e9guli\u00e8rement de la fronti\u00e8re en esp\u00e9rant d\u00e9clencher la responsabilit\u00e9 juridictionnelle de l&rsquo;Espagne et par cons\u00e9quent l&rsquo;obligation d&rsquo;\u00e9valuer leur besoin de protection (Conseil europ\u00e9en sur les r\u00e9fugi\u00e9s et les exil\u00e9s, 2020). Si on les compare aux itin\u00e9raires r\u00e9guliers, les itin\u00e9raires irr\u00e9guliers sont tr\u00e8s dangereux et comportent un risque \u00e9lev\u00e9 pour la vie et le bien-\u00eatre de ces personnes (La Sexta, 2020).<\/p>\n\n\n\n<h3 class=\"wp-block-heading\"><strong>Acc\u00e8s \u00e0 la protection de l&rsquo;enfance<\/strong><\/h3>\n\n\n\n<p class=\"wp-block-paragraph\">Le gouvernement marocain ne fait pas de distinction entre les groupes particuli\u00e8rement vuln\u00e9rables, en particulier les enfants, malgr\u00e9 la ratification de la CDE (Human Rights Watch, 2014). Les autorit\u00e9s marocaines, repr\u00e9sent\u00e9es par les forces auxiliaires marocaines (MAF), exposent r\u00e9guli\u00e8rement \u00e0 la violence les enfants install\u00e9s dans les camps informels (Human Rights Watch, 2014).<\/p>\n\n\n\n<p class=\"wp-block-paragraph\">Selon le rapporteur sp\u00e9cial des Nations unies sur la torture, Nils Melzer, et le Haut-Commissariat aux droits de l&rsquo;homme (HCDH), ce traitement des enfants qui r\u00e9sident dans les campements informels proches des villes de Nador et d&rsquo;Oujda constitue en soi un mauvais traitement et une violation de l&rsquo;interdiction de la torture et des traitements inhumains et d\u00e9gradants (HCDH, 2018). En outre, le Comit\u00e9 des droits de l&rsquo;enfant est pr\u00e9occup\u00e9 par la mise en \u0153uvre des garanties proc\u00e9durales consacr\u00e9es par le principe de \u00ab\u00a0l&rsquo;int\u00e9r\u00eat sup\u00e9rieur de l&rsquo;enfant\u00a0\u00bb, l&rsquo;acc\u00e8s aux soins de sant\u00e9, la d\u00e9t\u00e9rioration des conditions sanitaires des enfants dans les centres d&rsquo;accueil pour migrants ainsi que l&rsquo;arrestation et la d\u00e9tention des enfants r\u00e9fugi\u00e9s et demandeurs d&rsquo;asile (Comit\u00e9 des droits de l&rsquo;enfant, 2014).<\/p>\n\n\n\n<h2 class=\"wp-block-heading\"><strong>Les \u201cPush Backs\u201d en Espagne (Renvois imm\u00e9diats)<\/strong><\/h2>\n\n\n\n<h3 class=\"wp-block-heading\"><strong>D\u00e9finition<\/strong><\/h3>\n\n\n\n<div class=\"wp-block-image\"><figure class=\"alignright size-large is-resized\"><img loading=\"lazy\" decoding=\"async\" src=\"https:\/\/www.humanium.org\/fr\/wp-content\/uploads\/2021\/02\/shutterstock_1008288460-1024x713.jpg\" alt=\"\" class=\"wp-image-49707\" width=\"404\" height=\"281\" srcset=\"https:\/\/www.humanium.org\/fr\/wp-content\/uploads\/2021\/02\/shutterstock_1008288460-1024x713.jpg 1024w, https:\/\/www.humanium.org\/fr\/wp-content\/uploads\/2021\/02\/shutterstock_1008288460-300x209.jpg 300w, https:\/\/www.humanium.org\/fr\/wp-content\/uploads\/2021\/02\/shutterstock_1008288460-768x535.jpg 768w, https:\/\/www.humanium.org\/fr\/wp-content\/uploads\/2021\/02\/shutterstock_1008288460-1536x1070.jpg 1536w, https:\/\/www.humanium.org\/fr\/wp-content\/uploads\/2021\/02\/shutterstock_1008288460-2048x1426.jpg 2048w, https:\/\/www.humanium.org\/fr\/wp-content\/uploads\/2021\/02\/shutterstock_1008288460-830x578.jpg 830w, https:\/\/www.humanium.org\/fr\/wp-content\/uploads\/2021\/02\/shutterstock_1008288460-230x160.jpg 230w, https:\/\/www.humanium.org\/fr\/wp-content\/uploads\/2021\/02\/shutterstock_1008288460-350x244.jpg 350w, https:\/\/www.humanium.org\/fr\/wp-content\/uploads\/2021\/02\/shutterstock_1008288460-480x334.jpg 480w\" sizes=\"auto, (max-width: 404px) 100vw, 404px\" \/><\/figure><\/div>\n\n\n\n<p class=\"wp-block-paragraph\">Les \u00ab\u00a0renvois imm\u00e9diats\u00a0\u00bb ou \u00ab\u00a0Push Backs\u00a0\u00bb d\u00e9crivent les expulsions de facto et sans aucune garantie proc\u00e9durale ni aucune protection de toute personne qui entre dans un pays de mani\u00e8re irr\u00e9guli\u00e8re. Notamment, \u00ab\u00a0les expulsions sans \u00e9valuation individuelle des besoins de protection sont devenues un ph\u00e9nom\u00e8ne av\u00e9r\u00e9 aux fronti\u00e8res de l&rsquo;Europe, ainsi qu\u2019\u00e0 l\u2019int\u00e9rieur des territoires des \u00c9tats membres. Comme ces pratiques sont r\u00e9pandues, et dans certains pays syst\u00e9matiques, ces \u00ab\u00a0push backs\u00a0\u00bb peuvent \u00eatre consid\u00e9r\u00e9s comme faisant partie des politiques nationales plut\u00f4t que comme des actions accessoires. Le risque le plus \u00e9lev\u00e9 associ\u00e9 aux \u201cpush backs\u201d est le risque de refoulement\u00a0\u00bb. (Assembl\u00e9e parlementaire du Conseil de l&rsquo;Europe, 2019).<\/p>\n\n\n\n<h3 class=\"wp-block-heading\"><strong>Proc\u00e9dure mise en \u0153uvre<\/strong><\/h3>\n\n\n\n<blockquote class=\"wp-block-quote is-layout-flow wp-block-quote-is-layout-flow\"><p>\u00ab\u00a0<em>La Guardia Civil m&rsquo;a expuls\u00e9 deux fois. Je n&rsquo;ai pas eu l&rsquo;occasion de donner une interview ou de raconter mon histoire. Ils ne demandent pas votre \u00e2ge ou quoi que ce soit, ils vous expulsent simplement. La Guardia Civil m&rsquo;a remis aux militaires marocains qui m&rsquo;ont frapp\u00e9 avec du bois partout [sur mon corps]\u00a0\u00bb.<\/em><\/p><cite>Lo\u00efc E., 2012<\/cite><\/blockquote>\n\n\n\n<p class=\"wp-block-paragraph\">Les individus sont d\u00e9tenus sans discernement, souvent avec violence, et \u00e0 travers les portes et portails de la structure de cl\u00f4ture, repouss\u00e9s sur le territoire marocain ou remis aux forces de s\u00e9curit\u00e9 marocaines qui font fr\u00e9quemment un usage excessif de la violence (Human Rights Watch, 2014). Ces expulsions sont effectu\u00e9es sans aucun enregistrement ni \u00e9valuation de l&rsquo;identit\u00e9 et des vuln\u00e9rabilit\u00e9s du migrant car les autorit\u00e9s espagnoles ne consid\u00e8rent pas ces individus sur leur territoire et dans leur juridiction (Human Rights Watch, 2014).<\/p>\n\n\n\n<p class=\"wp-block-paragraph\">Les autorit\u00e9s espagnoles appliquent une interpr\u00e9tation op\u00e9rationnelle des fronti\u00e8res, qui pr\u00e9voit la possibilit\u00e9 de d\u00e9placer la d\u00e9marcation de la fronti\u00e8re avec la ligne de position des agents frontaliers. En cons\u00e9quence de cette interpr\u00e9tation, l&rsquo;Espagne exige que les individus franchissent physiquement la ligne des agents frontaliers pour pr\u00e9tendre l\u00e9galement \u00eatre pr\u00e9sents sur le territoire espagnol (Human Rights Watch, 2014). <\/p>\n\n\n\n<p class=\"wp-block-paragraph\">Cette conception permettrait aux autorit\u00e9s espagnoles de d\u00e9placer la ligne de d\u00e9marcation au cas par cas (Service j\u00e9suite des migrants, s.d.) et nie toute responsabilit\u00e9 juridictionnelle aux migrants qui, en franchissant la fronti\u00e8re territoriale, sont physiquement pr\u00e9sents sur le territoire espagnol et sont sous le contr\u00f4le effectif des autorit\u00e9s espagnoles (Comit\u00e9 des droits de l&rsquo;enfant, 2019). Cette conception de la juridiction est contraire au concept de juridiction universellement accept\u00e9 et contraignant, que la Cour europ\u00e9enne des droits de l&rsquo;homme a d\u00e9fini dans sa jurisprudence comme l&rsquo;exercice d&rsquo;un contr\u00f4le effectif sur une personne ou un territoire &#8211; de fait ou de droit (Al-Skeini et autres c. Royaume-Uni, 2011).<\/p>\n\n\n\n<h2 class=\"wp-block-heading\"><strong>Point de vue du Comit\u00e9 des droits de l&rsquo;enfant<\/strong><\/h2>\n\n\n\n<p class=\"wp-block-paragraph\">Dans son avis consultatif sur l&rsquo;affaire D.D. contre l&rsquo;Espagne en 2019, le Comit\u00e9 des droits de l&rsquo;enfant a exprim\u00e9 que la proc\u00e9dure susmentionn\u00e9e mise en \u0153uvre par l&rsquo;Espagne \u00e0 la fronti\u00e8re avec le Maroc constitue une violation des articles 3, 20 et 37 de <a href=\"https:\/\/www.humanium.org\/fr\/convention\/#:~:text=Pr%C3%A9sentation%20de%20la%20Convention%20internationale,Unies%2C%20le%2020%20novembre%201989.\">la Convention des Nations unies relative aux droits de l&rsquo;enfant (la Convention)<\/a> (Comit\u00e9 des droits de l&rsquo;enfant, 2019).<\/p>\n\n\n\n<p class=\"wp-block-paragraph\">D.D. est un citoyen malien n\u00e9 le 10 mars 1999. Le 2 d\u00e9cembre 2014, il est arriv\u00e9 en Espagne en tant qu&rsquo;enfant non accompagn\u00e9. Apr\u00e8s avoir tent\u00e9 de franchir la fronti\u00e8re de mani\u00e8re irr\u00e9guli\u00e8re en escaladant la structure de cl\u00f4ture et en y passant plusieurs heures sans recevoir aucune assistance des autorit\u00e9s espagnoles, il a \u00e9t\u00e9 arr\u00eat\u00e9 et imm\u00e9diatement renvoy\u00e9 au Maroc sans aucune assistance juridique et linguistique pr\u00e9alable, sans \u00e9valuation initiale de son statut d&rsquo;enfant non accompagn\u00e9, sans contr\u00f4le d&rsquo;identit\u00e9, sans entretien ni \u00e9valuation de sa situation personnelle sp\u00e9cifique et de ses vuln\u00e9rabilit\u00e9s (Comit\u00e9 des droits de l&rsquo;enfant, 2019).<\/p>\n\n\n\n<p class=\"wp-block-paragraph\">Dans son avis consultatif, le Comit\u00e9 souligne qu&rsquo;un \u00c9tat partie \u00ab\u00a0a l&rsquo;obligation de ne pas renvoyer un enfant dans un pays o\u00f9 il y a des motifs s\u00e9rieux de croire qu&rsquo;il existe un risque r\u00e9el de pr\u00e9judice irr\u00e9parable pour l&rsquo;enfant\u00a0\u00bb (Comit\u00e9 des droits de l&rsquo;enfant, 2019). Dans le cas de D.D., les autorit\u00e9s espagnoles, en n&rsquo;\u00e9valuant ni l&rsquo;identit\u00e9, ni la situation personnelle, ni les vuln\u00e9rabilit\u00e9s ainsi que le risque de pers\u00e9cution et de pr\u00e9judice irr\u00e9parable, n&rsquo;ont pas respect\u00e9 cette obligation (Comit\u00e9 des droits de l&rsquo;enfant, 2019).<\/p>\n\n\n\n<p class=\"wp-block-paragraph\">En outre, compte tenu des circonstances susmentionn\u00e9es auxquelles un enfant migrant est confront\u00e9 dans la zone frontali\u00e8re, des mauvais traitements et de la violence, et de la mani\u00e8re dont D.D. a \u00e9t\u00e9 expuls\u00e9, \u00e9tant d\u00e9tenu sans \u00eatre entendu, l&rsquo;Espagne a viol\u00e9 les articles 3 et 37 de la <a href=\"https:\/\/www.humanium.org\/fr\/convention\/#:~:text=Pr%C3%A9sentation%20de%20la%20Convention%20internationale,Unies%2C%20le%2020%20novembre%201989.\">Convention<\/a>. L&rsquo;absence de contr\u00f4le d&rsquo;identit\u00e9 et d&rsquo;\u00e9valuation de sa situation constitue une violation des articles 3 et 20 de la <a href=\"https:\/\/www.humanium.org\/fr\/convention\/#:~:text=Pr%C3%A9sentation%20de%20la%20Convention%20internationale,Unies%2C%20le%2020%20novembre%201989.\">Convention<\/a> (Comit\u00e9 des droits de l&rsquo;enfant, 2019). Malgr\u00e9 cette position adopt\u00e9e par le Comit\u00e9 des droits de l&rsquo;enfant et l&rsquo;obligation pr\u00e9vue \u00e0 l&rsquo;article 11 du protocole facultatif de 2014 sur une proc\u00e9dure de communication, <a href=\"https:\/\/www.humanium.org\/fr\/espagne\/\">l&rsquo;Espagne<\/a> n&rsquo;a pas encore modifi\u00e9 la proc\u00e9dure mise en \u0153uvre et continue de violer syst\u00e9matiquement le droit de l&rsquo;enfant dans la proc\u00e9dure \u00e0 la fronti\u00e8re (Comit\u00e9 des droits de l&rsquo;enfant, 2019).<\/p>\n\n\n\n<p class=\"wp-block-paragraph\">Le dernier rapport bien document\u00e9 d&rsquo;un refoulement \u00e0 la fronti\u00e8re hispano-marocaine a \u00e9t\u00e9 confirm\u00e9 en janvier 2020, lorsque 42 personnes, dont deux enfants, en mauvais \u00e9tat de sant\u00e9 ont \u00e9t\u00e9 repouss\u00e9es sans discernement des \u00eeles Chafarinas espagnoles au port marocain de Ras El Ma par la Guardia Civil (Cadenaser, 2020). Le gouvernement espagnol a d\u00e9savou\u00e9 ce refoulement malgr\u00e9 des preuves concluantes et d\u00e9cisives du contraire sous forme de photos et de localisations GPS. Le gouvernement a publi\u00e9 ce refoulement comme une mission de sauvetage par les autorit\u00e9s marocaines sans aucune implication de la Guardia Civil.<\/p>\n\n\n\n<h2 class=\"wp-block-heading\"><strong>Agissons maintenant<\/strong><\/h2>\n\n\n\n<p class=\"wp-block-paragraph\">Malgr\u00e9 une reconnaissance quasi universelle des droits de l&rsquo;enfant et de l&rsquo;enfant en tant que d\u00e9tenteur de droits individuels dans <a href=\"https:\/\/www.humanium.org\/fr\/convention\/#:~:text=Pr%C3%A9sentation%20de%20la%20Convention%20internationale,Unies%2C%20le%2020%20novembre%201989.\">la Convention des Nations unies sur les droits de l&rsquo;enfant<\/a>, la mise en \u0153uvre et la reconnaissance de ces droits \u00e0 l&rsquo;intersection du droit de l&rsquo;enfant et du droit des r\u00e9fugi\u00e9s et des migrants ont encore beaucoup de chemin \u00e0 parcourir. Les \u00c9tats doivent \u00e9tendre le cadre international existant pour les r\u00e9fugi\u00e9s et les migrants afin d&rsquo;assurer une protection efficace et adapt\u00e9e \u00e0 l&rsquo;\u00e2ge des enfants migrants.<\/p>\n\n\n\n<figure class=\"wp-block-image size-large\"><img loading=\"lazy\" decoding=\"async\" width=\"1024\" height=\"683\" src=\"https:\/\/www.humanium.org\/fr\/wp-content\/uploads\/2021\/02\/shutterstock_1861684054-1024x683.jpg\" alt=\"\" class=\"wp-image-49708\" srcset=\"https:\/\/www.humanium.org\/fr\/wp-content\/uploads\/2021\/02\/shutterstock_1861684054-1024x683.jpg 1024w, https:\/\/www.humanium.org\/fr\/wp-content\/uploads\/2021\/02\/shutterstock_1861684054-300x200.jpg 300w, https:\/\/www.humanium.org\/fr\/wp-content\/uploads\/2021\/02\/shutterstock_1861684054-768x512.jpg 768w, https:\/\/www.humanium.org\/fr\/wp-content\/uploads\/2021\/02\/shutterstock_1861684054-1536x1024.jpg 1536w, https:\/\/www.humanium.org\/fr\/wp-content\/uploads\/2021\/02\/shutterstock_1861684054-2048x1365.jpg 2048w, https:\/\/www.humanium.org\/fr\/wp-content\/uploads\/2021\/02\/shutterstock_1861684054-830x553.jpg 830w, https:\/\/www.humanium.org\/fr\/wp-content\/uploads\/2021\/02\/shutterstock_1861684054-230x153.jpg 230w, https:\/\/www.humanium.org\/fr\/wp-content\/uploads\/2021\/02\/shutterstock_1861684054-350x233.jpg 350w, https:\/\/www.humanium.org\/fr\/wp-content\/uploads\/2021\/02\/shutterstock_1861684054-480x320.jpg 480w, https:\/\/www.humanium.org\/fr\/wp-content\/uploads\/2021\/02\/shutterstock_1861684054-272x182.jpg 272w\" sizes=\"auto, (max-width: 1024px) 100vw, 1024px\" \/><\/figure>\n\n\n\n<p class=\"wp-block-paragraph\">Humanium, en tant que membre de Child Rights Connect, l&rsquo;organisation qui a r\u00e9dig\u00e9 <a href=\"https:\/\/www.humanium.org\/fr\/convention\/#:~:text=Pr%C3%A9sentation%20de%20la%20Convention%20internationale,Unies%2C%20le%2020%20novembre%201989.\">la Convention des Nations unies sur les droits de l&rsquo;enfant<\/a>, s&rsquo;engage fortement dans la protection des enfants vuln\u00e9rables dans le monde entier. Humanium \u0153uvre pour un monde o\u00f9 les droits de l&rsquo;enfant sont universellement et effectivement respect\u00e9s, prot\u00e9g\u00e9s et appliqu\u00e9s dans toutes les circonstances impliquant un enfant. Vous pouvez contribuer \u00e0 sensibiliser le monde \u00e0 la question de l&rsquo;enfance en soutenant Humanium, en parrainant un enfant, en faisant un don, en devenant membre ou b\u00e9n\u00e9vole.<\/p>\n\n\n\n<p class=\"wp-block-paragraph\"><strong><em>\u00c9crit par Alexander Weihrauch<\/em><\/strong><\/p>\n\n\n\n<p class=\"wp-block-paragraph\"><strong><em>Traduit par Chaima Naimi<\/em><\/strong><\/p>\n\n\n\n<p class=\"wp-block-paragraph\"><strong><em>Relecture par Cl\u00e9ment Collin<\/em><\/strong><\/p>\n\n\n\n<h4 class=\"wp-block-heading\" id=\"block-494aff59-6d4f-49e6-b5de-c50275600785\"><strong><strong>Pour plus d\u2019informations :<\/strong><\/strong><\/h4>\n\n\n\n<p class=\"has-small-font-size wp-block-paragraph\" id=\"block-7001ddc7-320c-4b12-9436-e5eb9131475d\"><a href=\"https:\/\/lasmuertesdeceuta.eldiario.es\/hechos.html\">El Diario (n.d.), \u201cThe deaths from Ceuta\u201d, translated from: El Diario, \u2018Las muertes de Ceuta\u2019, available in Spanish.<\/a><\/p>\n\n\n\n<h4 class=\"wp-block-heading\" id=\"block-a646567c-894e-483f-ad21-70c557b72523\"><strong><strong>Bibliographie :<\/strong><\/strong><\/h4>\n\n\n\n<p class=\"has-small-font-size wp-block-paragraph\" id=\"block-8bf23797-2285-421a-a178-48a931676fb7\">2014 Optional Protocol to the Convention on the Rights of the Child on a communications procedure<\/p>\n\n\n\n<p class=\"has-small-font-size wp-block-paragraph\" id=\"block-9a703171-c606-42c1-8c3f-7db7b4361e5f\"><a href=\"https:\/\/www.amnesty.org\/en\/documents\/eur03\/2544\/2015\/en\/\">Amnesty International (2015), \u201eFear and Fences \u2013 Europe\u00b4s approach to keeping refugees at bay \u201c<\/a><a href=\"https:\/\/www.amnesty.org\/en\/documents\/eur03\/2544\/2015\/en\/\">.<\/a><\/p>\n\n\n\n<p class=\"has-small-font-size wp-block-paragraph\" id=\"block-344bfbb3-6e67-4c3d-b157-c1f2d77d9575\"><a href=\"https:\/\/cadenaser.com\/ser\/2020\/01\/03\/sociedad\/1578071207_424859.html?ssm=fb.\">Cadenaser (3 January 2020), \u201cThe Guardia Civil returns \u201chot\u201d the 42 persons who arrived on the Chafarinas Islands this morning\u201d, translated from: Cadenaser, \u201cLa Guardia Civil expulsa \u00ab\u00a0en caliente\u00a0\u00bb a Marruecos a las 42 personas que hab\u00edan llegado esta madrugada a las Islas Chafarinas; available in Spanish<\/a>.<\/p>\n\n\n\n<p class=\"has-small-font-size wp-block-paragraph\" id=\"block-31576b6c-13a2-4738-bac1-5f2f65a5f7ba\">Committee on the Rights of the Child (1 February 2019), \u201cAdvisory opinion on D.D. vs. Spain\u201d, CRC\/C\/80\/D\/4\/2016.<\/p>\n\n\n\n<p class=\"has-small-font-size wp-block-paragraph\" id=\"block-13096d25-2551-4e5c-93ff-3c4c87d3d411\">Committee on the Rights of the Child (October 2014), \u201cConcluding observations on the combined third and fourth periodic reports of Morocco\u201d, CRC\/C\/MAR\/CO\/3-4.<\/p>\n\n\n\n<p class=\"has-small-font-size wp-block-paragraph\" id=\"block-c2092a43-d45e-4bce-b078-68b21340ed84\">ECtHR (13 February 2020), N.D and N.T. v. Spain, Judgement, Appl. no. 8675\/15 and 8697\/15.<\/p>\n\n\n\n<p class=\"has-small-font-size wp-block-paragraph\" id=\"block-1cedbe40-b405-4206-8835-608a0f401c92\">ECtHR (7 July 2011), Al-Skeini and others v the United Kingdom, Judgement, Appl. no. 55721\/07.<\/p>\n\n\n\n<p class=\"has-small-font-size wp-block-paragraph\" id=\"block-84d973fa-ab97-4973-8dd5-bdf55e8a0e86\"><a href=\"https:\/\/docs.google.com\/document\/d\/1ooHlQ53I1oCICWrPEeMAAnPKCuL1jsTZ11vGWYJExFs\/edit\">Entre Pueblos (2020), \u201cCommunication about the hot returns from Chafarinas on 3 January\u201d; translated from: Entre Pueblos, \u201cComunicado sobre la devoluci\u00f3n en caliente de Chafarinas del 3 de enero\u201d.&nbsp;<\/a><\/p>\n\n\n\n<p class=\"has-small-font-size wp-block-paragraph\" id=\"block-d9ec020d-6def-426d-8533-313fd2ba3e50\"><a href=\"https:\/\/webcache.googleusercontent.com\/search?q=cache:PuoPgpDunvcJ:https:\/\/www.ecchr.eu\/fileadmin\/Fallbeschreibungen\/Case_Report_Melilla_ECtHR_ECCHR_EN.pdf+&amp;cd=28&amp;hl=nl&amp;ct=clnk&amp;gl=nl&amp;client=firefox-b-d\">European Centre for Constitutional and Human Rights (September 2018), \u201cCase Report Melilla\u201d<\/a>.<\/p>\n\n\n\n<p class=\"has-small-font-size wp-block-paragraph\" id=\"block-6385e195-80ab-4679-99b9-8ef10bd8a688\"><a href=\"https:\/\/www.asylumineurope.org\/reports\/country\/spain\/access-territory-and-push-backs#_ftn42.\">European Council on Refugees and Exiles (2020), \u201cSpain: Access to the territory and push backs\u201d, Asylum Information Database<\/a>.<\/p>\n\n\n\n<p class=\"has-small-font-size wp-block-paragraph\" id=\"block-e82e045c-3bbd-4a1a-9ccb-13fd94fbbb60\"><a href=\"https:\/\/www.hrw.org\/news\/2014\/02\/10\/morocco-abuse-sub-saharan-migrants.\">Human Rights Watch (February 2014), \u201cAbused and Expelled \u2013 Ill-treatment of Sub-Saharan African Migrants in Morocco\u201d<\/a>.<\/p>\n\n\n\n<p class=\"has-small-font-size wp-block-paragraph\" id=\"block-6f753868-0e9a-459f-9a5d-9d5b50cf7b7c\"><a href=\"https:\/\/www.hrw.org\/news\/2014\/02\/10\/morocco-abuse-sub-saharan-migrants.\">Human Rights Watch interview with Lo\u00efc E., Nador, December 9 2012, in: Human Rights Watch (February 2014), \u201cAbused and Expelled \u2013 Ill-treatment of Sub-Saharan African Migrants in Morocco\u201d<\/a>.<\/p>\n\n\n\n<p class=\"has-small-font-size wp-block-paragraph\" id=\"block-9b4f7dae-5f49-4667-a045-a658a08c7e1c\"><a href=\"https:\/\/www.asylumineurope.org\/sites\/default\/files\/resources\/no-protection-at-the-border_sjm.pdf.\">Jesuit Migrant Service Spain (n.d.); University Institute of Studies on Migration; \u201cNo protection at the border: Human Rights at the southern frontier: between Nador and Melilla\u201d<\/a>.<\/p>\n\n\n\n<p class=\"has-small-font-size wp-block-paragraph\" id=\"block-8378710c-2e3b-4722-876e-f9ffa4ff9c76\"><a href=\"https:\/\/www.lasexta.com\/noticias\/sociedad\/rescatan-a-una-migrante-de-17-anos-oculta-en-el-salpicadero-de-un-coche-en-melilla_202001165e2082b30cf27334dacedd76.html?fbclid=IwAR0-_ujDuYUBVxRkw847sQW5OCwSngee_arC0ywZsRcnx3rZNPmmf2d9loo.\">La Sexta (16 January 2020), \u201c17-year-old migrant rescued from car dashboard in Melilla\u201d, translated from: La Sexta, \u201cRescatan a una migrante de 17 a\u00f1os oculta en el salpicadero de un coche en Melilla\u201d<\/a>.<\/p>\n\n\n\n<p class=\"has-small-font-size wp-block-paragraph\" id=\"block-45469caf-251c-4ce0-895c-e5c508c45097\"><a href=\"http:\/\/www.interior.gob.es\/es\/web\/interior\/noticias\/detalle\/-\/journal_content\/56_INSTANCE_1YSSI3xiWuPH\/10180\/3547574\/?redirect=http%3A%2F%2Fwww.inter\">Ministry of Interior (16 March 2015), press release \u201cJorge Fern\u00e1ndez D\u00edaz stresses that the opening of the International Protection Offices reaffirms Spain&rsquo;s commitment to the defence of human rights\u201d , translated from: Ministerio del Interior, \u201cJorge Fern\u00e1ndez D\u00edaz subraya que la apertura de las Oficinas de Protecci\u00f3n Internacional reafirma el compromiso de Espa\u00f1a con la defensa de los derechos humanos<\/a>\u00ab\u00a0.<\/p>\n\n\n\n<p class=\"has-small-font-size wp-block-paragraph\" id=\"block-6a746748-9625-40c6-a364-840d2c97f2f7\"><a href=\"https:\/\/www.ohchr.org\/en\/NewsEvents\/Pages\/DisplayNews.aspx?NewsID=22739&amp;LangID=E\">OHCHR (March 2018), \u201cMigration policies can amount to ill-treatment and torture, UN rights expert warns\u201d, Geneva.<\/a><\/p>\n\n\n\n<p class=\"has-small-font-size wp-block-paragraph\" id=\"block-365b2104-5d88-4594-99c1-86fd57923aef\">Organic law 4\/2015, of 30 March, on the Protection of the Public Security, p. 27242 (Ley Org\u00e1nica 4\/2015, de 30 de marzo, de protecci\u00f3n de la seguridad ciudadana, pag. 27242).<\/p>\n\n\n\n<p class=\"has-small-font-size wp-block-paragraph\" id=\"block-4634ef0b-4bad-42fd-bb1f-2242d56d7b70\"><a href=\"http:\/\/assembly.coe.int\/nw\/xml\/XRef\/Xref-XML2HTML-en.asp?fileid=28074&amp;lang=en\">Parliamentary Assembly of the Council of Europe (28 June 2019), Resolution 2299, \u201cPushback policies and practice in Council of Europe member States\u201d, para. 1<\/a>.<\/p>\n\n\n\n<p class=\"has-small-font-size wp-block-paragraph\" id=\"block-b4e470f8-cf36-4e93-ad81-23107972213e\"><a href=\"https:\/\/therightsangle.wordpress.com\/2013\/12\/19\/the-1992-spanish-morocco-readmission-agreement-in-english\/\">The Agreement between the Kingdom of Spain and the Kingdom of Morocco on the movement of people, the transit and the readmission of foreigners who have entered illegally entered into force on 21 October 2012. It had been provisionally applied since 13 February 1992, date of its signature<\/a>.<\/p>\n\n\n\n<p class=\"has-small-font-size wp-block-paragraph\" id=\"block-54b1b076-1e1d-4092-a9f6-5d50695abc06\">UNHCR (3 April 2018), \u201cSupplementary observations by the Office of the United Nations High Commissioner for Refugees in the cases of N.D. and N.T. v. Spain before the Grand Chamber of the European Court of Human Rights\u201d. UNHCR (February 2019), \u201cFact Sheet \u2013 Morocco\u201d, p. 3.<\/p>\n","protected":false},"excerpt":{"rendered":"<p>L&rsquo;absence de dispositions concernant les questions de l&rsquo;invisibilit\u00e9 des enfants dans les proc\u00e9dures d&rsquo;asile et l&rsquo;orientation du cadre migratoire vers les adultes se traduit souvent par un manque de protection de ce groupe particuli\u00e8rement vuln\u00e9rable. \u00c0 la fronti\u00e8re entre le Maroc et l&rsquo;Espagne, \u00e0 Melilla et \u00e0 Ceuta, cela est particuli\u00e8rement visible dans la proc\u00e9dure [&hellip;]<\/p>\n","protected":false},"author":69,"featured_media":49704,"comment_status":"closed","ping_status":"closed","sticky":false,"template":"","format":"standard","meta":{"footnotes":""},"categories":[2,220,4,229,236,215],"tags":[],"class_list":["post-49702","post","type-post","status-publish","format-standard","has-post-thumbnail","hentry","category-citoyennete","category-droits-des-enfants","category-droits-humains","category-liberte","category-migration","category-refugies"],"yoast_head":"<!-- This site is optimized with the Yoast SEO plugin v28.3 - https:\/\/yoast.com\/product\/yoast-seo-wordpress\/ -->\n<title>Les enfants dans les proc\u00e9dures frontali\u00e8res et d&#039;asile : Le refoulement des enfants migrants \u00e0 la fronti\u00e8re - Humanium<\/title>\n<meta name=\"description\" content=\"L&#039;absence de dispositions des enfants dans les proc\u00e9dures d&#039;asile se traduit souvent par un manque de protection.\" \/>\n<meta name=\"robots\" content=\"index, follow, max-snippet:-1, max-image-preview:large, max-video-preview:-1\" \/>\n<link rel=\"canonical\" href=\"https:\/\/www.humanium.org\/fr\/les-enfants-dans-les-procedures-frontalieres-et-dasile-le-refoulement-des-enfants-migrants-a-la-frontiere\/\" \/>\n<meta property=\"og:locale\" content=\"fr_FR\" \/>\n<meta property=\"og:type\" content=\"article\" \/>\n<meta property=\"og:title\" content=\"Les enfants dans les proc\u00e9dures frontali\u00e8res et d&#039;asile : Le refoulement des enfants migrants \u00e0 la fronti\u00e8re - Humanium\" \/>\n<meta property=\"og:description\" content=\"L&#039;absence de dispositions des enfants dans les proc\u00e9dures d&#039;asile se traduit souvent par un manque de protection.\" \/>\n<meta property=\"og:url\" content=\"https:\/\/www.humanium.org\/fr\/les-enfants-dans-les-procedures-frontalieres-et-dasile-le-refoulement-des-enfants-migrants-a-la-frontiere\/\" \/>\n<meta property=\"og:site_name\" content=\"Humanium\" \/>\n<meta property=\"article:published_time\" content=\"2021-03-02T10:00:52+00:00\" \/>\n<meta property=\"article:modified_time\" content=\"2026-08-21T03:22:48+00:00\" \/>\n<meta property=\"og:image\" content=\"https:\/\/www.humanium.org\/fr\/wp-content\/uploads\/2021\/02\/shutterstock_1784305274-scaled.jpg\" \/>\n\t<meta property=\"og:image:width\" content=\"2560\" \/>\n\t<meta property=\"og:image:height\" content=\"1707\" \/>\n\t<meta property=\"og:image:type\" content=\"image\/jpeg\" \/>\n<meta name=\"author\" content=\"Humanium\" \/>\n<meta name=\"twitter:card\" content=\"summary_large_image\" \/>\n<meta name=\"twitter:label1\" content=\"\u00c9crit par\" \/>\n\t<meta name=\"twitter:data1\" content=\"Humanium\" \/>\n\t<meta name=\"twitter:label2\" content=\"Dur\u00e9e de lecture estim\u00e9e\" \/>\n\t<meta name=\"twitter:data2\" content=\"13 minutes\" \/>\n<script type=\"application\/ld+json\" class=\"yoast-schema-graph\">{\"@context\":\"https:\\\/\\\/schema.org\",\"@graph\":[{\"@type\":\"Article\",\"@id\":\"https:\\\/\\\/www.humanium.org\\\/fr\\\/les-enfants-dans-les-procedures-frontalieres-et-dasile-le-refoulement-des-enfants-migrants-a-la-frontiere\\\/#article\",\"isPartOf\":{\"@id\":\"https:\\\/\\\/www.humanium.org\\\/fr\\\/les-enfants-dans-les-procedures-frontalieres-et-dasile-le-refoulement-des-enfants-migrants-a-la-frontiere\\\/\"},\"author\":{\"name\":\"Humanium\",\"@id\":\"https:\\\/\\\/www.humanium.org\\\/fr\\\/#\\\/schema\\\/person\\\/d798d6c7d59ba2307e0877f61a20ce3e\"},\"headline\":\"Les enfants dans les proc\u00e9dures frontali\u00e8res et d&rsquo;asile : Le refoulement des enfants migrants \u00e0 la fronti\u00e8re\",\"datePublished\":\"2021-03-02T10:00:52+00:00\",\"dateModified\":\"2026-08-21T03:22:48+00:00\",\"mainEntityOfPage\":{\"@id\":\"https:\\\/\\\/www.humanium.org\\\/fr\\\/les-enfants-dans-les-procedures-frontalieres-et-dasile-le-refoulement-des-enfants-migrants-a-la-frontiere\\\/\"},\"wordCount\":2803,\"image\":{\"@id\":\"https:\\\/\\\/www.humanium.org\\\/fr\\\/les-enfants-dans-les-procedures-frontalieres-et-dasile-le-refoulement-des-enfants-migrants-a-la-frontiere\\\/#primaryimage\"},\"thumbnailUrl\":\"https:\\\/\\\/www.humanium.org\\\/fr\\\/wp-content\\\/uploads\\\/2021\\\/02\\\/shutterstock_1784305274-scaled.jpg\",\"articleSection\":[\"Citoyennet\u00e9\",\"Droits des enfants\",\"Droits humains\",\"Libert\u00e9\",\"Migration\",\"R\u00e9fugi\u00e9s\"],\"inLanguage\":\"fr-FR\"},{\"@type\":\"WebPage\",\"@id\":\"https:\\\/\\\/www.humanium.org\\\/fr\\\/les-enfants-dans-les-procedures-frontalieres-et-dasile-le-refoulement-des-enfants-migrants-a-la-frontiere\\\/\",\"url\":\"https:\\\/\\\/www.humanium.org\\\/fr\\\/les-enfants-dans-les-procedures-frontalieres-et-dasile-le-refoulement-des-enfants-migrants-a-la-frontiere\\\/\",\"name\":\"Les enfants dans les proc\u00e9dures frontali\u00e8res et d'asile : Le refoulement des enfants migrants \u00e0 la fronti\u00e8re - Humanium\",\"isPartOf\":{\"@id\":\"https:\\\/\\\/www.humanium.org\\\/fr\\\/#website\"},\"primaryImageOfPage\":{\"@id\":\"https:\\\/\\\/www.humanium.org\\\/fr\\\/les-enfants-dans-les-procedures-frontalieres-et-dasile-le-refoulement-des-enfants-migrants-a-la-frontiere\\\/#primaryimage\"},\"image\":{\"@id\":\"https:\\\/\\\/www.humanium.org\\\/fr\\\/les-enfants-dans-les-procedures-frontalieres-et-dasile-le-refoulement-des-enfants-migrants-a-la-frontiere\\\/#primaryimage\"},\"thumbnailUrl\":\"https:\\\/\\\/www.humanium.org\\\/fr\\\/wp-content\\\/uploads\\\/2021\\\/02\\\/shutterstock_1784305274-scaled.jpg\",\"datePublished\":\"2021-03-02T10:00:52+00:00\",\"dateModified\":\"2026-08-21T03:22:48+00:00\",\"author\":{\"@id\":\"https:\\\/\\\/www.humanium.org\\\/fr\\\/#\\\/schema\\\/person\\\/d798d6c7d59ba2307e0877f61a20ce3e\"},\"description\":\"L'absence de dispositions des enfants dans les proc\u00e9dures d'asile se traduit souvent par un manque de protection.\",\"breadcrumb\":{\"@id\":\"https:\\\/\\\/www.humanium.org\\\/fr\\\/les-enfants-dans-les-procedures-frontalieres-et-dasile-le-refoulement-des-enfants-migrants-a-la-frontiere\\\/#breadcrumb\"},\"inLanguage\":\"fr-FR\",\"potentialAction\":[{\"@type\":\"ReadAction\",\"target\":[\"https:\\\/\\\/www.humanium.org\\\/fr\\\/les-enfants-dans-les-procedures-frontalieres-et-dasile-le-refoulement-des-enfants-migrants-a-la-frontiere\\\/\"]}]},{\"@type\":\"ImageObject\",\"inLanguage\":\"fr-FR\",\"@id\":\"https:\\\/\\\/www.humanium.org\\\/fr\\\/les-enfants-dans-les-procedures-frontalieres-et-dasile-le-refoulement-des-enfants-migrants-a-la-frontiere\\\/#primaryimage\",\"url\":\"https:\\\/\\\/www.humanium.org\\\/fr\\\/wp-content\\\/uploads\\\/2021\\\/02\\\/shutterstock_1784305274-scaled.jpg\",\"contentUrl\":\"https:\\\/\\\/www.humanium.org\\\/fr\\\/wp-content\\\/uploads\\\/2021\\\/02\\\/shutterstock_1784305274-scaled.jpg\",\"width\":2560,\"height\":1707},{\"@type\":\"BreadcrumbList\",\"@id\":\"https:\\\/\\\/www.humanium.org\\\/fr\\\/les-enfants-dans-les-procedures-frontalieres-et-dasile-le-refoulement-des-enfants-migrants-a-la-frontiere\\\/#breadcrumb\",\"itemListElement\":[{\"@type\":\"ListItem\",\"position\":1,\"name\":\"Home\",\"item\":\"https:\\\/\\\/www.humanium.org\\\/fr\\\/\"},{\"@type\":\"ListItem\",\"position\":2,\"name\":\"Les enfants dans les proc\u00e9dures frontali\u00e8res et d&rsquo;asile : Le refoulement des enfants migrants \u00e0 la fronti\u00e8re\"}]},{\"@type\":\"WebSite\",\"@id\":\"https:\\\/\\\/www.humanium.org\\\/fr\\\/#website\",\"url\":\"https:\\\/\\\/www.humanium.org\\\/fr\\\/\",\"name\":\"Humanium\",\"description\":\"Les enfants d\u2019abord !\",\"potentialAction\":[{\"@type\":\"SearchAction\",\"target\":{\"@type\":\"EntryPoint\",\"urlTemplate\":\"https:\\\/\\\/www.humanium.org\\\/fr\\\/?s={search_term_string}\"},\"query-input\":{\"@type\":\"PropertyValueSpecification\",\"valueRequired\":true,\"valueName\":\"search_term_string\"}}],\"inLanguage\":\"fr-FR\"},{\"@type\":\"Person\",\"@id\":\"https:\\\/\\\/www.humanium.org\\\/fr\\\/#\\\/schema\\\/person\\\/d798d6c7d59ba2307e0877f61a20ce3e\",\"name\":\"Humanium\",\"image\":{\"@type\":\"ImageObject\",\"inLanguage\":\"fr-FR\",\"@id\":\"https:\\\/\\\/secure.gravatar.com\\\/avatar\\\/22715e338d2fcc547e3a431c4738360d33fea2a4af458f865b2c3b22f1eaa51f?s=96&d=mm&r=g\",\"url\":\"https:\\\/\\\/secure.gravatar.com\\\/avatar\\\/22715e338d2fcc547e3a431c4738360d33fea2a4af458f865b2c3b22f1eaa51f?s=96&d=mm&r=g\",\"contentUrl\":\"https:\\\/\\\/secure.gravatar.com\\\/avatar\\\/22715e338d2fcc547e3a431c4738360d33fea2a4af458f865b2c3b22f1eaa51f?s=96&d=mm&r=g\",\"caption\":\"Humanium\"},\"url\":\"https:\\\/\\\/www.humanium.org\\\/fr\\\/author\\\/humanium\\\/\"}]}<\/script>\n<!-- \/ Yoast SEO plugin. -->","yoast_head_json":{"title":"Les enfants dans les proc\u00e9dures frontali\u00e8res et d'asile : Le refoulement des enfants migrants \u00e0 la fronti\u00e8re - Humanium","description":"L'absence de dispositions des enfants dans les proc\u00e9dures d'asile se traduit souvent par un manque de protection.","robots":{"index":"index","follow":"follow","max-snippet":"max-snippet:-1","max-image-preview":"max-image-preview:large","max-video-preview":"max-video-preview:-1"},"canonical":"https:\/\/www.humanium.org\/fr\/les-enfants-dans-les-procedures-frontalieres-et-dasile-le-refoulement-des-enfants-migrants-a-la-frontiere\/","og_locale":"fr_FR","og_type":"article","og_title":"Les enfants dans les proc\u00e9dures frontali\u00e8res et d'asile : Le refoulement des enfants migrants \u00e0 la fronti\u00e8re - Humanium","og_description":"L'absence de dispositions des enfants dans les proc\u00e9dures d'asile se traduit souvent par un manque de protection.","og_url":"https:\/\/www.humanium.org\/fr\/les-enfants-dans-les-procedures-frontalieres-et-dasile-le-refoulement-des-enfants-migrants-a-la-frontiere\/","og_site_name":"Humanium","article_published_time":"2021-03-02T10:00:52+00:00","article_modified_time":"2026-08-21T03:22:48+00:00","og_image":[{"width":2560,"height":1707,"url":"https:\/\/www.humanium.org\/fr\/wp-content\/uploads\/2021\/02\/shutterstock_1784305274-scaled.jpg","type":"image\/jpeg"}],"author":"Humanium","twitter_card":"summary_large_image","twitter_misc":{"\u00c9crit par":"Humanium","Dur\u00e9e de lecture estim\u00e9e":"13 minutes"},"schema":{"@context":"https:\/\/schema.org","@graph":[{"@type":"Article","@id":"https:\/\/www.humanium.org\/fr\/les-enfants-dans-les-procedures-frontalieres-et-dasile-le-refoulement-des-enfants-migrants-a-la-frontiere\/#article","isPartOf":{"@id":"https:\/\/www.humanium.org\/fr\/les-enfants-dans-les-procedures-frontalieres-et-dasile-le-refoulement-des-enfants-migrants-a-la-frontiere\/"},"author":{"name":"Humanium","@id":"https:\/\/www.humanium.org\/fr\/#\/schema\/person\/d798d6c7d59ba2307e0877f61a20ce3e"},"headline":"Les enfants dans les proc\u00e9dures frontali\u00e8res et d&rsquo;asile : Le refoulement des enfants migrants \u00e0 la fronti\u00e8re","datePublished":"2021-03-02T10:00:52+00:00","dateModified":"2026-08-21T03:22:48+00:00","mainEntityOfPage":{"@id":"https:\/\/www.humanium.org\/fr\/les-enfants-dans-les-procedures-frontalieres-et-dasile-le-refoulement-des-enfants-migrants-a-la-frontiere\/"},"wordCount":2803,"image":{"@id":"https:\/\/www.humanium.org\/fr\/les-enfants-dans-les-procedures-frontalieres-et-dasile-le-refoulement-des-enfants-migrants-a-la-frontiere\/#primaryimage"},"thumbnailUrl":"https:\/\/www.humanium.org\/fr\/wp-content\/uploads\/2021\/02\/shutterstock_1784305274-scaled.jpg","articleSection":["Citoyennet\u00e9","Droits des enfants","Droits humains","Libert\u00e9","Migration","R\u00e9fugi\u00e9s"],"inLanguage":"fr-FR"},{"@type":"WebPage","@id":"https:\/\/www.humanium.org\/fr\/les-enfants-dans-les-procedures-frontalieres-et-dasile-le-refoulement-des-enfants-migrants-a-la-frontiere\/","url":"https:\/\/www.humanium.org\/fr\/les-enfants-dans-les-procedures-frontalieres-et-dasile-le-refoulement-des-enfants-migrants-a-la-frontiere\/","name":"Les enfants dans les proc\u00e9dures frontali\u00e8res et d'asile : Le refoulement des enfants migrants \u00e0 la fronti\u00e8re - Humanium","isPartOf":{"@id":"https:\/\/www.humanium.org\/fr\/#website"},"primaryImageOfPage":{"@id":"https:\/\/www.humanium.org\/fr\/les-enfants-dans-les-procedures-frontalieres-et-dasile-le-refoulement-des-enfants-migrants-a-la-frontiere\/#primaryimage"},"image":{"@id":"https:\/\/www.humanium.org\/fr\/les-enfants-dans-les-procedures-frontalieres-et-dasile-le-refoulement-des-enfants-migrants-a-la-frontiere\/#primaryimage"},"thumbnailUrl":"https:\/\/www.humanium.org\/fr\/wp-content\/uploads\/2021\/02\/shutterstock_1784305274-scaled.jpg","datePublished":"2021-03-02T10:00:52+00:00","dateModified":"2026-08-21T03:22:48+00:00","author":{"@id":"https:\/\/www.humanium.org\/fr\/#\/schema\/person\/d798d6c7d59ba2307e0877f61a20ce3e"},"description":"L'absence de dispositions des enfants dans les proc\u00e9dures d'asile se traduit souvent par un manque de protection.","breadcrumb":{"@id":"https:\/\/www.humanium.org\/fr\/les-enfants-dans-les-procedures-frontalieres-et-dasile-le-refoulement-des-enfants-migrants-a-la-frontiere\/#breadcrumb"},"inLanguage":"fr-FR","potentialAction":[{"@type":"ReadAction","target":["https:\/\/www.humanium.org\/fr\/les-enfants-dans-les-procedures-frontalieres-et-dasile-le-refoulement-des-enfants-migrants-a-la-frontiere\/"]}]},{"@type":"ImageObject","inLanguage":"fr-FR","@id":"https:\/\/www.humanium.org\/fr\/les-enfants-dans-les-procedures-frontalieres-et-dasile-le-refoulement-des-enfants-migrants-a-la-frontiere\/#primaryimage","url":"https:\/\/www.humanium.org\/fr\/wp-content\/uploads\/2021\/02\/shutterstock_1784305274-scaled.jpg","contentUrl":"https:\/\/www.humanium.org\/fr\/wp-content\/uploads\/2021\/02\/shutterstock_1784305274-scaled.jpg","width":2560,"height":1707},{"@type":"BreadcrumbList","@id":"https:\/\/www.humanium.org\/fr\/les-enfants-dans-les-procedures-frontalieres-et-dasile-le-refoulement-des-enfants-migrants-a-la-frontiere\/#breadcrumb","itemListElement":[{"@type":"ListItem","position":1,"name":"Home","item":"https:\/\/www.humanium.org\/fr\/"},{"@type":"ListItem","position":2,"name":"Les enfants dans les proc\u00e9dures frontali\u00e8res et d&rsquo;asile : Le refoulement des enfants migrants \u00e0 la fronti\u00e8re"}]},{"@type":"WebSite","@id":"https:\/\/www.humanium.org\/fr\/#website","url":"https:\/\/www.humanium.org\/fr\/","name":"Humanium","description":"Les enfants d\u2019abord !","potentialAction":[{"@type":"SearchAction","target":{"@type":"EntryPoint","urlTemplate":"https:\/\/www.humanium.org\/fr\/?s={search_term_string}"},"query-input":{"@type":"PropertyValueSpecification","valueRequired":true,"valueName":"search_term_string"}}],"inLanguage":"fr-FR"},{"@type":"Person","@id":"https:\/\/www.humanium.org\/fr\/#\/schema\/person\/d798d6c7d59ba2307e0877f61a20ce3e","name":"Humanium","image":{"@type":"ImageObject","inLanguage":"fr-FR","@id":"https:\/\/secure.gravatar.com\/avatar\/22715e338d2fcc547e3a431c4738360d33fea2a4af458f865b2c3b22f1eaa51f?s=96&d=mm&r=g","url":"https:\/\/secure.gravatar.com\/avatar\/22715e338d2fcc547e3a431c4738360d33fea2a4af458f865b2c3b22f1eaa51f?s=96&d=mm&r=g","contentUrl":"https:\/\/secure.gravatar.com\/avatar\/22715e338d2fcc547e3a431c4738360d33fea2a4af458f865b2c3b22f1eaa51f?s=96&d=mm&r=g","caption":"Humanium"},"url":"https:\/\/www.humanium.org\/fr\/author\/humanium\/"}]}},"_links":{"self":[{"href":"https:\/\/www.humanium.org\/fr\/wp-json\/wp\/v2\/posts\/49702","targetHints":{"allow":["GET"]}}],"collection":[{"href":"https:\/\/www.humanium.org\/fr\/wp-json\/wp\/v2\/posts"}],"about":[{"href":"https:\/\/www.humanium.org\/fr\/wp-json\/wp\/v2\/types\/post"}],"author":[{"embeddable":true,"href":"https:\/\/www.humanium.org\/fr\/wp-json\/wp\/v2\/users\/69"}],"replies":[{"embeddable":true,"href":"https:\/\/www.humanium.org\/fr\/wp-json\/wp\/v2\/comments?post=49702"}],"version-history":[{"count":12,"href":"https:\/\/www.humanium.org\/fr\/wp-json\/wp\/v2\/posts\/49702\/revisions"}],"predecessor-version":[{"id":62739,"href":"https:\/\/www.humanium.org\/fr\/wp-json\/wp\/v2\/posts\/49702\/revisions\/62739"}],"wp:featuredmedia":[{"embeddable":true,"href":"https:\/\/www.humanium.org\/fr\/wp-json\/wp\/v2\/media\/49704"}],"wp:attachment":[{"href":"https:\/\/www.humanium.org\/fr\/wp-json\/wp\/v2\/media?parent=49702"}],"wp:term":[{"taxonomy":"category","embeddable":true,"href":"https:\/\/www.humanium.org\/fr\/wp-json\/wp\/v2\/categories?post=49702"},{"taxonomy":"post_tag","embeddable":true,"href":"https:\/\/www.humanium.org\/fr\/wp-json\/wp\/v2\/tags?post=49702"}],"curies":[{"name":"wp","href":"https:\/\/api.w.org\/{rel}","templated":true}]}}