{"id":49725,"date":"2021-03-09T08:25:15","date_gmt":"2021-03-09T08:25:15","guid":{"rendered":"https:\/\/www.humanium.org\/fr\/?p=49725"},"modified":"2026-08-21T03:22:48","modified_gmt":"2026-08-21T03:22:48","slug":"comprendre-les-consequences-du-sharenting-le-droit-a-loubli-pour-les-enfants","status":"publish","type":"post","link":"https:\/\/www.humanium.org\/fr\/comprendre-les-consequences-du-sharenting-le-droit-a-loubli-pour-les-enfants\/","title":{"rendered":"Comprendre les cons\u00e9quences du \u00ab Sharenting \u00bb: \u00ab le droit \u00e0 l\u2019oubli \u00bb pour les enfants"},"content":{"rendered":"\n<p class=\"wp-block-paragraph\"><strong>Les technologies num\u00e9riques s\u2019infiltrent dans tous les secteurs de la soci\u00e9t\u00e9 moderne et la vie des <\/strong><a href=\"https:\/\/www.humanium.org\/fr\/les-droits-de-l-enfant\/\"><strong>enfants<\/strong><\/a><strong> n\u2019y fait pas exception. Les plateformes innovantes ont chang\u00e9 l\u2019exp\u00e9rience du monde qu\u2019ont les enfants, engendrant de nouveaux risques qui affectent consid\u00e9rablement leurs droits fondamentaux. Le \u00ab <\/strong><a href=\"https:\/\/www.humanium.org\/fr\/les-droits-de-lenfant-et-les-technologies-numeriques-la-vie-privee-des-enfants-a-lere-des-medias-sociaux-les-dangers-du-partage-sharenting\/\"><strong>sharenting<\/strong><\/a><strong> \u00bb repr\u00e9sente l\u2019un de ces risques; car il cr\u00e9e une empreinte num\u00e9rique tra\u00e7able qui est associ\u00e9e aux enfants sans leur consentement (Haley, 2020). Cela comporte des risques importants tant pour le <\/strong><a href=\"https:\/\/www.humanium.org\/fr\/le-developpement-de-la-petite-enfance-la-fondation-pour-une-societe-durable-et-prospere\/\"><strong>d\u00e9veloppement sain<\/strong><\/a><strong> d&rsquo;un <\/strong><a href=\"https:\/\/www.humanium.org\/fr\/les-droits-de-l-enfant\/\"><strong>enfant<\/strong><\/a><strong> que pour sa s\u00e9curit\u00e9 physique.<\/strong><\/p>\n\n\n\n<p class=\"wp-block-paragraph\"><strong>Les donn\u00e9es \u00e0 caract\u00e8re personnel des enfants doivent \u00eatre prot\u00e9g\u00e9es et, en particulier, le droit de faire supprimer leurs informations num\u00e9riques.<\/strong> <strong>Compte tenu de leur vuln\u00e9rabilit\u00e9 inh\u00e9rente, le R\u00e8glement G\u00e9n\u00e9ral sur la Protection des Donn\u00e9es (RGPD) offre une protection sp\u00e9cifique aux enfants en Europe (Lievens, 2018);&nbsp; cependant, \u00e0 l\u2019\u00e8re du num\u00e9rique, la vie priv\u00e9e des enfants devrait \u00eatre mieux prot\u00e9g\u00e9e dans le monde entier.<\/strong><\/p>\n\n\n\n<h2 class=\"wp-block-heading\">Le R\u00e8glement G\u00e9n\u00e9ral sur la Protection des Donn\u00e9es (RGPD), qu\u2019est-ce que c\u2019est ?<\/h2>\n\n\n\n<p class=\"wp-block-paragraph\">Le RGPD est un texte r\u00e8glementaire europ\u00e9en sur la protection des donn\u00e9es et de la vie priv\u00e9e. Il garantit que les organisations sont responsables de la protection des donn\u00e9es \u00e0 caract\u00e8re personnel des citoyens europ\u00e9ens et garantit le respect du r\u00e8glement en sanctionnant les violations. En consid\u00e9rant les <a href=\"https:\/\/www.humanium.org\/fr\/les-droits-de-l-enfant\/\">droits de l\u2019enfant<\/a>, toutes les dispositions l\u00e9gales et r\u00e9glementations doivent contrebalancer les int\u00e9r\u00eats conflictuels des parents \u00e0 exprimer leurs opinions et \u00e0 \u00e9lever leurs enfants, et les droits au respect de la vie priv\u00e9e des enfants (Haley, 2020).<\/p>\n\n\n\n<figure class=\"wp-block-image size-large\"><img loading=\"lazy\" decoding=\"async\" width=\"1024\" height=\"683\" src=\"https:\/\/www.humanium.org\/fr\/wp-content\/uploads\/2021\/03\/shutterstock_1157343685-1024x683.jpg\" alt=\"\" class=\"wp-image-49728\" srcset=\"https:\/\/www.humanium.org\/fr\/wp-content\/uploads\/2021\/03\/shutterstock_1157343685-1024x683.jpg 1024w, https:\/\/www.humanium.org\/fr\/wp-content\/uploads\/2021\/03\/shutterstock_1157343685-300x200.jpg 300w, https:\/\/www.humanium.org\/fr\/wp-content\/uploads\/2021\/03\/shutterstock_1157343685-768x512.jpg 768w, https:\/\/www.humanium.org\/fr\/wp-content\/uploads\/2021\/03\/shutterstock_1157343685-1536x1024.jpg 1536w, https:\/\/www.humanium.org\/fr\/wp-content\/uploads\/2021\/03\/shutterstock_1157343685-2048x1365.jpg 2048w, https:\/\/www.humanium.org\/fr\/wp-content\/uploads\/2021\/03\/shutterstock_1157343685-830x553.jpg 830w, https:\/\/www.humanium.org\/fr\/wp-content\/uploads\/2021\/03\/shutterstock_1157343685-230x153.jpg 230w, https:\/\/www.humanium.org\/fr\/wp-content\/uploads\/2021\/03\/shutterstock_1157343685-350x233.jpg 350w, https:\/\/www.humanium.org\/fr\/wp-content\/uploads\/2021\/03\/shutterstock_1157343685-480x320.jpg 480w, https:\/\/www.humanium.org\/fr\/wp-content\/uploads\/2021\/03\/shutterstock_1157343685-272x182.jpg 272w\" sizes=\"auto, (max-width: 1024px) 100vw, 1024px\" \/><\/figure>\n\n\n\n<p class=\"wp-block-paragraph\">Une approche \u00e9quitable fond\u00e9e sur les droits devrait \u00eatre adopt\u00e9e pour donner aux <a href=\"https:\/\/www.humanium.org\/fr\/les-droits-de-l-enfant\/\">enfants<\/a> plus de contr\u00f4le sur leur propre vie priv\u00e9e (Haley, 2020). \u00c0 la suite du RGPD, l&rsquo;UE a exprim\u00e9 de nouveau son int\u00e9r\u00eat sur l&rsquo;importance de superviser le traitement des donn\u00e9es \u00e0 caract\u00e8re personnel (Conseil de l&rsquo;Europe, 2015). <\/p>\n\n\n\n<p class=\"wp-block-paragraph\">\u00c9tant donn\u00e9 que les donn\u00e9es sont g\u00e9n\u00e9ralement trait\u00e9es \u00e0 huis clos, il est essentiel que les personnes concern\u00e9es soient inform\u00e9es que leurs donn\u00e9es sont collect\u00e9es, qu\u2019ils aient connaissance de leurs donn\u00e9es et puissent y avoir acc\u00e8s, et aient la capacit\u00e9 de s&rsquo;opposer au traitement illicite ou non autoris\u00e9 (Conseil de l&rsquo;Europe, 2015). Dans le cas des enfants &#8211; compte tenu de leur vuln\u00e9rabilit\u00e9 particuli\u00e8re &#8211; le RGPD \u00e9tablit une proc\u00e9dure adapt\u00e9e aux <a href=\"https:\/\/www.humanium.org\/fr\/les-droits-de-l-enfant\/\">enfants<\/a> pour obtenir leur consentement \u00e0 l&rsquo;utilisation de leurs donn\u00e9es, \u00e0 mesure que leurs comp\u00e9tences \u00e9voluent (Conseil de l&rsquo;Europe, 2015).<\/p>\n\n\n\n<h2 class=\"wp-block-heading\">L\u2019article 17 du RGPD \u2013 le droit \u00e0 l\u2019effacement (\u00ab droit \u00e0 l\u2019oubli \u00bb)<\/h2>\n\n\n\n<p class=\"wp-block-paragraph\">\u00c0 la suite de l\u2019arr\u00eat historique de la Cour de Justice de l\u2019Union Europ\u00e9enne (CJUE) dans l\u2019affaire <em>Google Spain c. Costeja<\/em>, l\u2019article 17 du RGPD a codifi\u00e9 le \u00ab droit \u00e0 l\u2019effacement \u00bb. Cette disposition vise \u00e0 \u00e9quilibrer les conflits d\u2019int\u00e9r\u00eats en veillant \u00e0 ce que les parents aient la possibilit\u00e9 de divulguer des informations sur leurs <a href=\"https:\/\/www.humanium.org\/fr\/les-droits-de-l-enfant\/\">enfants<\/a> et leur vie de famille ; cependant, ce droit peut \u00eatre restreint par la capacit\u00e9 majeure des enfants de demander aux responsables du traitement de supprimer des informations sp\u00e9cifiques (Haley, 2020). <\/p>\n\n\n\n<div class=\"wp-block-image\"><figure class=\"alignright size-large is-resized\"><img loading=\"lazy\" decoding=\"async\" src=\"https:\/\/www.humanium.org\/fr\/wp-content\/uploads\/2021\/03\/shutterstock_318800717-1024x680.jpg\" alt=\"\" class=\"wp-image-49729\" width=\"393\" height=\"261\" srcset=\"https:\/\/www.humanium.org\/fr\/wp-content\/uploads\/2021\/03\/shutterstock_318800717-1024x680.jpg 1024w, https:\/\/www.humanium.org\/fr\/wp-content\/uploads\/2021\/03\/shutterstock_318800717-300x199.jpg 300w, https:\/\/www.humanium.org\/fr\/wp-content\/uploads\/2021\/03\/shutterstock_318800717-768x510.jpg 768w, https:\/\/www.humanium.org\/fr\/wp-content\/uploads\/2021\/03\/shutterstock_318800717-1536x1020.jpg 1536w, https:\/\/www.humanium.org\/fr\/wp-content\/uploads\/2021\/03\/shutterstock_318800717-2048x1360.jpg 2048w, https:\/\/www.humanium.org\/fr\/wp-content\/uploads\/2021\/03\/shutterstock_318800717-830x551.jpg 830w, https:\/\/www.humanium.org\/fr\/wp-content\/uploads\/2021\/03\/shutterstock_318800717-230x153.jpg 230w, https:\/\/www.humanium.org\/fr\/wp-content\/uploads\/2021\/03\/shutterstock_318800717-350x232.jpg 350w, https:\/\/www.humanium.org\/fr\/wp-content\/uploads\/2021\/03\/shutterstock_318800717-480x319.jpg 480w, https:\/\/www.humanium.org\/fr\/wp-content\/uploads\/2021\/03\/shutterstock_318800717-272x182.jpg 272w\" sizes=\"auto, (max-width: 393px) 100vw, 393px\" \/><\/figure><\/div>\n\n\n\n<p class=\"wp-block-paragraph\">Ce droit permet la suppression, la modification ou la restriction des enregistrements ant\u00e9rieurs \u00e0 la demande de la personne concern\u00e9e, permettant aux enfants de contr\u00f4ler leur empreinte num\u00e9rique et leur identit\u00e9 en ligne. Cette disposition novatrice n\u2019est pas parfaite car les enfants plus jeunes (qui n\u2019atteignent pas le seuil d\u2019\u00e2ge minimum de 13 ans) sont incapables de se prot\u00e9ger contre les violations de la confidentialit\u00e9 de leurs donn\u00e9es avant d\u2019atteindre la majorit\u00e9 (Haley, 2020). Il reste n\u00e9anmoins un recours efficace pour les probl\u00e9matiques li\u00e9es au \u00ab <a href=\"https:\/\/www.humanium.org\/fr\/les-droits-de-lenfant-et-les-technologies-numeriques-la-vie-privee-des-enfants-a-lere-des-medias-sociaux-les-dangers-du-partage-sharenting\/\">sharenting<\/a> \u00bb, donnant le pouvoir de d\u00e9cision aux enfants les plus concern\u00e9s.<\/p>\n\n\n\n<p class=\"wp-block-paragraph\">En vigueur depuis 2018, l\u2019article 17 du RGPD oblige les responsables du traitement \u00e0 supprimer imm\u00e9diatement les informations personnelles sur demande <em>\u00ab s\u2019il semble probable que [l\u2019enfant] ait donn\u00e9 ses informations personnelles sans en comprendre pleinement les implications \u00bb<\/em> (Bunn, 2019). Cette formulation permet, de mani\u00e8re subtile, que les demandes des enfants de supprimer leurs informations soient rarement rejet\u00e9es, car ils peuvent souvent invoquer un manque de compr\u00e9hension comme raison pour autoriser le stockage de leurs donn\u00e9es. Les obligations \u00e9nonc\u00e9es dans l\u2019article 17 s\u2019appliquent aux responsables du traitement (par exemple, les soci\u00e9t\u00e9s de m\u00e9dias sociaux telles que Facebook) plut\u00f4t qu\u2019aux parents \u2013 en se concentrant sur <a href=\"https:\/\/www.humanium.org\/fr\/interet-superieur-de-lenfant\/?gclid=Cj0KCQiA4L2BBhCvARIsAO0SBdZuF8fTNJZjSYHnzkHlt1muoJ8Z4BEoFNkLHj0TvPj5jA__i8ts-30aAi8BEALw_wcB\">l\u2019int\u00e9r\u00eat sup\u00e9rieur de l\u2019enfant<\/a> plut\u00f4t que de punir les parents pour leurs actions et leurs d\u00e9cisions (Bunn, 2019).<\/p>\n\n\n\n<h2 class=\"wp-block-heading\">Les tendances mondiales de la protection des donn\u00e9es des enfants<\/h2>\n\n\n\n<p class=\"wp-block-paragraph\">Alors que le RGPD s\u2019applique uniquement aux citoyens europ\u00e9ens, l\u2019article 17 est embl\u00e9matique d\u2019une tendance mondiale plus large et ouvre la voie \u00e0 une l\u00e9gislation plus globale visant \u00e0 prot\u00e9ger les donn\u00e9es en ligne des enfants. En r\u00e9ponse \u00e0 la pr\u00e9sence croissante des enfants en ligne, les organismes gouvernementaux nationaux adoptent des mesures plus strictes pour prot\u00e9ger leurs donn\u00e9es. <\/p>\n\n\n\n<p class=\"wp-block-paragraph\">Aux \u00c9tats-Unis d&rsquo;Am\u00e9rique (USA), les agents de la police f\u00e9d\u00e9rale ont r\u00e9cemment battu \u00e0 deux reprises des records de longue date pour les sanctions les plus s\u00e9v\u00e8res en vigueur pour d\u00e9fendre la vie priv\u00e9e en ligne des enfants dans le pays (Choi, 2019). Ces d\u00e9cisions ne sont que quelques exemples des efforts continus nationaux pour mettre \u00e0 jour sa loi sur la protection de la vie priv\u00e9e en ligne des enfants (dite COPPA, Children\u2019s Online Privacy Protection Act), en pr\u00e9voyant des sanctions plus s\u00e9v\u00e8res pour les entreprises de m\u00e9dias sociaux et en cr\u00e9ant parall\u00e8lement un \u00ab bouton effacer \u00bb de style europ\u00e9en permettant aux personnes concern\u00e9es d&rsquo;avoir leurs informations personnelles supprim\u00e9es (Choi, 2019). Comme l\u2019a exprim\u00e9 l\u2019un des auteurs de la COPPA, \u00ab le respect de la vie priv\u00e9e en Am\u00e9rique passe par l\u2019UE \u00bb (Choi, 2019).<\/p>\n\n\n\n<p class=\"wp-block-paragraph\">Outre les \u00c9tats-Unis, d\u2019autres pays r\u00e9forment leurs politiques et l\u00e9gislations existantes pour mieux prot\u00e9ger les enfants en ligne. Au Br\u00e9sil, un amendement r\u00e9cent de la loi relative \u00e0 la protection des donn\u00e9es (Ao\u00fbt 2020) confie une plus grande responsabilit\u00e9 aux responsables du traitement afin de s\u2019assurer qu\u2019ils obtiennent le consentement des parents dans l\u2019utilisation des donn\u00e9es de leurs enfants et qu\u2019ils soient clairs sur la mani\u00e8re dont ces donn\u00e9es peuvent \u00eatre trait\u00e9es (Choi, 2019). En Cor\u00e9e du Sud \u2013 un pays qui a d\u00e9j\u00e0 mis en place des dispositions exigeant le consentement des parents lors du traitement des donn\u00e9es de l\u2019enfant \u2013 les l\u00e9gislateurs ont franchi l\u2019\u00e9tape suivante et tentent de v\u00e9rifier ledit consentement (Choi, 2019). <\/p>\n\n\n\n<p class=\"wp-block-paragraph\">Cette r\u00e9ponse reconna\u00eet l\u2019incapacit\u00e9 des enfants \u00e0 comprendre les risques en ligne et le fait que \u00ab les fournisseurs de service en ligne peuvent n\u00e9gliger leur obligation l\u00e9gale, notamment en raison de l\u2019absence de dispositions au sein de la loi pour v\u00e9rifier le consentement \u00bb (Choi, 2019). En Australie et en Inde, les deux pays n\u2019ont pas encore promulgu\u00e9 de loi sur la protection sp\u00e9cifique des donn\u00e9es des enfants, mais les r\u00e9centes campagnes politiques et d\u00e9cisions juridiques indiquent une forte volont\u00e9 de suivre l\u2019initiative de l\u2019UE dans le RGPD (Choi, 2019).<\/p>\n\n\n\n<h2 class=\"wp-block-heading\">La vuln\u00e9rabilit\u00e9 particuli\u00e8re des enfants<\/h2>\n\n\n\n<p class=\"wp-block-paragraph\">Les enfants m\u00e9ritent une protection sp\u00e9cifique de leurs donn\u00e9es car ils pourraient \u00eatre moins conscients des risques et cons\u00e9quences de leurs traitements (Information Commissioner\u2019s office, Office du commissaire \u00e0 l\u2019information). En vertu du droit international, le droit \u00e0 la protection des donn\u00e9es fait partie des <a href=\"https:\/\/www.humanium.org\/fr\/les-droits-de-l-enfant\/\">droits de l\u2019enfant<\/a> \u00e0 la vie priv\u00e9e, comme le stipule l\u2019article 16 de la <a href=\"https:\/\/www.humanium.org\/fr\/definition\/\">Convention relative aux droits de l\u2019enfant<\/a> (CDE) (Lievens, 2018). <\/p>\n\n\n\n<p class=\"wp-block-paragraph\">Cet article prot\u00e8ge les enfants contre toute immixtion ill\u00e9gale et arbitraire dans leur vie priv\u00e9e, famille, domicile ou correspondance, y compris les atteintes ill\u00e9gales \u00e0 leur r\u00e9putation (CDE, 1989). Outres ces lois, d\u2019autres lois visent \u00e0 trouver un \u00e9quilibre d\u00e9licat entre les droits fondamentaux des parents, l\u2019acc\u00e8s des enfants \u00e0 l\u2019information et les interactions sociales, ainsi que l\u2019importance vitale de prot\u00e9ger les enfants contre les pr\u00e9judices.<\/p>\n\n\n\n<div class=\"wp-block-image\"><figure class=\"alignleft size-large is-resized\"><img loading=\"lazy\" decoding=\"async\" src=\"https:\/\/www.humanium.org\/fr\/wp-content\/uploads\/2021\/03\/shutterstock_1070766068-1024x683.jpg\" alt=\"\" class=\"wp-image-49730\" width=\"418\" height=\"279\" srcset=\"https:\/\/www.humanium.org\/fr\/wp-content\/uploads\/2021\/03\/shutterstock_1070766068-1024x683.jpg 1024w, https:\/\/www.humanium.org\/fr\/wp-content\/uploads\/2021\/03\/shutterstock_1070766068-300x200.jpg 300w, https:\/\/www.humanium.org\/fr\/wp-content\/uploads\/2021\/03\/shutterstock_1070766068-768x512.jpg 768w, https:\/\/www.humanium.org\/fr\/wp-content\/uploads\/2021\/03\/shutterstock_1070766068-1536x1024.jpg 1536w, https:\/\/www.humanium.org\/fr\/wp-content\/uploads\/2021\/03\/shutterstock_1070766068-2048x1365.jpg 2048w, https:\/\/www.humanium.org\/fr\/wp-content\/uploads\/2021\/03\/shutterstock_1070766068-830x553.jpg 830w, https:\/\/www.humanium.org\/fr\/wp-content\/uploads\/2021\/03\/shutterstock_1070766068-230x153.jpg 230w, https:\/\/www.humanium.org\/fr\/wp-content\/uploads\/2021\/03\/shutterstock_1070766068-350x233.jpg 350w, https:\/\/www.humanium.org\/fr\/wp-content\/uploads\/2021\/03\/shutterstock_1070766068-480x320.jpg 480w, https:\/\/www.humanium.org\/fr\/wp-content\/uploads\/2021\/03\/shutterstock_1070766068-272x182.jpg 272w\" sizes=\"auto, (max-width: 418px) 100vw, 418px\" \/><\/figure><\/div>\n\n\n\n<p class=\"wp-block-paragraph\">Il est essentiel que ces droits soient compris comme \u00e9tant li\u00e9s plut\u00f4t qu\u2019ind\u00e9pendants. Les <a href=\"https:\/\/www.humanium.org\/fr\/les-droits-de-l-enfant\/\">droits de l\u2019enfant<\/a> au <a href=\"https:\/\/www.humanium.org\/fr\/les-droits-de-l-enfant\/\">d\u00e9veloppement<\/a> (article 6, CDE), \u00e0 la <a href=\"https:\/\/www.humanium.org\/fr\/les-droits-de-l-enfant\/\">vie priv\u00e9e<\/a> (article 16, CDE) et \u00e0 la <a href=\"https:\/\/www.humanium.org\/fr\/les-droits-de-l-enfant\/\">vie priv\u00e9e et familiale<\/a> (article 8, CDE) doivent tous \u00eatre mis en balance avec le droit primordial \u00e0 la <a href=\"https:\/\/www.humanium.org\/fr\/les-droits-de-l-enfant\/\">protection de l\u2019int\u00e9r\u00eat sup\u00e9rieur de l\u2019enfant<\/a> (article 3, CDE). La vuln\u00e9rabilit\u00e9 particuli\u00e8re des enfants en ce qui concerne le \u00ab sharenting \u00bb est multidimensionnelle, mais le plus inqui\u00e9tant, probablement, rel\u00e8ve du risque que leur sant\u00e9 mentale soit affect\u00e9e par une anxi\u00e9t\u00e9 et un inconfort social accrus (Lievens, 2018).<\/p>\n\n\n\n<h2 class=\"wp-block-heading\">Les perspectives et recommandations du Comit\u00e9 des droits de l&rsquo;enfant<\/h2>\n\n\n\n<p class=\"wp-block-paragraph\">Pour r\u00e9pondre aux d\u00e9fis durables et multidimensionnels pos\u00e9s aux enfants par le \u00ab <a href=\"https:\/\/www.humanium.org\/fr\/les-droits-de-lenfant-et-les-technologies-numeriques-la-vie-privee-des-enfants-a-lere-des-medias-sociaux-les-dangers-du-partage-sharenting\/\">sharenting<\/a> \u00bb, une r\u00e9ponse toute aussi diversifi\u00e9e doit \u00eatre apport\u00e9e. Le droit \u00e0 l\u2019oubli prot\u00e8ge le droit des parents \u00e0 la libert\u00e9 d\u2019expression tout en supprimant parall\u00e8lement une partie des pr\u00e9judices \u00e0 long terme li\u00e9e \u00e0 ce type de comportement sur l\u2019enfant (Haley, 2020). L\u2019environnement num\u00e9rique red\u00e9finit le monde des enfants, cr\u00e9ant un nouveau besoin important pour les enfants de contr\u00f4ler leurs propres donn\u00e9es personnelles (Lievens, 2018). <\/p>\n\n\n\n<p class=\"wp-block-paragraph\">Si le droit \u00e0 l\u2019oubli n\u2019\u00e9limine pas le pr\u00e9judice initial qu\u2019un enfant pourrait subir \u00e0 cause du \u00ab sharenting \u00bb, il accro\u00eet la possibilit\u00e9, \u00e0 long terme, de limiter le niveau du pr\u00e9judice. Les adultes ont le droit de changer d\u2019avis et de supprimer les informations qu\u2019ils ont publi\u00e9es sur eux-m\u00eames si cela les affecte n\u00e9gativement, les enfants devraient jouir de ce m\u00eame droit.<\/p>\n\n\n\n<p class=\"wp-block-paragraph\">Le <a href=\"https:\/\/www.humanium.org\/fr\/genese-comite-droits-enfant\/\">Comit\u00e9 des droits de l\u2019enfant<\/a> dans son Observation G\u00e9n\u00e9rale n\u00b0 25 propose quelques recommandations \u00e0 adopter par les \u00c9tats afin de mieux prot\u00e9ger les enfants:<\/p>\n\n\n\n<div class=\"wp-block-group\"><div class=\"wp-block-group__inner-container is-layout-flow wp-block-group-is-layout-flow\">\n<p class=\"wp-block-paragraph\">1. Les \u00c9tats devraient s\u2019efforcer de s\u2019assurer que leurs politiques et strat\u00e9gies nationales placent les probl\u00e9matiques relatives aux droits de l\u2019enfant dans l\u2019environnement num\u00e9rique au centre de leurs pr\u00e9occupations. Cette recommandation vise \u00e0 faire en sorte que l\u2019espace technologique int\u00e8gre les enfants dans leurs consid\u00e9rations politiques ; le fait que les enfants soient souvent trop jeunes pour acc\u00e9der \u00e0 la technologie ne signifie pas que l\u2019utilisation par les adultes d\u2019outils et de plateformes modernes ne puisse leur nuire.<\/p>\n<\/div><\/div>\n\n\n\n<p class=\"wp-block-paragraph\">2. Les \u00c9tats devraient veiller \u00e0 ce que les cadres et m\u00e9canismes judiciaires et non judiciaires pour les violations des droits de l\u2019enfant soient accessibles \u00e0 tous les enfants. En raison de leur position vuln\u00e9rable et de leur manque de connaissances, les enfants peuvent ne pas \u00eatre en mesure d\u2019identifier les auteurs d\u2019abus, de recueillir des preuves ou d\u2019enregistrer des plaintes. De plus, les adultes agissant au nom des enfants peuvent \u00eatre r\u00e9ticents \u00e0 divulguer des informations relatives aux droits de l\u2019enfant en raison de leur sensibilit\u00e9 et de leurs craintes quant \u00e0 la mani\u00e8re dont elles pourraient \u00eatre per\u00e7ues par leurs pairs. Les m\u00e9canismes de r\u00e8glement des diff\u00e9rends doivent tenir compte de ce fait et prot\u00e9ger efficacement les enfants.<\/p>\n\n\n\n<p class=\"wp-block-paragraph\">3. Les \u00c9tats devraient \u00e9tendre leurs lois et politiques de protection des donn\u00e9es \u00e0 des domaines non traditionnels. Alors que les jouets, v\u00eatements et autres objets se d\u00e9veloppement intrins\u00e8quement en int\u00e9grant des technologies (notamment des capteurs int\u00e9gr\u00e9s), les \u00c9tats doivent veiller \u00e0 ce que les organisations et services qui permettent ces d\u00e9veloppements soient soumis \u00e0 des dispositions non traditionnelles de protection des donn\u00e9es. Cela comprend l\u2019acc\u00e8s technologique priv\u00e9 ou public o\u00f9 les enfants peuvent \u00eatre affect\u00e9s par la technologie<\/p>\n\n\n\n<p class=\"wp-block-paragraph\">Dans toutes les actions li\u00e9es aux enfants et \u00e0 leur interaction avec la technologie, leur int\u00e9r\u00eat sup\u00e9rieur doit \u00eatre au centre de toutes les consid\u00e9rations. Le Conseil d\u2019Europe recommande que (Conseil d\u2019Europe, 2018) :<\/p>\n\n\n\n<p class=\"wp-block-paragraph\">4. Les cadres juridiques mis en place pour l\u2019environnement num\u00e9rique devraient syst\u00e9matiquement tenir compte de l\u2019impact de la technologie sur les enfants et garantir que les autorit\u00e9s charg\u00e9es de la protection des donn\u00e9es soient comp\u00e9tentes et capables de traiter les plaintes des enfants et d\u2019emp\u00eacher leur pr\u00e9judice en premier lieu. Cela prot\u00e9gera contre le traitement illicite des donn\u00e9es personnelles des enfants et \u00e9tablira des m\u00e9canismes de rectification.<\/p>\n\n\n\n<figure class=\"wp-block-image size-large\"><img loading=\"lazy\" decoding=\"async\" width=\"1024\" height=\"683\" src=\"https:\/\/www.humanium.org\/fr\/wp-content\/uploads\/2021\/03\/shutterstock_310702334-1024x683.jpg\" alt=\"\" class=\"wp-image-49732\" srcset=\"https:\/\/www.humanium.org\/fr\/wp-content\/uploads\/2021\/03\/shutterstock_310702334-1024x683.jpg 1024w, https:\/\/www.humanium.org\/fr\/wp-content\/uploads\/2021\/03\/shutterstock_310702334-300x200.jpg 300w, https:\/\/www.humanium.org\/fr\/wp-content\/uploads\/2021\/03\/shutterstock_310702334-768x512.jpg 768w, https:\/\/www.humanium.org\/fr\/wp-content\/uploads\/2021\/03\/shutterstock_310702334-1536x1024.jpg 1536w, https:\/\/www.humanium.org\/fr\/wp-content\/uploads\/2021\/03\/shutterstock_310702334-2048x1365.jpg 2048w, https:\/\/www.humanium.org\/fr\/wp-content\/uploads\/2021\/03\/shutterstock_310702334-830x553.jpg 830w, https:\/\/www.humanium.org\/fr\/wp-content\/uploads\/2021\/03\/shutterstock_310702334-230x153.jpg 230w, https:\/\/www.humanium.org\/fr\/wp-content\/uploads\/2021\/03\/shutterstock_310702334-350x233.jpg 350w, https:\/\/www.humanium.org\/fr\/wp-content\/uploads\/2021\/03\/shutterstock_310702334-480x320.jpg 480w, https:\/\/www.humanium.org\/fr\/wp-content\/uploads\/2021\/03\/shutterstock_310702334-272x182.jpg 272w\" sizes=\"auto, (max-width: 1024px) 100vw, 1024px\" \/><\/figure>\n\n\n\n<p class=\"wp-block-paragraph\">\u00c0 Humanium, nous cherchons \u00e0 sensibiliser \u00e0 l\u2019importance des droits de l\u2019enfant \u00e0 <a href=\"https:\/\/www.humanium.org\/fr\/comprendre-droits-enfant\/droit-a-l-alimentation\/#:~:text=L%2527acc%25C3%25A8s%2520%25C3%25A0%2520la%2520nourriture,guerres%252C%2520catastrophes%2520naturelles%25E2%2580%25A6).&amp;text=La%2520nourriture%2520doit%2520%25C3%25AAtre%2520salubre,%252C%2520notamment%2520pour%2520l%2527eau.\">l\u2019alimentation<\/a>, \u00e0 <a href=\"https:\/\/www.humanium.org\/fr\/comprendre-droits-enfant\/droit-a-l-education\/#:~:text=L%2527%25C3%25A9ducation%2520est%2520un%2520droit%2520humain%2520qui%2520doit%2520%25C3%25AAtre%2520accessible,les%2520personnes%252C%2520sans%2520aucune%2520discrimination.&amp;text=Par%2520ailleurs%252C%2520l%2527enseignement%2520doit,leur%2520droit%2520%25C3%25A0%2520l%2527%25C3%25A9ducation.\">l\u2019\u00e9ducation<\/a> et \u00e0 la <a href=\"https:\/\/www.humanium.org\/fr\/comprendre-droits-enfant\/protection\/#:~:text=La%2520protection%2520des%2520enfants%2520doit,unique%2520avec%2520des%2520besoins%2520sp%25C3%25A9cifiques.\">protection<\/a>. Rejoignez-nous pour faire des droits de l\u2019enfant \u00e0 un environnement s\u00fbr et \u00e0 une \u00e9ducation accessible une r\u00e9alit\u00e9 en parrainant un enfant, en faisant un don or en devenant b\u00e9n\u00e9vole !<\/p>\n\n\n\n<p class=\"wp-block-paragraph\"><strong><em>\u00c9crit par Vanessa Cezarita Cordeiro<\/em><\/strong><\/p>\n\n\n\n<p class=\"wp-block-paragraph\"><strong><em>Traduit par Karen Castillo<\/em><\/strong><\/p>\n\n\n\n<p class=\"wp-block-paragraph\"><strong><em>Relu par Dominique Jaensch<\/em><\/strong><\/p>\n\n\n\n<h4 class=\"wp-block-heading\" id=\"block-1e6ec285-19b3-4a99-acc4-ef7496d47f55\"><strong>Pour plus d&rsquo;informations:<\/strong><\/h4>\n\n\n\n<p class=\"has-small-font-size wp-block-paragraph\" id=\"block-d5abf86d-8d75-42dd-a075-869a60ac84f5\"><a href=\"https:\/\/eur-lex.europa.eu\/legal-content\/EN\/TXT\/?uri=CELEX:62012CJ0131\">CJEU, C-131\/12, Google Spain SL and Google Inc. v. Agencia Espa\u00f1ola de Protecci\u00f3n de Da\u2011 tos (AEPD) and Mario Costeja Gonz\u00e1lez [GC], 13 May 2014<\/a>.<\/p>\n\n\n\n<p class=\"has-small-font-size wp-block-paragraph\" id=\"block-7784e5d0-0e73-45ef-8e37-b550bacb4d79\"><a href=\"https:\/\/www.ohchr.org\/EN\/HRBodies\/CRC\/Pages\/GCChildrensRightsRelationDigitalEnvironment.aspx\">Committee on the Rights of the Child. (2020, August). <em>General Comment on Children&rsquo;s Rights in Relation to the Digital Environment.<\/em><\/a><\/p>\n\n\n\n<p class=\"has-small-font-size wp-block-paragraph\" id=\"block-1e0bfffa-c5ac-43fe-bdf1-7d9f481a453c\">Committee on the Rights of the Child. (2020, August 15). Draft General Comment No. 25 Children&rsquo;s Rights in Relation to the Digital Environment. CRC\/C\/GC.<\/p>\n\n\n\n<p class=\"has-small-font-size wp-block-paragraph\" id=\"block-ccc61287-8e83-4166-896d-06bb3b3ff996\"><a href=\"https:\/\/www.ackmedialaw.com\/single-post\/2015\/12\/04\/case-summary-weller-v-associated-newspapers\">Court of Appeal, Weller and Ors v Associated Newspapers, EWCA Civ 1176, 20 November 2015.<\/a><\/p>\n\n\n\n<p class=\"has-small-font-size wp-block-paragraph\" id=\"block-3d35cb79-d648-4959-971f-ff9beae923ab\"><a href=\"https:\/\/rm.coe.int\/guidelines-to-respect-protect-and-fulfil-the-rights-of-the-child-in-th\/16808d881a\">Council of Europe. (2018, September). <em>Guidelines to respect, protect and fulfil the rights of the child in the digital environment.<\/em><\/a><\/p>\n\n\n\n<p class=\"has-small-font-size wp-block-paragraph\" id=\"block-a5563df6-592f-465a-b572-070148eda706\"><a href=\"https:\/\/www.5rb.com\/case\/reklos-and-davourlis-v-greece\/\">ECHR, Reklos and Davourlis v Greece, 1234\/05, 15 January 2009.<\/a><\/p>\n\n\n\n<p class=\"has-small-font-size wp-block-paragraph\" id=\"block-850b76a1-f903-45f7-b487-9def1f7c2357\"><a href=\"https:\/\/hudoc.echr.coe.int\/eng#%7B%22itemid%22:%5B%22001-89964%22%5D%7D\">ECtHR, K.U. v. Finland, No. 2872\/02, 2 December 2008.<\/a><\/p>\n\n\n\n<h4 class=\"wp-block-heading\" id=\"block-3e5ef59b-c4b3-4575-8bd6-849101533695\"><strong>R\u00e9f\u00e9rences:<\/strong><\/h4>\n\n\n\n<p class=\"has-small-font-size wp-block-paragraph\" id=\"block-e1babbcc-3ae2-4a25-bdb8-4d89d9a4a724\"><a href=\"https:\/\/journals.sagepub.com\/doi\/full\/10.1177\/1329878X19848503\">Bunn, A. (2019, May 25). \u00a8Children and the \u00b4Right to be Forgotten\u00b4: what the right to erasure means for<\/a><\/p>\n\n\n\n<p class=\"has-small-font-size wp-block-paragraph\" id=\"block-aa745a82-d4d8-4509-9236-fe1e77261b91\"><a href=\"https:\/\/journals.sagepub.com\/doi\/full\/10.1177\/1329878X19848503\">European children, and why Australian children should be afforded a similar right.\u00a8 <em>Sage Journals. <\/em><\/a><a href=\"https:\/\/journals.sagepub.com\/doi\/full\/10.1177\/1329878X19848503\">170 (1).<\/a><\/p>\n\n\n\n<p class=\"has-small-font-size wp-block-paragraph\" id=\"block-a1a56508-f5bd-4906-9f41-f7a070fbf5f0\"><a href=\"https:\/\/which-50.com\/cover-story-australia-is-falling-behind-on-protecting-childrens-online-privacy\/\">Brookes, J. (2020, March 16). <em>Australia is \u00b4Falling Behind\u00b4 On Protecting Children\u015b Online Privacy<\/em><\/a>.<\/p>\n\n\n\n<p class=\"has-small-font-size wp-block-paragraph\" id=\"block-db33cec9-51f7-492d-adda-307e3a704b05\"><a href=\"https:\/\/which-50.com\/change-is-needed-uk-regulator-reveals-code-for-childrens-online-privacy\/\">Brookes, J. (2020, January 28). <em>\u00a8Change is Needed\u00a8: UK Regulator Reveals Code For Children&rsquo;s Online Privacy.<\/em><\/a><\/p>\n\n\n\n<p class=\"has-small-font-size wp-block-paragraph\" id=\"block-dee7cee4-558a-462f-856e-bc9dc47ac8f7\"><a href=\"https:\/\/mlexmarketinsight.com\/insights-center\/editors-picks\/area-of-expertise\/data-privacy-and-security\/around-the-globe,-childrens-privacy,-security-emerges-as-key-area-of-focus-for-regulators\">Choi, H. Russo, R. Seers, P. Swift, M. Gladicheva, V. (2019, April 29). <em>Around the Globe, Children&rsquo;s Privacy, Security Emerges as Key Areas of Focus for Regulators.<\/em><\/a><\/p>\n\n\n\n<p class=\"has-small-font-size wp-block-paragraph\" id=\"block-98fc6be2-f09c-462c-aa59-fdf1c4ab07d6\">Committee on the Rights of the Child. (2020, August 15). <em>Draft General Comment No. 25 Children&rsquo;s Rights in Relation to the Digital Environment.<\/em> CRC\/C\/GC.<\/p>\n\n\n\n<p class=\"has-small-font-size wp-block-paragraph\" id=\"block-b95f694e-ec9b-4c31-abce-88c0fb8deefe\"><a href=\"https:\/\/fra.europa.eu\/sites\/default\/files\/fra_uploads\/fra-ecthr-2015-handbook-european-law-rights-of-the-child_en.pdf\">Council of Europe. (2015, June). <em>Handbook of European Law Relating to the Rights of the Child.<\/em><\/a>&nbsp;<\/p>\n\n\n\n<p class=\"has-small-font-size wp-block-paragraph\" id=\"block-081f577d-d9b7-4b4b-adcd-6c2fa66f45be\"><a href=\"https:\/\/rm.coe.int\/guidelines-to-respect-protect-and-fulfil-the-rights-of-the-child-in-th\/16808d881a\">Council of Europe. (2018, September). <em>Guidelines to respect, protect and fulfil the rights of the child in the digital environment.<\/em><\/a><\/p>\n\n\n\n<p class=\"has-small-font-size wp-block-paragraph\" id=\"block-8b79e66a-231e-47da-80d9-7273253cf2f7\"><a href=\"https:\/\/gdpr-info.eu\/\">Council of Europe and European Parliament. <em>General Data Protection Regulation.<\/em><\/a><a href=\"https:\/\/gdpr-info.eu\/\"> Regulation 2016\/679.&nbsp;<\/a><\/p>\n\n\n\n<p class=\"has-small-font-size wp-block-paragraph\" id=\"block-0b717edc-1534-4da4-a30a-77d3d085f964\"><a href=\"https:\/\/www.repository.law.indiana.edu\/cgi\/viewcontent.cgi?article=11383&amp;context=ilj\">Haley, K. (2020). \u201cSharenting and the (Potential) Right to Be Forgotten.\u201d <em>Indian Law Journal<\/em><\/a><a href=\"https:\/\/www.repository.law.indiana.edu\/cgi\/viewcontent.cgi?article=11383&amp;context=ilj\"> <em>Maurer School of Law.<\/em><\/a><a href=\"https:\/\/www.repository.law.indiana.edu\/cgi\/viewcontent.cgi?article=11383&amp;context=ilj\"> 95(3).<\/a><\/p>\n\n\n\n<p class=\"has-small-font-size wp-block-paragraph\" id=\"block-a19ce50e-bc53-474b-9d04-b8cc3378f8fb\">International Commissioners Office. <em>How does the right to erasure apply to children?<\/em><\/p>\n\n\n\n<p class=\"has-small-font-size wp-block-paragraph\" id=\"block-a9b2490c-0d9b-432c-9a93-1422bd2e0252\"><a href=\"https:\/\/link-springer-com.iclibezp1.cc.ic.ac.uk\/referenceworkentry\/10.1007\/978-981-10-4184-6_16\">Lievens, E. Livingstone, S. McLaughlin, S. O\u00b4\u0143eill, B. Verdoodt, V. (2018, November 24). \u00a8Children&rsquo;s Rights and Digital Technologies\u00a8. <em>International Human Rights of Children<\/em><\/a><a href=\"https:\/\/link-springer-com.iclibezp1.cc.ic.ac.uk\/referenceworkentry\/10.1007\/978-981-10-4184-6_16\">. pp 487-513.<\/a><\/p>\n\n\n\n<p class=\"has-small-font-size wp-block-paragraph\" id=\"block-9c2859f9-473d-4cdc-8c13-706710fb4816\"><a href=\"https:\/\/revistas.uniandes.edu.co\/doi\/pdf\/10.29263\/lar02.2019.03\">Lievens, E. Vander Maelen, C. (2018, July 16). \u00a8A Child&rsquo;s Right to be Forgotten: Letting Go of the Past and Embracing the Future?\u00a8 <em>Latin American Law Review.<\/em><\/a><\/p>\n\n\n\n<p class=\"has-small-font-size wp-block-paragraph\" id=\"block-3a5c3e0b-d536-4c0d-a3dc-542489fb658b\"><a href=\"https:\/\/nakedsecurity.sophos.com\/2015\/07\/29\/children-should-have-the-right-to-be-forgotten-says-irights-campaign\/\">Munson, L. (2015, July 29). <em>Children Should Have the Right to be Forgotten, says iRights Campaign.<\/em><\/a><\/p>\n\n\n\n<p class=\"has-small-font-size wp-block-paragraph\" id=\"block-248e9e4a-eb70-4fe7-8cf4-b21ef2425101\"><a href=\"https:\/\/www.ohchr.org\/EN\/ProfessionalInterest\/Pages\/CRC.aspx\">UN General Assembly. (1989, November 20). <em>Convention on the Rights of the Child<\/em><\/a><a href=\"https:\/\/www.ohchr.org\/EN\/ProfessionalInterest\/Pages\/CRC.aspx\">. United Nations, Treaty Series, vol. 1577,<\/a><\/p>\n","protected":false},"excerpt":{"rendered":"<p>Les technologies num\u00e9riques s\u2019infiltrent dans tous les secteurs de la soci\u00e9t\u00e9 moderne et la vie des enfants n\u2019y fait pas exception. Les plateformes innovantes ont chang\u00e9 l\u2019exp\u00e9rience du monde qu\u2019ont les enfants, engendrant de nouveaux risques qui affectent consid\u00e9rablement leurs droits fondamentaux. Le \u00ab sharenting \u00bb repr\u00e9sente l\u2019un de ces risques; car il cr\u00e9e une [&hellip;]<\/p>\n","protected":false},"author":69,"featured_media":49727,"comment_status":"closed","ping_status":"closed","sticky":false,"template":"","format":"standard","meta":{"footnotes":""},"categories":[220,233,229],"tags":[],"class_list":["post-49725","post","type-post","status-publish","format-standard","has-post-thumbnail","hentry","category-droits-des-enfants","category-exploitation","category-liberte"],"yoast_head":"<!-- This site is optimized with the Yoast SEO plugin v28.3 - https:\/\/yoast.com\/product\/yoast-seo-wordpress\/ -->\n<title>Comprendre les cons\u00e9quences du \u00ab Sharenting \u00bb: \u00ab le droit \u00e0 l\u2019oubli \u00bb pour les enfants - Humanium<\/title>\n<meta name=\"description\" content=\"Les technologies num\u00e9riques s\u2019infiltrent dans tous les secteurs de la soci\u00e9t\u00e9 moderne et la vie des enfants n\u2019y fait pas exception.\" \/>\n<meta name=\"robots\" content=\"index, follow, max-snippet:-1, max-image-preview:large, max-video-preview:-1\" \/>\n<link rel=\"canonical\" href=\"https:\/\/www.humanium.org\/fr\/comprendre-les-consequences-du-sharenting-le-droit-a-loubli-pour-les-enfants\/\" \/>\n<meta property=\"og:locale\" content=\"fr_FR\" \/>\n<meta property=\"og:type\" content=\"article\" \/>\n<meta property=\"og:title\" content=\"Comprendre les cons\u00e9quences du \u00ab Sharenting \u00bb: \u00ab le droit \u00e0 l\u2019oubli \u00bb pour les enfants - Humanium\" \/>\n<meta property=\"og:description\" content=\"Les technologies num\u00e9riques s\u2019infiltrent dans tous les secteurs de la soci\u00e9t\u00e9 moderne et la vie des enfants n\u2019y fait pas exception.\" \/>\n<meta property=\"og:url\" content=\"https:\/\/www.humanium.org\/fr\/comprendre-les-consequences-du-sharenting-le-droit-a-loubli-pour-les-enfants\/\" \/>\n<meta property=\"og:site_name\" content=\"Humanium\" \/>\n<meta property=\"article:published_time\" content=\"2021-03-09T08:25:15+00:00\" \/>\n<meta property=\"article:modified_time\" content=\"2026-08-21T03:22:48+00:00\" \/>\n<meta property=\"og:image\" content=\"https:\/\/www.humanium.org\/fr\/wp-content\/uploads\/2021\/03\/shutterstock_1313513048-scaled.jpg\" \/>\n\t<meta property=\"og:image:width\" content=\"2560\" \/>\n\t<meta property=\"og:image:height\" content=\"1706\" \/>\n\t<meta property=\"og:image:type\" content=\"image\/jpeg\" \/>\n<meta name=\"author\" content=\"Humanium\" \/>\n<meta name=\"twitter:card\" content=\"summary_large_image\" \/>\n<meta name=\"twitter:label1\" content=\"\u00c9crit par\" \/>\n\t<meta name=\"twitter:data1\" content=\"Humanium\" \/>\n\t<meta name=\"twitter:label2\" content=\"Dur\u00e9e de lecture estim\u00e9e\" \/>\n\t<meta name=\"twitter:data2\" content=\"12 minutes\" \/>\n<script type=\"application\/ld+json\" class=\"yoast-schema-graph\">{\"@context\":\"https:\\\/\\\/schema.org\",\"@graph\":[{\"@type\":\"Article\",\"@id\":\"https:\\\/\\\/www.humanium.org\\\/fr\\\/comprendre-les-consequences-du-sharenting-le-droit-a-loubli-pour-les-enfants\\\/#article\",\"isPartOf\":{\"@id\":\"https:\\\/\\\/www.humanium.org\\\/fr\\\/comprendre-les-consequences-du-sharenting-le-droit-a-loubli-pour-les-enfants\\\/\"},\"author\":{\"name\":\"Humanium\",\"@id\":\"https:\\\/\\\/www.humanium.org\\\/fr\\\/#\\\/schema\\\/person\\\/d798d6c7d59ba2307e0877f61a20ce3e\"},\"headline\":\"Comprendre les cons\u00e9quences du \u00ab Sharenting \u00bb: \u00ab le droit \u00e0 l\u2019oubli \u00bb pour les enfants\",\"datePublished\":\"2021-03-09T08:25:15+00:00\",\"dateModified\":\"2026-08-21T03:22:48+00:00\",\"mainEntityOfPage\":{\"@id\":\"https:\\\/\\\/www.humanium.org\\\/fr\\\/comprendre-les-consequences-du-sharenting-le-droit-a-loubli-pour-les-enfants\\\/\"},\"wordCount\":2605,\"image\":{\"@id\":\"https:\\\/\\\/www.humanium.org\\\/fr\\\/comprendre-les-consequences-du-sharenting-le-droit-a-loubli-pour-les-enfants\\\/#primaryimage\"},\"thumbnailUrl\":\"https:\\\/\\\/www.humanium.org\\\/fr\\\/wp-content\\\/uploads\\\/2021\\\/03\\\/shutterstock_1313513048-scaled.jpg\",\"articleSection\":[\"Droits des enfants\",\"Exploitation\",\"Libert\u00e9\"],\"inLanguage\":\"fr-FR\"},{\"@type\":\"WebPage\",\"@id\":\"https:\\\/\\\/www.humanium.org\\\/fr\\\/comprendre-les-consequences-du-sharenting-le-droit-a-loubli-pour-les-enfants\\\/\",\"url\":\"https:\\\/\\\/www.humanium.org\\\/fr\\\/comprendre-les-consequences-du-sharenting-le-droit-a-loubli-pour-les-enfants\\\/\",\"name\":\"Comprendre les cons\u00e9quences du \u00ab Sharenting \u00bb: \u00ab le droit \u00e0 l\u2019oubli \u00bb pour les enfants - Humanium\",\"isPartOf\":{\"@id\":\"https:\\\/\\\/www.humanium.org\\\/fr\\\/#website\"},\"primaryImageOfPage\":{\"@id\":\"https:\\\/\\\/www.humanium.org\\\/fr\\\/comprendre-les-consequences-du-sharenting-le-droit-a-loubli-pour-les-enfants\\\/#primaryimage\"},\"image\":{\"@id\":\"https:\\\/\\\/www.humanium.org\\\/fr\\\/comprendre-les-consequences-du-sharenting-le-droit-a-loubli-pour-les-enfants\\\/#primaryimage\"},\"thumbnailUrl\":\"https:\\\/\\\/www.humanium.org\\\/fr\\\/wp-content\\\/uploads\\\/2021\\\/03\\\/shutterstock_1313513048-scaled.jpg\",\"datePublished\":\"2021-03-09T08:25:15+00:00\",\"dateModified\":\"2026-08-21T03:22:48+00:00\",\"author\":{\"@id\":\"https:\\\/\\\/www.humanium.org\\\/fr\\\/#\\\/schema\\\/person\\\/d798d6c7d59ba2307e0877f61a20ce3e\"},\"description\":\"Les technologies num\u00e9riques s\u2019infiltrent dans tous les secteurs de la soci\u00e9t\u00e9 moderne et la vie des enfants n\u2019y fait pas exception.\",\"breadcrumb\":{\"@id\":\"https:\\\/\\\/www.humanium.org\\\/fr\\\/comprendre-les-consequences-du-sharenting-le-droit-a-loubli-pour-les-enfants\\\/#breadcrumb\"},\"inLanguage\":\"fr-FR\",\"potentialAction\":[{\"@type\":\"ReadAction\",\"target\":[\"https:\\\/\\\/www.humanium.org\\\/fr\\\/comprendre-les-consequences-du-sharenting-le-droit-a-loubli-pour-les-enfants\\\/\"]}]},{\"@type\":\"ImageObject\",\"inLanguage\":\"fr-FR\",\"@id\":\"https:\\\/\\\/www.humanium.org\\\/fr\\\/comprendre-les-consequences-du-sharenting-le-droit-a-loubli-pour-les-enfants\\\/#primaryimage\",\"url\":\"https:\\\/\\\/www.humanium.org\\\/fr\\\/wp-content\\\/uploads\\\/2021\\\/03\\\/shutterstock_1313513048-scaled.jpg\",\"contentUrl\":\"https:\\\/\\\/www.humanium.org\\\/fr\\\/wp-content\\\/uploads\\\/2021\\\/03\\\/shutterstock_1313513048-scaled.jpg\",\"width\":2560,\"height\":1706},{\"@type\":\"BreadcrumbList\",\"@id\":\"https:\\\/\\\/www.humanium.org\\\/fr\\\/comprendre-les-consequences-du-sharenting-le-droit-a-loubli-pour-les-enfants\\\/#breadcrumb\",\"itemListElement\":[{\"@type\":\"ListItem\",\"position\":1,\"name\":\"Home\",\"item\":\"https:\\\/\\\/www.humanium.org\\\/fr\\\/\"},{\"@type\":\"ListItem\",\"position\":2,\"name\":\"Comprendre les cons\u00e9quences du \u00ab Sharenting \u00bb: \u00ab le droit \u00e0 l\u2019oubli \u00bb pour les enfants\"}]},{\"@type\":\"WebSite\",\"@id\":\"https:\\\/\\\/www.humanium.org\\\/fr\\\/#website\",\"url\":\"https:\\\/\\\/www.humanium.org\\\/fr\\\/\",\"name\":\"Humanium\",\"description\":\"Les enfants d\u2019abord !\",\"potentialAction\":[{\"@type\":\"SearchAction\",\"target\":{\"@type\":\"EntryPoint\",\"urlTemplate\":\"https:\\\/\\\/www.humanium.org\\\/fr\\\/?s={search_term_string}\"},\"query-input\":{\"@type\":\"PropertyValueSpecification\",\"valueRequired\":true,\"valueName\":\"search_term_string\"}}],\"inLanguage\":\"fr-FR\"},{\"@type\":\"Person\",\"@id\":\"https:\\\/\\\/www.humanium.org\\\/fr\\\/#\\\/schema\\\/person\\\/d798d6c7d59ba2307e0877f61a20ce3e\",\"name\":\"Humanium\",\"image\":{\"@type\":\"ImageObject\",\"inLanguage\":\"fr-FR\",\"@id\":\"https:\\\/\\\/secure.gravatar.com\\\/avatar\\\/22715e338d2fcc547e3a431c4738360d33fea2a4af458f865b2c3b22f1eaa51f?s=96&d=mm&r=g\",\"url\":\"https:\\\/\\\/secure.gravatar.com\\\/avatar\\\/22715e338d2fcc547e3a431c4738360d33fea2a4af458f865b2c3b22f1eaa51f?s=96&d=mm&r=g\",\"contentUrl\":\"https:\\\/\\\/secure.gravatar.com\\\/avatar\\\/22715e338d2fcc547e3a431c4738360d33fea2a4af458f865b2c3b22f1eaa51f?s=96&d=mm&r=g\",\"caption\":\"Humanium\"},\"url\":\"https:\\\/\\\/www.humanium.org\\\/fr\\\/author\\\/humanium\\\/\"}]}<\/script>\n<!-- \/ Yoast SEO plugin. -->","yoast_head_json":{"title":"Comprendre les cons\u00e9quences du \u00ab Sharenting \u00bb: \u00ab le droit \u00e0 l\u2019oubli \u00bb pour les enfants - Humanium","description":"Les technologies num\u00e9riques s\u2019infiltrent dans tous les secteurs de la soci\u00e9t\u00e9 moderne et la vie des enfants n\u2019y fait pas exception.","robots":{"index":"index","follow":"follow","max-snippet":"max-snippet:-1","max-image-preview":"max-image-preview:large","max-video-preview":"max-video-preview:-1"},"canonical":"https:\/\/www.humanium.org\/fr\/comprendre-les-consequences-du-sharenting-le-droit-a-loubli-pour-les-enfants\/","og_locale":"fr_FR","og_type":"article","og_title":"Comprendre les cons\u00e9quences du \u00ab Sharenting \u00bb: \u00ab le droit \u00e0 l\u2019oubli \u00bb pour les enfants - Humanium","og_description":"Les technologies num\u00e9riques s\u2019infiltrent dans tous les secteurs de la soci\u00e9t\u00e9 moderne et la vie des enfants n\u2019y fait pas exception.","og_url":"https:\/\/www.humanium.org\/fr\/comprendre-les-consequences-du-sharenting-le-droit-a-loubli-pour-les-enfants\/","og_site_name":"Humanium","article_published_time":"2021-03-09T08:25:15+00:00","article_modified_time":"2026-08-21T03:22:48+00:00","og_image":[{"width":2560,"height":1706,"url":"https:\/\/www.humanium.org\/fr\/wp-content\/uploads\/2021\/03\/shutterstock_1313513048-scaled.jpg","type":"image\/jpeg"}],"author":"Humanium","twitter_card":"summary_large_image","twitter_misc":{"\u00c9crit par":"Humanium","Dur\u00e9e de lecture estim\u00e9e":"12 minutes"},"schema":{"@context":"https:\/\/schema.org","@graph":[{"@type":"Article","@id":"https:\/\/www.humanium.org\/fr\/comprendre-les-consequences-du-sharenting-le-droit-a-loubli-pour-les-enfants\/#article","isPartOf":{"@id":"https:\/\/www.humanium.org\/fr\/comprendre-les-consequences-du-sharenting-le-droit-a-loubli-pour-les-enfants\/"},"author":{"name":"Humanium","@id":"https:\/\/www.humanium.org\/fr\/#\/schema\/person\/d798d6c7d59ba2307e0877f61a20ce3e"},"headline":"Comprendre les cons\u00e9quences du \u00ab Sharenting \u00bb: \u00ab le droit \u00e0 l\u2019oubli \u00bb pour les enfants","datePublished":"2021-03-09T08:25:15+00:00","dateModified":"2026-08-21T03:22:48+00:00","mainEntityOfPage":{"@id":"https:\/\/www.humanium.org\/fr\/comprendre-les-consequences-du-sharenting-le-droit-a-loubli-pour-les-enfants\/"},"wordCount":2605,"image":{"@id":"https:\/\/www.humanium.org\/fr\/comprendre-les-consequences-du-sharenting-le-droit-a-loubli-pour-les-enfants\/#primaryimage"},"thumbnailUrl":"https:\/\/www.humanium.org\/fr\/wp-content\/uploads\/2021\/03\/shutterstock_1313513048-scaled.jpg","articleSection":["Droits des enfants","Exploitation","Libert\u00e9"],"inLanguage":"fr-FR"},{"@type":"WebPage","@id":"https:\/\/www.humanium.org\/fr\/comprendre-les-consequences-du-sharenting-le-droit-a-loubli-pour-les-enfants\/","url":"https:\/\/www.humanium.org\/fr\/comprendre-les-consequences-du-sharenting-le-droit-a-loubli-pour-les-enfants\/","name":"Comprendre les cons\u00e9quences du \u00ab Sharenting \u00bb: \u00ab le droit \u00e0 l\u2019oubli \u00bb pour les enfants - Humanium","isPartOf":{"@id":"https:\/\/www.humanium.org\/fr\/#website"},"primaryImageOfPage":{"@id":"https:\/\/www.humanium.org\/fr\/comprendre-les-consequences-du-sharenting-le-droit-a-loubli-pour-les-enfants\/#primaryimage"},"image":{"@id":"https:\/\/www.humanium.org\/fr\/comprendre-les-consequences-du-sharenting-le-droit-a-loubli-pour-les-enfants\/#primaryimage"},"thumbnailUrl":"https:\/\/www.humanium.org\/fr\/wp-content\/uploads\/2021\/03\/shutterstock_1313513048-scaled.jpg","datePublished":"2021-03-09T08:25:15+00:00","dateModified":"2026-08-21T03:22:48+00:00","author":{"@id":"https:\/\/www.humanium.org\/fr\/#\/schema\/person\/d798d6c7d59ba2307e0877f61a20ce3e"},"description":"Les technologies num\u00e9riques s\u2019infiltrent dans tous les secteurs de la soci\u00e9t\u00e9 moderne et la vie des enfants n\u2019y fait pas exception.","breadcrumb":{"@id":"https:\/\/www.humanium.org\/fr\/comprendre-les-consequences-du-sharenting-le-droit-a-loubli-pour-les-enfants\/#breadcrumb"},"inLanguage":"fr-FR","potentialAction":[{"@type":"ReadAction","target":["https:\/\/www.humanium.org\/fr\/comprendre-les-consequences-du-sharenting-le-droit-a-loubli-pour-les-enfants\/"]}]},{"@type":"ImageObject","inLanguage":"fr-FR","@id":"https:\/\/www.humanium.org\/fr\/comprendre-les-consequences-du-sharenting-le-droit-a-loubli-pour-les-enfants\/#primaryimage","url":"https:\/\/www.humanium.org\/fr\/wp-content\/uploads\/2021\/03\/shutterstock_1313513048-scaled.jpg","contentUrl":"https:\/\/www.humanium.org\/fr\/wp-content\/uploads\/2021\/03\/shutterstock_1313513048-scaled.jpg","width":2560,"height":1706},{"@type":"BreadcrumbList","@id":"https:\/\/www.humanium.org\/fr\/comprendre-les-consequences-du-sharenting-le-droit-a-loubli-pour-les-enfants\/#breadcrumb","itemListElement":[{"@type":"ListItem","position":1,"name":"Home","item":"https:\/\/www.humanium.org\/fr\/"},{"@type":"ListItem","position":2,"name":"Comprendre les cons\u00e9quences du \u00ab Sharenting \u00bb: \u00ab le droit \u00e0 l\u2019oubli \u00bb pour les enfants"}]},{"@type":"WebSite","@id":"https:\/\/www.humanium.org\/fr\/#website","url":"https:\/\/www.humanium.org\/fr\/","name":"Humanium","description":"Les enfants d\u2019abord !","potentialAction":[{"@type":"SearchAction","target":{"@type":"EntryPoint","urlTemplate":"https:\/\/www.humanium.org\/fr\/?s={search_term_string}"},"query-input":{"@type":"PropertyValueSpecification","valueRequired":true,"valueName":"search_term_string"}}],"inLanguage":"fr-FR"},{"@type":"Person","@id":"https:\/\/www.humanium.org\/fr\/#\/schema\/person\/d798d6c7d59ba2307e0877f61a20ce3e","name":"Humanium","image":{"@type":"ImageObject","inLanguage":"fr-FR","@id":"https:\/\/secure.gravatar.com\/avatar\/22715e338d2fcc547e3a431c4738360d33fea2a4af458f865b2c3b22f1eaa51f?s=96&d=mm&r=g","url":"https:\/\/secure.gravatar.com\/avatar\/22715e338d2fcc547e3a431c4738360d33fea2a4af458f865b2c3b22f1eaa51f?s=96&d=mm&r=g","contentUrl":"https:\/\/secure.gravatar.com\/avatar\/22715e338d2fcc547e3a431c4738360d33fea2a4af458f865b2c3b22f1eaa51f?s=96&d=mm&r=g","caption":"Humanium"},"url":"https:\/\/www.humanium.org\/fr\/author\/humanium\/"}]}},"_links":{"self":[{"href":"https:\/\/www.humanium.org\/fr\/wp-json\/wp\/v2\/posts\/49725","targetHints":{"allow":["GET"]}}],"collection":[{"href":"https:\/\/www.humanium.org\/fr\/wp-json\/wp\/v2\/posts"}],"about":[{"href":"https:\/\/www.humanium.org\/fr\/wp-json\/wp\/v2\/types\/post"}],"author":[{"embeddable":true,"href":"https:\/\/www.humanium.org\/fr\/wp-json\/wp\/v2\/users\/69"}],"replies":[{"embeddable":true,"href":"https:\/\/www.humanium.org\/fr\/wp-json\/wp\/v2\/comments?post=49725"}],"version-history":[{"count":15,"href":"https:\/\/www.humanium.org\/fr\/wp-json\/wp\/v2\/posts\/49725\/revisions"}],"predecessor-version":[{"id":62740,"href":"https:\/\/www.humanium.org\/fr\/wp-json\/wp\/v2\/posts\/49725\/revisions\/62740"}],"wp:featuredmedia":[{"embeddable":true,"href":"https:\/\/www.humanium.org\/fr\/wp-json\/wp\/v2\/media\/49727"}],"wp:attachment":[{"href":"https:\/\/www.humanium.org\/fr\/wp-json\/wp\/v2\/media?parent=49725"}],"wp:term":[{"taxonomy":"category","embeddable":true,"href":"https:\/\/www.humanium.org\/fr\/wp-json\/wp\/v2\/categories?post=49725"},{"taxonomy":"post_tag","embeddable":true,"href":"https:\/\/www.humanium.org\/fr\/wp-json\/wp\/v2\/tags?post=49725"}],"curies":[{"name":"wp","href":"https:\/\/api.w.org\/{rel}","templated":true}]}}