{"id":49810,"date":"2021-03-16T19:25:52","date_gmt":"2021-03-16T19:25:52","guid":{"rendered":"https:\/\/www.humanium.org\/fr\/?p=49810"},"modified":"2026-08-21T03:23:03","modified_gmt":"2026-08-21T03:23:03","slug":"la-malnutrition-des-enfants-en-inde-un-probleme-a-eradiquer","status":"publish","type":"post","link":"https:\/\/www.humanium.org\/fr\/la-malnutrition-des-enfants-en-inde-un-probleme-a-eradiquer\/","title":{"rendered":"La malnutrition des enfants en Inde &#8211; Un probl\u00e8me \u00e0 \u00e9radiquer"},"content":{"rendered":"\n<p class=\"wp-block-paragraph\"><strong><a href=\"https:\/\/www.humanium.org\/fr\/comprendre-droits-enfant\/droit-a-l-alimentation\/malnutrition\">La malnutrition<\/a> des <a href=\"https:\/\/www.humanium.org\/fr\/droits-enfant\/\">enfants<\/a> de moins de 5 ans est la porte d\u2019entr\u00e9e \u00e0 une vie marqu\u00e9e par des troubles cognitifs et physiques. Des mots comme \u00ab&nbsp;consum\u00e9risme&nbsp;\u00bb ou \u00ab&nbsp;exc\u00e9dent alimentaire&nbsp;\u00bb font tous les gros titres aujourd\u2019hui, cependant que des taux \u00e9lev\u00e9s de malnutrition r\u00e9v\u00e8lent la dure r\u00e9alit\u00e9 de l\u2019in\u00e9galit\u00e9, du manque d\u2019acc\u00e8s et de <a href=\"https:\/\/www.humanium.org\/fr\/pauvrete\/\">la pauvret\u00e9<\/a> qui continuent d\u2019affecter la vie de millions de personnes sur terre.<\/strong><\/p>\n\n\n\n<p class=\"wp-block-paragraph\"><strong>Jusqu\u2019\u00e0 l\u2019\u00e2ge de 5 ans, une bonne alimentation est la cl\u00e9 pour \u00e9tablir des bases saines pour toute la vie. La r\u00e9alit\u00e9 \u00e0 laquelle <a href=\"https:\/\/www.humanium.org\/fr\/inde\/\">l\u2019Inde<\/a> est confront\u00e9e est d\u2019une triste ironie, puisque l\u2019Inde est le 2<sup>\u00e8me<\/sup> plus grand producteur de nourriture dans le monde, alors que la malnutrition, particuli\u00e8rement chez les enfants, reste un obstacle majeur \u00e0 l\u2019avanc\u00e9e du pays.<\/strong><\/p>\n\n\n\n<h2 class=\"wp-block-heading\"><strong>Qu\u2019est-ce que la malnutrition&nbsp;?<\/strong><\/h2>\n\n\n\n<p class=\"wp-block-paragraph\"><a href=\"https:\/\/www.humanium.org\/fr\/comprendre-droits-enfant\/droit-a-l-alimentation\/malnutrition\">La malnutrition<\/a> se d\u00e9finit par des carences, des exc\u00e8s ou des d\u00e9s\u00e9quilibres dans l\u2019apport en nutriments et\/ou en \u00e9nergie d\u2019une personne. Elle peut \u00eatre class\u00e9e en deux grandes cat\u00e9gories. La premi\u00e8re est la \u00ab&nbsp;d\u00e9nutrition&nbsp;\u00bb qui r\u00e9sulte d\u2019un manque de nutriments sains et qui peut entrainer l\u2019arr\u00eat de la croissance tant au niveau interne qu\u2019externe, par exemple un retard au niveau de la croissance corporelle ou un poids insuffisant. La seconde cat\u00e9gorie est li\u00e9e \u00e0 l\u2019apport excessif de nourriture, entra\u00eenant des probl\u00e8mes tels que l\u2019ob\u00e9sit\u00e9, le diab\u00e8te, ou les maladies cardiaques, qui rel\u00e8vent de cette cat\u00e9gorie de malnutrition. (WHO, 2020)<\/p>\n\n\n\n<figure class=\"wp-block-image size-large\"><img loading=\"lazy\" decoding=\"async\" width=\"1024\" height=\"683\" src=\"https:\/\/www.humanium.org\/fr\/wp-content\/uploads\/2021\/03\/shutterstock_1756002428-1024x683.jpg\" alt=\"\" class=\"wp-image-49814\" srcset=\"https:\/\/www.humanium.org\/fr\/wp-content\/uploads\/2021\/03\/shutterstock_1756002428-1024x683.jpg 1024w, https:\/\/www.humanium.org\/fr\/wp-content\/uploads\/2021\/03\/shutterstock_1756002428-300x200.jpg 300w, https:\/\/www.humanium.org\/fr\/wp-content\/uploads\/2021\/03\/shutterstock_1756002428-768x512.jpg 768w, https:\/\/www.humanium.org\/fr\/wp-content\/uploads\/2021\/03\/shutterstock_1756002428-1536x1024.jpg 1536w, https:\/\/www.humanium.org\/fr\/wp-content\/uploads\/2021\/03\/shutterstock_1756002428-2048x1365.jpg 2048w, https:\/\/www.humanium.org\/fr\/wp-content\/uploads\/2021\/03\/shutterstock_1756002428-830x553.jpg 830w, https:\/\/www.humanium.org\/fr\/wp-content\/uploads\/2021\/03\/shutterstock_1756002428-230x153.jpg 230w, https:\/\/www.humanium.org\/fr\/wp-content\/uploads\/2021\/03\/shutterstock_1756002428-350x233.jpg 350w, https:\/\/www.humanium.org\/fr\/wp-content\/uploads\/2021\/03\/shutterstock_1756002428-480x320.jpg 480w, https:\/\/www.humanium.org\/fr\/wp-content\/uploads\/2021\/03\/shutterstock_1756002428-272x182.jpg 272w\" sizes=\"auto, (max-width: 1024px) 100vw, 1024px\" \/><\/figure>\n\n\n\n<p class=\"wp-block-paragraph\">Il n\u2019y a aujourd\u2019hui pas un seul pays au monde qui ne soit confront\u00e9 \u00e0 <a href=\"https:\/\/www.humanium.org\/fr\/comprendre-droits-enfant\/droit-a-l-alimentation\/malnutrition\">la malnutrition<\/a>, un probl\u00e8me persistant ou s\u2019aggravant (WHO 2020). Parmi les personnes touch\u00e9es, environ 159 millions d\u2019enfants de moins de 5 ans sont <a href=\"https:\/\/www.humanium.org\/fr\/alimentation-sous-nutrition-et-malnutrition\/\">en arr\u00eat de croissance<\/a>, 50 millions sont \u00e9maci\u00e9s (lorsqu\u2019un enfant est trop mince pour sa taille en raison d\u2019une rapide perte de poids ou de son incapacit\u00e9 \u00e0 prendre du poids) (UNICEF\/WHO\/World Bank Group, 2019) et 41 millions sont en surpoids ou ob\u00e8ses (WHO, 2020). De nombreux facteurs contribuent \u00e0 la malnutrition, dont un allaitement inad\u00e9quat, le manque d\u2019acc\u00e8s \u00e0 une nourriture saine (en particulier lorsque les prix de la nourriture augmentent) et diff\u00e9rents types d\u2019infections (WHO, n.d.).<\/p>\n\n\n\n<h2 class=\"wp-block-heading\"><strong>Pourquoi une nutrition saine est-elle cruciale au bon d\u00e9veloppement de l\u2019enfant&nbsp;?<\/strong><\/h2>\n\n\n\n<p class=\"wp-block-paragraph\">Le corps humain est r\u00e9siliant et m\u00e9rite notre admiration pour sa capacit\u00e9 \u00e0 s\u2019adapter \u00e0 diff\u00e9rentes conditions et environnements. Cela \u00e9tant dit, l\u2019acc\u00e8s \u00e0 une <a href=\"https:\/\/www.humanium.org\/fr\/comprendre-droits-enfant\/droit-a-l-alimentation\/\">nourriture adapt\u00e9e<\/a> dans les premiers instants de la vie est vital, diminue les risques pour la sant\u00e9 durant toute la vie et prot\u00e8ge \u00e9galement contre les maladies non transmissibles (NCDs) (UNICEF, 2019).<\/p>\n\n\n\n<p class=\"wp-block-paragraph\">Le d\u00e9but de la vie est une p\u00e9riode de d\u00e9veloppement mental et physique rapide. Les 1 000 premiers jours de vie d\u2019une personne, depuis le f\u0153tus dans le ventre de sa m\u00e8re, jusqu\u2019au second anniversaire de l\u2019enfant, repr\u00e9sentent une \u00e9tape particuli\u00e8rement importante. Le lait maternel \u00e0 ce moment-l\u00e0 est essentiel et a un impact extr\u00eamement positif sur les enfants, aussi bien sur le d\u00e9veloppement du cerveau que sur celui du syst\u00e8me immunitaire. Le lait maternel est con\u00e7u pour r\u00e9pondre aux besoins de l\u2019enfant et peut r\u00e9duire le risque de mortalit\u00e9, en ce sens que l\u2019allaitement universel pourrait sauver annuellement les vies de 820 000 enfants de moins de 5ans (UNICEF, 2019).<\/p>\n\n\n\n<h2 class=\"wp-block-heading\"><strong>Focus sur l\u2019Inde<\/strong><\/h2>\n\n\n\n<p class=\"wp-block-paragraph\">La pr\u00e9valence de <a href=\"https:\/\/www.humanium.org\/fr\/comprendre-droits-enfant\/droit-a-l-alimentation\/\">la malnutrition<\/a> et ses effets n\u00e9fastes sur les enfants en Inde est alarmant. Dans un rapport publi\u00e9 par l\u2019UNICEF, il a \u00e9t\u00e9 d\u00e9montr\u00e9 que la malnutrition \u00e9tait la cause de 69 % des d\u00e9c\u00e8s d\u2019enfants en dessous de 5 ans en <a href=\"https:\/\/www.humanium.org\/fr\/inde\/\">Inde<\/a>, alors que, dans cette tranche d\u2019\u00e2ge des moins de 5 ans, un enfant sur deux souffre d\u2019une forme de malnutrition (Economic Times, 2019).<\/p>\n\n\n\n<p class=\"wp-block-paragraph\">Ces carences nutritionnelles, sources de pr\u00e9occupation majeure en <a href=\"https:\/\/www.humanium.org\/fr\/inde\/\">Inde<\/a>, peuvent entra\u00eener des dommages physiques irr\u00e9m\u00e9diables chez les enfants et, outre la souffrance physique caus\u00e9e par <a href=\"https:\/\/www.humanium.org\/fr\/alimentation-sous-nutrition-et-malnutrition\/\">la sous-nutrition<\/a>, il est reconnu qu\u2019elles emp\u00eachent le d\u00e9veloppement du cerveau et peuvent par exemple entra\u00eener diff\u00e9rents types de handicaps, avec r\u00e9duction des capacit\u00e9s mentales ou des risques accrus de maladies chroniques de la nutrition. (UNICEF, n.d.) <\/p>\n\n\n\n<p class=\"wp-block-paragraph\">Ces carences peuvent remonter \u00e0 une p\u00e9riode ant\u00e9rieure \u00e0 la conception, si la m\u00e8re pr\u00e9sentait des ant\u00e9c\u00e9dents de malnutrition et aussi \u00eatre dues \u00e0 un manque d\u2019hygi\u00e8ne et d\u2019acc\u00e8s \u00e0 des services sanitaires ad\u00e9quats. \u00c0 l\u2019\u00e2ge de 2 ans, le retard de croissance devient irr\u00e9versible. (UNICEF, n.d.) C\u2019est en Inde qu\u2019il y a le plus grand nombre de cas d\u2019enfants souffrant d\u2019un retard de croissance dans le monde (40,6 millions), un tiers de tous les enfants du monde de moins de 5 ans atteints d\u2019un retard de croissance. (UNICEF, n.d.) Les \u00c9tats de Bihar, Madhya Pradesh, Maharashtra et Uttar Pradesh \u00e0 eux seuls comptent 50 % des enfants en retard de croissance, dans un pays comptant 29 \u00c9tats diff\u00e9rents. (UNICEF, n.d.)<\/p>\n\n\n\n<div class=\"wp-block-image\"><figure class=\"alignright size-large is-resized\"><img loading=\"lazy\" decoding=\"async\" src=\"https:\/\/www.humanium.org\/fr\/wp-content\/uploads\/2021\/03\/shutterstock_514881340-1024x669.jpg\" alt=\"\" class=\"wp-image-49815\" width=\"445\" height=\"291\" srcset=\"https:\/\/www.humanium.org\/fr\/wp-content\/uploads\/2021\/03\/shutterstock_514881340-1024x669.jpg 1024w, https:\/\/www.humanium.org\/fr\/wp-content\/uploads\/2021\/03\/shutterstock_514881340-300x196.jpg 300w, https:\/\/www.humanium.org\/fr\/wp-content\/uploads\/2021\/03\/shutterstock_514881340-768x501.jpg 768w, https:\/\/www.humanium.org\/fr\/wp-content\/uploads\/2021\/03\/shutterstock_514881340-1536x1003.jpg 1536w, https:\/\/www.humanium.org\/fr\/wp-content\/uploads\/2021\/03\/shutterstock_514881340-2048x1337.jpg 2048w, https:\/\/www.humanium.org\/fr\/wp-content\/uploads\/2021\/03\/shutterstock_514881340-830x542.jpg 830w, https:\/\/www.humanium.org\/fr\/wp-content\/uploads\/2021\/03\/shutterstock_514881340-230x150.jpg 230w, https:\/\/www.humanium.org\/fr\/wp-content\/uploads\/2021\/03\/shutterstock_514881340-350x229.jpg 350w, https:\/\/www.humanium.org\/fr\/wp-content\/uploads\/2021\/03\/shutterstock_514881340-480x313.jpg 480w\" sizes=\"auto, (max-width: 445px) 100vw, 445px\" \/><\/figure><\/div>\n\n\n\n<p class=\"wp-block-paragraph\">La d\u00e9f\u00e9cation \u00e0 l\u2019air libre est en fait l\u2019un des facteurs principaux contribuant \u00e0 <a href=\"https:\/\/www.humanium.org\/fr\/comprendre-droits-enfant\/droit-a-l-alimentation\/\">la malnutrition<\/a> (Singh, 2020). Une r\u00e9alit\u00e9 pour les classes les plus pauvres de la soci\u00e9t\u00e9, qui peut repr\u00e9senter des tonnes d\u2019excr\u00e9ments chaque jour, auxquels les enfants sont expos\u00e9s via un contact direct (UNICEF, n.d.). Les risques d\u2019\u00eatre contamin\u00e9 ou de transmettre des maladies hydriques et diarrh\u00e9iques sont multipli\u00e9s par le manque d\u2019acc\u00e8s \u00e0 <a href=\"https:\/\/www.humanium.org\/fr\/situation-monde\/droit-a-l-eau\/\">l\u2019eau potable<\/a> dans les logements et le manque de lavage r\u00e9gulier des mains. Cela a conduit \u00e0 pr\u00e8s de 10 000 d\u00e9c\u00e8s dus \u00e0 la diarrh\u00e9e chez les enfants en dessous de l\u2019\u00e2ge de 5 ans en <a href=\"https:\/\/www.humanium.org\/fr\/inde\/\">Inde<\/a> (UNICEF, n.d.).<\/p>\n\n\n\n<h2 class=\"wp-block-heading\"><strong>Les efforts et les mesures pour lutter contre la malnutrition<\/strong><\/h2>\n\n\n\n<p class=\"wp-block-paragraph\">En limitant la d\u00e9f\u00e9cation \u00e0 l\u2019air libre, les progr\u00e8s de <a href=\"https:\/\/www.humanium.org\/fr\/inde\/\">l\u2019Inde<\/a> en la mati\u00e8re ont \u00e9t\u00e9 louables. En 2015, pr\u00e8s de 568 millions de personnes avaient recours \u00e0 la d\u00e9f\u00e9cation \u00e0 l\u2019air libre dans les espaces publics \u00e0 cause du manque d\u2019acc\u00e8s aux toilettes (UNICEF, n.d.). En 2019, on estime que le nombre de personnes n\u2019ayant pas acc\u00e8s aux toilettes a baiss\u00e9 pour s\u2019\u00e9tablir \u00e0 450 millions, gr\u00e2ce \u00e0 la mission men\u00e9e par le Premier Ministre Swachh Bharat, en collaboration avec l\u2019UNICEF (UNICEF, n.d.)<\/p>\n\n\n\n<p class=\"wp-block-paragraph\">Un autre plan gouvernemental destin\u00e9 \u00e0 lutter contre <a href=\"https:\/\/www.humanium.org\/fr\/comprendre-droits-enfant\/droit-a-l-alimentation\/\">la malnutrition<\/a> est celui de la \u00ab&nbsp;Mission de nutrition nationale&nbsp;\u00bb ou le plan de POSHAN Abhiyaan, qui \u00e9t\u00e9 introduit par le Premier Ministre en 2018\/ (NITI Aayog, n.d.) Ce plan visait entre autres \u00e0 am\u00e9liorer la sanitation et les conditions d\u2019hygi\u00e8ne, le traitement de l\u2019an\u00e9mie, les soins pr\u00e9nataux et les pratiques pour un allaitement optimal, en faveur d\u2019au moins 130 millions d\u2019enfants. (NITI Aayog, n.d.).<\/p>\n\n\n\n<p class=\"wp-block-paragraph\">En outre, l\u2019UNICEF continue de soutenir aussi bien le gouvernement central que les gouvernements d\u2019\u00c9tat, en mettant en oeuvre des programmes de nutrition essentiels pour les enfants, qui assurent entre autres le soutien au personnel soignant, le suivi des progr\u00e8s dans la diversit\u00e9 alimentaire, la d\u00e9fense des politiques et des strat\u00e9gies de communication sur ces th\u00e9matiques. (UNICEF, n.d.).<\/p>\n\n\n\n<h2 class=\"wp-block-heading\"><strong>Que pouvez-vous faire pour aider \u00e0 combattre la malnutrition des enfants&nbsp;?<\/strong><\/h2>\n\n\n\n<p class=\"wp-block-paragraph\">La malnutrition des enfants en Inde reste un probl\u00e8me end\u00e9mique malgr\u00e9 les \u00e9normes progr\u00e8s r\u00e9alis\u00e9s ces derni\u00e8res ann\u00e9es. Avec une abondance de ressources et une technologie \u00e9voluant rapidement, l\u2019acc\u00e8s aux nutriments n\u00e9cessaires pour chaque enfant semble un projet r\u00e9alisable. Les enfants continuent d\u2019\u00eatre l\u2019espoir du monde pour un avenir plus lumineux, plus s\u00fbr et un effort global doit \u00eatre fait pour \u00e9radiquer un probl\u00e8me qui les emp\u00eachent d\u2019atteindre le maximum de leur potentiel physique et mental.<\/p>\n\n\n\n<figure class=\"wp-block-image size-large\"><img loading=\"lazy\" decoding=\"async\" width=\"1024\" height=\"728\" src=\"https:\/\/www.humanium.org\/fr\/wp-content\/uploads\/2021\/03\/shutterstock_1777385477-1024x728.jpg\" alt=\"\" class=\"wp-image-49816\" srcset=\"https:\/\/www.humanium.org\/fr\/wp-content\/uploads\/2021\/03\/shutterstock_1777385477-1024x728.jpg 1024w, https:\/\/www.humanium.org\/fr\/wp-content\/uploads\/2021\/03\/shutterstock_1777385477-300x213.jpg 300w, https:\/\/www.humanium.org\/fr\/wp-content\/uploads\/2021\/03\/shutterstock_1777385477-768x546.jpg 768w, https:\/\/www.humanium.org\/fr\/wp-content\/uploads\/2021\/03\/shutterstock_1777385477-1536x1093.jpg 1536w, https:\/\/www.humanium.org\/fr\/wp-content\/uploads\/2021\/03\/shutterstock_1777385477-2048x1457.jpg 2048w, https:\/\/www.humanium.org\/fr\/wp-content\/uploads\/2021\/03\/shutterstock_1777385477-830x590.jpg 830w, https:\/\/www.humanium.org\/fr\/wp-content\/uploads\/2021\/03\/shutterstock_1777385477-230x164.jpg 230w, https:\/\/www.humanium.org\/fr\/wp-content\/uploads\/2021\/03\/shutterstock_1777385477-350x249.jpg 350w, https:\/\/www.humanium.org\/fr\/wp-content\/uploads\/2021\/03\/shutterstock_1777385477-480x341.jpg 480w\" sizes=\"auto, (max-width: 1024px) 100vw, 1024px\" \/><\/figure>\n\n\n\n<p class=\"wp-block-paragraph\">Humanium travaille sans rel\u00e2che sur des projets am\u00e9liorant les droits de l\u2019enfant en <a href=\"https:\/\/www.humanium.org\/fr\/inde\/\">Inde<\/a>. En tant qu\u2019organisation, nous soutenons notre partenaire local, Hand in Hand India, dans la gestion du \u00ab&nbsp;Centre de formation sp\u00e9cial r\u00e9sidentiel&nbsp;\u00bb de Madhya Pradesh, en Inde, qui h\u00e9berge 55 anciennes jeunes filles travailleuses, et qui, comme les autres centres et \u00e9coles d\u2019Inde a d\u00fb temporairement \u00eatre ferm\u00e9 pendant la pand\u00e9mie. L\u2019objectif du Centre de formation sp\u00e9cial r\u00e9sidentiel est de mettre fin au travail infantile \u00e0 travers l\u2019\u00e9ducation, en offrant aux enfants travailleurs un accompagnement sur mesure pour finalement les r\u00e9int\u00e9grer dans les \u00e9coles publiques. <\/p>\n\n\n\n<p class=\"wp-block-paragraph\">Bien que le centre est destin\u00e9 \u00e0 l\u2019\u00e9ducation, ce projet repr\u00e9sente aussi une chance inestimable de changer la vie des enfants indiens dans de nombreux domaines, entre autres en mettant un terme \u00e0 la malnutrition et au travail infantile, dans un pays o\u00f9 cette pratique est encore tr\u00e8s courantes. Si vous souhaitez soutenir Humanium dans son travail, vous pouvez parrainer un enfant, faire un don ou devenir volontaire.<\/p>\n\n\n\n<p class=\"wp-block-paragraph\"><strong><em>Ecrit par Aditi Partha <\/em><\/strong><\/p>\n\n\n\n<p class=\"wp-block-paragraph\"><strong><em>Traduit par Laurence Mortier<\/em><\/strong><\/p>\n\n\n\n<h4 class=\"wp-block-heading\"><strong>Bibliographie :<\/strong><\/h4>\n\n\n\n<p class=\"has-small-font-size wp-block-paragraph\"><a href=\"https:\/\/economictimes.indiatimes.com\/news\/politics-and-nation\/malnutrition-behind-69-per-cent-deaths-among-children-below-5-years-in-india-unicef-report\/articleshow\/71618288.cms\">Economic Times. (2019, October 16). <em>News\/Politics and Nation<\/em>. Retrieved from Economic Times.<\/a><\/p>\n\n\n\n<p class=\"has-small-font-size wp-block-paragraph\">NITI Aayog. (n.d.). <em>Poshan-Abhiyaan<\/em>. Retrieved from NITI Aayog.<\/p>\n\n\n\n<p class=\"has-small-font-size wp-block-paragraph\"><a href=\"https:\/\/www.intechopen.com\/books\/perspective-of-recent-advances-in-acute-diarrhea\/childhood-malnutrition-in-india\">Singh, A. (2020, March 2). <em>Books: Perspective of recent advances in acute diarrhea\/childhood malnutrition in India<\/em>. Retrieved from Intechopen.<\/a><\/p>\n\n\n\n<p class=\"has-small-font-size wp-block-paragraph\"><a href=\"https:\/\/www.unicef.org\/media\/60626\/file\/Joint-malnutrition-estimates-2019.pdf\">UNICEF \/ WHO \/ World Bank Group. (2019). <em>Joint-malnutrition-estimates-2019<\/em>. Retrieved from UNICEF<\/a>.<\/p>\n\n\n\n<p class=\"has-small-font-size wp-block-paragraph\">UNICEF. (2019). <em>The State of the World\u2019s Children 2019.<\/em> New York : UNICEF.<\/p>\n\n\n\n<p class=\"has-small-font-size wp-block-paragraph\"><a href=\"https:\/\/www.unicef.org\/india\/what-we-do\/early-childhood-nutrition\">UNICEF. (n.d.). <em>India\/What we do\/Early childhood nutrition<\/em>. Retrieved from UNICEF.<\/a><\/p>\n\n\n\n<p class=\"has-small-font-size wp-block-paragraph\"><a href=\"https:\/\/www.unicef.org\/india\/what-we-do\/stop-stunting\">UNICEF. (n.d.). <em>India: What we do\/Stop stunting<\/em>. Retrieved from UNICEF.<\/a><\/p>\n\n\n\n<p class=\"has-small-font-size wp-block-paragraph\"><a href=\"https:\/\/www.unicef.org\/india\/what-we-do\/water-sanitation-hygiene\">UNICEF. (n.d.). <em>India: What we do\/Water sanitation hygiene<\/em>. Retrieved from UNICEF.<\/a><\/p>\n\n\n\n<p class=\"has-small-font-size wp-block-paragraph\"><a href=\"https:\/\/www.who.int\/news-room\/q-a-detail\/malnutrition\">WHO. (2020, April 15). <em>News-room\/Q-a-detail\/Malnutrition<\/em>. Retrieved from WHO.<\/a><\/p>\n\n\n\n<p class=\"has-small-font-size wp-block-paragraph\">WHO. (n.d.). <em>Maternal_child_adolescent<\/em>. Retrieved from WHO.<\/p>\n","protected":false},"excerpt":{"rendered":"<p>La malnutrition des enfants de moins de 5 ans est la porte d\u2019entr\u00e9e \u00e0 une vie marqu\u00e9e par des troubles cognitifs et physiques. Des mots comme \u00ab&nbsp;consum\u00e9risme&nbsp;\u00bb ou \u00ab&nbsp;exc\u00e9dent alimentaire&nbsp;\u00bb font tous les gros titres aujourd\u2019hui, cependant que des taux \u00e9lev\u00e9s de malnutrition r\u00e9v\u00e8lent la dure r\u00e9alit\u00e9 de l\u2019in\u00e9galit\u00e9, du manque d\u2019acc\u00e8s et de la [&hellip;]<\/p>\n","protected":false},"author":69,"featured_media":49811,"comment_status":"closed","ping_status":"closed","sticky":false,"template":"","format":"standard","meta":{"footnotes":""},"categories":[3,220,231],"tags":[],"class_list":["post-49810","post","type-post","status-publish","format-standard","has-post-thumbnail","hentry","category-inde","category-droits-des-enfants","category-pauvrete"],"yoast_head":"<!-- This site is optimized with the Yoast SEO plugin v28.3 - https:\/\/yoast.com\/product\/yoast-seo-wordpress\/ -->\n<title>La malnutrition des enfants en Inde - Un probl\u00e8me \u00e0 \u00e9radiquer - Humanium<\/title>\n<meta name=\"description\" content=\"La malnutrition des enfants de moins de 5 ans est la porte d\u2019entr\u00e9e \u00e0 une vie marqu\u00e9e par des troubles cognitifs et physiques.\" \/>\n<meta name=\"robots\" content=\"index, follow, max-snippet:-1, max-image-preview:large, max-video-preview:-1\" \/>\n<link rel=\"canonical\" href=\"https:\/\/www.humanium.org\/fr\/la-malnutrition-des-enfants-en-inde-un-probleme-a-eradiquer\/\" \/>\n<meta property=\"og:locale\" content=\"fr_FR\" \/>\n<meta property=\"og:type\" content=\"article\" \/>\n<meta property=\"og:title\" content=\"La malnutrition des enfants en Inde - Un probl\u00e8me \u00e0 \u00e9radiquer - Humanium\" \/>\n<meta property=\"og:description\" content=\"La malnutrition des enfants de moins de 5 ans est la porte d\u2019entr\u00e9e \u00e0 une vie marqu\u00e9e par des troubles cognitifs et physiques.\" \/>\n<meta property=\"og:url\" content=\"https:\/\/www.humanium.org\/fr\/la-malnutrition-des-enfants-en-inde-un-probleme-a-eradiquer\/\" \/>\n<meta property=\"og:site_name\" content=\"Humanium\" \/>\n<meta property=\"article:published_time\" content=\"2021-03-16T19:25:52+00:00\" \/>\n<meta property=\"article:modified_time\" content=\"2026-08-21T03:23:03+00:00\" \/>\n<meta property=\"og:image\" content=\"https:\/\/www.humanium.org\/fr\/wp-content\/uploads\/2021\/03\/shutterstock_1435210454-scaled.jpg\" \/>\n\t<meta property=\"og:image:width\" content=\"2560\" \/>\n\t<meta property=\"og:image:height\" content=\"1709\" \/>\n\t<meta property=\"og:image:type\" content=\"image\/jpeg\" \/>\n<meta name=\"author\" content=\"Humanium\" \/>\n<meta name=\"twitter:card\" content=\"summary_large_image\" \/>\n<meta name=\"twitter:label1\" content=\"\u00c9crit par\" \/>\n\t<meta name=\"twitter:data1\" content=\"Humanium\" \/>\n\t<meta name=\"twitter:label2\" content=\"Dur\u00e9e de lecture estim\u00e9e\" \/>\n\t<meta name=\"twitter:data2\" content=\"8 minutes\" \/>\n<script type=\"application\/ld+json\" class=\"yoast-schema-graph\">{\"@context\":\"https:\\\/\\\/schema.org\",\"@graph\":[{\"@type\":\"Article\",\"@id\":\"https:\\\/\\\/www.humanium.org\\\/fr\\\/la-malnutrition-des-enfants-en-inde-un-probleme-a-eradiquer\\\/#article\",\"isPartOf\":{\"@id\":\"https:\\\/\\\/www.humanium.org\\\/fr\\\/la-malnutrition-des-enfants-en-inde-un-probleme-a-eradiquer\\\/\"},\"author\":{\"name\":\"Humanium\",\"@id\":\"https:\\\/\\\/www.humanium.org\\\/fr\\\/#\\\/schema\\\/person\\\/d798d6c7d59ba2307e0877f61a20ce3e\"},\"headline\":\"La malnutrition des enfants en Inde &#8211; Un probl\u00e8me \u00e0 \u00e9radiquer\",\"datePublished\":\"2021-03-16T19:25:52+00:00\",\"dateModified\":\"2026-08-21T03:23:03+00:00\",\"mainEntityOfPage\":{\"@id\":\"https:\\\/\\\/www.humanium.org\\\/fr\\\/la-malnutrition-des-enfants-en-inde-un-probleme-a-eradiquer\\\/\"},\"wordCount\":1676,\"image\":{\"@id\":\"https:\\\/\\\/www.humanium.org\\\/fr\\\/la-malnutrition-des-enfants-en-inde-un-probleme-a-eradiquer\\\/#primaryimage\"},\"thumbnailUrl\":\"https:\\\/\\\/www.humanium.org\\\/fr\\\/wp-content\\\/uploads\\\/2021\\\/03\\\/shutterstock_1435210454-scaled.jpg\",\"articleSection\":[\"D\u00e9couvrir l'Inde\",\"Droits des enfants\",\"Pauvret\u00e9\"],\"inLanguage\":\"fr-FR\"},{\"@type\":\"WebPage\",\"@id\":\"https:\\\/\\\/www.humanium.org\\\/fr\\\/la-malnutrition-des-enfants-en-inde-un-probleme-a-eradiquer\\\/\",\"url\":\"https:\\\/\\\/www.humanium.org\\\/fr\\\/la-malnutrition-des-enfants-en-inde-un-probleme-a-eradiquer\\\/\",\"name\":\"La malnutrition des enfants en Inde - Un probl\u00e8me \u00e0 \u00e9radiquer - Humanium\",\"isPartOf\":{\"@id\":\"https:\\\/\\\/www.humanium.org\\\/fr\\\/#website\"},\"primaryImageOfPage\":{\"@id\":\"https:\\\/\\\/www.humanium.org\\\/fr\\\/la-malnutrition-des-enfants-en-inde-un-probleme-a-eradiquer\\\/#primaryimage\"},\"image\":{\"@id\":\"https:\\\/\\\/www.humanium.org\\\/fr\\\/la-malnutrition-des-enfants-en-inde-un-probleme-a-eradiquer\\\/#primaryimage\"},\"thumbnailUrl\":\"https:\\\/\\\/www.humanium.org\\\/fr\\\/wp-content\\\/uploads\\\/2021\\\/03\\\/shutterstock_1435210454-scaled.jpg\",\"datePublished\":\"2021-03-16T19:25:52+00:00\",\"dateModified\":\"2026-08-21T03:23:03+00:00\",\"author\":{\"@id\":\"https:\\\/\\\/www.humanium.org\\\/fr\\\/#\\\/schema\\\/person\\\/d798d6c7d59ba2307e0877f61a20ce3e\"},\"description\":\"La malnutrition des enfants de moins de 5 ans est la porte d\u2019entr\u00e9e \u00e0 une vie marqu\u00e9e par des troubles cognitifs et physiques.\",\"breadcrumb\":{\"@id\":\"https:\\\/\\\/www.humanium.org\\\/fr\\\/la-malnutrition-des-enfants-en-inde-un-probleme-a-eradiquer\\\/#breadcrumb\"},\"inLanguage\":\"fr-FR\",\"potentialAction\":[{\"@type\":\"ReadAction\",\"target\":[\"https:\\\/\\\/www.humanium.org\\\/fr\\\/la-malnutrition-des-enfants-en-inde-un-probleme-a-eradiquer\\\/\"]}]},{\"@type\":\"ImageObject\",\"inLanguage\":\"fr-FR\",\"@id\":\"https:\\\/\\\/www.humanium.org\\\/fr\\\/la-malnutrition-des-enfants-en-inde-un-probleme-a-eradiquer\\\/#primaryimage\",\"url\":\"https:\\\/\\\/www.humanium.org\\\/fr\\\/wp-content\\\/uploads\\\/2021\\\/03\\\/shutterstock_1435210454-scaled.jpg\",\"contentUrl\":\"https:\\\/\\\/www.humanium.org\\\/fr\\\/wp-content\\\/uploads\\\/2021\\\/03\\\/shutterstock_1435210454-scaled.jpg\",\"width\":2560,\"height\":1709},{\"@type\":\"BreadcrumbList\",\"@id\":\"https:\\\/\\\/www.humanium.org\\\/fr\\\/la-malnutrition-des-enfants-en-inde-un-probleme-a-eradiquer\\\/#breadcrumb\",\"itemListElement\":[{\"@type\":\"ListItem\",\"position\":1,\"name\":\"Home\",\"item\":\"https:\\\/\\\/www.humanium.org\\\/fr\\\/\"},{\"@type\":\"ListItem\",\"position\":2,\"name\":\"La malnutrition des enfants en Inde &#8211; Un probl\u00e8me \u00e0 \u00e9radiquer\"}]},{\"@type\":\"WebSite\",\"@id\":\"https:\\\/\\\/www.humanium.org\\\/fr\\\/#website\",\"url\":\"https:\\\/\\\/www.humanium.org\\\/fr\\\/\",\"name\":\"Humanium\",\"description\":\"Les enfants d\u2019abord !\",\"potentialAction\":[{\"@type\":\"SearchAction\",\"target\":{\"@type\":\"EntryPoint\",\"urlTemplate\":\"https:\\\/\\\/www.humanium.org\\\/fr\\\/?s={search_term_string}\"},\"query-input\":{\"@type\":\"PropertyValueSpecification\",\"valueRequired\":true,\"valueName\":\"search_term_string\"}}],\"inLanguage\":\"fr-FR\"},{\"@type\":\"Person\",\"@id\":\"https:\\\/\\\/www.humanium.org\\\/fr\\\/#\\\/schema\\\/person\\\/d798d6c7d59ba2307e0877f61a20ce3e\",\"name\":\"Humanium\",\"image\":{\"@type\":\"ImageObject\",\"inLanguage\":\"fr-FR\",\"@id\":\"https:\\\/\\\/secure.gravatar.com\\\/avatar\\\/22715e338d2fcc547e3a431c4738360d33fea2a4af458f865b2c3b22f1eaa51f?s=96&d=mm&r=g\",\"url\":\"https:\\\/\\\/secure.gravatar.com\\\/avatar\\\/22715e338d2fcc547e3a431c4738360d33fea2a4af458f865b2c3b22f1eaa51f?s=96&d=mm&r=g\",\"contentUrl\":\"https:\\\/\\\/secure.gravatar.com\\\/avatar\\\/22715e338d2fcc547e3a431c4738360d33fea2a4af458f865b2c3b22f1eaa51f?s=96&d=mm&r=g\",\"caption\":\"Humanium\"},\"url\":\"https:\\\/\\\/www.humanium.org\\\/fr\\\/author\\\/humanium\\\/\"}]}<\/script>\n<!-- \/ Yoast SEO plugin. -->","yoast_head_json":{"title":"La malnutrition des enfants en Inde - Un probl\u00e8me \u00e0 \u00e9radiquer - Humanium","description":"La malnutrition des enfants de moins de 5 ans est la porte d\u2019entr\u00e9e \u00e0 une vie marqu\u00e9e par des troubles cognitifs et physiques.","robots":{"index":"index","follow":"follow","max-snippet":"max-snippet:-1","max-image-preview":"max-image-preview:large","max-video-preview":"max-video-preview:-1"},"canonical":"https:\/\/www.humanium.org\/fr\/la-malnutrition-des-enfants-en-inde-un-probleme-a-eradiquer\/","og_locale":"fr_FR","og_type":"article","og_title":"La malnutrition des enfants en Inde - Un probl\u00e8me \u00e0 \u00e9radiquer - Humanium","og_description":"La malnutrition des enfants de moins de 5 ans est la porte d\u2019entr\u00e9e \u00e0 une vie marqu\u00e9e par des troubles cognitifs et physiques.","og_url":"https:\/\/www.humanium.org\/fr\/la-malnutrition-des-enfants-en-inde-un-probleme-a-eradiquer\/","og_site_name":"Humanium","article_published_time":"2021-03-16T19:25:52+00:00","article_modified_time":"2026-08-21T03:23:03+00:00","og_image":[{"width":2560,"height":1709,"url":"https:\/\/www.humanium.org\/fr\/wp-content\/uploads\/2021\/03\/shutterstock_1435210454-scaled.jpg","type":"image\/jpeg"}],"author":"Humanium","twitter_card":"summary_large_image","twitter_misc":{"\u00c9crit par":"Humanium","Dur\u00e9e de lecture estim\u00e9e":"8 minutes"},"schema":{"@context":"https:\/\/schema.org","@graph":[{"@type":"Article","@id":"https:\/\/www.humanium.org\/fr\/la-malnutrition-des-enfants-en-inde-un-probleme-a-eradiquer\/#article","isPartOf":{"@id":"https:\/\/www.humanium.org\/fr\/la-malnutrition-des-enfants-en-inde-un-probleme-a-eradiquer\/"},"author":{"name":"Humanium","@id":"https:\/\/www.humanium.org\/fr\/#\/schema\/person\/d798d6c7d59ba2307e0877f61a20ce3e"},"headline":"La malnutrition des enfants en Inde &#8211; Un probl\u00e8me \u00e0 \u00e9radiquer","datePublished":"2021-03-16T19:25:52+00:00","dateModified":"2026-08-21T03:23:03+00:00","mainEntityOfPage":{"@id":"https:\/\/www.humanium.org\/fr\/la-malnutrition-des-enfants-en-inde-un-probleme-a-eradiquer\/"},"wordCount":1676,"image":{"@id":"https:\/\/www.humanium.org\/fr\/la-malnutrition-des-enfants-en-inde-un-probleme-a-eradiquer\/#primaryimage"},"thumbnailUrl":"https:\/\/www.humanium.org\/fr\/wp-content\/uploads\/2021\/03\/shutterstock_1435210454-scaled.jpg","articleSection":["D\u00e9couvrir l'Inde","Droits des enfants","Pauvret\u00e9"],"inLanguage":"fr-FR"},{"@type":"WebPage","@id":"https:\/\/www.humanium.org\/fr\/la-malnutrition-des-enfants-en-inde-un-probleme-a-eradiquer\/","url":"https:\/\/www.humanium.org\/fr\/la-malnutrition-des-enfants-en-inde-un-probleme-a-eradiquer\/","name":"La malnutrition des enfants en Inde - Un probl\u00e8me \u00e0 \u00e9radiquer - Humanium","isPartOf":{"@id":"https:\/\/www.humanium.org\/fr\/#website"},"primaryImageOfPage":{"@id":"https:\/\/www.humanium.org\/fr\/la-malnutrition-des-enfants-en-inde-un-probleme-a-eradiquer\/#primaryimage"},"image":{"@id":"https:\/\/www.humanium.org\/fr\/la-malnutrition-des-enfants-en-inde-un-probleme-a-eradiquer\/#primaryimage"},"thumbnailUrl":"https:\/\/www.humanium.org\/fr\/wp-content\/uploads\/2021\/03\/shutterstock_1435210454-scaled.jpg","datePublished":"2021-03-16T19:25:52+00:00","dateModified":"2026-08-21T03:23:03+00:00","author":{"@id":"https:\/\/www.humanium.org\/fr\/#\/schema\/person\/d798d6c7d59ba2307e0877f61a20ce3e"},"description":"La malnutrition des enfants de moins de 5 ans est la porte d\u2019entr\u00e9e \u00e0 une vie marqu\u00e9e par des troubles cognitifs et physiques.","breadcrumb":{"@id":"https:\/\/www.humanium.org\/fr\/la-malnutrition-des-enfants-en-inde-un-probleme-a-eradiquer\/#breadcrumb"},"inLanguage":"fr-FR","potentialAction":[{"@type":"ReadAction","target":["https:\/\/www.humanium.org\/fr\/la-malnutrition-des-enfants-en-inde-un-probleme-a-eradiquer\/"]}]},{"@type":"ImageObject","inLanguage":"fr-FR","@id":"https:\/\/www.humanium.org\/fr\/la-malnutrition-des-enfants-en-inde-un-probleme-a-eradiquer\/#primaryimage","url":"https:\/\/www.humanium.org\/fr\/wp-content\/uploads\/2021\/03\/shutterstock_1435210454-scaled.jpg","contentUrl":"https:\/\/www.humanium.org\/fr\/wp-content\/uploads\/2021\/03\/shutterstock_1435210454-scaled.jpg","width":2560,"height":1709},{"@type":"BreadcrumbList","@id":"https:\/\/www.humanium.org\/fr\/la-malnutrition-des-enfants-en-inde-un-probleme-a-eradiquer\/#breadcrumb","itemListElement":[{"@type":"ListItem","position":1,"name":"Home","item":"https:\/\/www.humanium.org\/fr\/"},{"@type":"ListItem","position":2,"name":"La malnutrition des enfants en Inde &#8211; Un probl\u00e8me \u00e0 \u00e9radiquer"}]},{"@type":"WebSite","@id":"https:\/\/www.humanium.org\/fr\/#website","url":"https:\/\/www.humanium.org\/fr\/","name":"Humanium","description":"Les enfants d\u2019abord !","potentialAction":[{"@type":"SearchAction","target":{"@type":"EntryPoint","urlTemplate":"https:\/\/www.humanium.org\/fr\/?s={search_term_string}"},"query-input":{"@type":"PropertyValueSpecification","valueRequired":true,"valueName":"search_term_string"}}],"inLanguage":"fr-FR"},{"@type":"Person","@id":"https:\/\/www.humanium.org\/fr\/#\/schema\/person\/d798d6c7d59ba2307e0877f61a20ce3e","name":"Humanium","image":{"@type":"ImageObject","inLanguage":"fr-FR","@id":"https:\/\/secure.gravatar.com\/avatar\/22715e338d2fcc547e3a431c4738360d33fea2a4af458f865b2c3b22f1eaa51f?s=96&d=mm&r=g","url":"https:\/\/secure.gravatar.com\/avatar\/22715e338d2fcc547e3a431c4738360d33fea2a4af458f865b2c3b22f1eaa51f?s=96&d=mm&r=g","contentUrl":"https:\/\/secure.gravatar.com\/avatar\/22715e338d2fcc547e3a431c4738360d33fea2a4af458f865b2c3b22f1eaa51f?s=96&d=mm&r=g","caption":"Humanium"},"url":"https:\/\/www.humanium.org\/fr\/author\/humanium\/"}]}},"_links":{"self":[{"href":"https:\/\/www.humanium.org\/fr\/wp-json\/wp\/v2\/posts\/49810","targetHints":{"allow":["GET"]}}],"collection":[{"href":"https:\/\/www.humanium.org\/fr\/wp-json\/wp\/v2\/posts"}],"about":[{"href":"https:\/\/www.humanium.org\/fr\/wp-json\/wp\/v2\/types\/post"}],"author":[{"embeddable":true,"href":"https:\/\/www.humanium.org\/fr\/wp-json\/wp\/v2\/users\/69"}],"replies":[{"embeddable":true,"href":"https:\/\/www.humanium.org\/fr\/wp-json\/wp\/v2\/comments?post=49810"}],"version-history":[{"count":16,"href":"https:\/\/www.humanium.org\/fr\/wp-json\/wp\/v2\/posts\/49810\/revisions"}],"predecessor-version":[{"id":62843,"href":"https:\/\/www.humanium.org\/fr\/wp-json\/wp\/v2\/posts\/49810\/revisions\/62843"}],"wp:featuredmedia":[{"embeddable":true,"href":"https:\/\/www.humanium.org\/fr\/wp-json\/wp\/v2\/media\/49811"}],"wp:attachment":[{"href":"https:\/\/www.humanium.org\/fr\/wp-json\/wp\/v2\/media?parent=49810"}],"wp:term":[{"taxonomy":"category","embeddable":true,"href":"https:\/\/www.humanium.org\/fr\/wp-json\/wp\/v2\/categories?post=49810"},{"taxonomy":"post_tag","embeddable":true,"href":"https:\/\/www.humanium.org\/fr\/wp-json\/wp\/v2\/tags?post=49810"}],"curies":[{"name":"wp","href":"https:\/\/api.w.org\/{rel}","templated":true}]}}