{"id":49889,"date":"2021-03-30T19:01:45","date_gmt":"2021-03-30T19:01:45","guid":{"rendered":"https:\/\/www.humanium.org\/fr\/?p=49889"},"modified":"2026-08-21T03:22:48","modified_gmt":"2026-08-21T03:22:48","slug":"les-ecrans-perturbent-ils-la-capacite-dattention-des-enfants-comprendre-limpact-du-temps-passe-devant-un-ecran-sur-le-developpement-de-lenfant","status":"publish","type":"post","link":"https:\/\/www.humanium.org\/fr\/les-ecrans-perturbent-ils-la-capacite-dattention-des-enfants-comprendre-limpact-du-temps-passe-devant-un-ecran-sur-le-developpement-de-lenfant\/","title":{"rendered":"Les \u00e9crans perturbent-ils la capacit\u00e9 d&rsquo;attention des enfants ? Comprendre l\u2019impact du temps pass\u00e9 devant un \u00e9cran sur le d\u00e9veloppement de l\u2019enfant"},"content":{"rendered":"\n<p class=\"wp-block-paragraph\"><strong>Alors que le monde ne cesse d&rsquo;\u00e9voluer, <\/strong><a href=\"https:\/\/www.humanium.org\/fr\/les-droits-de-l-enfant\/\"><strong>les enfants<\/strong><\/a><strong> n&rsquo;\u00e9chappent plus \u00e0 l&#8217;emprise croissante de l&rsquo;innovation technologique. L&rsquo;\u00e9poque o\u00f9 les enfants ne r\u00eavaient que d&rsquo;herbe verte et de jeux de plein air imaginatifs est r\u00e9volue. Aujourd&rsquo;hui, de nombreux <\/strong><a href=\"https:\/\/www.humanium.org\/fr\/les-droits-de-l-enfant\/\"><strong>enfants<\/strong><\/a><strong> connaissent bien l\u2019univers virtuel d\u00e8s &nbsp;leur plus jeune \u00e2ge. Cette exposition \u00e0 Internet peut avoir des effets tant positifs que n\u00e9gatifs sur <\/strong><a href=\"https:\/\/www.humanium.org\/fr\/le-developpement-de-la-petite-enfance-la-fondation-pour-une-societe-durable-et-prospere\/\"><strong>le d\u00e9veloppement de l&rsquo;enfant<\/strong><\/a><strong>, et il est n\u00e9cessaire de r\u00e9aliser une \u00e9tude approfondie pour mieux comprendre les effets de l&rsquo;exposition \u00e0 Internet sur le bien-\u00eatre de l&rsquo;enfant.<\/strong><\/p>\n\n\n\n<h2 class=\"wp-block-heading\">Qu\u2019est-ce que le temps d\u2019\u00e9cran&nbsp;?<\/h2>\n\n\n\n<p class=\"wp-block-paragraph\">Les contenus Internet s\u2019infiltrent dans les objets connect\u00e9s accessibles \u00e0 l\u2019enfant, tels que les smartphones et les tablettes, et il est plus difficile que jamais de superviser suffisamment <a href=\"https:\/\/www.humanium.org\/fr\/la-violence-physique-et-virtuelle-dans-les-ecoles-le-harcelement-scolaire-un-probleme-mondial-a-resoudre\/\">l&rsquo;activit\u00e9 de l\u2019enfant sur Internet<\/a> et de contr\u00f4ler son impact (McDool, 2020). Bien que les d\u00e9finitions du temps d&rsquo;\u00e9cran soient &nbsp;g\u00e9n\u00e9ralement vastes et diverses (Wheelwright, 2020), Merriam-Webster d\u00e9finit le temps d&rsquo;\u00e9cran en anglais comme le \u00ab&nbsp;temps pass\u00e9 \u00e0 regarder la t\u00e9l\u00e9vision, \u00e0 jouer aux jeux vid\u00e9o ou \u00e0 utiliser un appareil \u00e9lectronique dot\u00e9 d&rsquo;un \u00e9cran (comme un smartphone ou une tablette)&nbsp;\u00bb (Merriam-Webster).<\/p>\n\n\n\n<h2 class=\"wp-block-heading\">Le d\u00e9fi<\/h2>\n\n\n\n<p class=\"wp-block-paragraph\">La g\u00e9n\u00e9ration actuelle d&rsquo;<a href=\"https:\/\/www.humanium.org\/fr\/les-droits-de-l-enfant\/\">enfants<\/a> grandit dans un \u00e9cosyst\u00e8me num\u00e9rique et complexe qui a des r\u00e9percussions variables sur <a href=\"https:\/\/www.humanium.org\/fr\/comprendre-droits-enfant\/droit-a-la-sante\/\">la sant\u00e9 mentale<\/a>, et &nbsp;cela exige une \u00e9tude plus approfondie (Granic, 2020). L&rsquo;interaction entre les enfants et les \u00e9crans est un sujet d&rsquo;une importance primordiale en raison du temps que les enfants passent \u00e0 utiliser ces appareils et de l&rsquo;ambigu\u00eft\u00e9 de leurs effets (McDool, 2020). En outre, les recherches ant\u00e9rieures se sont davantage focalis\u00e9es sur les adolescents que sur les jeunes enfants, ainsi que sur les effets n\u00e9gatifs de la technologie plut\u00f4t que sur les opportunit\u00e9s qu&rsquo;elle pr\u00e9sente (Burns, 2019). La recherche dans ce domaine est souvent en retard, rapidement d\u00e9pass\u00e9e par les nouveaux d\u00e9veloppements dans l&rsquo;espace technologique qui pr\u00e9sentent de nouveaux d\u00e9fis et opportunit\u00e9s pour les enfants (Burns, 2019).<\/p>\n\n\n\n<figure class=\"wp-block-image size-large\"><img loading=\"lazy\" decoding=\"async\" width=\"1024\" height=\"683\" src=\"https:\/\/www.humanium.org\/fr\/wp-content\/uploads\/2021\/03\/shutterstock_1661248948-3-1024x683.jpg\" alt=\"\" class=\"wp-image-49908\" srcset=\"https:\/\/www.humanium.org\/fr\/wp-content\/uploads\/2021\/03\/shutterstock_1661248948-3-1024x683.jpg 1024w, https:\/\/www.humanium.org\/fr\/wp-content\/uploads\/2021\/03\/shutterstock_1661248948-3-300x200.jpg 300w, https:\/\/www.humanium.org\/fr\/wp-content\/uploads\/2021\/03\/shutterstock_1661248948-3-768x513.jpg 768w, https:\/\/www.humanium.org\/fr\/wp-content\/uploads\/2021\/03\/shutterstock_1661248948-3-1536x1025.jpg 1536w, https:\/\/www.humanium.org\/fr\/wp-content\/uploads\/2021\/03\/shutterstock_1661248948-3-2048x1367.jpg 2048w, https:\/\/www.humanium.org\/fr\/wp-content\/uploads\/2021\/03\/shutterstock_1661248948-3-830x554.jpg 830w, https:\/\/www.humanium.org\/fr\/wp-content\/uploads\/2021\/03\/shutterstock_1661248948-3-230x154.jpg 230w, https:\/\/www.humanium.org\/fr\/wp-content\/uploads\/2021\/03\/shutterstock_1661248948-3-350x234.jpg 350w, https:\/\/www.humanium.org\/fr\/wp-content\/uploads\/2021\/03\/shutterstock_1661248948-3-480x320.jpg 480w, https:\/\/www.humanium.org\/fr\/wp-content\/uploads\/2021\/03\/shutterstock_1661248948-3-272x182.jpg 272w\" sizes=\"auto, (max-width: 1024px) 100vw, 1024px\" \/><\/figure>\n\n\n\n<p class=\"wp-block-paragraph\">Malgr\u00e9 cela, il est clair que le segment le plus jeune de la g\u00e9n\u00e9ration Y est le premier \u00e0 avoir grandi en utilisant et en interagissant avec les m\u00e9dias num\u00e9riques (Granic, 2020). Des \u00e9tudes r\u00e9centes men\u00e9es au Royaume-Uni, par exemple, sugg\u00e8rent que les enfants de deux ans passent plus de deux heures par jour \u00e0 interagir avec des \u00e9crans, et ce chiffre d\u00e9passe trois heures pour les enfants de trois ans (Roberts, 2019). Dans cette nouvelle g\u00e9n\u00e9ration satur\u00e9e de technologies, il n&rsquo;y a plus de s\u00e9paration entre les exp\u00e9riences physiques des enfants et leurs exp\u00e9riences num\u00e9riques, car les appareils sont pr\u00e9sents dans presque toutes les interactions quotidiennes.<\/p>\n\n\n\n<p class=\"wp-block-paragraph\">Compte tenu de la sensibilit\u00e9 et de l&rsquo;importance des premi\u00e8res ann\u00e9es de l&rsquo;enfant, il est crucial que les parents et les &nbsp;personnes qui ont des enfants \u00e0 charge soient en mesure d&rsquo;identifier les risques que comporte l&rsquo;exposition num\u00e9rique et d&rsquo;agir en cons\u00e9quence. Les appareils connect\u00e9s sont con\u00e7us pour remplir de multiples fonctions, dont, entre autres, les relations sociales, le travail, la communication, le divertissement et l&rsquo;organisation (Granic, 2020). \u00c9tant donn\u00e9 les nombreux &nbsp;r\u00f4les que la technologie joue actuellement dans nos vies, se contenter de restreindre les interactions num\u00e9riques est une r\u00e9ponse insuffisante. Les efforts actuels de <a href=\"https:\/\/www.humanium.org\/fr\/comprendre-droits-enfant\/protection\/\">protection de l&rsquo;enfance<\/a> doivent d\u00e9velopper une meilleure compr\u00e9hension de l&rsquo;impact des technologies et des m\u00e9dias num\u00e9riques sur <a href=\"https:\/\/www.humanium.org\/fr\/comprendre-droits-enfant\/protection\/\">le d\u00e9veloppement de l\u2019enfant<\/a> et y associer des m\u00e9thodes innovantes pour mieux soutenir <a href=\"https:\/\/www.humanium.org\/fr\/le-developpement-de-la-petite-enfance-la-fondation-pour-une-societe-durable-et-prospere\/\">la croissance de l\u2019enfant<\/a> dans le monde moderne.<\/p>\n\n\n\n<p class=\"wp-block-paragraph\">C&rsquo;est dans cette optique que les organisations commencent \u00e0 concevoir et \u00e0 mettre en \u0153uvre des orientations politiques pour prot\u00e9ger l\u2019enfant contre les m\u00e9faits de l\u2019\u00e8re num\u00e9rique. La commission sur les moyens de mettre fin \u00e0 l\u2019ob\u00e9sit\u00e9 de l&rsquo;enfant a demand\u00e9 \u00ab&nbsp;des orientations claires sur l&rsquo;activit\u00e9 physique, les comportements s\u00e9dentaires et le sommeil chez les jeunes enfants&nbsp;\u00bb, en r\u00e9ponse aux modes de vie modernes de l\u2019enfant. Des institutions telles que l&rsquo;American Academy of Pediatrics (AAP) ont publi\u00e9 des recommandations selon lesquelles les enfants \u00e2g\u00e9s de deux \u00e0 cinq ans doivent passer moins d&rsquo;une heure par jour devant un \u00e9cran, afin de favoriser le sommeil et &nbsp;l\u2019exercice physique, entre autres raisons (Reichel, 2019). Les Lignes directrices 2019 de l&rsquo;Organisation Mondiale de la Sant\u00e9 (OMS) soulignent \u00e0 nouveau l&rsquo;importance de l&rsquo;activit\u00e9 physique, d&rsquo;un sommeil de qualit\u00e9 et de la r\u00e9duction du temps consacr\u00e9 aux activit\u00e9s s\u00e9dentaires pour l\u2019enfant (OMS, 2019). Plus pr\u00e9cis\u00e9ment, les lignes directrices se concluent par des recommandations qui stipulent (OMS, 2019) :<\/p>\n\n\n\n<ul class=\"wp-block-list\"><li>Il n\u2019est pas recommand\u00e9 de laisser &nbsp;un enfant d\u2019un an devant un \u00e9cran.<\/li><li>Pour l\u2019enfant de 2 \u00e0 4 ans, une heure devant l\u2019\u00e9cran doit \u00eatre un maximum.<\/li><\/ul>\n\n\n\n<p class=\"wp-block-paragraph\">Ces recommandations mentionnent toutes l&rsquo;importance de l\u2019activit\u00e9 physique de routine pendant la croissance de l&rsquo;enfant et de l\u2019activit\u00e9 engag\u00e9e (comme la lecture et la narration) lorsqu&rsquo;il est s\u00e9dentaire et ne pratique pas d&rsquo;activit\u00e9 physique (OMS, 2019). Ces points de vue sont r\u00e9affirm\u00e9s dans le \u00ab&nbsp;Family Media Use Plans&nbsp;\u00bb (programme familial de consommation m\u00e9diatique) et le \u00ab&nbsp;America\u2019s Media and Children Communication Toolkit&nbsp;\u00bb (outils &nbsp;de communication m\u00e9diatique pour l\u2019enfant am\u00e9ricain).<\/p>\n\n\n\n<h2 class=\"wp-block-heading\">Les avantages<\/h2>\n\n\n\n<p class=\"wp-block-paragraph\">Bien qu&rsquo;il soit facile de se concentrer sur les effets n\u00e9fastes de <a href=\"https:\/\/www.humanium.org\/fr\/les-droits-de-lenfant-et-les-technologies-numeriques-la-vie-privee-des-enfants-a-lere-des-medias-sociaux-les-dangers-du-partage-sharenting\/\">l&rsquo;espace num\u00e9rique<\/a> sur l&rsquo;enfant, il existe des avantages potentiels qui m\u00e9ritent d&rsquo;\u00eatre soulign\u00e9s. En montrant les c\u00f4t\u00e9s positifs de l&rsquo;espace num\u00e9rique, on reconna\u00eet \u00e9galement qu&rsquo;il s&rsquo;agit d&rsquo;un aspect in\u00e9vitable dans la vie de l&rsquo;enfant, qui doit \u00eatre accept\u00e9 plut\u00f4t que rejet\u00e9. L&rsquo;un des principaux avantages potentiels de l&rsquo;espace num\u00e9rique est sa capacit\u00e9 \u00e0 offrir une nouvelle forme d&rsquo;<a href=\"https:\/\/www.humanium.org\/fr\/comprendre-droits-enfant\/droit-a-l-education\/\">\u00e9ducation<\/a> \u00e0 l&rsquo;enfant. Les outils num\u00e9riques permettent la recherche, les jeux \u00e9ducatifs, les outils linguistiques et les documentaires et mat\u00e9riaux \u00e9ducatifs (Lee, 2019). La technologie permet \u00e9galement l&rsquo;\u00e9ducation physique au moyen des jeux contr\u00f4l\u00e9s par le mouvement ainsi que des vid\u00e9os instructives pour des activit\u00e9s telles que la danse (Lee, 2019). Ces possibilit\u00e9s offrent aux parents et aux tuteurs l&rsquo;occasion de transformer le temps d\u2019\u00e9cran de leur enfant en un temps d&rsquo;engagement qui les pousse \u00e0 apprendre et \u00e0 s&rsquo;int\u00e9resser au mat\u00e9riel qui leur est pr\u00e9sent\u00e9.<\/p>\n\n\n\n<div class=\"wp-block-image\"><figure class=\"alignleft size-large is-resized\"><img loading=\"lazy\" decoding=\"async\" src=\"https:\/\/www.humanium.org\/fr\/wp-content\/uploads\/2021\/03\/shutterstock_444587209-1-1024x683.jpg\" alt=\"\" class=\"wp-image-49910\" width=\"428\" height=\"285\" srcset=\"https:\/\/www.humanium.org\/fr\/wp-content\/uploads\/2021\/03\/shutterstock_444587209-1-1024x683.jpg 1024w, https:\/\/www.humanium.org\/fr\/wp-content\/uploads\/2021\/03\/shutterstock_444587209-1-300x200.jpg 300w, https:\/\/www.humanium.org\/fr\/wp-content\/uploads\/2021\/03\/shutterstock_444587209-1-768x513.jpg 768w, https:\/\/www.humanium.org\/fr\/wp-content\/uploads\/2021\/03\/shutterstock_444587209-1-1536x1025.jpg 1536w, https:\/\/www.humanium.org\/fr\/wp-content\/uploads\/2021\/03\/shutterstock_444587209-1-2048x1367.jpg 2048w, https:\/\/www.humanium.org\/fr\/wp-content\/uploads\/2021\/03\/shutterstock_444587209-1-830x554.jpg 830w, https:\/\/www.humanium.org\/fr\/wp-content\/uploads\/2021\/03\/shutterstock_444587209-1-230x153.jpg 230w, https:\/\/www.humanium.org\/fr\/wp-content\/uploads\/2021\/03\/shutterstock_444587209-1-350x234.jpg 350w, https:\/\/www.humanium.org\/fr\/wp-content\/uploads\/2021\/03\/shutterstock_444587209-1-480x320.jpg 480w, https:\/\/www.humanium.org\/fr\/wp-content\/uploads\/2021\/03\/shutterstock_444587209-1-272x182.jpg 272w\" sizes=\"auto, (max-width: 428px) 100vw, 428px\" \/><\/figure><\/div>\n\n\n\n<p class=\"wp-block-paragraph\">En plus des avantages <a href=\"https:\/\/www.humanium.org\/fr\/comprendre-droits-enfant\/droit-a-l-education\/\">\u00e9ducatifs<\/a> physiques et mentaux, la technologie donne \u00e9galement \u00e0 l&rsquo;enfant la possibilit\u00e9 de d\u00e9velopper ses comp\u00e9tences en communication, directement ou indirectement (Wheelwright, 2020). L&rsquo;exposition \u00e0 des m\u00e9dias o\u00f9 d&rsquo;autres enfants communiquent de mani\u00e8re positive, ou les possibilit\u00e9s de communication directe elles-m\u00eames, permettent \u00e0 l&rsquo;enfant de construire ses comp\u00e9tences sociales et de d\u00e9velopper une compr\u00e9hension pr\u00e9coce de l&rsquo;importance d&rsquo;une communication efficace. De cette fa\u00e7on, les plateformes technologiques peuvent s&rsquo;appuyer sur les interactions du monde r\u00e9el et les rendre possibles, comme les grands-parents qui parlent \u00e0 leurs petits-tenfants par appels vid\u00e9o.<\/p>\n\n\n\n<h2 class=\"wp-block-heading\">Les inconv\u00e9nients<\/h2>\n\n\n\n<p class=\"wp-block-paragraph\">Malgr\u00e9 le potentiel positif que repr\u00e9sente <a href=\"https:\/\/www.humanium.org\/fr\/les-droits-de-lenfant-et-les-technologies-numeriques-la-vie-privee-des-enfants-a-lere-des-medias-sociaux-les-dangers-du-partage-sharenting\/\">l&rsquo;espace num\u00e9rique<\/a> pour <a href=\"https:\/\/www.humanium.org\/fr\/les-droits-de-l-enfant\/\">l&rsquo;enfant<\/a>, il n&rsquo;est pas sans risque. Un grand nombre de ces dangers peuvent \u00eatre attribu\u00e9s \u00e0 un temps d&rsquo;inactivit\u00e9 excessif devant l&rsquo;\u00e9cran plut\u00f4t qu&rsquo;aux \u00e9crans eux-m\u00eames. \u00c0 court terme, une exposition passive et prolong\u00e9e aux appareils num\u00e9riques peut cr\u00e9er des mauvaises habitudes de sommeil, d&rsquo;alimentation et d&rsquo;exercice physique chez <a href=\"https:\/\/www.humanium.org\/fr\/les-droits-de-l-enfant\/\">l\u2019enfant<\/a> (Morin, 2020). Le temps pass\u00e9 devant un \u00e9cran peut \u00e9galement freiner le d\u00e9veloppement de l&rsquo;imagination, de la socialisation et de la communication de l&rsquo;enfant (Morin, 2020). Ces d\u00e9faillances ont des effets \u00e0 long terme et m\u00e8nent fr\u00e9quemment \u00e0 des <a href=\"https:\/\/www.humanium.org\/fr\/les-droits-de-l-enfant\/\">enfants<\/a> plus \u00e2g\u00e9s aux prises avec des probl\u00e8mes de comportement et d&rsquo;\u00e9ducation, ainsi qu&rsquo;\u00e0 une propension accrue \u00e0 la violence (Morin, 2020). Il a \u00e9galement \u00e9t\u00e9 d\u00e9montr\u00e9 que le temps s\u00e9dentaire excessif d&rsquo;interaction avec la technologie favorise des lacunes &nbsp;en mati\u00e8re de d\u00e9veloppement du langage, une pens\u00e9e cr\u00e9ative amoindrie et des comp\u00e9tences sociales m\u00e9diocres inhibant l&rsquo;interaction des <a href=\"https:\/\/www.humanium.org\/fr\/les-droits-de-l-enfant\/\">enfants<\/a> avec leurs pairs et les adultes (Leatherwood-Cannon, 2018).<\/p>\n\n\n\n<p class=\"wp-block-paragraph\">Les donn\u00e9es de la recherche moderne ont permis d&rsquo;\u00e9mettre l&rsquo;hypoth\u00e8se que les <a href=\"https:\/\/www.humanium.org\/fr\/les-droits-de-l-enfant\/\">enfants<\/a> qui passent plus de deux heures par jour \u00e0 des activit\u00e9s oisives sur \u00e9cran peuvent obtenir des r\u00e9sultats plus faibles aux tests de langage et de r\u00e9flexion, tandis que ceux qui sont expos\u00e9s \u00e0 plus de sept heures par jour souffrent d&rsquo;un amincissement de leur cortex &#8211; la zone du <a href=\"https:\/\/www.humanium.org\/fr\/comprendre-droits-enfant\/droit-a-la-sante\/\">cerveau<\/a> qui dicte la pens\u00e9e critique et le raisonnement (Cross). De mani\u00e8re g\u00e9n\u00e9rale, il semble que les \u00e9crans r\u00e9duisent les centres d&rsquo;int\u00e9r\u00eat de l\u2019enfant et limitent sa volont\u00e9 d&rsquo;exp\u00e9rimenter d&rsquo;autres formes d&rsquo;exploration et d&rsquo;apprentissage (Cross), bien que cette recherche ne soit pas concluante. Pour les jeunes <a href=\"https:\/\/www.humanium.org\/fr\/les-droits-de-l-enfant\/\">enfants<\/a>, en particulier ceux de moins de trois ans, l&rsquo;apprentissage passe principalement par l&rsquo;exploration et l&rsquo;imitation (Cross). Ces comp\u00e9tences sont perdues si le temps pass\u00e9 devant un \u00e9cran remplace les formes traditionnelles de \u00ab&nbsp;jeu&nbsp;\u00bb, ce qui conduit \u00e0 une vision r\u00e9duite de l&rsquo;apprentissage (Cross). La grande majorit\u00e9 des <a href=\"https:\/\/www.humanium.org\/fr\/les-droits-de-l-enfant\/\">enfants<\/a> sont expos\u00e9s \u00e0 des m\u00e9dias qui les nourrissent excessivement d&rsquo;informations, ce qui limite consid\u00e9rablement leur capacit\u00e9 \u00e0 se forger des id\u00e9es et \u00e0 \u00ab&nbsp;apprendre par la pratique&nbsp;\u00bb.<\/p>\n\n\n\n<blockquote class=\"wp-block-quote is-layout-flow wp-block-quote-is-layout-flow\"><p><em>\u00ab&nbsp;Nous ne sommes pas encore s\u00fbrs de la signification de ces donn\u00e9es, mais nous pouvons \u00e9mettre l&rsquo;hypoth\u00e8se que les \u00e9crans pourraient inhiber certains aspects du d\u00e9veloppement de l&rsquo;enfant en r\u00e9duisant ses centres d&rsquo;int\u00e9r\u00eat et en limitant ses autres moyens d&rsquo;exploration et d&rsquo;apprentissage.&nbsp;\u00bb<\/em><\/p><cite><em>Dr Jennifer F. Cross, p\u00e9diatre titulaire et experte en p\u00e9diatrie du d\u00e9veloppement et du comportement \u00e0 l&rsquo;h\u00f4pital p\u00e9diatrique Komansky de New York-Presbyterian.<\/em><\/cite><\/blockquote>\n\n\n\n<h2 class=\"wp-block-heading\">La zone grise<\/h2>\n\n\n\n<p class=\"wp-block-paragraph\">A premi\u00e8re vue, l&rsquo;espace num\u00e9rique peut avoir des effets positifs ou n\u00e9gatifs selon la dur\u00e9e d\u2019exposition de <a href=\"https:\/\/www.humanium.org\/fr\/les-droits-de-l-enfant\/\">l&rsquo;enfant<\/a> aux \u00e9crans. Toutefois, cette vision est extr\u00eamement simpliste et t\u00e9moigne d&rsquo;un manque de recherche sur les effets nuanc\u00e9s du temps d&rsquo;\u00e9cran sur <a href=\"https:\/\/www.humanium.org\/fr\/le-developpement-de-la-petite-enfance-la-fondation-pour-une-societe-durable-et-prospere\/\">le d\u00e9veloppement de l&rsquo;enfant<\/a>. Un probl\u00e8me plus profond r\u00e9side dans le manque d&rsquo;engagement dans la plupart des formes de <a href=\"https:\/\/www.humanium.org\/fr\/les-droits-de-lenfant-et-les-technologies-numeriques-la-vie-privee-des-enfants-a-lere-des-medias-sociaux-les-dangers-du-partage-sharenting\/\">m\u00e9dias num\u00e9riques<\/a>. Les m\u00e9dias interactifs &#8211; comme les appels vid\u00e9o avec des membres de la famille qui lisent des histoires, ou les applications n\u00e9cessitant la r\u00e9flexion et la contribution de <a href=\"https:\/\/www.humanium.org\/fr\/les-droits-de-l-enfant\/\">l&rsquo;enfant<\/a> &#8211; peuvent avoir les m\u00eames effets positifs que les interactions physiques (Hogenboom, 2020).<\/p>\n\n\n\n<div class=\"wp-block-image\"><figure class=\"alignright size-large is-resized\"><img loading=\"lazy\" decoding=\"async\" src=\"https:\/\/www.humanium.org\/fr\/wp-content\/uploads\/2021\/03\/shutterstock_1626305017-1-1024x683.jpg\" alt=\"\" class=\"wp-image-49911\" width=\"420\" height=\"280\" srcset=\"https:\/\/www.humanium.org\/fr\/wp-content\/uploads\/2021\/03\/shutterstock_1626305017-1-1024x683.jpg 1024w, https:\/\/www.humanium.org\/fr\/wp-content\/uploads\/2021\/03\/shutterstock_1626305017-1-300x200.jpg 300w, https:\/\/www.humanium.org\/fr\/wp-content\/uploads\/2021\/03\/shutterstock_1626305017-1-768x512.jpg 768w, https:\/\/www.humanium.org\/fr\/wp-content\/uploads\/2021\/03\/shutterstock_1626305017-1-1536x1024.jpg 1536w, https:\/\/www.humanium.org\/fr\/wp-content\/uploads\/2021\/03\/shutterstock_1626305017-1-2048x1365.jpg 2048w, https:\/\/www.humanium.org\/fr\/wp-content\/uploads\/2021\/03\/shutterstock_1626305017-1-830x553.jpg 830w, https:\/\/www.humanium.org\/fr\/wp-content\/uploads\/2021\/03\/shutterstock_1626305017-1-230x153.jpg 230w, https:\/\/www.humanium.org\/fr\/wp-content\/uploads\/2021\/03\/shutterstock_1626305017-1-350x233.jpg 350w, https:\/\/www.humanium.org\/fr\/wp-content\/uploads\/2021\/03\/shutterstock_1626305017-1-480x320.jpg 480w, https:\/\/www.humanium.org\/fr\/wp-content\/uploads\/2021\/03\/shutterstock_1626305017-1-272x182.jpg 272w\" sizes=\"auto, (max-width: 420px) 100vw, 420px\" \/><\/figure><\/div>\n\n\n\n<p class=\"wp-block-paragraph\">Les \u00e9crans pr\u00e9sentent g\u00e9n\u00e9ralement des informations \u00e0 nos yeux et \u00e0 nos oreilles sans impliquer d&rsquo;autres sens, ce qui inhibe la capacit\u00e9 de l\u2019enfant \u00e0 pratiquer l&rsquo;imagerie mentale et l&rsquo;imagination cr\u00e9ative (Hogenboom, 2020). La recherche a cependant d\u00e9montr\u00e9 que permettre aux <a href=\"https:\/\/www.humanium.org\/fr\/les-droits-de-l-enfant\/\">enfants<\/a> de \u00ab&nbsp;jouer&nbsp;\u00bb dans des espaces physiques interactifs bien con\u00e7us, parall\u00e8lement \u00e0 des espaces num\u00e9riques interactifs, peut \u00eatre b\u00e9n\u00e9fique (Hogenboom, 2020).&nbsp; Avec le COVID-19 qui enferme les parents et les <a href=\"https:\/\/www.humanium.org\/fr\/les-droits-de-l-enfant\/\">enfants<\/a> \u00e0 l\u2019int\u00e9rieur des habitations, les parents doivent se pr\u00e9munir contre la consommation passive de m\u00e9dias num\u00e9riques par leurs enfants (Hogenboom, 2020).<\/p>\n\n\n\n<p class=\"wp-block-paragraph\">Des recherches plus approfondies sont n\u00e9cessaires pour \u00e9valuer l&rsquo;impact des diff\u00e9rentes formes de temps d&rsquo;\u00e9cran sur <a href=\"https:\/\/www.humanium.org\/fr\/les-droits-de-l-enfant\/\">l&rsquo;enfant<\/a> ainsi que sur le milieu environnant (Pappas, 2020). Bien que les recherches les plus r\u00e9centes sugg\u00e8rent que les plus jeunes enfants n&rsquo;apprennent pas bien des \u00e9crans, il a \u00e9t\u00e9 d\u00e9montr\u00e9 qu&rsquo;il est important que les <a href=\"https:\/\/www.humanium.org\/fr\/les-droits-de-l-enfant\/\">enfants<\/a> d\u00e9veloppent la capacit\u00e9 d&rsquo;autor\u00e9guler leurs propres interactions avec l&rsquo;espace num\u00e9rique le plus t\u00f4t possible (Pappas, 2020).<\/p>\n\n\n\n<h2 class=\"wp-block-heading\">Recommandations<\/h2>\n\n\n\n<p class=\"wp-block-paragraph\">Le d\u00e9veloppement de l\u2019enfant est d\u00e9termin\u00e9 par une multiplicit\u00e9 de facteurs et d&rsquo;exp\u00e9riences, dont la majorit\u00e9 reste encore insuffisamment \u00e9tudi\u00e9e et donc, inconnue (Burns, 2019). La meilleure fa\u00e7on de <a href=\"https:\/\/www.humanium.org\/fr\/comprendre-droits-enfant\/protection\/\">prot\u00e9ger<\/a> l\u2019enfant est de trouver un \u00e9quilibre entre le temps pass\u00e9 devant un \u00e9cran et les interactions humaines physiques (Leatherwood, 2018). Le message ne doit pas \u00eatre que les \u00e9crans sont bons ou mauvais, mais que la technologie est un outil que nous devons exploiter pour pousser l\u2019enfant vers l&rsquo;engagement social, plut\u00f4t que de l\u2018en \u00e9loigner (Hogenboom, 2020). &nbsp;<\/p>\n\n\n\n<p class=\"wp-block-paragraph\">Ainsi, la comp\u00e9tence la plus importante est de maximiser les \u00ab&nbsp;avantages potentiels de l&rsquo;enfant en mati\u00e8re de d\u00e9veloppement cognitif, physique et social&nbsp;\u00bb (Burns, 2019). Peu de recherches concr\u00e8tes sugg\u00e8rent que le temps d&rsquo;\u00e9cran, en soi, a un impact n\u00e9gatif sur <a href=\"https:\/\/www.humanium.org\/fr\/le-bien-etre-mental-des-enfants\/\">le bien-\u00eatre psychologique<\/a> de l\u2019enfant, cependant, \u00ab&nbsp;le contexte familial plus large &#8211; comment les parents \u00e9tablissent des r\u00e8gles concernant le temps d&rsquo;\u00e9cran num\u00e9rique, et s&rsquo;ils s&rsquo;engagent activement dans l&rsquo;exploration du monde num\u00e9rique ensemble&nbsp;\u00bb &#8211; est beaucoup plus significatif que le temps d&rsquo;\u00e9cran en lui-m\u00eame (Universit\u00e9 d&rsquo;Oxford, 2017).<\/p>\n\n\n\n<p class=\"wp-block-paragraph\">Pour soutenir les parents dans leur d\u00e9sir de cr\u00e9er des espaces num\u00e9riques positifs pour leurs enfants, des travaux universitaires r\u00e9cents fournissent quelques recommandations (Leatherwood, 2018) :<\/p>\n\n\n\n<ul class=\"wp-block-list\"><li>Orienter les <a href=\"https:\/\/www.humanium.org\/fr\/les-droits-de-lenfant-et-les-technologies-numeriques-la-vie-privee-des-enfants-a-lere-des-medias-sociaux-les-dangers-du-partage-sharenting\/\">technologies num\u00e9riques<\/a> vers des environnements scolaires et \u00e9ducatifs qui stimulent l&rsquo;interaction positive plut\u00f4t que la participation passive.<\/li><li>Fixer des limites \u00e0 l&rsquo;utilisation des <a href=\"https:\/\/www.humanium.org\/fr\/les-droits-de-lenfant-et-les-technologies-numeriques-la-vie-privee-des-enfants-a-lere-des-medias-sociaux-les-dangers-du-partage-sharenting\/\">m\u00e9dias num\u00e9riques<\/a> par l\u2019enfant et \u00e9tablir des zones sans \u00e9cran pour soutenir l&rsquo;apprentissage dans le monde physique.<\/li><li>Ne pas donner trop t\u00f4t \u00e0 l\u2019enfant de ses propres smartphones et\/ou tablettes afin d&rsquo;encourager diverses formes d&rsquo;apprentissage.<\/li><li>Entra\u00eenez-vous \u00e0 \u00eatre un bon mod\u00e8le en tant que parent &#8211; les enfants sont programm\u00e9s pour apprendre par imitation de leurs parents et, par cons\u00e9quent, prendront de mauvaises habitudes (comme l&rsquo;utilisation persistante du smartphone et l&rsquo;interruption des interactions en raison des courriels et des messages) si on ne leur pr\u00e9sente pas un exemple fort \u00e0 suivre.<\/li><\/ul>\n\n\n\n<figure class=\"wp-block-image size-large\"><img loading=\"lazy\" decoding=\"async\" width=\"1024\" height=\"683\" src=\"https:\/\/www.humanium.org\/fr\/wp-content\/uploads\/2021\/03\/shutterstock_1523286023-1-1024x683.jpg\" alt=\"\" class=\"wp-image-49909\" srcset=\"https:\/\/www.humanium.org\/fr\/wp-content\/uploads\/2021\/03\/shutterstock_1523286023-1-1024x683.jpg 1024w, https:\/\/www.humanium.org\/fr\/wp-content\/uploads\/2021\/03\/shutterstock_1523286023-1-300x200.jpg 300w, https:\/\/www.humanium.org\/fr\/wp-content\/uploads\/2021\/03\/shutterstock_1523286023-1-768x512.jpg 768w, https:\/\/www.humanium.org\/fr\/wp-content\/uploads\/2021\/03\/shutterstock_1523286023-1-1536x1024.jpg 1536w, https:\/\/www.humanium.org\/fr\/wp-content\/uploads\/2021\/03\/shutterstock_1523286023-1-2048x1365.jpg 2048w, https:\/\/www.humanium.org\/fr\/wp-content\/uploads\/2021\/03\/shutterstock_1523286023-1-830x553.jpg 830w, https:\/\/www.humanium.org\/fr\/wp-content\/uploads\/2021\/03\/shutterstock_1523286023-1-230x153.jpg 230w, https:\/\/www.humanium.org\/fr\/wp-content\/uploads\/2021\/03\/shutterstock_1523286023-1-350x233.jpg 350w, https:\/\/www.humanium.org\/fr\/wp-content\/uploads\/2021\/03\/shutterstock_1523286023-1-480x320.jpg 480w, https:\/\/www.humanium.org\/fr\/wp-content\/uploads\/2021\/03\/shutterstock_1523286023-1-272x182.jpg 272w\" sizes=\"auto, (max-width: 1024px) 100vw, 1024px\" \/><\/figure>\n\n\n\n<p class=\"wp-block-paragraph\"><strong>Chez&nbsp;<\/strong><strong>Humanium<\/strong><strong>, nous cherchons \u00e0 sensibiliser \u00e0 l\u2019importance des droits des enfants \u00e0&nbsp;<\/strong><a href=\"https:\/\/www.humanium.org\/fr\/comprendre-droits-enfant\/droit-a-l-alimentation\/\"><strong>l\u2019alimentation<\/strong><\/a><strong>, \u00e0&nbsp;<\/strong><a href=\"https:\/\/www.humanium.org\/fr\/comprendre-droits-enfant\/droit-a-l-education\/\"><strong>l\u2019\u00e9ducation<\/strong><\/a><strong>&nbsp;et \u00e0&nbsp;<\/strong><a href=\"https:\/\/www.humanium.org\/fr\/droit-a-la-protection\/\"><strong>la protection.<\/strong><\/a><strong>&nbsp;Rejoignez-nous pour faire des droits de l\u2019enfant \u00e0 un environnement s\u00fbr et \u00e0 une \u00e9ducation accessible une r\u00e9alit\u00e9 en&nbsp;<\/strong><strong>parrainant un enfant<\/strong><strong>, en&nbsp;<\/strong><strong>faisant un don<\/strong><strong>&nbsp;ou en&nbsp;<\/strong><strong>devenant b\u00e9n\u00e9vole<\/strong><strong>&nbsp;!&nbsp;&nbsp;&nbsp;<\/strong><\/p>\n\n\n\n<p class=\"wp-block-paragraph\"><strong><em>Ecrit par<\/em><\/strong><em><strong>&nbsp;Vanessa Cezarita Cordeiro<\/strong><\/em><\/p>\n\n\n\n<p class=\"wp-block-paragraph\"><em><strong>Traduit par Kyle Estment-Shah<\/strong><\/em><\/p>\n\n\n\n<p class=\"wp-block-paragraph\"><em><strong>Relu par Ania Beznia<\/strong><\/em><\/p>\n\n\n\n<h4 class=\"wp-block-heading\">Pour plus d\u2019informations :<\/h4>\n\n\n\n<p class=\"has-small-font-size wp-block-paragraph\"><a href=\"https:\/\/www.aoa.org\/news\/clinical-eye-care\/public-health\/screen-time-for-children-under-5?sso=y#:~:text=The%20World%20Health%20Organization%20(WHO,all%20on%20a%20daily%20basis.\">A<\/a><a href=\"https:\/\/www.aoa.org\/news\/clinical-eye-care\/public-health\/screen-time-for-children-under-5?sso=y#:~:text=The%20World%20Health%20Organization%20(WHO,all%20on%20a%20daily%20basis.\" target=\"_blank\" rel=\"noreferrer noopener\">m<\/a><a href=\"https:\/\/www.aoa.org\/news\/clinical-eye-care\/public-health\/screen-time-for-children-under-5?sso=y#:~:text=The%20World%20Health%20Organization%20(WHO,all%20on%20a%20daily%20basis.\">erican Optometric Association. (2019, May 6). <em>New WHO guidance: Very limited daily screen time recommended for children under 5.<\/em><\/a><\/p>\n\n\n\n<p class=\"has-small-font-size wp-block-paragraph\">Centers for Disease Control and Prevention. <em>Screen time vs. Lean time<\/em>.<\/p>\n\n\n\n<p class=\"has-small-font-size wp-block-paragraph\"><a href=\"https:\/\/www.comparethemarket.com\/broadband\/content\/screen-usage-guide\/\" target=\"_blank\" rel=\"noreferrer noopener\">Guide to screen addictions and responsible digital use<\/a>.<\/p>\n\n\n\n<p class=\"has-small-font-size wp-block-paragraph\"><a href=\"https:\/\/publications.parliament.uk\/pa\/cm201719\/cmselect\/cmsctech\/822\/822.pdf\" target=\"_blank\" rel=\"noreferrer noopener\">House of Commons Science and Technology Committee. (2019, January 29). <em>Impact of social media and screen-use on young people&rsquo;s health.<\/em><\/a><\/p>\n\n\n\n<p class=\"has-small-font-size wp-block-paragraph\"><a href=\"https:\/\/www.internetmatters.org\/hub\/question\/social-media-obstacle-childs-mental-health\/\" target=\"_blank\" rel=\"noreferrer noopener\"><em>Is social media an obstacle to my child&rsquo;s mental health?<\/em><\/a><\/p>\n\n\n\n<p class=\"has-small-font-size wp-block-paragraph\"><a href=\"https:\/\/blogs.unicef.org\/evidence-for-action\/screen-time-concerns-children-participation-digital-online\/\" target=\"_blank\" rel=\"noreferrer noopener\">Kardefelt-Winther, D. (2019, April 17). <em>Responding to screen time concerns: A children&rsquo;s rights approach<\/em><\/a><a href=\"https:\/\/blogs.unicef.org\/evidence-for-action\/screen-time-concerns-children-participation-digital-online\/\">.<\/a><\/p>\n\n\n\n<p class=\"has-small-font-size wp-block-paragraph\"><a href=\"https:\/\/www.unicef.org\/globalinsight\/stories\/rethinking-screen-time-time-covid-19\" target=\"_blank\" rel=\"noreferrer noopener\">Kardefelt-Winther, D. (2020, April 7). <em>Rethinking screen-time in the time of COVID-19<\/em><\/a><a href=\"https:\/\/www.unicef.org\/globalinsight\/stories\/rethinking-screen-time-time-covid-19\">.<\/a><\/p>\n\n\n\n<p class=\"has-small-font-size wp-block-paragraph\"><a href=\"https:\/\/www.unicef.org\/parenting\/child-development\/babies-screen-time#R4730851-0B9db5A4-90H3MR\" target=\"_blank\" rel=\"noreferrer noopener\">UNICEF. <em>Babies need humans, not screens.<\/em><\/a><\/p>\n\n\n\n<p class=\"has-small-font-size wp-block-paragraph\"><a href=\"https:\/\/www.who.int\/news\/item\/24-04-2019-to-grow-up-healthy-children-need-to-sit-less-and-play-more\" target=\"_blank\" rel=\"noreferrer noopener\">WHO. (2019, April 24). <em>To grow up healthy, children need to sit less and play more<\/em><\/a><a href=\"https:\/\/www.who.int\/news\/item\/24-04-2019-to-grow-up-healthy-children-need-to-sit-less-and-play-more\">.<\/a><\/p>\n\n\n\n<p class=\"has-small-font-size wp-block-paragraph\"><a href=\"https:\/\/apps.who.int\/iris\/bitstream\/handle\/10665\/311664\/9789241550536-eng.pdf?sequence=1&amp;isAllowed=y\" target=\"_blank\" rel=\"noreferrer noopener\">WHO. (2019). <em>Guidelines on physical activity, sedentary behaviour and sleep for children under 5 years of age<\/em><\/a><a href=\"https:\/\/apps.who.int\/iris\/bitstream\/handle\/10665\/311664\/9789241550536-eng.pdf?sequence=1&amp;isAllowed=y\">.&nbsp;<\/a><\/p>\n\n\n\n<h4 class=\"wp-block-heading\">Bibliographie :<\/h4>\n\n\n\n<p class=\"has-small-font-size wp-block-paragraph\"><a href=\"https:\/\/www.oecd-ilibrary.org\/sites\/71b7058a-en\/index.html?itemId=\/content\/component\/71b7058a-en\" target=\"_blank\" rel=\"noreferrer noopener\">Burns, T. Gottschalk, F. (2019, October 1). \u00b4Chapter 2: Children and digital technologies: Trends and outcomes.\u00b4<em>Educating 21st Century Children: Emotional Well-being in the Digital Age.<\/em><\/a><\/p>\n\n\n\n<p class=\"has-small-font-size wp-block-paragraph\"><a href=\"https:\/\/www.nytimes.com\/2018\/12\/10\/health\/screen-time-kids-psychology.html?\" target=\"_blank\" rel=\"noreferrer noopener\">Carey, B. (2018, December 18). <em>Is screen time bad for kids\u00b4 brains?<\/em><\/a><a href=\"https:\/\/www.nytimes.com\/2018\/12\/10\/health\/screen-time-kids-psychology.html?\"><\/a><\/p>\n\n\n\n<p class=\"has-small-font-size wp-block-paragraph\"><a href=\"https:\/\/www.youtube.com\/watch?v=7RY3gSdKRn0\" target=\"_blank\" rel=\"noreferrer noopener\">CBS. (2018, December 10). <em>NIH Study Tracks Effects of Social Media on Adolescent Brains<\/em><\/a><a href=\"https:\/\/www.youtube.com\/watch?v=7RY3gSdKRn0\">.<\/a><\/p>\n\n\n\n<p class=\"has-small-font-size wp-block-paragraph\"><a href=\"https:\/\/healthmatters.nyp.org\/what-does-too-much-screen-time-do-to-childrens-brains\/\" target=\"_blank\" rel=\"noreferrer noopener\">Cross. Dr. J. <em>What does too much screen time do to children&rsquo;s brains?<\/em><\/a><\/p>\n\n\n\n<p class=\"has-small-font-size wp-block-paragraph\"><a href=\"https:\/\/www.tandfonline.com\/doi\/full\/10.1080\/1047840X.2020.1820214\" target=\"_blank\" rel=\"noreferrer noopener\">Granic, I. Morita, H. Scholten, H. (2020, November 5). \u2018Beyond Screen Time: Identity Development in the Digital Age.\u2019 <em>An International Journal for the Advancement of Psychological Theory<\/em><\/a><a href=\"https:\/\/www.tandfonline.com\/doi\/full\/10.1080\/1047840X.2020.1820214\">. Vol. 31 (3).<\/a><\/p>\n\n\n\n<p class=\"has-small-font-size wp-block-paragraph\"><a href=\"https:\/\/www.bbc.com\/future\/article\/20200925-how-screen-time-affects-childrens-brains\" target=\"_blank\" rel=\"noreferrer noopener\">Hogenboom, M. (2020, September 28). <em>Why not all screen time is the same for children<\/em><\/a><a href=\"https:\/\/www.bbc.com\/future\/article\/20200925-how-screen-time-affects-childrens-brains\">.<\/a><\/p>\n\n\n\n<p class=\"has-small-font-size wp-block-paragraph\"><a href=\"https:\/\/blogs.unicef.org\/evidence-for-action\/screen-time-concerns-children-participation-digital-online\/\" target=\"_blank\" rel=\"noreferrer noopener\">Kardefelt-Winther, D. (2019, April 17). <em>Responding to screen time concerns: A children&rsquo;s rights approach<\/em><\/a><a href=\"https:\/\/blogs.unicef.org\/evidence-for-action\/screen-time-concerns-children-participation-digital-online\/\">.<\/a><\/p>\n\n\n\n<p class=\"has-small-font-size wp-block-paragraph\"><a href=\"https:\/\/www.henryford.com\/blog\/2018\/12\/pros-cons-screen-time\" target=\"_blank\" rel=\"noreferrer noopener\">Leatherwood-Cannon, S. (2018, September 17). <em>Pros &amp; Cons of screen time: How to manage your child&rsquo;s use.<\/em><\/a><a href=\"https:\/\/www.henryford.com\/blog\/2018\/12\/pros-cons-screen-time\"><\/a><\/p>\n\n\n\n<p class=\"has-small-font-size wp-block-paragraph\">Lee, K. (2019, September 15). <em>The concerns about kids and screen time.<\/em><\/p>\n\n\n\n<p class=\"has-small-font-size wp-block-paragraph\"><a href=\"https:\/\/www.sciencedirect.com\/science\/article\/pii\/S0167629618311408\" target=\"_blank\" rel=\"noreferrer noopener\">McDool, E. Powell, P. Roberts, J. Taylor, K. (2020, January). \u00b4The internet and children&rsquo;s psychological well being.\u00b4 <em>The Journal of Health Economics<\/em><\/a><a href=\"https:\/\/www.sciencedirect.com\/science\/article\/pii\/S0167629618311408\">. Vol 69.<\/a><\/p>\n\n\n\n<p class=\"has-small-font-size wp-block-paragraph\"><a href=\"https:\/\/www.merriam-webster.com\/dictionary\/screen%20time\" target=\"_blank\" rel=\"noreferrer noopener\">Merriam-Webster Dictionary. <em>Screen time<\/em><\/a><a href=\"https:\/\/www.merriam-webster.com\/dictionary\/screen%20time\">.<\/a><\/p>\n\n\n\n<p class=\"has-small-font-size wp-block-paragraph\">Morin, A. (2020, September 17). <em>The harmful effects of too much screen time for kids.<\/em><em>.<\/em><\/p>\n\n\n\n<p class=\"has-small-font-size wp-block-paragraph\"><a href=\"https:\/\/www.apa.org\/monitor\/2020\/04\/cover-kids-screens\" target=\"_blank\" rel=\"noreferrer noopener\">Pappas, S. (2020, April 1). \u00b4What do we really know about kids and screens?\u00b4 <em>American Psychological Association<\/em><\/a><a href=\"https:\/\/www.apa.org\/monitor\/2020\/04\/cover-kids-screens\">. Vol. 51. No. 3. <em>&nbsp;<\/em><\/a><\/p>\n\n\n\n<p class=\"has-small-font-size wp-block-paragraph\"><a href=\"https:\/\/journalistsresource.org\/studies\/society\/public-health\/screen-time-children-health-research\/\" target=\"_blank\" rel=\"noreferrer noopener\">Reichel, C. (2019, May 14). <em>The health effects of screen time on children: A research roundup.<\/em><\/a><a href=\"https:\/\/journalistsresource.org\/studies\/society\/public-health\/screen-time-children-health-research\/\"><\/a><\/p>\n\n\n\n<p class=\"has-small-font-size wp-block-paragraph\"><a href=\"https:\/\/www.bbc.co.uk\/news\/health-47026834\" target=\"_blank\" rel=\"noreferrer noopener\">Roberts, M. (2019, January 28). <em>Screen time \u00b4may harm toddlers\u00b4.<\/em><\/a><\/p>\n\n\n\n<p class=\"has-small-font-size wp-block-paragraph\"><a href=\"https:\/\/www.nytimes.com\/2019\/04\/24\/health\/screen-time-kids.html\" target=\"_blank\" rel=\"noreferrer noopener\">Rueb, E. (2019, April 24). <em>W.H.O says limited or no screen time for children under 5.<\/em><\/a><\/p>\n\n\n\n<p class=\"has-small-font-size wp-block-paragraph\"><a href=\"https:\/\/www.ox.ac.uk\/news\/2017-12-14-children%E2%80%99s-screen-time-guidelines-too-restrictive-according-new-research\" target=\"_blank\" rel=\"noreferrer noopener\">University of Oxford. (2017, December 14. <em>Children&rsquo;s screen time guidelines too restrictive, according to new research.<\/em><\/a><\/p>\n\n\n\n<p class=\"has-small-font-size wp-block-paragraph\"><a href=\"https:\/\/www.highspeedinternet.com\/resources\/experts-reveal-benefits-of-screen-time-for-kids\" target=\"_blank\" rel=\"noreferrer noopener\">Wheelwright, T. (2020, May 18). <em>Experts reveal the benefits of screen time for kids<\/em><\/a><a href=\"https:\/\/www.highspeedinternet.com\/resources\/experts-reveal-benefits-of-screen-time-for-kids\">.<\/a><\/p>\n\n\n\n<p class=\"has-small-font-size wp-block-paragraph\"><a href=\"https:\/\/www.who.int\/news\/item\/24-04-2019-to-grow-up-healthy-children-need-to-sit-less-and-play-more\" target=\"_blank\" rel=\"noreferrer noopener\">WHO. (2019, April 24). <em>To grow up healthy, children need to sit less and play more<\/em><\/a><a href=\"https:\/\/www.who.int\/news\/item\/24-04-2019-to-grow-up-healthy-children-need-to-sit-less-and-play-more\">.<\/a><\/p>\n","protected":false},"excerpt":{"rendered":"<p>Alors que le monde ne cesse d&rsquo;\u00e9voluer, les enfants n&rsquo;\u00e9chappent plus \u00e0 l&#8217;emprise croissante de l&rsquo;innovation technologique. L&rsquo;\u00e9poque o\u00f9 les enfants ne r\u00eavaient que d&rsquo;herbe verte et de jeux de plein air imaginatifs est r\u00e9volue. Aujourd&rsquo;hui, de nombreux enfants connaissent bien l\u2019univers virtuel d\u00e8s &nbsp;leur plus jeune \u00e2ge. Cette exposition \u00e0 Internet peut avoir des [&hellip;]<\/p>\n","protected":false},"author":69,"featured_media":49890,"comment_status":"closed","ping_status":"closed","sticky":false,"template":"","format":"standard","meta":{"footnotes":""},"categories":[220,233,229],"tags":[],"class_list":["post-49889","post","type-post","status-publish","format-standard","has-post-thumbnail","hentry","category-droits-des-enfants","category-exploitation","category-liberte"],"yoast_head":"<!-- This site is optimized with the Yoast SEO plugin v28.3 - https:\/\/yoast.com\/product\/yoast-seo-wordpress\/ -->\n<title>Les \u00e9crans perturbent-ils la capacit\u00e9 d&#039;attention des enfants ? Comprendre l\u2019impact du temps pass\u00e9 devant un \u00e9cran sur le d\u00e9veloppement de l\u2019enfant - Humanium<\/title>\n<meta name=\"description\" content=\"Alors que le monde ne cesse d&#039;\u00e9voluer, les enfants n&#039;\u00e9chappent plus \u00e0 l&#039;emprise croissante de l&#039;innovation technologique.\" \/>\n<meta name=\"robots\" content=\"index, follow, max-snippet:-1, max-image-preview:large, max-video-preview:-1\" \/>\n<link rel=\"canonical\" href=\"https:\/\/www.humanium.org\/fr\/les-ecrans-perturbent-ils-la-capacite-dattention-des-enfants-comprendre-limpact-du-temps-passe-devant-un-ecran-sur-le-developpement-de-lenfant\/\" \/>\n<meta property=\"og:locale\" content=\"fr_FR\" \/>\n<meta property=\"og:type\" content=\"article\" \/>\n<meta property=\"og:title\" content=\"Les \u00e9crans perturbent-ils la capacit\u00e9 d&#039;attention des enfants ? Comprendre l\u2019impact du temps pass\u00e9 devant un \u00e9cran sur le d\u00e9veloppement de l\u2019enfant - Humanium\" \/>\n<meta property=\"og:description\" content=\"Alors que le monde ne cesse d&#039;\u00e9voluer, les enfants n&#039;\u00e9chappent plus \u00e0 l&#039;emprise croissante de l&#039;innovation technologique.\" \/>\n<meta property=\"og:url\" content=\"https:\/\/www.humanium.org\/fr\/les-ecrans-perturbent-ils-la-capacite-dattention-des-enfants-comprendre-limpact-du-temps-passe-devant-un-ecran-sur-le-developpement-de-lenfant\/\" \/>\n<meta property=\"og:site_name\" content=\"Humanium\" \/>\n<meta property=\"article:published_time\" content=\"2021-03-30T19:01:45+00:00\" \/>\n<meta property=\"article:modified_time\" content=\"2026-08-21T03:22:48+00:00\" \/>\n<meta property=\"og:image\" content=\"https:\/\/www.humanium.org\/fr\/wp-content\/uploads\/2021\/03\/shutterstock_1382995223-scaled.jpg\" \/>\n\t<meta property=\"og:image:width\" content=\"2560\" \/>\n\t<meta property=\"og:image:height\" content=\"1707\" \/>\n\t<meta property=\"og:image:type\" content=\"image\/jpeg\" \/>\n<meta name=\"author\" content=\"Humanium\" \/>\n<meta name=\"twitter:card\" content=\"summary_large_image\" \/>\n<meta name=\"twitter:label1\" content=\"\u00c9crit par\" \/>\n\t<meta name=\"twitter:data1\" content=\"Humanium\" \/>\n\t<meta name=\"twitter:label2\" content=\"Dur\u00e9e de lecture estim\u00e9e\" \/>\n\t<meta name=\"twitter:data2\" content=\"13 minutes\" \/>\n<script type=\"application\/ld+json\" class=\"yoast-schema-graph\">{\"@context\":\"https:\\\/\\\/schema.org\",\"@graph\":[{\"@type\":\"Article\",\"@id\":\"https:\\\/\\\/www.humanium.org\\\/fr\\\/les-ecrans-perturbent-ils-la-capacite-dattention-des-enfants-comprendre-limpact-du-temps-passe-devant-un-ecran-sur-le-developpement-de-lenfant\\\/#article\",\"isPartOf\":{\"@id\":\"https:\\\/\\\/www.humanium.org\\\/fr\\\/les-ecrans-perturbent-ils-la-capacite-dattention-des-enfants-comprendre-limpact-du-temps-passe-devant-un-ecran-sur-le-developpement-de-lenfant\\\/\"},\"author\":{\"name\":\"Humanium\",\"@id\":\"https:\\\/\\\/www.humanium.org\\\/fr\\\/#\\\/schema\\\/person\\\/d798d6c7d59ba2307e0877f61a20ce3e\"},\"headline\":\"Les \u00e9crans perturbent-ils la capacit\u00e9 d&rsquo;attention des enfants ? Comprendre l\u2019impact du temps pass\u00e9 devant un \u00e9cran sur le d\u00e9veloppement de l\u2019enfant\",\"datePublished\":\"2021-03-30T19:01:45+00:00\",\"dateModified\":\"2026-08-21T03:22:48+00:00\",\"mainEntityOfPage\":{\"@id\":\"https:\\\/\\\/www.humanium.org\\\/fr\\\/les-ecrans-perturbent-ils-la-capacite-dattention-des-enfants-comprendre-limpact-du-temps-passe-devant-un-ecran-sur-le-developpement-de-lenfant\\\/\"},\"wordCount\":2809,\"image\":{\"@id\":\"https:\\\/\\\/www.humanium.org\\\/fr\\\/les-ecrans-perturbent-ils-la-capacite-dattention-des-enfants-comprendre-limpact-du-temps-passe-devant-un-ecran-sur-le-developpement-de-lenfant\\\/#primaryimage\"},\"thumbnailUrl\":\"https:\\\/\\\/www.humanium.org\\\/fr\\\/wp-content\\\/uploads\\\/2021\\\/03\\\/shutterstock_1382995223-scaled.jpg\",\"articleSection\":[\"Droits des enfants\",\"Exploitation\",\"Libert\u00e9\"],\"inLanguage\":\"fr-FR\"},{\"@type\":\"WebPage\",\"@id\":\"https:\\\/\\\/www.humanium.org\\\/fr\\\/les-ecrans-perturbent-ils-la-capacite-dattention-des-enfants-comprendre-limpact-du-temps-passe-devant-un-ecran-sur-le-developpement-de-lenfant\\\/\",\"url\":\"https:\\\/\\\/www.humanium.org\\\/fr\\\/les-ecrans-perturbent-ils-la-capacite-dattention-des-enfants-comprendre-limpact-du-temps-passe-devant-un-ecran-sur-le-developpement-de-lenfant\\\/\",\"name\":\"Les \u00e9crans perturbent-ils la capacit\u00e9 d'attention des enfants ? Comprendre l\u2019impact du temps pass\u00e9 devant un \u00e9cran sur le d\u00e9veloppement de l\u2019enfant - Humanium\",\"isPartOf\":{\"@id\":\"https:\\\/\\\/www.humanium.org\\\/fr\\\/#website\"},\"primaryImageOfPage\":{\"@id\":\"https:\\\/\\\/www.humanium.org\\\/fr\\\/les-ecrans-perturbent-ils-la-capacite-dattention-des-enfants-comprendre-limpact-du-temps-passe-devant-un-ecran-sur-le-developpement-de-lenfant\\\/#primaryimage\"},\"image\":{\"@id\":\"https:\\\/\\\/www.humanium.org\\\/fr\\\/les-ecrans-perturbent-ils-la-capacite-dattention-des-enfants-comprendre-limpact-du-temps-passe-devant-un-ecran-sur-le-developpement-de-lenfant\\\/#primaryimage\"},\"thumbnailUrl\":\"https:\\\/\\\/www.humanium.org\\\/fr\\\/wp-content\\\/uploads\\\/2021\\\/03\\\/shutterstock_1382995223-scaled.jpg\",\"datePublished\":\"2021-03-30T19:01:45+00:00\",\"dateModified\":\"2026-08-21T03:22:48+00:00\",\"author\":{\"@id\":\"https:\\\/\\\/www.humanium.org\\\/fr\\\/#\\\/schema\\\/person\\\/d798d6c7d59ba2307e0877f61a20ce3e\"},\"description\":\"Alors que le monde ne cesse d'\u00e9voluer, les enfants n'\u00e9chappent plus \u00e0 l'emprise croissante de l'innovation technologique.\",\"breadcrumb\":{\"@id\":\"https:\\\/\\\/www.humanium.org\\\/fr\\\/les-ecrans-perturbent-ils-la-capacite-dattention-des-enfants-comprendre-limpact-du-temps-passe-devant-un-ecran-sur-le-developpement-de-lenfant\\\/#breadcrumb\"},\"inLanguage\":\"fr-FR\",\"potentialAction\":[{\"@type\":\"ReadAction\",\"target\":[\"https:\\\/\\\/www.humanium.org\\\/fr\\\/les-ecrans-perturbent-ils-la-capacite-dattention-des-enfants-comprendre-limpact-du-temps-passe-devant-un-ecran-sur-le-developpement-de-lenfant\\\/\"]}]},{\"@type\":\"ImageObject\",\"inLanguage\":\"fr-FR\",\"@id\":\"https:\\\/\\\/www.humanium.org\\\/fr\\\/les-ecrans-perturbent-ils-la-capacite-dattention-des-enfants-comprendre-limpact-du-temps-passe-devant-un-ecran-sur-le-developpement-de-lenfant\\\/#primaryimage\",\"url\":\"https:\\\/\\\/www.humanium.org\\\/fr\\\/wp-content\\\/uploads\\\/2021\\\/03\\\/shutterstock_1382995223-scaled.jpg\",\"contentUrl\":\"https:\\\/\\\/www.humanium.org\\\/fr\\\/wp-content\\\/uploads\\\/2021\\\/03\\\/shutterstock_1382995223-scaled.jpg\",\"width\":2560,\"height\":1707},{\"@type\":\"BreadcrumbList\",\"@id\":\"https:\\\/\\\/www.humanium.org\\\/fr\\\/les-ecrans-perturbent-ils-la-capacite-dattention-des-enfants-comprendre-limpact-du-temps-passe-devant-un-ecran-sur-le-developpement-de-lenfant\\\/#breadcrumb\",\"itemListElement\":[{\"@type\":\"ListItem\",\"position\":1,\"name\":\"Home\",\"item\":\"https:\\\/\\\/www.humanium.org\\\/fr\\\/\"},{\"@type\":\"ListItem\",\"position\":2,\"name\":\"Les \u00e9crans perturbent-ils la capacit\u00e9 d&rsquo;attention des enfants ? Comprendre l\u2019impact du temps pass\u00e9 devant un \u00e9cran sur le d\u00e9veloppement de l\u2019enfant\"}]},{\"@type\":\"WebSite\",\"@id\":\"https:\\\/\\\/www.humanium.org\\\/fr\\\/#website\",\"url\":\"https:\\\/\\\/www.humanium.org\\\/fr\\\/\",\"name\":\"Humanium\",\"description\":\"Les enfants d\u2019abord !\",\"potentialAction\":[{\"@type\":\"SearchAction\",\"target\":{\"@type\":\"EntryPoint\",\"urlTemplate\":\"https:\\\/\\\/www.humanium.org\\\/fr\\\/?s={search_term_string}\"},\"query-input\":{\"@type\":\"PropertyValueSpecification\",\"valueRequired\":true,\"valueName\":\"search_term_string\"}}],\"inLanguage\":\"fr-FR\"},{\"@type\":\"Person\",\"@id\":\"https:\\\/\\\/www.humanium.org\\\/fr\\\/#\\\/schema\\\/person\\\/d798d6c7d59ba2307e0877f61a20ce3e\",\"name\":\"Humanium\",\"image\":{\"@type\":\"ImageObject\",\"inLanguage\":\"fr-FR\",\"@id\":\"https:\\\/\\\/secure.gravatar.com\\\/avatar\\\/22715e338d2fcc547e3a431c4738360d33fea2a4af458f865b2c3b22f1eaa51f?s=96&d=mm&r=g\",\"url\":\"https:\\\/\\\/secure.gravatar.com\\\/avatar\\\/22715e338d2fcc547e3a431c4738360d33fea2a4af458f865b2c3b22f1eaa51f?s=96&d=mm&r=g\",\"contentUrl\":\"https:\\\/\\\/secure.gravatar.com\\\/avatar\\\/22715e338d2fcc547e3a431c4738360d33fea2a4af458f865b2c3b22f1eaa51f?s=96&d=mm&r=g\",\"caption\":\"Humanium\"},\"url\":\"https:\\\/\\\/www.humanium.org\\\/fr\\\/author\\\/humanium\\\/\"}]}<\/script>\n<!-- \/ Yoast SEO plugin. -->","yoast_head_json":{"title":"Les \u00e9crans perturbent-ils la capacit\u00e9 d'attention des enfants ? Comprendre l\u2019impact du temps pass\u00e9 devant un \u00e9cran sur le d\u00e9veloppement de l\u2019enfant - Humanium","description":"Alors que le monde ne cesse d'\u00e9voluer, les enfants n'\u00e9chappent plus \u00e0 l'emprise croissante de l'innovation technologique.","robots":{"index":"index","follow":"follow","max-snippet":"max-snippet:-1","max-image-preview":"max-image-preview:large","max-video-preview":"max-video-preview:-1"},"canonical":"https:\/\/www.humanium.org\/fr\/les-ecrans-perturbent-ils-la-capacite-dattention-des-enfants-comprendre-limpact-du-temps-passe-devant-un-ecran-sur-le-developpement-de-lenfant\/","og_locale":"fr_FR","og_type":"article","og_title":"Les \u00e9crans perturbent-ils la capacit\u00e9 d'attention des enfants ? Comprendre l\u2019impact du temps pass\u00e9 devant un \u00e9cran sur le d\u00e9veloppement de l\u2019enfant - Humanium","og_description":"Alors que le monde ne cesse d'\u00e9voluer, les enfants n'\u00e9chappent plus \u00e0 l'emprise croissante de l'innovation technologique.","og_url":"https:\/\/www.humanium.org\/fr\/les-ecrans-perturbent-ils-la-capacite-dattention-des-enfants-comprendre-limpact-du-temps-passe-devant-un-ecran-sur-le-developpement-de-lenfant\/","og_site_name":"Humanium","article_published_time":"2021-03-30T19:01:45+00:00","article_modified_time":"2026-08-21T03:22:48+00:00","og_image":[{"width":2560,"height":1707,"url":"https:\/\/www.humanium.org\/fr\/wp-content\/uploads\/2021\/03\/shutterstock_1382995223-scaled.jpg","type":"image\/jpeg"}],"author":"Humanium","twitter_card":"summary_large_image","twitter_misc":{"\u00c9crit par":"Humanium","Dur\u00e9e de lecture estim\u00e9e":"13 minutes"},"schema":{"@context":"https:\/\/schema.org","@graph":[{"@type":"Article","@id":"https:\/\/www.humanium.org\/fr\/les-ecrans-perturbent-ils-la-capacite-dattention-des-enfants-comprendre-limpact-du-temps-passe-devant-un-ecran-sur-le-developpement-de-lenfant\/#article","isPartOf":{"@id":"https:\/\/www.humanium.org\/fr\/les-ecrans-perturbent-ils-la-capacite-dattention-des-enfants-comprendre-limpact-du-temps-passe-devant-un-ecran-sur-le-developpement-de-lenfant\/"},"author":{"name":"Humanium","@id":"https:\/\/www.humanium.org\/fr\/#\/schema\/person\/d798d6c7d59ba2307e0877f61a20ce3e"},"headline":"Les \u00e9crans perturbent-ils la capacit\u00e9 d&rsquo;attention des enfants ? Comprendre l\u2019impact du temps pass\u00e9 devant un \u00e9cran sur le d\u00e9veloppement de l\u2019enfant","datePublished":"2021-03-30T19:01:45+00:00","dateModified":"2026-08-21T03:22:48+00:00","mainEntityOfPage":{"@id":"https:\/\/www.humanium.org\/fr\/les-ecrans-perturbent-ils-la-capacite-dattention-des-enfants-comprendre-limpact-du-temps-passe-devant-un-ecran-sur-le-developpement-de-lenfant\/"},"wordCount":2809,"image":{"@id":"https:\/\/www.humanium.org\/fr\/les-ecrans-perturbent-ils-la-capacite-dattention-des-enfants-comprendre-limpact-du-temps-passe-devant-un-ecran-sur-le-developpement-de-lenfant\/#primaryimage"},"thumbnailUrl":"https:\/\/www.humanium.org\/fr\/wp-content\/uploads\/2021\/03\/shutterstock_1382995223-scaled.jpg","articleSection":["Droits des enfants","Exploitation","Libert\u00e9"],"inLanguage":"fr-FR"},{"@type":"WebPage","@id":"https:\/\/www.humanium.org\/fr\/les-ecrans-perturbent-ils-la-capacite-dattention-des-enfants-comprendre-limpact-du-temps-passe-devant-un-ecran-sur-le-developpement-de-lenfant\/","url":"https:\/\/www.humanium.org\/fr\/les-ecrans-perturbent-ils-la-capacite-dattention-des-enfants-comprendre-limpact-du-temps-passe-devant-un-ecran-sur-le-developpement-de-lenfant\/","name":"Les \u00e9crans perturbent-ils la capacit\u00e9 d'attention des enfants ? Comprendre l\u2019impact du temps pass\u00e9 devant un \u00e9cran sur le d\u00e9veloppement de l\u2019enfant - Humanium","isPartOf":{"@id":"https:\/\/www.humanium.org\/fr\/#website"},"primaryImageOfPage":{"@id":"https:\/\/www.humanium.org\/fr\/les-ecrans-perturbent-ils-la-capacite-dattention-des-enfants-comprendre-limpact-du-temps-passe-devant-un-ecran-sur-le-developpement-de-lenfant\/#primaryimage"},"image":{"@id":"https:\/\/www.humanium.org\/fr\/les-ecrans-perturbent-ils-la-capacite-dattention-des-enfants-comprendre-limpact-du-temps-passe-devant-un-ecran-sur-le-developpement-de-lenfant\/#primaryimage"},"thumbnailUrl":"https:\/\/www.humanium.org\/fr\/wp-content\/uploads\/2021\/03\/shutterstock_1382995223-scaled.jpg","datePublished":"2021-03-30T19:01:45+00:00","dateModified":"2026-08-21T03:22:48+00:00","author":{"@id":"https:\/\/www.humanium.org\/fr\/#\/schema\/person\/d798d6c7d59ba2307e0877f61a20ce3e"},"description":"Alors que le monde ne cesse d'\u00e9voluer, les enfants n'\u00e9chappent plus \u00e0 l'emprise croissante de l'innovation technologique.","breadcrumb":{"@id":"https:\/\/www.humanium.org\/fr\/les-ecrans-perturbent-ils-la-capacite-dattention-des-enfants-comprendre-limpact-du-temps-passe-devant-un-ecran-sur-le-developpement-de-lenfant\/#breadcrumb"},"inLanguage":"fr-FR","potentialAction":[{"@type":"ReadAction","target":["https:\/\/www.humanium.org\/fr\/les-ecrans-perturbent-ils-la-capacite-dattention-des-enfants-comprendre-limpact-du-temps-passe-devant-un-ecran-sur-le-developpement-de-lenfant\/"]}]},{"@type":"ImageObject","inLanguage":"fr-FR","@id":"https:\/\/www.humanium.org\/fr\/les-ecrans-perturbent-ils-la-capacite-dattention-des-enfants-comprendre-limpact-du-temps-passe-devant-un-ecran-sur-le-developpement-de-lenfant\/#primaryimage","url":"https:\/\/www.humanium.org\/fr\/wp-content\/uploads\/2021\/03\/shutterstock_1382995223-scaled.jpg","contentUrl":"https:\/\/www.humanium.org\/fr\/wp-content\/uploads\/2021\/03\/shutterstock_1382995223-scaled.jpg","width":2560,"height":1707},{"@type":"BreadcrumbList","@id":"https:\/\/www.humanium.org\/fr\/les-ecrans-perturbent-ils-la-capacite-dattention-des-enfants-comprendre-limpact-du-temps-passe-devant-un-ecran-sur-le-developpement-de-lenfant\/#breadcrumb","itemListElement":[{"@type":"ListItem","position":1,"name":"Home","item":"https:\/\/www.humanium.org\/fr\/"},{"@type":"ListItem","position":2,"name":"Les \u00e9crans perturbent-ils la capacit\u00e9 d&rsquo;attention des enfants ? Comprendre l\u2019impact du temps pass\u00e9 devant un \u00e9cran sur le d\u00e9veloppement de l\u2019enfant"}]},{"@type":"WebSite","@id":"https:\/\/www.humanium.org\/fr\/#website","url":"https:\/\/www.humanium.org\/fr\/","name":"Humanium","description":"Les enfants d\u2019abord !","potentialAction":[{"@type":"SearchAction","target":{"@type":"EntryPoint","urlTemplate":"https:\/\/www.humanium.org\/fr\/?s={search_term_string}"},"query-input":{"@type":"PropertyValueSpecification","valueRequired":true,"valueName":"search_term_string"}}],"inLanguage":"fr-FR"},{"@type":"Person","@id":"https:\/\/www.humanium.org\/fr\/#\/schema\/person\/d798d6c7d59ba2307e0877f61a20ce3e","name":"Humanium","image":{"@type":"ImageObject","inLanguage":"fr-FR","@id":"https:\/\/secure.gravatar.com\/avatar\/22715e338d2fcc547e3a431c4738360d33fea2a4af458f865b2c3b22f1eaa51f?s=96&d=mm&r=g","url":"https:\/\/secure.gravatar.com\/avatar\/22715e338d2fcc547e3a431c4738360d33fea2a4af458f865b2c3b22f1eaa51f?s=96&d=mm&r=g","contentUrl":"https:\/\/secure.gravatar.com\/avatar\/22715e338d2fcc547e3a431c4738360d33fea2a4af458f865b2c3b22f1eaa51f?s=96&d=mm&r=g","caption":"Humanium"},"url":"https:\/\/www.humanium.org\/fr\/author\/humanium\/"}]}},"_links":{"self":[{"href":"https:\/\/www.humanium.org\/fr\/wp-json\/wp\/v2\/posts\/49889","targetHints":{"allow":["GET"]}}],"collection":[{"href":"https:\/\/www.humanium.org\/fr\/wp-json\/wp\/v2\/posts"}],"about":[{"href":"https:\/\/www.humanium.org\/fr\/wp-json\/wp\/v2\/types\/post"}],"author":[{"embeddable":true,"href":"https:\/\/www.humanium.org\/fr\/wp-json\/wp\/v2\/users\/69"}],"replies":[{"embeddable":true,"href":"https:\/\/www.humanium.org\/fr\/wp-json\/wp\/v2\/comments?post=49889"}],"version-history":[{"count":18,"href":"https:\/\/www.humanium.org\/fr\/wp-json\/wp\/v2\/posts\/49889\/revisions"}],"predecessor-version":[{"id":62742,"href":"https:\/\/www.humanium.org\/fr\/wp-json\/wp\/v2\/posts\/49889\/revisions\/62742"}],"wp:featuredmedia":[{"embeddable":true,"href":"https:\/\/www.humanium.org\/fr\/wp-json\/wp\/v2\/media\/49890"}],"wp:attachment":[{"href":"https:\/\/www.humanium.org\/fr\/wp-json\/wp\/v2\/media?parent=49889"}],"wp:term":[{"taxonomy":"category","embeddable":true,"href":"https:\/\/www.humanium.org\/fr\/wp-json\/wp\/v2\/categories?post=49889"},{"taxonomy":"post_tag","embeddable":true,"href":"https:\/\/www.humanium.org\/fr\/wp-json\/wp\/v2\/tags?post=49889"}],"curies":[{"name":"wp","href":"https:\/\/api.w.org\/{rel}","templated":true}]}}