{"id":50558,"date":"2021-07-06T12:57:22","date_gmt":"2021-07-06T12:57:22","guid":{"rendered":"https:\/\/www.humanium.org\/fr\/?p=50558"},"modified":"2026-08-21T03:22:49","modified_gmt":"2026-08-21T03:22:49","slug":"les-consequences-negatives-de-la-fracture-numerique-pour-des-millions-denfants","status":"publish","type":"post","link":"https:\/\/www.humanium.org\/fr\/les-consequences-negatives-de-la-fracture-numerique-pour-des-millions-denfants\/","title":{"rendered":"Les cons\u00e9quences n\u00e9gatives de la fracture num\u00e9rique pour des millions d&rsquo;enfants"},"content":{"rendered":"\n<p class=\"wp-block-paragraph\"><strong>L\u2019un des aspects que la crise de la<a href=\"https:\/\/www.humanium.org\/fr\/coronavirus-un-guide-pour-enfants-en-5-questions\/\"> COVID-19<\/a>&nbsp;aura montr\u00e9 au monde est bien la n\u00e9cessit\u00e9 d\u2019avoir acc\u00e8s \u00e0 une plateforme num\u00e9rique pour pr\u00e9server un lien avec la vie qu\u2019on menait avant la pand\u00e9mie. Qu&rsquo;il s&rsquo;agisse de travailler \u00e0 domicile ou simplement de garder le contact avec les autres, l\u2019acc\u00e8s \u00e0 Internet est essentiel pour maintenir des relations. <\/strong><\/p>\n\n\n\n<p class=\"wp-block-paragraph\"><strong>Ne pouvant accueillir leurs \u00e9tudiants en classes, les \u00e9coles du monde entier se sont tourn\u00e9es vers un espace \u00e9ducatif num\u00e9rique permettant aux <a href=\"https:\/\/www.humanium.org\/fr\/droits-enfant\/\">enfants<\/a> de suivre des le\u00e7ons depuis leur domicile, en se connectant \u00e0 un portail en ligne. Bien que cela puisse sembler une \u00e9tape \u00e9vidente, en r\u00e9alit\u00e9 au moins un tiers des enfants scolaris\u00e9s dans le monde (soit 463 millions) ne peuvent pas avoir acc\u00e8s \u00e0 une <a href=\"https:\/\/www.humanium.org\/fr\/comprendre-droits-enfant\/droit-a-l-education\/\">\u00e9ducation<\/a> par le biais de l\u2019enseignement \u00e0 distance (UNICEF, 2020).<\/strong><\/p>\n\n\n\n<h2 class=\"wp-block-heading\"><strong>Une fracture num\u00e9rique chez les enfants<\/strong><\/h2>\n\n\n\n<p class=\"wp-block-paragraph\">On se rend tout de suite compte du pouvoir de la technologie lorsqu\u2019il est n\u00e9cessaire de disposer d\u2019<a href=\"https:\/\/www.humanium.org\/fr\/les-ecrans-perturbent-ils-la-capacite-dattention-des-enfants-comprendre-limpact-du-temps-passe-devant-un-ecran-sur-le-developpement-de-lenfant\/\">outils num\u00e9riques<\/a> pour fonctionner dans la vie de tous les jours. L&rsquo;efficacit\u00e9 apport\u00e9e par les applications, les sites Web et les appareils impr\u00e8gne nos routines et il est presque inimaginable de penser \u00e0 un mode de vie sans l&rsquo;aide de l&rsquo;un de ces outils. Cependant, en ces temps, il est important de s&rsquo;attaquer \u00e0 la fracture num\u00e9rique qui ferme les portes d&rsquo;acc\u00e8s et d&rsquo;opportunit\u00e9s \u00e0 des millions <a href=\"https:\/\/www.humanium.org\/fr\/enfants-monde\/\">d&rsquo;enfants \u00e0 travers le monde<\/a>. <\/p>\n\n\n\n<p class=\"wp-block-paragraph\">Lors du d\u00e9bat th\u00e9matique de haut niveau de l&rsquo;Assembl\u00e9e g\u00e9n\u00e9rale sur la coop\u00e9ration et la connectivit\u00e9 num\u00e9riques, la Vice-Secr\u00e9taire g\u00e9n\u00e9rale des Nations Unies, Amina Mohammed, a lev\u00e9 le voile sur une r\u00e9alit\u00e9 mondiale, d\u00e9clarant que pr\u00e8s de la moiti\u00e9 de la population du monde (3,7 milliards de personnes), dont la plupart sont originaires de pays en d\u00e9veloppement, n&rsquo;\u00e9tait toujours pas connect\u00e9e (Secretary-General, 2021).&nbsp;&nbsp;&nbsp;<\/p>\n\n\n\n<p class=\"wp-block-paragraph\">Il est crucial de comprendre l&rsquo;importance d&rsquo;une infrastructure num\u00e9rique solide. Des \u00e9tudes r\u00e9centes ont montr\u00e9 qu&rsquo;une solide infrastructure de connectivit\u00e9 peut att\u00e9nuer jusqu&rsquo;\u00e0 la moiti\u00e9 des impacts \u00e9conomiques n\u00e9gatifs li\u00e9s aux pand\u00e9mies (World Bank , 2020). En outre, les pays qui ont le plus souffert de la pand\u00e9mie de la<a href=\"https:\/\/www.humanium.org\/fr\/coronavirus-un-guide-pour-enfants-en-5-questions\/\"> COVID-19<\/a>, ont \u00e9t\u00e9 les pays dot\u00e9s d\u2019une infrastructure num\u00e9rique m\u00e9diocre, qui, en <a href=\"https:\/\/www.humanium.org\/fr\/qua-represente-lannee-2020-pour-les-droits-des-enfants\/\">2020<\/a>, n\u2019\u00e9taient toujours pas en mesure d\u2019offrir des services publics num\u00e9riques et d\u2019introduire les technologies num\u00e9riques au sein de l&rsquo;\u00e9conomie (World Bank , 2020).&nbsp;<\/p>\n\n\n\n<h2 class=\"wp-block-heading\"><strong>Un examen plus approfondi de la situation \u00e0 l&rsquo;\u00e9chelle mondiale<\/strong><\/h2>\n\n\n\n<p class=\"wp-block-paragraph\">Alors que par le monde, des pays confinent leurs populations, la pand\u00e9mie de la COVID-19 a \u00e9t\u00e9 \u00e0 l\u2019origine de l&rsquo;une des plus grandes perturbations massives de l&rsquo;histoire en mati\u00e8re d&rsquo;<a href=\"https:\/\/www.humanium.org\/fr\/comprendre-droits-enfant\/droit-a-l-education\/\">\u00e9ducation<\/a> et, en avril 2020, plus de 190 pays avaient ferm\u00e9 leurs \u00e9coles au niveau national (UNICEF, 2020). Bien que les disparit\u00e9s et le manque d&rsquo;acc\u00e8s soient une r\u00e9alit\u00e9 connue, ils ont \u00e9t\u00e9 amplifi\u00e9s pendant la pand\u00e9mie. Seulement 6 % des enfants et des jeunes adultes \u00e2g\u00e9s de 25 ans ou moins, qui habitent dans un pays \u00e0 faible revenu, peuvent se connecter \u00e0 Internet \u00e0 domicile &#8211; contre 87 % dans les pays \u00e0 revenu \u00e9lev\u00e9 (UNICEF, 2020).&nbsp;<\/p>\n\n\n\n<p class=\"wp-block-paragraph\">En <a href=\"https:\/\/www.humanium.org\/fr\/afrique\/\">Afrique<\/a> centrale et en Afrique de l\u2019Ouest, l\u2019acc\u00e8s \u00e0 internet pour les populations les plus pauvres est quasi inexistant, alors qu&rsquo;en Afrique de l&rsquo;Est et en Afrique australe, seuls 3 % des enfants et des jeunes adultes de 25 ans ou moins, issus des familles les plus <a href=\"https:\/\/www.humanium.org\/fr\/pauvrete\/\">pauvres<\/a>, ont acc\u00e8s \u00e0 internet \u00e0 la maison (UNICEF, 2020). \u00c0 cause du manque d&rsquo;acc\u00e8s en <a href=\"https:\/\/www.humanium.org\/fr\/afrique\/\">Afrique<\/a> subsaharienne, 90 % des \u00e9tudiants n&rsquo;ont pas d&rsquo;ordinateur \u00e0 la maison et 82 % des \u00e9tudiants \u00e9quip\u00e9s ne peuvent pas se connecter (UN, 2020).<\/p>\n\n\n\n<figure class=\"wp-block-image size-large\"><img loading=\"lazy\" decoding=\"async\" width=\"1024\" height=\"683\" src=\"https:\/\/www.humanium.org\/fr\/wp-content\/uploads\/2021\/07\/shutterstock_580207378-1024x683.jpg\" alt=\"\" class=\"wp-image-50563\" srcset=\"https:\/\/www.humanium.org\/fr\/wp-content\/uploads\/2021\/07\/shutterstock_580207378-1024x683.jpg 1024w, https:\/\/www.humanium.org\/fr\/wp-content\/uploads\/2021\/07\/shutterstock_580207378-300x200.jpg 300w, https:\/\/www.humanium.org\/fr\/wp-content\/uploads\/2021\/07\/shutterstock_580207378-768x512.jpg 768w, https:\/\/www.humanium.org\/fr\/wp-content\/uploads\/2021\/07\/shutterstock_580207378-1536x1024.jpg 1536w, https:\/\/www.humanium.org\/fr\/wp-content\/uploads\/2021\/07\/shutterstock_580207378-2048x1365.jpg 2048w, https:\/\/www.humanium.org\/fr\/wp-content\/uploads\/2021\/07\/shutterstock_580207378-830x553.jpg 830w, https:\/\/www.humanium.org\/fr\/wp-content\/uploads\/2021\/07\/shutterstock_580207378-230x153.jpg 230w, https:\/\/www.humanium.org\/fr\/wp-content\/uploads\/2021\/07\/shutterstock_580207378-350x233.jpg 350w, https:\/\/www.humanium.org\/fr\/wp-content\/uploads\/2021\/07\/shutterstock_580207378-480x320.jpg 480w, https:\/\/www.humanium.org\/fr\/wp-content\/uploads\/2021\/07\/shutterstock_580207378-272x182.jpg 272w\" sizes=\"auto, (max-width: 1024px) 100vw, 1024px\" \/><\/figure>\n\n\n\n<p class=\"wp-block-paragraph\">En <a href=\"https:\/\/www.humanium.org\/fr\/inde\/\">Inde<\/a>, des millions <a href=\"https:\/\/www.humanium.org\/fr\/droits-enfant\/\">d&rsquo;enfants<\/a> n\u2019ont aucune possibilit\u00e9 d\u2019acc\u00e9der \u00e0 l&rsquo;\u00e9ducation en ligne ; selon les statistiques, seulement 1 enfant sur 4 a acc\u00e8s aux appareils num\u00e9riques et \u00e0 une connexion Internet. En outre, il faut tenir compte de la fracture num\u00e9rique massive entre les zones rurales et urbaines qui pr\u00e9vaut en Inde depuis des d\u00e9cennies. Avant la pand\u00e9mie, seulement un quart des m\u00e9nages (24 %) du pays avaient acc\u00e8s \u00e0 Internet (UNICEF, 2021).<\/p>\n\n\n\n<p class=\"wp-block-paragraph\">En<a href=\"https:\/\/www.humanium.org\/fr\/asie-pacifique\/\"> Asie de l&rsquo;Est et dans le Pacifique<\/a>, les fermetures d&rsquo;\u00e9coles ont touch\u00e9 plus de 325 millions d&rsquo;enfants et l&rsquo;enseignement en ligne n&rsquo;est pas une solution \u00e0 long terme pour des millions d&rsquo;enfants d\u00e9favoris\u00e9s (Karin Hulshof and H.E Pirkka Tapiola, n.d.). Alors que 80 millions d&rsquo;<a href=\"https:\/\/www.humanium.org\/fr\/droits-enfant\/\">enfants<\/a> ne peuvent acc\u00e9der \u00e0 un enseignement num\u00e9rique chez eux, on estime qu&rsquo;au moins 2,7 millions dans cette r\u00e9gion ne retourneront pas \u00e0 l&rsquo;<a href=\"https:\/\/www.humanium.org\/fr\/comprendre-droits-enfant\/droit-a-l-education\/\">\u00e9cole<\/a> (Karin Hulshof and H.E Pirkka Tapiola, n.d.). Cette situation refl\u00e8te la triste r\u00e9alit\u00e9 acad\u00e9mique de la r\u00e9gion. Avant la pand\u00e9mie de la COVID-19, les deux tiers des enfants de CM2 (10 &#8211; 11 ans) \u00e9taient incapables de lire ou de comprendre les math\u00e9matiques \u00e0 un niveau minimum d\u2019apprentissage (Karin Hulshof and H.E Pirkka Tapiola, n.d.).<\/p>\n\n\n\n<p class=\"wp-block-paragraph\">Une<a href=\"https:\/\/www.humanium.org\/fr\/comprendre-droits-enfant\/droit-a-l-education\/\"> bonne \u00e9ducation<\/a> est la cl\u00e9 qui ouvre les portes vers un meilleur avenir. Alors que le monde universitaire a consid\u00e9rablement modifi\u00e9 sa structure pour s&rsquo;adapter \u00e0 la pand\u00e9mie, il est ind\u00e9niable qu\u2019un manque de connectivit\u00e9 constitue un obstacle qui emp\u00eachera des millions d&rsquo;enfants d&rsquo;avancer dans la vie (UNICEF, 2020). Par ailleurs, m\u00eame avec une connexion internet suffisamment bonne \u00e0 la maison, les enfants ne sont pas toujours en mesure d&rsquo;y acc\u00e9der en raison de la pression croissante exerc\u00e9e par les t\u00e2ches m\u00e9nag\u00e8res ou le travail, du manque d&rsquo;appareils num\u00e9riques \u00e0 partager au sein de la famille ainsi que du manque de connaissances des possibilit\u00e9s offertes en ligne. (UNICEF, 2020)<\/p>\n\n\n\n<h2 class=\"wp-block-heading\"><strong>Quelles sont les r\u00e9percussions&nbsp;?<\/strong><\/h2>\n\n\n\n<p class=\"wp-block-paragraph\">Lors de crises mondiales telles que la pand\u00e9mie de la COVID-19, les \u00e9coliers des pays \u00e0 faible revenu et \u00e0 revenu interm\u00e9diaire inf\u00e9rieur sont les moins susceptibles de voir leurs pertes d&rsquo;\u00e9ducation document\u00e9es, les moins susceptibles d&rsquo;avoir acc\u00e8s \u00e0 des cours en ligne, et les plus susceptibles d\u2019avoir des retards dans la r\u00e9ouverture de leurs \u00e9coles et de ne pas disposer de ressources ad\u00e9quates pour garantir leur s\u00e9curit\u00e9 (UNICEF, 2020). <\/p>\n\n\n\n<p class=\"wp-block-paragraph\">Dans un rapport documentant les r\u00e9sultats d&rsquo;enqu\u00eates men\u00e9es dans 150 pays sur les mesures prises par l\u2019<a href=\"https:\/\/www.humanium.org\/fr\/comprendre-droits-enfant\/droit-a-l-education\/\">\u00e9ducation<\/a> nationale face \u00e0 la COVID-19, il a \u00e9t\u00e9 constat\u00e9 que, m\u00eame si plus des deux tiers des pays ont rouvert totalement ou partiellement les \u00e9tablissements d&rsquo;enseignement, 1 sur 4 a soit manqu\u00e9 ou n&rsquo;a pas encore fix\u00e9 de date d&rsquo;ouverture, la plupart \u00e9tant des pays \u00e0 faible revenu (UNICEF, 2020). D&rsquo;autre part, seul 1 pays \u00e0 faible revenu sur 5 a d\u00e9clar\u00e9 que l&rsquo;enseignement \u00e0 distance avait la m\u00eame valeur que les jours d&rsquo;\u00e9cole officiels, ce qui explique le faible impact et l&rsquo;impossibilit\u00e9 de mesurer l&rsquo;enseignement \u00e0 distance (UNICEF, 2020).<\/p>\n\n\n\n<p class=\"wp-block-paragraph\">Bien que la transition de l&rsquo;\u00e9cole en pr\u00e9sentiel \u00e0 un enseignement en ligne depuis son domicile soit \u00e9vidente, les fermetures d&rsquo;\u00e9tablissements scolaires ont des cons\u00e9quences largement n\u00e9gatives sur les <a href=\"https:\/\/www.humanium.org\/fr\/comprendre-droits-enfant\/\">enfants<\/a> des pays \u00e0 faible revenu. Lorsque les \u00e9coles ferment, les <a href=\"https:\/\/www.humanium.org\/fr\/mariage-enfants\/\">mariages pr\u00e9coces,<\/a> <a href=\"https:\/\/www.humanium.org\/fr\/abolir-la-violence-sexuelle\/\">l&rsquo;exploitation sexuelle<\/a> des filles et des jeunes femmes, et les grossesses d&rsquo;adolescentes augmentent (UNESCO, n.d.). Le <a href=\"https:\/\/www.humanium.org\/fr\/travail-des-enfants\/\">travail des enfants<\/a> est une autre triste r\u00e9alit\u00e9 \u00e0 laquelle les enfants sont confront\u00e9s quand les \u00e9coles ferment. Il est de m\u00eame de la <a href=\"https:\/\/www.humanium.org\/fr\/comprendre-droits-enfant\/droit-a-l-alimentation\/\">malnutrition<\/a>, car nombreux sont les enfants qui d\u00e9pendent des repas gratuits ou \u00e0 prix r\u00e9duit que l&rsquo;\u00e9cole fournit, leur garantissant une bonne nutrition et une bonne sant\u00e9 (UNESCO, n.d.).&nbsp;<\/p>\n\n\n\n<h2 class=\"wp-block-heading\"><strong>R\u00e9duire la fracture num\u00e9rique entre les enfants<\/strong><\/h2>\n\n\n\n<p class=\"wp-block-paragraph\">Alors qu\u2019un flux constant de statistiques ne cesse de documenter diverses situations par le monde, celles qui concernent <a href=\"https:\/\/www.humanium.org\/fr\/comprendre-droits-enfant\/droit-a-l-education\/\">l\u2019\u00e9ducation<\/a> et mettent en lumi\u00e8re le fait qu&rsquo;elle reste un obstacle majeur pour des millions d&rsquo;enfants, ne devraient pas et ne peuvent pas passer inaper\u00e7ues. Cette pand\u00e9mie a r\u00e9affirm\u00e9 que l&rsquo;acc\u00e8s aux appareils num\u00e9riques et aux plateformes en ligne est une cl\u00e9 de l&rsquo;\u00e9ducation qui, \u00e0 son tour, ouvre la porte \u00e0 un avenir plus brillant, plus s\u00fbr et meilleur pour les <a href=\"https:\/\/www.humanium.org\/fr\/droits-enfant\/\">enfants<\/a> de notre monde.<\/p>\n\n\n\n<figure class=\"wp-block-image size-large\"><img loading=\"lazy\" decoding=\"async\" width=\"1024\" height=\"683\" src=\"https:\/\/www.humanium.org\/fr\/wp-content\/uploads\/2021\/07\/shutterstock_1799867041-1024x683.jpg\" alt=\"\" class=\"wp-image-50564\" srcset=\"https:\/\/www.humanium.org\/fr\/wp-content\/uploads\/2021\/07\/shutterstock_1799867041-1024x683.jpg 1024w, https:\/\/www.humanium.org\/fr\/wp-content\/uploads\/2021\/07\/shutterstock_1799867041-300x200.jpg 300w, https:\/\/www.humanium.org\/fr\/wp-content\/uploads\/2021\/07\/shutterstock_1799867041-768x512.jpg 768w, https:\/\/www.humanium.org\/fr\/wp-content\/uploads\/2021\/07\/shutterstock_1799867041-1536x1024.jpg 1536w, https:\/\/www.humanium.org\/fr\/wp-content\/uploads\/2021\/07\/shutterstock_1799867041-2048x1365.jpg 2048w, https:\/\/www.humanium.org\/fr\/wp-content\/uploads\/2021\/07\/shutterstock_1799867041-830x553.jpg 830w, https:\/\/www.humanium.org\/fr\/wp-content\/uploads\/2021\/07\/shutterstock_1799867041-230x153.jpg 230w, https:\/\/www.humanium.org\/fr\/wp-content\/uploads\/2021\/07\/shutterstock_1799867041-350x233.jpg 350w, https:\/\/www.humanium.org\/fr\/wp-content\/uploads\/2021\/07\/shutterstock_1799867041-480x320.jpg 480w, https:\/\/www.humanium.org\/fr\/wp-content\/uploads\/2021\/07\/shutterstock_1799867041-272x182.jpg 272w\" sizes=\"auto, (max-width: 1024px) 100vw, 1024px\" \/><\/figure>\n\n\n\n<p class=\"wp-block-paragraph\">Chez Humanium, nous nous engageons \u00e0 sensibiliser et \u00e0 prot\u00e9ger les droits des enfants dans le monde, qu&rsquo;il s&rsquo;agisse de leur droit \u00e0 <a href=\"https:\/\/www.humanium.org\/fr\/comprendre-droits-enfant\/droit-a-l-alimentation\/\">l\u2019alimentation<\/a>, \u00e0 l&rsquo;<a href=\"https:\/\/www.humanium.org\/fr\/comprendre-droits-enfant\/droit-a-l-education\/\">\u00e9ducation<\/a>, \u00e0 la <a href=\"https:\/\/www.humanium.org\/fr\/comprendre-droits-enfant\/protection\/\">protection<\/a>, \u00e0 la <a href=\"https:\/\/www.humanium.org\/fr\/comprendre-droits-enfant\/droit-a-la-sante\/\">sant\u00e9<\/a> ou \u00e0 la <a href=\"https:\/\/www.humanium.org\/fr\/comprendre-droits-enfant\/droit-aux-libertes\/\">libert\u00e9<\/a>. Si vous souhaitez soutenir Humanium dans son travail pour aider les enfants \u00e0 lutter contre les effets de cette pand\u00e9mie mondiale, pensez \u00e0 parrainer un enfant, faire un don ou devenir b\u00e9n\u00e9vole.<\/p>\n\n\n\n<p class=\"wp-block-paragraph\"><em><strong>\u00c9crit par Aditi Partha<\/strong><\/em><\/p>\n\n\n\n<p class=\"wp-block-paragraph\"><em><strong>Traduit par Jean-Christophe Brunet<\/strong><\/em><\/p>\n\n\n\n<p class=\"wp-block-paragraph\"><em><strong>Relu par Cl\u00e9ment Collin<\/strong><\/em><\/p>\n\n\n\n<h4 class=\"wp-block-heading\">Bibliographie :<\/h4>\n\n\n\n<p class=\"has-small-font-size wp-block-paragraph\"><a href=\"https:\/\/www.unicef.org\/eap\/it-time-reopen-southeast-asias-schools\" target=\"_blank\" rel=\"noreferrer noopener\">Karin Hulshof and H.E Pirkka Tapiola. (n.d.). <em>It is time to reopen Southeast Asia\u2019s schools<\/em><\/a>.<a href=\"https:\/\/www.unicef.org\/eap\/it-time-reopen-southeast-asias-schools\" target=\"_blank\" rel=\"noreferrer noopener\"> Retrieved from Unicef<\/a>.<\/p>\n\n\n\n<p class=\"has-small-font-size wp-block-paragraph\"><a href=\"https:\/\/www.un.org\/press\/en\/2021\/dsgsm1579.doc.htm\" target=\"_blank\" rel=\"noreferrer noopener\">Secretary-General, U. D. (2021, April 27). <em>With Almost Half of World\u2019s Population Still Offline, Digital Divide Risks Becoming \u2018New Face of Inequality\u2019, Deputy Secretary-General Warns General Assembly<\/em><\/a>.<a href=\"https:\/\/www.un.org\/press\/en\/2021\/dsgsm1579.doc.htm\" target=\"_blank\" rel=\"noreferrer noopener\"> Retrieved from UN<\/a>.<\/p>\n\n\n\n<p class=\"has-small-font-size wp-block-paragraph\"><a href=\"https:\/\/news.un.org\/en\/story\/2020\/12\/1080732\" target=\"_blank\" rel=\"noreferrer noopener\">UN. (2020, December 28). <em>The virus that shut down the world: Education in crisis<\/em>. Retrieved from UN News<\/a>.<\/p>\n\n\n\n<p class=\"has-small-font-size wp-block-paragraph\"><a href=\"https:\/\/en.unesco.org\/covid19\/educationresponse\/consequences\" target=\"_blank\" rel=\"noreferrer noopener\">UNESCO. (n.d.). <em>Adverse consequences of school closures<\/em><\/a>. <a href=\"https:\/\/en.unesco.org\/covid19\/educationresponse\/consequences\" target=\"_blank\" rel=\"noreferrer noopener\">Retrieved from Unesco<\/a>.<\/p>\n\n\n\n<p class=\"has-small-font-size wp-block-paragraph\"><a href=\"https:\/\/www.unicef.org\/reports\/how-many-children-and-young-people-have-internet-access-home-2020\" target=\"_blank\" rel=\"noreferrer noopener\">UNICEF. (2020). <em>How many children and young people have internet access at home? Estimating digital connectivity during the COVID-19 pandemic. <\/em>Retrieved from UNICEF<\/a>.<\/p>\n\n\n\n<p class=\"has-small-font-size wp-block-paragraph\"><a href=\"https:\/\/www.unicef.org\/press-releases\/children-poorest-countries-have-lost-nearly-four-months-schooling-start-pandemic\" target=\"_blank\" rel=\"noreferrer noopener\">UNICEF. (2020, October 29). <em>Children in the poorest countries have lost nearly four months of schooling since start of pandemic \u2013 UNESCO, UNICEF and World Bank report finds<\/em>. Retrieved from UNICEF<\/a>.<\/p>\n\n\n\n<p class=\"has-small-font-size wp-block-paragraph\"><a href=\"https:\/\/www.unicef.org\/press-releases\/covid-19-least-third-worlds-schoolchildren-unable-access-remote-learning-during\" target=\"_blank\" rel=\"noreferrer noopener\">UNICEF. (2020, August 27). <\/a><em><a href=\"COVID-19: At least a third of the world\u2019s schoolchildren unable to access remote learning during school closures, new report says\">COVID-19: At least a third of the world\u2019s schoolchildren unable to access remote learning during school closures, new report says<\/a><\/em><a href=\"COVID-19: At least a third of the world\u2019s schoolchildren unable to access remote learning during school closures, new report says\">.<\/a><a href=\"https:\/\/www.unicef.org\/press-releases\/covid-19-least-third-worlds-schoolchildren-unable-access-remote-learning-during\" target=\"_blank\" rel=\"noreferrer noopener\"> Retrieved from UNICEF<\/a>.<\/p>\n\n\n\n<p class=\"has-small-font-size wp-block-paragraph\"><a href=\"https:\/\/www.unicef.org\/romania\/press-releases\/two-thirds-worlds-school-age-children-have-no-internet-access-home-new-unicef-itu\" target=\"_blank\" rel=\"noreferrer noopener\">UNICEF. (2020, December 1). <em>Two thirds of the world\u2019s school-age children have no internet access at home, new UNICEF-ITU report says<\/em>. Retrieved from UNICEF<\/a>.<\/p>\n\n\n\n<p class=\"has-small-font-size wp-block-paragraph\"><a href=\"https:\/\/www.unicef.org\/india\/press-releases\/covid-19-schools-more-168-million-children-globally-have-been-completely-closed#:~:text=INDIA%20HIGHLIGHTS,the%20COVID%2D19%20crisis%20began.\" target=\"_blank\" rel=\"noreferrer noopener\">UNICEF. (2021, March 3). <em>COVID-19: Schools for more than 168 million children globally have been completely closed for almost a full year, says UNICEF.<\/em> Retrieved from Unicef<\/a>.<\/p>\n\n\n\n<p class=\"has-small-font-size wp-block-paragraph\">World Bank. (2020, December 2). <em>COVID-19 Prompts Urgency of Bridging Digital Divide in Central Asia<\/em>. Retrieved from World Bank.<\/p>\n","protected":false},"excerpt":{"rendered":"<p>L\u2019un des aspects que la crise de la COVID-19&nbsp;aura montr\u00e9 au monde est bien la n\u00e9cessit\u00e9 d\u2019avoir acc\u00e8s \u00e0 une plateforme num\u00e9rique pour pr\u00e9server un lien avec la vie qu\u2019on menait avant la pand\u00e9mie. Qu&rsquo;il s&rsquo;agisse de travailler \u00e0 domicile ou simplement de garder le contact avec les autres, l\u2019acc\u00e8s \u00e0 Internet est essentiel pour [&hellip;]<\/p>\n","protected":false},"author":69,"featured_media":50565,"comment_status":"closed","ping_status":"closed","sticky":false,"template":"","format":"standard","meta":{"footnotes":""},"categories":[5,231],"tags":[],"class_list":["post-50558","post","type-post","status-publish","format-standard","has-post-thumbnail","hentry","category-education","category-pauvrete"],"yoast_head":"<!-- This site is optimized with the Yoast SEO plugin v28.3 - https:\/\/yoast.com\/product\/yoast-seo-wordpress\/ -->\n<title>Les cons\u00e9quences n\u00e9gatives de la fracture num\u00e9rique pour des millions d&#039;enfants - Humanium<\/title>\n<meta name=\"description\" content=\"Au moins un tiers des enfants scolaris\u00e9s dans le monde ne peuvent pas avoir acc\u00e8s \u00e0 une \u00e9ducation par le biais de l\u2019enseignement \u00e0 distance\" \/>\n<meta name=\"robots\" content=\"index, follow, max-snippet:-1, max-image-preview:large, max-video-preview:-1\" \/>\n<link rel=\"canonical\" href=\"https:\/\/www.humanium.org\/fr\/les-consequences-negatives-de-la-fracture-numerique-pour-des-millions-denfants\/\" \/>\n<meta property=\"og:locale\" content=\"fr_FR\" \/>\n<meta property=\"og:type\" content=\"article\" \/>\n<meta property=\"og:title\" content=\"Les cons\u00e9quences n\u00e9gatives de la fracture num\u00e9rique pour des millions d&#039;enfants - Humanium\" \/>\n<meta property=\"og:description\" content=\"Au moins un tiers des enfants scolaris\u00e9s dans le monde ne peuvent pas avoir acc\u00e8s \u00e0 une \u00e9ducation par le biais de l\u2019enseignement \u00e0 distance\" \/>\n<meta property=\"og:url\" content=\"https:\/\/www.humanium.org\/fr\/les-consequences-negatives-de-la-fracture-numerique-pour-des-millions-denfants\/\" \/>\n<meta property=\"og:site_name\" content=\"Humanium\" \/>\n<meta property=\"article:published_time\" content=\"2021-07-06T12:57:22+00:00\" \/>\n<meta property=\"article:modified_time\" content=\"2026-08-21T03:22:49+00:00\" \/>\n<meta property=\"og:image\" content=\"https:\/\/www.humanium.org\/fr\/wp-content\/uploads\/2021\/07\/shutterstock_1605118543-scaled.jpg\" \/>\n\t<meta property=\"og:image:width\" content=\"2560\" \/>\n\t<meta property=\"og:image:height\" content=\"1920\" \/>\n\t<meta property=\"og:image:type\" content=\"image\/jpeg\" \/>\n<meta name=\"author\" content=\"Humanium\" \/>\n<meta name=\"twitter:card\" content=\"summary_large_image\" \/>\n<meta name=\"twitter:label1\" content=\"\u00c9crit par\" \/>\n\t<meta name=\"twitter:data1\" content=\"Humanium\" \/>\n\t<meta name=\"twitter:label2\" content=\"Dur\u00e9e de lecture estim\u00e9e\" \/>\n\t<meta name=\"twitter:data2\" content=\"8 minutes\" \/>\n<script type=\"application\/ld+json\" class=\"yoast-schema-graph\">{\"@context\":\"https:\\\/\\\/schema.org\",\"@graph\":[{\"@type\":\"Article\",\"@id\":\"https:\\\/\\\/www.humanium.org\\\/fr\\\/les-consequences-negatives-de-la-fracture-numerique-pour-des-millions-denfants\\\/#article\",\"isPartOf\":{\"@id\":\"https:\\\/\\\/www.humanium.org\\\/fr\\\/les-consequences-negatives-de-la-fracture-numerique-pour-des-millions-denfants\\\/\"},\"author\":{\"name\":\"Humanium\",\"@id\":\"https:\\\/\\\/www.humanium.org\\\/fr\\\/#\\\/schema\\\/person\\\/d798d6c7d59ba2307e0877f61a20ce3e\"},\"headline\":\"Les cons\u00e9quences n\u00e9gatives de la fracture num\u00e9rique pour des millions d&rsquo;enfants\",\"datePublished\":\"2021-07-06T12:57:22+00:00\",\"dateModified\":\"2026-08-21T03:22:49+00:00\",\"mainEntityOfPage\":{\"@id\":\"https:\\\/\\\/www.humanium.org\\\/fr\\\/les-consequences-negatives-de-la-fracture-numerique-pour-des-millions-denfants\\\/\"},\"wordCount\":1672,\"image\":{\"@id\":\"https:\\\/\\\/www.humanium.org\\\/fr\\\/les-consequences-negatives-de-la-fracture-numerique-pour-des-millions-denfants\\\/#primaryimage\"},\"thumbnailUrl\":\"https:\\\/\\\/www.humanium.org\\\/fr\\\/wp-content\\\/uploads\\\/2021\\\/07\\\/shutterstock_1605118543-scaled.jpg\",\"articleSection\":[\"Education\",\"Pauvret\u00e9\"],\"inLanguage\":\"fr-FR\"},{\"@type\":\"WebPage\",\"@id\":\"https:\\\/\\\/www.humanium.org\\\/fr\\\/les-consequences-negatives-de-la-fracture-numerique-pour-des-millions-denfants\\\/\",\"url\":\"https:\\\/\\\/www.humanium.org\\\/fr\\\/les-consequences-negatives-de-la-fracture-numerique-pour-des-millions-denfants\\\/\",\"name\":\"Les cons\u00e9quences n\u00e9gatives de la fracture num\u00e9rique pour des millions d'enfants - Humanium\",\"isPartOf\":{\"@id\":\"https:\\\/\\\/www.humanium.org\\\/fr\\\/#website\"},\"primaryImageOfPage\":{\"@id\":\"https:\\\/\\\/www.humanium.org\\\/fr\\\/les-consequences-negatives-de-la-fracture-numerique-pour-des-millions-denfants\\\/#primaryimage\"},\"image\":{\"@id\":\"https:\\\/\\\/www.humanium.org\\\/fr\\\/les-consequences-negatives-de-la-fracture-numerique-pour-des-millions-denfants\\\/#primaryimage\"},\"thumbnailUrl\":\"https:\\\/\\\/www.humanium.org\\\/fr\\\/wp-content\\\/uploads\\\/2021\\\/07\\\/shutterstock_1605118543-scaled.jpg\",\"datePublished\":\"2021-07-06T12:57:22+00:00\",\"dateModified\":\"2026-08-21T03:22:49+00:00\",\"author\":{\"@id\":\"https:\\\/\\\/www.humanium.org\\\/fr\\\/#\\\/schema\\\/person\\\/d798d6c7d59ba2307e0877f61a20ce3e\"},\"description\":\"Au moins un tiers des enfants scolaris\u00e9s dans le monde ne peuvent pas avoir acc\u00e8s \u00e0 une \u00e9ducation par le biais de l\u2019enseignement \u00e0 distance\",\"breadcrumb\":{\"@id\":\"https:\\\/\\\/www.humanium.org\\\/fr\\\/les-consequences-negatives-de-la-fracture-numerique-pour-des-millions-denfants\\\/#breadcrumb\"},\"inLanguage\":\"fr-FR\",\"potentialAction\":[{\"@type\":\"ReadAction\",\"target\":[\"https:\\\/\\\/www.humanium.org\\\/fr\\\/les-consequences-negatives-de-la-fracture-numerique-pour-des-millions-denfants\\\/\"]}]},{\"@type\":\"ImageObject\",\"inLanguage\":\"fr-FR\",\"@id\":\"https:\\\/\\\/www.humanium.org\\\/fr\\\/les-consequences-negatives-de-la-fracture-numerique-pour-des-millions-denfants\\\/#primaryimage\",\"url\":\"https:\\\/\\\/www.humanium.org\\\/fr\\\/wp-content\\\/uploads\\\/2021\\\/07\\\/shutterstock_1605118543-scaled.jpg\",\"contentUrl\":\"https:\\\/\\\/www.humanium.org\\\/fr\\\/wp-content\\\/uploads\\\/2021\\\/07\\\/shutterstock_1605118543-scaled.jpg\",\"width\":2560,\"height\":1920},{\"@type\":\"BreadcrumbList\",\"@id\":\"https:\\\/\\\/www.humanium.org\\\/fr\\\/les-consequences-negatives-de-la-fracture-numerique-pour-des-millions-denfants\\\/#breadcrumb\",\"itemListElement\":[{\"@type\":\"ListItem\",\"position\":1,\"name\":\"Home\",\"item\":\"https:\\\/\\\/www.humanium.org\\\/fr\\\/\"},{\"@type\":\"ListItem\",\"position\":2,\"name\":\"Les cons\u00e9quences n\u00e9gatives de la fracture num\u00e9rique pour des millions d&rsquo;enfants\"}]},{\"@type\":\"WebSite\",\"@id\":\"https:\\\/\\\/www.humanium.org\\\/fr\\\/#website\",\"url\":\"https:\\\/\\\/www.humanium.org\\\/fr\\\/\",\"name\":\"Humanium\",\"description\":\"Les enfants d\u2019abord !\",\"potentialAction\":[{\"@type\":\"SearchAction\",\"target\":{\"@type\":\"EntryPoint\",\"urlTemplate\":\"https:\\\/\\\/www.humanium.org\\\/fr\\\/?s={search_term_string}\"},\"query-input\":{\"@type\":\"PropertyValueSpecification\",\"valueRequired\":true,\"valueName\":\"search_term_string\"}}],\"inLanguage\":\"fr-FR\"},{\"@type\":\"Person\",\"@id\":\"https:\\\/\\\/www.humanium.org\\\/fr\\\/#\\\/schema\\\/person\\\/d798d6c7d59ba2307e0877f61a20ce3e\",\"name\":\"Humanium\",\"image\":{\"@type\":\"ImageObject\",\"inLanguage\":\"fr-FR\",\"@id\":\"https:\\\/\\\/secure.gravatar.com\\\/avatar\\\/22715e338d2fcc547e3a431c4738360d33fea2a4af458f865b2c3b22f1eaa51f?s=96&d=mm&r=g\",\"url\":\"https:\\\/\\\/secure.gravatar.com\\\/avatar\\\/22715e338d2fcc547e3a431c4738360d33fea2a4af458f865b2c3b22f1eaa51f?s=96&d=mm&r=g\",\"contentUrl\":\"https:\\\/\\\/secure.gravatar.com\\\/avatar\\\/22715e338d2fcc547e3a431c4738360d33fea2a4af458f865b2c3b22f1eaa51f?s=96&d=mm&r=g\",\"caption\":\"Humanium\"},\"url\":\"https:\\\/\\\/www.humanium.org\\\/fr\\\/author\\\/humanium\\\/\"}]}<\/script>\n<!-- \/ Yoast SEO plugin. -->","yoast_head_json":{"title":"Les cons\u00e9quences n\u00e9gatives de la fracture num\u00e9rique pour des millions d'enfants - Humanium","description":"Au moins un tiers des enfants scolaris\u00e9s dans le monde ne peuvent pas avoir acc\u00e8s \u00e0 une \u00e9ducation par le biais de l\u2019enseignement \u00e0 distance","robots":{"index":"index","follow":"follow","max-snippet":"max-snippet:-1","max-image-preview":"max-image-preview:large","max-video-preview":"max-video-preview:-1"},"canonical":"https:\/\/www.humanium.org\/fr\/les-consequences-negatives-de-la-fracture-numerique-pour-des-millions-denfants\/","og_locale":"fr_FR","og_type":"article","og_title":"Les cons\u00e9quences n\u00e9gatives de la fracture num\u00e9rique pour des millions d'enfants - Humanium","og_description":"Au moins un tiers des enfants scolaris\u00e9s dans le monde ne peuvent pas avoir acc\u00e8s \u00e0 une \u00e9ducation par le biais de l\u2019enseignement \u00e0 distance","og_url":"https:\/\/www.humanium.org\/fr\/les-consequences-negatives-de-la-fracture-numerique-pour-des-millions-denfants\/","og_site_name":"Humanium","article_published_time":"2021-07-06T12:57:22+00:00","article_modified_time":"2026-08-21T03:22:49+00:00","og_image":[{"width":2560,"height":1920,"url":"https:\/\/www.humanium.org\/fr\/wp-content\/uploads\/2021\/07\/shutterstock_1605118543-scaled.jpg","type":"image\/jpeg"}],"author":"Humanium","twitter_card":"summary_large_image","twitter_misc":{"\u00c9crit par":"Humanium","Dur\u00e9e de lecture estim\u00e9e":"8 minutes"},"schema":{"@context":"https:\/\/schema.org","@graph":[{"@type":"Article","@id":"https:\/\/www.humanium.org\/fr\/les-consequences-negatives-de-la-fracture-numerique-pour-des-millions-denfants\/#article","isPartOf":{"@id":"https:\/\/www.humanium.org\/fr\/les-consequences-negatives-de-la-fracture-numerique-pour-des-millions-denfants\/"},"author":{"name":"Humanium","@id":"https:\/\/www.humanium.org\/fr\/#\/schema\/person\/d798d6c7d59ba2307e0877f61a20ce3e"},"headline":"Les cons\u00e9quences n\u00e9gatives de la fracture num\u00e9rique pour des millions d&rsquo;enfants","datePublished":"2021-07-06T12:57:22+00:00","dateModified":"2026-08-21T03:22:49+00:00","mainEntityOfPage":{"@id":"https:\/\/www.humanium.org\/fr\/les-consequences-negatives-de-la-fracture-numerique-pour-des-millions-denfants\/"},"wordCount":1672,"image":{"@id":"https:\/\/www.humanium.org\/fr\/les-consequences-negatives-de-la-fracture-numerique-pour-des-millions-denfants\/#primaryimage"},"thumbnailUrl":"https:\/\/www.humanium.org\/fr\/wp-content\/uploads\/2021\/07\/shutterstock_1605118543-scaled.jpg","articleSection":["Education","Pauvret\u00e9"],"inLanguage":"fr-FR"},{"@type":"WebPage","@id":"https:\/\/www.humanium.org\/fr\/les-consequences-negatives-de-la-fracture-numerique-pour-des-millions-denfants\/","url":"https:\/\/www.humanium.org\/fr\/les-consequences-negatives-de-la-fracture-numerique-pour-des-millions-denfants\/","name":"Les cons\u00e9quences n\u00e9gatives de la fracture num\u00e9rique pour des millions d'enfants - Humanium","isPartOf":{"@id":"https:\/\/www.humanium.org\/fr\/#website"},"primaryImageOfPage":{"@id":"https:\/\/www.humanium.org\/fr\/les-consequences-negatives-de-la-fracture-numerique-pour-des-millions-denfants\/#primaryimage"},"image":{"@id":"https:\/\/www.humanium.org\/fr\/les-consequences-negatives-de-la-fracture-numerique-pour-des-millions-denfants\/#primaryimage"},"thumbnailUrl":"https:\/\/www.humanium.org\/fr\/wp-content\/uploads\/2021\/07\/shutterstock_1605118543-scaled.jpg","datePublished":"2021-07-06T12:57:22+00:00","dateModified":"2026-08-21T03:22:49+00:00","author":{"@id":"https:\/\/www.humanium.org\/fr\/#\/schema\/person\/d798d6c7d59ba2307e0877f61a20ce3e"},"description":"Au moins un tiers des enfants scolaris\u00e9s dans le monde ne peuvent pas avoir acc\u00e8s \u00e0 une \u00e9ducation par le biais de l\u2019enseignement \u00e0 distance","breadcrumb":{"@id":"https:\/\/www.humanium.org\/fr\/les-consequences-negatives-de-la-fracture-numerique-pour-des-millions-denfants\/#breadcrumb"},"inLanguage":"fr-FR","potentialAction":[{"@type":"ReadAction","target":["https:\/\/www.humanium.org\/fr\/les-consequences-negatives-de-la-fracture-numerique-pour-des-millions-denfants\/"]}]},{"@type":"ImageObject","inLanguage":"fr-FR","@id":"https:\/\/www.humanium.org\/fr\/les-consequences-negatives-de-la-fracture-numerique-pour-des-millions-denfants\/#primaryimage","url":"https:\/\/www.humanium.org\/fr\/wp-content\/uploads\/2021\/07\/shutterstock_1605118543-scaled.jpg","contentUrl":"https:\/\/www.humanium.org\/fr\/wp-content\/uploads\/2021\/07\/shutterstock_1605118543-scaled.jpg","width":2560,"height":1920},{"@type":"BreadcrumbList","@id":"https:\/\/www.humanium.org\/fr\/les-consequences-negatives-de-la-fracture-numerique-pour-des-millions-denfants\/#breadcrumb","itemListElement":[{"@type":"ListItem","position":1,"name":"Home","item":"https:\/\/www.humanium.org\/fr\/"},{"@type":"ListItem","position":2,"name":"Les cons\u00e9quences n\u00e9gatives de la fracture num\u00e9rique pour des millions d&rsquo;enfants"}]},{"@type":"WebSite","@id":"https:\/\/www.humanium.org\/fr\/#website","url":"https:\/\/www.humanium.org\/fr\/","name":"Humanium","description":"Les enfants d\u2019abord !","potentialAction":[{"@type":"SearchAction","target":{"@type":"EntryPoint","urlTemplate":"https:\/\/www.humanium.org\/fr\/?s={search_term_string}"},"query-input":{"@type":"PropertyValueSpecification","valueRequired":true,"valueName":"search_term_string"}}],"inLanguage":"fr-FR"},{"@type":"Person","@id":"https:\/\/www.humanium.org\/fr\/#\/schema\/person\/d798d6c7d59ba2307e0877f61a20ce3e","name":"Humanium","image":{"@type":"ImageObject","inLanguage":"fr-FR","@id":"https:\/\/secure.gravatar.com\/avatar\/22715e338d2fcc547e3a431c4738360d33fea2a4af458f865b2c3b22f1eaa51f?s=96&d=mm&r=g","url":"https:\/\/secure.gravatar.com\/avatar\/22715e338d2fcc547e3a431c4738360d33fea2a4af458f865b2c3b22f1eaa51f?s=96&d=mm&r=g","contentUrl":"https:\/\/secure.gravatar.com\/avatar\/22715e338d2fcc547e3a431c4738360d33fea2a4af458f865b2c3b22f1eaa51f?s=96&d=mm&r=g","caption":"Humanium"},"url":"https:\/\/www.humanium.org\/fr\/author\/humanium\/"}]}},"_links":{"self":[{"href":"https:\/\/www.humanium.org\/fr\/wp-json\/wp\/v2\/posts\/50558","targetHints":{"allow":["GET"]}}],"collection":[{"href":"https:\/\/www.humanium.org\/fr\/wp-json\/wp\/v2\/posts"}],"about":[{"href":"https:\/\/www.humanium.org\/fr\/wp-json\/wp\/v2\/types\/post"}],"author":[{"embeddable":true,"href":"https:\/\/www.humanium.org\/fr\/wp-json\/wp\/v2\/users\/69"}],"replies":[{"embeddable":true,"href":"https:\/\/www.humanium.org\/fr\/wp-json\/wp\/v2\/comments?post=50558"}],"version-history":[{"count":13,"href":"https:\/\/www.humanium.org\/fr\/wp-json\/wp\/v2\/posts\/50558\/revisions"}],"predecessor-version":[{"id":62747,"href":"https:\/\/www.humanium.org\/fr\/wp-json\/wp\/v2\/posts\/50558\/revisions\/62747"}],"wp:featuredmedia":[{"embeddable":true,"href":"https:\/\/www.humanium.org\/fr\/wp-json\/wp\/v2\/media\/50565"}],"wp:attachment":[{"href":"https:\/\/www.humanium.org\/fr\/wp-json\/wp\/v2\/media?parent=50558"}],"wp:term":[{"taxonomy":"category","embeddable":true,"href":"https:\/\/www.humanium.org\/fr\/wp-json\/wp\/v2\/categories?post=50558"},{"taxonomy":"post_tag","embeddable":true,"href":"https:\/\/www.humanium.org\/fr\/wp-json\/wp\/v2\/tags?post=50558"}],"curies":[{"name":"wp","href":"https:\/\/api.w.org\/{rel}","templated":true}]}}