{"id":50737,"date":"2021-08-03T07:16:37","date_gmt":"2021-08-03T07:16:37","guid":{"rendered":"https:\/\/www.humanium.org\/fr\/?p=50737"},"modified":"2026-08-21T03:19:16","modified_gmt":"2026-08-21T03:19:16","slug":"nouvelle-loi-anti-lgbtqi-en-hongrie-deterioration-de-lesprit-de-comprehension-de-paix-et-de-tolerance","status":"publish","type":"post","link":"https:\/\/www.humanium.org\/fr\/nouvelle-loi-anti-lgbtqi-en-hongrie-deterioration-de-lesprit-de-comprehension-de-paix-et-de-tolerance\/","title":{"rendered":"Nouvelle loi anti-LGBTQI+ en Hongrie : d\u00e9t\u00e9rioration de l\u2019esprit de compr\u00e9hension, de paix et de tol\u00e9rance"},"content":{"rendered":"\n<p class=\"wp-block-paragraph\"><strong>Le 15 juin 2021, le gouvernement <\/strong><a href=\"https:\/\/www.humanium.org\/fr\/hongrie\/\"><strong>hongrois<\/strong><\/a><strong> a adopt\u00e9 une nouvelle loi qui a rapidement suscit\u00e9 l\u2019indignation internationale. \u00c0 l\u2019origine, cette loi visait \u00e0 lutter contre la p\u00e9docriminalit\u00e9, mais elle pourrait avoir de graves cons\u00e9quences sur les droits des <\/strong><a href=\"https:\/\/www.humanium.org\/fr\/discriminations\/enfants-lgbtq\/\"><strong>enfants LGBTQI+<\/strong><\/a><strong>. Toutefois, le gouvernement <\/strong><a href=\"https:\/\/www.humanium.org\/fr\/hongrie\/\"><strong>hongrois<\/strong><\/a><strong> a insist\u00e9 sur le fait que la loi a \u00e9t\u00e9 adopt\u00e9e dans le but de prot\u00e9ger les enfants et leurs droits. Que change cette loi nouvellement promulgu\u00e9e et prot\u00e8ge-t-elle r\u00e9ellement les enfants ?<\/strong><\/p>\n\n\n\n<h2 class=\"wp-block-heading\"><strong>Une loi contre la p\u00e9dophilie modifi\u00e9e<\/strong><\/h2>\n\n\n\n<p class=\"wp-block-paragraph\">Au printemps 2019, l\u2019ancien ambassadeur <a href=\"https:\/\/www.humanium.org\/fr\/hongrie\/\">hongrois<\/a> au P\u00e9rou, Gab\u00f3r Kaleta, a \u00e9t\u00e9 appr\u00e9hend\u00e9 : pr\u00e8s de 20 000 clich\u00e9s d\u2019enfants ont \u00e9t\u00e9 retrouv\u00e9s sur son ordinateur (Andr\u00e1s &amp; Zolt\u00e1n, 2020). Kaleta a \u00e9cop\u00e9 d\u2019une amende de 1500 \u20ac et d\u2019une peine de prison avec sursis. Une peine jug\u00e9e bien trop l\u00e9g\u00e8re par la population qui estime qu\u2019il s\u2019agit d\u2019une insulte pour les personnes concern\u00e9es (Zolt\u00e1n, 2021).\u00c0 la suite de ce scandale, le <a href=\"https:\/\/www.humanium.org\/fr\/hongrie\/\">parti au pouvoir<\/a> a pris des mesures afin de lutter plus efficacement contre les criminels sexuels.&nbsp;&nbsp;<\/p>\n\n\n\n<p class=\"wp-block-paragraph\">Toutefois, avant le vote final sur le projet de loi, des amendements l\u00e9gislatifs cl\u00e9s ont \u00e9t\u00e9 ajout\u00e9s. Ce qui \u00e9tait au d\u00e9part une loi condamnant et punissant les crimes p\u00e9dophiles a \u00e9t\u00e9 d\u00e9tourn\u00e9 pour tenter d\u2019assimiler p\u00e9dophilie et minorit\u00e9s <a href=\"https:\/\/www.humanium.org\/fr\/discriminations\/enfants-lgbtq\/\">LGBTQI+<\/a> (Zolt\u00e1n, 2021). Malheureusement, ce n\u2019est pas la premi\u00e8re fois que la <a href=\"https:\/\/www.humanium.org\/fr\/hongrie\/\">Hongrie<\/a> prend des mesures l\u00e9gislatives visant \u00e0 affaiblir la position de la communaut\u00e9 <a href=\"https:\/\/www.humanium.org\/fr\/discriminations\/enfants-lgbtq\/\">LGBTQI+<\/a> dans la soci\u00e9t\u00e9 <a href=\"https:\/\/www.humanium.org\/fr\/hongrie\/\">hongroise<\/a>(Attila &amp; Kov\u00e1cs, 2020).&nbsp;&nbsp;&nbsp;<\/p>\n\n\n\n<h2 class=\"wp-block-heading\"><strong>Ce que dit la loi hongroise<\/strong><\/h2>\n\n\n\n<p class=\"wp-block-paragraph\">Le premier point de la loi est examin\u00e9 de tr\u00e8s pr\u00e8s : \u00ab&nbsp;les contenus qui repr\u00e9sentent le changement de sexe et l\u2019homosexualit\u00e9 ne doivent pas \u00eatre accessibles aux moins de 18 ans&nbsp;\u00bb (Zolt\u00e1n, 2021). Cette loi pourrait effectivement interdire la diffusion aux mineurs de tous les m\u00e9dias tels que, mais pas seulement, les \u00e9missions de t\u00e9l\u00e9vision, les films et la musique qui comportent des contenus li\u00e9s aux <a href=\"https:\/\/www.humanium.org\/fr\/discriminations\/enfants-lgbtq\/\">LGBTQI+<\/a>. Sur cette base, des s\u00e9ries comme <em>Modern Family<\/em> ou certains films <em>Harry Potter<\/em> ne seraient diffus\u00e9s qu\u2019\u00e0 partir de 23 heures et seraient regroup\u00e9s dans la m\u00eame cat\u00e9gorie que les films d\u2019horreur les plus gores (Zolt\u00e1n, 2021).<\/p>\n\n\n\n<p class=\"wp-block-paragraph\">Le texte de la loi est tr\u00e8s ambigu, ce qui pose un (autre) probl\u00e8me. En effet, la loi ne pr\u00e9cise nulle part ce qui peut \u00eatre consid\u00e9r\u00e9 comme une \u00ab&nbsp;repr\u00e9sentation&nbsp;\u00bb de l\u2019homosexualit\u00e9 ou du changement de sexe. Il est donc difficile de savoir quels m\u00e9dias sont concern\u00e9s par cette interdiction nouvellement promulgu\u00e9e. Par ailleurs, la loi interdit les publicit\u00e9s qui incluent du contenu <a href=\"https:\/\/www.humanium.org\/fr\/discriminations\/enfants-lgbtq\/\">LGBTQI+<\/a>. Sur cette base, les publicit\u00e9s d\u2019entreprise d\u00e9montrant une solidarit\u00e9 avec la cause <a href=\"https:\/\/www.humanium.org\/fr\/discriminations\/enfants-lgbtq\/\">LGBTQI+<\/a> et promouvant le respect mutuel entre tous ne pourront pas \u00eatre montr\u00e9es au grand public.<\/p>\n\n\n\n<p class=\"wp-block-paragraph\">Le deuxi\u00e8me point de la loi dispose que la promotion de l\u2019homosexualit\u00e9 et du changement de sexe ne pourront plus faire partie de l\u2019\u00e9ducation sexuelle \u00e0 l\u2019\u00e9cole.&nbsp; Tout comme le point pr\u00e9c\u00e9dent, la loi ne pr\u00e9cise pas ce qui est consid\u00e9r\u00e9 comme la \u00ab&nbsp;promotion&nbsp;\u00bb des th\u00e9matiques <a href=\"https:\/\/www.humanium.org\/fr\/discriminations\/enfants-lgbtq\/\">LGBTQI+<\/a>. N\u00e9anmoins, cela pourrait bien signifier que les enfants ne recevront plus d\u2019informations vari\u00e9es sur <a href=\"https:\/\/www.humanium.org\/fr\/sexualite-des-adolescents\/\">le sexe, les relations sexuelles et les orientations sexuelles<\/a>. De plus, les cours d\u2019<a href=\"https:\/\/www.humanium.org\/fr\/comprendre-droits-enfant\/droit-a-l-education\/\">\u00e9ducation sexuelle<\/a> devront \u00eatre assur\u00e9s par des organisations agr\u00e9\u00e9es par l\u2019\u00c9tat, ce qui r\u00e9duit davantage <a href=\"https:\/\/www.humanium.org\/fr\/comprendre-droits-enfant\/droit-a-l-education\/\">l\u2019\u00e9ducation sexuelle<\/a> \u00e0 un r\u00e9cit convenu par le biais d&rsquo;une licence gouvernementale (Zolt\u00e1n, 2021). Un r\u00e9cit qui est loin d\u2019\u00eatre inclusif(Gyollai &amp; Korkut, 2020).&nbsp;<\/p>\n\n\n\n<p class=\"wp-block-paragraph\">Ce r\u00e9cit suscite une autre inqui\u00e9tude. Les termes non d\u00e9finis dans la loi, tels que \u00ab&nbsp;repr\u00e9sentation&nbsp;\u00bb et \u00ab&nbsp;promotion&nbsp;\u00bb, devront \u00eatre interpr\u00e9t\u00e9s par le biais de directives gouvernementales ou de litiges. Dans un cas comme dans l\u2019autre, compte tenu de la tendance juridique actuelle en Hongrie, il est probable que des termes tels que ceux-ci seront interpr\u00e9t\u00e9s de mani\u00e8re large et en faveur du r\u00e9cit actuel.<\/p>\n\n\n\n<p class=\"wp-block-paragraph\">De nombreux gouvernements et groupes de d\u00e9fense des droits humains ont fait part de leurs pr\u00e9occupations, et \u00e0 juste titre (Siebold &amp; Baczynska, 2021). Toutefois, dans la temp\u00eate de d\u00e9bats qui entoure la derni\u00e8re mesure l\u00e9gislative <a href=\"https:\/\/www.humanium.org\/fr\/hongrie\/\">hongroise<\/a>, on en perd le v\u00e9ritable objectif de la loi. Ce qui aurait pu \u00eatre au d\u00e9part une cause admirable, \u00e0 savoir assurer la protection des enfants et de leurs droits, soul\u00e8ve maintenant la question suivante : cette nouvelle loi prot\u00e8ge-t-elle r\u00e9ellement les enfants ?<\/p>\n\n\n\n<h2 class=\"wp-block-heading\"><strong>Les lois qui prot\u00e8gent les enfants<\/strong><\/h2>\n\n\n\n<p class=\"wp-block-paragraph\"><a href=\"https:\/\/www.humanium.org\/fr\/convention\/\">La Convention relative aux Droits de l\u2019Enfant<\/a> (CDE) est consid\u00e9r\u00e9e comme la source juridique la plus largement adopt\u00e9e et faisant autorit\u00e9 en mati\u00e8re de protection des enfants (Tobin, 2019). Actuellement, 196 \u00c9tats ont <a href=\"https:\/\/www.humanium.org\/fr\/etats-signataires-et-parties\/\">ratifi\u00e9 la Convention<\/a>, dont la <a href=\"https:\/\/www.humanium.org\/fr\/hongrie\/\">Hongrie<\/a>. Les \u00c9tats qui l\u2019ont <a href=\"https:\/\/www.humanium.org\/fr\/convention\/\">ratifi\u00e9e<\/a> sont tenus d\u2019\u00e9laborer leurs lois et leurs politiques en s\u2019inspirant des droits qui y sont consacr\u00e9s pour les guider (UNICEF, 2007). Il est donc important de comparer et de mettre en perspective les dispositions <a href=\"https:\/\/www.humanium.org\/fr\/hongrie\/\">hongroises<\/a> avec les droits contenus dans la <a href=\"https:\/\/www.humanium.org\/fr\/convention\/\">CDE<\/a>.&nbsp;<\/p>\n\n\n\n<figure class=\"wp-block-image size-large\"><img loading=\"lazy\" decoding=\"async\" width=\"1024\" height=\"731\" src=\"https:\/\/www.humanium.org\/fr\/wp-content\/uploads\/2021\/08\/shutterstock_178534223-1024x731.jpg\" alt=\"\" class=\"wp-image-50739\" srcset=\"https:\/\/www.humanium.org\/fr\/wp-content\/uploads\/2021\/08\/shutterstock_178534223-1024x731.jpg 1024w, https:\/\/www.humanium.org\/fr\/wp-content\/uploads\/2021\/08\/shutterstock_178534223-300x214.jpg 300w, https:\/\/www.humanium.org\/fr\/wp-content\/uploads\/2021\/08\/shutterstock_178534223-768x548.jpg 768w, https:\/\/www.humanium.org\/fr\/wp-content\/uploads\/2021\/08\/shutterstock_178534223-1536x1097.jpg 1536w, https:\/\/www.humanium.org\/fr\/wp-content\/uploads\/2021\/08\/shutterstock_178534223-2048x1462.jpg 2048w, https:\/\/www.humanium.org\/fr\/wp-content\/uploads\/2021\/08\/shutterstock_178534223-830x593.jpg 830w, https:\/\/www.humanium.org\/fr\/wp-content\/uploads\/2021\/08\/shutterstock_178534223-230x164.jpg 230w, https:\/\/www.humanium.org\/fr\/wp-content\/uploads\/2021\/08\/shutterstock_178534223-350x250.jpg 350w, https:\/\/www.humanium.org\/fr\/wp-content\/uploads\/2021\/08\/shutterstock_178534223-480x343.jpg 480w\" sizes=\"auto, (max-width: 1024px) 100vw, 1024px\" \/><\/figure>\n\n\n\n<p class=\"wp-block-paragraph\">L\u2019article 13 de la Convention d\u00e9clare que l\u2019enfant a <a href=\"https:\/\/www.humanium.org\/fr\/situation-monde\/droit-aux-libertes\/\">droit \u00e0 la libert\u00e9 d\u2019expression<\/a>. Il est important de pr\u00e9ciser que le <a href=\"https:\/\/www.humanium.org\/fr\/situation-monde\/droit-aux-libertes\/\">droit \u00e0 la libert\u00e9 d\u2019expression<\/a> n\u2019est pas exclusif aux droits de l\u2019enfant, il est pr\u00e9sent dans presque tous les principaux instruments des droits de l\u2019homme (Tobin &amp; Parkes, 2019). Cependant, il a \u00e9t\u00e9 inclus dans la <a href=\"https:\/\/www.humanium.org\/fr\/convention\/\">CDE<\/a> afin de consacrer ce droit pour les enfants, \u00e9tant donn\u00e9 qu\u2019il s\u2019agit d\u2019un droit souvent ignor\u00e9 ou n\u00e9glig\u00e9 (Tobin &amp; Parkes, 2019). Ce <a href=\"https:\/\/www.humanium.org\/fr\/situation-monde\/droit-aux-libertes\/\">droit \u00e0 la libert\u00e9 d\u2019expression<\/a> devait y \u00eatre ancr\u00e9 car il est consid\u00e9r\u00e9 comme un \u00e9l\u00e9ment essentiel de la dignit\u00e9 humaine et du d\u00e9veloppement de l\u2019enfant, et comme la pierre angulaire d\u2019une soci\u00e9t\u00e9 d\u00e9mocratique (Tobin &amp; Parkes, 2019).<\/p>\n\n\n\n<h2 class=\"wp-block-heading\"><strong>Le droit \u00e0 la libert\u00e9 des enfants gravement affect\u00e9<\/strong><\/h2>\n\n\n\n<p class=\"wp-block-paragraph\">Il est tout simplement essentiel pour les adultes et les enfants que le <a href=\"https:\/\/www.humanium.org\/fr\/situation-monde\/droit-aux-libertes\/\">droit \u00e0 la libert\u00e9 d\u2019expression<\/a> ne soit pas interpr\u00e9t\u00e9 de mani\u00e8re restrictive. Ce droit implique le droit de chercher, de recevoir et de communiquer des informations. La port\u00e9e de ce droit est large, mais aux fins de la loi <a href=\"https:\/\/www.humanium.org\/fr\/hongrie\/\">hongroise<\/a>, le droit de chercher et de recevoir des informations est particuli\u00e8rement pertinent. Ce droit, souvent appel\u00e9 droit d\u2019acc\u00e8s \u00e0 l\u2019information, garantit tout d\u2019abord que les enfants ont acc\u00e8s aux informations et aux id\u00e9es de toutes sortes. <\/p>\n\n\n\n<p class=\"wp-block-paragraph\">Cela inclut, sans s\u2019y limiter, les informations et les id\u00e9es relatives aux informations concernant <a href=\"https:\/\/www.humanium.org\/fr\/sexualite-des-adolescents\/\">l\u2019orientation sexuelle<\/a> et l\u2019identit\u00e9 de genre (Thoreson, 2015; Tobin &amp; Parkes, 2019). Mieux encore, ces informations sont consid\u00e9r\u00e9es comme un \u00e9l\u00e9ment essentiel du droit des enfants \u00e0 acc\u00e9der \u00e0 l&rsquo;information (Thoreson, 2015). C&rsquo;est essentiel, car le d\u00e9veloppement sexuel, comme <a href=\"https:\/\/www.humanium.org\/fr\/sexualite-des-adolescents\/\">l&rsquo;orientation sexuelle<\/a>, commence \u00e0 un \u00e2ge tr\u00e8s pr\u00e9coce (Cacciatore et al., 2019).<\/p>\n\n\n\n<p class=\"wp-block-paragraph\">Deuxi\u00e8mement, le droit d&rsquo;acc\u00e8s \u00e0 l&rsquo;information dispose que l&rsquo;enfant est libre de choisir les m\u00e9dias qu&rsquo;il utilise pour rechercher et recevoir des informations. Cela inclut des moyens tels que le syst\u00e8me \u00e9ducatif et les m\u00e9dias de masse. \u00c0 ce titre, l\u2019article 29 de la CDE oblige l\u2019\u00c9tat \u00e0 mettre en place des syst\u00e8mes \u00e9ducatifs qui fournissent les informations n\u00e9cessaires concernant <a href=\"https:\/\/www.humanium.org\/fr\/sexualite-des-adolescents\/\">l\u2019orientation sexuelle<\/a> et l\u2019identit\u00e9 de genre aux fins du d\u00e9veloppement personnel des enfants (Tobin &amp; Parkes, 2019). <\/p>\n\n\n\n<p class=\"wp-block-paragraph\">Plus important encore, l\u2019article 17 de la CDE souligne le r\u00f4le crucial des m\u00e9dias de masse dans la mise \u00e0 disposition et la diffusion de ces informations aux enfants (Tobin &amp; Handsley, 2019; Tobin &amp; Parkes, 2019; UNICEF, 2007).&nbsp;En r\u00e9sum\u00e9, le <a href=\"https:\/\/www.humanium.org\/fr\/situation-monde\/droit-aux-libertes\/\">droit \u00e0 la libert\u00e9 d\u2019expression<\/a> implique que les enfants doivent avoir acc\u00e8s aux informations concernant <a href=\"https:\/\/www.humanium.org\/fr\/sexualite-des-adolescents\/\">l\u2019orientation sexuelle<\/a> et l\u2019identit\u00e9 de genre par le biais d\u2019une multitude de sources, parmi lesquelles figure le syst\u00e8me \u00e9ducatif et les m\u00e9dias de masse.<\/p>\n\n\n\n<h2 class=\"wp-block-heading\"><strong>Dans un esprit de compr\u00e9hension<\/strong><\/h2>\n\n\n\n<p class=\"wp-block-paragraph\">La loi <a href=\"https:\/\/www.humanium.org\/fr\/hongrie\/\">hongroise<\/a> interdit aux m\u00e9dias de masse de fournir aux enfants des informations relatives aux <a href=\"https:\/\/www.humanium.org\/fr\/discriminations\/enfants-lgbtq\/\">LGBTQI+<\/a> et interdit aux \u00e9ducateurs sexuels d\u2019\u00e9duquer les enfants sur <a href=\"https:\/\/www.humanium.org\/fr\/sexualite-des-adolescents\/\">l\u2019orientation sexuelle<\/a> et l\u2019identit\u00e9 de genre. Au vu de ce qui pr\u00e9c\u00e8de, il est peu de dire que cela entrave gravement l\u2019exercice effectif du droit d\u2019acc\u00e8s \u00e0 l\u2019information. Non seulement le r\u00e8glement limitera consid\u00e9rablement le flux d\u2019informations relatives aux <a href=\"https:\/\/www.humanium.org\/fr\/discriminations\/enfants-lgbtq\/\">LGBTQI+<\/a> destin\u00e9es aux enfants, mais il le fera en restreignant l\u2019une des sources d\u2019information les plus populaires et les plus cruciales pour les enfants : les m\u00e9dias de masse.&nbsp;<\/p>\n\n\n\n<p class=\"wp-block-paragraph\">De telles interdictions encouragent la stigmatisation et la <a href=\"https:\/\/www.humanium.org\/fr\/droit-non-discrimination\/\">discrimination<\/a> des <a href=\"https:\/\/www.humanium.org\/fr\/discriminations\/enfants-lgbtq\/\">enfants LGBTQI+<\/a> (Sandberg, 2015). Pire encore, la stigmatisation et la <a href=\"https:\/\/www.humanium.org\/fr\/droit-non-discrimination\/\">discrimination<\/a> \u00e0 l\u2019encontre des <a href=\"https:\/\/www.humanium.org\/fr\/discriminations\/enfants-lgbtq\/\">enfants LGBTQI+<\/a> vont de pair avec la <a href=\"https:\/\/www.humanium.org\/fr\/la-maltraitance-des-enfants\/?gclid=Cj0KCQjwub-HBhCyARIsAPctr7whnnAWayy6k34eebyCvWWRM1sZBp4yA86giDYJV34US1M0g_lpc4caApd7EALw_wcB\">violence<\/a>, qu\u2019elle soit perp\u00e9tr\u00e9e <a href=\"https:\/\/www.humanium.org\/fr\/la-violence-physique-et-virtuelle-dans-les-ecoles-le-harcelement-scolaire-un-probleme-mondial-a-resoudre\/\">par d\u2019autres personnes<\/a> ou due \u00e0 <a href=\"https:\/\/www.humanium.org\/fr\/suicide-enfants\/\">l\u2019automutilation<\/a>(Gerber &amp; Timoshanko, 2021). En d\u2019autres termes, cette loi <a href=\"https:\/\/www.humanium.org\/fr\/hongrie\/\">hongroise<\/a> ne prot\u00e8ge pas les enfants, elle prot\u00e8ge une id\u00e9ologie anti-LGBTQI+.&nbsp;<\/p>\n\n\n\n<p class=\"wp-block-paragraph\">Nous devons \u00e9duquer les enfants, tous les enfants, sur toutes les questions importantes de la vie, y compris <a href=\"https:\/\/www.humanium.org\/fr\/comprendre-droits-enfant\/droit-a-l-education\/\">l&rsquo;\u00e9ducation sexuelle<\/a> et l&rsquo;identit\u00e9 de genre. Ce n&rsquo;est que par l&rsquo;\u00e9ducation que nous pouvons les pr\u00e9parer \u00e0 une vie responsable dans une soci\u00e9t\u00e9 libre, dans un esprit de compr\u00e9hension, de paix et de tol\u00e9rance.<\/p>\n\n\n\n<figure class=\"wp-block-image size-large\"><img loading=\"lazy\" decoding=\"async\" width=\"1024\" height=\"683\" src=\"https:\/\/www.humanium.org\/fr\/wp-content\/uploads\/2021\/08\/shutterstock_1748272427-1024x683.jpg\" alt=\"\" class=\"wp-image-50738\" srcset=\"https:\/\/www.humanium.org\/fr\/wp-content\/uploads\/2021\/08\/shutterstock_1748272427-1024x683.jpg 1024w, https:\/\/www.humanium.org\/fr\/wp-content\/uploads\/2021\/08\/shutterstock_1748272427-300x200.jpg 300w, https:\/\/www.humanium.org\/fr\/wp-content\/uploads\/2021\/08\/shutterstock_1748272427-768x512.jpg 768w, https:\/\/www.humanium.org\/fr\/wp-content\/uploads\/2021\/08\/shutterstock_1748272427-1536x1024.jpg 1536w, https:\/\/www.humanium.org\/fr\/wp-content\/uploads\/2021\/08\/shutterstock_1748272427-2048x1365.jpg 2048w, https:\/\/www.humanium.org\/fr\/wp-content\/uploads\/2021\/08\/shutterstock_1748272427-830x553.jpg 830w, https:\/\/www.humanium.org\/fr\/wp-content\/uploads\/2021\/08\/shutterstock_1748272427-230x153.jpg 230w, https:\/\/www.humanium.org\/fr\/wp-content\/uploads\/2021\/08\/shutterstock_1748272427-350x233.jpg 350w, https:\/\/www.humanium.org\/fr\/wp-content\/uploads\/2021\/08\/shutterstock_1748272427-480x320.jpg 480w, https:\/\/www.humanium.org\/fr\/wp-content\/uploads\/2021\/08\/shutterstock_1748272427-272x182.jpg 272w\" sizes=\"auto, (max-width: 1024px) 100vw, 1024px\" \/><\/figure>\n\n\n\n<p class=\"wp-block-paragraph\">Humanium s\u2019engage \u00e0 garantir les droits de tous les enfants, y compris <a href=\"https:\/\/www.humanium.org\/fr\/discriminations\/enfants-lgbtq\/\">LGBTQI+<\/a>. Si vous souhaitez soutenir nos actions et projets futurs pour prot\u00e9ger et am\u00e9liorer les lois internationales relatives aux <a href=\"https:\/\/www.humanium.org\/fr\/droits-des-enfants\/\">droits de l\u2019enfant<\/a>, pensez \u00e0 vous abonner \u00e0 notre newsletter ou \u00e0 devenir membre. Aussi, pour soutenir le travail en cours d\u2019Humanium et contribuer \u00e0 la mise en \u0153uvre de projets relatifs aux <a href=\"https:\/\/www.humanium.org\/fr\/droits-des-enfants\/\">droits de l\u2019enfant<\/a>, envisagez de faire un don et rejoignez-nous pour agir en faveur des <a href=\"https:\/\/www.humanium.org\/fr\/droits-des-enfants\/\">droits de l\u2019enfant<\/a> dans le monde entier.<\/p>\n\n\n\n<p class=\"wp-block-paragraph\"><em><strong>\u00c9crit par Yunus Oppier<\/strong><\/em><\/p>\n\n\n\n<p class=\"wp-block-paragraph\"><em><strong>Traduit par Dylan Dumonceaux<\/strong><\/em><\/p>\n\n\n\n<p class=\"wp-block-paragraph\"><em><strong>Relu par Denis Gingras<\/strong><\/em><\/p>\n\n\n\n<h4 class=\"wp-block-heading\"><strong>R\u00e9f\u00e9rences :<\/strong><\/h4>\n\n\n\n<p class=\"has-small-font-size wp-block-paragraph\"><a href=\"https:\/\/index.hu\/english\/2020\/02\/10\/peru_hungarian_ambassador_child_pornography_gabor_kaleta\/\" target=\"_blank\" rel=\"noreferrer noopener\">Andr\u00e1s, D., &amp; Zolt\u00e1n, K. (2020, February 10). <em>Hungarian ambassador to Peru fired over child pornography charges<\/em>. Index.<\/a> <\/p>\n\n\n\n<p class=\"has-small-font-size wp-block-paragraph\"><a href=\"https:\/\/telex.hu\/english\/2020\/11\/10\/hungary-constitutional-amendment-gender-family-public-funds-special-legal-order\">Attila, R., &amp; Kov\u00e1cs, Z. (2020, No<\/a><a href=\"https:\/\/telex.hu\/english\/2020\/11\/10\/hungary-constitutional-amendment-gender-family-public-funds-special-legal-order\" target=\"_blank\" rel=\"noreferrer noopener\">v<\/a><a href=\"https:\/\/telex.hu\/english\/2020\/11\/10\/hungary-constitutional-amendment-gender-family-public-funds-special-legal-order\">ember 10). <em>Hungarian constitutional amendment to crack down on gender issues, narrow definition of public funds<\/em>. Telex.<\/a> <\/p>\n\n\n\n<p class=\"has-small-font-size wp-block-paragraph\"><a href=\"https:\/\/doi.org\/10.1080\/19317611.2019.1645783\" target=\"_blank\" rel=\"noreferrer noopener\">Cacciatore, R., Korteniemi-Poikela, E., &amp; Kaltiala, &amp; R. (2019). The Steps of Sexuality-A Developmental, Emotion-Focused, Child-Centered Model of Sexual Development and Sexuality Education from Birth to Adulthood. <em>International Journal of Sexual Health<\/em>, <em>31<\/em>(3), 319\u2013338.<\/a> <\/p>\n\n\n\n<p class=\"has-small-font-size wp-block-paragraph\"><a href=\"https:\/\/doi.org\/10.1093\/hrlr\/ngab012\" target=\"_blank\" rel=\"noreferrer noopener\">Gerber, P., &amp; Timoshanko, A. (2021). Is the UN Committee on the Rights of the Child Doing Enough to Protect the Rights of LGBT Children and Children with Same-Sex Parents? <em>Human Rights Law Review<\/em>, <em>March<\/em>, 1\u201351<\/a>. <\/p>\n\n\n\n<p class=\"has-small-font-size wp-block-paragraph\"><a href=\"https:\/\/archive.discoversociety.org\/2020\/03\/04\/lgbtqi-intolerance-the-curtailment-of-academic-freedom-in-hungary\/\" target=\"_blank\" rel=\"noreferrer noopener\">Gyollai, D., &amp; Korkut, U. (2020, March 4). <em>LGBTQI intolerance: the curtailment of academic freedom in Hungary | Discover Society<\/em>. Discover Society.<\/a> <\/p>\n\n\n\n<p class=\"has-small-font-size wp-block-paragraph\"><a href=\"https:\/\/doi.org\/10.1080\/18918131.2015.1128701\" target=\"_blank\" rel=\"noreferrer noopener\">Sandberg, K. (2015). The Rights of LGBTI Children under the Convention on the Rights of the Child. <em>Nordic Journal of Human Rights<\/em>, <em>33<\/em>(4), 337\u2013352.<\/a> <\/p>\n\n\n\n<p class=\"has-small-font-size wp-block-paragraph\"><a href=\"https:\/\/www.reuters.com\/world\/europe\/hungarys-new-lgbt-law-contradicts-eu-values-germany-says-2021-06-22\/\" target=\"_blank\" rel=\"noreferrer noopener\">Siebold, S., &amp; Baczynska, G. (2021, June 22). <em>\u2018Grotesque\u2019: EU countries condemn Hungary over anti-LGBTQ law | Reuters<\/em>. Reuters.<\/a><\/p>\n\n\n\n<p class=\"has-small-font-size wp-block-paragraph\"><a href=\"https:\/\/www.yalelawjournal.org\/comment\/homosexual-propaganda-bans-in-human-rights-law\" target=\"_blank\" rel=\"noreferrer noopener\">Thoreson, R. (2015). From child protection to children\u2019s rights: Rethinking homosexual propaganda bans in human rights law. <em>Yale Law Journal<\/em>, <em>124<\/em>(4), 1327\u20131344.<\/a><\/p>\n\n\n\n<p class=\"has-small-font-size wp-block-paragraph\">Tobin, J. (2019). <em>The UN Convention on the Rights of the Child: A Commentary<\/em>. Oxford University Press.<\/p>\n\n\n\n<p class=\"has-small-font-size wp-block-paragraph\">Tobin, J., &amp; Handsley, E. (2019). Art . 17 The Mass Media and Children: Diversity of Sources, Quality of Content , and Protection against Harm. In J. Tobin (Ed.), <em>The UN Convention on the Rights of the Child: A Commentary<\/em> (Issue June, pp. 600\u2013645). Oxford University Press.<\/p>\n\n\n\n<p class=\"has-small-font-size wp-block-paragraph\">Tobin, J., &amp; Parkes, A. (2019). <em>Art . 13 The Right to Freedom of Expression<\/em> (J. Tobin (ed.); Issue June). Oxford University Press.<\/p>\n\n\n\n<p class=\"has-small-font-size wp-block-paragraph\"><a href=\"https:\/\/www.unicef.org\/reports\/implementation-handbook-convention-rights-child\" target=\"_blank\" rel=\"noreferrer noopener\">UNICEF. (2007). <em>Implementation Handbook for the Convention on the Rights of the Child<\/em> (Third, Vol. 27, Issue 2).<\/a> <\/p>\n\n\n\n<p class=\"has-small-font-size wp-block-paragraph\"><a href=\"https:\/\/telex.hu\/english\/2021\/06\/23\/hungary-anti-lgbt-law-sexual-minorities-portrayal-promotion-paedophilia-viktor-orban-ursula-von-der-leyen\" target=\"_blank\" rel=\"noreferrer noopener\">Zolt\u00e1n, K. (2021). <em>Portrayal and promotion \u2013 Hungary\u2019s latest anti-LGBT law, explained<\/em>. Telex. <\/a><\/p>\n","protected":false},"excerpt":{"rendered":"<p>Le 15 juin 2021, le gouvernement hongrois a adopt\u00e9 une nouvelle loi qui a rapidement suscit\u00e9 l\u2019indignation internationale. \u00c0 l\u2019origine, cette loi visait \u00e0 lutter contre la p\u00e9docriminalit\u00e9, mais elle pourrait avoir de graves cons\u00e9quences sur les droits des enfants LGBTQI+. Toutefois, le gouvernement hongrois a insist\u00e9 sur le fait que la loi a \u00e9t\u00e9 [&hellip;]<\/p>\n","protected":false},"author":69,"featured_media":50740,"comment_status":"closed","ping_status":"closed","sticky":false,"template":"","format":"standard","meta":{"footnotes":""},"categories":[220,4,233,232,9],"tags":[],"class_list":["post-50737","post","type-post","status-publish","format-standard","has-post-thumbnail","hentry","category-droits-des-enfants","category-droits-humains","category-exploitation","category-lgbtq","category-paix"],"yoast_head":"<!-- This site is optimized with the Yoast SEO plugin v28.3 - https:\/\/yoast.com\/product\/yoast-seo-wordpress\/ -->\n<title>Nouvelle loi anti-LGBTQI+ en Hongrie : d\u00e9t\u00e9rioration de l\u2019esprit de compr\u00e9hension, de paix et de tol\u00e9rance - Humanium<\/title>\n<meta name=\"description\" content=\"Le 15 juin 2021, le gouvernement hongrois a adopt\u00e9 une nouvelle loi, avec de graves cons\u00e9quences sur les droits des enfants LGBTQI+.\" \/>\n<meta name=\"robots\" content=\"index, follow, max-snippet:-1, max-image-preview:large, max-video-preview:-1\" \/>\n<link rel=\"canonical\" href=\"https:\/\/www.humanium.org\/fr\/nouvelle-loi-anti-lgbtqi-en-hongrie-deterioration-de-lesprit-de-comprehension-de-paix-et-de-tolerance\/\" \/>\n<meta property=\"og:locale\" content=\"fr_FR\" \/>\n<meta property=\"og:type\" content=\"article\" \/>\n<meta property=\"og:title\" content=\"Nouvelle loi anti-LGBTQI+ en Hongrie : d\u00e9t\u00e9rioration de l\u2019esprit de compr\u00e9hension, de paix et de tol\u00e9rance - Humanium\" \/>\n<meta property=\"og:description\" content=\"Le 15 juin 2021, le gouvernement hongrois a adopt\u00e9 une nouvelle loi, avec de graves cons\u00e9quences sur les droits des enfants LGBTQI+.\" \/>\n<meta property=\"og:url\" content=\"https:\/\/www.humanium.org\/fr\/nouvelle-loi-anti-lgbtqi-en-hongrie-deterioration-de-lesprit-de-comprehension-de-paix-et-de-tolerance\/\" \/>\n<meta property=\"og:site_name\" content=\"Humanium\" \/>\n<meta property=\"article:published_time\" content=\"2021-08-03T07:16:37+00:00\" \/>\n<meta property=\"article:modified_time\" content=\"2026-08-21T03:19:16+00:00\" \/>\n<meta property=\"og:image\" content=\"https:\/\/www.humanium.org\/fr\/wp-content\/uploads\/2021\/08\/shutterstock_1726290811-scaled.jpg\" \/>\n\t<meta property=\"og:image:width\" content=\"2560\" \/>\n\t<meta property=\"og:image:height\" content=\"1707\" \/>\n\t<meta property=\"og:image:type\" content=\"image\/jpeg\" \/>\n<meta name=\"author\" content=\"Humanium\" \/>\n<meta name=\"twitter:card\" content=\"summary_large_image\" \/>\n<meta name=\"twitter:label1\" content=\"\u00c9crit par\" \/>\n\t<meta name=\"twitter:data1\" content=\"Humanium\" \/>\n\t<meta name=\"twitter:label2\" content=\"Dur\u00e9e de lecture estim\u00e9e\" \/>\n\t<meta name=\"twitter:data2\" content=\"9 minutes\" \/>\n<script type=\"application\/ld+json\" class=\"yoast-schema-graph\">{\"@context\":\"https:\\\/\\\/schema.org\",\"@graph\":[{\"@type\":\"Article\",\"@id\":\"https:\\\/\\\/www.humanium.org\\\/fr\\\/nouvelle-loi-anti-lgbtqi-en-hongrie-deterioration-de-lesprit-de-comprehension-de-paix-et-de-tolerance\\\/#article\",\"isPartOf\":{\"@id\":\"https:\\\/\\\/www.humanium.org\\\/fr\\\/nouvelle-loi-anti-lgbtqi-en-hongrie-deterioration-de-lesprit-de-comprehension-de-paix-et-de-tolerance\\\/\"},\"author\":{\"name\":\"Humanium\",\"@id\":\"https:\\\/\\\/www.humanium.org\\\/fr\\\/#\\\/schema\\\/person\\\/d798d6c7d59ba2307e0877f61a20ce3e\"},\"headline\":\"Nouvelle loi anti-LGBTQI+ en Hongrie : d\u00e9t\u00e9rioration de l\u2019esprit de compr\u00e9hension, de paix et de tol\u00e9rance\",\"datePublished\":\"2021-08-03T07:16:37+00:00\",\"dateModified\":\"2026-08-21T03:19:16+00:00\",\"mainEntityOfPage\":{\"@id\":\"https:\\\/\\\/www.humanium.org\\\/fr\\\/nouvelle-loi-anti-lgbtqi-en-hongrie-deterioration-de-lesprit-de-comprehension-de-paix-et-de-tolerance\\\/\"},\"wordCount\":2050,\"image\":{\"@id\":\"https:\\\/\\\/www.humanium.org\\\/fr\\\/nouvelle-loi-anti-lgbtqi-en-hongrie-deterioration-de-lesprit-de-comprehension-de-paix-et-de-tolerance\\\/#primaryimage\"},\"thumbnailUrl\":\"https:\\\/\\\/www.humanium.org\\\/fr\\\/wp-content\\\/uploads\\\/2021\\\/08\\\/shutterstock_1726290811-scaled.jpg\",\"articleSection\":[\"Droits des enfants\",\"Droits humains\",\"Exploitation\",\"LGBTQ+\",\"Paix\"],\"inLanguage\":\"fr-FR\"},{\"@type\":\"WebPage\",\"@id\":\"https:\\\/\\\/www.humanium.org\\\/fr\\\/nouvelle-loi-anti-lgbtqi-en-hongrie-deterioration-de-lesprit-de-comprehension-de-paix-et-de-tolerance\\\/\",\"url\":\"https:\\\/\\\/www.humanium.org\\\/fr\\\/nouvelle-loi-anti-lgbtqi-en-hongrie-deterioration-de-lesprit-de-comprehension-de-paix-et-de-tolerance\\\/\",\"name\":\"Nouvelle loi anti-LGBTQI+ en Hongrie : d\u00e9t\u00e9rioration de l\u2019esprit de compr\u00e9hension, de paix et de tol\u00e9rance - Humanium\",\"isPartOf\":{\"@id\":\"https:\\\/\\\/www.humanium.org\\\/fr\\\/#website\"},\"primaryImageOfPage\":{\"@id\":\"https:\\\/\\\/www.humanium.org\\\/fr\\\/nouvelle-loi-anti-lgbtqi-en-hongrie-deterioration-de-lesprit-de-comprehension-de-paix-et-de-tolerance\\\/#primaryimage\"},\"image\":{\"@id\":\"https:\\\/\\\/www.humanium.org\\\/fr\\\/nouvelle-loi-anti-lgbtqi-en-hongrie-deterioration-de-lesprit-de-comprehension-de-paix-et-de-tolerance\\\/#primaryimage\"},\"thumbnailUrl\":\"https:\\\/\\\/www.humanium.org\\\/fr\\\/wp-content\\\/uploads\\\/2021\\\/08\\\/shutterstock_1726290811-scaled.jpg\",\"datePublished\":\"2021-08-03T07:16:37+00:00\",\"dateModified\":\"2026-08-21T03:19:16+00:00\",\"author\":{\"@id\":\"https:\\\/\\\/www.humanium.org\\\/fr\\\/#\\\/schema\\\/person\\\/d798d6c7d59ba2307e0877f61a20ce3e\"},\"description\":\"Le 15 juin 2021, le gouvernement hongrois a adopt\u00e9 une nouvelle loi, avec de graves cons\u00e9quences sur les droits des enfants LGBTQI+.\",\"breadcrumb\":{\"@id\":\"https:\\\/\\\/www.humanium.org\\\/fr\\\/nouvelle-loi-anti-lgbtqi-en-hongrie-deterioration-de-lesprit-de-comprehension-de-paix-et-de-tolerance\\\/#breadcrumb\"},\"inLanguage\":\"fr-FR\",\"potentialAction\":[{\"@type\":\"ReadAction\",\"target\":[\"https:\\\/\\\/www.humanium.org\\\/fr\\\/nouvelle-loi-anti-lgbtqi-en-hongrie-deterioration-de-lesprit-de-comprehension-de-paix-et-de-tolerance\\\/\"]}]},{\"@type\":\"ImageObject\",\"inLanguage\":\"fr-FR\",\"@id\":\"https:\\\/\\\/www.humanium.org\\\/fr\\\/nouvelle-loi-anti-lgbtqi-en-hongrie-deterioration-de-lesprit-de-comprehension-de-paix-et-de-tolerance\\\/#primaryimage\",\"url\":\"https:\\\/\\\/www.humanium.org\\\/fr\\\/wp-content\\\/uploads\\\/2021\\\/08\\\/shutterstock_1726290811-scaled.jpg\",\"contentUrl\":\"https:\\\/\\\/www.humanium.org\\\/fr\\\/wp-content\\\/uploads\\\/2021\\\/08\\\/shutterstock_1726290811-scaled.jpg\",\"width\":2560,\"height\":1707},{\"@type\":\"BreadcrumbList\",\"@id\":\"https:\\\/\\\/www.humanium.org\\\/fr\\\/nouvelle-loi-anti-lgbtqi-en-hongrie-deterioration-de-lesprit-de-comprehension-de-paix-et-de-tolerance\\\/#breadcrumb\",\"itemListElement\":[{\"@type\":\"ListItem\",\"position\":1,\"name\":\"Home\",\"item\":\"https:\\\/\\\/www.humanium.org\\\/fr\\\/\"},{\"@type\":\"ListItem\",\"position\":2,\"name\":\"Nouvelle loi anti-LGBTQI+ en Hongrie : d\u00e9t\u00e9rioration de l\u2019esprit de compr\u00e9hension, de paix et de tol\u00e9rance\"}]},{\"@type\":\"WebSite\",\"@id\":\"https:\\\/\\\/www.humanium.org\\\/fr\\\/#website\",\"url\":\"https:\\\/\\\/www.humanium.org\\\/fr\\\/\",\"name\":\"Humanium\",\"description\":\"Les enfants d\u2019abord !\",\"potentialAction\":[{\"@type\":\"SearchAction\",\"target\":{\"@type\":\"EntryPoint\",\"urlTemplate\":\"https:\\\/\\\/www.humanium.org\\\/fr\\\/?s={search_term_string}\"},\"query-input\":{\"@type\":\"PropertyValueSpecification\",\"valueRequired\":true,\"valueName\":\"search_term_string\"}}],\"inLanguage\":\"fr-FR\"},{\"@type\":\"Person\",\"@id\":\"https:\\\/\\\/www.humanium.org\\\/fr\\\/#\\\/schema\\\/person\\\/d798d6c7d59ba2307e0877f61a20ce3e\",\"name\":\"Humanium\",\"image\":{\"@type\":\"ImageObject\",\"inLanguage\":\"fr-FR\",\"@id\":\"https:\\\/\\\/secure.gravatar.com\\\/avatar\\\/22715e338d2fcc547e3a431c4738360d33fea2a4af458f865b2c3b22f1eaa51f?s=96&d=mm&r=g\",\"url\":\"https:\\\/\\\/secure.gravatar.com\\\/avatar\\\/22715e338d2fcc547e3a431c4738360d33fea2a4af458f865b2c3b22f1eaa51f?s=96&d=mm&r=g\",\"contentUrl\":\"https:\\\/\\\/secure.gravatar.com\\\/avatar\\\/22715e338d2fcc547e3a431c4738360d33fea2a4af458f865b2c3b22f1eaa51f?s=96&d=mm&r=g\",\"caption\":\"Humanium\"},\"url\":\"https:\\\/\\\/www.humanium.org\\\/fr\\\/author\\\/humanium\\\/\"}]}<\/script>\n<!-- \/ Yoast SEO plugin. -->","yoast_head_json":{"title":"Nouvelle loi anti-LGBTQI+ en Hongrie : d\u00e9t\u00e9rioration de l\u2019esprit de compr\u00e9hension, de paix et de tol\u00e9rance - Humanium","description":"Le 15 juin 2021, le gouvernement hongrois a adopt\u00e9 une nouvelle loi, avec de graves cons\u00e9quences sur les droits des enfants LGBTQI+.","robots":{"index":"index","follow":"follow","max-snippet":"max-snippet:-1","max-image-preview":"max-image-preview:large","max-video-preview":"max-video-preview:-1"},"canonical":"https:\/\/www.humanium.org\/fr\/nouvelle-loi-anti-lgbtqi-en-hongrie-deterioration-de-lesprit-de-comprehension-de-paix-et-de-tolerance\/","og_locale":"fr_FR","og_type":"article","og_title":"Nouvelle loi anti-LGBTQI+ en Hongrie : d\u00e9t\u00e9rioration de l\u2019esprit de compr\u00e9hension, de paix et de tol\u00e9rance - Humanium","og_description":"Le 15 juin 2021, le gouvernement hongrois a adopt\u00e9 une nouvelle loi, avec de graves cons\u00e9quences sur les droits des enfants LGBTQI+.","og_url":"https:\/\/www.humanium.org\/fr\/nouvelle-loi-anti-lgbtqi-en-hongrie-deterioration-de-lesprit-de-comprehension-de-paix-et-de-tolerance\/","og_site_name":"Humanium","article_published_time":"2021-08-03T07:16:37+00:00","article_modified_time":"2026-08-21T03:19:16+00:00","og_image":[{"width":2560,"height":1707,"url":"https:\/\/www.humanium.org\/fr\/wp-content\/uploads\/2021\/08\/shutterstock_1726290811-scaled.jpg","type":"image\/jpeg"}],"author":"Humanium","twitter_card":"summary_large_image","twitter_misc":{"\u00c9crit par":"Humanium","Dur\u00e9e de lecture estim\u00e9e":"9 minutes"},"schema":{"@context":"https:\/\/schema.org","@graph":[{"@type":"Article","@id":"https:\/\/www.humanium.org\/fr\/nouvelle-loi-anti-lgbtqi-en-hongrie-deterioration-de-lesprit-de-comprehension-de-paix-et-de-tolerance\/#article","isPartOf":{"@id":"https:\/\/www.humanium.org\/fr\/nouvelle-loi-anti-lgbtqi-en-hongrie-deterioration-de-lesprit-de-comprehension-de-paix-et-de-tolerance\/"},"author":{"name":"Humanium","@id":"https:\/\/www.humanium.org\/fr\/#\/schema\/person\/d798d6c7d59ba2307e0877f61a20ce3e"},"headline":"Nouvelle loi anti-LGBTQI+ en Hongrie : d\u00e9t\u00e9rioration de l\u2019esprit de compr\u00e9hension, de paix et de tol\u00e9rance","datePublished":"2021-08-03T07:16:37+00:00","dateModified":"2026-08-21T03:19:16+00:00","mainEntityOfPage":{"@id":"https:\/\/www.humanium.org\/fr\/nouvelle-loi-anti-lgbtqi-en-hongrie-deterioration-de-lesprit-de-comprehension-de-paix-et-de-tolerance\/"},"wordCount":2050,"image":{"@id":"https:\/\/www.humanium.org\/fr\/nouvelle-loi-anti-lgbtqi-en-hongrie-deterioration-de-lesprit-de-comprehension-de-paix-et-de-tolerance\/#primaryimage"},"thumbnailUrl":"https:\/\/www.humanium.org\/fr\/wp-content\/uploads\/2021\/08\/shutterstock_1726290811-scaled.jpg","articleSection":["Droits des enfants","Droits humains","Exploitation","LGBTQ+","Paix"],"inLanguage":"fr-FR"},{"@type":"WebPage","@id":"https:\/\/www.humanium.org\/fr\/nouvelle-loi-anti-lgbtqi-en-hongrie-deterioration-de-lesprit-de-comprehension-de-paix-et-de-tolerance\/","url":"https:\/\/www.humanium.org\/fr\/nouvelle-loi-anti-lgbtqi-en-hongrie-deterioration-de-lesprit-de-comprehension-de-paix-et-de-tolerance\/","name":"Nouvelle loi anti-LGBTQI+ en Hongrie : d\u00e9t\u00e9rioration de l\u2019esprit de compr\u00e9hension, de paix et de tol\u00e9rance - Humanium","isPartOf":{"@id":"https:\/\/www.humanium.org\/fr\/#website"},"primaryImageOfPage":{"@id":"https:\/\/www.humanium.org\/fr\/nouvelle-loi-anti-lgbtqi-en-hongrie-deterioration-de-lesprit-de-comprehension-de-paix-et-de-tolerance\/#primaryimage"},"image":{"@id":"https:\/\/www.humanium.org\/fr\/nouvelle-loi-anti-lgbtqi-en-hongrie-deterioration-de-lesprit-de-comprehension-de-paix-et-de-tolerance\/#primaryimage"},"thumbnailUrl":"https:\/\/www.humanium.org\/fr\/wp-content\/uploads\/2021\/08\/shutterstock_1726290811-scaled.jpg","datePublished":"2021-08-03T07:16:37+00:00","dateModified":"2026-08-21T03:19:16+00:00","author":{"@id":"https:\/\/www.humanium.org\/fr\/#\/schema\/person\/d798d6c7d59ba2307e0877f61a20ce3e"},"description":"Le 15 juin 2021, le gouvernement hongrois a adopt\u00e9 une nouvelle loi, avec de graves cons\u00e9quences sur les droits des enfants LGBTQI+.","breadcrumb":{"@id":"https:\/\/www.humanium.org\/fr\/nouvelle-loi-anti-lgbtqi-en-hongrie-deterioration-de-lesprit-de-comprehension-de-paix-et-de-tolerance\/#breadcrumb"},"inLanguage":"fr-FR","potentialAction":[{"@type":"ReadAction","target":["https:\/\/www.humanium.org\/fr\/nouvelle-loi-anti-lgbtqi-en-hongrie-deterioration-de-lesprit-de-comprehension-de-paix-et-de-tolerance\/"]}]},{"@type":"ImageObject","inLanguage":"fr-FR","@id":"https:\/\/www.humanium.org\/fr\/nouvelle-loi-anti-lgbtqi-en-hongrie-deterioration-de-lesprit-de-comprehension-de-paix-et-de-tolerance\/#primaryimage","url":"https:\/\/www.humanium.org\/fr\/wp-content\/uploads\/2021\/08\/shutterstock_1726290811-scaled.jpg","contentUrl":"https:\/\/www.humanium.org\/fr\/wp-content\/uploads\/2021\/08\/shutterstock_1726290811-scaled.jpg","width":2560,"height":1707},{"@type":"BreadcrumbList","@id":"https:\/\/www.humanium.org\/fr\/nouvelle-loi-anti-lgbtqi-en-hongrie-deterioration-de-lesprit-de-comprehension-de-paix-et-de-tolerance\/#breadcrumb","itemListElement":[{"@type":"ListItem","position":1,"name":"Home","item":"https:\/\/www.humanium.org\/fr\/"},{"@type":"ListItem","position":2,"name":"Nouvelle loi anti-LGBTQI+ en Hongrie : d\u00e9t\u00e9rioration de l\u2019esprit de compr\u00e9hension, de paix et de tol\u00e9rance"}]},{"@type":"WebSite","@id":"https:\/\/www.humanium.org\/fr\/#website","url":"https:\/\/www.humanium.org\/fr\/","name":"Humanium","description":"Les enfants d\u2019abord !","potentialAction":[{"@type":"SearchAction","target":{"@type":"EntryPoint","urlTemplate":"https:\/\/www.humanium.org\/fr\/?s={search_term_string}"},"query-input":{"@type":"PropertyValueSpecification","valueRequired":true,"valueName":"search_term_string"}}],"inLanguage":"fr-FR"},{"@type":"Person","@id":"https:\/\/www.humanium.org\/fr\/#\/schema\/person\/d798d6c7d59ba2307e0877f61a20ce3e","name":"Humanium","image":{"@type":"ImageObject","inLanguage":"fr-FR","@id":"https:\/\/secure.gravatar.com\/avatar\/22715e338d2fcc547e3a431c4738360d33fea2a4af458f865b2c3b22f1eaa51f?s=96&d=mm&r=g","url":"https:\/\/secure.gravatar.com\/avatar\/22715e338d2fcc547e3a431c4738360d33fea2a4af458f865b2c3b22f1eaa51f?s=96&d=mm&r=g","contentUrl":"https:\/\/secure.gravatar.com\/avatar\/22715e338d2fcc547e3a431c4738360d33fea2a4af458f865b2c3b22f1eaa51f?s=96&d=mm&r=g","caption":"Humanium"},"url":"https:\/\/www.humanium.org\/fr\/author\/humanium\/"}]}},"_links":{"self":[{"href":"https:\/\/www.humanium.org\/fr\/wp-json\/wp\/v2\/posts\/50737","targetHints":{"allow":["GET"]}}],"collection":[{"href":"https:\/\/www.humanium.org\/fr\/wp-json\/wp\/v2\/posts"}],"about":[{"href":"https:\/\/www.humanium.org\/fr\/wp-json\/wp\/v2\/types\/post"}],"author":[{"embeddable":true,"href":"https:\/\/www.humanium.org\/fr\/wp-json\/wp\/v2\/users\/69"}],"replies":[{"embeddable":true,"href":"https:\/\/www.humanium.org\/fr\/wp-json\/wp\/v2\/comments?post=50737"}],"version-history":[{"count":4,"href":"https:\/\/www.humanium.org\/fr\/wp-json\/wp\/v2\/posts\/50737\/revisions"}],"predecessor-version":[{"id":62479,"href":"https:\/\/www.humanium.org\/fr\/wp-json\/wp\/v2\/posts\/50737\/revisions\/62479"}],"wp:featuredmedia":[{"embeddable":true,"href":"https:\/\/www.humanium.org\/fr\/wp-json\/wp\/v2\/media\/50740"}],"wp:attachment":[{"href":"https:\/\/www.humanium.org\/fr\/wp-json\/wp\/v2\/media?parent=50737"}],"wp:term":[{"taxonomy":"category","embeddable":true,"href":"https:\/\/www.humanium.org\/fr\/wp-json\/wp\/v2\/categories?post=50737"},{"taxonomy":"post_tag","embeddable":true,"href":"https:\/\/www.humanium.org\/fr\/wp-json\/wp\/v2\/tags?post=50737"}],"curies":[{"name":"wp","href":"https:\/\/api.w.org\/{rel}","templated":true}]}}