{"id":50783,"date":"2021-08-10T07:28:14","date_gmt":"2021-08-10T07:28:14","guid":{"rendered":"https:\/\/www.humanium.org\/fr\/?p=50783"},"modified":"2025-12-10T02:42:26","modified_gmt":"2025-12-10T02:42:26","slug":"la-pandemie-de-covid-19-et-les-violences-sexuelles-contre-les-enfants-en-temps-de-conflits","status":"publish","type":"post","link":"https:\/\/www.humanium.org\/fr\/la-pandemie-de-covid-19-et-les-violences-sexuelles-contre-les-enfants-en-temps-de-conflits\/","title":{"rendered":"La pand\u00e9mie de COVID-19 et les violences sexuelles contre les enfants en temps de conflits"},"content":{"rendered":"\n<p class=\"wp-block-paragraph\"><strong>A l\u2019occasion de la 7\u00e8me c\u00e9l\u00e9bration officielle de la Journ\u00e9e Internationale pour l\u2019Elimination des violences sexuelles en temps de conflit, la Repr\u00e9sentante sp\u00e9ciale du Secr\u00e9taire g\u00e9n\u00e9ral pour les enfants et les conflits arm\u00e9s (RSSG), <\/strong><a href=\"https:\/\/www.humanium.org\/fr\/humanium-en-discussion-sur-la-situation-des-enfants-en-temps-de-conflits-armes-avec-virginia-gamba\/\"><strong>Virginia Gamba<\/strong><\/a><strong>, a abord\u00e9 le probl\u00e8me des violences sexuelles faites aux enfants en temps de conflits dans le contexte de la pand\u00e9mie de <\/strong><a href=\"https:\/\/www.humanium.org\/fr\/coronavirus-un-guide-pour-enfants-en-5-questions\/\"><strong>COVID-19<\/strong><\/a><strong>. Elle a notamment mis&nbsp; en \u00e9vidence la situation pr\u00e9occupante des enfants n\u00e9s de viol. En effet, comme le rapport r\u00e9cemment publi\u00e9 en 2020 le montre, suite \u00e0 la crise du coronavirus, le nombre de cas v\u00e9rifi\u00e9s de violence sexuelle \u00e0 l\u2019encontre des enfants dans les conflits arm\u00e9s a augment\u00e9 de fa\u00e7on dramatique.<\/strong><\/p>\n\n\n\n<h2 class=\"wp-block-heading\"><strong>La journ\u00e9e Internationale pour l\u2019Elimination des violences sexuelles en temps de conflits<\/strong><\/h2>\n\n\n\n<p class=\"wp-block-paragraph\">Le samedi 19 juin 2021, a \u00e9t\u00e9 c\u00e9l\u00e9br\u00e9e la Journ\u00e9e internationale pour l\u2019\u00e9limination des violences sexuelles en temps de conflits. Cette date a \u00e9t\u00e9 choisie en 2015 (UNGA, 2015) pour comm\u00e9morer <a href=\"https:\/\/www.humanium.org\/fr\/abolir-la-violence-sexuelle\/\">la journ\u00e9e<\/a> au cours de laquelle le Conseil europ\u00e9en des Nations unies a formellement d\u00e9nonc\u00e9 le viol et d\u2019autres formes de violences sexuelles comme \u00ab&nbsp;une tactique de guerre et un obstacle \u00e0 la consolidation de la paix&nbsp;\u00bb (UNSC, 2008).&nbsp;<\/p>\n\n\n\n<p class=\"wp-block-paragraph\">Co-organis\u00e9 par le Bureau du RSSG des Violences sexuelles dans les conflits, le Bureau du RSSG des enfants et des conflits arm\u00e9s et la Mission permanente de l\u2019Argentine aux Nations unies, un \u00e9v\u00e8nement virtuel s\u2019est tenu en l\u2019honneur des survivants des violences sexuelles dans les conflits et pour tous ceux qui travaillent \u00e0 soutenir les victimes et \u00e0 mettre fin \u00e0 de telles atrocit\u00e9s. L\u2019accent a \u00e9t\u00e9 mis sur les strat\u00e9gies pour r\u00e9pondre aux<a href=\"https:\/\/www.humanium.org\/fr\/droits-enfant\/\"> droits<\/a> et aux besoins sp\u00e9cifiques des survivants, notamment \u00e0 la lumi\u00e8re de la crise sanitaire, et aussi sur la mani\u00e8re d\u2019int\u00e9grer le probl\u00e8me de la violence li\u00e9e aux conflits lors des plans de relance et d\u2019intervention face \u00e0 la COVID-19.<\/p>\n\n\n\n<h2 class=\"wp-block-heading\"><strong>2020: une ann\u00e9e choquante&nbsp;<\/strong><\/h2>\n\n\n\n<p class=\"wp-block-paragraph\"><a href=\"https:\/\/www.humanium.org\/fr\/exploitation-sexuelle-enfants\/\">Le viol et les violences sexuelles<\/a> contre les enfants et l\u2019une des 6 violations graves<strong> <\/strong>enregistr\u00e9es par l\u2019Union europ\u00e9enne par le biais des groupes de travail nationaux sur la surveillance et le reporting (CTDMR) dans le cadre du m\u00e9canisme de surveillance et de communication de l\u2019information (MSI) \u00e9tabli en 2005 (UNSC, 2005).En 2019, il y a eu 735 cas de violence dans les 19 situations recens\u00e9es dans l\u2019agenda de la Repr\u00e9sentante sp\u00e9ciale (OSRSG CAC, 2021). En 2020, les chiffres ont enregistr\u00e9 une hausse de 70 %, dont 98 % des victimes \u00e9taient <a href=\"https:\/\/www.humanium.org\/fr\/droits-des-filles\/\">des filles<\/a> (UNSC, 2021). <\/p>\n\n\n\n<p class=\"wp-block-paragraph\">En effet, la pand\u00e9mie de COVID-19 a eu une s\u00e9rie de <a href=\"https:\/\/www.humanium.org\/fr\/qua-represente-lannee-2020-pour-les-droits-des-enfants\/\">cons\u00e9quences sur les enfants<\/a> dans les conflits arm\u00e9s.&nbsp; Ainsi, les violations r\u00e9elles ont augment\u00e9 alors que toute reconnaissance de responsabilit\u00e9, les sanctions ainsi que les proc\u00e9dures de&nbsp; surveillance et de signalement ont diminu\u00e9, et que les provisions de service aux survivants ont \u00e9t\u00e9 interrompues.&nbsp;<\/p>\n\n\n\n<p class=\"wp-block-paragraph\">Malgr\u00e9 l\u2019appel de la communaut\u00e9 internationale \u00e0 un cessez-le-feu mondial, depuis le d\u00e9but de la pand\u00e9mie, de nouveaux conflits ont \u00e9clat\u00e9 et ceux en cours se sont intensifi\u00e9s. Le nombre de violations graves en 2020 a atteint 26 500, y compris le <a href=\"https:\/\/www.humanium.org\/fr\/enfant-soldat\/\">recrutement<\/a> et <a href=\"https:\/\/www.humanium.org\/fr\/enfants-soldats\/\">l\u2019utilisation des enfants comme soldats<\/a>, les mutilations et les meurtres, les viols et \u00e0 autres formes de violences sexuelles, les attaques contre&nbsp; les \u00e9coles et les h\u00f4pitaux et le refus de l\u2019acc\u00e8s humanitaire (UNSC, 2021). L\u2019enl\u00e8vement, le recrutement et l\u2019utilisation des enfants par les parties en conflit ont \u00e9galement augment\u00e9 suite \u00e0 la fermeture des \u00e9coles et \u00e0 la crise \u00e9conomique.<\/p>\n\n\n\n<figure class=\"wp-block-image size-large\"><img loading=\"lazy\" decoding=\"async\" width=\"1024\" height=\"683\" src=\"https:\/\/www.humanium.org\/fr\/wp-content\/uploads\/2021\/08\/shutterstock_1385973686-1024x683.jpg\" alt=\"\" class=\"wp-image-50789\" srcset=\"https:\/\/www.humanium.org\/fr\/wp-content\/uploads\/2021\/08\/shutterstock_1385973686-1024x683.jpg 1024w, https:\/\/www.humanium.org\/fr\/wp-content\/uploads\/2021\/08\/shutterstock_1385973686-300x200.jpg 300w, https:\/\/www.humanium.org\/fr\/wp-content\/uploads\/2021\/08\/shutterstock_1385973686-768x512.jpg 768w, https:\/\/www.humanium.org\/fr\/wp-content\/uploads\/2021\/08\/shutterstock_1385973686-1536x1024.jpg 1536w, https:\/\/www.humanium.org\/fr\/wp-content\/uploads\/2021\/08\/shutterstock_1385973686-2048x1365.jpg 2048w, https:\/\/www.humanium.org\/fr\/wp-content\/uploads\/2021\/08\/shutterstock_1385973686-830x553.jpg 830w, https:\/\/www.humanium.org\/fr\/wp-content\/uploads\/2021\/08\/shutterstock_1385973686-230x153.jpg 230w, https:\/\/www.humanium.org\/fr\/wp-content\/uploads\/2021\/08\/shutterstock_1385973686-350x233.jpg 350w, https:\/\/www.humanium.org\/fr\/wp-content\/uploads\/2021\/08\/shutterstock_1385973686-480x320.jpg 480w, https:\/\/www.humanium.org\/fr\/wp-content\/uploads\/2021\/08\/shutterstock_1385973686-272x182.jpg 272w\" sizes=\"auto, (max-width: 1024px) 100vw, 1024px\" \/><\/figure>\n\n\n\n<p class=\"wp-block-paragraph\"> D\u2019apr\u00e8s le rapport du Secr\u00e9taire g\u00e9n\u00e9ral de 2020, ces violations n\u2019affectent pas les gar\u00e7ons et les filles de la m\u00eame fa\u00e7on : tandis que les gar\u00e7ons sont plus souvent recrut\u00e9s et utilis\u00e9s comme soldat (85 % des cas), les filles restent plus vuln\u00e9rables au viol et aux autres formes de violence sexuelles (UNSC, 2021). Cette observation corrobore la remarque de Madame Gamba sur le besoin de mesures sexosp\u00e9cifiques tant pour la pr\u00e9vention que pour la provision de services aux survivants.<\/p>\n\n\n\n<h2 class=\"wp-block-heading\"><strong>Les violences sexuelles dans les conflits (VSC) dans le contexte de la pand\u00e9mie de Covid-19<\/strong><\/h2>\n\n\n\n<p class=\"wp-block-paragraph\">Selon une \u00e9tude r\u00e9cente des Nations unies, une suspension de services m\u00e9dicaux, psycho-sociaux et juridiques, une r\u00e9duction de la mobilit\u00e9 et un isolement accru ont augment\u00e9 la vuln\u00e9rabilit\u00e9 des enfants en situation de conflits arm\u00e9s au viol et aux autres formes de violences sexuelles (OSRRSG CAC, 2021). En effet, avec l\u2019urgence sanitaire, les organisations internationales ont repouss\u00e9 leurs engagements et activit\u00e9s sur le terrain, y compris leurs plans d\u2019actions et leurs accords avec les parties en conflit. Des centres d\u2019accueil ont \u00e9t\u00e9 ferm\u00e9s, des services ont r\u00e9duit leurs moyens et des retards ont aussi \u00e9t\u00e9 enregistr\u00e9 dans les d\u00e9pistages et les <a href=\"https:\/\/www.humanium.org\/fr\/famille-droits-enfant\/\">regroupements familiaux<\/a>.<\/p>\n\n\n\n<p class=\"wp-block-paragraph\">Le manque de services, de m\u00eame que la stigmatisation, les normes culturelles, la peur d\u2019\u00eatre puni, les mesures de confinement et des inqui\u00e9tudes en mati\u00e8re de s\u00e9curit\u00e9 ont aussi emp\u00each\u00e9&nbsp; les victimes de violences sexuelles de se manifester et de chercher de l\u2019aide. Quant \u00e0&nbsp; la surveillance, bien que la plupart des CTFMR aient pu s\u2019adapter et reprendre leur travail quelques mois apr\u00e8s le d\u00e9but de la crise sanitaire, des formes de violations plus sensibles comme les violences sexuelles ont \u00e9t\u00e9 difficiles \u00e0 surveiller \u00e0 distance, et par cons\u00e9quent, la v\u00e9rification des cas reste r\u00e9trospective (OSRSG CAC, 2021).<\/p>\n\n\n\n<p class=\"wp-block-paragraph\">Une autre r\u00e9percussion de l\u2019urgence sanitaire est la plus grande difficult\u00e9 \u00e0 tenir pour responsable les auteurs de viols et d\u2019autres formes de violence sexuelle. Le Secr\u00e9taire g\u00e9n\u00e9ral Ant\u00f3nio Guterres a bien soulign\u00e9&nbsp; le besoin de mettre en place des mesures pour encourager les survivants \u00e0 \u00ab&nbsp;se manifester en toute s\u00e9curit\u00e9 et \u00e0 demander r\u00e9paration&nbsp;\u00bb (UN News, 2021). <\/p>\n\n\n\n<p class=\"wp-block-paragraph\">La Violence sexuelle au sein des conflits est encore un ph\u00e9nom\u00e8ne sous-estim\u00e9. Avec les r\u00e9centes interruptions de services, de surveillance et de signalement, assurer un environnement sain et un m\u00e9canisme de sanctions efficace est devenu encore plus important afin de prot\u00e9ger les plus vuln\u00e9rables et stopper la culture de l\u2019impunit\u00e9.<\/p>\n\n\n\n<h2 class=\"wp-block-heading\"><strong>Le manque de soutien pour les enfants n\u00e9s de viol<\/strong><\/h2>\n\n\n\n<p class=\"wp-block-paragraph\">Lors de l&rsquo;\u00e9v\u00e9nement virtuel pour la Journ\u00e9e Internationale de l&rsquo;\u00e9limination des violences sexuelles dans les conflits, Virginia Gamba a aussi exprim\u00e9 sa profonde inqui\u00e9tude pour la situation des enfants n\u00e9s de viols dans les conflits arm\u00e9s (UN News, 2021). Elle confirme \u00e9galement que le Secr\u00e9taire g\u00e9n\u00e9ral s\u2019engage \u00e0 compiler un rapport sp\u00e9cial sur le sujet plus tard dans l&rsquo;ann\u00e9e. En effet, bien que la communaut\u00e9 internationale reconnaisse les enfants n\u00e9s de viols en temps de guerre comme victimes de violence sexuelle dans les conflits, ceux-ci manquent d&rsquo;un cadre juridique capable de les prot\u00e9ger de mani\u00e8re ad\u00e9quate.<\/p>\n\n\n\n<p class=\"wp-block-paragraph\">Ce sujet est souvent n\u00e9glig\u00e9, cependant les enfants n\u00e9s \u00e0 la suite de violences sexuelles sont \u00ab&nbsp;doublement victimis\u00e9s : Ils sont victimes de conflits et priv\u00e9s des&nbsp; actions qui pourraient les aider dans leur r\u00e9paration&nbsp;\u00bb, (OSRSG CAC, 2020) a d\u00e9clar\u00e9 Gamba \u00e0 la 44<sup>\u00e8me<\/sup> session du Conseil des droits de l&rsquo;Homme. Ces enfants, qui sont stigmatis\u00e9s et pers\u00e9cut\u00e9s, subissent les cons\u00e9quences du conflit depuis leur naissance jusqu&rsquo;\u00e0 l&rsquo;\u00e2ge adulte. <\/p>\n\n\n\n<p class=\"wp-block-paragraph\">Par exemple, dans beaucoup de pays africains comme au <a href=\"https:\/\/www.humanium.org\/fr\/rwanda\/\">Rwanda<\/a> et \u00e0 la R\u00e9publique D\u00e9mocratique du Congo, le concept d&rsquo;<a href=\"https:\/\/www.humanium.org\/fr\/situation-monde\/droit-a-l-identite\/\">identit\u00e9<\/a> est \u00e9troitement li\u00e9 \u00e0 celui de la communaut\u00e9 (particuli\u00e8rement dans le cas des minorit\u00e9s) et les droits des citoyens sont h\u00e9rit\u00e9s du p\u00e8re (Obbo, 2020). Par cons\u00e9quent, <a href=\"https:\/\/www.humanium.org\/fr\/comprendre-droits-enfant\/droit-a-la-vie\/\">les naissances<\/a> des enfants issus de viols en temps de guerre ne peuvent pas \u00eatre enregistr\u00e9es ; ainsi ces enfants peuvent \u00eatre montr\u00e9s du doigt, exclus de la communaut\u00e9 \u00e0 cause du stigma qui les accompagne, se voir refuser l\u2019acc\u00e8s \u00e0 <a href=\"https:\/\/www.humanium.org\/fr\/comprendre-droits-enfant\/droit-a-l-education\/\">l&rsquo;\u00e9ducation<\/a> et m\u00eame subir des violences physiques (Hall, 2018).<\/p>\n\n\n\n<p class=\"wp-block-paragraph\">C&rsquo;est une autre grave cons\u00e9quence des violences sexuelles en temps de conflit, car elles sont souvent utilis\u00e9es comme une arme et leurs r\u00e9percussions d\u00e9passent largement la fin des hostilit\u00e9s. En essayant de prot\u00e9ger les enfants, particuli\u00e8rement ceux n\u00e9s de viols en temps de guerre, Virginia Gamba souligne le besoin de renforcer les mesures de responsabilit\u00e9 et les services essentiels, y compris la surveillance et les m\u00e9canismes de signalement, en fournissant des ressources humaines et financi\u00e8res suffisantes (UN News, 2021).<\/p>\n\n\n\n<h2 class=\"wp-block-heading\"><strong>L&rsquo;occasion de \u00ab\u00a0reconstruire en mieux\u00a0\u00bb<\/strong><\/h2>\n\n\n\n<p class=\"wp-block-paragraph\">Malgr\u00e9 le chiffre inqui\u00e9tant que nous avons vu, des progr\u00e8s ont \u00e9t\u00e9 r\u00e9alis\u00e9s ces derni\u00e8res ann\u00e9es, avec l\u2019instauration de dialogues entre les Nations unies et les parties en conflit&nbsp;: 35 nouveaux engagements ont \u00e9t\u00e9 pris, 12 643 enfants ont \u00e9t\u00e9 lib\u00e9r\u00e9s et des plans d&rsquo;action ont \u00e9t\u00e9 sign\u00e9s au Myanmar et au Sud Soudan (UN News, 2021). De plus, comme nous l&rsquo;avons mentionn\u00e9, les groupes de travail pour la surveillance et le signalement ont&nbsp; r\u00e9ussi \u00e0 adapter et \u00e0 mener \u00e0 bien leur mission afin d&rsquo;offrir de l&rsquo;assistance aux survivants.<\/p>\n\n\n\n<p class=\"wp-block-paragraph\">Comme le titre de l&rsquo;\u00e9v\u00e9nement pour la Journ\u00e9e internationale pour l&rsquo;\u00e9limination des violences sexuelles dans les conflits arm\u00e9s le dit \u00ab&nbsp;reconstruire en mieux : apporter un soutien aux survivants de violences sexuelles en temps de conflit dans le contexte de la reprise apr\u00e8s la pand\u00e9mie&nbsp;\u00bb, la crise de COVID-19 et les plans de relance qui sont&nbsp; en cours de conceptualisation et de r\u00e9alisation \u00e0 travers le monde fournissent une opportunit\u00e9 de contrer r\u00e9solument les probl\u00e8mes tels que les violences sexuelles li\u00e9es aux conflits, et touchant particuli\u00e8rement les enfants (OSRSG CAC, 2021).<\/p>\n\n\n\n<p class=\"wp-block-paragraph\">Afin d&rsquo;y arriver, Il faut imp\u00e9rativement inclure les survivants dans les efforts de r\u00e9ponse \u00e0 la pand\u00e9mie, faciliter l\u2019acc\u00e8s au recours pour les enfants et fournir des services complets et adapt\u00e9s \u00e0 l&rsquo;\u00e2ge et au genre des enfants. Dans le m\u00eame temps, les ressources doivent \u00eatre am\u00e9lior\u00e9es pour renforcer les structures et les organisations qui offrent un dispositif de surveillance et des services. Virginia Gamba a conclu, \u00ab&nbsp;c&rsquo;est l\u2019occasion de s&rsquo;arr\u00eater et de r\u00e9fl\u00e9chir sur la souffrance que nous causons \u00e0 nos enfants, qui sont notre avenir&nbsp;\u00bb (UN News, 2021).<\/p>\n\n\n\n<figure class=\"wp-block-image size-large\"><img loading=\"lazy\" decoding=\"async\" width=\"1024\" height=\"681\" src=\"https:\/\/www.humanium.org\/fr\/wp-content\/uploads\/2021\/08\/shutterstock_160256126-1024x681.jpg\" alt=\"\" class=\"wp-image-50784\" srcset=\"https:\/\/www.humanium.org\/fr\/wp-content\/uploads\/2021\/08\/shutterstock_160256126-1024x681.jpg 1024w, https:\/\/www.humanium.org\/fr\/wp-content\/uploads\/2021\/08\/shutterstock_160256126-300x200.jpg 300w, https:\/\/www.humanium.org\/fr\/wp-content\/uploads\/2021\/08\/shutterstock_160256126-768x511.jpg 768w, https:\/\/www.humanium.org\/fr\/wp-content\/uploads\/2021\/08\/shutterstock_160256126-1536x1022.jpg 1536w, https:\/\/www.humanium.org\/fr\/wp-content\/uploads\/2021\/08\/shutterstock_160256126-2048x1363.jpg 2048w, https:\/\/www.humanium.org\/fr\/wp-content\/uploads\/2021\/08\/shutterstock_160256126-830x552.jpg 830w, https:\/\/www.humanium.org\/fr\/wp-content\/uploads\/2021\/08\/shutterstock_160256126-230x153.jpg 230w, https:\/\/www.humanium.org\/fr\/wp-content\/uploads\/2021\/08\/shutterstock_160256126-350x233.jpg 350w, https:\/\/www.humanium.org\/fr\/wp-content\/uploads\/2021\/08\/shutterstock_160256126-480x319.jpg 480w, https:\/\/www.humanium.org\/fr\/wp-content\/uploads\/2021\/08\/shutterstock_160256126-272x182.jpg 272w\" sizes=\"auto, (max-width: 1024px) 100vw, 1024px\" \/><\/figure>\n\n\n\n<p class=\"wp-block-paragraph\"><a href=\"https:\/\/www.humanium.org\/fr\/\">Humanium<\/a> est engag\u00e9 pour la protection des <a href=\"https:\/\/www.humanium.org\/fr\/droits-enfant\/\">droits des enfants<\/a> et est fier de continuer ses efforts en prenant part \u00e0 de nombreux groupes de travail, et avec ses organisations partenaires de prot\u00e9ger tous les enfants de la violence, y compris des abus li\u00e9s aux conflits. Si vous souhaitez participer \u00e0 l&rsquo;activit\u00e9 d&rsquo;Humanium \u00e0 travers la r\u00e9alisation des droits de l&rsquo;enfant dans le monde, souscrivez \u00e0 notre <a href=\"https:\/\/www.humanium.org\/fr\/\">newsletter<\/a> et devenez membre.<\/p>\n\n\n\n<p class=\"wp-block-paragraph\"><strong><em>Ecrit par Chiara Baruta<\/em><\/strong><\/p>\n\n\n\n<p class=\"wp-block-paragraph\"><strong><em>Traduit par Laurence Mortier<\/em><\/strong><\/p>\n\n\n\n<p class=\"wp-block-paragraph\"><strong><em>Relu par Jean-Christophe Brunet<\/em><\/strong><\/p>\n\n\n\n<h4 class=\"wp-block-heading\"><strong>Bibliographie :<\/strong><\/h4>\n\n\n\n<p class=\"has-small-font-size wp-block-paragraph\"><a href=\"https:\/\/news.trust.org\/item\/20180618153627-9inu2\/\" target=\"_blank\" rel=\"noreferrer noopener\">Hall, E. (2018, Jun 19). <em>Shamed into silence: The forgotten children born of rape in war<\/em>. From Thomson Reuters Foundation News<\/a><\/p>\n\n\n\n<p class=\"has-small-font-size wp-block-paragraph\"><a href=\"https:\/\/blogs.lse.ac.uk\/wps\/2020\/12\/09\/hidden-survivors-of-conflict-related-sexual-violence-children-born-of-wartime-rape\/\" target=\"_blank\" rel=\"noreferrer noopener\">Obbo, C. (2020, Dec 9). <em>Hidden survivors of conflict related sexual violence: children born of wartime rape<\/em>. From LSE<\/a><\/p>\n\n\n\n<p class=\"has-small-font-size wp-block-paragraph\"><a href=\"https:\/\/childrenandarmedconflict.un.org\/wp-content\/uploads\/2021\/05\/Impact-of-the-COVID-19-pandemic-on-violations-against-children-in-situations-of-armed-conflict-1.pdf\" target=\"_blank\" rel=\"noreferrer noopener\">OSRSG CAC. (2021, Apr). <em>Impact of the COVID-19 pandemic on violations against children in situations of armed conflict.<\/em> Geneva: United Nations.<\/a> <\/p>\n\n\n\n<p class=\"has-small-font-size wp-block-paragraph\"><a href=\"https:\/\/reliefweb.int\/report\/world\/statement-event-commemorate-7th-official-observance-international-day-elimination\" target=\"_blank\" rel=\"noreferrer noopener\">OSRSG CAC. (2021, Jun 17). <em>Statement: Event to commemorate the 7th official observance of the International Day for the Elimination of Sexual Violence in Conflict<\/em>. From Reliefweb<\/a><\/p>\n\n\n\n<p class=\"has-small-font-size wp-block-paragraph\"><a href=\"https:\/\/reliefweb.int\/report\/world\/44th-session-human-rights-council-statement-ms-virginia-gamba-srsg-children-and-armed\" target=\"_blank\" rel=\"noreferrer noopener\">OSRSG CAC. (2020, Jul 2). <em>44th Session of the Human Rights Council: Statement by Ms. Virginia Gamba, SRSG for Children and Armed Conflict<\/em>. From Reliefweb<\/a><\/p>\n\n\n\n<p class=\"has-small-font-size wp-block-paragraph\"><a href=\"https:\/\/www.un.org\/ga\/search\/view_doc.asp?symbol=S\/RES\/1612%20%282005%29&amp;Lang=E&amp;Area=UNDOC\" target=\"_blank\" rel=\"noreferrer noopener\">UNSC. (2005, Jul 26). <em>Res 1612 (2005).<\/em> Geneva: United Nations.<\/a> <\/p>\n\n\n\n<p class=\"has-small-font-size wp-block-paragraph\"><a href=\"https:\/\/undocs.org\/S\/RES\/1820(2008)\" target=\"_blank\" rel=\"noreferrer noopener\">UNSC. (2008, Jun 19). <em>Res 1820 (2008).<\/em> Geneva: United Nations.<\/a> <\/p>\n\n\n\n<p class=\"has-small-font-size wp-block-paragraph\"><a href=\"https:\/\/undocs.org\/A\/RES\/69\/293\" target=\"_blank\" rel=\"noreferrer noopener\">UNGA. (2015, Jul 13). <em>Res 69\/293 International Day for the Elimination of Sexual Violence in Conflict.<\/em> Geneva: United Nations.<\/a> <\/p>\n\n\n\n<p class=\"has-small-font-size wp-block-paragraph\"><a href=\"https:\/\/www.un.org\/ga\/search\/view_doc.asp?symbol=S\/2021\/437&amp;Lang=E&amp;Area=UNDOC\" target=\"_blank\" rel=\"noreferrer noopener\">UNSC. (2021, May 6). <em>Children and armed conflict Report of the Secretary-General.<\/em> Geneva: United Nations.<\/a> <\/p>\n\n\n\n<p class=\"has-small-font-size wp-block-paragraph\"><a href=\"https:\/\/news.un.org\/en\/story\/2021\/06\/1094232\" target=\"_blank\" rel=\"noreferrer noopener\">UN News. (2021, Jun 17). <em>Guterres: Bring crimes of sexual violence in conflict out of \u2018the shadows\u2019, punish perpetrators<\/em>. From UN News<\/a><\/p>\n\n\n\n<p class=\"has-small-font-size wp-block-paragraph\"><a href=\"https:\/\/news.un.org\/en\/story\/2021\/06\/1094392\" target=\"_blank\" rel=\"noreferrer noopener\">UN News. (2021, Jun 21). <em>Grave violations against children in conflict \u2018alarmingly high\u2019, latest UN report reveals<\/em>. From UN News<\/a><\/p>\n","protected":false},"excerpt":{"rendered":"<p>A l\u2019occasion de la 7\u00e8me c\u00e9l\u00e9bration officielle de la Journ\u00e9e Internationale pour l\u2019Elimination des violences sexuelles en temps de conflit, la Repr\u00e9sentante sp\u00e9ciale du Secr\u00e9taire g\u00e9n\u00e9ral pour les enfants et les conflits arm\u00e9s (RSSG), Virginia Gamba, a abord\u00e9 le probl\u00e8me des violences sexuelles faites aux enfants en temps de conflits dans le contexte de la [&hellip;]<\/p>\n","protected":false},"author":69,"featured_media":50788,"comment_status":"closed","ping_status":"closed","sticky":false,"template":"","format":"standard","meta":{"footnotes":""},"categories":[220,233,214],"tags":[],"class_list":["post-50783","post","type-post","status-publish","format-standard","has-post-thumbnail","hentry","category-droits-des-enfants","category-exploitation","category-violence"],"yoast_head":"<!-- This site is optimized with the Yoast SEO plugin v28.3 - https:\/\/yoast.com\/product\/yoast-seo-wordpress\/ -->\n<title>La pand\u00e9mie de COVID-19 et les violences sexuelles contre les enfants en temps de conflits - Humanium<\/title>\n<meta name=\"description\" content=\"\u00c0 la suite de coronavirus, on a constat\u00e9 une augmentation des cas de violence sexuelle \u00e0 l&#039;encontre des enfants dans les conflits arm\u00e9s.\" \/>\n<meta name=\"robots\" content=\"index, follow, max-snippet:-1, max-image-preview:large, max-video-preview:-1\" \/>\n<link rel=\"canonical\" href=\"https:\/\/www.humanium.org\/fr\/la-pandemie-de-covid-19-et-les-violences-sexuelles-contre-les-enfants-en-temps-de-conflits\/\" \/>\n<meta property=\"og:locale\" content=\"fr_FR\" \/>\n<meta property=\"og:type\" content=\"article\" \/>\n<meta property=\"og:title\" content=\"La pand\u00e9mie de COVID-19 et les violences sexuelles contre les enfants en temps de conflits - Humanium\" \/>\n<meta property=\"og:description\" content=\"\u00c0 la suite de coronavirus, on a constat\u00e9 une augmentation des cas de violence sexuelle \u00e0 l&#039;encontre des enfants dans les conflits arm\u00e9s.\" \/>\n<meta property=\"og:url\" content=\"https:\/\/www.humanium.org\/fr\/la-pandemie-de-covid-19-et-les-violences-sexuelles-contre-les-enfants-en-temps-de-conflits\/\" \/>\n<meta property=\"og:site_name\" content=\"Humanium\" \/>\n<meta property=\"article:published_time\" content=\"2021-08-10T07:28:14+00:00\" \/>\n<meta property=\"article:modified_time\" content=\"2025-12-10T02:42:26+00:00\" \/>\n<meta property=\"og:image\" content=\"https:\/\/www.humanium.org\/fr\/wp-content\/uploads\/2021\/08\/shutterstock_324407744-scaled.jpg\" \/>\n\t<meta property=\"og:image:width\" content=\"2560\" \/>\n\t<meta property=\"og:image:height\" content=\"1707\" \/>\n\t<meta property=\"og:image:type\" content=\"image\/jpeg\" \/>\n<meta name=\"author\" content=\"Humanium\" \/>\n<meta name=\"twitter:card\" content=\"summary_large_image\" \/>\n<meta name=\"twitter:label1\" content=\"\u00c9crit par\" \/>\n\t<meta name=\"twitter:data1\" content=\"Humanium\" \/>\n\t<meta name=\"twitter:label2\" content=\"Dur\u00e9e de lecture estim\u00e9e\" \/>\n\t<meta name=\"twitter:data2\" content=\"9 minutes\" \/>\n<script type=\"application\/ld+json\" class=\"yoast-schema-graph\">{\"@context\":\"https:\\\/\\\/schema.org\",\"@graph\":[{\"@type\":\"Article\",\"@id\":\"https:\\\/\\\/www.humanium.org\\\/fr\\\/la-pandemie-de-covid-19-et-les-violences-sexuelles-contre-les-enfants-en-temps-de-conflits\\\/#article\",\"isPartOf\":{\"@id\":\"https:\\\/\\\/www.humanium.org\\\/fr\\\/la-pandemie-de-covid-19-et-les-violences-sexuelles-contre-les-enfants-en-temps-de-conflits\\\/\"},\"author\":{\"name\":\"Humanium\",\"@id\":\"https:\\\/\\\/www.humanium.org\\\/fr\\\/#\\\/schema\\\/person\\\/d798d6c7d59ba2307e0877f61a20ce3e\"},\"headline\":\"La pand\u00e9mie de COVID-19 et les violences sexuelles contre les enfants en temps de conflits\",\"datePublished\":\"2021-08-10T07:28:14+00:00\",\"dateModified\":\"2025-12-10T02:42:26+00:00\",\"mainEntityOfPage\":{\"@id\":\"https:\\\/\\\/www.humanium.org\\\/fr\\\/la-pandemie-de-covid-19-et-les-violences-sexuelles-contre-les-enfants-en-temps-de-conflits\\\/\"},\"wordCount\":2051,\"image\":{\"@id\":\"https:\\\/\\\/www.humanium.org\\\/fr\\\/la-pandemie-de-covid-19-et-les-violences-sexuelles-contre-les-enfants-en-temps-de-conflits\\\/#primaryimage\"},\"thumbnailUrl\":\"https:\\\/\\\/www.humanium.org\\\/fr\\\/wp-content\\\/uploads\\\/2021\\\/08\\\/shutterstock_324407744-scaled.jpg\",\"articleSection\":[\"Droits des enfants\",\"Exploitation\",\"violence\"],\"inLanguage\":\"fr-FR\"},{\"@type\":\"WebPage\",\"@id\":\"https:\\\/\\\/www.humanium.org\\\/fr\\\/la-pandemie-de-covid-19-et-les-violences-sexuelles-contre-les-enfants-en-temps-de-conflits\\\/\",\"url\":\"https:\\\/\\\/www.humanium.org\\\/fr\\\/la-pandemie-de-covid-19-et-les-violences-sexuelles-contre-les-enfants-en-temps-de-conflits\\\/\",\"name\":\"La pand\u00e9mie de COVID-19 et les violences sexuelles contre les enfants en temps de conflits - Humanium\",\"isPartOf\":{\"@id\":\"https:\\\/\\\/www.humanium.org\\\/fr\\\/#website\"},\"primaryImageOfPage\":{\"@id\":\"https:\\\/\\\/www.humanium.org\\\/fr\\\/la-pandemie-de-covid-19-et-les-violences-sexuelles-contre-les-enfants-en-temps-de-conflits\\\/#primaryimage\"},\"image\":{\"@id\":\"https:\\\/\\\/www.humanium.org\\\/fr\\\/la-pandemie-de-covid-19-et-les-violences-sexuelles-contre-les-enfants-en-temps-de-conflits\\\/#primaryimage\"},\"thumbnailUrl\":\"https:\\\/\\\/www.humanium.org\\\/fr\\\/wp-content\\\/uploads\\\/2021\\\/08\\\/shutterstock_324407744-scaled.jpg\",\"datePublished\":\"2021-08-10T07:28:14+00:00\",\"dateModified\":\"2025-12-10T02:42:26+00:00\",\"author\":{\"@id\":\"https:\\\/\\\/www.humanium.org\\\/fr\\\/#\\\/schema\\\/person\\\/d798d6c7d59ba2307e0877f61a20ce3e\"},\"description\":\"\u00c0 la suite de coronavirus, on a constat\u00e9 une augmentation des cas de violence sexuelle \u00e0 l'encontre des enfants dans les conflits arm\u00e9s.\",\"breadcrumb\":{\"@id\":\"https:\\\/\\\/www.humanium.org\\\/fr\\\/la-pandemie-de-covid-19-et-les-violences-sexuelles-contre-les-enfants-en-temps-de-conflits\\\/#breadcrumb\"},\"inLanguage\":\"fr-FR\",\"potentialAction\":[{\"@type\":\"ReadAction\",\"target\":[\"https:\\\/\\\/www.humanium.org\\\/fr\\\/la-pandemie-de-covid-19-et-les-violences-sexuelles-contre-les-enfants-en-temps-de-conflits\\\/\"]}]},{\"@type\":\"ImageObject\",\"inLanguage\":\"fr-FR\",\"@id\":\"https:\\\/\\\/www.humanium.org\\\/fr\\\/la-pandemie-de-covid-19-et-les-violences-sexuelles-contre-les-enfants-en-temps-de-conflits\\\/#primaryimage\",\"url\":\"https:\\\/\\\/www.humanium.org\\\/fr\\\/wp-content\\\/uploads\\\/2021\\\/08\\\/shutterstock_324407744-scaled.jpg\",\"contentUrl\":\"https:\\\/\\\/www.humanium.org\\\/fr\\\/wp-content\\\/uploads\\\/2021\\\/08\\\/shutterstock_324407744-scaled.jpg\",\"width\":2560,\"height\":1707},{\"@type\":\"BreadcrumbList\",\"@id\":\"https:\\\/\\\/www.humanium.org\\\/fr\\\/la-pandemie-de-covid-19-et-les-violences-sexuelles-contre-les-enfants-en-temps-de-conflits\\\/#breadcrumb\",\"itemListElement\":[{\"@type\":\"ListItem\",\"position\":1,\"name\":\"Home\",\"item\":\"https:\\\/\\\/www.humanium.org\\\/fr\\\/\"},{\"@type\":\"ListItem\",\"position\":2,\"name\":\"La pand\u00e9mie de COVID-19 et les violences sexuelles contre les enfants en temps de conflits\"}]},{\"@type\":\"WebSite\",\"@id\":\"https:\\\/\\\/www.humanium.org\\\/fr\\\/#website\",\"url\":\"https:\\\/\\\/www.humanium.org\\\/fr\\\/\",\"name\":\"Humanium\",\"description\":\"Les enfants d\u2019abord !\",\"potentialAction\":[{\"@type\":\"SearchAction\",\"target\":{\"@type\":\"EntryPoint\",\"urlTemplate\":\"https:\\\/\\\/www.humanium.org\\\/fr\\\/?s={search_term_string}\"},\"query-input\":{\"@type\":\"PropertyValueSpecification\",\"valueRequired\":true,\"valueName\":\"search_term_string\"}}],\"inLanguage\":\"fr-FR\"},{\"@type\":\"Person\",\"@id\":\"https:\\\/\\\/www.humanium.org\\\/fr\\\/#\\\/schema\\\/person\\\/d798d6c7d59ba2307e0877f61a20ce3e\",\"name\":\"Humanium\",\"image\":{\"@type\":\"ImageObject\",\"inLanguage\":\"fr-FR\",\"@id\":\"https:\\\/\\\/secure.gravatar.com\\\/avatar\\\/22715e338d2fcc547e3a431c4738360d33fea2a4af458f865b2c3b22f1eaa51f?s=96&d=mm&r=g\",\"url\":\"https:\\\/\\\/secure.gravatar.com\\\/avatar\\\/22715e338d2fcc547e3a431c4738360d33fea2a4af458f865b2c3b22f1eaa51f?s=96&d=mm&r=g\",\"contentUrl\":\"https:\\\/\\\/secure.gravatar.com\\\/avatar\\\/22715e338d2fcc547e3a431c4738360d33fea2a4af458f865b2c3b22f1eaa51f?s=96&d=mm&r=g\",\"caption\":\"Humanium\"},\"url\":\"https:\\\/\\\/www.humanium.org\\\/fr\\\/author\\\/humanium\\\/\"}]}<\/script>\n<!-- \/ Yoast SEO plugin. -->","yoast_head_json":{"title":"La pand\u00e9mie de COVID-19 et les violences sexuelles contre les enfants en temps de conflits - Humanium","description":"\u00c0 la suite de coronavirus, on a constat\u00e9 une augmentation des cas de violence sexuelle \u00e0 l'encontre des enfants dans les conflits arm\u00e9s.","robots":{"index":"index","follow":"follow","max-snippet":"max-snippet:-1","max-image-preview":"max-image-preview:large","max-video-preview":"max-video-preview:-1"},"canonical":"https:\/\/www.humanium.org\/fr\/la-pandemie-de-covid-19-et-les-violences-sexuelles-contre-les-enfants-en-temps-de-conflits\/","og_locale":"fr_FR","og_type":"article","og_title":"La pand\u00e9mie de COVID-19 et les violences sexuelles contre les enfants en temps de conflits - Humanium","og_description":"\u00c0 la suite de coronavirus, on a constat\u00e9 une augmentation des cas de violence sexuelle \u00e0 l'encontre des enfants dans les conflits arm\u00e9s.","og_url":"https:\/\/www.humanium.org\/fr\/la-pandemie-de-covid-19-et-les-violences-sexuelles-contre-les-enfants-en-temps-de-conflits\/","og_site_name":"Humanium","article_published_time":"2021-08-10T07:28:14+00:00","article_modified_time":"2025-12-10T02:42:26+00:00","og_image":[{"width":2560,"height":1707,"url":"https:\/\/www.humanium.org\/fr\/wp-content\/uploads\/2021\/08\/shutterstock_324407744-scaled.jpg","type":"image\/jpeg"}],"author":"Humanium","twitter_card":"summary_large_image","twitter_misc":{"\u00c9crit par":"Humanium","Dur\u00e9e de lecture estim\u00e9e":"9 minutes"},"schema":{"@context":"https:\/\/schema.org","@graph":[{"@type":"Article","@id":"https:\/\/www.humanium.org\/fr\/la-pandemie-de-covid-19-et-les-violences-sexuelles-contre-les-enfants-en-temps-de-conflits\/#article","isPartOf":{"@id":"https:\/\/www.humanium.org\/fr\/la-pandemie-de-covid-19-et-les-violences-sexuelles-contre-les-enfants-en-temps-de-conflits\/"},"author":{"name":"Humanium","@id":"https:\/\/www.humanium.org\/fr\/#\/schema\/person\/d798d6c7d59ba2307e0877f61a20ce3e"},"headline":"La pand\u00e9mie de COVID-19 et les violences sexuelles contre les enfants en temps de conflits","datePublished":"2021-08-10T07:28:14+00:00","dateModified":"2025-12-10T02:42:26+00:00","mainEntityOfPage":{"@id":"https:\/\/www.humanium.org\/fr\/la-pandemie-de-covid-19-et-les-violences-sexuelles-contre-les-enfants-en-temps-de-conflits\/"},"wordCount":2051,"image":{"@id":"https:\/\/www.humanium.org\/fr\/la-pandemie-de-covid-19-et-les-violences-sexuelles-contre-les-enfants-en-temps-de-conflits\/#primaryimage"},"thumbnailUrl":"https:\/\/www.humanium.org\/fr\/wp-content\/uploads\/2021\/08\/shutterstock_324407744-scaled.jpg","articleSection":["Droits des enfants","Exploitation","violence"],"inLanguage":"fr-FR"},{"@type":"WebPage","@id":"https:\/\/www.humanium.org\/fr\/la-pandemie-de-covid-19-et-les-violences-sexuelles-contre-les-enfants-en-temps-de-conflits\/","url":"https:\/\/www.humanium.org\/fr\/la-pandemie-de-covid-19-et-les-violences-sexuelles-contre-les-enfants-en-temps-de-conflits\/","name":"La pand\u00e9mie de COVID-19 et les violences sexuelles contre les enfants en temps de conflits - Humanium","isPartOf":{"@id":"https:\/\/www.humanium.org\/fr\/#website"},"primaryImageOfPage":{"@id":"https:\/\/www.humanium.org\/fr\/la-pandemie-de-covid-19-et-les-violences-sexuelles-contre-les-enfants-en-temps-de-conflits\/#primaryimage"},"image":{"@id":"https:\/\/www.humanium.org\/fr\/la-pandemie-de-covid-19-et-les-violences-sexuelles-contre-les-enfants-en-temps-de-conflits\/#primaryimage"},"thumbnailUrl":"https:\/\/www.humanium.org\/fr\/wp-content\/uploads\/2021\/08\/shutterstock_324407744-scaled.jpg","datePublished":"2021-08-10T07:28:14+00:00","dateModified":"2025-12-10T02:42:26+00:00","author":{"@id":"https:\/\/www.humanium.org\/fr\/#\/schema\/person\/d798d6c7d59ba2307e0877f61a20ce3e"},"description":"\u00c0 la suite de coronavirus, on a constat\u00e9 une augmentation des cas de violence sexuelle \u00e0 l'encontre des enfants dans les conflits arm\u00e9s.","breadcrumb":{"@id":"https:\/\/www.humanium.org\/fr\/la-pandemie-de-covid-19-et-les-violences-sexuelles-contre-les-enfants-en-temps-de-conflits\/#breadcrumb"},"inLanguage":"fr-FR","potentialAction":[{"@type":"ReadAction","target":["https:\/\/www.humanium.org\/fr\/la-pandemie-de-covid-19-et-les-violences-sexuelles-contre-les-enfants-en-temps-de-conflits\/"]}]},{"@type":"ImageObject","inLanguage":"fr-FR","@id":"https:\/\/www.humanium.org\/fr\/la-pandemie-de-covid-19-et-les-violences-sexuelles-contre-les-enfants-en-temps-de-conflits\/#primaryimage","url":"https:\/\/www.humanium.org\/fr\/wp-content\/uploads\/2021\/08\/shutterstock_324407744-scaled.jpg","contentUrl":"https:\/\/www.humanium.org\/fr\/wp-content\/uploads\/2021\/08\/shutterstock_324407744-scaled.jpg","width":2560,"height":1707},{"@type":"BreadcrumbList","@id":"https:\/\/www.humanium.org\/fr\/la-pandemie-de-covid-19-et-les-violences-sexuelles-contre-les-enfants-en-temps-de-conflits\/#breadcrumb","itemListElement":[{"@type":"ListItem","position":1,"name":"Home","item":"https:\/\/www.humanium.org\/fr\/"},{"@type":"ListItem","position":2,"name":"La pand\u00e9mie de COVID-19 et les violences sexuelles contre les enfants en temps de conflits"}]},{"@type":"WebSite","@id":"https:\/\/www.humanium.org\/fr\/#website","url":"https:\/\/www.humanium.org\/fr\/","name":"Humanium","description":"Les enfants d\u2019abord !","potentialAction":[{"@type":"SearchAction","target":{"@type":"EntryPoint","urlTemplate":"https:\/\/www.humanium.org\/fr\/?s={search_term_string}"},"query-input":{"@type":"PropertyValueSpecification","valueRequired":true,"valueName":"search_term_string"}}],"inLanguage":"fr-FR"},{"@type":"Person","@id":"https:\/\/www.humanium.org\/fr\/#\/schema\/person\/d798d6c7d59ba2307e0877f61a20ce3e","name":"Humanium","image":{"@type":"ImageObject","inLanguage":"fr-FR","@id":"https:\/\/secure.gravatar.com\/avatar\/22715e338d2fcc547e3a431c4738360d33fea2a4af458f865b2c3b22f1eaa51f?s=96&d=mm&r=g","url":"https:\/\/secure.gravatar.com\/avatar\/22715e338d2fcc547e3a431c4738360d33fea2a4af458f865b2c3b22f1eaa51f?s=96&d=mm&r=g","contentUrl":"https:\/\/secure.gravatar.com\/avatar\/22715e338d2fcc547e3a431c4738360d33fea2a4af458f865b2c3b22f1eaa51f?s=96&d=mm&r=g","caption":"Humanium"},"url":"https:\/\/www.humanium.org\/fr\/author\/humanium\/"}]}},"_links":{"self":[{"href":"https:\/\/www.humanium.org\/fr\/wp-json\/wp\/v2\/posts\/50783","targetHints":{"allow":["GET"]}}],"collection":[{"href":"https:\/\/www.humanium.org\/fr\/wp-json\/wp\/v2\/posts"}],"about":[{"href":"https:\/\/www.humanium.org\/fr\/wp-json\/wp\/v2\/types\/post"}],"author":[{"embeddable":true,"href":"https:\/\/www.humanium.org\/fr\/wp-json\/wp\/v2\/users\/69"}],"replies":[{"embeddable":true,"href":"https:\/\/www.humanium.org\/fr\/wp-json\/wp\/v2\/comments?post=50783"}],"version-history":[{"count":4,"href":"https:\/\/www.humanium.org\/fr\/wp-json\/wp\/v2\/posts\/50783\/revisions"}],"predecessor-version":[{"id":60885,"href":"https:\/\/www.humanium.org\/fr\/wp-json\/wp\/v2\/posts\/50783\/revisions\/60885"}],"wp:featuredmedia":[{"embeddable":true,"href":"https:\/\/www.humanium.org\/fr\/wp-json\/wp\/v2\/media\/50788"}],"wp:attachment":[{"href":"https:\/\/www.humanium.org\/fr\/wp-json\/wp\/v2\/media?parent=50783"}],"wp:term":[{"taxonomy":"category","embeddable":true,"href":"https:\/\/www.humanium.org\/fr\/wp-json\/wp\/v2\/categories?post=50783"},{"taxonomy":"post_tag","embeddable":true,"href":"https:\/\/www.humanium.org\/fr\/wp-json\/wp\/v2\/tags?post=50783"}],"curies":[{"name":"wp","href":"https:\/\/api.w.org\/{rel}","templated":true}]}}