{"id":50811,"date":"2021-08-17T11:24:05","date_gmt":"2021-08-17T11:24:05","guid":{"rendered":"https:\/\/www.humanium.org\/fr\/?p=50811"},"modified":"2026-08-21T03:22:49","modified_gmt":"2026-08-21T03:22:49","slug":"hausse-mondiale-du-travail-des-enfants-une-menace-continue-pour-les-droits-des-enfants","status":"publish","type":"post","link":"https:\/\/www.humanium.org\/fr\/hausse-mondiale-du-travail-des-enfants-une-menace-continue-pour-les-droits-des-enfants\/","title":{"rendered":"Hausse mondiale du travail des enfants &#8211; une menace continue pour les droits des enfants"},"content":{"rendered":"\n<p class=\"wp-block-paragraph\"><strong>La pand\u00e9mie a eu de terribles cons\u00e9quences \u00e9conomiques et sanitaires dans le monde entier. Mais pour ceux qui vivent dans des pays \u00e0 faible revenu, la question de l&rsquo;augmentation du travail des enfants est devenue d&rsquo;autant plus importante. Le travail des enfants est end\u00e9mique, nous disent l&rsquo;Organisation Internationale du Travail (OIT) et le Fonds des Nations Unies pour l&rsquo;Enfance (UNICEF). Dans un rapport datant de juin 2021, l&rsquo;OIT et l&rsquo;UNICEF ont publi\u00e9 que 160 millions d&rsquo;enfants \u00e9taient concern\u00e9s par le travail des enfants en 2020.<\/strong><\/p>\n\n\n\n<p class=\"wp-block-paragraph\"><strong>Bien que le pourcentage d&rsquo;enfants soumis au travail pr\u00e9coce n&rsquo;ait pas chang\u00e9 de 2016 \u00e0 2020, leur nombre a augment\u00e9 de 8,3 millions (OIT et UNICEF 2021). <\/strong><a href=\"https:\/\/www.humanium.org\/fr\/travail-des-enfants\/\"><strong>Le travail des enfants<\/strong><\/a><strong> \u00e9tait \u00e0 la baisse depuis les ann\u00e9es 2000, mais la pand\u00e9mie a compl\u00e8tement boulevers\u00e9 cette tendance. La question du travail des enfants va de pair avec celle de <\/strong><a href=\"https:\/\/www.humanium.org\/fr\/comprendre-droits-enfant\/droit-a-l-education\/\"><strong>l&rsquo;\u00e9ducation<\/strong><\/a><strong> : en parall\u00e8le avec l&rsquo;augmentation du travail des enfants, on remarque aussi que de plus en plus d&rsquo;enfants abandonnent l&rsquo;\u00e9cole, dans le monde entier. (Diaz 2021)<\/strong><\/p>\n\n\n\n<h2 class=\"wp-block-heading\"><strong>Quelle est la situation actuelle ?<\/strong><\/h2>\n\n\n\n<p class=\"wp-block-paragraph\">\u00c0 l&rsquo;\u00e9chelle mondiale, le travail des enfants a consid\u00e9rablement augment\u00e9. Mais le taux de travail des enfants est pire en <a href=\"https:\/\/www.humanium.org\/fr\/afrique\/\">Afrique subsaharienne<\/a> : \u00ab\u00a0Avec plus d&rsquo;enfants n\u00e9s dans des m\u00e9nages pauvres et un manque g\u00e9n\u00e9ral d&rsquo;aides gouvernementales, [Furio Rosati, chercheur principal \u00e0 l&rsquo;Institut IZA d&rsquo;\u00e9conomie du travail] a d\u00e9clar\u00e9 que les enfants sont trop souvent pouss\u00e9s vers le march\u00e9 du travail pour subvenir aux besoins de leur famille.\u00a0\u00bb(Ghaedi, 2021) Par ailleurs, l&rsquo;Afrique subsaharienne a \u00e9t\u00e9 particuli\u00e8rement touch\u00e9e par \u201cla croissance d\u00e9mographique, les crises r\u00e9currentes, <a href=\"https:\/\/www.humanium.org\/fr\/pauvrete\/\">la pauvret\u00e9 extr\u00eame<\/a>, et des mesures de protection sociale inad\u00e9quates \u00a0\u00bb qui ont d\u00e9t\u00e9rior\u00e9 les conditions de vie depuis la pand\u00e9mie. (Nations Unies, 2021)<\/p>\n\n\n\n<p class=\"wp-block-paragraph\">\u00c0 l&rsquo;inverse, le taux de travail des enfants a tendance \u00e0 diminuer, en <a href=\"https:\/\/www.humanium.org\/fr\/asie-pacifique\/\">Asie Pacifique,<\/a> en <a href=\"https:\/\/www.humanium.org\/fr\/ameriques\/\">Am\u00e9rique latine<\/a> et aux Cara\u00efbes. Les statistiques r\u00e9v\u00e8lent aussi des in\u00e9galit\u00e9s entre sexes et entre zones urbaines \/ rurales: les Nations Unies (ONU) soulignent que \u201cle travail des enfants est plus r\u00e9pandu chez les gar\u00e7ons que chez les <a href=\"https:\/\/www.humanium.org\/fr\/droits-des-filles\/\">filles<\/a>, peu importe l&rsquo;\u00e2ge, mais lorsqu&rsquo;on prend en compte 21 heures de t\u00e2ches m\u00e9nag\u00e8res par semaine, l&rsquo;\u00e9cart entre les sexes en mati\u00e8re de travail des enfants diminue.\u00a0\u00bb(Nations Unies, 2021).<\/p>\n\n\n\n<p class=\"wp-block-paragraph\">Le travail des enfants dans les zones rurales est \u00e9galement particuli\u00e8rement plus \u00e9lev\u00e9 que dans les zones urbaines. En r\u00e8gle g\u00e9n\u00e9rale, plus de gar\u00e7ons que de filles sont impliqu\u00e9s dans des lieux de travail dangereux tels que l&rsquo;exploitation mini\u00e8re.<\/p>\n\n\n\n<p class=\"wp-block-paragraph\">Comment expliquer cette hausse ? Avant 2020, les pays du monde entier avaient fait des efforts impressionnants pour r\u00e9duire le taux de travail des enfants de 40% entre 2000 et 2016, mais cela n&rsquo;a pas suffi.<\/p>\n\n\n\n<p class=\"wp-block-paragraph\">Alors pourquoi les taux sont-ils si \u00e9lev\u00e9s ? C&rsquo;est \u00e0 cause de la pand\u00e9mie de COVID-19, bien que Jo Becker, directrice du plaidoyer de la division des droits de l&rsquo;enfant chez Human Rights Watch, explique \u00e9galement que les chiffres concernant le travail des enfants \u00e9taient d\u00e9j\u00e0 alarmants avant m\u00eame la pand\u00e9mie. (Becker 2021)<\/p>\n\n\n\n<h2 class=\"wp-block-heading\"><strong>Comment la pand\u00e9mie de COVID-19 a-t-elle affect\u00e9 <\/strong><a href=\"https:\/\/www.humanium.org\/fr\/travail-des-enfants\/\"><strong>le travail des enfants<\/strong><\/a><strong> ?<\/strong><\/h2>\n\n\n\n<h3 class=\"wp-block-heading\"><strong>Zoom sur le Ghana, le N\u00e9pal et l&rsquo;Ouganda<\/strong><\/h3>\n\n\n\n<p class=\"wp-block-paragraph\">Afin de comprendre cette augmentation du travail des enfants et les cons\u00e9quences qui en d\u00e9coulent, prenons les exemples du <a href=\"https:\/\/www.humanium.org\/fr\/ghana\/\">Ghana<\/a>, du <a href=\"https:\/\/www.humanium.org\/fr\/nepal\/\">N\u00e9pal<\/a>, et de <a href=\"https:\/\/www.humanium.org\/fr\/ouganda\/\">l&rsquo;Ouganda<\/a>. Pendant la pand\u00e9mie de COVID-19, des organisations telles que Human Rights Watch, les Amis de la Nation (<em>Friends of the Nation<\/em>) et l&rsquo;Initiative pour les droits sociaux et \u00e9conomiques (<em>Initiative for Social and Economic Rights<\/em>) ont interview\u00e9 des enfants au <a href=\"https:\/\/www.humanium.org\/fr\/ghana\/\">Ghana<\/a>, au <a href=\"https:\/\/www.humanium.org\/fr\/nepal\/\">N\u00e9pal<\/a>, et en <a href=\"https:\/\/www.humanium.org\/fr\/ouganda\/\">Ouganda<\/a> sur leurs conditions de vie et a pr\u00e9sent\u00e9 les r\u00e9sultats dans un rapport de mai 2021 intitul\u00e9 \u201c \u00ab\u00a0Je dois travailler pour manger\u00a0\u00bb &#8211; Covid-19, Pauvret\u00e9 et travail des enfants au Ghana, au N\u00e9pal et en Ouganda.\u00a0\u00bb(Becker 2021) Ils ont choisi ces pays en raison de leur incapacit\u00e9 \u00e0 proposer des aides ad\u00e9quates sous forme d&rsquo;argent liquide, ce qui aurait \u00e9t\u00e9 utile pour r\u00e9duire le travail des enfants.<\/p>\n\n\n\n<figure class=\"wp-block-image size-large\"><img loading=\"lazy\" decoding=\"async\" width=\"1024\" height=\"683\" src=\"https:\/\/www.humanium.org\/fr\/wp-content\/uploads\/2021\/08\/shutterstock_1742218595-1024x683.jpg\" alt=\"\" class=\"wp-image-50813\" srcset=\"https:\/\/www.humanium.org\/fr\/wp-content\/uploads\/2021\/08\/shutterstock_1742218595-1024x683.jpg 1024w, https:\/\/www.humanium.org\/fr\/wp-content\/uploads\/2021\/08\/shutterstock_1742218595-300x200.jpg 300w, https:\/\/www.humanium.org\/fr\/wp-content\/uploads\/2021\/08\/shutterstock_1742218595-768x512.jpg 768w, https:\/\/www.humanium.org\/fr\/wp-content\/uploads\/2021\/08\/shutterstock_1742218595-1536x1025.jpg 1536w, https:\/\/www.humanium.org\/fr\/wp-content\/uploads\/2021\/08\/shutterstock_1742218595-2048x1366.jpg 2048w, https:\/\/www.humanium.org\/fr\/wp-content\/uploads\/2021\/08\/shutterstock_1742218595-830x554.jpg 830w, https:\/\/www.humanium.org\/fr\/wp-content\/uploads\/2021\/08\/shutterstock_1742218595-230x153.jpg 230w, https:\/\/www.humanium.org\/fr\/wp-content\/uploads\/2021\/08\/shutterstock_1742218595-350x234.jpg 350w, https:\/\/www.humanium.org\/fr\/wp-content\/uploads\/2021\/08\/shutterstock_1742218595-480x320.jpg 480w, https:\/\/www.humanium.org\/fr\/wp-content\/uploads\/2021\/08\/shutterstock_1742218595-272x182.jpg 272w\" sizes=\"auto, (max-width: 1024px) 100vw, 1024px\" \/><\/figure>\n\n\n\n<p class=\"wp-block-paragraph\">Nous nous concentrons sur l&rsquo;\u00e9tude de cas de ces pays afin de pr\u00e9senter une image plus globale de l&rsquo;effet de la pand\u00e9mie sur le niveau du travail des enfants. Les enfants \u00e9taient soumis \u00e0 diff\u00e9rents types de travaux : \u201c dans des fours \u00e0 briques, des usines de tapis, dans la construction, en tant que m\u00e9caniciens, conducteurs de pousse-pousse, charpentiers ou encore vendeurs de th\u00e9, de barbe \u00e0 papa, de masques et d&rsquo;autres objets.\u00a0\u00bb (Human Rights Watch 2021)<\/p>\n\n\n\n<p class=\"wp-block-paragraph\">Les enfants sont souvent impliqu\u00e9s dans le travail des enfants apr\u00e8s la d\u00e9t\u00e9rioration des conditions de vie de leur famille, souvent suite \u00e0 la perte d&#8217;emploi d&rsquo;un des parents : \u201cIsaac, 15 ans, d\u00e9clare que sa m\u00e8re \u00e9tait commer\u00e7ante alimentaire, mais que pendant le confinement, elle ne pouvait pas se rendre au march\u00e9 en raison d&rsquo;absence de moyen de transport.\u00a0\u00bb(Becker 2021) Les pertes d&#8217;emploi r\u00e9sultant de la pand\u00e9mie poussent davantage d&rsquo;enfants \u00e0 devenir les principaux pourvoyeurs de leur famille.<\/p>\n\n\n\n<p class=\"wp-block-paragraph\">Les 81 enfants (\u00e2g\u00e9s de 8 \u00e0 17 ans) interview\u00e9s ont parl\u00e9 des cons\u00e9quences du fait de travailler pendant la pand\u00e9mie : perte d&#8217;emploi, salaires bas, de longues heures cons\u00e9cutives, fermetures d&rsquo;\u00e9coles et confinements. Les enfants ont \u00e9galement signal\u00e9 une d\u00e9t\u00e9rioration de leur \u00e9tat de sant\u00e9 : \u00ab\u00a0fatigue, vertiges et douleurs dans le dos, les jambes, les genoux, les mains, les doigts et les yeux en raison de mouvements r\u00e9p\u00e9titifs, du fait de rester assis pendant de longues p\u00e9riodes ou de porter des charges lourdes.\u00a0\u00bb (Human Rights Watch 2021)&nbsp;<\/p>\n\n\n\n<p class=\"wp-block-paragraph\">Des violences ont \u00e9galement eu lieu.&nbsp; Par exemple, Angela (15 ans), une jeune ougandaise, a souvent \u00e9t\u00e9 battue par son employeur pendant son travail : \u201cIl nous bat, il nous pousse, il nous gifle, mais on endure . . .&nbsp; J&rsquo;ai besoin de travailler, j&rsquo;ai besoin de l&rsquo;argent, n&rsquo;en serait-ce qu&rsquo;un peu.\u00a0\u00bb (Becker 2021) Malgr\u00e9 les conditions de travail horribles, les enfants tentent d\u00e9sesp\u00e9ramment de gagner de l&rsquo;argent. <\/p>\n\n\n\n<p class=\"wp-block-paragraph\">Pire encore, certains enfants ne pr\u00e9voient pas de continuer leur <a href=\"https:\/\/www.humanium.org\/fr\/comprendre-droits-enfant\/droit-a-l-education\/\">\u00e9ducation<\/a>. Quand ils arrivent \u00e0 subvenir \u00e0 leurs besoins, les enfants doutent de l&rsquo;int\u00e9r\u00eat de retourner \u00e0 l&rsquo;\u00e9cole. Dans le monde, 24 millions d&rsquo;enfants ont d\u00e9finitivement abandonn\u00e9 l&rsquo;\u00e9cole depuis la pand\u00e9mie. (Becker 2021) En plus du fait d&rsquo;\u00eatre <a href=\"https:\/\/www.humanium.org\/fr\/comprendre-droits-enfant\/droit-a-l-education\/\">d\u00e9scolaris\u00e9s<\/a>, ces enfants n&rsquo;ont pas d&rsquo;acc\u00e8s appropri\u00e9 \u00e0 <a href=\"https:\/\/www.humanium.org\/fr\/situation-monde\/droit-a-l-eau\/\">l&rsquo;eau<\/a>, au <a href=\"https:\/\/www.humanium.org\/fr\/comprendre-droits-enfant\/droit-a-la-sante\/\">traitement<\/a> m\u00e9dical, \u00e0 <a href=\"https:\/\/www.humanium.org\/fr\/comprendre-droits-enfant\/droit-a-l-alimentation\/\">l&rsquo;alimentation<\/a>, et plus encore.<\/p>\n\n\n\n<h2 class=\"wp-block-heading\"><strong>Quelle solution ?<\/strong><\/h2>\n\n\n\n<p class=\"wp-block-paragraph\">En guise de solution, Human Rights Watch sugg\u00e8re au gouvernement n\u00e9palais et aux donneurs internationaux \u00ab\u00a0d&rsquo;\u00e9tendre le programme (relativement petit) de transfert d&rsquo;argent du N\u00e9pal pour prot\u00e9ger les enfants de l&rsquo;exploitation et des travaux dangereux.\u00a0\u00bb (Human Rights Watch 2021). Pourtant, Human Rights Watch insiste sur le fait que ce ph\u00e9nom\u00e8ne n&rsquo;aurait jamais d\u00fb se produire : le taux alarmant de travail des enfants n&rsquo;\u00e9tait pas \u201cune cons\u00e9quence in\u00e9vitable de la pand\u00e9mie.\u00a0\u00bb(Becker 2021)<\/p>\n\n\n\n<p class=\"wp-block-paragraph\">En effet, certains gouvernements n&rsquo;ont pas apport\u00e9 suffisamment de soutien aux enfants en cette p\u00e9riode difficile : \u201cDe nombreux gouvernements ont r\u00e9ussi \u00e0 r\u00e9duire le fl\u00e9au dans le pass\u00e9 en fournissant des allocations r\u00e9guli\u00e8res en esp\u00e8ces pour aider les familles \u00e0 r\u00e9pondre \u00e0 leurs besoins fondamentaux sans envoyer leurs enfants travailler. Mais 1,3 milliard d&rsquo;enfants \u2013 principalement en <a href=\"https:\/\/www.humanium.org\/fr\/afrique\/\">Afrique<\/a> et en <a href=\"https:\/\/www.humanium.org\/fr\/asie-pacifique\/\">Asie<\/a> &#8211; ne sont pas prot\u00e9g\u00e9s par de tels programmes.\u00a0\u00bb (Becker 2021) Ces programmes sont maintenant devenus cruciaux.<\/p>\n\n\n\n<p class=\"wp-block-paragraph\">Le bilan est extr\u00eamement n\u00e9gatif : la directrice g\u00e9n\u00e9rale de l&rsquo;UNICEF, Henrietta Fore, craint que nous ne perdions la lutte contre le travail des enfants (Ghaedi 2021). Mais il y a encore de l&rsquo;espoir : en prenant des mesures gouvernementales ad\u00e9quates, men\u00e9es en temps et en heure, et en mettant en \u0153uvre une pension alimentaire adapt\u00e9e pour les enfants, les pays du monde entier ont la responsabilit\u00e9 d&rsquo;inverser le taux \u00e9lev\u00e9 de travail des enfants. Les causes profondes devront \u00eatre examin\u00e9es pour que le changement se produise. Les gouvernements de ces pays doivent s&rsquo;am\u00e9liorer pour le bien-\u00eatre de leur population et des enfants.<\/p>\n\n\n\n<p class=\"wp-block-paragraph\">Selon le directeur g\u00e9n\u00e9ral de l&rsquo;OIT, Guy Ryder, la solution serait l&rsquo;\u00e9ducation. \u00ab\u00a0Des politiques qui permettraient aux enfants de rester \u00e0 l&rsquo;\u00e9cole m\u00eame en p\u00e9riode de difficult\u00e9s \u00e9conomiques, des investissements accrus dans le d\u00e9veloppement rural et un travail agricole d\u00e9cent sont essentiels pour inverser la tendance.\u00a0\u00bb (OIT et UNICEF 2021) .<\/p>\n\n\n\n<p class=\"wp-block-paragraph\">Les gouvernements doivent multiplier leurs efforts pour fournir une \u00e9ducation ad\u00e9quate et accessible aux enfants. Le rapport de l&rsquo;OIT et de l&rsquo;UNICEF appelle \u00e0 augmenter les aides \u00e0 la protection de l&rsquo;enfance, ce qui pourrait \u00eatre peu probable compte tenu de la situation budg\u00e9taire nationale actuelle.<\/p>\n\n\n\n<p class=\"wp-block-paragraph\">Bien que les organisations puissent signaler des abus en s&rsquo;appuyant sur l&rsquo;aide humanitaire, il est de la responsabilit\u00e9 des gouvernements de soutenir les enfants.<\/p>\n\n\n\n<p class=\"wp-block-paragraph\">Ce n&rsquo;est que par la r\u00e9duction du travail des enfants et la mise en avant de l&rsquo;\u00e9ducation que les enfants seront libres: chaque enfant a droit \u00e0 une enfance \u00e9panouissante et stable.<\/p>\n\n\n\n<h2 class=\"wp-block-heading\"><strong>La lutte d&rsquo;Humanium contre le travail des enfants<\/strong><\/h2>\n\n\n\n<p class=\"wp-block-paragraph\">Chez Humanium, nous valorisons le droit des enfants \u00e0 <a href=\"https:\/\/www.humanium.org\/fr\/comprendre-droits-enfant\/droit-a-l-education\/\">l&rsquo;\u00e9ducation<\/a>, \u00e0 la sant\u00e9 et \u00e0 <a href=\"https:\/\/www.humanium.org\/fr\/situation-monde\/droit-a-l-eau\/\">l&rsquo;eau<\/a>. Malheureusement, avec la hausse du travail des enfants dans le monde, et en particulier en Afrique subsaharienne, les droits fondamentaux des enfants sont menac\u00e9s. Nous devons pousser les gouvernements \u00e0 agir sur ces questions en faisant rapport sur celles-ci. Parler de ces questions nous permettra \u00e9galement de trouver de nouvelles solutions.&nbsp;<\/p>\n\n\n\n<p class=\"wp-block-paragraph\">Nous devons \u00e9galement fournir une aide humanitaire urgente pour venir en aide aux enfants en d\u00e9tresse. Dans nos projets pass\u00e9s, et en particulier ceux du Madhya Pradesh en Inde, nous avons cherch\u00e9 \u00e0 \u00e9radiquer le probl\u00e8me, en soutenant le Centre r\u00e9sidentiel de r\u00e9habilitation sp\u00e9cialis\u00e9. Gr\u00e2ce \u00e0 ce centre, les enfants ont eu la possibilit\u00e9 de s&rsquo;appuyer sur leur \u00e9ducation et de recevoir un soutien scolaire, physique, mental et \u00e9motionnel afin de pouvoir r\u00e9int\u00e9grer l&rsquo;enseignement public plus tard. Ainsi, nous avons pu aider des milliers d&rsquo;enfants.<\/p>\n\n\n\n<figure class=\"wp-block-image size-large\"><img loading=\"lazy\" decoding=\"async\" width=\"1024\" height=\"683\" src=\"https:\/\/www.humanium.org\/fr\/wp-content\/uploads\/2021\/08\/shutterstock_607110074-1024x683.jpg\" alt=\"\" class=\"wp-image-50812\" srcset=\"https:\/\/www.humanium.org\/fr\/wp-content\/uploads\/2021\/08\/shutterstock_607110074-1024x683.jpg 1024w, https:\/\/www.humanium.org\/fr\/wp-content\/uploads\/2021\/08\/shutterstock_607110074-300x200.jpg 300w, https:\/\/www.humanium.org\/fr\/wp-content\/uploads\/2021\/08\/shutterstock_607110074-768x513.jpg 768w, https:\/\/www.humanium.org\/fr\/wp-content\/uploads\/2021\/08\/shutterstock_607110074-1536x1025.jpg 1536w, https:\/\/www.humanium.org\/fr\/wp-content\/uploads\/2021\/08\/shutterstock_607110074-2048x1367.jpg 2048w, https:\/\/www.humanium.org\/fr\/wp-content\/uploads\/2021\/08\/shutterstock_607110074-830x554.jpg 830w, https:\/\/www.humanium.org\/fr\/wp-content\/uploads\/2021\/08\/shutterstock_607110074-230x154.jpg 230w, https:\/\/www.humanium.org\/fr\/wp-content\/uploads\/2021\/08\/shutterstock_607110074-350x234.jpg 350w, https:\/\/www.humanium.org\/fr\/wp-content\/uploads\/2021\/08\/shutterstock_607110074-480x320.jpg 480w, https:\/\/www.humanium.org\/fr\/wp-content\/uploads\/2021\/08\/shutterstock_607110074-272x182.jpg 272w\" sizes=\"auto, (max-width: 1024px) 100vw, 1024px\" \/><\/figure>\n\n\n\n<p class=\"wp-block-paragraph\">Si vous souhaitez soutenir Humanium dans la lutte pour les droits des enfants pendant la pand\u00e9mie, vous pouvez devenir membre, parrainer un enfant, devenir b\u00e9n\u00e9vole ou faire un don pour nos projets!<\/p>\n\n\n\n<p class=\"wp-block-paragraph\"><strong><em>\u00c9crit par Leah Benque<\/em><\/strong><\/p>\n\n\n\n<p class=\"wp-block-paragraph\"><strong><em>Traduit&nbsp;par Saba Pinard<\/em><\/strong>&nbsp;<\/p>\n\n\n\n<p class=\"wp-block-paragraph\"><em><strong>Relu par Denis Gingras<\/strong><\/em><\/p>\n\n\n\n<h4 class=\"wp-block-heading\"><strong>Bibliographie&nbsp;:<\/strong><\/h4>\n\n\n\n<p class=\"has-small-font-size wp-block-paragraph\"><a href=\"https:\/\/www.hrw.org\/report\/2021\/05\/26\/i-must-work-eat\/covid-19-poverty-and-child-labor-ghana-nepal-and-uganda\" target=\"_blank\" rel=\"noreferrer noopener\">Becker, Jo (May 2021), \u201c\u201cI Must Work to Eat\u201d &#8211; Covid-19, Poverty, and Child Labor in Ghana, Nepal, and Uganda,\u201d HRW Report, accessed on July 10, 2021.<\/a><\/p>\n\n\n\n<p class=\"has-small-font-size wp-block-paragraph\"><a href=\"https:\/\/www.hrw.org\/news\/2021\/06\/10\/surging-child-labor-demands-government-action\" target=\"_blank\" rel=\"noreferrer noopener\">Becker, Jo (June 2021), \u201cSurging Child Labor Demands Government Action &#8211; New Global Numbers Show Backsliding Even Before Covid-19 Pandemic,\u201d HRW News,  accessed on July 10, 2021.<\/a><\/p>\n\n\n\n<p class=\"has-small-font-size wp-block-paragraph\"><a href=\"https:\/\/www.dol.gov\/agencies\/ilab\/resources\/reports\/child-labor\/nepal\">Bureau of International Labor Affairs<\/a><a href=\"https:\/\/www.dol.gov\/agencies\/ilab\/resources\/reports\/child-labor\/nepal\" target=\"_blank\" rel=\"noreferrer noopener\"> <\/a><a href=\"https:\/\/www.dol.gov\/agencies\/ilab\/resources\/reports\/child-labor\/nepal\">(n.d.), \u201cChild Labor and Forced Labor Reports,\u201d U.S. Department of Labor,  accessed on July 10, 2021.<\/a><\/p>\n\n\n\n<p class=\"has-small-font-size wp-block-paragraph\"><a href=\"https:\/\/www.cbsnews.com\/news\/child-labor-first-rise-worldwide-20-years-un-says\/\" target=\"_blank\" rel=\"noreferrer noopener\">CBS News (June 2021), \u201c\u00a0\u00bbWake-up call\u00a0\u00bb: World sees first rise in child labor in 20 years, U.N. says,\u201d CBS,  accessed on July 10, 2021.<\/a><\/p>\n\n\n\n<p class=\"has-small-font-size wp-block-paragraph\"><a href=\"https:\/\/www.npr.org\/2021\/06\/10\/1005015654\/child-labor-surges-for-the-first-time-in-20-years-the-pandemic-may-make-that-wor\" target=\"_blank\" rel=\"noreferrer noopener\">Diaz, Jaclyn (June 2021), \u201cChild Labor Surges For The First Time In 20 Years. The Pandemic May Make That Worse,\u201d NPR,  accessed on July 10, 2021.<\/a><\/p>\n\n\n\n<p class=\"has-small-font-size wp-block-paragraph\"><a href=\"https:\/\/www.dw.com\/en\/are-we-losing-the-fight-against-child-labor\/a-57860069\" target=\"_blank\" rel=\"noreferrer noopener\">Ghaedi, Monir (June 2021), \u201cAre we losing the fight against child labor?\u201d Deutsche Welle (DW), accessed on July 10, 2021.<\/a><\/p>\n\n\n\n<p class=\"has-small-font-size wp-block-paragraph\"><a href=\"https:\/\/www.hrw.org\/news\/2021\/05\/26\/nepal-covid-19-pandemic-fueling-child-labor\" target=\"_blank\" rel=\"noreferrer noopener\">Human Rights Watch (HRW) (May 2021), \u201cNepal: Covid-19 Pandemic Fueling Child Labor: Meager Government Aid Leaves Children Working Long Hours for Low Pay,\u201d HRW News, accessed on July 10, 2021.<\/a><\/p>\n\n\n\n<p class=\"has-small-font-size wp-block-paragraph\"><a href=\"https:\/\/www.ilo.org\/global\/topics\/child-labour\/lang--en\/index.htm\" target=\"_blank\" rel=\"noreferrer noopener\">International Labour Organization (ILO) (n.d.), \u201cChild Labour,\u201d ILO Organization, accessed on July 10, 2021.<\/a><\/p>\n\n\n\n<p class=\"has-small-font-size wp-block-paragraph\"><a href=\"https:\/\/www.ilo.org\/ipec\/Informationresources\/WCMS_797515\/lang--en\/index.htm\" target=\"_blank\" rel=\"noreferrer noopener\">International Labour Organization (ILO) and United Children\u2019s Fund (UNICEF) (June 2021), \u201cChild Labour: Global estimates 2020, trends and the road forward,\u201d ILO Organization, accessed on July 10, 2021.<\/a><\/p>\n\n\n\n<p class=\"has-small-font-size wp-block-paragraph\"><a href=\"https:\/\/news.un.org\/en\/story\/2021\/06\/1093682\" target=\"_blank\" rel=\"noreferrer noopener\">United Nations (UN) (June 2021), \u201cChild labour figure rises to 160 million, as COVID puts many more at risk,\u201d UN News, accessed on July 10, 2021.<\/a><\/p>\n","protected":false},"excerpt":{"rendered":"<p>La pand\u00e9mie a eu de terribles cons\u00e9quences \u00e9conomiques et sanitaires dans le monde entier. Mais pour ceux qui vivent dans des pays \u00e0 faible revenu, la question de l&rsquo;augmentation du travail des enfants est devenue d&rsquo;autant plus importante. Le travail des enfants est end\u00e9mique, nous disent l&rsquo;Organisation Internationale du Travail (OIT) et le Fonds des [&hellip;]<\/p>\n","protected":false},"author":69,"featured_media":50814,"comment_status":"closed","ping_status":"closed","sticky":false,"template":"","format":"standard","meta":{"footnotes":""},"categories":[220,233,234],"tags":[],"class_list":["post-50811","post","type-post","status-publish","format-standard","has-post-thumbnail","hentry","category-droits-des-enfants","category-exploitation","category-travail"],"yoast_head":"<!-- This site is optimized with the Yoast SEO plugin v28.3 - https:\/\/yoast.com\/product\/yoast-seo-wordpress\/ -->\n<title>Hausse mondiale du travail des enfants - une menace continue pour les droits des enfants - Humanium<\/title>\n<meta name=\"description\" content=\"Selon un rapport de l&#039;OIT et de l&#039;UNICEF, 160 millions d&#039;enfants seront impliqu\u00e9s dans le travail des enfants en 2020.\" \/>\n<meta name=\"robots\" content=\"index, follow, max-snippet:-1, max-image-preview:large, max-video-preview:-1\" \/>\n<link rel=\"canonical\" href=\"https:\/\/www.humanium.org\/fr\/hausse-mondiale-du-travail-des-enfants-une-menace-continue-pour-les-droits-des-enfants\/\" \/>\n<meta property=\"og:locale\" content=\"fr_FR\" \/>\n<meta property=\"og:type\" content=\"article\" \/>\n<meta property=\"og:title\" content=\"Hausse mondiale du travail des enfants - une menace continue pour les droits des enfants - Humanium\" \/>\n<meta property=\"og:description\" content=\"Selon un rapport de l&#039;OIT et de l&#039;UNICEF, 160 millions d&#039;enfants seront impliqu\u00e9s dans le travail des enfants en 2020.\" \/>\n<meta property=\"og:url\" content=\"https:\/\/www.humanium.org\/fr\/hausse-mondiale-du-travail-des-enfants-une-menace-continue-pour-les-droits-des-enfants\/\" \/>\n<meta property=\"og:site_name\" content=\"Humanium\" \/>\n<meta property=\"article:published_time\" content=\"2021-08-17T11:24:05+00:00\" \/>\n<meta property=\"article:modified_time\" content=\"2026-08-21T03:22:49+00:00\" \/>\n<meta property=\"og:image\" content=\"https:\/\/www.humanium.org\/fr\/wp-content\/uploads\/2021\/08\/shutterstock_1195647862-scaled.jpg\" \/>\n\t<meta property=\"og:image:width\" content=\"2560\" \/>\n\t<meta property=\"og:image:height\" content=\"1707\" \/>\n\t<meta property=\"og:image:type\" content=\"image\/jpeg\" \/>\n<meta name=\"author\" content=\"Humanium\" \/>\n<meta name=\"twitter:card\" content=\"summary_large_image\" \/>\n<meta name=\"twitter:label1\" content=\"\u00c9crit par\" \/>\n\t<meta name=\"twitter:data1\" content=\"Humanium\" \/>\n\t<meta name=\"twitter:label2\" content=\"Dur\u00e9e de lecture estim\u00e9e\" \/>\n\t<meta name=\"twitter:data2\" content=\"9 minutes\" \/>\n<script type=\"application\/ld+json\" class=\"yoast-schema-graph\">{\"@context\":\"https:\\\/\\\/schema.org\",\"@graph\":[{\"@type\":\"Article\",\"@id\":\"https:\\\/\\\/www.humanium.org\\\/fr\\\/hausse-mondiale-du-travail-des-enfants-une-menace-continue-pour-les-droits-des-enfants\\\/#article\",\"isPartOf\":{\"@id\":\"https:\\\/\\\/www.humanium.org\\\/fr\\\/hausse-mondiale-du-travail-des-enfants-une-menace-continue-pour-les-droits-des-enfants\\\/\"},\"author\":{\"name\":\"Humanium\",\"@id\":\"https:\\\/\\\/www.humanium.org\\\/fr\\\/#\\\/schema\\\/person\\\/d798d6c7d59ba2307e0877f61a20ce3e\"},\"headline\":\"Hausse mondiale du travail des enfants &#8211; une menace continue pour les droits des enfants\",\"datePublished\":\"2021-08-17T11:24:05+00:00\",\"dateModified\":\"2026-08-21T03:22:49+00:00\",\"mainEntityOfPage\":{\"@id\":\"https:\\\/\\\/www.humanium.org\\\/fr\\\/hausse-mondiale-du-travail-des-enfants-une-menace-continue-pour-les-droits-des-enfants\\\/\"},\"wordCount\":1962,\"image\":{\"@id\":\"https:\\\/\\\/www.humanium.org\\\/fr\\\/hausse-mondiale-du-travail-des-enfants-une-menace-continue-pour-les-droits-des-enfants\\\/#primaryimage\"},\"thumbnailUrl\":\"https:\\\/\\\/www.humanium.org\\\/fr\\\/wp-content\\\/uploads\\\/2021\\\/08\\\/shutterstock_1195647862-scaled.jpg\",\"articleSection\":[\"Droits des enfants\",\"Exploitation\",\"Travail\"],\"inLanguage\":\"fr-FR\"},{\"@type\":\"WebPage\",\"@id\":\"https:\\\/\\\/www.humanium.org\\\/fr\\\/hausse-mondiale-du-travail-des-enfants-une-menace-continue-pour-les-droits-des-enfants\\\/\",\"url\":\"https:\\\/\\\/www.humanium.org\\\/fr\\\/hausse-mondiale-du-travail-des-enfants-une-menace-continue-pour-les-droits-des-enfants\\\/\",\"name\":\"Hausse mondiale du travail des enfants - une menace continue pour les droits des enfants - Humanium\",\"isPartOf\":{\"@id\":\"https:\\\/\\\/www.humanium.org\\\/fr\\\/#website\"},\"primaryImageOfPage\":{\"@id\":\"https:\\\/\\\/www.humanium.org\\\/fr\\\/hausse-mondiale-du-travail-des-enfants-une-menace-continue-pour-les-droits-des-enfants\\\/#primaryimage\"},\"image\":{\"@id\":\"https:\\\/\\\/www.humanium.org\\\/fr\\\/hausse-mondiale-du-travail-des-enfants-une-menace-continue-pour-les-droits-des-enfants\\\/#primaryimage\"},\"thumbnailUrl\":\"https:\\\/\\\/www.humanium.org\\\/fr\\\/wp-content\\\/uploads\\\/2021\\\/08\\\/shutterstock_1195647862-scaled.jpg\",\"datePublished\":\"2021-08-17T11:24:05+00:00\",\"dateModified\":\"2026-08-21T03:22:49+00:00\",\"author\":{\"@id\":\"https:\\\/\\\/www.humanium.org\\\/fr\\\/#\\\/schema\\\/person\\\/d798d6c7d59ba2307e0877f61a20ce3e\"},\"description\":\"Selon un rapport de l'OIT et de l'UNICEF, 160 millions d'enfants seront impliqu\u00e9s dans le travail des enfants en 2020.\",\"breadcrumb\":{\"@id\":\"https:\\\/\\\/www.humanium.org\\\/fr\\\/hausse-mondiale-du-travail-des-enfants-une-menace-continue-pour-les-droits-des-enfants\\\/#breadcrumb\"},\"inLanguage\":\"fr-FR\",\"potentialAction\":[{\"@type\":\"ReadAction\",\"target\":[\"https:\\\/\\\/www.humanium.org\\\/fr\\\/hausse-mondiale-du-travail-des-enfants-une-menace-continue-pour-les-droits-des-enfants\\\/\"]}]},{\"@type\":\"ImageObject\",\"inLanguage\":\"fr-FR\",\"@id\":\"https:\\\/\\\/www.humanium.org\\\/fr\\\/hausse-mondiale-du-travail-des-enfants-une-menace-continue-pour-les-droits-des-enfants\\\/#primaryimage\",\"url\":\"https:\\\/\\\/www.humanium.org\\\/fr\\\/wp-content\\\/uploads\\\/2021\\\/08\\\/shutterstock_1195647862-scaled.jpg\",\"contentUrl\":\"https:\\\/\\\/www.humanium.org\\\/fr\\\/wp-content\\\/uploads\\\/2021\\\/08\\\/shutterstock_1195647862-scaled.jpg\",\"width\":2560,\"height\":1707},{\"@type\":\"BreadcrumbList\",\"@id\":\"https:\\\/\\\/www.humanium.org\\\/fr\\\/hausse-mondiale-du-travail-des-enfants-une-menace-continue-pour-les-droits-des-enfants\\\/#breadcrumb\",\"itemListElement\":[{\"@type\":\"ListItem\",\"position\":1,\"name\":\"Home\",\"item\":\"https:\\\/\\\/www.humanium.org\\\/fr\\\/\"},{\"@type\":\"ListItem\",\"position\":2,\"name\":\"Hausse mondiale du travail des enfants &#8211; une menace continue pour les droits des enfants\"}]},{\"@type\":\"WebSite\",\"@id\":\"https:\\\/\\\/www.humanium.org\\\/fr\\\/#website\",\"url\":\"https:\\\/\\\/www.humanium.org\\\/fr\\\/\",\"name\":\"Humanium\",\"description\":\"Les enfants d\u2019abord !\",\"potentialAction\":[{\"@type\":\"SearchAction\",\"target\":{\"@type\":\"EntryPoint\",\"urlTemplate\":\"https:\\\/\\\/www.humanium.org\\\/fr\\\/?s={search_term_string}\"},\"query-input\":{\"@type\":\"PropertyValueSpecification\",\"valueRequired\":true,\"valueName\":\"search_term_string\"}}],\"inLanguage\":\"fr-FR\"},{\"@type\":\"Person\",\"@id\":\"https:\\\/\\\/www.humanium.org\\\/fr\\\/#\\\/schema\\\/person\\\/d798d6c7d59ba2307e0877f61a20ce3e\",\"name\":\"Humanium\",\"image\":{\"@type\":\"ImageObject\",\"inLanguage\":\"fr-FR\",\"@id\":\"https:\\\/\\\/secure.gravatar.com\\\/avatar\\\/22715e338d2fcc547e3a431c4738360d33fea2a4af458f865b2c3b22f1eaa51f?s=96&d=mm&r=g\",\"url\":\"https:\\\/\\\/secure.gravatar.com\\\/avatar\\\/22715e338d2fcc547e3a431c4738360d33fea2a4af458f865b2c3b22f1eaa51f?s=96&d=mm&r=g\",\"contentUrl\":\"https:\\\/\\\/secure.gravatar.com\\\/avatar\\\/22715e338d2fcc547e3a431c4738360d33fea2a4af458f865b2c3b22f1eaa51f?s=96&d=mm&r=g\",\"caption\":\"Humanium\"},\"url\":\"https:\\\/\\\/www.humanium.org\\\/fr\\\/author\\\/humanium\\\/\"}]}<\/script>\n<!-- \/ Yoast SEO plugin. -->","yoast_head_json":{"title":"Hausse mondiale du travail des enfants - une menace continue pour les droits des enfants - Humanium","description":"Selon un rapport de l'OIT et de l'UNICEF, 160 millions d'enfants seront impliqu\u00e9s dans le travail des enfants en 2020.","robots":{"index":"index","follow":"follow","max-snippet":"max-snippet:-1","max-image-preview":"max-image-preview:large","max-video-preview":"max-video-preview:-1"},"canonical":"https:\/\/www.humanium.org\/fr\/hausse-mondiale-du-travail-des-enfants-une-menace-continue-pour-les-droits-des-enfants\/","og_locale":"fr_FR","og_type":"article","og_title":"Hausse mondiale du travail des enfants - une menace continue pour les droits des enfants - Humanium","og_description":"Selon un rapport de l'OIT et de l'UNICEF, 160 millions d'enfants seront impliqu\u00e9s dans le travail des enfants en 2020.","og_url":"https:\/\/www.humanium.org\/fr\/hausse-mondiale-du-travail-des-enfants-une-menace-continue-pour-les-droits-des-enfants\/","og_site_name":"Humanium","article_published_time":"2021-08-17T11:24:05+00:00","article_modified_time":"2026-08-21T03:22:49+00:00","og_image":[{"width":2560,"height":1707,"url":"https:\/\/www.humanium.org\/fr\/wp-content\/uploads\/2021\/08\/shutterstock_1195647862-scaled.jpg","type":"image\/jpeg"}],"author":"Humanium","twitter_card":"summary_large_image","twitter_misc":{"\u00c9crit par":"Humanium","Dur\u00e9e de lecture estim\u00e9e":"9 minutes"},"schema":{"@context":"https:\/\/schema.org","@graph":[{"@type":"Article","@id":"https:\/\/www.humanium.org\/fr\/hausse-mondiale-du-travail-des-enfants-une-menace-continue-pour-les-droits-des-enfants\/#article","isPartOf":{"@id":"https:\/\/www.humanium.org\/fr\/hausse-mondiale-du-travail-des-enfants-une-menace-continue-pour-les-droits-des-enfants\/"},"author":{"name":"Humanium","@id":"https:\/\/www.humanium.org\/fr\/#\/schema\/person\/d798d6c7d59ba2307e0877f61a20ce3e"},"headline":"Hausse mondiale du travail des enfants &#8211; une menace continue pour les droits des enfants","datePublished":"2021-08-17T11:24:05+00:00","dateModified":"2026-08-21T03:22:49+00:00","mainEntityOfPage":{"@id":"https:\/\/www.humanium.org\/fr\/hausse-mondiale-du-travail-des-enfants-une-menace-continue-pour-les-droits-des-enfants\/"},"wordCount":1962,"image":{"@id":"https:\/\/www.humanium.org\/fr\/hausse-mondiale-du-travail-des-enfants-une-menace-continue-pour-les-droits-des-enfants\/#primaryimage"},"thumbnailUrl":"https:\/\/www.humanium.org\/fr\/wp-content\/uploads\/2021\/08\/shutterstock_1195647862-scaled.jpg","articleSection":["Droits des enfants","Exploitation","Travail"],"inLanguage":"fr-FR"},{"@type":"WebPage","@id":"https:\/\/www.humanium.org\/fr\/hausse-mondiale-du-travail-des-enfants-une-menace-continue-pour-les-droits-des-enfants\/","url":"https:\/\/www.humanium.org\/fr\/hausse-mondiale-du-travail-des-enfants-une-menace-continue-pour-les-droits-des-enfants\/","name":"Hausse mondiale du travail des enfants - une menace continue pour les droits des enfants - Humanium","isPartOf":{"@id":"https:\/\/www.humanium.org\/fr\/#website"},"primaryImageOfPage":{"@id":"https:\/\/www.humanium.org\/fr\/hausse-mondiale-du-travail-des-enfants-une-menace-continue-pour-les-droits-des-enfants\/#primaryimage"},"image":{"@id":"https:\/\/www.humanium.org\/fr\/hausse-mondiale-du-travail-des-enfants-une-menace-continue-pour-les-droits-des-enfants\/#primaryimage"},"thumbnailUrl":"https:\/\/www.humanium.org\/fr\/wp-content\/uploads\/2021\/08\/shutterstock_1195647862-scaled.jpg","datePublished":"2021-08-17T11:24:05+00:00","dateModified":"2026-08-21T03:22:49+00:00","author":{"@id":"https:\/\/www.humanium.org\/fr\/#\/schema\/person\/d798d6c7d59ba2307e0877f61a20ce3e"},"description":"Selon un rapport de l'OIT et de l'UNICEF, 160 millions d'enfants seront impliqu\u00e9s dans le travail des enfants en 2020.","breadcrumb":{"@id":"https:\/\/www.humanium.org\/fr\/hausse-mondiale-du-travail-des-enfants-une-menace-continue-pour-les-droits-des-enfants\/#breadcrumb"},"inLanguage":"fr-FR","potentialAction":[{"@type":"ReadAction","target":["https:\/\/www.humanium.org\/fr\/hausse-mondiale-du-travail-des-enfants-une-menace-continue-pour-les-droits-des-enfants\/"]}]},{"@type":"ImageObject","inLanguage":"fr-FR","@id":"https:\/\/www.humanium.org\/fr\/hausse-mondiale-du-travail-des-enfants-une-menace-continue-pour-les-droits-des-enfants\/#primaryimage","url":"https:\/\/www.humanium.org\/fr\/wp-content\/uploads\/2021\/08\/shutterstock_1195647862-scaled.jpg","contentUrl":"https:\/\/www.humanium.org\/fr\/wp-content\/uploads\/2021\/08\/shutterstock_1195647862-scaled.jpg","width":2560,"height":1707},{"@type":"BreadcrumbList","@id":"https:\/\/www.humanium.org\/fr\/hausse-mondiale-du-travail-des-enfants-une-menace-continue-pour-les-droits-des-enfants\/#breadcrumb","itemListElement":[{"@type":"ListItem","position":1,"name":"Home","item":"https:\/\/www.humanium.org\/fr\/"},{"@type":"ListItem","position":2,"name":"Hausse mondiale du travail des enfants &#8211; une menace continue pour les droits des enfants"}]},{"@type":"WebSite","@id":"https:\/\/www.humanium.org\/fr\/#website","url":"https:\/\/www.humanium.org\/fr\/","name":"Humanium","description":"Les enfants d\u2019abord !","potentialAction":[{"@type":"SearchAction","target":{"@type":"EntryPoint","urlTemplate":"https:\/\/www.humanium.org\/fr\/?s={search_term_string}"},"query-input":{"@type":"PropertyValueSpecification","valueRequired":true,"valueName":"search_term_string"}}],"inLanguage":"fr-FR"},{"@type":"Person","@id":"https:\/\/www.humanium.org\/fr\/#\/schema\/person\/d798d6c7d59ba2307e0877f61a20ce3e","name":"Humanium","image":{"@type":"ImageObject","inLanguage":"fr-FR","@id":"https:\/\/secure.gravatar.com\/avatar\/22715e338d2fcc547e3a431c4738360d33fea2a4af458f865b2c3b22f1eaa51f?s=96&d=mm&r=g","url":"https:\/\/secure.gravatar.com\/avatar\/22715e338d2fcc547e3a431c4738360d33fea2a4af458f865b2c3b22f1eaa51f?s=96&d=mm&r=g","contentUrl":"https:\/\/secure.gravatar.com\/avatar\/22715e338d2fcc547e3a431c4738360d33fea2a4af458f865b2c3b22f1eaa51f?s=96&d=mm&r=g","caption":"Humanium"},"url":"https:\/\/www.humanium.org\/fr\/author\/humanium\/"}]}},"_links":{"self":[{"href":"https:\/\/www.humanium.org\/fr\/wp-json\/wp\/v2\/posts\/50811","targetHints":{"allow":["GET"]}}],"collection":[{"href":"https:\/\/www.humanium.org\/fr\/wp-json\/wp\/v2\/posts"}],"about":[{"href":"https:\/\/www.humanium.org\/fr\/wp-json\/wp\/v2\/types\/post"}],"author":[{"embeddable":true,"href":"https:\/\/www.humanium.org\/fr\/wp-json\/wp\/v2\/users\/69"}],"replies":[{"embeddable":true,"href":"https:\/\/www.humanium.org\/fr\/wp-json\/wp\/v2\/comments?post=50811"}],"version-history":[{"count":13,"href":"https:\/\/www.humanium.org\/fr\/wp-json\/wp\/v2\/posts\/50811\/revisions"}],"predecessor-version":[{"id":62749,"href":"https:\/\/www.humanium.org\/fr\/wp-json\/wp\/v2\/posts\/50811\/revisions\/62749"}],"wp:featuredmedia":[{"embeddable":true,"href":"https:\/\/www.humanium.org\/fr\/wp-json\/wp\/v2\/media\/50814"}],"wp:attachment":[{"href":"https:\/\/www.humanium.org\/fr\/wp-json\/wp\/v2\/media?parent=50811"}],"wp:term":[{"taxonomy":"category","embeddable":true,"href":"https:\/\/www.humanium.org\/fr\/wp-json\/wp\/v2\/categories?post=50811"},{"taxonomy":"post_tag","embeddable":true,"href":"https:\/\/www.humanium.org\/fr\/wp-json\/wp\/v2\/tags?post=50811"}],"curies":[{"name":"wp","href":"https:\/\/api.w.org\/{rel}","templated":true}]}}