{"id":51023,"date":"2021-09-28T17:29:31","date_gmt":"2021-09-28T17:29:31","guid":{"rendered":"https:\/\/www.humanium.org\/fr\/?p=51023"},"modified":"2026-08-21T03:19:29","modified_gmt":"2026-08-21T03:19:29","slug":"la-lutte-dhumanium-pour-defendre-les-droits-environnementaux-en-coordination-avec-le-groupe-de-travail-sur-lenvironnement","status":"publish","type":"post","link":"https:\/\/www.humanium.org\/fr\/la-lutte-dhumanium-pour-defendre-les-droits-environnementaux-en-coordination-avec-le-groupe-de-travail-sur-lenvironnement\/","title":{"rendered":"La lutte d\u2019Humanium pour d\u00e9fendre les droits environnementaux en coordination avec le Groupe de Travail sur l\u2019Environnement"},"content":{"rendered":"\n<p class=\"wp-block-paragraph\"><strong>Le 27 Juillet 2021, Humanium a particip\u00e9 \u00e0 une assembl\u00e9e g\u00e9n\u00e9rale du groupe de travail sur l\u2019Environnement avec les repr\u00e9sentants de plusieurs ONG : Child International Network (CRIN), Terre des Hommes, Child Rights Connect, et Franciscans International.<\/strong> <strong>L\u2019assembl\u00e9e g\u00e9n\u00e9rale du Groupe de Travail sur l\u2019Environnement \u00e9tait une occasion importante pour Humanium de discuter avec les autres membres du groupe de travail des d\u00e9fis permanents, des d\u00e9veloppements r\u00e9cents et des activit\u00e9s \u00e0 venir dans le domaine des <\/strong><a href=\"https:\/\/www.humanium.org\/fr\/focus\/environnement\/droits-environnementaux\/\"><strong>droits environnementaux<\/strong><\/a><strong> des enfants.<\/strong><\/p>\n\n\n\n<h2 class=\"wp-block-heading\"><strong>Des d\u00e9fis de l\u2019ONU<\/strong><\/h2>\n\n\n\n<p class=\"wp-block-paragraph\">Humanium et les autres membres du groupe de travail<strong><em> <\/em><\/strong>oeuvrent pour que le droit \u00e0 un <a href=\"https:\/\/www.humanium.org\/fr\/focus\/environnement\/\">environnement<\/a> sain soit finalement reconnu globalement et l\u2019assembl\u00e9e du 27 Juillet. Ensemble, ils ont aid\u00e9 \u00e0 d\u00e9finir une strat\u00e9gie et \u00e0 pr\u00e9parer la session du Conseil des Droits de l\u2019Homme qui se tiendra en septembre 2021. Cette session \u00e0 venir sera une autre opportunit\u00e9 de prendre d\u2019importantes d\u00e9cisions dans le domaine des droits environnementaux des enfants.<\/p>\n\n\n\n<p class=\"wp-block-paragraph\">En mars 2021, de nombreux \u00e9tats ont sign\u00e9 une D\u00e9claration commune en faveur de la reconnaissance du droit \u00e0 un <a href=\"https:\/\/www.humanium.org\/fr\/focus\/environnement\/\">environnement<\/a> sain (UNEP, 2021), pourtant certains \u00e9tats concern\u00e9s restent oppos\u00e9s \u00e0 sa reconnaissance- comme la <a href=\"https:\/\/www.humanium.org\/fr\/russie\/\">Russie<\/a> et la <a href=\"https:\/\/www.humanium.org\/fr\/chine\/\">Chine<\/a>. Pour cette raison l\u2019incertitude demeure pour savoir si la R\u00e9solution reconnaissant le droit \u00e0 un <a href=\"https:\/\/www.humanium.org\/fr\/focus\/environnement\/\">environnement sain sera adopt\u00e9e durant la session de septembre. Dans tous les cas, le groupe de travail sera pr\u00eat \u00e0 agir rapidement pour renforcer la sensibilisation et favoriser sa mise en \u0153uvre au niveau r\u00e9gional et national, si la R\u00e9solution \u00e9tait effectivement adopt\u00e9e en septembre.<\/a><\/p>\n\n\n\n<p class=\"wp-block-paragraph\">Un autre sujet de discussion important durant la r\u00e9union du groupe de travail \u00e9tait la proposition de cr\u00e9er un nouvel interlocuteur : le Rapporteur Sp\u00e9cial de l\u2019ONU pour le Changement Climatique et les Droits de l\u2019Homme (F\u00e9d\u00e9ration Internationale pour les Droits de l\u2019Homme, 2001). Comme pr\u00e9vu, la <a href=\"https:\/\/www.humanium.org\/fr\/russie\/\">Russie<\/a> et d\u2019autres grands \u00e9tats&nbsp; comme la <a href=\"https:\/\/www.humanium.org\/fr\/chine\/\">Chine<\/a> et le <a href=\"https:\/\/www.humanium.org\/fr\/japon\/\">Japon<\/a> sont contre l\u2019introduction de la question des droits humains dans des sph\u00e8res op\u00e9rationnelles comme le <a href=\"https:\/\/www.humanium.org\/fr\/focus\/environnement\/urgence-climatique\/\">changement climatique<\/a>, et pour cette raison ils s\u2019opposent \u00e0 la proposition de cr\u00e9er un poste de Rapporteur Sp\u00e9cial. En fait, pendant la pr\u00e9c\u00e9dente session, la <a href=\"https:\/\/www.humanium.org\/fr\/russie\/\">Russie<\/a> a bris\u00e9 le consensus sur plusieurs amendements et s\u2019est abstenue de voter (OHCHR, 2021).<\/p>\n\n\n\n<p class=\"wp-block-paragraph\">D\u2019autres \u00e9tats ont soulev\u00e9 des inqui\u00e9tudes sur la potentielle duplication du poste de Rapporteur Sp\u00e9cial de l\u2019ONU pour les Droits de l\u2019Homme et l\u2019Environnement qui est actuellement occup\u00e9 par David Boyd, mais il a lui- m\u00eame sugg\u00e9r\u00e9 publiquement et \u00e0 plusieurs reprises le besoin de faire appel \u00e0 un autre Rapporteur Sp\u00e9cial car la quantit\u00e9 de travail est immense (OHCHR, 2021). Parmi les \u00e9tats favorables, le <a href=\"https:\/\/www.humanium.org\/fr\/bangladesh\/\">Bangladesh<\/a> et l\u2019<a href=\"https:\/\/www.humanium.org\/fr\/allemagne\/\">Allemagne<\/a> ont apport\u00e9 des arguments vraiment forts en faveur de la cr\u00e9ation d\u2019un Rapporteur Sp\u00e9cial sur le Changement Climatique et les Droits de l\u2019Homme (Climate Vulnerable Forum, 2021). Par cons\u00e9quent, la session de septembre du Conseil des Droits de l\u2019Homme sera une occasion charni\u00e8re, car cette question sera \u00e0 nouveau discut\u00e9e \u00e0 cette occasion.<\/p>\n\n\n\n<h2 class=\"wp-block-heading\"><strong>Activit\u00e9s en cours au sein du groupe de travail<\/strong><\/h2>\n\n\n\n<p class=\"wp-block-paragraph\">Durant la r\u00e9union, les membres du groupe de travail ont partag\u00e9 les projets qu\u2019ils mettent en \u0153uvre pour atteindre l\u2019objectif principal du groupe: la protection des <a href=\"https:\/\/www.humanium.org\/fr\/focus\/environnement\/droits-environnementaux\/\">droits environnementaux<\/a> des enfants.<\/p>\n\n\n\n<figure class=\"wp-block-image size-large\"><img loading=\"lazy\" decoding=\"async\" width=\"1024\" height=\"683\" src=\"https:\/\/www.humanium.org\/fr\/wp-content\/uploads\/2021\/09\/shutterstock_303576578-1024x683.jpg\" alt=\"\" class=\"wp-image-51024\" srcset=\"https:\/\/www.humanium.org\/fr\/wp-content\/uploads\/2021\/09\/shutterstock_303576578-1024x683.jpg 1024w, https:\/\/www.humanium.org\/fr\/wp-content\/uploads\/2021\/09\/shutterstock_303576578-300x200.jpg 300w, https:\/\/www.humanium.org\/fr\/wp-content\/uploads\/2021\/09\/shutterstock_303576578-768x512.jpg 768w, https:\/\/www.humanium.org\/fr\/wp-content\/uploads\/2021\/09\/shutterstock_303576578-1536x1024.jpg 1536w, https:\/\/www.humanium.org\/fr\/wp-content\/uploads\/2021\/09\/shutterstock_303576578-2048x1365.jpg 2048w, https:\/\/www.humanium.org\/fr\/wp-content\/uploads\/2021\/09\/shutterstock_303576578-830x553.jpg 830w, https:\/\/www.humanium.org\/fr\/wp-content\/uploads\/2021\/09\/shutterstock_303576578-230x153.jpg 230w, https:\/\/www.humanium.org\/fr\/wp-content\/uploads\/2021\/09\/shutterstock_303576578-350x233.jpg 350w, https:\/\/www.humanium.org\/fr\/wp-content\/uploads\/2021\/09\/shutterstock_303576578-480x320.jpg 480w, https:\/\/www.humanium.org\/fr\/wp-content\/uploads\/2021\/09\/shutterstock_303576578-272x182.jpg 272w\" sizes=\"auto, (max-width: 1024px) 100vw, 1024px\" \/><\/figure>\n\n\n\n<p class=\"wp-block-paragraph\">En particulier, les repr\u00e9sentants du Child Rights International Network (CRIN) ont pr\u00e9sent\u00e9 leur remarquable projet en cours sur l\u2019acc\u00e8s \u00e0 la justice pour la concr\u00e9tisation des <a href=\"https:\/\/www.humanium.org\/fr\/focus\/environnement\/droits-environnementaux\/\">droits environnementaux des enfants<\/a>.<\/p>\n\n\n\n<p class=\"wp-block-paragraph\">Gr\u00e2ce \u00e0 une recherche men\u00e9e dans 43 pays, ils ont \u00e9tudi\u00e9 comment les enfants peuvent acc\u00e9der \u00e0 un tribunal pour d\u00e9fendre leurs propres <a href=\"https:\/\/www.humanium.org\/fr\/focus\/environnement\/droits-environnementaux\/\">droits environnementaux<\/a> (mais aussi leurs droits civiques et politiques).<\/p>\n\n\n\n<p class=\"wp-block-paragraph\">De m\u00eame, Children\u2019s Environmental Rights Initiative (CERI) et Child Rights Connect ont partag\u00e9 les principales activit\u00e9s qu\u2019ils entreprennent pour la formation \u00e0 des comp\u00e9tences. Entre autres, ils ont notamment insist\u00e9 sur les formations en ligne des enfants d\u00e9fenseurs des droits humains travaillant sur les questions <a href=\"https:\/\/www.humanium.org\/fr\/focus\/environnement\/\">environnementales<\/a>, et sur la version adapt\u00e9e aux enfants de la politique pour les <a href=\"https:\/\/www.humanium.org\/fr\/focus\/environnement\/les-enfants-defenseurs-des-droits-environnementaux\/\">enfants d\u00e9fenseurs de l\u2019environnement<\/a>.<\/p>\n\n\n\n<p class=\"wp-block-paragraph\">Humanium a aussi eu l\u2019opportunit\u00e9 de pr\u00e9senter ses activit\u00e9s en cours et ses projets sur les <a href=\"https:\/\/www.humanium.org\/fr\/focus\/environnement\/droits-environnementaux\/\">droits environnementaux<\/a>, et a mis l\u2019accent sur la p\u00e9tition pour la <a href=\"https:\/\/www.humanium.org\/fr\/bresil\/\">For\u00eat Amazonienne<\/a> par laquelle Humanium a demand\u00e9 au <a href=\"https:\/\/www.humanium.org\/fr\/bresil\/\">Br\u00e9sil<\/a> d\u2019agir imm\u00e9diatement afin de pr\u00e9venir des destructions suppl\u00e9mentaires de la <a href=\"https:\/\/www.humanium.org\/fr\/bresil\/\">For\u00eat Amazonienne<\/a> et exhort\u00e9 \u00e0 la pr\u00e9servation des droits des enfants et des peuples indig\u00e8nes au <a href=\"https:\/\/www.humanium.org\/fr\/bresil\/\">Br\u00e9sil<\/a> qui sont particuli\u00e8rement expos\u00e9s par la destruction de la For\u00eat.<\/p>\n\n\n\n<h2 class=\"wp-block-heading\"><strong>Comment avancer?<\/strong><\/h2>\n\n\n\n<p class=\"wp-block-paragraph\">Humanium donne une grande importance \u00e0 la participation active aux groupes de travail avec d\u2019autres ONG.<\/p>\n\n\n\n<p class=\"wp-block-paragraph\">Le travail de groupe sur l\u2019<a href=\"https:\/\/www.humanium.org\/fr\/focus\/environnement\/droits-environnementaux\/\">environnement<\/a> est l\u2019un de plus proactif, avec des efforts croissants et continus pour travailler \u00e0 la concr\u00e9tisation des droits environnementaux des enfants et \u00e0 la reconnaissance finale du droit \u00e0 un <a href=\"https:\/\/www.humanium.org\/fr\/focus\/environnement\/droits-environnementaux\/\">environnement sain<\/a>.&nbsp;<\/p>\n\n\n\n<p class=\"wp-block-paragraph\">L\u2019avenir offre une myriade de possibilit\u00e9s au groupe de travail pour d\u00e9fendre l\u2019environnement et Humanium est pr\u00eat et dispos\u00e9 \u00e0 \u00e9tudier chacune d\u2019entre elles. En particulier, avec la conf\u00e9rence des Nations Unies sur le changement climatique (COP- 26) \u00e0 venir dans les prochains mois, il est important d\u2019\u00eatre pr\u00e9par\u00e9 et impliqu\u00e9 autant que possible.<\/p>\n\n\n\n<figure class=\"wp-block-image size-large\"><img loading=\"lazy\" decoding=\"async\" width=\"1024\" height=\"683\" src=\"https:\/\/www.humanium.org\/fr\/wp-content\/uploads\/2021\/09\/shutterstock_1384178999-1024x683.jpg\" alt=\"\" class=\"wp-image-51025\" srcset=\"https:\/\/www.humanium.org\/fr\/wp-content\/uploads\/2021\/09\/shutterstock_1384178999-1024x683.jpg 1024w, https:\/\/www.humanium.org\/fr\/wp-content\/uploads\/2021\/09\/shutterstock_1384178999-300x200.jpg 300w, https:\/\/www.humanium.org\/fr\/wp-content\/uploads\/2021\/09\/shutterstock_1384178999-768x512.jpg 768w, https:\/\/www.humanium.org\/fr\/wp-content\/uploads\/2021\/09\/shutterstock_1384178999-1536x1024.jpg 1536w, https:\/\/www.humanium.org\/fr\/wp-content\/uploads\/2021\/09\/shutterstock_1384178999-2048x1365.jpg 2048w, https:\/\/www.humanium.org\/fr\/wp-content\/uploads\/2021\/09\/shutterstock_1384178999-830x553.jpg 830w, https:\/\/www.humanium.org\/fr\/wp-content\/uploads\/2021\/09\/shutterstock_1384178999-230x153.jpg 230w, https:\/\/www.humanium.org\/fr\/wp-content\/uploads\/2021\/09\/shutterstock_1384178999-350x233.jpg 350w, https:\/\/www.humanium.org\/fr\/wp-content\/uploads\/2021\/09\/shutterstock_1384178999-480x320.jpg 480w, https:\/\/www.humanium.org\/fr\/wp-content\/uploads\/2021\/09\/shutterstock_1384178999-272x182.jpg 272w\" sizes=\"auto, (max-width: 1024px) 100vw, 1024px\" \/><\/figure>\n\n\n\n<p class=\"wp-block-paragraph\">Si vous voulez contribuer \u00e0 l\u2019accomplissement des <a href=\"https:\/\/www.humanium.org\/fr\/comprendre-droits-enfant\/\">droits environnementaux des enfants<\/a> dans le monde, d\u00e9cidez de soutenir les efforts continus d\u2019Humanium en faisant un don, en devenant membre d\u2019Humanium ou en rejoignant la communaut\u00e9 d\u2019Humanium et en devenant b\u00e9n\u00e9vole! Ensemble faisons du monde un endroit meilleur, plus s\u00fbre et plus sain pour les enfants.<\/p>\n\n\n\n<p class=\"wp-block-paragraph\"><strong><em>Ecrit par Frederica Versea<\/em><\/strong><\/p>\n\n\n\n<p class=\"wp-block-paragraph\"><strong><em>Traduit par Clarisse Dehaeck<\/em><\/strong><\/p>\n\n\n\n<p class=\"wp-block-paragraph\"><strong><em>Relu par Marion Brasseur de Ordaz<\/em><\/strong><\/p>\n\n\n\n<h4 class=\"wp-block-heading\">Bibliographie:<\/h4>\n\n\n\n<p class=\"has-small-font-size wp-block-paragraph\">Climate Vulnerable Forum. (2021). <em>46TH HRC SESSION \u2013 JOINT STATEMENT ON CLIMATE CHANGE AND HUMAN RIGHTS<\/em>.<\/p>\n\n\n\n<p class=\"has-small-font-size wp-block-paragraph\"><a href=\"https:\/\/www.fidh.org\/en\/international-advocacy\/united-nations\/un-open-letter-for-the-establishment-of-a-new-un-special-rapporteur\" target=\"_blank\" rel=\"noreferrer noopener\">International Federation for Human Rights. (2021). <em>UN: Open letter for the Establishment of a new UN Special Rapporteur on Human Rights and Climate Change<\/em>.<\/a> <\/p>\n\n\n\n<p class=\"has-small-font-size wp-block-paragraph\">OHCHR. (2021). <em>Human Rights Council Adopts Two Resolutions on Climate Change and on Maternal Mortality and Morbidity, Appoints Seven Special Procedure Mandate Holders, and Concludes Forty-Seventh Regular Session<\/em>. <\/p>\n\n\n\n<p class=\"has-small-font-size wp-block-paragraph\"><a href=\"https:\/\/www.unep.org\/news-and-stories\/statements\/joint-statement-united-nations-entities-right-healthy-environment\" target=\"_blank\" rel=\"noreferrer noopener\">UNEP. (2021). <em>Joint statement of United Nations entities on the right to healthy environment<\/em>. <\/a><\/p>\n","protected":false},"excerpt":{"rendered":"<p>Le 27 Juillet 2021, Humanium a particip\u00e9 \u00e0 une assembl\u00e9e g\u00e9n\u00e9rale du groupe de travail sur l\u2019Environnement avec les repr\u00e9sentants de plusieurs ONG : Child International Network (CRIN), Terre des Hommes, Child Rights Connect, et Franciscans International. L\u2019assembl\u00e9e g\u00e9n\u00e9rale du Groupe de Travail sur l\u2019Environnement \u00e9tait une occasion importante pour Humanium de discuter avec les [&hellip;]<\/p>\n","protected":false},"author":69,"featured_media":51026,"comment_status":"closed","ping_status":"closed","sticky":false,"template":"","format":"standard","meta":{"footnotes":""},"categories":[220,4,6],"tags":[],"class_list":["post-51023","post","type-post","status-publish","format-standard","has-post-thumbnail","hentry","category-droits-des-enfants","category-droits-humains","category-environnement"],"yoast_head":"<!-- This site is optimized with the Yoast SEO plugin v28.3 - https:\/\/yoast.com\/product\/yoast-seo-wordpress\/ -->\n<title>La lutte d\u2019Humanium pour d\u00e9fendre les droits environnementaux en coordination avec le Groupe de Travail sur l\u2019Environnement - Humanium<\/title>\n<meta name=\"description\" content=\"Le 27 Juillet 2021, Humanium a particip\u00e9 \u00e0 une assembl\u00e9e g\u00e9n\u00e9rale du groupe de travail sur l\u2019Environnement avec les repr\u00e9sentants de plusieurs ONG.\" \/>\n<meta name=\"robots\" content=\"index, follow, max-snippet:-1, max-image-preview:large, max-video-preview:-1\" \/>\n<link rel=\"canonical\" href=\"https:\/\/www.humanium.org\/fr\/la-lutte-dhumanium-pour-defendre-les-droits-environnementaux-en-coordination-avec-le-groupe-de-travail-sur-lenvironnement\/\" \/>\n<meta property=\"og:locale\" content=\"fr_FR\" \/>\n<meta property=\"og:type\" content=\"article\" \/>\n<meta property=\"og:title\" content=\"La lutte d\u2019Humanium pour d\u00e9fendre les droits environnementaux en coordination avec le Groupe de Travail sur l\u2019Environnement - Humanium\" \/>\n<meta property=\"og:description\" content=\"Le 27 Juillet 2021, Humanium a particip\u00e9 \u00e0 une assembl\u00e9e g\u00e9n\u00e9rale du groupe de travail sur l\u2019Environnement avec les repr\u00e9sentants de plusieurs ONG.\" \/>\n<meta property=\"og:url\" content=\"https:\/\/www.humanium.org\/fr\/la-lutte-dhumanium-pour-defendre-les-droits-environnementaux-en-coordination-avec-le-groupe-de-travail-sur-lenvironnement\/\" \/>\n<meta property=\"og:site_name\" content=\"Humanium\" \/>\n<meta property=\"article:published_time\" content=\"2021-09-28T17:29:31+00:00\" \/>\n<meta property=\"article:modified_time\" content=\"2026-08-21T03:19:29+00:00\" \/>\n<meta property=\"og:image\" content=\"https:\/\/www.humanium.org\/fr\/wp-content\/uploads\/2021\/09\/shutterstock_1718247283-scaled.jpg\" \/>\n\t<meta property=\"og:image:width\" content=\"2560\" \/>\n\t<meta property=\"og:image:height\" content=\"1706\" \/>\n\t<meta property=\"og:image:type\" content=\"image\/jpeg\" \/>\n<meta name=\"author\" content=\"Humanium\" \/>\n<meta name=\"twitter:card\" content=\"summary_large_image\" \/>\n<meta name=\"twitter:label1\" content=\"\u00c9crit par\" \/>\n\t<meta name=\"twitter:data1\" content=\"Humanium\" \/>\n\t<meta name=\"twitter:label2\" content=\"Dur\u00e9e de lecture estim\u00e9e\" \/>\n\t<meta name=\"twitter:data2\" content=\"5 minutes\" \/>\n<script type=\"application\/ld+json\" class=\"yoast-schema-graph\">{\"@context\":\"https:\\\/\\\/schema.org\",\"@graph\":[{\"@type\":\"Article\",\"@id\":\"https:\\\/\\\/www.humanium.org\\\/fr\\\/la-lutte-dhumanium-pour-defendre-les-droits-environnementaux-en-coordination-avec-le-groupe-de-travail-sur-lenvironnement\\\/#article\",\"isPartOf\":{\"@id\":\"https:\\\/\\\/www.humanium.org\\\/fr\\\/la-lutte-dhumanium-pour-defendre-les-droits-environnementaux-en-coordination-avec-le-groupe-de-travail-sur-lenvironnement\\\/\"},\"author\":{\"name\":\"Humanium\",\"@id\":\"https:\\\/\\\/www.humanium.org\\\/fr\\\/#\\\/schema\\\/person\\\/d798d6c7d59ba2307e0877f61a20ce3e\"},\"headline\":\"La lutte d\u2019Humanium pour d\u00e9fendre les droits environnementaux en coordination avec le Groupe de Travail sur l\u2019Environnement\",\"datePublished\":\"2021-09-28T17:29:31+00:00\",\"dateModified\":\"2026-08-21T03:19:29+00:00\",\"mainEntityOfPage\":{\"@id\":\"https:\\\/\\\/www.humanium.org\\\/fr\\\/la-lutte-dhumanium-pour-defendre-les-droits-environnementaux-en-coordination-avec-le-groupe-de-travail-sur-lenvironnement\\\/\"},\"wordCount\":1095,\"image\":{\"@id\":\"https:\\\/\\\/www.humanium.org\\\/fr\\\/la-lutte-dhumanium-pour-defendre-les-droits-environnementaux-en-coordination-avec-le-groupe-de-travail-sur-lenvironnement\\\/#primaryimage\"},\"thumbnailUrl\":\"https:\\\/\\\/www.humanium.org\\\/fr\\\/wp-content\\\/uploads\\\/2021\\\/09\\\/shutterstock_1718247283-scaled.jpg\",\"articleSection\":[\"Droits des enfants\",\"Droits humains\",\"Environnement\"],\"inLanguage\":\"fr-FR\"},{\"@type\":\"WebPage\",\"@id\":\"https:\\\/\\\/www.humanium.org\\\/fr\\\/la-lutte-dhumanium-pour-defendre-les-droits-environnementaux-en-coordination-avec-le-groupe-de-travail-sur-lenvironnement\\\/\",\"url\":\"https:\\\/\\\/www.humanium.org\\\/fr\\\/la-lutte-dhumanium-pour-defendre-les-droits-environnementaux-en-coordination-avec-le-groupe-de-travail-sur-lenvironnement\\\/\",\"name\":\"La lutte d\u2019Humanium pour d\u00e9fendre les droits environnementaux en coordination avec le Groupe de Travail sur l\u2019Environnement - Humanium\",\"isPartOf\":{\"@id\":\"https:\\\/\\\/www.humanium.org\\\/fr\\\/#website\"},\"primaryImageOfPage\":{\"@id\":\"https:\\\/\\\/www.humanium.org\\\/fr\\\/la-lutte-dhumanium-pour-defendre-les-droits-environnementaux-en-coordination-avec-le-groupe-de-travail-sur-lenvironnement\\\/#primaryimage\"},\"image\":{\"@id\":\"https:\\\/\\\/www.humanium.org\\\/fr\\\/la-lutte-dhumanium-pour-defendre-les-droits-environnementaux-en-coordination-avec-le-groupe-de-travail-sur-lenvironnement\\\/#primaryimage\"},\"thumbnailUrl\":\"https:\\\/\\\/www.humanium.org\\\/fr\\\/wp-content\\\/uploads\\\/2021\\\/09\\\/shutterstock_1718247283-scaled.jpg\",\"datePublished\":\"2021-09-28T17:29:31+00:00\",\"dateModified\":\"2026-08-21T03:19:29+00:00\",\"author\":{\"@id\":\"https:\\\/\\\/www.humanium.org\\\/fr\\\/#\\\/schema\\\/person\\\/d798d6c7d59ba2307e0877f61a20ce3e\"},\"description\":\"Le 27 Juillet 2021, Humanium a particip\u00e9 \u00e0 une assembl\u00e9e g\u00e9n\u00e9rale du groupe de travail sur l\u2019Environnement avec les repr\u00e9sentants de plusieurs ONG.\",\"breadcrumb\":{\"@id\":\"https:\\\/\\\/www.humanium.org\\\/fr\\\/la-lutte-dhumanium-pour-defendre-les-droits-environnementaux-en-coordination-avec-le-groupe-de-travail-sur-lenvironnement\\\/#breadcrumb\"},\"inLanguage\":\"fr-FR\",\"potentialAction\":[{\"@type\":\"ReadAction\",\"target\":[\"https:\\\/\\\/www.humanium.org\\\/fr\\\/la-lutte-dhumanium-pour-defendre-les-droits-environnementaux-en-coordination-avec-le-groupe-de-travail-sur-lenvironnement\\\/\"]}]},{\"@type\":\"ImageObject\",\"inLanguage\":\"fr-FR\",\"@id\":\"https:\\\/\\\/www.humanium.org\\\/fr\\\/la-lutte-dhumanium-pour-defendre-les-droits-environnementaux-en-coordination-avec-le-groupe-de-travail-sur-lenvironnement\\\/#primaryimage\",\"url\":\"https:\\\/\\\/www.humanium.org\\\/fr\\\/wp-content\\\/uploads\\\/2021\\\/09\\\/shutterstock_1718247283-scaled.jpg\",\"contentUrl\":\"https:\\\/\\\/www.humanium.org\\\/fr\\\/wp-content\\\/uploads\\\/2021\\\/09\\\/shutterstock_1718247283-scaled.jpg\",\"width\":2560,\"height\":1706},{\"@type\":\"BreadcrumbList\",\"@id\":\"https:\\\/\\\/www.humanium.org\\\/fr\\\/la-lutte-dhumanium-pour-defendre-les-droits-environnementaux-en-coordination-avec-le-groupe-de-travail-sur-lenvironnement\\\/#breadcrumb\",\"itemListElement\":[{\"@type\":\"ListItem\",\"position\":1,\"name\":\"Home\",\"item\":\"https:\\\/\\\/www.humanium.org\\\/fr\\\/\"},{\"@type\":\"ListItem\",\"position\":2,\"name\":\"La lutte d\u2019Humanium pour d\u00e9fendre les droits environnementaux en coordination avec le Groupe de Travail sur l\u2019Environnement\"}]},{\"@type\":\"WebSite\",\"@id\":\"https:\\\/\\\/www.humanium.org\\\/fr\\\/#website\",\"url\":\"https:\\\/\\\/www.humanium.org\\\/fr\\\/\",\"name\":\"Humanium\",\"description\":\"Les enfants d\u2019abord !\",\"potentialAction\":[{\"@type\":\"SearchAction\",\"target\":{\"@type\":\"EntryPoint\",\"urlTemplate\":\"https:\\\/\\\/www.humanium.org\\\/fr\\\/?s={search_term_string}\"},\"query-input\":{\"@type\":\"PropertyValueSpecification\",\"valueRequired\":true,\"valueName\":\"search_term_string\"}}],\"inLanguage\":\"fr-FR\"},{\"@type\":\"Person\",\"@id\":\"https:\\\/\\\/www.humanium.org\\\/fr\\\/#\\\/schema\\\/person\\\/d798d6c7d59ba2307e0877f61a20ce3e\",\"name\":\"Humanium\",\"image\":{\"@type\":\"ImageObject\",\"inLanguage\":\"fr-FR\",\"@id\":\"https:\\\/\\\/secure.gravatar.com\\\/avatar\\\/22715e338d2fcc547e3a431c4738360d33fea2a4af458f865b2c3b22f1eaa51f?s=96&d=mm&r=g\",\"url\":\"https:\\\/\\\/secure.gravatar.com\\\/avatar\\\/22715e338d2fcc547e3a431c4738360d33fea2a4af458f865b2c3b22f1eaa51f?s=96&d=mm&r=g\",\"contentUrl\":\"https:\\\/\\\/secure.gravatar.com\\\/avatar\\\/22715e338d2fcc547e3a431c4738360d33fea2a4af458f865b2c3b22f1eaa51f?s=96&d=mm&r=g\",\"caption\":\"Humanium\"},\"url\":\"https:\\\/\\\/www.humanium.org\\\/fr\\\/author\\\/humanium\\\/\"}]}<\/script>\n<!-- \/ Yoast SEO plugin. -->","yoast_head_json":{"title":"La lutte d\u2019Humanium pour d\u00e9fendre les droits environnementaux en coordination avec le Groupe de Travail sur l\u2019Environnement - Humanium","description":"Le 27 Juillet 2021, Humanium a particip\u00e9 \u00e0 une assembl\u00e9e g\u00e9n\u00e9rale du groupe de travail sur l\u2019Environnement avec les repr\u00e9sentants de plusieurs ONG.","robots":{"index":"index","follow":"follow","max-snippet":"max-snippet:-1","max-image-preview":"max-image-preview:large","max-video-preview":"max-video-preview:-1"},"canonical":"https:\/\/www.humanium.org\/fr\/la-lutte-dhumanium-pour-defendre-les-droits-environnementaux-en-coordination-avec-le-groupe-de-travail-sur-lenvironnement\/","og_locale":"fr_FR","og_type":"article","og_title":"La lutte d\u2019Humanium pour d\u00e9fendre les droits environnementaux en coordination avec le Groupe de Travail sur l\u2019Environnement - Humanium","og_description":"Le 27 Juillet 2021, Humanium a particip\u00e9 \u00e0 une assembl\u00e9e g\u00e9n\u00e9rale du groupe de travail sur l\u2019Environnement avec les repr\u00e9sentants de plusieurs ONG.","og_url":"https:\/\/www.humanium.org\/fr\/la-lutte-dhumanium-pour-defendre-les-droits-environnementaux-en-coordination-avec-le-groupe-de-travail-sur-lenvironnement\/","og_site_name":"Humanium","article_published_time":"2021-09-28T17:29:31+00:00","article_modified_time":"2026-08-21T03:19:29+00:00","og_image":[{"width":2560,"height":1706,"url":"https:\/\/www.humanium.org\/fr\/wp-content\/uploads\/2021\/09\/shutterstock_1718247283-scaled.jpg","type":"image\/jpeg"}],"author":"Humanium","twitter_card":"summary_large_image","twitter_misc":{"\u00c9crit par":"Humanium","Dur\u00e9e de lecture estim\u00e9e":"5 minutes"},"schema":{"@context":"https:\/\/schema.org","@graph":[{"@type":"Article","@id":"https:\/\/www.humanium.org\/fr\/la-lutte-dhumanium-pour-defendre-les-droits-environnementaux-en-coordination-avec-le-groupe-de-travail-sur-lenvironnement\/#article","isPartOf":{"@id":"https:\/\/www.humanium.org\/fr\/la-lutte-dhumanium-pour-defendre-les-droits-environnementaux-en-coordination-avec-le-groupe-de-travail-sur-lenvironnement\/"},"author":{"name":"Humanium","@id":"https:\/\/www.humanium.org\/fr\/#\/schema\/person\/d798d6c7d59ba2307e0877f61a20ce3e"},"headline":"La lutte d\u2019Humanium pour d\u00e9fendre les droits environnementaux en coordination avec le Groupe de Travail sur l\u2019Environnement","datePublished":"2021-09-28T17:29:31+00:00","dateModified":"2026-08-21T03:19:29+00:00","mainEntityOfPage":{"@id":"https:\/\/www.humanium.org\/fr\/la-lutte-dhumanium-pour-defendre-les-droits-environnementaux-en-coordination-avec-le-groupe-de-travail-sur-lenvironnement\/"},"wordCount":1095,"image":{"@id":"https:\/\/www.humanium.org\/fr\/la-lutte-dhumanium-pour-defendre-les-droits-environnementaux-en-coordination-avec-le-groupe-de-travail-sur-lenvironnement\/#primaryimage"},"thumbnailUrl":"https:\/\/www.humanium.org\/fr\/wp-content\/uploads\/2021\/09\/shutterstock_1718247283-scaled.jpg","articleSection":["Droits des enfants","Droits humains","Environnement"],"inLanguage":"fr-FR"},{"@type":"WebPage","@id":"https:\/\/www.humanium.org\/fr\/la-lutte-dhumanium-pour-defendre-les-droits-environnementaux-en-coordination-avec-le-groupe-de-travail-sur-lenvironnement\/","url":"https:\/\/www.humanium.org\/fr\/la-lutte-dhumanium-pour-defendre-les-droits-environnementaux-en-coordination-avec-le-groupe-de-travail-sur-lenvironnement\/","name":"La lutte d\u2019Humanium pour d\u00e9fendre les droits environnementaux en coordination avec le Groupe de Travail sur l\u2019Environnement - Humanium","isPartOf":{"@id":"https:\/\/www.humanium.org\/fr\/#website"},"primaryImageOfPage":{"@id":"https:\/\/www.humanium.org\/fr\/la-lutte-dhumanium-pour-defendre-les-droits-environnementaux-en-coordination-avec-le-groupe-de-travail-sur-lenvironnement\/#primaryimage"},"image":{"@id":"https:\/\/www.humanium.org\/fr\/la-lutte-dhumanium-pour-defendre-les-droits-environnementaux-en-coordination-avec-le-groupe-de-travail-sur-lenvironnement\/#primaryimage"},"thumbnailUrl":"https:\/\/www.humanium.org\/fr\/wp-content\/uploads\/2021\/09\/shutterstock_1718247283-scaled.jpg","datePublished":"2021-09-28T17:29:31+00:00","dateModified":"2026-08-21T03:19:29+00:00","author":{"@id":"https:\/\/www.humanium.org\/fr\/#\/schema\/person\/d798d6c7d59ba2307e0877f61a20ce3e"},"description":"Le 27 Juillet 2021, Humanium a particip\u00e9 \u00e0 une assembl\u00e9e g\u00e9n\u00e9rale du groupe de travail sur l\u2019Environnement avec les repr\u00e9sentants de plusieurs ONG.","breadcrumb":{"@id":"https:\/\/www.humanium.org\/fr\/la-lutte-dhumanium-pour-defendre-les-droits-environnementaux-en-coordination-avec-le-groupe-de-travail-sur-lenvironnement\/#breadcrumb"},"inLanguage":"fr-FR","potentialAction":[{"@type":"ReadAction","target":["https:\/\/www.humanium.org\/fr\/la-lutte-dhumanium-pour-defendre-les-droits-environnementaux-en-coordination-avec-le-groupe-de-travail-sur-lenvironnement\/"]}]},{"@type":"ImageObject","inLanguage":"fr-FR","@id":"https:\/\/www.humanium.org\/fr\/la-lutte-dhumanium-pour-defendre-les-droits-environnementaux-en-coordination-avec-le-groupe-de-travail-sur-lenvironnement\/#primaryimage","url":"https:\/\/www.humanium.org\/fr\/wp-content\/uploads\/2021\/09\/shutterstock_1718247283-scaled.jpg","contentUrl":"https:\/\/www.humanium.org\/fr\/wp-content\/uploads\/2021\/09\/shutterstock_1718247283-scaled.jpg","width":2560,"height":1706},{"@type":"BreadcrumbList","@id":"https:\/\/www.humanium.org\/fr\/la-lutte-dhumanium-pour-defendre-les-droits-environnementaux-en-coordination-avec-le-groupe-de-travail-sur-lenvironnement\/#breadcrumb","itemListElement":[{"@type":"ListItem","position":1,"name":"Home","item":"https:\/\/www.humanium.org\/fr\/"},{"@type":"ListItem","position":2,"name":"La lutte d\u2019Humanium pour d\u00e9fendre les droits environnementaux en coordination avec le Groupe de Travail sur l\u2019Environnement"}]},{"@type":"WebSite","@id":"https:\/\/www.humanium.org\/fr\/#website","url":"https:\/\/www.humanium.org\/fr\/","name":"Humanium","description":"Les enfants d\u2019abord !","potentialAction":[{"@type":"SearchAction","target":{"@type":"EntryPoint","urlTemplate":"https:\/\/www.humanium.org\/fr\/?s={search_term_string}"},"query-input":{"@type":"PropertyValueSpecification","valueRequired":true,"valueName":"search_term_string"}}],"inLanguage":"fr-FR"},{"@type":"Person","@id":"https:\/\/www.humanium.org\/fr\/#\/schema\/person\/d798d6c7d59ba2307e0877f61a20ce3e","name":"Humanium","image":{"@type":"ImageObject","inLanguage":"fr-FR","@id":"https:\/\/secure.gravatar.com\/avatar\/22715e338d2fcc547e3a431c4738360d33fea2a4af458f865b2c3b22f1eaa51f?s=96&d=mm&r=g","url":"https:\/\/secure.gravatar.com\/avatar\/22715e338d2fcc547e3a431c4738360d33fea2a4af458f865b2c3b22f1eaa51f?s=96&d=mm&r=g","contentUrl":"https:\/\/secure.gravatar.com\/avatar\/22715e338d2fcc547e3a431c4738360d33fea2a4af458f865b2c3b22f1eaa51f?s=96&d=mm&r=g","caption":"Humanium"},"url":"https:\/\/www.humanium.org\/fr\/author\/humanium\/"}]}},"_links":{"self":[{"href":"https:\/\/www.humanium.org\/fr\/wp-json\/wp\/v2\/posts\/51023","targetHints":{"allow":["GET"]}}],"collection":[{"href":"https:\/\/www.humanium.org\/fr\/wp-json\/wp\/v2\/posts"}],"about":[{"href":"https:\/\/www.humanium.org\/fr\/wp-json\/wp\/v2\/types\/post"}],"author":[{"embeddable":true,"href":"https:\/\/www.humanium.org\/fr\/wp-json\/wp\/v2\/users\/69"}],"replies":[{"embeddable":true,"href":"https:\/\/www.humanium.org\/fr\/wp-json\/wp\/v2\/comments?post=51023"}],"version-history":[{"count":10,"href":"https:\/\/www.humanium.org\/fr\/wp-json\/wp\/v2\/posts\/51023\/revisions"}],"predecessor-version":[{"id":62568,"href":"https:\/\/www.humanium.org\/fr\/wp-json\/wp\/v2\/posts\/51023\/revisions\/62568"}],"wp:featuredmedia":[{"embeddable":true,"href":"https:\/\/www.humanium.org\/fr\/wp-json\/wp\/v2\/media\/51026"}],"wp:attachment":[{"href":"https:\/\/www.humanium.org\/fr\/wp-json\/wp\/v2\/media?parent=51023"}],"wp:term":[{"taxonomy":"category","embeddable":true,"href":"https:\/\/www.humanium.org\/fr\/wp-json\/wp\/v2\/categories?post=51023"},{"taxonomy":"post_tag","embeddable":true,"href":"https:\/\/www.humanium.org\/fr\/wp-json\/wp\/v2\/tags?post=51023"}],"curies":[{"name":"wp","href":"https:\/\/api.w.org\/{rel}","templated":true}]}}