{"id":51375,"date":"2021-12-07T13:34:28","date_gmt":"2021-12-07T13:34:28","guid":{"rendered":"https:\/\/www.humanium.org\/fr\/?p=51375"},"modified":"2026-08-21T03:19:29","modified_gmt":"2026-08-21T03:19:29","slug":"le-droit-a-un-environnement-sain-est-un-droit-humain-fondamental-la-resolution-du-cdh-des-nations-unies","status":"publish","type":"post","link":"https:\/\/www.humanium.org\/fr\/le-droit-a-un-environnement-sain-est-un-droit-humain-fondamental-la-resolution-du-cdh-des-nations-unies\/","title":{"rendered":"Le droit \u00e0 un environnement sain est un droit humain fondamental : la R\u00e9solution du CDH des Nations Unies"},"content":{"rendered":"\n<p class=\"wp-block-paragraph\"><strong>Le droit \u00e0 un environnement s\u00fbr, propre, sain et durable a \u00e9t\u00e9 officiellement reconnu comme un des droits humains fondamentaux. C\u2019est un pas en avant tr\u00e8s important qui a vu le jour le 8 octobre 2021 lorsque le Conseil des Droits de l\u2019Homme des Nations Unies a approuv\u00e9 la R\u00e9solution 48\/13 invitant les Etats membres de l\u2019Union Europ\u00e9enne \u00e0 coop\u00e9rer \u00e0 l\u2019instauration de ce droit. Le m\u00eame jour, le Conseil des Droits de l\u2019Homme a adopt\u00e9 la R\u00e9solution 48\/14 d\u00e9finissant aussi la position d\u2019un Rapporteur Sp\u00e9cial sur la promotion et la protection des droits de l\u2019Homme dans le contexte du <\/strong><a href=\"https:\/\/www.humanium.org\/fr\/changement-climatique\/\"><strong>changement climatique<\/strong><\/a><strong>.<\/strong><\/p>\n\n\n\n<p class=\"wp-block-paragraph\">La reconnaissance du droit \u00e0 un environnement s\u00fbr, propre, sain et durable est une \u00e9tape importante pour un monde o\u00f9 presque un quart des d\u00e9c\u00e8s sur une ann\u00e9e sont li\u00e9s aux dangers <a href=\"https:\/\/www.humanium.org\/fr\/focus\/environnement\/\">environnementaux<\/a>. En effet, les chiffres publi\u00e9s par l\u2019Organisation Mondiale de la Sant\u00e9 nous font r\u00e9fl\u00e9chir&nbsp;: on estime que 24 % des d\u00e9c\u00e8s dans le monde sont li\u00e9s \u00e0 l\u2019environnement, ce qui repr\u00e9sente approximativement 13,7 millions de morts par an (Organisation Mondiale de la Sant\u00e9, 2021). Parmi ces risques, l\u2019OMS r\u00e9pertorie des facteurs tels que <a href=\"https:\/\/www.humanium.org\/fr\/les-enfants-indonesiens-menaces-par-la-pollution-atmospherique\/\">la pollution de l\u2019air<\/a> et l\u2019exposition \u00e0 des substances dangereuses (OMS, 2021).<\/p>\n\n\n\n<h2 class=\"wp-block-heading\"><strong>Avant la R\u00e9solution 48\/13&nbsp;: aper\u00e7u national, r\u00e9gional et international<\/strong><\/h2>\n\n\n\n<p class=\"wp-block-paragraph\">Le droit \u00e0 un environnement sain est d\u00e9j\u00e0 reconnu dans diff\u00e9rentes phras\u00e9ologies de la loi de plus de 150 Etats qui reconnaissent l\u2019importance des conditions <a href=\"https:\/\/www.humanium.org\/fr\/focus\/environnement\/\">environnementales<\/a> pour l\u2019existence et le bien-\u00eatre de l\u2019humanit\u00e9 (EJIL&nbsp;:Talk&nbsp;!, 2021).<\/p>\n\n\n\n<p class=\"wp-block-paragraph\">A ce jour, \u00e0 l\u2019\u00e9chelle r\u00e9gionale, le droit \u00e0 un <a href=\"https:\/\/www.humanium.org\/fr\/focus\/environnement\/\">environnement<\/a> sain a \u00e9t\u00e9 reconnu dans les trait\u00e9s des droits de l\u2019Homme r\u00e9gionaux (en <a href=\"https:\/\/www.humanium.org\/fr\/afrique\/\">Afrique<\/a> et en <a href=\"https:\/\/www.humanium.org\/fr\/ameriques\/\">Am\u00e9rique Latine<\/a>) et les trait\u00e9s \u00ab&nbsp;sectoriels&nbsp;\u00bb concernant l\u2019acc\u00e8s \u00e0 l\u2019information, \u00e0 la justice et la participation du public aux affaires <a href=\"https:\/\/www.humanium.org\/fr\/focus\/environnement\/\">environnementales<\/a> (en <a href=\"https:\/\/www.humanium.org\/fr\/europe-caucase\/\">Europe<\/a> et en <a href=\"https:\/\/www.humanium.org\/fr\/ameriques\/\">Am\u00e9rique Latine<\/a>) (EJIL&nbsp;: Talk&nbsp;!, 2021). De plus, au niveau europ\u00e9en, en septembre 2021, l\u2019Assembl\u00e9e Parlementaire du Conseil europ\u00e9en a adopt\u00e9 une R\u00e9solution soutenant l\u2019adoption d\u2019un Protocole Additionnel \u00e0 la Convention Europ\u00e9enne des Droits de l\u2019Homme pour fixer le droit \u00e0 un environnement s\u00fbr, propre, sain et durable dans le syst\u00e8me europ\u00e9en des droits de l\u2019Homme (Assembl\u00e9e Parlementaire, 2021).<\/p>\n\n\n\n<p class=\"wp-block-paragraph\">Pourtant, \u00e0 l\u2019\u00e9chelon des Nations Unies, le Conseil des Droits de l\u2019Homme se pr\u00e9occupe du probl\u00e8me des droits de l\u2019Homme et de l\u2019environnement depuis 2012 (EJIL&nbsp;:Talk&nbsp;!, 2012). En particulier, en 2018, le Rapporteur Sp\u00e9cial des Droits de l\u2019Homme et de l\u2019Environnement des Nations Unies, apr\u00e8s avoir examin\u00e9 un grand nombre de jurisprudence et de documents, a conclu que la reconnaissance explicite du droit \u00e0 un environnement sain fournirait des b\u00e9n\u00e9fices r\u00e9els et efficaces telle qu\u2019une augmentation de l\u2019importance de la protection de l\u2019<a href=\"https:\/\/www.humanium.org\/fr\/focus\/environnement\/\">environnement<\/a> au niveau juridique et une base pour l\u2019adoption de <a href=\"https:\/\/www.humanium.org\/fr\/focus\/environnement\/\">lois environnementales<\/a> plus fortes cr\u00e9ant ainsi des opportunit\u00e9s pour am\u00e9liorer l\u2019acc\u00e8s \u00e0 la justice (Universal Rights Group, 2018).<\/p>\n\n\n\n<p class=\"wp-block-paragraph\">En effet, selon le Rapporteur Sp\u00e9cial, dans un monde qui souligne trop souvent les diff\u00e9rences entre les gens, le droit \u00e0 un <a href=\"https:\/\/www.humanium.org\/fr\/focus\/environnement\/\">environnement<\/a> sain refl\u00e8te une v\u00e9rit\u00e9 fondamentale qui devrait tous nous unir (HCDH,2021). La sant\u00e9 de tous et la qualit\u00e9 de vie d\u00e9pend de l\u2019air pur, de l\u2019<a href=\"https:\/\/www.humanium.org\/fr\/comprendre-droits-enfant\/droit-a-l-eau\/\">eau<\/a> saine, de la <a href=\"https:\/\/www.humanium.org\/fr\/comprendre-droits-enfant\/droit-a-l-alimentation\/\">nourriture<\/a> produite durablement, d\u2019un <a href=\"https:\/\/www.humanium.org\/en\/climate-change\/\">climat<\/a> stable et d\u2019une biodiversit\u00e9 et d\u2019\u00e9cosyst\u00e8mes sains.<\/p>\n\n\n\n<p class=\"wp-block-paragraph\">Ainsi, la reconnaissance explicite du droit \u00e0 un environnement sain aura l\u2019utilit\u00e9 d\u2019habiliter les individus, les groupes, les organisations de la soci\u00e9t\u00e9 civile et le monde judiciaire \u00e0 contribuer \u00e0 une meilleure impl\u00e9mentation et \u00e0 un renforcement des <a href=\"https:\/\/www.humanium.org\/fr\/focus\/environnement\/\">lois environnementales<\/a> (HCDH, 2021). Et c\u2019est sur cette base que le Rapporteur Sp\u00e9cial a recommand\u00e9 que le Conseil des Droits de l\u2019Homme reconnaisse ce droit dans un instrument mondial telle qu\u2019une r\u00e9solution de l\u2019Assembl\u00e9e G\u00e9n\u00e9rale des Nations Unies (HCDH, 2021). Les activit\u00e9s entourant la reconnaissance de ce droit ont abouti \u00e0 l\u2019adoption de la R\u00e9solution 48\/13 le 8 octobre 2021.<\/p>\n\n\n\n<h2 class=\"wp-block-heading\"><strong>Les \u00e9tapes vers la R\u00e9solution 48\/13<\/strong><\/h2>\n\n\n\n<p class=\"wp-block-paragraph\">La proposition de l\u2019adoption de la R\u00e9solution 48\/13 a \u00e9t\u00e9 pr\u00e9sent\u00e9e par le Costa Rica, les Maldives, le Maroc, la Slov\u00e9nie et la Suisse et le feu vert est arriv\u00e9 avec une large majorit\u00e9&nbsp;: 43 votes pour, 4 abstentions (UN News, 2021). Les pays qui n\u2019ont pas sign\u00e9 en faveur de la reconnaissance de l\u2019environnement comme un droit humain fondamental sont la Chine, le Japon, l\u2019Inde et la Russie (UN News, 2021). Il y a eu une incertitude concernant le vote de la Grande-Bretagne qui s\u2019est montr\u00e9e r\u00e9cemment sceptique vis-\u00e0-vis de la proposition mais a finalement vot\u00e9 en sa faveur (UN News, 2021).<\/p>\n\n\n\n<p class=\"wp-block-paragraph\">Le Conseil des Droits de l\u2019Homme a reconnu pour la premi\u00e8re fois qu\u2019avoir un environnement s\u00fbr, propre, sain et durable est en effet un droit humain et a somm\u00e9 les Etats membres d\u2019\u0153uvrer ensemble et avec d\u2019autres partenaires \u00e0 impl\u00e9menter ce droit nouvellement reconnu.<\/p>\n\n\n\n<p class=\"wp-block-paragraph\">Dans le texte de la R\u00e9solution il est en effet clair que&nbsp;: <em>\u00ab&nbsp;Le Conseil reconnait le droit \u00e0 un environnement s\u00fbr, propre, sain et durable et encourage les Etats \u00e0 adopter des politiques pour la jouissance du droit \u00e0 un environnement s\u00fbr, propre, sain et durable incluant le respect de la biodiversit\u00e9 et des \u00e9cosyst\u00e8mes, le cas \u00e9ch\u00e9ant, et invite l\u2019Assembl\u00e9e G\u00e9n\u00e9rale \u00e0 se pr\u00e9occuper de ce probl\u00e8me.&nbsp;\u00bb<\/em> (R\u00e9solution 48\/13, 2021).<\/p>\n\n\n\n<p class=\"wp-block-paragraph\">Il est essentiel de rappeler que l\u2019action d\u00e9cisive du Conseil des Droits de l\u2019Homme dans la reconnaissance du droit humain \u00e0 un environnement s\u00fbr, propre, sain et durable est de prot\u00e9ger les individus et la plan\u00e8te&nbsp;: l\u2019air que nous respirons, l\u2019<a href=\"https:\/\/www.humanium.org\/fr\/comprendre-droits-enfant\/droit-a-l-eau\/\">eau<\/a> que nous buvons, la <a href=\"https:\/\/www.humanium.org\/fr\/comprendre-droits-enfant\/droit-a-l-alimentation\/\">nourriture<\/a> que nous mangeons. C\u2019est aussi prot\u00e9ger les syst\u00e8mes naturels qui sont des conditions pr\u00e9alables \u00e0 la vie et aux moyens de subsistance de toutes les populations peu importe o\u00f9 elles vivent. (HCDH, 2021).<\/p>\n\n\n\n<figure class=\"wp-block-image size-large\"><img loading=\"lazy\" decoding=\"async\" width=\"1024\" height=\"767\" src=\"https:\/\/www.humanium.org\/fr\/wp-content\/uploads\/2021\/12\/shutterstock_212981179-1024x767.jpg\" alt=\"\" class=\"wp-image-51377\" srcset=\"https:\/\/www.humanium.org\/fr\/wp-content\/uploads\/2021\/12\/shutterstock_212981179-1024x767.jpg 1024w, https:\/\/www.humanium.org\/fr\/wp-content\/uploads\/2021\/12\/shutterstock_212981179-300x225.jpg 300w, https:\/\/www.humanium.org\/fr\/wp-content\/uploads\/2021\/12\/shutterstock_212981179-768x575.jpg 768w, https:\/\/www.humanium.org\/fr\/wp-content\/uploads\/2021\/12\/shutterstock_212981179-1536x1150.jpg 1536w, https:\/\/www.humanium.org\/fr\/wp-content\/uploads\/2021\/12\/shutterstock_212981179-2048x1533.jpg 2048w, https:\/\/www.humanium.org\/fr\/wp-content\/uploads\/2021\/12\/shutterstock_212981179-830x621.jpg 830w, https:\/\/www.humanium.org\/fr\/wp-content\/uploads\/2021\/12\/shutterstock_212981179-230x172.jpg 230w, https:\/\/www.humanium.org\/fr\/wp-content\/uploads\/2021\/12\/shutterstock_212981179-350x262.jpg 350w, https:\/\/www.humanium.org\/fr\/wp-content\/uploads\/2021\/12\/shutterstock_212981179-480x359.jpg 480w\" sizes=\"auto, (max-width: 1024px) 100vw, 1024px\" \/><\/figure>\n\n\n\n<p class=\"wp-block-paragraph\">Le Haut-Commissaire des Nations Unies aux Droits de l\u2019Homme, Michelle Bachelet, a accueilli cette d\u00e9cision historique et appelle les Etats \u00e0 \u00ab&nbsp;<em>prendre des mesures audacieuses pour donner un effet concret et imm\u00e9diat au droit \u00e0 un environnement sain<\/em>&nbsp;\u00bb (HCDH, 2021). Michelle Bachelet a aussi accueilli le fait que la R\u00e9solution \u00ab&nbsp;<em>reconnaisse clairement que la d\u00e9gradation de l\u2019environnement et le changement climatique sont li\u00e9s \u00e0 la crise des droits de l\u2019Homme<\/em>&nbsp;\u00bb et a ajout\u00e9 qu\u2019il est essentiel \u00ab&nbsp;<em>d\u2019assurer que cette R\u00e9solution sur le droit \u00e0 un environnement agisse comme un tremplin pour une plus grand efficacit\u00e9 des politiques \u00e9conomiques, sociales et environnementales qui prot\u00e8gent les personnes et la nature<\/em>&nbsp;\u00bb (HCDH, 2021).<\/p>\n\n\n\n<p class=\"wp-block-paragraph\">De plus, David Boyd, le Rapporteur Sp\u00e9cial des Droits de l\u2019Homme des Nations Unies r\u00e9agissant \u00e0 l\u2019adoption de la R\u00e9solution a d\u00e9clar\u00e9&nbsp;: \u00ab&nbsp;<em>l\u2019avenir du monde semble un peu plus lumineux aujourd\u2019hui. L\u2019Organisation des Nations Unies, dans son d\u00e9veloppement historique, a reconnu pour la premi\u00e8re fois que chaque individu partout dans le monde poss\u00e8de le droit humain de vivre dans un environnement s\u00fbr, propre, sain et durable. Cette reconnaissance a le potentiel de changer des vies dans un monde o\u00f9 la crise environnementale mondiale cause plus de 9 millions de morts pr\u00e9matur\u00e9es chaque ann\u00e9e et d\u00e9clenchera des changements constitutionnels et des lois environnementales plus fortes avec des implications positives pour la qualit\u00e9 de l\u2019air, la propret\u00e9 de l\u2019eau, une terre saine, la production de nourriture durable, l\u2019\u00e9nergie verte, le changement climatique, la biodiversit\u00e9 et l\u2019usage toxique<\/em>.&nbsp;\u00bb (Geneva Environment Network, 2021).<\/p>\n\n\n\n<p class=\"wp-block-paragraph\">En outre, selon Inger Andersen, le Directeur Ex\u00e9cutif du Programme pour l\u2019Environnement des Nations Unies (UNEP), \u00ab\u00a0<em>l\u2019adoption de la r\u00e9solution sur le droit \u00e0 un environnement propre, sain et durable par le Conseil des Droits de l\u2019Homme des Nations Unies est un tournant pour la justice environnementale<\/em>\u00a0\u00bb (Programme pour l\u2019Environnement des Nations Unies, 2021). Inger Andersen pense aussi que l\u2019adoption de cette R\u00e9solution est un message \u00e0 un milliard d\u2019enfants qui risquent tr\u00e8s fortement de subir l\u2019impact du <a href=\"https:\/\/www.humanium.org\/fr\/changement-climatique\/\">changement climatique<\/a>. \u00ab\u00a0<em>Un environnement sain est votre droit\u00a0; personne ne peut vous priver de la nature, d\u2019air et d\u2019eau propres ou d\u2019un climat stable. Le Programme pour l\u2019Environnement des Nations Unies voit cela comme une \u00e9tape importante dans la construction de la plan\u00e8te comme une maison s\u00fbre et \u00e9quitable pour tous<\/em>\u00a0\u00bb. (Programme pour l\u2019Environnement des Nations Unies, 2021).<\/p>\n\n\n\n<p class=\"wp-block-paragraph\">Ce droit est en effet enracin\u00e9 dans la D\u00e9claration de Stockholm de 1972. Cinq d\u00e9cennies plus tard, il est tr\u00e8s encourageant de le voir formellement reconnu mondialement \u00e0 travers la R\u00e9solution du Conseil des Droits de l\u2019Homme des Nations Unies.<\/p>\n\n\n\n<h2 class=\"wp-block-heading\"><strong>L\u2019importance et les effets pratiques de la R\u00e9solution 48\/13<\/strong><\/h2>\n\n\n\n<p class=\"wp-block-paragraph\">M\u00eame si la R\u00e9solution 48\/13 n\u2019est pas encore l\u00e9galement applicable, sa valeur ne doit pas \u00eatre sous-estim\u00e9e. En effet, cette R\u00e9solution confirme que le droit \u00e0 un environnement s\u00fbr, propre, sain et durable doit \u00eatre prot\u00e9g\u00e9 de mani\u00e8re universelle et qu\u2019on doit poursuivre les efforts \u00e0 faire reconna\u00eetre formellement le droit \u00e0 un environnement sain par l\u2019Assembl\u00e9e G\u00e9n\u00e9rale des Nations Unies, le Conseil de l\u2019Europe et ces Etats qui ne se mobilisent pas encore explicitement pour ce droit dans leurs syst\u00e8mes juridiques internes (EJIL: Talk!, 2021).<\/p>\n\n\n\n<p class=\"wp-block-paragraph\">En effet, la reconnaissance formelle au niveau des Nations Unies du droit \u00e0 un environnement sain comme un droit humain universel indique clairement que les Etats ont maintenant une obligation de prot\u00e9ger, respecter et de satisfaire ce droit (HCDH, 2021). Cela renforcera le soutien des Etats au niveau national \u00e0 am\u00e9liorer leur performance pour traiter les probl\u00e8mes de l\u2019<a href=\"https:\/\/www.humanium.org\/fr\/focus\/environnement\/\">environnement<\/a> incluant ceux qui n\u2019ont pas encore fait le n\u00e9cessaire pour reconna\u00eetre formellement le droit \u00e0 un environnement sain dans leur l\u00e9gislation nationale (HCDH, 2021). Cela fournira aussi un \u00e9lan bien n\u00e9cessaire pour continuer l\u2019action bas\u00e9e sur les droits mondiaux face \u00e0 la crise <a href=\"https:\/\/www.humanium.org\/fr\/focus\/environnement\/\">environnementale<\/a> et climatique (L&rsquo;Alliance mondiale des institutions nationales des droits de l&rsquo;Homme (GANHRI, 2021).<\/p>\n\n\n\n<p class=\"wp-block-paragraph\">De plus, la port\u00e9e de la R\u00e9solution 48\/13 est m\u00eame plus large puisqu\u2019elle fournit un outil suppl\u00e9mentaire pour mettre en cause les acteurs \u00e9tatiques et priv\u00e9s pour leur incapacit\u00e9 \u00e0 prendre des mesures opportunes et appropri\u00e9es pour faire face \u00e0 la triple crise <a href=\"https:\/\/www.humanium.org\/fr\/focus\/environnement\/\">environnementale<\/a> du <a href=\"https:\/\/www.humanium.org\/fr\/changement-climatique\/\">changement climatique<\/a>, de la pollution et de la perte de la nature (HCDH, 2021). De plus, \u00e9tant donn\u00e9 que les d\u00e9cisions des tribunaux nationaux sont souvent fond\u00e9es sur le droit \u00e0 un environnement sain, m\u00eame dans les pays o\u00f9 le droit n\u2019est pas explicitement reconnu dans le droit national, cette R\u00e9solution peut aussi encourager les juges progressistes \u00e0 statuer sur les litiges environnementaux dans le monde (EJIL&nbsp;: Talk&nbsp;!, 2021).<\/p>\n\n\n\n<p class=\"wp-block-paragraph\">En r\u00e9alit\u00e9, cette R\u00e9solution est particuli\u00e8rement importante pour tous <a href=\"https:\/\/www.humanium.org\/fr\/focus\/environnement\/les-enfants-defenseurs-des-droits-environnementaux\/\">les d\u00e9fenseurs des droits humains environnementaux<\/a> qui travaillent, souvent \u00e0 risque \u00e9lev\u00e9 personnel, pour sauvegarder la terre, l\u2019air, <a href=\"https:\/\/www.humanium.org\/fr\/comprendre-droits-enfant\/droit-a-l-eau\/\">l\u2019eau<\/a> et les \u00e9cosyst\u00e8mes dont nous d\u00e9pendons (Devex, 2021). Il est aussi vital pour les individus et les communaut\u00e9s qui souffrent des impacts disproportionn\u00e9s de la d\u00e9gradation <a href=\"https:\/\/www.humanium.org\/fr\/focus\/environnement\/\">environnementale<\/a> incluant les femmes, les enfants, les autochtones et d\u2019autres populations potentiellement vuln\u00e9rables et marginalis\u00e9es (Devex, 2021). Cependant, apr\u00e8s cette R\u00e9solution, on presse les gouvernements \u00e0 inclure le droit \u00e0 un <a href=\"https:\/\/www.humanium.org\/fr\/focus\/environnement\/\">environnement<\/a> s\u00fbr, propre, sain et durable dans leurs constitutions et l\u00e9gislations (HCDH, 2021).<\/p>\n\n\n\n<h2 class=\"wp-block-heading\"><strong>Le Rapporteur Sp\u00e9cial dans le contexte du <\/strong><a href=\"https:\/\/www.humanium.org\/fr\/changement-climatique\/\"><strong>changement climatique<\/strong><\/a><strong> (R\u00e9solution 48\/14)<\/strong><\/h2>\n\n\n\n<p class=\"wp-block-paragraph\">Le Conseil, dans la m\u00eame session, a d\u00e9cid\u00e9 de d\u00e9signer, pour une p\u00e9riode de 3 ans, un Rapporteur Sp\u00e9cial pour la promotion et la protection des droits de l\u2019Homme dans le contexte du <a href=\"https:\/\/www.humanium.org\/fr\/changement-climatique\/\">changement climatique<\/a> (HCDH, 2021). La R\u00e9solution 48\/14 a \u00e9t\u00e9 adopt\u00e9e avec 42 voix pour, une voix contre (Russie) et 4 abstentions (<a href=\"https:\/\/www.humanium.org\/fr\/chine\/\">Chine<\/a>, <a href=\"https:\/\/www.humanium.org\/fr\/erythree\/\">Erythr\u00e9e<\/a>, <a href=\"https:\/\/www.humanium.org\/fr\/inde\/\">Inde<\/a>, <a href=\"https:\/\/www.humanium.org\/fr\/japon\/\">Japon<\/a>) (HCDH, 2021).<\/p>\n\n\n\n<p class=\"wp-block-paragraph\">La R\u00e9solution a \u00e9t\u00e9 pr\u00e9sent\u00e9e par les <a href=\"https:\/\/www.humanium.org\/fr\/bahamas\/\">Bahamas<\/a>, <a href=\"https:\/\/www.humanium.org\/fr\/europe-caucase\/\">l\u2019Union Europ\u00e9enne<\/a>, les <a href=\"https:\/\/www.humanium.org\/fr\/fidji\/\">Fidji<\/a>, le <a href=\"https:\/\/www.humanium.org\/fr\/panama\/\">Panama<\/a>, le <a href=\"https:\/\/www.humanium.org\/fr\/paraguay\/\">Paraguay<\/a>, le <a href=\"https:\/\/www.humanium.org\/fr\/soudan\/\">Soudan<\/a> et les <a href=\"https:\/\/www.humanium.org\/fr\/iles-marshall\/\">Iles Marshall<\/a> et pr\u00e9voit que le Rapporteur Sp\u00e9cial a, parmi d\u2019autres responsabilit\u00e9s, l\u2019obligation d\u2019\u00e9tudier et d\u2019identifier comment les effets n\u00e9fastes du <a href=\"https:\/\/www.humanium.org\/fr\/changement-climatique\/\">changement climatique<\/a> affectent la pleine et effective jouissance des droits de l\u2019Homme, de fournir de la guidance aux Etats en ce qui concerne l\u2019adoption d\u2019une approche des droits humains bas\u00e9e sur <a href=\"https:\/\/www.humanium.org\/fr\/changement-climatique\/\">l\u2019adaptation climatique<\/a> et les politiques d\u2019att\u00e9nuation, et de travailler en \u00e9troite collaboration avec les Etats afin de soutenir les efforts nationaux tout en \u00e9tant attentif aux probl\u00e8mes sp\u00e9cifiques du pays (HCDH, 2021). Il est maintenant temps d\u2019\u00e9lever les consciences dans le monde et d\u2019augmenter la compr\u00e9hension de l\u2019interd\u00e9pendance profonde entre les droits de l\u2019Homme, un <a href=\"https:\/\/www.humanium.org\/fr\/focus\/environnement\/\">environnement<\/a> sain et la lutte contre le <a href=\"https:\/\/www.humanium.org\/fr\/changement-climatique\/\">changement climatique<\/a>.<\/p>\n\n\n\n<h2 class=\"wp-block-heading\"><strong>Aller de l\u2019avant de mani\u00e8re durable<\/strong><\/h2>\n\n\n\n<p class=\"wp-block-paragraph\">L\u2019adoption des R\u00e9solutions 48\/13 et 48\/14 repr\u00e9sente en effet une augmentation de la conscience du besoin d\u2019incorporer la pr\u00e9occupation des droits de l\u2019Homme au travers d\u2019une <a href=\"https:\/\/www.humanium.org\/fr\/focus\/environnement\/les-enfants-defenseurs-des-droits-environnementaux\/\">loi environnementale<\/a> et d\u2019un organe directeur et celles-ci ont \u00e9t\u00e9 adopt\u00e9es \u00e0 la suite d\u2019une vague de mobilisation mondiale pour mettre fin \u00e0 la responsabilit\u00e9 et aux lacunes en mati\u00e8re d\u2019application qui ont toujours touch\u00e9 la <a href=\"https:\/\/www.humanium.org\/fr\/focus\/environnement\/\">gouvernance environnementale<\/a>, \u00e0 la fois sur le plan international et sur le plan national.<\/p>\n\n\n\n<p class=\"wp-block-paragraph\">Humanium a travaill\u00e9 avec d\u2019autres ONG internationales dans le cadre du <a href=\"https:\/\/www.humanium.org\/fr\/la-lutte-dhumanium-pour-defendre-les-droits-environnementaux-en-coordination-avec-le-groupe-de-travail-sur-lenvironnement\/\">Groupe de Travail sur l\u2019Environnement<\/a> pour voir le droit \u00e0 un environnement s\u00fbr, propre, sain et durable reconnu&nbsp;; ce pourquoi nous sommes fiers de voir cette \u00e9tape franchie au niveau des Nations Unies. Il est en effet important de prendre un moment pour remercier plus de 1300 organisations de la soci\u00e9t\u00e9 civile et groupes autochtones, les 90 000 enfants \u00e0 travers le monde, l\u2019Alliance mondiale des institutions nationales des droits de l\u2019Homme (GAHHRI) et les intervenants des secteurs priv\u00e9s pour leur plaidoirie acharn\u00e9e pour la pleine reconnaissance internationale de ce droit (HCDH, 2021).<\/p>\n\n\n\n<p class=\"wp-block-paragraph\">Enfin, la d\u00e9cision prise par le Conseil des Droits de l\u2019Homme a marqu\u00e9 une \u00e9tape suppl\u00e9mentaire vers le d\u00e9veloppement durable. Cependant, il restera n\u00e9cessaire de comprendre quels changements concrets seront adopt\u00e9s par les Etats individuels dans un futur proche. Seul le temps nous dira \u00e0 quel point le monde a chang\u00e9 le 8 octobre 2021.<\/p>\n\n\n\n<figure class=\"wp-block-image size-large\"><img loading=\"lazy\" decoding=\"async\" width=\"1024\" height=\"683\" src=\"https:\/\/www.humanium.org\/fr\/wp-content\/uploads\/2021\/12\/shutterstock_631897088-1024x683.jpg\" alt=\"\" class=\"wp-image-51376\" srcset=\"https:\/\/www.humanium.org\/fr\/wp-content\/uploads\/2021\/12\/shutterstock_631897088-1024x683.jpg 1024w, https:\/\/www.humanium.org\/fr\/wp-content\/uploads\/2021\/12\/shutterstock_631897088-300x200.jpg 300w, https:\/\/www.humanium.org\/fr\/wp-content\/uploads\/2021\/12\/shutterstock_631897088-768x512.jpg 768w, https:\/\/www.humanium.org\/fr\/wp-content\/uploads\/2021\/12\/shutterstock_631897088-1536x1024.jpg 1536w, https:\/\/www.humanium.org\/fr\/wp-content\/uploads\/2021\/12\/shutterstock_631897088-2048x1365.jpg 2048w, https:\/\/www.humanium.org\/fr\/wp-content\/uploads\/2021\/12\/shutterstock_631897088-830x553.jpg 830w, https:\/\/www.humanium.org\/fr\/wp-content\/uploads\/2021\/12\/shutterstock_631897088-230x153.jpg 230w, https:\/\/www.humanium.org\/fr\/wp-content\/uploads\/2021\/12\/shutterstock_631897088-350x233.jpg 350w, https:\/\/www.humanium.org\/fr\/wp-content\/uploads\/2021\/12\/shutterstock_631897088-480x320.jpg 480w, https:\/\/www.humanium.org\/fr\/wp-content\/uploads\/2021\/12\/shutterstock_631897088-272x182.jpg 272w\" sizes=\"auto, (max-width: 1024px) 100vw, 1024px\" \/><\/figure>\n\n\n\n<p class=\"wp-block-paragraph\"><strong>Si vous souhaitez contribuer \u00e0 la construction d\u2019un monde durable pour les enfants, pensez \u00e0 faire un <\/strong><strong>don<\/strong><strong>, \u00e0 devenir <\/strong><strong>volontaire<\/strong><strong> ou \u00e0 devenir <\/strong><strong>membre<\/strong>.<\/p>\n\n\n\n<p class=\"wp-block-paragraph\"><em><strong>Ecrit par Federica Versea<\/strong><\/em><\/p>\n\n\n\n<p class=\"wp-block-paragraph\"><em><strong>Traduit par Laurence Mortier<\/strong><\/em><\/p>\n\n\n\n<p class=\"wp-block-paragraph\"><em><strong>Relu par Ania Beznia<\/strong><\/em><\/p>\n\n\n\n<h4 class=\"wp-block-heading\"><strong>Pour plus d\u2019informations :<\/strong><\/h4>\n\n\n\n<p class=\"has-small-font-size wp-block-paragraph\"><a href=\"https:\/\/undocs.org\/fr\/a\/hrc\/48\/l.23\/rev.1\" target=\"_blank\" rel=\"noreferrer noopener\">Texte int\u00e9gral de la r\u00e9solution 48\/13<\/a><\/p>\n\n\n\n<p class=\"has-small-font-size wp-block-paragraph\"><a href=\"https:\/\/undocs.org\/fr\/a\/hrc\/48\/l.27\" target=\"_blank\" rel=\"noreferrer noopener\">Texte int\u00e9gral de la r\u00e9solution 48\/14<\/a><\/p>\n\n\n\n<h4 class=\"wp-block-heading\"><strong>Bibliographie:<\/strong><\/h4>\n\n\n\n<p class=\"has-small-font-size wp-block-paragraph\"><a href=\"https:\/\/www.devex.com\/news\/what-can-stop-environmental-activism-from-being-so-deadly-101705\" target=\"_blank\" rel=\"noreferrer noopener\">Devex. (2021, October 13). <em>What can stop environmental activism from being so deadly?<\/em> Taken from Devex, accessed on 29 October 2021.<\/a><\/p>\n\n\n\n<p class=\"has-small-font-size wp-block-paragraph\"><a href=\"https:\/\/www.ejiltalk.org\/the-un-hrc-recognizes-the-right-to-a-healthy-environment-and-appoints-a-new-special-rapporteur-on-human-rights-and-climate-change-what-does-it-all-mean\/\" target=\"_blank\" rel=\"noreferrer noopener\">EJIL:Talk! (2021, October 12). <em>The UN HRC recognizes the right to a healthy environment and appoints a new Special Rapporteur on Human Rights and Climate Change. What does it all mean?<\/em> Taken from EJIL:Talk!, accessed on 28 October 2021.<\/a><\/p>\n\n\n\n<p class=\"has-small-font-size wp-block-paragraph\"><a href=\"https:\/\/www.genevaenvironmentnetwork.org\/fr\/ressources\/nouvelles\/human-rights-and-the-environment\/\" target=\"_blank\" rel=\"noreferrer noopener\">Geneva Environment Network. (2021, October 22). <em>Human Rights and the Environment<\/em>. Taken from Geneva Environment Network, accessed on 2 November 2021.<\/a><\/p>\n\n\n\n<p class=\"has-small-font-size wp-block-paragraph\"><a href=\"https:\/\/ganhri.org\/resolution-right-healthy-environment\/\" target=\"_blank\" rel=\"noreferrer noopener\">Global Alliance of National Human Rights Institutions (GANHRI) . (2021, October 8). <em>GANHRI welcomes landmark recognition by UN human rights body of the right to healthy environment as a universal human right <\/em>. Taken from Global Alliance of National Human Rights Institutions (GANHRI) , accessed on 29 October 2021.<\/a><\/p>\n\n\n\n<p class=\"has-small-font-size wp-block-paragraph\"><a href=\"https:\/\/www.ohchr.org\/EN\/NewsEvents\/Pages\/DisplayNews.aspx?NewsID=27635&amp;LangID=E\" target=\"_blank\" rel=\"noreferrer noopener\">OHCHR . (2021). <em>Bachelet hails landmark recognition that having a healthy environment is a human right<\/em>. Taken from United Nations Human Rights Office of the High Commissioner, accessed on 2 November 2021.<\/a><\/p>\n\n\n\n<p class=\"has-small-font-size wp-block-paragraph\"><a href=\"https:\/\/www.ohchr.org\/EN\/HRBodies\/HRC\/Pages\/NewsDetail.aspx?NewsID=27645&amp;LangID=E\" target=\"_blank\" rel=\"noreferrer noopener\">OHCHR. (2021). <em>Human Rights Council Concludes Forty-eighth Regular Session after Adopting 25 Resolutions and One Statement by the President<\/em>. Taken from United Nations Human Rights Council , accessed on 27 October 2021.<\/a><\/p>\n\n\n\n<p class=\"has-small-font-size wp-block-paragraph\"><a href=\"https:\/\/www.ohchr.org\/EN\/Issues\/Environment\/SREnvironment\/Pages\/HealthySustainable.aspx\" target=\"_blank\" rel=\"noreferrer noopener\">OHCHR. (2021, October). <em>Right to a healthy and sustainable environment report<\/em>. Taken from United Nations Human Rights Office of the High Commissioner, accessed on 29 October 2021.<\/a><\/p>\n\n\n\n<p class=\"has-small-font-size wp-block-paragraph\"><a href=\"https:\/\/www.ohchr.org\/en\/Issues\/environment\/SRenvironment\/Pages\/SRenvironmentIndex.aspx\" target=\"_blank\" rel=\"noreferrer noopener\">OHCHR. (2021). <em>Special Rapporteur on human rights and the environment<\/em>. Taken from United Nations Human Rights Office of the High Commissioner, accessed on 2 November 2021.<\/a><\/p>\n\n\n\n<p class=\"has-small-font-size wp-block-paragraph\"><a href=\"https:\/\/www.ohchr.org\/SP\/NewsEvents\/Pages\/DisplayNews.aspx?NewsID=27633&amp;LangID=E\" target=\"_blank\" rel=\"noreferrer noopener\">OHCHR. (2021). <em>UN recognition of human right to healthy environment gives hope for planet\u2019s future \u2013 human rights expert<\/em>. Taken from United Nations Human Rights Office of the High Commissioner, accessed on 30 October 2021.<\/a><\/p>\n\n\n\n<p class=\"has-small-font-size wp-block-paragraph\"><a href=\"https:\/\/assembly.coe.int\/LifeRay\/SOC\/Pdf\/TextesProvisoires\/2021\/20210909-HealthyEnvironment-EN.pdf\" target=\"_blank\" rel=\"noreferrer noopener\">Parliamentary Assembly. (2021, September ). <em>Anchoring the right to a healthy environment: need for enhanced action by the Council of Europe<\/em>. Taken from Parliamentary Assembly, accessed on 30 October 2021.<\/a><\/p>\n\n\n\n<p class=\"has-small-font-size wp-block-paragraph\"><a href=\"https:\/\/www.unep.org\/news-and-stories\/story\/landmark-un-resolution-confirms-healthy-environment-human-right\" target=\"_blank\" rel=\"noreferrer noopener\">UN Environment Programme . (2021, October 14). <em>Landmark UN resolution confirms healthy environment is a human right<\/em>. Taken from UN Environment Programme , accessed on 4 November 2021.<\/a><\/p>\n\n\n\n<p class=\"has-small-font-size wp-block-paragraph\"><a href=\"https:\/\/news.un.org\/en\/story\/2021\/10\/1102582\" target=\"_blank\" rel=\"noreferrer noopener\">UN News. (2021, October 8). <em>Access to a healthy environment, declared a human right by UN rights council<\/em>. Taken from UN News, accessed on 27 October 2021.<\/a><\/p>\n\n\n\n<p class=\"has-small-font-size wp-block-paragraph\">Universal Rights Group . (2018, October 27). <em>Special Rapporteur calls on the UN to recognize the universal right to a healthy environment<\/em>. Taken from Universal Rights Group , accessed on 29 October 2021.<\/p>\n\n\n\n<p class=\"has-small-font-size wp-block-paragraph\"><a href=\"https:\/\/www.who.int\/health-topics\/environmental-health#tab=tab_1\" target=\"_blank\" rel=\"noreferrer noopener\">World Health Organization. (2021). <em>Environmental health<\/em>. Taken from World Health Organization, accessed on 3 November 2021.<\/a><\/p>\n","protected":false},"excerpt":{"rendered":"<p>Le droit \u00e0 un environnement s\u00fbr, propre, sain et durable a \u00e9t\u00e9 officiellement reconnu comme un des droits humains fondamentaux. C\u2019est un pas en avant tr\u00e8s important qui a vu le jour le 8 octobre 2021 lorsque le Conseil des Droits de l\u2019Homme des Nations Unies a approuv\u00e9 la R\u00e9solution 48\/13 invitant les Etats membres [&hellip;]<\/p>\n","protected":false},"author":69,"featured_media":51378,"comment_status":"closed","ping_status":"closed","sticky":false,"template":"","format":"standard","meta":{"footnotes":""},"categories":[220,4,6],"tags":[],"class_list":["post-51375","post","type-post","status-publish","format-standard","has-post-thumbnail","hentry","category-droits-des-enfants","category-droits-humains","category-environnement"],"yoast_head":"<!-- This site is optimized with the Yoast SEO plugin v28.3 - https:\/\/yoast.com\/product\/yoast-seo-wordpress\/ -->\n<title>Le droit \u00e0 un environnement sain est un droit humain fondamental : la R\u00e9solution du CDH des Nations Unies - Humanium<\/title>\n<meta name=\"description\" content=\"Le Conseil des droits de l&#039;homme des Nations unies a approuv\u00e9 la r\u00e9solution 48\/13 invitant \u00e0 l\u2019instauration de droit a un environnement s\u00fbr.\" \/>\n<meta name=\"robots\" content=\"index, follow, max-snippet:-1, max-image-preview:large, max-video-preview:-1\" \/>\n<link rel=\"canonical\" href=\"https:\/\/www.humanium.org\/fr\/le-droit-a-un-environnement-sain-est-un-droit-humain-fondamental-la-resolution-du-cdh-des-nations-unies\/\" \/>\n<meta property=\"og:locale\" content=\"fr_FR\" \/>\n<meta property=\"og:type\" content=\"article\" \/>\n<meta property=\"og:title\" content=\"Le droit \u00e0 un environnement sain est un droit humain fondamental : la R\u00e9solution du CDH des Nations Unies - Humanium\" \/>\n<meta property=\"og:description\" content=\"Le Conseil des droits de l&#039;homme des Nations unies a approuv\u00e9 la r\u00e9solution 48\/13 invitant \u00e0 l\u2019instauration de droit a un environnement s\u00fbr.\" \/>\n<meta property=\"og:url\" content=\"https:\/\/www.humanium.org\/fr\/le-droit-a-un-environnement-sain-est-un-droit-humain-fondamental-la-resolution-du-cdh-des-nations-unies\/\" \/>\n<meta property=\"og:site_name\" content=\"Humanium\" \/>\n<meta property=\"article:published_time\" content=\"2021-12-07T13:34:28+00:00\" \/>\n<meta property=\"article:modified_time\" content=\"2026-08-21T03:19:29+00:00\" \/>\n<meta property=\"og:image\" content=\"https:\/\/www.humanium.org\/fr\/wp-content\/uploads\/2021\/12\/shutterstock_1410663356-scaled.jpg\" \/>\n\t<meta property=\"og:image:width\" content=\"2560\" \/>\n\t<meta property=\"og:image:height\" content=\"1707\" \/>\n\t<meta property=\"og:image:type\" content=\"image\/jpeg\" \/>\n<meta name=\"author\" content=\"Humanium\" \/>\n<meta name=\"twitter:card\" content=\"summary_large_image\" \/>\n<meta name=\"twitter:label1\" content=\"\u00c9crit par\" \/>\n\t<meta name=\"twitter:data1\" content=\"Humanium\" \/>\n\t<meta name=\"twitter:label2\" content=\"Dur\u00e9e de lecture estim\u00e9e\" \/>\n\t<meta name=\"twitter:data2\" content=\"13 minutes\" \/>\n<script type=\"application\/ld+json\" class=\"yoast-schema-graph\">{\"@context\":\"https:\\\/\\\/schema.org\",\"@graph\":[{\"@type\":\"Article\",\"@id\":\"https:\\\/\\\/www.humanium.org\\\/fr\\\/le-droit-a-un-environnement-sain-est-un-droit-humain-fondamental-la-resolution-du-cdh-des-nations-unies\\\/#article\",\"isPartOf\":{\"@id\":\"https:\\\/\\\/www.humanium.org\\\/fr\\\/le-droit-a-un-environnement-sain-est-un-droit-humain-fondamental-la-resolution-du-cdh-des-nations-unies\\\/\"},\"author\":{\"name\":\"Humanium\",\"@id\":\"https:\\\/\\\/www.humanium.org\\\/fr\\\/#\\\/schema\\\/person\\\/d798d6c7d59ba2307e0877f61a20ce3e\"},\"headline\":\"Le droit \u00e0 un environnement sain est un droit humain fondamental : la R\u00e9solution du CDH des Nations Unies\",\"datePublished\":\"2021-12-07T13:34:28+00:00\",\"dateModified\":\"2026-08-21T03:19:29+00:00\",\"mainEntityOfPage\":{\"@id\":\"https:\\\/\\\/www.humanium.org\\\/fr\\\/le-droit-a-un-environnement-sain-est-un-droit-humain-fondamental-la-resolution-du-cdh-des-nations-unies\\\/\"},\"wordCount\":2902,\"image\":{\"@id\":\"https:\\\/\\\/www.humanium.org\\\/fr\\\/le-droit-a-un-environnement-sain-est-un-droit-humain-fondamental-la-resolution-du-cdh-des-nations-unies\\\/#primaryimage\"},\"thumbnailUrl\":\"https:\\\/\\\/www.humanium.org\\\/fr\\\/wp-content\\\/uploads\\\/2021\\\/12\\\/shutterstock_1410663356-scaled.jpg\",\"articleSection\":[\"Droits des enfants\",\"Droits humains\",\"Environnement\"],\"inLanguage\":\"fr-FR\"},{\"@type\":\"WebPage\",\"@id\":\"https:\\\/\\\/www.humanium.org\\\/fr\\\/le-droit-a-un-environnement-sain-est-un-droit-humain-fondamental-la-resolution-du-cdh-des-nations-unies\\\/\",\"url\":\"https:\\\/\\\/www.humanium.org\\\/fr\\\/le-droit-a-un-environnement-sain-est-un-droit-humain-fondamental-la-resolution-du-cdh-des-nations-unies\\\/\",\"name\":\"Le droit \u00e0 un environnement sain est un droit humain fondamental : la R\u00e9solution du CDH des Nations Unies - Humanium\",\"isPartOf\":{\"@id\":\"https:\\\/\\\/www.humanium.org\\\/fr\\\/#website\"},\"primaryImageOfPage\":{\"@id\":\"https:\\\/\\\/www.humanium.org\\\/fr\\\/le-droit-a-un-environnement-sain-est-un-droit-humain-fondamental-la-resolution-du-cdh-des-nations-unies\\\/#primaryimage\"},\"image\":{\"@id\":\"https:\\\/\\\/www.humanium.org\\\/fr\\\/le-droit-a-un-environnement-sain-est-un-droit-humain-fondamental-la-resolution-du-cdh-des-nations-unies\\\/#primaryimage\"},\"thumbnailUrl\":\"https:\\\/\\\/www.humanium.org\\\/fr\\\/wp-content\\\/uploads\\\/2021\\\/12\\\/shutterstock_1410663356-scaled.jpg\",\"datePublished\":\"2021-12-07T13:34:28+00:00\",\"dateModified\":\"2026-08-21T03:19:29+00:00\",\"author\":{\"@id\":\"https:\\\/\\\/www.humanium.org\\\/fr\\\/#\\\/schema\\\/person\\\/d798d6c7d59ba2307e0877f61a20ce3e\"},\"description\":\"Le Conseil des droits de l'homme des Nations unies a approuv\u00e9 la r\u00e9solution 48\\\/13 invitant \u00e0 l\u2019instauration de droit a un environnement s\u00fbr.\",\"breadcrumb\":{\"@id\":\"https:\\\/\\\/www.humanium.org\\\/fr\\\/le-droit-a-un-environnement-sain-est-un-droit-humain-fondamental-la-resolution-du-cdh-des-nations-unies\\\/#breadcrumb\"},\"inLanguage\":\"fr-FR\",\"potentialAction\":[{\"@type\":\"ReadAction\",\"target\":[\"https:\\\/\\\/www.humanium.org\\\/fr\\\/le-droit-a-un-environnement-sain-est-un-droit-humain-fondamental-la-resolution-du-cdh-des-nations-unies\\\/\"]}]},{\"@type\":\"ImageObject\",\"inLanguage\":\"fr-FR\",\"@id\":\"https:\\\/\\\/www.humanium.org\\\/fr\\\/le-droit-a-un-environnement-sain-est-un-droit-humain-fondamental-la-resolution-du-cdh-des-nations-unies\\\/#primaryimage\",\"url\":\"https:\\\/\\\/www.humanium.org\\\/fr\\\/wp-content\\\/uploads\\\/2021\\\/12\\\/shutterstock_1410663356-scaled.jpg\",\"contentUrl\":\"https:\\\/\\\/www.humanium.org\\\/fr\\\/wp-content\\\/uploads\\\/2021\\\/12\\\/shutterstock_1410663356-scaled.jpg\",\"width\":2560,\"height\":1707},{\"@type\":\"BreadcrumbList\",\"@id\":\"https:\\\/\\\/www.humanium.org\\\/fr\\\/le-droit-a-un-environnement-sain-est-un-droit-humain-fondamental-la-resolution-du-cdh-des-nations-unies\\\/#breadcrumb\",\"itemListElement\":[{\"@type\":\"ListItem\",\"position\":1,\"name\":\"Home\",\"item\":\"https:\\\/\\\/www.humanium.org\\\/fr\\\/\"},{\"@type\":\"ListItem\",\"position\":2,\"name\":\"Le droit \u00e0 un environnement sain est un droit humain fondamental : la R\u00e9solution du CDH des Nations Unies\"}]},{\"@type\":\"WebSite\",\"@id\":\"https:\\\/\\\/www.humanium.org\\\/fr\\\/#website\",\"url\":\"https:\\\/\\\/www.humanium.org\\\/fr\\\/\",\"name\":\"Humanium\",\"description\":\"Les enfants d\u2019abord !\",\"potentialAction\":[{\"@type\":\"SearchAction\",\"target\":{\"@type\":\"EntryPoint\",\"urlTemplate\":\"https:\\\/\\\/www.humanium.org\\\/fr\\\/?s={search_term_string}\"},\"query-input\":{\"@type\":\"PropertyValueSpecification\",\"valueRequired\":true,\"valueName\":\"search_term_string\"}}],\"inLanguage\":\"fr-FR\"},{\"@type\":\"Person\",\"@id\":\"https:\\\/\\\/www.humanium.org\\\/fr\\\/#\\\/schema\\\/person\\\/d798d6c7d59ba2307e0877f61a20ce3e\",\"name\":\"Humanium\",\"image\":{\"@type\":\"ImageObject\",\"inLanguage\":\"fr-FR\",\"@id\":\"https:\\\/\\\/secure.gravatar.com\\\/avatar\\\/22715e338d2fcc547e3a431c4738360d33fea2a4af458f865b2c3b22f1eaa51f?s=96&d=mm&r=g\",\"url\":\"https:\\\/\\\/secure.gravatar.com\\\/avatar\\\/22715e338d2fcc547e3a431c4738360d33fea2a4af458f865b2c3b22f1eaa51f?s=96&d=mm&r=g\",\"contentUrl\":\"https:\\\/\\\/secure.gravatar.com\\\/avatar\\\/22715e338d2fcc547e3a431c4738360d33fea2a4af458f865b2c3b22f1eaa51f?s=96&d=mm&r=g\",\"caption\":\"Humanium\"},\"url\":\"https:\\\/\\\/www.humanium.org\\\/fr\\\/author\\\/humanium\\\/\"}]}<\/script>\n<!-- \/ Yoast SEO plugin. -->","yoast_head_json":{"title":"Le droit \u00e0 un environnement sain est un droit humain fondamental : la R\u00e9solution du CDH des Nations Unies - Humanium","description":"Le Conseil des droits de l'homme des Nations unies a approuv\u00e9 la r\u00e9solution 48\/13 invitant \u00e0 l\u2019instauration de droit a un environnement s\u00fbr.","robots":{"index":"index","follow":"follow","max-snippet":"max-snippet:-1","max-image-preview":"max-image-preview:large","max-video-preview":"max-video-preview:-1"},"canonical":"https:\/\/www.humanium.org\/fr\/le-droit-a-un-environnement-sain-est-un-droit-humain-fondamental-la-resolution-du-cdh-des-nations-unies\/","og_locale":"fr_FR","og_type":"article","og_title":"Le droit \u00e0 un environnement sain est un droit humain fondamental : la R\u00e9solution du CDH des Nations Unies - Humanium","og_description":"Le Conseil des droits de l'homme des Nations unies a approuv\u00e9 la r\u00e9solution 48\/13 invitant \u00e0 l\u2019instauration de droit a un environnement s\u00fbr.","og_url":"https:\/\/www.humanium.org\/fr\/le-droit-a-un-environnement-sain-est-un-droit-humain-fondamental-la-resolution-du-cdh-des-nations-unies\/","og_site_name":"Humanium","article_published_time":"2021-12-07T13:34:28+00:00","article_modified_time":"2026-08-21T03:19:29+00:00","og_image":[{"width":2560,"height":1707,"url":"https:\/\/www.humanium.org\/fr\/wp-content\/uploads\/2021\/12\/shutterstock_1410663356-scaled.jpg","type":"image\/jpeg"}],"author":"Humanium","twitter_card":"summary_large_image","twitter_misc":{"\u00c9crit par":"Humanium","Dur\u00e9e de lecture estim\u00e9e":"13 minutes"},"schema":{"@context":"https:\/\/schema.org","@graph":[{"@type":"Article","@id":"https:\/\/www.humanium.org\/fr\/le-droit-a-un-environnement-sain-est-un-droit-humain-fondamental-la-resolution-du-cdh-des-nations-unies\/#article","isPartOf":{"@id":"https:\/\/www.humanium.org\/fr\/le-droit-a-un-environnement-sain-est-un-droit-humain-fondamental-la-resolution-du-cdh-des-nations-unies\/"},"author":{"name":"Humanium","@id":"https:\/\/www.humanium.org\/fr\/#\/schema\/person\/d798d6c7d59ba2307e0877f61a20ce3e"},"headline":"Le droit \u00e0 un environnement sain est un droit humain fondamental : la R\u00e9solution du CDH des Nations Unies","datePublished":"2021-12-07T13:34:28+00:00","dateModified":"2026-08-21T03:19:29+00:00","mainEntityOfPage":{"@id":"https:\/\/www.humanium.org\/fr\/le-droit-a-un-environnement-sain-est-un-droit-humain-fondamental-la-resolution-du-cdh-des-nations-unies\/"},"wordCount":2902,"image":{"@id":"https:\/\/www.humanium.org\/fr\/le-droit-a-un-environnement-sain-est-un-droit-humain-fondamental-la-resolution-du-cdh-des-nations-unies\/#primaryimage"},"thumbnailUrl":"https:\/\/www.humanium.org\/fr\/wp-content\/uploads\/2021\/12\/shutterstock_1410663356-scaled.jpg","articleSection":["Droits des enfants","Droits humains","Environnement"],"inLanguage":"fr-FR"},{"@type":"WebPage","@id":"https:\/\/www.humanium.org\/fr\/le-droit-a-un-environnement-sain-est-un-droit-humain-fondamental-la-resolution-du-cdh-des-nations-unies\/","url":"https:\/\/www.humanium.org\/fr\/le-droit-a-un-environnement-sain-est-un-droit-humain-fondamental-la-resolution-du-cdh-des-nations-unies\/","name":"Le droit \u00e0 un environnement sain est un droit humain fondamental : la R\u00e9solution du CDH des Nations Unies - Humanium","isPartOf":{"@id":"https:\/\/www.humanium.org\/fr\/#website"},"primaryImageOfPage":{"@id":"https:\/\/www.humanium.org\/fr\/le-droit-a-un-environnement-sain-est-un-droit-humain-fondamental-la-resolution-du-cdh-des-nations-unies\/#primaryimage"},"image":{"@id":"https:\/\/www.humanium.org\/fr\/le-droit-a-un-environnement-sain-est-un-droit-humain-fondamental-la-resolution-du-cdh-des-nations-unies\/#primaryimage"},"thumbnailUrl":"https:\/\/www.humanium.org\/fr\/wp-content\/uploads\/2021\/12\/shutterstock_1410663356-scaled.jpg","datePublished":"2021-12-07T13:34:28+00:00","dateModified":"2026-08-21T03:19:29+00:00","author":{"@id":"https:\/\/www.humanium.org\/fr\/#\/schema\/person\/d798d6c7d59ba2307e0877f61a20ce3e"},"description":"Le Conseil des droits de l'homme des Nations unies a approuv\u00e9 la r\u00e9solution 48\/13 invitant \u00e0 l\u2019instauration de droit a un environnement s\u00fbr.","breadcrumb":{"@id":"https:\/\/www.humanium.org\/fr\/le-droit-a-un-environnement-sain-est-un-droit-humain-fondamental-la-resolution-du-cdh-des-nations-unies\/#breadcrumb"},"inLanguage":"fr-FR","potentialAction":[{"@type":"ReadAction","target":["https:\/\/www.humanium.org\/fr\/le-droit-a-un-environnement-sain-est-un-droit-humain-fondamental-la-resolution-du-cdh-des-nations-unies\/"]}]},{"@type":"ImageObject","inLanguage":"fr-FR","@id":"https:\/\/www.humanium.org\/fr\/le-droit-a-un-environnement-sain-est-un-droit-humain-fondamental-la-resolution-du-cdh-des-nations-unies\/#primaryimage","url":"https:\/\/www.humanium.org\/fr\/wp-content\/uploads\/2021\/12\/shutterstock_1410663356-scaled.jpg","contentUrl":"https:\/\/www.humanium.org\/fr\/wp-content\/uploads\/2021\/12\/shutterstock_1410663356-scaled.jpg","width":2560,"height":1707},{"@type":"BreadcrumbList","@id":"https:\/\/www.humanium.org\/fr\/le-droit-a-un-environnement-sain-est-un-droit-humain-fondamental-la-resolution-du-cdh-des-nations-unies\/#breadcrumb","itemListElement":[{"@type":"ListItem","position":1,"name":"Home","item":"https:\/\/www.humanium.org\/fr\/"},{"@type":"ListItem","position":2,"name":"Le droit \u00e0 un environnement sain est un droit humain fondamental : la R\u00e9solution du CDH des Nations Unies"}]},{"@type":"WebSite","@id":"https:\/\/www.humanium.org\/fr\/#website","url":"https:\/\/www.humanium.org\/fr\/","name":"Humanium","description":"Les enfants d\u2019abord !","potentialAction":[{"@type":"SearchAction","target":{"@type":"EntryPoint","urlTemplate":"https:\/\/www.humanium.org\/fr\/?s={search_term_string}"},"query-input":{"@type":"PropertyValueSpecification","valueRequired":true,"valueName":"search_term_string"}}],"inLanguage":"fr-FR"},{"@type":"Person","@id":"https:\/\/www.humanium.org\/fr\/#\/schema\/person\/d798d6c7d59ba2307e0877f61a20ce3e","name":"Humanium","image":{"@type":"ImageObject","inLanguage":"fr-FR","@id":"https:\/\/secure.gravatar.com\/avatar\/22715e338d2fcc547e3a431c4738360d33fea2a4af458f865b2c3b22f1eaa51f?s=96&d=mm&r=g","url":"https:\/\/secure.gravatar.com\/avatar\/22715e338d2fcc547e3a431c4738360d33fea2a4af458f865b2c3b22f1eaa51f?s=96&d=mm&r=g","contentUrl":"https:\/\/secure.gravatar.com\/avatar\/22715e338d2fcc547e3a431c4738360d33fea2a4af458f865b2c3b22f1eaa51f?s=96&d=mm&r=g","caption":"Humanium"},"url":"https:\/\/www.humanium.org\/fr\/author\/humanium\/"}]}},"_links":{"self":[{"href":"https:\/\/www.humanium.org\/fr\/wp-json\/wp\/v2\/posts\/51375","targetHints":{"allow":["GET"]}}],"collection":[{"href":"https:\/\/www.humanium.org\/fr\/wp-json\/wp\/v2\/posts"}],"about":[{"href":"https:\/\/www.humanium.org\/fr\/wp-json\/wp\/v2\/types\/post"}],"author":[{"embeddable":true,"href":"https:\/\/www.humanium.org\/fr\/wp-json\/wp\/v2\/users\/69"}],"replies":[{"embeddable":true,"href":"https:\/\/www.humanium.org\/fr\/wp-json\/wp\/v2\/comments?post=51375"}],"version-history":[{"count":8,"href":"https:\/\/www.humanium.org\/fr\/wp-json\/wp\/v2\/posts\/51375\/revisions"}],"predecessor-version":[{"id":62570,"href":"https:\/\/www.humanium.org\/fr\/wp-json\/wp\/v2\/posts\/51375\/revisions\/62570"}],"wp:featuredmedia":[{"embeddable":true,"href":"https:\/\/www.humanium.org\/fr\/wp-json\/wp\/v2\/media\/51378"}],"wp:attachment":[{"href":"https:\/\/www.humanium.org\/fr\/wp-json\/wp\/v2\/media?parent=51375"}],"wp:term":[{"taxonomy":"category","embeddable":true,"href":"https:\/\/www.humanium.org\/fr\/wp-json\/wp\/v2\/categories?post=51375"},{"taxonomy":"post_tag","embeddable":true,"href":"https:\/\/www.humanium.org\/fr\/wp-json\/wp\/v2\/tags?post=51375"}],"curies":[{"name":"wp","href":"https:\/\/api.w.org\/{rel}","templated":true}]}}