{"id":51637,"date":"2022-02-08T15:49:06","date_gmt":"2022-02-08T15:49:06","guid":{"rendered":"https:\/\/www.humanium.org\/fr\/?p=51637"},"modified":"2026-08-21T03:22:50","modified_gmt":"2026-08-21T03:22:50","slug":"le-sort-des-enfants-migrants-a-la-frontiere-entre-la-bielorussie-et-la-pologne","status":"publish","type":"post","link":"https:\/\/www.humanium.org\/fr\/le-sort-des-enfants-migrants-a-la-frontiere-entre-la-bielorussie-et-la-pologne\/","title":{"rendered":"Le sort des enfants migrants \u00e0 la fronti\u00e8re entre la Bi\u00e9lorussie et la Pologne"},"content":{"rendered":"\n<p class=\"wp-block-paragraph\"><strong>En ao\u00fbt 2021, la Bi\u00e9lorussie a organis\u00e9 l\u2019acheminement de milliers de migrants aux portes de l\u2019Union europ\u00e9enne, provoquant une crise migratoire d\u2019une ampleur in\u00e9dite. Des centaines d\u2019<\/strong><a href=\"https:\/\/www.humanium.org\/fr\/enfants-deplaces\/\"><strong>enfants migrants<\/strong><\/a><strong> se sont retrouv\u00e9s bloqu\u00e9s \u00e0 la fronti\u00e8re polonaise, dans des circonstances d\u00e9plorables, affrontant des conditions climatiques extr\u00eames.&nbsp;<\/strong><\/p>\n\n\n\n<h2 class=\"wp-block-heading\"><strong>Les origines de la crise&nbsp;: une \u00ab&nbsp;attaque migratoire&nbsp;\u00bb sans pr\u00e9c\u00e9dent&nbsp;<\/strong><\/h2>\n\n\n\n<h3 class=\"wp-block-heading\"><strong>La r\u00e9ponse bi\u00e9lorusse aux sanctions europ\u00e9ennes&nbsp;<\/strong><\/h3>\n\n\n\n<p class=\"wp-block-paragraph\">Bien avant d\u2019\u00eatre une crise migratoire, la crise qui confronte la Bi\u00e9olorussie \u00e0 l\u2019Europe a tout d\u2019une crise diplomatique. En effet, les tensions entre la <a href=\"https:\/\/www.humanium.org\/fr\/belarus\/\">Bi\u00e9lorussie<\/a> et l\u2019Union europ\u00e9enne ne sont pas r\u00e9centes et remontent \u00e0 la r\u00e9election du Pr\u00e9sident bi\u00e9lorusse Alexandre Loukachenko en ao\u00fbt 2020. Estimant l\u2019\u00e9lection ent\u00e2ch\u00e9e d\u2019irr\u00e9gularit\u00e9s, l\u2019Union euroop\u00e9enne a refus\u00e9 de reconna\u00eetre la l\u00e9gitim\u00e9 du Pr\u00e9sident et a condamn\u00e9 ces \u00e9lections \u00ab&nbsp;<em>ni libres ni r\u00e9guli\u00e8res<\/em>&nbsp;\u00bb, aux r\u00e9sultats falsifi\u00e9s. (Conseil de l&rsquo;Union europ\u00e9enne, 2020)<\/p>\n\n\n\n<p class=\"wp-block-paragraph\">En octobre 2020, \u00e0 la suite d\u2019une violente r\u00e9pression contre des manifestants pacifistes, des membres de l\u2019opposition et des journalistes en <a href=\"https:\/\/www.humanium.org\/fr\/belarus\/\">Bi\u00e9lorussie<\/a>, l\u2019Union europ\u00e9enne a impos\u00e9 des sanctions \u00e0 l\u2019encontre d\u2019une quarantaine de personnes. Ces mesures reposaient sur l\u2019interdiction de p\u00e9n\u00e9trer sur le territoire de l\u2019Union europ\u00e9enne et sur un gel des avoirs. Alexandre Loukachenko et son fils, Viktor Loukachenko, ont tous deux \u00e9t\u00e9 soumis \u00e0 ces restrictions. (Conseil de l&rsquo;Union europ\u00e9enne, 2020)<\/p>\n\n\n\n<p class=\"wp-block-paragraph\">En mai 2021, la <a href=\"https:\/\/www.humanium.org\/fr\/belarus\/\">Bi\u00e9lorussie<\/a> a forc\u00e9 l\u2019atterrisage d\u2019un avion de ligne Ryanair \u00e0 Minsk avec&nbsp; \u00e0 son bord un journaliste et un militant de l\u2019opposition. Cet acte a \u00e9t\u00e9 fermement sanctionn\u00e9 par l\u2019Union europ\u00e9enne qui a interdit le survol de l\u2019espace a\u00e9rien europ\u00e9en et l\u2019acc\u00e8s \u00e0 ses a\u00e9roports aux transporteurs bi\u00e9lorusses. (Conseil de l&rsquo;Union europ\u00e9enne, 2021)<\/p>\n\n\n\n<h3 class=\"wp-block-heading\"><strong>L\u2019instrumentalisation des migrants \u00e0 des fins politiques&nbsp;<\/strong><\/h3>\n\n\n\n<p class=\"wp-block-paragraph\">C\u2019est dans ce contexte de tensions diplomatiques que la Bi\u00e9lorussie a commenc\u00e9, d\u00e8s juin 2021, \u00e0 organiser des vols et des d\u00e9placements internes visant \u00e0 faciliter l\u2019entr\u00e9e des <a href=\"https:\/\/www.humanium.org\/fr\/enfants-deplaces\/\">migrants<\/a> dans&nbsp; l\u2019Union Europ\u00e9enne. (Conseil de l&rsquo;Union europ\u00e9enne, 2021) En \u00e9troite collaboration avec certaines compagnies a\u00e9riennes, la Bi\u00e9lorussie a achemin\u00e9 par avion des milliers de migrants vers la <a href=\"https:\/\/www.humanium.org\/fr\/lituanie\/\">Lituanie<\/a>, la <a href=\"https:\/\/www.humanium.org\/fr\/lettonie\/\">Lettonie<\/a> et la <a href=\"https:\/\/www.humanium.org\/fr\/pologne\/\">Pologne<\/a>. (Laure Stephan, 2021) Un v\u00e9ritable \u00ab&nbsp;<a href=\"https:\/\/www.humanium.org\/fr\/trafic-enfants\/\">trafic d\u2019\u00eatres humains&nbsp;<\/a>\u00bb selon les mots prononc\u00e9s par le Secr\u00e9taire d\u2019\u00c9tat charg\u00e9 des Affaires europ\u00e9ennes, Cl\u00e9ment BEAUNE, qui a d\u00e9plor\u00e9 \u00ab&nbsp;l\u2019attaque migratoire&nbsp;\u00bb planifi\u00e9e par le r\u00e9gime bi\u00e9lorusse. (BFM TV, 2021)<\/p>\n\n\n\n<p class=\"wp-block-paragraph\">L&rsquo;arriv\u00e9e de&nbsp; milliers de migrants en <a href=\"https:\/\/www.humanium.org\/fr\/belarus\/\">Bi\u00e9lorussie<\/a> est aussi le r\u00e9sultat du travail acharn\u00e9 des r\u00e9seaux de passeurs bi\u00e9lorusses. Pour quelques milliers de dollars, les passeurs promettent aux candidats un visa et une nouvelle vie en Europe. Plusieurs agences de voyages&nbsp; participent \u00e0 ce trafic et fournissent des billets d\u2019avion touristiques vers la Bi\u00e9lorussie. Cependant, le r\u00e9sultat est rarement celui esp\u00e9r\u00e9 et pour la plupart des <a href=\"https:\/\/www.humanium.org\/fr\/famille-droits-enfant\/\">familles<\/a>, le co\u00fbt d\u2019un tel voyage a necessit\u00e9 la vente de leur maison et de leurs biens, rendant tout retour en arri\u00e8re impossible. (Czarnecki, 2021)<\/p>\n\n\n\n<p class=\"wp-block-paragraph\">A leur arriv\u00e9e \u00e0 l\u2019a\u00e9roport de Minsk, les migrants pensent enfin toucher du doigt le r\u00eave europ\u00e9en. Mais rapidement, la r\u00e9alit\u00e9 devient toute autre. Apr\u00e8s avoir pass\u00e9 une ou deux nuits dans un h\u00f4tel dans la capitale bi\u00e9lorusse, les familles sont pouss\u00e9es, parfois violement, par les autorit\u00e9s bi\u00e9lorusses vers la fronti\u00e8re polonaise. (C dans l&rsquo;air, 2021) Mais de part et d\u2019autre de la fronti\u00e8re, les autorit\u00e9s sont intransigeantes&nbsp;: ni la <a href=\"https:\/\/www.humanium.org\/fr\/pologne\/\">Pologne<\/a>, ni la <a href=\"https:\/\/www.humanium.org\/fr\/belarus\/\">Bi\u00e9lorussie<\/a> ne veulent les acceuillir.&nbsp;<\/p>\n\n\n\n<h2 class=\"wp-block-heading\"><strong>Au c\u0153ur de la crise&nbsp;: la d\u00e9tresse des enfants migrants et de leurs familles<\/strong><\/h2>\n\n\n\n<h3 class=\"wp-block-heading\"><strong>Des conditions de (sur)vie d\u00e9sastreuses<\/strong><\/h3>\n\n\n\n<p class=\"wp-block-paragraph\">Si les plus chanceux ont pu trouver refuge dans un hangar r\u00e9am\u00e9nag\u00e9 en centre d\u2019acceuil dans lequel s\u2019entassent pr\u00e8s d\u2019un millier de <a href=\"https:\/\/www.humanium.org\/fr\/enfants-deplaces\/\">migrants<\/a>, la plupart vivent dans des conditions d\u00e9sastreuses dans la for\u00eat qui borde la fronti\u00e8re bi\u00e9lorusse. C\u2019est au c\u0153ur de cette for\u00eat qu\u2019attendent des milliers de <a href=\"https:\/\/www.humanium.org\/fr\/famille-droits-enfant\/\">familles<\/a>, de femmes et d\u2019enfants, parfois tr\u00e8s jeunes, dans l\u2019espoir de franchir la fronti\u00e8re europ\u00e9enne. Pendant plusieurs semaines, des centaines d\u2019enfants vivent sans abri, sous des temp\u00e9ratures glaciales, proches de -10 degr\u00e8s, sans acc\u00e8s ou limit\u00e9 \u00e0 l\u2019eau potable et \u00e0 la nourriture. (ONU, 2021)&nbsp;<\/p>\n\n\n\n<figure class=\"wp-block-image size-large\"><img loading=\"lazy\" decoding=\"async\" width=\"1024\" height=\"683\" src=\"https:\/\/www.humanium.org\/fr\/wp-content\/uploads\/2022\/02\/shutterstock_2085122605-1024x683.jpg\" alt=\"\" class=\"wp-image-51638\" srcset=\"https:\/\/www.humanium.org\/fr\/wp-content\/uploads\/2022\/02\/shutterstock_2085122605-1024x683.jpg 1024w, https:\/\/www.humanium.org\/fr\/wp-content\/uploads\/2022\/02\/shutterstock_2085122605-300x200.jpg 300w, https:\/\/www.humanium.org\/fr\/wp-content\/uploads\/2022\/02\/shutterstock_2085122605-768x512.jpg 768w, https:\/\/www.humanium.org\/fr\/wp-content\/uploads\/2022\/02\/shutterstock_2085122605-1536x1024.jpg 1536w, https:\/\/www.humanium.org\/fr\/wp-content\/uploads\/2022\/02\/shutterstock_2085122605-2048x1365.jpg 2048w, https:\/\/www.humanium.org\/fr\/wp-content\/uploads\/2022\/02\/shutterstock_2085122605-830x553.jpg 830w, https:\/\/www.humanium.org\/fr\/wp-content\/uploads\/2022\/02\/shutterstock_2085122605-230x153.jpg 230w, https:\/\/www.humanium.org\/fr\/wp-content\/uploads\/2022\/02\/shutterstock_2085122605-350x233.jpg 350w, https:\/\/www.humanium.org\/fr\/wp-content\/uploads\/2022\/02\/shutterstock_2085122605-480x320.jpg 480w, https:\/\/www.humanium.org\/fr\/wp-content\/uploads\/2022\/02\/shutterstock_2085122605-272x182.jpg 272w\" sizes=\"auto, (max-width: 1024px) 100vw, 1024px\" \/><\/figure>\n\n\n\n<p class=\"wp-block-paragraph\">A la porte de l\u2019Union europ\u00e9enne, se trouvent \u00e9galement des familles avec des <a href=\"https:\/\/www.humanium.org\/fr\/enfants-handicapes\/\">enfants handicap\u00e9s<\/a> qui esp\u00e8rent avoir acc\u00e8s \u00e0 la qualit\u00e9 des soins offerts en Europe. En effet, plusieurs cas d\u2019enfants handicap\u00e9s pr\u00e9sents dans la for\u00eat ont \u00e9t\u00e9 r\u00e9pertori\u00e9s. Parmi eux, Azhi, \u00e2g\u00e9 de 4 ans, est venu d\u2019<a href=\"https:\/\/www.humanium.org\/fr\/irak\/\">Irak<\/a> accompagn\u00e9 de sa m\u00e8re dans l\u2019espoir d\u2019obtenir une op\u00e9ration du dos. (Qiblawi, 2021) Cependant, malgr\u00e9 leur besoin imminent de soins, plusieurs d\u2019entre eux ont \u00e9t\u00e9 refoul\u00e9s par les gardes-fronti\u00e8res polonais. Ce fut notamment le cas d\u2019une famille <a href=\"https:\/\/www.humanium.org\/fr\/syrie\/\">syrienne<\/a>, dont l\u2019un des enfants, ag\u00e9 de 7 ans,&nbsp; souffre de&nbsp; paralysie c\u00e9r\u00e9brale, qui a \u00e9t\u00e9 repouss\u00e9e \u00e0 trois reprises \u00e0 la fronti\u00e8re polonaise. (Cincurova, 2021)<\/p>\n\n\n\n<p class=\"wp-block-paragraph\">Depuis le d\u00e9but de la crise, plus de vingt <a href=\"https:\/\/www.humanium.org\/fr\/enfants-deplaces\/\">migrants<\/a> sont morts dans la for\u00eat bordant la fronti\u00e8re bi\u00e9lorusse. (M\u00e9decins sans fronti\u00e8res, 2021) Parmi les victimes, un b\u00e9b\u00e9 d\u2019un an et un <a href=\"https:\/\/www.humanium.org\/fr\/les-droits-de-l-enfant\/\">enfant<\/a> de quatorze ans ont \u00e9t\u00e9 retrouv\u00e9s mort en novembre dernier. (Info Migrants, 2021) Toutefois, l\u2019acc\u00e8s \u00e0 la zone ayant \u00e9t\u00e9 bloqu\u00e9 aux organisations internationales et humanitaires, il est difficile d\u2019\u00e9valuer le nombre pr\u00e9cis de victimes. N\u00e9anmoins,&nbsp; l\u2019hypothermie appara\u00eet comme la cause principale des d\u00e9c\u00e8s. Ce constat est inqui\u00e9tant compte tenu de la baisse persistante des temp\u00e9ratures \u00e0 cette p\u00e9riode de l\u2019ann\u00e9e dans cette r\u00e9gion.<\/p>\n\n\n\n<h3 class=\"wp-block-heading\"><strong>De part et d\u2019autre de la fronti\u00e8re&nbsp;: violences, arrestations et d\u00e9tention<\/strong><\/h3>\n\n\n\n<p class=\"wp-block-paragraph\">En violation flagrante du principe de non-refoulement \u00e9tabli<strong> <\/strong>par le droit international interdisant \u00e0 tout \u00c9tat de renvoyer un refugi\u00e9 dans un pays o\u00f9 sa vie, ou sa libert\u00e9, serait menac\u00e9e, c\u2019est sans h\u00e9sitation que la <a href=\"https:\/\/www.humanium.org\/fr\/belarus\/\">Bi\u00e9lorussie<\/a> et la <a href=\"https:\/\/www.humanium.org\/fr\/pologne\/\">Pologne<\/a> se renvoient syst\u00e9matiquement les migrants de part et d\u2019autre de la fronti\u00e8re, sans aucun examen pr\u00e9alable de leurs demandes d\u2019asile. Prises en \u00e9tau dans ce violent \u00ab&nbsp;jeu de ping-pong&nbsp;\u00bb sans fin, les familles sont \u00e9galement confront\u00e9es aux abus des autorit\u00e9s&nbsp;: violences physiques, privation d\u2019eau et de nourriture. Les <a href=\"https:\/\/www.humanium.org\/fr\/les-droits-de-l-enfant\/\">enfants<\/a> sont aussi souvent s\u00e9par\u00e9s de l\u2019un de leurs parents ou de leurs fr\u00e8res et s\u0153urs. (Human Rights Watch, 2021)<\/p>\n\n\n\n<p class=\"wp-block-paragraph\">Pris au pi\u00e8ge dans ce jeu de va-et-vient entre la Bi\u00e9lorussie et la Pologne, les <a href=\"https:\/\/www.humanium.org\/fr\/enfants-deplaces\/\">enfants migrants<\/a> sont souvent maltrait\u00e9s et ne re\u00e7oivent aucun traitement de faveur. Du c\u00f4t\u00e9 polonais, lorsqu\u2019ils ne sont pas directement renvoy\u00e9s en Bi\u00e9lorussie, les enfants et leurs <a href=\"https:\/\/www.humanium.org\/fr\/famille-droits-enfant\/\">familles<\/a> sont syst\u00e9matiquement d\u00e9tenus par les services de l\u2019immigration. Ces actions ont \u00e9t\u00e9 d\u00e9plor\u00e9es par l\u2019ONU, qui a rappel\u00e9 que \u00ab&nbsp;<em>la d\u00e9tention doit \u00eatre une mesure exceptionnelle de dernier recours et ne doit \u00eatre utilis\u00e9e que pour une p\u00e9riode limit\u00e9e, voire pas du tout <\/em>\u00bb. (ONU, 2021)&nbsp;<\/p>\n\n\n\n<p class=\"wp-block-paragraph\">Du c\u00f4t\u00e9 bi\u00e9lorusse, les <a href=\"https:\/\/www.humanium.org\/fr\/famille-droits-enfant\/\">familles<\/a> sont soumises \u00e0 l\u2019angoisse permanente d\u2019\u00eatre renvoy\u00e9es dans leur pays d\u2019origne. A ce jour, plusieurs milliers de migrants ont d\u00e9j\u00e0 \u00e9t\u00e9 rapatri\u00e9s dans leurs pays. Des conditions de vie qui risquent d\u2019avoir de graves r\u00e9percussions sur la sant\u00e9 physique et mentale des enfants dont le traumatisme est in\u00e9vitable.&nbsp;<\/p>\n\n\n\n<h2 class=\"wp-block-heading\"><strong>Quelle est l\u2019issue possible pour les droits de l\u2019enfant&nbsp;?&nbsp;<\/strong><\/h2>\n\n\n\n<p class=\"wp-block-paragraph\">Du non-respect du droit d\u2019asile \u00e0 la violation des droits de l\u2019homme, la crise migratoire orchestr\u00e9e par la Bi\u00e9lorussie prive des centaines d\u2019<a href=\"https:\/\/www.humanium.org\/fr\/les-droits-de-l-enfant\/\">enfants<\/a> de leurs droits les plus fondamentaux. Le droit d\u2019avoir un refuge et de vivre dans des conditions d\u00e9centes, le <a href=\"https:\/\/www.humanium.org\/fr\/droit-a-l-alimentation-3\/\">droit \u00e0 une alimentation<\/a> suffisante et \u00e9quilibr\u00e9e, le droit d\u2019\u00eatre prot\u00e9g\u00e9 de la violence, le droit aux <a href=\"https:\/\/www.humanium.org\/fr\/comprendre-droits-enfant\/droit-a-la-sante\/\">soins<\/a> et \u00e0 <a href=\"https:\/\/www.humanium.org\/fr\/comprendre-droits-enfant\/droit-a-l-education\/\">l\u2019\u00e9ducation<\/a> sont autant de droits prot\u00e9g\u00e9s par la <a href=\"https:\/\/www.humanium.org\/fr\/convention\/\">Convention Internationale des Droits de l\u2019Enfant<\/a>. Pourtant, plusieurs mois apr\u00e8s le d\u00e9but de la crise, des centaines d\u2019enfants sont toujours bloqu\u00e9s aux portes de l\u2019Union europ\u00e9enne o\u00f9 leurs droits sont manifestement ignor\u00e9s et viol\u00e9s.&nbsp;<\/p>\n\n\n\n<figure class=\"wp-block-image size-large\"><img loading=\"lazy\" decoding=\"async\" width=\"1024\" height=\"683\" src=\"https:\/\/www.humanium.org\/fr\/wp-content\/uploads\/2022\/02\/shutterstock_2085122596-1024x683.jpg\" alt=\"\" class=\"wp-image-51640\" srcset=\"https:\/\/www.humanium.org\/fr\/wp-content\/uploads\/2022\/02\/shutterstock_2085122596-1024x683.jpg 1024w, https:\/\/www.humanium.org\/fr\/wp-content\/uploads\/2022\/02\/shutterstock_2085122596-300x200.jpg 300w, https:\/\/www.humanium.org\/fr\/wp-content\/uploads\/2022\/02\/shutterstock_2085122596-768x512.jpg 768w, https:\/\/www.humanium.org\/fr\/wp-content\/uploads\/2022\/02\/shutterstock_2085122596-1536x1024.jpg 1536w, https:\/\/www.humanium.org\/fr\/wp-content\/uploads\/2022\/02\/shutterstock_2085122596-2048x1365.jpg 2048w, https:\/\/www.humanium.org\/fr\/wp-content\/uploads\/2022\/02\/shutterstock_2085122596-830x553.jpg 830w, https:\/\/www.humanium.org\/fr\/wp-content\/uploads\/2022\/02\/shutterstock_2085122596-230x153.jpg 230w, https:\/\/www.humanium.org\/fr\/wp-content\/uploads\/2022\/02\/shutterstock_2085122596-350x233.jpg 350w, https:\/\/www.humanium.org\/fr\/wp-content\/uploads\/2022\/02\/shutterstock_2085122596-480x320.jpg 480w, https:\/\/www.humanium.org\/fr\/wp-content\/uploads\/2022\/02\/shutterstock_2085122596-272x182.jpg 272w\" sizes=\"auto, (max-width: 1024px) 100vw, 1024px\" \/><\/figure>\n\n\n\n<p class=\"wp-block-paragraph\"><a href=\"https:\/\/www.humanium.org\/fr\/qui-sommes-nous\/\">Humanium<\/a>, en tant qu\u2019organisation, condamne le traitement injuste des enfants migrants et travaille chaque jour pour la cr\u00e9ation d\u2019un monde dans lequel les droits de tous les enfants seraient respect\u00e9s et prot\u00e9g\u00e9s. Nous vous offrons la possilit\u00e9 de contribuer \u00e0 la promotion des droits de l\u2019enfant \u00e0 travers le monde en parrainant un enfant, en faisant un don, en devenant b\u00e9n\u00e9vole ou en devenant membre.<\/p>\n\n\n\n<p class=\"wp-block-paragraph\"><strong><em>\u00c9crit par Manon Lanselle<\/em><\/strong><\/p>\n\n\n\n<p class=\"wp-block-paragraph\"><strong><em>Relu en interne par Aditi Partha<\/em><\/strong><\/p>\n\n\n\n<h4 class=\"wp-block-heading\"><strong>Bibliographie&nbsp;:<\/strong><\/h4>\n\n\n\n<p class=\"has-small-font-size wp-block-paragraph\"><a href=\"https:\/\/www.bfmtv.com\/politique\/gouvernement\/clement-beaune-sur-le-conflit-entre-la-bielorussie-et-la-pologne-ce-n-est-pas-une-crise-migratoire-c-est-une-attaque-migratoire_VN-202111110073.html\" target=\"_blank\" rel=\"noreferrer noopener\">BFM TV. (2021, Novembre 11). <em>Cl\u00e9ment Beaune sur le conflit entre la Bi\u00e9lorussie et la Pologne: \u00ab\u00a0Ce n&rsquo;est pas une crise migratoire, c&rsquo;est une attaque migratoire\u00a0\u00bb<\/em>. R\u00e9cup\u00e9r\u00e9 sur BFM TV: https:\/\/www.bfmtv.com\/politique\/gouvernement\/clement-beaune-sur-le-conflit-entre-la-bielorussie-et-la-pologne-ce-n-est-pas-une-crise-migratoire-c-est-une-attaque-migratoire_VN-202111110073.html, acc\u00e9d\u00e9 le 05\/01\/2022.<\/a><\/p>\n\n\n\n<p class=\"has-small-font-size wp-block-paragraph\">C dans l&rsquo;air. (2021, Novembre 11). <em>C dans l&rsquo;air<\/em>. R\u00e9cup\u00e9r\u00e9 sur BI\u00c9LORUSSIE : \u00ab\u00a0L\u2019ATTAQUE MIGRATOIRE\u00a0\u00bb CONTRE L\u2019EUROPE \u2013 11\/11\/21: https:\/\/podcasts-francais.fr\/podcast\/c-dans-l-air\/bielorussie-l-attaque-migratoire-contre-l-europe-1, acc\u00e9d\u00e9 le 05\/01\/2022.<\/p>\n\n\n\n<p class=\"has-small-font-size wp-block-paragraph\"><a href=\"https:\/\/www.aljazeera.com\/news\/2021\/11\/11\/we-are-dying-here-despair-on-the-belarus-poland-border\" target=\"_blank\" rel=\"noreferrer noopener\">Cincurova, S. (2021, Novembre 11). <em>Fears grow for child refugees stranded on Belarus-Poland border<\/em>. R\u00e9cup\u00e9r\u00e9 sur Aljazeera: https:\/\/www.aljazeera.com\/news\/2021\/11\/11\/we-are-dying-here-despair-on-the-belarus-poland-border, acc\u00e9d\u00e9 le 05\/01\/2022.<\/a><\/p>\n\n\n\n<p class=\"has-small-font-size wp-block-paragraph\"><a href=\"https:\/\/www.consilium.europa.eu\/fr\/press\/press-releases\/2020\/08\/11\/belarus-declaration-by-the-high-representative-on-behalf-of-the-european-union-on-the-presidential-elections\/\" target=\"_blank\" rel=\"noreferrer noopener\">Conseil de l&rsquo;Union europ\u00e9enne. (2020, Ao\u00fbt 11). <em>Bi\u00e9lorussie: d\u00e9claration du haut repr\u00e9sentant, au nom de l&rsquo;Union europ\u00e9enne, sur l&rsquo;\u00e9lection pr\u00e9sidentielle.<\/em> R\u00e9cup\u00e9r\u00e9 sur Conseil de l&rsquo;Union europ\u00e9enne: https:\/\/www.consilium.europa.eu\/fr\/press\/press-releases\/2020\/08\/11\/belarus-declaration-by-the-high-representative-on-behalf-of-the-european-union-on-the-presidential-elections\/, acc\u00e9d\u00e9 le 05\/01\/2022.<\/a><\/p>\n\n\n\n<p class=\"has-small-font-size wp-block-paragraph\"><a href=\"https:\/\/www.consilium.europa.eu\/fr\/press\/press-releases\/2020\/10\/02\/belarus-eu-imposes-sanctions-for-repression-and-election-falsification\/\" target=\"_blank\" rel=\"noreferrer noopener\">Conseil de l&rsquo;Union europ\u00e9enne. (2020, Octobre 2). <em>Bi\u00e9lorussie: l&rsquo;UE institue des sanctions pour r\u00e9pression et falsification des r\u00e9sultats \u00e9lectoraux.<\/em> R\u00e9cup\u00e9r\u00e9 sur Conseil de l&rsquo;Union Europ\u00e9enne: https:\/\/www.consilium.europa.eu\/fr\/press\/press-releases\/2020\/10\/02\/belarus-eu-imposes-sanctions-for-repression-and-election-falsification\/, acc\u00e9d\u00e9 le 05\/01\/2022.<\/a><\/p>\n\n\n\n<p class=\"has-small-font-size wp-block-paragraph\"><a href=\"https:\/\/www.consilium.europa.eu\/fr\/press\/press-releases\/2021\/11\/09\/belarus-council-suspends-visa-facilitation-provisions-for-officials-of-the-belarus-regime\/\" target=\"_blank\" rel=\"noreferrer noopener\">Conseil de l&rsquo;Union europ\u00e9enne. (2021, Novembre 9). <em>Bi\u00e9lorussie: le Conseil suspend des dispositions visant \u00e0 faciliter la d\u00e9livrance de visas pour ce qui est des fonctionnaires du r\u00e9gime bi\u00e9lorusse<\/em>. R\u00e9cup\u00e9r\u00e9 sur Conseil de l&rsquo;Union europ\u00e9enne: https:\/\/www.consilium.europa.eu\/fr\/press\/press-releases\/2021\/11\/09\/belarus-council-suspends-visa-facilitation-provisions-for-officials-of-the-belarus-regime\/, acc\u00e9d\u00e9 le 05\/01\/2022.<\/a><\/p>\n\n\n\n<p class=\"has-small-font-size wp-block-paragraph\"><a href=\"https:\/\/www.consilium.europa.eu\/fr\/press\/press-releases\/2021\/06\/04\/eu-bans-belarusian-carriers-from-its-airspace-and-airports\/\" target=\"_blank\" rel=\"noreferrer noopener\">Conseil de l&rsquo;Union europ\u00e9enne. (2021, Juin 4). <em>L&rsquo;UE interdit aux transporteurs bi\u00e9lorusses l&rsquo;acc\u00e8s \u00e0 son espace a\u00e9rien et \u00e0 ses a\u00e9roports.<\/em> R\u00e9cup\u00e9r\u00e9 sur Conseil de l&rsquo;Union Europ\u00e9enne: https:\/\/www.consilium.europa.eu\/fr\/press\/press-releases\/2021\/06\/04\/eu-bans-belarusian-carriers-from-its-airspace-and-airports\/, acc\u00e9d\u00e9 le 05\/01\/2022.<\/a><\/p>\n\n\n\n<p class=\"has-small-font-size wp-block-paragraph\"><a href=\"https:\/\/www.courrierinternational.com\/article\/reportage-comment-la-bielorussie-organise-les-voyages-de-migrants-depuis-lirak\" target=\"_blank\" rel=\"noreferrer noopener\">Czarnecki, M. (2021, Novembre 12). <em>Reportage.Comment la Bi\u00e9lorussie organise les voyages de migrants depuis l\u2019Irak<\/em>. R\u00e9cup\u00e9r\u00e9 sur Courrier International: https:\/\/www.courrierinternational.com\/article\/reportage-comment-la-bielorussie-organise-les-voyages-de-migrants-depuis-lirak, acc\u00e9d\u00e9 le 05\/01\/2022.<\/a><\/p>\n\n\n\n<p class=\"has-small-font-size wp-block-paragraph\"><a href=\"https:\/\/www.hrw.org\/sites\/default\/files\/media_2021\/11\/eca_migrant1121_web_0.pdf\" target=\"_blank\" rel=\"noreferrer noopener\">Human Rights Watch. (2021). <em>\u201cDie Here or Go to Poland\u201d Belarus\u2019 and Poland\u2019s Shared Responsibility for Border Abuses.<\/em> R\u00e9cup\u00e9r\u00e9 sur Human Rights Watch: https:\/\/www.hrw.org\/sites\/default\/files\/media_2021\/11\/eca_migrant1121_web_0.pdf, acc\u00e9d\u00e9 le 05\/01\/2022.<\/a><\/p>\n\n\n\n<p class=\"has-small-font-size wp-block-paragraph\"><a href=\"https:\/\/www.infomigrants.net\/fr\/post\/36601\/un-bebe-dun-an-meurt-a-la-frontiere-polonobielorusse\" target=\"_blank\" rel=\"noreferrer noopener\">Info Migrants. (2021, Novembre 19). <em>Un b\u00e9b\u00e9 d\u2019un an meurt \u00e0 la fronti\u00e8re polono-bi\u00e9lorusse<\/em>. R\u00e9cup\u00e9r\u00e9 sur Info Migrants: https:\/\/www.infomigrants.net\/fr\/post\/36601\/un-bebe-dun-an-meurt-a-la-frontiere-polonobielorusse, acc\u00e9d\u00e9 le 05\/01\/2022.<\/a><\/p>\n\n\n\n<p class=\"has-small-font-size wp-block-paragraph\"><a href=\"https:\/\/www.lemonde.fr\/international\/article\/2021\/11\/10\/comment-la-bielorussie-fait-venir-des-charters-de-migrants-pour-mettre-la-pression-sur-l-union-europeenne_6101625_3210.html\" target=\"_blank\" rel=\"noreferrer noopener\">Laure Stephan, J. I. (2021, Novembre 10). <em>La Bi\u00e9lorussie orchestre l\u2019arriv\u00e9e de migrants par charters pour faire pression sur l\u2019Europe<\/em>. R\u00e9cup\u00e9r\u00e9 sur Le Monde: https:\/\/www.lemonde.fr\/international\/article\/2021\/11\/10\/comment-la-bielorussie-fait-venir-des-charters-de-migrants-pour-mettre-la-pression-sur-l-union-europeenne_6101625_3210.html, acc\u00e9d\u00e9 le 05\/01\/2022.<\/a><\/p>\n\n\n\n<p class=\"has-small-font-size wp-block-paragraph\"><a href=\"https:\/\/www.msf.org\/8-things-know-about-eubelarus-border-crisis\" target=\"_blank\" rel=\"noreferrer noopener\">M\u00e9decins sans fronti\u00e8res. (2021, D\u00e9cembre 31). <em>8 things to know about the EU\/Belarus border crisis<\/em>. R\u00e9cup\u00e9r\u00e9 sur M\u00e9decins sans fronti\u00e8res: https:\/\/www.msf.org\/8-things-know-about-eubelarus-border-crisis, acc\u00e9d\u00e9 le 05\/01\/2022.<\/a><\/p>\n\n\n\n<p class=\"has-small-font-size wp-block-paragraph\"><a href=\"https:\/\/news.un.org\/fr\/story\/2021\/12\/1111112\" target=\"_blank\" rel=\"noreferrer noopener\">ONU. (2021, D\u00e9cembre 21). <em>B\u00e9larus et la Pologne accus\u00e9s de refoulement et de violence brutale \u00e0 l\u2019encontre des r\u00e9fugi\u00e9s en route vers l\u2019Union Europ\u00e9enne<\/em>. R\u00e9cup\u00e9r\u00e9 sur ONU: https:\/\/news.un.org\/fr\/story\/2021\/12\/1111112, acc\u00e9d\u00e9 le 05\/01\/2022.<\/a><\/p>\n\n\n\n<p class=\"has-small-font-size wp-block-paragraph\"><a href=\"https:\/\/edition.cnn.com\/2021\/12\/12\/middleeast\/migration-iraq-syria-middle-east-cmd-intl\/index.html\" target=\"_blank\" rel=\"noreferrer noopener\">Qiblawi, T. (2021, D\u00e9cembre 12). <em>The trip could have killed them. But people fleeing economic wreckage in the Middle East say they&rsquo;d do it 100 times over<\/em>. R\u00e9cup\u00e9r\u00e9 sur CNN: https:\/\/edition.cnn.com\/2021\/12\/12\/middleeast\/migration-iraq-syria-middle-east-cmd-intl\/index.html, acc\u00e9d\u00e9 le 05\/01\/2022.<\/a><\/p>\n","protected":false},"excerpt":{"rendered":"<p>En ao\u00fbt 2021, la Bi\u00e9lorussie a organis\u00e9 l\u2019acheminement de milliers de migrants aux portes de l\u2019Union europ\u00e9enne, provoquant une crise migratoire d\u2019une ampleur in\u00e9dite. Des centaines d\u2019enfants migrants se sont retrouv\u00e9s bloqu\u00e9s \u00e0 la fronti\u00e8re polonaise, dans des circonstances d\u00e9plorables, affrontant des conditions climatiques extr\u00eames.&nbsp; Les origines de la crise&nbsp;: une \u00ab&nbsp;attaque migratoire&nbsp;\u00bb sans pr\u00e9c\u00e9dent&nbsp; [&hellip;]<\/p>\n","protected":false},"author":69,"featured_media":51639,"comment_status":"closed","ping_status":"closed","sticky":false,"template":"","format":"standard","meta":{"footnotes":""},"categories":[220,233,236,231,215,214],"tags":[],"class_list":["post-51637","post","type-post","status-publish","format-standard","has-post-thumbnail","hentry","category-droits-des-enfants","category-exploitation","category-migration","category-pauvrete","category-refugies","category-violence"],"yoast_head":"<!-- This site is optimized with the Yoast SEO plugin v28.3 - https:\/\/yoast.com\/product\/yoast-seo-wordpress\/ -->\n<title>Le sort des enfants migrants \u00e0 la fronti\u00e8re entre la Bi\u00e9lorussie et la Pologne - Humanium<\/title>\n<meta name=\"description\" content=\"Dans une grande crise migratoire, des centaines d&#039;enfants migrants se sont retrouv\u00e9s bloqu\u00e9s dans des circonstances effroyables.\" \/>\n<meta name=\"robots\" content=\"index, follow, max-snippet:-1, max-image-preview:large, max-video-preview:-1\" \/>\n<link rel=\"canonical\" href=\"https:\/\/www.humanium.org\/fr\/le-sort-des-enfants-migrants-a-la-frontiere-entre-la-bielorussie-et-la-pologne\/\" \/>\n<meta property=\"og:locale\" content=\"fr_FR\" \/>\n<meta property=\"og:type\" content=\"article\" \/>\n<meta property=\"og:title\" content=\"Le sort des enfants migrants \u00e0 la fronti\u00e8re entre la Bi\u00e9lorussie et la Pologne - Humanium\" \/>\n<meta property=\"og:description\" content=\"Dans une grande crise migratoire, des centaines d&#039;enfants migrants se sont retrouv\u00e9s bloqu\u00e9s dans des circonstances effroyables.\" \/>\n<meta property=\"og:url\" content=\"https:\/\/www.humanium.org\/fr\/le-sort-des-enfants-migrants-a-la-frontiere-entre-la-bielorussie-et-la-pologne\/\" \/>\n<meta property=\"og:site_name\" content=\"Humanium\" \/>\n<meta property=\"article:published_time\" content=\"2022-02-08T15:49:06+00:00\" \/>\n<meta property=\"article:modified_time\" content=\"2026-08-21T03:22:50+00:00\" \/>\n<meta property=\"og:image\" content=\"https:\/\/www.humanium.org\/fr\/wp-content\/uploads\/2022\/02\/shutterstock_413099851-scaled.jpg\" \/>\n\t<meta property=\"og:image:width\" content=\"2560\" \/>\n\t<meta property=\"og:image:height\" content=\"1707\" \/>\n\t<meta property=\"og:image:type\" content=\"image\/jpeg\" \/>\n<meta name=\"author\" content=\"Humanium\" \/>\n<meta name=\"twitter:card\" content=\"summary_large_image\" \/>\n<meta name=\"twitter:label1\" content=\"\u00c9crit par\" \/>\n\t<meta name=\"twitter:data1\" content=\"Humanium\" \/>\n\t<meta name=\"twitter:label2\" content=\"Dur\u00e9e de lecture estim\u00e9e\" \/>\n\t<meta name=\"twitter:data2\" content=\"8 minutes\" \/>\n<script type=\"application\/ld+json\" class=\"yoast-schema-graph\">{\"@context\":\"https:\\\/\\\/schema.org\",\"@graph\":[{\"@type\":\"Article\",\"@id\":\"https:\\\/\\\/www.humanium.org\\\/fr\\\/le-sort-des-enfants-migrants-a-la-frontiere-entre-la-bielorussie-et-la-pologne\\\/#article\",\"isPartOf\":{\"@id\":\"https:\\\/\\\/www.humanium.org\\\/fr\\\/le-sort-des-enfants-migrants-a-la-frontiere-entre-la-bielorussie-et-la-pologne\\\/\"},\"author\":{\"name\":\"Humanium\",\"@id\":\"https:\\\/\\\/www.humanium.org\\\/fr\\\/#\\\/schema\\\/person\\\/d798d6c7d59ba2307e0877f61a20ce3e\"},\"headline\":\"Le sort des enfants migrants \u00e0 la fronti\u00e8re entre la Bi\u00e9lorussie et la Pologne\",\"datePublished\":\"2022-02-08T15:49:06+00:00\",\"dateModified\":\"2026-08-21T03:22:50+00:00\",\"mainEntityOfPage\":{\"@id\":\"https:\\\/\\\/www.humanium.org\\\/fr\\\/le-sort-des-enfants-migrants-a-la-frontiere-entre-la-bielorussie-et-la-pologne\\\/\"},\"wordCount\":2138,\"image\":{\"@id\":\"https:\\\/\\\/www.humanium.org\\\/fr\\\/le-sort-des-enfants-migrants-a-la-frontiere-entre-la-bielorussie-et-la-pologne\\\/#primaryimage\"},\"thumbnailUrl\":\"https:\\\/\\\/www.humanium.org\\\/fr\\\/wp-content\\\/uploads\\\/2022\\\/02\\\/shutterstock_413099851-scaled.jpg\",\"articleSection\":[\"Droits des enfants\",\"Exploitation\",\"Migration\",\"Pauvret\u00e9\",\"R\u00e9fugi\u00e9s\",\"violence\"],\"inLanguage\":\"fr-FR\"},{\"@type\":\"WebPage\",\"@id\":\"https:\\\/\\\/www.humanium.org\\\/fr\\\/le-sort-des-enfants-migrants-a-la-frontiere-entre-la-bielorussie-et-la-pologne\\\/\",\"url\":\"https:\\\/\\\/www.humanium.org\\\/fr\\\/le-sort-des-enfants-migrants-a-la-frontiere-entre-la-bielorussie-et-la-pologne\\\/\",\"name\":\"Le sort des enfants migrants \u00e0 la fronti\u00e8re entre la Bi\u00e9lorussie et la Pologne - Humanium\",\"isPartOf\":{\"@id\":\"https:\\\/\\\/www.humanium.org\\\/fr\\\/#website\"},\"primaryImageOfPage\":{\"@id\":\"https:\\\/\\\/www.humanium.org\\\/fr\\\/le-sort-des-enfants-migrants-a-la-frontiere-entre-la-bielorussie-et-la-pologne\\\/#primaryimage\"},\"image\":{\"@id\":\"https:\\\/\\\/www.humanium.org\\\/fr\\\/le-sort-des-enfants-migrants-a-la-frontiere-entre-la-bielorussie-et-la-pologne\\\/#primaryimage\"},\"thumbnailUrl\":\"https:\\\/\\\/www.humanium.org\\\/fr\\\/wp-content\\\/uploads\\\/2022\\\/02\\\/shutterstock_413099851-scaled.jpg\",\"datePublished\":\"2022-02-08T15:49:06+00:00\",\"dateModified\":\"2026-08-21T03:22:50+00:00\",\"author\":{\"@id\":\"https:\\\/\\\/www.humanium.org\\\/fr\\\/#\\\/schema\\\/person\\\/d798d6c7d59ba2307e0877f61a20ce3e\"},\"description\":\"Dans une grande crise migratoire, des centaines d'enfants migrants se sont retrouv\u00e9s bloqu\u00e9s dans des circonstances effroyables.\",\"breadcrumb\":{\"@id\":\"https:\\\/\\\/www.humanium.org\\\/fr\\\/le-sort-des-enfants-migrants-a-la-frontiere-entre-la-bielorussie-et-la-pologne\\\/#breadcrumb\"},\"inLanguage\":\"fr-FR\",\"potentialAction\":[{\"@type\":\"ReadAction\",\"target\":[\"https:\\\/\\\/www.humanium.org\\\/fr\\\/le-sort-des-enfants-migrants-a-la-frontiere-entre-la-bielorussie-et-la-pologne\\\/\"]}]},{\"@type\":\"ImageObject\",\"inLanguage\":\"fr-FR\",\"@id\":\"https:\\\/\\\/www.humanium.org\\\/fr\\\/le-sort-des-enfants-migrants-a-la-frontiere-entre-la-bielorussie-et-la-pologne\\\/#primaryimage\",\"url\":\"https:\\\/\\\/www.humanium.org\\\/fr\\\/wp-content\\\/uploads\\\/2022\\\/02\\\/shutterstock_413099851-scaled.jpg\",\"contentUrl\":\"https:\\\/\\\/www.humanium.org\\\/fr\\\/wp-content\\\/uploads\\\/2022\\\/02\\\/shutterstock_413099851-scaled.jpg\",\"width\":2560,\"height\":1707},{\"@type\":\"BreadcrumbList\",\"@id\":\"https:\\\/\\\/www.humanium.org\\\/fr\\\/le-sort-des-enfants-migrants-a-la-frontiere-entre-la-bielorussie-et-la-pologne\\\/#breadcrumb\",\"itemListElement\":[{\"@type\":\"ListItem\",\"position\":1,\"name\":\"Home\",\"item\":\"https:\\\/\\\/www.humanium.org\\\/fr\\\/\"},{\"@type\":\"ListItem\",\"position\":2,\"name\":\"Le sort des enfants migrants \u00e0 la fronti\u00e8re entre la Bi\u00e9lorussie et la Pologne\"}]},{\"@type\":\"WebSite\",\"@id\":\"https:\\\/\\\/www.humanium.org\\\/fr\\\/#website\",\"url\":\"https:\\\/\\\/www.humanium.org\\\/fr\\\/\",\"name\":\"Humanium\",\"description\":\"Les enfants d\u2019abord !\",\"potentialAction\":[{\"@type\":\"SearchAction\",\"target\":{\"@type\":\"EntryPoint\",\"urlTemplate\":\"https:\\\/\\\/www.humanium.org\\\/fr\\\/?s={search_term_string}\"},\"query-input\":{\"@type\":\"PropertyValueSpecification\",\"valueRequired\":true,\"valueName\":\"search_term_string\"}}],\"inLanguage\":\"fr-FR\"},{\"@type\":\"Person\",\"@id\":\"https:\\\/\\\/www.humanium.org\\\/fr\\\/#\\\/schema\\\/person\\\/d798d6c7d59ba2307e0877f61a20ce3e\",\"name\":\"Humanium\",\"image\":{\"@type\":\"ImageObject\",\"inLanguage\":\"fr-FR\",\"@id\":\"https:\\\/\\\/secure.gravatar.com\\\/avatar\\\/22715e338d2fcc547e3a431c4738360d33fea2a4af458f865b2c3b22f1eaa51f?s=96&d=mm&r=g\",\"url\":\"https:\\\/\\\/secure.gravatar.com\\\/avatar\\\/22715e338d2fcc547e3a431c4738360d33fea2a4af458f865b2c3b22f1eaa51f?s=96&d=mm&r=g\",\"contentUrl\":\"https:\\\/\\\/secure.gravatar.com\\\/avatar\\\/22715e338d2fcc547e3a431c4738360d33fea2a4af458f865b2c3b22f1eaa51f?s=96&d=mm&r=g\",\"caption\":\"Humanium\"},\"url\":\"https:\\\/\\\/www.humanium.org\\\/fr\\\/author\\\/humanium\\\/\"}]}<\/script>\n<!-- \/ Yoast SEO plugin. -->","yoast_head_json":{"title":"Le sort des enfants migrants \u00e0 la fronti\u00e8re entre la Bi\u00e9lorussie et la Pologne - Humanium","description":"Dans une grande crise migratoire, des centaines d'enfants migrants se sont retrouv\u00e9s bloqu\u00e9s dans des circonstances effroyables.","robots":{"index":"index","follow":"follow","max-snippet":"max-snippet:-1","max-image-preview":"max-image-preview:large","max-video-preview":"max-video-preview:-1"},"canonical":"https:\/\/www.humanium.org\/fr\/le-sort-des-enfants-migrants-a-la-frontiere-entre-la-bielorussie-et-la-pologne\/","og_locale":"fr_FR","og_type":"article","og_title":"Le sort des enfants migrants \u00e0 la fronti\u00e8re entre la Bi\u00e9lorussie et la Pologne - Humanium","og_description":"Dans une grande crise migratoire, des centaines d'enfants migrants se sont retrouv\u00e9s bloqu\u00e9s dans des circonstances effroyables.","og_url":"https:\/\/www.humanium.org\/fr\/le-sort-des-enfants-migrants-a-la-frontiere-entre-la-bielorussie-et-la-pologne\/","og_site_name":"Humanium","article_published_time":"2022-02-08T15:49:06+00:00","article_modified_time":"2026-08-21T03:22:50+00:00","og_image":[{"width":2560,"height":1707,"url":"https:\/\/www.humanium.org\/fr\/wp-content\/uploads\/2022\/02\/shutterstock_413099851-scaled.jpg","type":"image\/jpeg"}],"author":"Humanium","twitter_card":"summary_large_image","twitter_misc":{"\u00c9crit par":"Humanium","Dur\u00e9e de lecture estim\u00e9e":"8 minutes"},"schema":{"@context":"https:\/\/schema.org","@graph":[{"@type":"Article","@id":"https:\/\/www.humanium.org\/fr\/le-sort-des-enfants-migrants-a-la-frontiere-entre-la-bielorussie-et-la-pologne\/#article","isPartOf":{"@id":"https:\/\/www.humanium.org\/fr\/le-sort-des-enfants-migrants-a-la-frontiere-entre-la-bielorussie-et-la-pologne\/"},"author":{"name":"Humanium","@id":"https:\/\/www.humanium.org\/fr\/#\/schema\/person\/d798d6c7d59ba2307e0877f61a20ce3e"},"headline":"Le sort des enfants migrants \u00e0 la fronti\u00e8re entre la Bi\u00e9lorussie et la Pologne","datePublished":"2022-02-08T15:49:06+00:00","dateModified":"2026-08-21T03:22:50+00:00","mainEntityOfPage":{"@id":"https:\/\/www.humanium.org\/fr\/le-sort-des-enfants-migrants-a-la-frontiere-entre-la-bielorussie-et-la-pologne\/"},"wordCount":2138,"image":{"@id":"https:\/\/www.humanium.org\/fr\/le-sort-des-enfants-migrants-a-la-frontiere-entre-la-bielorussie-et-la-pologne\/#primaryimage"},"thumbnailUrl":"https:\/\/www.humanium.org\/fr\/wp-content\/uploads\/2022\/02\/shutterstock_413099851-scaled.jpg","articleSection":["Droits des enfants","Exploitation","Migration","Pauvret\u00e9","R\u00e9fugi\u00e9s","violence"],"inLanguage":"fr-FR"},{"@type":"WebPage","@id":"https:\/\/www.humanium.org\/fr\/le-sort-des-enfants-migrants-a-la-frontiere-entre-la-bielorussie-et-la-pologne\/","url":"https:\/\/www.humanium.org\/fr\/le-sort-des-enfants-migrants-a-la-frontiere-entre-la-bielorussie-et-la-pologne\/","name":"Le sort des enfants migrants \u00e0 la fronti\u00e8re entre la Bi\u00e9lorussie et la Pologne - Humanium","isPartOf":{"@id":"https:\/\/www.humanium.org\/fr\/#website"},"primaryImageOfPage":{"@id":"https:\/\/www.humanium.org\/fr\/le-sort-des-enfants-migrants-a-la-frontiere-entre-la-bielorussie-et-la-pologne\/#primaryimage"},"image":{"@id":"https:\/\/www.humanium.org\/fr\/le-sort-des-enfants-migrants-a-la-frontiere-entre-la-bielorussie-et-la-pologne\/#primaryimage"},"thumbnailUrl":"https:\/\/www.humanium.org\/fr\/wp-content\/uploads\/2022\/02\/shutterstock_413099851-scaled.jpg","datePublished":"2022-02-08T15:49:06+00:00","dateModified":"2026-08-21T03:22:50+00:00","author":{"@id":"https:\/\/www.humanium.org\/fr\/#\/schema\/person\/d798d6c7d59ba2307e0877f61a20ce3e"},"description":"Dans une grande crise migratoire, des centaines d'enfants migrants se sont retrouv\u00e9s bloqu\u00e9s dans des circonstances effroyables.","breadcrumb":{"@id":"https:\/\/www.humanium.org\/fr\/le-sort-des-enfants-migrants-a-la-frontiere-entre-la-bielorussie-et-la-pologne\/#breadcrumb"},"inLanguage":"fr-FR","potentialAction":[{"@type":"ReadAction","target":["https:\/\/www.humanium.org\/fr\/le-sort-des-enfants-migrants-a-la-frontiere-entre-la-bielorussie-et-la-pologne\/"]}]},{"@type":"ImageObject","inLanguage":"fr-FR","@id":"https:\/\/www.humanium.org\/fr\/le-sort-des-enfants-migrants-a-la-frontiere-entre-la-bielorussie-et-la-pologne\/#primaryimage","url":"https:\/\/www.humanium.org\/fr\/wp-content\/uploads\/2022\/02\/shutterstock_413099851-scaled.jpg","contentUrl":"https:\/\/www.humanium.org\/fr\/wp-content\/uploads\/2022\/02\/shutterstock_413099851-scaled.jpg","width":2560,"height":1707},{"@type":"BreadcrumbList","@id":"https:\/\/www.humanium.org\/fr\/le-sort-des-enfants-migrants-a-la-frontiere-entre-la-bielorussie-et-la-pologne\/#breadcrumb","itemListElement":[{"@type":"ListItem","position":1,"name":"Home","item":"https:\/\/www.humanium.org\/fr\/"},{"@type":"ListItem","position":2,"name":"Le sort des enfants migrants \u00e0 la fronti\u00e8re entre la Bi\u00e9lorussie et la Pologne"}]},{"@type":"WebSite","@id":"https:\/\/www.humanium.org\/fr\/#website","url":"https:\/\/www.humanium.org\/fr\/","name":"Humanium","description":"Les enfants d\u2019abord !","potentialAction":[{"@type":"SearchAction","target":{"@type":"EntryPoint","urlTemplate":"https:\/\/www.humanium.org\/fr\/?s={search_term_string}"},"query-input":{"@type":"PropertyValueSpecification","valueRequired":true,"valueName":"search_term_string"}}],"inLanguage":"fr-FR"},{"@type":"Person","@id":"https:\/\/www.humanium.org\/fr\/#\/schema\/person\/d798d6c7d59ba2307e0877f61a20ce3e","name":"Humanium","image":{"@type":"ImageObject","inLanguage":"fr-FR","@id":"https:\/\/secure.gravatar.com\/avatar\/22715e338d2fcc547e3a431c4738360d33fea2a4af458f865b2c3b22f1eaa51f?s=96&d=mm&r=g","url":"https:\/\/secure.gravatar.com\/avatar\/22715e338d2fcc547e3a431c4738360d33fea2a4af458f865b2c3b22f1eaa51f?s=96&d=mm&r=g","contentUrl":"https:\/\/secure.gravatar.com\/avatar\/22715e338d2fcc547e3a431c4738360d33fea2a4af458f865b2c3b22f1eaa51f?s=96&d=mm&r=g","caption":"Humanium"},"url":"https:\/\/www.humanium.org\/fr\/author\/humanium\/"}]}},"_links":{"self":[{"href":"https:\/\/www.humanium.org\/fr\/wp-json\/wp\/v2\/posts\/51637","targetHints":{"allow":["GET"]}}],"collection":[{"href":"https:\/\/www.humanium.org\/fr\/wp-json\/wp\/v2\/posts"}],"about":[{"href":"https:\/\/www.humanium.org\/fr\/wp-json\/wp\/v2\/types\/post"}],"author":[{"embeddable":true,"href":"https:\/\/www.humanium.org\/fr\/wp-json\/wp\/v2\/users\/69"}],"replies":[{"embeddable":true,"href":"https:\/\/www.humanium.org\/fr\/wp-json\/wp\/v2\/comments?post=51637"}],"version-history":[{"count":11,"href":"https:\/\/www.humanium.org\/fr\/wp-json\/wp\/v2\/posts\/51637\/revisions"}],"predecessor-version":[{"id":62755,"href":"https:\/\/www.humanium.org\/fr\/wp-json\/wp\/v2\/posts\/51637\/revisions\/62755"}],"wp:featuredmedia":[{"embeddable":true,"href":"https:\/\/www.humanium.org\/fr\/wp-json\/wp\/v2\/media\/51639"}],"wp:attachment":[{"href":"https:\/\/www.humanium.org\/fr\/wp-json\/wp\/v2\/media?parent=51637"}],"wp:term":[{"taxonomy":"category","embeddable":true,"href":"https:\/\/www.humanium.org\/fr\/wp-json\/wp\/v2\/categories?post=51637"},{"taxonomy":"post_tag","embeddable":true,"href":"https:\/\/www.humanium.org\/fr\/wp-json\/wp\/v2\/tags?post=51637"}],"curies":[{"name":"wp","href":"https:\/\/api.w.org\/{rel}","templated":true}]}}