{"id":51681,"date":"2022-02-15T13:06:14","date_gmt":"2022-02-15T13:06:14","guid":{"rendered":"https:\/\/www.humanium.org\/fr\/?p=51681"},"modified":"2026-08-21T03:19:30","modified_gmt":"2026-08-21T03:19:30","slug":"le-crime-decocide-et-son-influence-sur-les-droits-des-enfants","status":"publish","type":"post","link":"https:\/\/www.humanium.org\/fr\/le-crime-decocide-et-son-influence-sur-les-droits-des-enfants\/","title":{"rendered":"Le crime d\u2019\u00e9cocide et son influence sur les droits des enfants"},"content":{"rendered":"\n<blockquote class=\"wp-block-quote is-layout-flow wp-block-quote-is-layout-flow\"><p><strong>\u00ab&nbsp;La crise climatique est une crise des droits de l\u2019enfant&nbsp;.\u00bb <\/strong><\/p><cite>&#8211;<strong>UNICEF, 2021<\/strong><\/cite><\/blockquote>\n\n\n\n<p class=\"wp-block-paragraph\"><strong>Selon l\u2019Indice des risques climatiques pour les enfants (IRCE), \u00ab&nbsp;pr\u00e8s de la moiti\u00e9 des enfants de la plan\u00e8te, sont expos\u00e9s \u00e0 un risque climatique extr\u00eamement \u00e9lev\u00e9. Et cela se passe en ce moment m\u00eame.&nbsp;\u00bb (UNICEF, 2021, p. 2). Le concept d\u2019\u00e9cocide et les revendications pour qu\u2019il soit int\u00e9gr\u00e9 dans le Statut de Rome semblent \u00eatre int\u00e9ressants pour accorder davantage de protection et que les responsables de graves atteintes \u00e0 l\u2019<\/strong><a href=\"https:\/\/www.humanium.org\/fr\/focus\/environnement\/droits-environnementaux\/\"><strong>environnement<\/strong><\/a><strong> puissent \u00eatre poursuivis par la Cour p\u00e9nale internationale (Jolly, 2021).&nbsp;<\/strong><\/p>\n\n\n\n<h2 class=\"wp-block-heading\"><strong>Qu\u2019est-ce que l\u2019\u00e9cocide&nbsp;?&nbsp;<\/strong><\/h2>\n\n\n\n<p class=\"wp-block-paragraph\">Selon un groupe d\u2019experts du droit international, l\u2019\u00e9cocide \u00ab&nbsp;d\u00e9signe des actes ill\u00e9gaux ou arbitraires commis en sachant la r\u00e9elle probabilit\u00e9 que ces actes causent \u00e0 l\u2019environnement des dommages graves qui soient \u00e9tendus ou durables&nbsp;\u00bb (Jolly, 2021&nbsp;; Stop Ecocide, s.d.). Cela englobe bien \u00e9videmment le changement climatique, tout en \u00e9tant une d\u00e9finition assez large pour inclure tous les aspects destructeurs de l\u2019environnement (CBC Radio, 2021).&nbsp;<\/p>\n\n\n\n<p class=\"wp-block-paragraph\">Finalement, l\u2019\u00e9cocide am\u00e8ne \u00e0 l\u2019alt\u00e9ration voire \u00e0 la <a href=\"https:\/\/www.humanium.org\/fr\/des-eurodeputes-horrifies-exigent-que-bolsonaro-arrete-la-deforestation-en-amazonie\/\">destruction des \u00e9cosyst\u00e8mes<\/a> et de ses composants, notamment des oc\u00e9ans, des for\u00eats, de la terre et de l\u2019eau et de l\u2019air. Comment&nbsp;? Par diff\u00e9rentes actions li\u00e9es \u00e0 l\u2019activit\u00e9 humaine&nbsp;: la surp\u00eache et les pratiques de p\u00eache de masse, les d\u00e9versements de p\u00e9trole, la pollution plastique, la d\u00e9forestation pour l\u2019\u00e9levage, l\u2019agriculture et l\u2019exploitation mini\u00e8re, la contamination des sols et de <a href=\"https:\/\/www.humanium.org\/fr\/beyrouth-les-droits-des-enfants-menaces-par-une-catastrophe-environnementale\/\">l\u2019air<\/a> par l\u2019industrie\u2026 (CBC Radio, 2021).<\/p>\n\n\n\n<h2 class=\"wp-block-heading\"><strong>Diff\u00e9rentes r\u00e9percussions sur les droits des enfants contenus dans la Convention internationale des droits de l\u2019enfant<\/strong><\/h2>\n\n\n\n<p class=\"wp-block-paragraph\">Les enfants font partie des groupes de personnes vuln\u00e9rables et sont particuli\u00e8rement affect\u00e9s par l\u2019action mortif\u00e8re de l\u2019homme sur l\u2019environnement. Prenons l\u2019exemple de la pollution de l\u2019air, qui provient notamment de polluants issus des v\u00e9hicules motoris\u00e9s et des industries (Gouvernement du Qu\u00e9bec, 2021).&nbsp;<\/p>\n\n\n\n<figure class=\"wp-block-image size-large\"><img loading=\"lazy\" decoding=\"async\" width=\"1024\" height=\"683\" src=\"https:\/\/www.humanium.org\/fr\/wp-content\/uploads\/2022\/02\/shutterstock_328002596-1024x683.jpg\" alt=\"\" class=\"wp-image-51684\" srcset=\"https:\/\/www.humanium.org\/fr\/wp-content\/uploads\/2022\/02\/shutterstock_328002596-1024x683.jpg 1024w, https:\/\/www.humanium.org\/fr\/wp-content\/uploads\/2022\/02\/shutterstock_328002596-300x200.jpg 300w, https:\/\/www.humanium.org\/fr\/wp-content\/uploads\/2022\/02\/shutterstock_328002596-768x512.jpg 768w, https:\/\/www.humanium.org\/fr\/wp-content\/uploads\/2022\/02\/shutterstock_328002596-1536x1024.jpg 1536w, https:\/\/www.humanium.org\/fr\/wp-content\/uploads\/2022\/02\/shutterstock_328002596-2048x1366.jpg 2048w, https:\/\/www.humanium.org\/fr\/wp-content\/uploads\/2022\/02\/shutterstock_328002596-830x553.jpg 830w, https:\/\/www.humanium.org\/fr\/wp-content\/uploads\/2022\/02\/shutterstock_328002596-230x153.jpg 230w, https:\/\/www.humanium.org\/fr\/wp-content\/uploads\/2022\/02\/shutterstock_328002596-350x233.jpg 350w, https:\/\/www.humanium.org\/fr\/wp-content\/uploads\/2022\/02\/shutterstock_328002596-480x320.jpg 480w, https:\/\/www.humanium.org\/fr\/wp-content\/uploads\/2022\/02\/shutterstock_328002596-272x182.jpg 272w\" sizes=\"auto, (max-width: 1024px) 100vw, 1024px\" \/><\/figure>\n\n\n\n<p class=\"wp-block-paragraph\">Les enfants sont particuli\u00e8rement <a href=\"https:\/\/www.humanium.org\/fr\/enfants-malades\/\">vuln\u00e9rables<\/a>, du fait notamment de leur appareil respiratoire en croissance. Du fait de leur plus petite taille, ils sont \u00e9galement plus proches des polluants (Isra\u00ebl, 2013, p. 46). En 2016, 600 000 enfants sont <a href=\"https:\/\/www.humanium.org\/fr\/mortalite-infantile\/\">d\u00e9c\u00e9d\u00e9s<\/a> d\u2019infections aigu\u00ebs des voies respiratoires inf\u00e9rieures dues \u00e0 la pollution de l\u2019air selon l\u2019Organisation Mondiale de la Sant\u00e9 (Organisation mondiale de la sant\u00e9, 2018).<\/p>\n\n\n\n<p class=\"wp-block-paragraph\">Cela rentre en interf\u00e9rence avec l\u2019article 24 de la <a href=\"https:\/\/www.humanium.org\/fr\/convention\/\">Convention des droits de l\u2019enfant<\/a> qui promeut \u00ab&nbsp;le droit de l\u2019enfant de jouir du meilleur \u00e9tat de sant\u00e9 possible&nbsp;\u00bb. De plus, cet article oblige les \u00c9tats \u00e0 r\u00e9duire la <a href=\"https:\/\/www.humanium.org\/fr\/mortalite-infantile\/\">mortalit\u00e9<\/a> et la malnutrition des enfants. Cela passe par une <a href=\"https:\/\/www.humanium.org\/fr\/comprendre-droits-enfant\/droit-a-l-alimentation\/\">alimentation<\/a> disponible, accessible de fa\u00e7on stable, r\u00e9guli\u00e8re et salubre, selon les caract\u00e9ristiques donn\u00e9es par l\u2019UNICEF (UNICEF, 2016, p. 1). Or, l\u2019\u00e9cocide d\u00e9truit les terres nourrici\u00e8res et le changement climatique accentue les al\u00e9as climatiques qui ont de graves effets sur l\u2019agriculture, en d\u00e9truisant notamment les cultures et plantations (Action contre la faim, 2020).&nbsp;<\/p>\n\n\n\n<p class=\"wp-block-paragraph\">Par ailleurs, du fait de l\u2019urbanisation excessive et \u00ab&nbsp;mal r\u00e9fl\u00e9chie&nbsp;\u00bb (La r\u00e9daction num\u00e9rique de France Inter, 2020), de la d\u00e9forestation et du changement climatique, l\u2019\u00e9cocide est li\u00e9 \u00e0 l\u2019augmentation des catastrophes naturelles (La r\u00e9daction num\u00e9rique de France Inter, 2020&nbsp;; UN Office for Disaster Risk Reduction, 2020&nbsp;; Thiery, 2021). Entre 2000 et 2019, plus d\u20191 million de personnes sont mortes du fait des catastrophes naturelles qui ont affect\u00e9 4.2 milliards de personnes, pour 2,97 billions de dollars en dommages financiers (UN Office for Disaster Risk Reduction, 2020). Cela affecte la vie de millions d\u2019enfants et donc le respect et la protection de leurs droits (UNICEF, 2016).&nbsp;<\/p>\n\n\n\n<p class=\"wp-block-paragraph\">Dans son rapport de 2021, l\u2019UNICEF fait une int\u00e9ressante proposition&nbsp;: utiliser l\u2019indice des risques climatiques pour les enfants (IRCE) pour \u00ab&nbsp;fournir un premier aper\u00e7u de l\u2019exposition et de la vuln\u00e9rabilit\u00e9 des enfants aux effets des changements climatiques&nbsp;\u00bb (UNICEF, 2021, p. 4). Cela d\u00e9montre le lien entre les catastrophes environnementales et climatiques et l\u2019acc\u00e8s rendu plus difficile \u00e0 des services essentiels majeurs, du fait notamment de la destruction des infrastructures ou <a href=\"https:\/\/www.humanium.org\/fr\/isolement-deracinement\/\">de l\u2019exode et d\u00e9placements<\/a> de population que cela cause (UNICEF, 2021, p. 11). Cela peut d\u2019ailleurs entrainer un \u00ab&nbsp;cercle vicieux d\u2019expositions et de vuln\u00e9rabilit\u00e9s croissantes&nbsp;\u00bb (UNICEF, 2021, p. 11).<\/p>\n\n\n\n<h2 class=\"wp-block-heading\"><strong>La reconnaissance en droit international et le lien avec la protection et la promotion des droits de l\u2019enfant&nbsp;&nbsp;<\/strong><\/h2>\n\n\n\n<p class=\"wp-block-paragraph\">Un fort d\u00e9ployer existe pour que le crime d\u2019\u00e9cocide soit reconnu par la Cour p\u00e9nale internationale (CBC Radio, 2021&nbsp;; Jolly, 2021). C\u2019est notamment le cas de l\u2019Assembl\u00e9e mondiale pour le climat (Alvarez, 2021). Actuellement, cette Cour p\u00e9nale internationale enqu\u00eate et reconnait quatre crimes sous sa juridiction qui sont \u00ab&nbsp;les plus graves qui touchent l\u2019ensemble de la communaut\u00e9 internationale&nbsp;\u00bb (Cour p\u00e9nale internationale, s.d.) : le crime de guerre, le g\u00e9nocide, le crime contre l\u2019humanit\u00e9 et le crime d\u2019agression (Cour p\u00e9nale internationale, s.d.).&nbsp;<\/p>\n\n\n\n<p class=\"wp-block-paragraph\">La reconnaissance de l\u2019\u00e9cocide par cette cour serait un ajout historique du point de vue du droit international, depuis le jugement des Nazis lors des proc\u00e8s de Nuremberg de 1945 et montrerait une \u00e9volution des pr\u00e9occupations mondiales (CBC Radio, 2021). Cela permettrait que le droit soit \u00ab&nbsp;\u00e0 la hauteur du d\u00e9fi climatique&nbsp;\u00bb (Cabanes, 2016, p. 70).<\/p>\n\n\n\n<p class=\"wp-block-paragraph\">Pour se faire, il faudrait que 2\/3 des 123 pays membres votent en faveur de cet ajout (CBC Radio, 2021). Bien qu\u2019il ne s\u2019agisse que d\u2019un pas dans la lutte pour la protection de l\u2019environnement, des <a href=\"https:\/\/www.humanium.org\/fr\/la-lutte-dhumanium-pour-defendre-les-droits-environnementaux-en-coordination-avec-le-groupe-de-travail-sur-lenvironnement\/\">droits environnementaux<\/a>, notamment celui du droit \u00e0 un <a href=\"https:\/\/www.humanium.org\/fr\/le-droit-a-un-environnement-sain-est-un-droit-humain-fondamental-la-resolution-du-cdh-des-nations-unies\/\">environnement sain<\/a>, \u00e9riger l\u2019\u00e9cocide en crime permettrait, entre autres, de rendre contraignant le principe de responsabilit\u00e9 commune mais diff\u00e9renci\u00e9e (Cabanes, 2016, p. 73)<sup><a href=\"https:\/\/www.humanium.org\/fr\/wp-admin\/post.php?post=51681&amp;action=edit\" target=\"_blank\" rel=\"noreferrer noopener\">[1]<\/a><\/sup>. Cela permettrait \u00e9galement au juge international d\u2019imposer des mesures en faveur du climat aux <a href=\"https:\/\/www.humanium.org\/fr\/une-decision-historique-pour-les-droits-de-lenvironnement-en-equateur\/\">\u00c9tats<\/a> mais aussi aux entreprises transnationales (Cabanes, 2016, p. 73).<\/p>\n\n\n\n<p class=\"wp-block-paragraph\">Lier \u00e9cocide et protection des droits des enfants semble ainsi logique&nbsp;: les enfants, population vuln\u00e9rable, subissent de plein fouet les effets li\u00e9s \u00e0 la destruction de notre plan\u00e8te bleue. Ainsi, les effets de l\u2019\u00e9cocide remettent en question la protection des droits des enfants et les valeurs fondamentales issues de la Convention internationale des droits des enfants.<\/p>\n\n\n\n<figure class=\"wp-block-image size-large\"><img loading=\"lazy\" decoding=\"async\" width=\"1024\" height=\"684\" src=\"https:\/\/www.humanium.org\/fr\/wp-content\/uploads\/2022\/02\/shutterstock_538273168-1024x684.jpg\" alt=\"\" class=\"wp-image-51685\" srcset=\"https:\/\/www.humanium.org\/fr\/wp-content\/uploads\/2022\/02\/shutterstock_538273168-1024x684.jpg 1024w, https:\/\/www.humanium.org\/fr\/wp-content\/uploads\/2022\/02\/shutterstock_538273168-300x200.jpg 300w, https:\/\/www.humanium.org\/fr\/wp-content\/uploads\/2022\/02\/shutterstock_538273168-768x513.jpg 768w, https:\/\/www.humanium.org\/fr\/wp-content\/uploads\/2022\/02\/shutterstock_538273168-1536x1025.jpg 1536w, https:\/\/www.humanium.org\/fr\/wp-content\/uploads\/2022\/02\/shutterstock_538273168-2048x1367.jpg 2048w, https:\/\/www.humanium.org\/fr\/wp-content\/uploads\/2022\/02\/shutterstock_538273168-830x554.jpg 830w, https:\/\/www.humanium.org\/fr\/wp-content\/uploads\/2022\/02\/shutterstock_538273168-230x154.jpg 230w, https:\/\/www.humanium.org\/fr\/wp-content\/uploads\/2022\/02\/shutterstock_538273168-350x234.jpg 350w, https:\/\/www.humanium.org\/fr\/wp-content\/uploads\/2022\/02\/shutterstock_538273168-480x320.jpg 480w, https:\/\/www.humanium.org\/fr\/wp-content\/uploads\/2022\/02\/shutterstock_538273168-272x182.jpg 272w\" sizes=\"auto, (max-width: 1024px) 100vw, 1024px\" \/><\/figure>\n\n\n\n<p class=\"wp-block-paragraph\">L\u2019\u00e9cocide et les droits des enfants sont donc intrins\u00e8quement li\u00e9s et il est n\u00e9cessaire d\u2019agir \u00e0 toutes les \u00e9chelles pour limiter les changements climatiques et s\u2019adapter \u00e0 cette nouvelle r\u00e9alit\u00e9. A Humanium, nous sommes convaincus que <a href=\"https:\/\/www.humanium.org\/fr\/la-lutte-dhumanium-pour-defendre-les-droits-environnementaux-en-coordination-avec-le-groupe-de-travail-sur-lenvironnement\/\">la protection de l\u2019environnement est une dimension essentielle \u00e0 prendre en compte<\/a> pour prot\u00e9ger et promouvoir les droits des enfants. Si vous souhaitez contribuer \u00e0 la construction d\u2019un monde durable pour les enfants, pensez \u00e0 faire un<strong>&nbsp;<\/strong>don, \u00e0 devenir&nbsp;volontaire&nbsp;ou \u00e0 devenir&nbsp;membre.<\/p>\n\n\n\n<p class=\"wp-block-paragraph\"><em><strong>Ecrit par Juliette Bail<\/strong><\/em><\/p>\n\n\n\n<h4 class=\"wp-block-heading\">Travaux cit\u00e9s&nbsp;:<\/h4>\n\n\n\n<p class=\"has-small-font-size wp-block-paragraph\"><a href=\"https:\/\/www.actioncontrelafaim.org\/a-la-une\/changement-climatique-quels-impacts-sur-la-faim\/\" target=\"_blank\" rel=\"noreferrer noopener\">Action contre la faim. (2020, juillet 3). Changementclimatique :Quels impacts sur la sant\u00e9 ? R\u00e9cup\u00e9r\u00e9 sur Action contre la faim: https:\/\/www.actioncontrelafaim.org\/a-la-une\/changement-climatique-quels-impacts-sur-la-faim\/. Consult\u00e9end\u00e9cembre 2021.&nbsp;<\/a><\/p>\n\n\n\n<p class=\"has-small-font-size wp-block-paragraph\"><a href=\"https:\/\/www.novethic.fr\/actualite\/environnement\/climat\/isr-rse\/l-assemblee-citoyenne-mondiale-pour-le-climat-a-presente-ses-premieres-propositions-a-la-cop26-150318.html\" target=\"_blank\" rel=\"noreferrer noopener\">Alvarez, C. (2021, novembre 18). L&rsquo;assembl\u00e9emondiale de citoyens pour le climat, uneexp\u00e9riencein\u00e9dite pour faire bouger les lignes. R\u00e9cup\u00e9r\u00e9 sur Novethic: https:\/\/www.novethic.fr\/actualite\/environnement\/climat\/isr-rse\/l-assemblee-citoyenne-mondiale-pour-le-climat-a-presente-ses-premieres-propositions-a-la-cop26-150318.html. Consult\u00e9end\u00e9cembre 2021.&nbsp;<\/a><\/p>\n\n\n\n<p class=\"has-small-font-size wp-block-paragraph\">Cabanes, V. (2016, Avril). Reconna\u00eetre le crime d&rsquo;\u00e9cocide. Revue Projet, pp. 70-73. R\u00e9cup\u00e9r\u00e9 sur Revue Projet. Consult\u00e9end\u00e9cembre 2021.&nbsp;<\/p>\n\n\n\n<p class=\"has-small-font-size wp-block-paragraph\"><a href=\"https:\/\/www.cbc.ca\/radio\/asithappens\/ecocide-international-criminal-court-law-definition-1.6096774\" target=\"_blank\" rel=\"noreferrer noopener\">CBC Radio. (2021, juillet 9). Legal experts push to make &lsquo;ecocide&rsquo; an international crime alongside genocide. R\u00e9cup\u00e9r\u00e9 sur CBC: https:\/\/www.cbc.ca\/radio\/asithappens\/ecocide-international-criminal-court-law-definition-1.6096774. Consult\u00e9end\u00e9cembre 2021.&nbsp;<\/a><\/p>\n\n\n\n<p class=\"has-small-font-size wp-block-paragraph\"><a href=\"https:\/\/www.icc-cpi.int\/about?ln=fr\" target=\"_blank\" rel=\"noreferrer noopener\">Courp\u00e9naleinternationale. (s.d.). About. R\u00e9cup\u00e9r\u00e9 sur Courp\u00e9naleinternationale: https:\/\/www.icc-cpi.int\/about?ln=fr. Consult\u00e9end\u00e9cembre 2021.&nbsp;<\/a><\/p>\n\n\n\n<p class=\"has-small-font-size wp-block-paragraph\"><a href=\"https:\/\/www.quebec.ca\/sante\/conseils-et-prevention\/sante-et-environnement\/effets-de-la-pollution-de-l-air-sur-la-sante\" target=\"_blank\" rel=\"noreferrer noopener\">Gouvernement du Qu\u00e9bec. (2021, d\u00e9cembre 2). Effets de la pollution de l&rsquo;air sur la sant\u00e9. R\u00e9cup\u00e9r\u00e9 sur Qu\u00e9bec: https:\/\/www.quebec.ca\/sante\/conseils-et-prevention\/sante-et-environnement\/effets-de-la-pollution-de-l-air-sur-la-sante. Consult\u00e9end\u00e9cembre 2021.&nbsp;<\/a><\/p>\n\n\n\n<p class=\"has-small-font-size wp-block-paragraph\"><a href=\"https:\/\/www.cairn.info\/revue-spirale-2013-4-page-45.htm?contenu=article\" target=\"_blank\" rel=\"noreferrer noopener\">Isra\u00ebl, J. (2013, avril). La pollution des villes rend les b\u00e9b\u00e9smalades. Spirale, pp. 45-51. R\u00e9cup\u00e9r\u00e9 sur Spirale: https:\/\/www.cairn.info\/revue-spirale-2013-4-page-45.htm?contenu=article. Consult\u00e9end\u00e9cembre 2021.&nbsp;<\/a><\/p>\n\n\n\n<p class=\"has-small-font-size wp-block-paragraph\"><a href=\"https:\/\/www.lemonde.fr\/planete\/article\/2021\/06\/24\/un-groupe-d-experts-elabore-une-definition-internationale-du-crime-d-ecocide_6085576_3244.html\" target=\"_blank\" rel=\"noreferrer noopener\">Jolly, P. (2021, juin 24). Ungrouped\u2019experts\u00e9laboreuned\u00e9finitioninternationale du crime d\u2019\u00e9cocide. R\u00e9cup\u00e9r\u00e9 sur Le Monde: https:\/\/www.lemonde.fr\/planete\/article\/2021\/06\/24\/un-groupe-d-experts-elabore-une-definition-internationale-du-crime-d-ecocide_6085576_3244.html. Consult\u00e9end\u00e9cembre 2021.&nbsp;<\/a><\/p>\n\n\n\n<p class=\"has-small-font-size wp-block-paragraph\"><a href=\"https:\/\/www.franceinter.fr\/environnement\/les-catastrophes-naturelles-ont-double-en-20-ans-sous-l-effet-du-rechauffement-climatique\" target=\"_blank\" rel=\"noreferrer noopener\">La r\u00e9dactionnum\u00e9rique de France Inter. (2020, octobre 12). Les catastrophes naturellesontdoubl\u00e9en 20 ans sous l&rsquo;effet du r\u00e9chauffementclimatique. R\u00e9cup\u00e9r\u00e9 sur France Inter: https:\/\/www.franceinter.fr\/environnement\/les-catastrophes-naturelles-ont-double-en-20-ans-sous-l-effet-du-rechauffement-climatique. Consult\u00e9end\u00e9cembre 2021.&nbsp;<\/a><\/p>\n\n\n\n<p class=\"has-small-font-size wp-block-paragraph\"><a href=\"https:\/\/grame.org\/cop26-succes-ou-echec\/\" target=\"_blank\" rel=\"noreferrer noopener\">Louis, A. (2021, d\u00e9cembre 7). COP26 :succ\u00e8sou\u00e9chec ? R\u00e9cup\u00e9r\u00e9 sur Grame: https:\/\/grame.org\/cop26-succes-ou-echec\/. Consult\u00e9end\u00e9cembre 2021.&nbsp;<\/a><\/p>\n\n\n\n<p class=\"has-small-font-size wp-block-paragraph\"><a href=\"https:\/\/www.who.int\/fr\/news\/item\/29-10-2018-more-than-90-of-the-world\u2019s-children-breathe-toxic-air-every-day\" target=\"_blank\" rel=\"noreferrer noopener\">Organisation mondiale de la sant\u00e9. (2018, octobre 29). Plus de 90% des enfantsdans le monde respirentchaque jour un air pollu\u00e9. R\u00e9cup\u00e9r\u00e9 sur OMS: https:\/\/www.who.int\/fr\/news\/item\/29-10-2018-more-than-90-of-the-world\u2019s-children-breathe-toxic-air-every-day. Consult\u00e9end\u00e9cembre 2021.<\/a><\/p>\n\n\n\n<p class=\"has-small-font-size wp-block-paragraph\"><a href=\"https:\/\/reporterre.net\/COP26-le-gachis-et-la-deception-d-un-accord-a-minima\" target=\"_blank\" rel=\"noreferrer noopener\">Reza Kobkabi, A. (2021, novembre 13). COP26 : le g\u00e2chis et la d\u00e9ception d\u2019un accord minimal. R\u00e9cup\u00e9r\u00e9 sur Reporterre: https:\/\/reporterre.net\/COP26-le-gachis-et-la-deception-d-un-accord-a-minima. Consult\u00e9end\u00e9cembre 2021.&nbsp;<\/a><\/p>\n\n\n\n<p class=\"has-small-font-size wp-block-paragraph\"><a href=\"https:\/\/www.stopecocide.earth\" target=\"_blank\" rel=\"noreferrer noopener\">Stop Ecocide. (s.d.). Ecocide. R\u00e9cup\u00e9r\u00e9 sur Stop Ecocide: https:\/\/www.stopecocide.earth. Consult\u00e9end\u00e9cembre 2021.&nbsp;<\/a><\/p>\n\n\n\n<p class=\"has-small-font-size wp-block-paragraph\">Thiery, W. (2021, septembre 26). Intergenerational inequities in exposure to climate extremes. Science, pp. 158-160. Consult\u00e9end\u00e9cembre 2021.&nbsp;<\/p>\n\n\n\n<p class=\"has-small-font-size wp-block-paragraph\"><a href=\"https:\/\/www.preventionweb.net\/files\/74124_humancostofdisasters20002019reportu.pdf\" target=\"_blank\" rel=\"noreferrer noopener\">UN Office for Disaster Risk Reduction. (2020). Human cost of disasters &#8211; An overview of the last 20 years 2000-2019. R\u00e9cup\u00e9r\u00e9 sur UNDRR: https:\/\/www.preventionweb.net\/files\/74124_humancostofdisasters20002019reportu.pdf. Consult\u00e9end\u00e9cembre 2021.&nbsp;<\/a><\/p>\n\n\n\n<p class=\"has-small-font-size wp-block-paragraph\"><a href=\"https:\/\/www.unicef.fr\/sites\/default\/files\/fiche_thematique_droit_alimentation_0.pdf.\" target=\"_blank\" rel=\"noreferrer noopener\">UNICEF. (2016, septembre). Le droit \u00e0 l&rsquo;alimentation. R\u00e9cup\u00e9r\u00e9 sur UNICEF: https:\/\/www.unicef.fr\/sites\/default\/files\/fiche_thematique_droit_alimentation_0.pdf. Consult\u00e9end\u00e9cembre 2021.&nbsp;<\/a><\/p>\n\n\n\n<p class=\"has-small-font-size wp-block-paragraph\"><a href=\"https:\/\/reliefweb.int\/report\/world\/les-enfants-face-aux-cons-quences-des-conflits-et-catastrophes\" target=\"_blank\" rel=\"noreferrer noopener\">UNICEF. (2016, d\u00e9cembre 9). Les enfants face aux cons\u00e9quences des conflitset catastrophes. R\u00e9cup\u00e9r\u00e9 sur Relief Web: https:\/\/reliefweb.int\/report\/world\/les-enfants-face-aux-cons-quences-des-conflits-et-catastrophes. Consult\u00e9end\u00e9cembre 2021.&nbsp;<\/a><\/p>\n\n\n\n<p class=\"has-small-font-size wp-block-paragraph\"><a href=\"https:\/\/unric.org\/fr\/cop26-deception-a-glasgow-malgre-des-avancees-importantes\/\" target=\"_blank\" rel=\"noreferrer noopener\">UNICEF. (2021, novembre 15). COP26 :d\u00e9ception \u00e0 Glasgow malgr\u00e9 des avanc\u00e9esimportantes. R\u00e9cup\u00e9r\u00e9 sur UNICEF: https:\/\/unric.org\/fr\/cop26-deception-a-glasgow-malgre-des-avancees-importantes\/. Consult\u00e9end\u00e9cembre 2021.&nbsp;<\/a><\/p>\n\n\n\n<p class=\"has-small-font-size wp-block-paragraph\"><a href=\"https:\/\/www.unicef.org\/media\/105536\/file\/UNICEF_climate%20crisis_child_rights_crisis-summary-FR.pdf\" target=\"_blank\" rel=\"noreferrer noopener\">UNICEF. (2021, ao\u00fbt). La criseclimatiqueestunecrise des droits de l\u2019enfant. R\u00e9cup\u00e9r\u00e9 sur UNICEF: https:\/\/www.unicef.org\/media\/105536\/file\/UNICEF_climate%20crisis_child_rights_crisis-summary-FR.pdf. Consult\u00e9end\u00e9cembre 2021.<\/a><\/p>\n\n\n\n<hr class=\"wp-block-separator\"\/>\n\n\n\n<p class=\"has-small-font-size wp-block-paragraph\"><a href=\"https:\/\/www.humanium.org\/fr\/wp-admin\/post.php?post=51681&amp;action=edit\" target=\"_blank\" rel=\"noreferrer noopener\">[1]<\/a>\u00a0Pour aller plus loin\u00a0: CBC Radio. (2021, juillet 9). Legal experts push to make &lsquo;ecocide&rsquo; an international crime alongside genocide. R\u00e9cup\u00e9r\u00e9 sur CBC: <a href=\"https:\/\/www.cbc.ca\/radio\/asithappens\/ecocide-international-criminal-court-law-definition-1.6096774\" target=\"_blank\" rel=\"noreferrer noopener\">https:\/\/www.cbc.ca\/radio\/asithappens\/ecocide-international-criminal-court-law-definition-1.6096774<\/a> ; Cabanes, V. (2016, Avril). Reconna\u00eetre le crime d&rsquo;\u00e9cocide. Revue Projet, pp. 70-73. R\u00e9cup\u00e9r\u00e9 sur Revue Projet.<\/p>\n","protected":false},"excerpt":{"rendered":"<p>\u00ab&nbsp;La crise climatique est une crise des droits de l\u2019enfant&nbsp;.\u00bb &#8211;UNICEF, 2021 Selon l\u2019Indice des risques climatiques pour les enfants (IRCE), \u00ab&nbsp;pr\u00e8s de la moiti\u00e9 des enfants de la plan\u00e8te, sont expos\u00e9s \u00e0 un risque climatique extr\u00eamement \u00e9lev\u00e9. Et cela se passe en ce moment m\u00eame.&nbsp;\u00bb (UNICEF, 2021, p. 2). Le concept d\u2019\u00e9cocide et les [&hellip;]<\/p>\n","protected":false},"author":69,"featured_media":51689,"comment_status":"closed","ping_status":"closed","sticky":false,"template":"","format":"standard","meta":{"footnotes":""},"categories":[220,6,10],"tags":[],"class_list":["post-51681","post","type-post","status-publish","format-standard","has-post-thumbnail","hentry","category-droits-des-enfants","category-environnement","category-sante"],"yoast_head":"<!-- This site is optimized with the Yoast SEO plugin v28.3 - https:\/\/yoast.com\/product\/yoast-seo-wordpress\/ -->\n<title>Le crime d\u2019\u00e9cocide et son influence sur les droits des enfants - Humanium<\/title>\n<meta name=\"description\" content=\"Le concept d\u2019\u00e9cocide et les revendications pour qu\u2019il soit int\u00e9gr\u00e9 dans le Statut de Rome semblent \u00eatre int\u00e9ressants.\" \/>\n<meta name=\"robots\" content=\"index, follow, max-snippet:-1, max-image-preview:large, max-video-preview:-1\" \/>\n<link rel=\"canonical\" href=\"https:\/\/www.humanium.org\/fr\/le-crime-decocide-et-son-influence-sur-les-droits-des-enfants\/\" \/>\n<meta property=\"og:locale\" content=\"fr_FR\" \/>\n<meta property=\"og:type\" content=\"article\" \/>\n<meta property=\"og:title\" content=\"Le crime d\u2019\u00e9cocide et son influence sur les droits des enfants - Humanium\" \/>\n<meta property=\"og:description\" content=\"Le concept d\u2019\u00e9cocide et les revendications pour qu\u2019il soit int\u00e9gr\u00e9 dans le Statut de Rome semblent \u00eatre int\u00e9ressants.\" \/>\n<meta property=\"og:url\" content=\"https:\/\/www.humanium.org\/fr\/le-crime-decocide-et-son-influence-sur-les-droits-des-enfants\/\" \/>\n<meta property=\"og:site_name\" content=\"Humanium\" \/>\n<meta property=\"article:published_time\" content=\"2022-02-15T13:06:14+00:00\" \/>\n<meta property=\"article:modified_time\" content=\"2026-08-21T03:19:30+00:00\" \/>\n<meta property=\"og:image\" content=\"https:\/\/www.humanium.org\/fr\/wp-content\/uploads\/2022\/02\/shutterstock_37847128-scaled.jpg\" \/>\n\t<meta property=\"og:image:width\" content=\"2560\" \/>\n\t<meta property=\"og:image:height\" content=\"1707\" \/>\n\t<meta property=\"og:image:type\" content=\"image\/jpeg\" \/>\n<meta name=\"author\" content=\"Humanium\" \/>\n<meta name=\"twitter:card\" content=\"summary_large_image\" \/>\n<meta name=\"twitter:label1\" content=\"\u00c9crit par\" \/>\n\t<meta name=\"twitter:data1\" content=\"Humanium\" \/>\n\t<meta name=\"twitter:label2\" content=\"Dur\u00e9e de lecture estim\u00e9e\" \/>\n\t<meta name=\"twitter:data2\" content=\"7 minutes\" \/>\n<script type=\"application\/ld+json\" class=\"yoast-schema-graph\">{\"@context\":\"https:\\\/\\\/schema.org\",\"@graph\":[{\"@type\":\"Article\",\"@id\":\"https:\\\/\\\/www.humanium.org\\\/fr\\\/le-crime-decocide-et-son-influence-sur-les-droits-des-enfants\\\/#article\",\"isPartOf\":{\"@id\":\"https:\\\/\\\/www.humanium.org\\\/fr\\\/le-crime-decocide-et-son-influence-sur-les-droits-des-enfants\\\/\"},\"author\":{\"name\":\"Humanium\",\"@id\":\"https:\\\/\\\/www.humanium.org\\\/fr\\\/#\\\/schema\\\/person\\\/d798d6c7d59ba2307e0877f61a20ce3e\"},\"headline\":\"Le crime d\u2019\u00e9cocide et son influence sur les droits des enfants\",\"datePublished\":\"2022-02-15T13:06:14+00:00\",\"dateModified\":\"2026-08-21T03:19:30+00:00\",\"mainEntityOfPage\":{\"@id\":\"https:\\\/\\\/www.humanium.org\\\/fr\\\/le-crime-decocide-et-son-influence-sur-les-droits-des-enfants\\\/\"},\"wordCount\":1783,\"image\":{\"@id\":\"https:\\\/\\\/www.humanium.org\\\/fr\\\/le-crime-decocide-et-son-influence-sur-les-droits-des-enfants\\\/#primaryimage\"},\"thumbnailUrl\":\"https:\\\/\\\/www.humanium.org\\\/fr\\\/wp-content\\\/uploads\\\/2022\\\/02\\\/shutterstock_37847128-scaled.jpg\",\"articleSection\":[\"Droits des enfants\",\"Environnement\",\"Sant\u00e9\"],\"inLanguage\":\"fr-FR\"},{\"@type\":\"WebPage\",\"@id\":\"https:\\\/\\\/www.humanium.org\\\/fr\\\/le-crime-decocide-et-son-influence-sur-les-droits-des-enfants\\\/\",\"url\":\"https:\\\/\\\/www.humanium.org\\\/fr\\\/le-crime-decocide-et-son-influence-sur-les-droits-des-enfants\\\/\",\"name\":\"Le crime d\u2019\u00e9cocide et son influence sur les droits des enfants - Humanium\",\"isPartOf\":{\"@id\":\"https:\\\/\\\/www.humanium.org\\\/fr\\\/#website\"},\"primaryImageOfPage\":{\"@id\":\"https:\\\/\\\/www.humanium.org\\\/fr\\\/le-crime-decocide-et-son-influence-sur-les-droits-des-enfants\\\/#primaryimage\"},\"image\":{\"@id\":\"https:\\\/\\\/www.humanium.org\\\/fr\\\/le-crime-decocide-et-son-influence-sur-les-droits-des-enfants\\\/#primaryimage\"},\"thumbnailUrl\":\"https:\\\/\\\/www.humanium.org\\\/fr\\\/wp-content\\\/uploads\\\/2022\\\/02\\\/shutterstock_37847128-scaled.jpg\",\"datePublished\":\"2022-02-15T13:06:14+00:00\",\"dateModified\":\"2026-08-21T03:19:30+00:00\",\"author\":{\"@id\":\"https:\\\/\\\/www.humanium.org\\\/fr\\\/#\\\/schema\\\/person\\\/d798d6c7d59ba2307e0877f61a20ce3e\"},\"description\":\"Le concept d\u2019\u00e9cocide et les revendications pour qu\u2019il soit int\u00e9gr\u00e9 dans le Statut de Rome semblent \u00eatre int\u00e9ressants.\",\"breadcrumb\":{\"@id\":\"https:\\\/\\\/www.humanium.org\\\/fr\\\/le-crime-decocide-et-son-influence-sur-les-droits-des-enfants\\\/#breadcrumb\"},\"inLanguage\":\"fr-FR\",\"potentialAction\":[{\"@type\":\"ReadAction\",\"target\":[\"https:\\\/\\\/www.humanium.org\\\/fr\\\/le-crime-decocide-et-son-influence-sur-les-droits-des-enfants\\\/\"]}]},{\"@type\":\"ImageObject\",\"inLanguage\":\"fr-FR\",\"@id\":\"https:\\\/\\\/www.humanium.org\\\/fr\\\/le-crime-decocide-et-son-influence-sur-les-droits-des-enfants\\\/#primaryimage\",\"url\":\"https:\\\/\\\/www.humanium.org\\\/fr\\\/wp-content\\\/uploads\\\/2022\\\/02\\\/shutterstock_37847128-scaled.jpg\",\"contentUrl\":\"https:\\\/\\\/www.humanium.org\\\/fr\\\/wp-content\\\/uploads\\\/2022\\\/02\\\/shutterstock_37847128-scaled.jpg\",\"width\":2560,\"height\":1707},{\"@type\":\"BreadcrumbList\",\"@id\":\"https:\\\/\\\/www.humanium.org\\\/fr\\\/le-crime-decocide-et-son-influence-sur-les-droits-des-enfants\\\/#breadcrumb\",\"itemListElement\":[{\"@type\":\"ListItem\",\"position\":1,\"name\":\"Home\",\"item\":\"https:\\\/\\\/www.humanium.org\\\/fr\\\/\"},{\"@type\":\"ListItem\",\"position\":2,\"name\":\"Le crime d\u2019\u00e9cocide et son influence sur les droits des enfants\"}]},{\"@type\":\"WebSite\",\"@id\":\"https:\\\/\\\/www.humanium.org\\\/fr\\\/#website\",\"url\":\"https:\\\/\\\/www.humanium.org\\\/fr\\\/\",\"name\":\"Humanium\",\"description\":\"Les enfants d\u2019abord !\",\"potentialAction\":[{\"@type\":\"SearchAction\",\"target\":{\"@type\":\"EntryPoint\",\"urlTemplate\":\"https:\\\/\\\/www.humanium.org\\\/fr\\\/?s={search_term_string}\"},\"query-input\":{\"@type\":\"PropertyValueSpecification\",\"valueRequired\":true,\"valueName\":\"search_term_string\"}}],\"inLanguage\":\"fr-FR\"},{\"@type\":\"Person\",\"@id\":\"https:\\\/\\\/www.humanium.org\\\/fr\\\/#\\\/schema\\\/person\\\/d798d6c7d59ba2307e0877f61a20ce3e\",\"name\":\"Humanium\",\"image\":{\"@type\":\"ImageObject\",\"inLanguage\":\"fr-FR\",\"@id\":\"https:\\\/\\\/secure.gravatar.com\\\/avatar\\\/22715e338d2fcc547e3a431c4738360d33fea2a4af458f865b2c3b22f1eaa51f?s=96&d=mm&r=g\",\"url\":\"https:\\\/\\\/secure.gravatar.com\\\/avatar\\\/22715e338d2fcc547e3a431c4738360d33fea2a4af458f865b2c3b22f1eaa51f?s=96&d=mm&r=g\",\"contentUrl\":\"https:\\\/\\\/secure.gravatar.com\\\/avatar\\\/22715e338d2fcc547e3a431c4738360d33fea2a4af458f865b2c3b22f1eaa51f?s=96&d=mm&r=g\",\"caption\":\"Humanium\"},\"url\":\"https:\\\/\\\/www.humanium.org\\\/fr\\\/author\\\/humanium\\\/\"}]}<\/script>\n<!-- \/ Yoast SEO plugin. -->","yoast_head_json":{"title":"Le crime d\u2019\u00e9cocide et son influence sur les droits des enfants - Humanium","description":"Le concept d\u2019\u00e9cocide et les revendications pour qu\u2019il soit int\u00e9gr\u00e9 dans le Statut de Rome semblent \u00eatre int\u00e9ressants.","robots":{"index":"index","follow":"follow","max-snippet":"max-snippet:-1","max-image-preview":"max-image-preview:large","max-video-preview":"max-video-preview:-1"},"canonical":"https:\/\/www.humanium.org\/fr\/le-crime-decocide-et-son-influence-sur-les-droits-des-enfants\/","og_locale":"fr_FR","og_type":"article","og_title":"Le crime d\u2019\u00e9cocide et son influence sur les droits des enfants - Humanium","og_description":"Le concept d\u2019\u00e9cocide et les revendications pour qu\u2019il soit int\u00e9gr\u00e9 dans le Statut de Rome semblent \u00eatre int\u00e9ressants.","og_url":"https:\/\/www.humanium.org\/fr\/le-crime-decocide-et-son-influence-sur-les-droits-des-enfants\/","og_site_name":"Humanium","article_published_time":"2022-02-15T13:06:14+00:00","article_modified_time":"2026-08-21T03:19:30+00:00","og_image":[{"width":2560,"height":1707,"url":"https:\/\/www.humanium.org\/fr\/wp-content\/uploads\/2022\/02\/shutterstock_37847128-scaled.jpg","type":"image\/jpeg"}],"author":"Humanium","twitter_card":"summary_large_image","twitter_misc":{"\u00c9crit par":"Humanium","Dur\u00e9e de lecture estim\u00e9e":"7 minutes"},"schema":{"@context":"https:\/\/schema.org","@graph":[{"@type":"Article","@id":"https:\/\/www.humanium.org\/fr\/le-crime-decocide-et-son-influence-sur-les-droits-des-enfants\/#article","isPartOf":{"@id":"https:\/\/www.humanium.org\/fr\/le-crime-decocide-et-son-influence-sur-les-droits-des-enfants\/"},"author":{"name":"Humanium","@id":"https:\/\/www.humanium.org\/fr\/#\/schema\/person\/d798d6c7d59ba2307e0877f61a20ce3e"},"headline":"Le crime d\u2019\u00e9cocide et son influence sur les droits des enfants","datePublished":"2022-02-15T13:06:14+00:00","dateModified":"2026-08-21T03:19:30+00:00","mainEntityOfPage":{"@id":"https:\/\/www.humanium.org\/fr\/le-crime-decocide-et-son-influence-sur-les-droits-des-enfants\/"},"wordCount":1783,"image":{"@id":"https:\/\/www.humanium.org\/fr\/le-crime-decocide-et-son-influence-sur-les-droits-des-enfants\/#primaryimage"},"thumbnailUrl":"https:\/\/www.humanium.org\/fr\/wp-content\/uploads\/2022\/02\/shutterstock_37847128-scaled.jpg","articleSection":["Droits des enfants","Environnement","Sant\u00e9"],"inLanguage":"fr-FR"},{"@type":"WebPage","@id":"https:\/\/www.humanium.org\/fr\/le-crime-decocide-et-son-influence-sur-les-droits-des-enfants\/","url":"https:\/\/www.humanium.org\/fr\/le-crime-decocide-et-son-influence-sur-les-droits-des-enfants\/","name":"Le crime d\u2019\u00e9cocide et son influence sur les droits des enfants - Humanium","isPartOf":{"@id":"https:\/\/www.humanium.org\/fr\/#website"},"primaryImageOfPage":{"@id":"https:\/\/www.humanium.org\/fr\/le-crime-decocide-et-son-influence-sur-les-droits-des-enfants\/#primaryimage"},"image":{"@id":"https:\/\/www.humanium.org\/fr\/le-crime-decocide-et-son-influence-sur-les-droits-des-enfants\/#primaryimage"},"thumbnailUrl":"https:\/\/www.humanium.org\/fr\/wp-content\/uploads\/2022\/02\/shutterstock_37847128-scaled.jpg","datePublished":"2022-02-15T13:06:14+00:00","dateModified":"2026-08-21T03:19:30+00:00","author":{"@id":"https:\/\/www.humanium.org\/fr\/#\/schema\/person\/d798d6c7d59ba2307e0877f61a20ce3e"},"description":"Le concept d\u2019\u00e9cocide et les revendications pour qu\u2019il soit int\u00e9gr\u00e9 dans le Statut de Rome semblent \u00eatre int\u00e9ressants.","breadcrumb":{"@id":"https:\/\/www.humanium.org\/fr\/le-crime-decocide-et-son-influence-sur-les-droits-des-enfants\/#breadcrumb"},"inLanguage":"fr-FR","potentialAction":[{"@type":"ReadAction","target":["https:\/\/www.humanium.org\/fr\/le-crime-decocide-et-son-influence-sur-les-droits-des-enfants\/"]}]},{"@type":"ImageObject","inLanguage":"fr-FR","@id":"https:\/\/www.humanium.org\/fr\/le-crime-decocide-et-son-influence-sur-les-droits-des-enfants\/#primaryimage","url":"https:\/\/www.humanium.org\/fr\/wp-content\/uploads\/2022\/02\/shutterstock_37847128-scaled.jpg","contentUrl":"https:\/\/www.humanium.org\/fr\/wp-content\/uploads\/2022\/02\/shutterstock_37847128-scaled.jpg","width":2560,"height":1707},{"@type":"BreadcrumbList","@id":"https:\/\/www.humanium.org\/fr\/le-crime-decocide-et-son-influence-sur-les-droits-des-enfants\/#breadcrumb","itemListElement":[{"@type":"ListItem","position":1,"name":"Home","item":"https:\/\/www.humanium.org\/fr\/"},{"@type":"ListItem","position":2,"name":"Le crime d\u2019\u00e9cocide et son influence sur les droits des enfants"}]},{"@type":"WebSite","@id":"https:\/\/www.humanium.org\/fr\/#website","url":"https:\/\/www.humanium.org\/fr\/","name":"Humanium","description":"Les enfants d\u2019abord !","potentialAction":[{"@type":"SearchAction","target":{"@type":"EntryPoint","urlTemplate":"https:\/\/www.humanium.org\/fr\/?s={search_term_string}"},"query-input":{"@type":"PropertyValueSpecification","valueRequired":true,"valueName":"search_term_string"}}],"inLanguage":"fr-FR"},{"@type":"Person","@id":"https:\/\/www.humanium.org\/fr\/#\/schema\/person\/d798d6c7d59ba2307e0877f61a20ce3e","name":"Humanium","image":{"@type":"ImageObject","inLanguage":"fr-FR","@id":"https:\/\/secure.gravatar.com\/avatar\/22715e338d2fcc547e3a431c4738360d33fea2a4af458f865b2c3b22f1eaa51f?s=96&d=mm&r=g","url":"https:\/\/secure.gravatar.com\/avatar\/22715e338d2fcc547e3a431c4738360d33fea2a4af458f865b2c3b22f1eaa51f?s=96&d=mm&r=g","contentUrl":"https:\/\/secure.gravatar.com\/avatar\/22715e338d2fcc547e3a431c4738360d33fea2a4af458f865b2c3b22f1eaa51f?s=96&d=mm&r=g","caption":"Humanium"},"url":"https:\/\/www.humanium.org\/fr\/author\/humanium\/"}]}},"_links":{"self":[{"href":"https:\/\/www.humanium.org\/fr\/wp-json\/wp\/v2\/posts\/51681","targetHints":{"allow":["GET"]}}],"collection":[{"href":"https:\/\/www.humanium.org\/fr\/wp-json\/wp\/v2\/posts"}],"about":[{"href":"https:\/\/www.humanium.org\/fr\/wp-json\/wp\/v2\/types\/post"}],"author":[{"embeddable":true,"href":"https:\/\/www.humanium.org\/fr\/wp-json\/wp\/v2\/users\/69"}],"replies":[{"embeddable":true,"href":"https:\/\/www.humanium.org\/fr\/wp-json\/wp\/v2\/comments?post=51681"}],"version-history":[{"count":6,"href":"https:\/\/www.humanium.org\/fr\/wp-json\/wp\/v2\/posts\/51681\/revisions"}],"predecessor-version":[{"id":62576,"href":"https:\/\/www.humanium.org\/fr\/wp-json\/wp\/v2\/posts\/51681\/revisions\/62576"}],"wp:featuredmedia":[{"embeddable":true,"href":"https:\/\/www.humanium.org\/fr\/wp-json\/wp\/v2\/media\/51689"}],"wp:attachment":[{"href":"https:\/\/www.humanium.org\/fr\/wp-json\/wp\/v2\/media?parent=51681"}],"wp:term":[{"taxonomy":"category","embeddable":true,"href":"https:\/\/www.humanium.org\/fr\/wp-json\/wp\/v2\/categories?post=51681"},{"taxonomy":"post_tag","embeddable":true,"href":"https:\/\/www.humanium.org\/fr\/wp-json\/wp\/v2\/tags?post=51681"}],"curies":[{"name":"wp","href":"https:\/\/api.w.org\/{rel}","templated":true}]}}