{"id":51770,"date":"2022-03-01T09:56:49","date_gmt":"2022-03-01T09:56:49","guid":{"rendered":"https:\/\/www.humanium.org\/fr\/?p=51770"},"modified":"2026-08-21T03:22:51","modified_gmt":"2026-08-21T03:22:51","slug":"linfluence-de-la-precarite-menstruelle-sur-les-droits-des-filles-et-des-femmes-dans-le-monde","status":"publish","type":"post","link":"https:\/\/www.humanium.org\/fr\/linfluence-de-la-precarite-menstruelle-sur-les-droits-des-filles-et-des-femmes-dans-le-monde\/","title":{"rendered":"L\u2019influence de la pr\u00e9carit\u00e9 menstruelle sur les droits des filles et des femmes dans le monde"},"content":{"rendered":"\n<p class=\"wp-block-paragraph\"><strong>Bien que l\u2019on vive dans un <\/strong><a href=\"https:\/\/www.humanium.org\/fr\/enfants-monde\/\"><strong>monde<\/strong><\/a><strong> o\u00f9 r\u00e8gnent l\u2019envie et le besoin constants de vouloir tout connaitre et comprendre, les <\/strong><a href=\"https:\/\/www.humanium.org\/fr\/stigmatisation-menstruelle-et-pratiques-chhaupadi\/\"><strong>menstruations<\/strong><\/a><strong>, aussi simples et inh\u00e9rentes soient elles, restent un sujet marqu\u00e9 par la d\u00e9sinformation, le tabou et la honte. Bien que les menstruations fassent partie int\u00e9grante de la vie de millions de filles et de femmes dans le monde, il y a toujours un nombre pr\u00e9occupant d\u2019entre elles qui, \u00e0 ce jour, n\u2019ont pas acc\u00e8s aux protections hygi\u00e9niques. Ce manque d\u2019acc\u00e8s a un effet direct sur leur <\/strong><strong>sant\u00e9<\/strong><strong> physique et, notamment, reproductive et mentale.\u00a0\u00a0<\/strong><\/p>\n\n\n\n<h2 class=\"wp-block-heading\"><strong>Qu\u2019est-ce que la pr\u00e9carit\u00e9 menstruelle\u2009?&nbsp;<\/strong><\/h2>\n\n\n\n<p class=\"wp-block-paragraph\">La pr\u00e9carit\u00e9 menstruelle est li\u00e9e au manque d\u2019acc\u00e8s aux protections hygi\u00e9niques, \u00e0 l\u2019<a href=\"https:\/\/www.humanium.org\/fr\/comprendre-droits-enfant\/droit-a-l-education\/\">\u00e9ducation<\/a>, aux services hygi\u00e9niques, \u00e0 la gestion des d\u00e9chets ou \u00e0 tout cela \u00e0 la fois. Elle touche environ 500&nbsp;millions de personnes dans le monde (Geng, 2021).&nbsp; Les menstruations sont un \u00e9l\u00e9ment-cl\u00e9 de la vie des femmes, il est donc impossible de les ignorer. En moyenne, une femme a ses r\u00e8gles pendant environ 7&nbsp;ans au cours de sa vie (UNICEF, 2018).&nbsp;<\/p>\n\n\n\n<p class=\"wp-block-paragraph\">Lorsqu\u2019on aborde le sujet des menstruations et de leur r\u00f4le dans la soci\u00e9t\u00e9, il existe plusieurs aspects et points de vue. Le discours peut varier&nbsp;d\u2019une consid\u00e9ration purement biologique \u00e0 une consid\u00e9ration politique. Certes, les deux ont du sens et de l\u2019importance, mais il y a une chose dont toute fille et femme a besoin&nbsp;: l\u2019acc\u00e8s \u00e0 un <a href=\"https:\/\/www.humanium.org\/fr\/humanium-signe-une-declaration-conjointe-pour-la-realisation-du-droit-des-enfants-a-un-environnement-sain\/\">environnement propre<\/a> o\u00f9 sa sant\u00e9 n\u2019est pas mise en p\u00e9ril par des obstacles s\u2019imposant entre elle et un processus naturel de son organisme.&nbsp;<\/p>\n\n\n\n<p class=\"wp-block-paragraph\">Bien que cela puisse sembler d\u2019une \u00e9vidence accessible \u00e0 tous, la r\u00e9alit\u00e9 est d\u2019un contraste alarmant. A l\u2019\u00e9chelle mondiale, 2,3&nbsp;milliards de personnes manquent encore d\u2019acc\u00e8s aux services sanitaires basiques et, dans les pays moins d\u00e9velopp\u00e9s, seulement 27&nbsp;% de la population poss\u00e8de un dispositif de lavage des mains avec de l\u2019<a href=\"https:\/\/www.humanium.org\/fr\/comprendre-droits-enfant\/droit-a-l-eau\/\">eau<\/a> et du savon. Ceci engendre donc des inconv\u00e9nients et des difficult\u00e9s \u00e9normes pour les femmes et les <a href=\"https:\/\/www.humanium.org\/fr\/droits-des-filles\/\">adolescentes<\/a> concernant la gestion de leurs menstruations (UNICEF, 2018).&nbsp;<\/p>\n\n\n\n<h2 class=\"wp-block-heading\"><strong>Quelles sont certaines cons\u00e9quences de la pr\u00e9carit\u00e9 menstruelle\u2009?&nbsp;<\/strong><\/h2>\n\n\n\n<h3 class=\"wp-block-heading\"><strong>Elle assure un cycle constant de stigmatisation sociale<\/strong><\/h3>\n\n\n\n<p class=\"wp-block-paragraph\">Bien qu\u2019il s\u2019agisse d\u2019un processus biologique sans aucune caract\u00e9ristique dangereuse, l\u2019histoire t\u00e9moigne d\u2019une ancienne croyance dans plusieurs communaut\u00e9s selon laquelle la pr\u00e9sence d\u2019une femme menstru\u00e9e pourrait nuire au b\u00e9tail, aux plantes et \u00e0 la <a href=\"https:\/\/www.humanium.org\/fr\/comprendre-droits-enfant\/droit-a-l-alimentation\/\">nourriture<\/a>. Dans les ann\u00e9es&nbsp;1930, les scientifiques occidentaux ont m\u00eame suppos\u00e9 que, pendant leurs r\u00e8gles, les corps des femmes secr\u00e9taient un type de poison (UNFPA, 2021).<\/p>\n\n\n\n<p class=\"wp-block-paragraph\">La <a href=\"https:\/\/www.humanium.org\/fr\/stigmatisation-menstruelle-et-pratiques-chhaupadi\/\">stigmatisation<\/a> qui relie les menstruations \u00e0 la malpropret\u00e9 et au d\u00e9gout contribue largement au fait que la crise de sant\u00e9 publique n\u2019ait pas encore abord\u00e9 correctement le sujet. Le lien cr\u00e9\u00e9 entre le concept de honte et les menstruations m\u00e8ne \u00e0 l\u2019absence d\u2019une conversation ouverte sur le sujet. Par cons\u00e9quent, cela emp\u00eache tout dialogue autour des protections hygi\u00e9niques (Ashley Rapp, 2020).<\/p>\n\n\n\n<p class=\"wp-block-paragraph\">Une \u00e9tude publi\u00e9e par International Women\u2019s Health Coalition a montr\u00e9 qu\u2019il existe environ 5000&nbsp;mots d\u2019argot dans 10&nbsp;langues diff\u00e9rentes pour faire r\u00e9f\u00e9rence aux menstruations (Litman, 2018).&nbsp;Le fait qu\u2019il soit n\u00e9cessaire d\u2019avoir recours \u00e0 des expressions alternatives pour se r\u00e9f\u00e9rer aux r\u00e8gles est une illustration de la large stigmatisation que le sujet entra\u00eene. <\/p>\n\n\n\n<p class=\"wp-block-paragraph\">Les tabous autour des menstruations ont pour cons\u00e9quence le manque important de disponibilit\u00e9 de ressources \u00e9ducatives sur la <a href=\"https:\/\/www.humanium.org\/fr\/comprendre-droits-enfant\/droit-a-la-sante\/\">sant\u00e9<\/a> et c\u2019est le manque de connaissance du cycle menstruel qui a renforc\u00e9 les mythes, l\u2019exclusion et l\u2019humiliation des femmes et des <a href=\"https:\/\/www.humanium.org\/fr\/droits-des-filles\/\">filles<\/a> (Litman, 2018). Dans les zones rurales du <a href=\"https:\/\/www.humanium.org\/fr\/ghana\/\">Ghana<\/a>, on leur interdit de pr\u00e9parer la <a href=\"https:\/\/www.humanium.org\/fr\/comprendre-droits-enfant\/droit-a-l-alimentation\/\">nourriture<\/a> ou d\u2019entrer dans une maison en pr\u00e9sence d\u2019un homme (Litman, 2018).<\/p>\n\n\n\n<p class=\"wp-block-paragraph\">Le Maple Women\u2019s Psychological Counseling Center \u00e0 <a href=\"https:\/\/www.humanium.org\/fr\/chine\/\">P\u00e9kin<\/a> a publi\u00e9 une \u00e9tude selon laquelle presque 70&nbsp;% des personnes interrog\u00e9es ont avou\u00e9 avoir tent\u00e9 de cacher les serviettes hygi\u00e9niques qu\u2019elles avaient sur elles, et que plus de 61&nbsp;% d\u2019entre elles ont utilis\u00e9 des euph\u00e9mismes pour se r\u00e9f\u00e9rer \u00e0 leurs r\u00e8gles (Tiffany May, 2020).&nbsp; En <a href=\"https:\/\/www.humanium.org\/fr\/ethiopie\/\">\u00c9thiopie<\/a>, il est courant pour les habitants de la r\u00e9gion de Benishangul-Gumuz de croire que le sang de la femme est maudit et que, pendant ses r\u00e8gles, elle se doit de quitter son domicile. De plus, parfois on lui tend m\u00eame sa nourriture \u00e0 l\u2019aide d\u2019un b\u00e2ton, pour \u00e9viter de la toucher (Negash, 2017).&nbsp;<\/p>\n\n\n\n<p class=\"wp-block-paragraph\">En <a href=\"https:\/\/www.humanium.org\/fr\/inde\/\">Inde<\/a>, les menstruations sont une cause de <a href=\"https:\/\/www.humanium.org\/fr\/discriminations\/\">discrimination<\/a> et sont souvent la raison pour laquelle on interdit aux <a href=\"https:\/\/www.humanium.org\/fr\/droits-des-filles\/\">filles<\/a> et aux femmes d\u2019assister \u00e0 des \u00e9v\u00e9nements sociaux et culturels ou de rentrer dans les cuisines (BBC, 2020). D\u2019apr\u00e8s une \u00e9tude, 71&nbsp;% des adolescentes en <a href=\"https:\/\/www.humanium.org\/fr\/inde\/\">Inde<\/a> ne savent pas ce que sont les menstruations avant d\u2019avoir leurs premi\u00e8res r\u00e8gles (BBC, 2020). Le savoir est \u00e0 la base de l\u2019\u00e9mancipation et ne pas connaitre une chose aussi fondamentale que celle-l\u00e0 est une illustration de l\u2019immensit\u00e9 du probl\u00e8me de la stigmatisation sociale.<\/p>\n\n\n\n<p class=\"wp-block-paragraph\">M\u00eame dans les pays qui ont des conversations relativement plus ouvertes autour du sujet des menstruations, les publicit\u00e9s ne repr\u00e9sentent jamais v\u00e9ritablement \u00e0 quoi ressemblent les menstruations et leur ressenti. Tr\u00e8s souvent, elles enjolivent le processus. De plus, nombre d\u2019entre elles utilisent un liquide bleu pour repr\u00e9senter le sang menstruel. Cela sugg\u00e8re qu\u2019il est d\u00e9goutant de montrer du sang menstruel \u00e0 la t\u00e9l\u00e9vision, alors que le sang est un \u00e9l\u00e9ment r\u00e9guli\u00e8rement pr\u00e9sent dans les s\u00e9ries m\u00e9dicales et dans les films d\u2019horreur (Bell, 2017).&nbsp;<\/p>\n\n\n\n<p class=\"wp-block-paragraph\">Ce discours reposant en grande partie sur des connaissances insuffisantes, sur des tabous et sur des stigmatisations contribue aux <a href=\"https:\/\/www.humanium.org\/fr\/droits-des-filles\/\">grossesses d\u2019adolescentes<\/a> et aux <a href=\"https:\/\/www.humanium.org\/fr\/mariage-enfants\/\">mariages d\u2019enfants<\/a> puisque les filles et les femmes ne sont pas correctement inform\u00e9es sur leur <a href=\"https:\/\/www.humanium.org\/fr\/sexualite-des-adolescents\/\">sant\u00e9 sexuelle et reproductive<\/a>.&nbsp; Par cons\u00e9quent, elles ne se sentent pas suffisamment \u00e9mancip\u00e9es pour pouvoir faire des choix et prendre des d\u00e9cisions personnelles \u00e0 propos de leur corps.&nbsp; D\u2019apr\u00e8s les Fonds des Nations Unies pour la population, environ 7,3&nbsp;millions de filles de moins de 18&nbsp;ans accouchent chaque ann\u00e9e et, d\u2019apr\u00e8s l\u2019UNICEF, dans l\u2019ann\u00e9e&nbsp;2020, 21&nbsp;% des jeunes femmes se sont mari\u00e9es avant leurs 18&nbsp;ans.<\/p>\n\n\n\n<h3 class=\"wp-block-heading\"><strong>Elle pose des limites \u00e0 l\u2019\u00e9ducation&nbsp;<\/strong><\/h3>\n\n\n\n<figure class=\"wp-block-image size-large\"><img loading=\"lazy\" decoding=\"async\" width=\"1024\" height=\"683\" src=\"https:\/\/www.humanium.org\/fr\/wp-content\/uploads\/2022\/03\/shutterstock_1145721485-1024x683.jpg\" alt=\"\" class=\"wp-image-51772\" srcset=\"https:\/\/www.humanium.org\/fr\/wp-content\/uploads\/2022\/03\/shutterstock_1145721485-1024x683.jpg 1024w, https:\/\/www.humanium.org\/fr\/wp-content\/uploads\/2022\/03\/shutterstock_1145721485-300x200.jpg 300w, https:\/\/www.humanium.org\/fr\/wp-content\/uploads\/2022\/03\/shutterstock_1145721485-768x512.jpg 768w, https:\/\/www.humanium.org\/fr\/wp-content\/uploads\/2022\/03\/shutterstock_1145721485-1536x1024.jpg 1536w, https:\/\/www.humanium.org\/fr\/wp-content\/uploads\/2022\/03\/shutterstock_1145721485-2048x1365.jpg 2048w, https:\/\/www.humanium.org\/fr\/wp-content\/uploads\/2022\/03\/shutterstock_1145721485-830x553.jpg 830w, https:\/\/www.humanium.org\/fr\/wp-content\/uploads\/2022\/03\/shutterstock_1145721485-230x153.jpg 230w, https:\/\/www.humanium.org\/fr\/wp-content\/uploads\/2022\/03\/shutterstock_1145721485-350x233.jpg 350w, https:\/\/www.humanium.org\/fr\/wp-content\/uploads\/2022\/03\/shutterstock_1145721485-480x320.jpg 480w, https:\/\/www.humanium.org\/fr\/wp-content\/uploads\/2022\/03\/shutterstock_1145721485-272x182.jpg 272w\" sizes=\"auto, (max-width: 1024px) 100vw, 1024px\" \/><\/figure>\n\n\n\n<p class=\"wp-block-paragraph\">Dans un monde qui fonctionne encore selon un syst\u00e8me patriarcal, l\u2019<a href=\"https:\/\/www.humanium.org\/fr\/comprendre-droits-enfant\/droit-a-l-education\/\">\u00e9ducation<\/a> offre aux filles un point de d\u00e9part leur permettant d\u2019atteindre l\u2019ind\u00e9pendance, l\u2019\u00e9mancipation et la prise de conscience. Elle cr\u00e9e un support sur lequel les r\u00eaves peuvent \u00eatre construits et pour lequel on doit constamment travailler. Tout ce qui interrompt ou emp\u00eache l\u2019\u00e9ducation d\u2019une <a href=\"https:\/\/www.humanium.org\/fr\/droits-des-filles\/\">fille<\/a> influence directement sa vie de mani\u00e8re n\u00e9gative. La triste r\u00e9alit\u00e9 est que la pr\u00e9carit\u00e9 menstruelle est un obstacle important qui ferme souvent les portes \u00e0 un avenir prometteur.<\/p>\n\n\n\n<p class=\"wp-block-paragraph\">Le manque d\u2019acc\u00e8s aux protections hygi\u00e9niques explique en grande partie pourquoi autant de filles sont dans l\u2019impossibilit\u00e9 de fr\u00e9quenter l\u2019\u00e9cole. Au <a href=\"https:\/\/www.humanium.org\/fr\/bangladesh\/\">Bangladesh<\/a>, plus d\u2019un tiers des filles interrog\u00e9es ont affirm\u00e9 que des probl\u00e8mes li\u00e9s \u00e0 leurs menstruations sont \u00e0 l\u2019origine d\u2019une baisse de leurs r\u00e9sultats scolaires (World Bank, 2018). <\/p>\n\n\n\n<p class=\"wp-block-paragraph\">Une \u00e9tude r\u00e9cente men\u00e9e par la R\u00e9publique de Mac\u00e9doine du Nord a montr\u00e9 que 90&nbsp;% des \u00e9tudiantes dans les zones rurales ne fr\u00e9quentent pas l\u2019<a href=\"https:\/\/www.humanium.org\/fr\/comprendre-droits-enfant\/droit-a-l-education\/\">\u00e9cole<\/a> pendant la p\u00e9riode de leurs r\u00e8gles qui dure g\u00e9n\u00e9ralement jusqu\u2019\u00e0 5&nbsp;jours. Les raisons les plus courantes expliquant ces circonstances sont les conditions inappropri\u00e9es de la gestion de l\u2019hygi\u00e8ne menstruelle dans les \u00e9coles ainsi que le prix \u00e9lev\u00e9 des protections hygi\u00e9niques (WHO, 2018).<\/p>\n\n\n\n<p class=\"wp-block-paragraph\">En <a href=\"https:\/\/www.humanium.org\/fr\/afrique-du-sud\/\">Afrique du Sud<\/a>, jusqu\u2019\u00e0 7&nbsp;millions de filles n\u2019ont pas acc\u00e8s ou ne peuvent pas se permettre d\u2019acheter des protections hygi\u00e9niques. Souvent, il leur faut faire un choix, et il s\u2019agit d\u2019un choix qui est compl\u00e8tement accablant et qui ne devrait jamais \u00eatre fait par un \u00eatre humain&nbsp;: acheter de la <a href=\"https:\/\/www.humanium.org\/fr\/comprendre-droits-enfant\/droit-a-l-alimentation\/\">nourriture<\/a> ou acheter des protections hygi\u00e9niques. Beaucoup de femmes choisissent la premi\u00e8re option puisqu\u2019elle a plus d\u2019importance en termes de priorit\u00e9. Par cons\u00e9quent, des femmes et des filles restent chez elles durant la dur\u00e9e de leurs r\u00e8gles, c\u2019est pour cela que l\u2019on estime que 30&nbsp;% des <a href=\"https:\/\/www.humanium.org\/fr\/droits-des-filles\/\">filles<\/a> <a href=\"https:\/\/www.humanium.org\/fr\/afrique-du-sud\/\">sud-africaines<\/a> s\u2019absentent de l\u2019<a href=\"https:\/\/www.humanium.org\/fr\/comprendre-droits-enfant\/droit-a-l-education\/\">\u00e9cole<\/a> \u00e0 cause d\u2019un manque de protections hygi\u00e9niques (Mamtaney, 2021).<\/p>\n\n\n\n<p class=\"wp-block-paragraph\">Parmi 1000&nbsp;<a href=\"https:\/\/www.humanium.org\/fr\/droits-des-filles\/\">adolescentes<\/a> interrog\u00e9es dans le <a href=\"https:\/\/www.humanium.org\/fr\/royaume-uni\/\">Royaume-Uni<\/a>, presque la moiti\u00e9 a affirm\u00e9 que la pr\u00e9carit\u00e9 menstruelle les a emp\u00each\u00e9es de r\u00e9ussir \u00e0 l\u2019\u00e9cole. Sur 52&nbsp;% d\u2019entre elles qui s\u2019absentent de l\u2019<a href=\"https:\/\/www.humanium.org\/fr\/comprendre-droits-enfant\/droit-a-l-education\/\">\u00e9cole<\/a> en raison de leurs r\u00e8gles, presque 1&nbsp;fille sur 10 a avou\u00e9 qu\u2019il s\u2019agissait d\u2019une cons\u00e9quence directe d\u2019un manque de ressources financi\u00e8res ne leur permettant pas d\u2019acheter des protections hygi\u00e9niques (Oppenheim, 2019).<\/p>\n\n\n\n<p class=\"wp-block-paragraph\">En <a href=\"https:\/\/www.humanium.org\/fr\/inde\/\">Inde<\/a>, presque 23&nbsp;millions de <a href=\"https:\/\/www.humanium.org\/fr\/droits-des-filles\/\">filles<\/a> par an abandonnent l\u2019<a href=\"https:\/\/www.humanium.org\/fr\/comprendre-droits-enfant\/droit-a-l-education\/\">\u00e9cole<\/a> apr\u00e8s avoir atteint l\u2019\u00e2ge des premi\u00e8res r\u00e8gles. Les raisons principales en sont le manque de toilettes propres dans les \u00e9coles ainsi que le manque d\u2019acc\u00e8s aux protections hygi\u00e9niques. Il y a des millions de familles partout dans le pays qui ne peuvent pas se permettre d\u2019acheter des produits pour l\u2019hygi\u00e8ne menstruelle de leurs femmes et de leurs filles(BBC, 2020).<\/p>\n\n\n\n<h3 class=\"wp-block-heading\"><strong>Elle cause des probl\u00e8mes de sant\u00e9&nbsp;<\/strong><\/h3>\n\n\n\n<p class=\"wp-block-paragraph\">Souvent, la plupart des <a href=\"https:\/\/www.humanium.org\/fr\/droits-des-filles\/\">adolescentes<\/a> vivant dans des pays moins d\u00e9velopp\u00e9s ne sont pas <a href=\"https:\/\/www.humanium.org\/fr\/comprendre-droits-enfant\/droit-a-l-education\/\">\u00e9duqu\u00e9es<\/a> au sujet des menstruations avant de les exp\u00e9rimenter elles-m\u00eames. De plus, les protections hygi\u00e9niques sont souvent trop ch\u00e8res. Cela signifie qu\u2019elles les remplacent par des produits non hygi\u00e9niques tels que des torchons, ce qui les rend plus vuln\u00e9rables aux infections de l\u2019appareil g\u00e9nital et urinaire (WHO, 2020). Une cons\u00e9quence n\u00e9gative de ce manque d\u2019acc\u00e8s se pr\u00e9sente sur la plan \u00e9motif, menant \u00e0 des probl\u00e8mes d\u2019\u00e9tat de sant\u00e9 mentale tels que la d\u00e9pression et l\u2019anxi\u00e9t\u00e9 (Ashley Rapp, 2020).<\/p>\n\n\n\n<h2 class=\"wp-block-heading\"><strong>Des progr\u00e8s pour un futur plus sain des filles et des femmes&nbsp;<\/strong><\/h2>\n\n\n\n<p class=\"wp-block-paragraph\">L\u2019acc\u00e8s \u00e0 des conditions sanitaires ad\u00e9quates et \u00e0 un <a href=\"https:\/\/www.humanium.org\/fr\/humanium-signe-une-declaration-conjointe-pour-la-realisation-du-droit-des-enfants-a-un-environnement-sain\/\">environnement propre<\/a> est un droit fondamental que toute personne m\u00e9rite d\u2019avoir. Une bonne <a href=\"https:\/\/www.humanium.org\/fr\/comprendre-droits-enfant\/droit-a-la-sante\/\">hygi\u00e8ne<\/a> est donc essentielle lorsque les femmes et les filles ont leurs r\u00e8gles. Le rapport du Joint Monitornig Programme (JMP) \u2014<em>Les progr\u00e8s dans l\u2019accessibilit\u00e9 \u00e0 l\u2019eau potable, le syst\u00e8me sanitaire et l\u2019hygi\u00e8ne&nbsp;2000 &#8211; 2020<\/em>, indique clairement que si les tendances actuelles persistent, seulement 67&nbsp;% de la population <a href=\"https:\/\/www.humanium.org\/fr\/enfants-monde\/\">mondiale<\/a> pourra se permettre d\u2019acc\u00e9der \u00e0 des services d\u2019assainissement s\u00fbrs d\u2019ici 2030. 2,8&nbsp;milliards de personnes en seraient exclues. <\/p>\n\n\n\n<p class=\"wp-block-paragraph\">De plus, seulement 78&nbsp;% de la population aurait acc\u00e8s \u00e0 des dispositifs de base de lavage des mains, excluant 1,9&nbsp;milliard de personnes de ce droit. Il est \u00e0 la fois triste et inqui\u00e9tant d\u2019apprendre qu\u2019en <a href=\"https:\/\/www.humanium.org\/fr\/qua-represente-lannee-2020-pour-les-droits-des-enfants\/\">2020<\/a>, presque la moiti\u00e9 de la population mondiale n\u2019avait pas acc\u00e8s \u00e0 des services d\u2019assainissement g\u00e9r\u00e9s de mani\u00e8re s\u00e9curis\u00e9e (UNICEF, 2021).<\/p>\n\n\n\n<p class=\"wp-block-paragraph\">Bien que plusieurs organisations et soci\u00e9t\u00e9s essayent de lutter contre la <a href=\"https:\/\/www.humanium.org\/fr\/stigmatisation-menstruelle-et-pratiques-chhaupadi\/\">pr\u00e9carit\u00e9 menstruelle<\/a>, elle reste une probl\u00e9matique qui n\u00e9cessite encore d\u2019\u00eatre trait\u00e9e. Tandis que tous les secteurs de la soci\u00e9t\u00e9 moderne exp\u00e9rimentent des avanc\u00e9es \u00e9normes, que ce soit le shopping, la technologie ou m\u00eame la restauration, un sujet aussi basique que les menstruations restent un obstacle insurmontable dans les vies des femmes et des filles. Beaucoup reste \u00e0 faire, des conversations ouvertes doivent encore \u00eatre men\u00e9e set de nombreuses barri\u00e8res doivent encore \u00eatre bris\u00e9es pour que les menstruations deviennent un mode de vie et non pas quelque chose qui l\u2019entrave.&nbsp;<\/p>\n\n\n\n<figure class=\"wp-block-image size-large\"><img loading=\"lazy\" decoding=\"async\" width=\"1024\" height=\"683\" src=\"https:\/\/www.humanium.org\/fr\/wp-content\/uploads\/2022\/03\/shutterstock_81065953-1024x683.jpg\" alt=\"\" class=\"wp-image-51771\" srcset=\"https:\/\/www.humanium.org\/fr\/wp-content\/uploads\/2022\/03\/shutterstock_81065953-1024x683.jpg 1024w, https:\/\/www.humanium.org\/fr\/wp-content\/uploads\/2022\/03\/shutterstock_81065953-300x200.jpg 300w, https:\/\/www.humanium.org\/fr\/wp-content\/uploads\/2022\/03\/shutterstock_81065953-768x512.jpg 768w, https:\/\/www.humanium.org\/fr\/wp-content\/uploads\/2022\/03\/shutterstock_81065953-1536x1024.jpg 1536w, https:\/\/www.humanium.org\/fr\/wp-content\/uploads\/2022\/03\/shutterstock_81065953-2048x1365.jpg 2048w, https:\/\/www.humanium.org\/fr\/wp-content\/uploads\/2022\/03\/shutterstock_81065953-830x553.jpg 830w, https:\/\/www.humanium.org\/fr\/wp-content\/uploads\/2022\/03\/shutterstock_81065953-230x153.jpg 230w, https:\/\/www.humanium.org\/fr\/wp-content\/uploads\/2022\/03\/shutterstock_81065953-350x233.jpg 350w, https:\/\/www.humanium.org\/fr\/wp-content\/uploads\/2022\/03\/shutterstock_81065953-480x320.jpg 480w, https:\/\/www.humanium.org\/fr\/wp-content\/uploads\/2022\/03\/shutterstock_81065953-272x182.jpg 272w\" sizes=\"auto, (max-width: 1024px) 100vw, 1024px\" \/><\/figure>\n\n\n\n<p class=\"wp-block-paragraph\">Chez <a href=\"https:\/\/www.humanium.org\/fr\/presentation\/\">Humanium<\/a> nous travaillons de mani\u00e8re assidue afin de susciter une prise de conscience sur l\u2019importance de la sant\u00e9 physique et mentale des jeunes filles et des femmes. Plus r\u00e9cemment, <a href=\"https:\/\/www.humanium.org\/fr\/presentation\/\">Humanium<\/a> a sign\u00e9 une sain afin d\u2019assurer un futur o\u00f9 l\u2019acc\u00e8s aux services sanitaires et \u00e0 un environnement propre soit une r\u00e9alit\u00e9 pour tous les enfants et en particulier pour les filles. Si vous souhaitez soutenir <a href=\"https:\/\/www.humanium.org\/fr\/presentation\/\">Humanium<\/a> dans son travail de d\u00e9fense <a href=\"https:\/\/www.humanium.org\/fr\/droits-enfant\/\">des droits<\/a> des jeunes filles dans le monde, que ce soit le droit \u00e0 l\u2019<a href=\"https:\/\/www.humanium.org\/fr\/comprendre-droits-enfant\/droit-a-l-alimentation\/\">alimentation<\/a>,&nbsp;\u00e0 l\u2019<a href=\"https:\/\/www.humanium.org\/fr\/comprendre-droits-enfant\/droit-a-l-education\/\">\u00e9ducation<\/a>,&nbsp;\u00e0 la <a href=\"https:\/\/www.humanium.org\/fr\/protection\/\">protection<\/a>,&nbsp;\u00e0 la <a href=\"https:\/\/www.humanium.org\/fr\/comprendre-droits-enfant\/droit-a-la-sante\/\">sant\u00e9<\/a>&nbsp;ou \u00e0 la&nbsp;<a href=\"https:\/\/www.humanium.org\/fr\/comprendre-droits-enfant\/droit-aux-libertes\/\">libert\u00e9<\/a>, pensez \u00e0&nbsp;parrainer un enfant, faire une donation&nbsp;ou devenir b\u00e9n\u00e9vole.&nbsp;<\/p>\n\n\n\n<p class=\"wp-block-paragraph\"><em><strong>Ecrit par Aditi Partha<\/strong><\/em><\/p>\n\n\n\n<p class=\"wp-block-paragraph\"><em><strong>Traduit par Isslam Belgacem<\/strong><\/em><\/p>\n\n\n\n<p class=\"wp-block-paragraph\"><em><strong>Relu par Ania Beznia<\/strong><\/em><\/p>\n\n\n\n<h4 class=\"wp-block-heading\">Bibliographie&nbsp;:&nbsp;<\/h4>\n\n\n\n<p class=\"has-small-font-size wp-block-paragraph\"><a href=\"https:\/\/sph.umich.edu\/pursuit\/2020posts\/period-poverty.html\" target=\"_blank\" rel=\"noreferrer noopener\">Ashley Rapp, S. K. (2020, February 4). <em>Changing the Cycle: Period Poverty as a Public Health Crisis.<\/em> Retrieved from School of Public Health, University of Michigan: https:\/\/sph.umich.edu\/pursuit\/2020posts\/period-poverty.html, accessed on 28 January 2022.<\/a><\/p>\n\n\n\n<p class=\"has-small-font-size wp-block-paragraph\"><a href=\"https:\/\/www.bbc.com\/news\/world-asia-india-52830427\" target=\"_blank\" rel=\"noreferrer noopener\">BBC. (2020, May 28). <em>Why India must battle the shame of period stain<\/em>. Retrieved from BBC: https:\/\/www.bbc.com\/news\/world-asia-india-52830427, accessed on 28 January 2022.<\/a><\/p>\n\n\n\n<p class=\"has-small-font-size wp-block-paragraph\"><a href=\"https:\/\/helloclue.com\/articles\/culture\/what-advertising-teaches-us-about-periods\" target=\"_blank\" rel=\"noreferrer noopener\">Bell, J. (2017, September 12). <em>What advertising teaches us about periods<\/em>. Retrieved from Hello Clue: https:\/\/helloclue.com\/articles\/culture\/what-advertising-teaches-us-about-periods, accessed on 28 January 2022.<\/a><\/p>\n\n\n\n<p class=\"has-small-font-size wp-block-paragraph\"><a href=\"https:\/\/www.medicalnewstoday.com\/articles\/period-poverty\" target=\"_blank\" rel=\"noreferrer noopener\">Geng, C. (2021, September 16). <em>What to know about period poverty<\/em>. Retrieved from Medical News Today : https:\/\/www.medicalnewstoday.com\/articles\/period-poverty, accessed on 28 January 2022.<\/a><\/p>\n\n\n\n<p class=\"has-small-font-size wp-block-paragraph\"><a href=\"https:\/\/pha.berkeley.edu\/2018\/06\/05\/menstruation-stigma-must-stop-period\/\" target=\"_blank\" rel=\"noreferrer noopener\">Litman, J. (2018, June 5). <em>Menstruation Stigma Must Stop. Period<\/em>. Retrieved from The Public Health Advocate. Berkeley : https:\/\/pha.berkeley.edu\/2018\/06\/05\/menstruation-stigma-must-stop-period\/, accessed on 28 January 2022.<\/a><\/p>\n\n\n\n<p class=\"has-small-font-size wp-block-paragraph\"><a href=\"https:\/\/borgenproject.org\/period-poverty-in-south-africa\/\" target=\"_blank\" rel=\"noreferrer noopener\">Mamtaney, S. (2021, June 30). <em>Period Poverty in South Africa.<\/em> Retrieved from The Borgen Project: https:\/\/borgenproject.org\/period-poverty-in-south-africa\/, accessed on 28 January 2022.<\/a><\/p>\n\n\n\n<p class=\"has-small-font-size wp-block-paragraph\"><a href=\"https:\/\/www.unfpa.org\/news\/cursed-no-more-women-western-ethiopia-reject-childbirth-alone-bush\" target=\"_blank\" rel=\"noreferrer noopener\">Negash, M. (2017, July 28). <em>Cursed no more \u2013 women in western Ethiopia reject childbirth alone in the bush<\/em>. Retrieved from UNFPA: https:\/\/www.unfpa.org\/news\/cursed-no-more-women-western-ethiopia-reject-childbirth-alone-bush, accessed on 28 January 2022.<\/a><\/p>\n\n\n\n<p class=\"has-small-font-size wp-block-paragraph\"><a href=\"https:\/\/www.independent.co.uk\/news\/uk\/home-news\/period-poverty-girls-school-absent-phs-group-menstrual-a8922246.html\" target=\"_blank\" rel=\"noreferrer noopener\">Oppenheim, M. (2019, May 21). <em>Average schoolgirl takes three days off each term due to period-related issues, study finds.<\/em> Retrieved from Independent: https:\/\/www.independent.co.uk\/news\/uk\/home-news\/period-poverty-girls-school-absent-phs-group-menstrual-a8922246.html, accessed on 28 January 2022.<\/a><\/p>\n\n\n\n<p class=\"has-small-font-size wp-block-paragraph\"><a href=\"https:\/\/www.nytimes.com\/2020\/11\/09\/world\/asia\/china-period-shame-universities.html\" target=\"_blank\" rel=\"noreferrer noopener\">Tiffany May, A. C. (2020, November 9). <em>\u2018Stand by Her\u2019: In China, a Movement Hands Out Free Sanitary Pads in Schools<\/em>. Retrieved from The New York Times: https:\/\/www.nytimes.com\/2020\/11\/09\/world\/asia\/china-period-shame-universities.html, accessed on 28 January 2022.<\/a><\/p>\n\n\n\n<p class=\"has-small-font-size wp-block-paragraph\"><a href=\"https:\/\/www.unfpa.org\/menstruationfaq#Taboos%20and%20Myths%20about%20menstuations\" target=\"_blank\" rel=\"noreferrer noopener\">UNFPA. (2021, June). <em>Menstruation and human rights &#8211; Frequently asked questions.<\/em> Retrieved from UNFPA: https:\/\/www.unfpa.org\/menstruationfaq#Taboos%20and%20Myths%20about%20menstuations, accessed on 28 January 2022.<\/a><\/p>\n\n\n\n<p class=\"has-small-font-size wp-block-paragraph\"><a href=\"https:\/\/www.unicef.org\/press-releases\/fast-facts-nine-things-you-didnt-know-about-menstruation#_edn2\" target=\"_blank\" rel=\"noreferrer noopener\">UNICEF. (2018, May 25). <em>FAST FACTS: Nine things you didn&rsquo;t know about menstruation.<\/em> Retrieved from UNICEF: https:\/\/www.unicef.org\/press-releases\/fast-facts-nine-things-you-didnt-know-about-menstruation#_edn2, accessed on 28 January 2022.<\/a><\/p>\n\n\n\n<p class=\"has-small-font-size wp-block-paragraph\"><a href=\"https:\/\/www.unicef.org\/press-releases\/billions-people-will-lack-access-safe-water-sanitation-and-hygiene-2030-unless\" target=\"_blank\" rel=\"noreferrer noopener\">UNICEF. (2021, July 1). <em>Billions of people will lack access to safe water, sanitation and hygiene in 2030 unless progress quadruples \u2013 warn WHO, UNICEF<\/em>. Retrieved from UNICEF: https:\/\/www.unicef.org\/press-releases\/billions-people-will-lack-access-safe-water-sanitation-and-hygiene-2030-unless, accessed on 28 January 2022.<\/a><\/p>\n\n\n\n<p class=\"has-small-font-size wp-block-paragraph\"><a href=\"https:\/\/www.euro.who.int\/en\/health-topics\/environment-and-health\/pages\/news\/news\/2018\/11\/tackling-the-taboo-of-menstrual-hygiene-in-the-european-region\" target=\"_blank\" rel=\"noreferrer noopener\">WHO. (2018, November 8). <em>Tackling the taboo of menstrual hygiene in the European Region.<\/em> Retrieved from WHO: https:\/\/www.euro.who.int\/en\/health-topics\/environment-and-health\/pages\/news\/news\/2018\/11\/tackling-the-taboo-of-menstrual-hygiene-in-the-european-region, accessed on 28 January 2022.<\/a><\/p>\n\n\n\n<p class=\"has-small-font-size wp-block-paragraph\">WHO. (2020, May 28). <em>Menstrual hygiene and health &#8211; a call for dignity, rights and empowerment<\/em>. Retrieved from WHO: https:\/\/www.who.int\/pmnch\/media\/news\/2020\/menstrual_hygiene_health\/en\/, accessed on 28 January 2022.<\/p>\n\n\n\n<p class=\"has-small-font-size wp-block-paragraph\"><a href=\"https:\/\/www.worldbank.org\/en\/news\/feature\/2018\/05\/25\/menstrual-hygiene-management\" target=\"_blank\" rel=\"noreferrer noopener\">World Bank. (2018, May 25). <em>Menstrual Hygiene Management Enables Women and Girls to Reach Their Full Potential<\/em>. Retrieved from World Bank : https:\/\/www.worldbank.org\/en\/news\/feature\/2018\/05\/25\/menstrual-hygiene-management, accessed on 28 January 2022.<\/a><\/p>\n","protected":false},"excerpt":{"rendered":"<p>Bien que l\u2019on vive dans un monde o\u00f9 r\u00e8gnent l\u2019envie et le besoin constants de vouloir tout connaitre et comprendre, les menstruations, aussi simples et inh\u00e9rentes soient elles, restent un sujet marqu\u00e9 par la d\u00e9sinformation, le tabou et la honte. Bien que les menstruations fassent partie int\u00e9grante de la vie de millions de filles et [&hellip;]<\/p>\n","protected":false},"author":69,"featured_media":51773,"comment_status":"closed","ping_status":"closed","sticky":false,"template":"","format":"standard","meta":{"footnotes":""},"categories":[220,5,233],"tags":[],"class_list":["post-51770","post","type-post","status-publish","format-standard","has-post-thumbnail","hentry","category-droits-des-enfants","category-education","category-exploitation"],"yoast_head":"<!-- This site is optimized with the Yoast SEO plugin v28.3 - https:\/\/yoast.com\/product\/yoast-seo-wordpress\/ -->\n<title>L\u2019influence de la pr\u00e9carit\u00e9 menstruelle sur les droits des filles et des femmes dans le monde - Humanium<\/title>\n<meta name=\"description\" content=\"La pauvret\u00e9 p\u00e9riodique est une r\u00e9alit\u00e9 pour des millions de filles dans le monde et a un impact direct sur leur vie.\" \/>\n<meta name=\"robots\" content=\"index, follow, max-snippet:-1, max-image-preview:large, max-video-preview:-1\" \/>\n<link rel=\"canonical\" href=\"https:\/\/www.humanium.org\/fr\/linfluence-de-la-precarite-menstruelle-sur-les-droits-des-filles-et-des-femmes-dans-le-monde\/\" \/>\n<meta property=\"og:locale\" content=\"fr_FR\" \/>\n<meta property=\"og:type\" content=\"article\" \/>\n<meta property=\"og:title\" content=\"L\u2019influence de la pr\u00e9carit\u00e9 menstruelle sur les droits des filles et des femmes dans le monde - Humanium\" \/>\n<meta property=\"og:description\" content=\"La pauvret\u00e9 p\u00e9riodique est une r\u00e9alit\u00e9 pour des millions de filles dans le monde et a un impact direct sur leur vie.\" \/>\n<meta property=\"og:url\" content=\"https:\/\/www.humanium.org\/fr\/linfluence-de-la-precarite-menstruelle-sur-les-droits-des-filles-et-des-femmes-dans-le-monde\/\" \/>\n<meta property=\"og:site_name\" content=\"Humanium\" \/>\n<meta property=\"article:published_time\" content=\"2022-03-01T09:56:49+00:00\" \/>\n<meta property=\"article:modified_time\" content=\"2026-08-21T03:22:51+00:00\" \/>\n<meta property=\"og:image\" content=\"https:\/\/www.humanium.org\/fr\/wp-content\/uploads\/2022\/03\/shutterstock_1560881447-scaled.jpg\" \/>\n\t<meta property=\"og:image:width\" content=\"2560\" \/>\n\t<meta property=\"og:image:height\" content=\"1661\" \/>\n\t<meta property=\"og:image:type\" content=\"image\/jpeg\" \/>\n<meta name=\"author\" content=\"Humanium\" \/>\n<meta name=\"twitter:card\" content=\"summary_large_image\" \/>\n<meta name=\"twitter:label1\" content=\"\u00c9crit par\" \/>\n\t<meta name=\"twitter:data1\" content=\"Humanium\" \/>\n\t<meta name=\"twitter:label2\" content=\"Dur\u00e9e de lecture estim\u00e9e\" \/>\n\t<meta name=\"twitter:data2\" content=\"11 minutes\" \/>\n<script type=\"application\/ld+json\" class=\"yoast-schema-graph\">{\"@context\":\"https:\\\/\\\/schema.org\",\"@graph\":[{\"@type\":\"Article\",\"@id\":\"https:\\\/\\\/www.humanium.org\\\/fr\\\/linfluence-de-la-precarite-menstruelle-sur-les-droits-des-filles-et-des-femmes-dans-le-monde\\\/#article\",\"isPartOf\":{\"@id\":\"https:\\\/\\\/www.humanium.org\\\/fr\\\/linfluence-de-la-precarite-menstruelle-sur-les-droits-des-filles-et-des-femmes-dans-le-monde\\\/\"},\"author\":{\"name\":\"Humanium\",\"@id\":\"https:\\\/\\\/www.humanium.org\\\/fr\\\/#\\\/schema\\\/person\\\/d798d6c7d59ba2307e0877f61a20ce3e\"},\"headline\":\"L\u2019influence de la pr\u00e9carit\u00e9 menstruelle sur les droits des filles et des femmes dans le monde\",\"datePublished\":\"2022-03-01T09:56:49+00:00\",\"dateModified\":\"2026-08-21T03:22:51+00:00\",\"mainEntityOfPage\":{\"@id\":\"https:\\\/\\\/www.humanium.org\\\/fr\\\/linfluence-de-la-precarite-menstruelle-sur-les-droits-des-filles-et-des-femmes-dans-le-monde\\\/\"},\"wordCount\":2637,\"image\":{\"@id\":\"https:\\\/\\\/www.humanium.org\\\/fr\\\/linfluence-de-la-precarite-menstruelle-sur-les-droits-des-filles-et-des-femmes-dans-le-monde\\\/#primaryimage\"},\"thumbnailUrl\":\"https:\\\/\\\/www.humanium.org\\\/fr\\\/wp-content\\\/uploads\\\/2022\\\/03\\\/shutterstock_1560881447-scaled.jpg\",\"articleSection\":[\"Droits des enfants\",\"Education\",\"Exploitation\"],\"inLanguage\":\"fr-FR\"},{\"@type\":\"WebPage\",\"@id\":\"https:\\\/\\\/www.humanium.org\\\/fr\\\/linfluence-de-la-precarite-menstruelle-sur-les-droits-des-filles-et-des-femmes-dans-le-monde\\\/\",\"url\":\"https:\\\/\\\/www.humanium.org\\\/fr\\\/linfluence-de-la-precarite-menstruelle-sur-les-droits-des-filles-et-des-femmes-dans-le-monde\\\/\",\"name\":\"L\u2019influence de la pr\u00e9carit\u00e9 menstruelle sur les droits des filles et des femmes dans le monde - Humanium\",\"isPartOf\":{\"@id\":\"https:\\\/\\\/www.humanium.org\\\/fr\\\/#website\"},\"primaryImageOfPage\":{\"@id\":\"https:\\\/\\\/www.humanium.org\\\/fr\\\/linfluence-de-la-precarite-menstruelle-sur-les-droits-des-filles-et-des-femmes-dans-le-monde\\\/#primaryimage\"},\"image\":{\"@id\":\"https:\\\/\\\/www.humanium.org\\\/fr\\\/linfluence-de-la-precarite-menstruelle-sur-les-droits-des-filles-et-des-femmes-dans-le-monde\\\/#primaryimage\"},\"thumbnailUrl\":\"https:\\\/\\\/www.humanium.org\\\/fr\\\/wp-content\\\/uploads\\\/2022\\\/03\\\/shutterstock_1560881447-scaled.jpg\",\"datePublished\":\"2022-03-01T09:56:49+00:00\",\"dateModified\":\"2026-08-21T03:22:51+00:00\",\"author\":{\"@id\":\"https:\\\/\\\/www.humanium.org\\\/fr\\\/#\\\/schema\\\/person\\\/d798d6c7d59ba2307e0877f61a20ce3e\"},\"description\":\"La pauvret\u00e9 p\u00e9riodique est une r\u00e9alit\u00e9 pour des millions de filles dans le monde et a un impact direct sur leur vie.\",\"breadcrumb\":{\"@id\":\"https:\\\/\\\/www.humanium.org\\\/fr\\\/linfluence-de-la-precarite-menstruelle-sur-les-droits-des-filles-et-des-femmes-dans-le-monde\\\/#breadcrumb\"},\"inLanguage\":\"fr-FR\",\"potentialAction\":[{\"@type\":\"ReadAction\",\"target\":[\"https:\\\/\\\/www.humanium.org\\\/fr\\\/linfluence-de-la-precarite-menstruelle-sur-les-droits-des-filles-et-des-femmes-dans-le-monde\\\/\"]}]},{\"@type\":\"ImageObject\",\"inLanguage\":\"fr-FR\",\"@id\":\"https:\\\/\\\/www.humanium.org\\\/fr\\\/linfluence-de-la-precarite-menstruelle-sur-les-droits-des-filles-et-des-femmes-dans-le-monde\\\/#primaryimage\",\"url\":\"https:\\\/\\\/www.humanium.org\\\/fr\\\/wp-content\\\/uploads\\\/2022\\\/03\\\/shutterstock_1560881447-scaled.jpg\",\"contentUrl\":\"https:\\\/\\\/www.humanium.org\\\/fr\\\/wp-content\\\/uploads\\\/2022\\\/03\\\/shutterstock_1560881447-scaled.jpg\",\"width\":2560,\"height\":1661},{\"@type\":\"BreadcrumbList\",\"@id\":\"https:\\\/\\\/www.humanium.org\\\/fr\\\/linfluence-de-la-precarite-menstruelle-sur-les-droits-des-filles-et-des-femmes-dans-le-monde\\\/#breadcrumb\",\"itemListElement\":[{\"@type\":\"ListItem\",\"position\":1,\"name\":\"Home\",\"item\":\"https:\\\/\\\/www.humanium.org\\\/fr\\\/\"},{\"@type\":\"ListItem\",\"position\":2,\"name\":\"L\u2019influence de la pr\u00e9carit\u00e9 menstruelle sur les droits des filles et des femmes dans le monde\"}]},{\"@type\":\"WebSite\",\"@id\":\"https:\\\/\\\/www.humanium.org\\\/fr\\\/#website\",\"url\":\"https:\\\/\\\/www.humanium.org\\\/fr\\\/\",\"name\":\"Humanium\",\"description\":\"Les enfants d\u2019abord !\",\"potentialAction\":[{\"@type\":\"SearchAction\",\"target\":{\"@type\":\"EntryPoint\",\"urlTemplate\":\"https:\\\/\\\/www.humanium.org\\\/fr\\\/?s={search_term_string}\"},\"query-input\":{\"@type\":\"PropertyValueSpecification\",\"valueRequired\":true,\"valueName\":\"search_term_string\"}}],\"inLanguage\":\"fr-FR\"},{\"@type\":\"Person\",\"@id\":\"https:\\\/\\\/www.humanium.org\\\/fr\\\/#\\\/schema\\\/person\\\/d798d6c7d59ba2307e0877f61a20ce3e\",\"name\":\"Humanium\",\"image\":{\"@type\":\"ImageObject\",\"inLanguage\":\"fr-FR\",\"@id\":\"https:\\\/\\\/secure.gravatar.com\\\/avatar\\\/22715e338d2fcc547e3a431c4738360d33fea2a4af458f865b2c3b22f1eaa51f?s=96&d=mm&r=g\",\"url\":\"https:\\\/\\\/secure.gravatar.com\\\/avatar\\\/22715e338d2fcc547e3a431c4738360d33fea2a4af458f865b2c3b22f1eaa51f?s=96&d=mm&r=g\",\"contentUrl\":\"https:\\\/\\\/secure.gravatar.com\\\/avatar\\\/22715e338d2fcc547e3a431c4738360d33fea2a4af458f865b2c3b22f1eaa51f?s=96&d=mm&r=g\",\"caption\":\"Humanium\"},\"url\":\"https:\\\/\\\/www.humanium.org\\\/fr\\\/author\\\/humanium\\\/\"}]}<\/script>\n<!-- \/ Yoast SEO plugin. -->","yoast_head_json":{"title":"L\u2019influence de la pr\u00e9carit\u00e9 menstruelle sur les droits des filles et des femmes dans le monde - Humanium","description":"La pauvret\u00e9 p\u00e9riodique est une r\u00e9alit\u00e9 pour des millions de filles dans le monde et a un impact direct sur leur vie.","robots":{"index":"index","follow":"follow","max-snippet":"max-snippet:-1","max-image-preview":"max-image-preview:large","max-video-preview":"max-video-preview:-1"},"canonical":"https:\/\/www.humanium.org\/fr\/linfluence-de-la-precarite-menstruelle-sur-les-droits-des-filles-et-des-femmes-dans-le-monde\/","og_locale":"fr_FR","og_type":"article","og_title":"L\u2019influence de la pr\u00e9carit\u00e9 menstruelle sur les droits des filles et des femmes dans le monde - Humanium","og_description":"La pauvret\u00e9 p\u00e9riodique est une r\u00e9alit\u00e9 pour des millions de filles dans le monde et a un impact direct sur leur vie.","og_url":"https:\/\/www.humanium.org\/fr\/linfluence-de-la-precarite-menstruelle-sur-les-droits-des-filles-et-des-femmes-dans-le-monde\/","og_site_name":"Humanium","article_published_time":"2022-03-01T09:56:49+00:00","article_modified_time":"2026-08-21T03:22:51+00:00","og_image":[{"width":2560,"height":1661,"url":"https:\/\/www.humanium.org\/fr\/wp-content\/uploads\/2022\/03\/shutterstock_1560881447-scaled.jpg","type":"image\/jpeg"}],"author":"Humanium","twitter_card":"summary_large_image","twitter_misc":{"\u00c9crit par":"Humanium","Dur\u00e9e de lecture estim\u00e9e":"11 minutes"},"schema":{"@context":"https:\/\/schema.org","@graph":[{"@type":"Article","@id":"https:\/\/www.humanium.org\/fr\/linfluence-de-la-precarite-menstruelle-sur-les-droits-des-filles-et-des-femmes-dans-le-monde\/#article","isPartOf":{"@id":"https:\/\/www.humanium.org\/fr\/linfluence-de-la-precarite-menstruelle-sur-les-droits-des-filles-et-des-femmes-dans-le-monde\/"},"author":{"name":"Humanium","@id":"https:\/\/www.humanium.org\/fr\/#\/schema\/person\/d798d6c7d59ba2307e0877f61a20ce3e"},"headline":"L\u2019influence de la pr\u00e9carit\u00e9 menstruelle sur les droits des filles et des femmes dans le monde","datePublished":"2022-03-01T09:56:49+00:00","dateModified":"2026-08-21T03:22:51+00:00","mainEntityOfPage":{"@id":"https:\/\/www.humanium.org\/fr\/linfluence-de-la-precarite-menstruelle-sur-les-droits-des-filles-et-des-femmes-dans-le-monde\/"},"wordCount":2637,"image":{"@id":"https:\/\/www.humanium.org\/fr\/linfluence-de-la-precarite-menstruelle-sur-les-droits-des-filles-et-des-femmes-dans-le-monde\/#primaryimage"},"thumbnailUrl":"https:\/\/www.humanium.org\/fr\/wp-content\/uploads\/2022\/03\/shutterstock_1560881447-scaled.jpg","articleSection":["Droits des enfants","Education","Exploitation"],"inLanguage":"fr-FR"},{"@type":"WebPage","@id":"https:\/\/www.humanium.org\/fr\/linfluence-de-la-precarite-menstruelle-sur-les-droits-des-filles-et-des-femmes-dans-le-monde\/","url":"https:\/\/www.humanium.org\/fr\/linfluence-de-la-precarite-menstruelle-sur-les-droits-des-filles-et-des-femmes-dans-le-monde\/","name":"L\u2019influence de la pr\u00e9carit\u00e9 menstruelle sur les droits des filles et des femmes dans le monde - Humanium","isPartOf":{"@id":"https:\/\/www.humanium.org\/fr\/#website"},"primaryImageOfPage":{"@id":"https:\/\/www.humanium.org\/fr\/linfluence-de-la-precarite-menstruelle-sur-les-droits-des-filles-et-des-femmes-dans-le-monde\/#primaryimage"},"image":{"@id":"https:\/\/www.humanium.org\/fr\/linfluence-de-la-precarite-menstruelle-sur-les-droits-des-filles-et-des-femmes-dans-le-monde\/#primaryimage"},"thumbnailUrl":"https:\/\/www.humanium.org\/fr\/wp-content\/uploads\/2022\/03\/shutterstock_1560881447-scaled.jpg","datePublished":"2022-03-01T09:56:49+00:00","dateModified":"2026-08-21T03:22:51+00:00","author":{"@id":"https:\/\/www.humanium.org\/fr\/#\/schema\/person\/d798d6c7d59ba2307e0877f61a20ce3e"},"description":"La pauvret\u00e9 p\u00e9riodique est une r\u00e9alit\u00e9 pour des millions de filles dans le monde et a un impact direct sur leur vie.","breadcrumb":{"@id":"https:\/\/www.humanium.org\/fr\/linfluence-de-la-precarite-menstruelle-sur-les-droits-des-filles-et-des-femmes-dans-le-monde\/#breadcrumb"},"inLanguage":"fr-FR","potentialAction":[{"@type":"ReadAction","target":["https:\/\/www.humanium.org\/fr\/linfluence-de-la-precarite-menstruelle-sur-les-droits-des-filles-et-des-femmes-dans-le-monde\/"]}]},{"@type":"ImageObject","inLanguage":"fr-FR","@id":"https:\/\/www.humanium.org\/fr\/linfluence-de-la-precarite-menstruelle-sur-les-droits-des-filles-et-des-femmes-dans-le-monde\/#primaryimage","url":"https:\/\/www.humanium.org\/fr\/wp-content\/uploads\/2022\/03\/shutterstock_1560881447-scaled.jpg","contentUrl":"https:\/\/www.humanium.org\/fr\/wp-content\/uploads\/2022\/03\/shutterstock_1560881447-scaled.jpg","width":2560,"height":1661},{"@type":"BreadcrumbList","@id":"https:\/\/www.humanium.org\/fr\/linfluence-de-la-precarite-menstruelle-sur-les-droits-des-filles-et-des-femmes-dans-le-monde\/#breadcrumb","itemListElement":[{"@type":"ListItem","position":1,"name":"Home","item":"https:\/\/www.humanium.org\/fr\/"},{"@type":"ListItem","position":2,"name":"L\u2019influence de la pr\u00e9carit\u00e9 menstruelle sur les droits des filles et des femmes dans le monde"}]},{"@type":"WebSite","@id":"https:\/\/www.humanium.org\/fr\/#website","url":"https:\/\/www.humanium.org\/fr\/","name":"Humanium","description":"Les enfants d\u2019abord !","potentialAction":[{"@type":"SearchAction","target":{"@type":"EntryPoint","urlTemplate":"https:\/\/www.humanium.org\/fr\/?s={search_term_string}"},"query-input":{"@type":"PropertyValueSpecification","valueRequired":true,"valueName":"search_term_string"}}],"inLanguage":"fr-FR"},{"@type":"Person","@id":"https:\/\/www.humanium.org\/fr\/#\/schema\/person\/d798d6c7d59ba2307e0877f61a20ce3e","name":"Humanium","image":{"@type":"ImageObject","inLanguage":"fr-FR","@id":"https:\/\/secure.gravatar.com\/avatar\/22715e338d2fcc547e3a431c4738360d33fea2a4af458f865b2c3b22f1eaa51f?s=96&d=mm&r=g","url":"https:\/\/secure.gravatar.com\/avatar\/22715e338d2fcc547e3a431c4738360d33fea2a4af458f865b2c3b22f1eaa51f?s=96&d=mm&r=g","contentUrl":"https:\/\/secure.gravatar.com\/avatar\/22715e338d2fcc547e3a431c4738360d33fea2a4af458f865b2c3b22f1eaa51f?s=96&d=mm&r=g","caption":"Humanium"},"url":"https:\/\/www.humanium.org\/fr\/author\/humanium\/"}]}},"_links":{"self":[{"href":"https:\/\/www.humanium.org\/fr\/wp-json\/wp\/v2\/posts\/51770","targetHints":{"allow":["GET"]}}],"collection":[{"href":"https:\/\/www.humanium.org\/fr\/wp-json\/wp\/v2\/posts"}],"about":[{"href":"https:\/\/www.humanium.org\/fr\/wp-json\/wp\/v2\/types\/post"}],"author":[{"embeddable":true,"href":"https:\/\/www.humanium.org\/fr\/wp-json\/wp\/v2\/users\/69"}],"replies":[{"embeddable":true,"href":"https:\/\/www.humanium.org\/fr\/wp-json\/wp\/v2\/comments?post=51770"}],"version-history":[{"count":11,"href":"https:\/\/www.humanium.org\/fr\/wp-json\/wp\/v2\/posts\/51770\/revisions"}],"predecessor-version":[{"id":62756,"href":"https:\/\/www.humanium.org\/fr\/wp-json\/wp\/v2\/posts\/51770\/revisions\/62756"}],"wp:featuredmedia":[{"embeddable":true,"href":"https:\/\/www.humanium.org\/fr\/wp-json\/wp\/v2\/media\/51773"}],"wp:attachment":[{"href":"https:\/\/www.humanium.org\/fr\/wp-json\/wp\/v2\/media?parent=51770"}],"wp:term":[{"taxonomy":"category","embeddable":true,"href":"https:\/\/www.humanium.org\/fr\/wp-json\/wp\/v2\/categories?post=51770"},{"taxonomy":"post_tag","embeddable":true,"href":"https:\/\/www.humanium.org\/fr\/wp-json\/wp\/v2\/tags?post=51770"}],"curies":[{"name":"wp","href":"https:\/\/api.w.org\/{rel}","templated":true}]}}