{"id":51794,"date":"2022-03-08T08:55:05","date_gmt":"2022-03-08T08:55:05","guid":{"rendered":"https:\/\/www.humanium.org\/fr\/?p=51794"},"modified":"2026-08-21T03:22:51","modified_gmt":"2026-08-21T03:22:51","slug":"un-chapitre-honteux-de-lhistoire-irlandaise-les-foyers-pour-meres-et-bebes","status":"publish","type":"post","link":"https:\/\/www.humanium.org\/fr\/un-chapitre-honteux-de-lhistoire-irlandaise-les-foyers-pour-meres-et-bebes\/","title":{"rendered":"Un chapitre honteux de l&rsquo;histoire irlandaise: les foyers pour m\u00e8res et b\u00e9b\u00e9s"},"content":{"rendered":"\n<p class=\"wp-block-paragraph\"><strong>Un r\u00e9cent rapport phare du minist\u00e8re de l&rsquo;Enfance, de l&rsquo;\u00c9galit\u00e9, du Handicap, de l&rsquo;Int\u00e9gration et de la Jeunesse (DCEDIY) a r\u00e9v\u00e9l\u00e9 que de nombreuses institutions religieuses en <\/strong><a href=\"https:\/\/www.humanium.org\/fr\/irlande\/\"><strong>Irlande<\/strong><\/a><strong> ont permis des <\/strong><a href=\"https:\/\/www.humanium.org\/fr\/la-maltraitance-des-enfants\/\"><strong>abus<\/strong><\/a><strong> g\u00e9n\u00e9ralis\u00e9s \u00e0 l&rsquo;encontre des m\u00e8res c\u00e9libataires et de leurs <\/strong><a href=\"https:\/\/www.humanium.org\/fr\/les-droits-de-l-enfant\/\"><strong>enfants<\/strong><\/a><strong> conduisant souvent \u00e0 la mort (Specia, 2021). Au cours des vingt derni\u00e8res ann\u00e9es, les \u00ab\u00a0maisons pour m\u00e8res et b\u00e9b\u00e9s\u00a0\u00bb du pays ont connu plus de 9 000 d\u00e9c\u00e8s, soit un taux de <\/strong><a href=\"https:\/\/www.humanium.org\/fr\/mortalite-infantile\/\"><strong>mortalit\u00e9<\/strong><\/a><strong> nettement sup\u00e9rieur \u00e0 celui du reste de la population (Specia, 2021). <\/strong><\/p>\n\n\n\n<p class=\"wp-block-paragraph\"><strong>Des formes graves de <\/strong><a href=\"https:\/\/www.humanium.org\/fr\/la-maltraitance-des-enfants\/\"><strong>maltraitance<\/strong><\/a><strong> document\u00e9es sont associ\u00e9es \u00e0 des naissances forc\u00e9es contraires \u00e0 l\u2019\u00e9thique, \u00e0 des essais de vaccins et \u00e0 de graves <a href=\"https:\/\/www.humanium.org\/fr\/la-maltraitance-des-enfants\/\">abus<\/a> \u00e9motionnels (Specia, 2021). Malgr\u00e9 les nombreux appels \u00e0 la justice de la part des m\u00e8res et des enfants victimes, ce \u00ab\u00a0chapitre sombre, difficile et honteux\u00a0\u00bb de l&rsquo;histoire irlandaise n&rsquo;a \u00e9t\u00e9 que r\u00e9cemment mis en lumi\u00e8re (Specia, 2021).&nbsp;<\/strong><\/p>\n\n\n\n<h2 class=\"wp-block-heading\"><strong>Que sont les \u00ab\u00a0foyers pour m\u00e8res et b\u00e9b\u00e9s\u00a0\u00bb ?<\/strong><\/h2>\n\n\n\n<p class=\"wp-block-paragraph\">Au milieu des ann\u00e9es 1900, des \u00ab\u00a0foyers pour m\u00e8res et b\u00e9b\u00e9s\u00a0\u00bb sont apparus dans toute <a href=\"https:\/\/www.humanium.org\/fr\/irlande\/\">l&rsquo;Irlande<\/a> pour offrir un refuge aux m\u00e8res c\u00e9libataires et \u00e0 leurs b\u00e9b\u00e9s qui se retrouvaient sans soutien ad\u00e9quat ni famille. Principalement g\u00e9r\u00e9es par des ordres religieux et financ\u00e9es par le gouvernement irlandais, ces institutions visaient \u00e0 soutenir les femmes dans un environnement patriarcal charg\u00e9 de misogynie et de discrimination (Specia, 2021). Les femmes admises dans les foyers \u00e9taient \u00e2g\u00e9es de 12 \u00e0 40 ans, dont 80 % avaient entre 18 et 29 ans (DCEDIY, 2021). <\/p>\n\n\n\n<p class=\"wp-block-paragraph\">Si la grossesse de certaines m\u00e8res \u00e9tait le r\u00e9sultat d&rsquo;un viol ou d&rsquo;une <a href=\"https:\/\/www.humanium.org\/fr\/exploitation\/\">exploitation<\/a>, la majorit\u00e9 d&rsquo;entre elles partageaient une caract\u00e9ristique commune: elles tombaient enceintes hors mariage (DCEDIY, 2021). Ces foyers constituaient une premi\u00e8re forme de refuge pour des femmes n\u00e9glig\u00e9es, et d&rsquo;orphelinat pour des <a href=\"https:\/\/www.humanium.org\/fr\/les-droits-de-l-enfant\/\">enfants<\/a> vuln\u00e9rables, devenant par la suite des agences d&rsquo;adoption (Carroll, 2021).<\/p>\n\n\n\n<p class=\"wp-block-paragraph\">Au total, la derni\u00e8re enqu\u00eate de la Commission a r\u00e9v\u00e9l\u00e9 que pr\u00e8s de 60 000 m\u00e8res c\u00e9libataires et le m\u00eame nombre d&rsquo;enfants ont v\u00e9cu dans des foyers \u00e0 travers le pays &#8211; ycompris une projection suppl\u00e9mentaire de 25 000 autres m\u00e8res c\u00e9libataires dans des foyers non soumis \u00e0 enqu\u00eate (DCEDIY, 2021). Bien que les foyers pour m\u00e8res et b\u00e9b\u00e9s ne soient pas un ph\u00e9nom\u00e8ne exclusivement irlandais, la boussole catholique du pays et lastigmatisation des grossesses hors mariage ont conduit une proportion exceptionnellement \u00e9lev\u00e9e d\u2019Irlandaises vuln\u00e9rables dans ces foyers (DCEDIY, 2021).&nbsp;<\/p>\n\n\n\n<p class=\"wp-block-paragraph\">Entre 1935 et 1945, pr\u00e8s de la moiti\u00e9 de tous les d\u00e9c\u00e8s d&rsquo;enfants \u00ab\u00a0ill\u00e9gitimes\u00a0\u00bb (n\u00e9s hors mariage) en <a href=\"https:\/\/www.humanium.org\/fr\/irlande\/\">Irlande<\/a> se sont produits dans des foyers pour m\u00e8res et b\u00e9b\u00e9s, alors que seulement un quart des <a href=\"https:\/\/www.humanium.org\/fr\/les-droits-de-l-enfant\/\">enfants<\/a> \u00ab\u00a0ill\u00e9gitimes\u00a0\u00bb vivaient dans ces lieux (DCEDIY, 2021). Heureusement, ce chiffre a progressivement diminu\u00e9 au fil des d\u00e9cennies. Le nombre \u00e9lev\u00e9 de m\u00e8res et de b\u00e9b\u00e9s pr\u00e9sents dans les foyers refl\u00e9tait le fait que l&rsquo;adoption n&rsquo;est devenue l\u00e9gale qu&rsquo;en 1953, offrant progressivement une option pr\u00e9f\u00e9rable et humaine aux m\u00e8res et aux enfants vuln\u00e9rables (DCEDIY, 2021).<\/p>\n\n\n\n<h2 class=\"wp-block-heading\"><strong>Les controverses autour du \u00ab\u00a0b\u00e9b\u00e9 de Tuam\u00a0\u00bb<\/strong><\/h2>\n\n\n\n<p class=\"wp-block-paragraph\">L&rsquo;enqu\u00eate de la DCECIY a \u00e9t\u00e9 d\u00e9clench\u00e9e par la d\u00e9couverte en 2015 d&rsquo;une fosse commune non marqu\u00e9e \u00e0 Tuam, Galway, en <a href=\"https:\/\/www.humanium.org\/fr\/irlande\/\">Irlande<\/a>. \u00c0 la suite d&rsquo;une analyse d\u00e9taill\u00e9e des dossiers de d\u00e9c\u00e8s suspects au St. Mary&rsquo;s Mother and Baby Home par Catherine Corless, l\u2019immense s\u00e9pulture a d\u00e9voil\u00e9 l&rsquo;institutionnalisation pendant 36 ans de femmes enceintes non mari\u00e9es dans cet \u00e9tablissement catholique (BBC News, 2021). <\/p>\n\n\n\n<p class=\"wp-block-paragraph\">\u00c0 l&rsquo;\u00e9poque, avoir un enfant en dehors du mariage \u00e9tait tr\u00e8s mal vu et stigmatis\u00e9 dans la soci\u00e9t\u00e9 irlandaise (BBC News, 2021). Une analyse plus d\u00e9taill\u00e9e a laiss\u00e9 entendre qu&rsquo;en moyenne, un enfant mourait au foyer toutes les deux semaines entre 1925 et 1961 (BBC News, 2021).<\/p>\n\n\n\n<p class=\"wp-block-paragraph\">La d\u00e9couverte du cimeti\u00e8re et la couverture m\u00e9diatique qui s&rsquo;en est suivie ont suscit\u00e9 l&rsquo;indignation internationale, ce qui a incit\u00e9 le ministre <a href=\"https:\/\/www.humanium.org\/fr\/irlande\/\">irlandais<\/a> de l&rsquo;Enfance \u00e0 souligner la disponibilit\u00e9 de services de recherche des familles pour les femmes et les <a href=\"https:\/\/www.humanium.org\/fr\/les-droits-de-l-enfant\/\">enfants<\/a> (BBC News, 2021). Cela a \u00e9t\u00e9 consid\u00e9r\u00e9 comme un \u00ab\u00a0moment historique\u00a0\u00bb pour le pays (BBC News, 2021). <\/p>\n\n\n\n<p class=\"wp-block-paragraph\">Au-del\u00e0 du traitement atroce inflig\u00e9 aux femmes et aux enfants au sein du foyer de Tuam, l&rsquo;ordre des religieuses catholiques <em>Bon Secours<\/em> a \u00e9galement pr\u00e9sent\u00e9 des excuses publiques pour la mani\u00e8re \u00ab\u00a0irrespectueuse et inacceptable\u00a0\u00bb dont les victimes ont \u00e9t\u00e9 enterr\u00e9es (BBC News, 2021). Il n&rsquo;y avait aucun registre d&rsquo;inhumation pour pr\u00e8s de 1 000 enfants au cimeti\u00e8re et les cadavres eux-m\u00eames \u00e9taient r\u00e9partis dans 20 fosses septiques d\u00e9saffect\u00e9es (Carroll, 2021).<\/p>\n\n\n\n<h2 class=\"wp-block-heading\"><strong>Conclusions de l&rsquo;enqu\u00eate<\/strong><\/h2>\n\n\n\n<p class=\"wp-block-paragraph\">Les conclusions plus g\u00e9n\u00e9rales de l&rsquo;\u00e9tude de la DCECIY de 2021 font \u00e9tat d&rsquo;une litanie d&rsquo;abus odieux dans les foyers analys\u00e9s dans le cadre de l&rsquo;\u00e9tude. Bien que des similitudes existent entre les foyers, ils \u00e9taient tous g\u00e9r\u00e9s de mani\u00e8re diff\u00e9rente &#8211; certains par des ordres religieux, d&rsquo;autres par les autorit\u00e9s sanitaires locales (DCECIY, 2021). Alors que certains foyers s&rsquo;effor\u00e7aient de maintenir les m\u00e8res et les enfants ensemble, d&rsquo;autres ne tenaient pas compte de cette s\u00e9paration, et les taux \u00e9lev\u00e9s de mortalit\u00e9 infantile refl\u00e8tent une n\u00e9gligence uniforme dans tous les foyers (DCECIY, 2021). <\/p>\n\n\n\n<p class=\"wp-block-paragraph\">De mani\u00e8re alarmante, les recherches sugg\u00e8rent que les taux de <a href=\"https:\/\/www.humanium.org\/fr\/mortalite-infantile\/\">mortalit\u00e9 infantile<\/a> n&rsquo;\u00e9taient pas un secret pour les autorit\u00e9s sanitaires de l&rsquo;\u00e9poque, d\u00e9peignant ainsi un sombre tableau du m\u00e9pris du gouvernement pour la sant\u00e9 maternelle et infantile (DCECIY, 2021). \u00c0 Bessborough, le foyer qui recueillait le taux de <a href=\"https:\/\/www.humanium.org\/fr\/mortalite-infantile\/\">mortalit\u00e9 infantile<\/a> le plus \u00e9lev\u00e9 du pays, 75 % des enfants sont morts avant leur premier anniversaire (DCECIY, 2021).<\/p>\n\n\n\n<p class=\"wp-block-paragraph\">Au-del\u00e0 des cas graves de <a href=\"https:\/\/www.humanium.org\/fr\/la-maltraitance-des-enfants\/\">violence<\/a> mentale et parfois physique, le rapport de la DCECIY a mis en \u00e9vidence la pr\u00e9valence des essais de vaccins dans les foyers \u00e9tudi\u00e9s entre 1934 et 1973 (DCECIY, 2021). Ces essais de vaccinscomprenaient des enfants et \u00e9taient men\u00e9s sans m\u00e9canismes de consentement appropri\u00e9s ni exigences d&rsquo;autorisation conformes aux normes gouvernementales (DCECIY, 2021).&nbsp;<\/p>\n\n\n\n<h2 class=\"wp-block-heading\"><strong>R\u00e9parations par le gouvernement<\/strong><\/h2>\n\n\n\n<p class=\"wp-block-paragraph\">Pour rem\u00e9dier aux atrocit\u00e9s du pass\u00e9, l&rsquo;<a href=\"https:\/\/www.humanium.org\/fr\/irlande\/\">Irlande<\/a> a cr\u00e9\u00e9 un fonds de 800 millions d&rsquo;euros afin de faciliter l&rsquo;octroi de compensations aux survivants, les individus pouvant demander jusqu&rsquo;\u00e0 65 000 euros (Carroll, 2021). Ces \u00ab\u00a0survivants\u00a0\u00bb comprennent les m\u00e8res qui r\u00e9sidaient dans les foyers ainsi que les enfants qui vivaient ou \u00e9taient forc\u00e9s de travailler dans des blanchisseries (Carroll, 2021). <\/p>\n\n\n\n<p class=\"wp-block-paragraph\">Le gouvernement a estim\u00e9 que 34 000 survivants seraient \u00e9ligibles \u00e0 la soumission de demandes dans le cadre de ce fonds, ce qui en fait le plus grand plan de ce genre dans l&rsquo;histoire du pays (DCECIY, 2021). L&rsquo;adoption d&rsquo;une approche non accusatoire en mati\u00e8re de r\u00e9parations garantit que le fonds est non accusatoire et qu&rsquo;il prot\u00e8ge ainsi les survivants contre un nouveau traumatisme (DCECIY, 2021).<\/p>\n\n\n\n<p class=\"wp-block-paragraph\">En \u00e9tablissant des m\u00e9canismes de r\u00e9paration individuelle fiables et non invasifs, l&rsquo;<a href=\"https:\/\/www.humanium.org\/fr\/irlande\/\">Irlande<\/a> a fait un grand pas vers la reconnaissance de ses erreurs pass\u00e9es. Il y a beaucoup \u00e0 admirer dans cette approche, mais il reste encore \u00e0 faire pour s&rsquo;assurer que le pays s&rsquo;attaque \u00e0 la cause profonde des horreurs commises dans ces foyers. Comme l&rsquo;expriment de nombreuses publications, les \u00ab\u00a0foyers pour m\u00e8res et b\u00e9b\u00e9s\u00a0\u00bb ne sont que le sympt\u00f4me d&rsquo;une maladie beaucoup plus vaste: l&rsquo;<a href=\"https:\/\/www.humanium.org\/fr\/exploitation\/\">exploitation<\/a>, la victimisation et l\u2019\u00e9limination continues de femmes et de <a href=\"https:\/\/www.humanium.org\/fr\/droits-des-filles\/\">filles<\/a> vuln\u00e9rables (Specia, 2021). <\/p>\n\n\n\n<p class=\"wp-block-paragraph\">Tout en s&rsquo;effor\u00e7ant de rem\u00e9dier aux pr\u00e9judices caus\u00e9s durant ce sombre chapitre de l&rsquo;histoire du pays, le gouvernement irlandais, l&rsquo;\u00c9glise et les l\u00e9gislateurs doivent continuer \u00e0 \u00e9radiquer les normes discriminatoires qui isolent les femmes et les enfants. L&rsquo;histoire traumatique de l&rsquo;Irlande \u00ab\u00a0ouvre une fen\u00eatre sur une culture profond\u00e9ment misogyne en Irlande pendant plusieurs d\u00e9cennies\u00a0\u00bb, une culture qui n&rsquo;a pas \u00e9t\u00e9 totalement \u00e9radiqu\u00e9e (Specia, 2021).<\/p>\n\n\n\n<figure class=\"wp-block-image size-large\"><img loading=\"lazy\" decoding=\"async\" width=\"1024\" height=\"681\" src=\"https:\/\/www.humanium.org\/fr\/wp-content\/uploads\/2022\/03\/shutterstock_1483497758-1024x681.jpg\" alt=\"\" class=\"wp-image-51795\" srcset=\"https:\/\/www.humanium.org\/fr\/wp-content\/uploads\/2022\/03\/shutterstock_1483497758-1024x681.jpg 1024w, https:\/\/www.humanium.org\/fr\/wp-content\/uploads\/2022\/03\/shutterstock_1483497758-300x199.jpg 300w, https:\/\/www.humanium.org\/fr\/wp-content\/uploads\/2022\/03\/shutterstock_1483497758-768x511.jpg 768w, https:\/\/www.humanium.org\/fr\/wp-content\/uploads\/2022\/03\/shutterstock_1483497758-1536x1021.jpg 1536w, https:\/\/www.humanium.org\/fr\/wp-content\/uploads\/2022\/03\/shutterstock_1483497758-2048x1362.jpg 2048w, https:\/\/www.humanium.org\/fr\/wp-content\/uploads\/2022\/03\/shutterstock_1483497758-830x552.jpg 830w, https:\/\/www.humanium.org\/fr\/wp-content\/uploads\/2022\/03\/shutterstock_1483497758-230x153.jpg 230w, https:\/\/www.humanium.org\/fr\/wp-content\/uploads\/2022\/03\/shutterstock_1483497758-350x233.jpg 350w, https:\/\/www.humanium.org\/fr\/wp-content\/uploads\/2022\/03\/shutterstock_1483497758-480x319.jpg 480w, https:\/\/www.humanium.org\/fr\/wp-content\/uploads\/2022\/03\/shutterstock_1483497758-272x182.jpg 272w\" sizes=\"auto, (max-width: 1024px) 100vw, 1024px\" \/><\/figure>\n\n\n\n<p class=\"wp-block-paragraph\">Humanium, en tant que membre de Child Rights Connect, l&rsquo;organisation qui a r\u00e9dig\u00e9 la <a href=\"https:\/\/www.humanium.org\/fr\/texte-integral-convention-internationale-relative-droits-enfant-1989\/\">Convention des Nations Unies relative aux droits de l&rsquo;enfant<\/a>, s&rsquo;engage fermement \u00e0 prot\u00e9ger les enfants vuln\u00e9rables dans le monde entier. Humanium \u0153uvre pour un monde o\u00f9 les droits de l&rsquo;enfant sont universellement et efficacement respect\u00e9s, prot\u00e9g\u00e9s et appliqu\u00e9s dans toutes les circonstances impliquant un enfant. Vous pouvez contribuer \u00e0 la sensibilisation aux probl\u00e8mes des enfants dans le monde en soutenant Humanium, en parrainant un enfant, en faisant un don, en devenant membre ou b\u00e9n\u00e9vole.<\/p>\n\n\n\n<p class=\"wp-block-paragraph\"><strong><em>\u00c9crit par Vanessa Cezarita Cordeiro<\/em><\/strong><\/p>\n\n\n\n<p class=\"wp-block-paragraph\"><strong><em>Traduit par St\u00e9phanie Roffat<\/em><\/strong><\/p>\n\n\n\n<p class=\"wp-block-paragraph\"><strong><em>Relu par Denis Gingras<\/em><\/strong><\/p>\n\n\n\n<h4 class=\"wp-block-heading\">R\u00e9f\u00e9rences:<\/h4>\n\n\n\n<p class=\"has-small-font-size wp-block-paragraph\"><a href=\"https:\/\/www.bbc.com\/news\/world-europe-54693159\" target=\"_blank\" rel=\"noreferrer noopener\">BBC News. (2021, January 13). \u201cIrish mother and baby homes: Timeline of controversy.\u201d Retrieved from BBC News, accessed on 23 January 2022.<\/a><\/p>\n\n\n\n<p class=\"has-small-font-size wp-block-paragraph\"><a href=\"https:\/\/www.theguardian.com\/world\/2021\/jan\/12\/ireland-report-appalling-abuse-mother-baby-homes\" target=\"_blank\" rel=\"noreferrer noopener\">Carroll, R. (2021, January 12). \u201cIreland publishes report on \u2018appalling\u2019 abuse at mother and baby homes.\u201d Retrieved from The Guardian, accessed on 24 January 2022.<\/a><\/p>\n\n\n\n<p class=\"has-small-font-size wp-block-paragraph\"><a href=\"https:\/\/www.gov.ie\/en\/publication\/22c0e-executive-summary-of-the-final-report-of-the-commission-of-investigation-into-mother-and-baby-homes\/\" target=\"_blank\" rel=\"noreferrer noopener\">Department of Children, Equality, Disability, Integration and Youth. (2021, January 12). \u201cExecutive summary of the Final Report of the Commission of Investigation into Mother and Baby Homes.\u201d Retrieved from Government of Ireland, accessed 26 January 2022.<\/a><\/p>\n\n\n\n<p class=\"has-small-font-size wp-block-paragraph\">Department of Children, Equality, Disability, Integration and Youth. (2021, December 23). \u201cGovernment approves proposals for Mother and Baby Institutions Payment Scheme and publishes An Action Plan for Survivors and Former Residents of Mother and Baby and County Home Institutions.\u201d Retrieved from Government of Ireland, accessed on 24 January 2022.&nbsp;<\/p>\n\n\n\n<p class=\"has-small-font-size wp-block-paragraph\"><a href=\"https:\/\/www.theguardian.com\/world\/2021\/nov\/16\/irish-government-agrees-800m-package-for-mother-and-baby-home-survivors\" target=\"_blank\" rel=\"noreferrer noopener\">O\u2019Carroll, L. (2021, November 16). \u201cIrish government agrees \u20ac800m package for mother and baby home survivors.\u201d Retrieved from The Guardian, accessed on 24 January 2022.&nbsp;<\/a><\/p>\n\n\n\n<p class=\"has-small-font-size wp-block-paragraph\"><a href=\"https:\/\/theconversation.com\/mother-and-baby-homes-inquiry-now-reveal-the-secrets-of-irelands-psychiatric-hospitals-153608\" target=\"_blank\" rel=\"noreferrer noopener\">O\u2019Donnell, I., O\u2019Sullivan, E. (2021, January 26). \u201cMother and baby homes inquiry: now reveal the secrets of Ireland\u2019s psychiatric hospitals.\u201d Retrieved from The Conversation, accessed 26 January 2022.<\/a><\/p>\n\n\n\n<p class=\"has-small-font-size wp-block-paragraph\"><a href=\"https:\/\/www.nytimes.com\/2021\/01\/12\/world\/europe\/ireland-mother-baby-home-report.html\" target=\"_blank\" rel=\"noreferrer noopener\">Specia, M. (2021, January 12). \u201cReport gives glimpse into horrors of Ireland\u2019s mother and baby homes.\u201d Retrieved from The New York Times, accessed on 26 January 2022.<\/a><\/p>\n","protected":false},"excerpt":{"rendered":"<p>Un r\u00e9cent rapport phare du minist\u00e8re de l&rsquo;Enfance, de l&rsquo;\u00c9galit\u00e9, du Handicap, de l&rsquo;Int\u00e9gration et de la Jeunesse (DCEDIY) a r\u00e9v\u00e9l\u00e9 que de nombreuses institutions religieuses en Irlande ont permis des abus g\u00e9n\u00e9ralis\u00e9s \u00e0 l&rsquo;encontre des m\u00e8res c\u00e9libataires et de leurs enfants conduisant souvent \u00e0 la mort (Specia, 2021). Au cours des vingt derni\u00e8res ann\u00e9es, [&hellip;]<\/p>\n","protected":false},"author":69,"featured_media":51796,"comment_status":"closed","ping_status":"closed","sticky":false,"template":"","format":"standard","meta":{"footnotes":""},"categories":[220,4,233,214],"tags":[],"class_list":["post-51794","post","type-post","status-publish","format-standard","has-post-thumbnail","hentry","category-droits-des-enfants","category-droits-humains","category-exploitation","category-violence"],"yoast_head":"<!-- This site is optimized with the Yoast SEO plugin v28.3 - https:\/\/yoast.com\/product\/yoast-seo-wordpress\/ -->\n<title>Un chapitre honteux de l&#039;histoire irlandaise: les foyers pour m\u00e8res et b\u00e9b\u00e9s - Humanium<\/title>\n<meta name=\"description\" content=\"Au cours des vingt derni\u00e8res ann\u00e9es, les &quot;maisons pour m\u00e8res et b\u00e9b\u00e9s&quot; du pays ont connu plus de 9000 d\u00e9c\u00e8s.\" \/>\n<meta name=\"robots\" content=\"index, follow, max-snippet:-1, max-image-preview:large, max-video-preview:-1\" \/>\n<link rel=\"canonical\" href=\"https:\/\/www.humanium.org\/fr\/un-chapitre-honteux-de-lhistoire-irlandaise-les-foyers-pour-meres-et-bebes\/\" \/>\n<meta property=\"og:locale\" content=\"fr_FR\" \/>\n<meta property=\"og:type\" content=\"article\" \/>\n<meta property=\"og:title\" content=\"Un chapitre honteux de l&#039;histoire irlandaise: les foyers pour m\u00e8res et b\u00e9b\u00e9s - Humanium\" \/>\n<meta property=\"og:description\" content=\"Au cours des vingt derni\u00e8res ann\u00e9es, les &quot;maisons pour m\u00e8res et b\u00e9b\u00e9s&quot; du pays ont connu plus de 9000 d\u00e9c\u00e8s.\" \/>\n<meta property=\"og:url\" content=\"https:\/\/www.humanium.org\/fr\/un-chapitre-honteux-de-lhistoire-irlandaise-les-foyers-pour-meres-et-bebes\/\" \/>\n<meta property=\"og:site_name\" content=\"Humanium\" \/>\n<meta property=\"article:published_time\" content=\"2022-03-08T08:55:05+00:00\" \/>\n<meta property=\"article:modified_time\" content=\"2026-08-21T03:22:51+00:00\" \/>\n<meta property=\"og:image\" content=\"https:\/\/www.humanium.org\/fr\/wp-content\/uploads\/2022\/03\/shutterstock_1818617588-scaled.jpg\" \/>\n\t<meta property=\"og:image:width\" content=\"2560\" \/>\n\t<meta property=\"og:image:height\" content=\"1639\" \/>\n\t<meta property=\"og:image:type\" content=\"image\/jpeg\" \/>\n<meta name=\"author\" content=\"Humanium\" \/>\n<meta name=\"twitter:card\" content=\"summary_large_image\" \/>\n<meta name=\"twitter:label1\" content=\"\u00c9crit par\" \/>\n\t<meta name=\"twitter:data1\" content=\"Humanium\" \/>\n\t<meta name=\"twitter:label2\" content=\"Dur\u00e9e de lecture estim\u00e9e\" \/>\n\t<meta name=\"twitter:data2\" content=\"9 minutes\" \/>\n<script type=\"application\/ld+json\" class=\"yoast-schema-graph\">{\"@context\":\"https:\\\/\\\/schema.org\",\"@graph\":[{\"@type\":\"Article\",\"@id\":\"https:\\\/\\\/www.humanium.org\\\/fr\\\/un-chapitre-honteux-de-lhistoire-irlandaise-les-foyers-pour-meres-et-bebes\\\/#article\",\"isPartOf\":{\"@id\":\"https:\\\/\\\/www.humanium.org\\\/fr\\\/un-chapitre-honteux-de-lhistoire-irlandaise-les-foyers-pour-meres-et-bebes\\\/\"},\"author\":{\"name\":\"Humanium\",\"@id\":\"https:\\\/\\\/www.humanium.org\\\/fr\\\/#\\\/schema\\\/person\\\/d798d6c7d59ba2307e0877f61a20ce3e\"},\"headline\":\"Un chapitre honteux de l&rsquo;histoire irlandaise: les foyers pour m\u00e8res et b\u00e9b\u00e9s\",\"datePublished\":\"2022-03-08T08:55:05+00:00\",\"dateModified\":\"2026-08-21T03:22:51+00:00\",\"mainEntityOfPage\":{\"@id\":\"https:\\\/\\\/www.humanium.org\\\/fr\\\/un-chapitre-honteux-de-lhistoire-irlandaise-les-foyers-pour-meres-et-bebes\\\/\"},\"wordCount\":1645,\"image\":{\"@id\":\"https:\\\/\\\/www.humanium.org\\\/fr\\\/un-chapitre-honteux-de-lhistoire-irlandaise-les-foyers-pour-meres-et-bebes\\\/#primaryimage\"},\"thumbnailUrl\":\"https:\\\/\\\/www.humanium.org\\\/fr\\\/wp-content\\\/uploads\\\/2022\\\/03\\\/shutterstock_1818617588-scaled.jpg\",\"articleSection\":[\"Droits des enfants\",\"Droits humains\",\"Exploitation\",\"violence\"],\"inLanguage\":\"fr-FR\"},{\"@type\":\"WebPage\",\"@id\":\"https:\\\/\\\/www.humanium.org\\\/fr\\\/un-chapitre-honteux-de-lhistoire-irlandaise-les-foyers-pour-meres-et-bebes\\\/\",\"url\":\"https:\\\/\\\/www.humanium.org\\\/fr\\\/un-chapitre-honteux-de-lhistoire-irlandaise-les-foyers-pour-meres-et-bebes\\\/\",\"name\":\"Un chapitre honteux de l'histoire irlandaise: les foyers pour m\u00e8res et b\u00e9b\u00e9s - Humanium\",\"isPartOf\":{\"@id\":\"https:\\\/\\\/www.humanium.org\\\/fr\\\/#website\"},\"primaryImageOfPage\":{\"@id\":\"https:\\\/\\\/www.humanium.org\\\/fr\\\/un-chapitre-honteux-de-lhistoire-irlandaise-les-foyers-pour-meres-et-bebes\\\/#primaryimage\"},\"image\":{\"@id\":\"https:\\\/\\\/www.humanium.org\\\/fr\\\/un-chapitre-honteux-de-lhistoire-irlandaise-les-foyers-pour-meres-et-bebes\\\/#primaryimage\"},\"thumbnailUrl\":\"https:\\\/\\\/www.humanium.org\\\/fr\\\/wp-content\\\/uploads\\\/2022\\\/03\\\/shutterstock_1818617588-scaled.jpg\",\"datePublished\":\"2022-03-08T08:55:05+00:00\",\"dateModified\":\"2026-08-21T03:22:51+00:00\",\"author\":{\"@id\":\"https:\\\/\\\/www.humanium.org\\\/fr\\\/#\\\/schema\\\/person\\\/d798d6c7d59ba2307e0877f61a20ce3e\"},\"description\":\"Au cours des vingt derni\u00e8res ann\u00e9es, les \\\"maisons pour m\u00e8res et b\u00e9b\u00e9s\\\" du pays ont connu plus de 9000 d\u00e9c\u00e8s.\",\"breadcrumb\":{\"@id\":\"https:\\\/\\\/www.humanium.org\\\/fr\\\/un-chapitre-honteux-de-lhistoire-irlandaise-les-foyers-pour-meres-et-bebes\\\/#breadcrumb\"},\"inLanguage\":\"fr-FR\",\"potentialAction\":[{\"@type\":\"ReadAction\",\"target\":[\"https:\\\/\\\/www.humanium.org\\\/fr\\\/un-chapitre-honteux-de-lhistoire-irlandaise-les-foyers-pour-meres-et-bebes\\\/\"]}]},{\"@type\":\"ImageObject\",\"inLanguage\":\"fr-FR\",\"@id\":\"https:\\\/\\\/www.humanium.org\\\/fr\\\/un-chapitre-honteux-de-lhistoire-irlandaise-les-foyers-pour-meres-et-bebes\\\/#primaryimage\",\"url\":\"https:\\\/\\\/www.humanium.org\\\/fr\\\/wp-content\\\/uploads\\\/2022\\\/03\\\/shutterstock_1818617588-scaled.jpg\",\"contentUrl\":\"https:\\\/\\\/www.humanium.org\\\/fr\\\/wp-content\\\/uploads\\\/2022\\\/03\\\/shutterstock_1818617588-scaled.jpg\",\"width\":2560,\"height\":1639},{\"@type\":\"BreadcrumbList\",\"@id\":\"https:\\\/\\\/www.humanium.org\\\/fr\\\/un-chapitre-honteux-de-lhistoire-irlandaise-les-foyers-pour-meres-et-bebes\\\/#breadcrumb\",\"itemListElement\":[{\"@type\":\"ListItem\",\"position\":1,\"name\":\"Home\",\"item\":\"https:\\\/\\\/www.humanium.org\\\/fr\\\/\"},{\"@type\":\"ListItem\",\"position\":2,\"name\":\"Un chapitre honteux de l&rsquo;histoire irlandaise: les foyers pour m\u00e8res et b\u00e9b\u00e9s\"}]},{\"@type\":\"WebSite\",\"@id\":\"https:\\\/\\\/www.humanium.org\\\/fr\\\/#website\",\"url\":\"https:\\\/\\\/www.humanium.org\\\/fr\\\/\",\"name\":\"Humanium\",\"description\":\"Les enfants d\u2019abord !\",\"potentialAction\":[{\"@type\":\"SearchAction\",\"target\":{\"@type\":\"EntryPoint\",\"urlTemplate\":\"https:\\\/\\\/www.humanium.org\\\/fr\\\/?s={search_term_string}\"},\"query-input\":{\"@type\":\"PropertyValueSpecification\",\"valueRequired\":true,\"valueName\":\"search_term_string\"}}],\"inLanguage\":\"fr-FR\"},{\"@type\":\"Person\",\"@id\":\"https:\\\/\\\/www.humanium.org\\\/fr\\\/#\\\/schema\\\/person\\\/d798d6c7d59ba2307e0877f61a20ce3e\",\"name\":\"Humanium\",\"image\":{\"@type\":\"ImageObject\",\"inLanguage\":\"fr-FR\",\"@id\":\"https:\\\/\\\/secure.gravatar.com\\\/avatar\\\/22715e338d2fcc547e3a431c4738360d33fea2a4af458f865b2c3b22f1eaa51f?s=96&d=mm&r=g\",\"url\":\"https:\\\/\\\/secure.gravatar.com\\\/avatar\\\/22715e338d2fcc547e3a431c4738360d33fea2a4af458f865b2c3b22f1eaa51f?s=96&d=mm&r=g\",\"contentUrl\":\"https:\\\/\\\/secure.gravatar.com\\\/avatar\\\/22715e338d2fcc547e3a431c4738360d33fea2a4af458f865b2c3b22f1eaa51f?s=96&d=mm&r=g\",\"caption\":\"Humanium\"},\"url\":\"https:\\\/\\\/www.humanium.org\\\/fr\\\/author\\\/humanium\\\/\"}]}<\/script>\n<!-- \/ Yoast SEO plugin. -->","yoast_head_json":{"title":"Un chapitre honteux de l'histoire irlandaise: les foyers pour m\u00e8res et b\u00e9b\u00e9s - Humanium","description":"Au cours des vingt derni\u00e8res ann\u00e9es, les \"maisons pour m\u00e8res et b\u00e9b\u00e9s\" du pays ont connu plus de 9000 d\u00e9c\u00e8s.","robots":{"index":"index","follow":"follow","max-snippet":"max-snippet:-1","max-image-preview":"max-image-preview:large","max-video-preview":"max-video-preview:-1"},"canonical":"https:\/\/www.humanium.org\/fr\/un-chapitre-honteux-de-lhistoire-irlandaise-les-foyers-pour-meres-et-bebes\/","og_locale":"fr_FR","og_type":"article","og_title":"Un chapitre honteux de l'histoire irlandaise: les foyers pour m\u00e8res et b\u00e9b\u00e9s - Humanium","og_description":"Au cours des vingt derni\u00e8res ann\u00e9es, les \"maisons pour m\u00e8res et b\u00e9b\u00e9s\" du pays ont connu plus de 9000 d\u00e9c\u00e8s.","og_url":"https:\/\/www.humanium.org\/fr\/un-chapitre-honteux-de-lhistoire-irlandaise-les-foyers-pour-meres-et-bebes\/","og_site_name":"Humanium","article_published_time":"2022-03-08T08:55:05+00:00","article_modified_time":"2026-08-21T03:22:51+00:00","og_image":[{"width":2560,"height":1639,"url":"https:\/\/www.humanium.org\/fr\/wp-content\/uploads\/2022\/03\/shutterstock_1818617588-scaled.jpg","type":"image\/jpeg"}],"author":"Humanium","twitter_card":"summary_large_image","twitter_misc":{"\u00c9crit par":"Humanium","Dur\u00e9e de lecture estim\u00e9e":"9 minutes"},"schema":{"@context":"https:\/\/schema.org","@graph":[{"@type":"Article","@id":"https:\/\/www.humanium.org\/fr\/un-chapitre-honteux-de-lhistoire-irlandaise-les-foyers-pour-meres-et-bebes\/#article","isPartOf":{"@id":"https:\/\/www.humanium.org\/fr\/un-chapitre-honteux-de-lhistoire-irlandaise-les-foyers-pour-meres-et-bebes\/"},"author":{"name":"Humanium","@id":"https:\/\/www.humanium.org\/fr\/#\/schema\/person\/d798d6c7d59ba2307e0877f61a20ce3e"},"headline":"Un chapitre honteux de l&rsquo;histoire irlandaise: les foyers pour m\u00e8res et b\u00e9b\u00e9s","datePublished":"2022-03-08T08:55:05+00:00","dateModified":"2026-08-21T03:22:51+00:00","mainEntityOfPage":{"@id":"https:\/\/www.humanium.org\/fr\/un-chapitre-honteux-de-lhistoire-irlandaise-les-foyers-pour-meres-et-bebes\/"},"wordCount":1645,"image":{"@id":"https:\/\/www.humanium.org\/fr\/un-chapitre-honteux-de-lhistoire-irlandaise-les-foyers-pour-meres-et-bebes\/#primaryimage"},"thumbnailUrl":"https:\/\/www.humanium.org\/fr\/wp-content\/uploads\/2022\/03\/shutterstock_1818617588-scaled.jpg","articleSection":["Droits des enfants","Droits humains","Exploitation","violence"],"inLanguage":"fr-FR"},{"@type":"WebPage","@id":"https:\/\/www.humanium.org\/fr\/un-chapitre-honteux-de-lhistoire-irlandaise-les-foyers-pour-meres-et-bebes\/","url":"https:\/\/www.humanium.org\/fr\/un-chapitre-honteux-de-lhistoire-irlandaise-les-foyers-pour-meres-et-bebes\/","name":"Un chapitre honteux de l'histoire irlandaise: les foyers pour m\u00e8res et b\u00e9b\u00e9s - Humanium","isPartOf":{"@id":"https:\/\/www.humanium.org\/fr\/#website"},"primaryImageOfPage":{"@id":"https:\/\/www.humanium.org\/fr\/un-chapitre-honteux-de-lhistoire-irlandaise-les-foyers-pour-meres-et-bebes\/#primaryimage"},"image":{"@id":"https:\/\/www.humanium.org\/fr\/un-chapitre-honteux-de-lhistoire-irlandaise-les-foyers-pour-meres-et-bebes\/#primaryimage"},"thumbnailUrl":"https:\/\/www.humanium.org\/fr\/wp-content\/uploads\/2022\/03\/shutterstock_1818617588-scaled.jpg","datePublished":"2022-03-08T08:55:05+00:00","dateModified":"2026-08-21T03:22:51+00:00","author":{"@id":"https:\/\/www.humanium.org\/fr\/#\/schema\/person\/d798d6c7d59ba2307e0877f61a20ce3e"},"description":"Au cours des vingt derni\u00e8res ann\u00e9es, les \"maisons pour m\u00e8res et b\u00e9b\u00e9s\" du pays ont connu plus de 9000 d\u00e9c\u00e8s.","breadcrumb":{"@id":"https:\/\/www.humanium.org\/fr\/un-chapitre-honteux-de-lhistoire-irlandaise-les-foyers-pour-meres-et-bebes\/#breadcrumb"},"inLanguage":"fr-FR","potentialAction":[{"@type":"ReadAction","target":["https:\/\/www.humanium.org\/fr\/un-chapitre-honteux-de-lhistoire-irlandaise-les-foyers-pour-meres-et-bebes\/"]}]},{"@type":"ImageObject","inLanguage":"fr-FR","@id":"https:\/\/www.humanium.org\/fr\/un-chapitre-honteux-de-lhistoire-irlandaise-les-foyers-pour-meres-et-bebes\/#primaryimage","url":"https:\/\/www.humanium.org\/fr\/wp-content\/uploads\/2022\/03\/shutterstock_1818617588-scaled.jpg","contentUrl":"https:\/\/www.humanium.org\/fr\/wp-content\/uploads\/2022\/03\/shutterstock_1818617588-scaled.jpg","width":2560,"height":1639},{"@type":"BreadcrumbList","@id":"https:\/\/www.humanium.org\/fr\/un-chapitre-honteux-de-lhistoire-irlandaise-les-foyers-pour-meres-et-bebes\/#breadcrumb","itemListElement":[{"@type":"ListItem","position":1,"name":"Home","item":"https:\/\/www.humanium.org\/fr\/"},{"@type":"ListItem","position":2,"name":"Un chapitre honteux de l&rsquo;histoire irlandaise: les foyers pour m\u00e8res et b\u00e9b\u00e9s"}]},{"@type":"WebSite","@id":"https:\/\/www.humanium.org\/fr\/#website","url":"https:\/\/www.humanium.org\/fr\/","name":"Humanium","description":"Les enfants d\u2019abord !","potentialAction":[{"@type":"SearchAction","target":{"@type":"EntryPoint","urlTemplate":"https:\/\/www.humanium.org\/fr\/?s={search_term_string}"},"query-input":{"@type":"PropertyValueSpecification","valueRequired":true,"valueName":"search_term_string"}}],"inLanguage":"fr-FR"},{"@type":"Person","@id":"https:\/\/www.humanium.org\/fr\/#\/schema\/person\/d798d6c7d59ba2307e0877f61a20ce3e","name":"Humanium","image":{"@type":"ImageObject","inLanguage":"fr-FR","@id":"https:\/\/secure.gravatar.com\/avatar\/22715e338d2fcc547e3a431c4738360d33fea2a4af458f865b2c3b22f1eaa51f?s=96&d=mm&r=g","url":"https:\/\/secure.gravatar.com\/avatar\/22715e338d2fcc547e3a431c4738360d33fea2a4af458f865b2c3b22f1eaa51f?s=96&d=mm&r=g","contentUrl":"https:\/\/secure.gravatar.com\/avatar\/22715e338d2fcc547e3a431c4738360d33fea2a4af458f865b2c3b22f1eaa51f?s=96&d=mm&r=g","caption":"Humanium"},"url":"https:\/\/www.humanium.org\/fr\/author\/humanium\/"}]}},"_links":{"self":[{"href":"https:\/\/www.humanium.org\/fr\/wp-json\/wp\/v2\/posts\/51794","targetHints":{"allow":["GET"]}}],"collection":[{"href":"https:\/\/www.humanium.org\/fr\/wp-json\/wp\/v2\/posts"}],"about":[{"href":"https:\/\/www.humanium.org\/fr\/wp-json\/wp\/v2\/types\/post"}],"author":[{"embeddable":true,"href":"https:\/\/www.humanium.org\/fr\/wp-json\/wp\/v2\/users\/69"}],"replies":[{"embeddable":true,"href":"https:\/\/www.humanium.org\/fr\/wp-json\/wp\/v2\/comments?post=51794"}],"version-history":[{"count":8,"href":"https:\/\/www.humanium.org\/fr\/wp-json\/wp\/v2\/posts\/51794\/revisions"}],"predecessor-version":[{"id":62757,"href":"https:\/\/www.humanium.org\/fr\/wp-json\/wp\/v2\/posts\/51794\/revisions\/62757"}],"wp:featuredmedia":[{"embeddable":true,"href":"https:\/\/www.humanium.org\/fr\/wp-json\/wp\/v2\/media\/51796"}],"wp:attachment":[{"href":"https:\/\/www.humanium.org\/fr\/wp-json\/wp\/v2\/media?parent=51794"}],"wp:term":[{"taxonomy":"category","embeddable":true,"href":"https:\/\/www.humanium.org\/fr\/wp-json\/wp\/v2\/categories?post=51794"},{"taxonomy":"post_tag","embeddable":true,"href":"https:\/\/www.humanium.org\/fr\/wp-json\/wp\/v2\/tags?post=51794"}],"curies":[{"name":"wp","href":"https:\/\/api.w.org\/{rel}","templated":true}]}}