{"id":51833,"date":"2022-03-15T18:21:06","date_gmt":"2022-03-15T18:21:06","guid":{"rendered":"https:\/\/www.humanium.org\/fr\/?p=51833"},"modified":"2026-08-21T03:23:02","modified_gmt":"2026-08-21T03:23:02","slug":"le-droit-des-enfants-a-lorientation-sexuelle-lidentite-et-lexpression-du-genre-osigeg","status":"publish","type":"post","link":"https:\/\/www.humanium.org\/fr\/le-droit-des-enfants-a-lorientation-sexuelle-lidentite-et-lexpression-du-genre-osigeg\/","title":{"rendered":"Le droit des enfants \u00e0 l\u2019Orientation Sexuelle, l\u2019Identit\u00e9 et l\u2019Expression du Genre (OSIGEG)"},"content":{"rendered":"\n<p class=\"wp-block-paragraph\"><strong>Quand on interroge les individus sur leur orientation sexuelle et identit\u00e9 de genre (OSIGEG), leur r\u00e9ponse commence souvent par : \u00ab J&rsquo;ai toujours su que j&rsquo;\u00e9tais diff\u00e9rent (&#8230;)\u00bb. Cela sugg\u00e8re que la soci\u00e9t\u00e9 nous indique qu&rsquo;il y a une orientation sexuelle et une identit\u00e9 de genre \u00ab normale \u00bb. <\/strong><a href=\"https:\/\/www.humanium.org\/fr\/droits-enfant\/\"><strong>Les <\/strong><strong>enfants<\/strong><\/a><strong> <\/strong><strong>vivent, pour la plupart dans un environnement qui d\u00e9finit et cat\u00e9gorise leur OSIGEG.&nbsp;<\/strong><\/p>\n\n\n\n<p class=\"wp-block-paragraph\"><strong>Les enfants dont les sentiments et les ressentis ne rentrent pas dans ces cat\u00e9gories se sentent exclus des standards impos\u00e9s par le syst\u00e8me \u00e9ducatif, leur famille ou par les politiques de <\/strong><strong>sant\u00e9&nbsp;<\/strong><strong>; une situation qui p\u00e8se sur leur bien-\u00eatre, leur d\u00e9veloppement et leur sant\u00e9. La loi doit subvenir aux besoins de tous les enfants, quelles que soient leur <\/strong><a href=\"https:\/\/www.humanium.org\/fr\/sexualite-des-adolescents\/\"><strong>orientation sexuelle<\/strong><\/a><strong> et leur identit\u00e9 de genre. Le <\/strong><a href=\"https:\/\/www.humanium.org\/fr\/comprendre-droits-enfant\/droit-a-l-identite\/\"><strong>droit \u00e0 l&rsquo;identit\u00e9<\/strong><\/a><strong> d\u00e9fini dans l&rsquo;article 8 de la <\/strong><a href=\"https:\/\/www.humanium.org\/fr\/convention\/\"><strong>Convention internationale des droits de l&rsquo;enfant (CIDE)<\/strong><\/a><strong> peut et doit promouvoir leur droit \u00e0 l\u2019OSIGEG et prot\u00e9ger au mieux leur identit\u00e9.<\/strong><\/p>\n\n\n\n<h2 class=\"wp-block-heading\"><strong>Contraintes sociales relatives \u00e0 la OSIGEG<\/strong><\/h2>\n\n\n\n<p class=\"wp-block-paragraph\">L&rsquo;<a href=\"https:\/\/www.humanium.org\/fr\/enfants-sans-identite\/\">attribution du sexe<\/a> est l\u2019une des premi\u00e8res mesures prises \u00e0 l&rsquo;\u00e9gard de l&rsquo;enfant. L&rsquo;enregistrement du sexe est obligatoire, et dans la plupart des pays, il n&rsquo;existe que deux options : masculin ou f\u00e9minin (Brink &amp; Tigchelaar, 2014).<\/p>\n\n\n\n<p class=\"wp-block-paragraph\">L\u2019assignation de genre, g\u00e9n\u00e9ralement effectu\u00e9e lorsque les enfants sont encore au stade de nourrisson, se fait sans consultation. Dans la plupart des environnements et des soci\u00e9t\u00e9s o\u00f9 les enfants grandissent, l&rsquo;assignation d&rsquo;un sexe particulier s&rsquo;accompagne de certaines attentes concernant les comportements et les actions des enfants (Dunne, 2018).<\/p>\n\n\n\n<p class=\"wp-block-paragraph\">Par exemple, on s\u2019attend \u00e0 ce qu\u2019ils portent certains v\u00eatements ou qu\u2019ils s\u2019adaptent aux r\u00f4les culturels propres \u00e0 la \u00ab\u00a0<a href=\"https:\/\/www.humanium.org\/fr\/droits-des-filles\/\">fille<\/a>\u00a0\u00bb ou au \u00ab\u00a0gar\u00e7on\u00a0\u00bb. On se demande rarement si les enfants se sentent \u00e0 l&rsquo;aise dans ces r\u00f4les et ces comportements. Par ailleurs, comme ils doivent s\u2019identifier au genre qui leur a \u00e9t\u00e9 assign\u00e9 en fonction de leur sexe, ils ne peuvent que tr\u00e8s rarement se d\u00e9velopper sans \u00eatre influencer par ces images sociales (Dunne, 2018).<\/p>\n\n\n\n<h2 class=\"wp-block-heading\"><strong>Discrimination, stigmatisation et violence \u00e0 l\u2019encontre des enfants LGBTIQ+<\/strong><\/h2>\n\n\n\n<p class=\"wp-block-paragraph\">Les enfants qui ne s&rsquo;identifient pas au sexe qui leur a \u00e9t\u00e9 assign\u00e9, dont l&rsquo;orientation sexuelle n&rsquo;est pas h\u00e9t\u00e9rosexuelle, ou dont l&rsquo;expression de genre n&rsquo;est pas conforme aux st\u00e9r\u00e9otypes de genre de la soci\u00e9t\u00e9 (comme \u00ab&nbsp;les gar\u00e7ons ne devraient pas porter de robes&nbsp;\u00bb) sont fr\u00e9quemment victimes de stigmatisation, de violence et de <a href=\"https:\/\/www.humanium.org\/fr\/discrimination\/\">discrimination<\/a> (UNESCO, 2016).Ces situations sont v\u00e9cues au quotidien dans les <a href=\"https:\/\/www.humanium.org\/fr\/harcelement-scolaire\/\">milieux scolaires<\/a>, l\u2019<a href=\"https:\/\/www.humanium.org\/fr\/famille-droits-enfant\/\">environnement familial<\/a> et les politiques de sant\u00e9 (Committee, 2016).<\/p>\n\n\n\n<figure class=\"wp-block-image size-large\"><img loading=\"lazy\" decoding=\"async\" width=\"1024\" height=\"683\" src=\"https:\/\/www.humanium.org\/fr\/wp-content\/uploads\/2022\/03\/shutterstock_1066233650-1024x683.jpg\" alt=\"\" class=\"wp-image-51835\" srcset=\"https:\/\/www.humanium.org\/fr\/wp-content\/uploads\/2022\/03\/shutterstock_1066233650-1024x683.jpg 1024w, https:\/\/www.humanium.org\/fr\/wp-content\/uploads\/2022\/03\/shutterstock_1066233650-300x200.jpg 300w, https:\/\/www.humanium.org\/fr\/wp-content\/uploads\/2022\/03\/shutterstock_1066233650-768x513.jpg 768w, https:\/\/www.humanium.org\/fr\/wp-content\/uploads\/2022\/03\/shutterstock_1066233650-1536x1025.jpg 1536w, https:\/\/www.humanium.org\/fr\/wp-content\/uploads\/2022\/03\/shutterstock_1066233650-2048x1367.jpg 2048w, https:\/\/www.humanium.org\/fr\/wp-content\/uploads\/2022\/03\/shutterstock_1066233650-830x554.jpg 830w, https:\/\/www.humanium.org\/fr\/wp-content\/uploads\/2022\/03\/shutterstock_1066233650-230x154.jpg 230w, https:\/\/www.humanium.org\/fr\/wp-content\/uploads\/2022\/03\/shutterstock_1066233650-350x234.jpg 350w, https:\/\/www.humanium.org\/fr\/wp-content\/uploads\/2022\/03\/shutterstock_1066233650-480x320.jpg 480w, https:\/\/www.humanium.org\/fr\/wp-content\/uploads\/2022\/03\/shutterstock_1066233650-272x182.jpg 272w\" sizes=\"auto, (max-width: 1024px) 100vw, 1024px\" \/><\/figure>\n\n\n\n<p class=\"wp-block-paragraph\">Selon plusieurs \u00e9tudes, les enfants lesbiennes, gays, bisexuels, transgenres, intersexes, queers, non-conformes au genre ou qui se remettent en question <a href=\"https:\/\/www.humanium.org\/fr\/discriminations\/enfants-lgbtq\/\">(LGBTIQ+)<\/a> sont plus susceptibles d&rsquo;\u00eatre expos\u00e9s \u00e0 la violence dans les \u00e9tablissements scolaires que leurs pairs non-LGBTIQ+. (UNESCO, 2016)De m\u00eame, dans leur environnement familial, les enfants dont l&rsquo;orientation sexuelle, l&rsquo;identit\u00e9 ou l&rsquo;expression de genre diff\u00e8rent de la majorit\u00e9 subissent des violences ou sont m\u00eame rejet\u00e9s par leur famille (Horn, Peter, &amp; Russell, 2017). Les abus, la discrimination et le rejet des enfants LGBTIQ+ peuvent non seulement \u00eatre la cause de probl\u00e8mes de sant\u00e9 \u00e0 long terme, mais aussi d&rsquo;exclusion sociale, de&nbsp; pauvret\u00e9et peut m\u00eame aboutir au sans-abrisme&nbsp;(The CRC Committee et al., 2015).<\/p>\n\n\n\n<h2 class=\"wp-block-heading\"><strong>Absence de protection de la SOGIE des enfants dans la CIDE<\/strong><\/h2>\n\n\n\n<p class=\"wp-block-paragraph\">Dans ce contexte, la question qui se pose est de savoir dans quelle mesure la <a href=\"https:\/\/www.humanium.org\/fr\/convention\/\">Convention internationale des droits de l&rsquo;enfant (CIDE)<\/a>, le trait\u00e9 des droits de l&rsquo;homme le plus ratifi\u00e9, r\u00e9pond aux besoins des enfants en mati\u00e8re d\u2019OSIGEG. Si l&rsquo;on regarde les dispositions de la CIDE, il n&rsquo;y a pas de droit explicite qui prot\u00e8ge l\u2019OSIGEG des enfants. Cette absence de <a href=\"https:\/\/www.humanium.org\/fr\/droit-a-la-protection\/\">protection<\/a> concernant la sexualit\u00e9 et le genre permet aux pays d\u2019emp\u00eacher les enfants de vivre leur OSIGEG en toute libert\u00e9.<\/p>\n\n\n\n<p class=\"wp-block-paragraph\">Plusieurs articles de la Convention, tels que ceux concernant la <a href=\"https:\/\/www.humanium.org\/fr\/comprendre-droits-enfant\/droit-aux-libertes\/\">libert\u00e9 <\/a>d&rsquo;expression et d&rsquo;acc\u00e8s \u00e0 l&rsquo;information, ainsi que ceux visant la libert\u00e9 de pens\u00e9e, de conscience et de religion, codifient la possibilit\u00e9 de restreindre les droits des enfants en invoquant, entre autres, la morale (Horn, Peter, &amp; Russell, 2017). Souvent, les \u00c9tats interpr\u00e8tent des concepts comme la\u00ab&nbsp;morale&nbsp;\u00bb de mani\u00e8re \u00e0 ce que seules des identit\u00e9s de genre et des orientations sexuelles sp\u00e9cifiques, par exemple l&rsquo;orientation h\u00e9t\u00e9rosexuelle, soient consid\u00e9r\u00e9es comme \u00ab&nbsp;normales&nbsp;\u00bb. Ainsi, le langage ambigu de la CIDE permet aux pays de justifier leurs lois et leurs politiques discriminatoires \u00e0 l&rsquo;encontre des <a href=\"https:\/\/www.humanium.org\/fr\/discriminations\/enfants-lgbtq\/\">enfants LGBTIQ+<\/a> (Horn, Peter, &amp; Russell, 2017). Il est donc urgent de rem\u00e9dier au manque de protection des enfants.<\/p>\n\n\n\n<h2 class=\"wp-block-heading\"><strong>Aller de l&rsquo;avant &#8211; garantir le droit \u00e0 l&rsquo;identit\u00e9<\/strong><\/h2>\n\n\n\n<p class=\"wp-block-paragraph\">Quel droit pourrait mieux prot\u00e9ger l&rsquo;identit\u00e9 des enfants en termes d&rsquo;orientation sexuelle, d&rsquo;identit\u00e9 de genre et d&rsquo;expression que le <a href=\"https:\/\/www.humanium.org\/fr\/comprendre-droits-enfant\/droit-a-l-identite\/\">droit \u00e0 l&rsquo;identit\u00e9<\/a>&nbsp; inscrit \u00e0 l&rsquo;article 8 de la Convention relative aux droits de l&rsquo;enfant ?<\/p>\n\n\n\n<p class=\"wp-block-paragraph\">Cet article stipule que \u00ab&nbsp;les Etats parties s&rsquo;engagent \u00e0 respecter le droit de l&rsquo;enfant de pr\u00e9server son identit\u00e9, y compris sa nationalit\u00e9, son nom et ses relations familiales.&nbsp;\u00bbLe terme\u00ab&nbsp;y compris&nbsp;\u00bbpermet de prot\u00e9ger \u00e9galement d&rsquo;autres \u00e9l\u00e9ments de l&rsquo;article 8. (Tobin, 2019) Le <a href=\"https:\/\/www.humanium.org\/fr\/genese-comite-droits-enfant\/\">Comit\u00e9 des droits de l&rsquo;enfant<\/a> semble comprendre de plus en plus l&rsquo;identit\u00e9 comme un concept dynamique qui consiste \u00e9galement \u00e0 reconna\u00eetre l&rsquo;individualit\u00e9 des enfants et qui les distingue de leurs pairs.<\/p>\n\n\n\n<p class=\"wp-block-paragraph\">En cons\u00e9quence, la sexualit\u00e9, l&rsquo;identit\u00e9 et l&rsquo;expression de genre, qui sont partie int\u00e9grante de l&rsquo;identit\u00e9 des enfants, doivent \u00eatre prot\u00e9g\u00e9es par le droit \u00e0 <a href=\"https:\/\/www.humanium.org\/fr\/comprendre-droits-enfant\/droit-a-l-identite\/\">l&rsquo;identit\u00e9<\/a> (Sandberg, 2015). Les enfants doivent se voir accorder le <em>droit de se d\u00e9velopper<\/em> de mani\u00e8re ind\u00e9pendante en ce qui concerne leur orientation, leur identit\u00e9 et leur expression sexuelles, \u00e9l\u00e9ments n\u00e9cessaires pour leur bien-\u00eatre physique et mental et pour leur identit\u00e9.<\/p>\n\n\n\n<h2 class=\"wp-block-heading\"><strong><sup>Les devoirs des \u00c9tats en mati\u00e8re de soutien au d\u00e9veloppement de l&rsquo;identit\u00e9 des enfants&nbsp;<\/sup><\/strong><\/h2>\n\n\n\n<p class=\"wp-block-paragraph\">Les pays doivent commencer \u00e0 respecter une notion d&rsquo;identit\u00e9 qui englobe un droit \u00e0 l\u2019OSIGEG. Un tel droit leur interdit d&rsquo;interpr\u00e9ter des termes tels que \u00ab&nbsp;moralit\u00e9&nbsp;\u00bb d&rsquo;une mani\u00e8re <a href=\"https:\/\/www.humanium.org\/fr\/droit-non-discrimination\/\">discriminatoire<\/a> \u00e0 l&rsquo;\u00e9gard de certaines sexualit\u00e9s et identit\u00e9s de genre. Par cons\u00e9quent, les \u00c9tats doivent abolir les <a href=\"https:\/\/www.humanium.org\/fr\/justice\/\">lois<\/a> qui ne r\u00e9pondent qu&rsquo;aux besoins de certaines OSIGEG.<\/p>\n\n\n\n<p class=\"wp-block-paragraph\">Ils doivent prendre des mesures jug\u00e9es raisonnables, comme par exemple, adopter des lois, pour que les enfants puissent d\u00e9couvrir, d\u00e9velopper, exprimer et jouir de leur identit\u00e9. (Tobin, 2019)Ainsi, les \u00c9tats se doivent d\u2019adapter leurs <a href=\"https:\/\/www.humanium.org\/fr\/comprendre-droits-enfant\/droit-a-l-education\/\">syst\u00e8mes scolaires<\/a> pour y accueillir tous les enfants quelles que soient leur orientation sexuelle, identit\u00e9 et expression de genre.<\/p>\n\n\n\n<p class=\"wp-block-paragraph\">De plus, vues les contraintes sociales qui accompagnent l&rsquo;assignation d&rsquo;un sexe \u00e0 la naissance, les pays devraient modifier les lois \u00e9tablissant que le sexe doit \u00eatre d\u00e9termin\u00e9 \u00e0 la naissance. D\u00e9cider de son genre devrait revenir aux personnes elles-m\u00eames puisque leur identit\u00e9 est en jeu. Si le syst\u00e8me juridique reconnaissait toutes les formes d\u2019OSIGEG, cela aurait un impact sur la soci\u00e9t\u00e9 et r\u00e9duirait la forte pression sociale sur <a href=\"https:\/\/www.humanium.org\/fr\/discriminations\/enfants-lgbtq\/\">les enfants LGBTIQ+et <\/a>all\u00e9gerait les restrictions qui leurs sont impos\u00e9es.<\/p>\n\n\n\n<figure class=\"wp-block-image size-large\"><img loading=\"lazy\" decoding=\"async\" width=\"1024\" height=\"684\" src=\"https:\/\/www.humanium.org\/fr\/wp-content\/uploads\/2022\/03\/shutterstock_2039766632-1024x684.jpg\" alt=\"\" class=\"wp-image-51834\" srcset=\"https:\/\/www.humanium.org\/fr\/wp-content\/uploads\/2022\/03\/shutterstock_2039766632-1024x684.jpg 1024w, https:\/\/www.humanium.org\/fr\/wp-content\/uploads\/2022\/03\/shutterstock_2039766632-300x200.jpg 300w, https:\/\/www.humanium.org\/fr\/wp-content\/uploads\/2022\/03\/shutterstock_2039766632-768x513.jpg 768w, https:\/\/www.humanium.org\/fr\/wp-content\/uploads\/2022\/03\/shutterstock_2039766632-1536x1026.jpg 1536w, https:\/\/www.humanium.org\/fr\/wp-content\/uploads\/2022\/03\/shutterstock_2039766632-2048x1368.jpg 2048w, https:\/\/www.humanium.org\/fr\/wp-content\/uploads\/2022\/03\/shutterstock_2039766632-830x554.jpg 830w, https:\/\/www.humanium.org\/fr\/wp-content\/uploads\/2022\/03\/shutterstock_2039766632-230x154.jpg 230w, https:\/\/www.humanium.org\/fr\/wp-content\/uploads\/2022\/03\/shutterstock_2039766632-350x234.jpg 350w, https:\/\/www.humanium.org\/fr\/wp-content\/uploads\/2022\/03\/shutterstock_2039766632-480x321.jpg 480w, https:\/\/www.humanium.org\/fr\/wp-content\/uploads\/2022\/03\/shutterstock_2039766632-272x182.jpg 272w\" sizes=\"auto, (max-width: 1024px) 100vw, 1024px\" \/><\/figure>\n\n\n\n<p class=\"wp-block-paragraph\">Chez Humanium, nous soutenons les enfants LGBTIQ+ et les enfants de toute OSIGEG pour qu\u2019ils d\u00e9veloppent leur identit\u00e9 en toute libert\u00e9. Humanium travaille \u00e0 la cr\u00e9ation d\u2019un monde qui respecte tous les droits des enfants et reconnait leur caract\u00e8re unique. Vous pouvez aider nos campagnes de sensibilisation aux droits de l\u2019enfant et nous soutenir en parrainant un enfant, en faisant un don ou en devenant b\u00e9n\u00e9vole\u2009!<\/p>\n\n\n\n<p class=\"wp-block-paragraph\"><em><strong>\u00c9crit par Louisa Steffen<\/strong><\/em><\/p>\n\n\n\n<p class=\"wp-block-paragraph\"><em><strong>Traduit par \u00c9lisa Lorcy<\/strong><\/em><\/p>\n\n\n\n<p class=\"wp-block-paragraph\"><em><strong>Relu par Jean-Christophe Brunet<\/strong><\/em><\/p>\n\n\n\n<h4 class=\"wp-block-heading\"><strong>R\u00e9f\u00e9rences&nbsp;:<\/strong><\/h4>\n\n\n\n<p class=\"has-small-font-size wp-block-paragraph\"><a href=\"https:\/\/repository.wodc.nl\/bitstream\/handle\/20.500.12832\/2087\/2393-summary_tcm28-73314.pdf?sequence=4&amp;isAllowed=y\" target=\"_blank\" rel=\"noreferrer noopener\">Brink, M. v., &amp;Tigchelaar, J. (2014). English Summary; M\/F and beyond Gender Registration by the State and the Legal Position of Transgender Persons. Utrecht Centre for European Research into Family Law<\/a>, accessed on 11 February 2022.<\/p>\n\n\n\n<p class=\"has-small-font-size wp-block-paragraph\"><a href=\"https:\/\/www.ohchr.org\/en\/professionalinterest\/pages\/crc.aspx\" target=\"_blank\" rel=\"noreferrer noopener\">Convention on the Rights of the Child (adopted 20 November 1989, entered into force 2 September 1990). 1577 UNTC 3,<\/a>accessed on 11 February 2022.<\/p>\n\n\n\n<p class=\"has-small-font-size wp-block-paragraph\"><a href=\"https:\/\/digitallibrary.un.org\/record\/855544\" target=\"_blank\" rel=\"noreferrer noopener\">Committee, C. (2016). General Comment No. 20: The Implementation of the Rights of the Child during Adolescence. UN Doc CRC\/C\/GC\/20<\/a>, accessed on 11 February 2022.<\/p>\n\n\n\n<p class=\"has-small-font-size wp-block-paragraph\"><a href=\"https:\/\/www.ohchr.org\/en\/NewsEvents\/Pages\/DisplayNews.aspx?NewsID=15941&amp;LangID=E\" target=\"_blank\" rel=\"noreferrer noopener\">The CRC Committee et al., D. a. (2015, May 17 ). Discriminated and made vulnerable: Young LGBT and intersex people need recognition and protection of their rights International Day against Homophobia, Biphobia and Transphobia. Retrieved from United Nation<\/a>, accessed on 11 February 2022.<\/p>\n\n\n\n<p class=\"has-small-font-size wp-block-paragraph\">Dunne, P. (2018). Towards Trans and Intersex Equality: Conflict or Complementarity? In J. M. Scherpe, A. Dutta, &amp; T. Helms, The Legal Status of Intersex Persons (pp. 217-240). Intersentia, accessed on 9 February 2022.<\/p>\n\n\n\n<p class=\"has-small-font-size wp-block-paragraph\">Horn, S. S., Peter, C., &amp; Russell, S. T. (2017). The Right to Be Who You Are. In M. D. Ruck, &amp; M. Peterson-Badali, Handbook of Children\u2019s Rights: Global and Multidisciplinary Perspectives (pp. 221-238), accessed on 9 February 2022.<\/p>\n\n\n\n<p class=\"has-small-font-size wp-block-paragraph\"><a href=\"https:\/\/www.researchgate.net\/publication\/337180096_Telling_stories_telling_transgender_coming_out_stories_from_the_UK_and_Portugal\" target=\"_blank\" rel=\"noreferrer noopener\">Marques, A. C. (2020). Telling Stories; Telling Transgender Coming out Stories from the UK and Portugal. Gender, Place &amp; Culture, 27, 1287-1307<\/a>, accessed on 11 February 2022.<\/p>\n\n\n\n<p class=\"has-small-font-size wp-block-paragraph\"><a href=\"https:\/\/www.researchgate.net\/publication\/292386962_The_Rights_of_LGBTI_Children_under_the_Convention_on_the_Rights_of_the_Child\" target=\"_blank\" rel=\"noreferrer noopener\">Sandberg, K. (2015). The Rights of LGBTI Children under the Convention on the Rights of the Child. Nordic Journal of Human Rights, 33(4), 337-352<\/a>, accessed on 11 February 2022.<\/p>\n\n\n\n<p class=\"has-small-font-size wp-block-paragraph\">Tobin, J. (2019). The UN Convention on the Rights of the Child: A Commentary. Oxford University Press, accessed on 3 February 2022.<\/p>\n\n\n\n<p class=\"has-small-font-size wp-block-paragraph\"><a href=\"https:\/\/www.right-to-education.org\/resource\/out-open-education-sector-responses-violence-based-sexual-orientation-and-gender\" target=\"_blank\" rel=\"noreferrer noopener\">UNESCO. (2016). Out in the Open: Education Sector Responses to Violence Based on Sexual Orientation and Gender Identity\/Expression. Paris: UN Doc<\/a>, accessed on 11 February 2022.<\/p>\n","protected":false},"excerpt":{"rendered":"<p>Quand on interroge les individus sur leur orientation sexuelle et identit\u00e9 de genre (OSIGEG), leur r\u00e9ponse commence souvent par : \u00ab J&rsquo;ai toujours su que j&rsquo;\u00e9tais diff\u00e9rent (&#8230;)\u00bb. Cela sugg\u00e8re que la soci\u00e9t\u00e9 nous indique qu&rsquo;il y a une orientation sexuelle et une identit\u00e9 de genre \u00ab normale \u00bb. Les enfants vivent, pour la plupart [&hellip;]<\/p>\n","protected":false},"author":69,"featured_media":51836,"comment_status":"closed","ping_status":"closed","sticky":false,"template":"","format":"standard","meta":{"footnotes":""},"categories":[220,233,232],"tags":[],"class_list":["post-51833","post","type-post","status-publish","format-standard","has-post-thumbnail","hentry","category-droits-des-enfants","category-exploitation","category-lgbtq"],"yoast_head":"<!-- This site is optimized with the Yoast SEO plugin v28.3 - https:\/\/yoast.com\/product\/yoast-seo-wordpress\/ -->\n<title>Le droit des enfants \u00e0 l\u2019Orientation Sexuelle, l\u2019Identit\u00e9 et l\u2019Expression du Genre (OSIGEG) - Humanium<\/title>\n<meta name=\"description\" content=\"La loi doit subvenir aux besoins de tous les enfants, quelles que soient leur orientation sexuelle et leur identit\u00e9 de genre.\" \/>\n<meta name=\"robots\" content=\"index, follow, max-snippet:-1, max-image-preview:large, max-video-preview:-1\" \/>\n<link rel=\"canonical\" href=\"https:\/\/www.humanium.org\/fr\/le-droit-des-enfants-a-lorientation-sexuelle-lidentite-et-lexpression-du-genre-osigeg\/\" \/>\n<meta property=\"og:locale\" content=\"fr_FR\" \/>\n<meta property=\"og:type\" content=\"article\" \/>\n<meta property=\"og:title\" content=\"Le droit des enfants \u00e0 l\u2019Orientation Sexuelle, l\u2019Identit\u00e9 et l\u2019Expression du Genre (OSIGEG) - Humanium\" \/>\n<meta property=\"og:description\" content=\"La loi doit subvenir aux besoins de tous les enfants, quelles que soient leur orientation sexuelle et leur identit\u00e9 de genre.\" \/>\n<meta property=\"og:url\" content=\"https:\/\/www.humanium.org\/fr\/le-droit-des-enfants-a-lorientation-sexuelle-lidentite-et-lexpression-du-genre-osigeg\/\" \/>\n<meta property=\"og:site_name\" content=\"Humanium\" \/>\n<meta property=\"article:published_time\" content=\"2022-03-15T18:21:06+00:00\" \/>\n<meta property=\"article:modified_time\" content=\"2026-08-21T03:23:02+00:00\" \/>\n<meta property=\"og:image\" content=\"https:\/\/www.humanium.org\/fr\/wp-content\/uploads\/2022\/03\/shutterstock_1414803761-scaled.jpg\" \/>\n\t<meta property=\"og:image:width\" content=\"2560\" \/>\n\t<meta property=\"og:image:height\" content=\"1707\" \/>\n\t<meta property=\"og:image:type\" content=\"image\/jpeg\" \/>\n<meta name=\"author\" content=\"Humanium\" \/>\n<meta name=\"twitter:card\" content=\"summary_large_image\" \/>\n<meta name=\"twitter:label1\" content=\"\u00c9crit par\" \/>\n\t<meta name=\"twitter:data1\" content=\"Humanium\" \/>\n\t<meta name=\"twitter:label2\" content=\"Dur\u00e9e de lecture estim\u00e9e\" \/>\n\t<meta name=\"twitter:data2\" content=\"9 minutes\" \/>\n<script type=\"application\/ld+json\" class=\"yoast-schema-graph\">{\"@context\":\"https:\\\/\\\/schema.org\",\"@graph\":[{\"@type\":\"Article\",\"@id\":\"https:\\\/\\\/www.humanium.org\\\/fr\\\/le-droit-des-enfants-a-lorientation-sexuelle-lidentite-et-lexpression-du-genre-osigeg\\\/#article\",\"isPartOf\":{\"@id\":\"https:\\\/\\\/www.humanium.org\\\/fr\\\/le-droit-des-enfants-a-lorientation-sexuelle-lidentite-et-lexpression-du-genre-osigeg\\\/\"},\"author\":{\"name\":\"Humanium\",\"@id\":\"https:\\\/\\\/www.humanium.org\\\/fr\\\/#\\\/schema\\\/person\\\/d798d6c7d59ba2307e0877f61a20ce3e\"},\"headline\":\"Le droit des enfants \u00e0 l\u2019Orientation Sexuelle, l\u2019Identit\u00e9 et l\u2019Expression du Genre (OSIGEG)\",\"datePublished\":\"2022-03-15T18:21:06+00:00\",\"dateModified\":\"2026-08-21T03:23:02+00:00\",\"mainEntityOfPage\":{\"@id\":\"https:\\\/\\\/www.humanium.org\\\/fr\\\/le-droit-des-enfants-a-lorientation-sexuelle-lidentite-et-lexpression-du-genre-osigeg\\\/\"},\"wordCount\":1582,\"image\":{\"@id\":\"https:\\\/\\\/www.humanium.org\\\/fr\\\/le-droit-des-enfants-a-lorientation-sexuelle-lidentite-et-lexpression-du-genre-osigeg\\\/#primaryimage\"},\"thumbnailUrl\":\"https:\\\/\\\/www.humanium.org\\\/fr\\\/wp-content\\\/uploads\\\/2022\\\/03\\\/shutterstock_1414803761-scaled.jpg\",\"articleSection\":[\"Droits des enfants\",\"Exploitation\",\"LGBTQ+\"],\"inLanguage\":\"fr-FR\"},{\"@type\":\"WebPage\",\"@id\":\"https:\\\/\\\/www.humanium.org\\\/fr\\\/le-droit-des-enfants-a-lorientation-sexuelle-lidentite-et-lexpression-du-genre-osigeg\\\/\",\"url\":\"https:\\\/\\\/www.humanium.org\\\/fr\\\/le-droit-des-enfants-a-lorientation-sexuelle-lidentite-et-lexpression-du-genre-osigeg\\\/\",\"name\":\"Le droit des enfants \u00e0 l\u2019Orientation Sexuelle, l\u2019Identit\u00e9 et l\u2019Expression du Genre (OSIGEG) - Humanium\",\"isPartOf\":{\"@id\":\"https:\\\/\\\/www.humanium.org\\\/fr\\\/#website\"},\"primaryImageOfPage\":{\"@id\":\"https:\\\/\\\/www.humanium.org\\\/fr\\\/le-droit-des-enfants-a-lorientation-sexuelle-lidentite-et-lexpression-du-genre-osigeg\\\/#primaryimage\"},\"image\":{\"@id\":\"https:\\\/\\\/www.humanium.org\\\/fr\\\/le-droit-des-enfants-a-lorientation-sexuelle-lidentite-et-lexpression-du-genre-osigeg\\\/#primaryimage\"},\"thumbnailUrl\":\"https:\\\/\\\/www.humanium.org\\\/fr\\\/wp-content\\\/uploads\\\/2022\\\/03\\\/shutterstock_1414803761-scaled.jpg\",\"datePublished\":\"2022-03-15T18:21:06+00:00\",\"dateModified\":\"2026-08-21T03:23:02+00:00\",\"author\":{\"@id\":\"https:\\\/\\\/www.humanium.org\\\/fr\\\/#\\\/schema\\\/person\\\/d798d6c7d59ba2307e0877f61a20ce3e\"},\"description\":\"La loi doit subvenir aux besoins de tous les enfants, quelles que soient leur orientation sexuelle et leur identit\u00e9 de genre.\",\"breadcrumb\":{\"@id\":\"https:\\\/\\\/www.humanium.org\\\/fr\\\/le-droit-des-enfants-a-lorientation-sexuelle-lidentite-et-lexpression-du-genre-osigeg\\\/#breadcrumb\"},\"inLanguage\":\"fr-FR\",\"potentialAction\":[{\"@type\":\"ReadAction\",\"target\":[\"https:\\\/\\\/www.humanium.org\\\/fr\\\/le-droit-des-enfants-a-lorientation-sexuelle-lidentite-et-lexpression-du-genre-osigeg\\\/\"]}]},{\"@type\":\"ImageObject\",\"inLanguage\":\"fr-FR\",\"@id\":\"https:\\\/\\\/www.humanium.org\\\/fr\\\/le-droit-des-enfants-a-lorientation-sexuelle-lidentite-et-lexpression-du-genre-osigeg\\\/#primaryimage\",\"url\":\"https:\\\/\\\/www.humanium.org\\\/fr\\\/wp-content\\\/uploads\\\/2022\\\/03\\\/shutterstock_1414803761-scaled.jpg\",\"contentUrl\":\"https:\\\/\\\/www.humanium.org\\\/fr\\\/wp-content\\\/uploads\\\/2022\\\/03\\\/shutterstock_1414803761-scaled.jpg\",\"width\":2560,\"height\":1707},{\"@type\":\"BreadcrumbList\",\"@id\":\"https:\\\/\\\/www.humanium.org\\\/fr\\\/le-droit-des-enfants-a-lorientation-sexuelle-lidentite-et-lexpression-du-genre-osigeg\\\/#breadcrumb\",\"itemListElement\":[{\"@type\":\"ListItem\",\"position\":1,\"name\":\"Home\",\"item\":\"https:\\\/\\\/www.humanium.org\\\/fr\\\/\"},{\"@type\":\"ListItem\",\"position\":2,\"name\":\"Le droit des enfants \u00e0 l\u2019Orientation Sexuelle, l\u2019Identit\u00e9 et l\u2019Expression du Genre (OSIGEG)\"}]},{\"@type\":\"WebSite\",\"@id\":\"https:\\\/\\\/www.humanium.org\\\/fr\\\/#website\",\"url\":\"https:\\\/\\\/www.humanium.org\\\/fr\\\/\",\"name\":\"Humanium\",\"description\":\"Les enfants d\u2019abord !\",\"potentialAction\":[{\"@type\":\"SearchAction\",\"target\":{\"@type\":\"EntryPoint\",\"urlTemplate\":\"https:\\\/\\\/www.humanium.org\\\/fr\\\/?s={search_term_string}\"},\"query-input\":{\"@type\":\"PropertyValueSpecification\",\"valueRequired\":true,\"valueName\":\"search_term_string\"}}],\"inLanguage\":\"fr-FR\"},{\"@type\":\"Person\",\"@id\":\"https:\\\/\\\/www.humanium.org\\\/fr\\\/#\\\/schema\\\/person\\\/d798d6c7d59ba2307e0877f61a20ce3e\",\"name\":\"Humanium\",\"image\":{\"@type\":\"ImageObject\",\"inLanguage\":\"fr-FR\",\"@id\":\"https:\\\/\\\/secure.gravatar.com\\\/avatar\\\/22715e338d2fcc547e3a431c4738360d33fea2a4af458f865b2c3b22f1eaa51f?s=96&d=mm&r=g\",\"url\":\"https:\\\/\\\/secure.gravatar.com\\\/avatar\\\/22715e338d2fcc547e3a431c4738360d33fea2a4af458f865b2c3b22f1eaa51f?s=96&d=mm&r=g\",\"contentUrl\":\"https:\\\/\\\/secure.gravatar.com\\\/avatar\\\/22715e338d2fcc547e3a431c4738360d33fea2a4af458f865b2c3b22f1eaa51f?s=96&d=mm&r=g\",\"caption\":\"Humanium\"},\"url\":\"https:\\\/\\\/www.humanium.org\\\/fr\\\/author\\\/humanium\\\/\"}]}<\/script>\n<!-- \/ Yoast SEO plugin. -->","yoast_head_json":{"title":"Le droit des enfants \u00e0 l\u2019Orientation Sexuelle, l\u2019Identit\u00e9 et l\u2019Expression du Genre (OSIGEG) - Humanium","description":"La loi doit subvenir aux besoins de tous les enfants, quelles que soient leur orientation sexuelle et leur identit\u00e9 de genre.","robots":{"index":"index","follow":"follow","max-snippet":"max-snippet:-1","max-image-preview":"max-image-preview:large","max-video-preview":"max-video-preview:-1"},"canonical":"https:\/\/www.humanium.org\/fr\/le-droit-des-enfants-a-lorientation-sexuelle-lidentite-et-lexpression-du-genre-osigeg\/","og_locale":"fr_FR","og_type":"article","og_title":"Le droit des enfants \u00e0 l\u2019Orientation Sexuelle, l\u2019Identit\u00e9 et l\u2019Expression du Genre (OSIGEG) - Humanium","og_description":"La loi doit subvenir aux besoins de tous les enfants, quelles que soient leur orientation sexuelle et leur identit\u00e9 de genre.","og_url":"https:\/\/www.humanium.org\/fr\/le-droit-des-enfants-a-lorientation-sexuelle-lidentite-et-lexpression-du-genre-osigeg\/","og_site_name":"Humanium","article_published_time":"2022-03-15T18:21:06+00:00","article_modified_time":"2026-08-21T03:23:02+00:00","og_image":[{"width":2560,"height":1707,"url":"https:\/\/www.humanium.org\/fr\/wp-content\/uploads\/2022\/03\/shutterstock_1414803761-scaled.jpg","type":"image\/jpeg"}],"author":"Humanium","twitter_card":"summary_large_image","twitter_misc":{"\u00c9crit par":"Humanium","Dur\u00e9e de lecture estim\u00e9e":"9 minutes"},"schema":{"@context":"https:\/\/schema.org","@graph":[{"@type":"Article","@id":"https:\/\/www.humanium.org\/fr\/le-droit-des-enfants-a-lorientation-sexuelle-lidentite-et-lexpression-du-genre-osigeg\/#article","isPartOf":{"@id":"https:\/\/www.humanium.org\/fr\/le-droit-des-enfants-a-lorientation-sexuelle-lidentite-et-lexpression-du-genre-osigeg\/"},"author":{"name":"Humanium","@id":"https:\/\/www.humanium.org\/fr\/#\/schema\/person\/d798d6c7d59ba2307e0877f61a20ce3e"},"headline":"Le droit des enfants \u00e0 l\u2019Orientation Sexuelle, l\u2019Identit\u00e9 et l\u2019Expression du Genre (OSIGEG)","datePublished":"2022-03-15T18:21:06+00:00","dateModified":"2026-08-21T03:23:02+00:00","mainEntityOfPage":{"@id":"https:\/\/www.humanium.org\/fr\/le-droit-des-enfants-a-lorientation-sexuelle-lidentite-et-lexpression-du-genre-osigeg\/"},"wordCount":1582,"image":{"@id":"https:\/\/www.humanium.org\/fr\/le-droit-des-enfants-a-lorientation-sexuelle-lidentite-et-lexpression-du-genre-osigeg\/#primaryimage"},"thumbnailUrl":"https:\/\/www.humanium.org\/fr\/wp-content\/uploads\/2022\/03\/shutterstock_1414803761-scaled.jpg","articleSection":["Droits des enfants","Exploitation","LGBTQ+"],"inLanguage":"fr-FR"},{"@type":"WebPage","@id":"https:\/\/www.humanium.org\/fr\/le-droit-des-enfants-a-lorientation-sexuelle-lidentite-et-lexpression-du-genre-osigeg\/","url":"https:\/\/www.humanium.org\/fr\/le-droit-des-enfants-a-lorientation-sexuelle-lidentite-et-lexpression-du-genre-osigeg\/","name":"Le droit des enfants \u00e0 l\u2019Orientation Sexuelle, l\u2019Identit\u00e9 et l\u2019Expression du Genre (OSIGEG) - Humanium","isPartOf":{"@id":"https:\/\/www.humanium.org\/fr\/#website"},"primaryImageOfPage":{"@id":"https:\/\/www.humanium.org\/fr\/le-droit-des-enfants-a-lorientation-sexuelle-lidentite-et-lexpression-du-genre-osigeg\/#primaryimage"},"image":{"@id":"https:\/\/www.humanium.org\/fr\/le-droit-des-enfants-a-lorientation-sexuelle-lidentite-et-lexpression-du-genre-osigeg\/#primaryimage"},"thumbnailUrl":"https:\/\/www.humanium.org\/fr\/wp-content\/uploads\/2022\/03\/shutterstock_1414803761-scaled.jpg","datePublished":"2022-03-15T18:21:06+00:00","dateModified":"2026-08-21T03:23:02+00:00","author":{"@id":"https:\/\/www.humanium.org\/fr\/#\/schema\/person\/d798d6c7d59ba2307e0877f61a20ce3e"},"description":"La loi doit subvenir aux besoins de tous les enfants, quelles que soient leur orientation sexuelle et leur identit\u00e9 de genre.","breadcrumb":{"@id":"https:\/\/www.humanium.org\/fr\/le-droit-des-enfants-a-lorientation-sexuelle-lidentite-et-lexpression-du-genre-osigeg\/#breadcrumb"},"inLanguage":"fr-FR","potentialAction":[{"@type":"ReadAction","target":["https:\/\/www.humanium.org\/fr\/le-droit-des-enfants-a-lorientation-sexuelle-lidentite-et-lexpression-du-genre-osigeg\/"]}]},{"@type":"ImageObject","inLanguage":"fr-FR","@id":"https:\/\/www.humanium.org\/fr\/le-droit-des-enfants-a-lorientation-sexuelle-lidentite-et-lexpression-du-genre-osigeg\/#primaryimage","url":"https:\/\/www.humanium.org\/fr\/wp-content\/uploads\/2022\/03\/shutterstock_1414803761-scaled.jpg","contentUrl":"https:\/\/www.humanium.org\/fr\/wp-content\/uploads\/2022\/03\/shutterstock_1414803761-scaled.jpg","width":2560,"height":1707},{"@type":"BreadcrumbList","@id":"https:\/\/www.humanium.org\/fr\/le-droit-des-enfants-a-lorientation-sexuelle-lidentite-et-lexpression-du-genre-osigeg\/#breadcrumb","itemListElement":[{"@type":"ListItem","position":1,"name":"Home","item":"https:\/\/www.humanium.org\/fr\/"},{"@type":"ListItem","position":2,"name":"Le droit des enfants \u00e0 l\u2019Orientation Sexuelle, l\u2019Identit\u00e9 et l\u2019Expression du Genre (OSIGEG)"}]},{"@type":"WebSite","@id":"https:\/\/www.humanium.org\/fr\/#website","url":"https:\/\/www.humanium.org\/fr\/","name":"Humanium","description":"Les enfants d\u2019abord !","potentialAction":[{"@type":"SearchAction","target":{"@type":"EntryPoint","urlTemplate":"https:\/\/www.humanium.org\/fr\/?s={search_term_string}"},"query-input":{"@type":"PropertyValueSpecification","valueRequired":true,"valueName":"search_term_string"}}],"inLanguage":"fr-FR"},{"@type":"Person","@id":"https:\/\/www.humanium.org\/fr\/#\/schema\/person\/d798d6c7d59ba2307e0877f61a20ce3e","name":"Humanium","image":{"@type":"ImageObject","inLanguage":"fr-FR","@id":"https:\/\/secure.gravatar.com\/avatar\/22715e338d2fcc547e3a431c4738360d33fea2a4af458f865b2c3b22f1eaa51f?s=96&d=mm&r=g","url":"https:\/\/secure.gravatar.com\/avatar\/22715e338d2fcc547e3a431c4738360d33fea2a4af458f865b2c3b22f1eaa51f?s=96&d=mm&r=g","contentUrl":"https:\/\/secure.gravatar.com\/avatar\/22715e338d2fcc547e3a431c4738360d33fea2a4af458f865b2c3b22f1eaa51f?s=96&d=mm&r=g","caption":"Humanium"},"url":"https:\/\/www.humanium.org\/fr\/author\/humanium\/"}]}},"_links":{"self":[{"href":"https:\/\/www.humanium.org\/fr\/wp-json\/wp\/v2\/posts\/51833","targetHints":{"allow":["GET"]}}],"collection":[{"href":"https:\/\/www.humanium.org\/fr\/wp-json\/wp\/v2\/posts"}],"about":[{"href":"https:\/\/www.humanium.org\/fr\/wp-json\/wp\/v2\/types\/post"}],"author":[{"embeddable":true,"href":"https:\/\/www.humanium.org\/fr\/wp-json\/wp\/v2\/users\/69"}],"replies":[{"embeddable":true,"href":"https:\/\/www.humanium.org\/fr\/wp-json\/wp\/v2\/comments?post=51833"}],"version-history":[{"count":10,"href":"https:\/\/www.humanium.org\/fr\/wp-json\/wp\/v2\/posts\/51833\/revisions"}],"predecessor-version":[{"id":62839,"href":"https:\/\/www.humanium.org\/fr\/wp-json\/wp\/v2\/posts\/51833\/revisions\/62839"}],"wp:featuredmedia":[{"embeddable":true,"href":"https:\/\/www.humanium.org\/fr\/wp-json\/wp\/v2\/media\/51836"}],"wp:attachment":[{"href":"https:\/\/www.humanium.org\/fr\/wp-json\/wp\/v2\/media?parent=51833"}],"wp:term":[{"taxonomy":"category","embeddable":true,"href":"https:\/\/www.humanium.org\/fr\/wp-json\/wp\/v2\/categories?post=51833"},{"taxonomy":"post_tag","embeddable":true,"href":"https:\/\/www.humanium.org\/fr\/wp-json\/wp\/v2\/tags?post=51833"}],"curies":[{"name":"wp","href":"https:\/\/api.w.org\/{rel}","templated":true}]}}