{"id":51903,"date":"2022-03-28T07:18:32","date_gmt":"2022-03-28T07:18:32","guid":{"rendered":"https:\/\/www.humanium.org\/fr\/?p=51903"},"modified":"2026-08-21T03:22:51","modified_gmt":"2026-08-21T03:22:51","slug":"les-enfants-dans-les-conflits-armes-la-crise-en-ukraine","status":"publish","type":"post","link":"https:\/\/www.humanium.org\/fr\/les-enfants-dans-les-conflits-armes-la-crise-en-ukraine\/","title":{"rendered":"Les enfants dans les conflits arm\u00e9s \u2013 la crise en Ukraine"},"content":{"rendered":"\n<p class=\"wp-block-paragraph\"><strong>Au vu des r\u00e9cents \u00e9v\u00e9nements en <a href=\"https:\/\/www.humanium.org\/fr\/ukraine\/\">Ukraine<\/a>, il est important de mettre l\u2019accent sur le maintien de la paix et la <a href=\"https:\/\/www.humanium.org\/fr\/comprendre-droits-enfant\/droit-aux-libertes\/\">protection<\/a> de tous les enfants en Ukraine. Le conflit actuel en Ukraine constitue une menace imm\u00e9diate et grandissante pour la vie et le bien-\u00eatre des 7,5 millions d\u2019enfants du pays (UNICEF, 2022).<\/strong><\/p>\n\n\n\n<p class=\"wp-block-paragraph\"><strong>Les enfants sont <a href=\"https:\/\/www.humanium.org\/fr\/comprendre-droits-enfant\/droit-a-la-vie\/\">tu\u00e9s<\/a>, bless\u00e9s, d\u00e9racin\u00e9s et gravement secou\u00e9s par l\u2019escalade de la <a href=\"https:\/\/www.humanium.org\/fr\/violences\/\">violence<\/a> qui s\u00e9vit autour d\u2019eux (Denton, 2022). Des centaines de milliers d\u2019enfants et leurs familles ont \u00e9t\u00e9 <a href=\"https:\/\/www.humanium.org\/fr\/enfants-deplaces\/\">d\u00e9plac\u00e9s<\/a> \u00e0 l\u2019int\u00e9rieur du pays et, depuis le 24 f\u00e9vrier dernier, plus de deux millions de r\u00e9fugi\u00e9s ont fui le pays (Conseil des relations \u00e9trang\u00e8res, 2022) en qu\u00eate de s\u00e9curit\u00e9 \u2013 la plupart \u00e9tant des femmes et des <a href=\"https:\/\/www.humanium.org\/fr\/droits-enfant\/\">enfants<\/a>.<\/strong><\/p>\n\n\n\n<h2 class=\"wp-block-heading\"><strong>\u00c9v\u00e9nements qui ont conduit \u00e0 la crise en Ukraine de 2022<\/strong><\/h2>\n\n\n\n<p class=\"wp-block-paragraph\">Deux \u00e9v\u00e9nements majeurs ont conduit \u00e0 la crise ukrainienne actuelle, \u00e0 savoir les \u00e9v\u00e9nements qui ont eu lieu en Crim\u00e9e depuis le d\u00e9but de 2014 et ceux qui se sont d\u00e9roul\u00e9s dans l\u2019est de l\u2019Ukraine \u00e0 partir du second semestre de 2014 (Szpak, 2017, 261). Apr\u00e8s les manifestations de l&rsquo;Euroma\u00efdan et la chute cons\u00e9cutive du pr\u00e9sident ukrainien Viktor Ianoukovitch le 26 f\u00e9vrier 2014, les forces pro-russes ont pris le contr\u00f4le de positions strat\u00e9giques et se sont empar\u00e9es du parlement en Crim\u00e9e.<\/p>\n\n\n\n<p class=\"wp-block-paragraph\">Le 6 mars 2014, le Parlement de Crim\u00e9e a annonc\u00e9 sa d\u00e9cision de faire s\u00e9cession de l&rsquo;<a href=\"https:\/\/www.humanium.org\/fr\/ukraine\/\">Ukraine<\/a> et de rejoindre la <a href=\"https:\/\/www.humanium.org\/fr\/russie\/\">F\u00e9d\u00e9ration de Russie<\/a> et, dans le m\u00eame temps, il a \u00e9t\u00e9 d\u00e9cid\u00e9 qu&rsquo;un r\u00e9f\u00e9rendum sur le statut de la Crim\u00e9e serait organis\u00e9. Il a effectivement eu lieu le 16 mars 2014 et s&rsquo;est termin\u00e9 par un r\u00e9sultat de 95,5 % de votes en faveur du rattachement \u00e0 la Russie, avec une participation de 83 % des personnes.<\/p>\n\n\n\n<div class=\"wp-block-image\"><figure class=\"alignleft size-large is-resized\"><img loading=\"lazy\" decoding=\"async\" src=\"https:\/\/www.humanium.org\/fr\/wp-content\/uploads\/2022\/03\/shutterstock_2095910923-1024x647.jpg\" alt=\"\" class=\"wp-image-51906\" width=\"442\" height=\"279\" srcset=\"https:\/\/www.humanium.org\/fr\/wp-content\/uploads\/2022\/03\/shutterstock_2095910923-1024x647.jpg 1024w, https:\/\/www.humanium.org\/fr\/wp-content\/uploads\/2022\/03\/shutterstock_2095910923-300x189.jpg 300w, https:\/\/www.humanium.org\/fr\/wp-content\/uploads\/2022\/03\/shutterstock_2095910923-768x485.jpg 768w, https:\/\/www.humanium.org\/fr\/wp-content\/uploads\/2022\/03\/shutterstock_2095910923-1536x970.jpg 1536w, https:\/\/www.humanium.org\/fr\/wp-content\/uploads\/2022\/03\/shutterstock_2095910923-2048x1293.jpg 2048w, https:\/\/www.humanium.org\/fr\/wp-content\/uploads\/2022\/03\/shutterstock_2095910923-830x524.jpg 830w, https:\/\/www.humanium.org\/fr\/wp-content\/uploads\/2022\/03\/shutterstock_2095910923-230x145.jpg 230w, https:\/\/www.humanium.org\/fr\/wp-content\/uploads\/2022\/03\/shutterstock_2095910923-350x221.jpg 350w, https:\/\/www.humanium.org\/fr\/wp-content\/uploads\/2022\/03\/shutterstock_2095910923-480x303.jpg 480w\" sizes=\"auto, (max-width: 442px) 100vw, 442px\" \/><\/figure><\/div>\n\n\n\n<p class=\"wp-block-paragraph\">En avril 2014, des manifestations anti-Maidan organis\u00e9es simultan\u00e9ment par des s\u00e9paratistes pro-russes dans le Donbas (est de l&rsquo;Ukraine), se sont transform\u00e9es en hostilit\u00e9s avec les forces arm\u00e9es ukrainiennes. Apr\u00e8s avoir captur\u00e9 des b\u00e2timents du gouvernement local, les s\u00e9paratistes ont d\u00e9clar\u00e9 la cr\u00e9ation de la R\u00e9publique populaire de Donetsk et de la R\u00e9publique populaire de Louhansk (Rulac Geneva Academy, 2022). Depuis le d\u00e9but, l&rsquo;Ukraine n&rsquo;a cess\u00e9 d&rsquo;affirmer que des soldats russes participaient aux combats dans l&rsquo;est de l&rsquo;Ukraine.<\/p>\n\n\n\n<p class=\"wp-block-paragraph\">La Russie a ni\u00e9 ces all\u00e9gations, affirmant que les Russes qui combattent en Ukraine sont des volontaires, y compris des membres de l&rsquo;arm\u00e9e russe lib\u00e9r\u00e9s (Szpak, 2017, 262). Cependant, le pr\u00e9sident Poutine a ouvertement reconnu que l&rsquo;arm\u00e9e russe a particip\u00e9 \u00e0 l&rsquo;annexion de la Crim\u00e9e avec la pr\u00e9sence de sp\u00e9cialistes militaires russes dans l&rsquo;est de l&rsquo;Ukraine. D&rsquo;autre part, l&rsquo;Ukraine a accus\u00e9 la Russie d&rsquo;avoir abattu le vol MH17 de la Malaysian Airlines. \u00c0 leur tour, les deux pays se sont accus\u00e9s mutuellement de bombardements transfrontaliers.<\/p>\n\n\n\n<h2 class=\"wp-block-heading\"><strong>Les accords de Minsk 2014 et 2015<\/strong><\/h2>\n\n\n\n<p class=\"wp-block-paragraph\">En septembre 2014, l&rsquo;Ukraine et les s\u00e9paratistes soutenus par la Russie ont conclu un accord de cessez-le-feu en douze points \u00e0 Minsk. Les dispositions comprenaient des \u00e9changes de prisonniers, des livraisons d&rsquo;aide humanitaire et le retrait des armes lourdes. Cependant, l&rsquo;accord a rapidement \u00e9t\u00e9 rompu, avec des violations par les deux parties (Firstpost, 2022). En f\u00e9vrier 2015, des repr\u00e9sentants de la <a href=\"https:\/\/www.humanium.org\/fr\/russie\/\">Russie<\/a>, de l&rsquo;<a href=\"https:\/\/www.humanium.org\/fr\/ukraine\/\">Ukraine<\/a>, de l&rsquo;Organisation pour la s\u00e9curit\u00e9 et la coop\u00e9ration en Europe (OSCE) et les dirigeants des r\u00e9gions tenues par les s\u00e9paratistes, Donetsk et Louhansk, ont sign\u00e9 un accord en treize points. <\/p>\n\n\n\n<p class=\"wp-block-paragraph\">Cet accord pr\u00e9voyait un cessez-le-feu, le retrait des armes lourdes, l&rsquo;autonomie du Donbas et un droit de veto sur certaines d\u00e9cisions de politique \u00e9trang\u00e8re. En outre, ses combattants s\u00e9paratistes seraient int\u00e9gr\u00e9s \u00e0 l&rsquo;\u00c9tat ukrainien, les \u00ab&nbsp;volontaires&nbsp;\u00bb russes se retireraient et les fronti\u00e8res de l&rsquo;Ukraine resteraient les m\u00eames (Firstpost, 2022).<\/p>\n\n\n\n<p class=\"wp-block-paragraph\">Le probl\u00e8me avec les accords de paix de Minsk de 2014 et 2015 est que les deux parties, la Russie et l&rsquo;Ukraine, interpr\u00e8tent les accords diff\u00e9remment. Le gouvernement ukrainien les consid\u00e8re comme un moyen de r\u00e9unifier l&rsquo;Ukraine et de restaurer pleinement la souverainet\u00e9 ukrainienne, avec toutefois certains pouvoirs d\u00e9volus aux deux r\u00e9gions. <\/p>\n\n\n\n<p class=\"wp-block-paragraph\">D&rsquo;autre part, le Kremlin estime que les accords consacrent un processus qui verrait une administration align\u00e9e sur la Russie \u00e0 Louhansk et \u00e0 Donetsk, o\u00f9 un statut sp\u00e9cial leur serait accord\u00e9 avant leur r\u00e9unification avec le reste de l&rsquo;Ukraine. Toutefois, les efforts d\u00e9ploy\u00e9s pour parvenir \u00e0 un r\u00e8glement diplomatique et \u00e0 une r\u00e9solution satisfaisante sont rest\u00e9s vains.<\/p>\n\n\n\n<p class=\"wp-block-paragraph\">En 2021, les tensions entre la Russie et l&rsquo;Ukraine se sont intensifi\u00e9es, l&rsquo;Ukraine ayant fortement sugg\u00e9r\u00e9 son intention de rejoindre l&rsquo;Alliance de l&rsquo;Organisation du trait\u00e9 de l&rsquo;Atlantique Nord (OTAN). En outre, les combats se sont intensifi\u00e9s dans la r\u00e9gion orientale de l&rsquo;Ukraine, le Donbas (Rulac Geneva Academy, 2022). En janvier et f\u00e9vrier 2021, les tentatives diplomatiques de d\u00e9sescalade se sont av\u00e9r\u00e9es infructueuses. Le 24 f\u00e9vrier 2022, les forces russes sont entr\u00e9es en Ukraine, ce qui a \u00e9t\u00e9 le d\u00e9but d&rsquo;une invasion terrestre, maritime et a\u00e9rienne \u00e0 grande \u00e9chelle des actifs militaires et des villes ukrainiennes \u00e0 travers le pays.<\/p>\n\n\n\n<h2 class=\"wp-block-heading\"><strong>Droit international applicable<\/strong><\/h2>\n\n\n\n<h3 class=\"wp-block-heading\"><strong>Droit international humanitaire (ci-apr\u00e8s \u00ab&nbsp;DIH&nbsp;\u00bb)<\/strong><\/h3>\n\n\n\n<p class=\"wp-block-paragraph\">Pour qu&rsquo;un conflit arm\u00e9 international (ci-apr\u00e8s CAI) existe, il doit y avoir eu un recours aux forces arm\u00e9es impliquant au moins deux \u00c9tats. Les hostilit\u00e9s entre les forces arm\u00e9es <a href=\"https:\/\/www.humanium.org\/fr\/russie\/\">russes<\/a> et les forces arm\u00e9es <a href=\"https:\/\/www.humanium.org\/fr\/ukraine\/\">ukrainiennes<\/a> constituent un conflit arm\u00e9 international r\u00e9gi par le DIH (Human Rights Watch, 2022), principalement les quatre Conventions de Gen\u00e8ve de 1949 (ci-apr\u00e8s CG IV) et son premier protocole additionnel de 1977 Protocole I (ci-apr\u00e8s API), ainsi que les r\u00e8gles du droit international humanitaire coutumier.<\/p>\n\n\n\n<p class=\"wp-block-paragraph\">L&rsquo;Ukraine et la Russie sont toutes deux parties \u00e0 la CG IV de 1949 (recueil des trait\u00e9s des Nations unies, 1949) et \u00e0 l&rsquo;API (Comit\u00e9 international de la Croix-Rouge, 1977). Le DIH fournit des protections aux civils et autres non-combattants contre les dangers des <a href=\"https:\/\/www.humanium.org\/fr\/enfants-dans-la-guerre\/\">conflits arm\u00e9s<\/a>, cette disposition s&rsquo;applique aux <a href=\"https:\/\/www.humanium.org\/fr\/les-droits-de-l-enfant\/\">enfants<\/a>. Il concerne la conduite des hostilit\u00e9s, les moyens et les m\u00e9thodes de guerre par toutes les parties \u00e0 un conflit (Human Rights Watch, 2022). La r\u00e8gle la plus importante est que les parties \u00e0 un conflit doivent distinguer en tout temps les combattants des civils. Les civils ne peuvent jamais \u00eatre la cible d\u00e9lib\u00e9r\u00e9e d&rsquo;attaques ou \u00eatre utilis\u00e9s comme boucliers humains.<\/p>\n\n\n\n<p class=\"wp-block-paragraph\">Les enfants sont d&rsquo;abord prot\u00e9g\u00e9s par le DIH s&rsquo;ils sont bless\u00e9s, malades ou naufrag\u00e9s, en tant que civils et en tant que membres de la population civile. Ils b\u00e9n\u00e9ficient \u00e9galement d&rsquo;une <a href=\"https:\/\/www.humanium.org\/fr\/comprendre-droits-enfant\/protection\/\">protection particuli\u00e8re<\/a> en raison de leur vuln\u00e9rabilit\u00e9 (Sass\u00f2li et al., 2014, 325). Chaque conflit arm\u00e9 laisse de nombreux enfants sans ressources ou <a href=\"https:\/\/www.humanium.org\/fr\/enfants-deplaces\/\">s\u00e9par\u00e9s de leur famille<\/a>, une situation qui les rend encore plus vuln\u00e9rables.<\/p>\n\n\n\n<p class=\"wp-block-paragraph\">Plus pr\u00e9cis\u00e9ment, l&rsquo;article 77, paragraphe un, de l&rsquo;API dispose que \u00ab&nbsp;les enfants doivent faire l&rsquo;objet d&rsquo;un respect particulier et doivent \u00eatre prot\u00e9g\u00e9s contre toute forme d&rsquo;attentat \u00e0 la pudeur&nbsp;\u00bb (Comit\u00e9 international de la Croix-Rouge, 1977). Le DIH vise \u00e0 emp\u00eacher la <a href=\"https:\/\/www.humanium.org\/fr\/enfant-soldat\/\">participation des enfants aux hostilit\u00e9s<\/a>. Les parties aux conflits ne peuvent pas <a href=\"https:\/\/www.humanium.org\/fr\/enfant-soldat\/\">recruter des enfants<\/a> de moins de quinze ans dans leurs forces arm\u00e9es et doivent veiller \u00e0 ce qu&rsquo;ils ne participent pas directement aux hostilit\u00e9s en vertu de l&rsquo;article 77, paragraphe 2, du DIH.&nbsp;<\/p>\n\n\n\n<h3 class=\"wp-block-heading\"><strong>Le droit international des droits de l&rsquo;homme<\/strong><\/h3>\n\n\n\n<p class=\"wp-block-paragraph\">Outre le DIH, le droit international des droits de l&rsquo;homme s&rsquo;applique pendant les <a href=\"https:\/\/www.humanium.org\/fr\/enfants-dans-la-guerre\/\">conflits arm\u00e9s<\/a>. L&rsquo;Ukraine et la Russie sont toutes deux parties \u00e0 un certain nombre de trait\u00e9s r\u00e9gionaux et internationaux relatifs aux droits de l&rsquo;homme, notamment la D\u00e9claration universelle des droits de l&rsquo;homme de 1948 (ci-apr\u00e8s la DUDH de 1948) (Bureau du Haut-Commissaire aux droits de l&rsquo;homme des Nations unies, 1948), la Convention de sauvegarde des droits de l&rsquo;homme et des libert\u00e9s fondamentales de 1950 (ci-apr\u00e8s la CEDH de 1950) (Conseil de l&rsquo;Europe, 1953), le Pacte international relatif aux droits civils et politiques de 1967 (ci-apr\u00e8s le PIDCP de 1967) (Recueil des trait\u00e9s des Nations unies, 1966), la Convention contre la torture et autres peines ou traitements cruels, inhumains ou d\u00e9gradants de 1984 (ci-apr\u00e8s la CCT de 1984) (Recueil des trait\u00e9s des Nations unies, 1984) et la <a href=\"https:\/\/www.humanium.org\/fr\/texte-integral-convention-internationale-relative-droits-enfant-1989\/\">Convention relative aux droits de l&rsquo;enfant de 1989<\/a> (ci-apr\u00e8s la CDE de 1989). Ces trait\u00e9s \u00e9noncent des garanties pour les <a href=\"https:\/\/www.humanium.org\/fr\/comprendre-droits-enfant\/protection\/\">droits fondamentaux<\/a>, dont beaucoup correspondent aux droits auxquels les combattants et les civils ont droit en vertu du DIH.<\/p>\n\n\n\n<p class=\"wp-block-paragraph\">Il est essentiel de noter que les droits de l&rsquo;enfant sont viol\u00e9s, non seulement pendant un conflit arm\u00e9, mais aussi \u00e0 la suite d&rsquo;un conflit arm\u00e9. <a href=\"https:\/\/www.humanium.org\/fr\/le-principe-de-vie-de-survie-et-de-developpement\/\">L&rsquo;article 6<\/a> de la CDE de 1989 dispose que \u00ab&nbsp;les \u00c9tats parties assurent dans toute la mesure du possible la survie et le d\u00e9veloppement de l&rsquo;enfant&nbsp;\u00bb (Bureau du Haut-Commissaire aux droits de l&rsquo;homme des Nations unies, 2021). Par cons\u00e9quent, la Russie et l&rsquo;Ukraine doivent toutes deux assurer la <a href=\"https:\/\/www.humanium.org\/fr\/le-principe-de-vie-de-survie-et-de-developpement\/\">survie<\/a> m\u00eame des enfants.<\/p>\n\n\n\n<p class=\"wp-block-paragraph\">La CDE de 1989 couvre tous les <a href=\"https:\/\/www.humanium.org\/fr\/comprendre-droits-enfant\/protection\/\">droits fondamentaux<\/a> de l&rsquo;enfant dans les conflits arm\u00e9s, tels que les articles <a href=\"https:\/\/www.humanium.org\/fr\/comprendre-droits-enfant\/droit-a-la-sante\/\">24<\/a>, <a href=\"https:\/\/www.humanium.org\/fr\/comprendre-droits-enfant\/protection\/\">27<\/a> et 28. La CDE de 1989 contient ses propres dispositions relatives aux conflits arm\u00e9s aux articles 38 et 39. Ces articles sont compl\u00e9t\u00e9s par le <a href=\"https:\/\/www.humanium.org\/fr\/convention\/protocole-3\/\">Protocole facultatif \u00e0 la CDE concernant l&rsquo;implication d&rsquo;enfants dans les conflits arm\u00e9s de 2000<\/a> (ci-apr\u00e8s le Protocole facultatif 2000), auquel les deux pays sont parties.<\/p>\n\n\n\n<p class=\"wp-block-paragraph\">Le Protocole facultatif 2000 renforce la protection des <a href=\"https:\/\/www.humanium.org\/fr\/enfants-dans-la-guerre\/\">enfants dans les conflits arm\u00e9s<\/a>, en particulier l&rsquo;article 1 qui interdit aux enfants de prendre part \u00e0 des <a href=\"https:\/\/www.humanium.org\/fr\/enfant-soldat\/\">hostilit\u00e9s directes<\/a> (Bureau du Haut-Commissaire aux droits de l&rsquo;homme des Nations unies, 2000), l&rsquo;article 2 qui interdit l&rsquo;enr\u00f4lement obligatoire dans les forces arm\u00e9es de personnes \u00e2g\u00e9es de moins de dix-huit ans et l&rsquo;article 3 qui rel\u00e8ve l&rsquo;\u00e2ge minimum de l&rsquo;engagement volontaire de quinze ans (Bureau du Haut-Commissaire aux droits de l&rsquo;homme des Nations unies, 2000).<\/p>\n\n\n\n<h2 class=\"wp-block-heading\"><strong>Impact n\u00e9gatif sur les enfants<\/strong><\/h2>\n\n\n\n<div class=\"wp-block-image\"><figure class=\"alignright size-large is-resized\"><img loading=\"lazy\" decoding=\"async\" src=\"https:\/\/www.humanium.org\/fr\/wp-content\/uploads\/2022\/03\/shutterstock_2129012939-1024x683.jpg\" alt=\"\" class=\"wp-image-51907\" width=\"428\" height=\"286\" srcset=\"https:\/\/www.humanium.org\/fr\/wp-content\/uploads\/2022\/03\/shutterstock_2129012939-1024x683.jpg 1024w, https:\/\/www.humanium.org\/fr\/wp-content\/uploads\/2022\/03\/shutterstock_2129012939-300x200.jpg 300w, https:\/\/www.humanium.org\/fr\/wp-content\/uploads\/2022\/03\/shutterstock_2129012939-768x512.jpg 768w, https:\/\/www.humanium.org\/fr\/wp-content\/uploads\/2022\/03\/shutterstock_2129012939-1536x1024.jpg 1536w, https:\/\/www.humanium.org\/fr\/wp-content\/uploads\/2022\/03\/shutterstock_2129012939-2048x1365.jpg 2048w, https:\/\/www.humanium.org\/fr\/wp-content\/uploads\/2022\/03\/shutterstock_2129012939-830x553.jpg 830w, https:\/\/www.humanium.org\/fr\/wp-content\/uploads\/2022\/03\/shutterstock_2129012939-230x153.jpg 230w, https:\/\/www.humanium.org\/fr\/wp-content\/uploads\/2022\/03\/shutterstock_2129012939-350x233.jpg 350w, https:\/\/www.humanium.org\/fr\/wp-content\/uploads\/2022\/03\/shutterstock_2129012939-480x320.jpg 480w, https:\/\/www.humanium.org\/fr\/wp-content\/uploads\/2022\/03\/shutterstock_2129012939-272x182.jpg 272w\" sizes=\"auto, (max-width: 428px) 100vw, 428px\" \/><\/figure><\/div>\n\n\n\n<p class=\"wp-block-paragraph\">Les huit derni\u00e8res ann\u00e9es de conflit dans l&rsquo;est de l&rsquo;Ukraine ont d\u00e9j\u00e0 inflig\u00e9 des dommages profonds et <a href=\"https:\/\/www.humanium.org\/fr\/droits-enfant\/\">durables aux enfants<\/a>. Avec l&rsquo;escalade du conflit, la menace imm\u00e9diate et tr\u00e8s r\u00e9elle qui p\u00e8se sur les enfants d&rsquo;Ukraine s&rsquo;est accrue (UNICEF, 2022). Les <a href=\"https:\/\/www.humanium.org\/fr\/famille-droits-enfant\/\">maisons<\/a>, les \u00e9coles, les <a href=\"https:\/\/www.humanium.org\/fr\/orphelins\/\">orphelinats<\/a> et les <a href=\"https:\/\/www.humanium.org\/fr\/comprendre-droits-enfant\/droit-a-la-sante\/\">h\u00f4pitaux<\/a> ont tous \u00e9t\u00e9 attaqu\u00e9s. Les infrastructures civiles, comme les installations d&rsquo;<a href=\"https:\/\/www.humanium.org\/fr\/comprendre-droits-enfant\/droit-a-l-eau\/\">eau<\/a> et d&rsquo;assainissement, ont \u00e9t\u00e9 touch\u00e9es, laissant des millions de personnes sans acc\u00e8s \u00e0 <a href=\"https:\/\/www.humanium.org\/fr\/comprendre-droits-enfant\/droit-a-l-eau\/\">l&rsquo;eau potable<\/a>. <\/p>\n\n\n\n<p class=\"wp-block-paragraph\">Malheureusement, la crise ukrainienne a et continuera d&rsquo;avoir des r\u00e9percussions n\u00e9gatives sur le <a href=\"https:\/\/www.humanium.org\/fr\/comprendre-droits-enfant\/protection\/\">bien-\u00eatre<\/a> des enfants. En outre, les effets d&rsquo;entra\u00eenement de ce conflit sont physiquement et mentalement dommageables pour les enfants pris au milieu d&rsquo;un conflit arm\u00e9.<\/p>\n\n\n\n<h2 class=\"wp-block-heading\"><strong>Impacts sur la sant\u00e9 mentale<\/strong><\/h2>\n\n\n\n<p class=\"wp-block-paragraph\">Les enfants d\u2019<a href=\"https:\/\/www.humanium.org\/fr\/ukraine\/\">Ukraine<\/a> souffrent de d\u00e9tresse psychologique en raison du conflit arm\u00e9. Cette d\u00e9tresse peut provoquer des cauchemars, une d\u00e9pression, un <a href=\"https:\/\/www.humanium.org\/fr\/isolement-deracinement\/\">isolement social<\/a> et de l&rsquo;anxi\u00e9t\u00e9. De plus, les traumatismes de guerre ont des cons\u00e9quences \u00e0 long terme sur le psychisme des enfants (Mellese, 2022).<\/p>\n\n\n\n<p class=\"wp-block-paragraph\">Plus le conflit dure, plus les cons\u00e9quences sur le bien-\u00eatre mental seront graves. Le Dr Paul Wise, professeur de p\u00e9diatrie \u00e0 l&rsquo;universit\u00e9 de Stanford, a d\u00e9clar\u00e9 que \u00ab&nbsp;les enfants sont extr\u00eamement vuln\u00e9rables \u00e0 l&rsquo;ins\u00e9curit\u00e9, non seulement au traumatisme physique mais aussi au traumatisme psychologique, et cela peut se r\u00e9percuter et avoir des r\u00e9percussions pendant longtemps&nbsp;\u00bb (Kekatos, 2022).<\/p>\n\n\n\n<p class=\"wp-block-paragraph\">Des \u00e9tudes couvrant plusieurs d\u00e9cennies r\u00e9v\u00e8lent que les exp\u00e9riences n\u00e9gatives de l&rsquo;enfance (ACE) ont un lien puissant avec la sant\u00e9 physique et <a href=\"https:\/\/www.humanium.org\/fr\/le-bien-etre-mental-des-enfants\/\">mentale<\/a> des adultes. Les recherches sur l&rsquo;impact de la <a href=\"https:\/\/www.humanium.org\/fr\/enfants-dans-la-guerre\/\">guerre<\/a> sur le d\u00e9veloppement cognitif des enfants, leur sant\u00e9 physique et mentale et leur <a href=\"https:\/\/www.humanium.org\/fr\/comprendre-droits-enfant\/protection\/\">bien-\u00eatre<\/a> sont tr\u00e8s nombreuses et \u00e9tendues (Mellese, 2022).<\/p>\n\n\n\n<p class=\"wp-block-paragraph\">Des strat\u00e9gies d&rsquo;att\u00e9nuation \u00e0 long terme seront n\u00e9cessaires pour soutenir ceux qui ont \u00e9t\u00e9 expos\u00e9s au conflit en <a href=\"https:\/\/www.humanium.org\/fr\/ukraine\/\">Ukraine<\/a>. Dans l&rsquo;imm\u00e9diat et \u00e0 court terme, un soutien psychosocial et un acc\u00e8s \u00e0 des services de sant\u00e9 mentale de bonne qualit\u00e9 sont n\u00e9cessaires (Mellese, 2022). Il est prometteur que certains pays voisins mettent d\u00e9j\u00e0 en place des services de soutien pour les <a href=\"https:\/\/www.humanium.org\/fr\/enfants-deplaces\/\">r\u00e9fugi\u00e9s ukrainiens<\/a>.<\/p>\n\n\n\n<p class=\"wp-block-paragraph\">Cependant, les interventions de premier niveau doivent viser \u00e0 renforcer les strat\u00e9gies d&rsquo;adaptation et la r\u00e9silience des enfants et des jeunes. Un travail important doit \u00e9galement \u00eatre planifi\u00e9 pour soutenir les moteurs d&rsquo;une bonne sant\u00e9 mentale, tels que la garantie d&rsquo;un bon logement, d&rsquo;une bonne \u00e9ducation, d&rsquo;un revenu pour les familles et plus encore.<\/p>\n\n\n\n<h2 class=\"wp-block-heading\"><strong>Assurer le bien-\u00eatre physique<\/strong><\/h2>\n\n\n\n<p class=\"wp-block-paragraph\">La vie dans les <a href=\"https:\/\/www.humanium.org\/fr\/focus\/environnement\/\">zones de guerre<\/a> comporte des risques physiques pour les enfants, comme l&rsquo;inhalation de fum\u00e9e et de cendres provenant d&rsquo;incendies et d&rsquo;explosions qui peuvent affecter le nez et les poumons (Kekatos, 2022). Pendant les conflits, les maisons, les h\u00f4pitaux et les \u00e9coles sont endommag\u00e9s ou compl\u00e8tement d\u00e9truits. Il y a un manque d&rsquo;acc\u00e8s aux h\u00f4pitaux et un manque de traitement m\u00e9dical, tandis que les <a href=\"https:\/\/www.humanium.org\/fr\/comprendre-droits-enfant\/droit-a-la-sante\/\">\u00e9pid\u00e9mies<\/a> et la <a href=\"https:\/\/www.humanium.org\/fr\/enfants-malades\/\">malnutrition<\/a> peuvent entra\u00eener une crise sanitaire (Koper &amp;Rigby, 2022).<\/p>\n\n\n\n<p class=\"wp-block-paragraph\">En ce qui concerne le conflit ukrainien, des p\u00e9nuries de m\u00e9decine critique sont apparues et les services de n\u00e9onatologie ont \u00e9t\u00e9 d\u00e9plac\u00e9s sous terre pour \u00eatre \u00e0 l&rsquo;abri des bombardements. Les syst\u00e8mes de sant\u00e9 des pays voisins tels que la <a href=\"https:\/\/www.humanium.org\/fr\/pologne\/\">Pologne<\/a>, la <a href=\"https:\/\/www.humanium.org\/fr\/moldavie\/\">Moldavie<\/a>, la <a href=\"https:\/\/www.humanium.org\/fr\/slovaquie\/\">Slovaquie<\/a> et la <a href=\"https:\/\/www.humanium.org\/fr\/roumanie\/\">Roumanie<\/a> seront confront\u00e9s \u00e0 des d\u00e9fis, d&rsquo;autant plus que les syst\u00e8mes de sant\u00e9 de la plupart des pays ont \u00e9t\u00e9 \u00e9puis\u00e9s par deux ann\u00e9es de COVID-19.<\/p>\n\n\n\n<p class=\"wp-block-paragraph\">En outre, en temps de crise, les femmes et les <a href=\"https:\/\/www.humanium.org\/fr\/droits-des-filles\/\">filles<\/a> sont expos\u00e9es \u00e0 des risques particuliers et disproportionn\u00e9s, notamment la violence sexiste, les <a href=\"https:\/\/www.humanium.org\/fr\/la-maltraitance-des-enfants\/\">abus<\/a> et <a href=\"https:\/\/www.humanium.org\/fr\/exploitation-sexuelle-enfants\/\">l&rsquo;exploitation sexuelle<\/a>. Les <a href=\"https:\/\/www.humanium.org\/fr\/enfants-handicapes\/\">enfantshandicap\u00e9s<\/a>, les <a href=\"https:\/\/www.humanium.org\/fr\/isolement-deracinement\/\">mineurs non accompagn\u00e9s<\/a> et ceux qui souffrent de graves probl\u00e8mes de sant\u00e9 doivent b\u00e9n\u00e9ficier d&rsquo;une <a href=\"https:\/\/www.humanium.org\/fr\/comprendre-droits-enfant\/protection\/\">protection<\/a> sp\u00e9ciale.<\/p>\n\n\n\n<p class=\"wp-block-paragraph\">Les enfants qui fuient la crise courent un risque accru de <a href=\"https:\/\/www.humanium.org\/fr\/enfants-dans-la-guerre\/\">violence<\/a>, de <a href=\"https:\/\/www.humanium.org\/fr\/la-maltraitance-des-enfants\/\">maltraitance<\/a> et d&rsquo;exploitation (Russell &amp; Grandi, 2022). Lorsque ces enfants sont d\u00e9plac\u00e9s au-del\u00e0 des fronti\u00e8res, les risques sont multipli\u00e9s. Le risque de <a href=\"https:\/\/www.humanium.org\/fr\/trafic-enfants\/\">traite<\/a> monte \u00e9galement en fl\u00e8che dans les situations d&rsquo;urgence. Un nombre croissant de ces enfants arrivent seuls, sans <a href=\"https:\/\/www.humanium.org\/fr\/famille-droits-enfant\/\">soutien familial<\/a>, dans une crise de <a href=\"https:\/\/www.humanium.org\/fr\/comprendre-droits-enfant\/protection\/\">protection de l&rsquo;enfance<\/a> qui s&rsquo;intensifie (Russell &amp; Grandi, 2022). Aussi, il est important que tous les efforts soient faits pour les enfants qui ont \u00e9t\u00e9 <a href=\"https:\/\/www.humanium.org\/fr\/enfants-deplaces\/\">d\u00e9plac\u00e9s<\/a> \u00e0 travers les fronti\u00e8res sans leur famille ou un <a href=\"https:\/\/www.humanium.org\/fr\/orphelins\/\">placement temporaire<\/a> pour r\u00e9unir ces enfants avec leur famille d\u00e8s que possible.<\/p>\n\n\n\n<h2 class=\"wp-block-heading\"><strong>Sauvegarder un monde sans conflit pour tous les enfants<\/strong><\/h2>\n\n\n\n<p class=\"wp-block-paragraph\">La crise ukrainienne est une crise des droits de l&rsquo;enfant, il est essentiel de prot\u00e9ger les <a href=\"https:\/\/www.humanium.org\/fr\/comprendre-droits-enfant\/protection\/\">droits fondamentaux<\/a> des enfants touch\u00e9s par le <a href=\"https:\/\/www.humanium.org\/fr\/enfants-dans-la-guerre\/\">conflit arm\u00e9<\/a>. La <a href=\"https:\/\/www.humanium.org\/fr\/comprendre-droits-enfant\/protection\/\">protection<\/a> des enfants au sein de l&rsquo;environnement familial, la garantie de la fourniture des soins et de l&rsquo;assistance essentiels, l&rsquo;acc\u00e8s \u00e0 la <a href=\"https:\/\/www.humanium.org\/fr\/comprendre-droits-enfant\/droit-a-l-alimentation\/\">nourriture<\/a>, aux <a href=\"https:\/\/www.humanium.org\/fr\/comprendre-droits-enfant\/droit-a-la-sante\/\">soins de sant\u00e9<\/a> et \u00e0 l&rsquo;\u00e9ducation, l&rsquo;interdiction de la torture, dela<a href=\"https:\/\/www.humanium.org\/fr\/la-maltraitance-des-enfants\/\">maltraitance<\/a> ou de la <a href=\"https:\/\/www.humanium.org\/fr\/exploitation\/\">n\u00e9gligence<\/a>, la garantie de l&rsquo;assistance et des secours humanitaires et l&rsquo;acc\u00e8s humanitaire aux enfants dans le conflit arm\u00e9 doivent \u00eatre une priorit\u00e9 \u00e0 ce stade.<\/p>\n\n\n\n<figure class=\"wp-block-image size-large\"><img loading=\"lazy\" decoding=\"async\" width=\"1024\" height=\"684\" src=\"https:\/\/www.humanium.org\/fr\/wp-content\/uploads\/2022\/03\/shutterstock_2028910598-1024x684.jpg\" alt=\"\" class=\"wp-image-51905\" srcset=\"https:\/\/www.humanium.org\/fr\/wp-content\/uploads\/2022\/03\/shutterstock_2028910598-1024x684.jpg 1024w, https:\/\/www.humanium.org\/fr\/wp-content\/uploads\/2022\/03\/shutterstock_2028910598-300x200.jpg 300w, https:\/\/www.humanium.org\/fr\/wp-content\/uploads\/2022\/03\/shutterstock_2028910598-768x513.jpg 768w, https:\/\/www.humanium.org\/fr\/wp-content\/uploads\/2022\/03\/shutterstock_2028910598-1536x1025.jpg 1536w, https:\/\/www.humanium.org\/fr\/wp-content\/uploads\/2022\/03\/shutterstock_2028910598-2048x1367.jpg 2048w, https:\/\/www.humanium.org\/fr\/wp-content\/uploads\/2022\/03\/shutterstock_2028910598-830x554.jpg 830w, https:\/\/www.humanium.org\/fr\/wp-content\/uploads\/2022\/03\/shutterstock_2028910598-230x154.jpg 230w, https:\/\/www.humanium.org\/fr\/wp-content\/uploads\/2022\/03\/shutterstock_2028910598-350x234.jpg 350w, https:\/\/www.humanium.org\/fr\/wp-content\/uploads\/2022\/03\/shutterstock_2028910598-480x320.jpg 480w, https:\/\/www.humanium.org\/fr\/wp-content\/uploads\/2022\/03\/shutterstock_2028910598-272x182.jpg 272w\" sizes=\"auto, (max-width: 1024px) 100vw, 1024px\" \/><\/figure>\n\n\n\n<p class=\"wp-block-paragraph\">Humanium, en tant qu&rsquo;organisation, condamne le conflit arm\u00e9 qui se d\u00e9roule actuellement en Ukraine et appelle \u00e0 la paix, en particulier pour les jeunes enfants qui ont \u00e9t\u00e9 entra\u00een\u00e9s dans le conflit de mani\u00e8re si soudaine et injustifi\u00e9e, et qui peuvent souffrir de cons\u00e9quences \u00e0 long terme pr\u00e9cis\u00e9ment \u00e0 cause de cela. De plus, nous cherchons \u00e0 sensibiliser \u00e0 l&rsquo;importance de la sant\u00e9 mentale et physique de tous les enfants en Ukraine. Rejoignez-nous pour faire du droit des enfants \u00e0 un environnement s\u00fbr une r\u00e9alit\u00e9 en parrainant un enfant, en faisant un don ou en devenant b\u00e9n\u00e9vole !&nbsp;&nbsp;<\/p>\n\n\n\n<p class=\"wp-block-paragraph\"><strong><em>\u00c9crit par Igi Nderi<\/em><\/strong><\/p>\n\n\n\n<p class=\"wp-block-paragraph\"><strong><em>Traduit par Dylan Dumonceaux<\/em><\/strong><\/p>\n\n\n\n<h3 class=\"wp-block-heading\"><strong>R\u00e9f\u00e9rences&nbsp;:<\/strong><\/h3>\n\n\n\n<p class=\"has-small-font-size wp-block-paragraph\">Council of Europe. (1953, September 3). <em>Convention for the Protection of Human Rights and Fundamental Freedoms<\/em>. Council of Europe. Retrieved on 10 March 2022, from <a href=\"https:\/\/www.coe.int\/en\/web\/conventions\/full-list?module=signatures-by-treaty&amp;treatynum=005\" target=\"_blank\" rel=\"noreferrer noopener\">https:\/\/www.coe.int\/en\/web\/conventions\/full-list?module=signatures-by-treaty&amp;treatynum=005<\/a>.<\/p>\n\n\n\n<p class=\"has-small-font-size wp-block-paragraph\">Council on Foreign Relations. (2022, March 8). <em>Conflict in Ukraine | Global Conflict Tracker<\/em>. Council on Foreign Relations. Retrieved on 8 March 2022, from <a href=\"https:\/\/www.cfr.org\/global-conflict-tracker\/conflict\/conflict-ukraine\" target=\"_blank\" rel=\"noreferrer noopener\">https:\/\/www.cfr.org\/global-conflict-tracker\/conflict\/conflict-ukraine<\/a>.<\/p>\n\n\n\n<p class=\"has-small-font-size wp-block-paragraph\">Denton, J. W. (2022, March 2). <em>Ukraine crisis: What can business do for children and their families?<\/em> International Chamber of Commerce. Retrieved on 8 March 2022, from <a href=\"https:\/\/iccwbo.org\/publication\/ukraine-crisis-what-can-business-do-for-children-and-their-families\/\" target=\"_blank\" rel=\"noreferrer noopener\">https:\/\/iccwbo.org\/publication\/ukraine-crisis-what-can-business-do-for-children-and-their-families\/<\/a>.<\/p>\n\n\n\n<p class=\"has-small-font-size wp-block-paragraph\">Firstpost. (2022, February 22). <em>Ukraine-Russia crisis: Understanding Minsk agreement and why it failed to resolve conflict<\/em>. Firstpost. Retrieved on 9 March 2022, from <a href=\"https:\/\/www.firstpost.com\/world\/ukraine-russia-crisis-understanding-minsk-agreement-and-why-failed-to-resolve-conflict-10397551.html\" target=\"_blank\" rel=\"noreferrer noopener\">https:\/\/www.firstpost.com\/world\/ukraine-russia-crisis-understanding-minsk-agreement-and-why-failed-to-resolve-conflict-10397551.html<\/a>.<\/p>\n\n\n\n<p class=\"has-small-font-size wp-block-paragraph\">Human Rights Watch. (2022, February 23). <em>Russia, Ukraine &amp; International Law: On Occupation, Armed Conflict and Human Rights<\/em>. Human Rights Watch. Retrieved on 10 March 2022, from <a href=\"https:\/\/www.hrw.org\/news\/2022\/02\/23\/russia-ukraine-international-law-occupation-armed-conflict-and-human-rights\" target=\"_blank\" rel=\"noreferrer noopener\">https:\/\/www.hrw.org\/news\/2022\/02\/23\/russia-ukraine-international-law-occupation-armed-conflict-and-human-rights<\/a>.<\/p>\n\n\n\n<p class=\"has-small-font-size wp-block-paragraph\">International Committee of the Red Cross. (1977, June 8). <em>Treaties, States parties, and Commentaries &#8211; States Parties &#8211; Protocol Additional to the Geneva Conventions of 12 August 1949, and relating to the Protection of Victims of International Armed Conflicts (Protocol I), 8 June 1977.<\/em> ICRC databases on international humanitarian law. Retrieved on 10 March 2022, from <a href=\"https:\/\/ihl-databases.icrc.org\/applic\/ihl\/ihl.nsf\/States.xsp?xp_viewStates=XPages_NORMStatesParties&amp;xp_treatySelected=470\" target=\"_blank\" rel=\"noreferrer noopener\">https:\/\/ihl-databases.icrc.org\/applic\/ihl\/ihl.nsf\/States.xsp?xp_viewStates=XPages_NORMStatesParties&amp;xp_treatySelected=470<\/a>.<\/p>\n\n\n\n<p class=\"has-small-font-size wp-block-paragraph\">Kekatos, M. (2022, March 3). <em>Mental health effects of Ukraine war zone on children<\/em>. ABC News. Retrieved on 11 March 2022, from <a href=\"https:\/\/abcnews.go.com\/International\/mental-health-effects-ukraine-war-zone-children\/story?id=83203801\" target=\"_blank\" rel=\"noreferrer noopener\">https:\/\/abcnews.go.com\/International\/mental-health-effects-ukraine-war-zone-children\/story?id=83203801<\/a>.<\/p>\n\n\n\n<p class=\"has-small-font-size wp-block-paragraph\">Koper, A., &amp; Rigby, J. (2022, March 8). <em>&lsquo;A war for life of our child&rsquo;: Health crisis spills out of Ukraine conflict<\/em>. Reuters. Retrieved on 11 March 2022, from <a href=\"https:\/\/www.reuters.com\/world\/europe\/a-war-life-our-child-health-crisis-spills-out-ukraine-conflict-2022-03-08\/\" target=\"_blank\" rel=\"noreferrer noopener\">https:\/\/www.reuters.com\/world\/europe\/a-war-life-our-child-health-crisis-spills-out-ukraine-conflict-2022-03-08\/<\/a>.<\/p>\n\n\n\n<p class=\"has-small-font-size wp-block-paragraph\">Mellese, J. (2022, March 4). <em>The war in Ukraine can have devastating long-term consequences on the mental health of children and young people<\/em>. Mental Health Europe. Retrieved on 11 March 2022, from <a href=\"https:\/\/www.mhe-sme.org\/ukraine-crisis-mental-health-impact-young-people\/\" target=\"_blank\" rel=\"noreferrer noopener\">https:\/\/www.mhe-sme.org\/ukraine-crisis-mental-health-impact-young-people\/<\/a>.<\/p>\n\n\n\n<p class=\"has-small-font-size wp-block-paragraph\">Rulac Geneva Academy. (2022, February 25). <em>International armed conflict in Ukraine<\/em>. Rulac Geneva Academy. Retrieved on 8 March 2022, from <a href=\"https:\/\/www.rulac.org\/browse\/conflicts\/international-armed-conflict-in-ukraine#collapse2accord\" target=\"_blank\" rel=\"noreferrer noopener\">https:\/\/www.rulac.org\/browse\/conflicts\/international-armed-conflict-in-ukraine#collapse2accord<\/a>.<\/p>\n\n\n\n<p class=\"has-small-font-size wp-block-paragraph\">Russell, C., &amp; Grandi, F. (2022, March 7). <em>Unaccompanied and separated children fleeing escalating conflict in Ukraine must be protected<\/em>. UNICEF. Retrieved on 11 March 2022, from <a href=\"https:\/\/www.unicef.org\/press-releases\/unaccompanied-and-separated-children-fleeing-escalating-conflict-ukraine-must-be\" target=\"_blank\" rel=\"noreferrer noopener\">https:\/\/www.unicef.org\/press-releases\/unaccompanied-and-separated-children-fleeing-escalating-conflict-ukraine-must-be<\/a>.<\/p>\n\n\n\n<p class=\"has-small-font-size wp-block-paragraph\">Sass\u00f2li, M., Bouvier, A., &amp; Quintin, A. (2014). Civilian population. In <em>How does the law protect in war?<\/em> (p. 325). ICRC. <a href=\"https:\/\/casebook.icrc.org\/law\/civilian-population#_ftnref_024\" target=\"_blank\" rel=\"noreferrer noopener\">https:\/\/casebook.icrc.org\/law\/civilian-population#_ftnref_024<\/a>.<\/p>\n\n\n\n<p class=\"has-small-font-size wp-block-paragraph\">Szpak, A. (2017, May 7). Legal classification of the armed conflict in Ukraine in light of international humanitarian law. <em>Hungarian Journal of Legal Studies<\/em>, <em>58<\/em>(3), 261-280. 10.1556\/2052.2017.58.3.2.<\/p>\n\n\n\n<p class=\"has-small-font-size wp-block-paragraph\">UN Committee on the Rights of the Child. (1992, October 19). <em>Customary IHL &#8211; Rule 135. Children<\/em>. ICRC databases on international humanitarian law. Retrieved on 11 March 2022, from <a href=\"https:\/\/ihl-databases.icrc.org\/customary-ihl\/eng\/docindex\/v1_rul_rule135#Fn_4C6E6F6A_00017\" target=\"_blank\" rel=\"noreferrer noopener\">https:\/\/ihl-databases.icrc.org\/customary-ihl\/eng\/docindex\/v1_rul_rule135#Fn_4C6E6F6A_00017<\/a>.<\/p>\n\n\n\n<p class=\"has-small-font-size wp-block-paragraph\">UNICEF. (2022, March 3). <em>Conflict in Ukraine poses immediate threat to children<\/em>. UNICEF. Retrieved on 8 March 2022, from <a href=\"https:\/\/www.unicef.org\/emergencies\/conflict-ukraine-pose-immediate-threat-children\" target=\"_blank\" rel=\"noreferrer noopener\">https:\/\/www.unicef.org\/emergencies\/conflict-ukraine-pose-immediate-threat-children<\/a>.<\/p>\n\n\n\n<p class=\"has-small-font-size wp-block-paragraph\">United Nations Human Rights Office of the High Commissioner. (1948, December 10). <em>Universal Declaration of Human Rights<\/em>. OHCHR. Retrieved on 10 March 2022, from https:\/\/www.ohchr.org\/en\/udhr\/documents\/udhr_translations\/eng.pdf.<\/p>\n\n\n\n<p class=\"has-small-font-size wp-block-paragraph\">United Nations Human Rights Office of the High Commissioner. (2000, May 25). <em>Optional Protocol to the Convention on the Rights of the Child<\/em>. OHCHR. Retrieved on 10 March 2022, from <a href=\"https:\/\/www.ohchr.org\/en\/professionalinterest\/pages\/opaccrc.aspx\" target=\"_blank\" rel=\"noreferrer noopener\">https:\/\/www.ohchr.org\/en\/professionalinterest\/pages\/opaccrc.aspx<\/a>.<\/p>\n\n\n\n<p class=\"has-small-font-size wp-block-paragraph\">United Nations Human Rights Office of the High Commissioner. (2021, January 1). <em>Treaty bodies Treaties<\/em>. Treaty bodies Treaties. Retrieved on 10 March 2022, from <a href=\"https:\/\/tbinternet.ohchr.org\/_layouts\/15\/TreatyBodyExternal\/Treaty.aspx?CountryID=37&amp;Lang=EN\" target=\"_blank\" rel=\"noreferrer noopener\">https:\/\/tbinternet.ohchr.org\/_layouts\/15\/TreatyBodyExternal\/Treaty.aspx?CountryID=37&amp;Lang=EN<\/a>.<\/p>\n\n\n\n<p class=\"has-small-font-size wp-block-paragraph\">United Nations Treaty Collection. (1949, August 12). <em>Geneva Convention relative to the protection of civilian persons in time of war<\/em>. UNTC. Retrieved on 10 March 2022, from <a href=\"https:\/\/treaties.un.org\/pages\/showdetails.aspx?objid=0800000280158b1a\" target=\"_blank\" rel=\"noreferrer noopener\">https:\/\/treaties.un.org\/pages\/showdetails.aspx?objid=0800000280158b1a<\/a>.<\/p>\n\n\n\n<p class=\"has-small-font-size wp-block-paragraph\">United Nations Treaty Collection. (1966, December 16). <em>International Covenant on Civil and Political Rights<\/em>. UNTC. Retrieved on 10 March 2022, from <a href=\"https:\/\/treaties.un.org\/Pages\/ViewDetails.aspx?chapter=4&amp;clang=_en&amp;mtdsg_no=IV-4&amp;src=IND\" target=\"_blank\" rel=\"noreferrer noopener\">https:\/\/treaties.un.org\/Pages\/ViewDetails.aspx?chapter=4&amp;clang=_en&amp;mtdsg_no=IV-4&amp;src=IND<\/a>. United Nations Treaty Collection. (1984, <\/p>\n\n\n\n<p class=\"has-small-font-size wp-block-paragraph\">December 10). <em>Convention against Torture and Other Cruel, Inhuman or Degrading Treatment or Punishment<\/em>. UNTC. Retrieved on 10 March 2022, from <a href=\"https:\/\/treaties.un.org\/pages\/ViewDetails.aspx?src=IND&amp;mtdsg_no=IV-9&amp;chapter=4&amp;clang=_en\" target=\"_blank\" rel=\"noreferrer noopener\">https:\/\/treaties.un.org\/pages\/ViewDetails.aspx?src=IND&amp;mtdsg_no=IV-9&amp;chapter=4&amp;clang=_en<\/a><\/p>\n","protected":false},"excerpt":{"rendered":"<p>Au vu des r\u00e9cents \u00e9v\u00e9nements en Ukraine, il est important de mettre l\u2019accent sur le maintien de la paix et la protection de tous les enfants en Ukraine. Le conflit actuel en Ukraine constitue une menace imm\u00e9diate et grandissante pour la vie et le bien-\u00eatre des 7,5 millions d\u2019enfants du pays (UNICEF, 2022). Les enfants [&hellip;]<\/p>\n","protected":false},"author":41,"featured_media":51904,"comment_status":"closed","ping_status":"closed","sticky":false,"template":"","format":"standard","meta":{"footnotes":""},"categories":[220,4,229,9,215,214],"tags":[],"class_list":["post-51903","post","type-post","status-publish","format-standard","has-post-thumbnail","hentry","category-droits-des-enfants","category-droits-humains","category-liberte","category-paix","category-refugies","category-violence"],"yoast_head":"<!-- This site is optimized with the Yoast SEO plugin v28.3 - https:\/\/yoast.com\/product\/yoast-seo-wordpress\/ -->\n<title>Les enfants dans les conflits arm\u00e9s \u2013 la crise en Ukraine - Humanium<\/title>\n<meta name=\"description\" content=\"Au vu des r\u00e9cents \u00e9v\u00e9nements en Ukraine, il est important de mettre l\u2019accent sur le maintien de la protection de tous les enfants en Ukraine.\" \/>\n<meta name=\"robots\" content=\"index, follow, max-snippet:-1, max-image-preview:large, max-video-preview:-1\" \/>\n<link rel=\"canonical\" href=\"https:\/\/www.humanium.org\/fr\/les-enfants-dans-les-conflits-armes-la-crise-en-ukraine\/\" \/>\n<meta property=\"og:locale\" content=\"fr_FR\" \/>\n<meta property=\"og:type\" content=\"article\" \/>\n<meta property=\"og:title\" content=\"Les enfants dans les conflits arm\u00e9s \u2013 la crise en Ukraine - Humanium\" \/>\n<meta property=\"og:description\" content=\"Au vu des r\u00e9cents \u00e9v\u00e9nements en Ukraine, il est important de mettre l\u2019accent sur le maintien de la protection de tous les enfants en Ukraine.\" \/>\n<meta property=\"og:url\" content=\"https:\/\/www.humanium.org\/fr\/les-enfants-dans-les-conflits-armes-la-crise-en-ukraine\/\" \/>\n<meta property=\"og:site_name\" content=\"Humanium\" \/>\n<meta property=\"article:published_time\" content=\"2022-03-28T07:18:32+00:00\" \/>\n<meta property=\"article:modified_time\" content=\"2026-08-21T03:22:51+00:00\" \/>\n<meta property=\"og:image\" content=\"https:\/\/www.humanium.org\/fr\/wp-content\/uploads\/2022\/03\/shutterstock_2128699688-scaled.jpg\" \/>\n\t<meta property=\"og:image:width\" content=\"2560\" \/>\n\t<meta property=\"og:image:height\" content=\"1707\" \/>\n\t<meta property=\"og:image:type\" content=\"image\/jpeg\" \/>\n<meta name=\"author\" content=\"Igi Nderi\" \/>\n<meta name=\"twitter:card\" content=\"summary_large_image\" \/>\n<meta name=\"twitter:label1\" content=\"\u00c9crit par\" \/>\n\t<meta name=\"twitter:data1\" content=\"Igi Nderi\" \/>\n\t<meta name=\"twitter:label2\" content=\"Dur\u00e9e de lecture estim\u00e9e\" \/>\n\t<meta name=\"twitter:data2\" content=\"17 minutes\" \/>\n<script type=\"application\/ld+json\" class=\"yoast-schema-graph\">{\"@context\":\"https:\\\/\\\/schema.org\",\"@graph\":[{\"@type\":\"Article\",\"@id\":\"https:\\\/\\\/www.humanium.org\\\/fr\\\/les-enfants-dans-les-conflits-armes-la-crise-en-ukraine\\\/#article\",\"isPartOf\":{\"@id\":\"https:\\\/\\\/www.humanium.org\\\/fr\\\/les-enfants-dans-les-conflits-armes-la-crise-en-ukraine\\\/\"},\"author\":{\"name\":\"Igi Nderi\",\"@id\":\"https:\\\/\\\/www.humanium.org\\\/fr\\\/#\\\/schema\\\/person\\\/821eed926e7ac8daf4b4a57b22b98922\"},\"headline\":\"Les enfants dans les conflits arm\u00e9s \u2013 la crise en Ukraine\",\"datePublished\":\"2022-03-28T07:18:32+00:00\",\"dateModified\":\"2026-08-21T03:22:51+00:00\",\"mainEntityOfPage\":{\"@id\":\"https:\\\/\\\/www.humanium.org\\\/fr\\\/les-enfants-dans-les-conflits-armes-la-crise-en-ukraine\\\/\"},\"wordCount\":3345,\"image\":{\"@id\":\"https:\\\/\\\/www.humanium.org\\\/fr\\\/les-enfants-dans-les-conflits-armes-la-crise-en-ukraine\\\/#primaryimage\"},\"thumbnailUrl\":\"https:\\\/\\\/www.humanium.org\\\/fr\\\/wp-content\\\/uploads\\\/2022\\\/03\\\/shutterstock_2128699688-scaled.jpg\",\"articleSection\":[\"Droits des enfants\",\"Droits humains\",\"Libert\u00e9\",\"Paix\",\"R\u00e9fugi\u00e9s\",\"violence\"],\"inLanguage\":\"fr-FR\"},{\"@type\":\"WebPage\",\"@id\":\"https:\\\/\\\/www.humanium.org\\\/fr\\\/les-enfants-dans-les-conflits-armes-la-crise-en-ukraine\\\/\",\"url\":\"https:\\\/\\\/www.humanium.org\\\/fr\\\/les-enfants-dans-les-conflits-armes-la-crise-en-ukraine\\\/\",\"name\":\"Les enfants dans les conflits arm\u00e9s \u2013 la crise en Ukraine - Humanium\",\"isPartOf\":{\"@id\":\"https:\\\/\\\/www.humanium.org\\\/fr\\\/#website\"},\"primaryImageOfPage\":{\"@id\":\"https:\\\/\\\/www.humanium.org\\\/fr\\\/les-enfants-dans-les-conflits-armes-la-crise-en-ukraine\\\/#primaryimage\"},\"image\":{\"@id\":\"https:\\\/\\\/www.humanium.org\\\/fr\\\/les-enfants-dans-les-conflits-armes-la-crise-en-ukraine\\\/#primaryimage\"},\"thumbnailUrl\":\"https:\\\/\\\/www.humanium.org\\\/fr\\\/wp-content\\\/uploads\\\/2022\\\/03\\\/shutterstock_2128699688-scaled.jpg\",\"datePublished\":\"2022-03-28T07:18:32+00:00\",\"dateModified\":\"2026-08-21T03:22:51+00:00\",\"author\":{\"@id\":\"https:\\\/\\\/www.humanium.org\\\/fr\\\/#\\\/schema\\\/person\\\/821eed926e7ac8daf4b4a57b22b98922\"},\"description\":\"Au vu des r\u00e9cents \u00e9v\u00e9nements en Ukraine, il est important de mettre l\u2019accent sur le maintien de la protection de tous les enfants en Ukraine.\",\"breadcrumb\":{\"@id\":\"https:\\\/\\\/www.humanium.org\\\/fr\\\/les-enfants-dans-les-conflits-armes-la-crise-en-ukraine\\\/#breadcrumb\"},\"inLanguage\":\"fr-FR\",\"potentialAction\":[{\"@type\":\"ReadAction\",\"target\":[\"https:\\\/\\\/www.humanium.org\\\/fr\\\/les-enfants-dans-les-conflits-armes-la-crise-en-ukraine\\\/\"]}]},{\"@type\":\"ImageObject\",\"inLanguage\":\"fr-FR\",\"@id\":\"https:\\\/\\\/www.humanium.org\\\/fr\\\/les-enfants-dans-les-conflits-armes-la-crise-en-ukraine\\\/#primaryimage\",\"url\":\"https:\\\/\\\/www.humanium.org\\\/fr\\\/wp-content\\\/uploads\\\/2022\\\/03\\\/shutterstock_2128699688-scaled.jpg\",\"contentUrl\":\"https:\\\/\\\/www.humanium.org\\\/fr\\\/wp-content\\\/uploads\\\/2022\\\/03\\\/shutterstock_2128699688-scaled.jpg\",\"width\":2560,\"height\":1707},{\"@type\":\"BreadcrumbList\",\"@id\":\"https:\\\/\\\/www.humanium.org\\\/fr\\\/les-enfants-dans-les-conflits-armes-la-crise-en-ukraine\\\/#breadcrumb\",\"itemListElement\":[{\"@type\":\"ListItem\",\"position\":1,\"name\":\"Home\",\"item\":\"https:\\\/\\\/www.humanium.org\\\/fr\\\/\"},{\"@type\":\"ListItem\",\"position\":2,\"name\":\"Les enfants dans les conflits arm\u00e9s \u2013 la crise en Ukraine\"}]},{\"@type\":\"WebSite\",\"@id\":\"https:\\\/\\\/www.humanium.org\\\/fr\\\/#website\",\"url\":\"https:\\\/\\\/www.humanium.org\\\/fr\\\/\",\"name\":\"Humanium\",\"description\":\"Les enfants d\u2019abord !\",\"potentialAction\":[{\"@type\":\"SearchAction\",\"target\":{\"@type\":\"EntryPoint\",\"urlTemplate\":\"https:\\\/\\\/www.humanium.org\\\/fr\\\/?s={search_term_string}\"},\"query-input\":{\"@type\":\"PropertyValueSpecification\",\"valueRequired\":true,\"valueName\":\"search_term_string\"}}],\"inLanguage\":\"fr-FR\"},{\"@type\":\"Person\",\"@id\":\"https:\\\/\\\/www.humanium.org\\\/fr\\\/#\\\/schema\\\/person\\\/821eed926e7ac8daf4b4a57b22b98922\",\"name\":\"Igi Nderi\",\"image\":{\"@type\":\"ImageObject\",\"inLanguage\":\"fr-FR\",\"@id\":\"https:\\\/\\\/secure.gravatar.com\\\/avatar\\\/c3555d8ec155dec16444525aa87bd13c55196bb158a681c4dc0d3e1b62260922?s=96&d=mm&r=g\",\"url\":\"https:\\\/\\\/secure.gravatar.com\\\/avatar\\\/c3555d8ec155dec16444525aa87bd13c55196bb158a681c4dc0d3e1b62260922?s=96&d=mm&r=g\",\"contentUrl\":\"https:\\\/\\\/secure.gravatar.com\\\/avatar\\\/c3555d8ec155dec16444525aa87bd13c55196bb158a681c4dc0d3e1b62260922?s=96&d=mm&r=g\",\"caption\":\"Igi Nderi\"},\"sameAs\":[\"https:\\\/\\\/www.linkedin.com\\\/in\\\/igi-nderi-012149115\\\/\"],\"url\":\"https:\\\/\\\/www.humanium.org\\\/fr\\\/author\\\/igi\\\/\"}]}<\/script>\n<!-- \/ Yoast SEO plugin. -->","yoast_head_json":{"title":"Les enfants dans les conflits arm\u00e9s \u2013 la crise en Ukraine - Humanium","description":"Au vu des r\u00e9cents \u00e9v\u00e9nements en Ukraine, il est important de mettre l\u2019accent sur le maintien de la protection de tous les enfants en Ukraine.","robots":{"index":"index","follow":"follow","max-snippet":"max-snippet:-1","max-image-preview":"max-image-preview:large","max-video-preview":"max-video-preview:-1"},"canonical":"https:\/\/www.humanium.org\/fr\/les-enfants-dans-les-conflits-armes-la-crise-en-ukraine\/","og_locale":"fr_FR","og_type":"article","og_title":"Les enfants dans les conflits arm\u00e9s \u2013 la crise en Ukraine - Humanium","og_description":"Au vu des r\u00e9cents \u00e9v\u00e9nements en Ukraine, il est important de mettre l\u2019accent sur le maintien de la protection de tous les enfants en Ukraine.","og_url":"https:\/\/www.humanium.org\/fr\/les-enfants-dans-les-conflits-armes-la-crise-en-ukraine\/","og_site_name":"Humanium","article_published_time":"2022-03-28T07:18:32+00:00","article_modified_time":"2026-08-21T03:22:51+00:00","og_image":[{"width":2560,"height":1707,"url":"https:\/\/www.humanium.org\/fr\/wp-content\/uploads\/2022\/03\/shutterstock_2128699688-scaled.jpg","type":"image\/jpeg"}],"author":"Igi Nderi","twitter_card":"summary_large_image","twitter_misc":{"\u00c9crit par":"Igi Nderi","Dur\u00e9e de lecture estim\u00e9e":"17 minutes"},"schema":{"@context":"https:\/\/schema.org","@graph":[{"@type":"Article","@id":"https:\/\/www.humanium.org\/fr\/les-enfants-dans-les-conflits-armes-la-crise-en-ukraine\/#article","isPartOf":{"@id":"https:\/\/www.humanium.org\/fr\/les-enfants-dans-les-conflits-armes-la-crise-en-ukraine\/"},"author":{"name":"Igi Nderi","@id":"https:\/\/www.humanium.org\/fr\/#\/schema\/person\/821eed926e7ac8daf4b4a57b22b98922"},"headline":"Les enfants dans les conflits arm\u00e9s \u2013 la crise en Ukraine","datePublished":"2022-03-28T07:18:32+00:00","dateModified":"2026-08-21T03:22:51+00:00","mainEntityOfPage":{"@id":"https:\/\/www.humanium.org\/fr\/les-enfants-dans-les-conflits-armes-la-crise-en-ukraine\/"},"wordCount":3345,"image":{"@id":"https:\/\/www.humanium.org\/fr\/les-enfants-dans-les-conflits-armes-la-crise-en-ukraine\/#primaryimage"},"thumbnailUrl":"https:\/\/www.humanium.org\/fr\/wp-content\/uploads\/2022\/03\/shutterstock_2128699688-scaled.jpg","articleSection":["Droits des enfants","Droits humains","Libert\u00e9","Paix","R\u00e9fugi\u00e9s","violence"],"inLanguage":"fr-FR"},{"@type":"WebPage","@id":"https:\/\/www.humanium.org\/fr\/les-enfants-dans-les-conflits-armes-la-crise-en-ukraine\/","url":"https:\/\/www.humanium.org\/fr\/les-enfants-dans-les-conflits-armes-la-crise-en-ukraine\/","name":"Les enfants dans les conflits arm\u00e9s \u2013 la crise en Ukraine - Humanium","isPartOf":{"@id":"https:\/\/www.humanium.org\/fr\/#website"},"primaryImageOfPage":{"@id":"https:\/\/www.humanium.org\/fr\/les-enfants-dans-les-conflits-armes-la-crise-en-ukraine\/#primaryimage"},"image":{"@id":"https:\/\/www.humanium.org\/fr\/les-enfants-dans-les-conflits-armes-la-crise-en-ukraine\/#primaryimage"},"thumbnailUrl":"https:\/\/www.humanium.org\/fr\/wp-content\/uploads\/2022\/03\/shutterstock_2128699688-scaled.jpg","datePublished":"2022-03-28T07:18:32+00:00","dateModified":"2026-08-21T03:22:51+00:00","author":{"@id":"https:\/\/www.humanium.org\/fr\/#\/schema\/person\/821eed926e7ac8daf4b4a57b22b98922"},"description":"Au vu des r\u00e9cents \u00e9v\u00e9nements en Ukraine, il est important de mettre l\u2019accent sur le maintien de la protection de tous les enfants en Ukraine.","breadcrumb":{"@id":"https:\/\/www.humanium.org\/fr\/les-enfants-dans-les-conflits-armes-la-crise-en-ukraine\/#breadcrumb"},"inLanguage":"fr-FR","potentialAction":[{"@type":"ReadAction","target":["https:\/\/www.humanium.org\/fr\/les-enfants-dans-les-conflits-armes-la-crise-en-ukraine\/"]}]},{"@type":"ImageObject","inLanguage":"fr-FR","@id":"https:\/\/www.humanium.org\/fr\/les-enfants-dans-les-conflits-armes-la-crise-en-ukraine\/#primaryimage","url":"https:\/\/www.humanium.org\/fr\/wp-content\/uploads\/2022\/03\/shutterstock_2128699688-scaled.jpg","contentUrl":"https:\/\/www.humanium.org\/fr\/wp-content\/uploads\/2022\/03\/shutterstock_2128699688-scaled.jpg","width":2560,"height":1707},{"@type":"BreadcrumbList","@id":"https:\/\/www.humanium.org\/fr\/les-enfants-dans-les-conflits-armes-la-crise-en-ukraine\/#breadcrumb","itemListElement":[{"@type":"ListItem","position":1,"name":"Home","item":"https:\/\/www.humanium.org\/fr\/"},{"@type":"ListItem","position":2,"name":"Les enfants dans les conflits arm\u00e9s \u2013 la crise en Ukraine"}]},{"@type":"WebSite","@id":"https:\/\/www.humanium.org\/fr\/#website","url":"https:\/\/www.humanium.org\/fr\/","name":"Humanium","description":"Les enfants d\u2019abord !","potentialAction":[{"@type":"SearchAction","target":{"@type":"EntryPoint","urlTemplate":"https:\/\/www.humanium.org\/fr\/?s={search_term_string}"},"query-input":{"@type":"PropertyValueSpecification","valueRequired":true,"valueName":"search_term_string"}}],"inLanguage":"fr-FR"},{"@type":"Person","@id":"https:\/\/www.humanium.org\/fr\/#\/schema\/person\/821eed926e7ac8daf4b4a57b22b98922","name":"Igi Nderi","image":{"@type":"ImageObject","inLanguage":"fr-FR","@id":"https:\/\/secure.gravatar.com\/avatar\/c3555d8ec155dec16444525aa87bd13c55196bb158a681c4dc0d3e1b62260922?s=96&d=mm&r=g","url":"https:\/\/secure.gravatar.com\/avatar\/c3555d8ec155dec16444525aa87bd13c55196bb158a681c4dc0d3e1b62260922?s=96&d=mm&r=g","contentUrl":"https:\/\/secure.gravatar.com\/avatar\/c3555d8ec155dec16444525aa87bd13c55196bb158a681c4dc0d3e1b62260922?s=96&d=mm&r=g","caption":"Igi Nderi"},"sameAs":["https:\/\/www.linkedin.com\/in\/igi-nderi-012149115\/"],"url":"https:\/\/www.humanium.org\/fr\/author\/igi\/"}]}},"_links":{"self":[{"href":"https:\/\/www.humanium.org\/fr\/wp-json\/wp\/v2\/posts\/51903","targetHints":{"allow":["GET"]}}],"collection":[{"href":"https:\/\/www.humanium.org\/fr\/wp-json\/wp\/v2\/posts"}],"about":[{"href":"https:\/\/www.humanium.org\/fr\/wp-json\/wp\/v2\/types\/post"}],"author":[{"embeddable":true,"href":"https:\/\/www.humanium.org\/fr\/wp-json\/wp\/v2\/users\/41"}],"replies":[{"embeddable":true,"href":"https:\/\/www.humanium.org\/fr\/wp-json\/wp\/v2\/comments?post=51903"}],"version-history":[{"count":10,"href":"https:\/\/www.humanium.org\/fr\/wp-json\/wp\/v2\/posts\/51903\/revisions"}],"predecessor-version":[{"id":62758,"href":"https:\/\/www.humanium.org\/fr\/wp-json\/wp\/v2\/posts\/51903\/revisions\/62758"}],"wp:featuredmedia":[{"embeddable":true,"href":"https:\/\/www.humanium.org\/fr\/wp-json\/wp\/v2\/media\/51904"}],"wp:attachment":[{"href":"https:\/\/www.humanium.org\/fr\/wp-json\/wp\/v2\/media?parent=51903"}],"wp:term":[{"taxonomy":"category","embeddable":true,"href":"https:\/\/www.humanium.org\/fr\/wp-json\/wp\/v2\/categories?post=51903"},{"taxonomy":"post_tag","embeddable":true,"href":"https:\/\/www.humanium.org\/fr\/wp-json\/wp\/v2\/tags?post=51903"}],"curies":[{"name":"wp","href":"https:\/\/api.w.org\/{rel}","templated":true}]}}