{"id":51948,"date":"2022-04-05T17:21:07","date_gmt":"2022-04-05T17:21:07","guid":{"rendered":"https:\/\/www.humanium.org\/fr\/?p=51948"},"modified":"2026-08-21T03:22:51","modified_gmt":"2026-08-21T03:22:51","slug":"limpact-de-la-pandemie-de-covid-19-sur-la-mortalite-infantile-et-ses-dommages-collateraux","status":"publish","type":"post","link":"https:\/\/www.humanium.org\/fr\/limpact-de-la-pandemie-de-covid-19-sur-la-mortalite-infantile-et-ses-dommages-collateraux\/","title":{"rendered":"L\u2019impact de la pand\u00e9mie de Covid-19 sur la mortalit\u00e9 infantile et ses dommages collat\u00e9raux"},"content":{"rendered":"\n<p class=\"wp-block-paragraph\"><strong>Alors m\u00eame que le taux de <\/strong><a href=\"https:\/\/www.humanium.org\/fr\/mortalite-infantile\/\"><strong>mortalit\u00e9 infantile<\/strong><\/a> <strong>dans le monde &#8211; d\u00e9finie comme \u00ab\u00a0\u00a0le nombre annuel de d\u00e9c\u00e8s d\u2019<\/strong><a href=\"https:\/\/www.humanium.org\/fr\/droits-enfant\/\"><strong>enfants<\/strong><\/a> <strong>rapport\u00e9 au nombre de naissances dans un territoire donn\u00e9\u00a0\u00bb (Humanium, n.d) \u2013<\/strong> <strong>tend diminuer lentement, la pand\u00e9mie de <\/strong><a href=\"https:\/\/www.humanium.org\/fr\/coronavirus-un-guide-pour-enfants-en-5-questions\/\"><strong>Covid-19<\/strong><\/a> <strong>a sem\u00e9 le doute quant \u00e0 la p\u00e9rennit\u00e9 de cette \u00e9volution. La pand\u00e9mie a \u00e9galement des effets indirects sur la vie de nombreux <\/strong><a href=\"https:\/\/www.humanium.org\/fr\/enfants-monde\/\"><strong>enfants dans le monde<\/strong><\/a><strong>.\u00a0<\/strong><\/p>\n\n\n\n<h2 class=\"wp-block-heading\"><strong>La surprenante baisse de la mortalit\u00e9 infantile <\/strong><strong><em>post<\/em><\/strong><strong> Covid-19<\/strong><\/h2>\n\n\n\n<p class=\"wp-block-paragraph\">Les recherches effectu\u00e9es jusqu\u2019\u00e0 pr\u00e9sent sugg\u00e8rent que le nombre de d\u00e9c\u00e8s d\u2019enfants li\u00e9s \u00e0 la Covid-19 n\u2019est en r\u00e9alit\u00e9 pas aussi \u00e9lev\u00e9 qu\u2019on aurait pu pr\u00e9dire. Par ailleurs, il est important de prendre du recul quant \u00e0 la r\u00e9cence et \u00e0 l\u2019exhaustivit\u00e9 de ces donn\u00e9es.<\/p>\n\n\n\n<p class=\"wp-block-paragraph\">L\u2019Organisation mondiale de la Sant\u00e9 (OMS) affirme dans son rapport du 30 septembre 2021(World Health Organisation, 2021), que les cas de Covid-19 et de d\u00e9c\u00e8s \u00e0 la suite de la contraction dudit virus restent faibles chez les enfants et les adolescents. En effet, le Groupe inter-agences de l\u2019Organisation des Nations-Unies (ONU) pour l&rsquo;estimation de la mortalit\u00e9 infantile (UN IGME) a collect\u00e9 les donn\u00e9es de 77 pays en 2020, concernant les d\u00e9c\u00e8s ayant pour cause directe l\u2019infection par la Covid-19. Ces r\u00e9sultats soul\u00e8vent un net clivage en fonction de l\u2019\u00e2ge.&nbsp;<\/p>\n\n\n\n<p class=\"wp-block-paragraph\">Ainsi, les personnes \u00e2g\u00e9es de moins de 25 ans ne repr\u00e9sentent que 0,6% du total des d\u00e9c\u00e8s li\u00e9s \u00e0 la Covid-19, soit 9,900 d\u00e9c\u00e8s en 2020. Parmi eux, 27% se situent dans la tranche d\u2019\u00e2ge entre 0 et 9ans, et 42% entre 20 et 24 ans.<\/p>\n\n\n\n<p class=\"wp-block-paragraph\">Il est important de noter que les donn\u00e9es concernant la pand\u00e9mie s\u2019inscrivent dans une tendance <a href=\"https:\/\/www.humanium.org\/fr\/enfants-monde\/\">mondiale<\/a> g\u00e9n\u00e9rale. Ainsi, un enfant n\u00e9 aujourd\u2019hui a beaucoup plus de chances de survivre jusqu\u2019\u00e0 l\u2019\u00e2ge de 5 ans qu\u2019en 1990, mais le pays dans lequel il na\u00eet aura aussi une nette influence sur son esp\u00e9rance de vie. Cette constante est \u00e0 la baisse&nbsp;puisque le taux mondial de mortalit\u00e9 des enfants de moins de 5 ans est descendu \u00e0 37 d\u00e9c\u00e8s pour 1,000 naissances en 2020 (United Nations Inter-Agency Group for Child Mortality Estimation, 2021).<\/p>\n\n\n\n<p class=\"wp-block-paragraph\">Enfin, les donn\u00e9es de ces pays ont \u00e9t\u00e9 rapport\u00e9es et trait\u00e9es pour observer le changement ou la continuit\u00e9 des tendances de 2020, ce qui a permis d\u2019affirmer que l\u2019impact direct du Covid-19 sur la <a href=\"https:\/\/www.humanium.org\/fr\/mortalite-infantile\/\">mortalit\u00e9 infantile<\/a> reste d\u00e9risoire. Comme le souligne l\u2019OMS, les enfants ont \u00e9t\u00e9 sujets \u00e0 des sympt\u00f4mes plus prolong\u00e9s, et dans de rares cas, au syndrome inflammatoire multi-syst\u00e8mes (World Health Organisation, 2021).Il est donc imp\u00e9ratif d\u2019analyser ces r\u00e9sultats \u00e0 la lumi\u00e8re de toutes nouvelles \u00e9tudes et recherches, afin d\u2019\u00e9tablir une compr\u00e9hension plus compl\u00e8te de la mortalit\u00e9 infantile directement li\u00e9e au Covid-19, et d\u2019obtenir des conclusions actualis\u00e9es et fiables.&nbsp;<\/p>\n\n\n\n<h2 class=\"wp-block-heading\"><strong>Les effets indirects al armants du Covid-19 sur la mortalit\u00e9 infantile<\/strong><\/h2>\n\n\n\n<p class=\"wp-block-paragraph\">Si les effets li\u00e9s \u00e0 l\u2019infection par Covid-19 elle-m\u00eame sont clairement limit\u00e9s, l\u2019impact indirect de la pand\u00e9mie sur l\u2019\u00e9conomie et sur l\u2019enr\u00f4lement et la <a href=\"https:\/\/www.humanium.org\/fr\/trafic-enfants\/\">traite d\u2019enfants<\/a> dans les <a href=\"https:\/\/www.humanium.org\/fr\/enfants-dans-la-guerre\/\">conflits arm\u00e9s<\/a>, a suscit\u00e9 des pr\u00e9occupations urgentes. Le clivage des effets indirects s\u2019observe au niveau de l\u2019\u00e2ge, mais \u00e9galement de l\u2019emplacement g\u00e9ographique. Il ne s\u2019agit pas de dresser une liste exhaustive des effets indirects du Covid-19, mais d\u2019en illustrer deux manifestations majeures.<\/p>\n\n\n\n<h2 class=\"wp-block-heading\">Le choc \u00e9conomiqueet les d\u00e9c\u00e8s d\u2019enfants dans les pays en voie de d\u00e9veloppement<\/h2>\n\n\n\n<p class=\"wp-block-paragraph\">Les enfants (et particuli\u00e8rement ceux de moins de 5 ans) sont particuli\u00e8rement touch\u00e9s par les perturbations \u00e9conomiques, d\u2019autant plus dans les pays consid\u00e9r\u00e9s comme <a href=\"https:\/\/www.humanium.org\/fr\/enfants-pauvres\/\">pauvres<\/a>. En effet, ces populations n&rsquo;ont pas tou jours acc\u00e8s \u00e0 l\u2019eau potable, \u00e0 la nourriture et \u00e0 un logement d\u00e9cent, et leur <a href=\"https:\/\/www.humanium.org\/fr\/comprendre-droits-enfant\/droit-a-la-sante\/\">sant\u00e9<\/a> se retrouve donc tr\u00e8s d\u00e9pendante de la situation \u00e9conomique (Millward, 2022). Par cons\u00e9quent, la fermeture de fronti\u00e8res, l\u2019interruption des livraisons de m\u00e9dicaments ou de nourriture, et l\u2019arr\u00eat de vaccination, par pr\u00e9caution contre la prolif\u00e9ration du Covid-19, ont fait des enfants les premi\u00e8res victimes (Desmon, 2022).<\/p>\n\n\n\n<figure class=\"wp-block-image size-large\"><img loading=\"lazy\" decoding=\"async\" width=\"1024\" height=\"697\" src=\"https:\/\/www.humanium.org\/fr\/wp-content\/uploads\/2022\/04\/shutterstock_525663508-1024x697.jpg\" alt=\"\" class=\"wp-image-51949\" srcset=\"https:\/\/www.humanium.org\/fr\/wp-content\/uploads\/2022\/04\/shutterstock_525663508-1024x697.jpg 1024w, https:\/\/www.humanium.org\/fr\/wp-content\/uploads\/2022\/04\/shutterstock_525663508-300x204.jpg 300w, https:\/\/www.humanium.org\/fr\/wp-content\/uploads\/2022\/04\/shutterstock_525663508-768x523.jpg 768w, https:\/\/www.humanium.org\/fr\/wp-content\/uploads\/2022\/04\/shutterstock_525663508-1536x1046.jpg 1536w, https:\/\/www.humanium.org\/fr\/wp-content\/uploads\/2022\/04\/shutterstock_525663508-2048x1394.jpg 2048w, https:\/\/www.humanium.org\/fr\/wp-content\/uploads\/2022\/04\/shutterstock_525663508-830x565.jpg 830w, https:\/\/www.humanium.org\/fr\/wp-content\/uploads\/2022\/04\/shutterstock_525663508-230x157.jpg 230w, https:\/\/www.humanium.org\/fr\/wp-content\/uploads\/2022\/04\/shutterstock_525663508-350x238.jpg 350w, https:\/\/www.humanium.org\/fr\/wp-content\/uploads\/2022\/04\/shutterstock_525663508-480x327.jpg 480w\" sizes=\"auto, (max-width: 1024px) 100vw, 1024px\" \/><\/figure>\n\n\n\n<p class=\"wp-block-paragraph\">La famine a touch\u00e9 les \u00c9tats qui se trouvaient d\u00e9j\u00e0 dans une certaine pr\u00e9carit\u00e9, et ils n\u2019ont pas \u00e9t\u00e9 \u00e9pargn\u00e9s par la crise de la pand\u00e9mie. C\u2019est le cas pour la <a href=\"https:\/\/www.humanium.org\/fr\/republique-democratique-du-congo\/\">R\u00e9publique d\u00e9mocratique du Congo<\/a>, le nord-est du <a href=\"https:\/\/www.humanium.org\/fr\/nigeria\/\">Nig\u00e9ria<\/a>, le <a href=\"https:\/\/www.humanium.org\/fr\/yemen\/\">Y\u00e9men<\/a>, et le <a href=\"https:\/\/www.humanium.org\/fr\/soudan-du-sud\/\">Soudan du Sud<\/a>, qui passent d\u2019une \u00ab&nbsp;crise nutritionnelle \u00e0 une catastrophe imminente&nbsp;\u00bb selon la Directrice ex\u00e9cutive de l\u2019UNICEF, Henrietta Fore. Le Nig\u00e9ria se pr\u00e9pare donc \u00e0 ce que 300.000 enfants environ, souffrent de <a href=\"https:\/\/www.humanium.org\/fr\/comprendre-droits-enfant\/droit-a-l-alimentation\/\">malnutrition<\/a> aigu\u00eb s\u00e9v\u00e8re, et risquent la mort imminente (ONU Info, 2020). L\u2019<a href=\"https:\/\/www.humanium.org\/fr\/afghanistan\/\">Afghanistan<\/a> a vu ses progr\u00e8s d\u2019\u00e9limination des d\u00e9c\u00e8s \u00e9vitables d\u2019enfants reculer de quelques d\u00e9cennies, \u00e0 cause de perturbations des services de sant\u00e9 infantiles et maternelles, provoqu\u00e9es par la pand\u00e9mie de Covid-19, mena\u00e7ant \u00e0 nouveau la vie de millions d\u2019enfants suppl\u00e9mentaires (UNICEF, 2020).<\/p>\n\n\n\n<h2 class=\"wp-block-heading\">L\u2019augmentation de la traite d\u2019enfants et de leur enr\u00f4lement dans des conflits arm\u00e9s&nbsp;<\/h2>\n\n\n\n<p class=\"wp-block-paragraph\">La soudaine r\u00e9cession \u00e9conomique n\u2019a pas eu les m\u00eames cons\u00e9quences dans tous les pays. Si certaines populations b\u00e9n\u00e9ficiaient d\u2019aides de l\u2019\u00c9tat, d\u2019autres se sont retrouv\u00e9es dans l\u2019obligation de recourir \u00e0 des solutions extr\u00eames pour survivre. Les groupes arm\u00e9s ont \u00e9videmment profit\u00e9 de la pauvret\u00e9, de la famine et de la d\u00e9scolarisation pour recruter et enlever des <a href=\"https:\/\/www.humanium.org\/fr\/les-droits-de-l-enfant\/\">enfants<\/a> en masse (ONU Info, 2021).<\/p>\n\n\n\n<p class=\"wp-block-paragraph\">Au <a href=\"https:\/\/www.humanium.org\/fr\/mali\/\">Mali<\/a>, la pand\u00e9mie a permis aux groupes arm\u00e9s de reprendre le contr\u00f4le de diff\u00e9rentes zones, notamment \u00e0 Gao et Kidal. Ce contr\u00f4le a donn\u00e9 lieu \u00e0230 cas d\u2019enr\u00f4lements d\u2019enfants le premier semestre de 2020, contre 215 en 2019. Cette situation tragique aura pour cons\u00e9quence le viol, la vente, la servitude et l\u2019obligation de combattre de ces enfants, et s\u2019ensuivra pour beaucoup d\u2019entre eux, un d\u00e9c\u00e8s in\u00e9vitable(UNHCR France, 2020).<\/p>\n\n\n\n<p class=\"wp-block-paragraph\">En <a href=\"https:\/\/www.humanium.org\/fr\/colombie\/\">Colombie<\/a>, malgr\u00e9 l\u2019Accord de paix de 2016 sign\u00e9 par les Forces arm\u00e9es r\u00e9volutionnaires de Colombie (FARC), il a \u00e9t\u00e9 jug\u00e9 que les promesses de r\u00e9insertions n\u2019avaient pas \u00e9t\u00e9 tenues et ils ont donc repris le combat. La <a href=\"https:\/\/www.humanium.org\/fr\/comprendre-droits-enfant\/droit-a-l-alimentation\/\">famine<\/a> a \u00e9galement frapp\u00e9 la Colombie, et durant le confinement, les FARC ont proc\u00e9d\u00e9 \u00e0 une vague de recrutement sans distinction d\u2019\u00e2ge, moyennant des sommes d\u2019argent difficiles \u00e0 refuser par la population civile en extr\u00eame <a href=\"https:\/\/www.humanium.org\/fr\/enfants-pauvres\/\">pauvret\u00e9<\/a> (ARTE Reportage, 2020). Les enfants qui combattent aux c\u00f4t\u00e9s des FARC, ont une forte probabilit\u00e9 d\u2019y perdre leurs vies, ou alors ils sont utilis\u00e9s par le groupe arm\u00e9, qui les \u00e9limine une fois qu\u2019ils n\u2019ont plus besoin d\u2019eux.&nbsp;<\/p>\n\n\n\n<h2 class=\"wp-block-heading\"><strong>Existe-t-il des perspectives d&rsquo;espoir pour le futur?<\/strong><\/h2>\n\n\n\n<p class=\"wp-block-paragraph\">Le droit \u00e0 la vie, d\u2019\u00eatre soign\u00e9 et prot\u00e9g\u00e9 des maladies, sont des droits inh\u00e9rents \u00e0 chaque enfant et sont inscrits dans la <a href=\"https:\/\/www.humanium.org\/fr\/convention\/\">Convention internationale des droits de l\u2019enfant (CIDE)<\/a> ratifi\u00e9e par la majorit\u00e9 des \u00c9tats, mais \u00e9galement dans le <a href=\"https:\/\/www.humanium.org\/fr\/normes\/pactes-internationaux-1966\/texte-integral-pacte-international-droits-economiques-sociaux-culturels\/\">Pacte international relatif aux droits \u00e9conomiques, sociaux et culturels (PIDESC)<\/a> et plus particuli\u00e8rement en son article 12. Les \u00c9tats ont donc l&rsquo;obligation et le devoir de respecter, prot\u00e9ger et mettre en \u0153uvre les droits de l\u2019enfant.<\/p>\n\n\n\n<p class=\"wp-block-paragraph\">N\u00e9anmoins, il faut se r\u00e9jouir une s\u00e9rie d\u2019avanc\u00e9es durant cette pand\u00e9mie men\u00e9e par les \u00c9tats et soutenues par diff\u00e9rentes institutions (Becker, 2021).Parmi elles se trouvent la baisse du taux de <a href=\"https:\/\/www.humanium.org\/fr\/mortalite-infantile\/\">mortalit\u00e9 infantile<\/a> de 2% depuis 2020, et sa diminution de moiti\u00e9 depuis l\u2019ann\u00e9e 2000 (Macrotrends, n.d). De m\u00eame, 45,000 enfants emprisonn\u00e9s dans 84 pays, ont \u00e9t\u00e9 lib\u00e9r\u00e9s lors de la crise sanitaire (UNICEF, 2021). Enfin, dix-neuf plans d\u2019action pour mettre fin aux enr\u00f4lements <a href=\"https:\/\/www.humanium.org\/fr\/enfant-soldat\/\">d\u2019enfants soldats<\/a> et \u00e0 d\u2019autres <a href=\"https:\/\/www.humanium.org\/fr\/violences\/\">violations<\/a> des droits de l\u2019homme, ont \u00e9t\u00e9 mis en \u0153uvre dans le monde (Nations Unies, n.d).<\/p>\n\n\n\n<figure class=\"wp-block-image size-large\"><img loading=\"lazy\" decoding=\"async\" width=\"1024\" height=\"683\" src=\"https:\/\/www.humanium.org\/fr\/wp-content\/uploads\/2022\/04\/shutterstock_1943749627-1024x683.jpg\" alt=\"\" class=\"wp-image-51950\" srcset=\"https:\/\/www.humanium.org\/fr\/wp-content\/uploads\/2022\/04\/shutterstock_1943749627-1024x683.jpg 1024w, https:\/\/www.humanium.org\/fr\/wp-content\/uploads\/2022\/04\/shutterstock_1943749627-300x200.jpg 300w, https:\/\/www.humanium.org\/fr\/wp-content\/uploads\/2022\/04\/shutterstock_1943749627-768x512.jpg 768w, https:\/\/www.humanium.org\/fr\/wp-content\/uploads\/2022\/04\/shutterstock_1943749627-1536x1024.jpg 1536w, https:\/\/www.humanium.org\/fr\/wp-content\/uploads\/2022\/04\/shutterstock_1943749627-2048x1365.jpg 2048w, https:\/\/www.humanium.org\/fr\/wp-content\/uploads\/2022\/04\/shutterstock_1943749627-830x553.jpg 830w, https:\/\/www.humanium.org\/fr\/wp-content\/uploads\/2022\/04\/shutterstock_1943749627-230x153.jpg 230w, https:\/\/www.humanium.org\/fr\/wp-content\/uploads\/2022\/04\/shutterstock_1943749627-350x233.jpg 350w, https:\/\/www.humanium.org\/fr\/wp-content\/uploads\/2022\/04\/shutterstock_1943749627-480x320.jpg 480w, https:\/\/www.humanium.org\/fr\/wp-content\/uploads\/2022\/04\/shutterstock_1943749627-272x182.jpg 272w\" sizes=\"auto, (max-width: 1024px) 100vw, 1024px\" \/><\/figure>\n\n\n\n<p class=\"wp-block-paragraph\">Les cons\u00e9quences indirectes de la pand\u00e9mie sur les enfants sont en train de se produire. \u00c0 ce titre, Humanium tend \u00e0 \u00e9veiller les consciences sur l\u2019\u00e9tat actuel et l\u2019importance des droits de l\u2019enfant dans le monde entier, afin que tout un chacun puisse prendre part \u00e0 cet engagement, \u00e0 travers une donation, un parrainage, ou m\u00eame en devenant volontaire, rejoins-nous&nbsp;!<\/p>\n\n\n\n<p class=\"wp-block-paragraph\"><strong><em>\u00c9crit par Morgane Schmutz<\/em><\/strong><\/p>\n\n\n\n<p class=\"wp-block-paragraph\"><strong><em>Texte original r\u00e9vis\u00e9 par Aditi Partha<\/em><\/strong><\/p>\n\n\n\n<h4 class=\"wp-block-heading\"><strong>R\u00e9f\u00e9rences&nbsp;:<\/strong><\/h4>\n\n\n\n<p class=\"has-small-font-size wp-block-paragraph\">ARTE Reportage. (2020). \u00ab\u00a0Colombie : Bogota, les chiffons rouges de la faim.\u00a0\u00bbConsult\u00e9 sur Arte (Youtube) :<a href=\"https:\/\/www.youtube.com\/watch?v=7F62qZquNhk&amp;t=3s\" target=\"_blank\" rel=\"noreferrer noopener\">https:\/\/www.youtube.com\/watch?v=7F62qZquNhk&amp;t=3s<\/a>, consult\u00e9 le 3 mars 2022.<\/p>\n\n\n\n<p class=\"has-small-font-size wp-block-paragraph\">Becker, J. (17 d\u00e9cembre 2021). \u00ab\u00a0Malgr\u00e9 la pand\u00e9mie, des avanc\u00e9es pour les droits des enfants.\u00a0\u00bbConsult\u00e9surHuman Rights Watch: <a href=\"https:\/\/www.hrw.org\/fr\/news\/2021\/12\/17\/malgre-la-pandemie-des-avancees-pour-les-droits-des-enfants\" target=\"_blank\" rel=\"noreferrer noopener\">https:\/\/www.hrw.org\/fr\/news\/2021\/12\/17\/malgre-la-pandemie-des-avancees-pour-les-droits-des-enfants<\/a>, consult\u00e9 le 4 mars 2022.<\/p>\n\n\n\n<p class=\"has-small-font-size wp-block-paragraph\">Desmon, S. (23f\u00e9vrier 2022). \u00ab\u00a0Children Under Five Dying from Economic \u2018Side Effects\u2019 of COVID-19 Pandemic.\u00a0\u00bbConsult\u00e9 surCenter for Communication Programs: <a href=\"https:\/\/ccp.jhu.edu\/2022\/02\/23\/child-mortality-lockdowns-pandemic-covid19\/\" target=\"_blank\" rel=\"noreferrer noopener\">https:\/\/ccp.jhu.edu\/2022\/02\/23\/child-mortality-lockdowns-pandemic-covid19\/<\/a>, consult\u00e9 le 4 mars 2022.<\/p>\n\n\n\n<p class=\"has-small-font-size wp-block-paragraph\">Humanium. (n.d.). \u00ab\u00a0Convention des droits de l&rsquo;enfant.\u00a0\u00bbConsult\u00e9 surHumanium:<a href=\"https:\/\/www.humanium.org\/fr\/convention\/\" target=\"_blank\" rel=\"noreferrer noopener\">https:\/\/www.humanium.org\/fr\/convention\/<\/a>, consult\u00e9 le 4 mars 2022.<\/p>\n\n\n\n<p class=\"has-small-font-size wp-block-paragraph\">Humanium. (1eravril 2020). \u00ab\u00a0Coronavirus \u2013 un guide pour enfants en 5 questions.\u00a0\u00bbConsult\u00e9sur Humanium: <a href=\"https:\/\/www.humanium.org\/fr\/coronavirus-un-guide-pour-enfants-en-5-questions\/\" target=\"_blank\" rel=\"noreferrer noopener\">https:\/\/www.humanium.org\/fr\/coronavirus-un-guide-pour-enfants-en-5-questions\/<\/a>, consult\u00e9 le 3 mars 2022.<\/p>\n\n\n\n<p class=\"has-small-font-size wp-block-paragraph\">Humanium. (n.d.). \u00ab\u00a0Mortalit\u00e9 infantile.\u00a0\u00bbConsult\u00e9 sur Humanium: <a href=\"https:\/\/www.humanium.org\/fr\/mortalite-infantile\/#:~:text=Pr%C3%A8s%20de%209%20millions%20d,infantile%20a%20pu%20%C3%AAtre%20enregistr%C3%A9e\" target=\"_blank\" rel=\"noreferrer noopener\">https:\/\/www.humanium.org\/fr\/mortalite-infantile\/#:~:text=Pr%C3%A8s%20de%209%20millions%20d,infantile%20a%20pu%20%C3%AAtre%20enregistr%C3%A9e<\/a>, consult\u00e9 le 4 mars 2022.<\/p>\n\n\n\n<p class=\"has-small-font-size wp-block-paragraph\">Humanium. (n.d.). \u00ab\u00a0Pacte international relatif aux droits \u00e9conomiques, sociaux et culturels.\u00a0\u00bbConsult\u00e9 sur Humanium: <a href=\"https:\/\/www.humanium.org\/fr\/normes\/pactes-internationaux-1966\/texte-integral-pacte-international-droits-economiques-sociaux-culturels\/\" target=\"_blank\" rel=\"noreferrer noopener\">https:\/\/www.humanium.org\/fr\/normes\/pactes-internationaux-1966\/texte-integral-pacte-international-droits-economiques-sociaux-culturels\/<\/a>, consult\u00e9 le 3 mars 2022.<\/p>\n\n\n\n<p class=\"has-small-font-size wp-block-paragraph\">Macrotrends. (n.d). \u00ab\u00a0World Infant Mortality Rate 1950-2022.\u00a0\u00bbConsult\u00e9 sur Macrotrends &#8211; Population &#8211; Infant Mortality Rate: <a href=\"https:\/\/www.macrotrends.net\/countries\/WLD\/world\/infant-mortality-rate\" target=\"_blank\" rel=\"noreferrer noopener\">https:\/\/www.macrotrends.net\/countries\/WLD\/world\/infant-mortality-rate<\/a>, consult\u00e9 le 3 mars 2022.<\/p>\n\n\n\n<p class=\"has-small-font-size wp-block-paragraph\">Millward, J. (23 f\u00e9vrier 2022). \u00ab\u00a0Estimated impact of the 2020 economic downturn on under-5 mortality for 129 countries.\u00a0\u00bbConsult\u00e9sur PLOS ONE: <a href=\"https:\/\/journals.plos.org\/plosone\/article?id=10.1371\/journal.pone.0263245\" target=\"_blank\" rel=\"noreferrer noopener\">https:\/\/journals.plos.org\/plosone\/article?id=10.1371\/journal.pone.0263245<\/a>, consult\u00e9 le 3 mars 2022.<\/p>\n\n\n\n<p class=\"has-small-font-size wp-block-paragraph\">Nations Unies. (n.d). \u00ab\u00a0Children and armed conflict.\u00a0\u00bbConsult\u00e9 surOffice of the UN Special Representative for Children and Armed Conflict: <a href=\"https:\/\/childrenandarmedconflict.un.org\/tools-for-action\/action-plans\/\" target=\"_blank\" rel=\"noreferrer noopener\">https:\/\/childrenandarmedconflict.un.org\/tools-for-action\/action-plans\/<\/a>, consult\u00e9 le 2 mars 2022.<\/p>\n\n\n\n<p class=\"has-small-font-size wp-block-paragraph\">ONU Info. (30d\u00e9cembre 2020).\u00a0\u00bbDes millions d\u2019enfants menac\u00e9s par la famine en 2021 dans plusieurs pays, dont la RDC, leY\u00e9men et le Soudan du Sud.\u00a0\u00bbConsult\u00e9 surNationsUnies, ONU Info: <a href=\"https:\/\/news.un.org\/fr\/story\/2020\/12\/1085632\" target=\"_blank\" rel=\"noreferrer noopener\">https:\/\/news.un.org\/fr\/story\/2020\/12\/1085632<\/a>, consult\u00e9 le 2 mars 2022.<\/p>\n\n\n\n<p class=\"has-small-font-size wp-block-paragraph\">ONU Info. (12 f\u00e9vrier 2021).\u00a0\u00bbL\u2019ONU et l\u2019UE jugent urgent de mettre fin \u00e0 l\u2019enr\u00f4lement des enfants dans les conflits.\u00a0\u00bbConsult\u00e9 sur Nations Unies, ONU Info:<a href=\"https:\/\/news.un.org\/fr\/story\/2021\/02\/1089322\" target=\"_blank\" rel=\"noreferrer noopener\">https:\/\/news.un.org\/fr\/story\/2021\/02\/1089322<\/a>, consult\u00e9 le 2 mars 2022.<\/p>\n\n\n\n<p class=\"has-small-font-size wp-block-paragraph\">UNHCR France. (1er d\u00e9cembre 2020). \u00ab\u00a0Augmentation du trafic d\u2019enfants au Mali en raison du conflit et de la pand\u00e9mie de Covid-19.\u00a0\u00bbConsult\u00e9 sur UNHCR France: <a href=\"https:\/\/www.unhcr.org\/fr\/news\/press\/2020\/12\/5fc63047a\/augmentation-trafic-denfants-mali-raison-conflit-pandemie-covid-19.html\" target=\"_blank\" rel=\"noreferrer noopener\">https:\/\/www.unhcr.org\/fr\/news\/press\/2020\/12\/5fc63047a\/augmentation-trafic-denfants-mali-raison-conflit-pandemie-covid-19.html<\/a>, consult\u00e9 le 3 mars 2022.<\/p>\n\n\n\n<p class=\"has-small-font-size wp-block-paragraph\">UNICEF. (9 septembre 2020). \u00ab\u00a0La Covid-19 Risque D\u2019an\u00e9antir Des D\u00e9cennies De Progr\u00e8s Pour \u00c9liminer Les D\u00e9c\u00e8s\u00c9vitables D\u2019enfants.\u00a0\u00bbConsult\u00e9 sur UNICEF: <a href=\"https:\/\/www.unicef.fr\/article\/la-covid-19-risque-d-aneantir-des-decennies-de-progres-pour-eliminer-les-deces-evitables-d\" target=\"_blank\" rel=\"noreferrer noopener\">https:\/\/www.unicef.fr\/article\/la-covid-19-risque-d-aneantir-des-decennies-de-progres-pour-eliminer-les-deces-evitables-d<\/a>, consult\u00e9 le 4 mars 2022.<\/p>\n\n\n\n<p class=\"has-small-font-size wp-block-paragraph\">UNICEF. (15 novembre 2021). \u00ab\u00a0La remise en libert\u00e9 durant la pand\u00e9mie de COVID-19 de 45 000 enfants d\u00e9tenus prouve qu\u2019une justice bienveillante envers les enfants est possible.\u00a0\u00bbConsult\u00e9 surUNICEF:<a href=\"https:\/\/www.unicef.org\/fr\/communiqu%C3%A9s-de-presse\/la-remise-en-libert%C3%A9-durant-la-pand%C3%A9mie-de-covid-19-de-45-000-enfants-d%C3%A9tenus\" target=\"_blank\" rel=\"noreferrer noopener\">https:\/\/www.unicef.org\/fr\/communiqu%C3%A9s-de-presse\/la-remise-en-libert%C3%A9-durant-la-pand%C3%A9mie-de-covid-19-de-45-000-enfants-d%C3%A9tenus<\/a>, consult\u00e9 le 3 mars 2022.<\/p>\n\n\n\n<p class=\"has-small-font-size wp-block-paragraph\">United Nations Inter-Agency Group for Child Mortality Estimation. (D\u00e9cember 2021). \u00ab\u00a0Levels and trends in child mortality.\u00a0\u00bbConsult\u00e9 surUNICEF Data: <a href=\"https:\/\/data.unicef.org\/resources\/levels-and-trends-in-child-mortality\/\" target=\"_blank\" rel=\"noreferrer noopener\">https:\/\/data.unicef.org\/resources\/levels-and-trends-in-child-mortality\/<\/a>, consult\u00e9 le 2 mars 2022.<\/p>\n\n\n\n<p class=\"has-small-font-size wp-block-paragraph\">World Health Organisation. (30 septembre 2021). \u00ab\u00a0Update 67 \u2013 COVID-19 in children and adolescents.\u00a0\u00bbConsult\u00e9 sur World Health Organisation: <a href=\"https:\/\/www.who.int\/publications\/m\/item\/update-67-covid-19-in-children-and-adolescents\" target=\"_blank\" rel=\"noreferrer noopener\">https:\/\/www.who.int\/publications\/m\/item\/update-67-covid-19-in-children-and-adolescents<\/a>, consult\u00e9 le 4 mars 2022.<\/p>\n","protected":false},"excerpt":{"rendered":"<p>Alors m\u00eame que le taux de mortalit\u00e9 infantile dans le monde &#8211; d\u00e9finie comme \u00ab\u00a0\u00a0le nombre annuel de d\u00e9c\u00e8s d\u2019enfants rapport\u00e9 au nombre de naissances dans un territoire donn\u00e9\u00a0\u00bb (Humanium, n.d) \u2013 tend diminuer lentement, la pand\u00e9mie de Covid-19 a sem\u00e9 le doute quant \u00e0 la p\u00e9rennit\u00e9 de cette \u00e9volution. La pand\u00e9mie a \u00e9galement des [&hellip;]<\/p>\n","protected":false},"author":69,"featured_media":51951,"comment_status":"closed","ping_status":"closed","sticky":false,"template":"","format":"standard","meta":{"footnotes":""},"categories":[231,10,214],"tags":[],"class_list":["post-51948","post","type-post","status-publish","format-standard","has-post-thumbnail","hentry","category-pauvrete","category-sante","category-violence"],"yoast_head":"<!-- This site is optimized with the Yoast SEO plugin v28.3 - https:\/\/yoast.com\/product\/yoast-seo-wordpress\/ -->\n<title>L\u2019impact de la pand\u00e9mie de Covid-19 sur la mortalit\u00e9 infantile et ses dommages collat\u00e9raux - Humanium<\/title>\n<meta name=\"description\" content=\"Alors m\u00eame que le taux de mortalit\u00e9 infantile dans le monde tend diminuer, la pand\u00e9mie de Covid-19 a sem\u00e9 le doute quant \u00e0 la p\u00e9rennit\u00e9 de cette \u00e9volution.\" \/>\n<meta name=\"robots\" content=\"index, follow, max-snippet:-1, max-image-preview:large, max-video-preview:-1\" \/>\n<link rel=\"canonical\" href=\"https:\/\/www.humanium.org\/fr\/limpact-de-la-pandemie-de-covid-19-sur-la-mortalite-infantile-et-ses-dommages-collateraux\/\" \/>\n<meta property=\"og:locale\" content=\"fr_FR\" \/>\n<meta property=\"og:type\" content=\"article\" \/>\n<meta property=\"og:title\" content=\"L\u2019impact de la pand\u00e9mie de Covid-19 sur la mortalit\u00e9 infantile et ses dommages collat\u00e9raux - Humanium\" \/>\n<meta property=\"og:description\" content=\"Alors m\u00eame que le taux de mortalit\u00e9 infantile dans le monde tend diminuer, la pand\u00e9mie de Covid-19 a sem\u00e9 le doute quant \u00e0 la p\u00e9rennit\u00e9 de cette \u00e9volution.\" \/>\n<meta property=\"og:url\" content=\"https:\/\/www.humanium.org\/fr\/limpact-de-la-pandemie-de-covid-19-sur-la-mortalite-infantile-et-ses-dommages-collateraux\/\" \/>\n<meta property=\"og:site_name\" content=\"Humanium\" \/>\n<meta property=\"article:published_time\" content=\"2022-04-05T17:21:07+00:00\" \/>\n<meta property=\"article:modified_time\" content=\"2026-08-21T03:22:51+00:00\" \/>\n<meta property=\"og:image\" content=\"https:\/\/www.humanium.org\/fr\/wp-content\/uploads\/2022\/04\/shutterstock_1644993391-scaled.jpg\" \/>\n\t<meta property=\"og:image:width\" content=\"2560\" \/>\n\t<meta property=\"og:image:height\" content=\"1918\" \/>\n\t<meta property=\"og:image:type\" content=\"image\/jpeg\" \/>\n<meta name=\"author\" content=\"Humanium\" \/>\n<meta name=\"twitter:card\" content=\"summary_large_image\" \/>\n<meta name=\"twitter:label1\" content=\"\u00c9crit par\" \/>\n\t<meta name=\"twitter:data1\" content=\"Humanium\" \/>\n\t<meta name=\"twitter:label2\" content=\"Dur\u00e9e de lecture estim\u00e9e\" \/>\n\t<meta name=\"twitter:data2\" content=\"9 minutes\" \/>\n<script type=\"application\/ld+json\" class=\"yoast-schema-graph\">{\"@context\":\"https:\\\/\\\/schema.org\",\"@graph\":[{\"@type\":\"Article\",\"@id\":\"https:\\\/\\\/www.humanium.org\\\/fr\\\/limpact-de-la-pandemie-de-covid-19-sur-la-mortalite-infantile-et-ses-dommages-collateraux\\\/#article\",\"isPartOf\":{\"@id\":\"https:\\\/\\\/www.humanium.org\\\/fr\\\/limpact-de-la-pandemie-de-covid-19-sur-la-mortalite-infantile-et-ses-dommages-collateraux\\\/\"},\"author\":{\"name\":\"Humanium\",\"@id\":\"https:\\\/\\\/www.humanium.org\\\/fr\\\/#\\\/schema\\\/person\\\/d798d6c7d59ba2307e0877f61a20ce3e\"},\"headline\":\"L\u2019impact de la pand\u00e9mie de Covid-19 sur la mortalit\u00e9 infantile et ses dommages collat\u00e9raux\",\"datePublished\":\"2022-04-05T17:21:07+00:00\",\"dateModified\":\"2026-08-21T03:22:51+00:00\",\"mainEntityOfPage\":{\"@id\":\"https:\\\/\\\/www.humanium.org\\\/fr\\\/limpact-de-la-pandemie-de-covid-19-sur-la-mortalite-infantile-et-ses-dommages-collateraux\\\/\"},\"wordCount\":1992,\"image\":{\"@id\":\"https:\\\/\\\/www.humanium.org\\\/fr\\\/limpact-de-la-pandemie-de-covid-19-sur-la-mortalite-infantile-et-ses-dommages-collateraux\\\/#primaryimage\"},\"thumbnailUrl\":\"https:\\\/\\\/www.humanium.org\\\/fr\\\/wp-content\\\/uploads\\\/2022\\\/04\\\/shutterstock_1644993391-scaled.jpg\",\"articleSection\":[\"Pauvret\u00e9\",\"Sant\u00e9\",\"violence\"],\"inLanguage\":\"fr-FR\"},{\"@type\":\"WebPage\",\"@id\":\"https:\\\/\\\/www.humanium.org\\\/fr\\\/limpact-de-la-pandemie-de-covid-19-sur-la-mortalite-infantile-et-ses-dommages-collateraux\\\/\",\"url\":\"https:\\\/\\\/www.humanium.org\\\/fr\\\/limpact-de-la-pandemie-de-covid-19-sur-la-mortalite-infantile-et-ses-dommages-collateraux\\\/\",\"name\":\"L\u2019impact de la pand\u00e9mie de Covid-19 sur la mortalit\u00e9 infantile et ses dommages collat\u00e9raux - Humanium\",\"isPartOf\":{\"@id\":\"https:\\\/\\\/www.humanium.org\\\/fr\\\/#website\"},\"primaryImageOfPage\":{\"@id\":\"https:\\\/\\\/www.humanium.org\\\/fr\\\/limpact-de-la-pandemie-de-covid-19-sur-la-mortalite-infantile-et-ses-dommages-collateraux\\\/#primaryimage\"},\"image\":{\"@id\":\"https:\\\/\\\/www.humanium.org\\\/fr\\\/limpact-de-la-pandemie-de-covid-19-sur-la-mortalite-infantile-et-ses-dommages-collateraux\\\/#primaryimage\"},\"thumbnailUrl\":\"https:\\\/\\\/www.humanium.org\\\/fr\\\/wp-content\\\/uploads\\\/2022\\\/04\\\/shutterstock_1644993391-scaled.jpg\",\"datePublished\":\"2022-04-05T17:21:07+00:00\",\"dateModified\":\"2026-08-21T03:22:51+00:00\",\"author\":{\"@id\":\"https:\\\/\\\/www.humanium.org\\\/fr\\\/#\\\/schema\\\/person\\\/d798d6c7d59ba2307e0877f61a20ce3e\"},\"description\":\"Alors m\u00eame que le taux de mortalit\u00e9 infantile dans le monde tend diminuer, la pand\u00e9mie de Covid-19 a sem\u00e9 le doute quant \u00e0 la p\u00e9rennit\u00e9 de cette \u00e9volution.\",\"breadcrumb\":{\"@id\":\"https:\\\/\\\/www.humanium.org\\\/fr\\\/limpact-de-la-pandemie-de-covid-19-sur-la-mortalite-infantile-et-ses-dommages-collateraux\\\/#breadcrumb\"},\"inLanguage\":\"fr-FR\",\"potentialAction\":[{\"@type\":\"ReadAction\",\"target\":[\"https:\\\/\\\/www.humanium.org\\\/fr\\\/limpact-de-la-pandemie-de-covid-19-sur-la-mortalite-infantile-et-ses-dommages-collateraux\\\/\"]}]},{\"@type\":\"ImageObject\",\"inLanguage\":\"fr-FR\",\"@id\":\"https:\\\/\\\/www.humanium.org\\\/fr\\\/limpact-de-la-pandemie-de-covid-19-sur-la-mortalite-infantile-et-ses-dommages-collateraux\\\/#primaryimage\",\"url\":\"https:\\\/\\\/www.humanium.org\\\/fr\\\/wp-content\\\/uploads\\\/2022\\\/04\\\/shutterstock_1644993391-scaled.jpg\",\"contentUrl\":\"https:\\\/\\\/www.humanium.org\\\/fr\\\/wp-content\\\/uploads\\\/2022\\\/04\\\/shutterstock_1644993391-scaled.jpg\",\"width\":2560,\"height\":1918},{\"@type\":\"BreadcrumbList\",\"@id\":\"https:\\\/\\\/www.humanium.org\\\/fr\\\/limpact-de-la-pandemie-de-covid-19-sur-la-mortalite-infantile-et-ses-dommages-collateraux\\\/#breadcrumb\",\"itemListElement\":[{\"@type\":\"ListItem\",\"position\":1,\"name\":\"Home\",\"item\":\"https:\\\/\\\/www.humanium.org\\\/fr\\\/\"},{\"@type\":\"ListItem\",\"position\":2,\"name\":\"L\u2019impact de la pand\u00e9mie de Covid-19 sur la mortalit\u00e9 infantile et ses dommages collat\u00e9raux\"}]},{\"@type\":\"WebSite\",\"@id\":\"https:\\\/\\\/www.humanium.org\\\/fr\\\/#website\",\"url\":\"https:\\\/\\\/www.humanium.org\\\/fr\\\/\",\"name\":\"Humanium\",\"description\":\"Les enfants d\u2019abord !\",\"potentialAction\":[{\"@type\":\"SearchAction\",\"target\":{\"@type\":\"EntryPoint\",\"urlTemplate\":\"https:\\\/\\\/www.humanium.org\\\/fr\\\/?s={search_term_string}\"},\"query-input\":{\"@type\":\"PropertyValueSpecification\",\"valueRequired\":true,\"valueName\":\"search_term_string\"}}],\"inLanguage\":\"fr-FR\"},{\"@type\":\"Person\",\"@id\":\"https:\\\/\\\/www.humanium.org\\\/fr\\\/#\\\/schema\\\/person\\\/d798d6c7d59ba2307e0877f61a20ce3e\",\"name\":\"Humanium\",\"image\":{\"@type\":\"ImageObject\",\"inLanguage\":\"fr-FR\",\"@id\":\"https:\\\/\\\/secure.gravatar.com\\\/avatar\\\/22715e338d2fcc547e3a431c4738360d33fea2a4af458f865b2c3b22f1eaa51f?s=96&d=mm&r=g\",\"url\":\"https:\\\/\\\/secure.gravatar.com\\\/avatar\\\/22715e338d2fcc547e3a431c4738360d33fea2a4af458f865b2c3b22f1eaa51f?s=96&d=mm&r=g\",\"contentUrl\":\"https:\\\/\\\/secure.gravatar.com\\\/avatar\\\/22715e338d2fcc547e3a431c4738360d33fea2a4af458f865b2c3b22f1eaa51f?s=96&d=mm&r=g\",\"caption\":\"Humanium\"},\"url\":\"https:\\\/\\\/www.humanium.org\\\/fr\\\/author\\\/humanium\\\/\"}]}<\/script>\n<!-- \/ Yoast SEO plugin. -->","yoast_head_json":{"title":"L\u2019impact de la pand\u00e9mie de Covid-19 sur la mortalit\u00e9 infantile et ses dommages collat\u00e9raux - Humanium","description":"Alors m\u00eame que le taux de mortalit\u00e9 infantile dans le monde tend diminuer, la pand\u00e9mie de Covid-19 a sem\u00e9 le doute quant \u00e0 la p\u00e9rennit\u00e9 de cette \u00e9volution.","robots":{"index":"index","follow":"follow","max-snippet":"max-snippet:-1","max-image-preview":"max-image-preview:large","max-video-preview":"max-video-preview:-1"},"canonical":"https:\/\/www.humanium.org\/fr\/limpact-de-la-pandemie-de-covid-19-sur-la-mortalite-infantile-et-ses-dommages-collateraux\/","og_locale":"fr_FR","og_type":"article","og_title":"L\u2019impact de la pand\u00e9mie de Covid-19 sur la mortalit\u00e9 infantile et ses dommages collat\u00e9raux - Humanium","og_description":"Alors m\u00eame que le taux de mortalit\u00e9 infantile dans le monde tend diminuer, la pand\u00e9mie de Covid-19 a sem\u00e9 le doute quant \u00e0 la p\u00e9rennit\u00e9 de cette \u00e9volution.","og_url":"https:\/\/www.humanium.org\/fr\/limpact-de-la-pandemie-de-covid-19-sur-la-mortalite-infantile-et-ses-dommages-collateraux\/","og_site_name":"Humanium","article_published_time":"2022-04-05T17:21:07+00:00","article_modified_time":"2026-08-21T03:22:51+00:00","og_image":[{"width":2560,"height":1918,"url":"https:\/\/www.humanium.org\/fr\/wp-content\/uploads\/2022\/04\/shutterstock_1644993391-scaled.jpg","type":"image\/jpeg"}],"author":"Humanium","twitter_card":"summary_large_image","twitter_misc":{"\u00c9crit par":"Humanium","Dur\u00e9e de lecture estim\u00e9e":"9 minutes"},"schema":{"@context":"https:\/\/schema.org","@graph":[{"@type":"Article","@id":"https:\/\/www.humanium.org\/fr\/limpact-de-la-pandemie-de-covid-19-sur-la-mortalite-infantile-et-ses-dommages-collateraux\/#article","isPartOf":{"@id":"https:\/\/www.humanium.org\/fr\/limpact-de-la-pandemie-de-covid-19-sur-la-mortalite-infantile-et-ses-dommages-collateraux\/"},"author":{"name":"Humanium","@id":"https:\/\/www.humanium.org\/fr\/#\/schema\/person\/d798d6c7d59ba2307e0877f61a20ce3e"},"headline":"L\u2019impact de la pand\u00e9mie de Covid-19 sur la mortalit\u00e9 infantile et ses dommages collat\u00e9raux","datePublished":"2022-04-05T17:21:07+00:00","dateModified":"2026-08-21T03:22:51+00:00","mainEntityOfPage":{"@id":"https:\/\/www.humanium.org\/fr\/limpact-de-la-pandemie-de-covid-19-sur-la-mortalite-infantile-et-ses-dommages-collateraux\/"},"wordCount":1992,"image":{"@id":"https:\/\/www.humanium.org\/fr\/limpact-de-la-pandemie-de-covid-19-sur-la-mortalite-infantile-et-ses-dommages-collateraux\/#primaryimage"},"thumbnailUrl":"https:\/\/www.humanium.org\/fr\/wp-content\/uploads\/2022\/04\/shutterstock_1644993391-scaled.jpg","articleSection":["Pauvret\u00e9","Sant\u00e9","violence"],"inLanguage":"fr-FR"},{"@type":"WebPage","@id":"https:\/\/www.humanium.org\/fr\/limpact-de-la-pandemie-de-covid-19-sur-la-mortalite-infantile-et-ses-dommages-collateraux\/","url":"https:\/\/www.humanium.org\/fr\/limpact-de-la-pandemie-de-covid-19-sur-la-mortalite-infantile-et-ses-dommages-collateraux\/","name":"L\u2019impact de la pand\u00e9mie de Covid-19 sur la mortalit\u00e9 infantile et ses dommages collat\u00e9raux - Humanium","isPartOf":{"@id":"https:\/\/www.humanium.org\/fr\/#website"},"primaryImageOfPage":{"@id":"https:\/\/www.humanium.org\/fr\/limpact-de-la-pandemie-de-covid-19-sur-la-mortalite-infantile-et-ses-dommages-collateraux\/#primaryimage"},"image":{"@id":"https:\/\/www.humanium.org\/fr\/limpact-de-la-pandemie-de-covid-19-sur-la-mortalite-infantile-et-ses-dommages-collateraux\/#primaryimage"},"thumbnailUrl":"https:\/\/www.humanium.org\/fr\/wp-content\/uploads\/2022\/04\/shutterstock_1644993391-scaled.jpg","datePublished":"2022-04-05T17:21:07+00:00","dateModified":"2026-08-21T03:22:51+00:00","author":{"@id":"https:\/\/www.humanium.org\/fr\/#\/schema\/person\/d798d6c7d59ba2307e0877f61a20ce3e"},"description":"Alors m\u00eame que le taux de mortalit\u00e9 infantile dans le monde tend diminuer, la pand\u00e9mie de Covid-19 a sem\u00e9 le doute quant \u00e0 la p\u00e9rennit\u00e9 de cette \u00e9volution.","breadcrumb":{"@id":"https:\/\/www.humanium.org\/fr\/limpact-de-la-pandemie-de-covid-19-sur-la-mortalite-infantile-et-ses-dommages-collateraux\/#breadcrumb"},"inLanguage":"fr-FR","potentialAction":[{"@type":"ReadAction","target":["https:\/\/www.humanium.org\/fr\/limpact-de-la-pandemie-de-covid-19-sur-la-mortalite-infantile-et-ses-dommages-collateraux\/"]}]},{"@type":"ImageObject","inLanguage":"fr-FR","@id":"https:\/\/www.humanium.org\/fr\/limpact-de-la-pandemie-de-covid-19-sur-la-mortalite-infantile-et-ses-dommages-collateraux\/#primaryimage","url":"https:\/\/www.humanium.org\/fr\/wp-content\/uploads\/2022\/04\/shutterstock_1644993391-scaled.jpg","contentUrl":"https:\/\/www.humanium.org\/fr\/wp-content\/uploads\/2022\/04\/shutterstock_1644993391-scaled.jpg","width":2560,"height":1918},{"@type":"BreadcrumbList","@id":"https:\/\/www.humanium.org\/fr\/limpact-de-la-pandemie-de-covid-19-sur-la-mortalite-infantile-et-ses-dommages-collateraux\/#breadcrumb","itemListElement":[{"@type":"ListItem","position":1,"name":"Home","item":"https:\/\/www.humanium.org\/fr\/"},{"@type":"ListItem","position":2,"name":"L\u2019impact de la pand\u00e9mie de Covid-19 sur la mortalit\u00e9 infantile et ses dommages collat\u00e9raux"}]},{"@type":"WebSite","@id":"https:\/\/www.humanium.org\/fr\/#website","url":"https:\/\/www.humanium.org\/fr\/","name":"Humanium","description":"Les enfants d\u2019abord !","potentialAction":[{"@type":"SearchAction","target":{"@type":"EntryPoint","urlTemplate":"https:\/\/www.humanium.org\/fr\/?s={search_term_string}"},"query-input":{"@type":"PropertyValueSpecification","valueRequired":true,"valueName":"search_term_string"}}],"inLanguage":"fr-FR"},{"@type":"Person","@id":"https:\/\/www.humanium.org\/fr\/#\/schema\/person\/d798d6c7d59ba2307e0877f61a20ce3e","name":"Humanium","image":{"@type":"ImageObject","inLanguage":"fr-FR","@id":"https:\/\/secure.gravatar.com\/avatar\/22715e338d2fcc547e3a431c4738360d33fea2a4af458f865b2c3b22f1eaa51f?s=96&d=mm&r=g","url":"https:\/\/secure.gravatar.com\/avatar\/22715e338d2fcc547e3a431c4738360d33fea2a4af458f865b2c3b22f1eaa51f?s=96&d=mm&r=g","contentUrl":"https:\/\/secure.gravatar.com\/avatar\/22715e338d2fcc547e3a431c4738360d33fea2a4af458f865b2c3b22f1eaa51f?s=96&d=mm&r=g","caption":"Humanium"},"url":"https:\/\/www.humanium.org\/fr\/author\/humanium\/"}]}},"_links":{"self":[{"href":"https:\/\/www.humanium.org\/fr\/wp-json\/wp\/v2\/posts\/51948","targetHints":{"allow":["GET"]}}],"collection":[{"href":"https:\/\/www.humanium.org\/fr\/wp-json\/wp\/v2\/posts"}],"about":[{"href":"https:\/\/www.humanium.org\/fr\/wp-json\/wp\/v2\/types\/post"}],"author":[{"embeddable":true,"href":"https:\/\/www.humanium.org\/fr\/wp-json\/wp\/v2\/users\/69"}],"replies":[{"embeddable":true,"href":"https:\/\/www.humanium.org\/fr\/wp-json\/wp\/v2\/comments?post=51948"}],"version-history":[{"count":7,"href":"https:\/\/www.humanium.org\/fr\/wp-json\/wp\/v2\/posts\/51948\/revisions"}],"predecessor-version":[{"id":62759,"href":"https:\/\/www.humanium.org\/fr\/wp-json\/wp\/v2\/posts\/51948\/revisions\/62759"}],"wp:featuredmedia":[{"embeddable":true,"href":"https:\/\/www.humanium.org\/fr\/wp-json\/wp\/v2\/media\/51951"}],"wp:attachment":[{"href":"https:\/\/www.humanium.org\/fr\/wp-json\/wp\/v2\/media?parent=51948"}],"wp:term":[{"taxonomy":"category","embeddable":true,"href":"https:\/\/www.humanium.org\/fr\/wp-json\/wp\/v2\/categories?post=51948"},{"taxonomy":"post_tag","embeddable":true,"href":"https:\/\/www.humanium.org\/fr\/wp-json\/wp\/v2\/tags?post=51948"}],"curies":[{"name":"wp","href":"https:\/\/api.w.org\/{rel}","templated":true}]}}