{"id":52958,"date":"2022-08-23T11:39:22","date_gmt":"2022-08-23T11:39:22","guid":{"rendered":"https:\/\/www.humanium.org\/fr\/?p=52958"},"modified":"2026-08-21T03:22:53","modified_gmt":"2026-08-21T03:22:53","slug":"en-fumee-lepidemie-de-vapotage-aux-etats-unis-damerique-menace-lavenir-des-adolescents","status":"publish","type":"post","link":"https:\/\/www.humanium.org\/fr\/en-fumee-lepidemie-de-vapotage-aux-etats-unis-damerique-menace-lavenir-des-adolescents\/","title":{"rendered":"En fum\u00e9e: l&rsquo;\u00e9pid\u00e9mie de vapotage aux \u00c9tats-Unis d&rsquo;Am\u00e9rique menace l&rsquo;avenir des adolescents"},"content":{"rendered":"\n<p class=\"wp-block-paragraph\"><strong>Apr\u00e8s une croissance rapide, les e-cigarettes sont devenues le produit du tabac le plus utilis\u00e9 parmi les populations de jeunes aux <\/strong><a href=\"https:\/\/www.humanium.org\/fr\/etats-unis\/\"><strong>\u00c9tats-Unis d&rsquo;Am\u00e9rique<\/strong><\/a><strong> (USA) (Cullen, 2019). Leur emballage moderne &#8211; souvent en forme de cl\u00e9 USB &#8211; et la multiplicit\u00e9 des ar\u00f4mes artificiels attirent les <\/strong><a href=\"https:\/\/www.humanium.org\/fr\/les-droits-de-l-enfant\/\"><strong>jeunes<\/strong><\/a><strong> (Cullen, 2019). Au-del\u00e0 du clinquant et du glamour, les e-cigarettes ont \u00e9t\u00e9 propuls\u00e9es au premier plan des discussions m\u00e9dicales par la croyance commun\u00e9ment admise qu&rsquo;elles sont moins nocives que les autres formes de tabagisme. Tant que cette question n\u2019aura pas re\u00e7ude r\u00e9ponse d\u00e9finitive, ou qu&rsquo;une r\u00e9glementation compl\u00e8te n\u2019aura pas \u00e9t\u00e9 introduite, les <\/strong><a href=\"https:\/\/www.humanium.org\/fr\/enfants-dependances\/\"><strong>e-cigarettes<\/strong><\/a><strong> continueront \u00e0 commercialiser leurs produits aupr\u00e8s des adolescents afin de tirer partide la demande du march\u00e9.<\/strong><\/p>\n\n\n\n<h2 class=\"wp-block-heading\"><strong>Que sont les<\/strong><strong> e-cigarettes?<\/strong><\/h2>\n\n\n\n<p class=\"wp-block-paragraph\">Le tabagisme r\u00e9cr\u00e9atif a fait preuve d&rsquo;une grande r\u00e9sistance \u00e0 la r\u00e9glementation et \u00e0 l&rsquo;\u00e9volution de la soci\u00e9t\u00e9. Apparue vers 5000 avant J.-C. sous la forme de feuilles de tabac enroul\u00e9es, cette pratique est devenue la norme dans de nombreuses soci\u00e9t\u00e9s et communaut\u00e9s, quel que soit le statut social ou le contexte culturel de chacun. Le d\u00e9veloppement le plus moderne dans ce domaine est l&rsquo;introduction de la cigarette \u00e9lectronique ou e-cigarette, \u00e9galement connue sous le nom de \u00ab\u00a0vape\u00a0\u00bb.<\/p>\n\n\n\n<figure class=\"wp-block-image size-large\"><img loading=\"lazy\" decoding=\"async\" width=\"1024\" height=\"683\" src=\"https:\/\/www.humanium.org\/fr\/wp-content\/uploads\/2022\/08\/shutterstock_1252774594-1024x683.jpg\" alt=\"\" class=\"wp-image-52961\" srcset=\"https:\/\/www.humanium.org\/fr\/wp-content\/uploads\/2022\/08\/shutterstock_1252774594-1024x683.jpg 1024w, https:\/\/www.humanium.org\/fr\/wp-content\/uploads\/2022\/08\/shutterstock_1252774594-300x200.jpg 300w, https:\/\/www.humanium.org\/fr\/wp-content\/uploads\/2022\/08\/shutterstock_1252774594-768x512.jpg 768w, https:\/\/www.humanium.org\/fr\/wp-content\/uploads\/2022\/08\/shutterstock_1252774594-1536x1024.jpg 1536w, https:\/\/www.humanium.org\/fr\/wp-content\/uploads\/2022\/08\/shutterstock_1252774594-2048x1365.jpg 2048w, https:\/\/www.humanium.org\/fr\/wp-content\/uploads\/2022\/08\/shutterstock_1252774594-830x553.jpg 830w, https:\/\/www.humanium.org\/fr\/wp-content\/uploads\/2022\/08\/shutterstock_1252774594-230x153.jpg 230w, https:\/\/www.humanium.org\/fr\/wp-content\/uploads\/2022\/08\/shutterstock_1252774594-350x233.jpg 350w, https:\/\/www.humanium.org\/fr\/wp-content\/uploads\/2022\/08\/shutterstock_1252774594-480x320.jpg 480w, https:\/\/www.humanium.org\/fr\/wp-content\/uploads\/2022\/08\/shutterstock_1252774594-272x182.jpg 272w\" sizes=\"auto, (max-width: 1024px) 100vw, 1024px\" \/><\/figure>\n\n\n\n<p class=\"wp-block-paragraph\">Les <a href=\"https:\/\/www.humanium.org\/fr\/enfants-dependances\/\">e-cigarettes<\/a>, ou syst\u00e8mes \u00e9lectroniques de d\u00e9livrance de nicotine (ENDS), sont des appareils aliment\u00e9s par des piles et con\u00e7us pour vaporiser des solutions liquides comprenant du sucre, des ar\u00f4mes et g\u00e9n\u00e9ralement de la nicotine, afin de cr\u00e9er un a\u00e9rosol de vapeur qui peut \u00eatre inhal\u00e9 par son utilisateur (Kong, 2017). Les appareils sont souvent \u00e9quip\u00e9s de cartouches rempla\u00e7ables et ont \u00e9t\u00e9 introduits sur les march\u00e9s <a href=\"https:\/\/www.humanium.org\/fr\/etats-unis\/\">am\u00e9ricains<\/a> en 2007 (Kong, 2017). <\/p>\n\n\n\n<p class=\"wp-block-paragraph\">\u00c0 l&rsquo;\u00e9poque, les e-cigarettes \u00e9taient annonc\u00e9es comme une aide pour les fumeurs \u00e0 arr\u00eater de fumer, malgr\u00e9 l&rsquo;absence de preuves pour valider cette affirmation (Jones, 2020). L&rsquo;introduction de cet appareil \u00e0 fumer portatif populaire a vu l&rsquo;industrie atteindre pr\u00e8s d&rsquo;un milliard de dollars en 2014, ce qui t\u00e9moigne \u00e0 la fois d&rsquo;une augmentation de la popularit\u00e9 et d&rsquo;une absence de r\u00e9glementation (Kong, 2017).<\/p>\n\n\n\n<p class=\"wp-block-paragraph\">Sous le terme g\u00e9n\u00e9rique de l&rsquo;e-cigarette se trouvent diff\u00e9rentesd\u00e9clinaisons du m\u00eame produit. Le National Institute on Drug Abuse (NIDA) et le Center for Disease Control Prevention des <a href=\"https:\/\/www.humanium.org\/fr\/etats-unis\/\">\u00c9tats-Unis<\/a> reconnaissent plusieurs d\u00e9riv\u00e9s dans cette d\u00e9finition (Kurti, 2019). Si des facteurs triviaux tels que la taille, le poids, le design et la capacit\u00e9 des e-cigarettes peuvent varier, la diff\u00e9renciation la plus significative est la pr\u00e9sence de nicotine ou de THC, l&rsquo;ingr\u00e9dient psychoactif de la marijuana.<\/p>\n\n\n\n<h2 class=\"wp-block-heading\"><strong>Une \u00e9pid\u00e9mie de vapotage chez les adolescents<\/strong><\/h2>\n\n\n\n<p class=\"wp-block-paragraph\">Depuis 2010, les<a href=\"https:\/\/www.humanium.org\/fr\/etats-unis\/\">\u00c9tats-Unis<\/a> ont connu une augmentation spectaculaire de l&rsquo;utilisation de l&rsquo;e-cigarette parmi les populations jeunes. Entre 2011 et 2015, l&rsquo;utilisation de l&rsquo;e-cigarette chez les lyc\u00e9ens est pass\u00e9e de 1,5 % \u00e0 16% (Cullen, 2019). Entre 2017 et 2018, l&rsquo;utilisation par les adolescents a augment\u00e9 d&rsquo;un pourcentage stup\u00e9fiant de 10 %, ce qui repr\u00e9sente environ 1,3 million de nouveaux \u00ab\u00a0vapoteurs\u00a0\u00bb (Jones, 2020). <\/p>\n\n\n\n<p class=\"wp-block-paragraph\">Le Surgeon General des \u00c9tats-Unis et le commissaire de la Food and Drug Administration (FDA) ont qualifi\u00e9 l&rsquo;utilisation des e-cigarettes par les jeunes d&rsquo;\u00e9pid\u00e9mie en 2018, affirmant qu&rsquo;elle avait augment\u00e9 \u00ab\u00a0\u00e0 un rythme de proportions \u00e9pid\u00e9miques\u00a0\u00bb (Patel, 2019). En 2018, plus de cinq millions d&rsquo;adolescents<a href=\"https:\/\/www.humanium.org\/fr\/etats-unis\/\">am\u00e9ricains<\/a> utilisent actuellement des e-cigarettes (Patel, 2019).<\/p>\n\n\n\n<p class=\"wp-block-paragraph\">L&rsquo;ascension fulgurante du vapotage signifie que le tabagisme par e-cigarette d\u00e9passe d\u00e9sormais la consommation de cigarettes chez les jeunes (Kong, 2017). La question de savoir si cette pratique est \u00ab\u00a0plus saine\u00a0\u00bb que d&rsquo;autres formes de tabagisme reste controvers\u00e9e, mais sa pr\u00e9valence et la pr\u00e9sence de facto de <a href=\"https:\/\/www.humanium.org\/fr\/enfants-dependances\/\">nicotine<\/a> dans la plupart des <a href=\"https:\/\/www.humanium.org\/fr\/enfants-dependances\/\">e-cigarettes<\/a> ont d\u00e9clench\u00e9 des signaux d&rsquo;alarme dans tout le pays. Face aux strat\u00e9gies marketing incessantes qui capitalisent sur la perception des e-cigarettes comme \u00e9tant moins nocives, le gouvernement et les organismes de r\u00e9glementation locaux ont commenc\u00e9 \u00e0 faire des efforts visibles pour contrer la tendance (Kong, 2017).<\/p>\n\n\n\n<p class=\"wp-block-paragraph\">Dans les \u00e9coles et les \u00e9tablissements d&rsquo;enseignement, le vapotage perturbe le fonctionnement normal des classes, ce qui a conduit les enseignants \u00e0 d\u00e9crire cette habitude comme une \u00ab\u00a0seconde nature\u00a0\u00bb pour les lyc\u00e9ens du pays (Truth Initiative, 2020). Cette perturbation a donn\u00e9 naissance \u00e0 des dur\u00e9es d&rsquo;attention plus courtes et a forc\u00e9 les enseignants \u00e0 adopter un r\u00f4le quasi r\u00e9pressif dans le maintien de l&rsquo;ordre sur les campus scolaires &#8211; o\u00f9 plus d&rsquo;un quart des adolescents d\u00e9clarent avoir fum\u00e9 au moins une fois (Truth Initiative, 2020). <\/p>\n\n\n\n<p class=\"wp-block-paragraph\">Dans les \u00e9coles du pays, la marque d&rsquo;<a href=\"https:\/\/www.humanium.org\/fr\/enfants-dependances\/\">e-cigarettes<\/a> la plus populaire est JUUL, \u00e0 tel point que JUULing est entr\u00e9 dans le langage des adolescents (Jones, 2020). L&rsquo;entreprise contr\u00f4le 75 % du march\u00e9 et approche les 4 milliards de dollars de valeur nette (Patel, 2019).<\/p>\n\n\n\n<p class=\"wp-block-paragraph\">\u00ab\u00a0Au cours des derni\u00e8res ann\u00e9es, la situation est devenue incontr\u00f4lable. Alors qu&rsquo;avant, on ne voyait que des petits groupes d&rsquo;\u00e9tudiants vapoter, maintenant c&rsquo;est devenu si populaire et accessible que c&rsquo;est \u00e0 peu pr\u00e8s aussi commun que de tenir une tasse de caf\u00e9. \u00c7a se r\u00e9pand.\u00a0\u00bb (Truth Initiative, 2020).<\/p>\n\n\n\n<div class=\"wp-block-image\"><figure class=\"alignleft size-large is-resized\"><img loading=\"lazy\" decoding=\"async\" src=\"https:\/\/www.humanium.org\/fr\/wp-content\/uploads\/2022\/08\/shutterstock_441252415-1024x683.jpg\" alt=\"\" class=\"wp-image-52962\" width=\"485\" height=\"323\" srcset=\"https:\/\/www.humanium.org\/fr\/wp-content\/uploads\/2022\/08\/shutterstock_441252415-1024x683.jpg 1024w, https:\/\/www.humanium.org\/fr\/wp-content\/uploads\/2022\/08\/shutterstock_441252415-300x200.jpg 300w, https:\/\/www.humanium.org\/fr\/wp-content\/uploads\/2022\/08\/shutterstock_441252415-768x512.jpg 768w, https:\/\/www.humanium.org\/fr\/wp-content\/uploads\/2022\/08\/shutterstock_441252415-1536x1024.jpg 1536w, https:\/\/www.humanium.org\/fr\/wp-content\/uploads\/2022\/08\/shutterstock_441252415-2048x1366.jpg 2048w, https:\/\/www.humanium.org\/fr\/wp-content\/uploads\/2022\/08\/shutterstock_441252415-830x554.jpg 830w, https:\/\/www.humanium.org\/fr\/wp-content\/uploads\/2022\/08\/shutterstock_441252415-230x153.jpg 230w, https:\/\/www.humanium.org\/fr\/wp-content\/uploads\/2022\/08\/shutterstock_441252415-350x233.jpg 350w, https:\/\/www.humanium.org\/fr\/wp-content\/uploads\/2022\/08\/shutterstock_441252415-480x320.jpg 480w, https:\/\/www.humanium.org\/fr\/wp-content\/uploads\/2022\/08\/shutterstock_441252415-272x182.jpg 272w\" sizes=\"auto, (max-width: 485px) 100vw, 485px\" \/><\/figure><\/div>\n\n\n\n<p class=\"wp-block-paragraph\">La pr\u00e9sence massive des <a href=\"https:\/\/www.humanium.org\/fr\/enfants-dependances\/\">e-cigarettes<\/a> a incit\u00e9 l&rsquo;ancien pr\u00e9sident Donald Trump \u00e0 imposer des interdictions en 2019, interdisant les e-cigarettes aromatis\u00e9es et tentant de faire passer l&rsquo;\u00e2ge minimum d&rsquo;achat de 18 \u00e0 21 ans (Patel, 2019). Ces efforts ont toutefois \u00e9t\u00e9 sap\u00e9s par les protestations vocales des politiciens et des citoyens, ce qui a forc\u00e9 l&rsquo;ancien pr\u00e9sident \u00e0 renoncer \u00e0 cette position et \u00e0 se contenter de l&rsquo;autorit\u00e9 de la FDA sur la r\u00e9glementation des e-cigarettes via la loi sur la pr\u00e9vention de l&#8217;empoisonnement \u00e0 la nicotine chez les enfants (Jones, 2020). L&rsquo;organisme n&rsquo;a pas mis en \u0153uvre d&rsquo;interdictions ou de r\u00e9glementations radicales, en tant que tel, le pays reste divis\u00e9 avec des \u00c9tats individuels adoptant leurs propres approches pour r\u00e9glementer la tendance (Patel, 2019).<\/p>\n\n\n\n<h2 class=\"wp-block-heading\"><strong>La publicit\u00e9 et le monde de l&rsquo;entreprise<\/strong><\/h2>\n\n\n\n<p class=\"wp-block-paragraph\">Le monde de l&rsquo;entreprise est le moteur de la mont\u00e9e en fl\u00e8che de l&rsquo;adoption de l&rsquo;<a href=\"https:\/\/www.humanium.org\/fr\/enfants-dependances\/\">e-cigarette<\/a>. Les publicit\u00e9s t\u00e9l\u00e9vis\u00e9es, en ligne et imprim\u00e9es sont parsem\u00e9es de promotions de l&rsquo;e-cigarette qui pr\u00e9sentent souvent cette pratique comme \u00e9tant \u00ab\u00a0plus saine, moins ch\u00e8re et plus propre\u00a0\u00bb que d&rsquo;autres alternatives au tabac (Kong, 2017). Plus r\u00e9cemment, les sp\u00e9cialistes du marketing ont d\u00e9laiss\u00e9 les promotions ax\u00e9es sur la sant\u00e9 au profit de caract\u00e9ristiques attrayantes, telles que des saveurs exotiques et des th\u00e8mes de la culture populaire li\u00e9s \u00e0 l&rsquo;identit\u00e9 et au mode de vie (Kong, 2017).<\/p>\n\n\n\n<p class=\"wp-block-paragraph\">Cela fait probablement suite \u00e0 une enqu\u00eate de la FDA sur JUUL pour publicit\u00e9 ill\u00e9gale, qui a forc\u00e9 l&rsquo;entreprise \u00e0 remplacer son PDG et \u00e0 interrompre toutes ses campagnes publicitaires (Patel, 2019). La saveur \u00e9tant le principal attrait de l&rsquo;e-cigarette, JUUL et d&rsquo;autres grandes marques poursuivent leurs efforts visant \u00e0 restreindre certaines saveurs et mettent en garde contre l&rsquo;\u00e9mergence d&rsquo;un march\u00e9 noir non r\u00e9glement\u00e9 de l&rsquo;e-cigarette si les r\u00e9glementations ne sont pas appliqu\u00e9es correctement (Patel, 2019).<\/p>\n\n\n\n<p class=\"wp-block-paragraph\">Le marketing des e-cigarettes s&rsquo;adresse presque exclusivement aux adolescents, les plateformes de m\u00e9dias sociaux \u00e9tant le principal vecteur de transmission de l&rsquo;information (Jones, 2020). Pour attirer les jeunes utilisateurs, les entreprises d&rsquo;e-cigarettes rendent leurs produits de plus en plus personnalisables, avec des variations dans la forme, l&rsquo;apparence et les m\u00e9canismes de vaporisation (Jones, 2020).<\/p>\n\n\n\n<h2 class=\"wp-block-heading\"><strong>Les dangers de l&rsquo;e-cigarette<\/strong><\/h2>\n\n\n\n<p class=\"wp-block-paragraph\">Les risques de l&rsquo;<a href=\"https:\/\/www.humanium.org\/fr\/enfants-dependances\/\">e-cigarette<\/a> pour les adolescents peuvent \u00eatre r\u00e9partis en deux cat\u00e9gories: la sant\u00e9 et le mode de vie. En ce qui concerne le mode de vie, les perturbations scolaires font que de nombreux enfants perdent leur capacit\u00e9 de concentration ou sont r\u00e9guli\u00e8rement dispens\u00e9s de <a href=\"https:\/\/www.humanium.org\/fr\/comprendre-droits-enfant\/droit-a-l-education\/\">cours<\/a> (Truth Initiative, 2020). Les enseignants signalent que les enfants pr\u00e9sentent des yeux vitreux et une perte de contr\u00f4le de soi apr\u00e8s l&rsquo;utilisation d&rsquo;e-cigarettes (Truth Initiative, 2020). L&rsquo;omnipr\u00e9sence des e-cigarettes signifie que les adolescents sont constamment engag\u00e9s dans cette habitude, contrairement aux cigarettes traditionnelles qui sont rejet\u00e9es dans un grand nombre d&rsquo;environnements (Truth Initiative, 2020).<\/p>\n\n\n\n<p class=\"wp-block-paragraph\">En ce qui concerne les risques pour la sant\u00e9, les <a href=\"https:\/\/www.humanium.org\/fr\/enfants-dependances\/\">e-cigarettes<\/a> ont \u00e9t\u00e9 li\u00e9es \u00e0 de graves maladies pulmonaires et cardiaques, en particulier celles \u00e0 forte concentration de nicotine (Patel, 2019). \u00c0 l&rsquo;extr\u00e9mit\u00e9 du spectre, les e-cigarettes exposent les adolescents \u00e0 des niveaux \u00e9lev\u00e9s de nicotine et de m\u00e9taux lourds, ce qui en fait un danger en soi et une passerelle vers d&rsquo;autres formes de tabagisme (Patel, 2019). Bien que cela ne soit pas largement reconnu, certaines e-cigarettes contiennent des concentrations de nicotine plus \u00e9lev\u00e9es que les cigarettes traditionnelles (Jones, 2020). La d\u00e9pendance \u00e0 la nicotine est en soi une maladie p\u00e9diatrique capable d&rsquo;entraver le <a href=\"https:\/\/www.humanium.org\/fr\/le-developpement-de-la-petite-enfance-la-fondation-pour-une-societe-durable-et-prospere\/\">d\u00e9veloppement du cerveau<\/a> (Kong, 2017).<\/p>\n\n\n\n<h2 class=\"wp-block-heading\"><strong>Quelles sont les prochaines \u00e9tapes?<\/strong><\/h2>\n\n\n\n<p class=\"wp-block-paragraph\">La nature non r\u00e9glement\u00e9e et facilement accessible des e-cigarettes a donn\u00e9 naissance \u00e0 l&rsquo;\u00e9pid\u00e9mie actuelle. Pour se pr\u00e9munir contre la naissance de d\u00e9pendances pour toute une g\u00e9n\u00e9ration, diff\u00e9rents secteurs aux <a href=\"https:\/\/www.humanium.org\/fr\/etats-unis\/\">\u00c9tats-Unis<\/a> doivent travailler collectivement pour mettre en \u0153uvre des changements au statu quo fond\u00e9s sur des preuves. La communaut\u00e9 scientifique doit continuer \u00e0 rassembler des donn\u00e9es sur les m\u00e9faits de l&rsquo;e-cigarette. Sans ces informations, une g\u00e9n\u00e9ration d&rsquo;adolescents risque de tomber gravement malade par manque d&rsquo;informations concr\u00e8tes.<\/p>\n\n\n\n<p class=\"wp-block-paragraph\">Dans les <a href=\"https:\/\/www.humanium.org\/fr\/quest-ce-la-justice\/\">cadres juridiques et politiques<\/a> locaux et r\u00e9gionaux, l&rsquo;utilisation des e-cigarettes doit \u00eatre interdite dans les locaux scolaires et une augmentation de la limite d&rsquo;\u00e2ge doit \u00eatre envisag\u00e9e jusqu&rsquo;\u00e0 ce que des donn\u00e9es plus nombreuses sugg\u00e8rent le contraire. En compl\u00e9ment de l&rsquo;interdiction stricte de leur utilisation, les \u00e9coles peuvent s&rsquo;efforcer d&rsquo;aider les enfants \u00e0 d\u00e9velopper leur ind\u00e9pendance et \u00e0 \u00e9viter d&rsquo;\u00eatre victimes de la pression des pairs et des tensions modernes en mati\u00e8re de <a href=\"https:\/\/www.humanium.org\/fr\/le-bien-etre-mental-des-enfants\/\">sant\u00e9 mentale<\/a> (Patel, 2019). Bien que les preuves \u00e9mergentes ne montrent pas de corr\u00e9lation entre les interdictions \u00e9tatiques de l&rsquo;utilisation des e-cigarettes et une diminution du vapotage, il s&rsquo;agit probablement d&rsquo;un produit de la tendance qui est dans son ascension avant qu&rsquo;elle ne se stabilise et perde sa nouveaut\u00e9.<\/p>\n\n\n\n<p class=\"wp-block-paragraph\">Un plaidoyer est \u00e9galement n\u00e9cessaire, men\u00e9 par des experts de la sant\u00e9 et du gouvernement, afin de pr\u00e9senter correctement les e-cigarettes comme des produits du tabac <a href=\"https:\/\/www.humanium.org\/fr\/comprendre-droits-enfant\/protection\/\">nocifs<\/a> (Jones, 2020). Bien que les soci\u00e9t\u00e9s de marketing aient capitalis\u00e9 sur le manque d&rsquo;informations pour pr\u00e9senter les e-cigarettes comme moins nocives, cela ne signifie pas qu&rsquo;elles sont inoffensives. Les e-cigarettes ne font pas encore l&rsquo;objet d&rsquo;instructions obligatoires sur l&#8217;emballage afin de garantir que tous les acheteurs sachent clairement ce qu&rsquo;ils ach\u00e8tent, et les campagnes de marketing ne sont pas examin\u00e9es avec la m\u00eame finesse que celles des cigarettiers (Jones, 2020).<\/p>\n\n\n\n<p class=\"wp-block-paragraph\">Si les adolescents souhaitent s&rsquo;engager volontairement dans une pratique nocive, ils devraient au moins comprendre dans quoi ils s&rsquo;engagent. Le pr\u00e9c\u00e9dent historique sugg\u00e8re que les vapes sont l\u00e0 pour rester, la question est de savoir combien de temps avant que nous apprenions leur gravit\u00e9 et les co\u00fbts d&rsquo;une mauvaise r\u00e9glementation.<\/p>\n\n\n\n<figure class=\"wp-block-image size-large\"><img loading=\"lazy\" decoding=\"async\" width=\"1024\" height=\"683\" src=\"https:\/\/www.humanium.org\/fr\/wp-content\/uploads\/2022\/08\/shutterstock_689215504-1024x683.jpg\" alt=\"\" class=\"wp-image-52959\" srcset=\"https:\/\/www.humanium.org\/fr\/wp-content\/uploads\/2022\/08\/shutterstock_689215504-1024x683.jpg 1024w, https:\/\/www.humanium.org\/fr\/wp-content\/uploads\/2022\/08\/shutterstock_689215504-300x200.jpg 300w, https:\/\/www.humanium.org\/fr\/wp-content\/uploads\/2022\/08\/shutterstock_689215504-768x512.jpg 768w, https:\/\/www.humanium.org\/fr\/wp-content\/uploads\/2022\/08\/shutterstock_689215504-1536x1024.jpg 1536w, https:\/\/www.humanium.org\/fr\/wp-content\/uploads\/2022\/08\/shutterstock_689215504-2048x1365.jpg 2048w, https:\/\/www.humanium.org\/fr\/wp-content\/uploads\/2022\/08\/shutterstock_689215504-830x553.jpg 830w, https:\/\/www.humanium.org\/fr\/wp-content\/uploads\/2022\/08\/shutterstock_689215504-230x153.jpg 230w, https:\/\/www.humanium.org\/fr\/wp-content\/uploads\/2022\/08\/shutterstock_689215504-350x233.jpg 350w, https:\/\/www.humanium.org\/fr\/wp-content\/uploads\/2022\/08\/shutterstock_689215504-480x320.jpg 480w, https:\/\/www.humanium.org\/fr\/wp-content\/uploads\/2022\/08\/shutterstock_689215504-272x182.jpg 272w\" sizes=\"auto, (max-width: 1024px) 100vw, 1024px\" \/><\/figure>\n\n\n\n<p class=\"wp-block-paragraph\">Chez Humanium, nous sommes profond\u00e9ment attach\u00e9s au droit des enfants \u00e0 la <a href=\"https:\/\/www.humanium.org\/fr\/comprendre-droits-enfant\/droit-a-la-sante\/#:~:text=La%20sant%C3%A9%20est%20un%20%C3%A9tat%20de%20complet%20bien-%C3%AAtre,la%20sant%C3%A9%20implique%20l%E2%80%99acc%C3%A8s%20aux%20services%20de%20sant%C3%A9\">sant\u00e9<\/a> publique et \u00e0 la <a href=\"https:\/\/www.humanium.org\/fr\/comprendre-droits-enfant\/protection\/\">protection<\/a>. Comme les enfants sont particuli\u00e8rement vuln\u00e9rables et plus expos\u00e9s aux maladies et aux complications de sant\u00e9 en raison de leur \u00e2ge, ils m\u00e9ritent de vivre dans une soci\u00e9t\u00e9 o\u00f9 ils ne seront pas incit\u00e9s par un marketing trompeur et un Internet indigne de confiance \u00e0 prendre de mauvaises habitudes.<\/p>\n\n\n\n<p class=\"wp-block-paragraph\">Veiller \u00e0 ce que les enfants puissent devenir des adultes en bonne sant\u00e9 est une obligation morale pour toute soci\u00e9t\u00e9 responsable qui doit encourager <a href=\"https:\/\/www.humanium.org\/fr\/comprendre-droits-enfant\/droit-a-l-education\/\">l&rsquo;\u00e9ducation<\/a> continue de la sant\u00e9 publique des enfants. Si vous souhaitez nous aider dans nos efforts de sensibilisation aux droits des enfants \u00e0 la <a href=\"https:\/\/www.humanium.org\/fr\/comprendre-droits-enfant\/droit-a-la-sante\/\">sant\u00e9<\/a>, \u00e0 la <a href=\"https:\/\/www.humanium.org\/fr\/comprendre-droits-enfant\/protection\/\">protection<\/a> et \u00e0 <a href=\"https:\/\/www.humanium.org\/fr\/comprendre-droits-enfant\/droit-a-l-education\/\">l&rsquo;\u00e9ducation<\/a>, n&rsquo;h\u00e9sitez pas \u00e0 envisager de parrainer un enfant, de faire un don ou de devenir b\u00e9n\u00e9vole au sein de notre organisation. Agissez maintenant pour prot\u00e9ger la sant\u00e9 des plus jeunes d&rsquo;entre nous!<\/p>\n\n\n\n<p class=\"wp-block-paragraph\"><em><strong>\u00c9crit par Vanessa Cezarita Cordeiro <\/strong><\/em><\/p>\n\n\n\n<p class=\"wp-block-paragraph\"><em><strong>Traduit par Jana Wegener<\/strong><\/em><\/p>\n\n\n\n<p class=\"wp-block-paragraph\"><em><strong>Relu par Karen Castillo<\/strong><\/em><\/p>\n\n\n\n<h4 class=\"wp-block-heading\">Pour plus d&rsquo;informations:<\/h4>\n\n\n\n<p class=\"has-small-font-size wp-block-paragraph\"><a href=\"https:\/\/truthinitiative.org\/\" target=\"_blank\" rel=\"noreferrer noopener\">Truth Initiative<\/a><\/p>\n\n\n\n<p class=\"has-small-font-size wp-block-paragraph\">Surgeon General\u2019s Advisory on E-cigarettes Use Among Youth \u2013 Center for Disease Control and Prevention<\/p>\n\n\n\n<p class=\"has-small-font-size wp-block-paragraph\">Quick Facts on the Risks of E-cigarettes for Kids, Teens and Young Adults \u2013 Center for Disease Control and Prevention<\/p>\n\n\n\n<h4 class=\"wp-block-heading\">R\u00e9f\u00e9rences:<\/h4>\n\n\n\n<p class=\"has-small-font-size wp-block-paragraph\"><a href=\"https:\/\/jamanetwork.com\/journals\/jama\/article-abstract\/2755265\" target=\"_blank\" rel=\"noreferrer noopener\">Cullen, K, PhD., Gentzke, A, PhD., Sawdey, M, PhD. (2019, November 5). \u201cE-cigarette use among youth in the United States.\u201d Retrieved from Jama Network, accessed on 21 July 2022.<\/a><\/p>\n\n\n\n<p class=\"has-small-font-size wp-block-paragraph\"><a href=\"https:\/\/www.ncbi.nlm.nih.gov\/pmc\/articles\/PMC7023954\/\" target=\"_blank\" rel=\"noreferrer noopener\">Jones, K., Salzman, G. (2020). \u201cThe vaping epidemic in adolescents.\u201d Retrieved from The Journal of the Missouri State Medical Association, accessed on 19 July 2022.<\/a><\/p>\n\n\n\n<p class=\"has-small-font-size wp-block-paragraph\"><a href=\"https:\/\/www.ncbi.nlm.nih.gov\/pmc\/articles\/PMC5776733\/\" target=\"_blank\" rel=\"noreferrer noopener\">Kong, G., Krishnan-Sarin, S. (2017, March 11). \u201cA call to end the epidemic of adolescents e-cigarette use.\u201d Retrieved from National Library of Medicine, accessed on 18 July 2022.<\/a><\/p>\n\n\n\n<p class=\"has-small-font-size wp-block-paragraph\"><a href=\"https:\/\/theconversation.com\/are-vaping-and-e-cigarettes-the-same-and-should-all-these-products-be-avoided-127582\" target=\"_blank\" rel=\"noreferrer noopener\">Kurti, A. (2019, November 27). \u201cAre \u2018vaping\u2019 and \u2018e-cigarettes\u2019 the same, and should all these products be avoided?. Retrieved from The Conversation, accessed on 18 July 2022.<\/a><\/p>\n\n\n\n<p class=\"has-small-font-size wp-block-paragraph\"><a href=\"https:\/\/www.brookings.edu\/blog\/brown-center-chalkboard\/2019\/11\/22\/the-youth-vaping-epidemic-addressing-the-rise-of-e-cigarettes-in-schools\/\" target=\"_blank\" rel=\"noreferrer noopener\">Patel, N., Quintero, D. (2019, November 22). \u201cThe youth vaping epidemic: addressing the rise of e-cigarettes in schools.\u201d Retrieved from Brown Center Chalkboard, accessed on 19 July 2022.<\/a><\/p>\n\n\n\n<p class=\"has-small-font-size wp-block-paragraph\"><a href=\"https:\/\/truthinitiative.org\/sites\/default\/files\/media\/files\/2020\/04\/Truth_Teacher%20Report_FINAL.pdf\" target=\"_blank\" rel=\"noreferrer noopener\">Truth Initiative. (2020, April 27). \u201cA classroom crisis: How the youth vaping epidemic is impacting teachers.\u201d Retrieved from Truth Initiative Inspiring Tobacco-Free Lives, accessed on 18 July 2022.<\/a><\/p>\n","protected":false},"excerpt":{"rendered":"<p>Apr\u00e8s une croissance rapide, les e-cigarettes sont devenues le produit du tabac le plus utilis\u00e9 parmi les populations de jeunes aux \u00c9tats-Unis d&rsquo;Am\u00e9rique (USA) (Cullen, 2019). Leur emballage moderne &#8211; souvent en forme de cl\u00e9 USB &#8211; et la multiplicit\u00e9 des ar\u00f4mes artificiels attirent les jeunes (Cullen, 2019). Au-del\u00e0 du clinquant et du glamour, les [&hellip;]<\/p>\n","protected":false},"author":69,"featured_media":52963,"comment_status":"closed","ping_status":"closed","sticky":false,"template":"","format":"standard","meta":{"footnotes":""},"categories":[220,6,10],"tags":[],"class_list":["post-52958","post","type-post","status-publish","format-standard","has-post-thumbnail","hentry","category-droits-des-enfants","category-environnement","category-sante"],"yoast_head":"<!-- This site is optimized with the Yoast SEO plugin v28.3 - https:\/\/yoast.com\/product\/yoast-seo-wordpress\/ -->\n<title>En fum\u00e9e: l&#039;\u00e9pid\u00e9mie de vapotage aux \u00c9tats-Unis d&#039;Am\u00e9rique menace l&#039;avenir des adolescents - Humanium<\/title>\n<meta name=\"description\" content=\"Les e-cigarettes sont devenues le produit du tabac le plus utilis\u00e9 parmi les populations de jeunes aux \u00c9tats-Unis d&#039;Am\u00e9rique.\" \/>\n<meta name=\"robots\" content=\"index, follow, max-snippet:-1, max-image-preview:large, max-video-preview:-1\" \/>\n<link rel=\"canonical\" href=\"https:\/\/www.humanium.org\/fr\/en-fumee-lepidemie-de-vapotage-aux-etats-unis-damerique-menace-lavenir-des-adolescents\/\" \/>\n<meta property=\"og:locale\" content=\"fr_FR\" \/>\n<meta property=\"og:type\" content=\"article\" \/>\n<meta property=\"og:title\" content=\"En fum\u00e9e: l&#039;\u00e9pid\u00e9mie de vapotage aux \u00c9tats-Unis d&#039;Am\u00e9rique menace l&#039;avenir des adolescents - Humanium\" \/>\n<meta property=\"og:description\" content=\"Les e-cigarettes sont devenues le produit du tabac le plus utilis\u00e9 parmi les populations de jeunes aux \u00c9tats-Unis d&#039;Am\u00e9rique.\" \/>\n<meta property=\"og:url\" content=\"https:\/\/www.humanium.org\/fr\/en-fumee-lepidemie-de-vapotage-aux-etats-unis-damerique-menace-lavenir-des-adolescents\/\" \/>\n<meta property=\"og:site_name\" content=\"Humanium\" \/>\n<meta property=\"article:published_time\" content=\"2022-08-23T11:39:22+00:00\" \/>\n<meta property=\"article:modified_time\" content=\"2026-08-21T03:22:53+00:00\" \/>\n<meta property=\"og:image\" content=\"https:\/\/www.humanium.org\/fr\/wp-content\/uploads\/2022\/08\/shutterstock_148351589-scaled.jpg\" \/>\n\t<meta property=\"og:image:width\" content=\"2560\" \/>\n\t<meta property=\"og:image:height\" content=\"1706\" \/>\n\t<meta property=\"og:image:type\" content=\"image\/jpeg\" \/>\n<meta name=\"author\" content=\"Humanium\" \/>\n<meta name=\"twitter:card\" content=\"summary_large_image\" \/>\n<meta name=\"twitter:label1\" content=\"\u00c9crit par\" \/>\n\t<meta name=\"twitter:data1\" content=\"Humanium\" \/>\n\t<meta name=\"twitter:label2\" content=\"Dur\u00e9e de lecture estim\u00e9e\" \/>\n\t<meta name=\"twitter:data2\" content=\"12 minutes\" \/>\n<script type=\"application\/ld+json\" class=\"yoast-schema-graph\">{\"@context\":\"https:\\\/\\\/schema.org\",\"@graph\":[{\"@type\":\"Article\",\"@id\":\"https:\\\/\\\/www.humanium.org\\\/fr\\\/en-fumee-lepidemie-de-vapotage-aux-etats-unis-damerique-menace-lavenir-des-adolescents\\\/#article\",\"isPartOf\":{\"@id\":\"https:\\\/\\\/www.humanium.org\\\/fr\\\/en-fumee-lepidemie-de-vapotage-aux-etats-unis-damerique-menace-lavenir-des-adolescents\\\/\"},\"author\":{\"name\":\"Humanium\",\"@id\":\"https:\\\/\\\/www.humanium.org\\\/fr\\\/#\\\/schema\\\/person\\\/d798d6c7d59ba2307e0877f61a20ce3e\"},\"headline\":\"En fum\u00e9e: l&rsquo;\u00e9pid\u00e9mie de vapotage aux \u00c9tats-Unis d&rsquo;Am\u00e9rique menace l&rsquo;avenir des adolescents\",\"datePublished\":\"2022-08-23T11:39:22+00:00\",\"dateModified\":\"2026-08-21T03:22:53+00:00\",\"mainEntityOfPage\":{\"@id\":\"https:\\\/\\\/www.humanium.org\\\/fr\\\/en-fumee-lepidemie-de-vapotage-aux-etats-unis-damerique-menace-lavenir-des-adolescents\\\/\"},\"wordCount\":2180,\"image\":{\"@id\":\"https:\\\/\\\/www.humanium.org\\\/fr\\\/en-fumee-lepidemie-de-vapotage-aux-etats-unis-damerique-menace-lavenir-des-adolescents\\\/#primaryimage\"},\"thumbnailUrl\":\"https:\\\/\\\/www.humanium.org\\\/fr\\\/wp-content\\\/uploads\\\/2022\\\/08\\\/shutterstock_148351589-scaled.jpg\",\"articleSection\":[\"Droits des enfants\",\"Environnement\",\"Sant\u00e9\"],\"inLanguage\":\"fr-FR\"},{\"@type\":\"WebPage\",\"@id\":\"https:\\\/\\\/www.humanium.org\\\/fr\\\/en-fumee-lepidemie-de-vapotage-aux-etats-unis-damerique-menace-lavenir-des-adolescents\\\/\",\"url\":\"https:\\\/\\\/www.humanium.org\\\/fr\\\/en-fumee-lepidemie-de-vapotage-aux-etats-unis-damerique-menace-lavenir-des-adolescents\\\/\",\"name\":\"En fum\u00e9e: l'\u00e9pid\u00e9mie de vapotage aux \u00c9tats-Unis d'Am\u00e9rique menace l'avenir des adolescents - Humanium\",\"isPartOf\":{\"@id\":\"https:\\\/\\\/www.humanium.org\\\/fr\\\/#website\"},\"primaryImageOfPage\":{\"@id\":\"https:\\\/\\\/www.humanium.org\\\/fr\\\/en-fumee-lepidemie-de-vapotage-aux-etats-unis-damerique-menace-lavenir-des-adolescents\\\/#primaryimage\"},\"image\":{\"@id\":\"https:\\\/\\\/www.humanium.org\\\/fr\\\/en-fumee-lepidemie-de-vapotage-aux-etats-unis-damerique-menace-lavenir-des-adolescents\\\/#primaryimage\"},\"thumbnailUrl\":\"https:\\\/\\\/www.humanium.org\\\/fr\\\/wp-content\\\/uploads\\\/2022\\\/08\\\/shutterstock_148351589-scaled.jpg\",\"datePublished\":\"2022-08-23T11:39:22+00:00\",\"dateModified\":\"2026-08-21T03:22:53+00:00\",\"author\":{\"@id\":\"https:\\\/\\\/www.humanium.org\\\/fr\\\/#\\\/schema\\\/person\\\/d798d6c7d59ba2307e0877f61a20ce3e\"},\"description\":\"Les e-cigarettes sont devenues le produit du tabac le plus utilis\u00e9 parmi les populations de jeunes aux \u00c9tats-Unis d'Am\u00e9rique.\",\"breadcrumb\":{\"@id\":\"https:\\\/\\\/www.humanium.org\\\/fr\\\/en-fumee-lepidemie-de-vapotage-aux-etats-unis-damerique-menace-lavenir-des-adolescents\\\/#breadcrumb\"},\"inLanguage\":\"fr-FR\",\"potentialAction\":[{\"@type\":\"ReadAction\",\"target\":[\"https:\\\/\\\/www.humanium.org\\\/fr\\\/en-fumee-lepidemie-de-vapotage-aux-etats-unis-damerique-menace-lavenir-des-adolescents\\\/\"]}]},{\"@type\":\"ImageObject\",\"inLanguage\":\"fr-FR\",\"@id\":\"https:\\\/\\\/www.humanium.org\\\/fr\\\/en-fumee-lepidemie-de-vapotage-aux-etats-unis-damerique-menace-lavenir-des-adolescents\\\/#primaryimage\",\"url\":\"https:\\\/\\\/www.humanium.org\\\/fr\\\/wp-content\\\/uploads\\\/2022\\\/08\\\/shutterstock_148351589-scaled.jpg\",\"contentUrl\":\"https:\\\/\\\/www.humanium.org\\\/fr\\\/wp-content\\\/uploads\\\/2022\\\/08\\\/shutterstock_148351589-scaled.jpg\",\"width\":2560,\"height\":1706},{\"@type\":\"BreadcrumbList\",\"@id\":\"https:\\\/\\\/www.humanium.org\\\/fr\\\/en-fumee-lepidemie-de-vapotage-aux-etats-unis-damerique-menace-lavenir-des-adolescents\\\/#breadcrumb\",\"itemListElement\":[{\"@type\":\"ListItem\",\"position\":1,\"name\":\"Home\",\"item\":\"https:\\\/\\\/www.humanium.org\\\/fr\\\/\"},{\"@type\":\"ListItem\",\"position\":2,\"name\":\"En fum\u00e9e: l&rsquo;\u00e9pid\u00e9mie de vapotage aux \u00c9tats-Unis d&rsquo;Am\u00e9rique menace l&rsquo;avenir des adolescents\"}]},{\"@type\":\"WebSite\",\"@id\":\"https:\\\/\\\/www.humanium.org\\\/fr\\\/#website\",\"url\":\"https:\\\/\\\/www.humanium.org\\\/fr\\\/\",\"name\":\"Humanium\",\"description\":\"Les enfants d\u2019abord !\",\"potentialAction\":[{\"@type\":\"SearchAction\",\"target\":{\"@type\":\"EntryPoint\",\"urlTemplate\":\"https:\\\/\\\/www.humanium.org\\\/fr\\\/?s={search_term_string}\"},\"query-input\":{\"@type\":\"PropertyValueSpecification\",\"valueRequired\":true,\"valueName\":\"search_term_string\"}}],\"inLanguage\":\"fr-FR\"},{\"@type\":\"Person\",\"@id\":\"https:\\\/\\\/www.humanium.org\\\/fr\\\/#\\\/schema\\\/person\\\/d798d6c7d59ba2307e0877f61a20ce3e\",\"name\":\"Humanium\",\"image\":{\"@type\":\"ImageObject\",\"inLanguage\":\"fr-FR\",\"@id\":\"https:\\\/\\\/secure.gravatar.com\\\/avatar\\\/22715e338d2fcc547e3a431c4738360d33fea2a4af458f865b2c3b22f1eaa51f?s=96&d=mm&r=g\",\"url\":\"https:\\\/\\\/secure.gravatar.com\\\/avatar\\\/22715e338d2fcc547e3a431c4738360d33fea2a4af458f865b2c3b22f1eaa51f?s=96&d=mm&r=g\",\"contentUrl\":\"https:\\\/\\\/secure.gravatar.com\\\/avatar\\\/22715e338d2fcc547e3a431c4738360d33fea2a4af458f865b2c3b22f1eaa51f?s=96&d=mm&r=g\",\"caption\":\"Humanium\"},\"url\":\"https:\\\/\\\/www.humanium.org\\\/fr\\\/author\\\/humanium\\\/\"}]}<\/script>\n<!-- \/ Yoast SEO plugin. -->","yoast_head_json":{"title":"En fum\u00e9e: l'\u00e9pid\u00e9mie de vapotage aux \u00c9tats-Unis d'Am\u00e9rique menace l'avenir des adolescents - Humanium","description":"Les e-cigarettes sont devenues le produit du tabac le plus utilis\u00e9 parmi les populations de jeunes aux \u00c9tats-Unis d'Am\u00e9rique.","robots":{"index":"index","follow":"follow","max-snippet":"max-snippet:-1","max-image-preview":"max-image-preview:large","max-video-preview":"max-video-preview:-1"},"canonical":"https:\/\/www.humanium.org\/fr\/en-fumee-lepidemie-de-vapotage-aux-etats-unis-damerique-menace-lavenir-des-adolescents\/","og_locale":"fr_FR","og_type":"article","og_title":"En fum\u00e9e: l'\u00e9pid\u00e9mie de vapotage aux \u00c9tats-Unis d'Am\u00e9rique menace l'avenir des adolescents - Humanium","og_description":"Les e-cigarettes sont devenues le produit du tabac le plus utilis\u00e9 parmi les populations de jeunes aux \u00c9tats-Unis d'Am\u00e9rique.","og_url":"https:\/\/www.humanium.org\/fr\/en-fumee-lepidemie-de-vapotage-aux-etats-unis-damerique-menace-lavenir-des-adolescents\/","og_site_name":"Humanium","article_published_time":"2022-08-23T11:39:22+00:00","article_modified_time":"2026-08-21T03:22:53+00:00","og_image":[{"width":2560,"height":1706,"url":"https:\/\/www.humanium.org\/fr\/wp-content\/uploads\/2022\/08\/shutterstock_148351589-scaled.jpg","type":"image\/jpeg"}],"author":"Humanium","twitter_card":"summary_large_image","twitter_misc":{"\u00c9crit par":"Humanium","Dur\u00e9e de lecture estim\u00e9e":"12 minutes"},"schema":{"@context":"https:\/\/schema.org","@graph":[{"@type":"Article","@id":"https:\/\/www.humanium.org\/fr\/en-fumee-lepidemie-de-vapotage-aux-etats-unis-damerique-menace-lavenir-des-adolescents\/#article","isPartOf":{"@id":"https:\/\/www.humanium.org\/fr\/en-fumee-lepidemie-de-vapotage-aux-etats-unis-damerique-menace-lavenir-des-adolescents\/"},"author":{"name":"Humanium","@id":"https:\/\/www.humanium.org\/fr\/#\/schema\/person\/d798d6c7d59ba2307e0877f61a20ce3e"},"headline":"En fum\u00e9e: l&rsquo;\u00e9pid\u00e9mie de vapotage aux \u00c9tats-Unis d&rsquo;Am\u00e9rique menace l&rsquo;avenir des adolescents","datePublished":"2022-08-23T11:39:22+00:00","dateModified":"2026-08-21T03:22:53+00:00","mainEntityOfPage":{"@id":"https:\/\/www.humanium.org\/fr\/en-fumee-lepidemie-de-vapotage-aux-etats-unis-damerique-menace-lavenir-des-adolescents\/"},"wordCount":2180,"image":{"@id":"https:\/\/www.humanium.org\/fr\/en-fumee-lepidemie-de-vapotage-aux-etats-unis-damerique-menace-lavenir-des-adolescents\/#primaryimage"},"thumbnailUrl":"https:\/\/www.humanium.org\/fr\/wp-content\/uploads\/2022\/08\/shutterstock_148351589-scaled.jpg","articleSection":["Droits des enfants","Environnement","Sant\u00e9"],"inLanguage":"fr-FR"},{"@type":"WebPage","@id":"https:\/\/www.humanium.org\/fr\/en-fumee-lepidemie-de-vapotage-aux-etats-unis-damerique-menace-lavenir-des-adolescents\/","url":"https:\/\/www.humanium.org\/fr\/en-fumee-lepidemie-de-vapotage-aux-etats-unis-damerique-menace-lavenir-des-adolescents\/","name":"En fum\u00e9e: l'\u00e9pid\u00e9mie de vapotage aux \u00c9tats-Unis d'Am\u00e9rique menace l'avenir des adolescents - Humanium","isPartOf":{"@id":"https:\/\/www.humanium.org\/fr\/#website"},"primaryImageOfPage":{"@id":"https:\/\/www.humanium.org\/fr\/en-fumee-lepidemie-de-vapotage-aux-etats-unis-damerique-menace-lavenir-des-adolescents\/#primaryimage"},"image":{"@id":"https:\/\/www.humanium.org\/fr\/en-fumee-lepidemie-de-vapotage-aux-etats-unis-damerique-menace-lavenir-des-adolescents\/#primaryimage"},"thumbnailUrl":"https:\/\/www.humanium.org\/fr\/wp-content\/uploads\/2022\/08\/shutterstock_148351589-scaled.jpg","datePublished":"2022-08-23T11:39:22+00:00","dateModified":"2026-08-21T03:22:53+00:00","author":{"@id":"https:\/\/www.humanium.org\/fr\/#\/schema\/person\/d798d6c7d59ba2307e0877f61a20ce3e"},"description":"Les e-cigarettes sont devenues le produit du tabac le plus utilis\u00e9 parmi les populations de jeunes aux \u00c9tats-Unis d'Am\u00e9rique.","breadcrumb":{"@id":"https:\/\/www.humanium.org\/fr\/en-fumee-lepidemie-de-vapotage-aux-etats-unis-damerique-menace-lavenir-des-adolescents\/#breadcrumb"},"inLanguage":"fr-FR","potentialAction":[{"@type":"ReadAction","target":["https:\/\/www.humanium.org\/fr\/en-fumee-lepidemie-de-vapotage-aux-etats-unis-damerique-menace-lavenir-des-adolescents\/"]}]},{"@type":"ImageObject","inLanguage":"fr-FR","@id":"https:\/\/www.humanium.org\/fr\/en-fumee-lepidemie-de-vapotage-aux-etats-unis-damerique-menace-lavenir-des-adolescents\/#primaryimage","url":"https:\/\/www.humanium.org\/fr\/wp-content\/uploads\/2022\/08\/shutterstock_148351589-scaled.jpg","contentUrl":"https:\/\/www.humanium.org\/fr\/wp-content\/uploads\/2022\/08\/shutterstock_148351589-scaled.jpg","width":2560,"height":1706},{"@type":"BreadcrumbList","@id":"https:\/\/www.humanium.org\/fr\/en-fumee-lepidemie-de-vapotage-aux-etats-unis-damerique-menace-lavenir-des-adolescents\/#breadcrumb","itemListElement":[{"@type":"ListItem","position":1,"name":"Home","item":"https:\/\/www.humanium.org\/fr\/"},{"@type":"ListItem","position":2,"name":"En fum\u00e9e: l&rsquo;\u00e9pid\u00e9mie de vapotage aux \u00c9tats-Unis d&rsquo;Am\u00e9rique menace l&rsquo;avenir des adolescents"}]},{"@type":"WebSite","@id":"https:\/\/www.humanium.org\/fr\/#website","url":"https:\/\/www.humanium.org\/fr\/","name":"Humanium","description":"Les enfants d\u2019abord !","potentialAction":[{"@type":"SearchAction","target":{"@type":"EntryPoint","urlTemplate":"https:\/\/www.humanium.org\/fr\/?s={search_term_string}"},"query-input":{"@type":"PropertyValueSpecification","valueRequired":true,"valueName":"search_term_string"}}],"inLanguage":"fr-FR"},{"@type":"Person","@id":"https:\/\/www.humanium.org\/fr\/#\/schema\/person\/d798d6c7d59ba2307e0877f61a20ce3e","name":"Humanium","image":{"@type":"ImageObject","inLanguage":"fr-FR","@id":"https:\/\/secure.gravatar.com\/avatar\/22715e338d2fcc547e3a431c4738360d33fea2a4af458f865b2c3b22f1eaa51f?s=96&d=mm&r=g","url":"https:\/\/secure.gravatar.com\/avatar\/22715e338d2fcc547e3a431c4738360d33fea2a4af458f865b2c3b22f1eaa51f?s=96&d=mm&r=g","contentUrl":"https:\/\/secure.gravatar.com\/avatar\/22715e338d2fcc547e3a431c4738360d33fea2a4af458f865b2c3b22f1eaa51f?s=96&d=mm&r=g","caption":"Humanium"},"url":"https:\/\/www.humanium.org\/fr\/author\/humanium\/"}]}},"_links":{"self":[{"href":"https:\/\/www.humanium.org\/fr\/wp-json\/wp\/v2\/posts\/52958","targetHints":{"allow":["GET"]}}],"collection":[{"href":"https:\/\/www.humanium.org\/fr\/wp-json\/wp\/v2\/posts"}],"about":[{"href":"https:\/\/www.humanium.org\/fr\/wp-json\/wp\/v2\/types\/post"}],"author":[{"embeddable":true,"href":"https:\/\/www.humanium.org\/fr\/wp-json\/wp\/v2\/users\/69"}],"replies":[{"embeddable":true,"href":"https:\/\/www.humanium.org\/fr\/wp-json\/wp\/v2\/comments?post=52958"}],"version-history":[{"count":10,"href":"https:\/\/www.humanium.org\/fr\/wp-json\/wp\/v2\/posts\/52958\/revisions"}],"predecessor-version":[{"id":62770,"href":"https:\/\/www.humanium.org\/fr\/wp-json\/wp\/v2\/posts\/52958\/revisions\/62770"}],"wp:featuredmedia":[{"embeddable":true,"href":"https:\/\/www.humanium.org\/fr\/wp-json\/wp\/v2\/media\/52963"}],"wp:attachment":[{"href":"https:\/\/www.humanium.org\/fr\/wp-json\/wp\/v2\/media?parent=52958"}],"wp:term":[{"taxonomy":"category","embeddable":true,"href":"https:\/\/www.humanium.org\/fr\/wp-json\/wp\/v2\/categories?post=52958"},{"taxonomy":"post_tag","embeddable":true,"href":"https:\/\/www.humanium.org\/fr\/wp-json\/wp\/v2\/tags?post=52958"}],"curies":[{"name":"wp","href":"https:\/\/api.w.org\/{rel}","templated":true}]}}