{"id":53419,"date":"2022-09-27T13:58:55","date_gmt":"2022-09-27T13:58:55","guid":{"rendered":"https:\/\/www.humanium.org\/fr\/?p=53419"},"modified":"2026-08-21T03:22:53","modified_gmt":"2026-08-21T03:22:53","slug":"elever-un-enfant-afro-americain-dans-lamerique-daujourdhui","status":"publish","type":"post","link":"https:\/\/www.humanium.org\/fr\/elever-un-enfant-afro-americain-dans-lamerique-daujourdhui\/","title":{"rendered":"\u00c9lever un enfant afro-am\u00e9ricain dans l&rsquo;Am\u00e9rique d\u2019aujourd\u2019hui"},"content":{"rendered":"\n<p class=\"wp-block-paragraph\"><strong>Les <\/strong><a href=\"https:\/\/www.humanium.org\/fr\/etats-unis\/\"><strong>Afro-Am\u00e9ricains<\/strong><\/a> <strong>repr\u00e9sentent actuellement 13 % de la population des \u00c9tats-Unis. Cela repr\u00e9sente 42 millions de personnes, dont 2,68 millions d&rsquo;enfants noirs, \u00e2g\u00e9s de moins de quatre ans. (Loyd M. C, 2021) Des \u00e9v\u00e9nements malheureux tout au long de l&rsquo;histoire, ainsi que de nombreuses politiques que le pays a appliqu\u00e9es, ont consid\u00e9rablement influenc\u00e9 la vie des <\/strong><a href=\"https:\/\/www.humanium.org\/fr\/etats-unis\/\"><strong>enfants afro-am\u00e9ricains<\/strong><\/a> <strong>aux \u00c9tats-Unis aujourd&rsquo;hui.&nbsp;<\/strong><\/p>\n\n\n\n<h2 class=\"wp-block-heading\"><strong>Structure familiale <\/strong><a href=\"https:\/\/www.humanium.org\/fr\/etats-unis\/\"><strong>afro-am\u00e9ricaine<\/strong><\/a><strong> aux \u00c9tats-Unis<\/strong><\/h2>\n\n\n\n<p class=\"wp-block-paragraph\">Les Am\u00e9ricains ont accueilli des milliers d&rsquo;immigrants afro-am\u00e9ricains au cours des si\u00e8cles. Ces nouveaux arriv\u00e9s ont contribu\u00e9 \u00e0 diversifier le paysage culturel et \u00e0 briser les pr\u00e9jug\u00e9s dans les communaut\u00e9s. Sur ce m\u00eame continent, les familles afro-am\u00e9ricaines ont \u00e9t\u00e9 victimes de l&rsquo;esclavage pendant plus de 240 ans (Wickham D, 2014). Cependant, le racisme structurel exerce un impact n\u00e9gatif sur les jeunes, m\u00eame aujourd&rsquo;hui. Le syst\u00e8me \u00e9ducatif aux \u00c9tats-Unis forme les jeunes am\u00e9ricains \u00e0 devenir de futurs citoyens globaux qui dirigeront le monde. Il est donc dans l&rsquo;int\u00e9r\u00eat de tous d&#8217;embrasser les minorit\u00e9s et de les faire se sentir incluses (Lloyd M C, 2021).<\/p>\n\n\n\n<p class=\"wp-block-paragraph\">Il y a longtemps, au 17\u00e8me si\u00e8cle, les esclaves noirs travaillaient dans les plantations de sucre et de coton du Sud. L&rsquo;esclavage a \u00e9t\u00e9 aboli au si\u00e8cle suivant et, assez rapidement, la plupart des familles noires ont pris un aller simple pour le Nord, compte tenu de l&rsquo;\u00e9volution des conditions \u00e9conomiques. <\/p>\n\n\n\n<p class=\"wp-block-paragraph\">Cependant, le courant a chang\u00e9 (Sisson C.K, 2014). Depuis 2020, la plupart des familles noires migrent \u00e0 nouveau vers le sud du pays, \u00e0 la recherche d&rsquo;une vie meilleure et de l&rsquo;\u00e9galit\u00e9 des chances. Le r\u00eave am\u00e9ricain est tout simplement rest\u00e9 un r\u00eave, et ils se sentent \u00e0 l\u2019aise dans un mode de vie plus lent. Le vrai probl\u00e8me ici est que les enfants noirs n&rsquo;ont pas l&rsquo;occasion de r\u00e9aliser leurs <a href=\"https:\/\/www.humanium.org\/fr\/comprendre-droits-enfant\/droit-a-l-education\/\">droits \u00e0 l&rsquo;\u00e9ducation<\/a> et \u00e0 la libert\u00e9 de pens\u00e9e, mais se concentrent plut\u00f4t sur la fuite de l&rsquo;oppression (UNICEF, s.d.).<\/p>\n\n\n\n<p class=\"wp-block-paragraph\">Le soutien <a href=\"http:\/\/www.apple.com\">familial<\/a> est crucial lorsqu&rsquo;il s&rsquo;agit d&rsquo;\u00e9lever des enfants. Si l&rsquo;on remonte dans le pass\u00e9, il est clair que la structure familiale noire a commenc\u00e9 \u00e0 se d\u00e9sint\u00e9grer dans les ann\u00e9es 1960, lorsque les r\u00f4les traditionnels ont commenc\u00e9 \u00e0 changer. Revenons au 20\u00e8me si\u00e8cle, environ 72% des enfants noirs sont n\u00e9s et \u00e9lev\u00e9s par des m\u00e8res c\u00e9libataires, la plupart des p\u00e8res disparaissant de leur vie en l&rsquo;espace de plusieurs ann\u00e9es (Bodenner C, 2015). <\/p>\n\n\n\n<p class=\"wp-block-paragraph\">Grandir dans des familles dysfonctionnelles laisse une profonde impression sur les enfants. Les Noirs am\u00e9ricains ne font pas exception, car les taux \u00e9lev\u00e9s de <a href=\"https:\/\/www.humanium.org\/fr\/justice\/\">crimes<\/a> sont directement corr\u00e9l\u00e9s \u00e0 une \u00e9ducation malsaine (Bodenner C, 2015).&nbsp;<\/p>\n\n\n\n<h2 class=\"wp-block-heading\"><strong>In\u00e9galit\u00e9 raciale observ\u00e9e dans les \u00e9tablissements <\/strong><a href=\"https:\/\/www.humanium.org\/fr\/le-developpement-de-la-petite-enfance-la-fondation-pour-une-societe-durable-et-prospere\/\"><strong>maternels<\/strong><\/a><\/h2>\n\n\n\n<p class=\"wp-block-paragraph\">Aux \u00c9tats-Unis, les familles noires et leurs enfants ont \u00e9t\u00e9 scrut\u00e9s et critiqu\u00e9s par les syst\u00e8mes <a href=\"https:\/\/www.humanium.org\/fr\/comprendre-droits-enfant\/droit-a-l-education\/\">d&rsquo;\u00e9ducation,<\/a> d&#8217;emploi, de justice et de sant\u00e9 (Lloyd M C, 2021). La raison en est peut-\u00eatre qu\u2019on per\u00e7oit encore les enfants comme potentiellement dangereux, ind\u00e9pendamment de leur jeune \u00e2ge et, dans la plupart des cas, de leur statut socio-\u00e9conomique d\u00e9favorable. De plus, On les consid\u00e8re comme inf\u00e9rieurs et on s&rsquo;attend \u00e0 ce qu&rsquo;ils commettent des <a href=\"https:\/\/www.humanium.org\/fr\/justice\/\">crimes<\/a> une fois adultes (Patton S, 2014).<\/p>\n\n\n\n<p class=\"wp-block-paragraph\">Une \u00e9tude de 2019 men\u00e9e par le minist\u00e8re de la Justice montre que plus de 60 % des enfants <a href=\"https:\/\/www.humanium.org\/fr\/etats-unis\/\">am\u00e9ricains<\/a> ont \u00e9t\u00e9 t\u00e9moins de violences sous une forme ou une autre. Ces \u00e9v\u00e9nements traumatisants laissent souvent des cons\u00e9quences \u00e0 long terme qui vouent les enfants \u00e0 l\u2019\u00e9chec d\u00e8s leur plus jeune \u00e2ge (Adetunji J, 2016). Il n&rsquo;est donc pas surprenant que la plupart des enfants en \u00e2ge <a href=\"https:\/\/www.humanium.org\/fr\/le-developpement-de-la-petite-enfance-la-fondation-pour-une-societe-durable-et-prospere\/\">pr\u00e9scolaire<\/a> aient besoin d&rsquo;un soutien suppl\u00e9mentaire pour gu\u00e9rir. <\/p>\n\n\n\n<p class=\"wp-block-paragraph\">Les enfants noirs portent un fardeau plus lourd, car ils subissent souvent la marginalisation en raison de la couleur de leur peau. Sur l&rsquo;ensemble des enfants inscrits en \u00e9cole <a href=\"https:\/\/www.humanium.org\/fr\/le-developpement-de-la-petite-enfance-la-fondation-pour-une-societe-durable-et-prospere\/\">maternelle<\/a> aux \u00c9tats-Unis, seuls 18 % sont des enfants noirs, dont environ 50 % sont r\u00e9guli\u00e8rement suspendus. Ce taux de suspension est nettement inf\u00e9rieur pour leurs pairs blancs qui, en tant que majorit\u00e9 \u00e0 l\u2019\u00e9cole, ne sont sanctionn\u00e9s que 25% du temps. (Adetunji J, 2016)<\/p>\n\n\n\n<figure class=\"wp-block-image size-large\"><img loading=\"lazy\" decoding=\"async\" width=\"1024\" height=\"683\" src=\"https:\/\/www.humanium.org\/fr\/wp-content\/uploads\/2022\/09\/shutterstock_1389380342-1-1024x683.jpg\" alt=\"\" class=\"wp-image-53422\" srcset=\"https:\/\/www.humanium.org\/fr\/wp-content\/uploads\/2022\/09\/shutterstock_1389380342-1-1024x683.jpg 1024w, https:\/\/www.humanium.org\/fr\/wp-content\/uploads\/2022\/09\/shutterstock_1389380342-1-300x200.jpg 300w, https:\/\/www.humanium.org\/fr\/wp-content\/uploads\/2022\/09\/shutterstock_1389380342-1-768x512.jpg 768w, https:\/\/www.humanium.org\/fr\/wp-content\/uploads\/2022\/09\/shutterstock_1389380342-1-1536x1024.jpg 1536w, https:\/\/www.humanium.org\/fr\/wp-content\/uploads\/2022\/09\/shutterstock_1389380342-1-2048x1365.jpg 2048w, https:\/\/www.humanium.org\/fr\/wp-content\/uploads\/2022\/09\/shutterstock_1389380342-1-830x553.jpg 830w, https:\/\/www.humanium.org\/fr\/wp-content\/uploads\/2022\/09\/shutterstock_1389380342-1-230x153.jpg 230w, https:\/\/www.humanium.org\/fr\/wp-content\/uploads\/2022\/09\/shutterstock_1389380342-1-350x233.jpg 350w, https:\/\/www.humanium.org\/fr\/wp-content\/uploads\/2022\/09\/shutterstock_1389380342-1-480x320.jpg 480w, https:\/\/www.humanium.org\/fr\/wp-content\/uploads\/2022\/09\/shutterstock_1389380342-1-272x182.jpg 272w\" sizes=\"auto, (max-width: 1024px) 100vw, 1024px\" \/><\/figure>\n\n\n\n<p class=\"wp-block-paragraph\">Les m\u00e9thodes disciplinaires s\u00e9v\u00e8res, telles que les suspensions et les expulsions, sont futile stout simplement parce qu\u2019elles ne r\u00e9solvent pas la racine du probl\u00e8me. La plupart des enfants noirs sont issus de familles <a href=\"https:\/\/www.humanium.org\/fr\/enfants-pauvres\/\">pauvres<\/a> qui n&rsquo;ont pas acc\u00e8s \u00e0 une assurance maladie ou \u00e0 un emploi d\u00e9cent pour subvenir aux besoins de leurs proches. <\/p>\n\n\n\n<p class=\"wp-block-paragraph\">Si l&rsquo;on tient compte du fait que les enfants <a href=\"https:\/\/www.humanium.org\/fr\/etats-unis\/\">afro-am\u00e9ricains<\/a> sont trois fois plus susceptibles de vivre dans la <a href=\"https:\/\/www.humanium.org\/en\/poverty\/\">pauvret\u00e9<\/a>, plut\u00f4t que de les juger, ils devraient avoir droit \u00e0 un soutien et \u00e0 une protection. (Adetunji J, 2016). \u00c9tant donn\u00e9 que chaque enfant a le droit \u00e0 la <a href=\"https:\/\/www.humanium.org\/fr\/droit-non-discrimination\/\">non-discrimination<\/a> et \u00e0 la <a href=\"https:\/\/www.humanium.org\/fr\/droit-a-la-protection\/\">protection contre les pr\u00e9judices<\/a>, pr\u00e9juger les enfants noirs et les qualifier d\u2019irresponsables ou d\u2019indisciplin\u00e9s constitue donc une violation directe de <a href=\"https:\/\/www.humanium.org\/fr\/texte-integral-convention-internationale-relative-droits-enfant-1989\/\">La Convention relative aux droits de l&rsquo;enfant<\/a> (UNICEF, s.d.).<\/p>\n\n\n\n<h2 class=\"wp-block-heading\"><strong>Mettre en p\u00e9ril le droit des enfants noirs \u00e0 la sant\u00e9<\/strong><\/h2>\n\n\n\n<p class=\"wp-block-paragraph\">Selon les recherches men\u00e9es par les <em>Center for Disease Control<\/em> en 2020, il a \u00e9t\u00e9 confirm\u00e9 que les enfants <a href=\"https:\/\/www.humanium.org\/fr\/etats-unis\/\">afro-am\u00e9ricains<\/a> sont plus enclins aux probl\u00e8mes de sant\u00e9 et aux complications m\u00e9dicales, notamment \u00e0 cause des virus tels que le Covid-19(Hart M, 2020). Quelle pourrait \u00eatre la principale cause de ces \u00e9carts raciaux ? La r\u00e9ponse r\u00e9side dans le traitement injuste des enfants de couleur, o\u00f9 leurs <a href=\"https:\/\/www.humanium.org\/fr\/comprendre-droits-enfant\/droit-a-la-sante\/\">droits inn\u00e9s \u00e0 la sant\u00e9<\/a> et \u00e0 l&rsquo;<a href=\"https:\/\/www.humanium.org\/fr\/acces-a-linformation-pour-tous-une-bonne-fois-our-toutes\/\">acc\u00e8s \u00e0 l&rsquo;information<\/a> sont s\u00e9rieusement mis en p\u00e9ril. (UNICEF, s.d.)&nbsp;<\/p>\n\n\n\n<p class=\"wp-block-paragraph\">\u00c0 ce jour, les familles noires luttent pour clarifier leur statut d&rsquo;immigrant afin de gagner leur vie ou de quitter les refuges domestiques. Leur situation socio-\u00e9conomique d\u00e9favorable, ainsi que le stress chronique, sont g\u00e9n\u00e9ralement les principales raisons pour la contraction des maladies, telles que le diab\u00e8te ou l\u2019asthme, ce qui plongent ces familles encore plus dans l&rsquo;endettement, la <a href=\"https:\/\/www.humanium.org\/fr\/pauvrete\/\">pauvret\u00e9<\/a> et le d\u00e9sespoir. (Hart M, 2020)<\/p>\n\n\n\n<h2 class=\"wp-block-heading\"><strong>Am\u00e9liorer la vie des enfants afro-am\u00e9ricains aux \u00c9tats-Unis \u00e0 l\u2019avenir<\/strong><\/h2>\n\n\n\n<p class=\"wp-block-paragraph\">La s\u00e9gr\u00e9gation raciale dans la soci\u00e9t\u00e9 am\u00e9ricaine est une question br\u00fblante depuis de nombreuses ann\u00e9es. De nombreuses \u00e9coles travaillent sur des strat\u00e9gies visant \u00e0 aider les enfants de couleur \u00e0 se sentir chez eux en les soutenants mentalement et financi\u00e8rement. Certains gouvernements confront\u00e9s \u00e0 des probl\u00e8mes similaires ont propos\u00e9 de d\u00e9ployer un nouveau programme scolaire qui devait enseigner \u00e0 chacun les droits des minorit\u00e9s.<\/p>\n\n\n\n<p class=\"wp-block-paragraph\">M\u00eame si les enfants sont plus que jamais expos\u00e9s \u00e0 des races m\u00e9lang\u00e9es, un programme scolaire fera probablement une grande diff\u00e9rence s&rsquo;il est con\u00e7u avec un plan d&rsquo;action solide permettant aux enseignants d&rsquo;\u00e9duquer sur le sujet (Maire L, n.d.). Une exp\u00e9rience scolaire positive semble \u00eatre fondamentale dans la vie des enfants. Comme l\u2019a dit le c\u00e9l\u00e8bre abolitionniste de l\u2019esclavage, Frederick Douglass : \u00ab Il est plus facile de construire des enfants forts que de r\u00e9parer des hommes bris\u00e9s \u00bb (Adetunji J, 2016).&nbsp;<\/p>\n\n\n\n<p class=\"wp-block-paragraph\">Sur une autre note positive, les choses commencent \u00e0 changer et la situation s\u2019am\u00e9liore peu \u00e0 peu. Le gouvernement s&rsquo;est attaqu\u00e9 \u00e0 l\u2019\u00e9cart racial en offrant l&rsquo;\u00e9galit\u00e9 des chances et en embauchant davantage d&#8217;employ\u00e9s noirs dans le secteur public. \u00c0 leur tour, les travailleurs b\u00e9n\u00e9ficient d&rsquo;un revenu stable et d&rsquo;incitations \u00e0 la sant\u00e9 qui am\u00e9liorent la vie de leurs familles, \u00e0 savoir les enfants.&nbsp;<\/p>\n\n\n\n<blockquote class=\"wp-block-quote is-layout-flow wp-block-quote-is-layout-flow\"><p>\u00ab En 2019, pr\u00e8s de la moiti\u00e9 des femmes noires &#8211; 48 % &#8211; et plus d&rsquo;un cinqui\u00e8me des hommes noirs &#8211; 21 % &#8211; sont employ\u00e9s dans l&rsquo;\u00e9ducation, les services de sant\u00e9 ou l&rsquo;administration publique \u00bb <\/p><cite>&#8211; Madowitz M, 2020<\/cite><\/blockquote>\n\n\n\n<p class=\"wp-block-paragraph\">Chez Humanium, nous soutenons le droit \u00e0 la sant\u00e9 et \u00e0 la protection pour tous les enfants, quelle que soit leur race. Les personnes et les enfants d&rsquo;origine <a href=\"https:\/\/www.humanium.org\/fr\/afrique\/\">africaine<\/a> sont particuli\u00e8rement vuln\u00e9rables au <a href=\"https:\/\/www.humanium.org\/fr\/droit-non-discrimination\/\">racisme<\/a>, et c&rsquo;est exactement la raison pour laquelle nous concentrons nos efforts pour aider des communaut\u00e9s enti\u00e8res dans certaines des r\u00e9gions les plus sous-d\u00e9velopp\u00e9es du monde. Nos \u00e9quipes ont men\u00e9 de nombreux projets en Afrique o\u00f9 nous continuons \u00e0 cr\u00e9er un monde o\u00f9 les enfants de toutes origines peuvent avoir acc\u00e8s \u00e0 l&rsquo;\u00e9galit\u00e9 des chances.&nbsp;<\/p>\n\n\n\n<figure class=\"wp-block-image size-large\"><img loading=\"lazy\" decoding=\"async\" width=\"1024\" height=\"683\" src=\"https:\/\/www.humanium.org\/fr\/wp-content\/uploads\/2022\/09\/shutterstock_1934868941-1024x683.jpg\" alt=\"\" class=\"wp-image-53421\" srcset=\"https:\/\/www.humanium.org\/fr\/wp-content\/uploads\/2022\/09\/shutterstock_1934868941-1024x683.jpg 1024w, https:\/\/www.humanium.org\/fr\/wp-content\/uploads\/2022\/09\/shutterstock_1934868941-300x200.jpg 300w, https:\/\/www.humanium.org\/fr\/wp-content\/uploads\/2022\/09\/shutterstock_1934868941-768x512.jpg 768w, https:\/\/www.humanium.org\/fr\/wp-content\/uploads\/2022\/09\/shutterstock_1934868941-1536x1024.jpg 1536w, https:\/\/www.humanium.org\/fr\/wp-content\/uploads\/2022\/09\/shutterstock_1934868941-2048x1365.jpg 2048w, https:\/\/www.humanium.org\/fr\/wp-content\/uploads\/2022\/09\/shutterstock_1934868941-830x553.jpg 830w, https:\/\/www.humanium.org\/fr\/wp-content\/uploads\/2022\/09\/shutterstock_1934868941-230x153.jpg 230w, https:\/\/www.humanium.org\/fr\/wp-content\/uploads\/2022\/09\/shutterstock_1934868941-350x233.jpg 350w, https:\/\/www.humanium.org\/fr\/wp-content\/uploads\/2022\/09\/shutterstock_1934868941-480x320.jpg 480w, https:\/\/www.humanium.org\/fr\/wp-content\/uploads\/2022\/09\/shutterstock_1934868941-272x182.jpg 272w\" sizes=\"auto, (max-width: 1024px) 100vw, 1024px\" \/><\/figure>\n\n\n\n<p class=\"wp-block-paragraph\">Si vous souhaitez soutenir notre initiative et tout ce que nous faisons pour aider les enfants du monde entier, veuillez envisager de parrainer un enfant, de faire un don ou de devenir b\u00e9n\u00e9vole. Nous vous sommes reconnaissants de votre aide !<\/p>\n\n\n\n<p class=\"wp-block-paragraph\"><em><strong>\u00c9crit par Lidija Misic<\/strong><\/em><\/p>\n\n\n\n<p class=\"wp-block-paragraph\"><em><strong>Traduit par Freya Swinburne<\/strong><\/em><\/p>\n\n\n\n<p class=\"wp-block-paragraph\"><em><strong>Relu par Khalid Aada<\/strong><\/em><\/p>\n\n\n\n<h4 class=\"wp-block-heading\"><strong>Bibliographie:<\/strong><\/h4>\n\n\n\n<p class=\"has-small-font-size wp-block-paragraph\">Adetunji Jo, Racial inequality starts early &#8211; in preschool, The Conversation (July 14, 2016). Retrieved from: https:\/\/theconversation.com\/racial-inequality-starts-early-in-preschool-61896, accessed on August 25, 2022.<\/p>\n\n\n\n<p class=\"has-small-font-size wp-block-paragraph\">Bodenner Chris, The breakdown of the Black Family, The Atlantic (October 12, 2015). Retrieved from: <a href=\"https:\/\/www.theatlantic.com\/national\/archive\/2015\/10\/the-breakdown-of-the-black-family-contd\/626229\/\" target=\"_blank\" rel=\"noreferrer noopener\">https:\/\/www.theatlantic.com\/national\/archive\/2015\/10\/the-breakdown-of-the-black-family-contd\/626229\/<\/a>, accessed on August 25, 2022.<\/p>\n\n\n\n<p class=\"has-small-font-size wp-block-paragraph\">Hart Marion, Why Covid-19 is Hitting Black and Hispanic Children Especially Hard, Forbes (August 31, 2020). Retrieved from: <a href=\"https:\/\/www.forbes.com\/sites\/unicefusa\/2020\/08\/31\/why-covid-19-is-hitting-black-and-hispanic-children-especially-hard\/?sh=350620233ba5\" target=\"_blank\" rel=\"noreferrer noopener\">https:\/\/www.forbes.com\/sites\/unicefusa\/2020\/08\/31\/why-covid-19-is-hitting-black-and-hispanic-children-especially-hard\/?sh=350620233ba5<\/a>, accessed on August 25, 2022.<\/p>\n\n\n\n<p class=\"has-small-font-size wp-block-paragraph\">Madowitz Michael, Weller E. Christian, Price Anne, Public Work Provides Economic Security for Black Families and Communities, Center for American Progress (October 23, 2020). Retrieved from: <a href=\"https:\/\/www.americanprogress.org\/article\/public-work-provides-economic-security-black-families-communities\/\" target=\"_blank\" rel=\"noreferrer noopener\">https:\/\/www.americanprogress.org\/article\/public-work-provides-economic-security-black-families-communities\/<\/a>, accessed on August 29, 2022<\/p>\n\n\n\n<p class=\"has-small-font-size wp-block-paragraph\">Mayor Lola, Black history: Can school curriculum help curb racism?BBC News (May 28, n.d.). Retrieved from: https:\/\/www.bbc.com\/news\/uk-wales-61554605, accessed on August 25, 2022.<\/p>\n\n\n\n<p class=\"has-small-font-size wp-block-paragraph\">M. Loyd Chrishana, Alvira-Hammond Marta, Carlson Julianna, Loga Deja, Family, Economic, and Geographic Characteristic of Black Families with Children, Child Trends (March 5, 2021). Retrieved from <a href=\"https:\/\/www.childtrends.org\/publications\/family-economic-and-geographic-characteristics-of-black-families-with-children\" target=\"_blank\" rel=\"noreferrer noopener\">https:\/\/www.childtrends.org\/publications\/family-economic-and-geographic-characteristics-of-black-families-with-children<\/a>, accessed on August 25, 2022.<\/p>\n\n\n\n<p class=\"has-small-font-size wp-block-paragraph\">Patton, Stacey, In America black children don\u2019t get to be children, The Washington Post (November 26, 2014). Retrieved from: <a href=\"https:\/\/www.washingtonpost.com\/opinions\/in-america-black-children-dont-get-to-be-children\/2014\/11\/26\/a9e24756-74ee-11e4-a755-e32227229e7b_story.html\" target=\"_blank\" rel=\"noreferrer noopener\">https:\/\/www.washingtonpost.com\/opinions\/in-america-black-children-dont-get-to-be-children\/2014\/11\/26\/a9e24756-74ee-11e4-a755-e32227229e7b_story.html<\/a>, accessed on August 25, 2022.<\/p>\n\n\n\n<p class=\"has-small-font-size wp-block-paragraph\">Sisson Carmen K, Why African-Americans are moving back to the South, The Christian Science Monitor(March 16, 2014). Retrieved from: <a href=\"https:\/\/www.csmonitor.com\/USA\/Society\/2014\/0316\/Why-African-Americans-are-moving-back-to-the-South\" target=\"_blank\" rel=\"noreferrer noopener\">https:\/\/www.csmonitor.com\/USA\/Society\/2014\/0316\/Why-African-Americans-are-moving-back-to-the-South<\/a>, accessed on August 29, 2022.&nbsp;<\/p>\n\n\n\n<p class=\"has-small-font-size wp-block-paragraph\">UNICEF, The Convention on the Rights of the Child: The children\u2019s version (n.d.).Retrieved from: <a href=\"https:\/\/www.unicef.org\/child-rights-convention\/convention-text-childrens-version\" target=\"_blank\" rel=\"noreferrer noopener\">https:\/\/www.unicef.org\/child-rights-convention\/convention-text-childrens-version<\/a>, accessed on August 25, 2022.<\/p>\n\n\n\n<p class=\"has-small-font-size wp-block-paragraph\">Wickham DeWayne, Do you know when slavery began and ended? USATODAY (February 10, 2014), Retrieved from: <a href=\"https:\/\/www.usatoday.com\/story\/opinion\/2014\/02\/10\/black-history-slavery-dewayne-wickham-column\/5341129\/\" target=\"_blank\" rel=\"noreferrer noopener\">https:\/\/www.usatoday.com\/story\/opinion\/2014\/02\/10\/black-history-slavery-dewayne-wickham-column\/5341129\/<\/a>, accessed on August 25, 2022.<\/p>\n","protected":false},"excerpt":{"rendered":"<p>Les Afro-Am\u00e9ricains repr\u00e9sentent actuellement 13 % de la population des \u00c9tats-Unis. Cela repr\u00e9sente 42 millions de personnes, dont 2,68 millions d&rsquo;enfants noirs, \u00e2g\u00e9s de moins de quatre ans. (Loyd M. C, 2021) Des \u00e9v\u00e9nements malheureux tout au long de l&rsquo;histoire, ainsi que de nombreuses politiques que le pays a appliqu\u00e9es, ont consid\u00e9rablement influenc\u00e9 la vie [&hellip;]<\/p>\n","protected":false},"author":69,"featured_media":53424,"comment_status":"closed","ping_status":"closed","sticky":false,"template":"","format":"standard","meta":{"footnotes":""},"categories":[220,4],"tags":[],"class_list":["post-53419","post","type-post","status-publish","format-standard","has-post-thumbnail","hentry","category-droits-des-enfants","category-droits-humains"],"yoast_head":"<!-- This site is optimized with the Yoast SEO plugin v28.3 - https:\/\/yoast.com\/product\/yoast-seo-wordpress\/ -->\n<title>\u00c9lever un enfant afro-am\u00e9ricain dans l&#039;Am\u00e9rique d\u2019aujourd\u2019hui - Humanium<\/title>\n<meta name=\"description\" content=\"Le racisme structurel exerce un impact n\u00e9gatif sur les jeunes, m\u00eame aujourd&#039;hui.\" \/>\n<meta name=\"robots\" content=\"index, follow, max-snippet:-1, max-image-preview:large, max-video-preview:-1\" \/>\n<link rel=\"canonical\" href=\"https:\/\/www.humanium.org\/fr\/elever-un-enfant-afro-americain-dans-lamerique-daujourdhui\/\" \/>\n<meta property=\"og:locale\" content=\"fr_FR\" \/>\n<meta property=\"og:type\" content=\"article\" \/>\n<meta property=\"og:title\" content=\"\u00c9lever un enfant afro-am\u00e9ricain dans l&#039;Am\u00e9rique d\u2019aujourd\u2019hui - Humanium\" \/>\n<meta property=\"og:description\" content=\"Le racisme structurel exerce un impact n\u00e9gatif sur les jeunes, m\u00eame aujourd&#039;hui.\" \/>\n<meta property=\"og:url\" content=\"https:\/\/www.humanium.org\/fr\/elever-un-enfant-afro-americain-dans-lamerique-daujourdhui\/\" \/>\n<meta property=\"og:site_name\" content=\"Humanium\" \/>\n<meta property=\"article:published_time\" content=\"2022-09-27T13:58:55+00:00\" \/>\n<meta property=\"article:modified_time\" content=\"2026-08-21T03:22:53+00:00\" \/>\n<meta property=\"og:image\" content=\"https:\/\/www.humanium.org\/fr\/wp-content\/uploads\/2022\/09\/shutterstock_1902560470-scaled.jpg\" \/>\n\t<meta property=\"og:image:width\" content=\"2560\" \/>\n\t<meta property=\"og:image:height\" content=\"1707\" \/>\n\t<meta property=\"og:image:type\" content=\"image\/jpeg\" \/>\n<meta name=\"author\" content=\"Humanium\" \/>\n<meta name=\"twitter:card\" content=\"summary_large_image\" \/>\n<meta name=\"twitter:label1\" content=\"\u00c9crit par\" \/>\n\t<meta name=\"twitter:data1\" content=\"Humanium\" \/>\n\t<meta name=\"twitter:label2\" content=\"Dur\u00e9e de lecture estim\u00e9e\" \/>\n\t<meta name=\"twitter:data2\" content=\"9 minutes\" \/>\n<script type=\"application\/ld+json\" class=\"yoast-schema-graph\">{\"@context\":\"https:\\\/\\\/schema.org\",\"@graph\":[{\"@type\":\"Article\",\"@id\":\"https:\\\/\\\/www.humanium.org\\\/fr\\\/elever-un-enfant-afro-americain-dans-lamerique-daujourdhui\\\/#article\",\"isPartOf\":{\"@id\":\"https:\\\/\\\/www.humanium.org\\\/fr\\\/elever-un-enfant-afro-americain-dans-lamerique-daujourdhui\\\/\"},\"author\":{\"name\":\"Humanium\",\"@id\":\"https:\\\/\\\/www.humanium.org\\\/fr\\\/#\\\/schema\\\/person\\\/d798d6c7d59ba2307e0877f61a20ce3e\"},\"headline\":\"\u00c9lever un enfant afro-am\u00e9ricain dans l&rsquo;Am\u00e9rique d\u2019aujourd\u2019hui\",\"datePublished\":\"2022-09-27T13:58:55+00:00\",\"dateModified\":\"2026-08-21T03:22:53+00:00\",\"mainEntityOfPage\":{\"@id\":\"https:\\\/\\\/www.humanium.org\\\/fr\\\/elever-un-enfant-afro-americain-dans-lamerique-daujourdhui\\\/\"},\"wordCount\":1740,\"image\":{\"@id\":\"https:\\\/\\\/www.humanium.org\\\/fr\\\/elever-un-enfant-afro-americain-dans-lamerique-daujourdhui\\\/#primaryimage\"},\"thumbnailUrl\":\"https:\\\/\\\/www.humanium.org\\\/fr\\\/wp-content\\\/uploads\\\/2022\\\/09\\\/shutterstock_1902560470-scaled.jpg\",\"articleSection\":[\"Droits des enfants\",\"Droits humains\"],\"inLanguage\":\"fr-FR\"},{\"@type\":\"WebPage\",\"@id\":\"https:\\\/\\\/www.humanium.org\\\/fr\\\/elever-un-enfant-afro-americain-dans-lamerique-daujourdhui\\\/\",\"url\":\"https:\\\/\\\/www.humanium.org\\\/fr\\\/elever-un-enfant-afro-americain-dans-lamerique-daujourdhui\\\/\",\"name\":\"\u00c9lever un enfant afro-am\u00e9ricain dans l'Am\u00e9rique d\u2019aujourd\u2019hui - Humanium\",\"isPartOf\":{\"@id\":\"https:\\\/\\\/www.humanium.org\\\/fr\\\/#website\"},\"primaryImageOfPage\":{\"@id\":\"https:\\\/\\\/www.humanium.org\\\/fr\\\/elever-un-enfant-afro-americain-dans-lamerique-daujourdhui\\\/#primaryimage\"},\"image\":{\"@id\":\"https:\\\/\\\/www.humanium.org\\\/fr\\\/elever-un-enfant-afro-americain-dans-lamerique-daujourdhui\\\/#primaryimage\"},\"thumbnailUrl\":\"https:\\\/\\\/www.humanium.org\\\/fr\\\/wp-content\\\/uploads\\\/2022\\\/09\\\/shutterstock_1902560470-scaled.jpg\",\"datePublished\":\"2022-09-27T13:58:55+00:00\",\"dateModified\":\"2026-08-21T03:22:53+00:00\",\"author\":{\"@id\":\"https:\\\/\\\/www.humanium.org\\\/fr\\\/#\\\/schema\\\/person\\\/d798d6c7d59ba2307e0877f61a20ce3e\"},\"description\":\"Le racisme structurel exerce un impact n\u00e9gatif sur les jeunes, m\u00eame aujourd'hui.\",\"breadcrumb\":{\"@id\":\"https:\\\/\\\/www.humanium.org\\\/fr\\\/elever-un-enfant-afro-americain-dans-lamerique-daujourdhui\\\/#breadcrumb\"},\"inLanguage\":\"fr-FR\",\"potentialAction\":[{\"@type\":\"ReadAction\",\"target\":[\"https:\\\/\\\/www.humanium.org\\\/fr\\\/elever-un-enfant-afro-americain-dans-lamerique-daujourdhui\\\/\"]}]},{\"@type\":\"ImageObject\",\"inLanguage\":\"fr-FR\",\"@id\":\"https:\\\/\\\/www.humanium.org\\\/fr\\\/elever-un-enfant-afro-americain-dans-lamerique-daujourdhui\\\/#primaryimage\",\"url\":\"https:\\\/\\\/www.humanium.org\\\/fr\\\/wp-content\\\/uploads\\\/2022\\\/09\\\/shutterstock_1902560470-scaled.jpg\",\"contentUrl\":\"https:\\\/\\\/www.humanium.org\\\/fr\\\/wp-content\\\/uploads\\\/2022\\\/09\\\/shutterstock_1902560470-scaled.jpg\",\"width\":2560,\"height\":1707},{\"@type\":\"BreadcrumbList\",\"@id\":\"https:\\\/\\\/www.humanium.org\\\/fr\\\/elever-un-enfant-afro-americain-dans-lamerique-daujourdhui\\\/#breadcrumb\",\"itemListElement\":[{\"@type\":\"ListItem\",\"position\":1,\"name\":\"Home\",\"item\":\"https:\\\/\\\/www.humanium.org\\\/fr\\\/\"},{\"@type\":\"ListItem\",\"position\":2,\"name\":\"\u00c9lever un enfant afro-am\u00e9ricain dans l&rsquo;Am\u00e9rique d\u2019aujourd\u2019hui\"}]},{\"@type\":\"WebSite\",\"@id\":\"https:\\\/\\\/www.humanium.org\\\/fr\\\/#website\",\"url\":\"https:\\\/\\\/www.humanium.org\\\/fr\\\/\",\"name\":\"Humanium\",\"description\":\"Les enfants d\u2019abord !\",\"potentialAction\":[{\"@type\":\"SearchAction\",\"target\":{\"@type\":\"EntryPoint\",\"urlTemplate\":\"https:\\\/\\\/www.humanium.org\\\/fr\\\/?s={search_term_string}\"},\"query-input\":{\"@type\":\"PropertyValueSpecification\",\"valueRequired\":true,\"valueName\":\"search_term_string\"}}],\"inLanguage\":\"fr-FR\"},{\"@type\":\"Person\",\"@id\":\"https:\\\/\\\/www.humanium.org\\\/fr\\\/#\\\/schema\\\/person\\\/d798d6c7d59ba2307e0877f61a20ce3e\",\"name\":\"Humanium\",\"image\":{\"@type\":\"ImageObject\",\"inLanguage\":\"fr-FR\",\"@id\":\"https:\\\/\\\/secure.gravatar.com\\\/avatar\\\/22715e338d2fcc547e3a431c4738360d33fea2a4af458f865b2c3b22f1eaa51f?s=96&d=mm&r=g\",\"url\":\"https:\\\/\\\/secure.gravatar.com\\\/avatar\\\/22715e338d2fcc547e3a431c4738360d33fea2a4af458f865b2c3b22f1eaa51f?s=96&d=mm&r=g\",\"contentUrl\":\"https:\\\/\\\/secure.gravatar.com\\\/avatar\\\/22715e338d2fcc547e3a431c4738360d33fea2a4af458f865b2c3b22f1eaa51f?s=96&d=mm&r=g\",\"caption\":\"Humanium\"},\"url\":\"https:\\\/\\\/www.humanium.org\\\/fr\\\/author\\\/humanium\\\/\"}]}<\/script>\n<!-- \/ Yoast SEO plugin. -->","yoast_head_json":{"title":"\u00c9lever un enfant afro-am\u00e9ricain dans l'Am\u00e9rique d\u2019aujourd\u2019hui - Humanium","description":"Le racisme structurel exerce un impact n\u00e9gatif sur les jeunes, m\u00eame aujourd'hui.","robots":{"index":"index","follow":"follow","max-snippet":"max-snippet:-1","max-image-preview":"max-image-preview:large","max-video-preview":"max-video-preview:-1"},"canonical":"https:\/\/www.humanium.org\/fr\/elever-un-enfant-afro-americain-dans-lamerique-daujourdhui\/","og_locale":"fr_FR","og_type":"article","og_title":"\u00c9lever un enfant afro-am\u00e9ricain dans l'Am\u00e9rique d\u2019aujourd\u2019hui - Humanium","og_description":"Le racisme structurel exerce un impact n\u00e9gatif sur les jeunes, m\u00eame aujourd'hui.","og_url":"https:\/\/www.humanium.org\/fr\/elever-un-enfant-afro-americain-dans-lamerique-daujourdhui\/","og_site_name":"Humanium","article_published_time":"2022-09-27T13:58:55+00:00","article_modified_time":"2026-08-21T03:22:53+00:00","og_image":[{"width":2560,"height":1707,"url":"https:\/\/www.humanium.org\/fr\/wp-content\/uploads\/2022\/09\/shutterstock_1902560470-scaled.jpg","type":"image\/jpeg"}],"author":"Humanium","twitter_card":"summary_large_image","twitter_misc":{"\u00c9crit par":"Humanium","Dur\u00e9e de lecture estim\u00e9e":"9 minutes"},"schema":{"@context":"https:\/\/schema.org","@graph":[{"@type":"Article","@id":"https:\/\/www.humanium.org\/fr\/elever-un-enfant-afro-americain-dans-lamerique-daujourdhui\/#article","isPartOf":{"@id":"https:\/\/www.humanium.org\/fr\/elever-un-enfant-afro-americain-dans-lamerique-daujourdhui\/"},"author":{"name":"Humanium","@id":"https:\/\/www.humanium.org\/fr\/#\/schema\/person\/d798d6c7d59ba2307e0877f61a20ce3e"},"headline":"\u00c9lever un enfant afro-am\u00e9ricain dans l&rsquo;Am\u00e9rique d\u2019aujourd\u2019hui","datePublished":"2022-09-27T13:58:55+00:00","dateModified":"2026-08-21T03:22:53+00:00","mainEntityOfPage":{"@id":"https:\/\/www.humanium.org\/fr\/elever-un-enfant-afro-americain-dans-lamerique-daujourdhui\/"},"wordCount":1740,"image":{"@id":"https:\/\/www.humanium.org\/fr\/elever-un-enfant-afro-americain-dans-lamerique-daujourdhui\/#primaryimage"},"thumbnailUrl":"https:\/\/www.humanium.org\/fr\/wp-content\/uploads\/2022\/09\/shutterstock_1902560470-scaled.jpg","articleSection":["Droits des enfants","Droits humains"],"inLanguage":"fr-FR"},{"@type":"WebPage","@id":"https:\/\/www.humanium.org\/fr\/elever-un-enfant-afro-americain-dans-lamerique-daujourdhui\/","url":"https:\/\/www.humanium.org\/fr\/elever-un-enfant-afro-americain-dans-lamerique-daujourdhui\/","name":"\u00c9lever un enfant afro-am\u00e9ricain dans l'Am\u00e9rique d\u2019aujourd\u2019hui - Humanium","isPartOf":{"@id":"https:\/\/www.humanium.org\/fr\/#website"},"primaryImageOfPage":{"@id":"https:\/\/www.humanium.org\/fr\/elever-un-enfant-afro-americain-dans-lamerique-daujourdhui\/#primaryimage"},"image":{"@id":"https:\/\/www.humanium.org\/fr\/elever-un-enfant-afro-americain-dans-lamerique-daujourdhui\/#primaryimage"},"thumbnailUrl":"https:\/\/www.humanium.org\/fr\/wp-content\/uploads\/2022\/09\/shutterstock_1902560470-scaled.jpg","datePublished":"2022-09-27T13:58:55+00:00","dateModified":"2026-08-21T03:22:53+00:00","author":{"@id":"https:\/\/www.humanium.org\/fr\/#\/schema\/person\/d798d6c7d59ba2307e0877f61a20ce3e"},"description":"Le racisme structurel exerce un impact n\u00e9gatif sur les jeunes, m\u00eame aujourd'hui.","breadcrumb":{"@id":"https:\/\/www.humanium.org\/fr\/elever-un-enfant-afro-americain-dans-lamerique-daujourdhui\/#breadcrumb"},"inLanguage":"fr-FR","potentialAction":[{"@type":"ReadAction","target":["https:\/\/www.humanium.org\/fr\/elever-un-enfant-afro-americain-dans-lamerique-daujourdhui\/"]}]},{"@type":"ImageObject","inLanguage":"fr-FR","@id":"https:\/\/www.humanium.org\/fr\/elever-un-enfant-afro-americain-dans-lamerique-daujourdhui\/#primaryimage","url":"https:\/\/www.humanium.org\/fr\/wp-content\/uploads\/2022\/09\/shutterstock_1902560470-scaled.jpg","contentUrl":"https:\/\/www.humanium.org\/fr\/wp-content\/uploads\/2022\/09\/shutterstock_1902560470-scaled.jpg","width":2560,"height":1707},{"@type":"BreadcrumbList","@id":"https:\/\/www.humanium.org\/fr\/elever-un-enfant-afro-americain-dans-lamerique-daujourdhui\/#breadcrumb","itemListElement":[{"@type":"ListItem","position":1,"name":"Home","item":"https:\/\/www.humanium.org\/fr\/"},{"@type":"ListItem","position":2,"name":"\u00c9lever un enfant afro-am\u00e9ricain dans l&rsquo;Am\u00e9rique d\u2019aujourd\u2019hui"}]},{"@type":"WebSite","@id":"https:\/\/www.humanium.org\/fr\/#website","url":"https:\/\/www.humanium.org\/fr\/","name":"Humanium","description":"Les enfants d\u2019abord !","potentialAction":[{"@type":"SearchAction","target":{"@type":"EntryPoint","urlTemplate":"https:\/\/www.humanium.org\/fr\/?s={search_term_string}"},"query-input":{"@type":"PropertyValueSpecification","valueRequired":true,"valueName":"search_term_string"}}],"inLanguage":"fr-FR"},{"@type":"Person","@id":"https:\/\/www.humanium.org\/fr\/#\/schema\/person\/d798d6c7d59ba2307e0877f61a20ce3e","name":"Humanium","image":{"@type":"ImageObject","inLanguage":"fr-FR","@id":"https:\/\/secure.gravatar.com\/avatar\/22715e338d2fcc547e3a431c4738360d33fea2a4af458f865b2c3b22f1eaa51f?s=96&d=mm&r=g","url":"https:\/\/secure.gravatar.com\/avatar\/22715e338d2fcc547e3a431c4738360d33fea2a4af458f865b2c3b22f1eaa51f?s=96&d=mm&r=g","contentUrl":"https:\/\/secure.gravatar.com\/avatar\/22715e338d2fcc547e3a431c4738360d33fea2a4af458f865b2c3b22f1eaa51f?s=96&d=mm&r=g","caption":"Humanium"},"url":"https:\/\/www.humanium.org\/fr\/author\/humanium\/"}]}},"_links":{"self":[{"href":"https:\/\/www.humanium.org\/fr\/wp-json\/wp\/v2\/posts\/53419","targetHints":{"allow":["GET"]}}],"collection":[{"href":"https:\/\/www.humanium.org\/fr\/wp-json\/wp\/v2\/posts"}],"about":[{"href":"https:\/\/www.humanium.org\/fr\/wp-json\/wp\/v2\/types\/post"}],"author":[{"embeddable":true,"href":"https:\/\/www.humanium.org\/fr\/wp-json\/wp\/v2\/users\/69"}],"replies":[{"embeddable":true,"href":"https:\/\/www.humanium.org\/fr\/wp-json\/wp\/v2\/comments?post=53419"}],"version-history":[{"count":13,"href":"https:\/\/www.humanium.org\/fr\/wp-json\/wp\/v2\/posts\/53419\/revisions"}],"predecessor-version":[{"id":62773,"href":"https:\/\/www.humanium.org\/fr\/wp-json\/wp\/v2\/posts\/53419\/revisions\/62773"}],"wp:featuredmedia":[{"embeddable":true,"href":"https:\/\/www.humanium.org\/fr\/wp-json\/wp\/v2\/media\/53424"}],"wp:attachment":[{"href":"https:\/\/www.humanium.org\/fr\/wp-json\/wp\/v2\/media?parent=53419"}],"wp:term":[{"taxonomy":"category","embeddable":true,"href":"https:\/\/www.humanium.org\/fr\/wp-json\/wp\/v2\/categories?post=53419"},{"taxonomy":"post_tag","embeddable":true,"href":"https:\/\/www.humanium.org\/fr\/wp-json\/wp\/v2\/tags?post=53419"}],"curies":[{"name":"wp","href":"https:\/\/api.w.org\/{rel}","templated":true}]}}