{"id":53723,"date":"2022-11-01T09:34:04","date_gmt":"2022-11-01T09:34:04","guid":{"rendered":"https:\/\/www.humanium.org\/fr\/?p=53723"},"modified":"2026-08-21T03:22:54","modified_gmt":"2026-08-21T03:22:54","slug":"des-enfants-victimes-dattentats-a-la-bombe-perpetres-par-letat-colombien","status":"publish","type":"post","link":"https:\/\/www.humanium.org\/fr\/des-enfants-victimes-dattentats-a-la-bombe-perpetres-par-letat-colombien\/","title":{"rendered":"Des enfants victimes d\u2019attentats \u00e0 la bombe perp\u00e9tr\u00e9s par l\u2019\u00c9tat colombien"},"content":{"rendered":"\n<p class=\"wp-block-paragraph\"><strong>Plus r\u00e9cemment, l\u2019histoire de la <a href=\"https:\/\/www.humanium.org\/fr\/colombie\/\">Colombie<\/a> a \u00e9t\u00e9 marqu\u00e9e par un <a href=\"https:\/\/www.humanium.org\/fr\/enfants-dans-la-guerre\/\">conflit arm\u00e9<\/a>. Globalement, les luttes sociales et politiques r\u00e9sultant du m\u00e9contentement du secteur rural, de la r\u00e9partition in\u00e9gale des terres, et du manque de participation politique au d\u00e9triment de certains secteurs de la soci\u00e9t\u00e9, ont eu pour cons\u00e9quence l\u2019usage de la <a href=\"https:\/\/www.humanium.org\/fr\/violences\/\">violence<\/a> (La Comisi\u00f3n para el Esclarecimiento de la Verdad, la Convivencia y la No Repetici\u00f3n, 2022). La situation a fini pars \u2018aggraver au niveau national, principalement \u00e0 cause de l\u2019\u00e9ruption du trafic de drogue et de l\u2019\u00e9mergence de groupes arm\u00e9s.&nbsp;<\/strong><\/p>\n\n\n\n<h2 class=\"wp-block-heading\"><strong>Contexte du conflit arm\u00e9 en Colombie&nbsp;<\/strong><\/h2>\n\n\n\n<p class=\"wp-block-paragraph\">En 2016, des repr\u00e9sentants de l\u2019\u00e9tat colombien et des Forces arm\u00e9es r\u00e9volutionnaires de la Colombie (FARC), un groupe d\u2019insurg\u00e9s arm\u00e9s, ont sign\u00e9 un accord de paix (New York Times, 2016). N\u00e9anmoins, des organisations criminelles, connues sous le nom de \u00ab&nbsp;dissidents&nbsp;\u00bb des FARC, ont continu\u00e9 \u00e0 op\u00e9rer dans diff\u00e9rentes r\u00e9gions de la <a href=\"https:\/\/www.humanium.org\/fr\/colombie\/\">Colombie<\/a>. La situation actuelle semble \u00eatre plus lourd qu\u2019elle ne l\u2019\u00e9tait, car il semble ne pas s\u2019agir d\u2019un affrontement seulement entre la gu\u00e9rilla et l\u2019Etat, mais aussi entre des groupes arm\u00e9s qui se disputent le pouvoir et le contr\u00f4le dans diff\u00e9rentes parties du territoire colombien (BBC Mundo, 2022).&nbsp;<\/p>\n\n\n\n<p class=\"wp-block-paragraph\">En cons\u00e9quence, la <a href=\"https:\/\/www.humanium.org\/fr\/colombie\/\">Colombie<\/a> a adopt\u00e9 une politique de s\u00e9curit\u00e9 o\u00f9 la protection de la population civile a \u00e9t\u00e9 rel\u00e9gu\u00e9e au second plan, et la r\u00e9duction du nombre de leaders de groupes criminels semble \u00eatre en t\u00eate de l\u2019agenda politique. Les \u00ab&nbsp;faux positifs&nbsp;\u00bb, o\u00f9 des officiers militaires ont ex\u00e9cut\u00e9 et repr\u00e9sent\u00e9 \u00e0 tort des jeunes civils comme des combattants ennemis, n\u2019ont cess\u00e9 de faire la une de diff\u00e9rents journaux (Aljazeera, 2021). Des organisations telles que Human Rights Watch ont affirm\u00e9 que les membres des forces arm\u00e9es colombiennes sont motiv\u00e9s par des r\u00e9compenses perverses en retour, telles qu\u2019une promotion au grade sup\u00e9rieur (HRW, 2019).&nbsp;<\/p>\n\n\n\n<p class=\"wp-block-paragraph\">Le gouvernement d\u2019Ivan Duque, qui \u00e9tait au pouvoir entre 2018 et 2022, a conduit des op\u00e9rations militaires contre les groupes arm\u00e9s, dont plusieurs ont ensuite \u00e9t\u00e9 critiqu\u00e9s par la soci\u00e9t\u00e9 civile pour les irr\u00e9gularit\u00e9s en vertu desquelles ils ont \u00e9t\u00e9 ex\u00e9cut\u00e9s (El Pa\u00eds, 2022). Les attentats \u00e0 la bombe perp\u00e9tr\u00e9s contre des groupes de gu\u00e9rilleros sont en particulier connus pour <a href=\"https:\/\/www.humanium.org\/fr\/enfant-soldat\/\">leur recrutement constant d&rsquo;enfants<\/a> (El Tiempo, 2019).&nbsp;<\/p>\n\n\n\n<p class=\"wp-block-paragraph\">En ao\u00fbt2019, le gouvernement a ex\u00e9cut\u00e9 un attentat \u00e0 la bombe \u00e0 San Vicente del Cagu\u00e1n. Les examens m\u00e9dico-l\u00e9gaux ont plus tard r\u00e9v\u00e9l\u00e9 que 8 personnes sur les 14 tu\u00e9es durant l\u2019op\u00e9ration \u00e9taient des enfants (Cuesti\u00f3n P\u00fablica, 2020). Guillermo Botero, le ministre de la D\u00e9fense nationale de l\u2019\u00e9poque, a condamn\u00e9 les groupes de gu\u00e9rilleros pour leurs meurtres (BBC Mundo, 2019). <\/p>\n\n\n\n<p class=\"wp-block-paragraph\">Pour d\u00e9fendre ses subordonn\u00e9s, l\u2019ancien ministre de la D\u00e9fense nationale a d\u00e9clar\u00e9 qu\u2019ils n\u2019avaient aucune information sur la pr\u00e9sence d\u2019enfants dans le camp (Cuesti\u00f3n P\u00fablica, 2020). Cependant, le bulletin de renseignements \u00e0 l\u2019usage exclusif du minist\u00e8re de la D\u00e9fense nationale a plus tard prouv\u00e9 le contraire. (Cuesti\u00f3n P\u00fablica, 2020). La situation a g\u00e9n\u00e9r\u00e9 un d\u00e9bat public important qui a conduit Botero \u00e0 d\u00e9missionner (Ministerio de Defensa Nacional, 2019).&nbsp;<\/p>\n\n\n\n<p class=\"wp-block-paragraph\">Durant la premi\u00e8re moiti\u00e9 de l\u2019ann\u00e9e 2021, l\u2019op\u00e9ration militaire des forces arm\u00e9es colombiennes \u00e0 Calamar (Guaviare) a \u00e9t\u00e9 remise en question, car elle a entra\u00een\u00e9 <a href=\"https:\/\/www.humanium.org\/fr\/enfants-dans-la-guerre\/\">l\u2019assassinat<\/a> de 8 enfants (El Pa\u00eds, 2021). Les autorit\u00e9s colombiennes ont pr\u00e9sent\u00e9s l\u2019op\u00e9ration comme \u00e9tant l\u00e9gitime, \u00ab&nbsp;men\u00e9e strictement dans le respect des dispositions du droit international humanitaire&nbsp;\u00bb (Ministerio de Defensa Nacional, 2021). <\/p>\n\n\n\n<p class=\"wp-block-paragraph\">Plus tard, le chef du minist\u00e8re de la D\u00e9fense nationale, Diego Molano, a d\u00e9clar\u00e9 que <a href=\"https:\/\/www.humanium.org\/fr\/enfant-soldat\/\">les enfants recrut\u00e9s<\/a> \u00ab&nbsp;cessent d\u2019\u00eatre des <a href=\"https:\/\/www.humanium.org\/fr\/enfants-dans-la-guerre\/\">victimes<\/a> lors qu\u2019ils commettent des crimes&nbsp;\u00bb, les qualifiant par la suite de \u00ab&nbsp;machines de guerre&nbsp;\u00bb. (Ministerio de Defensa Nacional, 2021). De m\u00eame, en septembre 2021 les forces arm\u00e9es ont bombard\u00e9 un camp de l&rsquo;Arm\u00e9e de lib\u00e9ration nationale (ELN) \u00e0 Litoral de San Juan (Choc\u00f3), o\u00f9 quatre autres enfants, \u00e2g\u00e9s de 13 \u00e0 17 ans, ont \u00e9t\u00e9 tu\u00e9s (El Pa\u00eds, 2022).&nbsp;<\/p>\n\n\n\n<p class=\"wp-block-paragraph\">Les gros titres ont retenti dans le monde entier\u00a0: \u00ab\u00a0La Commission interam\u00e9ricaine des droits de l\u2019homme exprime sa pr\u00e9occupation concernant [\u2026] la vuln\u00e9rabilit\u00e9 des enfants et des adolescents au <a href=\"https:\/\/www.humanium.org\/fr\/enfant-soldat\/\">recrutement<\/a> forc\u00e9 en <a href=\"https:\/\/www.humanium.org\/fr\/colombie\/\">Colombie<\/a>\u00a0\u00bb (Commission interam\u00e9ricaine des droits de l\u2019homme (CIDH), 2021)\u00a0; \u00ab Des enqu\u00eates sont en cours pour savoir si des mineurs ont \u00e9t\u00e9<a href=\"https:\/\/www.humanium.org\/fr\/enfants-dans-la-guerre\/\"> victimes<\/a> de bombardements des forces arm\u00e9es colombiennes\u00a0\u00bb (CNN Espagnol, 2021). <\/p>\n\n\n\n<p class=\"wp-block-paragraph\">Ce sont g\u00e9n\u00e9ralement la presse nationale et internationale, les organismes internationaux, et les organisations non-gouvernementales qui g\u00e9n\u00e8rent suffisamment d\u2019impact pour que l\u2019Etat respecte strictement les dispositions du droit international, en l\u2019occurrence le droit international humanitaire et les droits humains. Dans ce qui suit, les r\u00e8gles qui s\u2019appliquent \u00e0 l\u2019Etat colombien dans ces mati\u00e8res seront bri\u00e8vement abord\u00e9es.\u00a0<\/p>\n\n\n\n<h2 class=\"wp-block-heading\"><strong>Que dit la loi&nbsp;?&nbsp;<\/strong><\/h2>\n\n\n\n<figure class=\"wp-block-image size-large\"><img loading=\"lazy\" decoding=\"async\" width=\"1024\" height=\"819\" src=\"https:\/\/www.humanium.org\/fr\/wp-content\/uploads\/2022\/10\/shutterstock_1688979745-1024x819.jpg\" alt=\"\" class=\"wp-image-53724\" srcset=\"https:\/\/www.humanium.org\/fr\/wp-content\/uploads\/2022\/10\/shutterstock_1688979745-1024x819.jpg 1024w, https:\/\/www.humanium.org\/fr\/wp-content\/uploads\/2022\/10\/shutterstock_1688979745-300x240.jpg 300w, https:\/\/www.humanium.org\/fr\/wp-content\/uploads\/2022\/10\/shutterstock_1688979745-768x614.jpg 768w, https:\/\/www.humanium.org\/fr\/wp-content\/uploads\/2022\/10\/shutterstock_1688979745-1536x1229.jpg 1536w, https:\/\/www.humanium.org\/fr\/wp-content\/uploads\/2022\/10\/shutterstock_1688979745-2048x1639.jpg 2048w, https:\/\/www.humanium.org\/fr\/wp-content\/uploads\/2022\/10\/shutterstock_1688979745-830x664.jpg 830w, https:\/\/www.humanium.org\/fr\/wp-content\/uploads\/2022\/10\/shutterstock_1688979745-230x184.jpg 230w, https:\/\/www.humanium.org\/fr\/wp-content\/uploads\/2022\/10\/shutterstock_1688979745-350x280.jpg 350w, https:\/\/www.humanium.org\/fr\/wp-content\/uploads\/2022\/10\/shutterstock_1688979745-480x384.jpg 480w\" sizes=\"auto, (max-width: 1024px) 100vw, 1024px\" \/><\/figure>\n\n\n\n<p class=\"wp-block-paragraph\">Il convient de mentionner que l\u2019article 45 de la constitution politique <a href=\"https:\/\/www.humanium.org\/fr\/colombie\/\">colombienne<\/a> pr\u00e9voit la <a href=\"https:\/\/www.humanium.org\/fr\/comprendre-droits-enfant\/protection\/\">protection des enfants<\/a>, la d\u00e9crivant comme une obligation de la soci\u00e9t\u00e9 et de l\u2019Etat qui doit \u00eatre accompagn\u00e9e d\u2019une formation holistique. De m\u00eame, le code de l\u2019enfance et de l\u2019adolescence, dont l\u2019int\u00e9r\u00eat principal est de garantir un d\u00e9veloppement global et harmonieux des enfants, r\u00e8glemente le <a href=\"https:\/\/www.humanium.org\/fr\/comprendre-droits-enfant\/protection\/\">droit \u00e0 la protection<\/a> dans son premier article. <\/p>\n\n\n\n<p class=\"wp-block-paragraph\">L\u2019article 20 du m\u00eame document juridique pr\u00e9voit explicitement dans son sixi\u00e8me et son septi\u00e8me paragraphe que les mineurs seront <a href=\"https:\/\/www.humanium.org\/fr\/comprendre-droits-enfant\/protection\/\">prot\u00e9g\u00e9s<\/a> des <a href=\"https:\/\/www.humanium.org\/fr\/enfant-soldat\/\">conflits arm\u00e9s<\/a> internes, ainsi que du <a href=\"https:\/\/www.humanium.org\/fr\/enfant-soldat\/\">recrutement<\/a> et de l\u2019utilisation des mineurs par les groupes arm\u00e9s qui op\u00e8rent en dehors de la loi. L\u2019Etat est ainsi le garant du plein exercice des droits de chacun d\u2019eux (C\u00f3digo de la Infancia y la Adolescencia, 2006, Art. 41). En plus, il est principalement charg\u00e9 d&rsquo;enqu\u00eater sur et de punir les crimes et d\u00e9lits dans lesquels des enfants et des adolescents sont impliqu\u00e9s, pour garantir la <a href=\"https:\/\/www.humanium.org\/fr\/justice\/\">r\u00e9paration<\/a> et la <a href=\"https:\/\/www.humanium.org\/fr\/justice\/\">restauration<\/a> de leurs droits viol\u00e9s (C\u00f3digo de la Infancia y la Adolescencia, 2006, Art. 41).&nbsp;<\/p>\n\n\n\n<p class=\"wp-block-paragraph\">En ce qui concerne la sph\u00e8re internationale, les normes du droit international humanitaire sont \u00e9galement pr\u00e9vues dans l&rsquo;article 38 de la <a href=\"https:\/\/www.humanium.org\/fr\/convention\/\">Convention internationale des droits de l&rsquo;enfant (CIDE).<\/a> Ayant ratifi\u00e9 le trait\u00e9 en 1991, l\u2019\u00e9tat colombien est tenu d\u2019adopter toutes les mesures possibles pour s\u2019assurer que les enfants de moins de 15 ans ne participent pas directement dans les hostilit\u00e9s, et pour garantir la <a href=\"https:\/\/www.humanium.org\/fr\/comprendre-droits-enfant\/protection\/\">protection<\/a> et la prise en charge des enfants qui ont \u00e9t\u00e9 affect\u00e9 par les <a href=\"https:\/\/www.humanium.org\/fr\/enfants-dans-la-guerre\/\">conflits arm\u00e9s<\/a>. <\/p>\n\n\n\n<p class=\"wp-block-paragraph\">Cela devient encore plus significatif lorsque l\u2019on note les commentaires faits par des repr\u00e9sentants de l\u2019\u00e9tat <a href=\"https:\/\/www.humanium.org\/fr\/colombie\/\">colombien<\/a> dans la forme de r\u00e9servations au moment de la ratification de la <a href=\"https:\/\/www.humanium.org\/fr\/convention\/\">CIDE<\/a> (Recueil des trait\u00e9s des Nations Unies, 1991).&nbsp; Ils ont affirm\u00e9 que l\u2019Etat colombien ne limiterait pas la <a href=\"https:\/\/www.humanium.org\/fr\/comprendre-droits-enfant\/protection\/\">protection<\/a> aux enfants \u00e2g\u00e9s de 15 ans ou moins, mais l\u2019\u00e9tendrait jusqu\u2019\u00e0 l\u2019\u00e2ge de 18 ans, conform\u00e9ment \u00e0 la loi colombienne (Recueil des trait\u00e9s des Nations Unies, 1991). Par cons\u00e9quent, la norme qui s\u2019applique en<a href=\"https:\/\/www.humanium.org\/fr\/colombie\/\"> Colombie<\/a> est tr\u00e8s claire ; elle est m\u00eame plus \u00e9lev\u00e9e que celle pr\u00e9vue dans ce corpus juridique.<\/p>\n\n\n\n<p class=\"wp-block-paragraph\">La <a href=\"https:\/\/www.humanium.org\/fr\/colombie\/\">Colombie<\/a> a \u00e9galement ent\u00e9rin\u00e9 <a href=\"https:\/\/www.humanium.org\/fr\/normes\/protocole-facultatif-cide-enfants-dans-conflits-armes\/\">le protocole facultatif \u00e0 la CIDE, concernant l\u2019implication des enfants dans les conflits arm\u00e9s<\/a>. En ratifiant le <a href=\"https:\/\/www.humanium.org\/fr\/normes\/protocole-facultatif-cide-enfants-dans-conflits-armes\/\">protocole<\/a>, les \u00c9tats sont tenus de d\u00e9mobiliser tout enfant de moins de 18 ans qui a \u00e9t\u00e9 <a href=\"https:\/\/www.humanium.org\/fr\/enfant-soldat\/\">recrut\u00e9 obligatoirement<\/a> ou utilis\u00e9 dans des hostilit\u00e9s (Bureau de la Repr\u00e9sentante sp\u00e9ciale du Secr\u00e9taire g\u00e9n\u00e9ral pour les enfants et les conflits arm\u00e9s, s.d.). <\/p>\n\n\n\n<p class=\"wp-block-paragraph\">Ils sont \u00e9galement oblig\u00e9s de r\u00e9int\u00e9grer les enfants dans la soci\u00e9t\u00e9, notamment par la mise en place de services pour que les enfants retrouvent leurs esprits, et du soutien psychologique et physique (Bureau du Repr\u00e9sentant sp\u00e9cial du Secr\u00e9taire g\u00e9n\u00e9ral pour les enfants et les conflits arm\u00e9s, s.d.).\u00a0<\/p>\n\n\n\n<p class=\"wp-block-paragraph\">La loi internationale fournit \u00e9galement des r\u00e8gles sp\u00e9cifiques pour la <a href=\"https:\/\/www.humanium.org\/fr\/comprendre-droits-enfant\/protection\/\">protection<\/a> de l\u2019int\u00e9grit\u00e9 physique et psychologique des enfants quand ils sont <a href=\"https:\/\/www.humanium.org\/fr\/enfant-soldat\/\">impliqu\u00e9s<\/a> dans des activit\u00e9s militaires (Vargas-Areco v. Paraguay, 2006, para. 112-113). Le protocole additionnel aux conventions de Gen\u00e8ve d\u2019aout 1949 relatif \u00e0 la protection des victimes des conflits arm\u00e9s non internationaux (Protocole II) pr\u00e9voit le besoin d\u2019une protection sp\u00e9ciale pour les enfants, qu\u2019ils ont pris part ou non au conflit. <\/p>\n\n\n\n<p class=\"wp-block-paragraph\">Plus pr\u00e9cis\u00e9ment, l\u2019article 4 (3) affirme qu\u2019il faut fournir aux enfants les soins et l\u2019assistance n\u00e9cessaires. D&rsquo;autres principes basiques de la loi internationale humanitaire, comme la pr\u00e9caution et l\u2019humanit\u00e9, ont \u00e9galement des bases juridiques irr\u00e9futables dans le pr\u00e9sent contexte.&nbsp;<\/p>\n\n\n\n<h2 class=\"wp-block-heading\"><strong>Les enfants sont-ils prot\u00e9g\u00e9s des conflits arm\u00e9s dans la pratique&nbsp;?&nbsp;<\/strong><\/h2>\n\n\n\n<p class=\"wp-block-paragraph\">Les attaques mentionn\u00e9es dans cet article ne sont pas les seules signal\u00e9es en violation pr\u00e9sum\u00e9e du droit international. En fait, le <em>modus operandi<\/em> du gouvernement d\u2019Ivan Duque semblait pr\u00e9senter une sorte de mod\u00e8le en op\u00e9rant au m\u00e9pris total des dispositions du droit international, ignorant compl\u00e8tement les \u00e9tudes pr\u00e9c\u00e9dentes du renseignement militaire pour ensuite se vanter dans des d\u00e9clarations publiques d\u2019avoir diminu\u00e9 le nombre de chefs de groupes criminels (Presidencia de la Rep\u00fablica, 2019).&nbsp;<\/p>\n\n\n\n<p class=\"wp-block-paragraph\">L\u2019Etat colombien a une responsabilit\u00e9 qui ne se pr\u00eate \u00e0 aucun doute, qui est d\u2019assurer la <a href=\"https:\/\/www.humanium.org\/fr\/comprendre-droits-enfant\/protection\/\">protection<\/a> des enfants et de les sauver du <a href=\"https:\/\/www.humanium.org\/fr\/enfant-soldat\/\">recrutement<\/a> dont ils ne sont que des victimes. Cette mani\u00e8re d\u2019aborder la situation, sans consid\u00e9rer les enfants comme des criminels ou les \u00e9tiqueter comme des \u00ab&nbsp;machines de guerre&nbsp;\u00bb, est un point de d\u00e9part cl\u00e9. Ces termes ne font que r\u00e9duire les enfants de nouveau \u00e0 l\u2019\u00e9tat de victimes face \u00e0 ceux qui devraient les prot\u00e9ger au maximum.&nbsp;<\/p>\n\n\n\n<p class=\"wp-block-paragraph\">Le gouvernement colombien, dirig\u00e9 par Gustavo Petro and Francia Marquez, a sans aucun doute beaucoup de travail devant lui, notamment en ce qui concerne l\u2019enqu\u00eate, la punition des auteurs et l\u2019octroi de r\u00e9parations aux victimes et\/ou \u00e0 leurs familles respectives, ainsi que la mise en \u0153uvre de mesures pr\u00e9ventives pour \u00e9viter que cela ne se reproduise. <\/p>\n\n\n\n<p class=\"wp-block-paragraph\">Le gouvernement colombien actuel devrait \u00eatre en mesure de pr\u00e9parer des m\u00e9canismes suffisants et efficaces pour que les victimes et\/ou leurs familles puissent obtenir la <a href=\"https:\/\/www.humanium.org\/fr\/justice\/\">justice<\/a> au sein du territoire nationale. Sinon, il pourrait s\u2019\u00e9couler des ann\u00e9es avant que nombre d\u2019entre eux puissent obtenir une r\u00e9ponse des organes internationaux judiciaires et quasi-judiciaires.\u00a0<\/p>\n\n\n\n<p class=\"wp-block-paragraph\">Les derni\u00e8res d\u00e9clarations du gouvernement actuel, dans lesquelles ils s\u2019engagent \u00e0 ne pas bombarder l\u00e0 ou il pourrait y avoir des enfants recrut\u00e9s, sont prometteuses (Euronews, 2022). Cependant, elles resteront plut\u00f4t insignifiantes jusqu\u2019\u00e0 ce qu\u2019il soit d\u00e9montr\u00e9 que la th\u00e9orie est enfin mise en \u0153uvre dans la pratique.<\/p>\n\n\n\n<figure class=\"wp-block-image size-large\"><img loading=\"lazy\" decoding=\"async\" width=\"1024\" height=\"768\" src=\"https:\/\/www.humanium.org\/fr\/wp-content\/uploads\/2022\/10\/shutterstock_1363157771-1024x768.jpg\" alt=\"\" class=\"wp-image-53725\" srcset=\"https:\/\/www.humanium.org\/fr\/wp-content\/uploads\/2022\/10\/shutterstock_1363157771-1024x768.jpg 1024w, https:\/\/www.humanium.org\/fr\/wp-content\/uploads\/2022\/10\/shutterstock_1363157771-300x225.jpg 300w, https:\/\/www.humanium.org\/fr\/wp-content\/uploads\/2022\/10\/shutterstock_1363157771-768x576.jpg 768w, https:\/\/www.humanium.org\/fr\/wp-content\/uploads\/2022\/10\/shutterstock_1363157771-1536x1152.jpg 1536w, https:\/\/www.humanium.org\/fr\/wp-content\/uploads\/2022\/10\/shutterstock_1363157771-2048x1536.jpg 2048w, https:\/\/www.humanium.org\/fr\/wp-content\/uploads\/2022\/10\/shutterstock_1363157771-830x623.jpg 830w, https:\/\/www.humanium.org\/fr\/wp-content\/uploads\/2022\/10\/shutterstock_1363157771-230x173.jpg 230w, https:\/\/www.humanium.org\/fr\/wp-content\/uploads\/2022\/10\/shutterstock_1363157771-350x263.jpg 350w, https:\/\/www.humanium.org\/fr\/wp-content\/uploads\/2022\/10\/shutterstock_1363157771-480x360.jpg 480w\" sizes=\"auto, (max-width: 1024px) 100vw, 1024px\" \/><\/figure>\n\n\n\n<p class=\"wp-block-paragraph\">En tant qu\u2019ONG ax\u00e9e sur le bien-\u00eatre des enfants dans le monde entier, Humanium condamne fermement le recrutement des enfants et la violence a leur encontre. Humanium continue de travailler \u00e0 la sensibilisation aux droits des enfants qui sont impliqu\u00e9s dans des <a href=\"https:\/\/www.humanium.org\/fr\/enfants-dans-la-guerre\">conflits arm\u00e9s <\/a>et de ceux qui ne le sont pas, mais qui deviennent \u00e9galement des victimes \u2013 comme dans le cas de la Colombie et de nombreux autres pays \u00e0 travers le monde. \u00c0 cette fin, nous faisons appel \u00e0 la collaboration de ceux qui s\u2019identifient \u00e0 la cause. <\/p>\n\n\n\n<p class=\"wp-block-paragraph\">Si vous souhaitez soutenir nos objectifs, veuillez envisager de faire un don, de parrainer ou de faire du b\u00e9n\u00e9volat dans les projets dans lesquels Humanium est actuellement impliqu\u00e9.<\/p>\n\n\n\n<p class=\"wp-block-paragraph\"><em><strong>Ecrit par Camila Ortiz Britez<\/strong><\/em><\/p>\n\n\n\n<p class=\"wp-block-paragraph\"><em><strong>Traduit par Gulbahar ibis<\/strong><\/em><\/p>\n\n\n\n<p class=\"wp-block-paragraph\"><em><strong>Relu par Alexandra Macpherson<\/strong><\/em><\/p>\n\n\n\n<h4 class=\"wp-block-heading\"><strong>Travaux cit\u00e9s&nbsp;:&nbsp;<\/strong><\/h4>\n\n\n\n<p class=\"has-small-font-size wp-block-paragraph\">Aljazeera (2021) Colombian army \u2018false positives\u2019 scandal: \u2018No one listened to us\u2019. Obtained from <a href=\"https:\/\/www.aljazeera.com\/news\/2021\/2\/23\/colombian-army-scandal-no-one-listened-to-us#:~:text=Official%20reports%20that%20claimed%20Garzon,represented%20young%20civilian%20men%20as\" target=\"_blank\" rel=\"noreferrer noopener\">https:\/\/www.aljazeera.com\/news\/2021\/2\/23\/colombian-army-scandal-no-one-listened-to-us#:~:text=Official%20reports%20that%20claimed%20Garzon,represented%20young%20civilian%20men%20as<\/a>, accessed on September 12, 2022.<\/p>\n\n\n\n<p class=\"has-small-font-size wp-block-paragraph\">BBC Mundo (2019) Renuncia el ministro de Defensa de Colombia: Guillermo Botero dimite en medio de la pol\u00e9mica por la operaci\u00f3n militar en que murieron varios menores. Obtained from <a href=\"https:\/\/www.bbc.com\/mundo\/noticias-america-latina-50326172\" target=\"_blank\" rel=\"noreferrer noopener\">https:\/\/www.bbc.com\/mundo\/noticias-america-latina-50326172<\/a>, accessed on September 12, 2022.&nbsp;&nbsp;<\/p>\n\n\n\n<p class=\"has-small-font-size wp-block-paragraph\">BBC Mundo (2022) 3 claves para entender la larga rivalidad entre las FARC y el ELN (y c\u00f3mo ahora llena de violencia la frontera entre Colombia y Venezuela). Obtained from <a href=\"https:\/\/www.bbc.com\/mundo\/noticias-america-latina-59863553\" target=\"_blank\" rel=\"noreferrer noopener\">https:\/\/www.bbc.com\/mundo\/noticias-america-latina-59863553<\/a>, accessed on September 12, 2022.&nbsp;<\/p>\n\n\n\n<p class=\"has-small-font-size wp-block-paragraph\">Case of Vargas-Areco v. Paraguay, Inter-American Court on Human Rights (September 26, 2006) Obtained from <a href=\"https:\/\/www.corteidh.or.cr\/docs\/casos\/articulos\/seriec_155_ing.pdf\" target=\"_blank\" rel=\"noreferrer noopener\">https:\/\/www.corteidh.or.cr\/docs\/casos\/articulos\/seriec_155_ing.pdf<\/a>, accessed on September 12, 2022.&nbsp;<\/p>\n\n\n\n<p class=\"has-small-font-size wp-block-paragraph\">CNN Espa\u00f1ol (2021) Investigan si menores murieron en bombardeo de las Fuerzas Armadas de Colombia. Obtained from <a href=\"https:\/\/cnnespanol.cnn.com\/2021\/03\/10\/bombardeo-colombia-menores-investigacion-orix\/\" target=\"_blank\" rel=\"noreferrer noopener\">https:\/\/cnnespanol.cnn.com\/2021\/03\/10\/bombardeo-colombia-menores-investigacion-orix\/<\/a>, accessed on September 14, 2022.&nbsp;<\/p>\n\n\n\n<p class=\"has-small-font-size wp-block-paragraph\">Comisi\u00f3n para el Esclarecimiento de la Verdad, la Convivencia y la No Repetici\u00f3n (2022) Relato hist\u00f3rico del conflicto armado interno en Colombia. Obtained from <a href=\"https:\/\/www.comisiondelaverdad.co\/sites\/default\/files\/descargables\/2022-08\/CEV_NARRATIVA%20HISTORICA_DIGITAL_2022.pdf\" target=\"_blank\" rel=\"noreferrer noopener\">https:\/\/www.comisiondelaverdad.co\/sites\/default\/files\/descargables\/2022-08\/CEV_NARRATIVA%20HISTORICA_DIGITAL_2022.pdf<\/a>, accessed on September 12, 2022.<\/p>\n\n\n\n<p class=\"has-small-font-size wp-block-paragraph\">Constituci\u00f3n Pol\u00edtica de Colombia (1991) Obtained from <a href=\"http:\/\/www.secretariasenado.gov.co\/constitucion-politica\" target=\"_blank\" rel=\"noreferrer noopener\">http:\/\/www.secretariasenado.gov.co\/constitucion-politica<\/a>, accessed on September 12, 2022.&nbsp;<\/p>\n\n\n\n<p class=\"has-small-font-size wp-block-paragraph\">Convention on the Rights of the Child (1989) 1577 UNTS 3. Obtained from <a href=\"https:\/\/www.ohchr.org\/en\/instruments-mechanisms\/instruments\/convention-rights-child\" target=\"_blank\" rel=\"noreferrer noopener\">https:\/\/www.ohchr.org\/en\/instruments-mechanisms\/instruments\/convention-rights-child<\/a>, accessed on September 12, 2022.&nbsp;<\/p>\n\n\n\n<p class=\"has-small-font-size wp-block-paragraph\">Cuesti\u00f3n P\u00fablica (2020) Gobierno sab\u00eda que hab\u00eda ni\u00f1os en Operaci\u00f3n Atai y a\u00fan as\u00ed los bombarde\u00f3. Obtained from <a href=\"https:\/\/cuestionpublica.com\/exclusivocuestionpublicaydejusticia-liberacion-informes-de-inteligencia-operacion-atai\/\" target=\"_blank\" rel=\"noreferrer noopener\">https:\/\/cuestionpublica.com\/exclusivocuestionpublicaydejusticia-liberacion-informes-de-inteligencia-operacion-atai\/<\/a>, accessed on September 13, 2022.&nbsp;<\/p>\n\n\n\n<p class=\"has-small-font-size wp-block-paragraph\">El Pa\u00eds (2021) El ej\u00e9rcito de Colombia bombardea un campamento guerrillero con menores. Obtained from <a href=\"https:\/\/elpais.com\/internacional\/2021-03-10\/el-ejercito-de-colombia-bombardea-un-campamento-guerrillero-con-menores.html\" target=\"_blank\" rel=\"noreferrer noopener\">https:\/\/elpais.com\/internacional\/2021-03-10\/el-ejercito-de-colombia-bombardea-un-campamento-guerrillero-con-menores.html<\/a>, accessed on September 14, 2022.&nbsp;&nbsp;<\/p>\n\n\n\n<p class=\"has-small-font-size wp-block-paragraph\">El Pa\u00eds (2022) Menores Muertos en bombardeos: un tr\u00e1gico balance del Gobierno de Duque. Obtained from <a href=\"https:\/\/elpais.com\/america-colombia\/2022-07-31\/menores-muertos-en-bombardeos-un-tragico-balance-del-gobierno-duque.html\" target=\"_blank\" rel=\"noreferrer noopener\">https:\/\/elpais.com\/america-colombia\/2022-07-31\/menores-muertos-en-bombardeos-un-tragico-balance-del-gobierno-duque.html<\/a>, accessed on September 14, 2022.<\/p>\n\n\n\n<p class=\"has-small-font-size wp-block-paragraph\">El tiempo (2019) Secretos del bombardeo que mat\u00f3 a 8 ni\u00f1os y cobr\u00f3 la cabeza de Botero. Obtained from <a href=\"https:\/\/www.eltiempo.com\/unidad-investigativa\/asi-fue-el-bombardeo-en-el-que-murieron-8-ninos-en-caqueta-432146\" target=\"_blank\" rel=\"noreferrer noopener\">https:\/\/www.eltiempo.com\/unidad-investigativa\/asi-fue-el-bombardeo-en-el-que-murieron-8-ninos-en-caqueta-432146<\/a>, accessed on September 21, 2022.<\/p>\n\n\n\n<p class=\"has-small-font-size wp-block-paragraph\">Euronews (2022) Colombia suspende los ataques sobre campamentos guerrilleros donde haya menores reclutados. Obtained from <a href=\"https:\/\/es.euronews.com\/2022\/08\/26\/colombia-suspende-los-ataques-sobre-campamentos-guerrilleros-donde-haya-menores-reclutados\" target=\"_blank\" rel=\"noreferrer noopener\">https:\/\/es.euronews.com\/2022\/08\/26\/colombia-suspende-los-ataques-sobre-campamentos-guerrilleros-donde-haya-menores-reclutados<\/a>, accessed on September 21, 2022.&nbsp;<\/p>\n\n\n\n<p class=\"has-small-font-size wp-block-paragraph\">Human Rights Watch (HRW) (2019) Colombia: New Army Commanders Linked to Killings. Obtained from <a href=\"https:\/\/www.hrw.org\/es\/news\/2019\/02\/27\/colombia-nuevos-comandantes-del-ejercito-estarian-vinculados-con-falsos-positivos\" target=\"_blank\" rel=\"noreferrer noopener\">https:\/\/www.hrw.org\/es\/news\/2019\/02\/27\/colombia-nuevos-comandantes-del-ejercito-estarian-vinculados-con-falsos-positivos<\/a>, accessed on September 12, 2022.&nbsp;<\/p>\n\n\n\n<p class=\"has-small-font-size wp-block-paragraph\">Inter American Commission on Human Rights (IACHR) (2021) IACHR Expresses Concern Over Death of Adolescent Girl During Military Operation in Guaviare and Over Vulnerability of Children and Adolescents to Forced Recruitment in Colombia. No. 064\/21. Obtained from <a href=\"https:\/\/www.oas.org\/en\/iachr\/jsForm\/?File=\/en\/iachr\/media_center\/preleases\/2021\/064.asp\" target=\"_blank\" rel=\"noreferrer noopener\">https:\/\/www.oas.org\/en\/iachr\/jsForm\/?File=\/en\/iachr\/media_center\/preleases\/2021\/064.asp<\/a>, accessed on September 14, 2022.&nbsp;<\/p>\n\n\n\n<p class=\"has-small-font-size wp-block-paragraph\">C\u00f3digo de la Infancia y la Adolescencia. Ley 1098 (2006) Obtained from <a href=\"https:\/\/www.icbf.gov.co\/sites\/default\/files\/codigoinfancialey1098.pdf\" target=\"_blank\" rel=\"noreferrer noopener\">https:\/\/www.icbf.gov.co\/sites\/default\/files\/codigoinfancialey1098.pdf<\/a>, accessed on September 12, 2022.<\/p>\n\n\n\n<p class=\"has-small-font-size wp-block-paragraph\">Ministerio de Defensa Nacional (2019) Comunicado a la opini\u00f3n p\u00fablica. Obtained from <a href=\"https:\/\/twitter.com\/mindefensa\/status\/1192222610937073664\" target=\"_blank\" rel=\"noreferrer noopener\">https:\/\/twitter.com\/mindefensa\/status\/1192222610937073664<\/a>, accessed on September 12, 2022.&nbsp;<\/p>\n\n\n\n<p class=\"has-small-font-size wp-block-paragraph\">Ministerio de Defensa Nacional (2021) Desde una acci\u00f3n militar legitima en el marco del DIH se realiz\u00f3 el golpe a estructura \u2018Gentil Duarte\u2019 en Guaviare. Obtained from https:\/\/www.mindefensa.gov.co\/irj\/portal\/Mindefensa\/contenido\/noticiamdn?idXml=7010b877-2064-3910-a882-9cc82de1fcae&amp;date=10022021, accessed on September 14, 2022.&nbsp;&nbsp;<\/p>\n\n\n\n<p class=\"has-small-font-size wp-block-paragraph\">Office of the Special Representative of the Secretary-General for Children and Armed Conflict. Obtained from <a href=\"https:\/\/childrenandarmedconflict.un.org\/tools-for-action\/opac\/#:~:text=The%20Optional%20Protocol%20to%20the,force%20on%2012%20February%202002\" target=\"_blank\" rel=\"noreferrer noopener\">https:\/\/childrenandarmedconflict.un.org\/tools-for-action\/opac\/#:~:text=The%20Optional%20Protocol%20to%20the,force%20on%2012%20February%202002<\/a>, accessed on September 14, 2022.&nbsp;<\/p>\n\n\n\n<p class=\"has-small-font-size wp-block-paragraph\">Optional Protocol to the Convention on the Rights of the Child on the involvement of children in armed conflict (2000) 2173 UNTS 27531. Obtained from <a href=\"https:\/\/www.ohchr.org\/en\/instruments-mechanisms\/instruments\/optional-protocol-convention-rights-child-involvement-children\" target=\"_blank\" rel=\"noreferrer noopener\">https:\/\/www.ohchr.org\/en\/instruments-mechanisms\/instruments\/optional-protocol-convention-rights-child-involvement-children<\/a>, accessed on September 12, 2022.&nbsp;<\/p>\n\n\n\n<p class=\"has-small-font-size wp-block-paragraph\">Presidencia de la Rep\u00fablica (2019) Este es un golpe letal a las estructuras criminales del narcotr\u00e1fico en el Cauca, dijo el Presidente Duque sobre operaci\u00f3n en la que cay\u00f3 alias \u2018Alonso\u2019, cabecilla de disidencia de las FARC. Obtained from <a href=\"https:\/\/id.presidencia.gov.co\/Paginas\/prensa\/2019\/golpe-letal-estructuras-criminales-narcotrafico-Cauca-Presidente-Duque-alias-Alonso-cabecilla-disidencia-Farc-190912.aspx\" target=\"_blank\" rel=\"noreferrer noopener\">https:\/\/id.presidencia.gov.co\/Paginas\/prensa\/2019\/golpe-letal-estructuras-criminales-narcotrafico-Cauca-Presidente-Duque-alias-Alonso-cabecilla-disidencia-Farc-190912.aspx<\/a>, accessed on September 14, 2022.&nbsp;<\/p>\n\n\n\n<p class=\"has-small-font-size wp-block-paragraph\">Protocol Additional to the Geneva Conventions of 12 August 1949, and Relating to the Protection of Victims of Non-International Armed Conflicts (Protocol II) (1977) Obtained from <a href=\"https:\/\/www.ohchr.org\/en\/instruments-mechanisms\/instruments\/protocol-additional-geneva-conventions-12-august-1949-and-0\" target=\"_blank\" rel=\"noreferrer noopener\">https:\/\/www.ohchr.org\/en\/instruments-mechanisms\/instruments\/protocol-additional-geneva-conventions-12-august-1949-and-0<\/a>, accessed on September 12, 2022.&nbsp;<\/p>\n\n\n\n<p class=\"has-small-font-size wp-block-paragraph\">The New York Times (2016) El gobierno colombiano firm\u00f3 el acuerdo de paz con las FARC. Obtained from <a href=\"https:\/\/www.nytimes.com\/es\/2016\/09\/26\/espanol\/el-gobierno-colombiano-firmo-el-acuerdo-de-paz-con-las-farc.html\" target=\"_blank\" rel=\"noreferrer noopener\">https:\/\/www.nytimes.com\/es\/2016\/09\/26\/espanol\/el-gobierno-colombiano-firmo-el-acuerdo-de-paz-con-las-farc.html<\/a>, accessed on September 12, 2022.&nbsp;<\/p>\n\n\n\n<p class=\"has-small-font-size wp-block-paragraph\">United Nation Treaty Collection. (1991) Obtained from <a href=\"https:\/\/treaties.un.org\/Pages\/ViewDetails.aspx?src=TREATY&amp;mtdsg_no=IV-11&amp;chapter=4#EndDec\" target=\"_blank\" rel=\"noreferrer noopener\">https:\/\/treaties.un.org\/Pages\/ViewDetails.aspx?src=TREATY&amp;mtdsg_no=IV-11&amp;chapter=4#EndDec<\/a> , accessed on September 14, 2022.&nbsp;<\/p>\n","protected":false},"excerpt":{"rendered":"<p>Plus r\u00e9cemment, l\u2019histoire de la Colombie a \u00e9t\u00e9 marqu\u00e9e par un conflit arm\u00e9. Globalement, les luttes sociales et politiques r\u00e9sultant du m\u00e9contentement du secteur rural, de la r\u00e9partition in\u00e9gale des terres, et du manque de participation politique au d\u00e9triment de certains secteurs de la soci\u00e9t\u00e9, ont eu pour cons\u00e9quence l\u2019usage de la violence (La Comisi\u00f3n [&hellip;]<\/p>\n","protected":false},"author":69,"featured_media":53726,"comment_status":"closed","ping_status":"closed","sticky":false,"template":"","format":"standard","meta":{"footnotes":""},"categories":[220,4,233,214],"tags":[],"class_list":["post-53723","post","type-post","status-publish","format-standard","has-post-thumbnail","hentry","category-droits-des-enfants","category-droits-humains","category-exploitation","category-violence"],"yoast_head":"<!-- This site is optimized with the Yoast SEO plugin v28.3 - https:\/\/yoast.com\/product\/yoast-seo-wordpress\/ -->\n<title>Des enfants victimes d\u2019attentats \u00e0 la bombe perp\u00e9tr\u00e9s par l\u2019\u00c9tat colombien - Humanium<\/title>\n<meta name=\"description\" content=\"L\u2019histoire de la Colombie a \u00e9t\u00e9 marqu\u00e9e par un conflit arm\u00e9. La lutte sociale et politique a par cons\u00e9quent conduit \u00e0 l&#039;usage de la violence.\" \/>\n<meta name=\"robots\" content=\"index, follow, max-snippet:-1, max-image-preview:large, max-video-preview:-1\" \/>\n<link rel=\"canonical\" href=\"https:\/\/www.humanium.org\/fr\/des-enfants-victimes-dattentats-a-la-bombe-perpetres-par-letat-colombien\/\" \/>\n<meta property=\"og:locale\" content=\"fr_FR\" \/>\n<meta property=\"og:type\" content=\"article\" \/>\n<meta property=\"og:title\" content=\"Des enfants victimes d\u2019attentats \u00e0 la bombe perp\u00e9tr\u00e9s par l\u2019\u00c9tat colombien - Humanium\" \/>\n<meta property=\"og:description\" content=\"L\u2019histoire de la Colombie a \u00e9t\u00e9 marqu\u00e9e par un conflit arm\u00e9. La lutte sociale et politique a par cons\u00e9quent conduit \u00e0 l&#039;usage de la violence.\" \/>\n<meta property=\"og:url\" content=\"https:\/\/www.humanium.org\/fr\/des-enfants-victimes-dattentats-a-la-bombe-perpetres-par-letat-colombien\/\" \/>\n<meta property=\"og:site_name\" content=\"Humanium\" \/>\n<meta property=\"article:published_time\" content=\"2022-11-01T09:34:04+00:00\" \/>\n<meta property=\"article:modified_time\" content=\"2026-08-21T03:22:54+00:00\" \/>\n<meta property=\"og:image\" content=\"https:\/\/www.humanium.org\/fr\/wp-content\/uploads\/2022\/10\/shutterstock_1387116785-scaled.jpg\" \/>\n\t<meta property=\"og:image:width\" content=\"2560\" \/>\n\t<meta property=\"og:image:height\" content=\"1707\" \/>\n\t<meta property=\"og:image:type\" content=\"image\/jpeg\" \/>\n<meta name=\"author\" content=\"Humanium\" \/>\n<meta name=\"twitter:card\" content=\"summary_large_image\" \/>\n<meta name=\"twitter:label1\" content=\"\u00c9crit par\" \/>\n\t<meta name=\"twitter:data1\" content=\"Humanium\" \/>\n\t<meta name=\"twitter:label2\" content=\"Dur\u00e9e de lecture estim\u00e9e\" \/>\n\t<meta name=\"twitter:data2\" content=\"13 minutes\" \/>\n<script type=\"application\/ld+json\" class=\"yoast-schema-graph\">{\"@context\":\"https:\\\/\\\/schema.org\",\"@graph\":[{\"@type\":\"Article\",\"@id\":\"https:\\\/\\\/www.humanium.org\\\/fr\\\/des-enfants-victimes-dattentats-a-la-bombe-perpetres-par-letat-colombien\\\/#article\",\"isPartOf\":{\"@id\":\"https:\\\/\\\/www.humanium.org\\\/fr\\\/des-enfants-victimes-dattentats-a-la-bombe-perpetres-par-letat-colombien\\\/\"},\"author\":{\"name\":\"Humanium\",\"@id\":\"https:\\\/\\\/www.humanium.org\\\/fr\\\/#\\\/schema\\\/person\\\/d798d6c7d59ba2307e0877f61a20ce3e\"},\"headline\":\"Des enfants victimes d\u2019attentats \u00e0 la bombe perp\u00e9tr\u00e9s par l\u2019\u00c9tat colombien\",\"datePublished\":\"2022-11-01T09:34:04+00:00\",\"dateModified\":\"2026-08-21T03:22:54+00:00\",\"mainEntityOfPage\":{\"@id\":\"https:\\\/\\\/www.humanium.org\\\/fr\\\/des-enfants-victimes-dattentats-a-la-bombe-perpetres-par-letat-colombien\\\/\"},\"wordCount\":2847,\"image\":{\"@id\":\"https:\\\/\\\/www.humanium.org\\\/fr\\\/des-enfants-victimes-dattentats-a-la-bombe-perpetres-par-letat-colombien\\\/#primaryimage\"},\"thumbnailUrl\":\"https:\\\/\\\/www.humanium.org\\\/fr\\\/wp-content\\\/uploads\\\/2022\\\/10\\\/shutterstock_1387116785-scaled.jpg\",\"articleSection\":[\"Droits des enfants\",\"Droits humains\",\"Exploitation\",\"violence\"],\"inLanguage\":\"fr-FR\"},{\"@type\":\"WebPage\",\"@id\":\"https:\\\/\\\/www.humanium.org\\\/fr\\\/des-enfants-victimes-dattentats-a-la-bombe-perpetres-par-letat-colombien\\\/\",\"url\":\"https:\\\/\\\/www.humanium.org\\\/fr\\\/des-enfants-victimes-dattentats-a-la-bombe-perpetres-par-letat-colombien\\\/\",\"name\":\"Des enfants victimes d\u2019attentats \u00e0 la bombe perp\u00e9tr\u00e9s par l\u2019\u00c9tat colombien - Humanium\",\"isPartOf\":{\"@id\":\"https:\\\/\\\/www.humanium.org\\\/fr\\\/#website\"},\"primaryImageOfPage\":{\"@id\":\"https:\\\/\\\/www.humanium.org\\\/fr\\\/des-enfants-victimes-dattentats-a-la-bombe-perpetres-par-letat-colombien\\\/#primaryimage\"},\"image\":{\"@id\":\"https:\\\/\\\/www.humanium.org\\\/fr\\\/des-enfants-victimes-dattentats-a-la-bombe-perpetres-par-letat-colombien\\\/#primaryimage\"},\"thumbnailUrl\":\"https:\\\/\\\/www.humanium.org\\\/fr\\\/wp-content\\\/uploads\\\/2022\\\/10\\\/shutterstock_1387116785-scaled.jpg\",\"datePublished\":\"2022-11-01T09:34:04+00:00\",\"dateModified\":\"2026-08-21T03:22:54+00:00\",\"author\":{\"@id\":\"https:\\\/\\\/www.humanium.org\\\/fr\\\/#\\\/schema\\\/person\\\/d798d6c7d59ba2307e0877f61a20ce3e\"},\"description\":\"L\u2019histoire de la Colombie a \u00e9t\u00e9 marqu\u00e9e par un conflit arm\u00e9. La lutte sociale et politique a par cons\u00e9quent conduit \u00e0 l'usage de la violence.\",\"breadcrumb\":{\"@id\":\"https:\\\/\\\/www.humanium.org\\\/fr\\\/des-enfants-victimes-dattentats-a-la-bombe-perpetres-par-letat-colombien\\\/#breadcrumb\"},\"inLanguage\":\"fr-FR\",\"potentialAction\":[{\"@type\":\"ReadAction\",\"target\":[\"https:\\\/\\\/www.humanium.org\\\/fr\\\/des-enfants-victimes-dattentats-a-la-bombe-perpetres-par-letat-colombien\\\/\"]}]},{\"@type\":\"ImageObject\",\"inLanguage\":\"fr-FR\",\"@id\":\"https:\\\/\\\/www.humanium.org\\\/fr\\\/des-enfants-victimes-dattentats-a-la-bombe-perpetres-par-letat-colombien\\\/#primaryimage\",\"url\":\"https:\\\/\\\/www.humanium.org\\\/fr\\\/wp-content\\\/uploads\\\/2022\\\/10\\\/shutterstock_1387116785-scaled.jpg\",\"contentUrl\":\"https:\\\/\\\/www.humanium.org\\\/fr\\\/wp-content\\\/uploads\\\/2022\\\/10\\\/shutterstock_1387116785-scaled.jpg\",\"width\":2560,\"height\":1707},{\"@type\":\"BreadcrumbList\",\"@id\":\"https:\\\/\\\/www.humanium.org\\\/fr\\\/des-enfants-victimes-dattentats-a-la-bombe-perpetres-par-letat-colombien\\\/#breadcrumb\",\"itemListElement\":[{\"@type\":\"ListItem\",\"position\":1,\"name\":\"Home\",\"item\":\"https:\\\/\\\/www.humanium.org\\\/fr\\\/\"},{\"@type\":\"ListItem\",\"position\":2,\"name\":\"Des enfants victimes d\u2019attentats \u00e0 la bombe perp\u00e9tr\u00e9s par l\u2019\u00c9tat colombien\"}]},{\"@type\":\"WebSite\",\"@id\":\"https:\\\/\\\/www.humanium.org\\\/fr\\\/#website\",\"url\":\"https:\\\/\\\/www.humanium.org\\\/fr\\\/\",\"name\":\"Humanium\",\"description\":\"Les enfants d\u2019abord !\",\"potentialAction\":[{\"@type\":\"SearchAction\",\"target\":{\"@type\":\"EntryPoint\",\"urlTemplate\":\"https:\\\/\\\/www.humanium.org\\\/fr\\\/?s={search_term_string}\"},\"query-input\":{\"@type\":\"PropertyValueSpecification\",\"valueRequired\":true,\"valueName\":\"search_term_string\"}}],\"inLanguage\":\"fr-FR\"},{\"@type\":\"Person\",\"@id\":\"https:\\\/\\\/www.humanium.org\\\/fr\\\/#\\\/schema\\\/person\\\/d798d6c7d59ba2307e0877f61a20ce3e\",\"name\":\"Humanium\",\"image\":{\"@type\":\"ImageObject\",\"inLanguage\":\"fr-FR\",\"@id\":\"https:\\\/\\\/secure.gravatar.com\\\/avatar\\\/22715e338d2fcc547e3a431c4738360d33fea2a4af458f865b2c3b22f1eaa51f?s=96&d=mm&r=g\",\"url\":\"https:\\\/\\\/secure.gravatar.com\\\/avatar\\\/22715e338d2fcc547e3a431c4738360d33fea2a4af458f865b2c3b22f1eaa51f?s=96&d=mm&r=g\",\"contentUrl\":\"https:\\\/\\\/secure.gravatar.com\\\/avatar\\\/22715e338d2fcc547e3a431c4738360d33fea2a4af458f865b2c3b22f1eaa51f?s=96&d=mm&r=g\",\"caption\":\"Humanium\"},\"url\":\"https:\\\/\\\/www.humanium.org\\\/fr\\\/author\\\/humanium\\\/\"}]}<\/script>\n<!-- \/ Yoast SEO plugin. -->","yoast_head_json":{"title":"Des enfants victimes d\u2019attentats \u00e0 la bombe perp\u00e9tr\u00e9s par l\u2019\u00c9tat colombien - Humanium","description":"L\u2019histoire de la Colombie a \u00e9t\u00e9 marqu\u00e9e par un conflit arm\u00e9. La lutte sociale et politique a par cons\u00e9quent conduit \u00e0 l'usage de la violence.","robots":{"index":"index","follow":"follow","max-snippet":"max-snippet:-1","max-image-preview":"max-image-preview:large","max-video-preview":"max-video-preview:-1"},"canonical":"https:\/\/www.humanium.org\/fr\/des-enfants-victimes-dattentats-a-la-bombe-perpetres-par-letat-colombien\/","og_locale":"fr_FR","og_type":"article","og_title":"Des enfants victimes d\u2019attentats \u00e0 la bombe perp\u00e9tr\u00e9s par l\u2019\u00c9tat colombien - Humanium","og_description":"L\u2019histoire de la Colombie a \u00e9t\u00e9 marqu\u00e9e par un conflit arm\u00e9. La lutte sociale et politique a par cons\u00e9quent conduit \u00e0 l'usage de la violence.","og_url":"https:\/\/www.humanium.org\/fr\/des-enfants-victimes-dattentats-a-la-bombe-perpetres-par-letat-colombien\/","og_site_name":"Humanium","article_published_time":"2022-11-01T09:34:04+00:00","article_modified_time":"2026-08-21T03:22:54+00:00","og_image":[{"width":2560,"height":1707,"url":"https:\/\/www.humanium.org\/fr\/wp-content\/uploads\/2022\/10\/shutterstock_1387116785-scaled.jpg","type":"image\/jpeg"}],"author":"Humanium","twitter_card":"summary_large_image","twitter_misc":{"\u00c9crit par":"Humanium","Dur\u00e9e de lecture estim\u00e9e":"13 minutes"},"schema":{"@context":"https:\/\/schema.org","@graph":[{"@type":"Article","@id":"https:\/\/www.humanium.org\/fr\/des-enfants-victimes-dattentats-a-la-bombe-perpetres-par-letat-colombien\/#article","isPartOf":{"@id":"https:\/\/www.humanium.org\/fr\/des-enfants-victimes-dattentats-a-la-bombe-perpetres-par-letat-colombien\/"},"author":{"name":"Humanium","@id":"https:\/\/www.humanium.org\/fr\/#\/schema\/person\/d798d6c7d59ba2307e0877f61a20ce3e"},"headline":"Des enfants victimes d\u2019attentats \u00e0 la bombe perp\u00e9tr\u00e9s par l\u2019\u00c9tat colombien","datePublished":"2022-11-01T09:34:04+00:00","dateModified":"2026-08-21T03:22:54+00:00","mainEntityOfPage":{"@id":"https:\/\/www.humanium.org\/fr\/des-enfants-victimes-dattentats-a-la-bombe-perpetres-par-letat-colombien\/"},"wordCount":2847,"image":{"@id":"https:\/\/www.humanium.org\/fr\/des-enfants-victimes-dattentats-a-la-bombe-perpetres-par-letat-colombien\/#primaryimage"},"thumbnailUrl":"https:\/\/www.humanium.org\/fr\/wp-content\/uploads\/2022\/10\/shutterstock_1387116785-scaled.jpg","articleSection":["Droits des enfants","Droits humains","Exploitation","violence"],"inLanguage":"fr-FR"},{"@type":"WebPage","@id":"https:\/\/www.humanium.org\/fr\/des-enfants-victimes-dattentats-a-la-bombe-perpetres-par-letat-colombien\/","url":"https:\/\/www.humanium.org\/fr\/des-enfants-victimes-dattentats-a-la-bombe-perpetres-par-letat-colombien\/","name":"Des enfants victimes d\u2019attentats \u00e0 la bombe perp\u00e9tr\u00e9s par l\u2019\u00c9tat colombien - Humanium","isPartOf":{"@id":"https:\/\/www.humanium.org\/fr\/#website"},"primaryImageOfPage":{"@id":"https:\/\/www.humanium.org\/fr\/des-enfants-victimes-dattentats-a-la-bombe-perpetres-par-letat-colombien\/#primaryimage"},"image":{"@id":"https:\/\/www.humanium.org\/fr\/des-enfants-victimes-dattentats-a-la-bombe-perpetres-par-letat-colombien\/#primaryimage"},"thumbnailUrl":"https:\/\/www.humanium.org\/fr\/wp-content\/uploads\/2022\/10\/shutterstock_1387116785-scaled.jpg","datePublished":"2022-11-01T09:34:04+00:00","dateModified":"2026-08-21T03:22:54+00:00","author":{"@id":"https:\/\/www.humanium.org\/fr\/#\/schema\/person\/d798d6c7d59ba2307e0877f61a20ce3e"},"description":"L\u2019histoire de la Colombie a \u00e9t\u00e9 marqu\u00e9e par un conflit arm\u00e9. La lutte sociale et politique a par cons\u00e9quent conduit \u00e0 l'usage de la violence.","breadcrumb":{"@id":"https:\/\/www.humanium.org\/fr\/des-enfants-victimes-dattentats-a-la-bombe-perpetres-par-letat-colombien\/#breadcrumb"},"inLanguage":"fr-FR","potentialAction":[{"@type":"ReadAction","target":["https:\/\/www.humanium.org\/fr\/des-enfants-victimes-dattentats-a-la-bombe-perpetres-par-letat-colombien\/"]}]},{"@type":"ImageObject","inLanguage":"fr-FR","@id":"https:\/\/www.humanium.org\/fr\/des-enfants-victimes-dattentats-a-la-bombe-perpetres-par-letat-colombien\/#primaryimage","url":"https:\/\/www.humanium.org\/fr\/wp-content\/uploads\/2022\/10\/shutterstock_1387116785-scaled.jpg","contentUrl":"https:\/\/www.humanium.org\/fr\/wp-content\/uploads\/2022\/10\/shutterstock_1387116785-scaled.jpg","width":2560,"height":1707},{"@type":"BreadcrumbList","@id":"https:\/\/www.humanium.org\/fr\/des-enfants-victimes-dattentats-a-la-bombe-perpetres-par-letat-colombien\/#breadcrumb","itemListElement":[{"@type":"ListItem","position":1,"name":"Home","item":"https:\/\/www.humanium.org\/fr\/"},{"@type":"ListItem","position":2,"name":"Des enfants victimes d\u2019attentats \u00e0 la bombe perp\u00e9tr\u00e9s par l\u2019\u00c9tat colombien"}]},{"@type":"WebSite","@id":"https:\/\/www.humanium.org\/fr\/#website","url":"https:\/\/www.humanium.org\/fr\/","name":"Humanium","description":"Les enfants d\u2019abord !","potentialAction":[{"@type":"SearchAction","target":{"@type":"EntryPoint","urlTemplate":"https:\/\/www.humanium.org\/fr\/?s={search_term_string}"},"query-input":{"@type":"PropertyValueSpecification","valueRequired":true,"valueName":"search_term_string"}}],"inLanguage":"fr-FR"},{"@type":"Person","@id":"https:\/\/www.humanium.org\/fr\/#\/schema\/person\/d798d6c7d59ba2307e0877f61a20ce3e","name":"Humanium","image":{"@type":"ImageObject","inLanguage":"fr-FR","@id":"https:\/\/secure.gravatar.com\/avatar\/22715e338d2fcc547e3a431c4738360d33fea2a4af458f865b2c3b22f1eaa51f?s=96&d=mm&r=g","url":"https:\/\/secure.gravatar.com\/avatar\/22715e338d2fcc547e3a431c4738360d33fea2a4af458f865b2c3b22f1eaa51f?s=96&d=mm&r=g","contentUrl":"https:\/\/secure.gravatar.com\/avatar\/22715e338d2fcc547e3a431c4738360d33fea2a4af458f865b2c3b22f1eaa51f?s=96&d=mm&r=g","caption":"Humanium"},"url":"https:\/\/www.humanium.org\/fr\/author\/humanium\/"}]}},"_links":{"self":[{"href":"https:\/\/www.humanium.org\/fr\/wp-json\/wp\/v2\/posts\/53723","targetHints":{"allow":["GET"]}}],"collection":[{"href":"https:\/\/www.humanium.org\/fr\/wp-json\/wp\/v2\/posts"}],"about":[{"href":"https:\/\/www.humanium.org\/fr\/wp-json\/wp\/v2\/types\/post"}],"author":[{"embeddable":true,"href":"https:\/\/www.humanium.org\/fr\/wp-json\/wp\/v2\/users\/69"}],"replies":[{"embeddable":true,"href":"https:\/\/www.humanium.org\/fr\/wp-json\/wp\/v2\/comments?post=53723"}],"version-history":[{"count":8,"href":"https:\/\/www.humanium.org\/fr\/wp-json\/wp\/v2\/posts\/53723\/revisions"}],"predecessor-version":[{"id":62775,"href":"https:\/\/www.humanium.org\/fr\/wp-json\/wp\/v2\/posts\/53723\/revisions\/62775"}],"wp:featuredmedia":[{"embeddable":true,"href":"https:\/\/www.humanium.org\/fr\/wp-json\/wp\/v2\/media\/53726"}],"wp:attachment":[{"href":"https:\/\/www.humanium.org\/fr\/wp-json\/wp\/v2\/media?parent=53723"}],"wp:term":[{"taxonomy":"category","embeddable":true,"href":"https:\/\/www.humanium.org\/fr\/wp-json\/wp\/v2\/categories?post=53723"},{"taxonomy":"post_tag","embeddable":true,"href":"https:\/\/www.humanium.org\/fr\/wp-json\/wp\/v2\/tags?post=53723"}],"curies":[{"name":"wp","href":"https:\/\/api.w.org\/{rel}","templated":true}]}}