{"id":53773,"date":"2022-11-08T08:28:09","date_gmt":"2022-11-08T08:28:09","guid":{"rendered":"https:\/\/www.humanium.org\/fr\/?p=53773"},"modified":"2026-08-21T03:22:54","modified_gmt":"2026-08-21T03:22:54","slug":"les-etats-unis-et-les-droits-de-lenfant","status":"publish","type":"post","link":"https:\/\/www.humanium.org\/fr\/les-etats-unis-et-les-droits-de-lenfant\/","title":{"rendered":"Les \u00c9tats-Unis et les droits de l&rsquo;enfant\u00a0"},"content":{"rendered":"\n<p class=\"wp-block-paragraph\"><strong>La <\/strong><a href=\"https:\/\/www.humanium.org\/fr\/convention\/\"><strong>Convention des Nations unies relative aux droits de l&rsquo;enfant<\/strong><\/a><strong> (CDE) est le trait\u00e9 international relatif aux droits de l&rsquo;homme le plus ratifi\u00e9. Depuis son adoption en 1989, elle a \u00e9t\u00e9 ratifi\u00e9e par 196&nbsp;pays, dont la <\/strong><a href=\"https:\/\/www.humanium.org\/fr\/somalie\/\"><strong>Somalie<\/strong><\/a><strong> et le <\/strong><a href=\"https:\/\/www.humanium.org\/fr\/soudan-du-sud\/\"><strong>Soudan du Sud<\/strong><\/a> <strong>en 2015 (OHCRC, 2022). \u00c0 ce jour, les <\/strong><a href=\"https:\/\/www.humanium.org\/fr\/etats-unis\/\"><strong>\u00c9tats-Unis<\/strong><\/a><strong> (US) sont le seul pays au monde \u00e0 ne pas l\u2019avoir ratifi\u00e9.&nbsp;<\/strong><\/p>\n\n\n\n<p class=\"wp-block-paragraph\"><strong>De nombreuses personnes aux <\/strong><a href=\"https:\/\/www.humanium.org\/fr\/etats-unis\/\"><strong>\u00c9tats-Unis<\/strong><\/a> <strong>pensent que, m\u00eame sans la ratification de la CDE, leur pays respecte les principes internationaux des droits de l&rsquo;enfant, mais en r\u00e9alit\u00e9, le pays a encore beaucoup \u00e0 faire en ce domaine. En fait, la plupart des \u00c9tats am\u00e9ricains ne respectent pas les normes internationales relatives aux droits de l&rsquo;enfant, en particulier celles qui concernent le <\/strong><a href=\"https:\/\/www.humanium.org\/fr\/mariage-enfants\/\"><strong>mariage des enfants<\/strong><\/a><strong>, les <\/strong><a href=\"https:\/\/www.humanium.org\/fr\/la-maltraitance-des-enfants\/\"><strong>ch\u00e2timents corporels<\/strong><\/a><strong>, le <\/strong><a href=\"https:\/\/www.humanium.org\/fr\/travail-des-enfants\/\"><strong>travail des enfants<\/strong><\/a><strong> et la <\/strong><a href=\"https:\/\/www.humanium.org\/fr\/justice-juvenile\/\"><strong>justice pour mineurs<\/strong><\/a><strong>.&nbsp;<\/strong><\/p>\n\n\n\n<h2 class=\"wp-block-heading\"><strong>Pourquoi les \u00c9tats-Unis n&rsquo;ont-ils pas ratifi\u00e9 la CDE\u2009?<\/strong><\/h2>\n\n\n\n<p class=\"wp-block-paragraph\">Les <a href=\"https:\/\/www.humanium.org\/fr\/etats-unis\/\">\u00c9tats-Unis<\/a> ont jou\u00e9 un r\u00f4le important dans l&rsquo;\u00e9laboration de la <a href=\"https:\/\/www.humanium.org\/fr\/convention\/\">CDE<\/a>. Au cours des n\u00e9gociations dans les ann\u00e9es&nbsp;1980, l&rsquo;administration Reagan a propos\u00e9 sept des articles de la CDE, plus que tout autre pays (Becker, 2019). Cette contribution a \u00e9t\u00e9 d\u00e9cisive en ce qui concerne les articles&nbsp;10 (<a href=\"https:\/\/www.humanium.org\/fr\/isolement-deracinement\/\">r\u00e9union familiale<\/a>), 13 (libert\u00e9 d&rsquo;<a href=\"https:\/\/www.humanium.org\/fr\/comprendre-droits-enfant\/droit-aux-libertes\/\">expression<\/a>), 14 (libert\u00e9 de <a href=\"https:\/\/www.humanium.org\/fr\/comprendre-droits-enfant\/droit-aux-libertes\/\">religion<\/a>), 15 (libert\u00e9 d&rsquo;<a href=\"https:\/\/www.humanium.org\/fr\/comprendre-droits-enfant\/droit-aux-libertes\/\">association et de r\u00e9union<\/a>),16 (droit \u00e0 la vie priv\u00e9e), 19 (protection contre toutes les formes de<a href=\"https:\/\/www.humanium.org\/fr\/violences\/\"> violence<\/a>) et 25 (examen p\u00e9riodique du traitement). <\/p>\n\n\n\n<p class=\"wp-block-paragraph\">L&rsquo;influence am\u00e9ricaine a \u00e9t\u00e9 si importante que certaines personnes ont qualifi\u00e9 la CDE de \u00ab\u2009trait\u00e9 am\u00e9ricain sur les droits de l&rsquo;enfant\u2009\u00bb (Cohen, 2006). N\u00e9anmoins, \u00e0 ce jour, les \u00c9tats-Unis n&rsquo;ont toujours pas ratifi\u00e9 la CDE (OHCRC, 2022).<\/p>\n\n\n\n<p class=\"wp-block-paragraph\">Le principal argument soulev\u00e9 contre la ratification de la CDE est qu&rsquo;elle serait \u00ab\u2009anti-famille\u2009\u00bb et menacerait l&rsquo;autorit\u00e9 parentale. Ce qui n\u2019est pas vrai. Non seulement la CDE souligne combien la famille est d\u00e9terminante pour le d\u00e9veloppement de l&rsquo;enfant (Todres, 2006), mais elle demande \u00e9galement aux gouvernements de \u00ab\u2009respecter les responsabilit\u00e9s, les droits et les devoirs des parents\u2009\u00bb (CDE, article&nbsp;5) et de soutenir les familles dans leurs efforts pour \u00e9lever et prendre soin de leurs enfants. <\/p>\n\n\n\n<p class=\"wp-block-paragraph\">En fait, des r\u00e9f\u00e9rences \u00e0 l&rsquo;importance de la relation parents-enfants apparaissent tout au long du texte (Becker, 2019).De plus, chaque action des parents doit respecter les droits des enfants, en accord avec l&rsquo;int\u00e9r\u00eat sup\u00e9rieur de l&rsquo;enfant (Couzens, 2007).&nbsp;<\/p>\n\n\n\n<p class=\"wp-block-paragraph\">Un autre argument qui explique l&rsquo;opposition des \u00c9tats-Unis \u00e0 la ratification de la CDE est li\u00e9 \u00e0 l&rsquo;impact possible de la CDE sur la souverainet\u00e9 am\u00e9ricaine et sur ses lois \u00e9tatiques et f\u00e9d\u00e9rales (CRS Report, 2015). Cette th\u00e9orie est fond\u00e9e sur une lecture erron\u00e9e des instruments internationaux et de leur impact sur les l\u00e9gislations nationales.&nbsp;<\/p>\n\n\n\n<p class=\"wp-block-paragraph\">Tout d&rsquo;abord, la CDE ne pr\u00e9voit ni la cr\u00e9ation de tribunaux sp\u00e9ciaux pour superviser l&rsquo;application des normes du trait\u00e9 ni sanctions ou autres formes de renforcement. Le <a href=\"https:\/\/www.humanium.org\/fr\/genese-comite-droits-enfant\/\">Comit\u00e9 des droits de l&rsquo;enfant<\/a> est un organe ind\u00e9pendant des Nations Unies charg\u00e9 de la mise en \u0153uvre et du suivi de la CDE par le biais d&rsquo;un m\u00e9canisme de rapport (Todres, 2006). Cependant, le Comit\u00e9 des droits de l&rsquo;enfant ne dispose pas de pouvoirs sp\u00e9cifiques pour faire respecter la CDE.&nbsp;<\/p>\n\n\n\n<h2 class=\"wp-block-heading\"><strong>Les \u00c9tats am\u00e9ricains ne parviennent pas \u00e0 prot\u00e9ger les droits de l&rsquo;enfant<\/strong><\/h2>\n\n\n\n<p class=\"wp-block-paragraph\">De nombreuses personnes aux \u00c9tats-Unis supposent que, m\u00eame sans avoir ratifi\u00e9 la CDE, les \u00c9tats-Unis respectent les principes internationaux des droits de l&rsquo;enfant. Sur la base de cette hypoth\u00e8se, Human Rights Watch (HRW) a con\u00e7u un tableau de bord interactif pour \u00e9valuer les performances des \u00c9tats en ce qui concerne tous les droits de l&rsquo;enfant inclus dans la CDE, d\u00e9clin\u00e9 en quatre th\u00e9matiques&nbsp;: le <a href=\"https:\/\/www.humanium.org\/fr\/mariage-enfants\/\">mariage des enfants<\/a>, les <a href=\"https:\/\/www.humanium.org\/fr\/la-maltraitance-des-enfants\/\">ch\u00e2timents corporels<\/a>, le <a href=\"https:\/\/www.humanium.org\/fr\/travail-des-enfants\/\">travail des enfants<\/a> et la <a href=\"https:\/\/www.humanium.org\/fr\/justice-juvenile\/\">justice pour mineurs<\/a> (HRW, 2022).<\/p>\n\n\n\n<p class=\"wp-block-paragraph\">Le choix de se concentrer sur diff\u00e9rents <a href=\"https:\/\/www.humanium.org\/fr\/etats-unis\/\">\u00c9tats am\u00e9ricains<\/a> s&rsquo;explique par le fait que de nombreuses questions abord\u00e9es par la CDE rel\u00e8vent de la comp\u00e9tence des \u00c9tats et non du gouvernement f\u00e9d\u00e9ral. Par cons\u00e9quent, la protection et l\u2019avancement des <a href=\"https:\/\/www.humanium.org\/fr\/droits-enfant\/\">droits de l&rsquo;enfant<\/a> varient d&rsquo;un \u00c9tat \u00e0 l&rsquo;autre (HRW, 2022).<\/p>\n\n\n\n<p class=\"wp-block-paragraph\">En outre, le tableau est organis\u00e9 autour de quatre th\u00e9matiques s\u00e9lectionn\u00e9es sur la base d&rsquo;un examen initial des domaines dans lesquels les \u00c9tats-Unis ne se conforment pas \u00e0 la CDE au niveau f\u00e9d\u00e9ral et o\u00f9 la Convention a \u00e9tabli des param\u00e8tres bas\u00e9s sur des indicateurs mesurables, comme l&rsquo;\u00e2ge,pour comparer les lois sp\u00e9cifiques \u00e0 chaque \u00c9tat (HRW &#8211; US States Fail to Protect Children\u2019s Rights, 2022).<\/p>\n\n\n\n<h3 class=\"wp-block-heading\"><strong>Le mariage d&rsquo;enfants<\/strong><\/h3>\n\n\n\n<p class=\"wp-block-paragraph\">Le <a href=\"https:\/\/www.humanium.org\/fr\/mariage-enfants\/\">mariage d&rsquo;enfants<\/a> est d\u00e9fini comme un mariage dans lequel l&rsquo;un ou les deux partis ont moins de 18&nbsp;ans. Selon la norme internationale \u00e9tablie par la CDE, les \u00c9tats Parties ont \u00ab\u2009l&rsquo;obligation de reconna\u00eetre que les personnes jusqu&rsquo;\u00e0 l&rsquo;\u00e2ge de 18&nbsp;ans ont droit \u00e0 une protection permanente contre toutes les formes d&rsquo;exploitation et de violence\u2009\u00bb (Observation g\u00e9n\u00e9rale n\u00b0&nbsp;20), ce qui comprend le mariage des enfants. En fait, l&rsquo;\u00e2ge minimum pour le mariage devrait \u00eatre de 18&nbsp;ans.<\/p>\n\n\n\n<p class=\"wp-block-paragraph\">Le mariage d&rsquo;enfants est associ\u00e9 \u00e0 des <a href=\"https:\/\/www.humanium.org\/fr\/comment-le-mariage-precoce-impacte-negativement-la-sante-des-meres-lors-de-grossesses-dadolescentes-a-travers-le-monde\/\">grossesses pr\u00e9coces<\/a>, \u00e0 des <a href=\"https:\/\/www.humanium.org\/fr\/comprendre-droits-enfant\/droit-a-l-education\/\">r\u00e9sultats scolaires inf\u00e9rieurs<\/a> et \u00e0 un risque accru de<a href=\"https:\/\/www.humanium.org\/fr\/la-maltraitance-des-enfants\/\"> violence <\/a>domestique et de <a href=\"https:\/\/www.humanium.org\/fr\/pauvrete\/\">pauvret\u00e9<\/a>. Il suit des sch\u00e9mas culturels et socio-\u00e9conomiques qui entravent le bien-\u00eatre de l&rsquo;enfant et son d\u00e9veloppement.&nbsp;<\/p>\n\n\n\n<p class=\"wp-block-paragraph\">\u00c0 ce jour, le <a href=\"https:\/\/www.humanium.org\/fr\/mariage-enfants\/\">mariage des enfants<\/a> est l\u00e9gal dans quarante-trois \u00c9tats am\u00e9ricains. Avant 2018, ann\u00e9e o\u00f9 le Delaware est devenu le premier \u00c9tat am\u00e9ricain \u00e0 interdire le mariage des enfants, il \u00e9tait l\u00e9gal dans les cinquante \u00c9tats am\u00e9ricains. Le 28&nbsp;juillet 2022, le Massachusetts est devenu le septi\u00e8me \u00c9tat \u00e0 fixer l&rsquo;\u00e2ge minimum \u00e0 18&nbsp;ans, sans exception, conform\u00e9ment aux normes internationales (WHR, 2022).<\/p>\n\n\n\n<p class=\"wp-block-paragraph\">Entre 2000 et 2018, pr\u00e8s de 300\u2009000&nbsp;mineurs ont \u00e9t\u00e9 l\u00e9galement mari\u00e9s aux \u00c9tats-Unis. Si la plupart d&rsquo;entre eux \u00e9taient \u00e2g\u00e9s de 16 ou 17&nbsp;ans, certains n&rsquo;avaient cependant que 10&nbsp;ans (Unchained at Last, 2021). La plupart des <a href=\"https:\/\/www.humanium.org\/fr\/mariage-enfants\/\">mariages d&rsquo;enfants<\/a> aux \u00c9tats-Unis concernent des jeunes filles \u00e9pousant des hommes adultes. En fait, l\u2019\u00e2ge auquel beaucoup de ces mariages ont lieu ou la diff\u00e9rence d&rsquo;\u00e2ge entre les conjoints font que ces mariages seraient typiquement consid\u00e9r\u00e9s comme de la violence sexuelle (HRW, 2022).<\/p>\n\n\n\n<h3 class=\"wp-block-heading\"><strong>Ch\u00e2timents corporels<\/strong><\/h3>\n\n\n\n<p class=\"wp-block-paragraph\">Selon la norme internationale \u00e9tablie par la CDE, les \u00c9tats Parties ont \u00ab\u2009l&rsquo;obligation de prot\u00e9ger les enfants contre toutes les formes de violence physique et mentale\u2009\u00bb (CDE, article&nbsp;19). La CDE \u00ab\u2009ne laisse place \u00e0 aucun niveau de <a href=\"https:\/\/www.humanium.org\/fr\/violences\/\">violence l\u00e9galis\u00e9e contre les enfants<\/a>\u2009\u00bb et \u00ab\u2009les ch\u00e2timents corporels et autres formes cruelles ou d\u00e9gradantes de ch\u00e2timents sont des formes de violence et les \u00c9tats doivent prendre toutes les mesures l\u00e9gislatives, administratives, sociales et \u00e9ducatives appropri\u00e9es pour les \u00e9liminer\u2009\u00bb (Observation g\u00e9n\u00e9rale n\u00b0&nbsp;8, 2007).&nbsp;<\/p>\n\n\n\n<figure class=\"wp-block-image size-large\"><img loading=\"lazy\" decoding=\"async\" width=\"1024\" height=\"683\" src=\"https:\/\/www.humanium.org\/fr\/wp-content\/uploads\/2022\/11\/shutterstock_2154646463-1024x683.jpg\" alt=\"\" class=\"wp-image-53774\" srcset=\"https:\/\/www.humanium.org\/fr\/wp-content\/uploads\/2022\/11\/shutterstock_2154646463-1024x683.jpg 1024w, https:\/\/www.humanium.org\/fr\/wp-content\/uploads\/2022\/11\/shutterstock_2154646463-300x200.jpg 300w, https:\/\/www.humanium.org\/fr\/wp-content\/uploads\/2022\/11\/shutterstock_2154646463-768x512.jpg 768w, https:\/\/www.humanium.org\/fr\/wp-content\/uploads\/2022\/11\/shutterstock_2154646463-1536x1024.jpg 1536w, https:\/\/www.humanium.org\/fr\/wp-content\/uploads\/2022\/11\/shutterstock_2154646463-2048x1365.jpg 2048w, https:\/\/www.humanium.org\/fr\/wp-content\/uploads\/2022\/11\/shutterstock_2154646463-830x553.jpg 830w, https:\/\/www.humanium.org\/fr\/wp-content\/uploads\/2022\/11\/shutterstock_2154646463-230x153.jpg 230w, https:\/\/www.humanium.org\/fr\/wp-content\/uploads\/2022\/11\/shutterstock_2154646463-350x233.jpg 350w, https:\/\/www.humanium.org\/fr\/wp-content\/uploads\/2022\/11\/shutterstock_2154646463-480x320.jpg 480w, https:\/\/www.humanium.org\/fr\/wp-content\/uploads\/2022\/11\/shutterstock_2154646463-272x182.jpg 272w\" sizes=\"auto, (max-width: 1024px) 100vw, 1024px\" \/><\/figure>\n\n\n\n<p class=\"wp-block-paragraph\">En r\u00e9alit\u00e9, environ 160\u2009000&nbsp;enfants subissent des ch\u00e2timents corporels dans les \u00e9coles chaque ann\u00e9e. Les enfants noirs et les enfants en situation de handicap sont nettement plus susceptibles de subir des ch\u00e2timents corporels \u00e0 l&rsquo;\u00e9cole (Gershoff et Font, 2016). Seuls deux \u00c9tats ont interdit les <a href=\"https:\/\/www.humanium.org\/fr\/violences\/\">ch\u00e2timents corporels<\/a> dans les \u00e9coles publiques et priv\u00e9es, se conformant ainsi \u00e0 la CDE.&nbsp;<\/p>\n\n\n\n<p class=\"wp-block-paragraph\">Dans vingt-cinq \u00c9tats, les ch\u00e2timents corporels sont interdits uniquement dans les \u00e9coles publiques, ce qui signifie que les enfants qui fr\u00e9quentent des \u00e9tablissements priv\u00e9s peuvent encore en subir. Par ailleurs, dans vingt-trois \u00c9tats, les ch\u00e2timents corporels ne sont interdits ni dans les \u00e9coles publiques ni dans les \u00e9coles priv\u00e9es (HRW, 2022).<\/p>\n\n\n\n<p class=\"wp-block-paragraph\">49&nbsp;% des enfants \u00e2g\u00e9s de 0 \u00e0 9&nbsp;ans aux \u00c9tats-Unis subissent des ch\u00e2timents corporels \u00e0 la maison, et pas un seul \u00c9tat am\u00e9ricain n&rsquo;a interdit les <a href=\"https:\/\/www.humanium.org\/fr\/violences\/\">ch\u00e2timents corporels<\/a> dans le cadre familial (Gershoff et Font, 2016).<\/p>\n\n\n\n<p class=\"wp-block-paragraph\">D&rsquo;autre part, le recours aux ch\u00e2timents corporels dans les structures d\u2019accueil alternatives est historiquement r\u00e9pandu et s\u00e9rieux, en particulier \u00e0 l&rsquo;encontre des <a href=\"https:\/\/www.humanium.org\/fr\/enfants-touches-par-le-handicap\/\">enfants en situation de handicap<\/a> (Global Initiative to End All Corporal Punishment of Children, 2012). C&rsquo;est la raison pour laquelle la plupart des \u00c9tats am\u00e9ricains ont interdit les ch\u00e2timents corporels dans les structures d\u2019accueil alternatives (HRW, 2022).&nbsp;<\/p>\n\n\n\n<h3 class=\"wp-block-heading\"><strong>Le travail des enfants<\/strong><\/h3>\n\n\n\n<p class=\"wp-block-paragraph\">Selon la norme internationale fix\u00e9e par la CDE, les \u00c9tats Parties ont \u00ab\u2009l&rsquo;obligation de prot\u00e9ger les enfants contre les travaux dangereux ou nuisibles \u00e0 leur sant\u00e9, leur s\u00e9curit\u00e9, leur \u00e9ducation et leur d\u00e9veloppement moral\u2009\u00bb et exigent qu\u2019un \u00e2ge minimum pour l&#8217;emploi soit fix\u00e9 (article&nbsp;32 CDE).Celui-ci a \u00e9t\u00e9 \u00e9tabli \u00e0 15&nbsp;ans (Observation g\u00e9n\u00e9rale n\u00b0&nbsp;20, 2016),mais \u00e0 18&nbsp;ans pour l&#8217;emploi dans des conditions dangereuses (Convention n\u00b0&nbsp;138 de l&rsquo;OIT, 1976). Ces principes s&rsquo;appliquent \u00e9galement au secteur agricole.&nbsp;<\/p>\n\n\n\n<p class=\"wp-block-paragraph\">En r\u00e9alit\u00e9, la loi et les r\u00e9glementations f\u00e9d\u00e9rales en ce qui concerner le <a href=\"https:\/\/www.humanium.org\/fr\/travail-infantil\/\">travail des enfants<\/a> aux \u00c9tats-Unis ne parviennent pas \u00e0 prot\u00e9ger les enfants travaillant dans le secteur agricole, l&rsquo;industrie la plus dangereuse pour les enfants travailleurs. La loi f\u00e9d\u00e9rale permet aux enfants de travailler contre r\u00e9mun\u00e9ration dans ce secteur \u00e0 un plus jeune \u00e2ge, pendant de plus longues heures et dans des conditions plus dangereuses que dans tout autre secteur (HRW, 2022). Selon un rapport du gouvernement am\u00e9ricain en 2018 (United States Government Accountability Office, 2018), plus de la moiti\u00e9 des d\u00e9c\u00e8s li\u00e9s au travailconcernent des enfants travaillant dans l&rsquo;agriculture, alors que ces derniers ne repr\u00e9sentent que 3&nbsp;% des enfants travailleurs.<\/p>\n\n\n\n<h3 class=\"wp-block-heading\"><strong>Justice pour mineurs<\/strong><\/h3>\n\n\n\n<p class=\"wp-block-paragraph\">La <a href=\"https:\/\/www.humanium.org\/fr\/justice-juvenile\/\">justice pour mineurs<\/a> fait r\u00e9f\u00e9rence au traitement des enfants en conflit avec la loi. Selon la <a href=\"https:\/\/www.humanium.org\/fr\/regles-internationales-justice-des-enfants\/\">norme internationale<\/a> \u00e9tablie par la CDE, les \u00c9tats Parties ont \u00ab\u2009l&rsquo;obligation d&#8217;emp\u00eacher les enfants et les jeunes de s&rsquo;engager dans des activit\u00e9s criminelles ainsi que de prot\u00e9ger les droits de l&rsquo;homme des jeunes reconnus comme ayant enfreint la loi\u2009\u00bb (CDE, articles&nbsp;37 et 40). Selon l&rsquo;article&nbsp;40 de la CDE, l&rsquo;\u00e2ge minimum de la responsabilit\u00e9 p\u00e9nale d\u2019un mineur doit \u00eatre d&rsquo;au moins 14&nbsp;ans, et les \u00c9tats sont encourag\u00e9s \u00e0 le fixer \u00e0 16&nbsp;ans (Observation g\u00e9n\u00e9rale n\u00b0&nbsp;24, 2019).&nbsp;<\/p>\n\n\n\n<p class=\"wp-block-paragraph\">Les \u00c9tats-Unis restent le seul pays au monde \u00e0 condamner des enfants de moins de 18&nbsp;ans \u00e0 la <a href=\"https:\/\/www.humanium.org\/fr\/enfants-detenus\/\">prison<\/a> \u00e0 vie sans possibilit\u00e9 de lib\u00e9ration conditionnelle, ce que la CDE interdit strictement. Au d\u00e9but de l&rsquo;ann\u00e9e&nbsp;2020, plus de 1\u2009400&nbsp;personnes purgeaient des peines de prison \u00e0 vie sans lib\u00e9ration conditionnelle aux \u00c9tats-Unis pour des d\u00e9lits commis dans l&rsquo;enfance, parfois quand ils n\u2019avaient que 13&nbsp;ans (Rovner, 2021). 62&nbsp;% des personnes condamn\u00e9es \u00e0 la prison \u00e0 perp\u00e9tuit\u00e9 sans lib\u00e9ration conditionnelle pour des d\u00e9lits commis dans l&rsquo;enfance sont des enfants noirs, bien que ceux-cine repr\u00e9sentent que 14&nbsp;% de la population des jeunes aux \u00c9tats-Unis.<\/p>\n\n\n\n<p class=\"wp-block-paragraph\">Les normes internationales relatives aux droits de l&rsquo;enfant stipulent qu&rsquo;<a href=\"https:\/\/www.humanium.org\/fr\/justice-juvenile\/\">aucun enfant ne doit \u00eatre poursuivi en justice comme un adulte<\/a>. N\u00e9anmoins, il est estim\u00e9 que 53\u2009000&nbsp;enfants sont jug\u00e9s dans des tribunaux pour adultes chaque ann\u00e9e (Mistrett et Espinoza, 2021). Aucun des cinquante \u00c9tats am\u00e9ricains n&rsquo;interdit de traduire des enfants en justice devant des tribunaux pour adultes, et seuls vingt-huit \u00c9tats fixent une limite d&rsquo;\u00e2ge pour le transfert des enfants devant de tels tribunaux. <\/p>\n\n\n\n<p class=\"wp-block-paragraph\">Pas un seul \u00c9tat ne fixe l&rsquo;\u00e2ge minimum de la justice des mineurs \u00e0 au moins 14&nbsp;ans (la norme internationale) et plus de 30\u2009000&nbsp;enfants de moins de 12&nbsp;ans sont renvoy\u00e9s devant les tribunaux pour mineurs chaque ann\u00e9e (Abrams, 2020). Seuls cinq \u00c9tats fixent un \u00e2ge minimum sup\u00e9rieur \u00e0 10&nbsp;ans. En outre, les ch\u00e2timents corporels dans les<a href=\"https:\/\/www.humanium.org\/fr\/enfants-detenus\/\"> institutions p\u00e9nales pour enfants<\/a> restent l\u00e9gaux dans seize \u00c9tats (HRW, 2022).&nbsp;<\/p>\n\n\n\n<h2 class=\"wp-block-heading\"><strong>L&rsquo;\u00ab\u2009American story\u2009\u00bb ne correspond pas \u00e0 la r\u00e9alit\u00e9 que vivent la plupart des enfants<\/strong><\/h2>\n\n\n\n<p class=\"wp-block-paragraph\">La situation d\u00e9crite dans les sections pr\u00e9c\u00e9dentes repr\u00e9sente une r\u00e9alit\u00e9 qui ne correspond pas \u00e0 l&rsquo;id\u00e9e que la plupart des gens se font des enfants am\u00e9ricains. En effet, le mariage des enfants, le travail des enfants, la violence \u00e0 l&rsquo;encontre des enfants et la justice des mineurs sont quelques-uns des probl\u00e8mes qui touchent encore une grande partie de la population des jeunes Am\u00e9ricains, m\u00eame si cette nouvelle ne fait pas partie de \u00ab\u2009l&rsquo;histoire am\u00e9ricaine\u2009\u00bb que les m\u00e9dias, les journaux et les r\u00e9seaux sociaux racontent.&nbsp;<\/p>\n\n\n\n<figure class=\"wp-block-image size-large\"><img loading=\"lazy\" decoding=\"async\" width=\"1024\" height=\"683\" src=\"https:\/\/www.humanium.org\/fr\/wp-content\/uploads\/2022\/11\/shutterstock_1988738177-1024x683.jpg\" alt=\"\" class=\"wp-image-53775\" srcset=\"https:\/\/www.humanium.org\/fr\/wp-content\/uploads\/2022\/11\/shutterstock_1988738177-1024x683.jpg 1024w, https:\/\/www.humanium.org\/fr\/wp-content\/uploads\/2022\/11\/shutterstock_1988738177-300x200.jpg 300w, https:\/\/www.humanium.org\/fr\/wp-content\/uploads\/2022\/11\/shutterstock_1988738177-768x512.jpg 768w, https:\/\/www.humanium.org\/fr\/wp-content\/uploads\/2022\/11\/shutterstock_1988738177-1536x1024.jpg 1536w, https:\/\/www.humanium.org\/fr\/wp-content\/uploads\/2022\/11\/shutterstock_1988738177-2048x1365.jpg 2048w, https:\/\/www.humanium.org\/fr\/wp-content\/uploads\/2022\/11\/shutterstock_1988738177-830x553.jpg 830w, https:\/\/www.humanium.org\/fr\/wp-content\/uploads\/2022\/11\/shutterstock_1988738177-230x153.jpg 230w, https:\/\/www.humanium.org\/fr\/wp-content\/uploads\/2022\/11\/shutterstock_1988738177-350x233.jpg 350w, https:\/\/www.humanium.org\/fr\/wp-content\/uploads\/2022\/11\/shutterstock_1988738177-480x320.jpg 480w, https:\/\/www.humanium.org\/fr\/wp-content\/uploads\/2022\/11\/shutterstock_1988738177-272x182.jpg 272w\" sizes=\"auto, (max-width: 1024px) 100vw, 1024px\" \/><\/figure>\n\n\n\n<p class=\"wp-block-paragraph\">Il est important d&rsquo;aller au-del\u00e0 des apparences pour appr\u00e9hender la r\u00e9alit\u00e9 et, gr\u00e2ce \u00e0 cela, plaider pour l&rsquo;am\u00e9lioration des droits et de la protection des enfants, et promouvoir des solutions.&nbsp;En ce sens, Humanium est en premi\u00e8re ligne dans cette mission. En effet, Humanium continue \u00e0 promouvoir des r\u00e9flexions sur des sujets br\u00fblants, peu r\u00e9pandus, et qui affectent significativement les droits des enfants. Si vous souhaitez contribuer \u00e0 cette cause, n&rsquo;h\u00e9sitez pas \u00e0 envisager de parrainer un enfant, de faire un don ou de devenir b\u00e9n\u00e9vole au sein de notre organisation. Agissez d\u00e8s maintenant pour prot\u00e9ger et promouvoir les droits des plus jeunes d&rsquo;entre nous\u2009!<\/p>\n\n\n\n<p class=\"wp-block-paragraph\"><em><strong>\u00c9crit par Arianna Braga<\/strong><\/em><\/p>\n\n\n\n<p class=\"wp-block-paragraph\"><em><strong>Traduit par Line Goddi<\/strong><\/em><\/p>\n\n\n\n<p class=\"wp-block-paragraph\"><em><strong>Relu par Jean-Christophe Brunet<\/strong><\/em><\/p>\n\n\n\n<h4 class=\"wp-block-heading\"><strong>R\u00e9f\u00e9rence&nbsp;:<\/strong><\/h4>\n\n\n\n<p class=\"has-small-font-size wp-block-paragraph\">Abrams L. S. et al. (2020). When Is a Child Too Young for Juvenile Court? A Comparative Case Study of State Law and Implementation in Six Major Metropolitan Areas, in Crime &amp; Delinquency, vol. 66, no. 2 (2020): pp. 219\u201349. Retrieved from: <a href=\"https:\/\/doi.org\/10.1177\/0011128719839356\" target=\"_blank\" rel=\"noreferrer noopener\">https:\/\/doi.org\/10.1177\/0011128719839356<\/a>, accessed on 8 October 2022.&nbsp;<\/p>\n\n\n\n<p class=\"has-small-font-size wp-block-paragraph\">Becker, J. (2019). America Should Not Lag Behind on Protecting Children. Retrieved from: <a href=\"https:\/\/www.hrw.org\/news\/2019\/11\/18\/america-should-not-lag-behind-protecting-children\" target=\"_blank\" rel=\"noreferrer noopener\">https:\/\/www.hrw.org\/news\/2019\/11\/18\/america-should-not-lag-behind-protecting-children<\/a>, accessed n 8 October 2022.&nbsp;<\/p>\n\n\n\n<p class=\"has-small-font-size wp-block-paragraph\">Cohen, C. P. (2006). The Role of the United States in the Drafting of the Convention on the Rights of the Child, in 20 EMORY INT\u2019L L. REV. 185, 2006, p. 190. Retrieved from: https:\/\/jjustice.org\/wp-content\/uploads\/History-of-CRC.pdf, accessed on 8 October 2022.<\/p>\n\n\n\n<p class=\"has-small-font-size wp-block-paragraph\">COUZENS M., Autonomy Rights versus Parental Autonomy, in A. Alen et al. (a cura di), The UN Children\u2019s Rights Convention: theory meets practice: International Interdisciplinary Conference on Children&rsquo;s Rights, Antwerpen, Intersentia, 2007.<\/p>\n\n\n\n<p class=\"has-small-font-size wp-block-paragraph\">CRS Report (2015). The United Nations Convention on the Rights of the Child. Retrieved from: <a href=\"https:\/\/crsreports.congress.gov\/product\/pdf\/R\/R40484\/25\" target=\"_blank\" rel=\"noreferrer noopener\">https:\/\/crsreports.congress.gov\/product\/pdf\/R\/R40484\/25<\/a>, accessed on 8 October 2022.&nbsp;<\/p>\n\n\n\n<p class=\"has-small-font-size wp-block-paragraph\">General Comment No. 20 (2016). United Nations Committee on the Rights of the Child (CRC), General Comment No. 20, Implementation of the rights of the child during adolescence, CRC\/C\/GC\/20 (2016), <a href=\"https:\/\/digitallibrary.un.org\/record\/855544?ln=en\" target=\"_blank\" rel=\"noreferrer noopener\">https:\/\/digitallibrary.un.org\/record\/855544?ln=en<\/a> (accessed June 14, 2022).<\/p>\n\n\n\n<p class=\"has-small-font-size wp-block-paragraph\">General Comment No. 20 (2016). United Nations Committee on the Rights of the Child (CRC), General Comment No. 20, Implementation of the rights of the child during adolescence, CRC\/C\/GC\/20. Retrieved from: <a href=\"https:\/\/digitallibrary.un.org\/record\/855544?ln=en\" target=\"_blank\" rel=\"noreferrer noopener\">https:\/\/digitallibrary.un.org\/record\/855544?ln=en<\/a>, accessed on 8 October 2022.&nbsp;<\/p>\n\n\n\n<p class=\"has-small-font-size wp-block-paragraph\">General Comment No. 24 (2019). UN Committee on the Rights of the Child, General Comment No. 24, Children\u2019s Rights in the Child Justice System, U.N. Doc. CRC\/GC24 (2019), para 22. Retrived from: <a href=\"https:\/\/www.ohchr.org\/en\/documents\/general-comments-and-recommendations\/general-comment-no-24-2019-childrens-rights-child\" target=\"_blank\" rel=\"noreferrer noopener\">https:\/\/www.ohchr.org\/en\/documents\/general-comments-and-recommendations\/general-comment-no-24-2019-childrens-rights-child<\/a>, accessed on 8 October 2022.&nbsp;<\/p>\n\n\n\n<p class=\"has-small-font-size wp-block-paragraph\">General Comment No. 8 (2007). UN Committee on the Rights of the Child, General Comment No. 8, The right of the child to protection from corporal punishment and other cruel or degrading forms of punishment, CRC\/C\/GC\/8 (2007). Retrieved from: <a href=\"https:\/\/digitallibrary.un.org\/record\/583961?ln=en\" target=\"_blank\" rel=\"noreferrer noopener\">https:\/\/digitallibrary.un.org\/record\/583961?ln=en<\/a>, accessed on 8 October 2022.&nbsp;<\/p>\n\n\n\n<p class=\"has-small-font-size wp-block-paragraph\">Gershoff, E. T. and Font, S. A. (2016).&nbsp; Corporal Punishment in U.S. Public Schools: Prevalence, Disparities in Use, and Status in State and Federal Policy. Social Policy Report, vol. 30, no. 1. Retrieved from: <a href=\"https:\/\/srcd.onlinelibrary.wiley.com\/doi\/10.1002\/j.2379-3988.2016.tb00086.x\" target=\"_blank\" rel=\"noreferrer noopener\">https:\/\/srcd.onlinelibrary.wiley.com\/doi\/10.1002\/j.2379-3988.2016.tb00086.x<\/a>, accessed on 8 October 2022.&nbsp;<\/p>\n\n\n\n<p class=\"has-small-font-size wp-block-paragraph\">Global Initiative to End All Corporal Punishment of Children (2012). Ending legalised violence against children: Prohibiting and eliminating corporal punishment in all alternative and day care settings. Retrieved from: <a href=\"https:\/\/bettercarenetwork.org\/sites\/default\/files\/attachments\/Ending%20Legalised%20Violence%20Against%20Children.pdf\" target=\"_blank\" rel=\"noreferrer noopener\">https:\/\/bettercarenetwork.org\/sites\/default\/files\/attachments\/Ending%20Legalised%20Violence%20Against%20Children.pdf<\/a>, accessed on 8 October 2022.&nbsp;<\/p>\n\n\n\n<p class=\"has-small-font-size wp-block-paragraph\">HRW (2022). How Do US States Measure Up on Child Rights? Retrieved from: <a href=\"https:\/\/www.hrw.org\/feature\/2022\/09\/13\/how-do-states-measure-up-child-rights\" target=\"_blank\" rel=\"noreferrer noopener\">https:\/\/www.hrw.org\/feature\/2022\/09\/13\/how-do-states-measure-up-child-rights<\/a>, accessed on 8 October 2022.&nbsp;<\/p>\n\n\n\n<p class=\"has-small-font-size wp-block-paragraph\">HRW &#8211; US States Fail to Protect Children\u2019s Rights (2022). US States Fail to Protect Children\u2019s Rights. Retrieved from: <a href=\"https:\/\/www.hrw.org\/news\/2022\/09\/13\/us-states-fail-protect-childrens-rights\" target=\"_blank\" rel=\"noreferrer noopener\">https:\/\/www.hrw.org\/news\/2022\/09\/13\/us-states-fail-protect-childrens-rights<\/a>, accessed on 8 October 2022.&nbsp;<\/p>\n\n\n\n<p class=\"has-small-font-size wp-block-paragraph\">ILO (2022). What Is Child Labour. Retrieved from: https:\/\/www.ilo.org\/ipec\/facts\/lang&#8211;en\/index.htm, accessed on 8 October 2022.&nbsp;<\/p>\n\n\n\n<p class=\"has-small-font-size wp-block-paragraph\">ILO Convention No. 138 (1976). ILO Convention No. 138 concerning the Minimum Age for Admission to Employment (Minimum Age Convention), adopted June 26, 1973, 1015 U.N.T.S. 297, entered into force June 19, 1976.<\/p>\n\n\n\n<p class=\"has-small-font-size wp-block-paragraph\">Mistrett M. and Espinoza M. (2021). Youth in Adult Courts, Jails, and Prisons. Retrieved from: <a href=\"https:\/\/www.sentencingproject.org\/publications\/youth-in-adult-courts-jails-and-prisons\/\" target=\"_blank\" rel=\"noreferrer noopener\">https:\/\/www.sentencingproject.org\/publications\/youth-in-adult-courts-jails-and-prisons\/<\/a>, accessed on 8 October 2022.&nbsp;<\/p>\n\n\n\n<p class=\"has-small-font-size wp-block-paragraph\">OHCRC (2022). Retrieved from: <a href=\"https:\/\/tbinternet.ohchr.org\/_layouts\/15\/TreatyBodyExternal\/Treaty.aspx?Treaty=CRC&amp;Lang=en\" target=\"_blank\" rel=\"noreferrer noopener\">https:\/\/tbinternet.ohchr.org\/_layouts\/15\/TreatyBodyExternal\/Treaty.aspx?Treaty=CRC&amp;Lang=en<\/a>, accessed on 8 October 2022.&nbsp;<\/p>\n\n\n\n<p class=\"has-small-font-size wp-block-paragraph\">Rovner J. (2021). Juvenile Life Without Parole: An Overview. Retrieved from: <a href=\"https:\/\/www.sentencingproject.org\/publications\/juvenile-life-without-parole\/\" target=\"_blank\" rel=\"noreferrer noopener\">https:\/\/www.sentencingproject.org\/publications\/juvenile-life-without-parole\/<\/a>, accessed on 8 October 2022.&nbsp;<\/p>\n\n\n\n<p class=\"has-small-font-size wp-block-paragraph\">TODRES J., Analysing the opposition to U.S. ratification of the U.N. Convention on the Rights of the Child, in J. Todres et al., The: U.N. Convention on the Rights of the Child: an Analysis of Treaty Provisions and Implications of U.S. Ratification, Ardsley, Transnational Publishers, 2006.<\/p>\n\n\n\n<p class=\"has-small-font-size wp-block-paragraph\">Unchained at Last (2021). United States\u2019 Child Marriage Problem. Retrieved form: <a href=\"https:\/\/www.unchainedatlast.org\/united-states-child-marriage-problem-study-findings-april-2021\/\" target=\"_blank\" rel=\"noreferrer noopener\">https:\/\/www.unchainedatlast.org\/united-states-child-marriage-problem-study-findings-april-2021\/<\/a>, accessed on 8 October 2022.&nbsp;<\/p>\n\n\n\n<p class=\"has-small-font-size wp-block-paragraph\">United States Government Accountability Office (2018). Working children &#8211; Federal Injury Data and Compliance Strategies Could Be Strengthened. Retrieved from: <a href=\"https:\/\/www.gao.gov\/assets\/gao-19-26.pdf\" target=\"_blank\" rel=\"noreferrer noopener\">https:\/\/www.gao.gov\/assets\/gao-19-26.pdf<\/a>, accessed on 8 October 2022.&nbsp;<\/p>\n\n\n\n<p class=\"has-small-font-size wp-block-paragraph\">WHO Child maltreatment (2022). Child maltreatment. Retrieved from: <a href=\"https:\/\/www.who.int\/news-room\/fact-sheets\/detail\/child-maltreatment\" target=\"_blank\" rel=\"noreferrer noopener\">https:\/\/www.who.int\/news-room\/fact-sheets\/detail\/child-maltreatment<\/a>, accessed on 8 October 2022.&nbsp;<\/p>\n\n\n\n<p class=\"has-small-font-size wp-block-paragraph\">WHO Violence against children (2022). Violence against children. Retrieved from: <a href=\"https:\/\/www.who.int\/health-topics\/violence-against-children#tab=tab_1\" target=\"_blank\" rel=\"noreferrer noopener\">https:\/\/www.who.int\/health-topics\/violence-against-children#tab=tab_1<\/a>, accessed on 8 October 2022.<\/p>\n","protected":false},"excerpt":{"rendered":"<p>La Convention des Nations unies relative aux droits de l&rsquo;enfant (CDE) est le trait\u00e9 international relatif aux droits de l&rsquo;homme le plus ratifi\u00e9. Depuis son adoption en 1989, elle a \u00e9t\u00e9 ratifi\u00e9e par 196&nbsp;pays, dont la Somalie et le Soudan du Sud en 2015 (OHCRC, 2022). \u00c0 ce jour, les \u00c9tats-Unis (US) sont le seul [&hellip;]<\/p>\n","protected":false},"author":69,"featured_media":53776,"comment_status":"closed","ping_status":"closed","sticky":false,"template":"","format":"standard","meta":{"footnotes":""},"categories":[220,4,5,233,235,234],"tags":[],"class_list":["post-53773","post","type-post","status-publish","format-standard","has-post-thumbnail","hentry","category-droits-des-enfants","category-droits-humains","category-education","category-exploitation","category-mariage-denfants","category-travail"],"yoast_head":"<!-- This site is optimized with the Yoast SEO plugin v28.3 - https:\/\/yoast.com\/product\/yoast-seo-wordpress\/ -->\n<title>Les \u00c9tats-Unis et les droits de l&#039;enfant\u00a0 - Humanium<\/title>\n<meta name=\"description\" content=\"Les \u00c9tats-Unis ont jou\u00e9 un r\u00f4le important dans l&#039;\u00e9laboration de la CDE, mais ils sont le seul pays au monde \u00e0 ne pas l&#039;avoir ratifi\u00e9e.\u00a0\" \/>\n<meta name=\"robots\" content=\"index, follow, max-snippet:-1, max-image-preview:large, max-video-preview:-1\" \/>\n<link rel=\"canonical\" href=\"https:\/\/www.humanium.org\/fr\/les-etats-unis-et-les-droits-de-lenfant\/\" \/>\n<meta property=\"og:locale\" content=\"fr_FR\" \/>\n<meta property=\"og:type\" content=\"article\" \/>\n<meta property=\"og:title\" content=\"Les \u00c9tats-Unis et les droits de l&#039;enfant\u00a0 - Humanium\" \/>\n<meta property=\"og:description\" content=\"Les \u00c9tats-Unis ont jou\u00e9 un r\u00f4le important dans l&#039;\u00e9laboration de la CDE, mais ils sont le seul pays au monde \u00e0 ne pas l&#039;avoir ratifi\u00e9e.\u00a0\" \/>\n<meta property=\"og:url\" content=\"https:\/\/www.humanium.org\/fr\/les-etats-unis-et-les-droits-de-lenfant\/\" \/>\n<meta property=\"og:site_name\" content=\"Humanium\" \/>\n<meta property=\"article:published_time\" content=\"2022-11-08T08:28:09+00:00\" \/>\n<meta property=\"article:modified_time\" content=\"2026-08-21T03:22:54+00:00\" \/>\n<meta property=\"og:image\" content=\"https:\/\/www.humanium.org\/fr\/wp-content\/uploads\/2022\/11\/shutterstock_2170977457-scaled.jpg\" \/>\n\t<meta property=\"og:image:width\" content=\"2560\" \/>\n\t<meta property=\"og:image:height\" content=\"1707\" \/>\n\t<meta property=\"og:image:type\" content=\"image\/jpeg\" \/>\n<meta name=\"author\" content=\"Humanium\" \/>\n<meta name=\"twitter:card\" content=\"summary_large_image\" \/>\n<meta name=\"twitter:label1\" content=\"\u00c9crit par\" \/>\n\t<meta name=\"twitter:data1\" content=\"Humanium\" \/>\n\t<meta name=\"twitter:label2\" content=\"Dur\u00e9e de lecture estim\u00e9e\" \/>\n\t<meta name=\"twitter:data2\" content=\"15 minutes\" \/>\n<script type=\"application\/ld+json\" class=\"yoast-schema-graph\">{\"@context\":\"https:\\\/\\\/schema.org\",\"@graph\":[{\"@type\":\"Article\",\"@id\":\"https:\\\/\\\/www.humanium.org\\\/fr\\\/les-etats-unis-et-les-droits-de-lenfant\\\/#article\",\"isPartOf\":{\"@id\":\"https:\\\/\\\/www.humanium.org\\\/fr\\\/les-etats-unis-et-les-droits-de-lenfant\\\/\"},\"author\":{\"name\":\"Humanium\",\"@id\":\"https:\\\/\\\/www.humanium.org\\\/fr\\\/#\\\/schema\\\/person\\\/d798d6c7d59ba2307e0877f61a20ce3e\"},\"headline\":\"Les \u00c9tats-Unis et les droits de l&rsquo;enfant\u00a0\",\"datePublished\":\"2022-11-08T08:28:09+00:00\",\"dateModified\":\"2026-08-21T03:22:54+00:00\",\"mainEntityOfPage\":{\"@id\":\"https:\\\/\\\/www.humanium.org\\\/fr\\\/les-etats-unis-et-les-droits-de-lenfant\\\/\"},\"wordCount\":2922,\"image\":{\"@id\":\"https:\\\/\\\/www.humanium.org\\\/fr\\\/les-etats-unis-et-les-droits-de-lenfant\\\/#primaryimage\"},\"thumbnailUrl\":\"https:\\\/\\\/www.humanium.org\\\/fr\\\/wp-content\\\/uploads\\\/2022\\\/11\\\/shutterstock_2170977457-scaled.jpg\",\"articleSection\":[\"Droits des enfants\",\"Droits humains\",\"Education\",\"Exploitation\",\"Mariage d\u2019enfants\",\"Travail\"],\"inLanguage\":\"fr-FR\"},{\"@type\":\"WebPage\",\"@id\":\"https:\\\/\\\/www.humanium.org\\\/fr\\\/les-etats-unis-et-les-droits-de-lenfant\\\/\",\"url\":\"https:\\\/\\\/www.humanium.org\\\/fr\\\/les-etats-unis-et-les-droits-de-lenfant\\\/\",\"name\":\"Les \u00c9tats-Unis et les droits de l'enfant\u00a0 - Humanium\",\"isPartOf\":{\"@id\":\"https:\\\/\\\/www.humanium.org\\\/fr\\\/#website\"},\"primaryImageOfPage\":{\"@id\":\"https:\\\/\\\/www.humanium.org\\\/fr\\\/les-etats-unis-et-les-droits-de-lenfant\\\/#primaryimage\"},\"image\":{\"@id\":\"https:\\\/\\\/www.humanium.org\\\/fr\\\/les-etats-unis-et-les-droits-de-lenfant\\\/#primaryimage\"},\"thumbnailUrl\":\"https:\\\/\\\/www.humanium.org\\\/fr\\\/wp-content\\\/uploads\\\/2022\\\/11\\\/shutterstock_2170977457-scaled.jpg\",\"datePublished\":\"2022-11-08T08:28:09+00:00\",\"dateModified\":\"2026-08-21T03:22:54+00:00\",\"author\":{\"@id\":\"https:\\\/\\\/www.humanium.org\\\/fr\\\/#\\\/schema\\\/person\\\/d798d6c7d59ba2307e0877f61a20ce3e\"},\"description\":\"Les \u00c9tats-Unis ont jou\u00e9 un r\u00f4le important dans l'\u00e9laboration de la CDE, mais ils sont le seul pays au monde \u00e0 ne pas l'avoir ratifi\u00e9e.\u00a0\",\"breadcrumb\":{\"@id\":\"https:\\\/\\\/www.humanium.org\\\/fr\\\/les-etats-unis-et-les-droits-de-lenfant\\\/#breadcrumb\"},\"inLanguage\":\"fr-FR\",\"potentialAction\":[{\"@type\":\"ReadAction\",\"target\":[\"https:\\\/\\\/www.humanium.org\\\/fr\\\/les-etats-unis-et-les-droits-de-lenfant\\\/\"]}]},{\"@type\":\"ImageObject\",\"inLanguage\":\"fr-FR\",\"@id\":\"https:\\\/\\\/www.humanium.org\\\/fr\\\/les-etats-unis-et-les-droits-de-lenfant\\\/#primaryimage\",\"url\":\"https:\\\/\\\/www.humanium.org\\\/fr\\\/wp-content\\\/uploads\\\/2022\\\/11\\\/shutterstock_2170977457-scaled.jpg\",\"contentUrl\":\"https:\\\/\\\/www.humanium.org\\\/fr\\\/wp-content\\\/uploads\\\/2022\\\/11\\\/shutterstock_2170977457-scaled.jpg\",\"width\":2560,\"height\":1707},{\"@type\":\"BreadcrumbList\",\"@id\":\"https:\\\/\\\/www.humanium.org\\\/fr\\\/les-etats-unis-et-les-droits-de-lenfant\\\/#breadcrumb\",\"itemListElement\":[{\"@type\":\"ListItem\",\"position\":1,\"name\":\"Home\",\"item\":\"https:\\\/\\\/www.humanium.org\\\/fr\\\/\"},{\"@type\":\"ListItem\",\"position\":2,\"name\":\"Les \u00c9tats-Unis et les droits de l&rsquo;enfant\u00a0\"}]},{\"@type\":\"WebSite\",\"@id\":\"https:\\\/\\\/www.humanium.org\\\/fr\\\/#website\",\"url\":\"https:\\\/\\\/www.humanium.org\\\/fr\\\/\",\"name\":\"Humanium\",\"description\":\"Les enfants d\u2019abord !\",\"potentialAction\":[{\"@type\":\"SearchAction\",\"target\":{\"@type\":\"EntryPoint\",\"urlTemplate\":\"https:\\\/\\\/www.humanium.org\\\/fr\\\/?s={search_term_string}\"},\"query-input\":{\"@type\":\"PropertyValueSpecification\",\"valueRequired\":true,\"valueName\":\"search_term_string\"}}],\"inLanguage\":\"fr-FR\"},{\"@type\":\"Person\",\"@id\":\"https:\\\/\\\/www.humanium.org\\\/fr\\\/#\\\/schema\\\/person\\\/d798d6c7d59ba2307e0877f61a20ce3e\",\"name\":\"Humanium\",\"image\":{\"@type\":\"ImageObject\",\"inLanguage\":\"fr-FR\",\"@id\":\"https:\\\/\\\/secure.gravatar.com\\\/avatar\\\/22715e338d2fcc547e3a431c4738360d33fea2a4af458f865b2c3b22f1eaa51f?s=96&d=mm&r=g\",\"url\":\"https:\\\/\\\/secure.gravatar.com\\\/avatar\\\/22715e338d2fcc547e3a431c4738360d33fea2a4af458f865b2c3b22f1eaa51f?s=96&d=mm&r=g\",\"contentUrl\":\"https:\\\/\\\/secure.gravatar.com\\\/avatar\\\/22715e338d2fcc547e3a431c4738360d33fea2a4af458f865b2c3b22f1eaa51f?s=96&d=mm&r=g\",\"caption\":\"Humanium\"},\"url\":\"https:\\\/\\\/www.humanium.org\\\/fr\\\/author\\\/humanium\\\/\"}]}<\/script>\n<!-- \/ Yoast SEO plugin. -->","yoast_head_json":{"title":"Les \u00c9tats-Unis et les droits de l'enfant\u00a0 - Humanium","description":"Les \u00c9tats-Unis ont jou\u00e9 un r\u00f4le important dans l'\u00e9laboration de la CDE, mais ils sont le seul pays au monde \u00e0 ne pas l'avoir ratifi\u00e9e.\u00a0","robots":{"index":"index","follow":"follow","max-snippet":"max-snippet:-1","max-image-preview":"max-image-preview:large","max-video-preview":"max-video-preview:-1"},"canonical":"https:\/\/www.humanium.org\/fr\/les-etats-unis-et-les-droits-de-lenfant\/","og_locale":"fr_FR","og_type":"article","og_title":"Les \u00c9tats-Unis et les droits de l'enfant\u00a0 - Humanium","og_description":"Les \u00c9tats-Unis ont jou\u00e9 un r\u00f4le important dans l'\u00e9laboration de la CDE, mais ils sont le seul pays au monde \u00e0 ne pas l'avoir ratifi\u00e9e.\u00a0","og_url":"https:\/\/www.humanium.org\/fr\/les-etats-unis-et-les-droits-de-lenfant\/","og_site_name":"Humanium","article_published_time":"2022-11-08T08:28:09+00:00","article_modified_time":"2026-08-21T03:22:54+00:00","og_image":[{"width":2560,"height":1707,"url":"https:\/\/www.humanium.org\/fr\/wp-content\/uploads\/2022\/11\/shutterstock_2170977457-scaled.jpg","type":"image\/jpeg"}],"author":"Humanium","twitter_card":"summary_large_image","twitter_misc":{"\u00c9crit par":"Humanium","Dur\u00e9e de lecture estim\u00e9e":"15 minutes"},"schema":{"@context":"https:\/\/schema.org","@graph":[{"@type":"Article","@id":"https:\/\/www.humanium.org\/fr\/les-etats-unis-et-les-droits-de-lenfant\/#article","isPartOf":{"@id":"https:\/\/www.humanium.org\/fr\/les-etats-unis-et-les-droits-de-lenfant\/"},"author":{"name":"Humanium","@id":"https:\/\/www.humanium.org\/fr\/#\/schema\/person\/d798d6c7d59ba2307e0877f61a20ce3e"},"headline":"Les \u00c9tats-Unis et les droits de l&rsquo;enfant\u00a0","datePublished":"2022-11-08T08:28:09+00:00","dateModified":"2026-08-21T03:22:54+00:00","mainEntityOfPage":{"@id":"https:\/\/www.humanium.org\/fr\/les-etats-unis-et-les-droits-de-lenfant\/"},"wordCount":2922,"image":{"@id":"https:\/\/www.humanium.org\/fr\/les-etats-unis-et-les-droits-de-lenfant\/#primaryimage"},"thumbnailUrl":"https:\/\/www.humanium.org\/fr\/wp-content\/uploads\/2022\/11\/shutterstock_2170977457-scaled.jpg","articleSection":["Droits des enfants","Droits humains","Education","Exploitation","Mariage d\u2019enfants","Travail"],"inLanguage":"fr-FR"},{"@type":"WebPage","@id":"https:\/\/www.humanium.org\/fr\/les-etats-unis-et-les-droits-de-lenfant\/","url":"https:\/\/www.humanium.org\/fr\/les-etats-unis-et-les-droits-de-lenfant\/","name":"Les \u00c9tats-Unis et les droits de l'enfant\u00a0 - Humanium","isPartOf":{"@id":"https:\/\/www.humanium.org\/fr\/#website"},"primaryImageOfPage":{"@id":"https:\/\/www.humanium.org\/fr\/les-etats-unis-et-les-droits-de-lenfant\/#primaryimage"},"image":{"@id":"https:\/\/www.humanium.org\/fr\/les-etats-unis-et-les-droits-de-lenfant\/#primaryimage"},"thumbnailUrl":"https:\/\/www.humanium.org\/fr\/wp-content\/uploads\/2022\/11\/shutterstock_2170977457-scaled.jpg","datePublished":"2022-11-08T08:28:09+00:00","dateModified":"2026-08-21T03:22:54+00:00","author":{"@id":"https:\/\/www.humanium.org\/fr\/#\/schema\/person\/d798d6c7d59ba2307e0877f61a20ce3e"},"description":"Les \u00c9tats-Unis ont jou\u00e9 un r\u00f4le important dans l'\u00e9laboration de la CDE, mais ils sont le seul pays au monde \u00e0 ne pas l'avoir ratifi\u00e9e.\u00a0","breadcrumb":{"@id":"https:\/\/www.humanium.org\/fr\/les-etats-unis-et-les-droits-de-lenfant\/#breadcrumb"},"inLanguage":"fr-FR","potentialAction":[{"@type":"ReadAction","target":["https:\/\/www.humanium.org\/fr\/les-etats-unis-et-les-droits-de-lenfant\/"]}]},{"@type":"ImageObject","inLanguage":"fr-FR","@id":"https:\/\/www.humanium.org\/fr\/les-etats-unis-et-les-droits-de-lenfant\/#primaryimage","url":"https:\/\/www.humanium.org\/fr\/wp-content\/uploads\/2022\/11\/shutterstock_2170977457-scaled.jpg","contentUrl":"https:\/\/www.humanium.org\/fr\/wp-content\/uploads\/2022\/11\/shutterstock_2170977457-scaled.jpg","width":2560,"height":1707},{"@type":"BreadcrumbList","@id":"https:\/\/www.humanium.org\/fr\/les-etats-unis-et-les-droits-de-lenfant\/#breadcrumb","itemListElement":[{"@type":"ListItem","position":1,"name":"Home","item":"https:\/\/www.humanium.org\/fr\/"},{"@type":"ListItem","position":2,"name":"Les \u00c9tats-Unis et les droits de l&rsquo;enfant\u00a0"}]},{"@type":"WebSite","@id":"https:\/\/www.humanium.org\/fr\/#website","url":"https:\/\/www.humanium.org\/fr\/","name":"Humanium","description":"Les enfants d\u2019abord !","potentialAction":[{"@type":"SearchAction","target":{"@type":"EntryPoint","urlTemplate":"https:\/\/www.humanium.org\/fr\/?s={search_term_string}"},"query-input":{"@type":"PropertyValueSpecification","valueRequired":true,"valueName":"search_term_string"}}],"inLanguage":"fr-FR"},{"@type":"Person","@id":"https:\/\/www.humanium.org\/fr\/#\/schema\/person\/d798d6c7d59ba2307e0877f61a20ce3e","name":"Humanium","image":{"@type":"ImageObject","inLanguage":"fr-FR","@id":"https:\/\/secure.gravatar.com\/avatar\/22715e338d2fcc547e3a431c4738360d33fea2a4af458f865b2c3b22f1eaa51f?s=96&d=mm&r=g","url":"https:\/\/secure.gravatar.com\/avatar\/22715e338d2fcc547e3a431c4738360d33fea2a4af458f865b2c3b22f1eaa51f?s=96&d=mm&r=g","contentUrl":"https:\/\/secure.gravatar.com\/avatar\/22715e338d2fcc547e3a431c4738360d33fea2a4af458f865b2c3b22f1eaa51f?s=96&d=mm&r=g","caption":"Humanium"},"url":"https:\/\/www.humanium.org\/fr\/author\/humanium\/"}]}},"_links":{"self":[{"href":"https:\/\/www.humanium.org\/fr\/wp-json\/wp\/v2\/posts\/53773","targetHints":{"allow":["GET"]}}],"collection":[{"href":"https:\/\/www.humanium.org\/fr\/wp-json\/wp\/v2\/posts"}],"about":[{"href":"https:\/\/www.humanium.org\/fr\/wp-json\/wp\/v2\/types\/post"}],"author":[{"embeddable":true,"href":"https:\/\/www.humanium.org\/fr\/wp-json\/wp\/v2\/users\/69"}],"replies":[{"embeddable":true,"href":"https:\/\/www.humanium.org\/fr\/wp-json\/wp\/v2\/comments?post=53773"}],"version-history":[{"count":10,"href":"https:\/\/www.humanium.org\/fr\/wp-json\/wp\/v2\/posts\/53773\/revisions"}],"predecessor-version":[{"id":62776,"href":"https:\/\/www.humanium.org\/fr\/wp-json\/wp\/v2\/posts\/53773\/revisions\/62776"}],"wp:featuredmedia":[{"embeddable":true,"href":"https:\/\/www.humanium.org\/fr\/wp-json\/wp\/v2\/media\/53776"}],"wp:attachment":[{"href":"https:\/\/www.humanium.org\/fr\/wp-json\/wp\/v2\/media?parent=53773"}],"wp:term":[{"taxonomy":"category","embeddable":true,"href":"https:\/\/www.humanium.org\/fr\/wp-json\/wp\/v2\/categories?post=53773"},{"taxonomy":"post_tag","embeddable":true,"href":"https:\/\/www.humanium.org\/fr\/wp-json\/wp\/v2\/tags?post=53773"}],"curies":[{"name":"wp","href":"https:\/\/api.w.org\/{rel}","templated":true}]}}