{"id":54035,"date":"2022-12-06T20:36:04","date_gmt":"2022-12-06T20:36:04","guid":{"rendered":"https:\/\/www.humanium.org\/fr\/?p=54035"},"modified":"2026-08-21T03:19:33","modified_gmt":"2026-08-21T03:19:33","slug":"la-crise-climatique-est-une-crise-des-droits-de-lenfant","status":"publish","type":"post","link":"https:\/\/www.humanium.org\/fr\/la-crise-climatique-est-une-crise-des-droits-de-lenfant\/","title":{"rendered":"La crise climatique est une crise des droits de l\u2019enfant"},"content":{"rendered":"\n<p class=\"wp-block-paragraph\"><strong>La crise climatique est abord\u00e9e \u00e0 l\u2019\u00e9chelle mondiale, r\u00e9gionale et nationale, par un large \u00e9ventail d\u2019engagements politiques de haut niveau, de trait\u00e9s, de r\u00e9solutions, de cadres l\u00e9gaux, de politiques et d\u2019accords. En d\u00e9pit de toutes ces initiatives et de ces engagements, des enfants sont encore oubli\u00e9s dans les politiques et dans les mesures d\u2019att\u00e9nuation et d\u2019adaptation pour r\u00e9pondre \u00e0 la crise climatique. Les \u00e9checs des \u00c9tats dans la pr\u00e9vention et la r\u00e9duction des effets nuisibles du changement climatique sont une forme de violence contre les enfants, qu\u2019on peut d\u00e9finir comme une forme de maltraitance.<\/strong><\/p>\n\n\n\n<h2 class=\"wp-block-heading\"><strong>L&rsquo;impact du changement climatique sur les enfants<\/strong><\/h2>\n\n\n\n<p class=\"wp-block-paragraph\">Le <a href=\"https:\/\/www.humanium.org\/fr\/changement-climatique\/\">changement climatique<\/a> est un sujet manifeste et pourtant tabou. M\u00eame si on l\u2019aborde \u00e0 l\u2019\u00e9chelle mondiale, r\u00e9gionale et nationale, par un large \u00e9ventail d\u2019engagements politiques de haut niveau, de trait\u00e9s, de r\u00e9solutions, de <a href=\"https:\/\/www.humanium.org\/fr\/focus\/environnement\/droits-environnementaux\/\">cadres l\u00e9gaux,<\/a> de politiques et d\u2019accords, il reste beaucoup de probl\u00e8mes \u00e0 affronter de fa\u00e7on coh\u00e9rente et efficace pour promouvoir un changement de direction (SEAE, 2022).<\/p>\n\n\n\n<p class=\"wp-block-paragraph\">En outre, la <a href=\"https:\/\/www.humanium.org\/fr\/focus\/environnement\/urgence-climatique\/\">crise climatique<\/a> mondiale a \u00e9t\u00e9 engendr\u00e9e essentiellement par l\u2019industrialisation et la consommation des nations riches, alors que ses cons\u00e9quences n\u00e9gatives retombent de fa\u00e7on disproportionn\u00e9e sur ceux qui y ont le moins contribu\u00e9 : les nations et les communaut\u00e9s \u00e0 faible revenu, les communaut\u00e9s autochtones, les communaut\u00e9s non-blanches et les enfants (Climate Change is Child Abuse, 2022).<\/p>\n\n\n\n<blockquote class=\"wp-block-quote is-layout-flow wp-block-quote-is-layout-flow\"><p>\u00ab Nous les enfants, exigeons des mesures urgentes et des solutions au changement climatique. Nous sommes les plus touch\u00e9s, alors que nous sommes les moins responsables du changement climatique. Nous devons aussi \u00eatre inclus ou consult\u00e9s dans la recherch\u00e9 de solutions. Quand nous sommes inclus nous apprenons plus et, \u00e0 notre modeste niveau, nous pouvons passer \u00e0 l\u2019action et nous engager dans des initiatives pour lutter contre le changement climatique, comme de trier les d\u00e9chets&nbsp; et de planter des arbres. \u00bb&nbsp;<\/p><cite>&#8211; Une fille kenyane de 13 ans (SEAE, 2022).<\/cite><\/blockquote>\n\n\n\n<p class=\"wp-block-paragraph\">Un enfant sur cinq dans le monde n\u2019a actuellement pas d\u2019acc\u00e8s \u00e0 l&rsquo;eau, ou pas suffisamment pour subvenir \u00e0 ses besoins quotidiens. D&rsquo;ici 2041, un enfant sur quatre va probablement vivre dans des r\u00e9gions confront\u00e9es \u00e0 une extr\u00eame p\u00e9nurie d\u2019eau (Child Rights Connect, 2022). Plus d\u2019enfants que jamais font face \u00e0 l\u2019extr\u00eame <a href=\"https:\/\/www.humanium.org\/fr\/pauvrete\/\">pauvret\u00e9<\/a>, \u00e0 la <a href=\"https:\/\/www.humanium.org\/fr\/droit-non-discrimination\/\">discrimination<\/a> et aux in\u00e9galit\u00e9s sociales et sont <a href=\"https:\/\/www.humanium.org\/fr\/enfants-deplaces\/\">d\u00e9plac\u00e9s de force<\/a>, fuyant les <a href=\"https:\/\/www.humanium.org\/fr\/enfants-dans-la-guerre\/\">conflits<\/a>, la violence end\u00e9mique et la pr\u00e9carit\u00e9 alimentaire (SEAE, 2022).&nbsp;<\/p>\n\n\n\n<p class=\"wp-block-paragraph\">La crise climatique a aggrav\u00e9 ces <a href=\"https:\/\/www.humanium.org\/fr\/focus\/environnement\/urgence-climatique\/\">risques<\/a> et exacerb\u00e9 la vuln\u00e9rabilit\u00e9 des enfants \u00e0 la violence. Les enfants sont de plus en plus susceptibles de subir des \u00e9v\u00e9nements climatiques tels que des inondations d\u00e9vastatrices, des cyclones, la pollution de l\u2019air, le r\u00e9chauffement climatique, des ph\u00e9nom\u00e8res m\u00e9t\u00e9orologiques extr\u00eames, la d\u00e9sertification, la d\u00e9forestation, des s\u00e9cheresses catastrophiques, des vagues de chaleur, des incendies, des temp\u00eates et les cons\u00e9quences qui y sont li\u00e9es.<\/p>\n\n\n\n<p class=\"wp-block-paragraph\">Selon le premier <a href=\"https:\/\/www.humanium.org\/fr\/le-crime-decocide-et-son-influence-sur-les-droits-des-enfants\/\">Indice des risques climatiques<\/a> pour les enfants publi\u00e9 par L\u2019UNICEF, un milliard d\u2019enfants courent un risque extr\u00eame d\u2019\u00eatre touch\u00e9s par la <a href=\"https:\/\/www.humanium.org\/fr\/changement-climatique\/\">crise climatique<\/a>, dont 820 millions (plus d\u2019un tiers des enfants dans le monde) sont actuellement pleinement expos\u00e9s \u00e0 des vagues de chaleur, 400 millions (presque un enfant sur six) \u00e0 des cyclones, 330 millions (un enfant sur sept) \u00e0 des crues de fleuve, 240 millions (un enfant sur dix) \u00e0 des inondations c\u00f4ti\u00e8res et 920 millions (plus d\u2019un tiers) \u00e0 des p\u00e9nuries d\u2019eau (SEAE, 2022).<\/p>\n\n\n\n<p class=\"wp-block-paragraph\">Les <a href=\"https:\/\/www.humanium.org\/fr\/focus\/environnement\/\">chocs cumulatifs de la crise climatique<\/a> exacerbent les in\u00e9galit\u00e9s et les vuln\u00e9rabilit\u00e9s pr\u00e9existantes, telles que la pauvret\u00e9, l\u2019impact socio-\u00e9conomique de la pand\u00e9mie de Covid-19, les crises humanitaires et financi\u00e8res, les conflits arm\u00e9s, la pr\u00e9carit\u00e9 alimentaire et les facteurs de risque aggravants comme la <a href=\"https:\/\/www.humanium.org\/fr\/violences\/\">violence<\/a>, la <a href=\"https:\/\/www.humanium.org\/fr\/la-maltraitance-des-enfants\/\">maltraitance<\/a>, <a href=\"https:\/\/www.humanium.org\/fr\/exploitation\/\">l\u2019exploitation<\/a>, le <a href=\"https:\/\/www.humanium.org\/fr\/travail-des-enfants\">travail des enfants<\/a>, les <a href=\"https:\/\/www.humanium.org\/fr\/mariage-enfants\/\">mariages d\u2019enfants<\/a>,\u00a0 le <a href=\"https:\/\/www.humanium.org\/fr\/trafic-enfant\">trafic d\u2019enfants<\/a> et le d\u00e9placement forc\u00e9 (SEAE, 2022). <\/p>\n\n\n\n<p class=\"wp-block-paragraph\">Les individus et les enfants des communaut\u00e9s marginalis\u00e9es n\u2019ont pas assez de connaissances et ne peuvent pas s\u2019adapter au changement climatique aussi bien que d\u2019autres enfants plus privil\u00e9gi\u00e9s (Child Rights Connect, 2022). Dans ce sens, la crise climatique agit comme un effet multiplicateur des menaces de <a href=\"https:\/\/www.humanium.org\/fr\/violences\/\">violences contre les enfants<\/a> (SEAE, 2022).\u00a0<\/p>\n\n\n\n<h2 class=\"wp-block-heading\"><strong>La destruction du climat est une forme de maltraitance infantile<\/strong><\/h2>\n\n\n\n<p class=\"wp-block-paragraph\">Des \u00e9tudes qui s\u2019accumulent et des exp\u00e9riences concr\u00e8tes, indiquent, qu\u2019\u00e0 cause de facteurs physiques et li\u00e9s \u00e0 leur d\u00e9veloppement, les enfants sont les plus vuln\u00e9rables \u00e0 la mort, aux maladies et aux blessures caus\u00e9es par les impacts directs et indirects du changement climatique (Climate Change is Child Abuse, 2022). <\/p>\n\n\n\n<p class=\"wp-block-paragraph\">L&rsquo;effet n\u00e9gatif du changement climatique sur les enfants a conduit de nombreux membres des communaut\u00e9s professionnelles consacr\u00e9es \u00e0 la sant\u00e9 des enfants, \u00e0 leur <a href=\"https:\/\/www.humanium.org\/fr\/comprendre-droits-enfant\/protection\/\">protection<\/a> et \u00e0 leurs droits, \u00e0 qualifier les contributions des gouvernements et des entreprises au changement climatique et leurs \u00e9checs dans la pr\u00e9vention et la r\u00e9duction de ses cons\u00e9quences nuisibles, de <a href=\"https:\/\/www.humanium.org\/fr\/violences\/\">violence contre les enfants<\/a>, qui peut \u00eatre d\u00e9finie comme une forme de <a href=\"https:\/\/www.humanium.org\/fr\/la-maltraitance-des-enfants\/\">maltraitance infantile<\/a> (Climate Change is Child Abuse, 2022).<\/p>\n\n\n\n<figure class=\"wp-block-image size-large\"><img loading=\"lazy\" decoding=\"async\" width=\"1024\" height=\"683\" src=\"https:\/\/www.humanium.org\/fr\/wp-content\/uploads\/2022\/12\/shutterstock_1957621384-1024x683.jpg\" alt=\"\" class=\"wp-image-54037\" srcset=\"https:\/\/www.humanium.org\/fr\/wp-content\/uploads\/2022\/12\/shutterstock_1957621384-1024x683.jpg 1024w, https:\/\/www.humanium.org\/fr\/wp-content\/uploads\/2022\/12\/shutterstock_1957621384-300x200.jpg 300w, https:\/\/www.humanium.org\/fr\/wp-content\/uploads\/2022\/12\/shutterstock_1957621384-768x512.jpg 768w, https:\/\/www.humanium.org\/fr\/wp-content\/uploads\/2022\/12\/shutterstock_1957621384-1536x1024.jpg 1536w, https:\/\/www.humanium.org\/fr\/wp-content\/uploads\/2022\/12\/shutterstock_1957621384-2048x1365.jpg 2048w, https:\/\/www.humanium.org\/fr\/wp-content\/uploads\/2022\/12\/shutterstock_1957621384-830x553.jpg 830w, https:\/\/www.humanium.org\/fr\/wp-content\/uploads\/2022\/12\/shutterstock_1957621384-230x153.jpg 230w, https:\/\/www.humanium.org\/fr\/wp-content\/uploads\/2022\/12\/shutterstock_1957621384-350x233.jpg 350w, https:\/\/www.humanium.org\/fr\/wp-content\/uploads\/2022\/12\/shutterstock_1957621384-480x320.jpg 480w, https:\/\/www.humanium.org\/fr\/wp-content\/uploads\/2022\/12\/shutterstock_1957621384-272x182.jpg 272w\" sizes=\"auto, (max-width: 1024px) 100vw, 1024px\" \/><\/figure>\n\n\n\n<p class=\"wp-block-paragraph\">En fait, selon l\u2019Organisation mondiale de la sant\u00e9, la d\u00e9finition de la \u00ab <a href=\"https:\/\/www.humanium.org\/fr\/la-maltraitance-des-enfants\/\">maltraitance infantile<\/a> \u00bb comprend \u00ab toutes les formes de mauvais traitements physiques et\/ou affectifs, de s\u00e9vices sexuels, de n\u00e9gligence ou de traitement n\u00e9gligent, ou d\u2019exploitation commerciale ou autre, entra\u00eenant un pr\u00e9judice r\u00e9el ou potentiel pour la sant\u00e9 de l\u2019enfant, sa survie, son d\u00e9veloppement ou sa dignit\u00e9, dans le contexte d\u2019une relation de responsabilit\u00e9, de confiance ou de pouvoir. \u00bb (OMS, 2022).<\/p>\n\n\n\n<p class=\"wp-block-paragraph\">En ratifiant la <a href=\"https:\/\/www.humanium.org\/fr\/convention\/\">Convention international des droits de l\u2019enfant<\/a> (CIDE) des Nations-Unies , tous les pays (sauf les <a href=\"https:\/\/www.humanium.org\/fr\/etats-unis\">Etats-Unis<\/a>) ont endoss\u00e9 la responsabilit\u00e9 de s\u2019opposer \u00e0 de tels mauvais traitements \u00e0 l\u2019\u00e9gard des enfants, en adoptant les mesures appropri\u00e9es pour lutter contre le changement climatique, bas\u00e9es sur ce qui est n\u00e9cessaire \u00e0 la protection des enfants, selon ce que les meilleures connaissances scientifiques \u00e0 notre disposition pr\u00e9conisent. On devrait alors tenir ces acteurs puissants pour responsables des violences syst\u00e9miques qu\u2019ils perp\u00e8trent contre les enfants (Climate Change is Child Abuse, 2022).&nbsp;<\/p>\n\n\n\n<h2 class=\"wp-block-heading\"><strong>Actions men\u00e9es par les enfants pour faire entendre leur voix sur le changement climatique<\/strong><\/h2>\n\n\n\n<p class=\"wp-block-paragraph\">Les enfants subissent les cons\u00e9quences du changement climatique et ils sont conscients du fait que la crise climatique p\u00e8sera le plus sur eux et sur les g\u00e9n\u00e9rations \u00e0 venir, car ils ont le plus \u00e0 perdre. C\u2019est pour cela que ces derni\u00e8res ann\u00e9es les enfants font de plus en plus <a href=\"https:\/\/www.humanium.org\/fr\/focus\/environnement\/les-enfants-defenseurs-des-droits-environnementaux\/\">entendre leur voix et qu\u2019ils agissent<\/a> en premi\u00e8re ligne de l\u2019action climatique dans le monde, par des actions judiciaires, leur engagement sur les r\u00e9seaux sociaux, la participation communautaire et civique, des gr\u00e8ves men\u00e9es par des enfants, des manifestations pacifiques et des mouvements de mobilisation sociale, tout cela\u00a0 en d\u00e9pit des obstacles auxquels ils font face (SEAE, 2022). <\/p>\n\n\n\n<p class=\"wp-block-paragraph\">L&rsquo;un des meilleurs exemples pour d\u00e9montrer l\u2019engagement des enfants dans la cause est le mouvement <em>Fridays for Future, <\/em>qui est n\u00e9 en 2018 et qui a impliqu\u00e9 des jeunes venant de partout dans le monde.<\/p>\n\n\n\n<p class=\"wp-block-paragraph\">Des actions en justice ont aussi \u00e9t\u00e9 men\u00e9es pour souligner le lien \u00e9troit qui existe entre le changement climatique et les <a href=\"https:\/\/www.humanium.org\/fr\/droits-enfant\/\">droits de l\u2019enfant<\/a>. En fait, en 2020, Greta Thunberg et 15 autres enfants p\u00e9titionnaires venant de 12 pays du monde, ont pr\u00e9sent\u00e9 la premi\u00e8re p\u00e9tition relative au climat aupr\u00e8s du Comit\u00e9 des droits de l\u2019enfant des Nations Unies, qui affirme que l\u2019incapacit\u00e9 des \u00c9tats \u00e0 aborder le changement climatique constitue une violation de leurs droits, prot\u00e9g\u00e9s par la CIDE.<\/p>\n\n\n\n<blockquote class=\"wp-block-quote is-layout-flow wp-block-quote-is-layout-flow\"><p>\u00ab Il est si important que nous nous exprimions maintenant, parce que le changement climatique nous touche le plus, nous les enfants. Nous devons exiger qu\u2019on prenne soin de nous, les enfants, parce que nous sommes une priorit\u00e9, pas un choix. \u00bb <\/p><cite>&#8211; Une fille groenlandaise de 16 ans (CRIN, 2022).<\/cite><\/blockquote>\n\n\n\n<h2 class=\"wp-block-heading\"><strong>Plus d\u2019inclusion des enfants et des jeunes dans les questions relatives au climat<\/strong><\/h2>\n\n\n\n<p class=\"wp-block-paragraph\">Malgr\u00e9 <a href=\"https:\/\/www.humanium.org\/fr\/focus\/environnement\/les-enfants-defenseurs-des-droits-environnementaux\/\">toutes ces actions<\/a>, les enfants et les jeunes sont souvent absents et ignor\u00e9s dans les discussions de politique et les forums mondiaux sur le climat et les droits humains (CRIN, 2022). Les recherches r\u00e9centes \u00e9tablissent que les jeunes se sentent abandonn\u00e9s et trahis par le d\u00e9sint\u00e9r\u00eat et l\u2019ineptie des adultes dans la gestion de cette crise, qui menace de fa\u00e7on profonde leur bien-\u00eatre actuel et futur (Climate Change is Child Abuse, 2022). <\/p>\n\n\n\n<p class=\"wp-block-paragraph\">Les enfants et les jeunes doivent \u00eatre inclus de mani\u00e8re significative et il faut leur donner de l\u2019espace pour qu\u2019ils puissent pleinement <a href=\"https:\/\/www.humanium.org\/fr\/le-principe-dinclusion-et-de-participation\/\">participer<\/a> et d\u00e9fendre leurs droits et int\u00e9r\u00eats dans les d\u00e9cisions qui les touchent et qui toucheront les g\u00e9n\u00e9rations \u00e0 venir. Ils sont les plus concern\u00e9s par l\u2019avenir et devraient faire partie du processus pour le d\u00e9finir.<\/p>\n\n\n\n<p class=\"wp-block-paragraph\">Vu qu\u2019il nous reste moins de huit ans pour tenir la promesse de <a href=\"https:\/\/www.humanium.org\/fr\/comment-lodd-4-peut-il-ameliorer-le-droit-des-enfants-a-leducation\/\">l\u2019Agenda 2030<\/a>, le temps presse. Il nous faut un changement de mod\u00e8le. Il faut renforcer la coop\u00e9ration et le multilat\u00e9ralisme, bas\u00e9s sur des partenariats r\u00e9ciproques et la responsabilit\u00e9, car la plupart des pays les plus \u00e0 risque sont les moins coupables. <\/p>\n\n\n\n<p class=\"wp-block-paragraph\">On a besoin plus que jamais de <a href=\"https:\/\/www.humanium.org\/fr\/justice\/\">justice<\/a>, y compris de justice sociale, pour tous les enfants, sans en n\u00e9gliger aucun. Cela requiert que tous les acteurs principaux unissent leurs forces et leurs responsabilit\u00e9s, y compris les \u00c9tats membres et le secteur priv\u00e9 (SEAE, 2022).&nbsp;<\/p>\n\n\n\n<figure class=\"wp-block-image size-large\"><img loading=\"lazy\" decoding=\"async\" width=\"1024\" height=\"683\" src=\"https:\/\/www.humanium.org\/fr\/wp-content\/uploads\/2022\/12\/shutterstock_2149243071-1024x683.jpg\" alt=\"\" class=\"wp-image-54036\" srcset=\"https:\/\/www.humanium.org\/fr\/wp-content\/uploads\/2022\/12\/shutterstock_2149243071-1024x683.jpg 1024w, https:\/\/www.humanium.org\/fr\/wp-content\/uploads\/2022\/12\/shutterstock_2149243071-300x200.jpg 300w, https:\/\/www.humanium.org\/fr\/wp-content\/uploads\/2022\/12\/shutterstock_2149243071-768x512.jpg 768w, https:\/\/www.humanium.org\/fr\/wp-content\/uploads\/2022\/12\/shutterstock_2149243071-1536x1024.jpg 1536w, https:\/\/www.humanium.org\/fr\/wp-content\/uploads\/2022\/12\/shutterstock_2149243071-2048x1365.jpg 2048w, https:\/\/www.humanium.org\/fr\/wp-content\/uploads\/2022\/12\/shutterstock_2149243071-830x553.jpg 830w, https:\/\/www.humanium.org\/fr\/wp-content\/uploads\/2022\/12\/shutterstock_2149243071-230x153.jpg 230w, https:\/\/www.humanium.org\/fr\/wp-content\/uploads\/2022\/12\/shutterstock_2149243071-350x233.jpg 350w, https:\/\/www.humanium.org\/fr\/wp-content\/uploads\/2022\/12\/shutterstock_2149243071-480x320.jpg 480w, https:\/\/www.humanium.org\/fr\/wp-content\/uploads\/2022\/12\/shutterstock_2149243071-272x182.jpg 272w\" sizes=\"auto, (max-width: 1024px) 100vw, 1024px\" \/><\/figure>\n\n\n\n<p class=\"wp-block-paragraph\">En ce sens, Humanium est en premi\u00e8re ligne pour sensibiliser aux dangers et aux causes de la crise climatique et mettre \u00e0 disposition des r\u00e9ponses face au changement climatique, pour les enfants et les g\u00e9n\u00e9rations \u00e0 venir. Si vous voulez contribuer \u00e0 notre mission, veuillez envisager de faire un don ou de devenir b\u00e9n\u00e9vole ou membre.&nbsp;<\/p>\n\n\n\n<p class=\"wp-block-paragraph\"><em><strong>Ecrit par Arianna Braga<\/strong><\/em><\/p>\n\n\n\n<p class=\"wp-block-paragraph\"><em><strong>Traduit par Alex Macpherson<\/strong><\/em><\/p>\n\n\n\n<p class=\"wp-block-paragraph\"><em><strong>Relu par Catherine Petermann<\/strong><\/em><\/p>\n\n\n\n<h4 class=\"wp-block-heading\"><strong>Travaux cit\u00e9s :&nbsp;<\/strong><\/h4>\n\n\n\n<p class=\"has-small-font-size wp-block-paragraph\">Bakker, C. (2021). Baptism of fire? The first climate case before the UN Committee on the Rights of the Child. Retrieved from Questions of International Law (QIL) at <a href=\"http:\/\/www.qil-qdi.org\/baptism-of-fire-the-first-climate-case-before-the-un-committee-on-the-rights-of-the-child\/\" target=\"_blank\" rel=\"noreferrer noopener\">http:\/\/www.qil-qdi.org\/baptism-of-fire-the-first-climate-case-before-the-un-committee-on-the-rights-of-the-child\/<\/a>, accessed on 5 November 2022.&nbsp;<\/p>\n\n\n\n<p class=\"has-small-font-size wp-block-paragraph\">Child Rights Connect (2022). Saving the planet is saving children: Voices of Children for COP27 and beyond. Retrieved from Child Rights Connect at <a href=\"https:\/\/childrightsconnect.org\/saving-the-planet-is-saving-children-voices-of-children-for-cop27-and-beyond\/\" target=\"_blank\" rel=\"noreferrer noopener\">https:\/\/childrightsconnect.org\/saving-the-planet-is-saving-children-voices-of-children-for-cop27-and-beyond\/<\/a>, accessed on 5 November 2022.&nbsp;<\/p>\n\n\n\n<p class=\"has-small-font-size wp-block-paragraph\">Climate Change is Child Abuse (2022). Climate destruction is child abuse. Retrieved from Climate Change is Child Abuse at <a href=\"https:\/\/climatechangeischi.wixsite.com\/generations-together\" target=\"_blank\" rel=\"noreferrer noopener\">https:\/\/climatechangeischi.wixsite.com\/generations-together<\/a>, accessed on 5 November 2022.<\/p>\n\n\n\n<p class=\"has-small-font-size wp-block-paragraph\">CRIN (2022). Children&rsquo;s rights and voices in the global response to climate. Retrieved from CRIN at <a href=\"https:\/\/home.crin.org\/readlistenwatch\/stories\/children-at-cop27\" target=\"_blank\" rel=\"noreferrer noopener\">https:\/\/home.crin.org\/readlistenwatch\/stories\/children-at-cop27<\/a>, accessed on 5 November 2022.&nbsp;<\/p>\n\n\n\n<p class=\"has-small-font-size wp-block-paragraph\">EEAS (2022). The Climate Crisis: a Threat Multiplier for Violence against Children. Retrieved from the Delegation of the European Union to the United Nations in New York at <a href=\"https:\/\/www.eeas.europa.eu\/delegations\/un-new-york\/climate-crisis-threat-multiplier-violence-against-children_en\" target=\"_blank\" rel=\"noreferrer noopener\">https:\/\/www.eeas.europa.eu\/delegations\/un-new-york\/climate-crisis-threat-multiplier-violence-against-children_en<\/a>, accessed on 5 November 2022.&nbsp;<\/p>\n\n\n\n<p class=\"has-small-font-size wp-block-paragraph\">WHO (2022). Child maltreatment. Retrieved from the World Health Organization (WHO) at <a href=\"https:\/\/www.who.int\/news-room\/fact-sheets\/detail\/child-maltreatment#:~:text=It%20includes%20all%20types%20of,of%20responsibility%2C%20trust%20or%20power\" target=\"_blank\" rel=\"noreferrer noopener\">https:\/\/www.who.int\/news-room\/fact-sheets\/detail\/child-maltreatment#:~:text=It%20includes%20all%20types%20of,of%20responsibility%2C%20trust%20or%20power<\/a>, accessed on 5 November 2022.<\/p>\n","protected":false},"excerpt":{"rendered":"<p>La crise climatique est abord\u00e9e \u00e0 l\u2019\u00e9chelle mondiale, r\u00e9gionale et nationale, par un large \u00e9ventail d\u2019engagements politiques de haut niveau, de trait\u00e9s, de r\u00e9solutions, de cadres l\u00e9gaux, de politiques et d\u2019accords. En d\u00e9pit de toutes ces initiatives et de ces engagements, des enfants sont encore oubli\u00e9s dans les politiques et dans les mesures d\u2019att\u00e9nuation et [&hellip;]<\/p>\n","protected":false},"author":69,"featured_media":54038,"comment_status":"closed","ping_status":"closed","sticky":false,"template":"","format":"standard","meta":{"footnotes":""},"categories":[220,6],"tags":[],"class_list":["post-54035","post","type-post","status-publish","format-standard","has-post-thumbnail","hentry","category-droits-des-enfants","category-environnement"],"yoast_head":"<!-- This site is optimized with the Yoast SEO plugin v28.3 - https:\/\/yoast.com\/product\/yoast-seo-wordpress\/ -->\n<title>La crise climatique est une crise des droits de l\u2019enfant - Humanium<\/title>\n<meta name=\"description\" content=\"Malgr\u00e9 de nombreuses initiatives et engagements, les enfants sont toujours laiss\u00e9s pour compte dans les politiques d&#039;att\u00e9nuation.\" \/>\n<meta name=\"robots\" content=\"index, follow, max-snippet:-1, max-image-preview:large, max-video-preview:-1\" \/>\n<link rel=\"canonical\" href=\"https:\/\/www.humanium.org\/fr\/la-crise-climatique-est-une-crise-des-droits-de-lenfant\/\" \/>\n<meta property=\"og:locale\" content=\"fr_FR\" \/>\n<meta property=\"og:type\" content=\"article\" \/>\n<meta property=\"og:title\" content=\"La crise climatique est une crise des droits de l\u2019enfant - Humanium\" \/>\n<meta property=\"og:description\" content=\"Malgr\u00e9 de nombreuses initiatives et engagements, les enfants sont toujours laiss\u00e9s pour compte dans les politiques d&#039;att\u00e9nuation.\" \/>\n<meta property=\"og:url\" content=\"https:\/\/www.humanium.org\/fr\/la-crise-climatique-est-une-crise-des-droits-de-lenfant\/\" \/>\n<meta property=\"og:site_name\" content=\"Humanium\" \/>\n<meta property=\"article:published_time\" content=\"2022-12-06T20:36:04+00:00\" \/>\n<meta property=\"article:modified_time\" content=\"2026-08-21T03:19:33+00:00\" \/>\n<meta property=\"og:image\" content=\"https:\/\/www.humanium.org\/fr\/wp-content\/uploads\/2022\/12\/shutterstock_1524419402-scaled.jpg\" \/>\n\t<meta property=\"og:image:width\" content=\"2560\" \/>\n\t<meta property=\"og:image:height\" content=\"1707\" \/>\n\t<meta property=\"og:image:type\" content=\"image\/jpeg\" \/>\n<meta name=\"author\" content=\"Humanium\" \/>\n<meta name=\"twitter:card\" content=\"summary_large_image\" \/>\n<meta name=\"twitter:label1\" content=\"\u00c9crit par\" \/>\n\t<meta name=\"twitter:data1\" content=\"Humanium\" \/>\n\t<meta name=\"twitter:label2\" content=\"Dur\u00e9e de lecture estim\u00e9e\" \/>\n\t<meta name=\"twitter:data2\" content=\"10 minutes\" \/>\n<script type=\"application\/ld+json\" class=\"yoast-schema-graph\">{\"@context\":\"https:\\\/\\\/schema.org\",\"@graph\":[{\"@type\":\"Article\",\"@id\":\"https:\\\/\\\/www.humanium.org\\\/fr\\\/la-crise-climatique-est-une-crise-des-droits-de-lenfant\\\/#article\",\"isPartOf\":{\"@id\":\"https:\\\/\\\/www.humanium.org\\\/fr\\\/la-crise-climatique-est-une-crise-des-droits-de-lenfant\\\/\"},\"author\":{\"name\":\"Humanium\",\"@id\":\"https:\\\/\\\/www.humanium.org\\\/fr\\\/#\\\/schema\\\/person\\\/d798d6c7d59ba2307e0877f61a20ce3e\"},\"headline\":\"La crise climatique est une crise des droits de l\u2019enfant\",\"datePublished\":\"2022-12-06T20:36:04+00:00\",\"dateModified\":\"2026-08-21T03:19:33+00:00\",\"mainEntityOfPage\":{\"@id\":\"https:\\\/\\\/www.humanium.org\\\/fr\\\/la-crise-climatique-est-une-crise-des-droits-de-lenfant\\\/\"},\"wordCount\":1907,\"image\":{\"@id\":\"https:\\\/\\\/www.humanium.org\\\/fr\\\/la-crise-climatique-est-une-crise-des-droits-de-lenfant\\\/#primaryimage\"},\"thumbnailUrl\":\"https:\\\/\\\/www.humanium.org\\\/fr\\\/wp-content\\\/uploads\\\/2022\\\/12\\\/shutterstock_1524419402-scaled.jpg\",\"articleSection\":[\"Droits des enfants\",\"Environnement\"],\"inLanguage\":\"fr-FR\"},{\"@type\":\"WebPage\",\"@id\":\"https:\\\/\\\/www.humanium.org\\\/fr\\\/la-crise-climatique-est-une-crise-des-droits-de-lenfant\\\/\",\"url\":\"https:\\\/\\\/www.humanium.org\\\/fr\\\/la-crise-climatique-est-une-crise-des-droits-de-lenfant\\\/\",\"name\":\"La crise climatique est une crise des droits de l\u2019enfant - Humanium\",\"isPartOf\":{\"@id\":\"https:\\\/\\\/www.humanium.org\\\/fr\\\/#website\"},\"primaryImageOfPage\":{\"@id\":\"https:\\\/\\\/www.humanium.org\\\/fr\\\/la-crise-climatique-est-une-crise-des-droits-de-lenfant\\\/#primaryimage\"},\"image\":{\"@id\":\"https:\\\/\\\/www.humanium.org\\\/fr\\\/la-crise-climatique-est-une-crise-des-droits-de-lenfant\\\/#primaryimage\"},\"thumbnailUrl\":\"https:\\\/\\\/www.humanium.org\\\/fr\\\/wp-content\\\/uploads\\\/2022\\\/12\\\/shutterstock_1524419402-scaled.jpg\",\"datePublished\":\"2022-12-06T20:36:04+00:00\",\"dateModified\":\"2026-08-21T03:19:33+00:00\",\"author\":{\"@id\":\"https:\\\/\\\/www.humanium.org\\\/fr\\\/#\\\/schema\\\/person\\\/d798d6c7d59ba2307e0877f61a20ce3e\"},\"description\":\"Malgr\u00e9 de nombreuses initiatives et engagements, les enfants sont toujours laiss\u00e9s pour compte dans les politiques d'att\u00e9nuation.\",\"breadcrumb\":{\"@id\":\"https:\\\/\\\/www.humanium.org\\\/fr\\\/la-crise-climatique-est-une-crise-des-droits-de-lenfant\\\/#breadcrumb\"},\"inLanguage\":\"fr-FR\",\"potentialAction\":[{\"@type\":\"ReadAction\",\"target\":[\"https:\\\/\\\/www.humanium.org\\\/fr\\\/la-crise-climatique-est-une-crise-des-droits-de-lenfant\\\/\"]}]},{\"@type\":\"ImageObject\",\"inLanguage\":\"fr-FR\",\"@id\":\"https:\\\/\\\/www.humanium.org\\\/fr\\\/la-crise-climatique-est-une-crise-des-droits-de-lenfant\\\/#primaryimage\",\"url\":\"https:\\\/\\\/www.humanium.org\\\/fr\\\/wp-content\\\/uploads\\\/2022\\\/12\\\/shutterstock_1524419402-scaled.jpg\",\"contentUrl\":\"https:\\\/\\\/www.humanium.org\\\/fr\\\/wp-content\\\/uploads\\\/2022\\\/12\\\/shutterstock_1524419402-scaled.jpg\",\"width\":2560,\"height\":1707},{\"@type\":\"BreadcrumbList\",\"@id\":\"https:\\\/\\\/www.humanium.org\\\/fr\\\/la-crise-climatique-est-une-crise-des-droits-de-lenfant\\\/#breadcrumb\",\"itemListElement\":[{\"@type\":\"ListItem\",\"position\":1,\"name\":\"Home\",\"item\":\"https:\\\/\\\/www.humanium.org\\\/fr\\\/\"},{\"@type\":\"ListItem\",\"position\":2,\"name\":\"La crise climatique est une crise des droits de l\u2019enfant\"}]},{\"@type\":\"WebSite\",\"@id\":\"https:\\\/\\\/www.humanium.org\\\/fr\\\/#website\",\"url\":\"https:\\\/\\\/www.humanium.org\\\/fr\\\/\",\"name\":\"Humanium\",\"description\":\"Les enfants d\u2019abord !\",\"potentialAction\":[{\"@type\":\"SearchAction\",\"target\":{\"@type\":\"EntryPoint\",\"urlTemplate\":\"https:\\\/\\\/www.humanium.org\\\/fr\\\/?s={search_term_string}\"},\"query-input\":{\"@type\":\"PropertyValueSpecification\",\"valueRequired\":true,\"valueName\":\"search_term_string\"}}],\"inLanguage\":\"fr-FR\"},{\"@type\":\"Person\",\"@id\":\"https:\\\/\\\/www.humanium.org\\\/fr\\\/#\\\/schema\\\/person\\\/d798d6c7d59ba2307e0877f61a20ce3e\",\"name\":\"Humanium\",\"image\":{\"@type\":\"ImageObject\",\"inLanguage\":\"fr-FR\",\"@id\":\"https:\\\/\\\/secure.gravatar.com\\\/avatar\\\/22715e338d2fcc547e3a431c4738360d33fea2a4af458f865b2c3b22f1eaa51f?s=96&d=mm&r=g\",\"url\":\"https:\\\/\\\/secure.gravatar.com\\\/avatar\\\/22715e338d2fcc547e3a431c4738360d33fea2a4af458f865b2c3b22f1eaa51f?s=96&d=mm&r=g\",\"contentUrl\":\"https:\\\/\\\/secure.gravatar.com\\\/avatar\\\/22715e338d2fcc547e3a431c4738360d33fea2a4af458f865b2c3b22f1eaa51f?s=96&d=mm&r=g\",\"caption\":\"Humanium\"},\"url\":\"https:\\\/\\\/www.humanium.org\\\/fr\\\/author\\\/humanium\\\/\"}]}<\/script>\n<!-- \/ Yoast SEO plugin. -->","yoast_head_json":{"title":"La crise climatique est une crise des droits de l\u2019enfant - Humanium","description":"Malgr\u00e9 de nombreuses initiatives et engagements, les enfants sont toujours laiss\u00e9s pour compte dans les politiques d'att\u00e9nuation.","robots":{"index":"index","follow":"follow","max-snippet":"max-snippet:-1","max-image-preview":"max-image-preview:large","max-video-preview":"max-video-preview:-1"},"canonical":"https:\/\/www.humanium.org\/fr\/la-crise-climatique-est-une-crise-des-droits-de-lenfant\/","og_locale":"fr_FR","og_type":"article","og_title":"La crise climatique est une crise des droits de l\u2019enfant - Humanium","og_description":"Malgr\u00e9 de nombreuses initiatives et engagements, les enfants sont toujours laiss\u00e9s pour compte dans les politiques d'att\u00e9nuation.","og_url":"https:\/\/www.humanium.org\/fr\/la-crise-climatique-est-une-crise-des-droits-de-lenfant\/","og_site_name":"Humanium","article_published_time":"2022-12-06T20:36:04+00:00","article_modified_time":"2026-08-21T03:19:33+00:00","og_image":[{"width":2560,"height":1707,"url":"https:\/\/www.humanium.org\/fr\/wp-content\/uploads\/2022\/12\/shutterstock_1524419402-scaled.jpg","type":"image\/jpeg"}],"author":"Humanium","twitter_card":"summary_large_image","twitter_misc":{"\u00c9crit par":"Humanium","Dur\u00e9e de lecture estim\u00e9e":"10 minutes"},"schema":{"@context":"https:\/\/schema.org","@graph":[{"@type":"Article","@id":"https:\/\/www.humanium.org\/fr\/la-crise-climatique-est-une-crise-des-droits-de-lenfant\/#article","isPartOf":{"@id":"https:\/\/www.humanium.org\/fr\/la-crise-climatique-est-une-crise-des-droits-de-lenfant\/"},"author":{"name":"Humanium","@id":"https:\/\/www.humanium.org\/fr\/#\/schema\/person\/d798d6c7d59ba2307e0877f61a20ce3e"},"headline":"La crise climatique est une crise des droits de l\u2019enfant","datePublished":"2022-12-06T20:36:04+00:00","dateModified":"2026-08-21T03:19:33+00:00","mainEntityOfPage":{"@id":"https:\/\/www.humanium.org\/fr\/la-crise-climatique-est-une-crise-des-droits-de-lenfant\/"},"wordCount":1907,"image":{"@id":"https:\/\/www.humanium.org\/fr\/la-crise-climatique-est-une-crise-des-droits-de-lenfant\/#primaryimage"},"thumbnailUrl":"https:\/\/www.humanium.org\/fr\/wp-content\/uploads\/2022\/12\/shutterstock_1524419402-scaled.jpg","articleSection":["Droits des enfants","Environnement"],"inLanguage":"fr-FR"},{"@type":"WebPage","@id":"https:\/\/www.humanium.org\/fr\/la-crise-climatique-est-une-crise-des-droits-de-lenfant\/","url":"https:\/\/www.humanium.org\/fr\/la-crise-climatique-est-une-crise-des-droits-de-lenfant\/","name":"La crise climatique est une crise des droits de l\u2019enfant - Humanium","isPartOf":{"@id":"https:\/\/www.humanium.org\/fr\/#website"},"primaryImageOfPage":{"@id":"https:\/\/www.humanium.org\/fr\/la-crise-climatique-est-une-crise-des-droits-de-lenfant\/#primaryimage"},"image":{"@id":"https:\/\/www.humanium.org\/fr\/la-crise-climatique-est-une-crise-des-droits-de-lenfant\/#primaryimage"},"thumbnailUrl":"https:\/\/www.humanium.org\/fr\/wp-content\/uploads\/2022\/12\/shutterstock_1524419402-scaled.jpg","datePublished":"2022-12-06T20:36:04+00:00","dateModified":"2026-08-21T03:19:33+00:00","author":{"@id":"https:\/\/www.humanium.org\/fr\/#\/schema\/person\/d798d6c7d59ba2307e0877f61a20ce3e"},"description":"Malgr\u00e9 de nombreuses initiatives et engagements, les enfants sont toujours laiss\u00e9s pour compte dans les politiques d'att\u00e9nuation.","breadcrumb":{"@id":"https:\/\/www.humanium.org\/fr\/la-crise-climatique-est-une-crise-des-droits-de-lenfant\/#breadcrumb"},"inLanguage":"fr-FR","potentialAction":[{"@type":"ReadAction","target":["https:\/\/www.humanium.org\/fr\/la-crise-climatique-est-une-crise-des-droits-de-lenfant\/"]}]},{"@type":"ImageObject","inLanguage":"fr-FR","@id":"https:\/\/www.humanium.org\/fr\/la-crise-climatique-est-une-crise-des-droits-de-lenfant\/#primaryimage","url":"https:\/\/www.humanium.org\/fr\/wp-content\/uploads\/2022\/12\/shutterstock_1524419402-scaled.jpg","contentUrl":"https:\/\/www.humanium.org\/fr\/wp-content\/uploads\/2022\/12\/shutterstock_1524419402-scaled.jpg","width":2560,"height":1707},{"@type":"BreadcrumbList","@id":"https:\/\/www.humanium.org\/fr\/la-crise-climatique-est-une-crise-des-droits-de-lenfant\/#breadcrumb","itemListElement":[{"@type":"ListItem","position":1,"name":"Home","item":"https:\/\/www.humanium.org\/fr\/"},{"@type":"ListItem","position":2,"name":"La crise climatique est une crise des droits de l\u2019enfant"}]},{"@type":"WebSite","@id":"https:\/\/www.humanium.org\/fr\/#website","url":"https:\/\/www.humanium.org\/fr\/","name":"Humanium","description":"Les enfants d\u2019abord !","potentialAction":[{"@type":"SearchAction","target":{"@type":"EntryPoint","urlTemplate":"https:\/\/www.humanium.org\/fr\/?s={search_term_string}"},"query-input":{"@type":"PropertyValueSpecification","valueRequired":true,"valueName":"search_term_string"}}],"inLanguage":"fr-FR"},{"@type":"Person","@id":"https:\/\/www.humanium.org\/fr\/#\/schema\/person\/d798d6c7d59ba2307e0877f61a20ce3e","name":"Humanium","image":{"@type":"ImageObject","inLanguage":"fr-FR","@id":"https:\/\/secure.gravatar.com\/avatar\/22715e338d2fcc547e3a431c4738360d33fea2a4af458f865b2c3b22f1eaa51f?s=96&d=mm&r=g","url":"https:\/\/secure.gravatar.com\/avatar\/22715e338d2fcc547e3a431c4738360d33fea2a4af458f865b2c3b22f1eaa51f?s=96&d=mm&r=g","contentUrl":"https:\/\/secure.gravatar.com\/avatar\/22715e338d2fcc547e3a431c4738360d33fea2a4af458f865b2c3b22f1eaa51f?s=96&d=mm&r=g","caption":"Humanium"},"url":"https:\/\/www.humanium.org\/fr\/author\/humanium\/"}]}},"_links":{"self":[{"href":"https:\/\/www.humanium.org\/fr\/wp-json\/wp\/v2\/posts\/54035","targetHints":{"allow":["GET"]}}],"collection":[{"href":"https:\/\/www.humanium.org\/fr\/wp-json\/wp\/v2\/posts"}],"about":[{"href":"https:\/\/www.humanium.org\/fr\/wp-json\/wp\/v2\/types\/post"}],"author":[{"embeddable":true,"href":"https:\/\/www.humanium.org\/fr\/wp-json\/wp\/v2\/users\/69"}],"replies":[{"embeddable":true,"href":"https:\/\/www.humanium.org\/fr\/wp-json\/wp\/v2\/comments?post=54035"}],"version-history":[{"count":7,"href":"https:\/\/www.humanium.org\/fr\/wp-json\/wp\/v2\/posts\/54035\/revisions"}],"predecessor-version":[{"id":62600,"href":"https:\/\/www.humanium.org\/fr\/wp-json\/wp\/v2\/posts\/54035\/revisions\/62600"}],"wp:featuredmedia":[{"embeddable":true,"href":"https:\/\/www.humanium.org\/fr\/wp-json\/wp\/v2\/media\/54038"}],"wp:attachment":[{"href":"https:\/\/www.humanium.org\/fr\/wp-json\/wp\/v2\/media?parent=54035"}],"wp:term":[{"taxonomy":"category","embeddable":true,"href":"https:\/\/www.humanium.org\/fr\/wp-json\/wp\/v2\/categories?post=54035"},{"taxonomy":"post_tag","embeddable":true,"href":"https:\/\/www.humanium.org\/fr\/wp-json\/wp\/v2\/tags?post=54035"}],"curies":[{"name":"wp","href":"https:\/\/api.w.org\/{rel}","templated":true}]}}