{"id":54114,"date":"2022-12-13T18:43:06","date_gmt":"2022-12-13T18:43:06","guid":{"rendered":"https:\/\/www.humanium.org\/fr\/?p=54114"},"modified":"2026-08-21T03:22:54","modified_gmt":"2026-08-21T03:22:54","slug":"une-pandemie-au-sommet-dune-pandemie-la-crise-croissante-de-la-sante-mentale-chez-les-adolescents-aux-etats-unis","status":"publish","type":"post","link":"https:\/\/www.humanium.org\/fr\/une-pandemie-au-sommet-dune-pandemie-la-crise-croissante-de-la-sante-mentale-chez-les-adolescents-aux-etats-unis\/","title":{"rendered":"Une pand\u00e9mie au sommet d&rsquo;une pand\u00e9mie : la crise croissante de la sant\u00e9 mentale chez les adolescents aux \u00c9tats-Unis."},"content":{"rendered":"\n<p class=\"wp-block-paragraph\"><strong>Les <\/strong><a href=\"https:\/\/www.humanium.org\/fr\/etats-unis\/\"><strong>\u00c9tats-Unis d&rsquo;Am\u00e9rique<\/strong><\/a><strong> (USA) ont connu une augmentation spectaculaire des cas enregistr\u00e9s d&rsquo;anxi\u00e9t\u00e9 et de d\u00e9pression parmi leur population jeune (Horowitz, 2019). Ces probl\u00e8mes de sant\u00e9 mentale touchent les jeunes, et en particulier les adolescents, dans tout le pays avec des proportions \u00e0 peu pr\u00e8s \u00e9gales, peu importe la race, le milieu \u00e9conomique ou le sexe du jeune en question (Horowitz, 2019). Malgr\u00e9 la gravit\u00e9 de la crise de la sant\u00e9 mentale, sa nature invisible signifie qu&rsquo;elle re\u00e7oit rarement autant d&rsquo;attention que les crises nationales et mondiales concurrentes, telles que la <\/strong><a href=\"https:\/\/www.humanium.org\/fr\/la-sante-mentale-des-enfants-durant-la-pandemie-une-realite-troublante\/\"><strong>pand\u00e9mie de COVID-19<\/strong><\/a><strong>.<\/strong><\/p>\n\n\n\n<h2 class=\"wp-block-heading\"><strong>Les causes et les moteurs de la crise de la sant\u00e9 mentale<\/strong><\/h2>\n\n\n\n<p class=\"wp-block-paragraph\">Les probl\u00e8mes de <a href=\"https:\/\/www.humanium.org\/fr\/le-bien-etre-mental-des-enfants\/\">sant\u00e9 mentale<\/a> sont le r\u00e9sultat d&rsquo;un ensemble de facteurs. Au niveau biologique, la constitution g\u00e9n\u00e9tique et la chimie du cerveau peuvent pr\u00e9disposer certains adolescents \u00e0 des probl\u00e8mes de sant\u00e9 mentale (U.S. Surgeon General Advisory, 2021). Cependant, l&rsquo;influence de ces facteurs inn\u00e9s est \u00e9clips\u00e9e par le r\u00f4le des relations, de l&rsquo;\u00e9ducation et des conditions soci\u00e9tales qui fa\u00e7onnent les exp\u00e9riences de vie et les perceptions de soi des enfants, cr\u00e9ant ainsi de la d\u00e9tresse.&nbsp;<br><br>Ces facteurs communautaires peuvent \u00eatre r\u00e9partis en quelques groupes principaux, tels qu&rsquo;une plus grande sensibilisation \u00e0 la sant\u00e9 mentale, l&rsquo;utilisation des m\u00e9dias num\u00e9riques et sociaux, un acc\u00e8s limit\u00e9 au soutien en mati\u00e8re de sant\u00e9 mentale, etc. Malheureusement, l&rsquo;absence de mesures pr\u00e9ventives et de traitements appropri\u00e9s emp\u00eache les adolescents d&rsquo;acc\u00e9der au soutien dont ils ont besoin pour faire face aux al\u00e9as de la vie. Cela entrave la capacit\u00e9 des adolescents \u00e0 se <a href=\"https:\/\/www.humanium.org\/fr\/le-developpement-de-la-petite-enfance-la-fondation-pour-une-societe-durable-et-prospere\/\">d\u00e9velopper<\/a> de mani\u00e8re compl\u00e8te et saine (U.S. Surgeon General Advisory, 2021).<\/p>\n\n\n\n<h2 class=\"wp-block-heading\"><strong>Un examen plus approfondi de la situation actuelle<\/strong><\/h2>\n\n\n\n<p class=\"wp-block-paragraph\">Au cours des 15 derni\u00e8res ann\u00e9es, les statistiques sur la <a href=\"https:\/\/www.humanium.org\/fr\/le-bien-etre-mental-des-enfants\/\">sant\u00e9 mentale<\/a> des adolescents aux <a href=\"https:\/\/www.humanium.org\/fr\/etats-unis\/\">USA<\/a> ont mis en \u00e9vidence une forte augmentation des diagnostics de troubles mentaux. Une \u00e9tude pr\u00e9pand\u00e9mique du U.S. Surgeon General Advisory a indiqu\u00e9 que 20 % des enfants \u00e2g\u00e9s de 3 \u00e0 17 ans souffraient d\u2019un trouble mental d\u00e9clar\u00e9 (U.S. Surgeon General Advisory, 2021). Toutefois, dans le cadre de cette statistique, et compte tenu du large \u00e9ventail de <a href=\"https:\/\/www.humanium.org\/fr\/le-bien-etre-mental-des-enfants\/\">troubles mentaux<\/a>, les principaux probl\u00e8mes du pays peuvent \u00eatre r\u00e9partis en une s\u00e9rie de tendances sp\u00e9cifiques.<\/p>\n\n\n\n<p class=\"wp-block-paragraph\">Au premier rang de ces tendances figure l&rsquo;augmentation de la d\u00e9pression chez les adolescents et les enfants. Entre 2009 et 2019, 40 % de lyc\u00e9ens de plus ont signal\u00e9 des sentiments persistants de tristesse (U.S. Surgeon General Advisory, 2021). Selon une \u00e9tude r\u00e9alis\u00e9e en 2021 par le Centre de contr\u00f4le et de pr\u00e9vention des maladies (CDC), ce chiffre est pass\u00e9 \u00e0 44 % (Thompson, 2022). Ces difficult\u00e9s peuvent \u00eatre d\u00e9compos\u00e9es en plusieurs aspects de la vie des adolescents.&nbsp;<\/p>\n\n\n\n<p class=\"wp-block-paragraph\">D\u00e8s 2016, l&rsquo;enqu\u00eate nationale sur la sant\u00e9 des enfants a montr\u00e9 que 20 % des enfants (\u00e2g\u00e9s de 6 \u00e0 17 ans) avaient eu du mal \u00e0 se faire des amis, tandis que plus de 30 % avaient \u00e9t\u00e9 victimes de <a href=\"https:\/\/www.humanium.org\/fr\/harcelement-scolaire\/\">harc\u00e8lement<\/a> (Annie Casey Foundation, 2022). Des \u00e9tudes suppl\u00e9mentaires du Pew Research Center ont montr\u00e9 que 61% des adolescents ressentent une pression pour obtenir de bonnes notes \u00e0 l&rsquo;<a href=\"https:\/\/www.humanium.org\/fr\/comprendre-droits-enfant\/droit-a-l-education\/\">\u00e9cole<\/a> et environ 30% ressentent une pression pour bien para\u00eetre et s&rsquo;int\u00e9grer socialement (Horowitz, 2019). Cumulativement, les adolescents modernes sont confront\u00e9s \u00e0 des pressions sociales plus importantes dans et en dehors du cadre de l&rsquo;<a href=\"https:\/\/www.humanium.org\/fr\/comprendre-droits-enfant\/droit-a-l-education\/\">\u00e9ducation<\/a> permanente, ce qui entra\u00eene une myriade de d\u00e9fis bas\u00e9s sur la d\u00e9pression.&nbsp;<\/p>\n\n\n\n<p class=\"wp-block-paragraph\">Cette tendance est souvent li\u00e9e \u00e0 l&rsquo;accessibilit\u00e9 croissante des <a href=\"https:\/\/www.humanium.org\/fr\/les-ecrans-perturbent-ils-la-capacite-dattention-des-enfants-comprendre-limpact-du-temps-passe-devant-un-ecran-sur-le-developpement-de-lenfant\/\">m\u00e9dias<\/a> sociaux et autres. Les adolescents passent en moyenne plus de cinq heures par jour sur les m\u00e9dias sociaux, ce qui a entra\u00een\u00e9 une diminution de 30 % du sommeil entre 2007 et 2019 (Thompson, 2022). La mauvaise r\u00e9glementation des plateformes de m\u00e9dias sociaux a en outre permis aux grandes entreprises de collecter autant de donn\u00e9es que possible sur les jeunes afin d&rsquo;alimenter le contenu et de \u00a0\u00bb les faire cliquer \u00a0\u00bb (The White House, 2022).<\/p>\n\n\n\n<p class=\"wp-block-paragraph\">En raison de la rapidit\u00e9 du d\u00e9veloppement technologique, les r\u00e9gulateurs n&rsquo;ont pas r\u00e9ussi \u00e0 suivre le rythme et ont laiss\u00e9 une g\u00e9n\u00e9ration d&rsquo;enfants expos\u00e9s aux m\u00e9faits des vastes quantit\u00e9s de m\u00e9dias \u00e0 port\u00e9e de main. Ces <a href=\"https:\/\/www.humanium.org\/fr\/les-ecrans-perturbent-ils-la-capacite-dattention-des-enfants-comprendre-limpact-du-temps-passe-devant-un-ecran-sur-le-developpement-de-lenfant\/\">m\u00e9dias<\/a> affectent la perception qu&rsquo;ils ont d&rsquo;eux-m\u00eames, alimentent des craintes plus grandes sur des questions soci\u00e9tales plus larges et les \u00e9loignent des bonnes habitudes.&nbsp;<\/p>\n\n\n\n<p class=\"wp-block-paragraph\">Une troisi\u00e8me tendance identifi\u00e9e est l&rsquo;in\u00e9galit\u00e9 croissante dans les cat\u00e9gories d&rsquo;adolescents touch\u00e9s par des troubles mentaux sp\u00e9cifiques. Les probl\u00e8mes de <a href=\"https:\/\/www.humanium.org\/fr\/le-bien-etre-mental-des-enfants\/\">sant\u00e9 mentale<\/a> individuels, bien qu&rsquo;ils soient universellement pr\u00e9judiciables \u00e0 tous les enfants des \u00c9tats-Unis, affectent de mani\u00e8re disproportionn\u00e9e certains sous-groupes. <\/p>\n\n\n\n<p class=\"wp-block-paragraph\">Le suicide et les troubles de l&rsquo;attention, par exemple, sont plus fr\u00e9quents chez les adolescents de sexe masculin, tandis que l&rsquo;anxi\u00e9t\u00e9, la d\u00e9pression et les troubles alimentaires touchent principalement les filles (U.S. Surgeon General Advisory, 2021). Les filles sont \u00e9galement plus susceptibles de se sentir oblig\u00e9es de bien para\u00eetre et de ressentir de l\u2019anxi\u00e9t\u00e9 et de la nervosit\u00e9 g\u00e9n\u00e9rales \u00e0 propos de leur journ\u00e9e (Horowitz, 2019).&nbsp;<\/p>\n\n\n\n<h2 class=\"wp-block-heading\"><strong>Un risque plus \u00e9lev\u00e9 de probl\u00e8mes de sant\u00e9 mentale parmi les minorit\u00e9s raciales, ethniques et de genre.<\/strong><\/h2>\n\n\n\n<p class=\"wp-block-paragraph\">Hormis le sexe, les enfants <a href=\"https:\/\/www.humanium.org\/fr\/elever-un-enfant-afro-americain-dans-lamerique-daujourdhui\/\">afro-am\u00e9ricains<\/a> sont presque deux fois plus susceptibles de mourir par suicide que leurs \u00e9quivalents blancs, tandis que ceux des communaut\u00e9s appauvries sont presque trois fois plus susceptibles de d\u00e9velopper des troubles g\u00e9n\u00e9raux de sant\u00e9 mentale (U.S. Surgeon General Advisory, 2021). \u00c0 la suite de la pand\u00e9mie de <a href=\"https:\/\/www.humanium.org\/fr\/la-sante-mentale-des-enfants-durant-la-pandemie-une-realite-troublante\/\">COVID-19<\/a>, il a \u00e9t\u00e9 d\u00e9montr\u00e9 que les Am\u00e9rindiens ou les autochtones de l\u2019Alaska ressentaient de l&rsquo;anxi\u00e9t\u00e9 \u00e0 des niveaux plus \u00e9lev\u00e9s que les autres races et ethnies (The White House, 2022).<\/p>\n\n\n\n<p class=\"wp-block-paragraph\">Une \u00e9tude r\u00e9alis\u00e9e en 2022 sur des adolescents <a href=\"https:\/\/www.humanium.org\/fr\/discriminations\/enfants-lgbtq\/\">LGBTQ<\/a> s\u2019est \u00e9galement av\u00e9r\u00e9e moins susceptible de rechercher un soutien en sant\u00e9 mentale pour des raisons telles que\u00a0: des pr\u00e9occupations concernant le jugement, la peur de discuter et d\u2019\u00eatre mal compris, et des d\u00e9fis logistiques (co\u00fbt, acc\u00e8s et transport) (La Maison Blanche, 2022).<\/p>\n\n\n\n<figure class=\"wp-block-image size-large\"><img loading=\"lazy\" decoding=\"async\" width=\"1024\" height=\"683\" src=\"https:\/\/www.humanium.org\/fr\/wp-content\/uploads\/2022\/12\/shutterstock_551803330-1-1024x683.jpg\" alt=\"\" class=\"wp-image-54117\" srcset=\"https:\/\/www.humanium.org\/fr\/wp-content\/uploads\/2022\/12\/shutterstock_551803330-1-1024x683.jpg 1024w, https:\/\/www.humanium.org\/fr\/wp-content\/uploads\/2022\/12\/shutterstock_551803330-1-300x200.jpg 300w, https:\/\/www.humanium.org\/fr\/wp-content\/uploads\/2022\/12\/shutterstock_551803330-1-768x512.jpg 768w, https:\/\/www.humanium.org\/fr\/wp-content\/uploads\/2022\/12\/shutterstock_551803330-1-1536x1024.jpg 1536w, https:\/\/www.humanium.org\/fr\/wp-content\/uploads\/2022\/12\/shutterstock_551803330-1-2048x1365.jpg 2048w, https:\/\/www.humanium.org\/fr\/wp-content\/uploads\/2022\/12\/shutterstock_551803330-1-830x553.jpg 830w, https:\/\/www.humanium.org\/fr\/wp-content\/uploads\/2022\/12\/shutterstock_551803330-1-230x153.jpg 230w, https:\/\/www.humanium.org\/fr\/wp-content\/uploads\/2022\/12\/shutterstock_551803330-1-350x233.jpg 350w, https:\/\/www.humanium.org\/fr\/wp-content\/uploads\/2022\/12\/shutterstock_551803330-1-480x320.jpg 480w, https:\/\/www.humanium.org\/fr\/wp-content\/uploads\/2022\/12\/shutterstock_551803330-1-272x182.jpg 272w\" sizes=\"auto, (max-width: 1024px) 100vw, 1024px\" \/><\/figure>\n\n\n\n<p class=\"wp-block-paragraph\">Le <a href=\"https:\/\/www.humanium.org\/fr\/suicide-enfants\/\">suicide<\/a> est devenu une menace particuli\u00e8re pour la vie des adolescents aux <a href=\"https:\/\/www.humanium.org\/fr\/etats-unis\/\">USA<\/a> et est d\u00e9sormais la deuxi\u00e8me cause de d\u00e9c\u00e8s chez les personnes \u00e2g\u00e9es de 10 \u00e0 34 ans (Stone, Jones &amp; Mack, 2021). Entre 1999 et 2019, environ 800 000 d\u00e9c\u00e8s aux \u00c9tats-Unis ont \u00e9t\u00e9 r\u00e9pertori\u00e9s comme des suicides (Stone, Jones &amp; Mack, 2021). <\/p>\n\n\n\n<p class=\"wp-block-paragraph\">Rien qu&rsquo;en 2016, plus de 2 500 enfants \u00e2g\u00e9s de 10 \u00e0 19 ans sont morts par suicide (Annie Casey Foundation, 2022). Les \u00c9tats-Unis accueillent le taux de suicide le plus \u00e9lev\u00e9 parmi les nations riches du monde et plus de 20 % des jeunes femmes, et 10 % des jeunes hommes souffrent une d\u00e9pression clinique majeure avant d&rsquo;avoir 25 ans (Prinstein, 2022).&nbsp;<\/p>\n\n\n\n<p class=\"wp-block-paragraph\">Les tentatives de <a href=\"https:\/\/www.humanium.org\/fr\/suicide-enfants\/\">suicide<\/a> sont \u00e9galement pr\u00e9occupantes, les visites aux services d&rsquo;urgence augmentant de 51 % chez les adolescentes (La Maison Blanche, 2022). Les estimations \u00e9conomiques du co\u00fbt de suicide li\u00e9 \u00e0 la \u00ab\u00a0perte de travail\u00a0\u00bb s&rsquo;\u00e9l\u00e8vent \u00e0 plus de 70 milliards de dollars, malgr\u00e9 des recherches claires qui d\u00e9montrent que le suicide peut \u00eatre \u00e9vit\u00e9 et qu&rsquo;il n\u00e9cessite une r\u00e9ponse multidimensionnelle qui englobe les facteurs communautaires ainsi que l&rsquo;\u00e9ducation personnelle (Stone, 2021).&nbsp;<\/p>\n\n\n\n<h2 class=\"wp-block-heading\"><strong>Prendre des mesures pour lutter contre la crise actuelle de la sant\u00e9 mentale<\/strong><\/h2>\n\n\n\n<p class=\"wp-block-paragraph\">Il est alarmant de constater que, malgr\u00e9 de graves augmentations du volume d&rsquo;enfants confront\u00e9s \u00e0 des probl\u00e8mes de sant\u00e9 mentale, il n&rsquo;existe que peu de preuves d&rsquo;un traitement ad\u00e9quat ou d&rsquo;une action pr\u00e9ventive. Une \u00e9tude de 2016 a montr\u00e9 que pr\u00e8s de 8 millions d&rsquo;enfants souffrant de troubles de sant\u00e9 mentale traitables n&rsquo;avaient pas re\u00e7u le soutien n\u00e9cessaire (U.S. Surgeon General Advisory, 2021).&nbsp;<\/p>\n\n\n\n<p class=\"wp-block-paragraph\">Lors de l&rsquo;\u00e9tat de l&rsquo;Union de 2022, le pr\u00e9sident Biden a appel\u00e9 le Congr\u00e8s \u00e0 mettre en \u0153uvre une nouvelle strat\u00e9gie nationale de <a href=\"https:\/\/www.humanium.org\/fr\/le-bien-etre-mental-des-enfants\/\">sant\u00e9 mentale<\/a> afin d&rsquo;apporter un soutien plus holistique aux adolescents et aux enfants qui en ont besoin. De mani\u00e8re g\u00e9n\u00e9rale, ce plan cherche \u00e0 atteindre une s\u00e9rie d&rsquo;objectifs multisectoriels (La Maison Blanche, 2022). <\/p>\n\n\n\n<p class=\"wp-block-paragraph\">Tout d&rsquo;abord, le plan vise \u00e0 faire pression sur les soci\u00e9t\u00e9s priv\u00e9es pour qu&rsquo;elles prot\u00e8gent la vie priv\u00e9e des adolescents, interdisent la publicit\u00e9 pour les enfants et \u00e9liminent la collecte intrusive de donn\u00e9es. Il s&rsquo;agit notamment de travailler avec des fournisseurs de technologie pour mettre fin aux algorithmes discriminatoires, tels que les moteurs de recherche qui produisent des r\u00e9sultats n\u00e9gatifs lorsque certains sous-groupes sont saisis.&nbsp;<\/p>\n\n\n\n<p class=\"wp-block-paragraph\">Le plan promet en outre un investissement de 700 millions de dollars dans les programmes de sant\u00e9 comportementale et les cliniciens en sant\u00e9 mentale, ainsi qu&rsquo;un financement accru pour les programmes de sant\u00e9 mentale des nourrissons et des jeunes enfants. En termes d&rsquo;intervention d&rsquo;urgence, une ligne d&rsquo;assistance t\u00e9l\u00e9phonique \u00ab\u00a0988\u00a0\u00bb a \u00e9t\u00e9 mise en place pour fournir un soutien communautaire fiable et mobile. <\/p>\n\n\n\n<p class=\"wp-block-paragraph\">Le soutien en mati\u00e8re de sant\u00e9 mentale sera \u00e9galement institutionnalis\u00e9 dans les \u00e9tablissements de soins primaires afin d&rsquo;en accro\u00eetre l&rsquo;accessibilit\u00e9. Enfin, le plan pr\u00e9voit d&rsquo;investir dans la recherche sur les m\u00e9faits des causes de connexion des m\u00e9dias sociaux \u00e0 des r\u00e9sultats sp\u00e9cifiques en mati\u00e8re de sant\u00e9 mentale.&nbsp;<\/p>\n\n\n\n<p class=\"wp-block-paragraph\">Les gouverneurs de 33 \u00c9tats du pays ont cit\u00e9 les probl\u00e8mes de sant\u00e9 mentale comme l&rsquo;une de leurs principales pr\u00e9occupations (Annie Casey Foundation, 2022). Avec le financement promis et le soutien re\u00e7u au niveau des \u00c9tats, le temps est venu pour les \u00c9tats-Unis de r\u00e9viser leur cadre de protection pour un soutien sp\u00e9cifique \u00e0 la sant\u00e9 mentale des adolescents et des enfants.&nbsp;<\/p>\n\n\n\n<figure class=\"wp-block-image size-large\"><img loading=\"lazy\" decoding=\"async\" width=\"1024\" height=\"683\" src=\"https:\/\/www.humanium.org\/fr\/wp-content\/uploads\/2022\/12\/shutterstock_736962454-1024x683.jpg\" alt=\"\" class=\"wp-image-54116\" srcset=\"https:\/\/www.humanium.org\/fr\/wp-content\/uploads\/2022\/12\/shutterstock_736962454-1024x683.jpg 1024w, https:\/\/www.humanium.org\/fr\/wp-content\/uploads\/2022\/12\/shutterstock_736962454-300x200.jpg 300w, https:\/\/www.humanium.org\/fr\/wp-content\/uploads\/2022\/12\/shutterstock_736962454-768x512.jpg 768w, https:\/\/www.humanium.org\/fr\/wp-content\/uploads\/2022\/12\/shutterstock_736962454-1536x1024.jpg 1536w, https:\/\/www.humanium.org\/fr\/wp-content\/uploads\/2022\/12\/shutterstock_736962454-2048x1365.jpg 2048w, https:\/\/www.humanium.org\/fr\/wp-content\/uploads\/2022\/12\/shutterstock_736962454-830x553.jpg 830w, https:\/\/www.humanium.org\/fr\/wp-content\/uploads\/2022\/12\/shutterstock_736962454-230x153.jpg 230w, https:\/\/www.humanium.org\/fr\/wp-content\/uploads\/2022\/12\/shutterstock_736962454-350x233.jpg 350w, https:\/\/www.humanium.org\/fr\/wp-content\/uploads\/2022\/12\/shutterstock_736962454-480x320.jpg 480w, https:\/\/www.humanium.org\/fr\/wp-content\/uploads\/2022\/12\/shutterstock_736962454-272x182.jpg 272w\" sizes=\"auto, (max-width: 1024px) 100vw, 1024px\" \/><\/figure>\n\n\n\n<p class=\"wp-block-paragraph\">Humanium comprend que les probl\u00e8mes de sant\u00e9 mentale affectent les jeunes et les adolescents du monde entier et met activement en \u0153uvre des actions pour combattre la crise actuelle de la sant\u00e9 mentale. En menant diff\u00e9rents projets et <a href=\"https:\/\/www.facebook.com\/Humanium.Droits.Enfant\/posts\/pfbid0FUS4jeWhFjqrMxt14HM4JTHjVSvUnp6Gz2wcyT7berGGsrtku53EKHgWdkaG4WfKl\">ateliers<\/a> et en appliquant notre m\u00e9thodologie, Humanium soutient en permanence les enfants qui ont subi des abus, des traumatismes, le travail des enfants, la pauvret\u00e9 ou le manque d&rsquo;acc\u00e8s \u00e0 l&rsquo;\u00e9ducation, afin de leur offrir un avenir meilleur. Aidez-nous \u00e0 atteindre cet objectif en parrainant un enfant, en faisant un don ou en devenant membre !<\/p>\n\n\n\n<p class=\"wp-block-paragraph\"><strong><em>\u00c9crit par Vanessa Cezarita Cordeiro&nbsp;<\/em><\/strong><\/p>\n\n\n\n<p class=\"wp-block-paragraph\"><strong><em>Traduit par Mathilda Castel<\/em><\/strong><\/p>\n\n\n\n<p class=\"wp-block-paragraph\"><strong><em>Relu par Khalid Aada<\/em><\/strong><\/p>\n\n\n\n<h4 class=\"wp-block-heading\"><strong>Pour plus d\u2019informations :<\/strong><\/h4>\n\n\n\n<p class=\"has-small-font-size wp-block-paragraph\"><a href=\"https:\/\/www.healthychildren.org\/English\/Pages\/default.aspx\" target=\"_blank\" rel=\"noreferrer noopener\">American Academy of Pediatrics: Healthychildren.org&nbsp;<\/a><\/p>\n\n\n\n<p class=\"has-small-font-size wp-block-paragraph\">Centers for Disease Control and Prevention: COVID-19 Parental Resources Kit \u2013 Childhood Social, Emotional, and Mental Well-being of Children during COVID-19<\/p>\n\n\n\n<p class=\"has-small-font-size wp-block-paragraph\"><a href=\"https:\/\/childmind.org\/resources\/\" target=\"_blank\" rel=\"noreferrer noopener\">Child Mind Institute: Family Resource Center<\/a><\/p>\n\n\n\n<p class=\"has-small-font-size wp-block-paragraph\"><a href=\"https:\/\/www.unicef.org\/parenting\/mental-health\" target=\"_blank\" rel=\"noreferrer noopener\">UNICEF: What\u2019s on your mind? Mental health and well-being&nbsp;<\/a><\/p>\n\n\n\n<h4 class=\"wp-block-heading\"><strong>R\u00e9f\u00e9rence :&nbsp;<\/strong><\/h4>\n\n\n\n<p class=\"has-small-font-size wp-block-paragraph\">Annie Casey Foundation. (2022). <a href=\"https:\/\/assets.aecf.org\/m\/resourcedoc\/aecf-2022kidscountdatabook-2022.pdf\" target=\"_blank\" rel=\"noreferrer noopener\">\u201c2022 kids count data book: State trends in child well-being.\u201d<\/a> Retrieved from The Annie E. Casey Foundation, accessed on 17 October 2022.&nbsp;<\/p>\n\n\n\n<p class=\"has-small-font-size wp-block-paragraph\">Horowitz Menasce, J., and Graf, N. (2019, February 20). <a href=\"https:\/\/www.pewresearch.org\/social-trends\/2019\/02\/20\/most-u-s-teens-see-anxiety-and-depression-as-a-major-problem-among-their-peers\/\" target=\"_blank\" rel=\"noreferrer noopener\">\u201cMost U.S teens see anxiety and depression as a major problem among their peers.\u201d<\/a> Retrieved from Pew Research Center, accessed on 17 October 2022.&nbsp;<\/p>\n\n\n\n<p class=\"has-small-font-size wp-block-paragraph\">Prinstein, M.J. PhD. (2022, February 7). <a href=\"https:\/\/www.apa.org\/news\/press\/op-eds\/youth-mental-health-crisis\" target=\"_blank\" rel=\"noreferrer noopener\">\u201cUS youth are in a mental health crisis \u2013 we must invest in their care.\u201d<\/a> Retrieved from American Psychological Association, accessed on 19 October 2022.&nbsp;<\/p>\n\n\n\n<p class=\"has-small-font-size wp-block-paragraph\">Stone, D.M., Jones, C.M., Mack, K.A. (2021, February 26). <a href=\"https:\/\/www.cdc.gov\/mmwr\/volumes\/70\/wr\/pdfs\/mm7008a1-H.pdf\" target=\"_blank\" rel=\"noreferrer noopener\">\u201cChanges in suicide rates \u2013 United states, 2018-2019.\u201d<\/a> Retrieved from Centers for Disease Control and Prevention Morbidity and Mortality Weekly Report, accessed on 19 October 2022.&nbsp;<\/p>\n\n\n\n<p class=\"has-small-font-size wp-block-paragraph\">The White House. (2022, March 1). \u201cFact Sheet: President Biden to announce strategy to address our national mental health crisis, as part of unity agenda in his first state of the union.\u201d Retrieved from The White House Briefing Room, accessed on 17 October 2022.&nbsp;<\/p>\n\n\n\n<p class=\"has-small-font-size wp-block-paragraph\">Thompson, D. (2022, April 11). <a href=\"https:\/\/www.theatlantic.com\/newsletters\/archive\/2022\/04\/american-teens-sadness-depression-anxiety\/629524\/\" target=\"_blank\" rel=\"noreferrer noopener\">\u201cWhy American teens are so sad.\u201d<\/a> Retrieved from The Atlantic, accessed on 17 October 2022.&nbsp;<\/p>\n\n\n\n<p class=\"has-small-font-size wp-block-paragraph\">U.S. Surgeon General Advisory. (2021). <a href=\"https:\/\/www.hhs.gov\/sites\/default\/files\/surgeon-general-youth-mental-health-advisory.pdf\" target=\"_blank\" rel=\"noreferrer noopener\">\u201cProtecting youth mental health.\u201d<\/a> Retrieved from The U.S. Surgeon General\u2019s Advisory, accessed on 19 October 2022.&nbsp;<\/p>\n","protected":false},"excerpt":{"rendered":"<p>Les \u00c9tats-Unis d&rsquo;Am\u00e9rique (USA) ont connu une augmentation spectaculaire des cas enregistr\u00e9s d&rsquo;anxi\u00e9t\u00e9 et de d\u00e9pression parmi leur population jeune (Horowitz, 2019). Ces probl\u00e8mes de sant\u00e9 mentale touchent les jeunes, et en particulier les adolescents, dans tout le pays avec des proportions \u00e0 peu pr\u00e8s \u00e9gales, peu importe la race, le milieu \u00e9conomique ou le [&hellip;]<\/p>\n","protected":false},"author":69,"featured_media":54118,"comment_status":"closed","ping_status":"closed","sticky":false,"template":"","format":"standard","meta":{"footnotes":""},"categories":[10],"tags":[],"class_list":["post-54114","post","type-post","status-publish","format-standard","has-post-thumbnail","hentry","category-sante"],"yoast_head":"<!-- This site is optimized with the Yoast SEO plugin v28.3 - https:\/\/yoast.com\/product\/yoast-seo-wordpress\/ -->\n<title>Une pand\u00e9mie au sommet d&#039;une pand\u00e9mie : la crise croissante de la sant\u00e9 mentale chez les adolescents aux \u00c9tats-Unis. - Humanium<\/title>\n<meta name=\"description\" content=\"Les \u00c9tats-Unis d&#039;Am\u00e9rique ont connu une augmentation des cas enregistr\u00e9s d&#039;anxi\u00e9t\u00e9 et de d\u00e9pression parmi leur population jeune.\" \/>\n<meta name=\"robots\" content=\"index, follow, max-snippet:-1, max-image-preview:large, max-video-preview:-1\" \/>\n<link rel=\"canonical\" href=\"https:\/\/www.humanium.org\/fr\/une-pandemie-au-sommet-dune-pandemie-la-crise-croissante-de-la-sante-mentale-chez-les-adolescents-aux-etats-unis\/\" \/>\n<meta property=\"og:locale\" content=\"fr_FR\" \/>\n<meta property=\"og:type\" content=\"article\" \/>\n<meta property=\"og:title\" content=\"Une pand\u00e9mie au sommet d&#039;une pand\u00e9mie : la crise croissante de la sant\u00e9 mentale chez les adolescents aux \u00c9tats-Unis. - Humanium\" \/>\n<meta property=\"og:description\" content=\"Les \u00c9tats-Unis d&#039;Am\u00e9rique ont connu une augmentation des cas enregistr\u00e9s d&#039;anxi\u00e9t\u00e9 et de d\u00e9pression parmi leur population jeune.\" \/>\n<meta property=\"og:url\" content=\"https:\/\/www.humanium.org\/fr\/une-pandemie-au-sommet-dune-pandemie-la-crise-croissante-de-la-sante-mentale-chez-les-adolescents-aux-etats-unis\/\" \/>\n<meta property=\"og:site_name\" content=\"Humanium\" \/>\n<meta property=\"article:published_time\" content=\"2022-12-13T18:43:06+00:00\" \/>\n<meta property=\"article:modified_time\" content=\"2026-08-21T03:22:54+00:00\" \/>\n<meta property=\"og:image\" content=\"https:\/\/www.humanium.org\/fr\/wp-content\/uploads\/2022\/12\/shutterstock_2212515795-scaled.jpg\" \/>\n\t<meta property=\"og:image:width\" content=\"2560\" \/>\n\t<meta property=\"og:image:height\" content=\"1707\" \/>\n\t<meta property=\"og:image:type\" content=\"image\/jpeg\" \/>\n<meta name=\"author\" content=\"Humanium\" \/>\n<meta name=\"twitter:card\" content=\"summary_large_image\" \/>\n<meta name=\"twitter:label1\" content=\"\u00c9crit par\" \/>\n\t<meta name=\"twitter:data1\" content=\"Humanium\" \/>\n\t<meta name=\"twitter:label2\" content=\"Dur\u00e9e de lecture estim\u00e9e\" \/>\n\t<meta name=\"twitter:data2\" content=\"11 minutes\" \/>\n<script type=\"application\/ld+json\" class=\"yoast-schema-graph\">{\"@context\":\"https:\\\/\\\/schema.org\",\"@graph\":[{\"@type\":\"Article\",\"@id\":\"https:\\\/\\\/www.humanium.org\\\/fr\\\/une-pandemie-au-sommet-dune-pandemie-la-crise-croissante-de-la-sante-mentale-chez-les-adolescents-aux-etats-unis\\\/#article\",\"isPartOf\":{\"@id\":\"https:\\\/\\\/www.humanium.org\\\/fr\\\/une-pandemie-au-sommet-dune-pandemie-la-crise-croissante-de-la-sante-mentale-chez-les-adolescents-aux-etats-unis\\\/\"},\"author\":{\"name\":\"Humanium\",\"@id\":\"https:\\\/\\\/www.humanium.org\\\/fr\\\/#\\\/schema\\\/person\\\/d798d6c7d59ba2307e0877f61a20ce3e\"},\"headline\":\"Une pand\u00e9mie au sommet d&rsquo;une pand\u00e9mie : la crise croissante de la sant\u00e9 mentale chez les adolescents aux \u00c9tats-Unis.\",\"datePublished\":\"2022-12-13T18:43:06+00:00\",\"dateModified\":\"2026-08-21T03:22:54+00:00\",\"mainEntityOfPage\":{\"@id\":\"https:\\\/\\\/www.humanium.org\\\/fr\\\/une-pandemie-au-sommet-dune-pandemie-la-crise-croissante-de-la-sante-mentale-chez-les-adolescents-aux-etats-unis\\\/\"},\"wordCount\":1999,\"image\":{\"@id\":\"https:\\\/\\\/www.humanium.org\\\/fr\\\/une-pandemie-au-sommet-dune-pandemie-la-crise-croissante-de-la-sante-mentale-chez-les-adolescents-aux-etats-unis\\\/#primaryimage\"},\"thumbnailUrl\":\"https:\\\/\\\/www.humanium.org\\\/fr\\\/wp-content\\\/uploads\\\/2022\\\/12\\\/shutterstock_2212515795-scaled.jpg\",\"articleSection\":[\"Sant\u00e9\"],\"inLanguage\":\"fr-FR\"},{\"@type\":\"WebPage\",\"@id\":\"https:\\\/\\\/www.humanium.org\\\/fr\\\/une-pandemie-au-sommet-dune-pandemie-la-crise-croissante-de-la-sante-mentale-chez-les-adolescents-aux-etats-unis\\\/\",\"url\":\"https:\\\/\\\/www.humanium.org\\\/fr\\\/une-pandemie-au-sommet-dune-pandemie-la-crise-croissante-de-la-sante-mentale-chez-les-adolescents-aux-etats-unis\\\/\",\"name\":\"Une pand\u00e9mie au sommet d'une pand\u00e9mie : la crise croissante de la sant\u00e9 mentale chez les adolescents aux \u00c9tats-Unis. - Humanium\",\"isPartOf\":{\"@id\":\"https:\\\/\\\/www.humanium.org\\\/fr\\\/#website\"},\"primaryImageOfPage\":{\"@id\":\"https:\\\/\\\/www.humanium.org\\\/fr\\\/une-pandemie-au-sommet-dune-pandemie-la-crise-croissante-de-la-sante-mentale-chez-les-adolescents-aux-etats-unis\\\/#primaryimage\"},\"image\":{\"@id\":\"https:\\\/\\\/www.humanium.org\\\/fr\\\/une-pandemie-au-sommet-dune-pandemie-la-crise-croissante-de-la-sante-mentale-chez-les-adolescents-aux-etats-unis\\\/#primaryimage\"},\"thumbnailUrl\":\"https:\\\/\\\/www.humanium.org\\\/fr\\\/wp-content\\\/uploads\\\/2022\\\/12\\\/shutterstock_2212515795-scaled.jpg\",\"datePublished\":\"2022-12-13T18:43:06+00:00\",\"dateModified\":\"2026-08-21T03:22:54+00:00\",\"author\":{\"@id\":\"https:\\\/\\\/www.humanium.org\\\/fr\\\/#\\\/schema\\\/person\\\/d798d6c7d59ba2307e0877f61a20ce3e\"},\"description\":\"Les \u00c9tats-Unis d'Am\u00e9rique ont connu une augmentation des cas enregistr\u00e9s d'anxi\u00e9t\u00e9 et de d\u00e9pression parmi leur population jeune.\",\"breadcrumb\":{\"@id\":\"https:\\\/\\\/www.humanium.org\\\/fr\\\/une-pandemie-au-sommet-dune-pandemie-la-crise-croissante-de-la-sante-mentale-chez-les-adolescents-aux-etats-unis\\\/#breadcrumb\"},\"inLanguage\":\"fr-FR\",\"potentialAction\":[{\"@type\":\"ReadAction\",\"target\":[\"https:\\\/\\\/www.humanium.org\\\/fr\\\/une-pandemie-au-sommet-dune-pandemie-la-crise-croissante-de-la-sante-mentale-chez-les-adolescents-aux-etats-unis\\\/\"]}]},{\"@type\":\"ImageObject\",\"inLanguage\":\"fr-FR\",\"@id\":\"https:\\\/\\\/www.humanium.org\\\/fr\\\/une-pandemie-au-sommet-dune-pandemie-la-crise-croissante-de-la-sante-mentale-chez-les-adolescents-aux-etats-unis\\\/#primaryimage\",\"url\":\"https:\\\/\\\/www.humanium.org\\\/fr\\\/wp-content\\\/uploads\\\/2022\\\/12\\\/shutterstock_2212515795-scaled.jpg\",\"contentUrl\":\"https:\\\/\\\/www.humanium.org\\\/fr\\\/wp-content\\\/uploads\\\/2022\\\/12\\\/shutterstock_2212515795-scaled.jpg\",\"width\":2560,\"height\":1707},{\"@type\":\"BreadcrumbList\",\"@id\":\"https:\\\/\\\/www.humanium.org\\\/fr\\\/une-pandemie-au-sommet-dune-pandemie-la-crise-croissante-de-la-sante-mentale-chez-les-adolescents-aux-etats-unis\\\/#breadcrumb\",\"itemListElement\":[{\"@type\":\"ListItem\",\"position\":1,\"name\":\"Home\",\"item\":\"https:\\\/\\\/www.humanium.org\\\/fr\\\/\"},{\"@type\":\"ListItem\",\"position\":2,\"name\":\"Une pand\u00e9mie au sommet d&rsquo;une pand\u00e9mie : la crise croissante de la sant\u00e9 mentale chez les adolescents aux \u00c9tats-Unis.\"}]},{\"@type\":\"WebSite\",\"@id\":\"https:\\\/\\\/www.humanium.org\\\/fr\\\/#website\",\"url\":\"https:\\\/\\\/www.humanium.org\\\/fr\\\/\",\"name\":\"Humanium\",\"description\":\"Les enfants d\u2019abord !\",\"potentialAction\":[{\"@type\":\"SearchAction\",\"target\":{\"@type\":\"EntryPoint\",\"urlTemplate\":\"https:\\\/\\\/www.humanium.org\\\/fr\\\/?s={search_term_string}\"},\"query-input\":{\"@type\":\"PropertyValueSpecification\",\"valueRequired\":true,\"valueName\":\"search_term_string\"}}],\"inLanguage\":\"fr-FR\"},{\"@type\":\"Person\",\"@id\":\"https:\\\/\\\/www.humanium.org\\\/fr\\\/#\\\/schema\\\/person\\\/d798d6c7d59ba2307e0877f61a20ce3e\",\"name\":\"Humanium\",\"image\":{\"@type\":\"ImageObject\",\"inLanguage\":\"fr-FR\",\"@id\":\"https:\\\/\\\/secure.gravatar.com\\\/avatar\\\/22715e338d2fcc547e3a431c4738360d33fea2a4af458f865b2c3b22f1eaa51f?s=96&d=mm&r=g\",\"url\":\"https:\\\/\\\/secure.gravatar.com\\\/avatar\\\/22715e338d2fcc547e3a431c4738360d33fea2a4af458f865b2c3b22f1eaa51f?s=96&d=mm&r=g\",\"contentUrl\":\"https:\\\/\\\/secure.gravatar.com\\\/avatar\\\/22715e338d2fcc547e3a431c4738360d33fea2a4af458f865b2c3b22f1eaa51f?s=96&d=mm&r=g\",\"caption\":\"Humanium\"},\"url\":\"https:\\\/\\\/www.humanium.org\\\/fr\\\/author\\\/humanium\\\/\"}]}<\/script>\n<!-- \/ Yoast SEO plugin. -->","yoast_head_json":{"title":"Une pand\u00e9mie au sommet d'une pand\u00e9mie : la crise croissante de la sant\u00e9 mentale chez les adolescents aux \u00c9tats-Unis. - Humanium","description":"Les \u00c9tats-Unis d'Am\u00e9rique ont connu une augmentation des cas enregistr\u00e9s d'anxi\u00e9t\u00e9 et de d\u00e9pression parmi leur population jeune.","robots":{"index":"index","follow":"follow","max-snippet":"max-snippet:-1","max-image-preview":"max-image-preview:large","max-video-preview":"max-video-preview:-1"},"canonical":"https:\/\/www.humanium.org\/fr\/une-pandemie-au-sommet-dune-pandemie-la-crise-croissante-de-la-sante-mentale-chez-les-adolescents-aux-etats-unis\/","og_locale":"fr_FR","og_type":"article","og_title":"Une pand\u00e9mie au sommet d'une pand\u00e9mie : la crise croissante de la sant\u00e9 mentale chez les adolescents aux \u00c9tats-Unis. - Humanium","og_description":"Les \u00c9tats-Unis d'Am\u00e9rique ont connu une augmentation des cas enregistr\u00e9s d'anxi\u00e9t\u00e9 et de d\u00e9pression parmi leur population jeune.","og_url":"https:\/\/www.humanium.org\/fr\/une-pandemie-au-sommet-dune-pandemie-la-crise-croissante-de-la-sante-mentale-chez-les-adolescents-aux-etats-unis\/","og_site_name":"Humanium","article_published_time":"2022-12-13T18:43:06+00:00","article_modified_time":"2026-08-21T03:22:54+00:00","og_image":[{"width":2560,"height":1707,"url":"https:\/\/www.humanium.org\/fr\/wp-content\/uploads\/2022\/12\/shutterstock_2212515795-scaled.jpg","type":"image\/jpeg"}],"author":"Humanium","twitter_card":"summary_large_image","twitter_misc":{"\u00c9crit par":"Humanium","Dur\u00e9e de lecture estim\u00e9e":"11 minutes"},"schema":{"@context":"https:\/\/schema.org","@graph":[{"@type":"Article","@id":"https:\/\/www.humanium.org\/fr\/une-pandemie-au-sommet-dune-pandemie-la-crise-croissante-de-la-sante-mentale-chez-les-adolescents-aux-etats-unis\/#article","isPartOf":{"@id":"https:\/\/www.humanium.org\/fr\/une-pandemie-au-sommet-dune-pandemie-la-crise-croissante-de-la-sante-mentale-chez-les-adolescents-aux-etats-unis\/"},"author":{"name":"Humanium","@id":"https:\/\/www.humanium.org\/fr\/#\/schema\/person\/d798d6c7d59ba2307e0877f61a20ce3e"},"headline":"Une pand\u00e9mie au sommet d&rsquo;une pand\u00e9mie : la crise croissante de la sant\u00e9 mentale chez les adolescents aux \u00c9tats-Unis.","datePublished":"2022-12-13T18:43:06+00:00","dateModified":"2026-08-21T03:22:54+00:00","mainEntityOfPage":{"@id":"https:\/\/www.humanium.org\/fr\/une-pandemie-au-sommet-dune-pandemie-la-crise-croissante-de-la-sante-mentale-chez-les-adolescents-aux-etats-unis\/"},"wordCount":1999,"image":{"@id":"https:\/\/www.humanium.org\/fr\/une-pandemie-au-sommet-dune-pandemie-la-crise-croissante-de-la-sante-mentale-chez-les-adolescents-aux-etats-unis\/#primaryimage"},"thumbnailUrl":"https:\/\/www.humanium.org\/fr\/wp-content\/uploads\/2022\/12\/shutterstock_2212515795-scaled.jpg","articleSection":["Sant\u00e9"],"inLanguage":"fr-FR"},{"@type":"WebPage","@id":"https:\/\/www.humanium.org\/fr\/une-pandemie-au-sommet-dune-pandemie-la-crise-croissante-de-la-sante-mentale-chez-les-adolescents-aux-etats-unis\/","url":"https:\/\/www.humanium.org\/fr\/une-pandemie-au-sommet-dune-pandemie-la-crise-croissante-de-la-sante-mentale-chez-les-adolescents-aux-etats-unis\/","name":"Une pand\u00e9mie au sommet d'une pand\u00e9mie : la crise croissante de la sant\u00e9 mentale chez les adolescents aux \u00c9tats-Unis. - Humanium","isPartOf":{"@id":"https:\/\/www.humanium.org\/fr\/#website"},"primaryImageOfPage":{"@id":"https:\/\/www.humanium.org\/fr\/une-pandemie-au-sommet-dune-pandemie-la-crise-croissante-de-la-sante-mentale-chez-les-adolescents-aux-etats-unis\/#primaryimage"},"image":{"@id":"https:\/\/www.humanium.org\/fr\/une-pandemie-au-sommet-dune-pandemie-la-crise-croissante-de-la-sante-mentale-chez-les-adolescents-aux-etats-unis\/#primaryimage"},"thumbnailUrl":"https:\/\/www.humanium.org\/fr\/wp-content\/uploads\/2022\/12\/shutterstock_2212515795-scaled.jpg","datePublished":"2022-12-13T18:43:06+00:00","dateModified":"2026-08-21T03:22:54+00:00","author":{"@id":"https:\/\/www.humanium.org\/fr\/#\/schema\/person\/d798d6c7d59ba2307e0877f61a20ce3e"},"description":"Les \u00c9tats-Unis d'Am\u00e9rique ont connu une augmentation des cas enregistr\u00e9s d'anxi\u00e9t\u00e9 et de d\u00e9pression parmi leur population jeune.","breadcrumb":{"@id":"https:\/\/www.humanium.org\/fr\/une-pandemie-au-sommet-dune-pandemie-la-crise-croissante-de-la-sante-mentale-chez-les-adolescents-aux-etats-unis\/#breadcrumb"},"inLanguage":"fr-FR","potentialAction":[{"@type":"ReadAction","target":["https:\/\/www.humanium.org\/fr\/une-pandemie-au-sommet-dune-pandemie-la-crise-croissante-de-la-sante-mentale-chez-les-adolescents-aux-etats-unis\/"]}]},{"@type":"ImageObject","inLanguage":"fr-FR","@id":"https:\/\/www.humanium.org\/fr\/une-pandemie-au-sommet-dune-pandemie-la-crise-croissante-de-la-sante-mentale-chez-les-adolescents-aux-etats-unis\/#primaryimage","url":"https:\/\/www.humanium.org\/fr\/wp-content\/uploads\/2022\/12\/shutterstock_2212515795-scaled.jpg","contentUrl":"https:\/\/www.humanium.org\/fr\/wp-content\/uploads\/2022\/12\/shutterstock_2212515795-scaled.jpg","width":2560,"height":1707},{"@type":"BreadcrumbList","@id":"https:\/\/www.humanium.org\/fr\/une-pandemie-au-sommet-dune-pandemie-la-crise-croissante-de-la-sante-mentale-chez-les-adolescents-aux-etats-unis\/#breadcrumb","itemListElement":[{"@type":"ListItem","position":1,"name":"Home","item":"https:\/\/www.humanium.org\/fr\/"},{"@type":"ListItem","position":2,"name":"Une pand\u00e9mie au sommet d&rsquo;une pand\u00e9mie : la crise croissante de la sant\u00e9 mentale chez les adolescents aux \u00c9tats-Unis."}]},{"@type":"WebSite","@id":"https:\/\/www.humanium.org\/fr\/#website","url":"https:\/\/www.humanium.org\/fr\/","name":"Humanium","description":"Les enfants d\u2019abord !","potentialAction":[{"@type":"SearchAction","target":{"@type":"EntryPoint","urlTemplate":"https:\/\/www.humanium.org\/fr\/?s={search_term_string}"},"query-input":{"@type":"PropertyValueSpecification","valueRequired":true,"valueName":"search_term_string"}}],"inLanguage":"fr-FR"},{"@type":"Person","@id":"https:\/\/www.humanium.org\/fr\/#\/schema\/person\/d798d6c7d59ba2307e0877f61a20ce3e","name":"Humanium","image":{"@type":"ImageObject","inLanguage":"fr-FR","@id":"https:\/\/secure.gravatar.com\/avatar\/22715e338d2fcc547e3a431c4738360d33fea2a4af458f865b2c3b22f1eaa51f?s=96&d=mm&r=g","url":"https:\/\/secure.gravatar.com\/avatar\/22715e338d2fcc547e3a431c4738360d33fea2a4af458f865b2c3b22f1eaa51f?s=96&d=mm&r=g","contentUrl":"https:\/\/secure.gravatar.com\/avatar\/22715e338d2fcc547e3a431c4738360d33fea2a4af458f865b2c3b22f1eaa51f?s=96&d=mm&r=g","caption":"Humanium"},"url":"https:\/\/www.humanium.org\/fr\/author\/humanium\/"}]}},"_links":{"self":[{"href":"https:\/\/www.humanium.org\/fr\/wp-json\/wp\/v2\/posts\/54114","targetHints":{"allow":["GET"]}}],"collection":[{"href":"https:\/\/www.humanium.org\/fr\/wp-json\/wp\/v2\/posts"}],"about":[{"href":"https:\/\/www.humanium.org\/fr\/wp-json\/wp\/v2\/types\/post"}],"author":[{"embeddable":true,"href":"https:\/\/www.humanium.org\/fr\/wp-json\/wp\/v2\/users\/69"}],"replies":[{"embeddable":true,"href":"https:\/\/www.humanium.org\/fr\/wp-json\/wp\/v2\/comments?post=54114"}],"version-history":[{"count":9,"href":"https:\/\/www.humanium.org\/fr\/wp-json\/wp\/v2\/posts\/54114\/revisions"}],"predecessor-version":[{"id":62779,"href":"https:\/\/www.humanium.org\/fr\/wp-json\/wp\/v2\/posts\/54114\/revisions\/62779"}],"wp:featuredmedia":[{"embeddable":true,"href":"https:\/\/www.humanium.org\/fr\/wp-json\/wp\/v2\/media\/54118"}],"wp:attachment":[{"href":"https:\/\/www.humanium.org\/fr\/wp-json\/wp\/v2\/media?parent=54114"}],"wp:term":[{"taxonomy":"category","embeddable":true,"href":"https:\/\/www.humanium.org\/fr\/wp-json\/wp\/v2\/categories?post=54114"},{"taxonomy":"post_tag","embeddable":true,"href":"https:\/\/www.humanium.org\/fr\/wp-json\/wp\/v2\/tags?post=54114"}],"curies":[{"name":"wp","href":"https:\/\/api.w.org\/{rel}","templated":true}]}}