{"id":54561,"date":"2023-02-28T09:53:02","date_gmt":"2023-02-28T09:53:02","guid":{"rendered":"https:\/\/www.humanium.org\/fr\/?p=54561"},"modified":"2026-08-21T03:19:34","modified_gmt":"2026-08-21T03:19:34","slug":"vetements-et-produits-chimiques-une-menace-pour-la-sante-des-enfants","status":"publish","type":"post","link":"https:\/\/www.humanium.org\/fr\/vetements-et-produits-chimiques-une-menace-pour-la-sante-des-enfants\/","title":{"rendered":"<strong>V\u00eatements et produits chimiques\u00a0: une menace pour la sant\u00e9 des enfants<\/strong>"},"content":{"rendered":"\n<p class=\"wp-block-paragraph\"><strong>Comme pour de nombreuses industries fabriquant des produits de la vie quotidienne, l\u2019utilisation massive de produits chimiques dans les processus industriels du secteur textile a attir\u00e9 l\u2019attention des organes de r\u00e9gulations internationaux. Car elle repr\u00e9sente un danger pour la <\/strong><a href=\"https:\/\/www.humanium.org\/fr\/comprendre-droits-enfant\/droit-a-la-sante\/\"><strong>sant\u00e9<\/strong><\/a><strong> ainsi que pour l\u2019<\/strong><a href=\"https:\/\/www.humanium.org\/fr\/focus\/environnement\/droits-environnementaux\/\"><strong>environnement<\/strong><\/a><strong> de nombreuses populations dans le monde, affectant en particulier les enfants.\u00a0<\/strong><\/p>\n\n\n\n<h2 class=\"wp-block-heading\"><strong>L\u2019industrie textile &#8211; une menace pour les droits de l\u2019enfant&nbsp;<\/strong><\/h2>\n\n\n\n<p class=\"wp-block-paragraph\">Ces derni\u00e8res ann\u00e9es, de nombreux effets n\u00e9fastes de l\u2019industrie textile moderne ont \u00e9t\u00e9 mis en lumi\u00e8re, constituant ainsi des violations d\u2019une multitude de droits humains fondamentaux et particuli\u00e8rement applicables au <a href=\"https:\/\/www.humanium.org\/fr\/droits-enfant\/\"><strong>droit de l\u2019enfant<\/strong><\/a> (Baruta, 2021)<\/p>\n\n\n\n<p class=\"wp-block-paragraph\">Plus pr\u00e9cis\u00e9ment, un autre sujet de pr\u00e9occupation concernant l\u2019industrie textile a fortement attir\u00e9 l\u2019attention des gouvernements et des organismes internationaux&nbsp;: l\u2019utilisation de substances chimiques dans la fabrication de nos v\u00eatements, qui constitue une violation du <a href=\"https:\/\/www.humanium.org\/fr\/comprendre-droits-enfant\/droit-a-la-sante\/\"><strong>droit \u00e0 la sant\u00e9<\/strong><\/a> ainsi que des <a href=\"https:\/\/www.humanium.org\/fr\/focus\/environnement\/droits-environnementaux\/\"><strong>droits environnementaux<\/strong><\/a> des enfants.<\/p>\n\n\n\n<h2 class=\"wp-block-heading\"><strong>\u00c0 l\u2019origine de nos v\u00eatements toxiques<\/strong><\/h2>\n\n\n\n<p class=\"wp-block-paragraph\">Afin de suivre le rythme de la production moderne et de proposer de plus en plus de v\u00eatements \u00e0 des prix attractifs, l\u2019industrie textile cherche \u00e0 r\u00e9duire ses co\u00fbts de production. L\u2019utilisation massive de produits chimiques tout au long du processus de fabrication de nos v\u00eatements constitue un des principaux facteurs de r\u00e9duction des co\u00fbts. On \u00e9voque notamment l\u2019utilisation de plus de 8 000 substances chimiques dans l\u2019industrie textile (Kant, 2012). \u00c0 titre illustratif, on estime que la production de 1 kg de t-shirt n\u00e9cessite 4 kg de produits chimiques (Council of the European Union, 2012).<\/p>\n\n\n\n<figure class=\"wp-block-image size-large\"><img loading=\"lazy\" decoding=\"async\" width=\"1024\" height=\"777\" src=\"https:\/\/www.humanium.org\/fr\/wp-content\/uploads\/2023\/02\/shutterstock_418194466-1024x777.jpg\" alt=\"\" class=\"wp-image-54564\" srcset=\"https:\/\/www.humanium.org\/fr\/wp-content\/uploads\/2023\/02\/shutterstock_418194466-1024x777.jpg 1024w, https:\/\/www.humanium.org\/fr\/wp-content\/uploads\/2023\/02\/shutterstock_418194466-300x228.jpg 300w, https:\/\/www.humanium.org\/fr\/wp-content\/uploads\/2023\/02\/shutterstock_418194466-768x583.jpg 768w, https:\/\/www.humanium.org\/fr\/wp-content\/uploads\/2023\/02\/shutterstock_418194466-1536x1165.jpg 1536w, https:\/\/www.humanium.org\/fr\/wp-content\/uploads\/2023\/02\/shutterstock_418194466-2048x1554.jpg 2048w, https:\/\/www.humanium.org\/fr\/wp-content\/uploads\/2023\/02\/shutterstock_418194466-830x630.jpg 830w, https:\/\/www.humanium.org\/fr\/wp-content\/uploads\/2023\/02\/shutterstock_418194466-230x175.jpg 230w, https:\/\/www.humanium.org\/fr\/wp-content\/uploads\/2023\/02\/shutterstock_418194466-350x266.jpg 350w, https:\/\/www.humanium.org\/fr\/wp-content\/uploads\/2023\/02\/shutterstock_418194466-480x364.jpg 480w\" sizes=\"auto, (max-width: 1024px) 100vw, 1024px\" \/><\/figure>\n\n\n\n<h2 class=\"wp-block-heading\"><strong>Des cons\u00e9quences sanitaires alarmantes<\/strong><\/h2>\n\n\n\n<p class=\"wp-block-paragraph\">Ce qui est le plus pr\u00e9occupant, c\u2019est qu\u2019un nombre consid\u00e9rable de ces produits chimiques utilis\u00e9es par l\u2019industrie textile a des effets n\u00e9fastes \u00e0 la fois sur notre <a href=\"https:\/\/www.humanium.org\/fr\/comprendre-droits-enfant\/droit-a-la-sante\/\"><strong>sant\u00e9<\/strong><\/a> et sur <a href=\"https:\/\/www.humanium.org\/fr\/focus\/environnement\/droits-environnementaux\/\"><strong>l\u2019environnement<\/strong><\/a>. En 2014, l\u2019Agence su\u00e9doise des produits chimiques avait d\u00e9j\u00e0 alert\u00e9 sur ces cons\u00e9quences. Sur 2 450 substances chimiques \u00e9valu\u00e9es, elle en a class\u00e9 750 dangereuses pour la sant\u00e9 humaine et 440 comme dangereuses pour l\u2019environnement (KEMI, 2014).<\/p>\n\n\n\n<h3 class=\"wp-block-heading\"><strong>Nos enfants, des populations \u00e0 risque&nbsp;<\/strong><\/h3>\n\n\n\n<p class=\"wp-block-paragraph\">En premi\u00e8re ligne, se trouvent nos enfants, qui sont particuli\u00e8rement sensibles \u00e0 ces expositions et sont consid\u00e9r\u00e9s comme une population \u00e0 risque, au m\u00eame niveau que les femmes enceintes. En effet, les f\u0153tus en d\u00e9veloppement, les nourrissons et les enfants sont des populations beaucoup plus sensibles, puisque l\u2019exposition aux substances chimiques peut avoir des r\u00e9percussions sur leurs sant\u00e9 tout au long de leur vie.&nbsp;<\/p>\n\n\n\n<p class=\"wp-block-paragraph\">Depuis une cinquantaine d\u2019ann\u00e9e, on a constat\u00e9 une augmentation des maladies affectant les enfants ou prenant naissance dans l&rsquo;enfance qui ont \u00e9t\u00e9 sp\u00e9cifiquement li\u00e9es \u00e0 l&rsquo;accumulation de substances chimiques dans le corps humain : fausses couches, malformations cong\u00e9nitales, cancer, asthme, troubles du syst\u00e8me immunitaire, du d\u00e9veloppement, de la reproduction et du syst\u00e8me nerveux (WECF, 2013).&nbsp;<\/p>\n\n\n\n<h3 class=\"wp-block-heading\"><strong>Des cons\u00e9quences sanitaires globales<\/strong><\/h3>\n\n\n<div class=\"wp-block-image\">\n<figure class=\"alignright size-large is-resized\"><img loading=\"lazy\" decoding=\"async\" src=\"https:\/\/www.humanium.org\/fr\/wp-content\/uploads\/2023\/02\/shutterstock_2054327006-1024x683.jpg\" alt=\"\" class=\"wp-image-54563\" width=\"378\" height=\"252\" srcset=\"https:\/\/www.humanium.org\/fr\/wp-content\/uploads\/2023\/02\/shutterstock_2054327006-1024x683.jpg 1024w, https:\/\/www.humanium.org\/fr\/wp-content\/uploads\/2023\/02\/shutterstock_2054327006-300x200.jpg 300w, https:\/\/www.humanium.org\/fr\/wp-content\/uploads\/2023\/02\/shutterstock_2054327006-768x512.jpg 768w, https:\/\/www.humanium.org\/fr\/wp-content\/uploads\/2023\/02\/shutterstock_2054327006-1536x1024.jpg 1536w, https:\/\/www.humanium.org\/fr\/wp-content\/uploads\/2023\/02\/shutterstock_2054327006-2048x1366.jpg 2048w, https:\/\/www.humanium.org\/fr\/wp-content\/uploads\/2023\/02\/shutterstock_2054327006-830x554.jpg 830w, https:\/\/www.humanium.org\/fr\/wp-content\/uploads\/2023\/02\/shutterstock_2054327006-230x153.jpg 230w, https:\/\/www.humanium.org\/fr\/wp-content\/uploads\/2023\/02\/shutterstock_2054327006-350x233.jpg 350w, https:\/\/www.humanium.org\/fr\/wp-content\/uploads\/2023\/02\/shutterstock_2054327006-480x320.jpg 480w, https:\/\/www.humanium.org\/fr\/wp-content\/uploads\/2023\/02\/shutterstock_2054327006-272x182.jpg 272w\" sizes=\"auto, (max-width: 378px) 100vw, 378px\" \/><\/figure>\n<\/div>\n\n\n<p class=\"wp-block-paragraph\">En particulier, les populations d\u2019enfants expos\u00e9es aux produits chimiques utilis\u00e9es par l\u2019industrie textile sont de deux ordres&nbsp;: les enfants portant les produits finis ainsi que les enfants vivant \u00e0 proximit\u00e9 des usines textiles comme en <a href=\"https:\/\/www.humanium.org\/fr\/chine\/\"><strong>Chine<\/strong><\/a>, au <a href=\"https:\/\/www.humanium.org\/fr\/bangladesh\/\"><strong>Bangladesh<\/strong><\/a>, en <a href=\"https:\/\/www.humanium.org\/fr\/turquie\/\"><strong>Turquie<\/strong><\/a> et en <a href=\"https:\/\/www.humanium.org\/fr\/inde\/\"><strong>Inde<\/strong><\/a>. Les premi\u00e8res peuvent ing\u00e9rer directement les substances chimiques r\u00e9siduelles de leurs v\u00eatements en les mettant dans la bouche, tandis que les secondes sont beaucoup plus expos\u00e9es par la pollution de leur environnement, particuli\u00e8rement li\u00e9e aux rejets des usines textiles dans les milieux naturels locaux tels que les cours <a href=\"https:\/\/www.humanium.org\/fr\/situation-monde\/droit-a-l-eau\/\"><strong>d\u2019eau<\/strong><\/a><strong> <\/strong>(NRDC, 2021).<\/p>\n\n\n\n<h3 class=\"wp-block-heading\"><strong>Le cas du fleuve Citarum et de l\u2019industrie textile<\/strong><\/h3>\n\n\n\n<p class=\"wp-block-paragraph\">En <a href=\"https:\/\/www.humanium.org\/fr\/indonesie\/\"><strong>Indon\u00e9sie<\/strong><\/a>, le fleuve Citarum est class\u00e9 parmi les fleuves les plus pollu\u00e9s au monde. Les 400 usines textiles avoisinantes participent largement \u00e0 la contamination du fleuve en y rejetant leurs eaux us\u00e9es, charg\u00e9es de colorants et de m\u00e9taux lourds&nbsp;: chrome, cuivre, arsenic, plomb et cobalt (Toxics Link, 2021), changeant la couleur du fleuve Citarum quotidiennement. Faute d\u2019acc\u00e8s \u00e0 une autre source d\u2019eau, les habitants locaux utilisent l\u2019eau du fleuve quotidiennement, ce qui augmente la probabilit\u00e9 qu\u2019ils d\u00e9veloppent des maladies (Carrubba, 2020).&nbsp;<\/p>\n\n\n\n<p class=\"wp-block-paragraph\">De tels ph\u00e9nom\u00e8nes amplifient le probl\u00e8me de <a href=\"https:\/\/www.humanium.org\/fr\/comprendre-droits-enfant\/droit-a-l-eau\/\"><strong>l\u2019acc\u00e8s \u00e0 l\u2019eau potable<\/strong><\/a> en <a href=\"https:\/\/www.humanium.org\/fr\/indonesie\/\"><strong>Indon\u00e9sie<\/strong><\/a>, o\u00f9 pr\u00e8s d\u2019un quart des d\u00e9c\u00e8s chez les enfants de moins de cinq ans sont dus \u00e0 des maladies diarrh\u00e9iques, directement li\u00e9 \u00e0 la salubrit\u00e9 des eaux (Citarum, 2012). Bien qu\u2019une am\u00e9lioration globale de l\u2019acc\u00e8s \u00e0 l\u2019eau potable ainsi que des conditions d\u2019hygi\u00e8ne et d\u2019assainissement soient n\u00e9cessaire au traitement du probl\u00e8me, il est essentiel que l\u2019industrie textile, responsable selon la Banque Mondiale de 17 \u00e0 20% de la pollution mondiale des cours d\u2019eau (Ambert, 2021), r\u00e9duise ses impacts n\u00e9gatifs environnementaux et humains.<\/p>\n\n\n\n<h2 class=\"wp-block-heading\"><strong>Des acteurs unis pour solutionner ce probl\u00e8me<\/strong><\/h2>\n\n\n\n<p class=\"wp-block-paragraph\">Bien que des normes d\u2019utilisation des produits chimiques existent, l&rsquo;absence de r\u00e8gles harmonis\u00e9es au niveau international ainsi que le manque d&rsquo;outils efficaces ont \u00e9t\u00e9 identifi\u00e9s comme des facteurs majeurs de l&rsquo;inertie du secteur textile sur cette question (WECF, 2013).<\/p>\n\n\n\n<p class=\"wp-block-paragraph\">Afin d\u2019\u0153uvrer pour les <a href=\"https:\/\/www.humanium.org\/fr\/focus\/environnement\/droits-environnementaux\/\"><strong>droits environnementaux<\/strong><\/a> et pour le <a href=\"https:\/\/www.humanium.org\/fr\/comprendre-droits-enfant\/droit-a-la-sante\/\"><strong>droit \u00e0 la sant\u00e9<\/strong><\/a> applicable au droit de l\u2019enfant, les gouvernements du <a href=\"https:\/\/www.humanium.org\/fr\/bangladesh\/\"><strong>Bangladesh<\/strong><\/a>, de <a href=\"https:\/\/www.humanium.org\/fr\/indonesie\/\"><strong>l\u2019Indon\u00e9sie<\/strong><\/a>, du <a href=\"https:\/\/www.humanium.org\/fr\/pakistan\/\"><strong>Pakistan<\/strong><\/a> et du <a href=\"https:\/\/www.humanium.org\/fr\/vietnam\/\"><strong>Viet Nam<\/strong><\/a> se sont engag\u00e9s, le 14 octobre 2022, \u00e0 g\u00e9rer et r\u00e9duire les produits chimiques dangereux dans leurs industries textiles \u00e0 travers le lancement d\u2019un programme de 43 millions de dollars dirig\u00e9 par le Programme des Nations Unies pour l\u2019environnement (UNEP, 2022).<\/p>\n\n\n\n<figure class=\"wp-block-image size-large\"><img loading=\"lazy\" decoding=\"async\" width=\"1024\" height=\"683\" src=\"https:\/\/www.humanium.org\/fr\/wp-content\/uploads\/2023\/02\/shutterstock_1655705089-1024x683.jpg\" alt=\"\" class=\"wp-image-54562\" srcset=\"https:\/\/www.humanium.org\/fr\/wp-content\/uploads\/2023\/02\/shutterstock_1655705089-1024x683.jpg 1024w, https:\/\/www.humanium.org\/fr\/wp-content\/uploads\/2023\/02\/shutterstock_1655705089-300x200.jpg 300w, https:\/\/www.humanium.org\/fr\/wp-content\/uploads\/2023\/02\/shutterstock_1655705089-768x512.jpg 768w, https:\/\/www.humanium.org\/fr\/wp-content\/uploads\/2023\/02\/shutterstock_1655705089-1536x1024.jpg 1536w, https:\/\/www.humanium.org\/fr\/wp-content\/uploads\/2023\/02\/shutterstock_1655705089-2048x1365.jpg 2048w, https:\/\/www.humanium.org\/fr\/wp-content\/uploads\/2023\/02\/shutterstock_1655705089-830x553.jpg 830w, https:\/\/www.humanium.org\/fr\/wp-content\/uploads\/2023\/02\/shutterstock_1655705089-230x153.jpg 230w, https:\/\/www.humanium.org\/fr\/wp-content\/uploads\/2023\/02\/shutterstock_1655705089-350x233.jpg 350w, https:\/\/www.humanium.org\/fr\/wp-content\/uploads\/2023\/02\/shutterstock_1655705089-480x320.jpg 480w, https:\/\/www.humanium.org\/fr\/wp-content\/uploads\/2023\/02\/shutterstock_1655705089-272x182.jpg 272w\" sizes=\"auto, (max-width: 1024px) 100vw, 1024px\" \/><\/figure>\n\n\n\n<p class=\"wp-block-paragraph\">\u00c0 Humanium, nous \u0153uvrons quotidiennement pour la protection des enfants et leur bien-\u00eatre, et notamment pour d\u00e9fendre leur <a href=\"https:\/\/www.humanium.org\/fr\/comprendre-droits-enfant\/droit-a-la-sante\/\"><strong>droit \u00e0 la sant\u00e9<\/strong><\/a> et leurs <a href=\"https:\/\/www.humanium.org\/fr\/focus\/environnement\/droits-environnementaux\/\"><strong>droits environnementaux<\/strong><\/a>. Nos moyens d\u2019actions majeurs sont d\u2019alerter le public sur les violations des droits de l\u2019enfant et de soutenir des <strong>projets<\/strong> d\u2019aide aux enfants dans le monde. Si vous voulez contribuer \u00e0 notre mission, veuillez envisager de faire un <strong>don <\/strong>ou de devenir <strong>b\u00e9n\u00e9vole <\/strong>ou <strong>membre.&nbsp;<\/strong><\/p>\n\n\n\n<p class=\"wp-block-paragraph\"><em><strong>\u00c9crit par Marie Cuvelier<\/strong><\/em><\/p>\n\n\n\n<h4 class=\"wp-block-heading\"><strong>Bibliographie:<\/strong><\/h4>\n\n\n\n<p class=\"has-small-font-size wp-block-paragraph\">Baruta, C. (2021, Septembre 21). <em>Les effets n\u00e9fastes de la fast fashion sur les droits des enfants<\/em>. Consult\u00e9 le 02 Janvier 2023, sur Humanium: <a href=\"https:\/\/www.humanium.org\/fr\/les-effets-nefastes-de-la-fast-fashion-sur-les-droits-de-lenfant\/\" target=\"_blank\" rel=\"noreferrer noopener\">https:\/\/www.humanium.org\/fr\/les-effets-nefastes-de-la-fast-fashion-sur-les-droits-de-lenfant\/<\/a>.<\/p>\n\n\n\n<p class=\"has-small-font-size wp-block-paragraph\">Council of the European Union. (2012, Octobre). <em>Need for coherent Union legislation on hazardous in textiles, Information from the Swedish delegation to the Council of the European Union.<\/em> Consult\u00e9 le 2 janvier 2023, sur register.consilium.europa.eu: <a href=\"http:\/\/register.consilium.europa.eu\/pdf\/en\/12\/ st14\/st14905.en12.pdf\" target=\"_blank\" rel=\"noreferrer noopener\">http:\/\/register.consilium.europa.eu\/pdf\/en\/12\/ st14\/st14905.en12.pdf<\/a>.<\/p>\n\n\n\n<p class=\"has-small-font-size wp-block-paragraph\">Kant, R. (2012, Janvier 2012). <em>Textile Dyeing Industry an Environment Hazard.<\/em> Consult\u00e9 le 2 janvier 2023, sur scirp.org: <a href=\"https:\/\/www.scirp.org\/pdf\/NS20120100003_72866800.pdf\" target=\"_blank\" rel=\"noreferrer noopener\">https:\/\/www.scirp.org\/pdf\/NS20120100003_72866800.pdf<\/a>.<\/p>\n\n\n\n<p class=\"has-small-font-size wp-block-paragraph\">KEMI. (2014). <em>Chemicals in Textiles &#8211; Risks to Human Health and the Environment.<\/em> Consult\u00e9 le 2 janvier 2023, sur kemi.se: <a href=\"https:\/\/www.kemi.se\/download\/18.6df1d3df171c243fb23a98f3\/1591454110491\/rapport-6-14-chemicals-in-textiles.pdf\" target=\"_blank\" rel=\"noreferrer noopener\">https:\/\/www.kemi.se\/download\/18.6df1d3df171c243fb23a98f3\/1591454110491\/rapport-6-14-chemicals-in-textiles.pdf<\/a>.<\/p>\n\n\n\n<p class=\"has-small-font-size wp-block-paragraph\">NRDC. (2021). <em>Engaging the textile industry as a key sector in SAICM &#8211; A review of PFAS as a chemical class in the textile sector.<\/em> Consult\u00e9 le 2 janvier 2023, sur saicnknowledge.org: <a href=\"https:\/\/saicmknowledge.org\/sites\/default\/files\/publications\/SAICM%20report_PFAS%20in%20Textile_final_May%202021.pdf\" target=\"_blank\" rel=\"noreferrer noopener\">https:\/\/saicmknowledge.org\/sites\/default\/files\/publications\/SAICM%20report_PFAS%20in%20Textile_final_May%202021.pdf<\/a>.<\/p>\n\n\n\n<p class=\"has-small-font-size wp-block-paragraph\">UNEP. (2022, Octobre 14). <em>Textile-producing nations unite to reduce chemical waste<\/em>. Consult\u00e9 le 2 Janvier 2023, sur Unep.org: <a href=\"https:\/\/www.unep.org\/news-and-stories\/press-release\/textile-producing-nations-unite-reduce-chemical-waste\" target=\"_blank\" rel=\"noreferrer noopener\">https:\/\/www.unep.org\/news-and-stories\/press-release\/textile-producing-nations-unite-reduce-chemical-waste<\/a>.<\/p>\n\n\n\n<p class=\"has-small-font-size wp-block-paragraph\">WECF. (2013). <em>Textile: Stop the chemical overdose!<\/em> Consult\u00e9 le 2 janvier 2023, sur <a href=\"https:\/\/ipen.org\/sites\/default\/files\/documents\/WECF%20Executive%20Summery%20Textile%20Report.pdf\" target=\"_blank\" rel=\"noreferrer noopener\">https:\/\/ipen.org\/sites\/default\/files\/documents\/WECF%20Executive%20Summery%20Textile%20Report.pdf<\/a>.<\/p>\n\n\n\n<p class=\"has-small-font-size wp-block-paragraph\">WECF. (2013). <em>Textiles: Stop the Chemical overdose!<\/em> Consult\u00e9 le 2 janvier 2023, sur ipen.org: <a href=\"https:\/\/ipen.org\/sites\/default\/files\/documents\/WECF%20Executive%20Summery%20Textile%20Report.pdf\" target=\"_blank\" rel=\"noreferrer noopener\">https:\/\/ipen.org\/sites\/default\/files\/documents\/WECF%20Executive%20Summery%20Textile%20Report.pdf<\/a>.<\/p>\n","protected":false},"excerpt":{"rendered":"<p>Comme pour de nombreuses industries fabriquant des produits de la vie quotidienne, l\u2019utilisation massive de produits chimiques dans les processus industriels du secteur textile a attir\u00e9 l\u2019attention des organes de r\u00e9gulations internationaux. Car elle repr\u00e9sente un danger pour la sant\u00e9 ainsi que pour l\u2019environnement de nombreuses populations dans le monde, affectant en particulier les enfants.\u00a0 [&hellip;]<\/p>\n","protected":false},"author":69,"featured_media":54565,"comment_status":"closed","ping_status":"closed","sticky":false,"template":"","format":"standard","meta":{"footnotes":""},"categories":[220,4,6,233,10,234],"tags":[],"class_list":["post-54561","post","type-post","status-publish","format-standard","has-post-thumbnail","hentry","category-droits-des-enfants","category-droits-humains","category-environnement","category-exploitation","category-sante","category-travail"],"yoast_head":"<!-- This site is optimized with the Yoast SEO plugin v28.3 - https:\/\/yoast.com\/product\/yoast-seo-wordpress\/ -->\n<title>V\u00eatements et produits chimiques\u00a0: une menace pour la sant\u00e9 des enfants - Humanium<\/title>\n<meta name=\"description\" content=\"L&#039;utilisation de produits chimiques dans la production de nos v\u00eatements viole le droit \u00e0 la sant\u00e9 des enfants et les droits environnementaux.\" \/>\n<meta name=\"robots\" content=\"index, follow, max-snippet:-1, max-image-preview:large, max-video-preview:-1\" \/>\n<link rel=\"canonical\" href=\"https:\/\/www.humanium.org\/fr\/vetements-et-produits-chimiques-une-menace-pour-la-sante-des-enfants\/\" \/>\n<meta property=\"og:locale\" content=\"fr_FR\" \/>\n<meta property=\"og:type\" content=\"article\" \/>\n<meta property=\"og:title\" content=\"V\u00eatements et produits chimiques\u00a0: une menace pour la sant\u00e9 des enfants - Humanium\" \/>\n<meta property=\"og:description\" content=\"L&#039;utilisation de produits chimiques dans la production de nos v\u00eatements viole le droit \u00e0 la sant\u00e9 des enfants et les droits environnementaux.\" \/>\n<meta property=\"og:url\" content=\"https:\/\/www.humanium.org\/fr\/vetements-et-produits-chimiques-une-menace-pour-la-sante-des-enfants\/\" \/>\n<meta property=\"og:site_name\" content=\"Humanium\" \/>\n<meta property=\"article:published_time\" content=\"2023-02-28T09:53:02+00:00\" \/>\n<meta property=\"article:modified_time\" content=\"2026-08-21T03:19:34+00:00\" \/>\n<meta property=\"og:image\" content=\"https:\/\/www.humanium.org\/fr\/wp-content\/uploads\/2023\/02\/shutterstock_1044580621-scaled.jpg\" \/>\n\t<meta property=\"og:image:width\" content=\"2560\" \/>\n\t<meta property=\"og:image:height\" content=\"1707\" \/>\n\t<meta property=\"og:image:type\" content=\"image\/jpeg\" \/>\n<meta name=\"author\" content=\"Humanium\" \/>\n<meta name=\"twitter:card\" content=\"summary_large_image\" \/>\n<meta name=\"twitter:label1\" content=\"\u00c9crit par\" \/>\n\t<meta name=\"twitter:data1\" content=\"Humanium\" \/>\n\t<meta name=\"twitter:label2\" content=\"Dur\u00e9e de lecture estim\u00e9e\" \/>\n\t<meta name=\"twitter:data2\" content=\"7 minutes\" \/>\n<script type=\"application\/ld+json\" class=\"yoast-schema-graph\">{\"@context\":\"https:\\\/\\\/schema.org\",\"@graph\":[{\"@type\":\"Article\",\"@id\":\"https:\\\/\\\/www.humanium.org\\\/fr\\\/vetements-et-produits-chimiques-une-menace-pour-la-sante-des-enfants\\\/#article\",\"isPartOf\":{\"@id\":\"https:\\\/\\\/www.humanium.org\\\/fr\\\/vetements-et-produits-chimiques-une-menace-pour-la-sante-des-enfants\\\/\"},\"author\":{\"name\":\"Humanium\",\"@id\":\"https:\\\/\\\/www.humanium.org\\\/fr\\\/#\\\/schema\\\/person\\\/d798d6c7d59ba2307e0877f61a20ce3e\"},\"headline\":\"V\u00eatements et produits chimiques\u00a0: une menace pour la sant\u00e9 des enfants\",\"datePublished\":\"2023-02-28T09:53:02+00:00\",\"dateModified\":\"2026-08-21T03:19:34+00:00\",\"mainEntityOfPage\":{\"@id\":\"https:\\\/\\\/www.humanium.org\\\/fr\\\/vetements-et-produits-chimiques-une-menace-pour-la-sante-des-enfants\\\/\"},\"wordCount\":1275,\"image\":{\"@id\":\"https:\\\/\\\/www.humanium.org\\\/fr\\\/vetements-et-produits-chimiques-une-menace-pour-la-sante-des-enfants\\\/#primaryimage\"},\"thumbnailUrl\":\"https:\\\/\\\/www.humanium.org\\\/fr\\\/wp-content\\\/uploads\\\/2023\\\/02\\\/shutterstock_1044580621-scaled.jpg\",\"articleSection\":[\"Droits des enfants\",\"Droits humains\",\"Environnement\",\"Exploitation\",\"Sant\u00e9\",\"Travail\"],\"inLanguage\":\"fr-FR\"},{\"@type\":\"WebPage\",\"@id\":\"https:\\\/\\\/www.humanium.org\\\/fr\\\/vetements-et-produits-chimiques-une-menace-pour-la-sante-des-enfants\\\/\",\"url\":\"https:\\\/\\\/www.humanium.org\\\/fr\\\/vetements-et-produits-chimiques-une-menace-pour-la-sante-des-enfants\\\/\",\"name\":\"V\u00eatements et produits chimiques\u00a0: une menace pour la sant\u00e9 des enfants - Humanium\",\"isPartOf\":{\"@id\":\"https:\\\/\\\/www.humanium.org\\\/fr\\\/#website\"},\"primaryImageOfPage\":{\"@id\":\"https:\\\/\\\/www.humanium.org\\\/fr\\\/vetements-et-produits-chimiques-une-menace-pour-la-sante-des-enfants\\\/#primaryimage\"},\"image\":{\"@id\":\"https:\\\/\\\/www.humanium.org\\\/fr\\\/vetements-et-produits-chimiques-une-menace-pour-la-sante-des-enfants\\\/#primaryimage\"},\"thumbnailUrl\":\"https:\\\/\\\/www.humanium.org\\\/fr\\\/wp-content\\\/uploads\\\/2023\\\/02\\\/shutterstock_1044580621-scaled.jpg\",\"datePublished\":\"2023-02-28T09:53:02+00:00\",\"dateModified\":\"2026-08-21T03:19:34+00:00\",\"author\":{\"@id\":\"https:\\\/\\\/www.humanium.org\\\/fr\\\/#\\\/schema\\\/person\\\/d798d6c7d59ba2307e0877f61a20ce3e\"},\"description\":\"L'utilisation de produits chimiques dans la production de nos v\u00eatements viole le droit \u00e0 la sant\u00e9 des enfants et les droits environnementaux.\",\"breadcrumb\":{\"@id\":\"https:\\\/\\\/www.humanium.org\\\/fr\\\/vetements-et-produits-chimiques-une-menace-pour-la-sante-des-enfants\\\/#breadcrumb\"},\"inLanguage\":\"fr-FR\",\"potentialAction\":[{\"@type\":\"ReadAction\",\"target\":[\"https:\\\/\\\/www.humanium.org\\\/fr\\\/vetements-et-produits-chimiques-une-menace-pour-la-sante-des-enfants\\\/\"]}]},{\"@type\":\"ImageObject\",\"inLanguage\":\"fr-FR\",\"@id\":\"https:\\\/\\\/www.humanium.org\\\/fr\\\/vetements-et-produits-chimiques-une-menace-pour-la-sante-des-enfants\\\/#primaryimage\",\"url\":\"https:\\\/\\\/www.humanium.org\\\/fr\\\/wp-content\\\/uploads\\\/2023\\\/02\\\/shutterstock_1044580621-scaled.jpg\",\"contentUrl\":\"https:\\\/\\\/www.humanium.org\\\/fr\\\/wp-content\\\/uploads\\\/2023\\\/02\\\/shutterstock_1044580621-scaled.jpg\",\"width\":2560,\"height\":1707},{\"@type\":\"BreadcrumbList\",\"@id\":\"https:\\\/\\\/www.humanium.org\\\/fr\\\/vetements-et-produits-chimiques-une-menace-pour-la-sante-des-enfants\\\/#breadcrumb\",\"itemListElement\":[{\"@type\":\"ListItem\",\"position\":1,\"name\":\"Home\",\"item\":\"https:\\\/\\\/www.humanium.org\\\/fr\\\/\"},{\"@type\":\"ListItem\",\"position\":2,\"name\":\"V\u00eatements et produits chimiques\u00a0: une menace pour la sant\u00e9 des enfants\"}]},{\"@type\":\"WebSite\",\"@id\":\"https:\\\/\\\/www.humanium.org\\\/fr\\\/#website\",\"url\":\"https:\\\/\\\/www.humanium.org\\\/fr\\\/\",\"name\":\"Humanium\",\"description\":\"Les enfants d\u2019abord !\",\"potentialAction\":[{\"@type\":\"SearchAction\",\"target\":{\"@type\":\"EntryPoint\",\"urlTemplate\":\"https:\\\/\\\/www.humanium.org\\\/fr\\\/?s={search_term_string}\"},\"query-input\":{\"@type\":\"PropertyValueSpecification\",\"valueRequired\":true,\"valueName\":\"search_term_string\"}}],\"inLanguage\":\"fr-FR\"},{\"@type\":\"Person\",\"@id\":\"https:\\\/\\\/www.humanium.org\\\/fr\\\/#\\\/schema\\\/person\\\/d798d6c7d59ba2307e0877f61a20ce3e\",\"name\":\"Humanium\",\"image\":{\"@type\":\"ImageObject\",\"inLanguage\":\"fr-FR\",\"@id\":\"https:\\\/\\\/secure.gravatar.com\\\/avatar\\\/22715e338d2fcc547e3a431c4738360d33fea2a4af458f865b2c3b22f1eaa51f?s=96&d=mm&r=g\",\"url\":\"https:\\\/\\\/secure.gravatar.com\\\/avatar\\\/22715e338d2fcc547e3a431c4738360d33fea2a4af458f865b2c3b22f1eaa51f?s=96&d=mm&r=g\",\"contentUrl\":\"https:\\\/\\\/secure.gravatar.com\\\/avatar\\\/22715e338d2fcc547e3a431c4738360d33fea2a4af458f865b2c3b22f1eaa51f?s=96&d=mm&r=g\",\"caption\":\"Humanium\"},\"url\":\"https:\\\/\\\/www.humanium.org\\\/fr\\\/author\\\/humanium\\\/\"}]}<\/script>\n<!-- \/ Yoast SEO plugin. -->","yoast_head_json":{"title":"V\u00eatements et produits chimiques\u00a0: une menace pour la sant\u00e9 des enfants - Humanium","description":"L'utilisation de produits chimiques dans la production de nos v\u00eatements viole le droit \u00e0 la sant\u00e9 des enfants et les droits environnementaux.","robots":{"index":"index","follow":"follow","max-snippet":"max-snippet:-1","max-image-preview":"max-image-preview:large","max-video-preview":"max-video-preview:-1"},"canonical":"https:\/\/www.humanium.org\/fr\/vetements-et-produits-chimiques-une-menace-pour-la-sante-des-enfants\/","og_locale":"fr_FR","og_type":"article","og_title":"V\u00eatements et produits chimiques\u00a0: une menace pour la sant\u00e9 des enfants - Humanium","og_description":"L'utilisation de produits chimiques dans la production de nos v\u00eatements viole le droit \u00e0 la sant\u00e9 des enfants et les droits environnementaux.","og_url":"https:\/\/www.humanium.org\/fr\/vetements-et-produits-chimiques-une-menace-pour-la-sante-des-enfants\/","og_site_name":"Humanium","article_published_time":"2023-02-28T09:53:02+00:00","article_modified_time":"2026-08-21T03:19:34+00:00","og_image":[{"width":2560,"height":1707,"url":"https:\/\/www.humanium.org\/fr\/wp-content\/uploads\/2023\/02\/shutterstock_1044580621-scaled.jpg","type":"image\/jpeg"}],"author":"Humanium","twitter_card":"summary_large_image","twitter_misc":{"\u00c9crit par":"Humanium","Dur\u00e9e de lecture estim\u00e9e":"7 minutes"},"schema":{"@context":"https:\/\/schema.org","@graph":[{"@type":"Article","@id":"https:\/\/www.humanium.org\/fr\/vetements-et-produits-chimiques-une-menace-pour-la-sante-des-enfants\/#article","isPartOf":{"@id":"https:\/\/www.humanium.org\/fr\/vetements-et-produits-chimiques-une-menace-pour-la-sante-des-enfants\/"},"author":{"name":"Humanium","@id":"https:\/\/www.humanium.org\/fr\/#\/schema\/person\/d798d6c7d59ba2307e0877f61a20ce3e"},"headline":"V\u00eatements et produits chimiques\u00a0: une menace pour la sant\u00e9 des enfants","datePublished":"2023-02-28T09:53:02+00:00","dateModified":"2026-08-21T03:19:34+00:00","mainEntityOfPage":{"@id":"https:\/\/www.humanium.org\/fr\/vetements-et-produits-chimiques-une-menace-pour-la-sante-des-enfants\/"},"wordCount":1275,"image":{"@id":"https:\/\/www.humanium.org\/fr\/vetements-et-produits-chimiques-une-menace-pour-la-sante-des-enfants\/#primaryimage"},"thumbnailUrl":"https:\/\/www.humanium.org\/fr\/wp-content\/uploads\/2023\/02\/shutterstock_1044580621-scaled.jpg","articleSection":["Droits des enfants","Droits humains","Environnement","Exploitation","Sant\u00e9","Travail"],"inLanguage":"fr-FR"},{"@type":"WebPage","@id":"https:\/\/www.humanium.org\/fr\/vetements-et-produits-chimiques-une-menace-pour-la-sante-des-enfants\/","url":"https:\/\/www.humanium.org\/fr\/vetements-et-produits-chimiques-une-menace-pour-la-sante-des-enfants\/","name":"V\u00eatements et produits chimiques\u00a0: une menace pour la sant\u00e9 des enfants - Humanium","isPartOf":{"@id":"https:\/\/www.humanium.org\/fr\/#website"},"primaryImageOfPage":{"@id":"https:\/\/www.humanium.org\/fr\/vetements-et-produits-chimiques-une-menace-pour-la-sante-des-enfants\/#primaryimage"},"image":{"@id":"https:\/\/www.humanium.org\/fr\/vetements-et-produits-chimiques-une-menace-pour-la-sante-des-enfants\/#primaryimage"},"thumbnailUrl":"https:\/\/www.humanium.org\/fr\/wp-content\/uploads\/2023\/02\/shutterstock_1044580621-scaled.jpg","datePublished":"2023-02-28T09:53:02+00:00","dateModified":"2026-08-21T03:19:34+00:00","author":{"@id":"https:\/\/www.humanium.org\/fr\/#\/schema\/person\/d798d6c7d59ba2307e0877f61a20ce3e"},"description":"L'utilisation de produits chimiques dans la production de nos v\u00eatements viole le droit \u00e0 la sant\u00e9 des enfants et les droits environnementaux.","breadcrumb":{"@id":"https:\/\/www.humanium.org\/fr\/vetements-et-produits-chimiques-une-menace-pour-la-sante-des-enfants\/#breadcrumb"},"inLanguage":"fr-FR","potentialAction":[{"@type":"ReadAction","target":["https:\/\/www.humanium.org\/fr\/vetements-et-produits-chimiques-une-menace-pour-la-sante-des-enfants\/"]}]},{"@type":"ImageObject","inLanguage":"fr-FR","@id":"https:\/\/www.humanium.org\/fr\/vetements-et-produits-chimiques-une-menace-pour-la-sante-des-enfants\/#primaryimage","url":"https:\/\/www.humanium.org\/fr\/wp-content\/uploads\/2023\/02\/shutterstock_1044580621-scaled.jpg","contentUrl":"https:\/\/www.humanium.org\/fr\/wp-content\/uploads\/2023\/02\/shutterstock_1044580621-scaled.jpg","width":2560,"height":1707},{"@type":"BreadcrumbList","@id":"https:\/\/www.humanium.org\/fr\/vetements-et-produits-chimiques-une-menace-pour-la-sante-des-enfants\/#breadcrumb","itemListElement":[{"@type":"ListItem","position":1,"name":"Home","item":"https:\/\/www.humanium.org\/fr\/"},{"@type":"ListItem","position":2,"name":"V\u00eatements et produits chimiques\u00a0: une menace pour la sant\u00e9 des enfants"}]},{"@type":"WebSite","@id":"https:\/\/www.humanium.org\/fr\/#website","url":"https:\/\/www.humanium.org\/fr\/","name":"Humanium","description":"Les enfants d\u2019abord !","potentialAction":[{"@type":"SearchAction","target":{"@type":"EntryPoint","urlTemplate":"https:\/\/www.humanium.org\/fr\/?s={search_term_string}"},"query-input":{"@type":"PropertyValueSpecification","valueRequired":true,"valueName":"search_term_string"}}],"inLanguage":"fr-FR"},{"@type":"Person","@id":"https:\/\/www.humanium.org\/fr\/#\/schema\/person\/d798d6c7d59ba2307e0877f61a20ce3e","name":"Humanium","image":{"@type":"ImageObject","inLanguage":"fr-FR","@id":"https:\/\/secure.gravatar.com\/avatar\/22715e338d2fcc547e3a431c4738360d33fea2a4af458f865b2c3b22f1eaa51f?s=96&d=mm&r=g","url":"https:\/\/secure.gravatar.com\/avatar\/22715e338d2fcc547e3a431c4738360d33fea2a4af458f865b2c3b22f1eaa51f?s=96&d=mm&r=g","contentUrl":"https:\/\/secure.gravatar.com\/avatar\/22715e338d2fcc547e3a431c4738360d33fea2a4af458f865b2c3b22f1eaa51f?s=96&d=mm&r=g","caption":"Humanium"},"url":"https:\/\/www.humanium.org\/fr\/author\/humanium\/"}]}},"_links":{"self":[{"href":"https:\/\/www.humanium.org\/fr\/wp-json\/wp\/v2\/posts\/54561","targetHints":{"allow":["GET"]}}],"collection":[{"href":"https:\/\/www.humanium.org\/fr\/wp-json\/wp\/v2\/posts"}],"about":[{"href":"https:\/\/www.humanium.org\/fr\/wp-json\/wp\/v2\/types\/post"}],"author":[{"embeddable":true,"href":"https:\/\/www.humanium.org\/fr\/wp-json\/wp\/v2\/users\/69"}],"replies":[{"embeddable":true,"href":"https:\/\/www.humanium.org\/fr\/wp-json\/wp\/v2\/comments?post=54561"}],"version-history":[{"count":10,"href":"https:\/\/www.humanium.org\/fr\/wp-json\/wp\/v2\/posts\/54561\/revisions"}],"predecessor-version":[{"id":62607,"href":"https:\/\/www.humanium.org\/fr\/wp-json\/wp\/v2\/posts\/54561\/revisions\/62607"}],"wp:featuredmedia":[{"embeddable":true,"href":"https:\/\/www.humanium.org\/fr\/wp-json\/wp\/v2\/media\/54565"}],"wp:attachment":[{"href":"https:\/\/www.humanium.org\/fr\/wp-json\/wp\/v2\/media?parent=54561"}],"wp:term":[{"taxonomy":"category","embeddable":true,"href":"https:\/\/www.humanium.org\/fr\/wp-json\/wp\/v2\/categories?post=54561"},{"taxonomy":"post_tag","embeddable":true,"href":"https:\/\/www.humanium.org\/fr\/wp-json\/wp\/v2\/tags?post=54561"}],"curies":[{"name":"wp","href":"https:\/\/api.w.org\/{rel}","templated":true}]}}