{"id":54881,"date":"2023-04-25T07:03:29","date_gmt":"2023-04-25T07:03:29","guid":{"rendered":"https:\/\/www.humanium.org\/fr\/?p=54881"},"modified":"2026-08-21T03:19:35","modified_gmt":"2026-08-21T03:19:35","slug":"les-souffrances-des-rohingyas-des-milliers-denfants-en-danger-au-myanmar-et-au-bangladesh","status":"publish","type":"post","link":"https:\/\/www.humanium.org\/fr\/les-souffrances-des-rohingyas-des-milliers-denfants-en-danger-au-myanmar-et-au-bangladesh\/","title":{"rendered":"<strong>Les souffrances des Rohingyas\u00a0: des milliers d\u2019enfants en danger au Myanmar et au Bangladesh<\/strong>"},"content":{"rendered":"\n<p class=\"wp-block-paragraph\"><strong>Les Rohingyas sont parmi les <\/strong><strong>minorit\u00e9s<\/strong><strong> les plus pers\u00e9cut\u00e9es dans le monde. Une <\/strong><a href=\"https:\/\/www.humanium.org\/fr\/droit-non-discrimination\/\"><strong>discrimination<\/strong><\/a><strong> de longue date et l\u2019escalade de brutalit\u00e9 au <\/strong><a href=\"https:\/\/www.humanium.org\/fr\/myanmar\/\"><strong>Myanmar<\/strong><\/a><strong> a priv\u00e9 les Rohingyas du droit \u00e0 une vie humaine et <\/strong><a href=\"https:\/\/www.humanium.org\/fr\/comprendre-droits-enfant\/protection\/\"><strong>s\u00fbre<\/strong><\/a><strong> pour des d\u00e9cennies. Ceux qui sont extr\u00eamement vuln\u00e9rables \u00e0 de tels <\/strong><a href=\"https:\/\/www.humanium.org\/fr\/enfants-dans-la-guerre\/\"><strong>abus<\/strong><\/a><strong> sont plus pr\u00e9cis\u00e9ment <\/strong><strong>les enfants de ce groupe minoritaire<\/strong><strong>. De plus les Rohingyas font aussi face \u00e0 un environnement hostile et insalubre au <\/strong><a href=\"https:\/\/www.humanium.org\/fr\/bangladesh\/\"><strong>Bangladesh<\/strong><\/a><strong> qui est en train de d\u00e9pouiller les enfants Rohingyas de <\/strong><a href=\"https:\/\/www.humanium.org\/fr\/comprendre-droits-enfant\/\"><strong>leurs droits de l\u2019Homme fondamentaux<\/strong><\/a><strong>. Ils font face \u00e0 une situation <\/strong><a href=\"https:\/\/www.humanium.org\/fr\/enfants-sans-identite\/\"><strong>d\u2019apatride<\/strong><\/a><strong>, \u00e0 de <\/strong><a href=\"https:\/\/www.humanium.org\/fr\/enfants-dans-la-guerre\/\"><strong>mauvais traitements<\/strong><\/a><strong> et \u00e0 l\u2019<\/strong><a href=\"https:\/\/www.humanium.org\/fr\/enfants-deplaces\/\"><strong>exode.<\/strong><\/a><\/p>\n\n\n\n<h2 class=\"wp-block-heading\"><strong>Les Rohingyas : une communaut\u00e9 de musulmans au <\/strong><a href=\"https:\/\/www.humanium.org\/fr\/myanmar\/\"><strong>Myanmar<\/strong><\/a><\/h2>\n\n\n\n<p class=\"wp-block-paragraph\">Les Rohingyas sont un groupe de personnes de confession musulmane concentr\u00e9 principalement dans l\u2019Etat du Rakhire au <a href=\"https:\/\/www.humanium.org\/fr\/myanmar\/\">Myanmar<\/a> (Encyclopedia Britannica 2023). La communaut\u00e9 Rohingya est consid\u00e9r\u00e9e comme une minorit\u00e9 au <a href=\"https:\/\/www.humanium.org\/fr\/myanmar\/\">Myanmar<\/a> et repr\u00e9sente environ un tiers de la population, majoritairement bouddhiste, de l\u2019Etat du Rakhire (Encyclopedia Britannica 2023). Les Rohingyas parlent \u00ab&nbsp;rohingy&nbsp;\u00bb ou \u00ab&nbsp;ruaingga&nbsp;\u00bb, un dialecte qui est distinct des autres langues parl\u00e9es \u00e0 travers le <a href=\"https:\/\/www.humanium.org\/fr\/myanmar\/\">Myanmar<\/a> (Al Jazeera 2018).<\/p>\n\n\n\n<p class=\"wp-block-paragraph\">Les Rohingyas \u00ab&nbsp;une communaut\u00e9 qui se distingue du point de vue ethnique culturel et linguistique&nbsp;\u00bb&nbsp;; a laiss\u00e9 des traces dans l\u2019histoire \u00e0 la fin du 7\u00e8me si\u00e8cle (Encyclopedia Britannica 2023). En effet le peuple Rohingya affirme qu\u2018ils sont les descendants de musulmans, peut-\u00eatre de commer\u00e7ants perses et arabes qui venaient au <a href=\"https:\/\/www.humanium.org\/fr\/myanmar\/\">Myanmar<\/a> il y a des g\u00e9n\u00e9rations (The Guardian, 2017).<\/p>\n\n\n\n<h2 class=\"wp-block-heading\"><strong>Un bref bilan de l\u2019histoire des Rohingyas<\/strong><\/h2>\n\n\n\n<p class=\"wp-block-paragraph\">Le refus du <a href=\"https:\/\/www.humanium.org\/fr\/myanmar\/\">Myanmar<\/a> de reconnaitre l\u2019existence des Rohingyas trouve ses racines dans la colonisation britannique du Burma, qui constitue aujourd\u2019hui l\u2019Etat du <a href=\"https:\/\/www.humanium.org\/fr\/myanmar\/\">Myanmar<\/a> (National Geographic 2019). Pendant cette p\u00e9riode, s\u2019effectua un nombre consid\u00e9rable de <a href=\"https:\/\/www.humanium.org\/fr\/enfants-deplaces\/\">migration<\/a>s de travailleurs venant de pays voisins d\u2019Asie du Sud vers le Myanmar ce qui fut consid\u00e9r\u00e9 comme un mouvement interne provoqu\u00e9 par l\u2019administration britannique (Human Rights Watch 2000). A cette \u00e9poque, cette \u00ab&nbsp;<a href=\"https:\/\/www.humanium.org\/fr\/enfants-deplaces\/\">migration<\/a> de travailleurs&nbsp;\u00bb \u00e9tait per\u00e7ue de fa\u00e7on n\u00e9gative par la majorit\u00e9 de la population native du Burma (actuellement le <a href=\"https:\/\/www.humanium.org\/fr\/myanmar\/\">Myanmar<\/a>) (Al Jazeera, 2018).<\/p>\n\n\n\n<p class=\"wp-block-paragraph\">A la suite de l\u2019ind\u00e9pendance du <a href=\"https:\/\/www.humanium.org\/fr\/myanmar\/\">Myanmar<\/a> de la tutelle du gouvernement britannique, le gouvernement suivant per\u00e7ut la <a href=\"https:\/\/www.humanium.org\/fr\/enfants-deplaces\/\">migration<\/a> qui eut lieu pendant la colonisation britannique comme&nbsp;\u00ab&nbsp;ill\u00e9gale&nbsp;\u00bb et sur cette base, le <a href=\"https:\/\/www.humanium.org\/fr\/myanmar\/\">Myanmar<\/a> refusa la citoyennet\u00e9 \u00e0 la majorit\u00e9 des Rohingyas (Human Rights Watch 2000). Pour cette raison, les Rohingyas sont per\u00e7us par beaucoup au <a href=\"https:\/\/www.humanium.org\/fr\/myanmar\/\">Myanmar<\/a> comme des immigr\u00e9s ill\u00e9gaux. Par cons\u00e9quent ils souffrent de <a href=\"https:\/\/www.humanium.org\/fr\/droit-non-discrimination\/\">discrimination<\/a> syst\u00e9matique (The Guardian 2017).<\/p>\n\n\n\n<p class=\"wp-block-paragraph\">En 1948 le gouvernement du <a href=\"https:\/\/www.humanium.org\/fr\/myanmar\/\">Myanmar<\/a> promulgua l\u2019acte d\u2019union de la citoyennet\u00e9 \u00e9non\u00e7ant que l\u2019ethnicit\u00e9 permet d\u2018acqu\u00e9rir la citoyennet\u00e9 (Al Jazeera 2018). Les Rohingyas n\u2019\u00e9taient pas inclus dans l\u2019ethnicit\u00e9 permettant de b\u00e9n\u00e9ficier de cet acte (Allard K. Lowenstein International Human Rights Clinic &#8211; Yale Law School, 2015). <\/p>\n\n\n\n<p class=\"wp-block-paragraph\">Les Rohingyas pouvaient encore obtenir des cartes d\u2019identit\u00e9 sous le r\u00e9gime pr\u00e9c\u00e9dent (Al Jazeera 2018). Cependant apr\u00e8s le coup d\u2019\u00e9tat militaire de 1962 au <a href=\"https:\/\/www.humanium.org\/fr\/myanmar\/\">Myanmar<\/a> qui a men\u00e9 \u00e0 une dictature militaire, les moyens de subsistance des Rohingyas ont radicalement chang\u00e9 (Kipgen 2011&nbsp;; Al Jazeera, 2018).<\/p>\n\n\n\n<p class=\"wp-block-paragraph\">Dans les faits une <a href=\"https:\/\/www.humanium.org\/fr\/enfants-sans-identite\/\">personne apatride<\/a> est d\u00e9finie comme une personne qu&rsquo;aucun \u00c9tat ne consid\u00e8re comme son ressortissant par application de sa l\u00e9gislation. Ce qui signifie simplement qu\u2019elle ne d\u00e9tient aucune nationalit\u00e9. Et au vu de la loi promulgu\u00e9e par le <a href=\"https:\/\/www.humanium.org\/fr\/myanmar\/\">Myanmar<\/a> mentionn\u00e9e ci-dessus les Rohingyas ont le statut d<a href=\"https:\/\/www.humanium.org\/fr\/enfants-sans-identite\/\">\u2019apatride<\/a> (M\u00e9decins sans fronti\u00e8res 2022).<\/p>\n\n\n\n<h2 class=\"wp-block-heading\"><strong>Les Rohingyas en tant que population <\/strong><a href=\"https:\/\/www.humanium.org\/fr\/enfants-sans-identite\/\"><strong>apatride<\/strong><\/a><strong> et pers\u00e9cut\u00e9e au <\/strong><a href=\"https:\/\/www.humanium.org\/fr\/myanmar\/\"><strong>Myanmar<\/strong><\/a><\/h2>\n\n\n\n<p class=\"wp-block-paragraph\">Etant donn\u00e9 le refus mentionn\u00e9 ci-dessus de leur procurer les papiers essentiels comme la carte d\u2019identit\u00e9 ou de citoyennet\u00e9, les droits des Rohingyas de voter, \u00e9tudier, travailler, voyager, se marier, pratiquer leur <a href=\"https:\/\/www.humanium.org\/fr\/enfants-religions\/\">religion<\/a> et acc\u00e9der aux services de <a href=\"https:\/\/www.humanium.org\/fr\/comprendre-droits-enfant\/droit-a-la-sante\/\">sant\u00e9<\/a> sont affect\u00e9s et restreints de mani\u00e8re s\u00e9rieuse (Al Jazeera 2018). Concr\u00e8tement il a \u00e9t\u00e9 estim\u00e9 que 447000 Rohingyas vivaient dans des villages o\u00f9 ils ont peu de libert\u00e9 de mouvement (UNHCR Agence des Nations Unies pour les r\u00e9fugi\u00e9s 2022).<\/p>\n\n\n\n<p class=\"wp-block-paragraph\">Les enfants Rohingyas souffrent de diverses cons\u00e9quences dues \u00e0 leur statut d\u2019<a href=\"https:\/\/www.humanium.org\/fr\/enfants-sans-identite\/\">apatride<\/a>. En tout premier lieu, ils rencontrent des difficult\u00e9s pour acc\u00e9der \u00e0 l\u2019\u00e9ducation plut\u00f4t dues \u00e0 des lois explicitement <a href=\"https:\/\/www.humanium.org\/fr\/droit-non-discrimination\/\">discriminatoires<\/a> qui les excluent de l\u2019\u00e9cole ou \u00e0 la non-application de politiques qui devraient leur permettre d\u2019aller \u00e0 l\u2019\u00e9cole (Save the Children 2021). <\/p>\n\n\n\n<p class=\"wp-block-paragraph\">De plus ils ont un acc\u00e8s tr\u00e8s limit\u00e9 aux <a href=\"https:\/\/www.humanium.org\/fr\/comprendre-droits-enfant\/droit-a-la-sante\/\">soins de sant\u00e9<\/a> au <a href=\"https:\/\/www.humanium.org\/fr\/myanmar\/\">Myanmar<\/a> et la majorit\u00e9 n\u2019a pas re\u00e7u les vaccinations de routine. Cela les rend extr\u00eamement vuln\u00e9rables \u00e0 <a href=\"https:\/\/www.humanium.org\/fr\/enfants-malades\/\">des maladies pourtant \u00e9vitables<\/a> (M\u00e9decins sans fronti\u00e8res 2018).<\/p>\n\n\n\n<p class=\"wp-block-paragraph\">En outre, les pressions financi\u00e8res et les habitudes culturelles \u00e0 propos de l\u2019<a href=\"about:blank\">\u00e9ducation<\/a> des filles signifient que les adolescentes Rohingyas ont moins de possibilit\u00e9s d\u2019aller \u00e0 l\u2019\u00e9cole et sont plus susceptibles d\u2019\u00eatre <a href=\"https:\/\/www.humanium.org\/fr\/mariage-enfants\/\">mari\u00e9es tr\u00e8s jeunes<\/a> (Save the Children 2021). Compte-tenu des discriminations dont ils souffrent, les enfant Rohingyas sont confront\u00e9s au risque d\u2019arrestation, de <a href=\"https:\/\/www.humanium.org\/fr\/enfants-dans-la-guerre\/\">d\u00e9tention<\/a> et de r\u00e9clusion dans des centres de <a href=\"https:\/\/www.humanium.org\/fr\/enfants-dans-la-guerre\/\">r\u00e9tention<\/a> d\u2019immigr\u00e9s et des camps de <a href=\"https:\/\/www.humanium.org\/fr\/enfants-deplaces\/\">r\u00e9fugi\u00e9s<\/a> (Save the Children 2021).<\/p>\n\n\n\n<figure class=\"wp-block-image size-large\"><img loading=\"lazy\" decoding=\"async\" width=\"1024\" height=\"719\" src=\"https:\/\/www.humanium.org\/fr\/wp-content\/uploads\/2023\/04\/shutterstock_612689939-1024x719.jpg\" alt=\"\" class=\"wp-image-54882\" srcset=\"https:\/\/www.humanium.org\/fr\/wp-content\/uploads\/2023\/04\/shutterstock_612689939-1024x719.jpg 1024w, https:\/\/www.humanium.org\/fr\/wp-content\/uploads\/2023\/04\/shutterstock_612689939-300x211.jpg 300w, https:\/\/www.humanium.org\/fr\/wp-content\/uploads\/2023\/04\/shutterstock_612689939-768x539.jpg 768w, https:\/\/www.humanium.org\/fr\/wp-content\/uploads\/2023\/04\/shutterstock_612689939-1536x1078.jpg 1536w, https:\/\/www.humanium.org\/fr\/wp-content\/uploads\/2023\/04\/shutterstock_612689939-2048x1438.jpg 2048w, https:\/\/www.humanium.org\/fr\/wp-content\/uploads\/2023\/04\/shutterstock_612689939-830x583.jpg 830w, https:\/\/www.humanium.org\/fr\/wp-content\/uploads\/2023\/04\/shutterstock_612689939-230x161.jpg 230w, https:\/\/www.humanium.org\/fr\/wp-content\/uploads\/2023\/04\/shutterstock_612689939-350x246.jpg 350w, https:\/\/www.humanium.org\/fr\/wp-content\/uploads\/2023\/04\/shutterstock_612689939-480x337.jpg 480w\" sizes=\"auto, (max-width: 1024px) 100vw, 1024px\" \/><\/figure>\n\n\n\n<p class=\"wp-block-paragraph\">De m\u00eame sans documents l\u00e9gaux d\u2019identit\u00e9, les enfants \u00ab&nbsp;sont \u00e0 la merci de trafiquants et de dealers de drogues&nbsp;\u00bb (UN News 2019). Cette discrimination peut dans une certaine mesure \u00eatre diffus\u00e9e en ligne et dans les m\u00e9dias par les administrations d\u2019Etat, ce qui menace la s\u00e9curit\u00e9 des enfants (Save the Children 2021).<\/p>\n\n\n\n<p class=\"wp-block-paragraph\">D\u00e9j\u00e0 en avril 2013 Human Rights Watch alertait le monde sur le fait que le Myanmar \u00e9tait en train de mener une campagne de purification ethnique \u00e0 l\u2019encontre des Rohingyas (Human Rights Watch 2013).<\/p>\n\n\n\n<p class=\"wp-block-paragraph\">Les Rohingyas qui sont rest\u00e9s dans l\u2019Etat du Rakhire font face \u00e0 des <a href=\"https:\/\/www.humanium.org\/fr\/la-maltraitance-des-enfants\/\">abus<\/a> syst\u00e9matiques que constituent les crimes contre l\u2019humanit\u00e9, l\u2019apartheid, la pers\u00e9cution et la perte de libert\u00e9 (Human Rights Watch 2022).<\/p>\n\n\n\n<p class=\"wp-block-paragraph\">Le gouvernement du <a href=\"https:\/\/www.humanium.org\/fr\/myanmar\/\">Myanmar<\/a> a \u00e0 ce jour rejet\u00e9 de mani\u00e8re r\u00e9p\u00e9t\u00e9e les accusations d\u2019<a href=\"https:\/\/www.humanium.org\/fr\/violences\/\">abus<\/a> commis contre les Rohingyas sur son territoire (Al Jazeera 2018). Cela alors m\u00eame que depuis 2017 plus d\u2019un million de <a href=\"https:\/\/www.humanium.org\/fr\/enfants-deplaces\/\">r\u00e9fugi\u00e9s<\/a> Rohingyas dont la moiti\u00e9 sont des enfants ont v\u00e9cu dans <a href=\"https:\/\/www.humanium.org\/fr\/enfants-deplaces\/\">des camps surpeupl\u00e9s<\/a> apr\u00e8s avoir \u00e9t\u00e9 expuls\u00e9s violemment et de force de leurs maisons \u00e0 travers la fronti\u00e8re du<a href=\"https:\/\/www.humanium.org\/fr\/myanmar\/\"> Myanmar<\/a> pour \u00e9chapper \u00e0 une <a href=\"https:\/\/www.humanium.org\/fr\/violences\/\">violence<\/a> inimaginable (Save the Children n.d).<\/p>\n\n\n\n<h2 class=\"wp-block-heading\"><strong>Les enfants Rohingyas cherchant <\/strong><a href=\"https:\/\/www.humanium.org\/fr\/enfants-deplaces\/\"><strong>refuge<\/strong><\/a><strong> au<\/strong><strong> <\/strong><a href=\"about:blank\"><strong>Bangladesh<\/strong><\/a><\/h2>\n\n\n\n<p class=\"wp-block-paragraph\">Les Rohingyas ont \u00e9t\u00e9 forc\u00e9s de <a href=\"https:\/\/www.humanium.org\/fr\/enfants-deplaces\/\">fuir<\/a> vers des pays voisins d\u00e9j\u00e0 depuis la fin des ann\u00e9es 70 (Al Jazeera 2018). Cependant ce mouvement a \u00e9t\u00e9 aggrav\u00e9 \u00e0 cause du r\u00e9cent afflux de violence gouvernementale et des pers\u00e9cutions commises contre les Rohingyas.<\/p>\n\n\n\n<p class=\"wp-block-paragraph\">Plus de 70&nbsp;000 Rohingyas ont embarqu\u00e9 pour un voyage dangereux sur la mer dans lequel beaucoup ont perdu la vie y compris des enfants, dans le but de rejoindre le <a href=\"https:\/\/www.humanium.org\/fr\/bangladesh\/\">Bangladesh<\/a> (Save the Children, UNHCR Agence des Nations Unies pour les r\u00e9fugi\u00e9s 2022). La r\u00e9alit\u00e9 est que 55% des <a href=\"https:\/\/www.humanium.org\/fr\/enfants-deplaces\/\">r\u00e9fugi\u00e9s<\/a> Rohingyas sont des jeunes de moins de 18 ans et qu\u2019au <a href=\"https:\/\/www.humanium.org\/fr\/bangladesh\/\">Bangladesh<\/a> plus de 45000 <a href=\"https:\/\/www.humanium.org\/fr\/enfants-deplaces\/\">r\u00e9fugi\u00e9s<\/a> Rohingyas sont des enfants (UNHCR Agence des Nations Unies pour les r\u00e9fugi\u00e9s, Save the Children)<\/p>\n\n\n\n<blockquote class=\"wp-block-quote is-layout-flow wp-block-quote-is-layout-flow\">\n<p class=\"wp-block-paragraph\"><em>\u00ab&nbsp;Beaucoup <\/em><a href=\"https:\/\/www.humanium.org\/fr\/enfants-deplaces\/\"><em>de r\u00e9fugi\u00e9s<\/em><\/a><em> <\/em><em>d\u2019enfants Rohingyas au <\/em><a href=\"https:\/\/www.humanium.org\/fr\/bangladesh\/\"><em>Bangladesh<\/em><\/a><em> ont t\u00e9moign\u00e9 d\u2019atrocit\u00e9s dans le Myanmar, que des enfants ne devraient jamais voir ; et tous ont souffert de pertes terribles&nbsp;\u00bb.&nbsp;<\/em><\/p>\n<cite>&#8211; Anthony Lake, UNICEF, Ex\u00e9cutive Director UNICEF 2017<\/cite><\/blockquote>\n\n\n\n<p class=\"wp-block-paragraph\">Apr\u00e8s avoir atteint leur destination au <a href=\"https:\/\/www.humanium.org\/fr\/bangladesh\/\">Bangladesh<\/a> dans l\u2019espoir de trouver un lieu s\u00fbr, les Rohingyas et leurs enfants doivent encore faire face \u00e0 des difficult\u00e9s similaires \u00e0 celles rencontr\u00e9es au <a href=\"https:\/\/www.humanium.org\/fr\/myanmar\/\">Myanmar.<\/a> Les Rohingyas sont entass\u00e9s et plac\u00e9s dans des logements situ\u00e9s dans des camps de <a href=\"https:\/\/www.humanium.org\/fr\/enfants-deplaces\/\">r\u00e9fugi\u00e9s<\/a> qui sont fonci\u00e8rement <a href=\"https:\/\/www.humanium.org\/fr\/comprendre-droits-enfant\/droit-a-la-sante\/\">insalubres<\/a> (M\u00e9decins sans fronti\u00e8res, 2020).<\/p>\n\n\n\n<p class=\"wp-block-paragraph\">Cela a pour cons\u00e9quence que les Rohingyas sont plus expos\u00e9s aux <a href=\"https:\/\/www.humanium.org\/fr\/enfants-malades\/\">maladies et aux probl\u00e8mes de sant\u00e9<\/a> et place les enfants Rohingyas dans des situations particuli\u00e8rement <a href=\"https:\/\/www.humanium.org\/fr\/enfants-malades\/\">\u00e0 risques<\/a> (M\u00e9decins sans fronti\u00e8res 2020, UNHCR Agence des Nations Unies pour les r\u00e9fugi\u00e9s 2022). Pour aggraver les choses, des feux incontr\u00f4lables et les pr\u00e9cipitations importantes de la mousson rendent la situation dans ces camps insupportable et tr\u00e8s hasardeuse (The Guardian 2022, UNHCR Agence des Nations Unis pour les r\u00e9fugi\u00e9s 2022).<\/p>\n\n\n\n<p class=\"wp-block-paragraph\">De plus, les enfants Rohingyas ne sont pas recens\u00e9s quand ils naissent dans des camps de <a href=\"https:\/\/www.humanium.org\/fr\/enfants-deplaces\/\">r\u00e9fugi\u00e9s<\/a> et on ne leur fournit pas une identit\u00e9 l\u00e9gale ou le statut de <a href=\"https:\/\/www.humanium.org\/fr\/enfants-deplaces\/\">r\u00e9fugi\u00e9s<\/a> (UNICEF 2019). Ce manque constant d\u2019identification emp\u00eache l\u2019octroi des <a href=\"https:\/\/www.humanium.org\/fr\/comprendre-droits-enfant\/\">droits de l\u2019Homme fondamentaux<\/a> aux enfants Rohingyas, comme l\u2019acc\u00e8s \u00e0 <a href=\"https:\/\/www.humanium.org\/fr\/comprendre-droits-enfant\/droit-a-l-education\/\">l\u2019\u00e9ducation<\/a> et aux services <a href=\"https:\/\/www.humanium.org\/fr\/comprendre-droits-enfant\/droit-a-la-sante\/\">de sant\u00e9.<\/a><\/p>\n\n\n\n<p class=\"wp-block-paragraph\">En outre, la police du <a href=\"https:\/\/www.humanium.org\/fr\/bangladesh\/\">Bangladesh<\/a> vise et commet des <a href=\"https:\/\/www.humanium.org\/fr\/enfants-dans-la-guerre\/\">assauts<\/a>, des extorsions ou des <a href=\"https:\/\/www.humanium.org\/fr\/enfants-dans-la-guerre\/\">arrestations arbitraires<\/a> et du harc\u00e8lement \u00e0 l\u2019encontre des <a href=\"https:\/\/www.humanium.org\/fr\/enfants-deplaces\/\">r\u00e9fugi\u00e9s<\/a> Rohingyas (Human Rights Watch 2023) ce qui va de pair avec l\u2019incapacit\u00e9 du <a href=\"https:\/\/www.humanium.org\/fr\/bangladesh\/\">Bangladesh<\/a> \u00e0 g\u00e9rer la crise des <a href=\"https:\/\/www.humanium.org\/fr\/enfants-deplaces\/\">r\u00e9fugi\u00e9s<\/a> et sa politique hostile favorisant le rapatriement de <a href=\"https:\/\/www.humanium.org\/fr\/enfants-deplaces\/\">r\u00e9fugi\u00e9s<\/a> Rohingyas au <a href=\"https:\/\/www.humanium.org\/fr\/myanmar\/\">Myanmar<\/a> (Al Jazeera 2022).<\/p>\n\n\n\n<h2 class=\"wp-block-heading\"><strong>Un appel international \u00e0 l\u2019action<\/strong><\/h2>\n\n\n\n<p class=\"wp-block-paragraph\">Les pers\u00e9cutions constantes et les <a href=\"https:\/\/www.humanium.org\/fr\/droit-non-discrimination\/\">discriminations<\/a> dont souffrent les Rohingyas et leurs enfants, menant \u00e0 des actes r\u00e9pertori\u00e9s de <a href=\"https:\/\/www.humanium.org\/fr\/violences\/\">violence<\/a> et le nombre alarmant <a href=\"https:\/\/www.humanium.org\/fr\/mortalite-infantile\/\">de d\u00e9c\u00e8s d\u2019enfants<\/a> avec la crise actuelle des <a href=\"https:\/\/www.humanium.org\/fr\/enfants-deplaces\/\">r\u00e9fugi\u00e9s<\/a> place le peuple Rohingya et l\u2019un de ses groupes les plus vuln\u00e9rables, ses enfants, dans une situation appelant \u00e0 des actions et des solutions imm\u00e9diates.<\/p>\n\n\n\n<p class=\"wp-block-paragraph\">Pour cette raison, Humanium appelle en premier lieu le gouvernement du <a href=\"https:\/\/www.humanium.org\/fr\/myanmar\/\">Myanmar<\/a> \u00e0 prioriser l\u2019amendement imm\u00e9diat de sa loi <a href=\"https:\/\/www.humanium.org\/fr\/droit-non-discrimination\/\">discriminatoire<\/a> de 1982 sur la citoyennet\u00e9, dans le but de fournir au final l\u2019\u00e9gal acc\u00e8s des Rohingyas \u00e0 la citoyennet\u00e9 du <a href=\"https:\/\/www.humanium.org\/fr\/myanmar\/\">Myanmar<\/a> et de s\u2019assurer de la <a href=\"https:\/\/www.humanium.org\/fr\/enfants-dans-la-guerre\/\">s\u00e9curit\u00e9<\/a> des Rohingyas envers les forces de s\u00e9curit\u00e9 abusives et d\u2019autres groupes (Human Rights Watch 2022).<\/p>\n\n\n\n<p class=\"wp-block-paragraph\">Pour le sort des Rohingyas et leurs enfants faisant actuellement face au durcissement des conditions de vie au <a href=\"https:\/\/www.humanium.org\/fr\/bangladesh\/\">Bangladesh<\/a>, Humanium appelle le gouvernement de ce pays \u00e0 prendre ses responsabilit\u00e9s concernant les droits de l\u2019Homme, et \u00e0 s\u2019assurer que les droits de chacun dans sa juridiction, incluant <a href=\"https:\/\/www.humanium.org\/fr\/enfants-deplaces\/\">les r\u00e9fugi\u00e9s<\/a>, soient prot\u00e9g\u00e9s et \u00e0 enqu\u00eater sur les accusations d\u2019abus par les forces de s\u00e9curit\u00e9 gouvernementales et obtenir de ceux qui sont responsables de rendre des comptes (Human Rights Watch, 2023).<\/p>\n\n\n\n<figure class=\"wp-block-image size-large\"><img loading=\"lazy\" decoding=\"async\" width=\"1024\" height=\"683\" src=\"https:\/\/www.humanium.org\/fr\/wp-content\/uploads\/2023\/04\/shutterstock_346573742-1024x683.jpg\" alt=\"\" class=\"wp-image-54883\" srcset=\"https:\/\/www.humanium.org\/fr\/wp-content\/uploads\/2023\/04\/shutterstock_346573742-1024x683.jpg 1024w, https:\/\/www.humanium.org\/fr\/wp-content\/uploads\/2023\/04\/shutterstock_346573742-300x200.jpg 300w, https:\/\/www.humanium.org\/fr\/wp-content\/uploads\/2023\/04\/shutterstock_346573742-768x512.jpg 768w, https:\/\/www.humanium.org\/fr\/wp-content\/uploads\/2023\/04\/shutterstock_346573742-1536x1024.jpg 1536w, https:\/\/www.humanium.org\/fr\/wp-content\/uploads\/2023\/04\/shutterstock_346573742-2048x1365.jpg 2048w, https:\/\/www.humanium.org\/fr\/wp-content\/uploads\/2023\/04\/shutterstock_346573742-830x553.jpg 830w, https:\/\/www.humanium.org\/fr\/wp-content\/uploads\/2023\/04\/shutterstock_346573742-230x153.jpg 230w, https:\/\/www.humanium.org\/fr\/wp-content\/uploads\/2023\/04\/shutterstock_346573742-350x233.jpg 350w, https:\/\/www.humanium.org\/fr\/wp-content\/uploads\/2023\/04\/shutterstock_346573742-480x320.jpg 480w, https:\/\/www.humanium.org\/fr\/wp-content\/uploads\/2023\/04\/shutterstock_346573742-272x182.jpg 272w\" sizes=\"auto, (max-width: 1024px) 100vw, 1024px\" \/><\/figure>\n\n\n\n<p class=\"wp-block-paragraph\">Humanium reste impliqu\u00e9 dans la d\u00e9fense des droits fondamentaux des enfants dont le <a href=\"https:\/\/www.humanium.org\/fr\/comprendre-droits-enfant\/droit-a-la-vie\/\">droit \u00e0 la vie<\/a>, \u00e0 <a href=\"https:\/\/www.humanium.org\/fr\/comprendre-droits-enfant\/droit-a-l-education\/\">l\u2019\u00e9ducation<\/a> et \u00e0 la <a href=\"https:\/\/www.humanium.org\/fr\/comprendre-droits-enfant\/droit-a-la-sante\/\">sant\u00e9<\/a>. Si vous voulez contribuer \u00e0 la cause d\u2019Humanium, envisagez de faire un don, de devenir b\u00e9n\u00e9vole ou de devenir membre.<\/p>\n\n\n\n<p class=\"wp-block-paragraph\"><em><strong>Ecrit par Mo\u00efra Phu\u00f6ng Van de Po\u00ebl<\/strong><\/em><\/p>\n\n\n\n<p class=\"wp-block-paragraph\"><em><strong>Traduit par Louisa Bricard<\/strong><\/em><\/p>\n\n\n\n<p class=\"wp-block-paragraph\"><em><strong>Relu par Ania Beznia<\/strong><\/em><\/p>\n\n\n\n<h4 class=\"wp-block-heading\"><strong>Bibliographie:<\/strong><\/h4>\n\n\n\n<p class=\"has-small-font-size wp-block-paragraph\">Al Jazeera. (2018, April 18). Who are the Rohingya? &#8211; The more than one million Rohingya Muslims are described as the \u2018world\u2019s most persecuted minority\u2019. Retrieved from Al Jazeera at <a href=\"https:\/\/www.aljazeera.com\/features\/2018\/4\/18\/who-are-the-rohingya\" target=\"_blank\" rel=\"noreferrer noopener\">https:\/\/www.aljazeera.com\/features\/2018\/4\/18\/who-are-the-rohingya<\/a>, accessed in March 2023.<\/p>\n\n\n\n<p class=\"has-small-font-size wp-block-paragraph\">Aljazeera. (2022, August 2017). Bangladesh tells UN that Rohingya refugees must return to Myanmar. Retrieved from Aljazeera at <a href=\"https:\/\/www.aljazeera.com\/news\/2022\/8\/17\/rohingya-refugees-have-to-be-taken-back-bangladesh-pm-says\" target=\"_blank\" rel=\"noreferrer noopener\">https:\/\/www.aljazeera.com\/news\/2022\/8\/17\/rohingya-refugees-have-to-be-taken-back-bangladesh-pm-says<\/a>, accessed in March 2023.<\/p>\n\n\n\n<p class=\"has-small-font-size wp-block-paragraph\">Allard K. Lowenstein International Human Rights Clinic &#8211; Yale Law School. (2015, October). Persecution of the Rohingya Muslims: Is Genocide occuring in Myanmar&rsquo;s Rakhine State ? A legal analysis<em>.<\/em> Retrieved from Allard K. Lowenstein International Human Rights Clinic &#8211; Yale Law School at <a href=\"http:\/\/www.fortifyrights.org\/downloads\/Yale_Persecution_of_the_Rohingya_October_2015.pdf\" target=\"_blank\" rel=\"noreferrer noopener\">http:\/\/www.fortifyrights.org\/downloads\/Yale_Persecution_of_the_Rohingya_October_2015.pdf<\/a>, accessed in March 2023.<\/p>\n\n\n\n<p class=\"has-small-font-size wp-block-paragraph\">Encyclopeadia Britannica. (2023, March 5). Topic &#8211; Rohingya. Retrieved from Encyclopeadia Britannica at <a href=\"https:\/\/www.britannica.com\/topic\/Rohingya\" target=\"_blank\" rel=\"noreferrer noopener\">https:\/\/www.britannica.com\/topic\/Rohingya<\/a>, accessed in March 2023.<\/p>\n\n\n\n<p class=\"has-small-font-size wp-block-paragraph\">Human Rights Watch. (2013, April 22). All You Can Do is Pray: Crimes Against Humanity and Ethnic Cleansing of Rohingya Muslims in Burma\u2019s Arakan State. Retrieved from Human Rights Watch at <a href=\"https:\/\/www.hrw.org\/report\/2013\/04\/22\/all-you-can-do-pray\/crimes-against-humanity-and-ethnic-cleansing-rohingya-muslims\" target=\"_blank\" rel=\"noreferrer noopener\">https:\/\/www.hrw.org\/report\/2013\/04\/22\/all-you-can-do-pray\/crimes-against-humanity-and-ethnic-cleansing-rohingya-muslims<\/a>, accessed in March 2023.<\/p>\n\n\n\n<p class=\"has-small-font-size wp-block-paragraph\">Human Rights Watch. (2023, January 17). Bangladesh: Rampant Police Abuse of Rohingya Refugees. Retrieved from Human Rights Watch at <a href=\"https:\/\/www.hrw.org\/news\/2023\/01\/17\/bangladesh-rampant-police-abuse-rohingya-refugees\" target=\"_blank\" rel=\"noreferrer noopener\">https:\/\/www.hrw.org\/news\/2023\/01\/17\/bangladesh-rampant-police-abuse-rohingya-refugees<\/a>, accessed in March 2023.<\/p>\n\n\n\n<p class=\"has-small-font-size wp-block-paragraph\">Human Rights Watch. (2000, May). Historical Background of Burma. Retrieved from Human Rights Watch at <a href=\"https:\/\/www.hrw.org\/reports\/2000\/burma\/burm005-01.htm\" target=\"_blank\" rel=\"noreferrer noopener\">https:\/\/www.hrw.org\/reports\/2000\/burma\/burm005-01.htm<\/a>, accessed in March 2023.<\/p>\n\n\n\n<p class=\"has-small-font-size wp-block-paragraph\">Human Rights Watch. (2022, August 19). Myanmar: Crimes Against Rohingya Go Unpunished. Retrieved from Human Rights Watch at <a href=\"https:\/\/www.hrw.org\/news\/2019\/08\/22\/myanmar-crimes-against-rohingya-go-unpunished\" target=\"_blank\" rel=\"noreferrer noopener\">https:\/\/www.hrw.org\/news\/2019\/08\/22\/myanmar-crimes-against-rohingya-go-unpunished<\/a>, accessed in March 2023.<\/p>\n\n\n\n<p class=\"has-small-font-size wp-block-paragraph\">Human Rights Watch. (2022, August 24). Myanmar: No Justice, No Freedom for Rohingya 5 Years On. Retrieved from Human Rights Watch at <a href=\"https:\/\/www.hrw.org\/news\/2022\/08\/24\/myanmar-no-justice-no-freedom-rohingya-5-years#:~:text=Rohingya%20are%20effectively%20denied%20citizenship,repression%2C%20discrimination%2C%20and%20violence\" target=\"_blank\" rel=\"noreferrer noopener\">https:\/\/www.hrw.org\/news\/2022\/08\/24\/myanmar-no-justice-no-freedom-rohingya-5-years#:~:text=Rohingya%20are%20effectively%20denied%20citizenship,repression%2C%20discrimination%2C%20and%20violence<\/a>, accessed in March 2023.<\/p>\n\n\n\n<p class=\"has-small-font-size wp-block-paragraph\">Kipgen, N. (2011, May 14). Journal Article &#8211; Political Change in Burma: Transition from Democracy to Military Dictatorship (1948-62). Retrieved from JSTOR at <a href=\"https:\/\/www.jstor.org\/stable\/23018213\" target=\"_blank\" rel=\"noreferrer noopener\">https:\/\/www.jstor.org\/stable\/23018213<\/a>, accessed in March 2023.<\/p>\n\n\n\n<p class=\"has-small-font-size wp-block-paragraph\">M\u00e9decins Sans Fronti\u00e8res. (2017, December 12). MSF surveys estimate that at least 6,700 Rohingya were killed during the attacks in Myanmar. Retrieved from M\u00e9decins Sans Fronti\u00e8res at <a href=\"https:\/\/www.msf.org\/myanmarbangladesh-msf-surveys-estimate-least-6700-rohingya-were-killed-during-attacks-myanmar\" target=\"_blank\" rel=\"noreferrer noopener\">https:\/\/www.msf.org\/myanmarbangladesh-msf-surveys-estimate-least-6700-rohingya-were-killed-during-attacks-myanmar<\/a>, accessed in March 2023.<\/p>\n\n\n\n<p class=\"has-small-font-size wp-block-paragraph\">M\u00e9decins Sans Fronti\u00e8res. (2020, August 25). Rohingya refugees remain in limbo three years after mass exodus. Retrieved from M\u00e9decins Sans Fronti\u00e8res at <a href=\"https:\/\/www.msf.org\/rohingya-bangladesh-remain-limbo-three-years\" target=\"_blank\" rel=\"noreferrer noopener\">https:\/\/www.msf.org\/rohingya-bangladesh-remain-limbo-three-years<\/a>, accessed in March 2023.<\/p>\n\n\n\n<p class=\"has-small-font-size wp-block-paragraph\">M\u00e9decins Sans Fronti\u00e8res. (2022, August 22). Stories from Patients and Staff &#8211; What is Stateless? Retrieved from M\u00e9decins Sans Fronti\u00e8res at <a href=\"https:\/\/msf.org.au\/article\/stories-patients-staff\/what-statelessness\" target=\"_blank\" rel=\"noreferrer noopener\">https:\/\/msf.org.au\/article\/stories-patients-staff\/what-statelessness<\/a>, accessed in March 2023.<\/p>\n\n\n\n<p class=\"has-small-font-size wp-block-paragraph\">M\u00e9decins sans Fronti\u00e8res. (2018, March 15). What is the Rohingya refugee crisis? Retrieved from M\u00e9decins sans Fronti\u00e8res at <a href=\"https:\/\/www.doctorswithoutborders.org\/what-we-do\/focus\/rohingya-refugee-crisis\" target=\"_blank\" rel=\"noreferrer noopener\">https:\/\/www.doctorswithoutborders.org\/what-we-do\/focus\/rohingya-refugee-crisis<\/a>, accessed in March 2023.<\/p>\n\n\n\n<p class=\"has-small-font-size wp-block-paragraph\">National Geographic. (2019, February 9). Who are the Rohingya people? Retrieved from National Geographic at <a href=\"https:\/\/www.nationalgeographic.com\/culture\/article\/rohingya-people\" target=\"_blank\" rel=\"noreferrer noopener\">https:\/\/www.nationalgeographic.com\/culture\/article\/rohingya-people<\/a>, accessed in March 2023.<\/p>\n\n\n\n<p class=\"has-small-font-size wp-block-paragraph\">Save the Children. (n.d.). Emergency Response &#8211; The Rohingya Crisis: Explained. Retrieved from Save the Children at <a href=\"https:\/\/www.savethechildren.org\/us\/what-we-do\/emergency-response\/rohingya-crisis#start\" target=\"_blank\" rel=\"noreferrer noopener\">https:\/\/www.savethechildren.org\/us\/what-we-do\/emergency-response\/rohingya-crisis#start<\/a>, accessed in March 2023.<\/p>\n\n\n\n<p class=\"has-small-font-size wp-block-paragraph\">Save the Children. (2021, June 17). Stranded, Stateless, Detained: New report reveals 700,000 Rohingya children are denied basic rights accross Asia. Retrieved from Save the Children at <a href=\"https:\/\/www.savethechildren.net\/news\/stranded-stateless-detained-new-report-reveals-700000-rohingya-children-are-denied-basic-rights\" target=\"_blank\" rel=\"noreferrer noopener\">https:\/\/www.savethechildren.net\/news\/stranded-stateless-detained-new-report-reveals-700000-rohingya-children-are-denied-basic-rights<\/a>, accessed in March 2023.<\/p>\n\n\n\n<p class=\"has-small-font-size wp-block-paragraph\">The Guardian. (2017, September 6). Who are the Rohingya and what is happening in Myanmar? Retrieved from The Guardian at <a href=\"https:\/\/www.theguardian.com\/global-development\/2017\/sep\/06\/who-are-the-rohingya-and-what-is-happening-in-myanmar\" target=\"_blank\" rel=\"noreferrer noopener\">https:\/\/www.theguardian.com\/global-development\/2017\/sep\/06\/who-are-the-rohingya-and-what-is-happening-in-myanmar<\/a>, accessed in March 2023.<\/p>\n\n\n\n<p class=\"has-small-font-size wp-block-paragraph\">The Guardian. (2022, August 23). \u2018Like an open prison\u2019: a million Rohingya refugees still in Bangladesh camps five years after crisis. Retrieved from The Guardian at <a href=\"https:\/\/www.theguardian.com\/global-development\/2022\/aug\/23\/five-years-rohingya-refugees-2017-bangladesh-myanmar-military-crackdown\" target=\"_blank\" rel=\"noreferrer noopener\">https:\/\/www.theguardian.com\/global-development\/2022\/aug\/23\/five-years-rohingya-refugees-2017-bangladesh-myanmar-military-crackdown<\/a>, accessed in March 2023.<\/p>\n\n\n\n<p class=\"has-small-font-size wp-block-paragraph\">UN News. (2019, February 27). Migrants and Refugees &#8211; Stateless Rohingya refugee children living in \u2018untenable situation\u2019. Retrieved from UN News at <a href=\"https:\/\/news.un.org\/en\/story\/2019\/02\/1033722\" target=\"_blank\" rel=\"noreferrer noopener\">https:\/\/news.un.org\/en\/story\/2019\/02\/1033722<\/a>, accessed in March 2023.<\/p>\n\n\n\n<p class=\"has-small-font-size wp-block-paragraph\">UNCHR &#8211; The UN Refugee Agency. (2022, July 13). Rohingya Refugee Crisis Explained. Retrieved from UNCHR &#8211; The UN Refugee Agency at <a href=\"https:\/\/www.unrefugees.org\/news\/rohingya-refugee-crisis-explained\/#Fires\" target=\"_blank\" rel=\"noreferrer noopener\">https:\/\/www.unrefugees.org\/news\/rohingya-refugee-crisis-explained\/#Fires<\/a>, accessed in March 2023.<\/p>\n\n\n\n<p class=\"has-small-font-size wp-block-paragraph\">UNHCR &#8211; The UN Refugee Agency. (n.d.). News &#8211; Rohingya children: a generation at risk. Retrieved from UNHCR &#8211; The UN Refugee Agency at <a href=\"https:\/\/www.unrefugees.org\/news\/rohingya-children-a-generation-at-risk\/\" target=\"_blank\" rel=\"noreferrer noopener\">https:\/\/www.unrefugees.org\/news\/rohingya-children-a-generation-at-risk\/<\/a>, accessed in March 2023.<\/p>\n\n\n\n<p class=\"has-small-font-size wp-block-paragraph\">UNHCR &#8211; The UN Refugee Agency. (2022, August 25). News Stories &#8211; Stateless Rohingya continue to struggle for survival in Myanmar. Retrieved from UNHCR &#8211; The UN Refugee Agency at <a href=\"https:\/\/www.unhcr.org\/news\/stories\/2022\/8\/630780aa4\/stateless-rohingya-continue-struggle-survival-myanmar.html\" target=\"_blank\" rel=\"noreferrer noopener\">https:\/\/www.unhcr.org\/news\/stories\/2022\/8\/630780aa4\/stateless-rohingya-continue-struggle-survival-myanmar.html<\/a>, accessed in March 2023.<\/p>\n\n\n\n<p class=\"has-small-font-size wp-block-paragraph\">UNHCR &#8211; The UN Refugee Agency. (2022, May 23). UNHCR shocked at Rohingya deaths in boat tragedy off Myanmar coast. Retrieved from UNHCR &#8211; The UN Refugee Agency at <a href=\"https:\/\/www.unhcr.org\/news\/press\/2022\/5\/628b77184\/unhcr-shocked-rohingya-deaths-boat-tragedy-myanmar-coast.html\" target=\"_blank\" rel=\"noreferrer noopener\">https:\/\/www.unhcr.org\/news\/press\/2022\/5\/628b77184\/unhcr-shocked-rohingya-deaths-boat-tragedy-myanmar-coast.html<\/a>, accessed in March 2023.<\/p>\n\n\n\n<p class=\"has-small-font-size wp-block-paragraph\">UNICEF. (2019, February 27). 18 months after exodus from Myanmar, Rohingya children at a crossroads. Retrieved from UNICEF at <a href=\"https:\/\/www.unicef.org\/rosa\/press-releases\/18-months-after-exodus-myanmar-rohingya-children-crossroads\" target=\"_blank\" rel=\"noreferrer noopener\">https:\/\/www.unicef.org\/rosa\/press-releases\/18-months-after-exodus-myanmar-rohingya-children-crossroads<\/a>, accessed in March 2023.<\/p>\n\n\n\n<p class=\"has-small-font-size wp-block-paragraph\">UNICEF. (2017, October 20). Press release &#8211; Violence in Myanmar driving up to 12,000 Rohingya refugee children into Bangladesh every week. Retrieved from UNICEF at <a href=\"https:\/\/www.unicef.org\/press-releases\/violence-myanmar-driving-12000-rohingya-refugee-children-bangladesh-every-week\" target=\"_blank\" rel=\"noreferrer noopener\">https:\/\/www.unicef.org\/press-releases\/violence-myanmar-driving-12000-rohingya-refugee-children-bangladesh-every-week<\/a>, accessed in March 2023.<\/p>\n\n\n\n<p class=\"has-small-font-size wp-block-paragraph\">United Nations Office of the High Commissioner. (2022, June 29). Myanmar: Crisis taking an enormous toll on children, UN committee warns. Retrieved from United Nations Office of the High Commissioner at <a href=\"https:\/\/www.ohchr.org\/en\/statements\/2022\/06\/myanmar-crisis-taking-enormous-toll-children-un-committee-warns\" target=\"_blank\" rel=\"noreferrer noopener\">https:\/\/www.ohchr.org\/en\/statements\/2022\/06\/myanmar-crisis-taking-enormous-toll-children-un-committee-warns<\/a>, accessed in March 2023.<\/p>\n\n\n\n<p class=\"has-small-font-size wp-block-paragraph\">United Nations Office of the High Commissionner. (2019, September 16). Press release &#8211; Myanmar\u2019s Rohingya Persecuted, Living under Threat of Genocide, UN Experts Say. Retrieved from United Nations Office of the High Commissionner at <a href=\"https:\/\/www.ohchr.org\/en\/press-releases\/2019\/09\/myanmars-rohingya-persecuted-living-under-threat-genocide-un-experts-say?LangID=E&amp;NewsID=24991\" target=\"_blank\" rel=\"noreferrer noopener\">https:\/\/www.ohchr.org\/en\/press-releases\/2019\/09\/myanmars-rohingya-persecuted-living-under-threat-genocide-un-experts-say?LangID=E&amp;NewsID=24991<\/a>, accessed in March 2023.<\/p>\n","protected":false},"excerpt":{"rendered":"<p>Les Rohingyas sont parmi les minorit\u00e9s les plus pers\u00e9cut\u00e9es dans le monde. Une discrimination de longue date et l\u2019escalade de brutalit\u00e9 au Myanmar a priv\u00e9 les Rohingyas du droit \u00e0 une vie humaine et s\u00fbre pour des d\u00e9cennies. Ceux qui sont extr\u00eamement vuln\u00e9rables \u00e0 de tels abus sont plus pr\u00e9cis\u00e9ment les enfants de ce groupe [&hellip;]<\/p>\n","protected":false},"author":69,"featured_media":54886,"comment_status":"closed","ping_status":"closed","sticky":false,"template":"","format":"standard","meta":{"footnotes":""},"categories":[220,4,233,236,231,215,214],"tags":[],"class_list":["post-54881","post","type-post","status-publish","format-standard","has-post-thumbnail","hentry","category-droits-des-enfants","category-droits-humains","category-exploitation","category-migration","category-pauvrete","category-refugies","category-violence"],"yoast_head":"<!-- This site is optimized with the Yoast SEO plugin v28.3 - https:\/\/yoast.com\/product\/yoast-seo-wordpress\/ -->\n<title>Les souffrances des Rohingyas\u00a0: des milliers d\u2019enfants en danger au Myanmar et au Bangladesh - Humanium<\/title>\n<meta name=\"description\" content=\"Les Rohingyas font partie des minorit\u00e9s les plus pers\u00e9cut\u00e9es au monde et les enfants souffrent de cons\u00e9quences dues \u00e0 leur statut d&#039;apatride.\" \/>\n<meta name=\"robots\" content=\"index, follow, max-snippet:-1, max-image-preview:large, max-video-preview:-1\" \/>\n<link rel=\"canonical\" href=\"https:\/\/www.humanium.org\/fr\/les-souffrances-des-rohingyas-des-milliers-denfants-en-danger-au-myanmar-et-au-bangladesh\/\" \/>\n<meta property=\"og:locale\" content=\"fr_FR\" \/>\n<meta property=\"og:type\" content=\"article\" \/>\n<meta property=\"og:title\" content=\"Les souffrances des Rohingyas\u00a0: des milliers d\u2019enfants en danger au Myanmar et au Bangladesh - Humanium\" \/>\n<meta property=\"og:description\" content=\"Les Rohingyas font partie des minorit\u00e9s les plus pers\u00e9cut\u00e9es au monde et les enfants souffrent de cons\u00e9quences dues \u00e0 leur statut d&#039;apatride.\" \/>\n<meta property=\"og:url\" content=\"https:\/\/www.humanium.org\/fr\/les-souffrances-des-rohingyas-des-milliers-denfants-en-danger-au-myanmar-et-au-bangladesh\/\" \/>\n<meta property=\"og:site_name\" content=\"Humanium\" \/>\n<meta property=\"article:published_time\" content=\"2023-04-25T07:03:29+00:00\" \/>\n<meta property=\"article:modified_time\" content=\"2026-08-21T03:19:35+00:00\" \/>\n<meta property=\"og:image\" content=\"https:\/\/www.humanium.org\/fr\/wp-content\/uploads\/2023\/04\/shutterstock_1760765573-scaled.jpg\" \/>\n\t<meta property=\"og:image:width\" content=\"2560\" \/>\n\t<meta property=\"og:image:height\" content=\"1709\" \/>\n\t<meta property=\"og:image:type\" content=\"image\/jpeg\" \/>\n<meta name=\"author\" content=\"Humanium\" \/>\n<meta name=\"twitter:card\" content=\"summary_large_image\" \/>\n<meta name=\"twitter:label1\" content=\"\u00c9crit par\" \/>\n\t<meta name=\"twitter:data1\" content=\"Humanium\" \/>\n\t<meta name=\"twitter:label2\" content=\"Dur\u00e9e de lecture estim\u00e9e\" \/>\n\t<meta name=\"twitter:data2\" content=\"14 minutes\" \/>\n<script type=\"application\/ld+json\" class=\"yoast-schema-graph\">{\"@context\":\"https:\\\/\\\/schema.org\",\"@graph\":[{\"@type\":\"Article\",\"@id\":\"https:\\\/\\\/www.humanium.org\\\/fr\\\/les-souffrances-des-rohingyas-des-milliers-denfants-en-danger-au-myanmar-et-au-bangladesh\\\/#article\",\"isPartOf\":{\"@id\":\"https:\\\/\\\/www.humanium.org\\\/fr\\\/les-souffrances-des-rohingyas-des-milliers-denfants-en-danger-au-myanmar-et-au-bangladesh\\\/\"},\"author\":{\"name\":\"Humanium\",\"@id\":\"https:\\\/\\\/www.humanium.org\\\/fr\\\/#\\\/schema\\\/person\\\/d798d6c7d59ba2307e0877f61a20ce3e\"},\"headline\":\"Les souffrances des Rohingyas\u00a0: des milliers d\u2019enfants en danger au Myanmar et au Bangladesh\",\"datePublished\":\"2023-04-25T07:03:29+00:00\",\"dateModified\":\"2026-08-21T03:19:35+00:00\",\"mainEntityOfPage\":{\"@id\":\"https:\\\/\\\/www.humanium.org\\\/fr\\\/les-souffrances-des-rohingyas-des-milliers-denfants-en-danger-au-myanmar-et-au-bangladesh\\\/\"},\"wordCount\":2799,\"image\":{\"@id\":\"https:\\\/\\\/www.humanium.org\\\/fr\\\/les-souffrances-des-rohingyas-des-milliers-denfants-en-danger-au-myanmar-et-au-bangladesh\\\/#primaryimage\"},\"thumbnailUrl\":\"https:\\\/\\\/www.humanium.org\\\/fr\\\/wp-content\\\/uploads\\\/2023\\\/04\\\/shutterstock_1760765573-scaled.jpg\",\"articleSection\":[\"Droits des enfants\",\"Droits humains\",\"Exploitation\",\"Migration\",\"Pauvret\u00e9\",\"R\u00e9fugi\u00e9s\",\"violence\"],\"inLanguage\":\"fr-FR\"},{\"@type\":\"WebPage\",\"@id\":\"https:\\\/\\\/www.humanium.org\\\/fr\\\/les-souffrances-des-rohingyas-des-milliers-denfants-en-danger-au-myanmar-et-au-bangladesh\\\/\",\"url\":\"https:\\\/\\\/www.humanium.org\\\/fr\\\/les-souffrances-des-rohingyas-des-milliers-denfants-en-danger-au-myanmar-et-au-bangladesh\\\/\",\"name\":\"Les souffrances des Rohingyas\u00a0: des milliers d\u2019enfants en danger au Myanmar et au Bangladesh - Humanium\",\"isPartOf\":{\"@id\":\"https:\\\/\\\/www.humanium.org\\\/fr\\\/#website\"},\"primaryImageOfPage\":{\"@id\":\"https:\\\/\\\/www.humanium.org\\\/fr\\\/les-souffrances-des-rohingyas-des-milliers-denfants-en-danger-au-myanmar-et-au-bangladesh\\\/#primaryimage\"},\"image\":{\"@id\":\"https:\\\/\\\/www.humanium.org\\\/fr\\\/les-souffrances-des-rohingyas-des-milliers-denfants-en-danger-au-myanmar-et-au-bangladesh\\\/#primaryimage\"},\"thumbnailUrl\":\"https:\\\/\\\/www.humanium.org\\\/fr\\\/wp-content\\\/uploads\\\/2023\\\/04\\\/shutterstock_1760765573-scaled.jpg\",\"datePublished\":\"2023-04-25T07:03:29+00:00\",\"dateModified\":\"2026-08-21T03:19:35+00:00\",\"author\":{\"@id\":\"https:\\\/\\\/www.humanium.org\\\/fr\\\/#\\\/schema\\\/person\\\/d798d6c7d59ba2307e0877f61a20ce3e\"},\"description\":\"Les Rohingyas font partie des minorit\u00e9s les plus pers\u00e9cut\u00e9es au monde et les enfants souffrent de cons\u00e9quences dues \u00e0 leur statut d'apatride.\",\"breadcrumb\":{\"@id\":\"https:\\\/\\\/www.humanium.org\\\/fr\\\/les-souffrances-des-rohingyas-des-milliers-denfants-en-danger-au-myanmar-et-au-bangladesh\\\/#breadcrumb\"},\"inLanguage\":\"fr-FR\",\"potentialAction\":[{\"@type\":\"ReadAction\",\"target\":[\"https:\\\/\\\/www.humanium.org\\\/fr\\\/les-souffrances-des-rohingyas-des-milliers-denfants-en-danger-au-myanmar-et-au-bangladesh\\\/\"]}]},{\"@type\":\"ImageObject\",\"inLanguage\":\"fr-FR\",\"@id\":\"https:\\\/\\\/www.humanium.org\\\/fr\\\/les-souffrances-des-rohingyas-des-milliers-denfants-en-danger-au-myanmar-et-au-bangladesh\\\/#primaryimage\",\"url\":\"https:\\\/\\\/www.humanium.org\\\/fr\\\/wp-content\\\/uploads\\\/2023\\\/04\\\/shutterstock_1760765573-scaled.jpg\",\"contentUrl\":\"https:\\\/\\\/www.humanium.org\\\/fr\\\/wp-content\\\/uploads\\\/2023\\\/04\\\/shutterstock_1760765573-scaled.jpg\",\"width\":2560,\"height\":1709},{\"@type\":\"BreadcrumbList\",\"@id\":\"https:\\\/\\\/www.humanium.org\\\/fr\\\/les-souffrances-des-rohingyas-des-milliers-denfants-en-danger-au-myanmar-et-au-bangladesh\\\/#breadcrumb\",\"itemListElement\":[{\"@type\":\"ListItem\",\"position\":1,\"name\":\"Home\",\"item\":\"https:\\\/\\\/www.humanium.org\\\/fr\\\/\"},{\"@type\":\"ListItem\",\"position\":2,\"name\":\"Les souffrances des Rohingyas\u00a0: des milliers d\u2019enfants en danger au Myanmar et au Bangladesh\"}]},{\"@type\":\"WebSite\",\"@id\":\"https:\\\/\\\/www.humanium.org\\\/fr\\\/#website\",\"url\":\"https:\\\/\\\/www.humanium.org\\\/fr\\\/\",\"name\":\"Humanium\",\"description\":\"Les enfants d\u2019abord !\",\"potentialAction\":[{\"@type\":\"SearchAction\",\"target\":{\"@type\":\"EntryPoint\",\"urlTemplate\":\"https:\\\/\\\/www.humanium.org\\\/fr\\\/?s={search_term_string}\"},\"query-input\":{\"@type\":\"PropertyValueSpecification\",\"valueRequired\":true,\"valueName\":\"search_term_string\"}}],\"inLanguage\":\"fr-FR\"},{\"@type\":\"Person\",\"@id\":\"https:\\\/\\\/www.humanium.org\\\/fr\\\/#\\\/schema\\\/person\\\/d798d6c7d59ba2307e0877f61a20ce3e\",\"name\":\"Humanium\",\"image\":{\"@type\":\"ImageObject\",\"inLanguage\":\"fr-FR\",\"@id\":\"https:\\\/\\\/secure.gravatar.com\\\/avatar\\\/22715e338d2fcc547e3a431c4738360d33fea2a4af458f865b2c3b22f1eaa51f?s=96&d=mm&r=g\",\"url\":\"https:\\\/\\\/secure.gravatar.com\\\/avatar\\\/22715e338d2fcc547e3a431c4738360d33fea2a4af458f865b2c3b22f1eaa51f?s=96&d=mm&r=g\",\"contentUrl\":\"https:\\\/\\\/secure.gravatar.com\\\/avatar\\\/22715e338d2fcc547e3a431c4738360d33fea2a4af458f865b2c3b22f1eaa51f?s=96&d=mm&r=g\",\"caption\":\"Humanium\"},\"url\":\"https:\\\/\\\/www.humanium.org\\\/fr\\\/author\\\/humanium\\\/\"}]}<\/script>\n<!-- \/ Yoast SEO plugin. -->","yoast_head_json":{"title":"Les souffrances des Rohingyas\u00a0: des milliers d\u2019enfants en danger au Myanmar et au Bangladesh - Humanium","description":"Les Rohingyas font partie des minorit\u00e9s les plus pers\u00e9cut\u00e9es au monde et les enfants souffrent de cons\u00e9quences dues \u00e0 leur statut d'apatride.","robots":{"index":"index","follow":"follow","max-snippet":"max-snippet:-1","max-image-preview":"max-image-preview:large","max-video-preview":"max-video-preview:-1"},"canonical":"https:\/\/www.humanium.org\/fr\/les-souffrances-des-rohingyas-des-milliers-denfants-en-danger-au-myanmar-et-au-bangladesh\/","og_locale":"fr_FR","og_type":"article","og_title":"Les souffrances des Rohingyas\u00a0: des milliers d\u2019enfants en danger au Myanmar et au Bangladesh - Humanium","og_description":"Les Rohingyas font partie des minorit\u00e9s les plus pers\u00e9cut\u00e9es au monde et les enfants souffrent de cons\u00e9quences dues \u00e0 leur statut d'apatride.","og_url":"https:\/\/www.humanium.org\/fr\/les-souffrances-des-rohingyas-des-milliers-denfants-en-danger-au-myanmar-et-au-bangladesh\/","og_site_name":"Humanium","article_published_time":"2023-04-25T07:03:29+00:00","article_modified_time":"2026-08-21T03:19:35+00:00","og_image":[{"width":2560,"height":1709,"url":"https:\/\/www.humanium.org\/fr\/wp-content\/uploads\/2023\/04\/shutterstock_1760765573-scaled.jpg","type":"image\/jpeg"}],"author":"Humanium","twitter_card":"summary_large_image","twitter_misc":{"\u00c9crit par":"Humanium","Dur\u00e9e de lecture estim\u00e9e":"14 minutes"},"schema":{"@context":"https:\/\/schema.org","@graph":[{"@type":"Article","@id":"https:\/\/www.humanium.org\/fr\/les-souffrances-des-rohingyas-des-milliers-denfants-en-danger-au-myanmar-et-au-bangladesh\/#article","isPartOf":{"@id":"https:\/\/www.humanium.org\/fr\/les-souffrances-des-rohingyas-des-milliers-denfants-en-danger-au-myanmar-et-au-bangladesh\/"},"author":{"name":"Humanium","@id":"https:\/\/www.humanium.org\/fr\/#\/schema\/person\/d798d6c7d59ba2307e0877f61a20ce3e"},"headline":"Les souffrances des Rohingyas\u00a0: des milliers d\u2019enfants en danger au Myanmar et au Bangladesh","datePublished":"2023-04-25T07:03:29+00:00","dateModified":"2026-08-21T03:19:35+00:00","mainEntityOfPage":{"@id":"https:\/\/www.humanium.org\/fr\/les-souffrances-des-rohingyas-des-milliers-denfants-en-danger-au-myanmar-et-au-bangladesh\/"},"wordCount":2799,"image":{"@id":"https:\/\/www.humanium.org\/fr\/les-souffrances-des-rohingyas-des-milliers-denfants-en-danger-au-myanmar-et-au-bangladesh\/#primaryimage"},"thumbnailUrl":"https:\/\/www.humanium.org\/fr\/wp-content\/uploads\/2023\/04\/shutterstock_1760765573-scaled.jpg","articleSection":["Droits des enfants","Droits humains","Exploitation","Migration","Pauvret\u00e9","R\u00e9fugi\u00e9s","violence"],"inLanguage":"fr-FR"},{"@type":"WebPage","@id":"https:\/\/www.humanium.org\/fr\/les-souffrances-des-rohingyas-des-milliers-denfants-en-danger-au-myanmar-et-au-bangladesh\/","url":"https:\/\/www.humanium.org\/fr\/les-souffrances-des-rohingyas-des-milliers-denfants-en-danger-au-myanmar-et-au-bangladesh\/","name":"Les souffrances des Rohingyas\u00a0: des milliers d\u2019enfants en danger au Myanmar et au Bangladesh - Humanium","isPartOf":{"@id":"https:\/\/www.humanium.org\/fr\/#website"},"primaryImageOfPage":{"@id":"https:\/\/www.humanium.org\/fr\/les-souffrances-des-rohingyas-des-milliers-denfants-en-danger-au-myanmar-et-au-bangladesh\/#primaryimage"},"image":{"@id":"https:\/\/www.humanium.org\/fr\/les-souffrances-des-rohingyas-des-milliers-denfants-en-danger-au-myanmar-et-au-bangladesh\/#primaryimage"},"thumbnailUrl":"https:\/\/www.humanium.org\/fr\/wp-content\/uploads\/2023\/04\/shutterstock_1760765573-scaled.jpg","datePublished":"2023-04-25T07:03:29+00:00","dateModified":"2026-08-21T03:19:35+00:00","author":{"@id":"https:\/\/www.humanium.org\/fr\/#\/schema\/person\/d798d6c7d59ba2307e0877f61a20ce3e"},"description":"Les Rohingyas font partie des minorit\u00e9s les plus pers\u00e9cut\u00e9es au monde et les enfants souffrent de cons\u00e9quences dues \u00e0 leur statut d'apatride.","breadcrumb":{"@id":"https:\/\/www.humanium.org\/fr\/les-souffrances-des-rohingyas-des-milliers-denfants-en-danger-au-myanmar-et-au-bangladesh\/#breadcrumb"},"inLanguage":"fr-FR","potentialAction":[{"@type":"ReadAction","target":["https:\/\/www.humanium.org\/fr\/les-souffrances-des-rohingyas-des-milliers-denfants-en-danger-au-myanmar-et-au-bangladesh\/"]}]},{"@type":"ImageObject","inLanguage":"fr-FR","@id":"https:\/\/www.humanium.org\/fr\/les-souffrances-des-rohingyas-des-milliers-denfants-en-danger-au-myanmar-et-au-bangladesh\/#primaryimage","url":"https:\/\/www.humanium.org\/fr\/wp-content\/uploads\/2023\/04\/shutterstock_1760765573-scaled.jpg","contentUrl":"https:\/\/www.humanium.org\/fr\/wp-content\/uploads\/2023\/04\/shutterstock_1760765573-scaled.jpg","width":2560,"height":1709},{"@type":"BreadcrumbList","@id":"https:\/\/www.humanium.org\/fr\/les-souffrances-des-rohingyas-des-milliers-denfants-en-danger-au-myanmar-et-au-bangladesh\/#breadcrumb","itemListElement":[{"@type":"ListItem","position":1,"name":"Home","item":"https:\/\/www.humanium.org\/fr\/"},{"@type":"ListItem","position":2,"name":"Les souffrances des Rohingyas\u00a0: des milliers d\u2019enfants en danger au Myanmar et au Bangladesh"}]},{"@type":"WebSite","@id":"https:\/\/www.humanium.org\/fr\/#website","url":"https:\/\/www.humanium.org\/fr\/","name":"Humanium","description":"Les enfants d\u2019abord !","potentialAction":[{"@type":"SearchAction","target":{"@type":"EntryPoint","urlTemplate":"https:\/\/www.humanium.org\/fr\/?s={search_term_string}"},"query-input":{"@type":"PropertyValueSpecification","valueRequired":true,"valueName":"search_term_string"}}],"inLanguage":"fr-FR"},{"@type":"Person","@id":"https:\/\/www.humanium.org\/fr\/#\/schema\/person\/d798d6c7d59ba2307e0877f61a20ce3e","name":"Humanium","image":{"@type":"ImageObject","inLanguage":"fr-FR","@id":"https:\/\/secure.gravatar.com\/avatar\/22715e338d2fcc547e3a431c4738360d33fea2a4af458f865b2c3b22f1eaa51f?s=96&d=mm&r=g","url":"https:\/\/secure.gravatar.com\/avatar\/22715e338d2fcc547e3a431c4738360d33fea2a4af458f865b2c3b22f1eaa51f?s=96&d=mm&r=g","contentUrl":"https:\/\/secure.gravatar.com\/avatar\/22715e338d2fcc547e3a431c4738360d33fea2a4af458f865b2c3b22f1eaa51f?s=96&d=mm&r=g","caption":"Humanium"},"url":"https:\/\/www.humanium.org\/fr\/author\/humanium\/"}]}},"_links":{"self":[{"href":"https:\/\/www.humanium.org\/fr\/wp-json\/wp\/v2\/posts\/54881","targetHints":{"allow":["GET"]}}],"collection":[{"href":"https:\/\/www.humanium.org\/fr\/wp-json\/wp\/v2\/posts"}],"about":[{"href":"https:\/\/www.humanium.org\/fr\/wp-json\/wp\/v2\/types\/post"}],"author":[{"embeddable":true,"href":"https:\/\/www.humanium.org\/fr\/wp-json\/wp\/v2\/users\/69"}],"replies":[{"embeddable":true,"href":"https:\/\/www.humanium.org\/fr\/wp-json\/wp\/v2\/comments?post=54881"}],"version-history":[{"count":7,"href":"https:\/\/www.humanium.org\/fr\/wp-json\/wp\/v2\/posts\/54881\/revisions"}],"predecessor-version":[{"id":62614,"href":"https:\/\/www.humanium.org\/fr\/wp-json\/wp\/v2\/posts\/54881\/revisions\/62614"}],"wp:featuredmedia":[{"embeddable":true,"href":"https:\/\/www.humanium.org\/fr\/wp-json\/wp\/v2\/media\/54886"}],"wp:attachment":[{"href":"https:\/\/www.humanium.org\/fr\/wp-json\/wp\/v2\/media?parent=54881"}],"wp:term":[{"taxonomy":"category","embeddable":true,"href":"https:\/\/www.humanium.org\/fr\/wp-json\/wp\/v2\/categories?post=54881"},{"taxonomy":"post_tag","embeddable":true,"href":"https:\/\/www.humanium.org\/fr\/wp-json\/wp\/v2\/tags?post=54881"}],"curies":[{"name":"wp","href":"https:\/\/api.w.org\/{rel}","templated":true}]}}