{"id":54928,"date":"2023-05-02T16:24:07","date_gmt":"2023-05-02T16:24:07","guid":{"rendered":"https:\/\/www.humanium.org\/fr\/?p=54928"},"modified":"2026-08-21T03:22:56","modified_gmt":"2026-08-21T03:22:56","slug":"aborder-le-probleme-des-violences-commises-par-les-beaux-parents-sur-les-beaux-enfants","status":"publish","type":"post","link":"https:\/\/www.humanium.org\/fr\/aborder-le-probleme-des-violences-commises-par-les-beaux-parents-sur-les-beaux-enfants\/","title":{"rendered":"<strong>Aborder le probl\u00e8me des violences commises par les beaux-parents sur les beaux-enfants<\/strong>"},"content":{"rendered":"\n<p class=\"wp-block-paragraph\"><strong>La <\/strong><a href=\"https:\/\/www.humanium.org\/fr\/la-maltraitance-des-enfants\/\"><strong>maltraitance infantile<\/strong><\/a><strong> est un probl\u00e8me omnipr\u00e9sent \u00e0 l\u2019\u00e9chelle plan\u00e9taire, avec, on estime, des millions d&rsquo;enfants qui sont maltrait\u00e9s chez eux ou dans un cadre scolaire ou communautaire. La recherche indique que les enfants qui vivent dans des <\/strong><a href=\"https:\/\/www.humanium.org\/fr\/famille-droits-enfant\/\"><strong>familles<\/strong><\/a><strong> recompos\u00e9es sont particuli\u00e8rement vuln\u00e9rables aux <\/strong><a href=\"https:\/\/www.humanium.org\/fr\/violences\/\"><strong>violence<\/strong><\/a><strong>s avec pour cause les difficult\u00e9s dans la cr\u00e9ation d\u2019attachements entre les membres d\u2019une famille qui ne partagent aucun lien biologique. <\/strong><\/p>\n\n\n\n<p class=\"wp-block-paragraph\"><strong>La maltraitance infantile entra\u00eene des cons\u00e9quences importantes sur la sant\u00e9 physique et mentale des enfants. Pour les pr\u00e9venir, il est n\u00e9cessaire de prendre des mesures pr\u00e9ventives comme la th\u00e9rapie, l\u2019obtention du soutien des assistants sociaux et la mise en place de strat\u00e9gies de parentalit\u00e9 positive. Quand des violences sont commises, il est de la responsabilit\u00e9 de tout un chacun de les reconna\u00eetre comme relevant de la maltraitance infantile et de les signaler, prot\u00e9geant ainsi les enfants vuln\u00e9rables.<\/strong><\/p>\n\n\n\n<h2 class=\"wp-block-heading\"><strong>Les faits de maltraitance infantile par les beaux-parents<\/strong><\/h2>\n\n\n\n<p class=\"wp-block-paragraph\">Les <a href=\"https:\/\/www.humanium.org\/fr\/violences\/\">violence<\/a>s commises sur les enfants constituent un crime universel de nature mondiale. Cependant, seule une petite fraction des cas est port\u00e9e \u00e0 l&rsquo;attention des services de protection de l&rsquo;enfance, les rapports indiquant qu\u2019environ 1% des enfants sont signal\u00e9s chaque ann\u00e9e. Les \u00e9tudes d\u00e9montrent que les enfants qui vivent dans des familles recompos\u00e9es sont particuli\u00e8rement expos\u00e9s aux <a href=\"https:\/\/www.humanium.org\/fr\/violences\/\">violence<\/a>s pour plusieurs raisons. <\/p>\n\n\n\n<p class=\"wp-block-paragraph\">Certains beaux-parents ne sont pas aussi proches des enfants de leur partenaire qu\u2019ils ne le sont de leurs propres enfants. D\u2019autres n\u2019auraient pas effectu\u00e9 le travail psychologique qui s\u2019imposait par rapport \u00e0 leurs anciennes relations et apporteraient dans leur nouvelle famille un lourd bagage \u00e9motionnel. Ces facteurs peuvent contribuer \u00e0 ce que les familles recompos\u00e9es soient dysfonctionnelles, augmentant ainsi les risques de cruaut\u00e9 (Debowska et al., 2020).<\/p>\n\n\n\n<p class=\"wp-block-paragraph\">Une \u00e9tude de 1984 sur la <a href=\"https:\/\/www.humanium.org\/fr\/la-maltraitance-des-enfants\/\">maltraitance infantile<\/a> souligne les d\u00e9fis auxquels les familles recompos\u00e9es sont confront\u00e9es compar\u00e9es aux familles biologiques. La recherche a d\u00e9montr\u00e9 que le climat familial de ces familles est souvent plus anxiog\u00e8ne et donc plus propice aux mauvais traitements (Debowska et al., 2020). <\/p>\n\n\n\n<p class=\"wp-block-paragraph\">Lorsque les liens \u00e9motionnels sont faibles, ou si les beaux-parents manquent d\u2019estime et de ma\u00eetrise de soi, la probabilit\u00e9 qu\u2019ils <a href=\"https:\/\/www.humanium.org\/fr\/la-maltraitance-des-enfants\/\">maltraitent les enfants<\/a> augmente. Un cercle vicieux se met ainsi en place puisque les enfants victimes d\u2019abus ont plus de chance de devenir des adultes abuseurs \u00e0 leur tour, comme l\u2019observe l\u2019Organisation Mondiale de la Sant\u00e9 (World Health Organization, 2022).<\/p>\n\n\n\n<p class=\"wp-block-paragraph\">Selon des donn\u00e9es en provenance des \u00c9tats-Unis, de nombreux couples divorc\u00e9s se remarient dans les dix ans. Malheureusement, les nouveaux partenaires ne sont pas toujours d\u2019accord pour partager la responsabilit\u00e9 parentale et s\u2019attacher de mani\u00e8re forte aux enfants de l\u2019autre. <\/p>\n\n\n\n<p class=\"wp-block-paragraph\">Les psychologues canadiens Martin Daly et Margo Wilson ont d\u00e9couvert que \u00ab[ces] enfants ont 40% plus de chance de subir <a href=\"https:\/\/www.humanium.org\/fr\/exploitation-sexuelle-enfants\/\">d\u2019abus sexuels<\/a> ou physiques que les enfants vivants avec leurs parents biologiques\u00bb (Glenn W. A, 2019). Ces statistiques alarmantes soulignent la n\u00e9cessit\u00e9 de soutenir et conseiller les familles recompos\u00e9es afin d\u2019instaurer des relations saines et emp\u00eacher la n\u00e9gligence infantile.<\/p>\n\n\n\n<p class=\"wp-block-paragraph\">Martin Daly a invent\u00e9 le terme \u00abL\u2019effet cendrillon\u00bb pour d\u00e9crire le ph\u00e9nom\u00e8ne des enfants du parent g\u00e9n\u00e9tique qui sont plus r\u00e9guli\u00e8rement n\u00e9glig\u00e9s par leurs beaux-parents. Le nom est tir\u00e9 du conte de f\u00e9es \u00e9ponyme o\u00f9 une des personnages est une mar\u00e2tre qui martyrise sa belle-fille. <\/p>\n\n\n\n<p class=\"wp-block-paragraph\">Ce portrait des beaux-parents inf\u00e2mes qui maltraitent les enfants trouve un \u00e9cho dans les \u0153uvres des auteurs canoniques comme Shakespeare et Dickens. Pourtant, il est crucial de reconna\u00eetre que les causes de l\u2019effet cendrillon sont multiples et peuvent r\u00e9sulter de nombreux facteurs (Debowska et al., 2020).<\/p>\n\n\n\n<h2 class=\"wp-block-heading\"><strong>L\u2019impact n\u00e9gatif des <\/strong><a href=\"https:\/\/www.humanium.org\/fr\/violences\/\"><strong>violences<\/strong><\/a> <strong>subies pendant l\u2019enfance<\/strong><\/h2>\n\n\n\n<p class=\"wp-block-paragraph\">La <a href=\"https:\/\/www.humanium.org\/fr\/la-maltraitance-des-enfants\/\">maltraitance infantile<\/a> est une forme grave de mauvais traitements englobant les <a href=\"https:\/\/www.humanium.org\/fr\/exploitation-sexuelle-enfants\/\">abus sexuels<\/a>, physiques et psychologiques de l\u2019enfant. Les cons\u00e9quences pour la sant\u00e9 mentale et physique des enfants qui ont subi des <a href=\"https:\/\/www.humanium.org\/fr\/violences\/\">violences<\/a> pendant leurs ann\u00e9es d\u2019apprentissage sont tr\u00e8s graves. <\/p>\n\n\n\n<p class=\"wp-block-paragraph\">Dans les cas les plus s\u00e9v\u00e8res, la maltraitance infantile peut m\u00eame entra\u00eener la mort. Il est d\u00e9montr\u00e9 par la recherche que plus de la moiti\u00e9 des victimes de <a href=\"https:\/\/www.humanium.org\/fr\/la-maltraitance-des-enfants\/\">maltraitance infantile<\/a> souffrent de nombreux probl\u00e8mes, y compris \u00abdes troubles comportementaux, des difficult\u00e9s avec leurs pairs, la <a href=\"https:\/\/www.humanium.org\/fr\/une-pandemie-au-sommet-dune-pandemie-la-crise-croissante-de-la-sante-mentale-chez-les-adolescents-aux-etats-unis\/\">d\u00e9pression<\/a>, l\u2019anxi\u00e9t\u00e9, des retards dans leur d\u00e9veloppement, des absences scolaires injustifi\u00e9es, et des comportements sexuels inappropri\u00e9s\u00bb (Government of Canada, 2009).<\/p>\n\n\n\n<p class=\"wp-block-paragraph\">Un <a href=\"https:\/\/www.humanium.org\/fr\/famille-droits-enfant\/\">environnement familial<\/a> toxique peut nuire au d\u00e9veloppement de l\u2019enfant ainsi qu\u2019\u00e0 ses capacit\u00e9s relationnelles. Les enfants t\u00e9moins de la mauvaise communication et de l\u2019absence de contr\u00f4le des adultes peuvent internaliser des tels comportements, les percevant comme \u00e9tant des formes de parentalit\u00e9 admissibles. <\/p>\n\n\n\n<p class=\"wp-block-paragraph\">Souvent la <a href=\"https:\/\/www.humanium.org\/fr\/la-maltraitance-des-enfants\/\">maltraitance infantile<\/a> est concomitante avec la violence conjugale, traumatisant encore d\u2019avantage les enfants qui y sont expos\u00e9s. Les adultes victimes d\u2019abus pendant leur enfance peuvent se sentir coupables et avoir une mauvaise estime de soi, avoir du mal \u00e0 se ma\u00eetriser, et maintenir les sch\u00e9mas comportementaux abusifs. R\u00e9tablir la confiance peut s\u2019av\u00e9rer difficile mais c\u2019est possible (Government of Canada, 2009).<\/p>\n\n\n\n<h2 class=\"wp-block-heading\"><strong>Faits de violences av\u00e9r\u00e9s par des beaux-parents<\/strong><\/h2>\n\n\n\n<p class=\"wp-block-paragraph\">La <a href=\"https:\/\/www.humanium.org\/fr\/la-maltraitance-des-enfants\/\">maltraitance infantile<\/a> est une question s\u00e9rieuse qui concerne des millions d\u2019enfants partout dans le monde et, malheureusement, les violences perp\u00e9tr\u00e9es par des beaux-parents ne sont pas rares. Dans une \u00e9tude men\u00e9e par les fondateurs canadiens de la psychologie \u00e9volutionniste, les r\u00e9sultats montrent que \u00able taux d\u2019infanticide est 60 fois sup\u00e9rieur, et celui des abus sexuels huit fois sup\u00e9rieur, dans les familles recompos\u00e9es que dans les familles biologiques\u00bb (Brody E J, 1998). <\/p>\n\n\n\n<p class=\"wp-block-paragraph\">Les conclusions similaires d\u2019une \u00e9tude au Br\u00e9sil en 2010 sont que les m\u00e8res br\u00e9siliennes ont plus de chance de maltraiter leurs enfants si leur partenaire n\u2019est pas le g\u00e9niteur de l\u2019enfant (Alexandre G. C. et al., 2010).\u00a0\u00a0\u00a0<\/p>\n\n\n\n<figure class=\"wp-block-image size-large\"><img loading=\"lazy\" decoding=\"async\" width=\"1024\" height=\"683\" src=\"https:\/\/www.humanium.org\/fr\/wp-content\/uploads\/2023\/05\/shutterstock_1744388981-1024x683.jpg\" alt=\"\" class=\"wp-image-54930\" srcset=\"https:\/\/www.humanium.org\/fr\/wp-content\/uploads\/2023\/05\/shutterstock_1744388981-1024x683.jpg 1024w, https:\/\/www.humanium.org\/fr\/wp-content\/uploads\/2023\/05\/shutterstock_1744388981-300x200.jpg 300w, https:\/\/www.humanium.org\/fr\/wp-content\/uploads\/2023\/05\/shutterstock_1744388981-768x512.jpg 768w, https:\/\/www.humanium.org\/fr\/wp-content\/uploads\/2023\/05\/shutterstock_1744388981-1536x1024.jpg 1536w, https:\/\/www.humanium.org\/fr\/wp-content\/uploads\/2023\/05\/shutterstock_1744388981-2048x1365.jpg 2048w, https:\/\/www.humanium.org\/fr\/wp-content\/uploads\/2023\/05\/shutterstock_1744388981-830x553.jpg 830w, https:\/\/www.humanium.org\/fr\/wp-content\/uploads\/2023\/05\/shutterstock_1744388981-230x153.jpg 230w, https:\/\/www.humanium.org\/fr\/wp-content\/uploads\/2023\/05\/shutterstock_1744388981-350x233.jpg 350w, https:\/\/www.humanium.org\/fr\/wp-content\/uploads\/2023\/05\/shutterstock_1744388981-480x320.jpg 480w, https:\/\/www.humanium.org\/fr\/wp-content\/uploads\/2023\/05\/shutterstock_1744388981-272x182.jpg 272w\" sizes=\"auto, (max-width: 1024px) 100vw, 1024px\" \/><\/figure>\n\n\n\n<p class=\"wp-block-paragraph\">Aux \u00c9tats-Unis, la maltraitance infantile est un probl\u00e8me g\u00e9n\u00e9ralis\u00e9 qui concerne les enfants de toutes les races et ethnies. Les enfants d\u2019origine indig\u00e8ne et afro-am\u00e9ricaine sont parmi les plus touch\u00e9s. L\u2019incapacit\u00e9 \u00e0 subvenir aux besoins essentiels de l\u2019enfant est la forme la plus commune de maltraitance infantile. Pour r\u00e9soudre \u00e0 ce probl\u00e8me, il est n\u00e9cessaire de soutenir et conseiller les familles, y compris les familles recompos\u00e9es, afin d\u2019\u00e9tablir des relations saines et un environnement s\u00e9curis\u00e9 pour les enfants.<\/p>\n\n\n\n<blockquote class=\"wp-block-quote is-layout-flow wp-block-quote-is-layout-flow\">\n<p class=\"wp-block-paragraph\">\u00abEn 2021, il y a eu environ 210 746 enfants signal\u00e9s comme \u00e9tant victimes d\u2019abus par leurs m\u00e8res et 132 363 victimes d\u2019abus par leurs p\u00e8res.\u00bb <\/p>\n<cite>&#8211; Statista Research Department, 2023<\/cite><\/blockquote>\n\n\n\n<h2 class=\"wp-block-heading\"><strong>Parer aux <\/strong><a href=\"https:\/\/www.humanium.org\/fr\/violences\/\"><strong>violences<\/strong><\/a><strong> dans les familles recompos\u00e9es<\/strong><\/h2>\n\n\n\n<p class=\"wp-block-paragraph\">Les m\u00e9thodes de parentalit\u00e9 positive exercent une influence importante sur la mani\u00e8re de bien \u00e9lever les enfants en mettant l\u2019accent sur la communication ouverte entre tous les tuteurs afin de construire un milieu \u00e9quilibr\u00e9 pour l\u2019enfant.&nbsp;<\/p>\n\n\n\n<p class=\"wp-block-paragraph\">Pourtant, m\u00eame si pour son bien-\u00eatre l\u2019enfant devrait garder des liens \u00e9troits avec le parent biologique et le beau-parent, la recherche indique qu\u2019une relation forte avec le parent biologique n\u2019est pas forc\u00e9ment suffisante pour r\u00e9duire les \u00e9pisodes de d\u00e9pression dans les cas o\u00f9 la relation avec le beau-parent est distante ou conflictuelle. Suivre une th\u00e9rapie peut donc s\u2019av\u00e9rer indispensable pour tous les membres de la famille afin de constituer un foyer harmonieux et s\u2019assurer du d\u00e9veloppement optimal de l\u2019enfant (Hornstra et al., 2021).<\/p>\n\n\n\n<p class=\"wp-block-paragraph\">Les beaux-parents doivent prendre le temps d\u2019assumer doucement leur r\u00f4le et tisser des liens plus forts avec leurs beaux-enfants. Quand la vie change et les enfants se retrouvent dans un environnement nouveau, ils ont besoin d\u2019\u00eatre encadr\u00e9s. <\/p>\n\n\n\n<p class=\"wp-block-paragraph\">Si les tuteurs ont du mal \u00e0 s\u2019ajuster, ils peuvent demander de l\u2019aide \u00e0 des th\u00e9rapeutes, psychologues pour enfant, des coachs parentaux ou assistants sociaux. Heureusement, il y a de nombreuses organisations \u00e0 but non lucratif et agences publiques qui proposent des services de soutien, y compris aux familles les plus modestes.<\/p>\n\n\n\n<p class=\"wp-block-paragraph\">Pour les familles qui pourraient en b\u00e9n\u00e9ficier, des telles ressources peuvent \u00eatre d\u2019une grande utilit\u00e9 dans l\u2019apprentissage des strat\u00e9gies de parentalit\u00e9 positive (Deal R, sans date). Les violences sont souvent signal\u00e9es par le corps enseignant, les forces de l\u2019ordre ou les services sociaux. Pourtant, si des violences sont commises dans une famille recompos\u00e9e malgr\u00e9 tous les efforts pour les pr\u00e9venir, nous devrions tous se sentir concern\u00e9s par un enfant en danger et venir en aide.&nbsp;<\/p>\n\n\n\n<figure class=\"wp-block-image size-large\"><img loading=\"lazy\" decoding=\"async\" width=\"1024\" height=\"683\" src=\"https:\/\/www.humanium.org\/fr\/wp-content\/uploads\/2023\/05\/shutterstock_1627647211-1024x683.jpg\" alt=\"\" class=\"wp-image-54929\" srcset=\"https:\/\/www.humanium.org\/fr\/wp-content\/uploads\/2023\/05\/shutterstock_1627647211-1024x683.jpg 1024w, https:\/\/www.humanium.org\/fr\/wp-content\/uploads\/2023\/05\/shutterstock_1627647211-300x200.jpg 300w, https:\/\/www.humanium.org\/fr\/wp-content\/uploads\/2023\/05\/shutterstock_1627647211-768x512.jpg 768w, https:\/\/www.humanium.org\/fr\/wp-content\/uploads\/2023\/05\/shutterstock_1627647211-1536x1024.jpg 1536w, https:\/\/www.humanium.org\/fr\/wp-content\/uploads\/2023\/05\/shutterstock_1627647211-2048x1365.jpg 2048w, https:\/\/www.humanium.org\/fr\/wp-content\/uploads\/2023\/05\/shutterstock_1627647211-830x553.jpg 830w, https:\/\/www.humanium.org\/fr\/wp-content\/uploads\/2023\/05\/shutterstock_1627647211-230x153.jpg 230w, https:\/\/www.humanium.org\/fr\/wp-content\/uploads\/2023\/05\/shutterstock_1627647211-350x233.jpg 350w, https:\/\/www.humanium.org\/fr\/wp-content\/uploads\/2023\/05\/shutterstock_1627647211-480x320.jpg 480w, https:\/\/www.humanium.org\/fr\/wp-content\/uploads\/2023\/05\/shutterstock_1627647211-272x182.jpg 272w\" sizes=\"auto, (max-width: 1024px) 100vw, 1024px\" \/><\/figure>\n\n\n\n<p class=\"wp-block-paragraph\">Chez Humanium, nous rendons les enfants forts et autonomes afin qu\u2019ils atteignent leurs buts au sein de leur communaut\u00e9. Notre \u00e9quipe de d\u00e9fenseurs des droits humains, de coachs de vie, de psychologues, de professionnels du leadership et de th\u00e9rapeutes a d\u00e9velopp\u00e9 une m\u00e9thodologie focalis\u00e9e sur la protection des enfants et qui leur apporte de l\u2019aide en promouvant leur bien-\u00eatre. Vous pouvez nous rejoindre dans l\u2019\u00e9laboration d\u2019un monde plus s\u00fbr et riche pour les enfants en devenant b\u00e9n\u00e9vole, en faisant un don ou en parrainant un enfant.&nbsp;<\/p>\n\n\n\n<p class=\"wp-block-paragraph\"><em><strong>\u00c9crit par Lidija Misic<\/strong><\/em><\/p>\n\n\n\n<p class=\"wp-block-paragraph\"><strong><em>Traduit par<\/em> <em>Victoria Ma\u00eetre Headdon<\/em><\/strong><\/p>\n\n\n\n<p class=\"wp-block-paragraph\"><em><strong>Relu par Denis Gingras<\/strong><\/em><\/p>\n\n\n\n<h4 class=\"wp-block-heading\"><strong>Bibliographie:<\/strong><\/h4>\n\n\n\n<p class=\"has-small-font-size wp-block-paragraph\">Alexandre G.C, et al. (2010). The presence of a stepfather and child physical abuse, as reported by a sample of Brazilian mothers in Rio de Janeiro. Retrieved from the National Library of Medicine at <a href=\"https:\/\/pubmed.ncbi.nlm.nih.gov\/21030083\/\" target=\"_blank\" rel=\"noreferrer noopener\">https:\/\/pubmed.ncbi.nlm.nih.gov\/21030083\/<\/a>, accessed on March 25, 2023.<\/p>\n\n\n\n<p class=\"has-small-font-size wp-block-paragraph\">Brody E. Jane (1998). Genetic Ties May Be Factor In Violence in Stepfamilies. Retrieved from The New York Times at <a href=\"https:\/\/www.nytimes.com\/1998\/02\/10\/science\/genetic-ties-may-be-factor-in-violence-in-stepfamilies.html\" target=\"_blank\" rel=\"noreferrer noopener\">https:\/\/www.nytimes.com\/1998\/02\/10\/science\/genetic-ties-may-be-factor-in-violence-in-stepfamilies.html<\/a>, accessed on March 25, 2023.<\/p>\n\n\n\n<p class=\"has-small-font-size wp-block-paragraph\">Deal Ron (n.d.). Stepparenting: It Takes Two. Retrieved from Focus on the Family at <a href=\"https:\/\/www.focusonthefamily.com\/parenting\/stepparenting-it-takes-two\/\" target=\"_blank\" rel=\"noreferrer noopener\">https:\/\/www.focusonthefamily.com\/parenting\/stepparenting-it-takes-two\/<\/a>, accessed on March 25, 2023.<\/p>\n\n\n\n<p class=\"has-small-font-size wp-block-paragraph\">Debowska et al. (2020). Violence against children by stepparents. Retrieved from ResearchGate at <a href=\"https:\/\/www.researchgate.net\/publication\/340828678_Violence_against_children_by_stepparents\" target=\"_blank\" rel=\"noreferrer noopener\">https:\/\/www.researchgate.net\/publication\/340828678_Violence_against_children_by_stepparents<\/a>, accessed on March 25, 2023.<\/p>\n\n\n\n<p class=\"has-small-font-size wp-block-paragraph\">Glenn W. A. (2019). Child abuse is 40 times more likely when single parents find new partners. Retrieved from Philly Voice at <a href=\"https:\/\/www.phillyvoice.com\/child-abuse-single-parenting-divorce-marriage-new-partners-advice\/\" target=\"_blank\" rel=\"noreferrer noopener\">https:\/\/www.phillyvoice.com\/child-abuse-single-parenting-divorce-marriage-new-partners-advice\/<\/a>, accessed on March 25, 2023.<\/p>\n\n\n\n<p class=\"has-small-font-size wp-block-paragraph\">Government of Canada (2009). The Effects of Domestic Violence on Children &#8211; Where does it Hurt? Retrieved from the Government of Canada at https:\/\/www.canada.ca\/en\/public-health\/services\/health-promotion\/stop-family-violence\/publications\/effects-domestic-violence-children-hurt.html, accessed on March 25, 2023.<\/p>\n\n\n\n<p class=\"has-small-font-size wp-block-paragraph\">Hornstra et al. (2021). Dissonant relationships to biological parents and stepparents and the well-being of adult children. Retrieved from Sage Journals at <a href=\"https:\/\/journals.sagepub.com\/doi\/full\/10.1177\/02654075211031984\" target=\"_blank\" rel=\"noreferrer noopener\">https:\/\/journals.sagepub.com\/doi\/full\/10.1177\/02654075211031984<\/a>, accessed on March 25, 2023.<\/p>\n\n\n\n<p class=\"has-small-font-size wp-block-paragraph\">Statista Research Department (2023). Child abuse in the U.S. &#8211; number of victims 2021, by perpetrator relationship. Retrieved from Statista at https:\/\/www.statista.com\/statistics\/254893\/child-abuse-in-the-us-by-perpetrator-relationship\/, accessed on March 25, 2023.<br>WHO (2022). Child maltreatment. Retrieved from World Health Organization at <a href=\"https:\/\/www.who.int\/news-room\/fact-sheets\/detail\/child-maltreatment\" target=\"_blank\" rel=\"noreferrer noopener\">https:\/\/www.who.int\/news-room\/fact-sheets\/detail\/child-maltreatment<\/a>, accessed on March 25, 2023.<\/p>\n","protected":false},"excerpt":{"rendered":"<p>La maltraitance infantile est un probl\u00e8me omnipr\u00e9sent \u00e0 l\u2019\u00e9chelle plan\u00e9taire, avec, on estime, des millions d&rsquo;enfants qui sont maltrait\u00e9s chez eux ou dans un cadre scolaire ou communautaire. La recherche indique que les enfants qui vivent dans des familles recompos\u00e9es sont particuli\u00e8rement vuln\u00e9rables aux violences avec pour cause les difficult\u00e9s dans la cr\u00e9ation d\u2019attachements entre [&hellip;]<\/p>\n","protected":false},"author":69,"featured_media":54931,"comment_status":"closed","ping_status":"closed","sticky":false,"template":"","format":"standard","meta":{"footnotes":""},"categories":[220,233,214],"tags":[],"class_list":["post-54928","post","type-post","status-publish","format-standard","has-post-thumbnail","hentry","category-droits-des-enfants","category-exploitation","category-violence"],"yoast_head":"<!-- This site is optimized with the Yoast SEO plugin v28.3 - https:\/\/yoast.com\/product\/yoast-seo-wordpress\/ -->\n<title>Aborder le probl\u00e8me des violences commises par les beaux-parents sur les beaux-enfants - Humanium<\/title>\n<meta name=\"description\" content=\"On estime que des millions d&#039;enfants sont victimes de maltraitance \u00e0 la maison, \u00e0 l&#039;\u00e9cole ou dans leur communaut\u00e9.\" \/>\n<meta name=\"robots\" content=\"index, follow, max-snippet:-1, max-image-preview:large, max-video-preview:-1\" \/>\n<link rel=\"canonical\" href=\"https:\/\/www.humanium.org\/fr\/aborder-le-probleme-des-violences-commises-par-les-beaux-parents-sur-les-beaux-enfants\/\" \/>\n<meta property=\"og:locale\" content=\"fr_FR\" \/>\n<meta property=\"og:type\" content=\"article\" \/>\n<meta property=\"og:title\" content=\"Aborder le probl\u00e8me des violences commises par les beaux-parents sur les beaux-enfants - Humanium\" \/>\n<meta property=\"og:description\" content=\"On estime que des millions d&#039;enfants sont victimes de maltraitance \u00e0 la maison, \u00e0 l&#039;\u00e9cole ou dans leur communaut\u00e9.\" \/>\n<meta property=\"og:url\" content=\"https:\/\/www.humanium.org\/fr\/aborder-le-probleme-des-violences-commises-par-les-beaux-parents-sur-les-beaux-enfants\/\" \/>\n<meta property=\"og:site_name\" content=\"Humanium\" \/>\n<meta property=\"article:published_time\" content=\"2023-05-02T16:24:07+00:00\" \/>\n<meta property=\"article:modified_time\" content=\"2026-08-21T03:22:56+00:00\" \/>\n<meta property=\"og:image\" content=\"https:\/\/www.humanium.org\/fr\/wp-content\/uploads\/2023\/05\/shutterstock_2105657153-scaled.jpg\" \/>\n\t<meta property=\"og:image:width\" content=\"2560\" \/>\n\t<meta property=\"og:image:height\" content=\"1707\" \/>\n\t<meta property=\"og:image:type\" content=\"image\/jpeg\" \/>\n<meta name=\"author\" content=\"Humanium\" \/>\n<meta name=\"twitter:card\" content=\"summary_large_image\" \/>\n<meta name=\"twitter:label1\" content=\"\u00c9crit par\" \/>\n\t<meta name=\"twitter:data1\" content=\"Humanium\" \/>\n\t<meta name=\"twitter:label2\" content=\"Dur\u00e9e de lecture estim\u00e9e\" \/>\n\t<meta name=\"twitter:data2\" content=\"9 minutes\" \/>\n<script type=\"application\/ld+json\" class=\"yoast-schema-graph\">{\"@context\":\"https:\\\/\\\/schema.org\",\"@graph\":[{\"@type\":\"Article\",\"@id\":\"https:\\\/\\\/www.humanium.org\\\/fr\\\/aborder-le-probleme-des-violences-commises-par-les-beaux-parents-sur-les-beaux-enfants\\\/#article\",\"isPartOf\":{\"@id\":\"https:\\\/\\\/www.humanium.org\\\/fr\\\/aborder-le-probleme-des-violences-commises-par-les-beaux-parents-sur-les-beaux-enfants\\\/\"},\"author\":{\"name\":\"Humanium\",\"@id\":\"https:\\\/\\\/www.humanium.org\\\/fr\\\/#\\\/schema\\\/person\\\/d798d6c7d59ba2307e0877f61a20ce3e\"},\"headline\":\"Aborder le probl\u00e8me des violences commises par les beaux-parents sur les beaux-enfants\",\"datePublished\":\"2023-05-02T16:24:07+00:00\",\"dateModified\":\"2026-08-21T03:22:56+00:00\",\"mainEntityOfPage\":{\"@id\":\"https:\\\/\\\/www.humanium.org\\\/fr\\\/aborder-le-probleme-des-violences-commises-par-les-beaux-parents-sur-les-beaux-enfants\\\/\"},\"wordCount\":1860,\"image\":{\"@id\":\"https:\\\/\\\/www.humanium.org\\\/fr\\\/aborder-le-probleme-des-violences-commises-par-les-beaux-parents-sur-les-beaux-enfants\\\/#primaryimage\"},\"thumbnailUrl\":\"https:\\\/\\\/www.humanium.org\\\/fr\\\/wp-content\\\/uploads\\\/2023\\\/05\\\/shutterstock_2105657153-scaled.jpg\",\"articleSection\":[\"Droits des enfants\",\"Exploitation\",\"violence\"],\"inLanguage\":\"fr-FR\"},{\"@type\":\"WebPage\",\"@id\":\"https:\\\/\\\/www.humanium.org\\\/fr\\\/aborder-le-probleme-des-violences-commises-par-les-beaux-parents-sur-les-beaux-enfants\\\/\",\"url\":\"https:\\\/\\\/www.humanium.org\\\/fr\\\/aborder-le-probleme-des-violences-commises-par-les-beaux-parents-sur-les-beaux-enfants\\\/\",\"name\":\"Aborder le probl\u00e8me des violences commises par les beaux-parents sur les beaux-enfants - Humanium\",\"isPartOf\":{\"@id\":\"https:\\\/\\\/www.humanium.org\\\/fr\\\/#website\"},\"primaryImageOfPage\":{\"@id\":\"https:\\\/\\\/www.humanium.org\\\/fr\\\/aborder-le-probleme-des-violences-commises-par-les-beaux-parents-sur-les-beaux-enfants\\\/#primaryimage\"},\"image\":{\"@id\":\"https:\\\/\\\/www.humanium.org\\\/fr\\\/aborder-le-probleme-des-violences-commises-par-les-beaux-parents-sur-les-beaux-enfants\\\/#primaryimage\"},\"thumbnailUrl\":\"https:\\\/\\\/www.humanium.org\\\/fr\\\/wp-content\\\/uploads\\\/2023\\\/05\\\/shutterstock_2105657153-scaled.jpg\",\"datePublished\":\"2023-05-02T16:24:07+00:00\",\"dateModified\":\"2026-08-21T03:22:56+00:00\",\"author\":{\"@id\":\"https:\\\/\\\/www.humanium.org\\\/fr\\\/#\\\/schema\\\/person\\\/d798d6c7d59ba2307e0877f61a20ce3e\"},\"description\":\"On estime que des millions d'enfants sont victimes de maltraitance \u00e0 la maison, \u00e0 l'\u00e9cole ou dans leur communaut\u00e9.\",\"breadcrumb\":{\"@id\":\"https:\\\/\\\/www.humanium.org\\\/fr\\\/aborder-le-probleme-des-violences-commises-par-les-beaux-parents-sur-les-beaux-enfants\\\/#breadcrumb\"},\"inLanguage\":\"fr-FR\",\"potentialAction\":[{\"@type\":\"ReadAction\",\"target\":[\"https:\\\/\\\/www.humanium.org\\\/fr\\\/aborder-le-probleme-des-violences-commises-par-les-beaux-parents-sur-les-beaux-enfants\\\/\"]}]},{\"@type\":\"ImageObject\",\"inLanguage\":\"fr-FR\",\"@id\":\"https:\\\/\\\/www.humanium.org\\\/fr\\\/aborder-le-probleme-des-violences-commises-par-les-beaux-parents-sur-les-beaux-enfants\\\/#primaryimage\",\"url\":\"https:\\\/\\\/www.humanium.org\\\/fr\\\/wp-content\\\/uploads\\\/2023\\\/05\\\/shutterstock_2105657153-scaled.jpg\",\"contentUrl\":\"https:\\\/\\\/www.humanium.org\\\/fr\\\/wp-content\\\/uploads\\\/2023\\\/05\\\/shutterstock_2105657153-scaled.jpg\",\"width\":2560,\"height\":1707},{\"@type\":\"BreadcrumbList\",\"@id\":\"https:\\\/\\\/www.humanium.org\\\/fr\\\/aborder-le-probleme-des-violences-commises-par-les-beaux-parents-sur-les-beaux-enfants\\\/#breadcrumb\",\"itemListElement\":[{\"@type\":\"ListItem\",\"position\":1,\"name\":\"Home\",\"item\":\"https:\\\/\\\/www.humanium.org\\\/fr\\\/\"},{\"@type\":\"ListItem\",\"position\":2,\"name\":\"Aborder le probl\u00e8me des violences commises par les beaux-parents sur les beaux-enfants\"}]},{\"@type\":\"WebSite\",\"@id\":\"https:\\\/\\\/www.humanium.org\\\/fr\\\/#website\",\"url\":\"https:\\\/\\\/www.humanium.org\\\/fr\\\/\",\"name\":\"Humanium\",\"description\":\"Les enfants d\u2019abord !\",\"potentialAction\":[{\"@type\":\"SearchAction\",\"target\":{\"@type\":\"EntryPoint\",\"urlTemplate\":\"https:\\\/\\\/www.humanium.org\\\/fr\\\/?s={search_term_string}\"},\"query-input\":{\"@type\":\"PropertyValueSpecification\",\"valueRequired\":true,\"valueName\":\"search_term_string\"}}],\"inLanguage\":\"fr-FR\"},{\"@type\":\"Person\",\"@id\":\"https:\\\/\\\/www.humanium.org\\\/fr\\\/#\\\/schema\\\/person\\\/d798d6c7d59ba2307e0877f61a20ce3e\",\"name\":\"Humanium\",\"image\":{\"@type\":\"ImageObject\",\"inLanguage\":\"fr-FR\",\"@id\":\"https:\\\/\\\/secure.gravatar.com\\\/avatar\\\/22715e338d2fcc547e3a431c4738360d33fea2a4af458f865b2c3b22f1eaa51f?s=96&d=mm&r=g\",\"url\":\"https:\\\/\\\/secure.gravatar.com\\\/avatar\\\/22715e338d2fcc547e3a431c4738360d33fea2a4af458f865b2c3b22f1eaa51f?s=96&d=mm&r=g\",\"contentUrl\":\"https:\\\/\\\/secure.gravatar.com\\\/avatar\\\/22715e338d2fcc547e3a431c4738360d33fea2a4af458f865b2c3b22f1eaa51f?s=96&d=mm&r=g\",\"caption\":\"Humanium\"},\"url\":\"https:\\\/\\\/www.humanium.org\\\/fr\\\/author\\\/humanium\\\/\"}]}<\/script>\n<!-- \/ Yoast SEO plugin. -->","yoast_head_json":{"title":"Aborder le probl\u00e8me des violences commises par les beaux-parents sur les beaux-enfants - Humanium","description":"On estime que des millions d'enfants sont victimes de maltraitance \u00e0 la maison, \u00e0 l'\u00e9cole ou dans leur communaut\u00e9.","robots":{"index":"index","follow":"follow","max-snippet":"max-snippet:-1","max-image-preview":"max-image-preview:large","max-video-preview":"max-video-preview:-1"},"canonical":"https:\/\/www.humanium.org\/fr\/aborder-le-probleme-des-violences-commises-par-les-beaux-parents-sur-les-beaux-enfants\/","og_locale":"fr_FR","og_type":"article","og_title":"Aborder le probl\u00e8me des violences commises par les beaux-parents sur les beaux-enfants - Humanium","og_description":"On estime que des millions d'enfants sont victimes de maltraitance \u00e0 la maison, \u00e0 l'\u00e9cole ou dans leur communaut\u00e9.","og_url":"https:\/\/www.humanium.org\/fr\/aborder-le-probleme-des-violences-commises-par-les-beaux-parents-sur-les-beaux-enfants\/","og_site_name":"Humanium","article_published_time":"2023-05-02T16:24:07+00:00","article_modified_time":"2026-08-21T03:22:56+00:00","og_image":[{"width":2560,"height":1707,"url":"https:\/\/www.humanium.org\/fr\/wp-content\/uploads\/2023\/05\/shutterstock_2105657153-scaled.jpg","type":"image\/jpeg"}],"author":"Humanium","twitter_card":"summary_large_image","twitter_misc":{"\u00c9crit par":"Humanium","Dur\u00e9e de lecture estim\u00e9e":"9 minutes"},"schema":{"@context":"https:\/\/schema.org","@graph":[{"@type":"Article","@id":"https:\/\/www.humanium.org\/fr\/aborder-le-probleme-des-violences-commises-par-les-beaux-parents-sur-les-beaux-enfants\/#article","isPartOf":{"@id":"https:\/\/www.humanium.org\/fr\/aborder-le-probleme-des-violences-commises-par-les-beaux-parents-sur-les-beaux-enfants\/"},"author":{"name":"Humanium","@id":"https:\/\/www.humanium.org\/fr\/#\/schema\/person\/d798d6c7d59ba2307e0877f61a20ce3e"},"headline":"Aborder le probl\u00e8me des violences commises par les beaux-parents sur les beaux-enfants","datePublished":"2023-05-02T16:24:07+00:00","dateModified":"2026-08-21T03:22:56+00:00","mainEntityOfPage":{"@id":"https:\/\/www.humanium.org\/fr\/aborder-le-probleme-des-violences-commises-par-les-beaux-parents-sur-les-beaux-enfants\/"},"wordCount":1860,"image":{"@id":"https:\/\/www.humanium.org\/fr\/aborder-le-probleme-des-violences-commises-par-les-beaux-parents-sur-les-beaux-enfants\/#primaryimage"},"thumbnailUrl":"https:\/\/www.humanium.org\/fr\/wp-content\/uploads\/2023\/05\/shutterstock_2105657153-scaled.jpg","articleSection":["Droits des enfants","Exploitation","violence"],"inLanguage":"fr-FR"},{"@type":"WebPage","@id":"https:\/\/www.humanium.org\/fr\/aborder-le-probleme-des-violences-commises-par-les-beaux-parents-sur-les-beaux-enfants\/","url":"https:\/\/www.humanium.org\/fr\/aborder-le-probleme-des-violences-commises-par-les-beaux-parents-sur-les-beaux-enfants\/","name":"Aborder le probl\u00e8me des violences commises par les beaux-parents sur les beaux-enfants - Humanium","isPartOf":{"@id":"https:\/\/www.humanium.org\/fr\/#website"},"primaryImageOfPage":{"@id":"https:\/\/www.humanium.org\/fr\/aborder-le-probleme-des-violences-commises-par-les-beaux-parents-sur-les-beaux-enfants\/#primaryimage"},"image":{"@id":"https:\/\/www.humanium.org\/fr\/aborder-le-probleme-des-violences-commises-par-les-beaux-parents-sur-les-beaux-enfants\/#primaryimage"},"thumbnailUrl":"https:\/\/www.humanium.org\/fr\/wp-content\/uploads\/2023\/05\/shutterstock_2105657153-scaled.jpg","datePublished":"2023-05-02T16:24:07+00:00","dateModified":"2026-08-21T03:22:56+00:00","author":{"@id":"https:\/\/www.humanium.org\/fr\/#\/schema\/person\/d798d6c7d59ba2307e0877f61a20ce3e"},"description":"On estime que des millions d'enfants sont victimes de maltraitance \u00e0 la maison, \u00e0 l'\u00e9cole ou dans leur communaut\u00e9.","breadcrumb":{"@id":"https:\/\/www.humanium.org\/fr\/aborder-le-probleme-des-violences-commises-par-les-beaux-parents-sur-les-beaux-enfants\/#breadcrumb"},"inLanguage":"fr-FR","potentialAction":[{"@type":"ReadAction","target":["https:\/\/www.humanium.org\/fr\/aborder-le-probleme-des-violences-commises-par-les-beaux-parents-sur-les-beaux-enfants\/"]}]},{"@type":"ImageObject","inLanguage":"fr-FR","@id":"https:\/\/www.humanium.org\/fr\/aborder-le-probleme-des-violences-commises-par-les-beaux-parents-sur-les-beaux-enfants\/#primaryimage","url":"https:\/\/www.humanium.org\/fr\/wp-content\/uploads\/2023\/05\/shutterstock_2105657153-scaled.jpg","contentUrl":"https:\/\/www.humanium.org\/fr\/wp-content\/uploads\/2023\/05\/shutterstock_2105657153-scaled.jpg","width":2560,"height":1707},{"@type":"BreadcrumbList","@id":"https:\/\/www.humanium.org\/fr\/aborder-le-probleme-des-violences-commises-par-les-beaux-parents-sur-les-beaux-enfants\/#breadcrumb","itemListElement":[{"@type":"ListItem","position":1,"name":"Home","item":"https:\/\/www.humanium.org\/fr\/"},{"@type":"ListItem","position":2,"name":"Aborder le probl\u00e8me des violences commises par les beaux-parents sur les beaux-enfants"}]},{"@type":"WebSite","@id":"https:\/\/www.humanium.org\/fr\/#website","url":"https:\/\/www.humanium.org\/fr\/","name":"Humanium","description":"Les enfants d\u2019abord !","potentialAction":[{"@type":"SearchAction","target":{"@type":"EntryPoint","urlTemplate":"https:\/\/www.humanium.org\/fr\/?s={search_term_string}"},"query-input":{"@type":"PropertyValueSpecification","valueRequired":true,"valueName":"search_term_string"}}],"inLanguage":"fr-FR"},{"@type":"Person","@id":"https:\/\/www.humanium.org\/fr\/#\/schema\/person\/d798d6c7d59ba2307e0877f61a20ce3e","name":"Humanium","image":{"@type":"ImageObject","inLanguage":"fr-FR","@id":"https:\/\/secure.gravatar.com\/avatar\/22715e338d2fcc547e3a431c4738360d33fea2a4af458f865b2c3b22f1eaa51f?s=96&d=mm&r=g","url":"https:\/\/secure.gravatar.com\/avatar\/22715e338d2fcc547e3a431c4738360d33fea2a4af458f865b2c3b22f1eaa51f?s=96&d=mm&r=g","contentUrl":"https:\/\/secure.gravatar.com\/avatar\/22715e338d2fcc547e3a431c4738360d33fea2a4af458f865b2c3b22f1eaa51f?s=96&d=mm&r=g","caption":"Humanium"},"url":"https:\/\/www.humanium.org\/fr\/author\/humanium\/"}]}},"_links":{"self":[{"href":"https:\/\/www.humanium.org\/fr\/wp-json\/wp\/v2\/posts\/54928","targetHints":{"allow":["GET"]}}],"collection":[{"href":"https:\/\/www.humanium.org\/fr\/wp-json\/wp\/v2\/posts"}],"about":[{"href":"https:\/\/www.humanium.org\/fr\/wp-json\/wp\/v2\/types\/post"}],"author":[{"embeddable":true,"href":"https:\/\/www.humanium.org\/fr\/wp-json\/wp\/v2\/users\/69"}],"replies":[{"embeddable":true,"href":"https:\/\/www.humanium.org\/fr\/wp-json\/wp\/v2\/comments?post=54928"}],"version-history":[{"count":7,"href":"https:\/\/www.humanium.org\/fr\/wp-json\/wp\/v2\/posts\/54928\/revisions"}],"predecessor-version":[{"id":62786,"href":"https:\/\/www.humanium.org\/fr\/wp-json\/wp\/v2\/posts\/54928\/revisions\/62786"}],"wp:featuredmedia":[{"embeddable":true,"href":"https:\/\/www.humanium.org\/fr\/wp-json\/wp\/v2\/media\/54931"}],"wp:attachment":[{"href":"https:\/\/www.humanium.org\/fr\/wp-json\/wp\/v2\/media?parent=54928"}],"wp:term":[{"taxonomy":"category","embeddable":true,"href":"https:\/\/www.humanium.org\/fr\/wp-json\/wp\/v2\/categories?post=54928"},{"taxonomy":"post_tag","embeddable":true,"href":"https:\/\/www.humanium.org\/fr\/wp-json\/wp\/v2\/tags?post=54928"}],"curies":[{"name":"wp","href":"https:\/\/api.w.org\/{rel}","templated":true}]}}