{"id":54949,"date":"2023-05-09T17:46:05","date_gmt":"2023-05-09T17:46:05","guid":{"rendered":"https:\/\/www.humanium.org\/fr\/?p=54949"},"modified":"2026-08-21T03:22:56","modified_gmt":"2026-08-21T03:22:56","slug":"les-luttes-cachees-la-surprenante-crise-de-sante-mentale-parmi-les-jeunes-japonais","status":"publish","type":"post","link":"https:\/\/www.humanium.org\/fr\/les-luttes-cachees-la-surprenante-crise-de-sante-mentale-parmi-les-jeunes-japonais\/","title":{"rendered":"<strong>Les luttes cach\u00e9es : la surprenante crise de sant\u00e9 mentale parmi les jeunes Japonais<\/strong>"},"content":{"rendered":"\n<p class=\"wp-block-paragraph\"><strong>Les jeunes au Japon sont aux prises avec des probl\u00e8mes de sant\u00e9 mentale dus \u00e0<\/strong> <strong>la pression scolaire, aux normes sociales, au harc\u00e8lement, et au manque d&rsquo;ind\u00e9pendance. De plus, le <\/strong><a href=\"https:\/\/www.humanium.org\/fr\/japon\/\"><strong>Japon<\/strong><\/a><strong> fait face \u00e0 une tendance inqui\u00e9tante avec un taux de <\/strong><a href=\"https:\/\/www.humanium.org\/fr\/suicide-enfants\/\"><strong>suicide<\/strong><\/a><strong> qui augmente parmi les personnes de moins de 20 ans. Malheureusement, la stigmatisation de la sant\u00e9 mentale au <\/strong><a href=\"https:\/\/www.humanium.org\/fr\/japon\/\"><strong>Japon<\/strong><\/a><strong> et la r\u00e9ticence culturelle \u00e0 demander de l<\/strong>\u2019<strong>aide ne font qu<\/strong>\u2019<strong>aggraver le probl\u00e8me.&nbsp;<\/strong><\/p>\n\n\n\n<h2 class=\"wp-block-heading\"><strong>Mettre en lumi\u00e8re les probl\u00e8mes de<\/strong><a href=\"https:\/\/www.humanium.org\/fr\/le-bien-etre-mental-des-enfants\/\"><strong> <\/strong><strong>sant\u00e9 mentale<\/strong><\/a><strong> chez les jeunes Japonais&nbsp;<\/strong><\/h2>\n\n\n\n<p class=\"wp-block-paragraph\">Au<a href=\"https:\/\/www.humanium.org\/fr\/japon\/\"> Japon<\/a>, les enfants sont g\u00e9n\u00e9ralement encourag\u00e9s \u00e0 exceller \u00e0 l&rsquo;\u00e9cole, mais la pression qui en d\u00e9coule empi\u00e8te sur leur<a href=\"https:\/\/www.humanium.org\/fr\/le-bien-etre-mental-des-enfants\/\"> bien-\u00eatre \u00e9motionnel<\/a>. Malgr\u00e9 un taux de<a href=\"https:\/\/www.humanium.org\/fr\/pauvrete\/\"> pauvret\u00e9<\/a> qui est inf\u00e9rieur \u00e0 la moyenne et l\u2019une des \u00e9conomies les plus fortes au monde, les enfants japonais souffrent d\u2019un manque de confiance en eux. Les experts de l&rsquo;\u00e9ducation attribuent cela au<a href=\"https:\/\/www.humanium.org\/fr\/harcelement-scolaire\/\"> harc\u00e8lement<\/a> et \u00e0 la concurrence intense pour entrer \u00e0 l&rsquo;universit\u00e9.&nbsp;<\/p>\n\n\n\n<p class=\"wp-block-paragraph\">De nombreux enfants manquent d&rsquo;ind\u00e9pendance parce que leurs parents les dissuadent de participer \u00e0 des activit\u00e9s ludiques en raison de la pression scolaire pour r\u00e9ussir \u00e0 l&rsquo;\u00e9cole. Par exemple, au<a href=\"https:\/\/www.humanium.org\/fr\/japon\/\"> Japon<\/a>, les parents accompagnent souvent leurs enfants de 18 ans \u00e0 l&rsquo;universit\u00e9 pour des raisons de s\u00e9curit\u00e9 et de<a href=\"https:\/\/www.humanium.org\/fr\/le-bien-etre-mental-des-enfants\/\"> bien-\u00eatre<\/a>. Cela pourrait \u00eatre l\u2019une des raisons pour lesquelles 90 % des enfants<a href=\"https:\/\/www.humanium.org\/fr\/pays-bas\/\"> n\u00e9erlandais<\/a> \u00e2g\u00e9s de 15 ans ont \u00e9valu\u00e9 leur satisfaction de la vie \u00e0 6 sur 10 ou plus, tandis que seulement 62 % des<a href=\"https:\/\/www.humanium.org\/fr\/japon\/\"> enfants japonais<\/a> ont donn\u00e9 une note similaire.&nbsp;<\/p>\n\n\n\n<p class=\"wp-block-paragraph\">Comme dans de nombreux autres pays d\u00e9velopp\u00e9s et soci\u00e9t\u00e9s \u00e0 revenu \u00e9lev\u00e9, le<a href=\"https:\/\/www.humanium.org\/fr\/japon\/\"> Japon<\/a> a connu un retrait social chez les jeunes. Le terme \u201chikikomori\u00a0\u00bb est utilis\u00e9 pour d\u00e9crire les individus qui pr\u00e9f\u00e8rent le monde virtuel \u00e0 la vie r\u00e9elle et qui restent confin\u00e9s chez eux pendant de longues p\u00e9riodes. <\/p>\n\n\n\n<p class=\"wp-block-paragraph\">Les psychologues croient que le retrait social des jeunes est souvent li\u00e9 \u00e0 un attachement ins\u00e9curisant, ce qui signifie que les jeunes ne se sont peut-\u00eatre pas sentis en s\u00e9curit\u00e9 pendant leurs premi\u00e8res ann\u00e9es. Bien que le soutien parental soit essentiel pour un attachement s\u00e9curisant, la protection excessive peut limiter l&rsquo;ind\u00e9pendance des enfants.<\/p>\n\n\n\n<p class=\"wp-block-paragraph\">Le probl\u00e8me n\u2019a \u00e9t\u00e9 qu\u2019aggrav\u00e9 par la pand\u00e9mie de COVID-19 qui a frapp\u00e9 le monde en 2020. En outre, un rapport de l&rsquo;UNICEF de 2021, sur la base des donn\u00e9es de l&rsquo;OCDE, analysant les facteurs qui ont un impact sur le bien-\u00eatre des enfants dans les pays riches, montre que<a href=\"https:\/\/www.humanium.org\/fr\/japon\/\"> les enfants japonais<\/a> se sentent le moins en confiance pour se faire des amis, seuls<a href=\"https:\/\/www.humanium.org\/fr\/chili\/\"> les enfants chiliens<\/a> sont moins bien class\u00e9s (Kyodo News, 2020). Il est donc essentiel d&rsquo;intervenir le plus t\u00f4t possible et de fournir un soutien aux jeunes qui ont un attachement ins\u00e9curisant, car cela peut aider \u00e0 pr\u00e9venir et rem\u00e9dier au retrait social (Li MH T et al., 2015).<\/p>\n\n\n\n<h2 class=\"wp-block-heading\"><strong>D\u00e9couvrir les donn\u00e9es sp\u00e9cifiques sur les tendances de la sant\u00e9 mentale&nbsp;<\/strong><\/h2>\n\n\n\n<p class=\"wp-block-paragraph\">Le rapport de l\u2019UNICEF et l\u2019OCDE mentionn\u00e9 pr\u00e9c\u00e9demment s\u2019intitule \u201cDes Mondes d\u2019Influence: comprendre ce qui d\u00e9termine le bien-\u00eatre des enfants dans les pays riches\u201d. Il r\u00e9v\u00e8le que<a href=\"https:\/\/www.humanium.org\/fr\/japon\/\"> les enfants japonais<\/a> occupent la premi\u00e8re place parmi 38 pays en ce qui concerne la sant\u00e9 physique mais seulement la 37\u00e8me place pour<a href=\"https:\/\/www.humanium.org\/fr\/le-bien-etre-mental-des-enfants\/\"> le bien-\u00eatre mental<\/a>. De plus, selon une enqu\u00eate de l&rsquo;UNESCO de 2020, 40 % des Japonais ne sont pas satisfaits de leur vie (Hori T, 2022).<\/p>\n\n\n\n<p class=\"wp-block-paragraph\">De plus, d&rsquo;apr\u00e8s l\u2019Indice mondial du bien-\u00eatre des jeunes, un outil qui mesure et compare le bien-\u00eatre des jeunes \u00e0 travers les diff\u00e9rents pays, les jeunes Japonais ne croient pas que leur niveau de vie sera meilleur que celui de leurs parents. Trent-cinq pour cent des enfants craignent la<a href=\"https:\/\/www.humanium.org\/fr\/la-maltraitance-des-enfants\/\"> maltraitance<\/a>,<a href=\"https:\/\/www.humanium.org\/fr\/violences\/\"> la violence<\/a>, ou<a href=\"https:\/\/www.humanium.org\/fr\/harcelement-scolaire\/\"> le harc\u00e8lement \u00e0 l\u2019\u00e9cole<\/a> ou au travail (International Youth Foundation n.d.) malgr\u00e9 que le<a href=\"https:\/\/www.humanium.org\/fr\/japon\/\"> Japon<\/a> soit au premier rang dans les indicateurs de s\u00fbret\u00e9 et de s\u00e9curit\u00e9 li\u00e9s au<a href=\"https:\/\/www.humanium.org\/fr\/le-bien-etre-mental-des-enfants\/\"><strong> <\/strong>bien \u00eatre des jeunes<\/a>.<\/p>\n\n\n\n<figure class=\"wp-block-image size-large\"><img loading=\"lazy\" decoding=\"async\" width=\"1024\" height=\"681\" src=\"https:\/\/www.humanium.org\/fr\/wp-content\/uploads\/2023\/05\/shutterstock_1443948104-1024x681.jpg\" alt=\"\" class=\"wp-image-54951\" srcset=\"https:\/\/www.humanium.org\/fr\/wp-content\/uploads\/2023\/05\/shutterstock_1443948104-1024x681.jpg 1024w, https:\/\/www.humanium.org\/fr\/wp-content\/uploads\/2023\/05\/shutterstock_1443948104-300x200.jpg 300w, https:\/\/www.humanium.org\/fr\/wp-content\/uploads\/2023\/05\/shutterstock_1443948104-768x511.jpg 768w, https:\/\/www.humanium.org\/fr\/wp-content\/uploads\/2023\/05\/shutterstock_1443948104-1536x1022.jpg 1536w, https:\/\/www.humanium.org\/fr\/wp-content\/uploads\/2023\/05\/shutterstock_1443948104-2048x1363.jpg 2048w, https:\/\/www.humanium.org\/fr\/wp-content\/uploads\/2023\/05\/shutterstock_1443948104-830x552.jpg 830w, https:\/\/www.humanium.org\/fr\/wp-content\/uploads\/2023\/05\/shutterstock_1443948104-230x153.jpg 230w, https:\/\/www.humanium.org\/fr\/wp-content\/uploads\/2023\/05\/shutterstock_1443948104-350x233.jpg 350w, https:\/\/www.humanium.org\/fr\/wp-content\/uploads\/2023\/05\/shutterstock_1443948104-480x319.jpg 480w, https:\/\/www.humanium.org\/fr\/wp-content\/uploads\/2023\/05\/shutterstock_1443948104-272x182.jpg 272w\" sizes=\"auto, (max-width: 1024px) 100vw, 1024px\" \/><\/figure>\n\n\n\n<p class=\"wp-block-paragraph\">Le pays fait face \u00e0 une tendance pr\u00e9occupante. Le taux de<a href=\"https:\/\/www.humanium.org\/fr\/suicide-enfants\/\"> suicide<\/a> chez les personnes de moins de 20 ans est le plus \u00e9lev\u00e9 depuis 2000, selon Nippon (2020). Conform\u00e9ment au Livre blanc de 2020 du minist\u00e8re de la Sant\u00e9, du Travail et des Affaires sociales sur la pr\u00e9vention du suicide, les probl\u00e8mes des enfants li\u00e9s \u00e0 l\u2019\u00e9cole, \u00e0 la sant\u00e9 et \u00e0 la famille \u00e9taient les principaux facteurs qui contribuent \u00e0 cette tendance.&nbsp;<\/p>\n\n\n\n<p class=\"wp-block-paragraph\">Comme en<a href=\"https:\/\/www.humanium.org\/fr\/coree-du-sud\/\"> Cor\u00e9e du Sud<\/a>, le nombre de<a href=\"https:\/\/www.humanium.org\/fr\/suicide-enfants\/\"> suicides<\/a> parmi les personnes de moins de 20 ans a augment\u00e9, selon les donn\u00e9es fournies par le minist\u00e8re de la Sant\u00e9, du Travail et des Affaires sociales en 2015 (Nippon, 2022). Au<a href=\"https:\/\/www.humanium.org\/fr\/japon\/\"> Japon<\/a>, les adolescents sont souvent consid\u00e9r\u00e9s comme passifs et insensibles aux normes sociales auxquelles ils sont confront\u00e9s. Les enfants sont \u00e9galement soumis \u00e0 une quantit\u00e9 excessive de devoirs d\u00e8s leur plus jeune \u00e2ge, car c&rsquo;est un \u00e9l\u00e9ment majeur de leur<a href=\"https:\/\/www.humanium.org\/fr\/comprendre-droits-enfant\/droit-a-l-education\/\"> \u00e9ducation<\/a>.&nbsp;<\/p>\n\n\n\n<h2 class=\"wp-block-heading\"><strong>La stigmatisation entourant la sant\u00e9 mentale persiste au Japon<\/strong><\/h2>\n\n\n\n<p class=\"wp-block-paragraph\">Traditionnellement, le<a href=\"https:\/\/www.humanium.org\/fr\/japon\/\"> Japon<\/a> a un faible taux de maladies mentales, mais certains experts sugg\u00e8rent que cela est peut-\u00eatre d\u00fb \u00e0 des facteurs culturels qui dissuadent les personnes de demander de l\u2019aide concernant des difficult\u00e9s \u00e9motionnelles. Une maladie mentale est souvent consid\u00e9r\u00e9e comme un signe de faiblesse dans la culture japonaise et les individus souffrant de troubles neurologiques peuvent \u00eatre per\u00e7us comme ayant un manque de volont\u00e9 plut\u00f4t que comme souffrant d\u2019une maladie diagnostiqu\u00e9e.<\/p>\n\n\n\n<p class=\"wp-block-paragraph\">Par cons\u00e9quent, de nombreux cas de maladies mentales passent inaper\u00e7us et ne sont pas signal\u00e9s. Souvent, les familles ne demandent pas d\u2019aide professionnelle en raison de la stigmatisation de la sant\u00e9 mentale. <\/p>\n\n\n\n<p class=\"wp-block-paragraph\">Pour r\u00e9duire cette stigmatisation, des psychologues ont commenc\u00e9 \u00e0 renommer les troubles de la sant\u00e9 mentale en des termes plus neutres, comme \u201cle trouble de la coordination\u201d, ce qui peut aider \u00e0 r\u00e9duire les associations n\u00e9gatives et encourager les gens \u00e0 demander de l\u2019aide pour leurs probl\u00e8mes de sant\u00e9 mentale (Kirk E, 2021).\u00a0<\/p>\n\n\n\n<p class=\"wp-block-paragraph\">Malgr\u00e9 les solutions propos\u00e9es, le gouvernement a aussi parfois \u00e9chou\u00e9 \u00e0 prot\u00e9ger les enfants dont les parents luttent pour subvenir \u00e0 leurs besoins. Souvent, le r\u00e9sultat est la protection parentale insuffisante chez les enfants. En outre, le manque de communication et de transparence concernant leur situation peut avoir un impact durable sur ces enfants, notamment dans une soci\u00e9t\u00e9 o\u00f9 la conversation sur les sujets personnels et \u00e9motionnels n\u2019est pas souvent encourag\u00e9e.<\/p>\n\n\n\n<h2 class=\"wp-block-heading\"><strong>Des mesures pr\u00e9ventives pour favoriser<\/strong><a href=\"https:\/\/www.humanium.org\/fr\/droit-a-la-sante-2\/\"><strong> la sant\u00e9 mentale des jeunes<\/strong><\/a><strong>&nbsp; <\/strong><\/h2>\n\n\n\n<p class=\"wp-block-paragraph\">Pour soutenir les jeunes, les psychologues japonais recommandent de rendre<a href=\"https:\/\/www.humanium.org\/fr\/droit-a-la-sante-2\/\"> les services<\/a> de sant\u00e9 mentale plus accessibles aux parents et aux enfants pour lutter contre les probl\u00e8mes de sant\u00e9 comportementale. Ils proposent de promouvoir la socialisation et le soutien entre des individus et d&rsquo;offrir de l\u2019aide d&rsquo;une mani\u00e8re proactive. <\/p>\n\n\n\n<p class=\"wp-block-paragraph\">L\u2019objectif est d\u2019am\u00e9liorer<a href=\"https:\/\/www.humanium.org\/fr\/droit-a-la-sante-2\/\"> l\u2019apprentissage de la sant\u00e9<\/a> mentale chez les jeunes et les personnes \u00e2g\u00e9es, ainsi que d\u2019inclure<a href=\"https:\/\/www.humanium.org\/fr\/droit-a-la-sante-2\/\"> l&rsquo;\u00e9ducation de la sant\u00e9<\/a> mentale dans les \u00e9coles. Les parents sont \u00e9galement encourag\u00e9s \u00e0 demander de l\u2019aide professionnelle car le manque de connaissance peut empirer les situations familiales (Sammouri N, 2022).<\/p>\n\n\n\n<p class=\"wp-block-paragraph\">En 2003, afin de s\u2019attaquer \u00e0 ce probl\u00e8me, le gouvernement a lanc\u00e9 une campagne nationale de<a href=\"https:\/\/www.humanium.org\/fr\/droit-a-la-sante-2\/\"> sant\u00e9 maternelle et infantile<\/a> pour soutenir les jeunes ayant des probl\u00e8mes de sant\u00e9 mentale et augmenter les taux de f\u00e9condit\u00e9. Ils soulignent l\u2019importance du d\u00e9pistage pr\u00e9coce par des examens m\u00e9dicaux fr\u00e9quents et approfondis et encouragent la participation parentale en cr\u00e9ant des activit\u00e9s de groupe pour favoriser la socialisation des familles. <\/p>\n\n\n\n<p class=\"wp-block-paragraph\">Les institutions sont encourag\u00e9es \u00e0 collaborer de fa\u00e7on transparente afin de fournir aux enfants davantage d&rsquo;opportunit\u00e9s pour explorer le monde. Par ailleurs, ils fournissent des conseils t\u00e9l\u00e9phoniques gratuits pour<a href=\"https:\/\/www.humanium.org\/fr\/la-maltraitance-des-enfants\/\"> \u00e9viter la maltraitance<\/a><strong> <\/strong>et soutenir les membres vuln\u00e9rables de la soci\u00e9t\u00e9 (Fujisaki K, 2003).<\/p>\n\n\n\n<p class=\"wp-block-paragraph\">Le taux de natalit\u00e9 en baisse au<a href=\"https:\/\/www.humanium.org\/fr\/japon\/\"> Japon<\/a> a \u00e9t\u00e9 un probl\u00e8me persistant et l\u2019impact des difficult\u00e9s pendant l\u2019enfance se fait sentir dans la soci\u00e9t\u00e9. Les l\u00e9gislateurs reconnaissent qu\u2019il est urgent de s&rsquo;occuper de la crise d\u00e9mographique, car le temps presse. Cependant, le<a href=\"https:\/\/www.humanium.org\/fr\/japon\/\"> Japon<\/a> n\u2019est pas le seul \u00e0 faire face aux d\u00e9fis pour soutenir les enfants pour qu\u2019ils r\u00e9alisent leur plein potentiel, car de nombreux pays sont \u00e9galement confront\u00e9s \u00e0 des probl\u00e8mes similaires.&nbsp;&nbsp;<\/p>\n\n\n\n<figure class=\"wp-block-image size-large\"><img loading=\"lazy\" decoding=\"async\" width=\"1024\" height=\"683\" src=\"https:\/\/www.humanium.org\/fr\/wp-content\/uploads\/2023\/05\/shutterstock_1784280974-1024x683.jpg\" alt=\"\" class=\"wp-image-54950\" srcset=\"https:\/\/www.humanium.org\/fr\/wp-content\/uploads\/2023\/05\/shutterstock_1784280974-1024x683.jpg 1024w, https:\/\/www.humanium.org\/fr\/wp-content\/uploads\/2023\/05\/shutterstock_1784280974-300x200.jpg 300w, https:\/\/www.humanium.org\/fr\/wp-content\/uploads\/2023\/05\/shutterstock_1784280974-768x512.jpg 768w, https:\/\/www.humanium.org\/fr\/wp-content\/uploads\/2023\/05\/shutterstock_1784280974-1536x1024.jpg 1536w, https:\/\/www.humanium.org\/fr\/wp-content\/uploads\/2023\/05\/shutterstock_1784280974-2048x1365.jpg 2048w, https:\/\/www.humanium.org\/fr\/wp-content\/uploads\/2023\/05\/shutterstock_1784280974-830x553.jpg 830w, https:\/\/www.humanium.org\/fr\/wp-content\/uploads\/2023\/05\/shutterstock_1784280974-230x153.jpg 230w, https:\/\/www.humanium.org\/fr\/wp-content\/uploads\/2023\/05\/shutterstock_1784280974-350x233.jpg 350w, https:\/\/www.humanium.org\/fr\/wp-content\/uploads\/2023\/05\/shutterstock_1784280974-480x320.jpg 480w, https:\/\/www.humanium.org\/fr\/wp-content\/uploads\/2023\/05\/shutterstock_1784280974-272x182.jpg 272w\" sizes=\"auto, (max-width: 1024px) 100vw, 1024px\" \/><\/figure>\n\n\n\n<p class=\"wp-block-paragraph\">Pour valoriser les enfants et am\u00e9liorer la soci\u00e9t\u00e9, notre m\u00e9thodologie<strong> <\/strong>a \u00e9t\u00e9 mise en \u0153uvre avec succ\u00e8s dans plusieurs projets au Rwanda et en Inde avec l\u2019aide de conseillers de vie, de psychologues, de dipl\u00f4m\u00e9s en qualit\u00e9 de dirigeant et de th\u00e9rapeutes. Si vous souhaitez soutenir notre cause, vous pouvez envisager de faire un don, de parrainer un enfant, ou de faire du b\u00e9n\u00e9volat avec nous.<\/p>\n\n\n\n<p class=\"wp-block-paragraph\"><em><strong>Ecrit par Lidija Misic<\/strong><\/em><\/p>\n\n\n\n<p class=\"wp-block-paragraph\"><em><strong>Traduit par Kimberly Hoang<\/strong><\/em><\/p>\n\n\n\n<p class=\"wp-block-paragraph\"><em><strong>Relu par Victoire Ramos<\/strong><\/em><\/p>\n\n\n\n<h4 class=\"wp-block-heading\"><strong>Bibliographie:<\/strong><\/h4>\n\n\n\n<p class=\"has-small-font-size wp-block-paragraph\">Fujisaki Kiyomichi (2003). Measures Taken by the Government for Improving Mental Health of Children. Retrieved from Japan Medical Association at https:\/\/www.med.or.jp\/english\/pdf\/2003_10\/452_459.pdf, accessed on April 2, 2023.<\/p>\n\n\n\n<p class=\"has-small-font-size wp-block-paragraph\">Hori Tomoyuki (2022). Japanese youth&rsquo;s mental well-being is a concern as many report low satisfaction levels. Retrieved from The Mainichi at <a href=\"https:\/\/mainichi.jp\/english\/articles\/20220629\/p2a\/00m\/0na\/031000c\" target=\"_blank\" rel=\"noreferrer noopener\">https:\/\/mainichi.jp\/english\/articles\/20220629\/p2a\/00m\/0na\/031000c<\/a>, accessed on April 1, 2023.<\/p>\n\n\n\n<p class=\"has-small-font-size wp-block-paragraph\">International Youth Foundation (n.d.). Japan. Retrieved from The Global Youth Wellbeing Index at <a href=\"https:\/\/www.youthindex.org\/country\/japan\" target=\"_blank\" rel=\"noreferrer noopener\">https:\/\/www.youthindex.org\/country\/japan<\/a>, accessed on April 1, 2023.<\/p>\n\n\n\n<p class=\"has-small-font-size wp-block-paragraph\">Kim Chang-Ran (2019). The kids aren&rsquo;t all right: Japan struggles to protect its most vulnerable children. Retrieved from Reuters at <a href=\"https:\/\/www.reuters.com\/article\/us-japan-children-institutions-insight-idUSKCN1ST2U6\" target=\"_blank\" rel=\"noreferrer noopener\">https:\/\/www.reuters.com\/article\/us-japan-children-institutions-insight-idUSKCN1ST2U6<\/a>, accessed on April 1, 2023.<\/p>\n\n\n\n<p class=\"has-small-font-size wp-block-paragraph\">Kirk Eliza (2021). Mental health in Japan: stigma and low inequality. Retrieved from The Borgen Project at <a href=\"https:\/\/borgenproject.org\/mental-health-in-japan\/\" target=\"_blank\" rel=\"noreferrer noopener\">https:\/\/borgenproject.org\/mental-health-in-japan\/<\/a>, accessed on April 1, 2023.<\/p>\n\n\n\n<p class=\"has-small-font-size wp-block-paragraph\">Kyodo News (2020). Japanese kids suffer near worst mental health among richest nations. Retrieved at Kyodo News at <a href=\"https:\/\/english.kyodonews.net\/news\/2020\/09\/0ff519e1aff9-japanese-kids-suffer-near-worst-mental-health-among-richest-nations.html\" target=\"_blank\" rel=\"noreferrer noopener\">https:\/\/english.kyodonews.net\/news\/2020\/09\/0ff519e1aff9-japanese-kids-suffer-near-worst-mental-health-among-richest-nations.html<\/a>, accessed on April 2, 2023.<\/p>\n\n\n\n<p class=\"has-small-font-size wp-block-paragraph\">Li MH Tim, et al. (2015). Youth social withdrawal behavior (hikikomori): A systematic review of qualitative and quantitative studies. Retrieved from Sage Journals at <a href=\"https:\/\/journals.sagepub.com\/doi\/10.1177\/0004867415581179\" target=\"_blank\" rel=\"noreferrer noopener\">https:\/\/journals.sagepub.com\/doi\/10.1177\/0004867415581179<\/a>, accessed on April 1, 2023.<\/p>\n\n\n\n<p class=\"has-small-font-size wp-block-paragraph\">Nippon (2022). Suicide Rate for Minors Highest Ever in Japan. Retrieved from Nippon at <a href=\"https:\/\/www.nippon.com\/en\/japan-data\/h00857\/\" target=\"_blank\" rel=\"noreferrer noopener\">https:\/\/www.nippon.com\/en\/japan-data\/h00857\/<\/a>, accessed on April 1, 2023.<\/p>\n\n\n\n<p class=\"has-small-font-size wp-block-paragraph\">Sammouri Nader (2022). The stigma of mental health and sanity in Japan. Retrieved at Arab News at <a href=\"https:\/\/www.arabnews.jp\/en\/features\/article_72751\/\" target=\"_blank\" rel=\"noreferrer noopener\">https:\/\/www.arabnews.jp\/en\/features\/article_72751\/<\/a>, accessed on April 2, 2023.<\/p>\n","protected":false},"excerpt":{"rendered":"<p>Les jeunes au Japon sont aux prises avec des probl\u00e8mes de sant\u00e9 mentale dus \u00e0 la pression scolaire, aux normes sociales, au harc\u00e8lement, et au manque d&rsquo;ind\u00e9pendance. De plus, le Japon fait face \u00e0 une tendance inqui\u00e9tante avec un taux de suicide qui augmente parmi les personnes de moins de 20 ans. Malheureusement, la stigmatisation [&hellip;]<\/p>\n","protected":false},"author":69,"featured_media":54953,"comment_status":"closed","ping_status":"closed","sticky":false,"template":"","format":"standard","meta":{"footnotes":""},"categories":[10],"tags":[],"class_list":["post-54949","post","type-post","status-publish","format-standard","has-post-thumbnail","hentry","category-sante"],"yoast_head":"<!-- This site is optimized with the Yoast SEO plugin v28.3 - https:\/\/yoast.com\/product\/yoast-seo-wordpress\/ -->\n<title>Les luttes cach\u00e9es : la surprenante crise de sant\u00e9 mentale parmi les jeunes Japonais - Humanium<\/title>\n<meta name=\"description\" content=\"Le jeune a connu des probl\u00e8mes de sant\u00e9 mentale en raison de la pression scolaire, des normes sociales et des brimades.\" \/>\n<meta name=\"robots\" content=\"index, follow, max-snippet:-1, max-image-preview:large, max-video-preview:-1\" \/>\n<link rel=\"canonical\" href=\"https:\/\/www.humanium.org\/fr\/les-luttes-cachees-la-surprenante-crise-de-sante-mentale-parmi-les-jeunes-japonais\/\" \/>\n<meta property=\"og:locale\" content=\"fr_FR\" \/>\n<meta property=\"og:type\" content=\"article\" \/>\n<meta property=\"og:title\" content=\"Les luttes cach\u00e9es : la surprenante crise de sant\u00e9 mentale parmi les jeunes Japonais - Humanium\" \/>\n<meta property=\"og:description\" content=\"Le jeune a connu des probl\u00e8mes de sant\u00e9 mentale en raison de la pression scolaire, des normes sociales et des brimades.\" \/>\n<meta property=\"og:url\" content=\"https:\/\/www.humanium.org\/fr\/les-luttes-cachees-la-surprenante-crise-de-sante-mentale-parmi-les-jeunes-japonais\/\" \/>\n<meta property=\"og:site_name\" content=\"Humanium\" \/>\n<meta property=\"article:published_time\" content=\"2023-05-09T17:46:05+00:00\" \/>\n<meta property=\"article:modified_time\" content=\"2026-08-21T03:22:56+00:00\" \/>\n<meta property=\"og:image\" content=\"https:\/\/www.humanium.org\/fr\/wp-content\/uploads\/2023\/05\/shutterstock_2180716197-scaled.jpg\" \/>\n\t<meta property=\"og:image:width\" content=\"2560\" \/>\n\t<meta property=\"og:image:height\" content=\"1708\" \/>\n\t<meta property=\"og:image:type\" content=\"image\/jpeg\" \/>\n<meta name=\"author\" content=\"Humanium\" \/>\n<meta name=\"twitter:card\" content=\"summary_large_image\" \/>\n<meta name=\"twitter:label1\" content=\"\u00c9crit par\" \/>\n\t<meta name=\"twitter:data1\" content=\"Humanium\" \/>\n\t<meta name=\"twitter:label2\" content=\"Dur\u00e9e de lecture estim\u00e9e\" \/>\n\t<meta name=\"twitter:data2\" content=\"9 minutes\" \/>\n<script type=\"application\/ld+json\" class=\"yoast-schema-graph\">{\"@context\":\"https:\\\/\\\/schema.org\",\"@graph\":[{\"@type\":\"Article\",\"@id\":\"https:\\\/\\\/www.humanium.org\\\/fr\\\/les-luttes-cachees-la-surprenante-crise-de-sante-mentale-parmi-les-jeunes-japonais\\\/#article\",\"isPartOf\":{\"@id\":\"https:\\\/\\\/www.humanium.org\\\/fr\\\/les-luttes-cachees-la-surprenante-crise-de-sante-mentale-parmi-les-jeunes-japonais\\\/\"},\"author\":{\"name\":\"Humanium\",\"@id\":\"https:\\\/\\\/www.humanium.org\\\/fr\\\/#\\\/schema\\\/person\\\/d798d6c7d59ba2307e0877f61a20ce3e\"},\"headline\":\"Les luttes cach\u00e9es : la surprenante crise de sant\u00e9 mentale parmi les jeunes Japonais\",\"datePublished\":\"2023-05-09T17:46:05+00:00\",\"dateModified\":\"2026-08-21T03:22:56+00:00\",\"mainEntityOfPage\":{\"@id\":\"https:\\\/\\\/www.humanium.org\\\/fr\\\/les-luttes-cachees-la-surprenante-crise-de-sante-mentale-parmi-les-jeunes-japonais\\\/\"},\"wordCount\":1790,\"image\":{\"@id\":\"https:\\\/\\\/www.humanium.org\\\/fr\\\/les-luttes-cachees-la-surprenante-crise-de-sante-mentale-parmi-les-jeunes-japonais\\\/#primaryimage\"},\"thumbnailUrl\":\"https:\\\/\\\/www.humanium.org\\\/fr\\\/wp-content\\\/uploads\\\/2023\\\/05\\\/shutterstock_2180716197-scaled.jpg\",\"articleSection\":[\"Sant\u00e9\"],\"inLanguage\":\"fr-FR\"},{\"@type\":\"WebPage\",\"@id\":\"https:\\\/\\\/www.humanium.org\\\/fr\\\/les-luttes-cachees-la-surprenante-crise-de-sante-mentale-parmi-les-jeunes-japonais\\\/\",\"url\":\"https:\\\/\\\/www.humanium.org\\\/fr\\\/les-luttes-cachees-la-surprenante-crise-de-sante-mentale-parmi-les-jeunes-japonais\\\/\",\"name\":\"Les luttes cach\u00e9es : la surprenante crise de sant\u00e9 mentale parmi les jeunes Japonais - Humanium\",\"isPartOf\":{\"@id\":\"https:\\\/\\\/www.humanium.org\\\/fr\\\/#website\"},\"primaryImageOfPage\":{\"@id\":\"https:\\\/\\\/www.humanium.org\\\/fr\\\/les-luttes-cachees-la-surprenante-crise-de-sante-mentale-parmi-les-jeunes-japonais\\\/#primaryimage\"},\"image\":{\"@id\":\"https:\\\/\\\/www.humanium.org\\\/fr\\\/les-luttes-cachees-la-surprenante-crise-de-sante-mentale-parmi-les-jeunes-japonais\\\/#primaryimage\"},\"thumbnailUrl\":\"https:\\\/\\\/www.humanium.org\\\/fr\\\/wp-content\\\/uploads\\\/2023\\\/05\\\/shutterstock_2180716197-scaled.jpg\",\"datePublished\":\"2023-05-09T17:46:05+00:00\",\"dateModified\":\"2026-08-21T03:22:56+00:00\",\"author\":{\"@id\":\"https:\\\/\\\/www.humanium.org\\\/fr\\\/#\\\/schema\\\/person\\\/d798d6c7d59ba2307e0877f61a20ce3e\"},\"description\":\"Le jeune a connu des probl\u00e8mes de sant\u00e9 mentale en raison de la pression scolaire, des normes sociales et des brimades.\",\"breadcrumb\":{\"@id\":\"https:\\\/\\\/www.humanium.org\\\/fr\\\/les-luttes-cachees-la-surprenante-crise-de-sante-mentale-parmi-les-jeunes-japonais\\\/#breadcrumb\"},\"inLanguage\":\"fr-FR\",\"potentialAction\":[{\"@type\":\"ReadAction\",\"target\":[\"https:\\\/\\\/www.humanium.org\\\/fr\\\/les-luttes-cachees-la-surprenante-crise-de-sante-mentale-parmi-les-jeunes-japonais\\\/\"]}]},{\"@type\":\"ImageObject\",\"inLanguage\":\"fr-FR\",\"@id\":\"https:\\\/\\\/www.humanium.org\\\/fr\\\/les-luttes-cachees-la-surprenante-crise-de-sante-mentale-parmi-les-jeunes-japonais\\\/#primaryimage\",\"url\":\"https:\\\/\\\/www.humanium.org\\\/fr\\\/wp-content\\\/uploads\\\/2023\\\/05\\\/shutterstock_2180716197-scaled.jpg\",\"contentUrl\":\"https:\\\/\\\/www.humanium.org\\\/fr\\\/wp-content\\\/uploads\\\/2023\\\/05\\\/shutterstock_2180716197-scaled.jpg\",\"width\":2560,\"height\":1708},{\"@type\":\"BreadcrumbList\",\"@id\":\"https:\\\/\\\/www.humanium.org\\\/fr\\\/les-luttes-cachees-la-surprenante-crise-de-sante-mentale-parmi-les-jeunes-japonais\\\/#breadcrumb\",\"itemListElement\":[{\"@type\":\"ListItem\",\"position\":1,\"name\":\"Home\",\"item\":\"https:\\\/\\\/www.humanium.org\\\/fr\\\/\"},{\"@type\":\"ListItem\",\"position\":2,\"name\":\"Les luttes cach\u00e9es : la surprenante crise de sant\u00e9 mentale parmi les jeunes Japonais\"}]},{\"@type\":\"WebSite\",\"@id\":\"https:\\\/\\\/www.humanium.org\\\/fr\\\/#website\",\"url\":\"https:\\\/\\\/www.humanium.org\\\/fr\\\/\",\"name\":\"Humanium\",\"description\":\"Les enfants d\u2019abord !\",\"potentialAction\":[{\"@type\":\"SearchAction\",\"target\":{\"@type\":\"EntryPoint\",\"urlTemplate\":\"https:\\\/\\\/www.humanium.org\\\/fr\\\/?s={search_term_string}\"},\"query-input\":{\"@type\":\"PropertyValueSpecification\",\"valueRequired\":true,\"valueName\":\"search_term_string\"}}],\"inLanguage\":\"fr-FR\"},{\"@type\":\"Person\",\"@id\":\"https:\\\/\\\/www.humanium.org\\\/fr\\\/#\\\/schema\\\/person\\\/d798d6c7d59ba2307e0877f61a20ce3e\",\"name\":\"Humanium\",\"image\":{\"@type\":\"ImageObject\",\"inLanguage\":\"fr-FR\",\"@id\":\"https:\\\/\\\/secure.gravatar.com\\\/avatar\\\/22715e338d2fcc547e3a431c4738360d33fea2a4af458f865b2c3b22f1eaa51f?s=96&d=mm&r=g\",\"url\":\"https:\\\/\\\/secure.gravatar.com\\\/avatar\\\/22715e338d2fcc547e3a431c4738360d33fea2a4af458f865b2c3b22f1eaa51f?s=96&d=mm&r=g\",\"contentUrl\":\"https:\\\/\\\/secure.gravatar.com\\\/avatar\\\/22715e338d2fcc547e3a431c4738360d33fea2a4af458f865b2c3b22f1eaa51f?s=96&d=mm&r=g\",\"caption\":\"Humanium\"},\"url\":\"https:\\\/\\\/www.humanium.org\\\/fr\\\/author\\\/humanium\\\/\"}]}<\/script>\n<!-- \/ Yoast SEO plugin. -->","yoast_head_json":{"title":"Les luttes cach\u00e9es : la surprenante crise de sant\u00e9 mentale parmi les jeunes Japonais - Humanium","description":"Le jeune a connu des probl\u00e8mes de sant\u00e9 mentale en raison de la pression scolaire, des normes sociales et des brimades.","robots":{"index":"index","follow":"follow","max-snippet":"max-snippet:-1","max-image-preview":"max-image-preview:large","max-video-preview":"max-video-preview:-1"},"canonical":"https:\/\/www.humanium.org\/fr\/les-luttes-cachees-la-surprenante-crise-de-sante-mentale-parmi-les-jeunes-japonais\/","og_locale":"fr_FR","og_type":"article","og_title":"Les luttes cach\u00e9es : la surprenante crise de sant\u00e9 mentale parmi les jeunes Japonais - Humanium","og_description":"Le jeune a connu des probl\u00e8mes de sant\u00e9 mentale en raison de la pression scolaire, des normes sociales et des brimades.","og_url":"https:\/\/www.humanium.org\/fr\/les-luttes-cachees-la-surprenante-crise-de-sante-mentale-parmi-les-jeunes-japonais\/","og_site_name":"Humanium","article_published_time":"2023-05-09T17:46:05+00:00","article_modified_time":"2026-08-21T03:22:56+00:00","og_image":[{"width":2560,"height":1708,"url":"https:\/\/www.humanium.org\/fr\/wp-content\/uploads\/2023\/05\/shutterstock_2180716197-scaled.jpg","type":"image\/jpeg"}],"author":"Humanium","twitter_card":"summary_large_image","twitter_misc":{"\u00c9crit par":"Humanium","Dur\u00e9e de lecture estim\u00e9e":"9 minutes"},"schema":{"@context":"https:\/\/schema.org","@graph":[{"@type":"Article","@id":"https:\/\/www.humanium.org\/fr\/les-luttes-cachees-la-surprenante-crise-de-sante-mentale-parmi-les-jeunes-japonais\/#article","isPartOf":{"@id":"https:\/\/www.humanium.org\/fr\/les-luttes-cachees-la-surprenante-crise-de-sante-mentale-parmi-les-jeunes-japonais\/"},"author":{"name":"Humanium","@id":"https:\/\/www.humanium.org\/fr\/#\/schema\/person\/d798d6c7d59ba2307e0877f61a20ce3e"},"headline":"Les luttes cach\u00e9es : la surprenante crise de sant\u00e9 mentale parmi les jeunes Japonais","datePublished":"2023-05-09T17:46:05+00:00","dateModified":"2026-08-21T03:22:56+00:00","mainEntityOfPage":{"@id":"https:\/\/www.humanium.org\/fr\/les-luttes-cachees-la-surprenante-crise-de-sante-mentale-parmi-les-jeunes-japonais\/"},"wordCount":1790,"image":{"@id":"https:\/\/www.humanium.org\/fr\/les-luttes-cachees-la-surprenante-crise-de-sante-mentale-parmi-les-jeunes-japonais\/#primaryimage"},"thumbnailUrl":"https:\/\/www.humanium.org\/fr\/wp-content\/uploads\/2023\/05\/shutterstock_2180716197-scaled.jpg","articleSection":["Sant\u00e9"],"inLanguage":"fr-FR"},{"@type":"WebPage","@id":"https:\/\/www.humanium.org\/fr\/les-luttes-cachees-la-surprenante-crise-de-sante-mentale-parmi-les-jeunes-japonais\/","url":"https:\/\/www.humanium.org\/fr\/les-luttes-cachees-la-surprenante-crise-de-sante-mentale-parmi-les-jeunes-japonais\/","name":"Les luttes cach\u00e9es : la surprenante crise de sant\u00e9 mentale parmi les jeunes Japonais - Humanium","isPartOf":{"@id":"https:\/\/www.humanium.org\/fr\/#website"},"primaryImageOfPage":{"@id":"https:\/\/www.humanium.org\/fr\/les-luttes-cachees-la-surprenante-crise-de-sante-mentale-parmi-les-jeunes-japonais\/#primaryimage"},"image":{"@id":"https:\/\/www.humanium.org\/fr\/les-luttes-cachees-la-surprenante-crise-de-sante-mentale-parmi-les-jeunes-japonais\/#primaryimage"},"thumbnailUrl":"https:\/\/www.humanium.org\/fr\/wp-content\/uploads\/2023\/05\/shutterstock_2180716197-scaled.jpg","datePublished":"2023-05-09T17:46:05+00:00","dateModified":"2026-08-21T03:22:56+00:00","author":{"@id":"https:\/\/www.humanium.org\/fr\/#\/schema\/person\/d798d6c7d59ba2307e0877f61a20ce3e"},"description":"Le jeune a connu des probl\u00e8mes de sant\u00e9 mentale en raison de la pression scolaire, des normes sociales et des brimades.","breadcrumb":{"@id":"https:\/\/www.humanium.org\/fr\/les-luttes-cachees-la-surprenante-crise-de-sante-mentale-parmi-les-jeunes-japonais\/#breadcrumb"},"inLanguage":"fr-FR","potentialAction":[{"@type":"ReadAction","target":["https:\/\/www.humanium.org\/fr\/les-luttes-cachees-la-surprenante-crise-de-sante-mentale-parmi-les-jeunes-japonais\/"]}]},{"@type":"ImageObject","inLanguage":"fr-FR","@id":"https:\/\/www.humanium.org\/fr\/les-luttes-cachees-la-surprenante-crise-de-sante-mentale-parmi-les-jeunes-japonais\/#primaryimage","url":"https:\/\/www.humanium.org\/fr\/wp-content\/uploads\/2023\/05\/shutterstock_2180716197-scaled.jpg","contentUrl":"https:\/\/www.humanium.org\/fr\/wp-content\/uploads\/2023\/05\/shutterstock_2180716197-scaled.jpg","width":2560,"height":1708},{"@type":"BreadcrumbList","@id":"https:\/\/www.humanium.org\/fr\/les-luttes-cachees-la-surprenante-crise-de-sante-mentale-parmi-les-jeunes-japonais\/#breadcrumb","itemListElement":[{"@type":"ListItem","position":1,"name":"Home","item":"https:\/\/www.humanium.org\/fr\/"},{"@type":"ListItem","position":2,"name":"Les luttes cach\u00e9es : la surprenante crise de sant\u00e9 mentale parmi les jeunes Japonais"}]},{"@type":"WebSite","@id":"https:\/\/www.humanium.org\/fr\/#website","url":"https:\/\/www.humanium.org\/fr\/","name":"Humanium","description":"Les enfants d\u2019abord !","potentialAction":[{"@type":"SearchAction","target":{"@type":"EntryPoint","urlTemplate":"https:\/\/www.humanium.org\/fr\/?s={search_term_string}"},"query-input":{"@type":"PropertyValueSpecification","valueRequired":true,"valueName":"search_term_string"}}],"inLanguage":"fr-FR"},{"@type":"Person","@id":"https:\/\/www.humanium.org\/fr\/#\/schema\/person\/d798d6c7d59ba2307e0877f61a20ce3e","name":"Humanium","image":{"@type":"ImageObject","inLanguage":"fr-FR","@id":"https:\/\/secure.gravatar.com\/avatar\/22715e338d2fcc547e3a431c4738360d33fea2a4af458f865b2c3b22f1eaa51f?s=96&d=mm&r=g","url":"https:\/\/secure.gravatar.com\/avatar\/22715e338d2fcc547e3a431c4738360d33fea2a4af458f865b2c3b22f1eaa51f?s=96&d=mm&r=g","contentUrl":"https:\/\/secure.gravatar.com\/avatar\/22715e338d2fcc547e3a431c4738360d33fea2a4af458f865b2c3b22f1eaa51f?s=96&d=mm&r=g","caption":"Humanium"},"url":"https:\/\/www.humanium.org\/fr\/author\/humanium\/"}]}},"_links":{"self":[{"href":"https:\/\/www.humanium.org\/fr\/wp-json\/wp\/v2\/posts\/54949","targetHints":{"allow":["GET"]}}],"collection":[{"href":"https:\/\/www.humanium.org\/fr\/wp-json\/wp\/v2\/posts"}],"about":[{"href":"https:\/\/www.humanium.org\/fr\/wp-json\/wp\/v2\/types\/post"}],"author":[{"embeddable":true,"href":"https:\/\/www.humanium.org\/fr\/wp-json\/wp\/v2\/users\/69"}],"replies":[{"embeddable":true,"href":"https:\/\/www.humanium.org\/fr\/wp-json\/wp\/v2\/comments?post=54949"}],"version-history":[{"count":10,"href":"https:\/\/www.humanium.org\/fr\/wp-json\/wp\/v2\/posts\/54949\/revisions"}],"predecessor-version":[{"id":62787,"href":"https:\/\/www.humanium.org\/fr\/wp-json\/wp\/v2\/posts\/54949\/revisions\/62787"}],"wp:featuredmedia":[{"embeddable":true,"href":"https:\/\/www.humanium.org\/fr\/wp-json\/wp\/v2\/media\/54953"}],"wp:attachment":[{"href":"https:\/\/www.humanium.org\/fr\/wp-json\/wp\/v2\/media?parent=54949"}],"wp:term":[{"taxonomy":"category","embeddable":true,"href":"https:\/\/www.humanium.org\/fr\/wp-json\/wp\/v2\/categories?post=54949"},{"taxonomy":"post_tag","embeddable":true,"href":"https:\/\/www.humanium.org\/fr\/wp-json\/wp\/v2\/tags?post=54949"}],"curies":[{"name":"wp","href":"https:\/\/api.w.org\/{rel}","templated":true}]}}