{"id":54983,"date":"2023-05-16T12:07:24","date_gmt":"2023-05-16T12:07:24","guid":{"rendered":"https:\/\/www.humanium.org\/fr\/?p=54983"},"modified":"2026-08-21T03:19:36","modified_gmt":"2026-08-21T03:19:36","slug":"nettoyage-ethnique-en-chine-lhorrible-sort-des-enfants-ouighours","status":"publish","type":"post","link":"https:\/\/www.humanium.org\/fr\/nettoyage-ethnique-en-chine-lhorrible-sort-des-enfants-ouighours\/","title":{"rendered":"<strong>Nettoyage ethnique en Chine\u00a0: l\u2019horrible sort des enfants ou\u00efghours<\/strong>"},"content":{"rendered":"\n<p class=\"wp-block-paragraph\"><strong>En raison de leur <\/strong><strong>origine ethnique<\/strong><strong> et de leur <\/strong><a href=\"https:\/\/www.humanium.org\/fr\/enfants-religions\/\"><strong>religion<\/strong><\/a><strong>, les ou\u00efghours sont marginalis\u00e9s et soumis \u00e0 une \u00e9troite surveillance. Ils sont <\/strong><a href=\"https:\/\/www.humanium.org\/fr\/enfants-detenus\/\"><strong>d\u00e9tenus<\/strong><\/a><strong> contre leur gr\u00e9, <\/strong><a href=\"https:\/\/www.humanium.org\/fr\/la-maltraitance-des-enfants\/\"><strong>maltrait\u00e9s<\/strong><\/a><strong>, <\/strong><a href=\"https:\/\/www.humanium.org\/fr\/la-maltraitance-des-enfants\/\"><strong>tortur\u00e9s<\/strong><\/a><strong> et <\/strong><strong>pers\u00e9cut\u00e9s<\/strong><strong> pour la simple raison qu\u2019ils appartiennent \u00e0 une <\/strong><strong>minorit\u00e9<\/strong><a href=\"https:\/\/www.humanium.org\/fr\/enfants-religions\/\"><strong> musulmane<\/strong><\/a><strong> en <\/strong><a href=\"https:\/\/www.humanium.org\/fr\/chine\/\"><strong>Chine.<\/strong><\/a><strong> Parmi les victimes les plus vuln\u00e9rables de la <\/strong><strong>violence ethnique<\/strong><strong> en <\/strong><a href=\"https:\/\/www.humanium.org\/fr\/chine\/\"><strong>Chine<\/strong><\/a><strong> se trouvent les enfants ou\u00efghours. S\u00e9par\u00e9s de leur <\/strong><a href=\"https:\/\/www.humanium.org\/fr\/famille-droits-enfant\/\"><strong>famille<\/strong><\/a><strong> et de leurs parents, et envoy\u00e9s dans des <\/strong><a href=\"https:\/\/www.humanium.org\/fr\/enfants-detenus\/\"><strong>\u00e9tablissements sous tutelle de l\u2019\u00c9tat<\/strong><\/a><strong>, les enfants ou\u00efghours font l\u2019objet de violations flagrantes de leurs droits humains, allant du lavage de cerveau \u00e0 de <\/strong><a href=\"https:\/\/www.humanium.org\/fr\/la-maltraitance-des-enfants\/\"><strong>mauvais traitements<\/strong><\/a><strong> physiques et psychologiques et \u00e0 la <\/strong><strong>pers\u00e9cution<\/strong><strong>.<\/strong><\/p>\n\n\n\n<h2 class=\"wp-block-heading\"><strong>Les ou\u00efghours&nbsp;: une <\/strong><strong>minorit\u00e9<\/strong><strong> <\/strong><strong>ethnique<\/strong><strong> en <\/strong><a href=\"https:\/\/www.humanium.org\/fr\/chine\/\"><strong>Chine<\/strong><\/a><\/h2>\n\n\n\n<p class=\"wp-block-paragraph\">Les ou\u00efghours, \u00e9galement appel\u00e9s \u00ab\u2009<em>Weiwu\u2019er\u2009\u00bb ou \u00ab\u2009Uygur\u2009\u00bb<\/em>, sont une minorit\u00e9 <a href=\"https:\/\/www.humanium.org\/fr\/enfants-religions\/\">musulmane<\/a> de langue turque vivant essentiellement dans le nord-ouest de la <a href=\"https:\/\/www.humanium.org\/fr\/chine\/\">Chine<\/a>, plus pr\u00e9cis\u00e9ment dans la r\u00e9gion autonome ou\u00efghoure du Xinjiang (Britannica, 2023). La <a href=\"https:\/\/www.humanium.org\/fr\/chine\/\">Chine<\/a> compte environ 10\u2009000\u2009000&nbsp;ou\u00efghours, et \u00ab\u2009au moins&nbsp;300\u2009000 habitent l\u2019Ouzb\u00e9kistan, le Kazakhstan et le Kirghizstan, au d\u00e9but du XXI<sup>e<\/sup>&nbsp;si\u00e8cle\u2009\u00bb (Britannica, 2023). La langue ou\u00efghoure appartient au groupe turc des langues alta\u00efques, et les ou\u00efghours figurent parmi \u00ab\u2009les plus anciens peuples turcophones d\u2019Asie centrale\u2009\u00bb (Britannica, 2023).&nbsp;<\/p>\n\n\n\n<h2 class=\"wp-block-heading\"><strong>La politique <\/strong><strong>discriminatoire<\/strong><strong> de la <\/strong><a href=\"https:\/\/www.humanium.org\/fr\/chine\/\"><strong>Chine<\/strong><\/a><strong> contre la <\/strong><strong>minorit\u00e9<\/strong><strong> ou\u00efghoure<\/strong><\/h2>\n\n\n\n<p class=\"wp-block-paragraph\">La <a href=\"https:\/\/www.humanium.org\/fr\/enfants-detenus\/\">d\u00e9tention<\/a> et l\u2019assassinat de la minorit\u00e9 ou\u00efghoure par l\u2019\u00e9tat <a href=\"https:\/\/www.humanium.org\/fr\/chine\/\">chinois<\/a> ne sont malheureusement pas un fait nouveau dans le monde. Selon le Council on Foreign Relations (2022), ces pratiques se sont intensifi\u00e9es depuis 2017. Et au-del\u00e0 des <a href=\"https:\/\/www.humanium.org\/fr\/enfants-detenus\/\">d\u00e9tentions<\/a> et des meurtres cit\u00e9s plus haut, la minorit\u00e9 ou\u00efghoure de <a href=\"https:\/\/www.humanium.org\/fr\/chine\/\">Chine<\/a> fait l\u2019objet d\u2019une surveillance intensive, de travaux forc\u00e9s, de st\u00e9rilisations involontaires, et \u00e0 d\u2019autres <a href=\"https:\/\/www.humanium.org\/fr\/la-maltraitance-des-enfants\/\">violations<\/a> de ses droits (Council on Foreign Relations, 2022). De plus, les Ou\u00efghours et leurs enfants ne peuvent quitter le pays, car les autorit\u00e9s chinoises ont confisqu\u00e9 leurs documents de voyage (CNN, 2021).<\/p>\n\n\n\n<p class=\"wp-block-paragraph\">La <a href=\"https:\/\/www.humanium.org\/fr\/chine\/\">Chine<\/a> a expliqu\u00e9 sa politique de r\u00e9pression des Ou\u00efghours par son inqui\u00e9tude concernant \u00ab\u2009les id\u00e9es s\u00e9paratistes et extr\u00e9mistes\u2009\u00bb pr\u00f4n\u00e9es par cette minorit\u00e9. Elle a donc contraint ces derniers \u00e0 s\u2019installer dans des camps d\u2019\u00c9tat \u00ab\u2009dans le but d\u2019\u00e9liminer toutes menaces concernant l\u2019int\u00e9grit\u00e9 territoriale de la <a href=\"https:\/\/www.humanium.org\/fr\/chine\/\">Chine<\/a>, son gouvernement et sa population\u2009\u00bb. (Council on Foreign Relations, 2022)&nbsp;<\/p>\n\n\n\n<p class=\"wp-block-paragraph\">La <a href=\"https:\/\/www.humanium.org\/fr\/chine\/\">Chine<\/a> associe les Ou\u00efghours au s\u00e9paratisme, \u00e0 l\u2019extr\u00e9misme et au terrorisme (Global Risk Insights, 2016). Les Ou\u00efghours ont \u00e9t\u00e9 consid\u00e9r\u00e9s comme une menace par la <a href=\"https:\/\/www.humanium.org\/fr\/chine\/\">Chine<\/a>, simplement parce qu\u2019ils parlent une langue diff\u00e9rente et pratiquent une <a href=\"https:\/\/www.humanium.org\/fr\/enfants-religions\/\">religion<\/a>. Cette politique s\u2019inscrit dans la volont\u00e9 du pr\u00e9sident Xi Jinping de faire conformer tous les citoyens <a href=\"https:\/\/www.humanium.org\/fr\/chine\/\">chinois<\/a> \u00ab\u2009\u00e0 la doctrine officielle de l\u2019ath\u00e9isme et aux coutumes soci\u00e9tales de la majorit\u00e9 chinoise Han\u2009\u00bb. (Council on Foreign Relations, 2022)<\/p>\n\n\n\n<figure class=\"wp-block-image size-large\"><img loading=\"lazy\" decoding=\"async\" width=\"1024\" height=\"576\" src=\"https:\/\/www.humanium.org\/fr\/wp-content\/uploads\/2023\/05\/shutterstock_2281728381-1024x576.jpg\" alt=\"\" class=\"wp-image-54985\" srcset=\"https:\/\/www.humanium.org\/fr\/wp-content\/uploads\/2023\/05\/shutterstock_2281728381-1024x576.jpg 1024w, https:\/\/www.humanium.org\/fr\/wp-content\/uploads\/2023\/05\/shutterstock_2281728381-300x169.jpg 300w, https:\/\/www.humanium.org\/fr\/wp-content\/uploads\/2023\/05\/shutterstock_2281728381-768x432.jpg 768w, https:\/\/www.humanium.org\/fr\/wp-content\/uploads\/2023\/05\/shutterstock_2281728381-1536x864.jpg 1536w, https:\/\/www.humanium.org\/fr\/wp-content\/uploads\/2023\/05\/shutterstock_2281728381-2048x1152.jpg 2048w, https:\/\/www.humanium.org\/fr\/wp-content\/uploads\/2023\/05\/shutterstock_2281728381-830x467.jpg 830w, https:\/\/www.humanium.org\/fr\/wp-content\/uploads\/2023\/05\/shutterstock_2281728381-230x129.jpg 230w, https:\/\/www.humanium.org\/fr\/wp-content\/uploads\/2023\/05\/shutterstock_2281728381-350x197.jpg 350w, https:\/\/www.humanium.org\/fr\/wp-content\/uploads\/2023\/05\/shutterstock_2281728381-480x270.jpg 480w\" sizes=\"auto, (max-width: 1024px) 100vw, 1024px\" \/><\/figure>\n\n\n\n<p class=\"wp-block-paragraph\">La Chine impose une r\u00e9glementation stricte sur la pratique religieuse des Ou\u00efghours, avec un niveau \u00ab\u2009de d\u00e9tail, d\u2019intrusion et de contr\u00f4le particuli\u00e8rement \u00e9lev\u00e9\u2009\u00bb (Office of the High Commissioner for Human Rights, 2022). Les <a href=\"https:\/\/www.humanium.org\/fr\/enfants-religions\/\">activit\u00e9s religieuses<\/a> sont strictement interdites dans \u00ab\u2009les institutions \u00e9tatiques, les \u00e9coles de l\u2019\u00c9ducation nationale, les \u00e9tablissements publics et autres endroits\u2009\u00bb et toute <a href=\"https:\/\/www.humanium.org\/fr\/enfants-religions\/\">activit\u00e9 religieuse<\/a> est strictement interdite (Office of the High Commissioner for Human Rights, 2022). La <a href=\"https:\/\/www.humanium.org\/fr\/chine\/\">Chine<\/a> viole de mani\u00e8re flagrante le droit de choisir sa religion et le droit de la pratiquer librement.<\/p>\n\n\n\n<p class=\"wp-block-paragraph\">Cette politique de contr\u00f4le de la <a href=\"https:\/\/www.humanium.org\/fr\/enfants-religions\/\">religion<\/a>, associ\u00e9e aux diverses et atroces violations des droits humains commises par la <a href=\"https:\/\/www.humanium.org\/fr\/chine\/\">Chine<\/a>, repr\u00e9sente les souffrances des Ou\u00efghours et de leurs enfants, en tant que minorit\u00e9 en <a href=\"https:\/\/www.humanium.org\/fr\/chine\/\">Chine<\/a>. Et \u00e0 ce jour, le gouvernement <a href=\"https:\/\/www.humanium.org\/fr\/chine\/\">chinois<\/a> a \u00ab\u2009constamment ni\u00e9 les all\u00e9gations concernant les discriminations \u00e0 l\u2019encontre des minorit\u00e9s ou\u00efghoures et\u2009 \u00e0 pr\u00e9dominance musulmane\u2009\u00bb vivant dans la r\u00e9gion autonome ou\u00efghoure du Xinjiang (Office of the High Commissioner for Human Rights, 2022).<\/p>\n\n\n\n<h2 class=\"wp-block-heading\"><strong>La <\/strong><strong>violence ethnique<\/strong><strong> appliqu\u00e9e par la <\/strong><a href=\"https:\/\/www.humanium.org\/fr\/chine\/\"><strong>Chine<\/strong><\/a><\/h2>\n\n\n\n<p class=\"wp-block-paragraph\">Les politiques de surveillance et de ciblage adopt\u00e9es par la <a href=\"https:\/\/www.humanium.org\/fr\/chine\/\">Chine<\/a> \u00e0 l\u2019encontre de la minorit\u00e9 ou\u00efghoure, ainsi que sa volont\u00e9 d\u2019\u00e9radiquer les pratiques ethniques contraires \u00e0 la volont\u00e9 du pr\u00e9sident Xi Jinping, ont donn\u00e9 lieu \u00e0 une vague de <a href=\"https:\/\/www.humanium.org\/fr\/la-maltraitance-des-enfants\/\">violence<\/a> et de violations des droits humains \u00e0 l\u2019encontre de la minorit\u00e9 ou\u00efghoure. Depuis 2018, de nombreux membres de cette minorit\u00e9 ont \u00e9t\u00e9 envoy\u00e9s de force dans des \u00ab\u2009centres d\u2019enseignement et de formation professionnelle\u2009\u00bb (CEFP), o\u00f9, fortement surveill\u00e9s, ils ne peuvent ni parler leur propre langue ni pratiquer leur religion (Office of the High Commissioner for Human Rights, 2022).<\/p>\n\n\n\n<p class=\"wp-block-paragraph\">Ils sont battus avec des matraques, y compris \u00ab\u2009quand ils sont attach\u00e9s, avec des matraques \u00e9lectriques\u2009\u00bb\u2009; ils sont soumis \u00ab\u2009\u00e0 des interrogatoires pendant qu\u2019on leur verse de l\u2019eau sur le visage\u2009\u00bb\u2009; ils sont \u00ab\u2009plac\u00e9s en isolement prolong\u00e9\u2009\u00bb, et \u00ab\u2009on les force \u00e0 rester assis immobiles sur de petits tabourets pendant de longues p\u00e9riodes\u2009\u00bb (Office of the High Commissioner for Human Rights, 2022).<\/p>\n\n\n\n<p class=\"wp-block-paragraph\">En outre, et ceci est alarmant, d\u2019anciennes <a href=\"https:\/\/www.humanium.org\/fr\/enfants-detenus\/\">d\u00e9tenues<\/a> ou\u00efghoures ont racont\u00e9 avoir \u00e9t\u00e9 viol\u00e9es par des fonctionnaires <a href=\"https:\/\/www.humanium.org\/fr\/chine\/\">chinois<\/a> en dehors de leurs dortoirs et \u00ab\u2009forc\u00e9es par des gardes <em>(chinois) <\/em>\u00e0 pratiquer une fellation dans le cadre d\u2019un interrogatoire et \u00e0 subir diff\u00e9rentes formes d\u2019humiliations \u00e0 caract\u00e8re sexuel, dont la nudit\u00e9 forc\u00e9e\u2009\u00bb (Office of the High Commissioner for Human Rights, 2022)<\/p>\n\n\n\n<p class=\"wp-block-paragraph\">De plus, les d\u00e9tenus ou\u00efghours sont oblig\u00e9s de travailler pour les CEFP dans le cadre du \u00ab\u2009processus d\u2019obtention d\u2019un dipl\u00f4me\u2009\u00bb sans possibilit\u00e9 de refuser, par peur de rester plus longtemps dans ces \u00e9tablissements (Office of the High Commissioner for Human Rights, 2022). Cela se produit soit pendant leur placement dans ces CEFP, soit dans le cadre de <a href=\"https:\/\/www.humanium.org\/fr\/travail-des-enfants\/\">stages<\/a> dans le Xinjiang ou dans d\u2019autres r\u00e9gions de la <a href=\"https:\/\/www.humanium.org\/fr\/chine\/\">Chine<\/a>, qui sont connus sous le nom de \u00ab\u2009<a href=\"https:\/\/www.humanium.org\/fr\/travail-des-enfants\/\">main-d\u2019\u0153uvre<\/a> exc\u00e9dentaire\u2009\u00bb et de \u00ab\u2009transfert de <a href=\"https:\/\/www.humanium.org\/fr\/travail-des-enfants\/\">main-d\u2019\u0153uvre<\/a>\u2009\u00bb (Office of the High Commissioner for Human Rights, 2022).<\/p>\n\n\n\n<h2 class=\"wp-block-heading\"><strong>Les mauvais traitements subis par les enfants ou\u00efghours<\/strong><\/h2>\n\n\n\n<p class=\"wp-block-paragraph\">La politique <a href=\"https:\/\/www.humanium.org\/fr\/chine\/\">chinoise<\/a> et la violence ethnique pratiqu\u00e9es ont eu et continuent d\u2019avoir un impact sur les <a href=\"https:\/\/www.humanium.org\/fr\/famille-droits-enfant\/\">familles<\/a> ou\u00efghoures en g\u00e9n\u00e9ral. Les privations arbitraires inflig\u00e9es aux ou\u00efghours ont entrain\u00e9 de nombreuses s\u00e9parations forc\u00e9es de familles, qui ne savent pas <a href=\"https:\/\/www.humanium.org\/fr\/enfants-disparus\/\">o\u00f9 se trouvent leurs enfants<\/a> (Office of the High Commissioner for Human Rights, 2022). En outre, les enfants ou\u00efghours sont les plus \u00e0 risque, car le gouvernement <a href=\"https:\/\/www.humanium.org\/fr\/chine\/\">chinois <\/a>essaie d\u2019\u00e9radiquer toute trace de la minorit\u00e9 ethnique ou\u00efghoure et de son identit\u00e9 distincte, en visant directement la jeune g\u00e9n\u00e9ration (News,&nbsp;18, 2020).<\/p>\n\n\n\n<p class=\"wp-block-paragraph\">Suite \u00e0 l\u2019envoi forc\u00e9 de leurs parents dans les CEFP ou des institutions de travail, de nombreux enfants ou\u00efghours ont \u00e9t\u00e9 envoy\u00e9s dans des pensionnats g\u00e9r\u00e9s par l\u2019\u00c9tat dans le Xinjiang tandis que d\u2019autres ont \u00e9t\u00e9 plac\u00e9s dans des orphelinats g\u00e9r\u00e9s par la r\u00e9gion (NPR, 2022\u2009; Georgetown Journal &amp; International Affairs, 2021). Contraints d\u2019apprendre le mandarin dans ces pensionnats et orphelinats, les enfants qui parlent ou\u00efghour sont s\u00e9v\u00e8rement punis (NPR, 2022).<\/p>\n\n\n\n<p class=\"wp-block-paragraph\">Il s\u2019est av\u00e9r\u00e9 que 880\u2009500&nbsp;enfants ont \u00e9t\u00e9 oblig\u00e9s de vivre dans ces pensionnats depuis 2019 (The Guardian, 2020). Le gouvernement <a href=\"https:\/\/www.humanium.org\/fr\/chine\/\">chinois<\/a> cr\u00e9e d\u00e9lib\u00e9r\u00e9ment des orphelins en s\u00e9parant de force ces enfants de leurs parents, \u00ab\u2009permettant \u00e0 l\u2019\u00e9tat d\u2019assumer le r\u00f4le de parents\u2009\u00bb et donc de briser les liens familiaux au sein de la minorit\u00e9 ou\u00efghoure (Melanson, 2022). Actuellement, beaucoup de parents ne savent pas o\u00f9 leurs enfants et leur famille se trouvent (Amnesty International, 2021).&nbsp;<\/p>\n\n\n\n<h2 class=\"wp-block-heading\"><strong>Une v\u00e9rit\u00e9 bien m\u00e9rit\u00e9e et la libert\u00e9 pour les ou\u00efghours<\/strong><\/h2>\n\n\n\n<p class=\"wp-block-paragraph\">Les souffrances des Ou\u00efghours en Chine, connues de la communaut\u00e9 internationale, sont d\u00e9j\u00e0 horribles. Cependant, la dissimulation et la n\u00e9gation constantes de la Chine ont emp\u00each\u00e9 la communaut\u00e9 internationale de conna\u00eetre l\u2019ampleur r\u00e9elle de la situation, ce qui est encore plus inqui\u00e9tant.<\/p>\n\n\n\n<p class=\"wp-block-paragraph\">Pour cette raison, Humanium appelle le gouvernement <a href=\"https:\/\/www.humanium.org\/fr\/chine\/\">chinois<\/a> \u00e0 lib\u00e9rer tous les Ou\u00efghours et leurs enfants qui ont \u00e9t\u00e9 <a href=\"https:\/\/www.humanium.org\/fr\/enfants-detenus\/\">arbitrairement priv\u00e9s de leur libert\u00e9<\/a> dans le Xinjiang (Office of the High Commissioner for Human Rights, 2022). Humanium fait en outre appel au gouvernement <a href=\"https:\/\/www.humanium.org\/fr\/chine\/\">chinois<\/a>, et \u00e0 la communaut\u00e9 internationale, pour qu\u2019une enqu\u00eate soit d\u00fbment men\u00e9e sur toutes les all\u00e9gations de violations des droits humains qui se produisent dans les CEFP, les <a href=\"https:\/\/www.humanium.org\/fr\/orphelins\/\">orphelinats<\/a> et les <a href=\"https:\/\/www.humanium.org\/fr\/enfants-detenus\/\">pensionnats<\/a>, y compris les all\u00e9gations de <a href=\"https:\/\/www.humanium.org\/fr\/la-maltraitance-des-enfants\/\">torture<\/a>, de <a href=\"https:\/\/www.humanium.org\/fr\/la-maltraitance-des-enfants\/\">violence<\/a> sexuelle, de <a href=\"https:\/\/www.humanium.org\/fr\/la-maltraitance-des-enfants\/\">mauvais traitements<\/a> et les rapports de d\u00e9c\u00e8s survenus en garde \u00e0 vue (Office of the High Commissioner for Human Rights, 2022). Enfin, Humanium appelle le gouvernement <a href=\"https:\/\/www.humanium.org\/fr\/chine\/\">chinois<\/a> \u00e0 r\u00e9v\u00e9ler toutes les informations retenues sur les <a href=\"https:\/\/www.humanium.org\/fr\/famille-droits-enfant\/\">familles<\/a> ou\u00efghoures afin qu\u2019elles soient enfin r\u00e9unies.<\/p>\n\n\n\n<figure class=\"wp-block-image size-large\"><img loading=\"lazy\" decoding=\"async\" width=\"1024\" height=\"771\" src=\"https:\/\/www.humanium.org\/fr\/wp-content\/uploads\/2023\/05\/shutterstock_225430006-1024x771.jpg\" alt=\"\" class=\"wp-image-54984\" srcset=\"https:\/\/www.humanium.org\/fr\/wp-content\/uploads\/2023\/05\/shutterstock_225430006-1024x771.jpg 1024w, https:\/\/www.humanium.org\/fr\/wp-content\/uploads\/2023\/05\/shutterstock_225430006-300x226.jpg 300w, https:\/\/www.humanium.org\/fr\/wp-content\/uploads\/2023\/05\/shutterstock_225430006-768x579.jpg 768w, https:\/\/www.humanium.org\/fr\/wp-content\/uploads\/2023\/05\/shutterstock_225430006-1536x1157.jpg 1536w, https:\/\/www.humanium.org\/fr\/wp-content\/uploads\/2023\/05\/shutterstock_225430006-2048x1543.jpg 2048w, https:\/\/www.humanium.org\/fr\/wp-content\/uploads\/2023\/05\/shutterstock_225430006-830x625.jpg 830w, https:\/\/www.humanium.org\/fr\/wp-content\/uploads\/2023\/05\/shutterstock_225430006-230x173.jpg 230w, https:\/\/www.humanium.org\/fr\/wp-content\/uploads\/2023\/05\/shutterstock_225430006-350x264.jpg 350w, https:\/\/www.humanium.org\/fr\/wp-content\/uploads\/2023\/05\/shutterstock_225430006-480x362.jpg 480w\" sizes=\"auto, (max-width: 1024px) 100vw, 1024px\" \/><\/figure>\n\n\n\n<p class=\"wp-block-paragraph\">Humanium reste engag\u00e9 pour prot\u00e9ger les droits humains des enfants, dont leurs <a href=\"https:\/\/www.humanium.org\/fr\/comprendre-droits-enfant\/droit-aux-libertes\/\">droits \u00e0 la libert\u00e9<\/a>, <a href=\"https:\/\/www.humanium.org\/fr\/comprendre-droits-enfant\/protection\/\">\u00e0 la protection<\/a>, et <a href=\"https:\/\/www.humanium.org\/fr\/famille-droits-enfant\/\">\u00e0 une famille<\/a>. Si vous voulez contribuer \u00e0 la cause d\u2019Humanium, vous pouvez faire un don, devenir b\u00e9n\u00e9vole, ou devenir membre.&nbsp;<\/p>\n\n\n\n<p class=\"wp-block-paragraph\"><em><strong>\u00c9crit par Mo\u00efra Phu\u00f6ng Van de&nbsp;Pe\u00f6l<\/strong><\/em><\/p>\n\n\n\n<p class=\"wp-block-paragraph\"><em><strong>Traduit par Clarisse Dehaeck<\/strong><\/em><\/p>\n\n\n\n<p class=\"wp-block-paragraph\"><em><strong>Relu par Jean-Christophe Brunet<\/strong><\/em><\/p>\n\n\n\n<h4 class=\"wp-block-heading\"><strong>Bibliographie :<\/strong><\/h4>\n\n\n\n<p class=\"has-small-font-size wp-block-paragraph\">Amnesty International. (2021, March 19). China: Parents of missing Uyghur children describe horror of family separation. Retrieved from Amnesty International at <a href=\"https:\/\/www.amnesty.org.au\/china-parents-of-missing-uyghur-children-describe-horror-of-family-separation\/\" target=\"_blank\" rel=\"noreferrer noopener\">https:\/\/www.amnesty.org.au\/china-parents-of-missing-uyghur-children-describe-horror-of-family-separation\/<\/a>, accessed in April 2023.<\/p>\n\n\n\n<p class=\"has-small-font-size wp-block-paragraph\">Britannica. (2023, March 7). Peoples of Asia &#8211; Uyghur people. Retrieved from Britannica at&nbsp; <a href=\"https:\/\/www.britannica.com\/topic\/Uyghur\" target=\"_blank\" rel=\"noreferrer noopener\">https:\/\/www.britannica.com\/topic\/Uyghur<\/a>, accessed in March 2023.<\/p>\n\n\n\n<p class=\"has-small-font-size wp-block-paragraph\">CNN. (2021, March 25). Beijing\u2019s crackdown in Xinjiang has separated thousands of children from their parents, new report claims. CNN found two of them. Retrieved from CNN at <a href=\"https:\/\/edition.cnn.com\/2021\/03\/18\/china\/xinjiang-uyghur-families-china-amnesty-report-exclusive-dst-intl-hnk\/index.html\" target=\"_blank\" rel=\"noreferrer noopener\">https:\/\/edition.cnn.com\/2021\/03\/18\/china\/xinjiang-uyghur-families-china-amnesty-report-exclusive-dst-intl-hnk\/index.html<\/a>, accessed in March 2023.&nbsp;<\/p>\n\n\n\n<p class=\"has-small-font-size wp-block-paragraph\">Center for Strategic &amp; International Studies. (2019, October). Connecting the Dots in Xinjiang: Forced Labor, Forced Assimilation, and Western Supply Chains<em>.<\/em> Retrieved from Center for Strategic &amp; International Studies at <a href=\"https:\/\/csis-website-prod.s3.amazonaws.com\/s3fs-public\/publication\/Lehr_ConnectingDotsXinjiang_interior_v3_FULL_WEB.pdf\" target=\"_blank\" rel=\"noreferrer noopener\">https:\/\/csis-website-prod.s3.amazonaws.com\/s3fs-public\/publication\/Lehr_ConnectingDotsXinjiang_interior_v3_FULL_WEB.pdf<\/a>, accessed in March 2023.<\/p>\n\n\n\n<p class=\"has-small-font-size wp-block-paragraph\">Council on Foreign Relations. (2022, September 22). China\u2019s Repression of Uyghurs in Xinjiang. Retrieved from Council on Foreign Relations at <a href=\"https:\/\/www.cfr.org\/backgrounder\/china-xinjiang-uyghurs-muslims-repression-genocide-human-rights\" target=\"_blank\" rel=\"noreferrer noopener\">https:\/\/www.cfr.org\/backgrounder\/china-xinjiang-uyghurs-muslims-repression-genocide-human-rights<\/a>, accessed in March 2023.<\/p>\n\n\n\n<p class=\"has-small-font-size wp-block-paragraph\">Georgetown Journal &amp; International Affairs. (2021, August 17). The Uyghur Genocide through the Lens of the Child. Retrieved from Georgetown Journal &amp; International Affairs at <a href=\"https:\/\/gjia.georgetown.edu\/2021\/08\/17\/the-uyghur-genocide-through-the-lens-of-the-child\/#:~:text=Uyghur%20children%20whose%20parents%20are,identities%20and%20praise%20the%20CCP\" target=\"_blank\" rel=\"noreferrer noopener\">https:\/\/gjia.georgetown.edu\/2021\/08\/17\/the-uyghur-genocide-through-the-lens-of-the-child\/#:~:text=Uyghur%20children%20whose%20parents%20are,identities%20and%20praise%20the%20CCP<\/a>, accessed in March 2023.<\/p>\n\n\n\n<p class=\"has-small-font-size wp-block-paragraph\">Global Risk Insights. (2016, October 3). Special Report: Who are the Uyghurs and why do they scare China? Retrieved from Global Risk Insights at https:\/\/globalriskinsights.com\/2016\/10\/uyghurs-scare-china\/, accessed in March 2023.<\/p>\n\n\n\n<p class=\"has-small-font-size wp-block-paragraph\">Melanson, M.-\u00c8. (2022). Pathways to Statelessness and Parent-Child Separation among Uyghurs in Turkey<em>.<\/em> Retrieved from McGill University at <a href=\"https:\/\/bettercarenetwork.org\/sites\/default\/files\/2022-10\/73-article_text-208-2-10-20220919.pdf\" target=\"_blank\" rel=\"noreferrer noopener\">https:\/\/bettercarenetwork.org\/sites\/default\/files\/2022-10\/73-article_text-208-2-10-20220919.pdf<\/a>, accessed in April 2023.<\/p>\n\n\n\n<p class=\"has-small-font-size wp-block-paragraph\">NPR. (2022, February 3). Uyghur kids recall physical and mental torment at Chinese boarding schools in Xinjiang. Retrieved from NPR at <a href=\"https:\/\/www.npr.org\/2022\/02\/03\/1073793823\/china-uyghur-children-xinjiang-boarding-school\" target=\"_blank\" rel=\"noreferrer noopener\">https:\/\/www.npr.org\/2022\/02\/03\/1073793823\/china-uyghur-children-xinjiang-boarding-school<\/a>, accessed in March 2023.<\/p>\n\n\n\n<p class=\"has-small-font-size wp-block-paragraph\">News 18. (2020, July 18). Horrors Beyond Comprehension: Disappearing Uyghur Children. Retrieved from News 18 at <a href=\"https:\/\/www.news18.com\/news\/opinion\/horrors-beyond-comprehension-disappearing-uyghur-children-2722915.html\" target=\"_blank\" rel=\"noreferrer noopener\">https:\/\/www.news18.com\/news\/opinion\/horrors-beyond-comprehension-disappearing-uyghur-children-2722915.html<\/a>, accessed in March 2023.<\/p>\n\n\n\n<p class=\"has-small-font-size wp-block-paragraph\">Office of the High Commissioner for Human Rights. (2022, August 31). OHCHR Assessment of human rights concerns in the Xinjiang Uyghur Autonomous Region, People\u2019s Republic of China. Retrieved from Office of the High Commissioner for Human Rights at <a href=\"https:\/\/reliefweb.int\/report\/china\/ohchr-assessment-human-rights-concerns-xinjiang-uyghur-autonomous-region-peoples-republic-china?gclid=Cj0KCQjw8e-gBhD0ARIsAJiDsaVDiZmY5jXO8IpWNn_1RlQOy1sdmHUmYoyYNpNjOZqleedRzXo8D2IaAvNhEALw_wcB\" target=\"_blank\" rel=\"noreferrer noopener\">https:\/\/reliefweb.int\/report\/china\/ohchr-assessment-human-rights-concerns-xinjiang-uyghur-autonomous-region-peoples-republic-china?gclid=Cj0KCQjw8e-gBhD0ARIsAJiDsaVDiZmY5jXO8IpWNn_1RlQOy1sdmHUmYoyYNpNjOZqleedRzXo8D2IaAvNhEALw_wcB<\/a>, accessed in March 2023.<\/p>\n\n\n\n<p class=\"has-small-font-size wp-block-paragraph\">The Guardian. (2020, October 16). Chinese detention \u2018leaving thousands of Uighur children without parents\u2019. Retrieved from The Guardian at <a href=\"https:\/\/www.theguardian.com\/world\/2020\/oct\/16\/thousands-of-uighur-children-orphaned-by-chinese-detention-papers-show\" target=\"_blank\" rel=\"noreferrer noopener\">https:\/\/www.theguardian.com\/world\/2020\/oct\/16\/thousands-of-uighur-children-orphaned-by-chinese-detention-papers-show<\/a>, accessed in March 2023.<\/p>\n","protected":false},"excerpt":{"rendered":"<p>En raison de leur origine ethnique et de leur religion, les ou\u00efghours sont marginalis\u00e9s et soumis \u00e0 une \u00e9troite surveillance. Ils sont d\u00e9tenus contre leur gr\u00e9, maltrait\u00e9s, tortur\u00e9s et pers\u00e9cut\u00e9s pour la simple raison qu\u2019ils appartiennent \u00e0 une minorit\u00e9 musulmane en Chine. Parmi les victimes les plus vuln\u00e9rables de la violence ethnique en Chine se [&hellip;]<\/p>\n","protected":false},"author":69,"featured_media":54986,"comment_status":"closed","ping_status":"closed","sticky":false,"template":"","format":"standard","meta":{"footnotes":""},"categories":[220,4,233,214],"tags":[],"class_list":["post-54983","post","type-post","status-publish","format-standard","has-post-thumbnail","hentry","category-droits-des-enfants","category-droits-humains","category-exploitation","category-violence"],"yoast_head":"<!-- This site is optimized with the Yoast SEO plugin v28.3 - https:\/\/yoast.com\/product\/yoast-seo-wordpress\/ -->\n<title>Nettoyage ethnique en Chine\u00a0: l\u2019horrible sort des enfants ou\u00efghours - Humanium<\/title>\n<meta name=\"description\" content=\"Parmi les victimes les plus vuln\u00e9rables de la violence ethnique en Chine se trouvent les enfants ou\u00efghours.\" \/>\n<meta name=\"robots\" content=\"index, follow, max-snippet:-1, max-image-preview:large, max-video-preview:-1\" \/>\n<link rel=\"canonical\" href=\"https:\/\/www.humanium.org\/fr\/nettoyage-ethnique-en-chine-lhorrible-sort-des-enfants-ouighours\/\" \/>\n<meta property=\"og:locale\" content=\"fr_FR\" \/>\n<meta property=\"og:type\" content=\"article\" \/>\n<meta property=\"og:title\" content=\"Nettoyage ethnique en Chine\u00a0: l\u2019horrible sort des enfants ou\u00efghours - Humanium\" \/>\n<meta property=\"og:description\" content=\"Parmi les victimes les plus vuln\u00e9rables de la violence ethnique en Chine se trouvent les enfants ou\u00efghours.\" \/>\n<meta property=\"og:url\" content=\"https:\/\/www.humanium.org\/fr\/nettoyage-ethnique-en-chine-lhorrible-sort-des-enfants-ouighours\/\" \/>\n<meta property=\"og:site_name\" content=\"Humanium\" \/>\n<meta property=\"article:published_time\" content=\"2023-05-16T12:07:24+00:00\" \/>\n<meta property=\"article:modified_time\" content=\"2026-08-21T03:19:36+00:00\" \/>\n<meta property=\"og:image\" content=\"https:\/\/www.humanium.org\/fr\/wp-content\/uploads\/2023\/05\/shutterstock_1389175136-scaled.jpg\" \/>\n\t<meta property=\"og:image:width\" content=\"2560\" \/>\n\t<meta property=\"og:image:height\" content=\"1707\" \/>\n\t<meta property=\"og:image:type\" content=\"image\/jpeg\" \/>\n<meta name=\"author\" content=\"Humanium\" \/>\n<meta name=\"twitter:card\" content=\"summary_large_image\" \/>\n<meta name=\"twitter:label1\" content=\"\u00c9crit par\" \/>\n\t<meta name=\"twitter:data1\" content=\"Humanium\" \/>\n\t<meta name=\"twitter:label2\" content=\"Dur\u00e9e de lecture estim\u00e9e\" \/>\n\t<meta name=\"twitter:data2\" content=\"10 minutes\" \/>\n<script type=\"application\/ld+json\" class=\"yoast-schema-graph\">{\"@context\":\"https:\\\/\\\/schema.org\",\"@graph\":[{\"@type\":\"Article\",\"@id\":\"https:\\\/\\\/www.humanium.org\\\/fr\\\/nettoyage-ethnique-en-chine-lhorrible-sort-des-enfants-ouighours\\\/#article\",\"isPartOf\":{\"@id\":\"https:\\\/\\\/www.humanium.org\\\/fr\\\/nettoyage-ethnique-en-chine-lhorrible-sort-des-enfants-ouighours\\\/\"},\"author\":{\"name\":\"Humanium\",\"@id\":\"https:\\\/\\\/www.humanium.org\\\/fr\\\/#\\\/schema\\\/person\\\/d798d6c7d59ba2307e0877f61a20ce3e\"},\"headline\":\"Nettoyage ethnique en Chine\u00a0: l\u2019horrible sort des enfants ou\u00efghours\",\"datePublished\":\"2023-05-16T12:07:24+00:00\",\"dateModified\":\"2026-08-21T03:19:36+00:00\",\"mainEntityOfPage\":{\"@id\":\"https:\\\/\\\/www.humanium.org\\\/fr\\\/nettoyage-ethnique-en-chine-lhorrible-sort-des-enfants-ouighours\\\/\"},\"wordCount\":1967,\"image\":{\"@id\":\"https:\\\/\\\/www.humanium.org\\\/fr\\\/nettoyage-ethnique-en-chine-lhorrible-sort-des-enfants-ouighours\\\/#primaryimage\"},\"thumbnailUrl\":\"https:\\\/\\\/www.humanium.org\\\/fr\\\/wp-content\\\/uploads\\\/2023\\\/05\\\/shutterstock_1389175136-scaled.jpg\",\"articleSection\":[\"Droits des enfants\",\"Droits humains\",\"Exploitation\",\"violence\"],\"inLanguage\":\"fr-FR\"},{\"@type\":\"WebPage\",\"@id\":\"https:\\\/\\\/www.humanium.org\\\/fr\\\/nettoyage-ethnique-en-chine-lhorrible-sort-des-enfants-ouighours\\\/\",\"url\":\"https:\\\/\\\/www.humanium.org\\\/fr\\\/nettoyage-ethnique-en-chine-lhorrible-sort-des-enfants-ouighours\\\/\",\"name\":\"Nettoyage ethnique en Chine\u00a0: l\u2019horrible sort des enfants ou\u00efghours - Humanium\",\"isPartOf\":{\"@id\":\"https:\\\/\\\/www.humanium.org\\\/fr\\\/#website\"},\"primaryImageOfPage\":{\"@id\":\"https:\\\/\\\/www.humanium.org\\\/fr\\\/nettoyage-ethnique-en-chine-lhorrible-sort-des-enfants-ouighours\\\/#primaryimage\"},\"image\":{\"@id\":\"https:\\\/\\\/www.humanium.org\\\/fr\\\/nettoyage-ethnique-en-chine-lhorrible-sort-des-enfants-ouighours\\\/#primaryimage\"},\"thumbnailUrl\":\"https:\\\/\\\/www.humanium.org\\\/fr\\\/wp-content\\\/uploads\\\/2023\\\/05\\\/shutterstock_1389175136-scaled.jpg\",\"datePublished\":\"2023-05-16T12:07:24+00:00\",\"dateModified\":\"2026-08-21T03:19:36+00:00\",\"author\":{\"@id\":\"https:\\\/\\\/www.humanium.org\\\/fr\\\/#\\\/schema\\\/person\\\/d798d6c7d59ba2307e0877f61a20ce3e\"},\"description\":\"Parmi les victimes les plus vuln\u00e9rables de la violence ethnique en Chine se trouvent les enfants ou\u00efghours.\",\"breadcrumb\":{\"@id\":\"https:\\\/\\\/www.humanium.org\\\/fr\\\/nettoyage-ethnique-en-chine-lhorrible-sort-des-enfants-ouighours\\\/#breadcrumb\"},\"inLanguage\":\"fr-FR\",\"potentialAction\":[{\"@type\":\"ReadAction\",\"target\":[\"https:\\\/\\\/www.humanium.org\\\/fr\\\/nettoyage-ethnique-en-chine-lhorrible-sort-des-enfants-ouighours\\\/\"]}]},{\"@type\":\"ImageObject\",\"inLanguage\":\"fr-FR\",\"@id\":\"https:\\\/\\\/www.humanium.org\\\/fr\\\/nettoyage-ethnique-en-chine-lhorrible-sort-des-enfants-ouighours\\\/#primaryimage\",\"url\":\"https:\\\/\\\/www.humanium.org\\\/fr\\\/wp-content\\\/uploads\\\/2023\\\/05\\\/shutterstock_1389175136-scaled.jpg\",\"contentUrl\":\"https:\\\/\\\/www.humanium.org\\\/fr\\\/wp-content\\\/uploads\\\/2023\\\/05\\\/shutterstock_1389175136-scaled.jpg\",\"width\":2560,\"height\":1707},{\"@type\":\"BreadcrumbList\",\"@id\":\"https:\\\/\\\/www.humanium.org\\\/fr\\\/nettoyage-ethnique-en-chine-lhorrible-sort-des-enfants-ouighours\\\/#breadcrumb\",\"itemListElement\":[{\"@type\":\"ListItem\",\"position\":1,\"name\":\"Home\",\"item\":\"https:\\\/\\\/www.humanium.org\\\/fr\\\/\"},{\"@type\":\"ListItem\",\"position\":2,\"name\":\"Nettoyage ethnique en Chine\u00a0: l\u2019horrible sort des enfants ou\u00efghours\"}]},{\"@type\":\"WebSite\",\"@id\":\"https:\\\/\\\/www.humanium.org\\\/fr\\\/#website\",\"url\":\"https:\\\/\\\/www.humanium.org\\\/fr\\\/\",\"name\":\"Humanium\",\"description\":\"Les enfants d\u2019abord !\",\"potentialAction\":[{\"@type\":\"SearchAction\",\"target\":{\"@type\":\"EntryPoint\",\"urlTemplate\":\"https:\\\/\\\/www.humanium.org\\\/fr\\\/?s={search_term_string}\"},\"query-input\":{\"@type\":\"PropertyValueSpecification\",\"valueRequired\":true,\"valueName\":\"search_term_string\"}}],\"inLanguage\":\"fr-FR\"},{\"@type\":\"Person\",\"@id\":\"https:\\\/\\\/www.humanium.org\\\/fr\\\/#\\\/schema\\\/person\\\/d798d6c7d59ba2307e0877f61a20ce3e\",\"name\":\"Humanium\",\"image\":{\"@type\":\"ImageObject\",\"inLanguage\":\"fr-FR\",\"@id\":\"https:\\\/\\\/secure.gravatar.com\\\/avatar\\\/22715e338d2fcc547e3a431c4738360d33fea2a4af458f865b2c3b22f1eaa51f?s=96&d=mm&r=g\",\"url\":\"https:\\\/\\\/secure.gravatar.com\\\/avatar\\\/22715e338d2fcc547e3a431c4738360d33fea2a4af458f865b2c3b22f1eaa51f?s=96&d=mm&r=g\",\"contentUrl\":\"https:\\\/\\\/secure.gravatar.com\\\/avatar\\\/22715e338d2fcc547e3a431c4738360d33fea2a4af458f865b2c3b22f1eaa51f?s=96&d=mm&r=g\",\"caption\":\"Humanium\"},\"url\":\"https:\\\/\\\/www.humanium.org\\\/fr\\\/author\\\/humanium\\\/\"}]}<\/script>\n<!-- \/ Yoast SEO plugin. -->","yoast_head_json":{"title":"Nettoyage ethnique en Chine\u00a0: l\u2019horrible sort des enfants ou\u00efghours - Humanium","description":"Parmi les victimes les plus vuln\u00e9rables de la violence ethnique en Chine se trouvent les enfants ou\u00efghours.","robots":{"index":"index","follow":"follow","max-snippet":"max-snippet:-1","max-image-preview":"max-image-preview:large","max-video-preview":"max-video-preview:-1"},"canonical":"https:\/\/www.humanium.org\/fr\/nettoyage-ethnique-en-chine-lhorrible-sort-des-enfants-ouighours\/","og_locale":"fr_FR","og_type":"article","og_title":"Nettoyage ethnique en Chine\u00a0: l\u2019horrible sort des enfants ou\u00efghours - Humanium","og_description":"Parmi les victimes les plus vuln\u00e9rables de la violence ethnique en Chine se trouvent les enfants ou\u00efghours.","og_url":"https:\/\/www.humanium.org\/fr\/nettoyage-ethnique-en-chine-lhorrible-sort-des-enfants-ouighours\/","og_site_name":"Humanium","article_published_time":"2023-05-16T12:07:24+00:00","article_modified_time":"2026-08-21T03:19:36+00:00","og_image":[{"width":2560,"height":1707,"url":"https:\/\/www.humanium.org\/fr\/wp-content\/uploads\/2023\/05\/shutterstock_1389175136-scaled.jpg","type":"image\/jpeg"}],"author":"Humanium","twitter_card":"summary_large_image","twitter_misc":{"\u00c9crit par":"Humanium","Dur\u00e9e de lecture estim\u00e9e":"10 minutes"},"schema":{"@context":"https:\/\/schema.org","@graph":[{"@type":"Article","@id":"https:\/\/www.humanium.org\/fr\/nettoyage-ethnique-en-chine-lhorrible-sort-des-enfants-ouighours\/#article","isPartOf":{"@id":"https:\/\/www.humanium.org\/fr\/nettoyage-ethnique-en-chine-lhorrible-sort-des-enfants-ouighours\/"},"author":{"name":"Humanium","@id":"https:\/\/www.humanium.org\/fr\/#\/schema\/person\/d798d6c7d59ba2307e0877f61a20ce3e"},"headline":"Nettoyage ethnique en Chine\u00a0: l\u2019horrible sort des enfants ou\u00efghours","datePublished":"2023-05-16T12:07:24+00:00","dateModified":"2026-08-21T03:19:36+00:00","mainEntityOfPage":{"@id":"https:\/\/www.humanium.org\/fr\/nettoyage-ethnique-en-chine-lhorrible-sort-des-enfants-ouighours\/"},"wordCount":1967,"image":{"@id":"https:\/\/www.humanium.org\/fr\/nettoyage-ethnique-en-chine-lhorrible-sort-des-enfants-ouighours\/#primaryimage"},"thumbnailUrl":"https:\/\/www.humanium.org\/fr\/wp-content\/uploads\/2023\/05\/shutterstock_1389175136-scaled.jpg","articleSection":["Droits des enfants","Droits humains","Exploitation","violence"],"inLanguage":"fr-FR"},{"@type":"WebPage","@id":"https:\/\/www.humanium.org\/fr\/nettoyage-ethnique-en-chine-lhorrible-sort-des-enfants-ouighours\/","url":"https:\/\/www.humanium.org\/fr\/nettoyage-ethnique-en-chine-lhorrible-sort-des-enfants-ouighours\/","name":"Nettoyage ethnique en Chine\u00a0: l\u2019horrible sort des enfants ou\u00efghours - Humanium","isPartOf":{"@id":"https:\/\/www.humanium.org\/fr\/#website"},"primaryImageOfPage":{"@id":"https:\/\/www.humanium.org\/fr\/nettoyage-ethnique-en-chine-lhorrible-sort-des-enfants-ouighours\/#primaryimage"},"image":{"@id":"https:\/\/www.humanium.org\/fr\/nettoyage-ethnique-en-chine-lhorrible-sort-des-enfants-ouighours\/#primaryimage"},"thumbnailUrl":"https:\/\/www.humanium.org\/fr\/wp-content\/uploads\/2023\/05\/shutterstock_1389175136-scaled.jpg","datePublished":"2023-05-16T12:07:24+00:00","dateModified":"2026-08-21T03:19:36+00:00","author":{"@id":"https:\/\/www.humanium.org\/fr\/#\/schema\/person\/d798d6c7d59ba2307e0877f61a20ce3e"},"description":"Parmi les victimes les plus vuln\u00e9rables de la violence ethnique en Chine se trouvent les enfants ou\u00efghours.","breadcrumb":{"@id":"https:\/\/www.humanium.org\/fr\/nettoyage-ethnique-en-chine-lhorrible-sort-des-enfants-ouighours\/#breadcrumb"},"inLanguage":"fr-FR","potentialAction":[{"@type":"ReadAction","target":["https:\/\/www.humanium.org\/fr\/nettoyage-ethnique-en-chine-lhorrible-sort-des-enfants-ouighours\/"]}]},{"@type":"ImageObject","inLanguage":"fr-FR","@id":"https:\/\/www.humanium.org\/fr\/nettoyage-ethnique-en-chine-lhorrible-sort-des-enfants-ouighours\/#primaryimage","url":"https:\/\/www.humanium.org\/fr\/wp-content\/uploads\/2023\/05\/shutterstock_1389175136-scaled.jpg","contentUrl":"https:\/\/www.humanium.org\/fr\/wp-content\/uploads\/2023\/05\/shutterstock_1389175136-scaled.jpg","width":2560,"height":1707},{"@type":"BreadcrumbList","@id":"https:\/\/www.humanium.org\/fr\/nettoyage-ethnique-en-chine-lhorrible-sort-des-enfants-ouighours\/#breadcrumb","itemListElement":[{"@type":"ListItem","position":1,"name":"Home","item":"https:\/\/www.humanium.org\/fr\/"},{"@type":"ListItem","position":2,"name":"Nettoyage ethnique en Chine\u00a0: l\u2019horrible sort des enfants ou\u00efghours"}]},{"@type":"WebSite","@id":"https:\/\/www.humanium.org\/fr\/#website","url":"https:\/\/www.humanium.org\/fr\/","name":"Humanium","description":"Les enfants d\u2019abord !","potentialAction":[{"@type":"SearchAction","target":{"@type":"EntryPoint","urlTemplate":"https:\/\/www.humanium.org\/fr\/?s={search_term_string}"},"query-input":{"@type":"PropertyValueSpecification","valueRequired":true,"valueName":"search_term_string"}}],"inLanguage":"fr-FR"},{"@type":"Person","@id":"https:\/\/www.humanium.org\/fr\/#\/schema\/person\/d798d6c7d59ba2307e0877f61a20ce3e","name":"Humanium","image":{"@type":"ImageObject","inLanguage":"fr-FR","@id":"https:\/\/secure.gravatar.com\/avatar\/22715e338d2fcc547e3a431c4738360d33fea2a4af458f865b2c3b22f1eaa51f?s=96&d=mm&r=g","url":"https:\/\/secure.gravatar.com\/avatar\/22715e338d2fcc547e3a431c4738360d33fea2a4af458f865b2c3b22f1eaa51f?s=96&d=mm&r=g","contentUrl":"https:\/\/secure.gravatar.com\/avatar\/22715e338d2fcc547e3a431c4738360d33fea2a4af458f865b2c3b22f1eaa51f?s=96&d=mm&r=g","caption":"Humanium"},"url":"https:\/\/www.humanium.org\/fr\/author\/humanium\/"}]}},"_links":{"self":[{"href":"https:\/\/www.humanium.org\/fr\/wp-json\/wp\/v2\/posts\/54983","targetHints":{"allow":["GET"]}}],"collection":[{"href":"https:\/\/www.humanium.org\/fr\/wp-json\/wp\/v2\/posts"}],"about":[{"href":"https:\/\/www.humanium.org\/fr\/wp-json\/wp\/v2\/types\/post"}],"author":[{"embeddable":true,"href":"https:\/\/www.humanium.org\/fr\/wp-json\/wp\/v2\/users\/69"}],"replies":[{"embeddable":true,"href":"https:\/\/www.humanium.org\/fr\/wp-json\/wp\/v2\/comments?post=54983"}],"version-history":[{"count":7,"href":"https:\/\/www.humanium.org\/fr\/wp-json\/wp\/v2\/posts\/54983\/revisions"}],"predecessor-version":[{"id":62617,"href":"https:\/\/www.humanium.org\/fr\/wp-json\/wp\/v2\/posts\/54983\/revisions\/62617"}],"wp:featuredmedia":[{"embeddable":true,"href":"https:\/\/www.humanium.org\/fr\/wp-json\/wp\/v2\/media\/54986"}],"wp:attachment":[{"href":"https:\/\/www.humanium.org\/fr\/wp-json\/wp\/v2\/media?parent=54983"}],"wp:term":[{"taxonomy":"category","embeddable":true,"href":"https:\/\/www.humanium.org\/fr\/wp-json\/wp\/v2\/categories?post=54983"},{"taxonomy":"post_tag","embeddable":true,"href":"https:\/\/www.humanium.org\/fr\/wp-json\/wp\/v2\/tags?post=54983"}],"curies":[{"name":"wp","href":"https:\/\/api.w.org\/{rel}","templated":true}]}}