{"id":55191,"date":"2023-06-20T12:01:51","date_gmt":"2023-06-20T12:01:51","guid":{"rendered":"https:\/\/www.humanium.org\/fr\/?p=55191"},"modified":"2026-08-21T03:22:56","modified_gmt":"2026-08-21T03:22:56","slug":"lempoisonnement-intentionnel-decolieres-en-iran","status":"publish","type":"post","link":"https:\/\/www.humanium.org\/fr\/lempoisonnement-intentionnel-decolieres-en-iran\/","title":{"rendered":"Attaques chimiques cibl\u00e9es contre des \u00e9coli\u00e8res iraniennes"},"content":{"rendered":"\n<p class=\"wp-block-paragraph\"><strong>Les cas d\u2019empoisonnement dans les \u00e9coles iraniennes posent un probl\u00e8me r\u00e9current, et les attaques chimiques r\u00e9centes ciblant les \u00e9coli\u00e8res ont rendu la situation encore plus grave. Depuis le premier cas de l\u2019empoisonnement d\u2019\u00e9coli\u00e8res \u00e0 Qom en novembre 2022, il y a eu&nbsp; une augmentation inqui\u00e9tante d\u2019incidents similaires d\u00e9clar\u00e9s dans tout le pays. Les attaques ont eu pour r\u00e9sultat l\u2019hospitalisation de centaines d\u2019\u00e9coli\u00e8res, et beaucoup de parents retirent leurs filles de l\u2019\u00e9cole \u00e0 cause de cette situation angoissante. De tels incidents sont une violation manifeste au <\/strong><a href=\"https:\/\/www.humanium.org\/fr\/comprendre-droits-enfant\/droit-a-l-education\/\"><strong>droit de l\u2019enfant<\/strong><\/a><strong> d\u2019avoir un environnement d\u2019apprentissage sain et s\u00fbr.<\/strong><\/p>\n\n\n\n<h2 class=\"wp-block-heading\"><strong>Le contexte de la violence \u00e0 l\u2019\u00e9gard des femmes et des <\/strong><a href=\"https:\/\/www.humanium.org\/fr\/iran\/\"><strong>enfants en Iran<\/strong><\/a><\/h2>\n\n\n\n<p class=\"wp-block-paragraph\">L\u2019<a href=\"https:\/\/www.humanium.org\/fr\/iran\/\">Iran <\/a>a subi une transition de la monarchie \u00e0 la r\u00e9publique en 1979 suite \u00e0 la r\u00e9volution iranienne durant laquelle le pays a fait des progr\u00e8s significatifs dans le domaine de l\u2019<a href=\"https:\/\/www.humanium.org\/fr\/comprendre-droits-enfant\/droit-a-l-education\/\">\u00e9ducation<\/a> et dans la responsabilisation des filles, 28% de celles-ci \u00e9tant illettr\u00e9es \u00e0 l\u2019\u00e9poque.\u00a0 <\/p>\n\n\n\n<p class=\"wp-block-paragraph\">Les efforts du pays ont port\u00e9 leurs fruits, car en 2021, le taux d\u2019alphab\u00e9tisation des femmes avait atteint le chiffre impressionnant de 99%, offrant\u00a0 ainsi\u00a0 en 1998 une r\u00e9compense des Nations Unies pour le pays pour avoir r\u00e9ussi \u00e0 r\u00e9duire\u00a0 l\u2019\u00e9cart entre les sexes dans le secteur de l\u2019<a href=\"https:\/\/www.humanium.org\/fr\/comprendre-droits-enfant\/droit-a-l-education\/\">\u00e9ducation.\u00a0<\/a><\/p>\n\n\n\n<p class=\"wp-block-paragraph\">\u00c0 l\u2019\u00e9poque, les femmes repr\u00e9sentaient plus de 60% des \u00e9tudiants universitaires, ce qui \u00e9tait une fiert\u00e9 pour <a href=\"https:\/\/www.humanium.org\/fr\/iran\/\">l\u2019Iran <\/a>. Cependant, ces derni\u00e8res ann\u00e9es, des manifestations contre le code vestimentaire strict ont \u00e9clat\u00e9 dans la rue. Cela pourrait expliquer pourquoi les parents emp\u00eacheraient les filles d\u2019assister \u00e0 l\u2019\u00e9cole, et les priveraient de leur <a href=\"https:\/\/www.humanium.org\/fr\/comprendre-droits-enfant\/droit-a-l-education\/\">droit fondamental \u00e0 l\u2019\u00e9ducation<\/a> (The Iran Primer, 2023).<\/p>\n\n\n\n<p class=\"wp-block-paragraph\"><a href=\"https:\/\/www.humanium.org\/fr\/la-maltraitance-des-enfants\/\">La maltraitance des enfants <\/a>en <a href=\"https:\/\/www.humanium.org\/fr\/iran\/\">Iran<\/a> n\u2019est pas un nouveau ph\u00e9nom\u00e8ne, et ses cons\u00e9quences n\u00e9gatives sur le d\u00e9veloppement et sur le caract\u00e8re d\u2019un enfant sont imm\u00e9diates et profondes. Selon la Biblioth\u00e8que Nationale de M\u00e9decine, les \u00e9tudes montre que la pr\u00e9valence de <a href=\"https:\/\/www.humanium.org\/fr\/la-maltraitance-des-enfants\/\">maltraitance infantile<\/a> est plus importante que dans les pays d\u00e9velopp\u00e9s, mais qu\u2019elle est similaire \u00e0 celle d\u2019autres pays en d\u00e9veloppement ou sous-d\u00e9velopp\u00e9s. <\/p>\n\n\n\n<p class=\"wp-block-paragraph\">La punition physique est aussi une m\u00e9thode r\u00e9pandue dans certaines\u00a0 familles iraniennes, et malheureusement, cela peut conduire aux tendances violentes de certains individus plus tard dans la vie (Mohammadi M. R et al, 2014).\u00a0<\/p>\n\n\n\n<h2 class=\"wp-block-heading\"><strong>Le probl\u00e8me actuel d\u2019empoisonnement&nbsp;<\/strong><\/h2>\n\n\n\n<p class=\"wp-block-paragraph\">Les femmes et les filles iraniennes souffrent du gouvernement brutal iranien depuis des d\u00e9cennies. Malheureusement, les attaques les plus r\u00e9centes ont cibl\u00e9 des enfants, sp\u00e9cifiquement, des milliers d\u2019\u00e9coli\u00e8res qui exer\u00e7aient leur <a href=\"https:\/\/www.humanium.org\/fr\/comprendre-droits-enfant\/droit-a-l-education\/\">droit \u00e0 l\u2019\u00e9ducation.<\/a> <\/p>\n\n\n\n<p class=\"wp-block-paragraph\">Le premier cas a \u00e9t\u00e9 d\u00e9clar\u00e9 en novembre 2022 dans la ville de Qom, o\u00f9 on a empoisonn\u00e9 18 filles. Depuis lors, les attaques se sont \u00e9tendues \u00e0 91 \u00e9coles dans 20 provinces du pays. Ce qui est encore plus frustrant, c\u2019est que le gouvernement a d\u2019abord ignor\u00e9 ces empoisonnements, contribuant plut\u00f4t aux traumatismes subis par les filles (Kenny P, 2023).\u00a0<\/p>\n\n\n\n<figure class=\"wp-block-image size-large\"><img loading=\"lazy\" decoding=\"async\" width=\"1024\" height=\"683\" src=\"https:\/\/www.humanium.org\/fr\/wp-content\/uploads\/2023\/06\/shutterstock_567051952-1024x683.jpg\" alt=\"\" class=\"wp-image-55192\" srcset=\"https:\/\/www.humanium.org\/fr\/wp-content\/uploads\/2023\/06\/shutterstock_567051952-1024x683.jpg 1024w, https:\/\/www.humanium.org\/fr\/wp-content\/uploads\/2023\/06\/shutterstock_567051952-300x200.jpg 300w, https:\/\/www.humanium.org\/fr\/wp-content\/uploads\/2023\/06\/shutterstock_567051952-768x512.jpg 768w, https:\/\/www.humanium.org\/fr\/wp-content\/uploads\/2023\/06\/shutterstock_567051952-1536x1024.jpg 1536w, https:\/\/www.humanium.org\/fr\/wp-content\/uploads\/2023\/06\/shutterstock_567051952-2048x1365.jpg 2048w, https:\/\/www.humanium.org\/fr\/wp-content\/uploads\/2023\/06\/shutterstock_567051952-830x553.jpg 830w, https:\/\/www.humanium.org\/fr\/wp-content\/uploads\/2023\/06\/shutterstock_567051952-230x153.jpg 230w, https:\/\/www.humanium.org\/fr\/wp-content\/uploads\/2023\/06\/shutterstock_567051952-350x233.jpg 350w, https:\/\/www.humanium.org\/fr\/wp-content\/uploads\/2023\/06\/shutterstock_567051952-480x320.jpg 480w, https:\/\/www.humanium.org\/fr\/wp-content\/uploads\/2023\/06\/shutterstock_567051952-272x182.jpg 272w\" sizes=\"auto, (max-width: 1024px) 100vw, 1024px\" \/><\/figure>\n\n\n\n<p class=\"wp-block-paragraph\">Les cas d\u2019empoisonnement visant des \u00e9coli\u00e8res se sont produits \u00e0 travers <a href=\"https:\/\/www.humanium.org\/fr\/iran\/\">l\u2019Iran<\/a>, touchant les \u00e9l\u00e8ves de l\u2019\u00e9cole primaire au lyc\u00e9e. La frustration a grandi chez les parents qui ont accus\u00e9 le gouvernement de ne pas avoir divulgu\u00e9 les rapports toxicologiques, aggravant ainsi la situation. Par cons\u00e9quent, des syndicats d\u2019enseignants, des parents, et des citoyens ordinaires se sont unis pour faire pression sur le gouvernement afin qu\u2019il prenne des mesures et prot\u00e8ge les enfants. <\/p>\n\n\n\n<p class=\"wp-block-paragraph\">Cependant, le gouvernement&nbsp; a emp\u00each\u00e9 les m\u00e9decins d\u2019attribuer les d\u00e9c\u00e8s des filles victimes des attaques au gaz et ils ont d\u00fb plut\u00f4t citer d\u2019autres conditions m\u00e9dicales comme cause. Les m\u00e9dias d\u2019\u00c9tat et la gestion de la situation par les autorit\u00e9s iraniennes ont caus\u00e9 des dommages incommensurables (Amnesty International, 2023).&nbsp;<\/p>\n\n\n\n<p class=\"wp-block-paragraph\">En moins d\u2019un an, des milliers d<a href=\"https:\/\/www.humanium.org\/fr\/iran\/\">\u2019\u00e9l\u00e8ves iraniennes <\/a>ont \u00e9t\u00e9 empoisonn\u00e9es, ce qui a conduit \u00e0 l\u2019hospitalisation des nombre d\u2019entre elles&nbsp; \u00e0 cause des sympt\u00f4mes tels que la d\u00e9tresse respiratoire, l\u2019engourdissement des membres, les palpitations cardiaques, des maux de t\u00eate, des&nbsp; naus\u00e9es et des vomissements. Le pays a d\u00e9couvert la situation lorsque les filles ont d\u00e9clar\u00e9 avoir senti une odeur de chlore. <\/p>\n\n\n\n<p class=\"wp-block-paragraph\">Toutefois, on croit maintenant que l\u2019azote gazeux \u00e9tait la cause principale des empoisonnements, malgr\u00e9 son manque d\u2019odeur et de go\u00fbt. L\u2019\u00e9chec du gouvernement de prot\u00e9ger le droit des \u00e9l\u00e8ves \u00e0 la <a href=\"https:\/\/www.humanium.org\/fr\/droit-a-la-sante-2\/\">sant\u00e9<\/a>, \u00e0 la <a href=\"https:\/\/www.humanium.org\/fr\/droit-a-la-protection\/\">protection<\/a> et \u00e0 l\u2019<a href=\"https:\/\/www.humanium.org\/fr\/comprendre-droits-enfant\/droit-a-l-education\/\">\u00e9ducation<\/a>, malgr\u00e9 l\u2019arrestation suppos\u00e9e des auteurs, a entra\u00een\u00e9 une condamnation mondiale croissante de <a href=\"https:\/\/www.humanium.org\/fr\/iran\/\">l\u2019Iran<\/a>.&nbsp;<\/p>\n\n\n\n<h2 class=\"wp-block-heading\"><strong>Les d\u00e9fis dans l\u2019enqu\u00eate des empoisonnements<\/strong><\/h2>\n\n\n\n<p class=\"wp-block-paragraph\">Jusqu\u2019\u00e0 pr\u00e9sent, la communaut\u00e9 internationale n\u2019a pas pu acc\u00e9der aux \u00e9chantillons et v\u00e9rifier la vraie \u00e9tendue de la situation en <a href=\"https:\/\/www.humanium.org\/fr\/iran\/\">Iran<\/a>, puisque le gouvernement n\u2019a pas fourni d\u2019informations. Bien que certains rapports sugg\u00e8rent que les filles ont \u00e9t\u00e9 expos\u00e9es \u00e0 l\u2019azote gazeux, les m\u00e9decins demandent des \u00e9chantillons sanguins pour mener des recherches approfondies ; les \u00e9chantillons environnementaux seraient insuffisants \u00e0 cause du climat chaud du pays. <\/p>\n\n\n\n<p class=\"wp-block-paragraph\">Certaines ONG ont \u00e9tabli des similarit\u00e9s entre cet incident et l\u2019empoisonnement de 600 \u00e9coli\u00e8res \u00e0 Herat, en <a href=\"https:\/\/www.humanium.org\/fr\/afghanistan\/\">Afghanistan<\/a>, mais les enqu\u00eates sur les deux incidents restent incompl\u00e8tes (Khan J.A. et al, 2023).<\/p>\n\n\n\n<p class=\"wp-block-paragraph\">Des correspondants \u00e9trangers ont signal\u00e9 que les m\u00e9dias et les familles se voient refuser le droit devisite aux&nbsp; filles hospitalis\u00e9es. De plus, le gouvernement r\u00e9prime quiconque enqu\u00eate ou demande justice dans cette affaire, punissant m\u00eame les activistes d\u2019avoir \u00ab r\u00e9pandu de fausses rumeurs \u00bb et d\u00e9couvert d\u2019autres affaires pr\u00e9sentant un nombre bien plus \u00e9lev\u00e9 de victimes (Iran Primer, 2023). En outre, les journalistes iraniens qui ont d\u00e9couvert et rapport\u00e9 les incidents d\u2019empoisonnement ont ensuite \u00e9t\u00e9 arr\u00eat\u00e9s.&nbsp;<\/p>\n\n\n\n<p class=\"wp-block-paragraph\">Reporters sans fronti\u00e8res (RSF) plaide pour la lib\u00e9ration du journaliste iranien Ali Pourtabatabaei, qui a r\u00e9v\u00e9l\u00e9 le premier cas d\u2019empoisonnement. Cependant, leurs appels ont \u00e9t\u00e9 ignor\u00e9s, et on ne sait toujours pas pourquoi il a \u00e9t\u00e9 d\u00e9tenu et o\u00f9 il est actuellement d\u00e9tenu. Ses comptes de r\u00e9seaux sociaux ont \u00e9galement \u00e9t\u00e9 suspendus en raison de violations pr\u00e9sum\u00e9es. Malheureusement, il ne s\u2019agit pas d\u2019un incident isol\u00e9 de r\u00e9pression de la <a href=\"https:\/\/www.humanium.org\/fr\/comprendre-droits-enfant\/droit-aux-libertes\/\">libert\u00e9 d\u2019expression<\/a> (RSF, 2023).<\/p>\n\n\n\n<h2 class=\"wp-block-heading\"><strong>Des lois et des actions plus fortes pour prot\u00e9ger les enfants iraniens<\/strong><\/h2>\n\n\n\n<p class=\"wp-block-paragraph\">L&#8217;empoisonnement des \u00e9coli\u00e8res iraniennes n&rsquo;est pas un incident isol\u00e9, mais plut\u00f4t le sympt\u00f4me d&rsquo;un probl\u00e8me plus vaste de violence \u00e0 l&rsquo;encontre des femmes et des enfants dans le pays. La gestion de cette crise par le gouvernement n&rsquo;a fait qu&rsquo;ajouter au probl\u00e8me, avec des rapports faisant \u00e9tat de censure, d&rsquo;arrestations et de refus d&rsquo;acc\u00e8s \u00e0 l&rsquo;information.&nbsp;<\/p>\n\n\n\n<p class=\"wp-block-paragraph\">Les ONG, les gouvernements et les militants doivent unir leurs efforts pour faire pression sur le gouvernement iranien afin qu&rsquo;il prenne des mesures et prot\u00e8ge ses citoyens, notamment en mettant en \u0153uvre des lois plus strictes contre la <a href=\"https:\/\/www.humanium.org\/fr\/la-maltraitance-des-enfants\/\">maltraitance des enfants<\/a> et en prot\u00e9geant la <a href=\"https:\/\/www.humanium.org\/fr\/comprendre-droits-enfant\/droit-aux-libertes\/\">libert\u00e9 d&rsquo;expression.<\/a> La formation des forces de l&rsquo;ordre et la restructuration du syst\u00e8me de protection de l&rsquo;enfance pourraient am\u00e9liorer consid\u00e9rablement la vie des femmes et des enfants dans le pays.<\/p>\n\n\n\n<p class=\"wp-block-paragraph\">Il est temps de mettre fin \u00e0 la culture du silence et de l&rsquo;impunit\u00e9 et de faire en sorte que les auteurs de ces actes r\u00e9pondent de leurs crimes. Aucun enfant ne devrait avoir \u00e0 craindre pour sa vie en exer\u00e7ant son <a href=\"https:\/\/www.humanium.org\/fr\/comprendre-droits-enfant\/droit-a-l-education\/\">droit \u00e0 l&rsquo;\u00e9ducation<\/a>. Gr\u00e2ce \u00e0 ses projets, Humanium s&rsquo;efforce d&rsquo;assurer un avenir meilleur et plus s\u00fbr aux filles. En collaboration avec Hand in Hand India, Humanium a contribu\u00e9 \u00e0 l&rsquo;ouverture du Residential Special Training Centre \u00e0 Madhya Pradesh, qui permettra aux jeunes filles d&rsquo;exercer librement leur <a href=\"https:\/\/www.humanium.org\/fr\/comprendre-droits-enfant\/droit-a-l-education\/\">droit \u00e0 l&rsquo;\u00e9ducation<\/a> et de mettre fin au t<a href=\"https:\/\/www.humanium.org\/en\/child-labour\/\">ravail des enfants <\/a>gr\u00e2ce \u00e0 un soutien \u00e9ducatif, physique, mental et \u00e9motionnel sur mesure.<\/p>\n\n\n\n<figure class=\"wp-block-image size-large\"><img loading=\"lazy\" decoding=\"async\" width=\"1024\" height=\"683\" src=\"https:\/\/www.humanium.org\/fr\/wp-content\/uploads\/2023\/06\/shutterstock_1234579519-1024x683.jpg\" alt=\"\" class=\"wp-image-55193\" srcset=\"https:\/\/www.humanium.org\/fr\/wp-content\/uploads\/2023\/06\/shutterstock_1234579519-1024x683.jpg 1024w, https:\/\/www.humanium.org\/fr\/wp-content\/uploads\/2023\/06\/shutterstock_1234579519-300x200.jpg 300w, https:\/\/www.humanium.org\/fr\/wp-content\/uploads\/2023\/06\/shutterstock_1234579519-768x512.jpg 768w, https:\/\/www.humanium.org\/fr\/wp-content\/uploads\/2023\/06\/shutterstock_1234579519-1536x1024.jpg 1536w, https:\/\/www.humanium.org\/fr\/wp-content\/uploads\/2023\/06\/shutterstock_1234579519-2048x1365.jpg 2048w, https:\/\/www.humanium.org\/fr\/wp-content\/uploads\/2023\/06\/shutterstock_1234579519-830x553.jpg 830w, https:\/\/www.humanium.org\/fr\/wp-content\/uploads\/2023\/06\/shutterstock_1234579519-230x153.jpg 230w, https:\/\/www.humanium.org\/fr\/wp-content\/uploads\/2023\/06\/shutterstock_1234579519-350x233.jpg 350w, https:\/\/www.humanium.org\/fr\/wp-content\/uploads\/2023\/06\/shutterstock_1234579519-480x320.jpg 480w, https:\/\/www.humanium.org\/fr\/wp-content\/uploads\/2023\/06\/shutterstock_1234579519-272x182.jpg 272w\" sizes=\"auto, (max-width: 1024px) 100vw, 1024px\" \/><\/figure>\n\n\n\n<p class=\"wp-block-paragraph\">Si vous souhaitez nous soutenir dans nos efforts pour cr\u00e9er un monde meilleur pour les enfants, vous pouvez envisager de faire un don, de parrainer un enfant ou de devenir b\u00e9n\u00e9vole. Nous appr\u00e9cions votre aide !<\/p>\n\n\n\n<p class=\"wp-block-paragraph\"><em><strong>\u00c9crit par Lidija Misic<\/strong><\/em><\/p>\n\n\n\n<p class=\"wp-block-paragraph\"><em><strong>Traduit par Freya Swinburne&nbsp;<\/strong><\/em><\/p>\n\n\n\n<p class=\"wp-block-paragraph\"><em><strong>Relu par Elisa Lorcy<\/strong><\/em><\/p>\n\n\n\n<h4 class=\"wp-block-heading\"><strong>Bibliographie:<\/strong><\/h4>\n\n\n\n<p class=\"has-small-font-size wp-block-paragraph\">Amnesty International (2023), Iran: Millions of schoolgirls at risk of poisoning. Retrieved from Amnesty International at <a href=\"https:\/\/www.amnesty.org\/en\/documents\/mde13\/6696\/2023\/en\/\" target=\"_blank\" rel=\"noreferrer noopener\">https:\/\/www.amnesty.org\/en\/documents\/mde13\/6696\/2023\/en\/<\/a>, accessed on April 30, 2023.<\/p>\n\n\n\n<p class=\"has-small-font-size wp-block-paragraph\">BBC (2022), Iran investigates poisoning of hundreds of schoolgirls with toxic gas. Retrieved from BBC at <a href=\"https:\/\/www.bbc.com\/news\/world-middle-east-64797957\" target=\"_blank\" rel=\"noreferrer noopener\">https:\/\/www.bbc.com\/news\/world-middle-east-64797957<\/a>, accessed on April 30, 2023.<\/p>\n\n\n\n<p class=\"has-small-font-size wp-block-paragraph\">Kenny Peter (2023), UN experts outraged over poisoning of Iranian schoolgirls. Retrieved from Anadolu Agency at <a href=\"https:\/\/www.aa.com.tr\/en\/world\/un-experts-outraged-over-poisoning-of-iranian-schoolgirls\/2847976\" target=\"_blank\" rel=\"noreferrer noopener\">https:\/\/www.aa.com.tr\/en\/world\/un-experts-outraged-over-poisoning-of-iranian-schoolgirls\/2847976<\/a>, accessed on April 30, 2023.<\/p>\n\n\n\n<p class=\"has-small-font-size wp-block-paragraph\">Khan J. Aina et al (2023), What&rsquo;s behind the crisis in Iran over the suspected poisoning of schoolgirls? Retrieved from NBC News at <a href=\"https:\/\/www.nbcnews.com\/news\/world\/iran-suspected-poisoning-schoolgirls-explained-rcna73499\" target=\"_blank\" rel=\"noreferrer noopener\">https:\/\/www.nbcnews.com\/news\/world\/iran-suspected-poisoning-schoolgirls-explained-rcna73499<\/a>, accessed on April 30, 2023.<\/p>\n\n\n\n<p class=\"has-small-font-size wp-block-paragraph\">Mohammadi R. Mohammad et al (2014), Child Abuse in Iran: a systematic review and meta-analysis. Retrieved from National Library of Medicine at <a href=\"https:\/\/www.ncbi.nlm.nih.gov\/pmc\/articles\/PMC4277799\/\" target=\"_blank\" rel=\"noreferrer noopener\">https:\/\/www.ncbi.nlm.nih.gov\/pmc\/articles\/PMC4277799\/<\/a>, accessed on April 30, 2023.<\/p>\n\n\n\n<p class=\"has-small-font-size wp-block-paragraph\">RWB (2023), Iranian authorities arrest reporter who covered schoolgirl poisonings. Retrieved from Reporters Without Borders at <a href=\"https:\/\/rsf.org\/en\/iranian-authorities-arrest-reporter-who-covered-schoolgirl-poisonings\" target=\"_blank\" rel=\"noreferrer noopener\">https:\/\/rsf.org\/en\/iranian-authorities-arrest-reporter-who-covered-schoolgirl-poisonings<\/a>, accessed on April 30, 2023.<\/p>\n\n\n\n<p class=\"has-small-font-size wp-block-paragraph\">The Iran Primer (2023), Mass Poisoning of Schoolgirls in Iran. Retrieved from The Iran Primer at <a href=\"https:\/\/iranprimer.usip.org\/blog\/2023\/mar\/08\/mass-poisoning-schoolgirls-iran\" target=\"_blank\" rel=\"noreferrer noopener\">https:\/\/iranprimer.usip.org\/blog\/2023\/mar\/08\/mass-poisoning-schoolgirls-iran<\/a>, accessed on April 30, 2023.<\/p>\n","protected":false},"excerpt":{"rendered":"<p>Les cas d\u2019empoisonnement dans les \u00e9coles iraniennes posent un probl\u00e8me r\u00e9current, et les attaques chimiques r\u00e9centes ciblant les \u00e9coli\u00e8res ont rendu la situation encore plus grave. Depuis le premier cas de l\u2019empoisonnement d\u2019\u00e9coli\u00e8res \u00e0 Qom en novembre 2022, il y a eu&nbsp; une augmentation inqui\u00e9tante d\u2019incidents similaires d\u00e9clar\u00e9s dans tout le pays. Les attaques ont [&hellip;]<\/p>\n","protected":false},"author":69,"featured_media":55194,"comment_status":"closed","ping_status":"closed","sticky":false,"template":"","format":"standard","meta":{"footnotes":""},"categories":[220,4,5,233,214],"tags":[],"class_list":["post-55191","post","type-post","status-publish","format-standard","has-post-thumbnail","hentry","category-droits-des-enfants","category-droits-humains","category-education","category-exploitation","category-violence"],"yoast_head":"<!-- This site is optimized with the Yoast SEO plugin v28.3 - https:\/\/yoast.com\/product\/yoast-seo-wordpress\/ -->\n<title>Attaques chimiques cibl\u00e9es contre des \u00e9coli\u00e8res iraniennes - Humanium<\/title>\n<meta name=\"description\" content=\"Les cas d\u2019empoisonnement dans les \u00e9coles iraniennes et les attaques chimiques r\u00e9centes ciblant les \u00e9coli\u00e8res posent un probl\u00e8me r\u00e9current.\" \/>\n<meta name=\"robots\" content=\"index, follow, max-snippet:-1, max-image-preview:large, max-video-preview:-1\" \/>\n<link rel=\"canonical\" href=\"https:\/\/www.humanium.org\/fr\/lempoisonnement-intentionnel-decolieres-en-iran\/\" \/>\n<meta property=\"og:locale\" content=\"fr_FR\" \/>\n<meta property=\"og:type\" content=\"article\" \/>\n<meta property=\"og:title\" content=\"Attaques chimiques cibl\u00e9es contre des \u00e9coli\u00e8res iraniennes - Humanium\" \/>\n<meta property=\"og:description\" content=\"Les cas d\u2019empoisonnement dans les \u00e9coles iraniennes et les attaques chimiques r\u00e9centes ciblant les \u00e9coli\u00e8res posent un probl\u00e8me r\u00e9current.\" \/>\n<meta property=\"og:url\" content=\"https:\/\/www.humanium.org\/fr\/lempoisonnement-intentionnel-decolieres-en-iran\/\" \/>\n<meta property=\"og:site_name\" content=\"Humanium\" \/>\n<meta property=\"article:published_time\" content=\"2023-06-20T12:01:51+00:00\" \/>\n<meta property=\"article:modified_time\" content=\"2026-08-21T03:22:56+00:00\" \/>\n<meta property=\"og:image\" content=\"https:\/\/www.humanium.org\/fr\/wp-content\/uploads\/2023\/06\/shutterstock_3631605.jpg\" \/>\n\t<meta property=\"og:image:width\" content=\"2505\" \/>\n\t<meta property=\"og:image:height\" content=\"1700\" \/>\n\t<meta property=\"og:image:type\" content=\"image\/jpeg\" \/>\n<meta name=\"author\" content=\"Humanium\" \/>\n<meta name=\"twitter:card\" content=\"summary_large_image\" \/>\n<meta name=\"twitter:label1\" content=\"\u00c9crit par\" \/>\n\t<meta name=\"twitter:data1\" content=\"Humanium\" \/>\n\t<meta name=\"twitter:label2\" content=\"Dur\u00e9e de lecture estim\u00e9e\" \/>\n\t<meta name=\"twitter:data2\" content=\"8 minutes\" \/>\n<script type=\"application\/ld+json\" class=\"yoast-schema-graph\">{\"@context\":\"https:\\\/\\\/schema.org\",\"@graph\":[{\"@type\":\"Article\",\"@id\":\"https:\\\/\\\/www.humanium.org\\\/fr\\\/lempoisonnement-intentionnel-decolieres-en-iran\\\/#article\",\"isPartOf\":{\"@id\":\"https:\\\/\\\/www.humanium.org\\\/fr\\\/lempoisonnement-intentionnel-decolieres-en-iran\\\/\"},\"author\":{\"name\":\"Humanium\",\"@id\":\"https:\\\/\\\/www.humanium.org\\\/fr\\\/#\\\/schema\\\/person\\\/d798d6c7d59ba2307e0877f61a20ce3e\"},\"headline\":\"Attaques chimiques cibl\u00e9es contre des \u00e9coli\u00e8res iraniennes\",\"datePublished\":\"2023-06-20T12:01:51+00:00\",\"dateModified\":\"2026-08-21T03:22:56+00:00\",\"mainEntityOfPage\":{\"@id\":\"https:\\\/\\\/www.humanium.org\\\/fr\\\/lempoisonnement-intentionnel-decolieres-en-iran\\\/\"},\"wordCount\":1597,\"image\":{\"@id\":\"https:\\\/\\\/www.humanium.org\\\/fr\\\/lempoisonnement-intentionnel-decolieres-en-iran\\\/#primaryimage\"},\"thumbnailUrl\":\"https:\\\/\\\/www.humanium.org\\\/fr\\\/wp-content\\\/uploads\\\/2023\\\/06\\\/shutterstock_3631605.jpg\",\"articleSection\":[\"Droits des enfants\",\"Droits humains\",\"Education\",\"Exploitation\",\"violence\"],\"inLanguage\":\"fr-FR\"},{\"@type\":\"WebPage\",\"@id\":\"https:\\\/\\\/www.humanium.org\\\/fr\\\/lempoisonnement-intentionnel-decolieres-en-iran\\\/\",\"url\":\"https:\\\/\\\/www.humanium.org\\\/fr\\\/lempoisonnement-intentionnel-decolieres-en-iran\\\/\",\"name\":\"Attaques chimiques cibl\u00e9es contre des \u00e9coli\u00e8res iraniennes - Humanium\",\"isPartOf\":{\"@id\":\"https:\\\/\\\/www.humanium.org\\\/fr\\\/#website\"},\"primaryImageOfPage\":{\"@id\":\"https:\\\/\\\/www.humanium.org\\\/fr\\\/lempoisonnement-intentionnel-decolieres-en-iran\\\/#primaryimage\"},\"image\":{\"@id\":\"https:\\\/\\\/www.humanium.org\\\/fr\\\/lempoisonnement-intentionnel-decolieres-en-iran\\\/#primaryimage\"},\"thumbnailUrl\":\"https:\\\/\\\/www.humanium.org\\\/fr\\\/wp-content\\\/uploads\\\/2023\\\/06\\\/shutterstock_3631605.jpg\",\"datePublished\":\"2023-06-20T12:01:51+00:00\",\"dateModified\":\"2026-08-21T03:22:56+00:00\",\"author\":{\"@id\":\"https:\\\/\\\/www.humanium.org\\\/fr\\\/#\\\/schema\\\/person\\\/d798d6c7d59ba2307e0877f61a20ce3e\"},\"description\":\"Les cas d\u2019empoisonnement dans les \u00e9coles iraniennes et les attaques chimiques r\u00e9centes ciblant les \u00e9coli\u00e8res posent un probl\u00e8me r\u00e9current.\",\"breadcrumb\":{\"@id\":\"https:\\\/\\\/www.humanium.org\\\/fr\\\/lempoisonnement-intentionnel-decolieres-en-iran\\\/#breadcrumb\"},\"inLanguage\":\"fr-FR\",\"potentialAction\":[{\"@type\":\"ReadAction\",\"target\":[\"https:\\\/\\\/www.humanium.org\\\/fr\\\/lempoisonnement-intentionnel-decolieres-en-iran\\\/\"]}]},{\"@type\":\"ImageObject\",\"inLanguage\":\"fr-FR\",\"@id\":\"https:\\\/\\\/www.humanium.org\\\/fr\\\/lempoisonnement-intentionnel-decolieres-en-iran\\\/#primaryimage\",\"url\":\"https:\\\/\\\/www.humanium.org\\\/fr\\\/wp-content\\\/uploads\\\/2023\\\/06\\\/shutterstock_3631605.jpg\",\"contentUrl\":\"https:\\\/\\\/www.humanium.org\\\/fr\\\/wp-content\\\/uploads\\\/2023\\\/06\\\/shutterstock_3631605.jpg\",\"width\":2505,\"height\":1700},{\"@type\":\"BreadcrumbList\",\"@id\":\"https:\\\/\\\/www.humanium.org\\\/fr\\\/lempoisonnement-intentionnel-decolieres-en-iran\\\/#breadcrumb\",\"itemListElement\":[{\"@type\":\"ListItem\",\"position\":1,\"name\":\"Home\",\"item\":\"https:\\\/\\\/www.humanium.org\\\/fr\\\/\"},{\"@type\":\"ListItem\",\"position\":2,\"name\":\"Attaques chimiques cibl\u00e9es contre des \u00e9coli\u00e8res iraniennes\"}]},{\"@type\":\"WebSite\",\"@id\":\"https:\\\/\\\/www.humanium.org\\\/fr\\\/#website\",\"url\":\"https:\\\/\\\/www.humanium.org\\\/fr\\\/\",\"name\":\"Humanium\",\"description\":\"Les enfants d\u2019abord !\",\"potentialAction\":[{\"@type\":\"SearchAction\",\"target\":{\"@type\":\"EntryPoint\",\"urlTemplate\":\"https:\\\/\\\/www.humanium.org\\\/fr\\\/?s={search_term_string}\"},\"query-input\":{\"@type\":\"PropertyValueSpecification\",\"valueRequired\":true,\"valueName\":\"search_term_string\"}}],\"inLanguage\":\"fr-FR\"},{\"@type\":\"Person\",\"@id\":\"https:\\\/\\\/www.humanium.org\\\/fr\\\/#\\\/schema\\\/person\\\/d798d6c7d59ba2307e0877f61a20ce3e\",\"name\":\"Humanium\",\"image\":{\"@type\":\"ImageObject\",\"inLanguage\":\"fr-FR\",\"@id\":\"https:\\\/\\\/secure.gravatar.com\\\/avatar\\\/22715e338d2fcc547e3a431c4738360d33fea2a4af458f865b2c3b22f1eaa51f?s=96&d=mm&r=g\",\"url\":\"https:\\\/\\\/secure.gravatar.com\\\/avatar\\\/22715e338d2fcc547e3a431c4738360d33fea2a4af458f865b2c3b22f1eaa51f?s=96&d=mm&r=g\",\"contentUrl\":\"https:\\\/\\\/secure.gravatar.com\\\/avatar\\\/22715e338d2fcc547e3a431c4738360d33fea2a4af458f865b2c3b22f1eaa51f?s=96&d=mm&r=g\",\"caption\":\"Humanium\"},\"url\":\"https:\\\/\\\/www.humanium.org\\\/fr\\\/author\\\/humanium\\\/\"}]}<\/script>\n<!-- \/ Yoast SEO plugin. -->","yoast_head_json":{"title":"Attaques chimiques cibl\u00e9es contre des \u00e9coli\u00e8res iraniennes - Humanium","description":"Les cas d\u2019empoisonnement dans les \u00e9coles iraniennes et les attaques chimiques r\u00e9centes ciblant les \u00e9coli\u00e8res posent un probl\u00e8me r\u00e9current.","robots":{"index":"index","follow":"follow","max-snippet":"max-snippet:-1","max-image-preview":"max-image-preview:large","max-video-preview":"max-video-preview:-1"},"canonical":"https:\/\/www.humanium.org\/fr\/lempoisonnement-intentionnel-decolieres-en-iran\/","og_locale":"fr_FR","og_type":"article","og_title":"Attaques chimiques cibl\u00e9es contre des \u00e9coli\u00e8res iraniennes - Humanium","og_description":"Les cas d\u2019empoisonnement dans les \u00e9coles iraniennes et les attaques chimiques r\u00e9centes ciblant les \u00e9coli\u00e8res posent un probl\u00e8me r\u00e9current.","og_url":"https:\/\/www.humanium.org\/fr\/lempoisonnement-intentionnel-decolieres-en-iran\/","og_site_name":"Humanium","article_published_time":"2023-06-20T12:01:51+00:00","article_modified_time":"2026-08-21T03:22:56+00:00","og_image":[{"width":2505,"height":1700,"url":"https:\/\/www.humanium.org\/fr\/wp-content\/uploads\/2023\/06\/shutterstock_3631605.jpg","type":"image\/jpeg"}],"author":"Humanium","twitter_card":"summary_large_image","twitter_misc":{"\u00c9crit par":"Humanium","Dur\u00e9e de lecture estim\u00e9e":"8 minutes"},"schema":{"@context":"https:\/\/schema.org","@graph":[{"@type":"Article","@id":"https:\/\/www.humanium.org\/fr\/lempoisonnement-intentionnel-decolieres-en-iran\/#article","isPartOf":{"@id":"https:\/\/www.humanium.org\/fr\/lempoisonnement-intentionnel-decolieres-en-iran\/"},"author":{"name":"Humanium","@id":"https:\/\/www.humanium.org\/fr\/#\/schema\/person\/d798d6c7d59ba2307e0877f61a20ce3e"},"headline":"Attaques chimiques cibl\u00e9es contre des \u00e9coli\u00e8res iraniennes","datePublished":"2023-06-20T12:01:51+00:00","dateModified":"2026-08-21T03:22:56+00:00","mainEntityOfPage":{"@id":"https:\/\/www.humanium.org\/fr\/lempoisonnement-intentionnel-decolieres-en-iran\/"},"wordCount":1597,"image":{"@id":"https:\/\/www.humanium.org\/fr\/lempoisonnement-intentionnel-decolieres-en-iran\/#primaryimage"},"thumbnailUrl":"https:\/\/www.humanium.org\/fr\/wp-content\/uploads\/2023\/06\/shutterstock_3631605.jpg","articleSection":["Droits des enfants","Droits humains","Education","Exploitation","violence"],"inLanguage":"fr-FR"},{"@type":"WebPage","@id":"https:\/\/www.humanium.org\/fr\/lempoisonnement-intentionnel-decolieres-en-iran\/","url":"https:\/\/www.humanium.org\/fr\/lempoisonnement-intentionnel-decolieres-en-iran\/","name":"Attaques chimiques cibl\u00e9es contre des \u00e9coli\u00e8res iraniennes - Humanium","isPartOf":{"@id":"https:\/\/www.humanium.org\/fr\/#website"},"primaryImageOfPage":{"@id":"https:\/\/www.humanium.org\/fr\/lempoisonnement-intentionnel-decolieres-en-iran\/#primaryimage"},"image":{"@id":"https:\/\/www.humanium.org\/fr\/lempoisonnement-intentionnel-decolieres-en-iran\/#primaryimage"},"thumbnailUrl":"https:\/\/www.humanium.org\/fr\/wp-content\/uploads\/2023\/06\/shutterstock_3631605.jpg","datePublished":"2023-06-20T12:01:51+00:00","dateModified":"2026-08-21T03:22:56+00:00","author":{"@id":"https:\/\/www.humanium.org\/fr\/#\/schema\/person\/d798d6c7d59ba2307e0877f61a20ce3e"},"description":"Les cas d\u2019empoisonnement dans les \u00e9coles iraniennes et les attaques chimiques r\u00e9centes ciblant les \u00e9coli\u00e8res posent un probl\u00e8me r\u00e9current.","breadcrumb":{"@id":"https:\/\/www.humanium.org\/fr\/lempoisonnement-intentionnel-decolieres-en-iran\/#breadcrumb"},"inLanguage":"fr-FR","potentialAction":[{"@type":"ReadAction","target":["https:\/\/www.humanium.org\/fr\/lempoisonnement-intentionnel-decolieres-en-iran\/"]}]},{"@type":"ImageObject","inLanguage":"fr-FR","@id":"https:\/\/www.humanium.org\/fr\/lempoisonnement-intentionnel-decolieres-en-iran\/#primaryimage","url":"https:\/\/www.humanium.org\/fr\/wp-content\/uploads\/2023\/06\/shutterstock_3631605.jpg","contentUrl":"https:\/\/www.humanium.org\/fr\/wp-content\/uploads\/2023\/06\/shutterstock_3631605.jpg","width":2505,"height":1700},{"@type":"BreadcrumbList","@id":"https:\/\/www.humanium.org\/fr\/lempoisonnement-intentionnel-decolieres-en-iran\/#breadcrumb","itemListElement":[{"@type":"ListItem","position":1,"name":"Home","item":"https:\/\/www.humanium.org\/fr\/"},{"@type":"ListItem","position":2,"name":"Attaques chimiques cibl\u00e9es contre des \u00e9coli\u00e8res iraniennes"}]},{"@type":"WebSite","@id":"https:\/\/www.humanium.org\/fr\/#website","url":"https:\/\/www.humanium.org\/fr\/","name":"Humanium","description":"Les enfants d\u2019abord !","potentialAction":[{"@type":"SearchAction","target":{"@type":"EntryPoint","urlTemplate":"https:\/\/www.humanium.org\/fr\/?s={search_term_string}"},"query-input":{"@type":"PropertyValueSpecification","valueRequired":true,"valueName":"search_term_string"}}],"inLanguage":"fr-FR"},{"@type":"Person","@id":"https:\/\/www.humanium.org\/fr\/#\/schema\/person\/d798d6c7d59ba2307e0877f61a20ce3e","name":"Humanium","image":{"@type":"ImageObject","inLanguage":"fr-FR","@id":"https:\/\/secure.gravatar.com\/avatar\/22715e338d2fcc547e3a431c4738360d33fea2a4af458f865b2c3b22f1eaa51f?s=96&d=mm&r=g","url":"https:\/\/secure.gravatar.com\/avatar\/22715e338d2fcc547e3a431c4738360d33fea2a4af458f865b2c3b22f1eaa51f?s=96&d=mm&r=g","contentUrl":"https:\/\/secure.gravatar.com\/avatar\/22715e338d2fcc547e3a431c4738360d33fea2a4af458f865b2c3b22f1eaa51f?s=96&d=mm&r=g","caption":"Humanium"},"url":"https:\/\/www.humanium.org\/fr\/author\/humanium\/"}]}},"_links":{"self":[{"href":"https:\/\/www.humanium.org\/fr\/wp-json\/wp\/v2\/posts\/55191","targetHints":{"allow":["GET"]}}],"collection":[{"href":"https:\/\/www.humanium.org\/fr\/wp-json\/wp\/v2\/posts"}],"about":[{"href":"https:\/\/www.humanium.org\/fr\/wp-json\/wp\/v2\/types\/post"}],"author":[{"embeddable":true,"href":"https:\/\/www.humanium.org\/fr\/wp-json\/wp\/v2\/users\/69"}],"replies":[{"embeddable":true,"href":"https:\/\/www.humanium.org\/fr\/wp-json\/wp\/v2\/comments?post=55191"}],"version-history":[{"count":8,"href":"https:\/\/www.humanium.org\/fr\/wp-json\/wp\/v2\/posts\/55191\/revisions"}],"predecessor-version":[{"id":62790,"href":"https:\/\/www.humanium.org\/fr\/wp-json\/wp\/v2\/posts\/55191\/revisions\/62790"}],"wp:featuredmedia":[{"embeddable":true,"href":"https:\/\/www.humanium.org\/fr\/wp-json\/wp\/v2\/media\/55194"}],"wp:attachment":[{"href":"https:\/\/www.humanium.org\/fr\/wp-json\/wp\/v2\/media?parent=55191"}],"wp:term":[{"taxonomy":"category","embeddable":true,"href":"https:\/\/www.humanium.org\/fr\/wp-json\/wp\/v2\/categories?post=55191"},{"taxonomy":"post_tag","embeddable":true,"href":"https:\/\/www.humanium.org\/fr\/wp-json\/wp\/v2\/tags?post=55191"}],"curies":[{"name":"wp","href":"https:\/\/api.w.org\/{rel}","templated":true}]}}