{"id":55230,"date":"2023-06-27T13:06:19","date_gmt":"2023-06-27T13:06:19","guid":{"rendered":"https:\/\/www.humanium.org\/fr\/?p=55230"},"modified":"2026-08-21T03:22:56","modified_gmt":"2026-08-21T03:22:56","slug":"violence-verbale-contre-les-enfants-du-moyen-orient","status":"publish","type":"post","link":"https:\/\/www.humanium.org\/fr\/violence-verbale-contre-les-enfants-du-moyen-orient\/","title":{"rendered":"Violence verbale contre les enfants du Moyen-Orient"},"content":{"rendered":"\n<p class=\"wp-block-paragraph\"><strong>Le <\/strong><a href=\"https:\/\/www.humanium.org\/fr\/moyen-orient-afrique-du-nord\/\"><strong>Moyen-Orient<\/strong><\/a><strong> a connu une augmentation progressive des violences verbales, une situation qui va \u00e0 l\u2019encontre de la Convention relative aux droits de l\u2019enfant. Selon les \u00e9tudes, entre 70 et 80 % des jeunes du Moyen-Orient ont \u00e9t\u00e9 victimes de violences verbales (Addustour, 2009). Les abus verbaux habituels dirig\u00e9s contre les mineurs proviennent de leurs parents, des enseignants et des responsables d&rsquo;\u00e9cole. <\/strong><\/p>\n\n\n\n<p class=\"wp-block-paragraph\"><strong>Bien qu&rsquo;il y ait un certain nombre de difficult\u00e9s avec la pr\u00e9vention de la violence verbale, les communaut\u00e9s et les r\u00e9gions de l&rsquo;Est de la r\u00e9gion du <\/strong><a href=\"https:\/\/www.humanium.org\/fr\/moyen-orient-afrique-du-nord\/\"><strong>Moyen-Orient<\/strong><\/a><strong> n&rsquo;ont pas r\u00e9ussi \u00e0 donner \u00e0 la violence verbale le poids qu&rsquo;elle m\u00e9rite afin d&rsquo;aider les enfants et les jeunes \u00e0 vivre une vie meilleure et libre de tout type de <\/strong><a href=\"https:\/\/www.humanium.org\/fr\/violences\/\"><strong>violence<\/strong><\/a><strong>.<\/strong><\/p>\n\n\n\n<h2 class=\"wp-block-heading\"><strong>Qu&rsquo;est-ce que la violence verbale ?<\/strong><\/h2>\n\n\n\n<p class=\"wp-block-paragraph\">L&rsquo;Association am\u00e9ricaine de psychologie d\u00e9finit l&rsquo;abus verbal ou la <a href=\"https:\/\/www.humanium.org\/fr\/violences\/\">violence<\/a> verbale comme \u00ab\u00a0des mots extr\u00eamement critiques, mena\u00e7ants ou insultants prononc\u00e9s sous forme orale ou \u00e9crite et destin\u00e9s \u00e0 rabaisser ou effrayer le destinataire\u00a0\u00bb. (Association am\u00e9ricaine de psychologie, 2023). De plus, la violence verbale est consid\u00e9r\u00e9e \u00e0 la fois comme une <a href=\"https:\/\/www.humanium.org\/fr\/la-maltraitance-des-enfants\/\">maltraitance<\/a> mentale et psychologique (Wikipedia, 2023). Cela peut impliquer une vari\u00e9t\u00e9 de comportements tels que des injures, des cris ou des hurlements, des critiques et des jugements, des reproches et du m\u00e9pris.<\/p>\n\n\n\n<p class=\"wp-block-paragraph\">La <a href=\"https:\/\/www.humanium.org\/fr\/convention\/\">Convention<\/a> des Nations Unies relative aux droits de l&rsquo;enfant prot\u00e8ge les droits des enfants \u00e0 une vie exempte de toutes sortes d&rsquo;abus et de n\u00e9gligence, y compris la <a href=\"https:\/\/www.humanium.org\/fr\/les-luttes-cachees-la-surprenante-crise-de-sante-mentale-parmi-les-jeunes-japonais\/\">violence mentale<\/a>. En effet, <a href=\"https:\/\/www.humanium.org\/fr\/texte-integral-convention-internationale-relative-droits-enfant-1989\/\">l&rsquo;article 19<\/a> de la <a href=\"https:\/\/www.humanium.org\/fr\/convention\/\">Convention<\/a> des Nations Unies relative aux droits de l&rsquo;enfant d\u00e9clare que tout enfant a le droit d&rsquo;\u00eatre prot\u00e9g\u00e9 contre toute forme de violence ou d&rsquo;abus. En cons\u00e9quence, tous les partis sont tenus de prot\u00e9ger les droits des enfants par tous les moyens pertinents, et le coupable doit \u00eatre puni conform\u00e9ment \u00e0 l&rsquo;accord pr\u00e9alable et aux lois nationales de chaque pays (UNCRC, 1989).<\/p>\n\n\n\n<h2 class=\"wp-block-heading\"><strong>L&rsquo;incidence de la violence verbale contre les enfants au Moyen-Orient<\/strong><\/h2>\n\n\n\n<p class=\"wp-block-paragraph\">La violence verbale est un ph\u00e9nom\u00e8ne qui ne se limite pas uniquement au Moyen-Orient. L&rsquo;Organisation mondiale de la sant\u00e9 a indiqu\u00e9 que 35&nbsp;% des adultes dans le monde ont \u00e9t\u00e9 expos\u00e9s \u00e0 la violence verbale dans leur enfance, cependant la pr\u00e9occupation au Moyen-Orient est que ces chiffres sont consid\u00e9rablement plus \u00e9lev\u00e9s, en particulier pour la violence verbale contre les jeunes (OMS, 2020).<\/p>\n\n\n\n<p class=\"wp-block-paragraph\">Selon une \u00e9tude de l&rsquo;UNICEF r\u00e9alis\u00e9e en 2007, \u00ab\u00a0plus des deux tiers des enfants en <a href=\"https:\/\/www.humanium.org\/fr\/jordanie\/\">Jordanie<\/a> sont victimes d&rsquo;abus verbaux de la part de leurs parents, enseignants et administrateurs\u00a0\u00bb (UNICEF, 2007). Ce pourcentage peut augmenter dans des pays comme le <a href=\"https:\/\/www.humanium.org\/fr\/liban\/\">Liban<\/a>, o\u00f9 une \u00e9tude men\u00e9e par le D\u00e9partement de m\u00e9decine communautaire et familiale pour examiner la violence physique et verbale des \u00e9coliers a r\u00e9v\u00e9l\u00e9 que la violence verbale est le ph\u00e9nom\u00e8ne le plus courant, avec 81,2 % des \u00e9coliers ayant subi au moins une fois de la violence verbale (El Bcheraoui, 2007). <\/p>\n\n\n\n<p class=\"wp-block-paragraph\">Une \u00e9tude de recherche appliqu\u00e9e portant sur 3 000 \u00e9tudiants aux <a href=\"https:\/\/www.humanium.org\/fr\/emirats-arabes-unis\/\">\u00c9mirats arabes unis<\/a> a r\u00e9v\u00e9l\u00e9 que la violence verbale occupait la plus grande proportion parmi les diff\u00e9rents types de violence, sans en pr\u00e9ciser le chiffre pr\u00e9cis (Al-Noaymi, 2013).<\/p>\n\n\n\n<p class=\"wp-block-paragraph\">Selon les r\u00e9sultats des enqu\u00eates susmentionn\u00e9es, les principales causes de violence verbale contre les enfants sont les abus des parents et du personnel scolaire (Al-Zgalat, 2009). En raison des facteurs de stress quotidiens, des probl\u00e8mes financiers et des obstacles au Moyen-Orient, les enfants sont souvent victimes de violence verbale. De plus, l&rsquo;interdiction de la violence physique contre les enfants dans certains pays du Moyen-Orient peut amener les parents \u00e0 recourir \u00e0 la violence verbale comme forme de <a href=\"https:\/\/www.humanium.org\/fr\/la-maltraitance-des-enfants\/\">punition<\/a>.&nbsp;<\/p>\n\n\n\n<h2 class=\"wp-block-heading\"><strong>Effets secondaires \u00e0 long terme de la violence verbale<\/strong><\/h2>\n\n\n\n<p class=\"wp-block-paragraph\">Il existe de nombreuses cons\u00e9quences involontaires de l&rsquo;agression verbale dont les habitants du Moyen-Orient pourraient ne pas \u00eatre conscients. Ces impacts peuvent aller de l&rsquo;anxi\u00e9t\u00e9, de la tristesse, de la mauvaise estime de soi, des troubles comportementaux et sociaux \u00e0 la maladie mentale, \u00e0 l&rsquo;abus de drogues ou \u00e0 la conduite suicidaire (Croft, 2022).<\/p>\n\n\n\n<p class=\"wp-block-paragraph\">Selon Melissa Barsotti, assistante sociale clinique certifi\u00e9e, la psych\u00e9 d&rsquo;un enfant peut \u00eatre affect\u00e9e n\u00e9gativement par l&rsquo;agression verbale, en particulier si l&rsquo;enfant y est expos\u00e9 tout au long de sa petite enfance (Psychcentral, 2023). Les enfants maltrait\u00e9s auront, sans l&rsquo;ombre d&rsquo;un doute, une tendance \u00e0 la violence contre d&rsquo;autres fr\u00e8res et s\u0153urs, amis et coll\u00e8gues de l&rsquo;\u00e9cole, ce qui peut conduire \u00e0 un cycle sans fin de maltraitance.<\/p>\n\n\n\n<figure class=\"wp-block-image size-large\"><img loading=\"lazy\" decoding=\"async\" width=\"1024\" height=\"695\" src=\"https:\/\/www.humanium.org\/fr\/wp-content\/uploads\/2023\/06\/shutterstock_121428757-1024x695.jpg\" alt=\"\" class=\"wp-image-55232\" srcset=\"https:\/\/www.humanium.org\/fr\/wp-content\/uploads\/2023\/06\/shutterstock_121428757-1024x695.jpg 1024w, https:\/\/www.humanium.org\/fr\/wp-content\/uploads\/2023\/06\/shutterstock_121428757-300x204.jpg 300w, https:\/\/www.humanium.org\/fr\/wp-content\/uploads\/2023\/06\/shutterstock_121428757-768x521.jpg 768w, https:\/\/www.humanium.org\/fr\/wp-content\/uploads\/2023\/06\/shutterstock_121428757-1536x1042.jpg 1536w, https:\/\/www.humanium.org\/fr\/wp-content\/uploads\/2023\/06\/shutterstock_121428757-2048x1390.jpg 2048w, https:\/\/www.humanium.org\/fr\/wp-content\/uploads\/2023\/06\/shutterstock_121428757-830x563.jpg 830w, https:\/\/www.humanium.org\/fr\/wp-content\/uploads\/2023\/06\/shutterstock_121428757-230x156.jpg 230w, https:\/\/www.humanium.org\/fr\/wp-content\/uploads\/2023\/06\/shutterstock_121428757-350x238.jpg 350w, https:\/\/www.humanium.org\/fr\/wp-content\/uploads\/2023\/06\/shutterstock_121428757-480x326.jpg 480w\" sizes=\"auto, (max-width: 1024px) 100vw, 1024px\" \/><\/figure>\n\n\n\n<p class=\"wp-block-paragraph\">Selon les recherches de l&rsquo;Universit\u00e9 de Harvard, la violence verbale peut \u00eatre aussi destructrice que l&rsquo;agression physique ou sexuelle (Harvard Gazette, 2007). Selon les r\u00e9sultats, les abus verbaux persistants et graves augmentent le risque de d\u00e9velopper un trouble de stress post-traumatique, le m\u00eame type de d\u00e9pression psychologique que les combattants irakiens ont subi en Irak.<\/p>\n\n\n\n<p class=\"wp-block-paragraph\">D&rsquo;autres ont li\u00e9 la violence verbale pendant l&rsquo;enfance \u00e0 une probabilit\u00e9 accrue d&rsquo;avoir des personnalit\u00e9s instables et hostiles, un comportement narcissique, des maladies obsessionnelles compulsives et de la parano\u00efa. En fait, le Dr Teicher, professeur agr\u00e9g\u00e9 de psychiatrie et directeur du programme de recherche en biopsychiatrie du d\u00e9veloppement \u00e0 l&rsquo;h\u00f4pital McLean depuis 1988, croit que la violence verbale peut entra\u00eener des r\u00e9percussions \u00e0 plus long terme que d&rsquo;autres formes d&rsquo;agression parce qu&rsquo;elle est souvent plus continue et est g\u00e9n\u00e9ralement associ\u00e9e \u00e0 la violence physique et \u00e0 la n\u00e9gligence (Cromie, 2007).<\/p>\n\n\n\n<h2 class=\"wp-block-heading\"><strong>Les d\u00e9fis de la pr\u00e9vention de la violence verbale au Moyen-Orient<\/strong><\/h2>\n\n\n\n<p class=\"wp-block-paragraph\">Divers obstacles peuvent emp\u00eacher le Moyen-Orient de faire face \u00e0 la crise de la violence verbale. En r\u00e9alit\u00e9, il y a un manque de compr\u00e9hension dans les communaut\u00e9s locales concernant la d\u00e9tection des indicateurs de <a href=\"https:\/\/www.humanium.org\/fr\/la-maltraitance-des-enfants\/\">maltraitance<\/a> verbale, car il est plus difficile de reconna\u00eetre les signes de <a href=\"https:\/\/www.humanium.org\/fr\/violences\/\">violence<\/a> verbale que de reconna\u00eetre les signes de violence physique. De plus, les communaut\u00e9s consid\u00e8rent l&rsquo;hostilit\u00e9 physique comme plus urgente que la violence verbale, en particulier dans les zones de crise.<\/p>\n\n\n\n<p class=\"wp-block-paragraph\">Le deuxi\u00e8me obstacle qui peut \u00eatre rencontr\u00e9 est la raret\u00e9 des \u00e9tudes qui ont \u00e9t\u00e9 entreprises sur l&rsquo;usage de la violence verbale contre les enfants au Moyen-Orient, sans parler du manque d&rsquo;\u00e9tudes de ce type dans les lieux qui connaissent actuellement des conflits arm\u00e9s. <\/p>\n\n\n\n<p class=\"wp-block-paragraph\">Seules quelques \u00e9tudes sont pertinentes \u00e0 ce sujet, l&rsquo;UNICEF r\u00e9alisant la majorit\u00e9 d&rsquo;entre elles. Des recherches plus approfondies sur la violence verbale contre les <a href=\"https:\/\/www.humanium.org\/fr\/les-souffrances-des-rohingyas-des-milliers-denfants-en-danger-au-myanmar-et-au-bangladesh\/\">enfants<\/a> au Moyen-Orient donneraient une base de connaissances solide pour en savoir plus sur ses causes, son degr\u00e9 d&rsquo;occurrence et les mesures pour la contrer.<\/p>\n\n\n\n<p class=\"wp-block-paragraph\">Lorsqu&rsquo;il s&rsquo;agit d&rsquo;\u00e9viter les violences verbales contre les enfants, l&rsquo;un des d\u00e9fis les plus importants est l&rsquo;absence de r\u00e8gles et de r\u00e9glementations ou l&rsquo;inefficacit\u00e9 de ces lois et r\u00e9glementations. Selon un rapport publi\u00e9 par Human Rights Watch en 2022, de nombreux pays du Moyen-Orient n&rsquo;ont pas de lois ou de r\u00e8glementations interdisant la violence contre les enfants (comme <a href=\"https:\/\/www.humanium.org\/fr\/irak\/\">l&rsquo;Irak,<\/a> la <a href=\"https:\/\/www.humanium.org\/fr\/syrie\/\">Syrie<\/a> et le <a href=\"https:\/\/www.humanium.org\/fr\/yemen\/\">Y\u00e9men<\/a>), ou bien ils ont des lois et des r\u00e8glementations qui interdisent la violence contre les enfants mais ne l&rsquo;interdisent pas compl\u00e8tement (comme la <a href=\"https:\/\/www.humanium.org\/fr\/jordanie\/\">Jordanie<\/a>, <a href=\"https:\/\/www.humanium.org\/fr\/arabie-saoudite\/\">l&rsquo;Arabie saoudite<\/a> et les<a href=\"https:\/\/www.humanium.org\/fr\/emirats-arabes-unis\/\"> \u00c9mirats arabes unis<\/a>). En cons\u00e9quence, l\u2019<a href=\"https:\/\/www.humanium.org\/fr\/israel\/\">Isra\u00ebl<\/a> est le seul pays du Moyen-Orient \u00e0 avoir promulgu\u00e9 une l\u00e9gislation qui, dans la pratique, interdit la violence contre les enfants (Human Rights Watch, 2020).<\/p>\n\n\n\n<h2 class=\"wp-block-heading\"><strong>Les moyens les plus efficaces de prot\u00e9ger les enfants contre la violence verbale<\/strong><\/h2>\n\n\n\n<p class=\"wp-block-paragraph\">En raison des d\u00e9fis susmentionn\u00e9s, la r\u00e9gion du Moyen-Orient a encore un long chemin \u00e0 parcourir pour parvenir \u00e0 des m\u00e9thodes de protection ad\u00e9quates. Heureusement, de nombreuses organisations et institutions de la soci\u00e9t\u00e9 peuvent jouer un r\u00f4le important en aidant les initiatives nationales qui visent \u00e0 promouvoir un environnement scolaire s\u00fbr et exempt de toute forme de violence.<\/p>\n\n\n\n<p class=\"wp-block-paragraph\">Parmi les diff\u00e9rentes fa\u00e7ons d&rsquo;aborder ce probl\u00e8me, des campagnes de sensibilisation telles que des \u00e9v\u00e9nements scolaires visant \u00e0 diffuser des m\u00e9thodes \u00e9ducatives et positives pour guider et modifier le comportement des \u00e9l\u00e8ves parmi les enseignants&nbsp;; \u00e9v\u00e9nements communautaires et festivals pour encourager l&rsquo;intol\u00e9rance \u00e0 la violence dans les \u00e9coles ; et une large couverture dans la presse afin de promouvoir l&rsquo;initiative peuvent aider \u00e0 faire la lumi\u00e8re sur cette question. (Al-Zgalat, 2009).<\/p>\n\n\n\n<p class=\"wp-block-paragraph\">En outre, les Conseils et centres pour enfants et <a href=\"https:\/\/www.humanium.org\/fr\/famille-droits-enfant\/\">familles<\/a>, cr\u00e9\u00e9s par plusieurs gouvernements de la r\u00e9gion, peuvent aider \u00e0 sensibiliser aux droits des enfants et \u00e0 pr\u00e9venir la violence \u00e0 leur encontre. Les efforts de ces institutions sont principalement orient\u00e9s vers la lutte contre la violence physique. Il y a encore de l&rsquo;optimisme quant au fait que les institutions des droits civiques joueront un r\u00f4le efficace dans la protection des enfants contre ce type de violence \u00e9galement \u00e0 l&rsquo;avenir.<\/p>\n\n\n\n<figure class=\"wp-block-image size-large\"><img loading=\"lazy\" decoding=\"async\" width=\"1024\" height=\"683\" src=\"https:\/\/www.humanium.org\/fr\/wp-content\/uploads\/2023\/06\/shutterstock_2160508777-1024x683.jpg\" alt=\"\" class=\"wp-image-55231\" srcset=\"https:\/\/www.humanium.org\/fr\/wp-content\/uploads\/2023\/06\/shutterstock_2160508777-1024x683.jpg 1024w, https:\/\/www.humanium.org\/fr\/wp-content\/uploads\/2023\/06\/shutterstock_2160508777-300x200.jpg 300w, https:\/\/www.humanium.org\/fr\/wp-content\/uploads\/2023\/06\/shutterstock_2160508777-768x512.jpg 768w, https:\/\/www.humanium.org\/fr\/wp-content\/uploads\/2023\/06\/shutterstock_2160508777-1536x1024.jpg 1536w, https:\/\/www.humanium.org\/fr\/wp-content\/uploads\/2023\/06\/shutterstock_2160508777-2048x1365.jpg 2048w, https:\/\/www.humanium.org\/fr\/wp-content\/uploads\/2023\/06\/shutterstock_2160508777-830x553.jpg 830w, https:\/\/www.humanium.org\/fr\/wp-content\/uploads\/2023\/06\/shutterstock_2160508777-230x153.jpg 230w, https:\/\/www.humanium.org\/fr\/wp-content\/uploads\/2023\/06\/shutterstock_2160508777-350x233.jpg 350w, https:\/\/www.humanium.org\/fr\/wp-content\/uploads\/2023\/06\/shutterstock_2160508777-480x320.jpg 480w, https:\/\/www.humanium.org\/fr\/wp-content\/uploads\/2023\/06\/shutterstock_2160508777-272x182.jpg 272w\" sizes=\"auto, (max-width: 1024px) 100vw, 1024px\" \/><\/figure>\n\n\n\n<p class=\"wp-block-paragraph\">Humanium milite depuis longtemps pour une soci\u00e9t\u00e9 dans laquelle les droits des enfants sont reconnus et prot\u00e9g\u00e9s, et aucun enfant ne devrait jamais \u00eatre soumis \u00e0 une forme quelconque de violence. Humanium travaille dur pour promouvoir un avenir plus s\u00fbr et plus brillant pour les enfants du Moyen-Orient en offrant un <a href=\"https:\/\/www.humanium.org\/fr\/la-helpline-dhumanium\/\">soutien juridique<\/a> et en sensibilisant aux droits des enfants et \u00e0 la n\u00e9cessit\u00e9 de mettre fin \u00e0 la violence contre les enfants. <\/p>\n\n\n\n<p class=\"wp-block-paragraph\">Le r\u00e9sultat sera diff\u00e9rent gr\u00e2ce \u00e0 votre aide. Veuillez envisager de faire un don, de parrainer un enfant ou de faire du b\u00e9n\u00e9volat avec nous pour nous aider \u00e0 rendre le monde meilleur pour les enfants. Vous nous avez \u00e9t\u00e9 d&rsquo;une grande aide !<\/p>\n\n\n\n<p class=\"wp-block-paragraph\"><em><strong>\u00c9crit par Malak Rababa<\/strong><\/em><\/p>\n\n\n\n<p class=\"wp-block-paragraph\"><em><strong>Traduit par Gulbahar Ibis\u00a0<\/strong><\/em><\/p>\n\n\n\n<p class=\"wp-block-paragraph\"><em><strong>Relu par Line Goddi<\/strong><\/em><\/p>\n\n\n\n<h4 class=\"wp-block-heading\"><strong>R\u00e9f\u00e9rences:<\/strong><\/h4>\n\n\n\n<p class=\"has-small-font-size wp-block-paragraph\">Ali Ahmed, A. (2016, February 19). Is verbal abuse becoming common in the UAE\u2019s schools?. Retrieved from Khaleej Times at https:\/\/www.khaleejtimes.com\/uae\/verbal-abuse-becoming, accessed on May 8, 2023.<\/p>\n\n\n\n<p class=\"has-small-font-size wp-block-paragraph\">Al-Noaymi, B. (2013, February 8). Results of the first survey of violence in the UAE community show that verbal abuse is the most common. Retrieved from Al-Bayan at <a href=\"https:\/\/www.albayan.ae\/across-the-uae\/\" target=\"_blank\" rel=\"noreferrer noopener\">https:\/\/www.albayan.ae\/across-the-uae\/<\/a>, accessed on May 7, 2023.<\/p>\n\n\n\n<p class=\"has-small-font-size wp-block-paragraph\">Al-Zghalat, B. (2009, October 4). Children are subjected to verbal abuse by their parents and teachers in schools.&nbsp; Retrieved from Addustour at <a href=\"https:\/\/www.addustour.com\/articles\/802725-70\" target=\"_blank\" rel=\"noreferrer noopener\">https:\/\/www.addustour.com\/articles\/802725-70<\/a>, accessed on May 8, 2023.<\/p>\n\n\n\n<p class=\"has-small-font-size wp-block-paragraph\">American Psychology Association. (2023). verbal abuse. Retrieved from American Psychology Association at <a href=\"https:\/\/dictionary.apa.org\/verbal-abuse\" target=\"_blank\" rel=\"noreferrer noopener\">https:\/\/dictionary.apa.org\/verbal-abuse<\/a>, accessed on May 7, 2023.<\/p>\n\n\n\n<p class=\"has-small-font-size wp-block-paragraph\">Elayyan, K. (2007). Violence Against Children: Study in Jordan. Retrieved from Jordankmportal at <a href=\"https:\/\/jordankmportal.com\/resources\/violence-against-children\" target=\"_blank\" rel=\"noreferrer noopener\">https:\/\/jordankmportal.com\/resources\/violence-against-children<\/a>, accessed on May 7, 2023.<\/p>\n\n\n\n<p class=\"has-small-font-size wp-block-paragraph\">El Bcheraoui, C., Kouriye, H., &amp; Adib, S. M. (2009). Physical and verbal\/emotional abuse of schoolchildren, Lebanon, 2009. Retrieved from World Health Organization at&nbsp; <a href=\"https:\/\/www.emro.who.int\/emhj-volume-18-2012\/issue-10\/article-03.html,accessed\" target=\"_blank\" rel=\"noreferrer noopener\">https:\/\/www.emro.who.int\/emhj-volume-18-2012\/issue-10\/article-03.html,accessed<\/a> on May 8, 2023.<\/p>\n\n\n\n<p class=\"has-small-font-size wp-block-paragraph\">Croft, H. (Ed.). (2022, January 2). Effects of Verbal Abuse on Children, Women, and Men www. Retrieved from healthy space at <a href=\"https:\/\/www.healthyplace.com\/abuse\/verbal-abuse\/effects-of-verbal-abuse-on-children\" target=\"_blank\" rel=\"noreferrer noopener\">https:\/\/www.healthyplace.com\/abuse\/verbal-abuse\/effects-of-verbal-abuse-on-children<\/a>, accessed on May 8, 2023.<\/p>\n\n\n\n<p class=\"has-small-font-size wp-block-paragraph\">Cromie, W. J. (2007, April 26).&nbsp;Verbal beatings hurt as much as sexual abuse. Retrieved from Harvard Gazette at&nbsp;<a href=\"https:\/\/news.harvard.edu\/gazette\/story\/2007\/04\/verbal-beatings-\" target=\"_blank\" rel=\"noreferrer noopener\">https:\/\/news.harvard.edu\/gazette\/story\/2007\/04\/verbal-beatings-<\/a>, accessed on May 11, 2023.&nbsp;<\/p>\n\n\n\n<p class=\"has-small-font-size wp-block-paragraph\">Gordon, S. (2022, November 7). What is verbal abuse?. Retrieved from Very Well Mind at <a href=\"https:\/\/www.verywellmind.com\/how-to-recognize-verbal-abuse\" target=\"_blank\" rel=\"noreferrer noopener\">https:\/\/www.verywellmind.com\/how-to-recognize-verbal-abuse<\/a>, accessed on May 6, 2023.<\/p>\n\n\n\n<p class=\"has-small-font-size wp-block-paragraph\">Human Rights Watch. (2020). Corporal punishment of children. Retrieved from Human Rights Watch at <a href=\"https:\/\/features.hrw.org\/features\/corporal-punishment-of-children\" target=\"_blank\" rel=\"noreferrer noopener\">https:\/\/features.hrw.org\/features\/corporal-punishment-of-children<\/a>, accessed on May 7, 2023.<\/p>\n\n\n\n<p class=\"has-small-font-size wp-block-paragraph\">LCSW-R, J. E. D. (2022, October 3). Verbal Abuse: Examples, Signs, and Effects. Retrieved from Talk Space at <a href=\"https:\/\/www.talkspace.com\/blog\/verbal-abuse\/\" target=\"_blank\" rel=\"noreferrer noopener\">https:\/\/www.talkspace.com\/blog\/verbal-abuse\/<\/a>, accessed on May 6, 2023.<\/p>\n\n\n\n<p class=\"has-small-font-size wp-block-paragraph\">Vardigan, B. (2022, June 12). Yelling at children (verbal abuse). Retrieved&nbsp; from Health Day at&nbsp; <a href=\"https:\/\/consumer.healthday.com\/encyclopedia\/children\" target=\"_blank\" rel=\"noreferrer noopener\">https:\/\/consumer.healthday.com\/encyclopedia\/children<\/a>, accessed on May 8, 20123.<\/p>\n","protected":false},"excerpt":{"rendered":"<p>Le Moyen-Orient a connu une augmentation progressive des violences verbales, une situation qui va \u00e0 l\u2019encontre de la Convention relative aux droits de l\u2019enfant. Selon les \u00e9tudes, entre 70 et 80 % des jeunes du Moyen-Orient ont \u00e9t\u00e9 victimes de violences verbales (Addustour, 2009). Les abus verbaux habituels dirig\u00e9s contre les mineurs proviennent de leurs [&hellip;]<\/p>\n","protected":false},"author":69,"featured_media":55233,"comment_status":"closed","ping_status":"closed","sticky":false,"template":"","format":"standard","meta":{"footnotes":""},"categories":[220,214],"tags":[],"class_list":["post-55230","post","type-post","status-publish","format-standard","has-post-thumbnail","hentry","category-droits-des-enfants","category-violence"],"yoast_head":"<!-- This site is optimized with the Yoast SEO plugin v28.3 - https:\/\/yoast.com\/product\/yoast-seo-wordpress\/ -->\n<title>Violence verbale contre les enfants du Moyen-Orient - Humanium<\/title>\n<meta name=\"description\" content=\"Le Moyen-Orient a connu une augmentation des violences verbales, une situation qui va \u00e0 l\u2019encontre de la Convention relative aux droits de l\u2019enfant.\" \/>\n<meta name=\"robots\" content=\"index, follow, max-snippet:-1, max-image-preview:large, max-video-preview:-1\" \/>\n<link rel=\"canonical\" href=\"https:\/\/www.humanium.org\/fr\/violence-verbale-contre-les-enfants-du-moyen-orient\/\" \/>\n<meta property=\"og:locale\" content=\"fr_FR\" \/>\n<meta property=\"og:type\" content=\"article\" \/>\n<meta property=\"og:title\" content=\"Violence verbale contre les enfants du Moyen-Orient - Humanium\" \/>\n<meta property=\"og:description\" content=\"Le Moyen-Orient a connu une augmentation des violences verbales, une situation qui va \u00e0 l\u2019encontre de la Convention relative aux droits de l\u2019enfant.\" \/>\n<meta property=\"og:url\" content=\"https:\/\/www.humanium.org\/fr\/violence-verbale-contre-les-enfants-du-moyen-orient\/\" \/>\n<meta property=\"og:site_name\" content=\"Humanium\" \/>\n<meta property=\"article:published_time\" content=\"2023-06-27T13:06:19+00:00\" \/>\n<meta property=\"article:modified_time\" content=\"2026-08-21T03:22:56+00:00\" \/>\n<meta property=\"og:image\" content=\"https:\/\/www.humanium.org\/fr\/wp-content\/uploads\/2023\/06\/shutterstock_1831840108-scaled.jpg\" \/>\n\t<meta property=\"og:image:width\" content=\"2560\" \/>\n\t<meta property=\"og:image:height\" content=\"1837\" \/>\n\t<meta property=\"og:image:type\" content=\"image\/jpeg\" \/>\n<meta name=\"author\" content=\"Humanium\" \/>\n<meta name=\"twitter:card\" content=\"summary_large_image\" \/>\n<meta name=\"twitter:label1\" content=\"\u00c9crit par\" \/>\n\t<meta name=\"twitter:data1\" content=\"Humanium\" \/>\n\t<meta name=\"twitter:label2\" content=\"Dur\u00e9e de lecture estim\u00e9e\" \/>\n\t<meta name=\"twitter:data2\" content=\"10 minutes\" \/>\n<script type=\"application\/ld+json\" class=\"yoast-schema-graph\">{\"@context\":\"https:\\\/\\\/schema.org\",\"@graph\":[{\"@type\":\"Article\",\"@id\":\"https:\\\/\\\/www.humanium.org\\\/fr\\\/violence-verbale-contre-les-enfants-du-moyen-orient\\\/#article\",\"isPartOf\":{\"@id\":\"https:\\\/\\\/www.humanium.org\\\/fr\\\/violence-verbale-contre-les-enfants-du-moyen-orient\\\/\"},\"author\":{\"name\":\"Humanium\",\"@id\":\"https:\\\/\\\/www.humanium.org\\\/fr\\\/#\\\/schema\\\/person\\\/d798d6c7d59ba2307e0877f61a20ce3e\"},\"headline\":\"Violence verbale contre les enfants du Moyen-Orient\",\"datePublished\":\"2023-06-27T13:06:19+00:00\",\"dateModified\":\"2026-08-21T03:22:56+00:00\",\"mainEntityOfPage\":{\"@id\":\"https:\\\/\\\/www.humanium.org\\\/fr\\\/violence-verbale-contre-les-enfants-du-moyen-orient\\\/\"},\"wordCount\":1926,\"image\":{\"@id\":\"https:\\\/\\\/www.humanium.org\\\/fr\\\/violence-verbale-contre-les-enfants-du-moyen-orient\\\/#primaryimage\"},\"thumbnailUrl\":\"https:\\\/\\\/www.humanium.org\\\/fr\\\/wp-content\\\/uploads\\\/2023\\\/06\\\/shutterstock_1831840108-scaled.jpg\",\"articleSection\":[\"Droits des enfants\",\"violence\"],\"inLanguage\":\"fr-FR\"},{\"@type\":\"WebPage\",\"@id\":\"https:\\\/\\\/www.humanium.org\\\/fr\\\/violence-verbale-contre-les-enfants-du-moyen-orient\\\/\",\"url\":\"https:\\\/\\\/www.humanium.org\\\/fr\\\/violence-verbale-contre-les-enfants-du-moyen-orient\\\/\",\"name\":\"Violence verbale contre les enfants du Moyen-Orient - Humanium\",\"isPartOf\":{\"@id\":\"https:\\\/\\\/www.humanium.org\\\/fr\\\/#website\"},\"primaryImageOfPage\":{\"@id\":\"https:\\\/\\\/www.humanium.org\\\/fr\\\/violence-verbale-contre-les-enfants-du-moyen-orient\\\/#primaryimage\"},\"image\":{\"@id\":\"https:\\\/\\\/www.humanium.org\\\/fr\\\/violence-verbale-contre-les-enfants-du-moyen-orient\\\/#primaryimage\"},\"thumbnailUrl\":\"https:\\\/\\\/www.humanium.org\\\/fr\\\/wp-content\\\/uploads\\\/2023\\\/06\\\/shutterstock_1831840108-scaled.jpg\",\"datePublished\":\"2023-06-27T13:06:19+00:00\",\"dateModified\":\"2026-08-21T03:22:56+00:00\",\"author\":{\"@id\":\"https:\\\/\\\/www.humanium.org\\\/fr\\\/#\\\/schema\\\/person\\\/d798d6c7d59ba2307e0877f61a20ce3e\"},\"description\":\"Le Moyen-Orient a connu une augmentation des violences verbales, une situation qui va \u00e0 l\u2019encontre de la Convention relative aux droits de l\u2019enfant.\",\"breadcrumb\":{\"@id\":\"https:\\\/\\\/www.humanium.org\\\/fr\\\/violence-verbale-contre-les-enfants-du-moyen-orient\\\/#breadcrumb\"},\"inLanguage\":\"fr-FR\",\"potentialAction\":[{\"@type\":\"ReadAction\",\"target\":[\"https:\\\/\\\/www.humanium.org\\\/fr\\\/violence-verbale-contre-les-enfants-du-moyen-orient\\\/\"]}]},{\"@type\":\"ImageObject\",\"inLanguage\":\"fr-FR\",\"@id\":\"https:\\\/\\\/www.humanium.org\\\/fr\\\/violence-verbale-contre-les-enfants-du-moyen-orient\\\/#primaryimage\",\"url\":\"https:\\\/\\\/www.humanium.org\\\/fr\\\/wp-content\\\/uploads\\\/2023\\\/06\\\/shutterstock_1831840108-scaled.jpg\",\"contentUrl\":\"https:\\\/\\\/www.humanium.org\\\/fr\\\/wp-content\\\/uploads\\\/2023\\\/06\\\/shutterstock_1831840108-scaled.jpg\",\"width\":2560,\"height\":1837},{\"@type\":\"BreadcrumbList\",\"@id\":\"https:\\\/\\\/www.humanium.org\\\/fr\\\/violence-verbale-contre-les-enfants-du-moyen-orient\\\/#breadcrumb\",\"itemListElement\":[{\"@type\":\"ListItem\",\"position\":1,\"name\":\"Home\",\"item\":\"https:\\\/\\\/www.humanium.org\\\/fr\\\/\"},{\"@type\":\"ListItem\",\"position\":2,\"name\":\"Violence verbale contre les enfants du Moyen-Orient\"}]},{\"@type\":\"WebSite\",\"@id\":\"https:\\\/\\\/www.humanium.org\\\/fr\\\/#website\",\"url\":\"https:\\\/\\\/www.humanium.org\\\/fr\\\/\",\"name\":\"Humanium\",\"description\":\"Les enfants d\u2019abord !\",\"potentialAction\":[{\"@type\":\"SearchAction\",\"target\":{\"@type\":\"EntryPoint\",\"urlTemplate\":\"https:\\\/\\\/www.humanium.org\\\/fr\\\/?s={search_term_string}\"},\"query-input\":{\"@type\":\"PropertyValueSpecification\",\"valueRequired\":true,\"valueName\":\"search_term_string\"}}],\"inLanguage\":\"fr-FR\"},{\"@type\":\"Person\",\"@id\":\"https:\\\/\\\/www.humanium.org\\\/fr\\\/#\\\/schema\\\/person\\\/d798d6c7d59ba2307e0877f61a20ce3e\",\"name\":\"Humanium\",\"image\":{\"@type\":\"ImageObject\",\"inLanguage\":\"fr-FR\",\"@id\":\"https:\\\/\\\/secure.gravatar.com\\\/avatar\\\/22715e338d2fcc547e3a431c4738360d33fea2a4af458f865b2c3b22f1eaa51f?s=96&d=mm&r=g\",\"url\":\"https:\\\/\\\/secure.gravatar.com\\\/avatar\\\/22715e338d2fcc547e3a431c4738360d33fea2a4af458f865b2c3b22f1eaa51f?s=96&d=mm&r=g\",\"contentUrl\":\"https:\\\/\\\/secure.gravatar.com\\\/avatar\\\/22715e338d2fcc547e3a431c4738360d33fea2a4af458f865b2c3b22f1eaa51f?s=96&d=mm&r=g\",\"caption\":\"Humanium\"},\"url\":\"https:\\\/\\\/www.humanium.org\\\/fr\\\/author\\\/humanium\\\/\"}]}<\/script>\n<!-- \/ Yoast SEO plugin. -->","yoast_head_json":{"title":"Violence verbale contre les enfants du Moyen-Orient - Humanium","description":"Le Moyen-Orient a connu une augmentation des violences verbales, une situation qui va \u00e0 l\u2019encontre de la Convention relative aux droits de l\u2019enfant.","robots":{"index":"index","follow":"follow","max-snippet":"max-snippet:-1","max-image-preview":"max-image-preview:large","max-video-preview":"max-video-preview:-1"},"canonical":"https:\/\/www.humanium.org\/fr\/violence-verbale-contre-les-enfants-du-moyen-orient\/","og_locale":"fr_FR","og_type":"article","og_title":"Violence verbale contre les enfants du Moyen-Orient - Humanium","og_description":"Le Moyen-Orient a connu une augmentation des violences verbales, une situation qui va \u00e0 l\u2019encontre de la Convention relative aux droits de l\u2019enfant.","og_url":"https:\/\/www.humanium.org\/fr\/violence-verbale-contre-les-enfants-du-moyen-orient\/","og_site_name":"Humanium","article_published_time":"2023-06-27T13:06:19+00:00","article_modified_time":"2026-08-21T03:22:56+00:00","og_image":[{"width":2560,"height":1837,"url":"https:\/\/www.humanium.org\/fr\/wp-content\/uploads\/2023\/06\/shutterstock_1831840108-scaled.jpg","type":"image\/jpeg"}],"author":"Humanium","twitter_card":"summary_large_image","twitter_misc":{"\u00c9crit par":"Humanium","Dur\u00e9e de lecture estim\u00e9e":"10 minutes"},"schema":{"@context":"https:\/\/schema.org","@graph":[{"@type":"Article","@id":"https:\/\/www.humanium.org\/fr\/violence-verbale-contre-les-enfants-du-moyen-orient\/#article","isPartOf":{"@id":"https:\/\/www.humanium.org\/fr\/violence-verbale-contre-les-enfants-du-moyen-orient\/"},"author":{"name":"Humanium","@id":"https:\/\/www.humanium.org\/fr\/#\/schema\/person\/d798d6c7d59ba2307e0877f61a20ce3e"},"headline":"Violence verbale contre les enfants du Moyen-Orient","datePublished":"2023-06-27T13:06:19+00:00","dateModified":"2026-08-21T03:22:56+00:00","mainEntityOfPage":{"@id":"https:\/\/www.humanium.org\/fr\/violence-verbale-contre-les-enfants-du-moyen-orient\/"},"wordCount":1926,"image":{"@id":"https:\/\/www.humanium.org\/fr\/violence-verbale-contre-les-enfants-du-moyen-orient\/#primaryimage"},"thumbnailUrl":"https:\/\/www.humanium.org\/fr\/wp-content\/uploads\/2023\/06\/shutterstock_1831840108-scaled.jpg","articleSection":["Droits des enfants","violence"],"inLanguage":"fr-FR"},{"@type":"WebPage","@id":"https:\/\/www.humanium.org\/fr\/violence-verbale-contre-les-enfants-du-moyen-orient\/","url":"https:\/\/www.humanium.org\/fr\/violence-verbale-contre-les-enfants-du-moyen-orient\/","name":"Violence verbale contre les enfants du Moyen-Orient - Humanium","isPartOf":{"@id":"https:\/\/www.humanium.org\/fr\/#website"},"primaryImageOfPage":{"@id":"https:\/\/www.humanium.org\/fr\/violence-verbale-contre-les-enfants-du-moyen-orient\/#primaryimage"},"image":{"@id":"https:\/\/www.humanium.org\/fr\/violence-verbale-contre-les-enfants-du-moyen-orient\/#primaryimage"},"thumbnailUrl":"https:\/\/www.humanium.org\/fr\/wp-content\/uploads\/2023\/06\/shutterstock_1831840108-scaled.jpg","datePublished":"2023-06-27T13:06:19+00:00","dateModified":"2026-08-21T03:22:56+00:00","author":{"@id":"https:\/\/www.humanium.org\/fr\/#\/schema\/person\/d798d6c7d59ba2307e0877f61a20ce3e"},"description":"Le Moyen-Orient a connu une augmentation des violences verbales, une situation qui va \u00e0 l\u2019encontre de la Convention relative aux droits de l\u2019enfant.","breadcrumb":{"@id":"https:\/\/www.humanium.org\/fr\/violence-verbale-contre-les-enfants-du-moyen-orient\/#breadcrumb"},"inLanguage":"fr-FR","potentialAction":[{"@type":"ReadAction","target":["https:\/\/www.humanium.org\/fr\/violence-verbale-contre-les-enfants-du-moyen-orient\/"]}]},{"@type":"ImageObject","inLanguage":"fr-FR","@id":"https:\/\/www.humanium.org\/fr\/violence-verbale-contre-les-enfants-du-moyen-orient\/#primaryimage","url":"https:\/\/www.humanium.org\/fr\/wp-content\/uploads\/2023\/06\/shutterstock_1831840108-scaled.jpg","contentUrl":"https:\/\/www.humanium.org\/fr\/wp-content\/uploads\/2023\/06\/shutterstock_1831840108-scaled.jpg","width":2560,"height":1837},{"@type":"BreadcrumbList","@id":"https:\/\/www.humanium.org\/fr\/violence-verbale-contre-les-enfants-du-moyen-orient\/#breadcrumb","itemListElement":[{"@type":"ListItem","position":1,"name":"Home","item":"https:\/\/www.humanium.org\/fr\/"},{"@type":"ListItem","position":2,"name":"Violence verbale contre les enfants du Moyen-Orient"}]},{"@type":"WebSite","@id":"https:\/\/www.humanium.org\/fr\/#website","url":"https:\/\/www.humanium.org\/fr\/","name":"Humanium","description":"Les enfants d\u2019abord !","potentialAction":[{"@type":"SearchAction","target":{"@type":"EntryPoint","urlTemplate":"https:\/\/www.humanium.org\/fr\/?s={search_term_string}"},"query-input":{"@type":"PropertyValueSpecification","valueRequired":true,"valueName":"search_term_string"}}],"inLanguage":"fr-FR"},{"@type":"Person","@id":"https:\/\/www.humanium.org\/fr\/#\/schema\/person\/d798d6c7d59ba2307e0877f61a20ce3e","name":"Humanium","image":{"@type":"ImageObject","inLanguage":"fr-FR","@id":"https:\/\/secure.gravatar.com\/avatar\/22715e338d2fcc547e3a431c4738360d33fea2a4af458f865b2c3b22f1eaa51f?s=96&d=mm&r=g","url":"https:\/\/secure.gravatar.com\/avatar\/22715e338d2fcc547e3a431c4738360d33fea2a4af458f865b2c3b22f1eaa51f?s=96&d=mm&r=g","contentUrl":"https:\/\/secure.gravatar.com\/avatar\/22715e338d2fcc547e3a431c4738360d33fea2a4af458f865b2c3b22f1eaa51f?s=96&d=mm&r=g","caption":"Humanium"},"url":"https:\/\/www.humanium.org\/fr\/author\/humanium\/"}]}},"_links":{"self":[{"href":"https:\/\/www.humanium.org\/fr\/wp-json\/wp\/v2\/posts\/55230","targetHints":{"allow":["GET"]}}],"collection":[{"href":"https:\/\/www.humanium.org\/fr\/wp-json\/wp\/v2\/posts"}],"about":[{"href":"https:\/\/www.humanium.org\/fr\/wp-json\/wp\/v2\/types\/post"}],"author":[{"embeddable":true,"href":"https:\/\/www.humanium.org\/fr\/wp-json\/wp\/v2\/users\/69"}],"replies":[{"embeddable":true,"href":"https:\/\/www.humanium.org\/fr\/wp-json\/wp\/v2\/comments?post=55230"}],"version-history":[{"count":8,"href":"https:\/\/www.humanium.org\/fr\/wp-json\/wp\/v2\/posts\/55230\/revisions"}],"predecessor-version":[{"id":62791,"href":"https:\/\/www.humanium.org\/fr\/wp-json\/wp\/v2\/posts\/55230\/revisions\/62791"}],"wp:featuredmedia":[{"embeddable":true,"href":"https:\/\/www.humanium.org\/fr\/wp-json\/wp\/v2\/media\/55233"}],"wp:attachment":[{"href":"https:\/\/www.humanium.org\/fr\/wp-json\/wp\/v2\/media?parent=55230"}],"wp:term":[{"taxonomy":"category","embeddable":true,"href":"https:\/\/www.humanium.org\/fr\/wp-json\/wp\/v2\/categories?post=55230"},{"taxonomy":"post_tag","embeddable":true,"href":"https:\/\/www.humanium.org\/fr\/wp-json\/wp\/v2\/tags?post=55230"}],"curies":[{"name":"wp","href":"https:\/\/api.w.org\/{rel}","templated":true}]}}