{"id":55277,"date":"2023-07-04T13:53:46","date_gmt":"2023-07-04T13:53:46","guid":{"rendered":"https:\/\/www.humanium.org\/fr\/?p=55277"},"modified":"2026-08-21T03:19:36","modified_gmt":"2026-08-21T03:19:36","slug":"les-lois-sur-la-garde-des-enfants-au-japon-et-les-enlevements-un-abime","status":"publish","type":"post","link":"https:\/\/www.humanium.org\/fr\/les-lois-sur-la-garde-des-enfants-au-japon-et-les-enlevements-un-abime\/","title":{"rendered":"Les lois sur la garde des enfants au Japon\u00a0et les enl\u00e8vements\u00a0: un ab\u00eeme"},"content":{"rendered":"\n<p class=\"wp-block-paragraph\"><strong>Le <\/strong><a href=\"https:\/\/www.humanium.org\/fr\/japon\/\"><strong>Japon<\/strong><\/a><strong> est un des seuls pays du monde \u00e0 d\u00e9fendre et maintenir uniquement un mode de garde exclusive des enfants (Cosier &amp; Grant, 2022). Par cons\u00e9quent, les lois nationales de ce pays situ\u00e9 en Asie orientale manquent \u00e0 prot\u00e9ger de mani\u00e8re globale les droits des deux parents dans les cas de divorce et de s\u00e9paration conjugale. Dans un contexte d\u2019augmentation de mariages interculturels et mixtes, et cela malgr\u00e9 les contr\u00f4les de la communaut\u00e9 juridique internationale, les parents ne d\u00e9tenant pas le droit de garde font face \u00e0 la r\u00e9alit\u00e9 traumatisante de se retrouver compl\u00e8tement isol\u00e9s de la vie de leurs enfants apr\u00e8s le divorce.<\/strong><\/p>\n\n\n\n<h2 class=\"wp-block-heading\"><strong>Le paysage parental changeant au Japon<\/strong><\/h2>\n\n\n\n<p class=\"wp-block-paragraph\">Il existe un grand nombre de d\u00e9fis auxquels le <a href=\"https:\/\/www.humanium.org\/fr\/japon\/\">Japon<\/a> a d\u00fb faire face en ce qui concerne ses lois sur le divorce qui ont \u00e9t\u00e9 rendus plus complexes par une augmentation de mariages \u00e0 dimension internationale (Hamano, 2017). Notamment, et depuis le d\u00e9but des ann\u00e9es 2000, le Japon a affich\u00e9 une augmentation tangible du nombre de femmes Japonaises se mariant avec des hommes non-Japonais (Hamana, 2017). <\/p>\n\n\n\n<p class=\"wp-block-paragraph\">En parall\u00e8le, le ministre japonais de la Sant\u00e9, du Travail et des Affaires Sociales a remarqu\u00e9 une hausse de la pr\u00e9valence de divorce parmi les couples mixtes, qui sont probablement li\u00e9s \u00e0 des diff\u00e9rences majeures au niveau culturel, en termes d\u2019exp\u00e9riences non-partag\u00e9es et de services de soutien inad\u00e9quats (Hamano, 2017). Il y a dix ans, pr\u00e8s de 10% des divorces enregistr\u00e9s dans le pays concernaient des mariages mixtes et ce nombre a augment\u00e9 depuis (Hamano, 2017).<\/p>\n\n\n\n<p class=\"wp-block-paragraph\">Les divorces entre les couples \u00e0 dimension internationale comportent des complications suppl\u00e9mentaires. Les s\u00e9parations des parents peuvent d\u00e9passer les fronti\u00e8res nationales, ce qui engage de multiples syst\u00e8mes juridiques et occulte la hi\u00e9rarchie de la loi. Les tribunaux japonais ont tendance \u00e0 privil\u00e9gier les int\u00e9r\u00eats du parent poss\u00e9dant la garde de l\u2019enfant au Japon, en autorisant m\u00eame \u00e0 ce parent de quitter le pays avec son enfant sans le consentement, ou \u00e0 l\u2019insu, du deuxi\u00e8me parent (Foreign and Commonwealth Office, 2021).<\/p>\n\n\n\n<h2 class=\"wp-block-heading\"><strong>La responsabilit\u00e9 li\u00e9e \u00e0 l\u2019autorit\u00e9 parentale<\/strong><\/h2>\n\n\n\n<p class=\"wp-block-paragraph\">Le <a href=\"https:\/\/www.humanium.org\/fr\/japon\/\">Japon<\/a> n\u2019adh\u00e8re pas aux principes de la garde partag\u00e9e ou le partage de la responsabilit\u00e9 parentale (Hurights Osaka, 2022). Pendant le mariage, les deux parents d\u00e9tiennent le droit de garde de leurs enfants sauf dans le cas de la d\u00e9livrance d\u2019un jugement stipulant autrement (Foreign and Commonwealth Office, 2021). <\/p>\n\n\n\n<p class=\"wp-block-paragraph\">Cette garde peut \u00eatre divis\u00e9e en deux cat\u00e9gories\u00a0: \u00ab\u00a0juridique\u00a0\u00bb et \u00ab\u00a0physique\u00a0\u00bb, bien que cela soit rare pour ces droits d\u2019\u00eatre annex\u00e9s et attribu\u00e9s s\u00e9par\u00e9ment aux deux parents (Foreign and Commonwealth Office, 2021). Pourtant, l\u00e0 o\u00f9 les mariages et les relations parentales se d\u00e9gradent, les lois au Japon sont restrictives.<\/p>\n\n\n\n<p class=\"wp-block-paragraph\">Apr\u00e8s un divorce, et ind\u00e9pendamment de la nationalit\u00e9, seul un parent se voit attribuer la garde d\u2019un enfant <a href=\"https:\/\/www.humanium.org\/fr\/japon\/\">japonais<\/a>, \u00e0 moins que les parents se mettent d\u2019accord pour partager la garde en dehors des tribunaux (Hurights Osaka, 2022). Il n\u2019y a aucune obligation pour les juges d\u2019accepter ou de consid\u00e9rer les jugements des tribunaux \u00e9trangers dans leurs d\u00e9lib\u00e9rations (Foreign and Commonwealth Office, 2021). <\/p>\n\n\n\n<p class=\"wp-block-paragraph\">Cette proc\u00e9dure de prise de d\u00e9cision permettant de d\u00e9terminer quel parent dispose de la garde est aussi un \u00e9l\u00e9ment essentiel pour r\u00e9pertorier l\u2019enfant apr\u00e8s le divorce. Il existe des lois qui offrent une grande libert\u00e9 aux juges pour attribuer la garde \u00e0 un parent particulier, ainsi que la possibilit\u00e9 de statuer sur les droits de visite et les interactions plus \u00e9tendues entre le parent et l\u2019enfant (Hurights Osaka, 2022).<\/p>\n\n\n\n<figure class=\"wp-block-image size-large\"><img loading=\"lazy\" decoding=\"async\" width=\"1024\" height=\"697\" src=\"https:\/\/www.humanium.org\/fr\/wp-content\/uploads\/2023\/07\/shutterstock_1192092745-1024x697.jpg\" alt=\"\" class=\"wp-image-55278\" srcset=\"https:\/\/www.humanium.org\/fr\/wp-content\/uploads\/2023\/07\/shutterstock_1192092745-1024x697.jpg 1024w, https:\/\/www.humanium.org\/fr\/wp-content\/uploads\/2023\/07\/shutterstock_1192092745-300x204.jpg 300w, https:\/\/www.humanium.org\/fr\/wp-content\/uploads\/2023\/07\/shutterstock_1192092745-768x523.jpg 768w, https:\/\/www.humanium.org\/fr\/wp-content\/uploads\/2023\/07\/shutterstock_1192092745-1536x1046.jpg 1536w, https:\/\/www.humanium.org\/fr\/wp-content\/uploads\/2023\/07\/shutterstock_1192092745-2048x1395.jpg 2048w, https:\/\/www.humanium.org\/fr\/wp-content\/uploads\/2023\/07\/shutterstock_1192092745-830x565.jpg 830w, https:\/\/www.humanium.org\/fr\/wp-content\/uploads\/2023\/07\/shutterstock_1192092745-230x157.jpg 230w, https:\/\/www.humanium.org\/fr\/wp-content\/uploads\/2023\/07\/shutterstock_1192092745-350x238.jpg 350w, https:\/\/www.humanium.org\/fr\/wp-content\/uploads\/2023\/07\/shutterstock_1192092745-480x327.jpg 480w\" sizes=\"auto, (max-width: 1024px) 100vw, 1024px\" \/><\/figure>\n\n\n\n<p class=\"wp-block-paragraph\">Cela met le parent \u00e0 qui la garde n\u2019est pas attribu\u00e9e \u00e0 la merci non seulement du parent qui jouit du droit de garde mais aussi \u00e0 celle du syst\u00e8me juridique. Dans les cas extr\u00eames, les parents qui n\u2019ont pas la garde ne peuvent en aucun cas voir leur enfant ou recevoir des photos pendant son enfance (Hurights Osaka, 2022). <\/p>\n\n\n\n<p class=\"wp-block-paragraph\">De plus, une fois s\u00e9par\u00e9s, le parent n\u2019ayant pas obtenu la garde c\u00e8de ses droits dans la prise de d\u00e9cisions concernant la scolarit\u00e9 ou la sant\u00e9 de son enfant (Hurights Osaka, 2022). Une \u00e9tude gouvernementale de 2021 a d\u00e9clar\u00e9 qu\u2019environ 200&nbsp;000 enfants sont concern\u00e9s par le divorce de leurs parents chaque ann\u00e9e au Japon, et pratiquement un tiers de ceux-ci finiront finalement par perdre tout contact avec l\u2019autre parent (Katanuma, 2023).<\/p>\n\n\n\n<h2 class=\"wp-block-heading\"><strong>Les restrictions impos\u00e9es aux parents priv\u00e9s de la garde de leurs enfants<\/strong><\/h2>\n\n\n\n<p class=\"wp-block-paragraph\">Le principe fondateur des d\u00e9cisions judiciaires dans les cas de divorce est la \u00ab\u00a0continuit\u00e9\u00a0\u00bb\u00a0: les juges sont invit\u00e9s \u00e0 prioriser la stabilit\u00e9, le parent-gardien <em>de-facto, <\/em>et le statut confirm\u00e9 de l\u2019enfant dans un foyer (Katanuma, 2023). <\/p>\n\n\n\n<p class=\"wp-block-paragraph\">Le parent se trouvant avec l\u2019enfant au moment de la s\u00e9paration est g\u00e9n\u00e9ralement privil\u00e9gi\u00e9 et se voit attribuer le pouvoir d\u00e9cisionnaire sur les droits de visite et autres d\u00e9cisions li\u00e9es \u00e0 l\u2019acc\u00e8s \u00e0 l\u2019enfant par rapport au parent priv\u00e9 de la garde (Cosier &amp; Grant, 2022). Les cons\u00e9quences de privil\u00e9gier la continuit\u00e9 plut\u00f4t que le changement est l\u2019attribution de la garde au \u00ab\u00a0parent qui s\u2019est occup\u00e9 tout r\u00e9cemment de l\u2019enfant\u00a0\u00bb par les tribunaux (Bagshaw, 2021).<\/p>\n\n\n\n<p class=\"wp-block-paragraph\">Une hypoth\u00e8se qui est souvent \u00e9mise est que ce syst\u00e8me est une r\u00e9ponse \u00e0 la <a href=\"https:\/\/www.humanium.org\/fr\/la-violence-au-sein-du-foyer-et-ses-consequences-sur-les-enfants\/\">violence conjugale<\/a> commise g\u00e9n\u00e9ralement par les hommes \u00e0 l\u2019encontre de leurs femmes (Bagshaw, 2021). Il s\u2019agit principalement des femmes qui s\u2019occupent des enfants au Japon, et l\u2019encadrement des lois actuelles permet aux m\u00e8res ayant \u00e9t\u00e9 victimes de violence conjugale de conserver la garde de leurs enfants sans avoir besoin d\u2019interagir avec leurs agresseurs. Les all\u00e9gations de violence conjugale ont augment\u00e9 de 500% depuis 2001 et les femmes repr\u00e9sentent 75% des victimes d\u00e9clar\u00e9es (Katanuma, 2023).<\/p>\n\n\n\n<p class=\"wp-block-paragraph\">Les principes de garde exclusive \u00e9vitent \u00e9galement aux parents c\u00e9libataires d\u2019avoir une trop forte d\u00e9pendance par rapport \u00e0 des conjoints \u00e9ventuellement violents en ce qui concerne le bien-\u00eatre financier et mat\u00e9riel de leurs enfants. Toutefois, la loi cr\u00e9e aussi par m\u00e9garde le risque \u00e9ventuel que le parent ayant la garde des enfants peut imposer des restrictions excessives au parent \u00e0 qui la garde a \u00e9t\u00e9 refus\u00e9e, ce qui peut entrainer la d\u00e9gradation de leur relation.<\/p>\n\n\n\n<h2 class=\"wp-block-heading\"><strong>La Convention de la Haye et le droit international priv\u00e9<\/strong><\/h2>\n\n\n\n<p class=\"wp-block-paragraph\">La Convention de la Haye sur les aspects civils de l\u2019enl\u00e8vement international d\u2019enfants (1980) est un trait\u00e9 multilat\u00e9ral destin\u00e9 \u00e0 prot\u00e9ger les enfants d\u2019enl\u00e8vements injustifi\u00e9s et de leur maintien \u00e0 travers les fronti\u00e8res internationales (Hague Conference on Private International Law, 2023). <\/p>\n\n\n\n<p class=\"wp-block-paragraph\">Selon ces dispositions, les \u00e9tats signataires sont contraints de \u00ab\u00a0permettre les visites ou le contact entre parents et enfants\u00a0\u00bb (Ministry of Foreign Affairs of Japan, 2022). Cette obligation exige en outre que les pays soutiennent la concr\u00e9tisation du droit de visite pour les parents et les enfants lorsqu\u2019ils sont s\u00e9par\u00e9s selon la zone g\u00e9ographique pour pr\u00e9server les meilleurs int\u00e9r\u00eats de l\u2019enfant (Ministry of Foreign Affairs of Japan, 2022).<\/p>\n\n\n\n<p class=\"wp-block-paragraph\">Le Japon a ratifi\u00e9 la Convention de la Haye en 2014 (Hamano, 2014). Malgr\u00e9 cette ratification, le pays n\u2019est pas encore pr\u00eat \u00e0 faire des changements radicaux \u00e0 ses lois pour garantir leur application int\u00e9grale. Le Japon a notamment r\u00e9fut\u00e9 les demandes de modifications importantes de sa position concernant la garde altern\u00e9e en soulignant l\u2019importance du syst\u00e8me Koseki\u00a0qui est une structure mise en place au Japon permettant l\u2019enregistrement des familles dans le pays depuis des centaines d\u2019ann\u00e9es (Hamano, 2017). <\/p>\n\n\n\n<p class=\"wp-block-paragraph\">Cette situation, combin\u00e9e avec l\u2019application limit\u00e9e de la Convention de Haye aux enfants de moins de 16 ans, font que les parents qui connaissent actuellement des probl\u00e8mes li\u00e9s \u00e0 la garde exclusive sont en train d\u2019effectuer une course contre la montre (Bagshaw, 2021).<\/p>\n\n\n\n<h2 class=\"wp-block-heading\"><strong>La reconnaissance d\u2019enl\u00e8vement d\u2019enfants par les lois japonaises<\/strong><\/h2>\n\n\n\n<p class=\"wp-block-paragraph\">Au-del\u00e0 des enjeux constitu\u00e9s par le syst\u00e8me de garde exclusive en lui-m\u00eame, les lois <a href=\"https:\/\/www.humanium.org\/fr\/japon\/\">japonaises<\/a> concernant l\u2019enl\u00e8vement d\u2019enfants renforce l\u2019att\u00e9nuation des droits des parents n\u2019ayant pas obtenu la garde de leurs enfants. <a href=\"https:\/\/www.humanium.org\/fr\/enlevement-international-denfants-conflits-des-parents-et-des-lois-prejudiciables-aux-enfants\/\">L\u2019enl\u00e8vement d\u2019enfants<\/a> est incrimin\u00e9 par l\u2019article 224 du Code P\u00e9nal Japonais, et cette disposition s\u2019applique \u00e9galement \u00e0 tous les \u00e9ventuels agresseurs y compris les parents et leurs propres enfants (Hurights Osaka, 2022). Les lois concernant l\u2019enl\u00e8vement d\u2019enfants sont donc employ\u00e9es comme une arme efficace pour conserver la s\u00e9paration entre le parent n\u2019ayant pas obtenu la garde et ses enfants.<\/p>\n\n\n\n<p class=\"wp-block-paragraph\">En 2005, la Cour Supr\u00eame Japonaise a d\u00e9clar\u00e9 que l\u2019enl\u00e8vement d\u2019un enfant ne peut \u00eatre justifi\u00e9 par la d\u00e9tention de l\u2019autorit\u00e9 parentale, jugeant qu\u2019un p\u00e8re n\u2019est pas autoris\u00e9 \u00e0 \u00e9loigner son enfant de deux ans de sa m\u00e8re (Hurights Osaka, 2022). En 2019, le <a href=\"https:\/\/www.humanium.org\/fr\/japon\/\">Japon<\/a> a condamn\u00e9 un homme <a href=\"https:\/\/www.humanium.org\/fr\/australie\/\">australien<\/a> \u00e0 sept semaines d\u2019incarc\u00e9ration apr\u00e8s qu\u2019il a essay\u00e9 de veiller sur le bien-\u00eatre de ses enfants gard\u00e9s par sa femme japonaise sans consentement mutuel (Hurights Osaka, 2022). Il existe d\u2019autres cas tangibles de plaintes officielles par des parents pour <a href=\"https:\/\/www.humanium.org\/fr\/la-maltraitance-des-enfants\/\">maltraitance infantile<\/a>, ainsi que d\u2019enl\u00e8vement, class\u00e9es sans suite par les institutions japonaises.<\/p>\n\n\n\n<h2 class=\"wp-block-heading\"><strong>La surveillance accrue de la communaut\u00e9 juridique internationale<\/strong><\/h2>\n\n\n\n<p class=\"wp-block-paragraph\">Le cas de Vincent Fichot a r\u00e9v\u00e9l\u00e9 cette pratique in\u00e9branlable \u00e0 l\u2019\u00e9chelle internationale. En tant que p\u00e8re mari\u00e9, il a constat\u00e9 que ses plaintes pour enl\u00e8vement d\u2019enfants ont \u00e9t\u00e9 ignor\u00e9es pendant quatre ans apr\u00e8s que sa femme a enlev\u00e9 ses enfants et il a \u00e9t\u00e9 menac\u00e9 de poursuites en vertu des lois sur l\u2019enl\u00e8vement d\u2019enfants si jamais il essayait de r\u00e9cup\u00e9rer ses enfants de sa femme malgr\u00e9 le fait qu\u2019il d\u00e9tienne seul l\u2019autorit\u00e9 parentale (Hurights Osaka, 2022).<\/p>\n\n\n\n<p class=\"wp-block-paragraph\">Vincent Fichot a finalement eu la possibilit\u00e9 d\u2019obtenir un mandat d\u2019arr\u00eat avec l\u2019aide d\u2019INTERPOL \u00e9tant donn\u00e9 la double nationalit\u00e9 de ses enfants (Hurights Osaka, 2022). Les autorit\u00e9s japonaises ont r\u00e9pondu \u00e0 cet incident en am\u00e9liorant le suivi des plaintes concernant l\u2019enl\u00e8vement d\u2019enfants et en sensibilisant \u00e0 ces probl\u00e8mes aupr\u00e8s des intervenants charg\u00e9s de faire respecter la loi (Hurights Osaka, 2022).<\/p>\n\n\n\n<p class=\"wp-block-paragraph\">Les tribunaux <a href=\"https:\/\/www.humanium.org\/fr\/japon\/\">japonais<\/a> ont un pouvoir discr\u00e9tionnaire par rapport aux droits de visite des parents n\u2019ayant pas obtenu la garde de leurs enfants malgr\u00e9 les jugements provenant d\u2019autres juridictions (Foreign and Commonwealth Office, 2021). <\/p>\n\n\n\n<p class=\"wp-block-paragraph\">Les d\u00e9fis et les dangers de ce syst\u00e8me sont manifestes et ont soulev\u00e9 des inqui\u00e9tudes \u00e0 l\u2019\u00e9chelle internationale. Le gouvernement australien a offert son aide \u00e0 plus de 80 enfants objets de litiges concernant leur garde au Japon depuis 2004 (Cosier &amp; Grant, 2022). En 2019, les dirigeants nationaux respectifs de l\u2019Allemagne, de la France et de l\u2019Italie ont d\u00e9nonc\u00e9 le Japon pour sa position actuelle (Yakimova, 2020).<\/p>\n\n\n\n<h2 class=\"wp-block-heading\"><strong>Les solutions pour prot\u00e9ger les droits des enfants et des parents au Japon<\/strong><\/h2>\n\n\n\n<p class=\"wp-block-paragraph\">Alors que le <a href=\"https:\/\/www.humanium.org\/fr\/japon\/\">Japon<\/a> fait face \u00e0 des questions fondamentales sur les impacts de ses lois sur la garde d\u2019enfants et sa politique, le pays doit continuer \u00e0 donner la priorit\u00e9 \u00e0 la sauvegarde des meilleurs int\u00e9r\u00eats de l\u2019enfant. Plus particuli\u00e8rement, des efforts doivent \u00eatre faits pour&nbsp;:<\/p>\n\n\n\n<ol class=\"wp-block-list\">\n<li>Renforcer les dispositions internationales et se conformer aux obligations mises en place par la <a href=\"https:\/\/www.humanium.org\/fr\/convention-enlevement-international-enfants\/\">Convention de la Haye<\/a> (Yakimova, 2020);<\/li>\n\n\n\n<li>Prioriser les <a href=\"https:\/\/www.humanium.org\/fr\/texte-integral-convention-internationale-relative-droits-enfant-1989\/#:~:text=conna%C3%AEtre%20leurs%20vues.-,3.,int%C3%A9r%C3%AAt%20sup%C3%A9rieur%20de%20l'enfant.\">meilleurs int\u00e9r\u00eats<\/a> de l\u2019enfant selon les termes de&nbsp; <a href=\"https:\/\/www.humanium.org\/fr\/convention\/\">la Convention internationale des droits de l&rsquo;enfant<\/a>, pour que tous les efforts soient faits pour maintenir les relations essentielles entre l\u2019enfant et ses parents (Yakimova, 2020);<\/li>\n\n\n\n<li>Int\u00e9grer les syst\u00e8mes frontaliers et internationaux avec les structures de protection de l\u2019enfance pour garantir la r\u00e9ception d\u2019informations par les juridictions \u00e9trang\u00e8res sur le fonctionnement des syst\u00e8mes de protection de l\u2019enfance au Japon, et pour que les parents puissent entamer et poursuivre les proc\u00e9dures judiciaires transfrontali\u00e8res (Yakimova, 2020);<\/li>\n\n\n\n<li>Assurer que les dispositions sur la double <a href=\"https:\/\/www.humanium.org\/fr\/comprendre-droits-enfant\/droit-a-l-identite\/#:~:text=La%20nationalit%C3%A9%20peut%20%C3%AAtre%20obtenue%20de%20deux%20fa%C3%A7ons%20diff%C3%A9rentes%20%3A&amp;text=Droit%20du%20sang%20%3A%20l'enfant,la%20nationalit%C3%A9%20de%20ses%20parents.&amp;text=Droit%20du%20sol%20%3A%20l'enfant,parents%20ont%20une%20\">nationalit\u00e9<\/a> n\u2019emp\u00eachent pas le contact avec un des parents (Foreign and Commonwealth Office of Australia, 2021);<\/li>\n\n\n\n<li>Faire appel au soutien des ambassades et des organisations non-gouvernementales pour rassurer les enfants enlev\u00e9s et les parents laiss\u00e9s de c\u00f4t\u00e9 en leur faisant savoir qu\u2019ils n\u2019ont pas \u00e9t\u00e9 oubli\u00e9s (Foreign and Commonwealth Office of Australia, 2021);<\/li>\n\n\n\n<li>Utiliser les technologies innovantes et nouvelles pour aider au mieux les enfants \u00e0 renouer avec leurs parents. L\u2019application Find My Parent (FMP) est un exemple d\u2019effort permanent qui permet d\u2019utiliser des plateformes sur t\u00e9l\u00e9phone portable pour aider les parents \u00e0 renouer avec leurs enfants disparus (Foreign and Commonwealth Office of Australia, 2021);<\/li>\n\n\n\n<li>Renforcer la sensibilisation au bien-\u00eatre de l\u2019enfant pour garantir aux enfants s\u00e9par\u00e9s de l\u2019un de leurs parents de recevoir du soutien afin de supporter le choc provoqu\u00e9 par le divorce ainsi qu\u2019un espace pour manifester leurs inqui\u00e9tudes (Foreign and Commonwealth Office of Australia, 2021).<\/li>\n<\/ol>\n\n\n\n<figure class=\"wp-block-image size-large\"><img loading=\"lazy\" decoding=\"async\" width=\"1024\" height=\"683\" src=\"https:\/\/www.humanium.org\/fr\/wp-content\/uploads\/2023\/07\/shutterstock_2021729285-1024x683.jpg\" alt=\"\" class=\"wp-image-55279\" srcset=\"https:\/\/www.humanium.org\/fr\/wp-content\/uploads\/2023\/07\/shutterstock_2021729285-1024x683.jpg 1024w, https:\/\/www.humanium.org\/fr\/wp-content\/uploads\/2023\/07\/shutterstock_2021729285-300x200.jpg 300w, https:\/\/www.humanium.org\/fr\/wp-content\/uploads\/2023\/07\/shutterstock_2021729285-768x512.jpg 768w, https:\/\/www.humanium.org\/fr\/wp-content\/uploads\/2023\/07\/shutterstock_2021729285-1536x1024.jpg 1536w, https:\/\/www.humanium.org\/fr\/wp-content\/uploads\/2023\/07\/shutterstock_2021729285-2048x1365.jpg 2048w, https:\/\/www.humanium.org\/fr\/wp-content\/uploads\/2023\/07\/shutterstock_2021729285-830x553.jpg 830w, https:\/\/www.humanium.org\/fr\/wp-content\/uploads\/2023\/07\/shutterstock_2021729285-230x153.jpg 230w, https:\/\/www.humanium.org\/fr\/wp-content\/uploads\/2023\/07\/shutterstock_2021729285-350x233.jpg 350w, https:\/\/www.humanium.org\/fr\/wp-content\/uploads\/2023\/07\/shutterstock_2021729285-480x320.jpg 480w, https:\/\/www.humanium.org\/fr\/wp-content\/uploads\/2023\/07\/shutterstock_2021729285-272x182.jpg 272w\" sizes=\"auto, (max-width: 1024px) 100vw, 1024px\" \/><\/figure>\n\n\n\n<p class=\"wp-block-paragraph\">L\u2019association Humanium,reste engag\u00e9e \u00e0 prot\u00e9ger les <a href=\"https:\/\/www.humanium.org\/fr\/droits-enfant\/\">droits des enfants<\/a>, tels que le droit \u00e0 la <a href=\"https:\/\/www.humanium.org\/fr\/famille-droits-enfant\/\">famille<\/a>, le droit \u00e0 la <a href=\"https:\/\/www.humanium.org\/fr\/droit-a-la-protection\/\">protection<\/a> et le droit \u00e0 la <a href=\"https:\/\/www.humanium.org\/fr\/comprendre-droits-enfant\/droit-aux-libertes\/\">libert\u00e9<\/a>. Chez Humanium, nous croyons que c\u2019est en rendant les enfants plus forts qu\u2019ils concr\u00e9tisent leurs droits. Si vous souhaitez contribuer \u00e0 cette cause d\u00e9fendue par Humanium, pensez \u00e0 devenir b\u00e9n\u00e9vole, \u00e0 devenir membre ou \u00e0 faire un don.<\/p>\n\n\n\n<p class=\"wp-block-paragraph\"><strong><em>Ecrit par Vanessa Cezarita Cordeiro<\/em><\/strong><\/p>\n\n\n\n<p class=\"wp-block-paragraph\"><strong><em>Traduit par Ruthy Gbogbu<\/em><\/strong><\/p>\n\n\n\n<p class=\"wp-block-paragraph\"><strong><em>Relu par Victoria Ma\u00eetre Headdon<\/em><\/strong><\/p>\n\n\n\n<h4 class=\"wp-block-heading\"><strong>R\u00e9f\u00e9rences:&nbsp;<\/strong><\/h4>\n\n\n\n<p class=\"has-small-font-size wp-block-paragraph\">Bagshaw, E. (2021, August 14). <a href=\"https:\/\/www.smh.com.au\/world\/asia\/their-children-were-taken-now-they-fight-japanese-laws-to-get-them-back-20210727-p58dbk.html\" target=\"_blank\" rel=\"noreferrer noopener\">\u201cTheir children were taken. Now they fight Japanese laws to get them back.\u201d<\/a> Retrieved from The Sydney Morning Herald, accessed on 22 May 2023.&nbsp;<\/p>\n\n\n\n<p class=\"has-small-font-size wp-block-paragraph\">Cosier, C. &amp; Grant, K. (2022, October 11). <a href=\"https:\/\/www.sbs.com.au\/news\/dateline\/article\/whoever-abducts-first-wins-why-japan-wont-allow-this-australian-mother-to-see-her-children\/2ukkhpwkx\" target=\"_blank\" rel=\"noreferrer noopener\">\u201cWhoever abducts first wins: Why Japan won\u2019t allow this Australian mother to see her children.\u201d<\/a> Retrieved from SBS Dateline News Australia, accessed on 19 May 2023.&nbsp;&nbsp;<\/p>\n\n\n\n<p class=\"has-small-font-size wp-block-paragraph\">Foreign and Commonwealth Office. (2021, March 19<a href=\"https:\/\/www.gov.uk\/government\/publications\/japan-child-abduction\/information-on-child-abduction-in-japan\" target=\"_blank\" rel=\"noreferrer noopener\">). \u201cGuidance information on child abduction in Japan.\u201d<\/a> Retrieved from Foreign and Commonwealth Office, accessed on 20 May 2023.&nbsp;&nbsp;<\/p>\n\n\n\n<p class=\"has-small-font-size wp-block-paragraph\">Hague Conference on Private International Law. (n.d). <a href=\"https:\/\/www.hcch.net\/en\/instruments\/conventions\/specialised-sections\/child-abduction\" target=\"_blank\" rel=\"noreferrer noopener\">\u201cChild abduction section<\/a>.\u201d Retrieved from HCCH, accessed on 20 May 2023.&nbsp;&nbsp;<\/p>\n\n\n\n<p class=\"has-small-font-size wp-block-paragraph\">Hamano, T. (2017). <a href=\"http:\/\/iafor.org\/archives\/journals\/iafor-journal-of-asian-studies\/10.22492.ijas.3.1.03.pdf\" target=\"_blank\" rel=\"noreferrer noopener\">\u201cThe aftermath of Japan\u2019s ratification of the Hague Convention on Child Abduction: an investigation into the state apparatus of the modern Japanese family.\u201d<\/a> Retrieved from IAFOR Journal of Asian Studies, accessed on 19 May 2023.&nbsp;&nbsp;<\/p>\n\n\n\n<p class=\"has-small-font-size wp-block-paragraph\">Hurights Osaka. (2022, June). <a href=\"https:\/\/www.hurights.or.jp\/archives\/focus\/section3\/2022\/06\/black-hole-of-child-abduction.html\">\u201cBla<\/a><a href=\"https:\/\/www.hurights.or.jp\/archives\/focus\/section3\/2022\/06\/black-hole-of-child-abduction.html\" target=\"_blank\" rel=\"noreferrer noopener\">ck hole of the child abduction.<\/a>\u201d Retrieved from Asia-Pacific Human Rights Information Centre, accessed 22 May 2023.&nbsp;<\/p>\n\n\n\n<p class=\"has-small-font-size wp-block-paragraph\">Katanuma, M. (2023, January 25). \u201c<a href=\"https:\/\/www.japantimes.co.jp\/news\/2023\/01\/25\/national\/social-issues\/child-custody-system\/\" target=\"_blank\" rel=\"noreferrer noopener\">Japan tries to fix a child custody system under fire from all sides<\/a>\u201d. Retrieved from The Japan Times, accessed 15 May 2023.&nbsp;<\/p>\n\n\n\n<p class=\"has-small-font-size wp-block-paragraph\">Ministry of Foreign Affairs of Japan. (2022, November 22). <a href=\"https:\/\/www.mofa.go.jp\/fp\/hr_ha\/page22e_000250.html\" target=\"_blank\" rel=\"noreferrer noopener\">\u201cOverview of the Hague Convention and related Japanese legal systems.\u201d<\/a> Retrieved from Ministry of Foreign Affairs of Japan, accessed on 19 May 2023.&nbsp;&nbsp;<\/p>\n\n\n\n<p class=\"has-small-font-size wp-block-paragraph\">Official Journal of the European Union. (2019, June 25). <a href=\"https:\/\/eur-lex.europa.eu\/legal-content\/EN\/TXT\/PDF\/?uri=CELEX:32019R1111&amp;from=EN\" target=\"_blank\" rel=\"noreferrer noopener\">\u201cCouncil regulation (EU) 2019\/1111 of 25 June 2019 on jurisdiction, the recognition and enforcement of decisions in matrimonial matters and the matters of parental responsibility, and on international child abduction.\u201d<\/a> Retrieved from Official Journal of the European Union, accessed on 22 May 2023.&nbsp;&nbsp;<\/p>\n\n\n\n<p class=\"has-small-font-size wp-block-paragraph\">Yakimova, Y. (2020, July 8). <a href=\"https:\/\/www.europarl.europa.eu\/news\/en\/press-room\/20200706IPR82720\/parliament-sounds-alarm-over-children-in-japan-taken-from-eu-parents\" target=\"_blank\" rel=\"noreferrer noopener\">\u201cParliament sounds alarm over children in Japan taken from EU parents.\u201d<\/a> Retrieved from European Parliament News, accessed on 12 May 2023.&nbsp;&nbsp;<\/p>\n","protected":false},"excerpt":{"rendered":"<p>Le Japon est un des seuls pays du monde \u00e0 d\u00e9fendre et maintenir uniquement un mode de garde exclusive des enfants (Cosier &amp; Grant, 2022). Par cons\u00e9quent, les lois nationales de ce pays situ\u00e9 en Asie orientale manquent \u00e0 prot\u00e9ger de mani\u00e8re globale les droits des deux parents dans les cas de divorce et de [&hellip;]<\/p>\n","protected":false},"author":69,"featured_media":55280,"comment_status":"closed","ping_status":"closed","sticky":false,"template":"","format":"standard","meta":{"footnotes":""},"categories":[220,4],"tags":[],"class_list":["post-55277","post","type-post","status-publish","format-standard","has-post-thumbnail","hentry","category-droits-des-enfants","category-droits-humains"],"yoast_head":"<!-- This site is optimized with the Yoast SEO plugin v28.3 - https:\/\/yoast.com\/product\/yoast-seo-wordpress\/ -->\n<title>Les lois sur la garde des enfants au Japon\u00a0et les enl\u00e8vements\u00a0: un ab\u00eeme - Humanium<\/title>\n<meta name=\"description\" content=\"Le Japon est un des seuls pays du monde \u00e0 d\u00e9fendre et maintenir uniquement un mode de garde exclusive des enfants.\" \/>\n<meta name=\"robots\" content=\"index, follow, max-snippet:-1, max-image-preview:large, max-video-preview:-1\" \/>\n<link rel=\"canonical\" href=\"https:\/\/www.humanium.org\/fr\/les-lois-sur-la-garde-des-enfants-au-japon-et-les-enlevements-un-abime\/\" \/>\n<meta property=\"og:locale\" content=\"fr_FR\" \/>\n<meta property=\"og:type\" content=\"article\" \/>\n<meta property=\"og:title\" content=\"Les lois sur la garde des enfants au Japon\u00a0et les enl\u00e8vements\u00a0: un ab\u00eeme - Humanium\" \/>\n<meta property=\"og:description\" content=\"Le Japon est un des seuls pays du monde \u00e0 d\u00e9fendre et maintenir uniquement un mode de garde exclusive des enfants.\" \/>\n<meta property=\"og:url\" content=\"https:\/\/www.humanium.org\/fr\/les-lois-sur-la-garde-des-enfants-au-japon-et-les-enlevements-un-abime\/\" \/>\n<meta property=\"og:site_name\" content=\"Humanium\" \/>\n<meta property=\"article:published_time\" content=\"2023-07-04T13:53:46+00:00\" \/>\n<meta property=\"article:modified_time\" content=\"2026-08-21T03:19:36+00:00\" \/>\n<meta property=\"og:image\" content=\"https:\/\/www.humanium.org\/fr\/wp-content\/uploads\/2023\/07\/shutterstock_1145797103-scaled.jpg\" \/>\n\t<meta property=\"og:image:width\" content=\"2560\" \/>\n\t<meta property=\"og:image:height\" content=\"1920\" \/>\n\t<meta property=\"og:image:type\" content=\"image\/jpeg\" \/>\n<meta name=\"author\" content=\"Humanium\" \/>\n<meta name=\"twitter:card\" content=\"summary_large_image\" \/>\n<meta name=\"twitter:label1\" content=\"\u00c9crit par\" \/>\n\t<meta name=\"twitter:data1\" content=\"Humanium\" \/>\n\t<meta name=\"twitter:label2\" content=\"Dur\u00e9e de lecture estim\u00e9e\" \/>\n\t<meta name=\"twitter:data2\" content=\"13 minutes\" \/>\n<script type=\"application\/ld+json\" class=\"yoast-schema-graph\">{\"@context\":\"https:\\\/\\\/schema.org\",\"@graph\":[{\"@type\":\"Article\",\"@id\":\"https:\\\/\\\/www.humanium.org\\\/fr\\\/les-lois-sur-la-garde-des-enfants-au-japon-et-les-enlevements-un-abime\\\/#article\",\"isPartOf\":{\"@id\":\"https:\\\/\\\/www.humanium.org\\\/fr\\\/les-lois-sur-la-garde-des-enfants-au-japon-et-les-enlevements-un-abime\\\/\"},\"author\":{\"name\":\"Humanium\",\"@id\":\"https:\\\/\\\/www.humanium.org\\\/fr\\\/#\\\/schema\\\/person\\\/d798d6c7d59ba2307e0877f61a20ce3e\"},\"headline\":\"Les lois sur la garde des enfants au Japon\u00a0et les enl\u00e8vements\u00a0: un ab\u00eeme\",\"datePublished\":\"2023-07-04T13:53:46+00:00\",\"dateModified\":\"2026-08-21T03:19:36+00:00\",\"mainEntityOfPage\":{\"@id\":\"https:\\\/\\\/www.humanium.org\\\/fr\\\/les-lois-sur-la-garde-des-enfants-au-japon-et-les-enlevements-un-abime\\\/\"},\"wordCount\":2583,\"image\":{\"@id\":\"https:\\\/\\\/www.humanium.org\\\/fr\\\/les-lois-sur-la-garde-des-enfants-au-japon-et-les-enlevements-un-abime\\\/#primaryimage\"},\"thumbnailUrl\":\"https:\\\/\\\/www.humanium.org\\\/fr\\\/wp-content\\\/uploads\\\/2023\\\/07\\\/shutterstock_1145797103-scaled.jpg\",\"articleSection\":[\"Droits des enfants\",\"Droits humains\"],\"inLanguage\":\"fr-FR\"},{\"@type\":\"WebPage\",\"@id\":\"https:\\\/\\\/www.humanium.org\\\/fr\\\/les-lois-sur-la-garde-des-enfants-au-japon-et-les-enlevements-un-abime\\\/\",\"url\":\"https:\\\/\\\/www.humanium.org\\\/fr\\\/les-lois-sur-la-garde-des-enfants-au-japon-et-les-enlevements-un-abime\\\/\",\"name\":\"Les lois sur la garde des enfants au Japon\u00a0et les enl\u00e8vements\u00a0: un ab\u00eeme - Humanium\",\"isPartOf\":{\"@id\":\"https:\\\/\\\/www.humanium.org\\\/fr\\\/#website\"},\"primaryImageOfPage\":{\"@id\":\"https:\\\/\\\/www.humanium.org\\\/fr\\\/les-lois-sur-la-garde-des-enfants-au-japon-et-les-enlevements-un-abime\\\/#primaryimage\"},\"image\":{\"@id\":\"https:\\\/\\\/www.humanium.org\\\/fr\\\/les-lois-sur-la-garde-des-enfants-au-japon-et-les-enlevements-un-abime\\\/#primaryimage\"},\"thumbnailUrl\":\"https:\\\/\\\/www.humanium.org\\\/fr\\\/wp-content\\\/uploads\\\/2023\\\/07\\\/shutterstock_1145797103-scaled.jpg\",\"datePublished\":\"2023-07-04T13:53:46+00:00\",\"dateModified\":\"2026-08-21T03:19:36+00:00\",\"author\":{\"@id\":\"https:\\\/\\\/www.humanium.org\\\/fr\\\/#\\\/schema\\\/person\\\/d798d6c7d59ba2307e0877f61a20ce3e\"},\"description\":\"Le Japon est un des seuls pays du monde \u00e0 d\u00e9fendre et maintenir uniquement un mode de garde exclusive des enfants.\",\"breadcrumb\":{\"@id\":\"https:\\\/\\\/www.humanium.org\\\/fr\\\/les-lois-sur-la-garde-des-enfants-au-japon-et-les-enlevements-un-abime\\\/#breadcrumb\"},\"inLanguage\":\"fr-FR\",\"potentialAction\":[{\"@type\":\"ReadAction\",\"target\":[\"https:\\\/\\\/www.humanium.org\\\/fr\\\/les-lois-sur-la-garde-des-enfants-au-japon-et-les-enlevements-un-abime\\\/\"]}]},{\"@type\":\"ImageObject\",\"inLanguage\":\"fr-FR\",\"@id\":\"https:\\\/\\\/www.humanium.org\\\/fr\\\/les-lois-sur-la-garde-des-enfants-au-japon-et-les-enlevements-un-abime\\\/#primaryimage\",\"url\":\"https:\\\/\\\/www.humanium.org\\\/fr\\\/wp-content\\\/uploads\\\/2023\\\/07\\\/shutterstock_1145797103-scaled.jpg\",\"contentUrl\":\"https:\\\/\\\/www.humanium.org\\\/fr\\\/wp-content\\\/uploads\\\/2023\\\/07\\\/shutterstock_1145797103-scaled.jpg\",\"width\":2560,\"height\":1920},{\"@type\":\"BreadcrumbList\",\"@id\":\"https:\\\/\\\/www.humanium.org\\\/fr\\\/les-lois-sur-la-garde-des-enfants-au-japon-et-les-enlevements-un-abime\\\/#breadcrumb\",\"itemListElement\":[{\"@type\":\"ListItem\",\"position\":1,\"name\":\"Home\",\"item\":\"https:\\\/\\\/www.humanium.org\\\/fr\\\/\"},{\"@type\":\"ListItem\",\"position\":2,\"name\":\"Les lois sur la garde des enfants au Japon\u00a0et les enl\u00e8vements\u00a0: un ab\u00eeme\"}]},{\"@type\":\"WebSite\",\"@id\":\"https:\\\/\\\/www.humanium.org\\\/fr\\\/#website\",\"url\":\"https:\\\/\\\/www.humanium.org\\\/fr\\\/\",\"name\":\"Humanium\",\"description\":\"Les enfants d\u2019abord !\",\"potentialAction\":[{\"@type\":\"SearchAction\",\"target\":{\"@type\":\"EntryPoint\",\"urlTemplate\":\"https:\\\/\\\/www.humanium.org\\\/fr\\\/?s={search_term_string}\"},\"query-input\":{\"@type\":\"PropertyValueSpecification\",\"valueRequired\":true,\"valueName\":\"search_term_string\"}}],\"inLanguage\":\"fr-FR\"},{\"@type\":\"Person\",\"@id\":\"https:\\\/\\\/www.humanium.org\\\/fr\\\/#\\\/schema\\\/person\\\/d798d6c7d59ba2307e0877f61a20ce3e\",\"name\":\"Humanium\",\"image\":{\"@type\":\"ImageObject\",\"inLanguage\":\"fr-FR\",\"@id\":\"https:\\\/\\\/secure.gravatar.com\\\/avatar\\\/22715e338d2fcc547e3a431c4738360d33fea2a4af458f865b2c3b22f1eaa51f?s=96&d=mm&r=g\",\"url\":\"https:\\\/\\\/secure.gravatar.com\\\/avatar\\\/22715e338d2fcc547e3a431c4738360d33fea2a4af458f865b2c3b22f1eaa51f?s=96&d=mm&r=g\",\"contentUrl\":\"https:\\\/\\\/secure.gravatar.com\\\/avatar\\\/22715e338d2fcc547e3a431c4738360d33fea2a4af458f865b2c3b22f1eaa51f?s=96&d=mm&r=g\",\"caption\":\"Humanium\"},\"url\":\"https:\\\/\\\/www.humanium.org\\\/fr\\\/author\\\/humanium\\\/\"}]}<\/script>\n<!-- \/ Yoast SEO plugin. -->","yoast_head_json":{"title":"Les lois sur la garde des enfants au Japon\u00a0et les enl\u00e8vements\u00a0: un ab\u00eeme - Humanium","description":"Le Japon est un des seuls pays du monde \u00e0 d\u00e9fendre et maintenir uniquement un mode de garde exclusive des enfants.","robots":{"index":"index","follow":"follow","max-snippet":"max-snippet:-1","max-image-preview":"max-image-preview:large","max-video-preview":"max-video-preview:-1"},"canonical":"https:\/\/www.humanium.org\/fr\/les-lois-sur-la-garde-des-enfants-au-japon-et-les-enlevements-un-abime\/","og_locale":"fr_FR","og_type":"article","og_title":"Les lois sur la garde des enfants au Japon\u00a0et les enl\u00e8vements\u00a0: un ab\u00eeme - Humanium","og_description":"Le Japon est un des seuls pays du monde \u00e0 d\u00e9fendre et maintenir uniquement un mode de garde exclusive des enfants.","og_url":"https:\/\/www.humanium.org\/fr\/les-lois-sur-la-garde-des-enfants-au-japon-et-les-enlevements-un-abime\/","og_site_name":"Humanium","article_published_time":"2023-07-04T13:53:46+00:00","article_modified_time":"2026-08-21T03:19:36+00:00","og_image":[{"width":2560,"height":1920,"url":"https:\/\/www.humanium.org\/fr\/wp-content\/uploads\/2023\/07\/shutterstock_1145797103-scaled.jpg","type":"image\/jpeg"}],"author":"Humanium","twitter_card":"summary_large_image","twitter_misc":{"\u00c9crit par":"Humanium","Dur\u00e9e de lecture estim\u00e9e":"13 minutes"},"schema":{"@context":"https:\/\/schema.org","@graph":[{"@type":"Article","@id":"https:\/\/www.humanium.org\/fr\/les-lois-sur-la-garde-des-enfants-au-japon-et-les-enlevements-un-abime\/#article","isPartOf":{"@id":"https:\/\/www.humanium.org\/fr\/les-lois-sur-la-garde-des-enfants-au-japon-et-les-enlevements-un-abime\/"},"author":{"name":"Humanium","@id":"https:\/\/www.humanium.org\/fr\/#\/schema\/person\/d798d6c7d59ba2307e0877f61a20ce3e"},"headline":"Les lois sur la garde des enfants au Japon\u00a0et les enl\u00e8vements\u00a0: un ab\u00eeme","datePublished":"2023-07-04T13:53:46+00:00","dateModified":"2026-08-21T03:19:36+00:00","mainEntityOfPage":{"@id":"https:\/\/www.humanium.org\/fr\/les-lois-sur-la-garde-des-enfants-au-japon-et-les-enlevements-un-abime\/"},"wordCount":2583,"image":{"@id":"https:\/\/www.humanium.org\/fr\/les-lois-sur-la-garde-des-enfants-au-japon-et-les-enlevements-un-abime\/#primaryimage"},"thumbnailUrl":"https:\/\/www.humanium.org\/fr\/wp-content\/uploads\/2023\/07\/shutterstock_1145797103-scaled.jpg","articleSection":["Droits des enfants","Droits humains"],"inLanguage":"fr-FR"},{"@type":"WebPage","@id":"https:\/\/www.humanium.org\/fr\/les-lois-sur-la-garde-des-enfants-au-japon-et-les-enlevements-un-abime\/","url":"https:\/\/www.humanium.org\/fr\/les-lois-sur-la-garde-des-enfants-au-japon-et-les-enlevements-un-abime\/","name":"Les lois sur la garde des enfants au Japon\u00a0et les enl\u00e8vements\u00a0: un ab\u00eeme - Humanium","isPartOf":{"@id":"https:\/\/www.humanium.org\/fr\/#website"},"primaryImageOfPage":{"@id":"https:\/\/www.humanium.org\/fr\/les-lois-sur-la-garde-des-enfants-au-japon-et-les-enlevements-un-abime\/#primaryimage"},"image":{"@id":"https:\/\/www.humanium.org\/fr\/les-lois-sur-la-garde-des-enfants-au-japon-et-les-enlevements-un-abime\/#primaryimage"},"thumbnailUrl":"https:\/\/www.humanium.org\/fr\/wp-content\/uploads\/2023\/07\/shutterstock_1145797103-scaled.jpg","datePublished":"2023-07-04T13:53:46+00:00","dateModified":"2026-08-21T03:19:36+00:00","author":{"@id":"https:\/\/www.humanium.org\/fr\/#\/schema\/person\/d798d6c7d59ba2307e0877f61a20ce3e"},"description":"Le Japon est un des seuls pays du monde \u00e0 d\u00e9fendre et maintenir uniquement un mode de garde exclusive des enfants.","breadcrumb":{"@id":"https:\/\/www.humanium.org\/fr\/les-lois-sur-la-garde-des-enfants-au-japon-et-les-enlevements-un-abime\/#breadcrumb"},"inLanguage":"fr-FR","potentialAction":[{"@type":"ReadAction","target":["https:\/\/www.humanium.org\/fr\/les-lois-sur-la-garde-des-enfants-au-japon-et-les-enlevements-un-abime\/"]}]},{"@type":"ImageObject","inLanguage":"fr-FR","@id":"https:\/\/www.humanium.org\/fr\/les-lois-sur-la-garde-des-enfants-au-japon-et-les-enlevements-un-abime\/#primaryimage","url":"https:\/\/www.humanium.org\/fr\/wp-content\/uploads\/2023\/07\/shutterstock_1145797103-scaled.jpg","contentUrl":"https:\/\/www.humanium.org\/fr\/wp-content\/uploads\/2023\/07\/shutterstock_1145797103-scaled.jpg","width":2560,"height":1920},{"@type":"BreadcrumbList","@id":"https:\/\/www.humanium.org\/fr\/les-lois-sur-la-garde-des-enfants-au-japon-et-les-enlevements-un-abime\/#breadcrumb","itemListElement":[{"@type":"ListItem","position":1,"name":"Home","item":"https:\/\/www.humanium.org\/fr\/"},{"@type":"ListItem","position":2,"name":"Les lois sur la garde des enfants au Japon\u00a0et les enl\u00e8vements\u00a0: un ab\u00eeme"}]},{"@type":"WebSite","@id":"https:\/\/www.humanium.org\/fr\/#website","url":"https:\/\/www.humanium.org\/fr\/","name":"Humanium","description":"Les enfants d\u2019abord !","potentialAction":[{"@type":"SearchAction","target":{"@type":"EntryPoint","urlTemplate":"https:\/\/www.humanium.org\/fr\/?s={search_term_string}"},"query-input":{"@type":"PropertyValueSpecification","valueRequired":true,"valueName":"search_term_string"}}],"inLanguage":"fr-FR"},{"@type":"Person","@id":"https:\/\/www.humanium.org\/fr\/#\/schema\/person\/d798d6c7d59ba2307e0877f61a20ce3e","name":"Humanium","image":{"@type":"ImageObject","inLanguage":"fr-FR","@id":"https:\/\/secure.gravatar.com\/avatar\/22715e338d2fcc547e3a431c4738360d33fea2a4af458f865b2c3b22f1eaa51f?s=96&d=mm&r=g","url":"https:\/\/secure.gravatar.com\/avatar\/22715e338d2fcc547e3a431c4738360d33fea2a4af458f865b2c3b22f1eaa51f?s=96&d=mm&r=g","contentUrl":"https:\/\/secure.gravatar.com\/avatar\/22715e338d2fcc547e3a431c4738360d33fea2a4af458f865b2c3b22f1eaa51f?s=96&d=mm&r=g","caption":"Humanium"},"url":"https:\/\/www.humanium.org\/fr\/author\/humanium\/"}]}},"_links":{"self":[{"href":"https:\/\/www.humanium.org\/fr\/wp-json\/wp\/v2\/posts\/55277","targetHints":{"allow":["GET"]}}],"collection":[{"href":"https:\/\/www.humanium.org\/fr\/wp-json\/wp\/v2\/posts"}],"about":[{"href":"https:\/\/www.humanium.org\/fr\/wp-json\/wp\/v2\/types\/post"}],"author":[{"embeddable":true,"href":"https:\/\/www.humanium.org\/fr\/wp-json\/wp\/v2\/users\/69"}],"replies":[{"embeddable":true,"href":"https:\/\/www.humanium.org\/fr\/wp-json\/wp\/v2\/comments?post=55277"}],"version-history":[{"count":5,"href":"https:\/\/www.humanium.org\/fr\/wp-json\/wp\/v2\/posts\/55277\/revisions"}],"predecessor-version":[{"id":62622,"href":"https:\/\/www.humanium.org\/fr\/wp-json\/wp\/v2\/posts\/55277\/revisions\/62622"}],"wp:featuredmedia":[{"embeddable":true,"href":"https:\/\/www.humanium.org\/fr\/wp-json\/wp\/v2\/media\/55280"}],"wp:attachment":[{"href":"https:\/\/www.humanium.org\/fr\/wp-json\/wp\/v2\/media?parent=55277"}],"wp:term":[{"taxonomy":"category","embeddable":true,"href":"https:\/\/www.humanium.org\/fr\/wp-json\/wp\/v2\/categories?post=55277"},{"taxonomy":"post_tag","embeddable":true,"href":"https:\/\/www.humanium.org\/fr\/wp-json\/wp\/v2\/tags?post=55277"}],"curies":[{"name":"wp","href":"https:\/\/api.w.org\/{rel}","templated":true}]}}