{"id":55323,"date":"2023-07-11T21:12:43","date_gmt":"2023-07-11T21:12:43","guid":{"rendered":"https:\/\/www.humanium.org\/fr\/?p=55323"},"modified":"2026-08-21T03:19:36","modified_gmt":"2026-08-21T03:19:36","slug":"la-guerre-civile-au-soudan-une-crise-grave-humanitaire-pour-les-enfants","status":"publish","type":"post","link":"https:\/\/www.humanium.org\/fr\/la-guerre-civile-au-soudan-une-crise-grave-humanitaire-pour-les-enfants\/","title":{"rendered":"La guerre civile au Soudan : une crise grave humanitaire pour les enfants"},"content":{"rendered":"\n<p class=\"wp-block-paragraph\"><strong>Les tensions et les troubles du pass\u00e9 du <\/strong><a href=\"https:\/\/www.humanium.org\/fr\/soudan\/\"><strong>Soudan <\/strong><\/a><strong>refont surface en avril 2023 avec une <\/strong><a href=\"https:\/\/www.humanium.org\/fr\/enfants-dans-la-guerre\/\"><strong>guerre<\/strong><\/a><strong> civile qui fait rage entre l\u2019arm\u00e9e <\/strong><a href=\"https:\/\/www.humanium.org\/fr\/soudan\/\"><strong>soudanaise<\/strong><\/a><strong> et les Forces paramilitaires de soutien rapide (\u201cFSR\u201d). Au carrefour des tensions et de la <\/strong><a href=\"https:\/\/www.humanium.org\/fr\/la-maltraitance-des-enfants\/\"><strong>violence<\/strong><\/a><strong> se trouve la population <\/strong><a href=\"https:\/\/www.humanium.org\/fr\/soudan\/\"><strong>soudanaise <\/strong><\/a><strong>et un groupe particuli\u00e8rement vuln\u00e9rable au milieu de la <\/strong><a href=\"https:\/\/www.humanium.org\/fr\/enfants-dans-la-guerre\/\"><strong>guerre<\/strong><\/a><strong> : les enfants. Renversant une crise humanitaire existante, la <\/strong><a href=\"https:\/\/www.humanium.org\/fr\/enfants-dans-la-guerre\/\"><strong>guerre<\/strong><\/a><strong> civile place les enfants dans une situation d\u2019urgence humanitaire encore plus pr\u00e9occupante, les privant ainsi de leurs <\/strong><a href=\"https:\/\/www.humanium.org\/fr\/comprendre-droits-enfant\/\"><strong>droits humains fondamentaux<\/strong><\/a><strong>, comme leurs droits \u00e0 la <\/strong><a href=\"https:\/\/www.humanium.org\/fr\/comprendre-droits-enfant\/droit-a-la-vie\/\"><strong>vie<\/strong><\/a><strong>, \u00e0 la <\/strong><a href=\"https:\/\/www.humanium.org\/fr\/comprendre-droits-enfant\/protection\/\"><strong>protection,<\/strong><\/a><strong> \u00e0 l&rsquo;<\/strong><a href=\"https:\/\/www.humanium.org\/fr\/comprendre-droits-enfant\/droit-a-l-education\/\"><strong>\u00e9ducation<\/strong><\/a><strong>, \u00e0 la <\/strong><a href=\"https:\/\/www.humanium.org\/fr\/comprendre-droits-enfant\/droit-a-la-sante\/\"><strong>sant\u00e9<\/strong><\/a><strong>, \u00e0 la <\/strong><a href=\"https:\/\/www.humanium.org\/fr\/comprendre-droits-enfant\/droit-a-l-alimentation\/\"><strong>nourriture<\/strong><\/a><strong>, et \u00e0 l\u2019<\/strong><a href=\"https:\/\/www.humanium.org\/fr\/comprendre-droits-enfant\/droit-a-l-eau\/\"><strong>eau<\/strong><\/a><strong>.<\/strong><\/p>\n\n\n\n<h2 class=\"wp-block-heading\"><strong>L\u2019histoire et les troubles pass\u00e9s du <\/strong><a href=\"https:\/\/www.humanium.org\/fr\/soudan\/\"><strong>Soudan<\/strong><\/a><\/h2>\n\n\n\n<p class=\"wp-block-paragraph\">Le <a href=\"https:\/\/www.humanium.org\/fr\/soudan\/\">Soudan<\/a> est pour la plupart pluriethnique et la population <a href=\"https:\/\/www.humanium.org\/fr\/soudan\/\">soudanaise<\/a>&nbsp; \u00abse vante de plusieurs groupes ethniques majeurs et de centaines de sous-groupes\u00bb et \u00ab parle de nombreuses langues et dialectes\u00bb (Britannica, 2023). Depuis son ind\u00e9pendance, le Soudan a connu des divers changements dans ses formes de gouvernement (Britannica, 2023). Des r\u00e9gimes se sont succ\u00e9d\u00e9s au fil du temps, principalement en raison de la difficult\u00e9 \u00e0 obtenir l&rsquo;acceptation g\u00e9n\u00e9rale des \u00e9lecteurs politiques vari\u00e9s existant au <a href=\"https:\/\/www.humanium.org\/fr\/soudan\/\">Soudan<\/a> (Brittanica, 2023).<\/p>\n\n\n\n<p class=\"wp-block-paragraph\">Plusieurs <a href=\"https:\/\/www.humanium.org\/fr\/enfants-dans-la-guerre\/#:~:text=Les%20enfants%20sont%20%C3%A9galement%20frapp%C3%A9s,%C3%A9ducation%20et%20%C3%A0%20des%20soins.\">conflits<\/a> et <a href=\"https:\/\/www.humanium.org\/fr\/enfants-dans-la-guerre\/\">guerres<\/a> ont eu lieu \u00e0 partir de 1955 faisant de nombreuses victimes et des incidents violents (Britannica, 2023). Omar al-Bashir est arriv\u00e9 au pouvoir en tant que Pr\u00e9sident en 1989 gr\u00e2ce \u00e0 un coup d\u2019\u00e9tat militaire qui a effectivement \u00absupprim\u00e9 le dernier gouvernement \u00e9lu du pays\u00bb (The Guardian, 2021). A la suite de nombreuses discussions, de cessez le feu, et d\u2019accords se r\u00e9pandant dans le temps, l\u2019Accord global de paix a mis fin \u00e0 la situation de <a href=\"https:\/\/www.humanium.org\/fr\/enfants-dans-la-guerre\/#:~:text=Les%20enfants%20sont%20%C3%A9galement%20frapp%C3%A9s,%C3%A9ducation%20et%20%C3%A0%20des%20soins.\">guerre<\/a> en 2005 (Britannica, 2023).&nbsp;<\/p>\n\n\n\n<h2 class=\"wp-block-heading\"><strong>Les <\/strong><a href=\"https:\/\/www.humanium.org\/fr\/enfants-dans-la-guerre\/#:~:text=Les%20enfants%20sont%20%C3%A9galement%20frapp%C3%A9s,%C3%A9ducation%20et%20%C3%A0%20des%20soins.\"><strong>conflits<\/strong><\/a><strong> <\/strong><strong>r\u00e9cents et leurs motifs sous-jacents<\/strong><\/h2>\n\n\n\n<p class=\"wp-block-paragraph\">Au milieu d\u2019un soul\u00e8vement qui se pr\u00e9sente en avril 2019, le pr\u00e9sident Omar al-Bashir (qui est maintenant ex-pr\u00e9sident) a \u00e9t\u00e9 r\u00e9voqu\u00e9 du pouvoir, apr\u00e8s avoir \u00e9t\u00e9 au pouvoir pendant 30 ans (Aljazeera, 2023). Un accord a \u00e9t\u00e9 conclu la m\u00eame ann\u00e9e et consistait en un \u00abaccord de partage du pouvoir ouvrant la voie \u00e0 une transition vers un gouvernement dirig\u00e9 par des civils\u00bb (Aljazeera, 2019). <\/p>\n\n\n\n<p class=\"wp-block-paragraph\">Un conseil souverain civile et militaire conjoint a \u00e9t\u00e9 cr\u00e9\u00e9 pour gouverner jusqu&rsquo;en 2023 (Aljazeera, 2019). Cependant, pendant la p\u00e9riode de l\u2019accord, la m\u00e9fiance a profond\u00e9ment augment\u00e9 entre les militaires et les groupes civils (Aljazeera, 2023).<\/p>\n\n\n\n<p class=\"wp-block-paragraph\">Des protestations et des manifestations ont continu\u00e9 \u00e0 \u00e9clater et le point central de la tension a consist\u00e9 de \u00abla demande des civils d\u2019une supervision de l\u2019arm\u00e9e et de l&rsquo;int\u00e9gration des FSR dans les forces arm\u00e9es r\u00e9guli\u00e8res\u00bb (The Guardian, 2023). En octobre 2021, l\u2019arm\u00e9e <a href=\"https:\/\/www.humanium.org\/fr\/soudan\/\">soudanaise<\/a> a pris le pouvoir lors d\u2019un coup d\u2019\u00c9tat, a arr\u00eat\u00e9 de nombreux politiciens civils et le Premier ministre, Abdalla Hamdok, et a donc dissous la partie civile du gouvernement (The Guardian, 2021). <\/p>\n\n\n\n<p class=\"wp-block-paragraph\">Bien que le Premier ministre ait \u00e9t\u00e9 r\u00e9tabli en novembre 2021, r\u00e9tablissant la transition vers un r\u00e9gime civil, il a ensuite d\u00e9missionn\u00e9 de son poste en janvier 2022 parmi l\u2019escalade des protestations et les <a href=\"https:\/\/www.humanium.org\/fr\/mortalite-infantile\/\">morts<\/a> qui ont suivi (VOA, 2023).\u00a0<\/p>\n\n\n\n<h2 class=\"wp-block-heading\"><strong>La <\/strong><a href=\"https:\/\/www.humanium.org\/fr\/enfants-dans-la-guerre\/\"><strong>guerre<\/strong><\/a><strong> civile d\u2019avril 2023 et la crise humanitaire qui en d\u00e9coule<\/strong><\/h2>\n\n\n\n<p class=\"wp-block-paragraph\">Apr\u00e8s les n\u00e9gociations entre les dirigeants militaires et civils en janvier 2023 sur les questions litigieuses cl\u00e9s et sur la transition d\u00e9mocratique, des tensions ont \u00e9merg\u00e9 encore entre l\u2019arm\u00e9e et les paramilitaires concernant l&rsquo;int\u00e9gration propos\u00e9e des FSR dans l\u2019arm\u00e9e r\u00e9guli\u00e8re (VOA, 2023). Le 15 avril 2023, des <a href=\"https:\/\/www.humanium.org\/fr\/enfants-dans-la-guerre\/#:~:text=Les%20enfants%20sont%20%C3%A9galement%20frapp%C3%A9s,%C3%A9ducation%20et%20%C3%A0%20des%20soins.\">explosions<\/a> et des <a href=\"https:\/\/www.humanium.org\/fr\/enfants-dans-la-guerre\/\">tirs<\/a> ont touch\u00e9 la capitale Khartoum (VOA, 2023).&nbsp;<\/p>\n\n\n\n<blockquote class=\"wp-block-quote is-layout-flow wp-block-quote-is-layout-flow\">\n<p class=\"wp-block-paragraph\"><em>\u00ab Ce qui se passe est aussi grave que tout ce que j\u2019ai vu dans les zones de <\/em><a href=\"https:\/\/www.humanium.org\/fr\/enfants-dans-la-guerre\/\"><em>conflits<\/em><\/a><em> au cours de ma longue carri\u00e8re. C\u2019est horrifique, tragique, brutal, et inutile compl\u00e8tement. La pleine gamme des droits humains (\u2026) est viol\u00e9e.\u00bb<\/em><\/p>\n<cite><em>\u2013 Radhouane Nouicer, expert de l\u2019ONU aux droits humains au <\/em><a href=\"https:\/\/www.humanium.org\/fr\/soudan\/\"><em>Soudan<\/em><\/a><em> (United Nations Office of the High Commissioner, 2023).<\/em><\/cite><\/blockquote>\n\n\n\n<p class=\"wp-block-paragraph\">Avant que la <a href=\"https:\/\/www.humanium.org\/fr\/enfants-dans-la-guerre\/\">guerre <\/a>civile soit apparue, la situation d\u00e9licate humanitaire au <a href=\"https:\/\/www.humanium.org\/fr\/soudan\/\">Soudan<\/a> \u00e9tait d\u00e9j\u00e0 pressante et&nbsp; empirante, avec environ 15,8 millions de personnes ayant besoin d\u2019une aide humanitaire \u00e0 cette \u00e9poque et avec \u00ables enfants \u00e9tant les plus vuln\u00e9rables.\u00bb (UNICEF, 2023). Cette <a href=\"https:\/\/www.humanium.org\/fr\/enfants-dans-la-guerre\/\">guerre<\/a> civile est une crise qui s\u2019ajoute \u00e0 une autre crise existante au <a href=\"https:\/\/www.humanium.org\/fr\/soudan\/\">Soudan<\/a>.&nbsp;<\/p>\n\n\n\n<p class=\"wp-block-paragraph\">Les affrontements intenses entre l\u2019arm\u00e9e et les forces paramilitaires ont caus\u00e9 la <a href=\"https:\/\/www.humanium.org\/fr\/mortalite-infantile\/\">mort<\/a> de plus de 600 personnes et bless\u00e9 environ 5100 personnes (Care, 2023). La guerre civile a oblig\u00e9 une vague de civils \u00e0 <a href=\"https:\/\/www.humanium.org\/fr\/enfants-deplaces\/\">fuir leurs foyer<\/a>, presque 1,4 million de personnes au total, devenant des <a href=\"https:\/\/www.humanium.org\/fr\/enfants-deplaces\/\">d\u00e9plac\u00e9s<\/a> ou des <a href=\"https:\/\/www.humanium.org\/fr\/enfants-deplaces\/\">r\u00e9fugi\u00e9s<\/a> (CNN, 2023).<\/p>\n\n\n\n<h2 class=\"wp-block-heading\"><strong>Les enfants et leurs <\/strong><a href=\"https:\/\/www.humanium.org\/fr\/comprendre-droits-enfant\/\"><strong>droits humains fondamentaux<\/strong><\/a><strong> en danger<\/strong><\/h2>\n\n\n\n<figure class=\"wp-block-image size-large\"><img loading=\"lazy\" decoding=\"async\" width=\"1024\" height=\"683\" src=\"https:\/\/www.humanium.org\/fr\/wp-content\/uploads\/2023\/07\/shutterstock_326255036-1024x683.jpg\" alt=\"\" class=\"wp-image-55325\" srcset=\"https:\/\/www.humanium.org\/fr\/wp-content\/uploads\/2023\/07\/shutterstock_326255036-1024x683.jpg 1024w, https:\/\/www.humanium.org\/fr\/wp-content\/uploads\/2023\/07\/shutterstock_326255036-300x200.jpg 300w, https:\/\/www.humanium.org\/fr\/wp-content\/uploads\/2023\/07\/shutterstock_326255036-768x512.jpg 768w, https:\/\/www.humanium.org\/fr\/wp-content\/uploads\/2023\/07\/shutterstock_326255036-1536x1024.jpg 1536w, https:\/\/www.humanium.org\/fr\/wp-content\/uploads\/2023\/07\/shutterstock_326255036-2048x1365.jpg 2048w, https:\/\/www.humanium.org\/fr\/wp-content\/uploads\/2023\/07\/shutterstock_326255036-830x553.jpg 830w, https:\/\/www.humanium.org\/fr\/wp-content\/uploads\/2023\/07\/shutterstock_326255036-230x153.jpg 230w, https:\/\/www.humanium.org\/fr\/wp-content\/uploads\/2023\/07\/shutterstock_326255036-350x233.jpg 350w, https:\/\/www.humanium.org\/fr\/wp-content\/uploads\/2023\/07\/shutterstock_326255036-480x320.jpg 480w, https:\/\/www.humanium.org\/fr\/wp-content\/uploads\/2023\/07\/shutterstock_326255036-272x182.jpg 272w\" sizes=\"auto, (max-width: 1024px) 100vw, 1024px\" \/><\/figure>\n\n\n\n<h3 class=\"wp-block-heading\">Le droit \u00e0 la <a href=\"https:\/\/www.humanium.org\/fr\/comprendre-droits-enfant\/droit-a-la-vie\/\">vie<\/a> et \u00e0 la <a href=\"https:\/\/www.humanium.org\/fr\/droit-a-la-protection\/\">protection&nbsp;<\/a><\/h3>\n\n\n\n<p class=\"wp-block-paragraph\">Au moins 9 enfants ont \u00e9t\u00e9 tu\u00e9s dans la <a href=\"https:\/\/www.humanium.org\/fr\/enfants-dans-la-guerre\/\">guerre<\/a> civile actuelle et \u00ab plus de 50 furent bless\u00e9s pendant les combats\u00bb (UNICEF, 2023). Les <a href=\"https:\/\/www.humanium.org\/fr\/enfants-dans-la-guerre\/\">hostilit\u00e9s <\/a>en cours exposent les enfants \u00e0 la <a href=\"https:\/\/www.humanium.org\/fr\/la-maltraitance-des-enfants\/\">souffrance<\/a>, la <a href=\"https:\/\/www.humanium.org\/fr\/la-maltraitance-des-enfants\/\">violence<\/a>, et l\u2019<a href=\"https:\/\/www.humanium.org\/fr\/la-maltraitance-des-enfants\/\">abus<\/a>,&nbsp; \u00aby compris leur <a href=\"https:\/\/www.humanium.org\/fr\/enfant-soldat\/\">recrutement et l\u2019utilisation par les groupes arm\u00e9s<\/a>\u00bb (UNICEF, 2023). Les enfants, <a href=\"https:\/\/www.humanium.org\/fr\/orphelins\/\">isol\u00e9s<\/a> ou <a href=\"https:\/\/www.humanium.org\/fr\/enfants-deplaces\/\">d\u00e9plac\u00e9s<\/a> avec leur famille, sont confront\u00e9s \u00e0 de graves dangers et leurs droits \u00e0 la <a href=\"https:\/\/www.humanium.org\/fr\/comprendre-droits-enfant\/droit-a-la-vie\/\">vie<\/a> et la<a href=\"https:\/\/www.humanium.org\/fr\/droit-a-la-protection\/\"> protection<\/a> sont quotidiennement pi\u00e9tin\u00e9s.<\/p>\n\n\n\n<h3 class=\"wp-block-heading\">Le droit \u00e0 l&rsquo;<a href=\"https:\/\/www.humanium.org\/fr\/comprendre-droits-enfant\/droit-a-l-education\/\">\u00e9ducation<\/a><\/h3>\n\n\n\n<p class=\"wp-block-paragraph\">En 2022, on estime d\u00e9j\u00e0 que 8,1 millions d&rsquo;enfants scolaris\u00e9s sont s\u00e9rieusement affect\u00e9s par les fermetures d\u2019\u00e9coles (UNICEF, 2022). Depuis la <a href=\"https:\/\/www.humanium.org\/fr\/enfants-dans-la-guerre\/\">guerre <\/a>civile, le nombre d&rsquo;enfants non scolaris\u00e9s est encore plus pr\u00e9occupant. Sans acc\u00e8s \u00e0 l\u2019\u00e9ducation, les enfants sont priv\u00e9s des espaces d&rsquo;apprentissage s\u00e9curis\u00e9s, qui les <a href=\"https:\/\/www.humanium.org\/fr\/droit-a-la-protection\/\">prot\u00e8gent<\/a> du <a href=\"https:\/\/www.humanium.org\/fr\/la-maltraitance-des-enfants\/\">pr\u00e9judice<\/a>, de l\u2019<a href=\"https:\/\/www.humanium.org\/fr\/la-maltraitance-des-enfants\/\">abus<\/a>, ou de l\u2019<a href=\"https:\/\/www.humanium.org\/fr\/la-maltraitance-des-enfants\/\">exploitation<\/a>, ce qui comprend leur recrutement des groupes arm\u00e9s en tant qu\u2019<a href=\"https:\/\/www.humanium.org\/fr\/enfant-soldat\/\">enfants soldats<\/a> (UNICEF, 2023).<\/p>\n\n\n\n<p class=\"wp-block-paragraph\">Les enfants ont besoin des espaces d\u2019apprentissage et d\u2019un acc\u00e8s \u00e9quitable \u00e0 l&rsquo;<a href=\"https:\/\/www.humanium.org\/fr\/comprendre-droits-enfant\/droit-a-l-education\/\">\u00e9ducation<\/a> comme c\u2019est leur <a href=\"https:\/\/www.humanium.org\/fr\/comprendre-droits-enfant\/droit-a-l-education\/\">droit<\/a>, et surtout \u00ab parce que chaque jour o\u00f9 les enfants sont priv\u00e9s d\u2019<a href=\"https:\/\/www.humanium.org\/fr\/comprendre-droits-enfant\/droit-a-l-education\/\">\u00e9ducation<\/a>\u00bb r\u00e9duit les chances de retourner \u00e0 l&rsquo;\u00e9cole, en particulier pour les <a href=\"https:\/\/www.humanium.org\/fr\/droits-des-filles\/\">filles<\/a> (UNICEF, 2023).<\/p>\n\n\n\n<h3 class=\"wp-block-heading\">Le droit \u00e0 la <a href=\"https:\/\/www.humanium.org\/fr\/comprendre-droits-enfant\/droit-a-la-sante\/\">sant\u00e9<\/a>&nbsp;<\/h3>\n\n\n\n<p class=\"wp-block-paragraph\">Le <a href=\"https:\/\/www.humanium.org\/fr\/comprendre-droits-enfant\/droit-a-la-sante\/\">syst\u00e8me de soins de sant\u00e9<\/a> au <a href=\"https:\/\/www.humanium.org\/fr\/soudan\/\">Soudan<\/a> a \u00e9t\u00e9 gravement affect\u00e9 par la <a href=\"https:\/\/www.humanium.org\/fr\/enfants-dans-la-guerre\/\">guerre<\/a> civile, \u00abo\u00f9 un tiers des \u00e9tablissements de <a href=\"https:\/\/www.humanium.org\/fr\/comprendre-droits-enfant\/droit-a-la-sante\/\">sant\u00e9 <\/a>du <a href=\"https:\/\/www.humanium.org\/fr\/soudan\/\">Soudan<\/a> ne fonctionnent plus\u00bb, privant profond\u00e9ment ainsi les enfants et les familles d\u2019un acc\u00e8s aux services de <a href=\"https:\/\/www.humanium.org\/fr\/comprendre-droits-enfant\/droit-a-la-sante\/\">sant\u00e9<\/a> essentiels (UNICEF, 2023). En outre, les coupures d&rsquo;\u00e9lectricit\u00e9 ont \u00e9galement affect\u00e9 la cha\u00eene du froid pour maintenir les vaccins viables, mettant ainsi les enfants en danger de <a href=\"https:\/\/www.humanium.org\/fr\/mortalite-infantile\/\">maladies mortelles<\/a> et d\u2019<a href=\"https:\/\/www.humanium.org\/fr\/enfants-malades\/\">\u00e9pid\u00e9mies<\/a> (UNICEF, 2023).&nbsp;<\/p>\n\n\n\n<p class=\"wp-block-paragraph\">De plus, les forces arm\u00e9es occupent les \u00e9tablissements de <a href=\"https:\/\/www.humanium.org\/fr\/comprendre-droits-enfant\/droit-a-la-sante\/\">sant\u00e9<\/a> abandonn\u00e9s et pillent aussi les traitements et les fournitures <a href=\"https:\/\/www.humanium.org\/fr\/comprendre-droits-enfant\/droit-a-la-vie\/\">vitals<\/a>, ce qui met l&rsquo;esp\u00e9rance de <a href=\"https:\/\/www.humanium.org\/fr\/comprendre-droits-enfant\/droit-a-la-vie\/\">vie <\/a>des enfants \u00e0 un stade critique (Save the Children, 2023). Les droits \u00e0 la <a href=\"https:\/\/www.humanium.org\/fr\/comprendre-droits-enfant\/droit-a-la-sante\/\">sant\u00e9<\/a> des enfants sont compl\u00e8tement viol\u00e9s tel que leur survie n\u2019est d\u00e9sormais plus garantie.<\/p>\n\n\n\n<h3 class=\"wp-block-heading\">Le droit \u00e0 la <a href=\"https:\/\/www.humanium.org\/fr\/comprendre-droits-enfant\/droit-a-l-alimentation\/\">nourriture<\/a> et l\u2019<a href=\"https:\/\/www.humanium.org\/fr\/comprendre-droits-enfant\/droit-a-l-eau\/\">eau<\/a>&nbsp;<\/h3>\n\n\n\n<p class=\"wp-block-paragraph\">Avec les <a href=\"https:\/\/www.humanium.org\/fr\/changement-climatique\/\">temp\u00e9ratures \u00e9lev\u00e9es<\/a> et les s\u00e9cheresses au <a href=\"https:\/\/www.humanium.org\/fr\/soudan\/\">Soudan<\/a>, l\u2019acc\u00e8s \u00e0 l&rsquo;<a href=\"https:\/\/www.humanium.org\/fr\/comprendre-droits-enfant\/droit-a-l-eau\/\">eau <\/a>potable en quantit\u00e9 suffisante \u00e9tait d\u00e9j\u00e0 un souci (UNICEF, 2023). Avec la <a href=\"https:\/\/www.humanium.org\/fr\/enfants-dans-la-guerre\/\">guerre <\/a>civile, le Soudan souffre d&rsquo;une grave p\u00e9nurie d&rsquo;<a href=\"https:\/\/www.humanium.org\/fr\/comprendre-droits-enfant\/droit-a-l-eau\/\">eau<\/a> potable et de services d&rsquo;assainissement de base (Norwegian Refugee Council, 2023). Conjointement, avant la <a href=\"https:\/\/www.humanium.org\/fr\/enfants-dans-la-guerre\/\">guerre<\/a> civile, le <a href=\"https:\/\/www.humanium.org\/fr\/soudan\/\">Soudan<\/a> avait \u00able taux le plus haut de <a href=\"https:\/\/www.humanium.org\/fr\/enfants-malades\/\">malnutrition de l\u2019enfant<\/a> dans le monde\u00bb (UNICEF, 2023).<\/p>\n\n\n\n<p class=\"wp-block-paragraph\">Depuis la reprise des hostilit\u00e9s cette ann\u00e9e, le nombre d&rsquo;enfants <a href=\"https:\/\/www.humanium.org\/fr\/enfants-malades\/\">mals nourris <\/a>augmente (Care, 2023). Non seulement il existe <a href=\"https:\/\/www.humanium.org\/fr\/enfants-malades\/\">une p\u00e9nurie de la nourriture<\/a> \u00e0 cause des <a href=\"https:\/\/www.humanium.org\/fr\/enfants-dans-la-guerre\/\">hostilit\u00e9s<\/a>, mais l\u2019aide humanitaire mondiale a \u00e9galement arr\u00eat\u00e9, laissant la <a href=\"https:\/\/www.humanium.org\/fr\/comprendre-droits-enfant\/droit-a-la-sante\/\">sant\u00e9 <\/a>des enfants empirer quotidiennement (UNICEF, 2023). Sans acc\u00e8s \u00e0 une quantit\u00e9 suffisante d\u2019<a href=\"https:\/\/www.humanium.org\/fr\/comprendre-droits-enfant\/droit-a-l-eau\/\">eau<\/a> potable et \u00e0 une bonne <a href=\"https:\/\/www.humanium.org\/fr\/comprendre-droits-enfant\/droit-a-l-alimentation\/\">alimentation<\/a> tous les jours, la plupart des enfants, en particulier les nourrissons, ne pourront pas survivre \u00e0 cette <a href=\"https:\/\/www.humanium.org\/fr\/enfants-dans-la-guerre\/\">guerre<\/a> civile.&nbsp;<\/p>\n\n\n\n<h2 class=\"wp-block-heading\"><strong>Un appel \u00e0 la <\/strong><a href=\"https:\/\/www.humanium.org\/fr\/enfants-dans-la-guerre\/\"><strong>paix<\/strong><\/a><strong> et \u00e0 une aide humanitaire imm\u00e9diate&nbsp;<\/strong><\/h2>\n\n\n\n<p class=\"wp-block-paragraph\">Humanium est terriblement pr\u00e9occup\u00e9 par la violation des <a href=\"https:\/\/www.humanium.org\/fr\/comprendre-droits-enfant\/\">droits humains fondamentaux<\/a> des enfants par les parties actuelles \u00e0 la <a href=\"https:\/\/www.humanium.org\/fr\/enfants-dans-la-guerre\/\">guerre<\/a> au <a href=\"https:\/\/www.humanium.org\/fr\/soudan\/\">Soudan<\/a>. Humanium a malheureusement trouv\u00e9 que les <a href=\"https:\/\/www.humanium.org\/fr\/comprendre-droits-enfant\/\">droits<\/a> des enfants et le <a href=\"https:\/\/www.humanium.org\/fr\/les-droits-de-l-enfant\/\">bien-\u00eatre<\/a> des enfants, d\u00e9j\u00e0 pr\u00e9caires auparavant, ont empir\u00e9 soucieusement depuis le d\u00e9bordement de la <a href=\"https:\/\/www.humanium.org\/fr\/enfants-dans-la-guerre\/\">guerre<\/a> civile. Humanium appelle le gouvernement et tous les parties concern\u00e9es par la guerre civile \u00e0 faire imm\u00e9diatement :&nbsp;<\/p>\n\n\n\n<ul class=\"wp-block-list\">\n<li>Reprendre les discussions de paix, pour les enfants du <a href=\"https:\/\/www.humanium.org\/fr\/soudan\/\">Soudan<\/a> (UNICEF, 2023).<\/li>\n\n\n\n<li>Maintenir et respecter le <a href=\"https:\/\/www.humanium.org\/fr\/enfants-dans-la-guerre\/\">cessez-le-feu<\/a> (UNICEF, 2023).<\/li>\n\n\n\n<li>Veiller \u00e0 ce que l\u2019aide humanitaire soit r\u00e9tablie et fournie en continu afin de fournir aux enfants et \u00e0 leur familles des services ad\u00e9quats en mati\u00e8re de <a href=\"https:\/\/www.humanium.org\/fr\/comprendre-droits-enfant\/droit-a-la-sante\/\">sant\u00e9<\/a>, d\u2019<a href=\"https:\/\/www.humanium.org\/fr\/comprendre-droits-enfant\/droit-a-l-eau\/\">eau<\/a>, d\u2019<a href=\"https:\/\/www.humanium.org\/fr\/comprendre-droits-enfant\/droit-a-l-alimentation\/\">alimentation<\/a>, et de <a href=\"https:\/\/www.humanium.org\/fr\/comprendre-droits-enfant\/protection\/\">protection<\/a> (UNICEF, 2023).<\/li>\n\n\n\n<li>Rouvrir les \u00e9coles pour les enfants afin de leur permettre leur juste <a href=\"https:\/\/www.humanium.org\/fr\/comprendre-droits-enfant\/droit-a-l-education\/\">\u00e9ducation <\/a>(UNICEF, 2023).<\/li>\n\n\n\n<li><a href=\"https:\/\/www.humanium.org\/fr\/comprendre-droits-enfant\/protection\/\">Prot\u00e9ger<\/a> les enfants et pr\u00e9venir le recrutement d\u2019<a href=\"https:\/\/www.humanium.org\/fr\/enfant-soldat\/\">enfants soldats<\/a> (UNICEF, 2023).<\/li>\n<\/ul>\n\n\n\n<figure class=\"wp-block-image size-large\"><img loading=\"lazy\" decoding=\"async\" width=\"1024\" height=\"683\" src=\"https:\/\/www.humanium.org\/fr\/wp-content\/uploads\/2023\/07\/shutterstock_1090196948-1024x683.jpg\" alt=\"\" class=\"wp-image-55324\" srcset=\"https:\/\/www.humanium.org\/fr\/wp-content\/uploads\/2023\/07\/shutterstock_1090196948-1024x683.jpg 1024w, https:\/\/www.humanium.org\/fr\/wp-content\/uploads\/2023\/07\/shutterstock_1090196948-300x200.jpg 300w, https:\/\/www.humanium.org\/fr\/wp-content\/uploads\/2023\/07\/shutterstock_1090196948-768x512.jpg 768w, https:\/\/www.humanium.org\/fr\/wp-content\/uploads\/2023\/07\/shutterstock_1090196948-1536x1024.jpg 1536w, https:\/\/www.humanium.org\/fr\/wp-content\/uploads\/2023\/07\/shutterstock_1090196948-2048x1365.jpg 2048w, https:\/\/www.humanium.org\/fr\/wp-content\/uploads\/2023\/07\/shutterstock_1090196948-830x553.jpg 830w, https:\/\/www.humanium.org\/fr\/wp-content\/uploads\/2023\/07\/shutterstock_1090196948-230x153.jpg 230w, https:\/\/www.humanium.org\/fr\/wp-content\/uploads\/2023\/07\/shutterstock_1090196948-350x233.jpg 350w, https:\/\/www.humanium.org\/fr\/wp-content\/uploads\/2023\/07\/shutterstock_1090196948-480x320.jpg 480w, https:\/\/www.humanium.org\/fr\/wp-content\/uploads\/2023\/07\/shutterstock_1090196948-272x182.jpg 272w\" sizes=\"auto, (max-width: 1024px) 100vw, 1024px\" \/><\/figure>\n\n\n\n<p class=\"wp-block-paragraph\">Humanium reste engag\u00e9 \u00e0 sauvegarder les droits humains des enfants, y compris leur <a href=\"https:\/\/www.humanium.org\/fr\/comprendre-droits-enfant\/\">droits<\/a> \u00e0 la <a href=\"https:\/\/www.humanium.org\/fr\/comprendre-droits-enfant\/droit-a-la-vie\/\">vie<\/a>, \u00e0 la <a href=\"https:\/\/www.humanium.org\/fr\/comprendre-droits-enfant\/protection\/\">protection<\/a>, \u00e0 l\u2019<a href=\"https:\/\/www.humanium.org\/fr\/comprendre-droits-enfant\/droit-a-l-education\/\">\u00e9ducation<\/a>, \u00e0 la <a href=\"https:\/\/www.humanium.org\/fr\/comprendre-droits-enfant\/droit-a-la-sante\/\">sant\u00e9<\/a>, \u00e0 l\u2019<a href=\"https:\/\/www.humanium.org\/fr\/comprendre-droits-enfant\/droit-a-l-alimentation\/\">alimentation<\/a>, et \u00e0 l\u2019<a href=\"https:\/\/www.humanium.org\/fr\/comprendre-droits-enfant\/droit-a-l-eau\/\">eau<\/a>. Si vous souhaitez contribuer \u00e0 la cause d\u2019Humanium, veuillez envisager de faire un don, de vous porter volontaire<a href=\"https:\/\/www.google.com\/search?client=safari&amp;rls=en&amp;q=devenir+benevolat+humanium&amp;ie=UTF-8&amp;oe=UTF-8\"> <\/a>ou de devenir membre.&nbsp;<\/p>\n\n\n\n<p class=\"wp-block-paragraph\"><em><strong>\u00c9crit par Mo\u00efra Phu\u00f6ng Van de Po\u00ebl<\/strong><\/em><\/p>\n\n\n\n<p class=\"wp-block-paragraph\"><em><strong>Traduit par Kimberly Hoang<\/strong><\/em><\/p>\n\n\n\n<p class=\"wp-block-paragraph\"><em><strong>Relu par Denis Gingras<\/strong><\/em><\/p>\n\n\n\n<h4 class=\"wp-block-heading\"><strong>Bibliographie:<\/strong><\/h4>\n\n\n\n<p class=\"has-small-font-size wp-block-paragraph\">Aljazeera. (2019, August 17). Sudan protest leaders, military sign transitional government deal. Retrieved from Aljazeera at <a href=\"https:\/\/www.aljazeera.com\/news\/2019\/8\/17\/sudan-protest-leaders-military-sign-transitional-government-deal\" target=\"_blank\" rel=\"noreferrer noopener\">https:\/\/www.aljazeera.com\/news\/2019\/8\/17\/sudan-protest-leaders-military-sign-transitional-government-deal<\/a>, accessed in June 2023.<\/p>\n\n\n\n<p class=\"has-small-font-size wp-block-paragraph\">Aljazeera. (2023, April 13). Sudan\u2019s years-long power struggle explained. Retrieved from Aljazeera at <a href=\"https:\/\/www.aljazeera.com\/news\/2023\/4\/13\/sudans-years-long-power-struggle-explained\" target=\"_blank\" rel=\"noreferrer noopener\">https:\/\/www.aljazeera.com\/news\/2023\/4\/13\/sudans-years-long-power-struggle-explained<\/a>, accessed in May 2023.<\/p>\n\n\n\n<p class=\"has-small-font-size wp-block-paragraph\">Britannica. (2023, May 29). Countries of the World: Sudan. Retrieved from Britannica at <a href=\"https:\/\/www.britannica.com\/place\/Sudan\" target=\"_blank\" rel=\"noreferrer noopener\">https:\/\/www.britannica.com\/place\/Sudan<\/a>, accessed in May 2023.&nbsp;<\/p>\n\n\n\n<p class=\"has-small-font-size wp-block-paragraph\">CNN. (2023, May 28). Nearly 1.4 million people displaced in Sudan since civil war erupted, UN report says. Retrieved from CNN at <a href=\"https:\/\/edition.cnn.com\/2023\/05\/28\/africa\/sudan-displaced-people-gender-violence-intl-hnk\/index.html\" target=\"_blank\" rel=\"noreferrer noopener\">https:\/\/edition.cnn.com\/2023\/05\/28\/africa\/sudan-displaced-people-gender-violence-intl-hnk\/index.html<\/a>, accessed in June 2023.<\/p>\n\n\n\n<p class=\"has-small-font-size wp-block-paragraph\">Care. (2023, May 11). Humanitarian crisis in Sudan worsens, with disproportionate impacts to women and girls. Retrieved from Care at <a href=\"https:\/\/www.care-international.org\/news\/humanitarian-crisis-sudan-worsens-disproportionate-impacts-women-and-girls\" target=\"_blank\" rel=\"noreferrer noopener\">https:\/\/www.care-international.org\/news\/humanitarian-crisis-sudan-worsens-disproportionate-impacts-women-and-girls<\/a>, accessed in June 2023.<\/p>\n\n\n\n<p class=\"has-small-font-size wp-block-paragraph\">Norwegian Refugee Council. (2023, May 19). South Sudan: Water crisis at the border as tens of thousands flee Sudan. Retrieved from Norwegian Refugee Council at <a href=\"https:\/\/www.nrc.no\/perspectives\/2023\/south-sudan-water-crisis-at-the-border-as-tens-of-thousands-flee-sudan\/\" target=\"_blank\" rel=\"noreferrer noopener\">https:\/\/www.nrc.no\/perspectives\/2023\/south-sudan-water-crisis-at-the-border-as-tens-of-thousands-flee-sudan\/<\/a>, accessed in June 2023.<\/p>\n\n\n\n<p class=\"has-small-font-size wp-block-paragraph\">Save the Children. (2023, May 17). Sudan: Armed groups occupying health facilities, looting, cutting off lifeline for country&rsquo;s children as numbers in need surge. Retrieved from Save the Children at <a href=\"https:\/\/www.savethechildren.net\/news\/sudan-armed-groups-occupying-health-facilities-looting-cutting-lifeline-country-s-children\" target=\"_blank\" rel=\"noreferrer noopener\">https:\/\/www.savethechildren.net\/news\/sudan-armed-groups-occupying-health-facilities-looting-cutting-lifeline-country-s-children<\/a>, accessed in June 2023.<\/p>\n\n\n\n<p class=\"has-small-font-size wp-block-paragraph\">The Guardian. (2023, April 27). Sudan conflict: why is there fighting and what is at stake in the region?. Retrieved from The Guardian at <a href=\"https:\/\/www.theguardian.com\/world\/2023\/apr\/27\/sudan-conflict-why-is-there-fighting-what-is-at-stake#:~:text=Intense%20clashes%20between%20Sudan's%20military,to%20destabilise%20the%20wider%20region\" target=\"_blank\" rel=\"noreferrer noopener\">https:\/\/www.theguardian.com\/world\/2023\/apr\/27\/sudan-conflict-why-is-there-fighting-what-is-at-stake#:~:text=Intense%20clashes%20between%20Sudan&rsquo;s%20military,to%20destabilise%20the%20wider%20region<\/a>, accessed in June 2023.<\/p>\n\n\n\n<p class=\"has-small-font-size wp-block-paragraph\">The Guardian. (2021, October 25). Sudan\u2019s army seizes power in coup and detains prime minister. Retrieved from The Guardian at <a href=\"https:\/\/www.theguardian.com\/world\/2021\/oct\/25\/sudan-coup-fears-amid-claims-military-have-arrested-senior-government-officials\" target=\"_blank\" rel=\"noreferrer noopener\">https:\/\/www.theguardian.com\/world\/2021\/oct\/25\/sudan-coup-fears-amid-claims-military-have-arrested-senior-government-officials<\/a>, accessed in June 2023.&nbsp;<\/p>\n\n\n\n<p class=\"has-small-font-size wp-block-paragraph\">UNICEF. (2023, April 27). Children in Sudan at high risk as armed conflict continues. Retrieved from UNICEF at <a href=\"https:\/\/www.unicefusa.org\/stories\/children-sudan-high-risk-armed-conflict-continues\" target=\"_blank\" rel=\"noreferrer noopener\">https:\/\/www.unicefusa.org\/stories\/children-sudan-high-risk-armed-conflict-continues<\/a>, accessed in June 2023.<\/p>\n\n\n\n<p class=\"has-small-font-size wp-block-paragraph\">UNICEF. (2023, April 26). Fighting in Sudan rapidly worsening an already dire humanitarian situation for children, warn UNICEF, Save the Children and World Vision. Retrieved from UNICEF at <a href=\"https:\/\/www.unicef.org\/press-releases\/fighting-sudan-rapidly-worsening-already-dire-humanitarian-situation-children-warn\" target=\"_blank\" rel=\"noreferrer noopener\">https:\/\/www.unicef.org\/press-releases\/fighting-sudan-rapidly-worsening-already-dire-humanitarian-situation-children-warn<\/a>, accessed in June 2023.&nbsp;<\/p>\n\n\n\n<p class=\"has-small-font-size wp-block-paragraph\">UNICEF. (2022, June 16). Nearly 8 million children already in humanitarian need in Sudan at greater risk from growing economic crisis, hunger, conflict and harmful practices. Retrieved from UNICEF at <a href=\"https:\/\/www.unicef.org\/sudan\/press-releases\/nearly-8-million-children-already-humanitarian-need-sudan-greater-risk-growing\" target=\"_blank\" rel=\"noreferrer noopener\">https:\/\/www.unicef.org\/sudan\/press-releases\/nearly-8-million-children-already-humanitarian-need-sudan-greater-risk-growing<\/a>, accessed in June 2023.<\/p>\n\n\n\n<p class=\"has-small-font-size wp-block-paragraph\">United Nations Office of the High Commissioner. (2023, May 23). Sudan suffering \u201cdehumanizing\u201d, UN human rights expert Radhouane Nouicer. Retrieved from United Nations Office of the High Commissioner at <a href=\"https:\/\/www.ohchr.org\/en\/press-releases\/2023\/05\/sudan-suffering-dehumanizing-un-human-rights-expert-radhouane-nouicer\" target=\"_blank\" rel=\"noreferrer noopener\">https:\/\/www.ohchr.org\/en\/press-releases\/2023\/05\/sudan-suffering-dehumanizing-un-human-rights-expert-radhouane-nouicer<\/a>, accessed in June 2023.<\/p>\n\n\n\n<p class=\"has-small-font-size wp-block-paragraph\">VOA. (2023, April 15). Timeline: Sudan Unrest Post 2021 Coup. Retrieved from Voice of America at <a href=\"https:\/\/www.voaafrica.com\/a\/timeline-sudan-unrest-post-2021\/7051889.html\" target=\"_blank\" rel=\"noreferrer noopener\">https:\/\/www.voaafrica.com\/a\/timeline-sudan-unrest-post-2021\/7051889.html<\/a>, accessed in June 2023.&nbsp;<\/p>\n","protected":false},"excerpt":{"rendered":"<p>Les tensions et les troubles du pass\u00e9 du Soudan refont surface en avril 2023 avec une guerre civile qui fait rage entre l\u2019arm\u00e9e soudanaise et les Forces paramilitaires de soutien rapide (\u201cFSR\u201d). Au carrefour des tensions et de la violence se trouve la population soudanaise et un groupe particuli\u00e8rement vuln\u00e9rable au milieu de la guerre [&hellip;]<\/p>\n","protected":false},"author":69,"featured_media":55326,"comment_status":"closed","ping_status":"closed","sticky":false,"template":"","format":"standard","meta":{"footnotes":""},"categories":[220,4,233,231,214],"tags":[],"class_list":["post-55323","post","type-post","status-publish","format-standard","has-post-thumbnail","hentry","category-droits-des-enfants","category-droits-humains","category-exploitation","category-pauvrete","category-violence"],"yoast_head":"<!-- This site is optimized with the Yoast SEO plugin v28.3 - https:\/\/yoast.com\/product\/yoast-seo-wordpress\/ -->\n<title>La guerre civile au Soudan : une crise grave humanitaire pour les enfants - Humanium<\/title>\n<meta name=\"description\" content=\"La guerre civile place les enfants dans une situation d&#039;urgence humanitaire encore plus grave, les privant ainsi de leurs droits humains fondamentaux.\" \/>\n<meta name=\"robots\" content=\"index, follow, max-snippet:-1, max-image-preview:large, max-video-preview:-1\" \/>\n<link rel=\"canonical\" href=\"https:\/\/www.humanium.org\/fr\/la-guerre-civile-au-soudan-une-crise-grave-humanitaire-pour-les-enfants\/\" \/>\n<meta property=\"og:locale\" content=\"fr_FR\" \/>\n<meta property=\"og:type\" content=\"article\" \/>\n<meta property=\"og:title\" content=\"La guerre civile au Soudan : une crise grave humanitaire pour les enfants - Humanium\" \/>\n<meta property=\"og:description\" content=\"La guerre civile place les enfants dans une situation d&#039;urgence humanitaire encore plus grave, les privant ainsi de leurs droits humains fondamentaux.\" \/>\n<meta property=\"og:url\" content=\"https:\/\/www.humanium.org\/fr\/la-guerre-civile-au-soudan-une-crise-grave-humanitaire-pour-les-enfants\/\" \/>\n<meta property=\"og:site_name\" content=\"Humanium\" \/>\n<meta property=\"article:published_time\" content=\"2023-07-11T21:12:43+00:00\" \/>\n<meta property=\"article:modified_time\" content=\"2026-08-21T03:19:36+00:00\" \/>\n<meta property=\"og:image\" content=\"https:\/\/www.humanium.org\/fr\/wp-content\/uploads\/2023\/07\/shutterstock_594185294-scaled.jpg\" \/>\n\t<meta property=\"og:image:width\" content=\"2560\" \/>\n\t<meta property=\"og:image:height\" content=\"1714\" \/>\n\t<meta property=\"og:image:type\" content=\"image\/jpeg\" \/>\n<meta name=\"author\" content=\"Humanium\" \/>\n<meta name=\"twitter:card\" content=\"summary_large_image\" \/>\n<meta name=\"twitter:label1\" content=\"\u00c9crit par\" \/>\n\t<meta name=\"twitter:data1\" content=\"Humanium\" \/>\n\t<meta name=\"twitter:label2\" content=\"Dur\u00e9e de lecture estim\u00e9e\" \/>\n\t<meta name=\"twitter:data2\" content=\"10 minutes\" \/>\n<script type=\"application\/ld+json\" class=\"yoast-schema-graph\">{\"@context\":\"https:\\\/\\\/schema.org\",\"@graph\":[{\"@type\":\"Article\",\"@id\":\"https:\\\/\\\/www.humanium.org\\\/fr\\\/la-guerre-civile-au-soudan-une-crise-grave-humanitaire-pour-les-enfants\\\/#article\",\"isPartOf\":{\"@id\":\"https:\\\/\\\/www.humanium.org\\\/fr\\\/la-guerre-civile-au-soudan-une-crise-grave-humanitaire-pour-les-enfants\\\/\"},\"author\":{\"name\":\"Humanium\",\"@id\":\"https:\\\/\\\/www.humanium.org\\\/fr\\\/#\\\/schema\\\/person\\\/d798d6c7d59ba2307e0877f61a20ce3e\"},\"headline\":\"La guerre civile au Soudan : une crise grave humanitaire pour les enfants\",\"datePublished\":\"2023-07-11T21:12:43+00:00\",\"dateModified\":\"2026-08-21T03:19:36+00:00\",\"mainEntityOfPage\":{\"@id\":\"https:\\\/\\\/www.humanium.org\\\/fr\\\/la-guerre-civile-au-soudan-une-crise-grave-humanitaire-pour-les-enfants\\\/\"},\"wordCount\":1975,\"image\":{\"@id\":\"https:\\\/\\\/www.humanium.org\\\/fr\\\/la-guerre-civile-au-soudan-une-crise-grave-humanitaire-pour-les-enfants\\\/#primaryimage\"},\"thumbnailUrl\":\"https:\\\/\\\/www.humanium.org\\\/fr\\\/wp-content\\\/uploads\\\/2023\\\/07\\\/shutterstock_594185294-scaled.jpg\",\"articleSection\":[\"Droits des enfants\",\"Droits humains\",\"Exploitation\",\"Pauvret\u00e9\",\"violence\"],\"inLanguage\":\"fr-FR\"},{\"@type\":\"WebPage\",\"@id\":\"https:\\\/\\\/www.humanium.org\\\/fr\\\/la-guerre-civile-au-soudan-une-crise-grave-humanitaire-pour-les-enfants\\\/\",\"url\":\"https:\\\/\\\/www.humanium.org\\\/fr\\\/la-guerre-civile-au-soudan-une-crise-grave-humanitaire-pour-les-enfants\\\/\",\"name\":\"La guerre civile au Soudan : une crise grave humanitaire pour les enfants - Humanium\",\"isPartOf\":{\"@id\":\"https:\\\/\\\/www.humanium.org\\\/fr\\\/#website\"},\"primaryImageOfPage\":{\"@id\":\"https:\\\/\\\/www.humanium.org\\\/fr\\\/la-guerre-civile-au-soudan-une-crise-grave-humanitaire-pour-les-enfants\\\/#primaryimage\"},\"image\":{\"@id\":\"https:\\\/\\\/www.humanium.org\\\/fr\\\/la-guerre-civile-au-soudan-une-crise-grave-humanitaire-pour-les-enfants\\\/#primaryimage\"},\"thumbnailUrl\":\"https:\\\/\\\/www.humanium.org\\\/fr\\\/wp-content\\\/uploads\\\/2023\\\/07\\\/shutterstock_594185294-scaled.jpg\",\"datePublished\":\"2023-07-11T21:12:43+00:00\",\"dateModified\":\"2026-08-21T03:19:36+00:00\",\"author\":{\"@id\":\"https:\\\/\\\/www.humanium.org\\\/fr\\\/#\\\/schema\\\/person\\\/d798d6c7d59ba2307e0877f61a20ce3e\"},\"description\":\"La guerre civile place les enfants dans une situation d'urgence humanitaire encore plus grave, les privant ainsi de leurs droits humains fondamentaux.\",\"breadcrumb\":{\"@id\":\"https:\\\/\\\/www.humanium.org\\\/fr\\\/la-guerre-civile-au-soudan-une-crise-grave-humanitaire-pour-les-enfants\\\/#breadcrumb\"},\"inLanguage\":\"fr-FR\",\"potentialAction\":[{\"@type\":\"ReadAction\",\"target\":[\"https:\\\/\\\/www.humanium.org\\\/fr\\\/la-guerre-civile-au-soudan-une-crise-grave-humanitaire-pour-les-enfants\\\/\"]}]},{\"@type\":\"ImageObject\",\"inLanguage\":\"fr-FR\",\"@id\":\"https:\\\/\\\/www.humanium.org\\\/fr\\\/la-guerre-civile-au-soudan-une-crise-grave-humanitaire-pour-les-enfants\\\/#primaryimage\",\"url\":\"https:\\\/\\\/www.humanium.org\\\/fr\\\/wp-content\\\/uploads\\\/2023\\\/07\\\/shutterstock_594185294-scaled.jpg\",\"contentUrl\":\"https:\\\/\\\/www.humanium.org\\\/fr\\\/wp-content\\\/uploads\\\/2023\\\/07\\\/shutterstock_594185294-scaled.jpg\",\"width\":2560,\"height\":1714},{\"@type\":\"BreadcrumbList\",\"@id\":\"https:\\\/\\\/www.humanium.org\\\/fr\\\/la-guerre-civile-au-soudan-une-crise-grave-humanitaire-pour-les-enfants\\\/#breadcrumb\",\"itemListElement\":[{\"@type\":\"ListItem\",\"position\":1,\"name\":\"Home\",\"item\":\"https:\\\/\\\/www.humanium.org\\\/fr\\\/\"},{\"@type\":\"ListItem\",\"position\":2,\"name\":\"La guerre civile au Soudan : une crise grave humanitaire pour les enfants\"}]},{\"@type\":\"WebSite\",\"@id\":\"https:\\\/\\\/www.humanium.org\\\/fr\\\/#website\",\"url\":\"https:\\\/\\\/www.humanium.org\\\/fr\\\/\",\"name\":\"Humanium\",\"description\":\"Les enfants d\u2019abord !\",\"potentialAction\":[{\"@type\":\"SearchAction\",\"target\":{\"@type\":\"EntryPoint\",\"urlTemplate\":\"https:\\\/\\\/www.humanium.org\\\/fr\\\/?s={search_term_string}\"},\"query-input\":{\"@type\":\"PropertyValueSpecification\",\"valueRequired\":true,\"valueName\":\"search_term_string\"}}],\"inLanguage\":\"fr-FR\"},{\"@type\":\"Person\",\"@id\":\"https:\\\/\\\/www.humanium.org\\\/fr\\\/#\\\/schema\\\/person\\\/d798d6c7d59ba2307e0877f61a20ce3e\",\"name\":\"Humanium\",\"image\":{\"@type\":\"ImageObject\",\"inLanguage\":\"fr-FR\",\"@id\":\"https:\\\/\\\/secure.gravatar.com\\\/avatar\\\/22715e338d2fcc547e3a431c4738360d33fea2a4af458f865b2c3b22f1eaa51f?s=96&d=mm&r=g\",\"url\":\"https:\\\/\\\/secure.gravatar.com\\\/avatar\\\/22715e338d2fcc547e3a431c4738360d33fea2a4af458f865b2c3b22f1eaa51f?s=96&d=mm&r=g\",\"contentUrl\":\"https:\\\/\\\/secure.gravatar.com\\\/avatar\\\/22715e338d2fcc547e3a431c4738360d33fea2a4af458f865b2c3b22f1eaa51f?s=96&d=mm&r=g\",\"caption\":\"Humanium\"},\"url\":\"https:\\\/\\\/www.humanium.org\\\/fr\\\/author\\\/humanium\\\/\"}]}<\/script>\n<!-- \/ Yoast SEO plugin. -->","yoast_head_json":{"title":"La guerre civile au Soudan : une crise grave humanitaire pour les enfants - Humanium","description":"La guerre civile place les enfants dans une situation d'urgence humanitaire encore plus grave, les privant ainsi de leurs droits humains fondamentaux.","robots":{"index":"index","follow":"follow","max-snippet":"max-snippet:-1","max-image-preview":"max-image-preview:large","max-video-preview":"max-video-preview:-1"},"canonical":"https:\/\/www.humanium.org\/fr\/la-guerre-civile-au-soudan-une-crise-grave-humanitaire-pour-les-enfants\/","og_locale":"fr_FR","og_type":"article","og_title":"La guerre civile au Soudan : une crise grave humanitaire pour les enfants - Humanium","og_description":"La guerre civile place les enfants dans une situation d'urgence humanitaire encore plus grave, les privant ainsi de leurs droits humains fondamentaux.","og_url":"https:\/\/www.humanium.org\/fr\/la-guerre-civile-au-soudan-une-crise-grave-humanitaire-pour-les-enfants\/","og_site_name":"Humanium","article_published_time":"2023-07-11T21:12:43+00:00","article_modified_time":"2026-08-21T03:19:36+00:00","og_image":[{"width":2560,"height":1714,"url":"https:\/\/www.humanium.org\/fr\/wp-content\/uploads\/2023\/07\/shutterstock_594185294-scaled.jpg","type":"image\/jpeg"}],"author":"Humanium","twitter_card":"summary_large_image","twitter_misc":{"\u00c9crit par":"Humanium","Dur\u00e9e de lecture estim\u00e9e":"10 minutes"},"schema":{"@context":"https:\/\/schema.org","@graph":[{"@type":"Article","@id":"https:\/\/www.humanium.org\/fr\/la-guerre-civile-au-soudan-une-crise-grave-humanitaire-pour-les-enfants\/#article","isPartOf":{"@id":"https:\/\/www.humanium.org\/fr\/la-guerre-civile-au-soudan-une-crise-grave-humanitaire-pour-les-enfants\/"},"author":{"name":"Humanium","@id":"https:\/\/www.humanium.org\/fr\/#\/schema\/person\/d798d6c7d59ba2307e0877f61a20ce3e"},"headline":"La guerre civile au Soudan : une crise grave humanitaire pour les enfants","datePublished":"2023-07-11T21:12:43+00:00","dateModified":"2026-08-21T03:19:36+00:00","mainEntityOfPage":{"@id":"https:\/\/www.humanium.org\/fr\/la-guerre-civile-au-soudan-une-crise-grave-humanitaire-pour-les-enfants\/"},"wordCount":1975,"image":{"@id":"https:\/\/www.humanium.org\/fr\/la-guerre-civile-au-soudan-une-crise-grave-humanitaire-pour-les-enfants\/#primaryimage"},"thumbnailUrl":"https:\/\/www.humanium.org\/fr\/wp-content\/uploads\/2023\/07\/shutterstock_594185294-scaled.jpg","articleSection":["Droits des enfants","Droits humains","Exploitation","Pauvret\u00e9","violence"],"inLanguage":"fr-FR"},{"@type":"WebPage","@id":"https:\/\/www.humanium.org\/fr\/la-guerre-civile-au-soudan-une-crise-grave-humanitaire-pour-les-enfants\/","url":"https:\/\/www.humanium.org\/fr\/la-guerre-civile-au-soudan-une-crise-grave-humanitaire-pour-les-enfants\/","name":"La guerre civile au Soudan : une crise grave humanitaire pour les enfants - Humanium","isPartOf":{"@id":"https:\/\/www.humanium.org\/fr\/#website"},"primaryImageOfPage":{"@id":"https:\/\/www.humanium.org\/fr\/la-guerre-civile-au-soudan-une-crise-grave-humanitaire-pour-les-enfants\/#primaryimage"},"image":{"@id":"https:\/\/www.humanium.org\/fr\/la-guerre-civile-au-soudan-une-crise-grave-humanitaire-pour-les-enfants\/#primaryimage"},"thumbnailUrl":"https:\/\/www.humanium.org\/fr\/wp-content\/uploads\/2023\/07\/shutterstock_594185294-scaled.jpg","datePublished":"2023-07-11T21:12:43+00:00","dateModified":"2026-08-21T03:19:36+00:00","author":{"@id":"https:\/\/www.humanium.org\/fr\/#\/schema\/person\/d798d6c7d59ba2307e0877f61a20ce3e"},"description":"La guerre civile place les enfants dans une situation d'urgence humanitaire encore plus grave, les privant ainsi de leurs droits humains fondamentaux.","breadcrumb":{"@id":"https:\/\/www.humanium.org\/fr\/la-guerre-civile-au-soudan-une-crise-grave-humanitaire-pour-les-enfants\/#breadcrumb"},"inLanguage":"fr-FR","potentialAction":[{"@type":"ReadAction","target":["https:\/\/www.humanium.org\/fr\/la-guerre-civile-au-soudan-une-crise-grave-humanitaire-pour-les-enfants\/"]}]},{"@type":"ImageObject","inLanguage":"fr-FR","@id":"https:\/\/www.humanium.org\/fr\/la-guerre-civile-au-soudan-une-crise-grave-humanitaire-pour-les-enfants\/#primaryimage","url":"https:\/\/www.humanium.org\/fr\/wp-content\/uploads\/2023\/07\/shutterstock_594185294-scaled.jpg","contentUrl":"https:\/\/www.humanium.org\/fr\/wp-content\/uploads\/2023\/07\/shutterstock_594185294-scaled.jpg","width":2560,"height":1714},{"@type":"BreadcrumbList","@id":"https:\/\/www.humanium.org\/fr\/la-guerre-civile-au-soudan-une-crise-grave-humanitaire-pour-les-enfants\/#breadcrumb","itemListElement":[{"@type":"ListItem","position":1,"name":"Home","item":"https:\/\/www.humanium.org\/fr\/"},{"@type":"ListItem","position":2,"name":"La guerre civile au Soudan : une crise grave humanitaire pour les enfants"}]},{"@type":"WebSite","@id":"https:\/\/www.humanium.org\/fr\/#website","url":"https:\/\/www.humanium.org\/fr\/","name":"Humanium","description":"Les enfants d\u2019abord !","potentialAction":[{"@type":"SearchAction","target":{"@type":"EntryPoint","urlTemplate":"https:\/\/www.humanium.org\/fr\/?s={search_term_string}"},"query-input":{"@type":"PropertyValueSpecification","valueRequired":true,"valueName":"search_term_string"}}],"inLanguage":"fr-FR"},{"@type":"Person","@id":"https:\/\/www.humanium.org\/fr\/#\/schema\/person\/d798d6c7d59ba2307e0877f61a20ce3e","name":"Humanium","image":{"@type":"ImageObject","inLanguage":"fr-FR","@id":"https:\/\/secure.gravatar.com\/avatar\/22715e338d2fcc547e3a431c4738360d33fea2a4af458f865b2c3b22f1eaa51f?s=96&d=mm&r=g","url":"https:\/\/secure.gravatar.com\/avatar\/22715e338d2fcc547e3a431c4738360d33fea2a4af458f865b2c3b22f1eaa51f?s=96&d=mm&r=g","contentUrl":"https:\/\/secure.gravatar.com\/avatar\/22715e338d2fcc547e3a431c4738360d33fea2a4af458f865b2c3b22f1eaa51f?s=96&d=mm&r=g","caption":"Humanium"},"url":"https:\/\/www.humanium.org\/fr\/author\/humanium\/"}]}},"_links":{"self":[{"href":"https:\/\/www.humanium.org\/fr\/wp-json\/wp\/v2\/posts\/55323","targetHints":{"allow":["GET"]}}],"collection":[{"href":"https:\/\/www.humanium.org\/fr\/wp-json\/wp\/v2\/posts"}],"about":[{"href":"https:\/\/www.humanium.org\/fr\/wp-json\/wp\/v2\/types\/post"}],"author":[{"embeddable":true,"href":"https:\/\/www.humanium.org\/fr\/wp-json\/wp\/v2\/users\/69"}],"replies":[{"embeddable":true,"href":"https:\/\/www.humanium.org\/fr\/wp-json\/wp\/v2\/comments?post=55323"}],"version-history":[{"count":6,"href":"https:\/\/www.humanium.org\/fr\/wp-json\/wp\/v2\/posts\/55323\/revisions"}],"predecessor-version":[{"id":62623,"href":"https:\/\/www.humanium.org\/fr\/wp-json\/wp\/v2\/posts\/55323\/revisions\/62623"}],"wp:featuredmedia":[{"embeddable":true,"href":"https:\/\/www.humanium.org\/fr\/wp-json\/wp\/v2\/media\/55326"}],"wp:attachment":[{"href":"https:\/\/www.humanium.org\/fr\/wp-json\/wp\/v2\/media?parent=55323"}],"wp:term":[{"taxonomy":"category","embeddable":true,"href":"https:\/\/www.humanium.org\/fr\/wp-json\/wp\/v2\/categories?post=55323"},{"taxonomy":"post_tag","embeddable":true,"href":"https:\/\/www.humanium.org\/fr\/wp-json\/wp\/v2\/tags?post=55323"}],"curies":[{"name":"wp","href":"https:\/\/api.w.org\/{rel}","templated":true}]}}