{"id":55389,"date":"2023-07-25T11:48:12","date_gmt":"2023-07-25T11:48:12","guid":{"rendered":"https:\/\/www.humanium.org\/fr\/?p=55389"},"modified":"2026-08-21T03:19:48","modified_gmt":"2026-08-21T03:19:48","slug":"situation-cauchemardesque-pour-les-enfants-du-camp-de-refugies-de-zaatari-en-jordanie","status":"publish","type":"post","link":"https:\/\/www.humanium.org\/fr\/situation-cauchemardesque-pour-les-enfants-du-camp-de-refugies-de-zaatari-en-jordanie\/","title":{"rendered":"Situation cauchemardesque pour les enfants du camp de r\u00e9fugi\u00e9s de Za\u2019atari en Jordanie"},"content":{"rendered":"\n<p class=\"wp-block-paragraph\"><strong>Le camp de r\u00e9fugi\u00e9s de Za\u2019atari est le plus grand centre de r\u00e9fugi\u00e9s du <\/strong><a href=\"https:\/\/www.humanium.org\/fr\/moyen-orient-afrique-du-nord\/\"><strong>Moyen-Orient<\/strong><\/a><strong> et l\u2019un des plus grands au monde (DW, 2022). Selon les statistiques des Nations Unies, plus de la moiti\u00e9 des 81&nbsp;000 r\u00e9fugi\u00e9s vivant dans le camp de Za\u2019atari sont des mineurs (Aljazeera, 2016).&nbsp;Les enfants du camp sont victimes de violations de leurs droits fondamentaux et de graves privations de leurs besoins fondamentaux. Par cons\u00e9quent,les aspects ludiques de l\u2019enfance sont limit\u00e9s \u00e0 des zones sp\u00e9cifiques mises \u00e0 disposition par des organisations humanitaires.<\/strong><\/p>\n\n\n\n<h2 class=\"wp-block-heading\"><strong>Le camp de r\u00e9fugi\u00e9s de Za\u2019atari &#8211; un environnement peu s\u00fbr pour les enfants<\/strong><\/h2>\n\n\n\n<p class=\"wp-block-paragraph\">Le camp de r\u00e9fugi\u00e9s de Za\u2019atari, situ\u00e9 \u00e0 10 kilom\u00e8tres \u00e0 l\u2019est de Mafraq, a \u00e9t\u00e9 cr\u00e9\u00e9 le 28 juillet 2012 en Jordanie pour accueillir les Syriens d\u00e9plac\u00e9s par le conflit en cours en Syrie (Wikip\u00e9dia, 2023). Le camp de r\u00e9fugi\u00e9s de Za\u2019atari est le plus grand centre de r\u00e9fugi\u00e9s dans la r\u00e9gion du Moyen-Orient et l\u2019un des plus grands au monde (DW, 2022). D\u2019apr\u00e8s les statistiques des Nations Unies, plus de la moiti\u00e9 des 81&nbsp;000 r\u00e9fugi\u00e9s vivant dans le camp de Za\u2019atari sont des mineurs (Aljazeera, 2016). Plus de 20&nbsp;000 naissances ont \u00e9t\u00e9 enregistr\u00e9es \u00e0 Za\u2019atari, ce qui \u00e9quivaut approximativement \u00e0 40 naissances par semaine (Carlisle, 2022).<\/p>\n\n\n\n<p class=\"wp-block-paragraph\">La violation des droits de l\u2019enfant la plus grave dans le camp de r\u00e9fugi\u00e9s de Za\u2019atari est caract\u00e9ris\u00e9e par l\u2019ins\u00e9curit\u00e9 de l\u2019environnement lui-m\u00eame, ce qui&nbsp; entre en contradiction avec l\u2019article 22 de <a href=\"https:\/\/www.humanium.org\/fr\/convention\/\">la Convention des Nations Unies relative aux droits de l\u2019enfant<\/a>, qui pr\u00e9voit que les enfants doivent b\u00e9n\u00e9ficier d\u2019assistance et de protection dans les camps&nbsp; de r\u00e9fugi\u00e9s. <\/p>\n\n\n\n<p class=\"wp-block-paragraph\">Les enfants de Za\u2019atari sont expos\u00e9s \u00e0 des incidents de s\u00e9curit\u00e9, incitant les autorit\u00e9s jordaniennes \u00e0 augmenter le nombre d\u2019agents de s\u00e9curit\u00e9 dans le camp et \u00e0 mettre en place une \u00ab&nbsp;police de proximit\u00e9&nbsp;\u00bb (Aljazeera, 2016). De plus, cet environnement peu s\u00e9curisant n\u2019offre pas aux enfants le cadre optimal pour le d\u00e9veloppement de leur personnalit\u00e9 et le suivi de leur \u00e9volution (Alarabiya, 2013).<\/p>\n\n\n\n<h2 class=\"wp-block-heading\"><strong>Violations des droits fondamentaux de l\u2019enfant dans le camp de r\u00e9fugi\u00e9s de Za\u2019atari<\/strong><\/h2>\n\n\n\n<p class=\"wp-block-paragraph\">L\u2019autre <a href=\"https:\/\/www.humanium.org\/fr\/violence-physique-humiliation-privation-deau-le-sort-des-jeunes-palestiniens-detenus-par-israel\/\">violation<\/a> la plus grave des droits de l\u2019enfant dans le camp de Za\u2019atari est celle de leur droit \u00e0 la sant\u00e9. Les enfants manquent d\u2019hygi\u00e8ne car ils n\u2019ont pas acc\u00e8s \u00e0 de <a href=\"https:\/\/www.humanium.org\/fr\/situation-monde\/droit-a-l-eau\/\">l\u2019eau potable<\/a>, \u00e0 des d\u00e9tergents et \u00e0 des gels douche. Par ailleurs, l\u2019alimentation inad\u00e9quate constitue un autre aspect des violations du droit \u00e0 la sant\u00e9. Des sp\u00e9cialistes ont estim\u00e9 que la valeur nutritionnelle chez les enfants est insuffisante, ce qui am\u00e8ne les parents \u00e0 s\u2019inqui\u00e9ter des <a href=\"https:\/\/www.humanium.org\/fr\/enfants-malades\/\">maladies<\/a> potentielles en l\u2019absence des <a href=\"https:\/\/www.humanium.org\/fr\/guinee-equatoriale\/\">vaccinations <\/a>requises (Alarabiya, 2013).&nbsp;<\/p>\n\n\n\n<p class=\"wp-block-paragraph\">L\u2019eau est une ressource pr\u00e9cieuse dans le camp. On estime que 30&nbsp;% des m\u00e9nages interrog\u00e9s \u00e0 Za\u2019atari ont d\u00e9clar\u00e9 que l\u2019approvisionnement en eau ne r\u00e9pondait pas \u00e0 leurs besoins (Carlisle, 2022). L\u2019approvisionnement en \u00e9lectricit\u00e9 constitue une difficult\u00e9 suppl\u00e9mentaire. En 2017, une centrale solaire a \u00e9t\u00e9 construite pour alimenter le camp, mais sa capacit\u00e9 \u00e9tait insuffisante pour satisfaire les besoins de tous les r\u00e9sidents pendant plus de 11,5 heures par jour. Ces derniers mois, le HCR a \u00e9t\u00e9 contraint de r\u00e9duire cette dur\u00e9e \u00e0 neuf heures par jour afin de g\u00e9rer l\u2019augmentation des co\u00fbts de l\u2019\u00e9lectricit\u00e9 (HCR, 2022).&nbsp;<\/p>\n\n\n\n<p class=\"wp-block-paragraph\">Le droit \u00e0 l\u2019\u00e9ducation n\u2019est pas non plus une priorit\u00e9 pour de nombreuses organisations de secours et d\u2019aide humanitaire (Aljazeera, 2016). Les services \u00e9ducatifs du camp sont assur\u00e9s par seulement 15 \u00e9tablissements, lesquels accueillent 81&nbsp;000 r\u00e9fugi\u00e9s (Summers, 2017). Selon les estimations, 78&nbsp;% des enfants ne vont pas \u00e0 l\u2019\u00e9cole, tandis que les autres se plaignent de ch\u00e2timents corporels et de congestion nasale (Alarabiya, 2013).<\/p>\n\n\n\n<h2 class=\"wp-block-heading\"><strong>Les d\u00e9fis mentaux rencontr\u00e9s par les enfants dans le camp de Za\u2019atari<\/strong><\/h2>\n\n\n\n<figure class=\"wp-block-image size-large\"><img loading=\"lazy\" decoding=\"async\" width=\"1024\" height=\"683\" src=\"https:\/\/www.humanium.org\/fr\/wp-content\/uploads\/2023\/07\/shutterstock_1858172425-1024x683.jpg\" alt=\"\" class=\"wp-image-55391\" srcset=\"https:\/\/www.humanium.org\/fr\/wp-content\/uploads\/2023\/07\/shutterstock_1858172425-1024x683.jpg 1024w, https:\/\/www.humanium.org\/fr\/wp-content\/uploads\/2023\/07\/shutterstock_1858172425-300x200.jpg 300w, https:\/\/www.humanium.org\/fr\/wp-content\/uploads\/2023\/07\/shutterstock_1858172425-768x512.jpg 768w, https:\/\/www.humanium.org\/fr\/wp-content\/uploads\/2023\/07\/shutterstock_1858172425-1536x1024.jpg 1536w, https:\/\/www.humanium.org\/fr\/wp-content\/uploads\/2023\/07\/shutterstock_1858172425-2048x1365.jpg 2048w, https:\/\/www.humanium.org\/fr\/wp-content\/uploads\/2023\/07\/shutterstock_1858172425-830x553.jpg 830w, https:\/\/www.humanium.org\/fr\/wp-content\/uploads\/2023\/07\/shutterstock_1858172425-230x153.jpg 230w, https:\/\/www.humanium.org\/fr\/wp-content\/uploads\/2023\/07\/shutterstock_1858172425-350x233.jpg 350w, https:\/\/www.humanium.org\/fr\/wp-content\/uploads\/2023\/07\/shutterstock_1858172425-480x320.jpg 480w, https:\/\/www.humanium.org\/fr\/wp-content\/uploads\/2023\/07\/shutterstock_1858172425-272x182.jpg 272w\" sizes=\"auto, (max-width: 1024px) 100vw, 1024px\" \/><\/figure>\n\n\n\n<p class=\"wp-block-paragraph\">En plus des d\u00e9fis physiques, les <a href=\"https:\/\/www.humanium.org\/fr\/droits-enfant\/\">enfants<\/a> de Za\u2019atari font \u00e9galement face \u00e0 des obstacles sur le plan psychologique. Plus de 60&nbsp;000 enfants dans le camp de Za\u2019atari ont de nombreux probl\u00e8mes, dont le plus important est la d\u00e9t\u00e9rioration de leur sant\u00e9 mentale (Al-aljoumhouria, 2013). <\/p>\n\n\n\n<p class=\"wp-block-paragraph\">De plus, les soins m\u00e9dicaux font cruellement d\u00e9faut en raison de la p\u00e9nurie de personnel m\u00e9dical qualifi\u00e9 et des produits pharmaceutiques (Aljazeera, 2016). Selon le HCR, seulement huit \u00e9tablissements m\u00e9dicaux traitent gratuitement 81&nbsp;000 personnes. Chaque mois, environ 250 consultations m\u00e9dicales sont assur\u00e9es (HCR,&nbsp; 2022).<\/p>\n\n\n\n<p class=\"wp-block-paragraph\"><a href=\"https:\/\/www.humanium.org\/fr\/travail-des-enfants\/\">Le travail des enfants<\/a> a \u00e9galement \u00e9t\u00e9 consid\u00e9r\u00e9 comme une violation des droits fondamentaux des enfants dans le camp de Za\u2019atari, les emp\u00eachant de r\u00e9aliser pleinement leur potentiel de d\u00e9veloppement. Dans le pire des cas, le travail des enfants met en p\u00e9ril la sant\u00e9 physique, mentale et \u00e9motionnelle ainsi que la vie des enfants.&nbsp;<\/p>\n\n\n\n<p class=\"wp-block-paragraph\">En 2014, le bureau jordanien de Save the Children International (SCI) et <a href=\"https:\/\/www.humanium.org\/fr\/tag\/unicef\/\">l\u2019UNICEF<\/a> Jordanie ont men\u00e9 une \u00e9tude approfondie sur le ph\u00e9nom\u00e8ne extr\u00eamement visible du travail des enfants parmi les <a href=\"https:\/\/www.humanium.org\/fr\/les-enfants-refugies-syriens-une-generation-perdue\/\">r\u00e9fugi\u00e9s<\/a> de Za\u2019atari. L\u2019enqu\u00eate, qui portait sur des adolescents de 7 \u00e0 17 ans issus de 518 foyers, a montr\u00e9 que 69&nbsp;% des enfants du camp ont travaill\u00e9 comme des adultes. De plus, des recommandations d\u00e9taill\u00e9es et sp\u00e9cifiques concernant les besoins \u00e0 court, moyen et long terme sont fournies en r\u00e9ponse aux conclusions de l\u2019enqu\u00eate (Save the Children, 2014).<\/p>\n\n\n\n<h2 class=\"wp-block-heading\"><strong>Un manque substantiel d\u2019aide internationale&nbsp;<\/strong><\/h2>\n\n\n\n<p class=\"wp-block-paragraph\">Un autre obstacle important \u00e0 la mise en \u0153uvre des droits fondamentaux des enfants dans le camp est le d\u00e9clin de l\u2019aide internationale. M\u00eame si les organisations internationales qui s\u2019occupent du bien-\u00eatre des enfants font&nbsp; des efforts consid\u00e9rables, ceux-ci sont insuffisants par rapport au grand nombre d\u2019enfants pr\u00e9sents dans le camp. <\/p>\n\n\n\n<p class=\"wp-block-paragraph\">Les familles de r\u00e9fugi\u00e9s dans les camps d\u00e9pendent enti\u00e8rement de l\u2019aide, tandis que le minist\u00e8re jordanien de la planification et de la coop\u00e9ration internationale fait \u00e9tat d\u2019une r\u00e9duction substantielle du financement du plan de r\u00e9ponse du pays face \u00e0 la crise <a href=\"https:\/\/www.humanium.org\/fr\/syrie\/\">syrienne<\/a>.&nbsp;<\/p>\n\n\n\n<p class=\"wp-block-paragraph\">En 2016, 62&nbsp;% des exigences \u00e9taient satisfaites, selon les statistiques officielles, tandis qu\u2019en 2019, ce pourcentage est descendu \u00e0 50&nbsp;%. En 2021, cela a de nouveau chang\u00e9, retombant \u00e0 30&nbsp;% (Fodelat, 2023). En l\u2019absence d\u2019aide internationale, un pays aux ressources limit\u00e9es comme la <a href=\"https:\/\/www.humanium.org\/fr\/jordanie\/\">Jordanie<\/a> ne sera pas en mesure de faire face aux taux croissants de <a href=\"https:\/\/www.humanium.org\/fr\/droit-a-l-alimentation-3\/\">faim<\/a>, de <a href=\"https:\/\/www.humanium.org\/fr\/pauvrete\/\">pauvret\u00e9<\/a>, de <a href=\"https:\/\/www.humanium.org\/fr\/travail-des-enfants\/\">travail des enfants<\/a> et aux probl\u00e8mes de s\u00e9curit\u00e9.<\/p>\n\n\n\n<h2 class=\"wp-block-heading\"><strong>Les \u00ab&nbsp;espaces s\u00e9curis\u00e9s&nbsp;\u00bb &#8211; la seule zone de joie pour les enfants dans le camp<\/strong><\/h2>\n\n\n\n<p class=\"wp-block-paragraph\">Dans le camp, les organisations humanitaires ont cr\u00e9\u00e9 des \u00ab&nbsp;espaces s\u00e9curis\u00e9s\u00bb pour que les <a href=\"https:\/\/www.humanium.org\/fr\/droits-enfant\/\">enfants<\/a> puissent avoir des moments de vie joyeux. Les volontaires s\u2019adonnent \u00e0 des activit\u00e9s divertissantes telles que le dessin et le jeu. Les enfants ont besoin de ces outils pour d\u00e9velopper leur r\u00e9silience, leur immunit\u00e9 et leur capacit\u00e9 d\u2019adaptation (Borges, 2019). Il s\u2019agit de la premi\u00e8re aire de jeux pour enfants dans le camp de Za\u2019atari qui soit accessible \u00e0 tous. L\u2019aire de jeux a \u00e9t\u00e9 con\u00e7ue et am\u00e9nag\u00e9e pour permettre aux enfants avec ou sans <a href=\"https:\/\/www.humanium.org\/fr\/enfants-touches-par-le-handicap\/\">handicap<\/a> de jouer ensemble.<\/p>\n\n\n\n<p class=\"wp-block-paragraph\">Des organisations humanitaires travaillent \u00e9galement dans ces zones pour soutenir des artistes <a href=\"https:\/\/www.humanium.org\/fr\/enfants-refugies-de-syrie-2\/\">r\u00e9fugi\u00e9s syriens<\/a> en leur proposant des ateliers de renforcement de leurs capacit\u00e9s et des opportunit\u00e9s de travailler dans leur domaine, en faisant participer les enfants du camp \u00e0 des discussions et \u00e0 des cr\u00e9ations artistiques sur les questions sociales syriennes, leur d\u00e9sir de retourner en&nbsp; <a href=\"https:\/\/www.humanium.org\/fr\/syrie\/\">Syrie<\/a>, leurs espoirs pour l\u2019avenir et leur situation difficile de <a href=\"https:\/\/www.humanium.org\/fr\/autres\/convention-statut-refugies\/\">r\u00e9fugi\u00e9s<\/a>.<\/p>\n\n\n\n<p class=\"wp-block-paragraph\">Les <a href=\"https:\/\/www.humanium.org\/fr\/droits-enfant\/\">enfants<\/a> collaborent aussi \u00e0 des activit\u00e9s artistiques visant \u00e0 r\u00e9duire les tensions et \u00e0 favoriser la coh\u00e9sion sociale sur ces lieux. Des centaines d\u2019enfants ont eu l\u2019occasion d\u2019exprimer leur propre cr\u00e9ativit\u00e9 en peignant des fresques murales dans des abris pour r\u00e9fugi\u00e9s et des communaut\u00e9s d\u2019accueil, apportant ainsi de la couleur et de la vie \u00e0 cet endroit d\u00e9sol\u00e9.<\/p>\n\n\n\n<h2 class=\"wp-block-heading\"><strong>Que faire pour am\u00e9liorer les conditions des enfants dans le camp de Za\u2019atari&nbsp;?<\/strong><\/h2>\n\n\n\n<p class=\"wp-block-paragraph\">La communaut\u00e9 internationale doit soutenir l\u2019engagement du gouvernement <a href=\"https:\/\/www.humanium.org\/fr\/jordanie\/\">jordanien<\/a> pour aider les enfants du camp. L\u2019accent doit \u00eatre mis sur la <a href=\"https:\/\/www.humanium.org\/fr\/programme-sante\/\">sant\u00e9<\/a> avec la mise en place de services de pr\u00e9vention de la sant\u00e9, y compris un acc\u00e8s suffisant aux soins de sant\u00e9 mentale, l\u2019accroissement du nombre d\u2019infrastructures m\u00e9dicales et de sp\u00e9cialistes, et le ravitaillement en vaccins n\u00e9cessaires.<\/p>\n\n\n\n<p class=\"wp-block-paragraph\">En portant secours aux <a href=\"https:\/\/www.humanium.org\/fr\/droits-enfant\/\">enfants<\/a>, les organisations humanitaires devraient \u00e9galement mettre l\u2019accent sur <a href=\"https:\/\/www.humanium.org\/fr\/comprendre-droits-enfant\/droit-a-l-education\/\">l\u2019\u00e9ducation<\/a> en aidant les autorit\u00e9s locales \u00e0 cr\u00e9er de nouveaux \u00e9tablissements, en augmentant le nombre d\u2019experts et d\u2019assistants p\u00e9dagogiques comp\u00e9tents ainsi que le nombre de classes de maternelle. <\/p>\n\n\n\n<p class=\"wp-block-paragraph\">La petite enfance est une p\u00e9riode essentielle lors de laquelle les enfants d\u00e9veloppent des capacit\u00e9s sociales et cognitives cl\u00e9s qui leur seront utiles tout au long de leur croissance. De plus, il conviendrait d\u2019enrichir les \u00ab&nbsp;espaces s\u00e9curis\u00e9s&nbsp;\u00bb en proposant diverses activit\u00e9s dans lesquelles les enfants peuvent interagir, jouer et gu\u00e9rir d\u2019\u00e9v\u00e9nements traumatisants.<\/p>\n\n\n\n<p class=\"wp-block-paragraph\">Humanium plaide depuis longtemps pour une soci\u00e9t\u00e9 dans laquelle les droits de l\u2019enfant sont reconnus et prot\u00e9g\u00e9s et dans laquelle aucun enfant n\u2019est jamais victime de violation ou de privation. Humanium travaille pour offrir un avenir plus s\u00fbr et plus radieux aux&nbsp; enfants r\u00e9fugi\u00e9s en sensibilisant \u00e0 leurs droits et \u00e0 la n\u00e9cessit\u00e9 de mettre fin aux violations des droits de l\u2019enfant.&nbsp;<\/p>\n\n\n\n<figure class=\"wp-block-image size-large\"><img loading=\"lazy\" decoding=\"async\" width=\"1024\" height=\"683\" src=\"https:\/\/www.humanium.org\/fr\/wp-content\/uploads\/2023\/07\/shutterstock_643539505-1024x683.jpg\" alt=\"\" class=\"wp-image-55390\" srcset=\"https:\/\/www.humanium.org\/fr\/wp-content\/uploads\/2023\/07\/shutterstock_643539505-1024x683.jpg 1024w, https:\/\/www.humanium.org\/fr\/wp-content\/uploads\/2023\/07\/shutterstock_643539505-300x200.jpg 300w, https:\/\/www.humanium.org\/fr\/wp-content\/uploads\/2023\/07\/shutterstock_643539505-768x512.jpg 768w, https:\/\/www.humanium.org\/fr\/wp-content\/uploads\/2023\/07\/shutterstock_643539505-1536x1024.jpg 1536w, https:\/\/www.humanium.org\/fr\/wp-content\/uploads\/2023\/07\/shutterstock_643539505-2048x1365.jpg 2048w, https:\/\/www.humanium.org\/fr\/wp-content\/uploads\/2023\/07\/shutterstock_643539505-830x553.jpg 830w, https:\/\/www.humanium.org\/fr\/wp-content\/uploads\/2023\/07\/shutterstock_643539505-230x153.jpg 230w, https:\/\/www.humanium.org\/fr\/wp-content\/uploads\/2023\/07\/shutterstock_643539505-350x233.jpg 350w, https:\/\/www.humanium.org\/fr\/wp-content\/uploads\/2023\/07\/shutterstock_643539505-480x320.jpg 480w, https:\/\/www.humanium.org\/fr\/wp-content\/uploads\/2023\/07\/shutterstock_643539505-272x182.jpg 272w\" sizes=\"auto, (max-width: 1024px) 100vw, 1024px\" \/><\/figure>\n\n\n\n<p class=\"wp-block-paragraph\">De plus, Humanium travaille sans rel\u00e2che \u00e0 collecter de l\u2019aide dans le monde entier afin de soulager leur d\u00e9tresse et de leur fournir un environnement enrichissant. Gr\u00e2ce \u00e0 votre aide, nous pourrons changer les choses. N\u2019h\u00e9sitez pas \u00e0 faire un don, \u00e0 <a href=\"https:\/\/www.humanium.org\/fr\/comprendre\/\">parrainer un enfant<\/a> ou \u00e0 faire du b\u00e9n\u00e9volat pour nous aider \u00e0 rendre le monde meilleur pour les enfants. Vous nous \u00eates d\u2019une grande aide&nbsp;!<\/p>\n\n\n\n<p class=\"wp-block-paragraph\"><em><strong>Ecrit par Malak Rababa<\/strong><\/em><\/p>\n\n\n\n<p class=\"wp-block-paragraph\"><em><strong>Traduit par Claire Deschamps-Jungbluth<\/strong><\/em><\/p>\n\n\n\n<p class=\"wp-block-paragraph\"><em><strong>Relu par Elisa Lorcy<\/strong><\/em><\/p>\n\n\n\n<h4 class=\"wp-block-heading\"><strong>R\u00e9f\u00e9rences&nbsp;:<\/strong><\/h4>\n\n\n\n<p class=\"has-small-font-size wp-block-paragraph\">Al-aljoumhouria. (2013, August 10). The children of Zaatari camp suffer from the deterioration of their psychological state. Retrieved from Aljoumhouria at&nbsp; <a href=\"https:\/\/www.aljoumhouria.com\/ar\/news\/-\" target=\"_blank\" rel=\"noreferrer noopener\">https:\/\/www.aljoumhouria.com\/ar\/news\/-<\/a>, accessed on May 14, 2023.<\/p>\n\n\n\n<p class=\"has-small-font-size wp-block-paragraph\">Alarabiya. (2013, July 30).&nbsp;Zaatari camp: 60,000 children suffer from health and psychological problems. Retrieved from Alarabiya at &nbsp;<a href=\"https:\/\/www.alarabiya.net\/arab-\" target=\"_blank\" rel=\"noreferrer noopener\">https:\/\/www.alarabiya.net\/arab-<\/a>, accessed on May 14, 2023.<\/p>\n\n\n\n<p class=\"has-small-font-size wp-block-paragraph\">Aljazeera. (2016, March 13). Zaatari refugee camp: the largest refugee camp in the Arab world and the second in the world. Retrieved from Aljazeera at <a href=\"https:\/\/www.aljazeera.net\/encyclopedia\/\" target=\"_blank\" rel=\"noreferrer noopener\">https:\/\/www.aljazeera.net\/encyclopedia\/<\/a>, accessed on May 14, 2023.<\/p>\n\n\n\n<p class=\"has-small-font-size wp-block-paragraph\">Amman Net. (2013, May 8).&nbsp;Who deprives Zaatari children of education?. Retrieved from Amman Net at &nbsp;<a href=\"https:\/\/ammannet.net\/\" target=\"_blank\" rel=\"noreferrer noopener\">https:\/\/ammannet.net\/<\/a>, accessed on May 14, 20123.<\/p>\n\n\n\n<p class=\"has-small-font-size wp-block-paragraph\">Borges, A., &amp; Abou Chacra, &amp; R. (2019, January 31). Zaatari Camp: How do Syrian refugee children live,&nbsp; and do they need a \u201csafe area.\u201d&nbsp; Retrieved from Arabic Euro News at <a href=\"https:\/\/arabic.euronews.com\/2019\/01\/31\/zaatari-s\" target=\"_blank\" rel=\"noreferrer noopener\">https:\/\/arabic.euronews.com\/2019\/01\/31\/zaatari-s<\/a>, accessed on May 14, 2023.<\/p>\n\n\n\n<p class=\"has-small-font-size wp-block-paragraph\">Carlisle, L. (2022, July 29). Jordan\u2019s Za\u2019atari refugee camp: 10 facts at 10 years. Retrieved from UNHCR at <a href=\"https:\/\/www.unhcr.org\/ar\/\" target=\"_blank\" rel=\"noreferrer noopener\">https:\/\/www.unhcr.org\/ar\/<\/a>, accessed on May 29, 2023.<\/p>\n\n\n\n<p class=\"has-small-font-size wp-block-paragraph\">DW. (2022, October 3). They spent their lives in the Zaatari camp, Syrian children ask: What is Syria.Retrieved from DW at&nbsp; <a href=\"https:\/\/www.dw.com\/ar\/%25\" target=\"_blank\" rel=\"noreferrer noopener\">https:\/\/www.dw.com\/ar\/%<\/a>, accessed on May 14, 2023.<\/p>\n\n\n\n<p class=\"has-small-font-size wp-block-paragraph\">Fodelat, A. (2023, July 24). Funding only 10% of its needs: 10 years of establishing the \u201cZaatari\u201d camp, and donors turning their backs. Retrieved from Aljazeera at <a href=\"https:\/\/www.aljazeera.net\" target=\"_blank\" rel=\"noreferrer noopener\">https:\/\/www.aljazeera.net<\/a>, accessed on May 14, 2023.<\/p>\n\n\n\n<p class=\"has-small-font-size wp-block-paragraph\">Joelartista. (n.d.). The Syrian Refugee art initiative. Retrieved from Joelartista at&nbsp; <a href=\"https:\/\/joelartista.com\/syrian-refugees\" target=\"_blank\" rel=\"noreferrer noopener\">https:\/\/joelartista.com\/syrian-refugees<\/a>, accessed on May 15, 2023.<\/p>\n\n\n\n<p class=\"has-small-font-size wp-block-paragraph\">McKeever, C. (2018, December 20). Inclusive playground opens in Za\u2019atari refugee camp. Retrieved from UNICEF at <a href=\"https:\/\/www.unicef.org\/jordan\/stories\/inclusive\" target=\"_blank\" rel=\"noreferrer noopener\">https:\/\/www.unicef.org\/jordan\/stories\/inclusive<\/a>, accessed on May 15, 2023.<\/p>\n\n\n\n<p class=\"has-small-font-size wp-block-paragraph\">Petra. (2021, March 23). Launching an initiative to support the children and families of the Zaatari camp. Retrieved from Petra at&nbsp; <a href=\"https:\/\/petra.gov.jo\/Include\/InnerPage.jsp?ID=58961&amp;la\" target=\"_blank\" rel=\"noreferrer noopener\">https:\/\/petra.gov.jo\/Include\/InnerPage.jsp?ID=58961&amp;la<\/a>, accessed on May 14, 2023.<\/p>\n\n\n\n<p class=\"has-small-font-size wp-block-paragraph\">Savethechildren. (2014). Baseline Assessment of Child Labour among Syrian Refugees in Za\u2019atari Refugee Camp \u2013 Jordan.&nbsp; Retrieved from Save the children at <a href=\"https:\/\/resourcecentre.savethechildren.net\" target=\"_blank\" rel=\"noreferrer noopener\">https:\/\/resourcecentre.savethechildren.net<\/a>, accessed on May 15, 2023.<\/p>\n\n\n\n<p class=\"has-small-font-size wp-block-paragraph\">Slemrod, A. (Ed.). (2022, November 22). For Syrians in Jordan\u2019s Za\u2019atari camp, aid money doesn\u2019t buy what it used to. Retrieved from The New Humanitarian at <a href=\"https:\/\/www.thenewhumanitarian.org\/\" target=\"_blank\" rel=\"noreferrer noopener\">https:\/\/www.thenewhumanitarian.org\/<\/a>, accessed on May 15, 2023.<\/p>\n\n\n\n<p class=\"has-small-font-size wp-block-paragraph\">Summers, H. (2017, July 29). Thousands of Syrian children in Jordan\u2019s Za\u2019atari camp missing out on education. Retrieved from The Guardian at <a href=\"https:\/\/www.theguardian.com\/global-development\/2017\/ju\" target=\"_blank\" rel=\"noreferrer noopener\">https:\/\/www.theguardian.com\/global-development\/2017\/ju<\/a>, accessed on May 15, 2023.<\/p>\n\n\n\n<p class=\"has-small-font-size wp-block-paragraph\">UNCRC. (1989, November 20).&nbsp;Convention on the Rights of the Child. Retrieved from OHCHR at &nbsp;<a href=\"https:\/\/www.ohchr.org\/en\/instruments\" target=\"_blank\" rel=\"noreferrer noopener\">https:\/\/www.ohchr.org\/en\/instruments<\/a>, accessed on May 15, 2023.<\/p>\n\n\n\n<p class=\"has-small-font-size wp-block-paragraph\">UNHCR. (2022, July 29). Durable solutions required for Syrian refugees in Jordan as Za\u2019atari camp turns 10. Retrieved from UNHCR at <a href=\"https:\/\/www.unhcr.org\/ar\/62e3b82b4\" target=\"_blank\" rel=\"noreferrer noopener\">https:\/\/www.unhcr.org\/ar\/62e3b82b4<\/a>, accessed on May 15, 2023.<\/p>\n\n\n\n<p class=\"has-small-font-size wp-block-paragraph\">Unicef. (2019, March 12). Best start to education for thousands of preschool children in Za\u2019atari and Azraq refugee camps. Retrieved from UNICEF at&nbsp; <a href=\"https:\/\/www.unicef.org\/jordan\/\" target=\"_blank\" rel=\"noreferrer noopener\">https:\/\/www.unicef.org\/jordan\/<\/a>, accessed on May 15, 2023.<\/p>\n\n\n\n<p class=\"has-small-font-size wp-block-paragraph\">WHO. (n.d.). The children of Al Zaatari. Retrieved from EMRO at&nbsp; <a href=\"https:\/\/www.emro.who.int\/jor\/jordan-news\" target=\"_blank\" rel=\"noreferrer noopener\">https:\/\/www.emro.who.int\/jor\/jordan-news<\/a>, accessed on May 15, 2023.<\/p>\n\n\n\n<p class=\"has-small-font-size wp-block-paragraph\">Wikipedia. (2023). Zaatari refugee camp.&nbsp; Retrieved from Wikipedia at <a href=\"https:\/\/en.m.wikipedia.org\/wiki\/Zaatari_refugee_camp\" target=\"_blank\" rel=\"noreferrer noopener\">https:\/\/en.m.wikipedia.org\/wiki\/Zaatari_refugee_camp<\/a>, accessed on May 15, 2023.<\/p>\n","protected":false},"excerpt":{"rendered":"<p>Le camp de r\u00e9fugi\u00e9s de Za\u2019atari est le plus grand centre de r\u00e9fugi\u00e9s du Moyen-Orient et l\u2019un des plus grands au monde (DW, 2022). Selon les statistiques des Nations Unies, plus de la moiti\u00e9 des 81&nbsp;000 r\u00e9fugi\u00e9s vivant dans le camp de Za\u2019atari sont des mineurs (Aljazeera, 2016).&nbsp;Les enfants du camp sont victimes de violations [&hellip;]<\/p>\n","protected":false},"author":69,"featured_media":55392,"comment_status":"closed","ping_status":"closed","sticky":false,"template":"","format":"standard","meta":{"footnotes":""},"categories":[220,4,233,236,215,10],"tags":[],"class_list":["post-55389","post","type-post","status-publish","format-standard","has-post-thumbnail","hentry","category-droits-des-enfants","category-droits-humains","category-exploitation","category-migration","category-refugies","category-sante"],"yoast_head":"<!-- This site is optimized with the Yoast SEO plugin v28.3 - https:\/\/yoast.com\/product\/yoast-seo-wordpress\/ -->\n<title>Situation cauchemardesque pour les enfants du camp de r\u00e9fugi\u00e9s de Za\u2019atari en Jordanie - Humanium<\/title>\n<meta name=\"description\" content=\"Les enfants du camp de r\u00e9fugi\u00e9s de Zaatari sont victimes de violations de leurs droits fondamentaux et de privations de leurs besoins.\" \/>\n<meta name=\"robots\" content=\"index, follow, max-snippet:-1, max-image-preview:large, max-video-preview:-1\" \/>\n<link rel=\"canonical\" href=\"https:\/\/www.humanium.org\/fr\/situation-cauchemardesque-pour-les-enfants-du-camp-de-refugies-de-zaatari-en-jordanie\/\" \/>\n<meta property=\"og:locale\" content=\"fr_FR\" \/>\n<meta property=\"og:type\" content=\"article\" \/>\n<meta property=\"og:title\" content=\"Situation cauchemardesque pour les enfants du camp de r\u00e9fugi\u00e9s de Za\u2019atari en Jordanie - Humanium\" \/>\n<meta property=\"og:description\" content=\"Les enfants du camp de r\u00e9fugi\u00e9s de Zaatari sont victimes de violations de leurs droits fondamentaux et de privations de leurs besoins.\" \/>\n<meta property=\"og:url\" content=\"https:\/\/www.humanium.org\/fr\/situation-cauchemardesque-pour-les-enfants-du-camp-de-refugies-de-zaatari-en-jordanie\/\" \/>\n<meta property=\"og:site_name\" content=\"Humanium\" \/>\n<meta property=\"article:published_time\" content=\"2023-07-25T11:48:12+00:00\" \/>\n<meta property=\"article:modified_time\" content=\"2026-08-21T03:19:48+00:00\" \/>\n<meta property=\"og:image\" content=\"https:\/\/www.humanium.org\/fr\/wp-content\/uploads\/2023\/07\/shutterstock_369471137-scaled.jpg\" \/>\n\t<meta property=\"og:image:width\" content=\"2560\" \/>\n\t<meta property=\"og:image:height\" content=\"1707\" \/>\n\t<meta property=\"og:image:type\" content=\"image\/jpeg\" \/>\n<meta name=\"author\" content=\"Humanium\" \/>\n<meta name=\"twitter:card\" content=\"summary_large_image\" \/>\n<meta name=\"twitter:label1\" content=\"\u00c9crit par\" \/>\n\t<meta name=\"twitter:data1\" content=\"Humanium\" \/>\n\t<meta name=\"twitter:label2\" content=\"Dur\u00e9e de lecture estim\u00e9e\" \/>\n\t<meta name=\"twitter:data2\" content=\"11 minutes\" \/>\n<script type=\"application\/ld+json\" class=\"yoast-schema-graph\">{\"@context\":\"https:\\\/\\\/schema.org\",\"@graph\":[{\"@type\":\"Article\",\"@id\":\"https:\\\/\\\/www.humanium.org\\\/fr\\\/situation-cauchemardesque-pour-les-enfants-du-camp-de-refugies-de-zaatari-en-jordanie\\\/#article\",\"isPartOf\":{\"@id\":\"https:\\\/\\\/www.humanium.org\\\/fr\\\/situation-cauchemardesque-pour-les-enfants-du-camp-de-refugies-de-zaatari-en-jordanie\\\/\"},\"author\":{\"name\":\"Humanium\",\"@id\":\"https:\\\/\\\/www.humanium.org\\\/fr\\\/#\\\/schema\\\/person\\\/d798d6c7d59ba2307e0877f61a20ce3e\"},\"headline\":\"Situation cauchemardesque pour les enfants du camp de r\u00e9fugi\u00e9s de Za\u2019atari en Jordanie\",\"datePublished\":\"2023-07-25T11:48:12+00:00\",\"dateModified\":\"2026-08-21T03:19:48+00:00\",\"mainEntityOfPage\":{\"@id\":\"https:\\\/\\\/www.humanium.org\\\/fr\\\/situation-cauchemardesque-pour-les-enfants-du-camp-de-refugies-de-zaatari-en-jordanie\\\/\"},\"wordCount\":2296,\"image\":{\"@id\":\"https:\\\/\\\/www.humanium.org\\\/fr\\\/situation-cauchemardesque-pour-les-enfants-du-camp-de-refugies-de-zaatari-en-jordanie\\\/#primaryimage\"},\"thumbnailUrl\":\"https:\\\/\\\/www.humanium.org\\\/fr\\\/wp-content\\\/uploads\\\/2023\\\/07\\\/shutterstock_369471137-scaled.jpg\",\"articleSection\":[\"Droits des enfants\",\"Droits humains\",\"Exploitation\",\"Migration\",\"R\u00e9fugi\u00e9s\",\"Sant\u00e9\"],\"inLanguage\":\"fr-FR\"},{\"@type\":\"WebPage\",\"@id\":\"https:\\\/\\\/www.humanium.org\\\/fr\\\/situation-cauchemardesque-pour-les-enfants-du-camp-de-refugies-de-zaatari-en-jordanie\\\/\",\"url\":\"https:\\\/\\\/www.humanium.org\\\/fr\\\/situation-cauchemardesque-pour-les-enfants-du-camp-de-refugies-de-zaatari-en-jordanie\\\/\",\"name\":\"Situation cauchemardesque pour les enfants du camp de r\u00e9fugi\u00e9s de Za\u2019atari en Jordanie - Humanium\",\"isPartOf\":{\"@id\":\"https:\\\/\\\/www.humanium.org\\\/fr\\\/#website\"},\"primaryImageOfPage\":{\"@id\":\"https:\\\/\\\/www.humanium.org\\\/fr\\\/situation-cauchemardesque-pour-les-enfants-du-camp-de-refugies-de-zaatari-en-jordanie\\\/#primaryimage\"},\"image\":{\"@id\":\"https:\\\/\\\/www.humanium.org\\\/fr\\\/situation-cauchemardesque-pour-les-enfants-du-camp-de-refugies-de-zaatari-en-jordanie\\\/#primaryimage\"},\"thumbnailUrl\":\"https:\\\/\\\/www.humanium.org\\\/fr\\\/wp-content\\\/uploads\\\/2023\\\/07\\\/shutterstock_369471137-scaled.jpg\",\"datePublished\":\"2023-07-25T11:48:12+00:00\",\"dateModified\":\"2026-08-21T03:19:48+00:00\",\"author\":{\"@id\":\"https:\\\/\\\/www.humanium.org\\\/fr\\\/#\\\/schema\\\/person\\\/d798d6c7d59ba2307e0877f61a20ce3e\"},\"description\":\"Les enfants du camp de r\u00e9fugi\u00e9s de Zaatari sont victimes de violations de leurs droits fondamentaux et de privations de leurs besoins.\",\"breadcrumb\":{\"@id\":\"https:\\\/\\\/www.humanium.org\\\/fr\\\/situation-cauchemardesque-pour-les-enfants-du-camp-de-refugies-de-zaatari-en-jordanie\\\/#breadcrumb\"},\"inLanguage\":\"fr-FR\",\"potentialAction\":[{\"@type\":\"ReadAction\",\"target\":[\"https:\\\/\\\/www.humanium.org\\\/fr\\\/situation-cauchemardesque-pour-les-enfants-du-camp-de-refugies-de-zaatari-en-jordanie\\\/\"]}]},{\"@type\":\"ImageObject\",\"inLanguage\":\"fr-FR\",\"@id\":\"https:\\\/\\\/www.humanium.org\\\/fr\\\/situation-cauchemardesque-pour-les-enfants-du-camp-de-refugies-de-zaatari-en-jordanie\\\/#primaryimage\",\"url\":\"https:\\\/\\\/www.humanium.org\\\/fr\\\/wp-content\\\/uploads\\\/2023\\\/07\\\/shutterstock_369471137-scaled.jpg\",\"contentUrl\":\"https:\\\/\\\/www.humanium.org\\\/fr\\\/wp-content\\\/uploads\\\/2023\\\/07\\\/shutterstock_369471137-scaled.jpg\",\"width\":2560,\"height\":1707},{\"@type\":\"BreadcrumbList\",\"@id\":\"https:\\\/\\\/www.humanium.org\\\/fr\\\/situation-cauchemardesque-pour-les-enfants-du-camp-de-refugies-de-zaatari-en-jordanie\\\/#breadcrumb\",\"itemListElement\":[{\"@type\":\"ListItem\",\"position\":1,\"name\":\"Home\",\"item\":\"https:\\\/\\\/www.humanium.org\\\/fr\\\/\"},{\"@type\":\"ListItem\",\"position\":2,\"name\":\"Situation cauchemardesque pour les enfants du camp de r\u00e9fugi\u00e9s de Za\u2019atari en Jordanie\"}]},{\"@type\":\"WebSite\",\"@id\":\"https:\\\/\\\/www.humanium.org\\\/fr\\\/#website\",\"url\":\"https:\\\/\\\/www.humanium.org\\\/fr\\\/\",\"name\":\"Humanium\",\"description\":\"Les enfants d\u2019abord !\",\"potentialAction\":[{\"@type\":\"SearchAction\",\"target\":{\"@type\":\"EntryPoint\",\"urlTemplate\":\"https:\\\/\\\/www.humanium.org\\\/fr\\\/?s={search_term_string}\"},\"query-input\":{\"@type\":\"PropertyValueSpecification\",\"valueRequired\":true,\"valueName\":\"search_term_string\"}}],\"inLanguage\":\"fr-FR\"},{\"@type\":\"Person\",\"@id\":\"https:\\\/\\\/www.humanium.org\\\/fr\\\/#\\\/schema\\\/person\\\/d798d6c7d59ba2307e0877f61a20ce3e\",\"name\":\"Humanium\",\"image\":{\"@type\":\"ImageObject\",\"inLanguage\":\"fr-FR\",\"@id\":\"https:\\\/\\\/secure.gravatar.com\\\/avatar\\\/22715e338d2fcc547e3a431c4738360d33fea2a4af458f865b2c3b22f1eaa51f?s=96&d=mm&r=g\",\"url\":\"https:\\\/\\\/secure.gravatar.com\\\/avatar\\\/22715e338d2fcc547e3a431c4738360d33fea2a4af458f865b2c3b22f1eaa51f?s=96&d=mm&r=g\",\"contentUrl\":\"https:\\\/\\\/secure.gravatar.com\\\/avatar\\\/22715e338d2fcc547e3a431c4738360d33fea2a4af458f865b2c3b22f1eaa51f?s=96&d=mm&r=g\",\"caption\":\"Humanium\"},\"url\":\"https:\\\/\\\/www.humanium.org\\\/fr\\\/author\\\/humanium\\\/\"}]}<\/script>\n<!-- \/ Yoast SEO plugin. -->","yoast_head_json":{"title":"Situation cauchemardesque pour les enfants du camp de r\u00e9fugi\u00e9s de Za\u2019atari en Jordanie - Humanium","description":"Les enfants du camp de r\u00e9fugi\u00e9s de Zaatari sont victimes de violations de leurs droits fondamentaux et de privations de leurs besoins.","robots":{"index":"index","follow":"follow","max-snippet":"max-snippet:-1","max-image-preview":"max-image-preview:large","max-video-preview":"max-video-preview:-1"},"canonical":"https:\/\/www.humanium.org\/fr\/situation-cauchemardesque-pour-les-enfants-du-camp-de-refugies-de-zaatari-en-jordanie\/","og_locale":"fr_FR","og_type":"article","og_title":"Situation cauchemardesque pour les enfants du camp de r\u00e9fugi\u00e9s de Za\u2019atari en Jordanie - Humanium","og_description":"Les enfants du camp de r\u00e9fugi\u00e9s de Zaatari sont victimes de violations de leurs droits fondamentaux et de privations de leurs besoins.","og_url":"https:\/\/www.humanium.org\/fr\/situation-cauchemardesque-pour-les-enfants-du-camp-de-refugies-de-zaatari-en-jordanie\/","og_site_name":"Humanium","article_published_time":"2023-07-25T11:48:12+00:00","article_modified_time":"2026-08-21T03:19:48+00:00","og_image":[{"width":2560,"height":1707,"url":"https:\/\/www.humanium.org\/fr\/wp-content\/uploads\/2023\/07\/shutterstock_369471137-scaled.jpg","type":"image\/jpeg"}],"author":"Humanium","twitter_card":"summary_large_image","twitter_misc":{"\u00c9crit par":"Humanium","Dur\u00e9e de lecture estim\u00e9e":"11 minutes"},"schema":{"@context":"https:\/\/schema.org","@graph":[{"@type":"Article","@id":"https:\/\/www.humanium.org\/fr\/situation-cauchemardesque-pour-les-enfants-du-camp-de-refugies-de-zaatari-en-jordanie\/#article","isPartOf":{"@id":"https:\/\/www.humanium.org\/fr\/situation-cauchemardesque-pour-les-enfants-du-camp-de-refugies-de-zaatari-en-jordanie\/"},"author":{"name":"Humanium","@id":"https:\/\/www.humanium.org\/fr\/#\/schema\/person\/d798d6c7d59ba2307e0877f61a20ce3e"},"headline":"Situation cauchemardesque pour les enfants du camp de r\u00e9fugi\u00e9s de Za\u2019atari en Jordanie","datePublished":"2023-07-25T11:48:12+00:00","dateModified":"2026-08-21T03:19:48+00:00","mainEntityOfPage":{"@id":"https:\/\/www.humanium.org\/fr\/situation-cauchemardesque-pour-les-enfants-du-camp-de-refugies-de-zaatari-en-jordanie\/"},"wordCount":2296,"image":{"@id":"https:\/\/www.humanium.org\/fr\/situation-cauchemardesque-pour-les-enfants-du-camp-de-refugies-de-zaatari-en-jordanie\/#primaryimage"},"thumbnailUrl":"https:\/\/www.humanium.org\/fr\/wp-content\/uploads\/2023\/07\/shutterstock_369471137-scaled.jpg","articleSection":["Droits des enfants","Droits humains","Exploitation","Migration","R\u00e9fugi\u00e9s","Sant\u00e9"],"inLanguage":"fr-FR"},{"@type":"WebPage","@id":"https:\/\/www.humanium.org\/fr\/situation-cauchemardesque-pour-les-enfants-du-camp-de-refugies-de-zaatari-en-jordanie\/","url":"https:\/\/www.humanium.org\/fr\/situation-cauchemardesque-pour-les-enfants-du-camp-de-refugies-de-zaatari-en-jordanie\/","name":"Situation cauchemardesque pour les enfants du camp de r\u00e9fugi\u00e9s de Za\u2019atari en Jordanie - Humanium","isPartOf":{"@id":"https:\/\/www.humanium.org\/fr\/#website"},"primaryImageOfPage":{"@id":"https:\/\/www.humanium.org\/fr\/situation-cauchemardesque-pour-les-enfants-du-camp-de-refugies-de-zaatari-en-jordanie\/#primaryimage"},"image":{"@id":"https:\/\/www.humanium.org\/fr\/situation-cauchemardesque-pour-les-enfants-du-camp-de-refugies-de-zaatari-en-jordanie\/#primaryimage"},"thumbnailUrl":"https:\/\/www.humanium.org\/fr\/wp-content\/uploads\/2023\/07\/shutterstock_369471137-scaled.jpg","datePublished":"2023-07-25T11:48:12+00:00","dateModified":"2026-08-21T03:19:48+00:00","author":{"@id":"https:\/\/www.humanium.org\/fr\/#\/schema\/person\/d798d6c7d59ba2307e0877f61a20ce3e"},"description":"Les enfants du camp de r\u00e9fugi\u00e9s de Zaatari sont victimes de violations de leurs droits fondamentaux et de privations de leurs besoins.","breadcrumb":{"@id":"https:\/\/www.humanium.org\/fr\/situation-cauchemardesque-pour-les-enfants-du-camp-de-refugies-de-zaatari-en-jordanie\/#breadcrumb"},"inLanguage":"fr-FR","potentialAction":[{"@type":"ReadAction","target":["https:\/\/www.humanium.org\/fr\/situation-cauchemardesque-pour-les-enfants-du-camp-de-refugies-de-zaatari-en-jordanie\/"]}]},{"@type":"ImageObject","inLanguage":"fr-FR","@id":"https:\/\/www.humanium.org\/fr\/situation-cauchemardesque-pour-les-enfants-du-camp-de-refugies-de-zaatari-en-jordanie\/#primaryimage","url":"https:\/\/www.humanium.org\/fr\/wp-content\/uploads\/2023\/07\/shutterstock_369471137-scaled.jpg","contentUrl":"https:\/\/www.humanium.org\/fr\/wp-content\/uploads\/2023\/07\/shutterstock_369471137-scaled.jpg","width":2560,"height":1707},{"@type":"BreadcrumbList","@id":"https:\/\/www.humanium.org\/fr\/situation-cauchemardesque-pour-les-enfants-du-camp-de-refugies-de-zaatari-en-jordanie\/#breadcrumb","itemListElement":[{"@type":"ListItem","position":1,"name":"Home","item":"https:\/\/www.humanium.org\/fr\/"},{"@type":"ListItem","position":2,"name":"Situation cauchemardesque pour les enfants du camp de r\u00e9fugi\u00e9s de Za\u2019atari en Jordanie"}]},{"@type":"WebSite","@id":"https:\/\/www.humanium.org\/fr\/#website","url":"https:\/\/www.humanium.org\/fr\/","name":"Humanium","description":"Les enfants d\u2019abord !","potentialAction":[{"@type":"SearchAction","target":{"@type":"EntryPoint","urlTemplate":"https:\/\/www.humanium.org\/fr\/?s={search_term_string}"},"query-input":{"@type":"PropertyValueSpecification","valueRequired":true,"valueName":"search_term_string"}}],"inLanguage":"fr-FR"},{"@type":"Person","@id":"https:\/\/www.humanium.org\/fr\/#\/schema\/person\/d798d6c7d59ba2307e0877f61a20ce3e","name":"Humanium","image":{"@type":"ImageObject","inLanguage":"fr-FR","@id":"https:\/\/secure.gravatar.com\/avatar\/22715e338d2fcc547e3a431c4738360d33fea2a4af458f865b2c3b22f1eaa51f?s=96&d=mm&r=g","url":"https:\/\/secure.gravatar.com\/avatar\/22715e338d2fcc547e3a431c4738360d33fea2a4af458f865b2c3b22f1eaa51f?s=96&d=mm&r=g","contentUrl":"https:\/\/secure.gravatar.com\/avatar\/22715e338d2fcc547e3a431c4738360d33fea2a4af458f865b2c3b22f1eaa51f?s=96&d=mm&r=g","caption":"Humanium"},"url":"https:\/\/www.humanium.org\/fr\/author\/humanium\/"}]}},"_links":{"self":[{"href":"https:\/\/www.humanium.org\/fr\/wp-json\/wp\/v2\/posts\/55389","targetHints":{"allow":["GET"]}}],"collection":[{"href":"https:\/\/www.humanium.org\/fr\/wp-json\/wp\/v2\/posts"}],"about":[{"href":"https:\/\/www.humanium.org\/fr\/wp-json\/wp\/v2\/types\/post"}],"author":[{"embeddable":true,"href":"https:\/\/www.humanium.org\/fr\/wp-json\/wp\/v2\/users\/69"}],"replies":[{"embeddable":true,"href":"https:\/\/www.humanium.org\/fr\/wp-json\/wp\/v2\/comments?post=55389"}],"version-history":[{"count":6,"href":"https:\/\/www.humanium.org\/fr\/wp-json\/wp\/v2\/posts\/55389\/revisions"}],"predecessor-version":[{"id":62715,"href":"https:\/\/www.humanium.org\/fr\/wp-json\/wp\/v2\/posts\/55389\/revisions\/62715"}],"wp:featuredmedia":[{"embeddable":true,"href":"https:\/\/www.humanium.org\/fr\/wp-json\/wp\/v2\/media\/55392"}],"wp:attachment":[{"href":"https:\/\/www.humanium.org\/fr\/wp-json\/wp\/v2\/media?parent=55389"}],"wp:term":[{"taxonomy":"category","embeddable":true,"href":"https:\/\/www.humanium.org\/fr\/wp-json\/wp\/v2\/categories?post=55389"},{"taxonomy":"post_tag","embeddable":true,"href":"https:\/\/www.humanium.org\/fr\/wp-json\/wp\/v2\/tags?post=55389"}],"curies":[{"name":"wp","href":"https:\/\/api.w.org\/{rel}","templated":true}]}}