{"id":55501,"date":"2023-08-15T12:26:03","date_gmt":"2023-08-15T12:26:03","guid":{"rendered":"https:\/\/www.humanium.org\/fr\/?p=55501"},"modified":"2026-08-21T03:19:37","modified_gmt":"2026-08-21T03:19:37","slug":"les-droits-des-filles-afghanes-bafoues-les-consequences-de-la-prise-de-pouvoir-par-les-talibans","status":"publish","type":"post","link":"https:\/\/www.humanium.org\/fr\/les-droits-des-filles-afghanes-bafoues-les-consequences-de-la-prise-de-pouvoir-par-les-talibans\/","title":{"rendered":"Les droits des filles afghanes bafou\u00e9s: les cons\u00e9quences de la prise de pouvoir par les talibans"},"content":{"rendered":"\n<p class=\"wp-block-paragraph\"><strong>L&rsquo;<\/strong><a href=\"https:\/\/www.humanium.org\/fr\/afghanistan\/\"><strong>Afghanistan<\/strong><\/a><strong> est un pays qui jouit d&rsquo;une culture riche, de paysages magnifiques, mais c&rsquo;est \u00e9galement la terre d&rsquo;un peuple qui a subi d&rsquo;immenses souffrances. Le retour au pouvoir des talibans en 2021 a plac\u00e9 l&rsquo;<\/strong><a href=\"https:\/\/www.humanium.org\/fr\/afghanistan\/\"><strong>Afghanistan<\/strong><\/a><strong> au centre des pr\u00e9occupations en mati\u00e8re de droits de l&rsquo;homme. La crise \u00e9conomique, la <\/strong><a href=\"https:\/\/www.humanium.org\/fr\/enfants-pauvres\/\"><strong>pauvret\u00e9<\/strong><\/a><strong>, la <\/strong><a href=\"https:\/\/www.humanium.org\/fr\/enfants-malades\/\"><strong>famine<\/strong><\/a><strong> et la mise en p\u00e9ril des <\/strong><a href=\"https:\/\/www.humanium.org\/fr\/comprendre-droits-enfant\/droit-a-la-vie\/#:~:text=Pour%20les%20enfants%2C%20le%20droit,survivre%20et%20se%20d%C3%A9velopper%20convenablement.\"><strong>moyens de subsistance<\/strong><\/a><strong> des enfants sont les cons\u00e9quences de cette prise de pouvoir. <\/strong><a href=\"https:\/\/www.humanium.org\/fr\/enfants-pauvres\/\"><strong>Appauvris<\/strong><\/a><strong>, <\/strong><a href=\"https:\/\/www.humanium.org\/fr\/comprendre-droits-enfant\/droit-a-l-alimentation-2\/\"><strong>affam\u00e9s,<\/strong><\/a><a href=\"https:\/\/www.humanium.org\/fr\/travail-des-enfants\/\"><strong>surcharg\u00e9s de travail<\/strong><\/a><strong> et <\/strong><a href=\"https:\/\/www.humanium.org\/fr\/enfants-deplaces\/\"><strong>d\u00e9plac\u00e9s<\/strong><\/a><strong>, les enfants <\/strong><a href=\"https:\/\/www.humanium.org\/fr\/afghanistan\/\"><strong>afghans<\/strong><\/a><strong> sont en d\u00e9tresse. Les jeunes <\/strong><a href=\"https:\/\/www.humanium.org\/fr\/droits-des-filles\/\"><strong>filles<\/strong><\/a><a href=\"https:\/\/www.humanium.org\/fr\/afghanistan\/\"><strong> afghanes<\/strong><\/a><strong> sont vis\u00e9es de mani\u00e8re <\/strong><a href=\"https:\/\/www.humanium.org\/fr\/droits-des-filles\/\"><strong>disproportionn\u00e9e<\/strong><\/a><strong> par le r\u00e9gime taliban et sont par cons\u00e9quent, et c&rsquo;est le plus inqui\u00e9tant, <\/strong><a href=\"https:\/\/www.humanium.org\/fr\/droits-des-filles\/\"><strong>victimes<\/strong><\/a><strong> d&rsquo;une interdiction <\/strong><a href=\"https:\/\/www.humanium.org\/fr\/comprendre-droits-enfant\/droit-a-l-education\/\"><strong>d&rsquo;\u00e9ducation<\/strong><\/a><strong>, ainsi que de <\/strong><a href=\"https:\/\/www.humanium.org\/fr\/mariage-enfants\/\"><strong>mariages d&rsquo;enfants<\/strong><\/a><strong>, de mariages pr\u00e9coces et de mariages forc\u00e9s.<\/strong><\/p>\n\n\n\n<h2 class=\"wp-block-heading\"><strong>Les tumultes du pass\u00e9 <\/strong><a href=\"https:\/\/www.humanium.org\/fr\/afghanistan\/\"><strong>afghan<\/strong><\/a><strong> qui ont conduit \u00e0 la prise de pouvoir par les talibans en 2021<\/strong><\/h2>\n\n\n\n<p class=\"wp-block-paragraph\">En tant que pays situ\u00e9 en Asie centrale du Sud, <a href=\"https:\/\/www.humanium.org\/fr\/afghanistan\/\">l&rsquo;Afghanistan<\/a> se trouvait le long des routes commerciales qui reliaient l&rsquo;Asie du Sud et de l&rsquo;Est \u00e0 l&rsquo;Europe et au Moyen-Orient, ce qui faisait de <a href=\"https:\/\/www.humanium.org\/fr\/afghanistan\/\">l&rsquo;Afghanistan<\/a> un pays susceptible d&rsquo;\u00eatre convoit\u00e9 par les empires environnants (Encyclop\u00e6dia Britannica, 2023). Au XXe si\u00e8cle, <a href=\"https:\/\/www.humanium.org\/fr\/afghanistan\/\">l&rsquo;Afghanistan<\/a> a plong\u00e9 dans une <a href=\"https:\/\/www.humanium.org\/fr\/enfants-dans-la-guerre\/\">guerre<\/a> civile, qui a \u00e9t\u00e9 \u00abconsid\u00e9rablement exacerb\u00e9e par une invasion militaire et une occupation par l&rsquo;Union sovi\u00e9tique\u00bb de 1979 \u00e0 1989 (Encyclop\u00e6dia Britannica, 2023).<\/p>\n\n\n\n<p class=\"wp-block-paragraph\">Entre un r\u00e9gime communiste <a href=\"https:\/\/www.humanium.org\/fr\/afghanistan\/\">afghan<\/a> toujours en place et des insurg\u00e9s islamiques, suivis d&rsquo;un bref r\u00e8gne des groupes de <em>moudjahidines<\/em> jusqu&rsquo;\u00e0 l&rsquo;arriv\u00e9e au pouvoir des talibans entre 1996 et 2001, d&rsquo;autres <a href=\"https:\/\/www.humanium.org\/fr\/enfants-dans-la-guerre\/\">conflits<\/a> arm\u00e9s se sont succ\u00e9d\u00e9s (Encyclop\u00e6dia Britannica, 2023). Les talibans sont ensuite tomb\u00e9s sous le contr\u00f4le du groupe dirig\u00e9 par Oussama ben Laden (Encyclop\u00e6dia Britannica, 2023). Apr\u00e8s les attentats du 11 septembre, les <a href=\"https:\/\/www.humanium.org\/fr\/etats-unis\/\">Am\u00e9ricains<\/a> ont commenc\u00e9 \u00e0 bombarder de nombreuses cibles et bases talibanes (PBS News Hour, 2021).<\/p>\n\n\n\n<p class=\"wp-block-paragraph\">Les <a href=\"https:\/\/www.humanium.org\/fr\/enfants-dans-la-guerre\/\">conflits<\/a> se poursuivent ensuite entre les talibans, les combattants d&rsquo;Al-Qa\u00efda et les forces gouvernementales <a href=\"https:\/\/www.humanium.org\/fr\/afghanistan\/\">afghanes<\/a>, et c&rsquo;est \u00e0 cette \u00e9poque, en mai 2011 pr\u00e9cis\u00e9ment, que les <a href=\"https:\/\/www.humanium.org\/fr\/etats-unis\/\">forces am\u00e9ricaines<\/a> tuent Oussama ben Laden (PBS News Hour, 2021). En ao\u00fbt 2021, les talibans prennent d\u00e9finitivement le contr\u00f4le de Kaboul. Cette opportunit\u00e9 s&rsquo;est pr\u00e9sent\u00e9e aux talibans suite \u00e0 l&rsquo;effondrement du gouvernement <a href=\"https:\/\/www.humanium.org\/fr\/afghanistan\/\">afghan<\/a> et bri\u00e8vement apr\u00e8s le retrait des <a href=\"https:\/\/www.humanium.org\/fr\/etats-unis\/\">troupes am\u00e9ricaines<\/a> du territoire <a href=\"https:\/\/www.humanium.org\/fr\/afghanistan\/\">afghan<\/a> (PBS News Hour, 2021).<\/p>\n\n\n\n<h2 class=\"wp-block-heading\"><strong>Les obligations de <\/strong><a href=\"https:\/\/www.humanium.org\/fr\/afghanistan\/\"><strong>l&rsquo;Afghanistan<\/strong><\/a><strong> en vertu du droit international<\/strong><\/h2>\n\n\n\n<p class=\"wp-block-paragraph\"><a href=\"https:\/\/www.humanium.org\/fr\/afghanistan\/\">L&rsquo;Afghanistan<\/a> a officiellement rejoint les Nations Unies le 19 novembre 1946 (Nations Unies, n.d.). <a href=\"https:\/\/www.humanium.org\/fr\/afghanistan\/\">L&rsquo;Afghanistan<\/a> a sign\u00e9 et ratifi\u00e9, entre autres, la <a href=\"https:\/\/www.humanium.org\/fr\/convention\/\">Convention relative aux droits de l&rsquo;enfant<\/a> (CIDE) en 1994 et ses deux protocoles facultatifs en 2002 et 2003 respectivement (Base de donn\u00e9es relative aux organes conventionnels de l\u2019ONU). <\/p>\n\n\n\n<p class=\"wp-block-paragraph\">De plus, <a href=\"https:\/\/www.humanium.org\/fr\/afghanistan\/\">l&rsquo;Afghanistan<\/a> a \u00e9galement sign\u00e9 et ratifi\u00e9 la Convention sur l&rsquo;\u00e9limination de toutes les formes de discrimination \u00e0 l&rsquo;\u00e9gard des femmes (CEDAW) en 2003 (Base de donn\u00e9es relative aux organes conventionnels de l\u2019ONU). \u00c0 ce titre, <a href=\"https:\/\/www.humanium.org\/fr\/afghanistan\/\">l&rsquo;Afghanistan<\/a> doit <a href=\"https:\/\/www.humanium.org\/fr\/comprendre-droits-enfant\/protection\/\">prot\u00e9ger<\/a> tous les enfants, femmes et <a href=\"https:\/\/www.humanium.org\/fr\/droits-des-filles\/\">filles<\/a> <a href=\"https:\/\/www.humanium.org\/fr\/afghanistan\/\">afghans<\/a>, et doit respecter et mettre en \u0153uvre leurs droits fondamentaux tels qu&rsquo;ils sont inscrits dans la CEDAW et la <a href=\"https:\/\/www.humanium.org\/fr\/convention\/\">CIDE<\/a> (HCDH des Nations unies, 2021).<\/p>\n\n\n\n<p class=\"wp-block-paragraph\">Selon la CEDAW, <a href=\"https:\/\/www.humanium.org\/fr\/afghanistan\/\">l&rsquo;Afghanistan<\/a>, en tant qu&rsquo;\u00c9tat partie, doit condamner toute forme de <a href=\"https:\/\/www.humanium.org\/fr\/droits-des-filles\/\">discrimination<\/a> \u00e0 l&rsquo;\u00e9gard des femmes et \u00abprendre toutes mesures appropri\u00e9es pour \u00e9liminer la <a href=\"https:\/\/www.humanium.org\/fr\/droits-des-filles\/\">discrimination<\/a> pratiqu\u00e9e \u00e0 l\u2019\u00e9gard des femmes\u00bb dans le domaine de <a href=\"https:\/\/www.humanium.org\/fr\/comprendre-droits-enfant\/droit-a-l-education\/\">l&rsquo;\u00e9ducation<\/a>, des soins de <a href=\"https:\/\/www.humanium.org\/fr\/comprendre-droits-enfant\/droit-a-la-sante\/\">sant\u00e9<\/a> et dans \u00abtoutes les questions d\u00e9coulant du <a href=\"https:\/\/www.humanium.org\/fr\/mariage-enfants\/\">mariage<\/a> et dans les <a href=\"https:\/\/www.humanium.org\/fr\/famille-droits-enfant\/\">rapports familiaux<\/a>\u00bb (Convention sur l&rsquo;\u00e9limination de toutes les formes de discrimination \u00e0 l&rsquo;\u00e9gard des femmes, 1981). <\/p>\n\n\n\n<p class=\"wp-block-paragraph\">Selon la <a href=\"https:\/\/www.humanium.org\/fr\/convention\/\">CIDE<\/a>, tout enfant a <a href=\"https:\/\/www.humanium.org\/fr\/comprendre-droits-enfant\/droit-a-la-vie\/\">droit \u00e0 la vie<\/a>, \u00e0 la <a href=\"https:\/\/www.humanium.org\/fr\/comprendre-droits-enfant\/droit-a-la-sante\/\">sant\u00e9<\/a>, \u00e0 <a href=\"https:\/\/www.humanium.org\/fr\/comprendre-droits-enfant\/droit-a-l-education\/\">l&rsquo;\u00e9ducation<\/a> et \u00e0 la <a href=\"https:\/\/www.humanium.org\/fr\/comprendre-droits-enfant\/protection\/\">protection<\/a>, notamment contre \u00abtoute forme de <a href=\"https:\/\/www.humanium.org\/fr\/la-maltraitance-des-enfants\/\">violence<\/a>, <a href=\"https:\/\/www.humanium.org\/fr\/la-maltraitance-des-enfants\/\">d\u2019atteinte<\/a> ou de brutalit\u00e9s physiques ou mentales, d\u2019abandon ou de n\u00e9gligence, de mauvais traitements ou <a href=\"https:\/\/www.humanium.org\/fr\/travail-des-enfants\/\">d\u2019exploitation\u00bb<\/a>, y compris la <a href=\"https:\/\/www.humanium.org\/fr\/exploitation-sexuelle-enfants\/\">violence sexuelle<\/a> (Convention relative aux droits de l&rsquo;enfant, 1990).<\/p>\n\n\n\n<h2 class=\"wp-block-heading\"><strong>Un point de rupture pour les enfants en <\/strong><a href=\"https:\/\/www.humanium.org\/fr\/afghanistan\/\"><strong>Afghanistan<\/strong><\/a><\/h2>\n\n\n\n<p class=\"wp-block-paragraph\">La prise de pouvoir par les talibans a \u00e9t\u00e9 suivie d&rsquo;une crise \u00e9conomique et <a href=\"https:\/\/www.humanium.org\/fr\/comprendre-droits-enfant\/droit-a-l-alimentation\/\">alimentaire<\/a> qui a gravement affect\u00e9 les familles <a href=\"https:\/\/www.humanium.org\/fr\/afghanistan\/\">afghanes<\/a> et leurs enfants (Save the Children, 2022). Cela peut s&rsquo;expliquer par le fait que les talibans \u00e9taient touch\u00e9s par des sanctions mondiales, mais \u00e9galement nationales, qui ont alors compliqu\u00e9 l&rsquo;aide et les efforts humanitaires existants. <\/p>\n\n\n\n<p class=\"wp-block-paragraph\">Une autre explication est le fait que la communaut\u00e9 internationale, qui, \u00e0 un certain moment, a contribu\u00e9 \u00e0 hauteur d&rsquo;environ 80&nbsp;% au budget total des d\u00e9penses du gouvernement <a href=\"https:\/\/www.humanium.org\/fr\/afghanistan\/\">afghan<\/a>, a interrompu ou ralenti toute aide au d\u00e9veloppement susceptible d&rsquo;\u00eatre apport\u00e9e \u00e0 <a href=\"https:\/\/www.humanium.org\/fr\/afghanistan\/\">l&rsquo;Afghanistan<\/a> (Save the Children, 2022).<\/p>\n\n\n\n<p class=\"wp-block-paragraph\">Par cons\u00e9quent, au moins 96&nbsp;% des familles <a href=\"https:\/\/www.humanium.org\/fr\/afghanistan\/\">afghanes<\/a> ont perdu une partie ou la totalit\u00e9 de leurs revenus par rapport \u00e0 2021, et les familles <a href=\"https:\/\/www.humanium.org\/fr\/afghanistan\/\">afghanes<\/a> se sont gravement <a href=\"https:\/\/www.humanium.org\/fr\/enfants-pauvres\/\">appauvries<\/a> (Save the Children, 2022). Les Nations unies ont averti que \u00absix millions de personnes \u00e9taient menac\u00e9es par la <a href=\"https:\/\/www.humanium.org\/fr\/enfants-malades\/\">famine<\/a><a href=\"https:\/\/www.humanium.org\/fr\/enfants-malades\/#:~:text=Les%20maladies%20fr%C3%A9quentes%20chez%20l,le%20paludisme%20ou%20la%20malnutrition.\">\u00bb<\/a> (Aljazeera, 2022).<\/p>\n\n\n\n<p class=\"wp-block-paragraph\">Le probl\u00e8me du travail des enfants est venu s&rsquo;ajouter \u00e0 la <a href=\"https:\/\/www.humanium.org\/fr\/enfants-pauvres\/\">pauvret\u00e9<\/a> et \u00e0 la <a href=\"https:\/\/www.humanium.org\/fr\/enfants-malades\/\">famine<\/a> qui frappent <a href=\"https:\/\/www.humanium.org\/fr\/afghanistan\/\">l&rsquo;Afghanistan<\/a>. En effet, les jeunes gar\u00e7ons et <a href=\"https:\/\/www.humanium.org\/fr\/droits-des-filles\/\">filles<\/a> sont pouss\u00e9s \u00e0 quitter l&rsquo;\u00e9cole et \u00e0 <a href=\"https:\/\/www.humanium.org\/fr\/travail-des-enfants\/\">travailler<\/a>, notamment dans le cadre de diff\u00e9rentes formes de travail dangereux et nocif et, dans certains cas, les enfants sont envoy\u00e9s dans un <a href=\"https:\/\/www.humanium.org\/fr\/enfants-deplaces\/\">autre pays<\/a> ou <a href=\"https:\/\/www.humanium.org\/fr\/famille-droits-enfant\/#:~:text=La%20Convention%20internationale%20des%20droits,la%20violation%20de%20ses%20droits.\">loin de leur famille<\/a> pour travailler (Save the Children, 2022). On estime qu&rsquo;environ un million d&rsquo;enfants \u00ab<a href=\"https:\/\/www.humanium.org\/fr\/travail-des-enfants\/\">travaillent<\/a> actuellement en Afghanistan<a href=\"https:\/\/www.humanium.org\/fr\/afghanistan\/\">\u00bb<\/a> (Aljazeera, 2022).<\/p>\n\n\n\n<p class=\"wp-block-paragraph\">Le nombre d&rsquo;enfants <a href=\"https:\/\/www.humanium.org\/fr\/enfants-pauvres\/\">appauvris<\/a>, <a href=\"https:\/\/www.humanium.org\/fr\/comprendre-droits-enfant\/droit-a-l-alimentation\/\">affam\u00e9s<\/a>, <a href=\"https:\/\/www.humanium.org\/fr\/travail-des-enfants\/\">surmen\u00e9s<\/a> et <a href=\"https:\/\/www.humanium.org\/fr\/enfants-deplaces\/\">d\u00e9plac\u00e9s<\/a> augmente en <a href=\"https:\/\/www.humanium.org\/fr\/afghanistan\/\">Afghanistan<\/a>, au point que la situation humanitaire et les droits de l&rsquo;homme ont atteint des proportions p\u00e9nibles et graves. Si cette situation est d\u00e9j\u00e0 inqui\u00e9tante, les conditions dans lesquelles vivent les <a href=\"https:\/\/www.humanium.org\/fr\/droits-des-filles\/\">filles<\/a> <a href=\"https:\/\/www.humanium.org\/fr\/afghanistan\/\">afghanes<\/a> dans ce contexte particulier sont encore plus d\u00e9sastreuses.<\/p>\n\n\n\n<h2 class=\"wp-block-heading\"><strong>Les <\/strong><a href=\"https:\/\/www.humanium.org\/fr\/droits-des-filles\/\"><strong>filles<\/strong><\/a><strong> <\/strong><a href=\"https:\/\/www.humanium.org\/fr\/afghanistan\/\"><strong>afghanes<\/strong><\/a><strong> sont vis\u00e9es de mani\u00e8re <\/strong><a href=\"https:\/\/www.humanium.org\/fr\/droits-des-filles\/\"><strong>disproportionn\u00e9e<\/strong><\/a><\/h2>\n\n\n\n<p class=\"wp-block-paragraph\">Si les <a href=\"https:\/\/www.humanium.org\/fr\/droits-des-filles\/\">filles<\/a> <a href=\"https:\/\/www.humanium.org\/fr\/afghanistan\/\">afghanes<\/a> souffrent des m\u00eames difficult\u00e9s que les gar\u00e7ons, elles subissent en outre des violations distinctes des droits de l&rsquo;homme en raison de la <a href=\"https:\/\/www.humanium.org\/fr\/droits-des-filles\/\">discrimination de genre<\/a>. En effet, depuis leur prise de pouvoir, les talibans ont impos\u00e9 \u00abune liste de plus en plus longue de r\u00e8gles et de politiques qui emp\u00eachent totalement les femmes et les <a href=\"https:\/\/www.humanium.org\/fr\/droits-des-filles\/\">filles<\/a> d\u2019exercer leurs <a href=\"https:\/\/www.humanium.org\/fr\/comprendre-droits-enfant\/\">droits fondamentaux<\/a>, et notamment la libert\u00e9 d\u2019expression, de mouvement, (\u2026), et le droit \u00e0 <a href=\"https:\/\/www.humanium.org\/fr\/comprendre-droits-enfant\/droit-a-l-education\/\">l\u2019\u00e9ducation<\/a>, ce qui a des cons\u00e9quences sur pratiquement tous leurs droits, dont le droit \u00e0 la <a href=\"https:\/\/www.humanium.org\/fr\/comprendre-droits-enfant\/droit-a-la-vie\/\">vie<\/a>, \u00e0 des moyens de subsistance, \u00e0 un abri, \u00e0 des <a href=\"https:\/\/www.humanium.org\/fr\/comprendre-droits-enfant\/droit-a-la-sante\/\">soins de sant\u00e9<\/a>, \u00e0 <a href=\"https:\/\/www.humanium.org\/fr\/comprendre-droits-enfant\/droit-a-l-alimentation\/\">l\u2019alimentation<\/a> et \u00e0 l\u2019eau<a href=\"https:\/\/www.humanium.org\/fr\/comprendre-droits-enfant\/droit-a-l-eau\/#:~:text=L%27acc%C3%A8s%20%C3%A0%20l%27eau,vital%20pour%20tous%20les%20enfants&amp;text=Le%20droit%20%C3%A0%20l%27eau%20implique%20le%20droit%20%C3%A0%20une,qualit%C3%A9%20des%20ressources%20en%20eau.\">\u00bb<\/a> (Human Rights Watch, 2022).<\/p>\n\n\n\n<figure class=\"wp-block-image size-large\"><img loading=\"lazy\" decoding=\"async\" width=\"1024\" height=\"683\" src=\"https:\/\/www.humanium.org\/fr\/wp-content\/uploads\/2023\/08\/shutterstock_2036778911-1024x683.jpg\" alt=\"\" class=\"wp-image-55503\" srcset=\"https:\/\/www.humanium.org\/fr\/wp-content\/uploads\/2023\/08\/shutterstock_2036778911-1024x683.jpg 1024w, https:\/\/www.humanium.org\/fr\/wp-content\/uploads\/2023\/08\/shutterstock_2036778911-300x200.jpg 300w, https:\/\/www.humanium.org\/fr\/wp-content\/uploads\/2023\/08\/shutterstock_2036778911-768x512.jpg 768w, https:\/\/www.humanium.org\/fr\/wp-content\/uploads\/2023\/08\/shutterstock_2036778911-1536x1024.jpg 1536w, https:\/\/www.humanium.org\/fr\/wp-content\/uploads\/2023\/08\/shutterstock_2036778911-2048x1365.jpg 2048w, https:\/\/www.humanium.org\/fr\/wp-content\/uploads\/2023\/08\/shutterstock_2036778911-830x553.jpg 830w, https:\/\/www.humanium.org\/fr\/wp-content\/uploads\/2023\/08\/shutterstock_2036778911-230x153.jpg 230w, https:\/\/www.humanium.org\/fr\/wp-content\/uploads\/2023\/08\/shutterstock_2036778911-350x233.jpg 350w, https:\/\/www.humanium.org\/fr\/wp-content\/uploads\/2023\/08\/shutterstock_2036778911-480x320.jpg 480w, https:\/\/www.humanium.org\/fr\/wp-content\/uploads\/2023\/08\/shutterstock_2036778911-272x182.jpg 272w\" sizes=\"auto, (max-width: 1024px) 100vw, 1024px\" \/><\/figure>\n\n\n\n<p class=\"wp-block-paragraph\">L&rsquo;une des politiques emp\u00eachant les <a href=\"https:\/\/www.humanium.org\/fr\/droits-des-filles\/\">filles<\/a> d&rsquo;exercer leurs <a href=\"https:\/\/www.humanium.org\/fr\/comprendre-droits-enfant\/\">droits fondamentaux<\/a> r\u00e9side dans le fait que les talibans <a href=\"https:\/\/www.humanium.org\/fr\/droits-des-filles\/\">leur<\/a> interdisent d&rsquo;<a href=\"https:\/\/www.humanium.org\/fr\/comprendre-droits-enfant\/droit-a-l-education\/\">aller \u00e0 l&rsquo;\u00e9cole<\/a> ou de reprendre leurs <a href=\"https:\/\/www.humanium.org\/fr\/comprendre-droits-enfant\/droit-a-l-education\/\">\u00e9tudes<\/a>. En mars 2022, les talibans ont d\u00e9clar\u00e9 que les femmes et les <a href=\"https:\/\/www.humanium.org\/fr\/droits-des-filles\/\">filles<\/a> \u00abcontinueraient d&rsquo;\u00eatre exclues de l&rsquo;<a href=\"https:\/\/www.humanium.org\/fr\/comprendre-droits-enfant\/droit-a-l-education\/\">enseignement<\/a> secondaire\u00bb (Human Rights Watch, 2022). <\/p>\n\n\n\n<p class=\"wp-block-paragraph\">Avant la prise de pouvoir par les talibans en <a href=\"https:\/\/www.humanium.org\/fr\/afghanistan\/\">Afghanistan<\/a>, on estimait que 3,7 millions d&rsquo;enfants n&rsquo;\u00e9taient pas <a href=\"https:\/\/www.humanium.org\/fr\/comprendre-droits-enfant\/droit-a-l-education\/\">scolaris\u00e9s<\/a>, dont une majorit\u00e9 de <a href=\"https:\/\/www.humanium.org\/fr\/droits-des-filles\/\">filles<\/a> (Malala Fund, n.d.). Au cours des ann\u00e9es qui ont suivi cette prise de pouvoir, le r\u00e9gime taliban a refus\u00e9 l&rsquo;acc\u00e8s \u00e0 <a href=\"https:\/\/www.humanium.org\/fr\/comprendre-droits-enfant\/droit-a-l-education\/\">l&rsquo;enseignement<\/a> secondaire \u00e0 1 254 473 <a href=\"https:\/\/www.humanium.org\/fr\/droits-des-filles\/\">filles<\/a> <a href=\"https:\/\/www.humanium.org\/fr\/afghanistan\/\">afghanes<\/a> (Malala Fund, n.d.).<\/p>\n\n\n\n<blockquote class=\"wp-block-quote is-layout-flow wp-block-quote-is-layout-flow\">\n<p class=\"wp-block-paragraph\">\u00abDes d\u00e9cennies de progr\u00e8s en mati\u00e8re d&rsquo;\u00e9galit\u00e9 des sexes et de droits des femmes ont \u00e9t\u00e9 an\u00e9anties en quelques mois. Nous devons continuer \u00e0 agir ensemble, unis dans notre insistance sur les garanties de respect de l&rsquo;ensemble des droits des femmes.\u00bb<\/p>\n<cite>&#8211; Sima Bahous, Directrice ex\u00e9cutive d&rsquo;ONU-Femmes (ONU Femmes, 2022)<\/cite><\/blockquote>\n\n\n\n<p class=\"wp-block-paragraph\">En outre, les taux de <a href=\"https:\/\/www.humanium.org\/fr\/mariage-enfants\/\">mariages d&rsquo;enfants, de mariages pr\u00e9coces et de mariages forc\u00e9s <\/a>augmentent fortement sous le r\u00e9gime taliban (Amnesty International, 2022). En effet, les <a href=\"https:\/\/www.humanium.org\/fr\/droits-des-filles\/\">filles<\/a> <a href=\"https:\/\/www.humanium.org\/fr\/afghanistan\/\">afghanes<\/a> sont soit forc\u00e9es par leur famille, en raison d&rsquo;un manque de revenus ou de la <a href=\"https:\/\/www.humanium.org\/fr\/enfants-pauvres\/\">pauvret\u00e9<\/a>, d&rsquo;\u00e9pouser des talibans, soit ces derniers \u00abforcent les femmes et les <a href=\"https:\/\/www.humanium.org\/fr\/droits-des-filles\/\">filles<\/a> \u00e0 les \u00e9pouser\u00bb (Save the Children, 2022; Amnesty International, 2022).<\/p>\n\n\n\n<h2 class=\"wp-block-heading\"><strong>La situation des droits des <\/strong><a href=\"https:\/\/www.humanium.org\/fr\/droits-des-filles\/\"><strong>filles<\/strong><\/a><strong> et des femmes n\u00e9cessite un changement radical<\/strong><\/h2>\n\n\n\n<p class=\"wp-block-paragraph\">Les <a href=\"https:\/\/www.humanium.org\/fr\/droits-des-filles\/\">filles<\/a> <a href=\"https:\/\/www.humanium.org\/fr\/afghanistan\/\">afghanes<\/a> ont \u00e9t\u00e9 et sont encore priv\u00e9es de mani\u00e8re flagrante de leurs <a href=\"https:\/\/www.humanium.org\/fr\/comprendre-droits-enfant\/\">droits fondamentaux<\/a>, notamment le droit \u00e0 <a href=\"https:\/\/www.humanium.org\/fr\/comprendre-droits-enfant\/droit-a-l-education\/\">l&rsquo;\u00e9ducation<\/a>, au meilleur \u00e9tat de <a href=\"https:\/\/www.humanium.org\/fr\/comprendre-droits-enfant\/droit-a-la-sante\/\">sant\u00e9<\/a> physique et mentale possible, \u00e0 la <a href=\"https:\/\/www.humanium.org\/fr\/comprendre-droits-enfant\/droit-aux-libertes\/\">libert\u00e9<\/a> de mouvement et \u00e0 la <a href=\"https:\/\/www.humanium.org\/fr\/droits-des-filles\/\">non-discrimination<\/a> (HCDH des Nations unies, 2023). Les <a href=\"https:\/\/www.humanium.org\/fr\/droits-des-filles\/\">filles<\/a> <a href=\"https:\/\/www.humanium.org\/fr\/afghanistan\/\">afghanes<\/a> doivent continuer \u00e0 b\u00e9n\u00e9ficier du soutien solide et in\u00e9branlable de la communaut\u00e9 internationale, qui doit \u00e0 son tour :<\/p>\n\n\n\n<ul class=\"wp-block-list\">\n<li>R\u00e9affirmer son engagement et prendre \u00abdes mesures concr\u00e8tes pour soutenir et r\u00e9aliser les droits des femmes et des <a href=\"https:\/\/www.humanium.org\/fr\/droits-des-filles\/\">filles<\/a> en <a href=\"https:\/\/www.humanium.org\/fr\/afghanistan\/\">Afghanistan<\/a>, en particulier leur <a href=\"https:\/\/www.humanium.org\/fr\/comprendre-droits-enfant\/droit-a-l-education\/\">droit \u00e0 l&rsquo;\u00e9ducation<\/a>\u00bb (HCDH des Nations unies, 2023).<\/li>\n\n\n\n<li>Donner la priorit\u00e9 aux droits des <a href=\"https:\/\/www.humanium.org\/fr\/droits-des-filles\/\">filles<\/a> \u00abdans tous leurs engagements avec les autorit\u00e9s de facto et exiger l&rsquo;annulation imm\u00e9diate des d\u00e9crets et des politiques qui portent atteinte aux droits des femmes et des filles<a href=\"https:\/\/www.humanium.org\/fr\/droits-des-filles\/\">\u00bb<\/a> (HCDH des Nations Unies, 2023).<\/li>\n\n\n\n<li>\u00c9laborer et mettre en \u0153uvre d&rsquo;urgence \u00abune strat\u00e9gie solide et coh\u00e9rente\u00bb qui fera pression sur les talibans pour qu&rsquo;ils modifient les droits fondamentaux des <a href=\"https:\/\/www.humanium.org\/fr\/droits-des-filles\/\">filles<\/a> (Amnesty International, 2022).<\/li>\n<\/ul>\n\n\n\n<figure class=\"wp-block-image size-large\"><img loading=\"lazy\" decoding=\"async\" width=\"1024\" height=\"685\" src=\"https:\/\/www.humanium.org\/fr\/wp-content\/uploads\/2023\/08\/shutterstock_13454176-1024x685.jpg\" alt=\"\" class=\"wp-image-55502\" srcset=\"https:\/\/www.humanium.org\/fr\/wp-content\/uploads\/2023\/08\/shutterstock_13454176-1024x685.jpg 1024w, https:\/\/www.humanium.org\/fr\/wp-content\/uploads\/2023\/08\/shutterstock_13454176-300x201.jpg 300w, https:\/\/www.humanium.org\/fr\/wp-content\/uploads\/2023\/08\/shutterstock_13454176-768x514.jpg 768w, https:\/\/www.humanium.org\/fr\/wp-content\/uploads\/2023\/08\/shutterstock_13454176-1536x1028.jpg 1536w, https:\/\/www.humanium.org\/fr\/wp-content\/uploads\/2023\/08\/shutterstock_13454176-2048x1371.jpg 2048w, https:\/\/www.humanium.org\/fr\/wp-content\/uploads\/2023\/08\/shutterstock_13454176-830x556.jpg 830w, https:\/\/www.humanium.org\/fr\/wp-content\/uploads\/2023\/08\/shutterstock_13454176-230x154.jpg 230w, https:\/\/www.humanium.org\/fr\/wp-content\/uploads\/2023\/08\/shutterstock_13454176-350x234.jpg 350w, https:\/\/www.humanium.org\/fr\/wp-content\/uploads\/2023\/08\/shutterstock_13454176-480x321.jpg 480w, https:\/\/www.humanium.org\/fr\/wp-content\/uploads\/2023\/08\/shutterstock_13454176-272x182.jpg 272w\" sizes=\"auto, (max-width: 1024px) 100vw, 1024px\" \/><\/figure>\n\n\n\n<p class=\"wp-block-paragraph\">Humanium, en tant qu&rsquo;organisation de d\u00e9fense des droits de l&rsquo;enfant menant activement de nombreux projets dans le monde entier, s&rsquo;engage \u00e0 prot\u00e9ger les droits de l&rsquo;enfant, y compris les droits des <a href=\"https:\/\/www.humanium.org\/fr\/droits-des-filles\/\">filles<\/a> \u00e0 la <a href=\"https:\/\/www.humanium.org\/fr\/comprendre-droits-enfant\/droit-a-la-vie\/\">vie<\/a>, \u00e0 la <a href=\"https:\/\/www.humanium.org\/fr\/droit-a-la-protection\/\">protection<\/a> et \u00e0 <a href=\"https:\/\/www.humanium.org\/fr\/comprendre-droits-enfant\/droit-a-l-education\/\">l&rsquo;\u00e9ducation<\/a>. Si vous souhaitez contribuer \u00e0 la cause d&rsquo;Humanium, vous pouvez envisager de faire un don, de devenir b\u00e9n\u00e9vole ou <a href=\"https:\/\/www.humanium.org\/fr\/devenir-membre\/#:~:text=Apportez%20un%20soutien%20vital%20%3A%20votre,et%20assure%20son%20fonctionnement%20quotidien.\">membre<\/a>.<\/p>\n\n\n\n<p class=\"wp-block-paragraph\"><em><strong>R\u00e9dig\u00e9 par Mo\u00efra Phu\u00f6ng Van de Po\u00ebl<\/strong><\/em><\/p>\n\n\n\n<p class=\"wp-block-paragraph\"><strong><em>Traduit par Victoire Ramos<\/em>&nbsp;<\/strong><\/p>\n\n\n\n<p class=\"wp-block-paragraph\"><em><strong>Relu par Denis Gingras<\/strong><\/em><\/p>\n\n\n\n<h4 class=\"wp-block-heading\">R\u00e9f\u00e9rence :<\/h4>\n\n\n\n<p class=\"has-small-font-size wp-block-paragraph\">Aljazeera. (2022, February 14). Estimated one million Afghan children engaged in labour: NGO. Retrieved from Aljazeera at <a href=\"https:\/\/www.aljazeera.com\/news\/2022\/2\/14\/one-million-children-in-afghanistan-engaged-in-labour-ngo\" target=\"_blank\" rel=\"noreferrer noopener\">https:\/\/www.aljazeera.com\/news\/2022\/2\/14\/one-million-children-in-afghanistan-engaged-in-labour-ngo<\/a>, accessed in July 2023.<\/p>\n\n\n\n<p class=\"has-small-font-size wp-block-paragraph\">Aljazeera. (2022, August 30). UN says six million Afghans are at risk of famine as crises grow. Retrieved from Aljazeera at <a href=\"https:\/\/www.aljazeera.com\/news\/2022\/8\/30\/un-warns-6-million-afghans-at-risk-of-famine-as-crises-grow\" target=\"_blank\" rel=\"noreferrer noopener\">https:\/\/www.aljazeera.com\/news\/2022\/8\/30\/un-warns-6-million-afghans-at-risk-of-famine-as-crises-grow<\/a>, accessed in July 2023.<\/p>\n\n\n\n<p class=\"has-small-font-size wp-block-paragraph\">Amnesty International. (2022, July 27). Afghanistan: Taliban\u2019s \u2018suffocating crackdown\u2019 destroying lives of women and girls \u2013 new report. Retrieved from Amnesty International: <a href=\"https:\/\/www.amnesty.org\/en\/latest\/news\/2022\/07\/afghanistan-talibans-suffocating-crackdown-destroying-lives-of-women-and-girls-new-report\/#:~:text=July%2027%2C%202022-,Afghanistan%3A%20Taliban's%20'suffocating%20crackdown'%20destroying%20lives%20of,women%2\" target=\"_blank\" rel=\"noreferrer noopener\">https:\/\/www.amnesty.org\/en\/latest\/news\/2022\/07\/afghanistan-talibans-suffocating-crackdown-destroying-lives-of-women-and-girls-new-report\/#:~:text=July%2027%2C%202022-,Afghanistan%3A%20Taliban&rsquo;s%20&rsquo;suffocating%20crackdown&rsquo;%20destroying%20lives%20of,women%2<\/a>, accessed in July 2023.<\/p>\n\n\n\n<p class=\"has-small-font-size wp-block-paragraph\">Encyclop\u00e6dia Britannica. (2023, July 7). Afghanistan. Retrieved from Encyclop\u00e6dia Britannica at <a href=\"https:\/\/www.britannica.com\/place\/Afghanistan\" target=\"_blank\" rel=\"noreferrer noopener\">https:\/\/www.britannica.com\/place\/Afghanistan<\/a>, accessed in July 2023.<\/p>\n\n\n\n<p class=\"has-small-font-size wp-block-paragraph\">Human Rights Watch. (2022). Afghanistan Events of 2022. Retrieved from Human Rights Watch at <a href=\"https:\/\/www.hrw.org\/world-report\/2023\/country-chapters\/afghanistan\" target=\"_blank\" rel=\"noreferrer noopener\">https:\/\/www.hrw.org\/world-report\/2023\/country-chapters\/afghanistan<\/a>, accessed in July 2023.<\/p>\n\n\n\n<p class=\"has-small-font-size wp-block-paragraph\">Malala Fund. (n.d.). Afghanistan is the only country in the world that forbids girls to go school<em>.<\/em> Retrieved from Malala Fund at <a href=\"https:\/\/malala.org\/countries\/afghanistan\" target=\"_blank\" rel=\"noreferrer noopener\">https:\/\/malala.org\/countries\/afghanistan<\/a>, accessed in July 2023.<\/p>\n\n\n\n<p class=\"has-small-font-size wp-block-paragraph\">PBS News Hour. (2021, August 30). A historical timeline of Afghanistan. Retrieved from PBS News Hour at <a href=\"https:\/\/www.pbs.org\/newshour\/politics\/asia-jan-june11-timeline-afghanistan\" target=\"_blank\" rel=\"noreferrer noopener\">https:\/\/www.pbs.org\/newshour\/politics\/asia-jan-june11-timeline-afghanistan<\/a>, accessed in July 2023.<\/p>\n\n\n\n<p class=\"has-small-font-size wp-block-paragraph\">Save the Children. (2022, August 10). Breaking point: Children&rsquo;s lives one year under Taliban rule<em>.<\/em> Retrieved from Save the Children at <a href=\"https:\/\/resourcecentre.savethechildren.net\/pdf\/Breaking-Point-Childrens-lives-one-year-under-Taliban-rule_Aug-2022.pdf\/\" target=\"_blank\" rel=\"noreferrer noopener\">https:\/\/resourcecentre.savethechildren.net\/pdf\/Breaking-Point-Childrens-lives-one-year-under-Taliban-rule_Aug-2022.pdf\/<\/a>, accessed in July 2023.<\/p>\n\n\n\n<p class=\"has-small-font-size wp-block-paragraph\">United Nations General Assembly. (1981, September 3). Convention on the Elimination of All Forms of Discrimination against Women<em>.<\/em> Retrieved from United Nations General Assembly at <a href=\"https:\/\/www.ohchr.org\/sites\/default\/files\/Documents\/ProfessionalInterest\/cedaw.pdf\" target=\"_blank\" rel=\"noreferrer noopener\">https:\/\/www.ohchr.org\/sites\/default\/files\/Documents\/ProfessionalInterest\/cedaw.pdf<\/a>, accessed in July 2023.<\/p>\n\n\n\n<p class=\"has-small-font-size wp-block-paragraph\">United Nations General Assembly. (1990, September 2). Convention on the Rights of the Child<em>.<\/em> Retrieved from United Nations General Assembly at <a href=\"https:\/\/www.ohchr.org\/sites\/default\/files\/Documents\/ProfessionalInterest\/crc.pdf\" target=\"_blank\" rel=\"noreferrer noopener\">https:\/\/www.ohchr.org\/sites\/default\/files\/Documents\/ProfessionalInterest\/crc.pdf<\/a>, accessed in July 2023.<\/p>\n\n\n\n<p class=\"has-small-font-size wp-block-paragraph\">United Nations OHCHR. (2021, August 30). Afghanistan: UN committees urge Taliban to honour their promises to protect women and girls. Retrieved from United Nations OHCHR at <a href=\"https:\/\/www.ohchr.org\/en\/press-releases\/2021\/08\/afghanistan-un-committees-urge-taliban-honour-their-promises-protect-women\" target=\"_blank\" rel=\"noreferrer noopener\">https:\/\/www.ohchr.org\/en\/press-releases\/2021\/08\/afghanistan-un-committees-urge-taliban-honour-their-promises-protect-women<\/a>, accessed in July 2023.<\/p>\n\n\n\n<p class=\"has-small-font-size wp-block-paragraph\">United Nations OHCHR. (2023, March 8). Afghanistan: UN experts say 20 years of progress for women and girls\u2019 rights erased since Taliban takeover. Retrieved from United Nations OHCHR at <a href=\"https:\/\/www.ohchr.org\/en\/press-releases\/2023\/03\/afghanistan-un-experts-say-20-years-progress-women-and-girls-rights-erased\" target=\"_blank\" rel=\"noreferrer noopener\">https:\/\/www.ohchr.org\/en\/press-releases\/2023\/03\/afghanistan-un-experts-say-20-years-progress-women-and-girls-rights-erased<\/a>, accessed in July 2023.<\/p>\n\n\n\n<p class=\"has-small-font-size wp-block-paragraph\">United Nations. (n.d.). <em>The United Nations in Afghanistan<\/em>. Retrieved from United Nations at <a href=\"https:\/\/afghanistan.un.org\/en\/about\/about-the-un#:~:text=Afghanistan%20officially%20joined%20the%20United,its%20diverse%20and%20unique%20culture\" target=\"_blank\" rel=\"noreferrer noopener\">https:\/\/afghanistan.un.org\/en\/about\/about-the-un#:~:text=Afghanistan%20officially%20joined%20the%20United,its%20diverse%20and%20unique%20culture<\/a>, accessed in July 2023.<\/p>\n\n\n\n<p class=\"has-small-font-size wp-block-paragraph\">United Nations Treaty Body Database. (n.d.). Ratification Status for Afghanistan. Retrieved from United Nations Treaty Body Database at <a href=\"https:\/\/tbinternet.ohchr.org\/_layouts\/15\/TreatyBodyExternal\/Treaty.aspx?CountryID=1&amp;Lang=EN\" target=\"_blank\" rel=\"noreferrer noopener\">https:\/\/tbinternet.ohchr.org\/_layouts\/15\/TreatyBodyExternal\/Treaty.aspx?CountryID=1&amp;Lang=EN<\/a>, accessed in July 2023.<\/p>\n\n\n\n<p class=\"has-small-font-size wp-block-paragraph\">United Nations Women. (2022, August 15). In focus: Women in Afghanistan one year after the Taliban takeover. Retrieved from United Nations Women at <a href=\"https:\/\/www.unwomen.org\/en\/news-stories\/in-focus\/2022\/08\/in-focus-women-in-afghanistan-one-year-after-the-taliban-takeover\" target=\"_blank\" rel=\"noreferrer noopener\">https:\/\/www.unwomen.org\/en\/news-stories\/in-focus\/2022\/08\/in-focus-women-in-afghanistan-one-year-after-the-taliban-takeover<\/a>, accessed in July 2023.<\/p>\n","protected":false},"excerpt":{"rendered":"<p>L&rsquo;Afghanistan est un pays qui jouit d&rsquo;une culture riche, de paysages magnifiques, mais c&rsquo;est \u00e9galement la terre d&rsquo;un peuple qui a subi d&rsquo;immenses souffrances. Le retour au pouvoir des talibans en 2021 a plac\u00e9 l&rsquo;Afghanistan au centre des pr\u00e9occupations en mati\u00e8re de droits de l&rsquo;homme. La crise \u00e9conomique, la pauvret\u00e9, la famine et la mise [&hellip;]<\/p>\n","protected":false},"author":69,"featured_media":55504,"comment_status":"closed","ping_status":"closed","sticky":false,"template":"","format":"standard","meta":{"footnotes":""},"categories":[220,4,5,233,234,214],"tags":[],"class_list":["post-55501","post","type-post","status-publish","format-standard","has-post-thumbnail","hentry","category-droits-des-enfants","category-droits-humains","category-education","category-exploitation","category-travail","category-violence"],"yoast_head":"<!-- This site is optimized with the Yoast SEO plugin v28.3 - https:\/\/yoast.com\/product\/yoast-seo-wordpress\/ -->\n<title>Les droits des filles afghanes bafou\u00e9s: les cons\u00e9quences de la prise de pouvoir par les talibans - Humanium<\/title>\n<meta name=\"description\" content=\"Le retour au pouvoir des talibans en 2021 a plac\u00e9 l&#039;Afghanistan au centre des pr\u00e9occupations en mati\u00e8re de droits de l&#039;homme.\" \/>\n<meta name=\"robots\" content=\"index, follow, max-snippet:-1, max-image-preview:large, max-video-preview:-1\" \/>\n<link rel=\"canonical\" href=\"https:\/\/www.humanium.org\/fr\/les-droits-des-filles-afghanes-bafoues-les-consequences-de-la-prise-de-pouvoir-par-les-talibans\/\" \/>\n<meta property=\"og:locale\" content=\"fr_FR\" \/>\n<meta property=\"og:type\" content=\"article\" \/>\n<meta property=\"og:title\" content=\"Les droits des filles afghanes bafou\u00e9s: les cons\u00e9quences de la prise de pouvoir par les talibans - Humanium\" \/>\n<meta property=\"og:description\" content=\"Le retour au pouvoir des talibans en 2021 a plac\u00e9 l&#039;Afghanistan au centre des pr\u00e9occupations en mati\u00e8re de droits de l&#039;homme.\" \/>\n<meta property=\"og:url\" content=\"https:\/\/www.humanium.org\/fr\/les-droits-des-filles-afghanes-bafoues-les-consequences-de-la-prise-de-pouvoir-par-les-talibans\/\" \/>\n<meta property=\"og:site_name\" content=\"Humanium\" \/>\n<meta property=\"article:published_time\" content=\"2023-08-15T12:26:03+00:00\" \/>\n<meta property=\"article:modified_time\" content=\"2026-08-21T03:19:37+00:00\" \/>\n<meta property=\"og:image\" content=\"https:\/\/www.humanium.org\/fr\/wp-content\/uploads\/2023\/08\/shutterstock_1492109840-scaled.jpg\" \/>\n\t<meta property=\"og:image:width\" content=\"2560\" \/>\n\t<meta property=\"og:image:height\" content=\"1893\" \/>\n\t<meta property=\"og:image:type\" content=\"image\/jpeg\" \/>\n<meta name=\"author\" content=\"Humanium\" \/>\n<meta name=\"twitter:card\" content=\"summary_large_image\" \/>\n<meta name=\"twitter:label1\" content=\"\u00c9crit par\" \/>\n\t<meta name=\"twitter:data1\" content=\"Humanium\" \/>\n\t<meta name=\"twitter:label2\" content=\"Dur\u00e9e de lecture estim\u00e9e\" \/>\n\t<meta name=\"twitter:data2\" content=\"10 minutes\" \/>\n<script type=\"application\/ld+json\" class=\"yoast-schema-graph\">{\"@context\":\"https:\\\/\\\/schema.org\",\"@graph\":[{\"@type\":\"Article\",\"@id\":\"https:\\\/\\\/www.humanium.org\\\/fr\\\/les-droits-des-filles-afghanes-bafoues-les-consequences-de-la-prise-de-pouvoir-par-les-talibans\\\/#article\",\"isPartOf\":{\"@id\":\"https:\\\/\\\/www.humanium.org\\\/fr\\\/les-droits-des-filles-afghanes-bafoues-les-consequences-de-la-prise-de-pouvoir-par-les-talibans\\\/\"},\"author\":{\"name\":\"Humanium\",\"@id\":\"https:\\\/\\\/www.humanium.org\\\/fr\\\/#\\\/schema\\\/person\\\/d798d6c7d59ba2307e0877f61a20ce3e\"},\"headline\":\"Les droits des filles afghanes bafou\u00e9s: les cons\u00e9quences de la prise de pouvoir par les talibans\",\"datePublished\":\"2023-08-15T12:26:03+00:00\",\"dateModified\":\"2026-08-21T03:19:37+00:00\",\"mainEntityOfPage\":{\"@id\":\"https:\\\/\\\/www.humanium.org\\\/fr\\\/les-droits-des-filles-afghanes-bafoues-les-consequences-de-la-prise-de-pouvoir-par-les-talibans\\\/\"},\"wordCount\":2074,\"image\":{\"@id\":\"https:\\\/\\\/www.humanium.org\\\/fr\\\/les-droits-des-filles-afghanes-bafoues-les-consequences-de-la-prise-de-pouvoir-par-les-talibans\\\/#primaryimage\"},\"thumbnailUrl\":\"https:\\\/\\\/www.humanium.org\\\/fr\\\/wp-content\\\/uploads\\\/2023\\\/08\\\/shutterstock_1492109840-scaled.jpg\",\"articleSection\":[\"Droits des enfants\",\"Droits humains\",\"Education\",\"Exploitation\",\"Travail\",\"violence\"],\"inLanguage\":\"fr-FR\"},{\"@type\":\"WebPage\",\"@id\":\"https:\\\/\\\/www.humanium.org\\\/fr\\\/les-droits-des-filles-afghanes-bafoues-les-consequences-de-la-prise-de-pouvoir-par-les-talibans\\\/\",\"url\":\"https:\\\/\\\/www.humanium.org\\\/fr\\\/les-droits-des-filles-afghanes-bafoues-les-consequences-de-la-prise-de-pouvoir-par-les-talibans\\\/\",\"name\":\"Les droits des filles afghanes bafou\u00e9s: les cons\u00e9quences de la prise de pouvoir par les talibans - Humanium\",\"isPartOf\":{\"@id\":\"https:\\\/\\\/www.humanium.org\\\/fr\\\/#website\"},\"primaryImageOfPage\":{\"@id\":\"https:\\\/\\\/www.humanium.org\\\/fr\\\/les-droits-des-filles-afghanes-bafoues-les-consequences-de-la-prise-de-pouvoir-par-les-talibans\\\/#primaryimage\"},\"image\":{\"@id\":\"https:\\\/\\\/www.humanium.org\\\/fr\\\/les-droits-des-filles-afghanes-bafoues-les-consequences-de-la-prise-de-pouvoir-par-les-talibans\\\/#primaryimage\"},\"thumbnailUrl\":\"https:\\\/\\\/www.humanium.org\\\/fr\\\/wp-content\\\/uploads\\\/2023\\\/08\\\/shutterstock_1492109840-scaled.jpg\",\"datePublished\":\"2023-08-15T12:26:03+00:00\",\"dateModified\":\"2026-08-21T03:19:37+00:00\",\"author\":{\"@id\":\"https:\\\/\\\/www.humanium.org\\\/fr\\\/#\\\/schema\\\/person\\\/d798d6c7d59ba2307e0877f61a20ce3e\"},\"description\":\"Le retour au pouvoir des talibans en 2021 a plac\u00e9 l'Afghanistan au centre des pr\u00e9occupations en mati\u00e8re de droits de l'homme.\",\"breadcrumb\":{\"@id\":\"https:\\\/\\\/www.humanium.org\\\/fr\\\/les-droits-des-filles-afghanes-bafoues-les-consequences-de-la-prise-de-pouvoir-par-les-talibans\\\/#breadcrumb\"},\"inLanguage\":\"fr-FR\",\"potentialAction\":[{\"@type\":\"ReadAction\",\"target\":[\"https:\\\/\\\/www.humanium.org\\\/fr\\\/les-droits-des-filles-afghanes-bafoues-les-consequences-de-la-prise-de-pouvoir-par-les-talibans\\\/\"]}]},{\"@type\":\"ImageObject\",\"inLanguage\":\"fr-FR\",\"@id\":\"https:\\\/\\\/www.humanium.org\\\/fr\\\/les-droits-des-filles-afghanes-bafoues-les-consequences-de-la-prise-de-pouvoir-par-les-talibans\\\/#primaryimage\",\"url\":\"https:\\\/\\\/www.humanium.org\\\/fr\\\/wp-content\\\/uploads\\\/2023\\\/08\\\/shutterstock_1492109840-scaled.jpg\",\"contentUrl\":\"https:\\\/\\\/www.humanium.org\\\/fr\\\/wp-content\\\/uploads\\\/2023\\\/08\\\/shutterstock_1492109840-scaled.jpg\",\"width\":2560,\"height\":1893},{\"@type\":\"BreadcrumbList\",\"@id\":\"https:\\\/\\\/www.humanium.org\\\/fr\\\/les-droits-des-filles-afghanes-bafoues-les-consequences-de-la-prise-de-pouvoir-par-les-talibans\\\/#breadcrumb\",\"itemListElement\":[{\"@type\":\"ListItem\",\"position\":1,\"name\":\"Home\",\"item\":\"https:\\\/\\\/www.humanium.org\\\/fr\\\/\"},{\"@type\":\"ListItem\",\"position\":2,\"name\":\"Les droits des filles afghanes bafou\u00e9s: les cons\u00e9quences de la prise de pouvoir par les talibans\"}]},{\"@type\":\"WebSite\",\"@id\":\"https:\\\/\\\/www.humanium.org\\\/fr\\\/#website\",\"url\":\"https:\\\/\\\/www.humanium.org\\\/fr\\\/\",\"name\":\"Humanium\",\"description\":\"Les enfants d\u2019abord !\",\"potentialAction\":[{\"@type\":\"SearchAction\",\"target\":{\"@type\":\"EntryPoint\",\"urlTemplate\":\"https:\\\/\\\/www.humanium.org\\\/fr\\\/?s={search_term_string}\"},\"query-input\":{\"@type\":\"PropertyValueSpecification\",\"valueRequired\":true,\"valueName\":\"search_term_string\"}}],\"inLanguage\":\"fr-FR\"},{\"@type\":\"Person\",\"@id\":\"https:\\\/\\\/www.humanium.org\\\/fr\\\/#\\\/schema\\\/person\\\/d798d6c7d59ba2307e0877f61a20ce3e\",\"name\":\"Humanium\",\"image\":{\"@type\":\"ImageObject\",\"inLanguage\":\"fr-FR\",\"@id\":\"https:\\\/\\\/secure.gravatar.com\\\/avatar\\\/22715e338d2fcc547e3a431c4738360d33fea2a4af458f865b2c3b22f1eaa51f?s=96&d=mm&r=g\",\"url\":\"https:\\\/\\\/secure.gravatar.com\\\/avatar\\\/22715e338d2fcc547e3a431c4738360d33fea2a4af458f865b2c3b22f1eaa51f?s=96&d=mm&r=g\",\"contentUrl\":\"https:\\\/\\\/secure.gravatar.com\\\/avatar\\\/22715e338d2fcc547e3a431c4738360d33fea2a4af458f865b2c3b22f1eaa51f?s=96&d=mm&r=g\",\"caption\":\"Humanium\"},\"url\":\"https:\\\/\\\/www.humanium.org\\\/fr\\\/author\\\/humanium\\\/\"}]}<\/script>\n<!-- \/ Yoast SEO plugin. -->","yoast_head_json":{"title":"Les droits des filles afghanes bafou\u00e9s: les cons\u00e9quences de la prise de pouvoir par les talibans - Humanium","description":"Le retour au pouvoir des talibans en 2021 a plac\u00e9 l'Afghanistan au centre des pr\u00e9occupations en mati\u00e8re de droits de l'homme.","robots":{"index":"index","follow":"follow","max-snippet":"max-snippet:-1","max-image-preview":"max-image-preview:large","max-video-preview":"max-video-preview:-1"},"canonical":"https:\/\/www.humanium.org\/fr\/les-droits-des-filles-afghanes-bafoues-les-consequences-de-la-prise-de-pouvoir-par-les-talibans\/","og_locale":"fr_FR","og_type":"article","og_title":"Les droits des filles afghanes bafou\u00e9s: les cons\u00e9quences de la prise de pouvoir par les talibans - Humanium","og_description":"Le retour au pouvoir des talibans en 2021 a plac\u00e9 l'Afghanistan au centre des pr\u00e9occupations en mati\u00e8re de droits de l'homme.","og_url":"https:\/\/www.humanium.org\/fr\/les-droits-des-filles-afghanes-bafoues-les-consequences-de-la-prise-de-pouvoir-par-les-talibans\/","og_site_name":"Humanium","article_published_time":"2023-08-15T12:26:03+00:00","article_modified_time":"2026-08-21T03:19:37+00:00","og_image":[{"width":2560,"height":1893,"url":"https:\/\/www.humanium.org\/fr\/wp-content\/uploads\/2023\/08\/shutterstock_1492109840-scaled.jpg","type":"image\/jpeg"}],"author":"Humanium","twitter_card":"summary_large_image","twitter_misc":{"\u00c9crit par":"Humanium","Dur\u00e9e de lecture estim\u00e9e":"10 minutes"},"schema":{"@context":"https:\/\/schema.org","@graph":[{"@type":"Article","@id":"https:\/\/www.humanium.org\/fr\/les-droits-des-filles-afghanes-bafoues-les-consequences-de-la-prise-de-pouvoir-par-les-talibans\/#article","isPartOf":{"@id":"https:\/\/www.humanium.org\/fr\/les-droits-des-filles-afghanes-bafoues-les-consequences-de-la-prise-de-pouvoir-par-les-talibans\/"},"author":{"name":"Humanium","@id":"https:\/\/www.humanium.org\/fr\/#\/schema\/person\/d798d6c7d59ba2307e0877f61a20ce3e"},"headline":"Les droits des filles afghanes bafou\u00e9s: les cons\u00e9quences de la prise de pouvoir par les talibans","datePublished":"2023-08-15T12:26:03+00:00","dateModified":"2026-08-21T03:19:37+00:00","mainEntityOfPage":{"@id":"https:\/\/www.humanium.org\/fr\/les-droits-des-filles-afghanes-bafoues-les-consequences-de-la-prise-de-pouvoir-par-les-talibans\/"},"wordCount":2074,"image":{"@id":"https:\/\/www.humanium.org\/fr\/les-droits-des-filles-afghanes-bafoues-les-consequences-de-la-prise-de-pouvoir-par-les-talibans\/#primaryimage"},"thumbnailUrl":"https:\/\/www.humanium.org\/fr\/wp-content\/uploads\/2023\/08\/shutterstock_1492109840-scaled.jpg","articleSection":["Droits des enfants","Droits humains","Education","Exploitation","Travail","violence"],"inLanguage":"fr-FR"},{"@type":"WebPage","@id":"https:\/\/www.humanium.org\/fr\/les-droits-des-filles-afghanes-bafoues-les-consequences-de-la-prise-de-pouvoir-par-les-talibans\/","url":"https:\/\/www.humanium.org\/fr\/les-droits-des-filles-afghanes-bafoues-les-consequences-de-la-prise-de-pouvoir-par-les-talibans\/","name":"Les droits des filles afghanes bafou\u00e9s: les cons\u00e9quences de la prise de pouvoir par les talibans - Humanium","isPartOf":{"@id":"https:\/\/www.humanium.org\/fr\/#website"},"primaryImageOfPage":{"@id":"https:\/\/www.humanium.org\/fr\/les-droits-des-filles-afghanes-bafoues-les-consequences-de-la-prise-de-pouvoir-par-les-talibans\/#primaryimage"},"image":{"@id":"https:\/\/www.humanium.org\/fr\/les-droits-des-filles-afghanes-bafoues-les-consequences-de-la-prise-de-pouvoir-par-les-talibans\/#primaryimage"},"thumbnailUrl":"https:\/\/www.humanium.org\/fr\/wp-content\/uploads\/2023\/08\/shutterstock_1492109840-scaled.jpg","datePublished":"2023-08-15T12:26:03+00:00","dateModified":"2026-08-21T03:19:37+00:00","author":{"@id":"https:\/\/www.humanium.org\/fr\/#\/schema\/person\/d798d6c7d59ba2307e0877f61a20ce3e"},"description":"Le retour au pouvoir des talibans en 2021 a plac\u00e9 l'Afghanistan au centre des pr\u00e9occupations en mati\u00e8re de droits de l'homme.","breadcrumb":{"@id":"https:\/\/www.humanium.org\/fr\/les-droits-des-filles-afghanes-bafoues-les-consequences-de-la-prise-de-pouvoir-par-les-talibans\/#breadcrumb"},"inLanguage":"fr-FR","potentialAction":[{"@type":"ReadAction","target":["https:\/\/www.humanium.org\/fr\/les-droits-des-filles-afghanes-bafoues-les-consequences-de-la-prise-de-pouvoir-par-les-talibans\/"]}]},{"@type":"ImageObject","inLanguage":"fr-FR","@id":"https:\/\/www.humanium.org\/fr\/les-droits-des-filles-afghanes-bafoues-les-consequences-de-la-prise-de-pouvoir-par-les-talibans\/#primaryimage","url":"https:\/\/www.humanium.org\/fr\/wp-content\/uploads\/2023\/08\/shutterstock_1492109840-scaled.jpg","contentUrl":"https:\/\/www.humanium.org\/fr\/wp-content\/uploads\/2023\/08\/shutterstock_1492109840-scaled.jpg","width":2560,"height":1893},{"@type":"BreadcrumbList","@id":"https:\/\/www.humanium.org\/fr\/les-droits-des-filles-afghanes-bafoues-les-consequences-de-la-prise-de-pouvoir-par-les-talibans\/#breadcrumb","itemListElement":[{"@type":"ListItem","position":1,"name":"Home","item":"https:\/\/www.humanium.org\/fr\/"},{"@type":"ListItem","position":2,"name":"Les droits des filles afghanes bafou\u00e9s: les cons\u00e9quences de la prise de pouvoir par les talibans"}]},{"@type":"WebSite","@id":"https:\/\/www.humanium.org\/fr\/#website","url":"https:\/\/www.humanium.org\/fr\/","name":"Humanium","description":"Les enfants d\u2019abord !","potentialAction":[{"@type":"SearchAction","target":{"@type":"EntryPoint","urlTemplate":"https:\/\/www.humanium.org\/fr\/?s={search_term_string}"},"query-input":{"@type":"PropertyValueSpecification","valueRequired":true,"valueName":"search_term_string"}}],"inLanguage":"fr-FR"},{"@type":"Person","@id":"https:\/\/www.humanium.org\/fr\/#\/schema\/person\/d798d6c7d59ba2307e0877f61a20ce3e","name":"Humanium","image":{"@type":"ImageObject","inLanguage":"fr-FR","@id":"https:\/\/secure.gravatar.com\/avatar\/22715e338d2fcc547e3a431c4738360d33fea2a4af458f865b2c3b22f1eaa51f?s=96&d=mm&r=g","url":"https:\/\/secure.gravatar.com\/avatar\/22715e338d2fcc547e3a431c4738360d33fea2a4af458f865b2c3b22f1eaa51f?s=96&d=mm&r=g","contentUrl":"https:\/\/secure.gravatar.com\/avatar\/22715e338d2fcc547e3a431c4738360d33fea2a4af458f865b2c3b22f1eaa51f?s=96&d=mm&r=g","caption":"Humanium"},"url":"https:\/\/www.humanium.org\/fr\/author\/humanium\/"}]}},"_links":{"self":[{"href":"https:\/\/www.humanium.org\/fr\/wp-json\/wp\/v2\/posts\/55501","targetHints":{"allow":["GET"]}}],"collection":[{"href":"https:\/\/www.humanium.org\/fr\/wp-json\/wp\/v2\/posts"}],"about":[{"href":"https:\/\/www.humanium.org\/fr\/wp-json\/wp\/v2\/types\/post"}],"author":[{"embeddable":true,"href":"https:\/\/www.humanium.org\/fr\/wp-json\/wp\/v2\/users\/69"}],"replies":[{"embeddable":true,"href":"https:\/\/www.humanium.org\/fr\/wp-json\/wp\/v2\/comments?post=55501"}],"version-history":[{"count":6,"href":"https:\/\/www.humanium.org\/fr\/wp-json\/wp\/v2\/posts\/55501\/revisions"}],"predecessor-version":[{"id":62625,"href":"https:\/\/www.humanium.org\/fr\/wp-json\/wp\/v2\/posts\/55501\/revisions\/62625"}],"wp:featuredmedia":[{"embeddable":true,"href":"https:\/\/www.humanium.org\/fr\/wp-json\/wp\/v2\/media\/55504"}],"wp:attachment":[{"href":"https:\/\/www.humanium.org\/fr\/wp-json\/wp\/v2\/media?parent=55501"}],"wp:term":[{"taxonomy":"category","embeddable":true,"href":"https:\/\/www.humanium.org\/fr\/wp-json\/wp\/v2\/categories?post=55501"},{"taxonomy":"post_tag","embeddable":true,"href":"https:\/\/www.humanium.org\/fr\/wp-json\/wp\/v2\/tags?post=55501"}],"curies":[{"name":"wp","href":"https:\/\/api.w.org\/{rel}","templated":true}]}}