{"id":55685,"date":"2023-09-19T06:41:15","date_gmt":"2023-09-19T06:41:15","guid":{"rendered":"https:\/\/www.humanium.org\/fr\/?p=55685"},"modified":"2026-08-21T03:19:37","modified_gmt":"2026-08-21T03:19:37","slug":"etats-unis-fortes-inquietudes-face-a-la-nouvelle-reglementation-sur-le-travail-des-enfants","status":"publish","type":"post","link":"https:\/\/www.humanium.org\/fr\/etats-unis-fortes-inquietudes-face-a-la-nouvelle-reglementation-sur-le-travail-des-enfants\/","title":{"rendered":"\u00c9tats-Unis: Fortes inqui\u00e9tudes face \u00e0 la nouvelle r\u00e9glementation sur le travail des enfants"},"content":{"rendered":"\n<p class=\"wp-block-paragraph\"><strong>Depuis 1938, aux \u00c9tats-Unis, les lois sur le <\/strong><a href=\"https:\/\/www.humanium.org\/fr\/travail%20des%20enfants\/\"><strong>travail des enfants<\/strong><\/a><strong> ont permis de cr\u00e9er un \u00e9quilibre fragile entre le progr\u00e8s \u00e9conomique et la <\/strong><a href=\"https:\/\/www.humanium.org\/fr\/comprendre-droits-enfant\/protection\/\"><strong>protection des jeunes travailleurs<\/strong><\/a><strong>. Malgr\u00e9 l\u2019abolition de l\u2019esclavage il y a fort longtemps, les progr\u00e8s r\u00e9cents observ\u00e9s dans certains \u00c9tats ne sont pas r\u00e9alis\u00e9s dans le respect des lois en vigueur sur le <\/strong><a href=\"https:\/\/www.humanium.org\/fr\/travail%20des%20enfants\/\"><strong>travail des enfants<\/strong><\/a><strong>, ceci \u00e0 cause des pressions \u00e9conomiques et du besoin en main d&rsquo;\u0153uvre. Cependant, les inqui\u00e9tudes relatives \u00e0 la s\u00e9curit\u00e9 sur le lieu de travail demeurent; et cela s\u2019illustre par le nombre de d\u00e9c\u00e8s enregistr\u00e9s parmi les jeunes travailleurs qui effectuent des travaux dangereux.<\/strong><\/p>\n\n\n\n<h2 class=\"wp-block-heading\"><strong>\u00c9tats-Unis: Lois sur le <\/strong><a href=\"https:\/\/www.humanium.org\/fr\/travail%20des%20enfants\/\"><strong>travail des enfants<\/strong><\/a>, <strong>de 1938 \u00e0 nos jours<\/strong><\/h2>\n\n\n\n<p class=\"wp-block-paragraph\">Le <a href=\"https:\/\/www.humanium.org\/fr\/travail%20des%20enfants\/\">travail des enfants<\/a> comporte plusieurs dimensions. Tout travail effectu\u00e9 par un enfant ne saurait \u00eatre consid\u00e9r\u00e9 comme pr\u00e9judiciable. Par exemple, les t\u00e2ches qui impliquent de travailler dans l\u2019entreprise familiale ou de gagner de l\u2019argent de poche peuvent contribuer au d\u00e9veloppement des comp\u00e9tences et \u00e0 la croissance. <\/p>\n\n\n\n<p class=\"wp-block-paragraph\">Cependant, le <a href=\"https:\/\/www.humanium.org\/fr\/travail%20des%20enfants\/\">travail des enfants<\/a> fait r\u00e9f\u00e9rence aux activit\u00e9s pr\u00e9judiciables au <a href=\"https:\/\/www.humanium.org\/fr\/le-bien-etre-mental-des-enfants\/\">bien-\u00eatre<\/a> mental, physique, social, ou moral, et \u00e0 celles qui constituent un frein \u00e0 l\u2019<a href=\"https:\/\/www.humanium.org\/en\/right-to-education\/\">\u00e9ducation<\/a>. Cela concerne les travaux dangereux qui ne favorisent pas l\u2019assiduit\u00e9 \u00e0 l\u2019\u00e9cole, ou qui impliquent de travailler de mani\u00e8re excessive (Organisation internationale du travail, s. o.).<\/p>\n\n\n\n<p class=\"wp-block-paragraph\">Historiquement, les \u00c9tats-Unis ont connu des difficult\u00e9s en ce qui concerne les <a href=\"https:\/\/www.humanium.org\/fr\/droits-enfant\/\">droits des enfants<\/a>, et n\u2019ont abord\u00e9 officiellement la question du <a href=\"https:\/\/www.humanium.org\/fr\/travail%20des%20enfants\/\">travail des enfants<\/a> que dans le cadre de la Loi f\u00e9d\u00e9rale de 1938 sur les normes de travail \u00e9quitables (FLSA), dont le but \u00e9tait de <a href=\"https:\/\/www.humanium.org\/fr\/comprendre-droits-enfant\/protection\/\">prot\u00e9ger les enfants<\/a> contre toute forme d\u2019<a href=\"https:\/\/www.humanium.org\/fr\/exploitation\/\">exploitation par le travail<\/a> (Ritter A. J, 2015). <\/p>\n\n\n\n<p class=\"wp-block-paragraph\">Cette loi pr\u00e9voyait des mesures rigoureuses, notamment l\u2019interdiction d\u2019employer des enfants de moins de 14 ans, et la d\u00e9finition des horaires de travail fixes pour les enfants \u00e2g\u00e9s de 18 ans ou moins. En outre, la FLSA avait \u00e9valu\u00e9 et exclu les travailleurs jeunes des emplois \u00e0 hauts risques, afin de garantir leur s\u00e9curit\u00e9 (Filter A. J. et al., 2023).<\/p>\n\n\n\n<p class=\"wp-block-paragraph\">Avant la promulgation de cette loi, les \u00c9tats-Unis ne disposaient pas de lignes directrices f\u00e9d\u00e9rales concernant le <a href=\"https:\/\/www.humanium.org\/en\/child-labour\/\">travail des enfants<\/a>. Ce vide juridique a souvent donn\u00e9 lieu \u00e0 des inconsistances \u00e0 travers les \u00c9tats, exposant ainsi plusieurs enfants \u00e0 des conditions de travail dangereuses, notamment dans des mines ou des usines, dont la r\u00e9putation \u00e9tait mauvaise. <\/p>\n\n\n\n<p class=\"wp-block-paragraph\">L&rsquo;une des difficult\u00e9s les plus marquantes s\u2019est pos\u00e9e en 1982 lorsque le pr\u00e9sident Ronald Reagan avait propos\u00e9 d\u2019assouplir davantage les lois, afin de permettre aux enfants de 14 \u00e0 15 ans d\u2019effectuer des heures suppl\u00e9mentaires, particuli\u00e8rement dans les secteurs de la restauration rapide et du commerce de d\u00e9tail. Cependant, une coalition compos\u00e9e de plusieurs groupes avait bloqu\u00e9 les amendements propos\u00e9s (Filter A. J. et al., 2023).<\/p>\n\n\n\n<p class=\"wp-block-paragraph\">Au cours des deux derni\u00e8res ann\u00e9es, dix \u00c9tats ont continu\u00e9 d\u2019affaiblir la <a href=\"https:\/\/www.humanium.org\/fr\/comprendre-droits-enfant\/protection\/\">protection des jeunes travailleurs<\/a>. En 2023, sept projets de loi ayant pour but d\u2019affaiblir la protection contre le <a href=\"https:\/\/www.humanium.org\/fr\/travail%20des%20enfants\/\">travail des enfants<\/a> ont \u00e9t\u00e9 propos\u00e9s. <\/p>\n\n\n\n<p class=\"wp-block-paragraph\">Dans ces projets de loi, les restrictions sur les travaux dangereux ont \u00e9t\u00e9 all\u00e9g\u00e9es, afin de permettre aux enfants \u00e2g\u00e9s d\u2019au moins 14 ans de travailler dans des endroits particuli\u00e8rement difficiles, notamment des chambres froides pour boucherie. <\/p>\n\n\n\n<p class=\"wp-block-paragraph\">Ceux-ci sugg\u00e8rent \u00e9galement de permettre aux adolescents \u00e0 partir de 14 ans et demi de conduire sur des courtes distances dans le cadre du travail, et \u00e9ventuellement permettre \u00e0 ceux \u00e2g\u00e9s de 14 \u00e0 17 ans de pouvoir effectuer des travaux comportant des risques, dans le cadre d&rsquo;un \u00abprogramme d&rsquo;apprentissage bas\u00e9 sur le travail\u00bb, ceci avec l&rsquo;approbation de l&rsquo;\u00c9tat (Sherer J. et al., 2023).<\/p>\n\n\n\n<h2 class=\"wp-block-heading\"><strong>Les pressions \u00e9conomiques sont \u00e0 l\u2019origine des amendements apport\u00e9s aux lois relatives au <\/strong><a href=\"https:\/\/www.humanium.org\/fr\/travail%20des%20enfants\/\"><strong>travail des enfants<\/strong><\/a><\/h2>\n\n\n\n<p class=\"wp-block-paragraph\">A cause des pressions \u00e9conomiques, les entreprises, souvent en qu\u00eate de flexibilit\u00e9, pr\u00e9f\u00e8rent embaucher des enfants. Pour les grandes firmes, embaucher des enfants signifie cr\u00e9er des emplois et r\u00e9duire les co\u00fbts de main-d&rsquo;\u0153uvre. <\/p>\n\n\n\n<p class=\"wp-block-paragraph\">Partant, pour r\u00e9pondre aux besoins \u00e9conomiques du pays, plusieurs \u00c9tats am\u00e9ricains ont commenc\u00e9 \u00e0 lever le pied en ce qui concerne les mesures de protection contre le <a href=\"https:\/\/www.humanium.org\/fr\/travail%20des%20enfants\/\">travail des enfants<\/a>. Des initiatives ont vu le jour en 2022 dans des \u00c9tats tels que l\u2019Iowa, l\u2019Arkansas, le New Jersey et le New Hampshire qui ont promulgu\u00e9 des lois permettant aux enfants \u00e2g\u00e9s de 14 \u00e0 17 ans de travailler de nuit, durant de longues heures, et d\u2019effectuer des t\u00e2ches qui leur \u00e9taient jusque-l\u00e0 interdites. (Filter A. J. et al., 2023).<\/p>\n\n\n\n<p class=\"wp-block-paragraph\">Le nombre <a href=\"https:\/\/www.humanium.org\/fr\/travail%20des%20enfants\/\">d\u2019enfants qui travaillent<\/a>, et qui sont \u00e2g\u00e9s de 15 \u00e0 17 ans, a connu des variations depuis 2003, atteignant un pic de 3,3 millions durant l\u2019\u00e9t\u00e9 de ladite ann\u00e9e. Ce nombre est descendu \u00e0 1,9 millions en 2011, mais est ensuite pass\u00e9 \u00e0 2,5 millions en 2017. Selon les donn\u00e9es analys\u00e9es par le GAO et provenant du Minist\u00e8re am\u00e9ricain du commerce et du Minist\u00e8re am\u00e9ricain du travail, les industries non agricoles employaient environ 2,5 millions de ces enfants au cours de l&rsquo;\u00e9t\u00e9 2017 (United States Government Accountability Office, 2018).<\/p>\n\n\n\n<p class=\"wp-block-paragraph\">Pendant les p\u00e9riodes de r\u00e9cession \u00e9conomique, le nombre d\u2019<a href=\"https:\/\/www.humanium.org\/fr\/travail%20des%20enfants\/\">enfants qui travaillent<\/a> avait diminu\u00e9, laissant ainsi supposer que les familles se trouvaient dans une situation financi\u00e8re davantage stable ou qu\u2019il y avait moins d\u2019opportunit\u00e9s d\u2019emplois. \u00c0 mesure que la situation \u00e9conomique s\u2019am\u00e9liorait, le nombre d&rsquo;enfants qui travaillaient augmentait. <\/p>\n\n\n\n<p class=\"wp-block-paragraph\">Cela indique que m\u00eame durant les p\u00e9riodes de reprise \u00e9conomique, de nombreuses familles continuent d\u2019\u00eatre confront\u00e9s \u00e0 des difficult\u00e9s d\u2019ordre financi\u00e8re, ce qui les am\u00e8ne \u00e0 d\u00e9pendre des revenus de leurs enfants.&nbsp;<\/p>\n\n\n\n<h2 class=\"wp-block-heading\"><a href=\"https:\/\/www.humanium.org\/fr\/travail%20des%20enfants\/\"><strong>Travail des enfants<\/strong><\/a><strong> et s\u00e9curit\u00e9 sur le lieu de travail<\/strong><\/h2>\n\n\n\n<p class=\"wp-block-paragraph\">Selon le rapport \u00abD\u00e9c\u00e8s en milieu de travail en 2023\u00bb publi\u00e9 par la F\u00e9d\u00e9ration am\u00e9ricaine du travail &#8211; Congr\u00e8s des organisations industrielles, \u00ab350 travailleurs am\u00e9ricains de moins de 25 ans ont trouv\u00e9 la mort au travail en 2021, notamment 24 travailleurs \u00e2g\u00e9s de moins de 18 ans\u00bb (Sainato M, 2023).&nbsp;<\/p>\n\n\n\n<p class=\"wp-block-paragraph\">Un projet de loi a r\u00e9cemment \u00e9t\u00e9 d\u00e9pos\u00e9 une fois de plus, dans le but de permettre aux jeunes de 16 et 17 ans d&rsquo;effectuer des travaux m\u00e9canis\u00e9s dans le secteur de l&rsquo;exploitation foresti\u00e8re, et ce sous la supervision d\u2019adultes. La proposition de cette loi a suscit\u00e9 une vive controverse en raison du nombre inqui\u00e9tant de d\u00e9c\u00e8s d&rsquo;enfants enregistr\u00e9s dans ce secteur. <\/p>\n\n\n\n<p class=\"wp-block-paragraph\">L&rsquo;industrie foresti\u00e8re est l&rsquo;un des secteurs les plus p\u00e9rilleux pour les travailleurs aux <a href=\"https:\/\/www.humanium.org\/fr\/etats-unis\/\">\u00c9tats-Unis<\/a>. Ses statistiques le placent constamment au premier rang des industries ayant les taux d&rsquo;accidents du travail les plus \u00e9lev\u00e9s du pays (Sainato M, 2023).<\/p>\n\n\n\n<figure class=\"wp-block-image size-large\"><img loading=\"lazy\" decoding=\"async\" width=\"1024\" height=\"678\" src=\"https:\/\/www.humanium.org\/fr\/wp-content\/uploads\/2023\/09\/shutterstock_134853440-1024x678.jpg\" alt=\"\" class=\"wp-image-55687\" srcset=\"https:\/\/www.humanium.org\/fr\/wp-content\/uploads\/2023\/09\/shutterstock_134853440-1024x678.jpg 1024w, https:\/\/www.humanium.org\/fr\/wp-content\/uploads\/2023\/09\/shutterstock_134853440-300x199.jpg 300w, https:\/\/www.humanium.org\/fr\/wp-content\/uploads\/2023\/09\/shutterstock_134853440-768x509.jpg 768w, https:\/\/www.humanium.org\/fr\/wp-content\/uploads\/2023\/09\/shutterstock_134853440-1536x1017.jpg 1536w, https:\/\/www.humanium.org\/fr\/wp-content\/uploads\/2023\/09\/shutterstock_134853440-2048x1356.jpg 2048w, https:\/\/www.humanium.org\/fr\/wp-content\/uploads\/2023\/09\/shutterstock_134853440-830x550.jpg 830w, https:\/\/www.humanium.org\/fr\/wp-content\/uploads\/2023\/09\/shutterstock_134853440-230x152.jpg 230w, https:\/\/www.humanium.org\/fr\/wp-content\/uploads\/2023\/09\/shutterstock_134853440-350x232.jpg 350w, https:\/\/www.humanium.org\/fr\/wp-content\/uploads\/2023\/09\/shutterstock_134853440-480x318.jpg 480w\" sizes=\"auto, (max-width: 1024px) 100vw, 1024px\" \/><\/figure>\n\n\n\n<p class=\"wp-block-paragraph\">En juin 2023, une trag\u00e9die est survenue dans le Wisconsin lorsqu&rsquo;un adolescent de 16 ans, Michael Schuls, a perdu la vie alors qu&rsquo;il travaillait dans une entreprise d&rsquo;exploitation foresti\u00e8re. Dans la m\u00eame lanc\u00e9e que la tendance nationale, le Wisconsin, au cours de ces derni\u00e8res ann\u00e9es, a connu une augmentation consid\u00e9rable du nombre de plaintes relatives au travail des enfants, rejoignant ainsi les rangs des \u00c9tats qui cherchent \u00e0 assouplir les lois contre le <a href=\"https:\/\/www.humanium.org\/fr\/travail%20des%20enfants\/\">travail des enfants<\/a>. <\/p>\n\n\n\n<p class=\"wp-block-paragraph\">Cet \u00e9v\u00e9nement malheureux met en lumi\u00e8re les dangers potentiels auxquels les jeunes travailleurs peuvent \u00eatre confront\u00e9s lorsqu&rsquo;ils travaillent dans des industries qui les exposent \u00e0 des situations dangereuses (Marcus J, 2023).<\/p>\n\n\n\n<p class=\"wp-block-paragraph\">Pire encore, les <a href=\"https:\/\/www.humanium.org\/fr\/etats-unis\/\">\u00c9tats-Unis<\/a> sont tristement c\u00e9l\u00e8bres pour la g\u00e9n\u00e9ralisation de <a href=\"https:\/\/www.humanium.org\/fr\/exploitation\/\">l&rsquo;exploitation des enfants migrants<\/a>, qui exercent souvent des m\u00e9tiers qui comportent des risques. La bonne nouvelle, c&rsquo;est que le Minist\u00e8re am\u00e9ricain du travail s&rsquo;attaque \u00e0 ce probl\u00e8me en infligeant des amendes d&rsquo;un million de dollars aux entreprises qui enfreignent les lois sur le <a href=\"https:\/\/www.humanium.org\/fr\/travail%20des%20enfants\/\">travail des enfants<\/a>. <\/p>\n\n\n\n<p class=\"wp-block-paragraph\">Cependant, en raison de la grande <a href=\"https:\/\/www.humanium.org\/fr\/pauvrete\/\">pauvret\u00e9<\/a> et des options limit\u00e9es en mati\u00e8re de s\u00e9curit\u00e9, les jeunes migrants sont contraints de travailler dans des conditions dangereuses. Les politiques d&rsquo;immigration restrictives les exposent encore davantage \u00e0 <a href=\"https:\/\/www.humanium.org\/fr\/exploitation\/\">l\u2019exploitation<\/a> et \u00e0 la servitude pour dette (Hernandez K, 2023).<\/p>\n\n\n\n<p class=\"wp-block-paragraph\">Le probl\u00e8me est que les t\u00e2ches qui sont g\u00e9n\u00e9ralement sans danger pour les adultes peuvent s&rsquo;av\u00e9rer extr\u00eamement p\u00e9rilleuses pour les enfants. Les enfants sont moins costauds et plus vuln\u00e9rables, et sont donc davantage susceptibles de se blesser. Dans les exploitations agricoles, ils manipulent des outils tranchants et des pesticides, et n&rsquo;ont pas souvent de salle de bain ad\u00e9quate. <\/p>\n\n\n\n<p class=\"wp-block-paragraph\">Parmi les autres emplois dangereux, citons le port de charges lourdes dans le secteur de la construction, le contact avec les radiations dans les centrales nucl\u00e9aires et l&rsquo;inhalation de gaz nocifs dans des industries telles que celles du cuir et du verre. Certains enfants sont m\u00eame empoisonn\u00e9s par le plomb et le mercure dans les exploitations mini\u00e8res et les verreries (The World Counts, s. o.).<\/p>\n\n\n\n<p class=\"wp-block-paragraph\">Les nouvelles lois de certains \u00c9tats vont \u00e0 l\u2019encontre des nombreuses recherches qui montrent que de longues heures de travail peuvent nuire \u00e0 la sant\u00e9 des enfants et \u00e0 la croissance des enfants. Les jeunes sont plus susceptibles d&rsquo;\u00eatre victimes d&rsquo;accidents du travail et expos\u00e9s \u00e0 des produits chimiques nocifs par rapport aux personnes plus \u00e2g\u00e9es. En outre, les jeunes adultes qui quittent <a href=\"https:\/\/www.humanium.org\/en\/right-to-education\/\">l\u2019\u00e9cole<\/a> afin d\u2019exercer un emploi sont moins bien r\u00e9mun\u00e9r\u00e9s et connaissent des taux de ch\u00f4mage plus \u00e9lev\u00e9s (Sherer J. et al., 2023).<\/p>\n\n\n\n<h2 class=\"wp-block-heading\"><strong>Comprendre l&rsquo;impact futur: \u00e9quilibrer la croissance et le bien-\u00eatre des enfants<\/strong><\/h2>\n\n\n\n<p class=\"wp-block-paragraph\">La priorit\u00e9 consiste \u00e0 \u00e9radiquer les pires formes du <a href=\"https:\/\/www.humanium.org\/fr\/travail%20des%20enfants\/\">travail des enfants<\/a> qui pr\u00e9sentent un danger pour la sant\u00e9, la s\u00e9curit\u00e9 ou la moralit\u00e9 des enfants. Il s&rsquo;agit de l&rsquo;esclavage, du <a href=\"https:\/\/www.humanium.org\/fr\/exploitation\/\">travail forc\u00e9,<\/a> de la traite, de la <a href=\"https:\/\/www.humanium.org\/fr\/prostitution-infantile\/\">prostitution enfantine<\/a> et du travail dangereux des enfants (Organisation internationale du travail, s. o.). Les employeurs et les l\u00e9gislateurs doivent collaborer pour mettre en \u0153uvre des r\u00e9glementations strictes, des syst\u00e8mes de contr\u00f4le efficaces et des m\u00e9canismes de soutien d\u00e9taill\u00e9s afin d&rsquo;\u00e9liminer les formes de <a href=\"https:\/\/www.humanium.org\/fr\/travail%20des%20enfants\/\">travail des enfants<\/a> susmentionn\u00e9es et d\u2019assurer le <a href=\"https:\/\/www.humanium.org\/fr\/le-bien-etre-mental-des-enfants\/\">bien-\u00eatre des jeunes travailleurs<\/a>.<\/p>\n\n\n\n<p class=\"wp-block-paragraph\">Pour y parvenir, les employeurs devraient avoir comme priorit\u00e9 de cr\u00e9er des environnements de travail \u00e9quitables, d&rsquo;offrir des salaires justes et de favoriser la diversit\u00e9. Les l\u00e9gislateurs devraient, quant \u00e0 eux, renforcer les normes du travail et leur application en garantissant un financement ad\u00e9quat et en appliquant des sanctions plus s\u00e9v\u00e8res. <\/p>\n\n\n\n<p class=\"wp-block-paragraph\">Les jeunes travailleurs et les travailleurs immigr\u00e9s devraient \u00eatre habilit\u00e9s \u00e0 former des syndicats, particuli\u00e8rement dans des secteurs tels que ceux de l&rsquo;agriculture et du travail domestique. Il s&rsquo;agit l\u00e0 d&rsquo;un moyen \u00e9quitable et efficace pour pallier les lacunes sur le plan de la l\u00e9gislation du travail, garantir l&rsquo;\u00e9galit\u00e9 des droits pour tous et <a href=\"https:\/\/www.humanium.org\/fr\/comprendre-droits-enfant\/protection\/\">prot\u00e9ger les enfants<\/a> (Sherer Jennifer et al., 2023).<\/p>\n\n\n\n<figure class=\"wp-block-image size-large\"><img loading=\"lazy\" decoding=\"async\" width=\"1024\" height=\"683\" src=\"https:\/\/www.humanium.org\/fr\/wp-content\/uploads\/2023\/09\/shutterstock_1902063091-1024x683.jpg\" alt=\"\" class=\"wp-image-55686\" srcset=\"https:\/\/www.humanium.org\/fr\/wp-content\/uploads\/2023\/09\/shutterstock_1902063091-1024x683.jpg 1024w, https:\/\/www.humanium.org\/fr\/wp-content\/uploads\/2023\/09\/shutterstock_1902063091-300x200.jpg 300w, https:\/\/www.humanium.org\/fr\/wp-content\/uploads\/2023\/09\/shutterstock_1902063091-768x512.jpg 768w, https:\/\/www.humanium.org\/fr\/wp-content\/uploads\/2023\/09\/shutterstock_1902063091-1536x1024.jpg 1536w, https:\/\/www.humanium.org\/fr\/wp-content\/uploads\/2023\/09\/shutterstock_1902063091-2048x1365.jpg 2048w, https:\/\/www.humanium.org\/fr\/wp-content\/uploads\/2023\/09\/shutterstock_1902063091-830x553.jpg 830w, https:\/\/www.humanium.org\/fr\/wp-content\/uploads\/2023\/09\/shutterstock_1902063091-230x153.jpg 230w, https:\/\/www.humanium.org\/fr\/wp-content\/uploads\/2023\/09\/shutterstock_1902063091-350x233.jpg 350w, https:\/\/www.humanium.org\/fr\/wp-content\/uploads\/2023\/09\/shutterstock_1902063091-480x320.jpg 480w, https:\/\/www.humanium.org\/fr\/wp-content\/uploads\/2023\/09\/shutterstock_1902063091-272x182.jpg 272w\" sizes=\"auto, (max-width: 1024px) 100vw, 1024px\" \/><\/figure>\n\n\n\n<p class=\"wp-block-paragraph\">\u00c0 Humanium, notre mission consiste \u00e0 sensibiliser sur la n\u00e9cessit\u00e9 de prot\u00e9ger les enfants contre les travaux dangereux et \u00e0 plaider en faveur de mesures de protection. Si vous souhaitez soutenir notre cause, nous vous invitons \u00e0 faire un don, \u00e0 vous engager comme b\u00e9n\u00e9vole, ou \u00e0 devenir membre de l\u2019association.<\/p>\n\n\n\n<p class=\"wp-block-paragraph\"><em><strong>R\u00e9dig\u00e9 par Lidija Misic<\/strong><\/em><\/p>\n\n\n\n<p class=\"wp-block-paragraph\"><em><strong>Traduit par Vianney Placide Oyono<\/strong><\/em><\/p>\n\n\n\n<p class=\"wp-block-paragraph\"><em><strong>Relu par Denis Gingras<\/strong><\/em><\/p>\n\n\n\n<h4 class=\"wp-block-heading\"><strong>Bibliographie:<\/strong><\/h4>\n\n\n\n<p class=\"has-small-font-size wp-block-paragraph\">AFL-CIO (2023), Death on the Job: The Toll of Neglect, 2023. Retrieved from AFL-CIO at <a href=\"https:\/\/aflcio.org\/reports\/death-job-toll-neglect-2023\" target=\"_blank\" rel=\"noreferrer noopener\">https:\/\/aflcio.org\/reports\/death-job-toll-neglect-2023<\/a>, accessed on August 17, 2023.<\/p>\n\n\n\n<p class=\"has-small-font-size wp-block-paragraph\">Filter A. John et al. (2023), States are weakening their child labor restrictions nearly 8 decades after the US government took kids out of the workforce. Retrieved from The Conversation at <a href=\"https:\/\/theconversation.com\/states-are-weakening-their-child-labor-restrictions-nearly-8-decades-after-the-us-government-took-kids-out-of-the-workforce-205175\" target=\"_blank\" rel=\"noreferrer noopener\">https:\/\/theconversation.com\/states-are-weakening-their-child-labor-restrictions-nearly-8-decades-after-the-us-government-took-kids-out-of-the-workforce-205175<\/a>, accessed on August 15, 2023.<\/p>\n\n\n\n<p class=\"has-small-font-size wp-block-paragraph\">Hernandez Kristian (2023), How U.S. policy drives child migrants into dangerous jobs. Retrieved from The Center for Public Integrity at <a href=\"https:\/\/publicintegrity.org\/inequality-poverty-opportunity\/immigration\/how-u-s-policy-drives-childhood-migration-into-dangerous-jobs\/?gclid=CjwKCAjwivemBhBhEiwAJxNWNwOaxnQR5M8bdjHQmUZU-UK_qavLUMx3PIeCUtFMLQlt0g9-2rzcQRoCo6MQAvD_BwE\" target=\"_blank\" rel=\"noreferrer noopener\">https:\/\/publicintegrity.org\/inequality-poverty-opportunity\/immigration\/how-u-s-policy-drives-childhood-migration-into-dangerous-jobs\/?gclid=CjwKCAjwivemBhBhEiwAJxNWNwOaxnQR5M8bdjHQmUZU-UK_qavLUMx3PIeCUtFMLQlt0g9-2rzcQRoCo6MQAvD_BwE<\/a>, accessed on August 17, 2023.<\/p>\n\n\n\n<p class=\"has-small-font-size wp-block-paragraph\">International Labour Organization (n.d.), What is child labour? Retrieved from ILO at https:\/\/www.ilo.org\/ipec\/facts\/lang&#8211;en\/index.htm, accessed on August 17, 2023.<\/p>\n\n\n\n<p class=\"has-small-font-size wp-block-paragraph\">Marcus Josh (2023), Teen dies in sawmill accident in one of 14 states looking to roll back child labour laws. Retrieved from The Independent at <a href=\"https:\/\/www.independent.co.uk\/news\/world\/americas\/wisconsin-sawmill-accident-child-labour-b2370029.html\" target=\"_blank\" rel=\"noreferrer noopener\">https:\/\/www.independent.co.uk\/news\/world\/americas\/wisconsin-sawmill-accident-child-labour-b2370029.html<\/a>, accessed on August 17, 2023.<\/p>\n\n\n\n<p class=\"has-small-font-size wp-block-paragraph\">Ritter A. Jessica (2015), America\u2019s shameful child rights record. Retrieved from Al Jazeera at <a href=\"http:\/\/america.aljazeera.com\/opinions\/2015\/6\/americas-shameful-child-rights-record.html\" target=\"_blank\" rel=\"noreferrer noopener\">http:\/\/america.aljazeera.com\/opinions\/2015\/6\/americas-shameful-child-rights-record.html<\/a>, accessed on August 15, 2023.<\/p>\n\n\n\n<p class=\"has-small-font-size wp-block-paragraph\">Sainato Michael (2023), \u2018Dumb and dangerous\u2019: US sees surge in efforts to weaken child labor regulations. Retrieved form The Guardian at <a href=\"https:\/\/www.theguardian.com\/law\/2023\/may\/01\/us-surge-efforts-reduce-child-labor-regulations\" target=\"_blank\" rel=\"noreferrer noopener\">https:\/\/www.theguardian.com\/law\/2023\/may\/01\/us-surge-efforts-reduce-child-labor-regulations<\/a>, accessed on August 15, 2023.<\/p>\n\n\n\n<p class=\"has-small-font-size wp-block-paragraph\">Sherer Jennifer et al. (2023),&nbsp; Child labor laws are under attack in states across the country. Retrieved from Economic Policy Institute at <a href=\"https:\/\/www.epi.org\/publication\/child-labor-laws-under-attack\/\" target=\"_blank\" rel=\"noreferrer noopener\">https:\/\/www.epi.org\/publication\/child-labor-laws-under-attack\/<\/a>, accessed on August 15, 2023.<\/p>\n\n\n\n<p class=\"has-small-font-size wp-block-paragraph\">United States Government Accountability Office (2018). Working children \u2013 Federal Injury Data and Compliance Strategies Could Be Strengthened. Retrieved from: <a href=\"https:\/\/www.gao.gov\/assets\/gao-19-26.pdf\" target=\"_blank\" rel=\"noreferrer noopener\">https:\/\/www.gao.gov\/assets\/gao-19-26.pdf<\/a>, accessed on August 15, 2023.<\/p>\n\n\n\n<p class=\"has-small-font-size wp-block-paragraph\">The World Counts (n.d.), Child Labor Working Conditions. Retrieved from The World Counts at <a href=\"https:\/\/www.theworldcounts.com\/stories\/child-labor-working-conditions\" target=\"_blank\" rel=\"noreferrer noopener\">https:\/\/www.theworldcounts.com\/stories\/child-labor-working-conditions<\/a>, accessed on August 18, 2023.<\/p>\n","protected":false},"excerpt":{"rendered":"<p>Depuis 1938, aux \u00c9tats-Unis, les lois sur le travail des enfants ont permis de cr\u00e9er un \u00e9quilibre fragile entre le progr\u00e8s \u00e9conomique et la protection des jeunes travailleurs. Malgr\u00e9 l\u2019abolition de l\u2019esclavage il y a fort longtemps, les progr\u00e8s r\u00e9cents observ\u00e9s dans certains \u00c9tats ne sont pas r\u00e9alis\u00e9s dans le respect des lois en vigueur [&hellip;]<\/p>\n","protected":false},"author":69,"featured_media":55688,"comment_status":"closed","ping_status":"closed","sticky":false,"template":"","format":"standard","meta":{"footnotes":""},"categories":[220,4,233,231,234],"tags":[],"class_list":["post-55685","post","type-post","status-publish","format-standard","has-post-thumbnail","hentry","category-droits-des-enfants","category-droits-humains","category-exploitation","category-pauvrete","category-travail"],"yoast_head":"<!-- This site is optimized with the Yoast SEO plugin v28.3 - https:\/\/yoast.com\/product\/yoast-seo-wordpress\/ -->\n<title>\u00c9tats-Unis: Fortes inqui\u00e9tudes face \u00e0 la nouvelle r\u00e9glementation sur le travail des enfants - Humanium<\/title>\n<meta name=\"description\" content=\"Certains \u00c9tats reviennent sur les r\u00e9glementations relatives au travail des enfants en raison des pressions \u00e9conomiques et des demandes de l&#039;industrie.\" \/>\n<meta name=\"robots\" content=\"index, follow, max-snippet:-1, max-image-preview:large, max-video-preview:-1\" \/>\n<link rel=\"canonical\" href=\"https:\/\/www.humanium.org\/fr\/etats-unis-fortes-inquietudes-face-a-la-nouvelle-reglementation-sur-le-travail-des-enfants\/\" \/>\n<meta property=\"og:locale\" content=\"fr_FR\" \/>\n<meta property=\"og:type\" content=\"article\" \/>\n<meta property=\"og:title\" content=\"\u00c9tats-Unis: Fortes inqui\u00e9tudes face \u00e0 la nouvelle r\u00e9glementation sur le travail des enfants - Humanium\" \/>\n<meta property=\"og:description\" content=\"Certains \u00c9tats reviennent sur les r\u00e9glementations relatives au travail des enfants en raison des pressions \u00e9conomiques et des demandes de l&#039;industrie.\" \/>\n<meta property=\"og:url\" content=\"https:\/\/www.humanium.org\/fr\/etats-unis-fortes-inquietudes-face-a-la-nouvelle-reglementation-sur-le-travail-des-enfants\/\" \/>\n<meta property=\"og:site_name\" content=\"Humanium\" \/>\n<meta property=\"article:published_time\" content=\"2023-09-19T06:41:15+00:00\" \/>\n<meta property=\"article:modified_time\" content=\"2026-08-21T03:19:37+00:00\" \/>\n<meta property=\"og:image\" content=\"https:\/\/www.humanium.org\/fr\/wp-content\/uploads\/2023\/09\/shutterstock_669493237-scaled.jpg\" \/>\n\t<meta property=\"og:image:width\" content=\"2560\" \/>\n\t<meta property=\"og:image:height\" content=\"1707\" \/>\n\t<meta property=\"og:image:type\" content=\"image\/jpeg\" \/>\n<meta name=\"author\" content=\"Humanium\" \/>\n<meta name=\"twitter:card\" content=\"summary_large_image\" \/>\n<meta name=\"twitter:label1\" content=\"\u00c9crit par\" \/>\n\t<meta name=\"twitter:data1\" content=\"Humanium\" \/>\n\t<meta name=\"twitter:label2\" content=\"Dur\u00e9e de lecture estim\u00e9e\" \/>\n\t<meta name=\"twitter:data2\" content=\"11 minutes\" \/>\n<script type=\"application\/ld+json\" class=\"yoast-schema-graph\">{\"@context\":\"https:\\\/\\\/schema.org\",\"@graph\":[{\"@type\":\"Article\",\"@id\":\"https:\\\/\\\/www.humanium.org\\\/fr\\\/etats-unis-fortes-inquietudes-face-a-la-nouvelle-reglementation-sur-le-travail-des-enfants\\\/#article\",\"isPartOf\":{\"@id\":\"https:\\\/\\\/www.humanium.org\\\/fr\\\/etats-unis-fortes-inquietudes-face-a-la-nouvelle-reglementation-sur-le-travail-des-enfants\\\/\"},\"author\":{\"name\":\"Humanium\",\"@id\":\"https:\\\/\\\/www.humanium.org\\\/fr\\\/#\\\/schema\\\/person\\\/d798d6c7d59ba2307e0877f61a20ce3e\"},\"headline\":\"\u00c9tats-Unis: Fortes inqui\u00e9tudes face \u00e0 la nouvelle r\u00e9glementation sur le travail des enfants\",\"datePublished\":\"2023-09-19T06:41:15+00:00\",\"dateModified\":\"2026-08-21T03:19:37+00:00\",\"mainEntityOfPage\":{\"@id\":\"https:\\\/\\\/www.humanium.org\\\/fr\\\/etats-unis-fortes-inquietudes-face-a-la-nouvelle-reglementation-sur-le-travail-des-enfants\\\/\"},\"wordCount\":2200,\"image\":{\"@id\":\"https:\\\/\\\/www.humanium.org\\\/fr\\\/etats-unis-fortes-inquietudes-face-a-la-nouvelle-reglementation-sur-le-travail-des-enfants\\\/#primaryimage\"},\"thumbnailUrl\":\"https:\\\/\\\/www.humanium.org\\\/fr\\\/wp-content\\\/uploads\\\/2023\\\/09\\\/shutterstock_669493237-scaled.jpg\",\"articleSection\":[\"Droits des enfants\",\"Droits humains\",\"Exploitation\",\"Pauvret\u00e9\",\"Travail\"],\"inLanguage\":\"fr-FR\"},{\"@type\":\"WebPage\",\"@id\":\"https:\\\/\\\/www.humanium.org\\\/fr\\\/etats-unis-fortes-inquietudes-face-a-la-nouvelle-reglementation-sur-le-travail-des-enfants\\\/\",\"url\":\"https:\\\/\\\/www.humanium.org\\\/fr\\\/etats-unis-fortes-inquietudes-face-a-la-nouvelle-reglementation-sur-le-travail-des-enfants\\\/\",\"name\":\"\u00c9tats-Unis: Fortes inqui\u00e9tudes face \u00e0 la nouvelle r\u00e9glementation sur le travail des enfants - Humanium\",\"isPartOf\":{\"@id\":\"https:\\\/\\\/www.humanium.org\\\/fr\\\/#website\"},\"primaryImageOfPage\":{\"@id\":\"https:\\\/\\\/www.humanium.org\\\/fr\\\/etats-unis-fortes-inquietudes-face-a-la-nouvelle-reglementation-sur-le-travail-des-enfants\\\/#primaryimage\"},\"image\":{\"@id\":\"https:\\\/\\\/www.humanium.org\\\/fr\\\/etats-unis-fortes-inquietudes-face-a-la-nouvelle-reglementation-sur-le-travail-des-enfants\\\/#primaryimage\"},\"thumbnailUrl\":\"https:\\\/\\\/www.humanium.org\\\/fr\\\/wp-content\\\/uploads\\\/2023\\\/09\\\/shutterstock_669493237-scaled.jpg\",\"datePublished\":\"2023-09-19T06:41:15+00:00\",\"dateModified\":\"2026-08-21T03:19:37+00:00\",\"author\":{\"@id\":\"https:\\\/\\\/www.humanium.org\\\/fr\\\/#\\\/schema\\\/person\\\/d798d6c7d59ba2307e0877f61a20ce3e\"},\"description\":\"Certains \u00c9tats reviennent sur les r\u00e9glementations relatives au travail des enfants en raison des pressions \u00e9conomiques et des demandes de l'industrie.\",\"breadcrumb\":{\"@id\":\"https:\\\/\\\/www.humanium.org\\\/fr\\\/etats-unis-fortes-inquietudes-face-a-la-nouvelle-reglementation-sur-le-travail-des-enfants\\\/#breadcrumb\"},\"inLanguage\":\"fr-FR\",\"potentialAction\":[{\"@type\":\"ReadAction\",\"target\":[\"https:\\\/\\\/www.humanium.org\\\/fr\\\/etats-unis-fortes-inquietudes-face-a-la-nouvelle-reglementation-sur-le-travail-des-enfants\\\/\"]}]},{\"@type\":\"ImageObject\",\"inLanguage\":\"fr-FR\",\"@id\":\"https:\\\/\\\/www.humanium.org\\\/fr\\\/etats-unis-fortes-inquietudes-face-a-la-nouvelle-reglementation-sur-le-travail-des-enfants\\\/#primaryimage\",\"url\":\"https:\\\/\\\/www.humanium.org\\\/fr\\\/wp-content\\\/uploads\\\/2023\\\/09\\\/shutterstock_669493237-scaled.jpg\",\"contentUrl\":\"https:\\\/\\\/www.humanium.org\\\/fr\\\/wp-content\\\/uploads\\\/2023\\\/09\\\/shutterstock_669493237-scaled.jpg\",\"width\":2560,\"height\":1707},{\"@type\":\"BreadcrumbList\",\"@id\":\"https:\\\/\\\/www.humanium.org\\\/fr\\\/etats-unis-fortes-inquietudes-face-a-la-nouvelle-reglementation-sur-le-travail-des-enfants\\\/#breadcrumb\",\"itemListElement\":[{\"@type\":\"ListItem\",\"position\":1,\"name\":\"Home\",\"item\":\"https:\\\/\\\/www.humanium.org\\\/fr\\\/\"},{\"@type\":\"ListItem\",\"position\":2,\"name\":\"\u00c9tats-Unis: Fortes inqui\u00e9tudes face \u00e0 la nouvelle r\u00e9glementation sur le travail des enfants\"}]},{\"@type\":\"WebSite\",\"@id\":\"https:\\\/\\\/www.humanium.org\\\/fr\\\/#website\",\"url\":\"https:\\\/\\\/www.humanium.org\\\/fr\\\/\",\"name\":\"Humanium\",\"description\":\"Les enfants d\u2019abord !\",\"potentialAction\":[{\"@type\":\"SearchAction\",\"target\":{\"@type\":\"EntryPoint\",\"urlTemplate\":\"https:\\\/\\\/www.humanium.org\\\/fr\\\/?s={search_term_string}\"},\"query-input\":{\"@type\":\"PropertyValueSpecification\",\"valueRequired\":true,\"valueName\":\"search_term_string\"}}],\"inLanguage\":\"fr-FR\"},{\"@type\":\"Person\",\"@id\":\"https:\\\/\\\/www.humanium.org\\\/fr\\\/#\\\/schema\\\/person\\\/d798d6c7d59ba2307e0877f61a20ce3e\",\"name\":\"Humanium\",\"image\":{\"@type\":\"ImageObject\",\"inLanguage\":\"fr-FR\",\"@id\":\"https:\\\/\\\/secure.gravatar.com\\\/avatar\\\/22715e338d2fcc547e3a431c4738360d33fea2a4af458f865b2c3b22f1eaa51f?s=96&d=mm&r=g\",\"url\":\"https:\\\/\\\/secure.gravatar.com\\\/avatar\\\/22715e338d2fcc547e3a431c4738360d33fea2a4af458f865b2c3b22f1eaa51f?s=96&d=mm&r=g\",\"contentUrl\":\"https:\\\/\\\/secure.gravatar.com\\\/avatar\\\/22715e338d2fcc547e3a431c4738360d33fea2a4af458f865b2c3b22f1eaa51f?s=96&d=mm&r=g\",\"caption\":\"Humanium\"},\"url\":\"https:\\\/\\\/www.humanium.org\\\/fr\\\/author\\\/humanium\\\/\"}]}<\/script>\n<!-- \/ Yoast SEO plugin. -->","yoast_head_json":{"title":"\u00c9tats-Unis: Fortes inqui\u00e9tudes face \u00e0 la nouvelle r\u00e9glementation sur le travail des enfants - Humanium","description":"Certains \u00c9tats reviennent sur les r\u00e9glementations relatives au travail des enfants en raison des pressions \u00e9conomiques et des demandes de l'industrie.","robots":{"index":"index","follow":"follow","max-snippet":"max-snippet:-1","max-image-preview":"max-image-preview:large","max-video-preview":"max-video-preview:-1"},"canonical":"https:\/\/www.humanium.org\/fr\/etats-unis-fortes-inquietudes-face-a-la-nouvelle-reglementation-sur-le-travail-des-enfants\/","og_locale":"fr_FR","og_type":"article","og_title":"\u00c9tats-Unis: Fortes inqui\u00e9tudes face \u00e0 la nouvelle r\u00e9glementation sur le travail des enfants - Humanium","og_description":"Certains \u00c9tats reviennent sur les r\u00e9glementations relatives au travail des enfants en raison des pressions \u00e9conomiques et des demandes de l'industrie.","og_url":"https:\/\/www.humanium.org\/fr\/etats-unis-fortes-inquietudes-face-a-la-nouvelle-reglementation-sur-le-travail-des-enfants\/","og_site_name":"Humanium","article_published_time":"2023-09-19T06:41:15+00:00","article_modified_time":"2026-08-21T03:19:37+00:00","og_image":[{"width":2560,"height":1707,"url":"https:\/\/www.humanium.org\/fr\/wp-content\/uploads\/2023\/09\/shutterstock_669493237-scaled.jpg","type":"image\/jpeg"}],"author":"Humanium","twitter_card":"summary_large_image","twitter_misc":{"\u00c9crit par":"Humanium","Dur\u00e9e de lecture estim\u00e9e":"11 minutes"},"schema":{"@context":"https:\/\/schema.org","@graph":[{"@type":"Article","@id":"https:\/\/www.humanium.org\/fr\/etats-unis-fortes-inquietudes-face-a-la-nouvelle-reglementation-sur-le-travail-des-enfants\/#article","isPartOf":{"@id":"https:\/\/www.humanium.org\/fr\/etats-unis-fortes-inquietudes-face-a-la-nouvelle-reglementation-sur-le-travail-des-enfants\/"},"author":{"name":"Humanium","@id":"https:\/\/www.humanium.org\/fr\/#\/schema\/person\/d798d6c7d59ba2307e0877f61a20ce3e"},"headline":"\u00c9tats-Unis: Fortes inqui\u00e9tudes face \u00e0 la nouvelle r\u00e9glementation sur le travail des enfants","datePublished":"2023-09-19T06:41:15+00:00","dateModified":"2026-08-21T03:19:37+00:00","mainEntityOfPage":{"@id":"https:\/\/www.humanium.org\/fr\/etats-unis-fortes-inquietudes-face-a-la-nouvelle-reglementation-sur-le-travail-des-enfants\/"},"wordCount":2200,"image":{"@id":"https:\/\/www.humanium.org\/fr\/etats-unis-fortes-inquietudes-face-a-la-nouvelle-reglementation-sur-le-travail-des-enfants\/#primaryimage"},"thumbnailUrl":"https:\/\/www.humanium.org\/fr\/wp-content\/uploads\/2023\/09\/shutterstock_669493237-scaled.jpg","articleSection":["Droits des enfants","Droits humains","Exploitation","Pauvret\u00e9","Travail"],"inLanguage":"fr-FR"},{"@type":"WebPage","@id":"https:\/\/www.humanium.org\/fr\/etats-unis-fortes-inquietudes-face-a-la-nouvelle-reglementation-sur-le-travail-des-enfants\/","url":"https:\/\/www.humanium.org\/fr\/etats-unis-fortes-inquietudes-face-a-la-nouvelle-reglementation-sur-le-travail-des-enfants\/","name":"\u00c9tats-Unis: Fortes inqui\u00e9tudes face \u00e0 la nouvelle r\u00e9glementation sur le travail des enfants - Humanium","isPartOf":{"@id":"https:\/\/www.humanium.org\/fr\/#website"},"primaryImageOfPage":{"@id":"https:\/\/www.humanium.org\/fr\/etats-unis-fortes-inquietudes-face-a-la-nouvelle-reglementation-sur-le-travail-des-enfants\/#primaryimage"},"image":{"@id":"https:\/\/www.humanium.org\/fr\/etats-unis-fortes-inquietudes-face-a-la-nouvelle-reglementation-sur-le-travail-des-enfants\/#primaryimage"},"thumbnailUrl":"https:\/\/www.humanium.org\/fr\/wp-content\/uploads\/2023\/09\/shutterstock_669493237-scaled.jpg","datePublished":"2023-09-19T06:41:15+00:00","dateModified":"2026-08-21T03:19:37+00:00","author":{"@id":"https:\/\/www.humanium.org\/fr\/#\/schema\/person\/d798d6c7d59ba2307e0877f61a20ce3e"},"description":"Certains \u00c9tats reviennent sur les r\u00e9glementations relatives au travail des enfants en raison des pressions \u00e9conomiques et des demandes de l'industrie.","breadcrumb":{"@id":"https:\/\/www.humanium.org\/fr\/etats-unis-fortes-inquietudes-face-a-la-nouvelle-reglementation-sur-le-travail-des-enfants\/#breadcrumb"},"inLanguage":"fr-FR","potentialAction":[{"@type":"ReadAction","target":["https:\/\/www.humanium.org\/fr\/etats-unis-fortes-inquietudes-face-a-la-nouvelle-reglementation-sur-le-travail-des-enfants\/"]}]},{"@type":"ImageObject","inLanguage":"fr-FR","@id":"https:\/\/www.humanium.org\/fr\/etats-unis-fortes-inquietudes-face-a-la-nouvelle-reglementation-sur-le-travail-des-enfants\/#primaryimage","url":"https:\/\/www.humanium.org\/fr\/wp-content\/uploads\/2023\/09\/shutterstock_669493237-scaled.jpg","contentUrl":"https:\/\/www.humanium.org\/fr\/wp-content\/uploads\/2023\/09\/shutterstock_669493237-scaled.jpg","width":2560,"height":1707},{"@type":"BreadcrumbList","@id":"https:\/\/www.humanium.org\/fr\/etats-unis-fortes-inquietudes-face-a-la-nouvelle-reglementation-sur-le-travail-des-enfants\/#breadcrumb","itemListElement":[{"@type":"ListItem","position":1,"name":"Home","item":"https:\/\/www.humanium.org\/fr\/"},{"@type":"ListItem","position":2,"name":"\u00c9tats-Unis: Fortes inqui\u00e9tudes face \u00e0 la nouvelle r\u00e9glementation sur le travail des enfants"}]},{"@type":"WebSite","@id":"https:\/\/www.humanium.org\/fr\/#website","url":"https:\/\/www.humanium.org\/fr\/","name":"Humanium","description":"Les enfants d\u2019abord !","potentialAction":[{"@type":"SearchAction","target":{"@type":"EntryPoint","urlTemplate":"https:\/\/www.humanium.org\/fr\/?s={search_term_string}"},"query-input":{"@type":"PropertyValueSpecification","valueRequired":true,"valueName":"search_term_string"}}],"inLanguage":"fr-FR"},{"@type":"Person","@id":"https:\/\/www.humanium.org\/fr\/#\/schema\/person\/d798d6c7d59ba2307e0877f61a20ce3e","name":"Humanium","image":{"@type":"ImageObject","inLanguage":"fr-FR","@id":"https:\/\/secure.gravatar.com\/avatar\/22715e338d2fcc547e3a431c4738360d33fea2a4af458f865b2c3b22f1eaa51f?s=96&d=mm&r=g","url":"https:\/\/secure.gravatar.com\/avatar\/22715e338d2fcc547e3a431c4738360d33fea2a4af458f865b2c3b22f1eaa51f?s=96&d=mm&r=g","contentUrl":"https:\/\/secure.gravatar.com\/avatar\/22715e338d2fcc547e3a431c4738360d33fea2a4af458f865b2c3b22f1eaa51f?s=96&d=mm&r=g","caption":"Humanium"},"url":"https:\/\/www.humanium.org\/fr\/author\/humanium\/"}]}},"_links":{"self":[{"href":"https:\/\/www.humanium.org\/fr\/wp-json\/wp\/v2\/posts\/55685","targetHints":{"allow":["GET"]}}],"collection":[{"href":"https:\/\/www.humanium.org\/fr\/wp-json\/wp\/v2\/posts"}],"about":[{"href":"https:\/\/www.humanium.org\/fr\/wp-json\/wp\/v2\/types\/post"}],"author":[{"embeddable":true,"href":"https:\/\/www.humanium.org\/fr\/wp-json\/wp\/v2\/users\/69"}],"replies":[{"embeddable":true,"href":"https:\/\/www.humanium.org\/fr\/wp-json\/wp\/v2\/comments?post=55685"}],"version-history":[{"count":8,"href":"https:\/\/www.humanium.org\/fr\/wp-json\/wp\/v2\/posts\/55685\/revisions"}],"predecessor-version":[{"id":62628,"href":"https:\/\/www.humanium.org\/fr\/wp-json\/wp\/v2\/posts\/55685\/revisions\/62628"}],"wp:featuredmedia":[{"embeddable":true,"href":"https:\/\/www.humanium.org\/fr\/wp-json\/wp\/v2\/media\/55688"}],"wp:attachment":[{"href":"https:\/\/www.humanium.org\/fr\/wp-json\/wp\/v2\/media?parent=55685"}],"wp:term":[{"taxonomy":"category","embeddable":true,"href":"https:\/\/www.humanium.org\/fr\/wp-json\/wp\/v2\/categories?post=55685"},{"taxonomy":"post_tag","embeddable":true,"href":"https:\/\/www.humanium.org\/fr\/wp-json\/wp\/v2\/tags?post=55685"}],"curies":[{"name":"wp","href":"https:\/\/api.w.org\/{rel}","templated":true}]}}