{"id":55775,"date":"2023-10-03T12:51:12","date_gmt":"2023-10-03T12:51:12","guid":{"rendered":"https:\/\/www.humanium.org\/fr\/?p=55775"},"modified":"2026-08-21T03:19:38","modified_gmt":"2026-08-21T03:19:38","slug":"lutter-contre-le-mariage-denfants-parmi-la-population-rom-en-europe-de-lest","status":"publish","type":"post","link":"https:\/\/www.humanium.org\/fr\/lutter-contre-le-mariage-denfants-parmi-la-population-rom-en-europe-de-lest\/","title":{"rendered":"Lutter contre le mariage d&rsquo;enfants parmi la population rom en Europe de l&rsquo;Est"},"content":{"rendered":"\n<p class=\"wp-block-paragraph\"><strong>Malgr\u00e9 les progr\u00e8s mondiaux r\u00e9alis\u00e9s gr\u00e2ce aux efforts internationaux visant \u00e0 mettre fin aux <\/strong><a href=\"https:\/\/www.humanium.org\/fr\/mariage-enfants\/\"><strong>mariage d&rsquo;enfants<\/strong><\/a><strong>, celui-ci reste une r\u00e9alit\u00e9 pour de nombreux enfants, et les enfants roms ne font pas exception \u00e0 la r\u00e8gle. Des d\u00e9cennies de <\/strong><strong>marginalisation ethnique<\/strong><strong>, de <\/strong><a href=\"https:\/\/www.humanium.org\/fr\/enfants-pauvres\/\"><strong>pauvret\u00e9<\/strong><\/a><strong>, de st\u00e9r\u00e9otypes profond\u00e9ment ancr\u00e9s sur la sexualit\u00e9 et le r\u00f4le des femmes et des filles dans la soci\u00e9t\u00e9, combin\u00e9es \u00e0 l&rsquo;absence d&rsquo;une approche syst\u00e9matique de l&rsquo;int\u00e9gration de la population rom dans les communaut\u00e9s locales, ont conduit \u00e0 la persistance de la pratique du <\/strong><a href=\"https:\/\/www.humanium.org\/fr\/mariage-enfants\/\"><strong>mariage d&rsquo;enfants<\/strong><\/a><strong> en Europe de l&rsquo;Est. Quelle que soit la culture, ces mariages ne doivent pas \u00eatre consid\u00e9r\u00e9s comme faisant partie de la tradition, mais comme une violation pr\u00e9judiciable des droits de l&rsquo;homme et des <\/strong><a href=\"https:\/\/www.humanium.org\/fr\/les-droits-de-l-enfant\/#:~:text=Les%20enfants%20ont%20donc%20le,%C3%A0%20l%27%C3%A9ducation%2C%20etc.\"><strong>droits de l&rsquo;enfant<\/strong><\/a><strong>.<\/strong><\/p>\n\n\n\n<h2 class=\"wp-block-heading\"><strong>Les statistiques sur les mariages d&rsquo;enfants parmi la population rom en Europe de l&rsquo;Est<\/strong><\/h2>\n\n\n\n<p class=\"wp-block-paragraph\">Alors que le mariage d&rsquo;enfants est un ph\u00e9nom\u00e8ne qui existe dans tous les pays d&rsquo;Europe de l&rsquo;Est, y compris dans les Balkans, il suffit de prendre quelques exemples pour comprendre l&rsquo;ampleur du probl\u00e8me. Selon de pr\u00e9c\u00e9dents rapports de <em>Save the Children<\/em>, en <a href=\"https:\/\/www.humanium.org\/fr\/roumanie\/\">Roumanie<\/a>, o\u00f9 les Roms repr\u00e9sentent 8,3&nbsp;% de la population, 6,7&nbsp;% des adolescents \u00e2g\u00e9s de 15 \u00e0 19 ans sont mari\u00e9s (Marica, 2017).<\/p>\n\n\n\n<p class=\"wp-block-paragraph\">Les m\u00eames rapports indiquent que d&rsquo;autres pays d&rsquo;Europe de l&rsquo;Est affichent des chiffres similaires : 9,9&nbsp;% en Moldavie, 6,4&nbsp;% en Ukraine, 6,5&nbsp;% en Albanie, 7,5&nbsp;% en Bi\u00e9lorussie et 8,4&nbsp;% en <a href=\"https:\/\/www.humanium.org\/fr\/bulgarie\/\">Bulgarie<\/a>. \u00c0 titre de comparaison, la moyenne europ\u00e9enne \u00e0 la m\u00eame \u00e9poque \u00e9tait d&rsquo;environ 2&nbsp;% (Marica, 2017).<\/p>\n\n\n\n<p class=\"wp-block-paragraph\">En <a href=\"https:\/\/www.humanium.org\/fr\/serbie\/\">Serbie<\/a>, le mariage d&rsquo;enfants est un ph\u00e9nom\u00e8ne qui touche plus de 50&nbsp;% des filles roms de moins de 18 ans (Lukovi\u0107 et al, 2023). Plus affligeant encore, 16&nbsp;% d&rsquo;entre elles se marient avant l&rsquo;\u00e2ge de 15 ans et 5&nbsp;% accouchent au m\u00eame \u00e2ge (Antonijevi\u0107, 2023). En ce qui concerne la <a href=\"https:\/\/www.humanium.org\/fr\/bosnie-herzegovine\/\">Bosnie-Herz\u00e9govine<\/a>, cinq filles roms sur dix et deux gar\u00e7ons roms sur dix se marient avant l&rsquo;\u00e2ge de 18 ans (Beker, 2019).<\/p>\n\n\n\n<p class=\"wp-block-paragraph\">Des rapports pr\u00e9c\u00e9dents provenant du <a href=\"https:\/\/www.humanium.org\/fr\/royaume-uni\/\">Royaume-Uni<\/a> affirment que des filles \u00e2g\u00e9es de 12 ou 13 ans sont r\u00e9guli\u00e8rement mari\u00e9es en Roumanie, en Bulgarie et en Hongrie avant d&rsquo;\u00eatre emmen\u00e9es en Grande-Bretagne, o\u00f9 elles sont souvent victimes de <a href=\"https:\/\/www.humanium.org\/fr\/trafic-enfants\/\">trafic<\/a> d&rsquo;enfants et de <a href=\"https:\/\/www.humanium.org\/fr\/la-maltraitance-des-enfants\/\">maltraitance infantile<\/a>. (Baker, 2019)<\/p>\n\n\n\n<h2 class=\"wp-block-heading\"><strong>La r\u00e9alit\u00e9 juridique : les mariages d&rsquo;enfants parmi la population rom<\/strong><\/h2>\n\n\n\n<p class=\"wp-block-paragraph\">Comme indiqu\u00e9 pr\u00e9c\u00e9demment, bien que les mariages d&rsquo;enfants parmi la population rom aient \u00e9t\u00e9 n\u00e9glig\u00e9s pendant des d\u00e9cennies car ils \u00e9taient consid\u00e9r\u00e9s comme faisant partie de la culture et de la tradition, ils sont l\u00e9galement intol\u00e9rables car les mineurs ne peuvent pas donner leur plein consentement, sauf dans certains pays et dans des cas particuliers o\u00f9 un enfant \u00e2g\u00e9 de 16 ans peut se marier sur la base d&rsquo;un avis m\u00e9dical, avec le consentement de ses parents ou tuteurs, et avec l&rsquo;autorisation du tribunal (Marica, 2017). A cet \u00e9gard, l&rsquo;introduction de politiques juridiques plus strictes et l&rsquo;application des politiques existantes sont pleinement justifi\u00e9es d&rsquo;un point de vue juridique.<\/p>\n\n\n\n<p class=\"wp-block-paragraph\">L&rsquo;un des changements positifs les plus r\u00e9cents est le travail de la Serbie sur une initiative visant \u00e0 classer les <a href=\"https:\/\/www.humanium.org\/fr\/mariage-enfants\/\">mariages d&rsquo;enfants<\/a> comme une forme de <a href=\"https:\/\/www.humanium.org\/fr\/trafic-enfants\/\">trafic d&rsquo;enfants<\/a>, ce qui permet \u00e0 l&rsquo;\u00c9tat de lutter contre cette pratique n\u00e9faste \u00e0 un niveau plus \u00e9lev\u00e9 (Antonijevi\u0107, 2023). Cependant, l&rsquo;un des probl\u00e8mes est que la population rom vit souvent en dehors des syst\u00e8mes juridiques des communaut\u00e9s locales, ce qui rend le suivi des mariages d&rsquo;enfants encore plus difficile et n\u00e9cessite un travail de terrain consid\u00e9rable. Par cons\u00e9quent, il est essentiel de donner une importance juridique aux communaut\u00e9s roms locales.<\/p>\n\n\n\n<h2 class=\"wp-block-heading\"><strong>Le poids de la pauvret\u00e9 dans les mariages d&rsquo;enfants parmi la population rom<\/strong><\/h2>\n\n\n\n<figure class=\"wp-block-image size-large\"><img loading=\"lazy\" decoding=\"async\" width=\"1024\" height=\"680\" src=\"https:\/\/www.humanium.org\/fr\/wp-content\/uploads\/2023\/10\/shutterstock_1856852212-1024x680.jpg\" alt=\"\" class=\"wp-image-55776\" srcset=\"https:\/\/www.humanium.org\/fr\/wp-content\/uploads\/2023\/10\/shutterstock_1856852212-1024x680.jpg 1024w, https:\/\/www.humanium.org\/fr\/wp-content\/uploads\/2023\/10\/shutterstock_1856852212-300x199.jpg 300w, https:\/\/www.humanium.org\/fr\/wp-content\/uploads\/2023\/10\/shutterstock_1856852212-768x510.jpg 768w, https:\/\/www.humanium.org\/fr\/wp-content\/uploads\/2023\/10\/shutterstock_1856852212-1536x1020.jpg 1536w, https:\/\/www.humanium.org\/fr\/wp-content\/uploads\/2023\/10\/shutterstock_1856852212-2048x1360.jpg 2048w, https:\/\/www.humanium.org\/fr\/wp-content\/uploads\/2023\/10\/shutterstock_1856852212-830x551.jpg 830w, https:\/\/www.humanium.org\/fr\/wp-content\/uploads\/2023\/10\/shutterstock_1856852212-230x153.jpg 230w, https:\/\/www.humanium.org\/fr\/wp-content\/uploads\/2023\/10\/shutterstock_1856852212-350x232.jpg 350w, https:\/\/www.humanium.org\/fr\/wp-content\/uploads\/2023\/10\/shutterstock_1856852212-480x319.jpg 480w, https:\/\/www.humanium.org\/fr\/wp-content\/uploads\/2023\/10\/shutterstock_1856852212-272x182.jpg 272w\" sizes=\"auto, (max-width: 1024px) 100vw, 1024px\" \/><\/figure>\n\n\n\n<p class=\"wp-block-paragraph\">Une grande partie de la population rom d&rsquo;Europe de l&rsquo;Est souffre toujours de <a href=\"https:\/\/www.humanium.org\/fr\/droit-non-discrimination\/\">discrimination<\/a> et d&rsquo;isolement. Il n&rsquo;est pas surprenant que les enfants, en particulier les <a href=\"https:\/\/www.humanium.org\/fr\/droits-des-filles\/\">jeunes filles<\/a>, soient les plus vuln\u00e9rables. Nombre d&rsquo;entre eux, d\u00e9pourvus de tout document officiel, sont invisibles aux yeux du gouvernement et des syst\u00e8mes juridiques, ce qui les emp\u00eache de faire valoir leurs droits \u00e0 la <a href=\"https:\/\/www.humanium.org\/fr\/comprendre-droits-enfant\/droit-a-la-sante\/\">sant\u00e9<\/a>, \u00e0 la <a href=\"https:\/\/www.humanium.org\/fr\/comprendre-droits-enfant\/protection\/\">protection<\/a> et \u00e0 <a href=\"https:\/\/www.humanium.org\/fr\/comprendre-droits-enfant\/droit-a-l-education\/\">l&rsquo;\u00e9ducation<\/a> et, par cons\u00e9quent, de briser la cha\u00eene g\u00e9n\u00e9rationnelle de n\u00e9gligence, de <a href=\"https:\/\/www.humanium.org\/fr\/la-maltraitance-des-enfants\/\">maltraitance<\/a> et d&rsquo;extr\u00eame <a href=\"https:\/\/www.humanium.org\/fr\/enfants-pauvres\/\">pauvret\u00e9<\/a>.<\/p>\n\n\n\n<p class=\"wp-block-paragraph\">Dans ces conditions, marier sa fille est souvent consid\u00e9r\u00e9 comme un moyen pour une famille de r\u00e9duire le nombre de bouches \u00e0 nourrir. La virginit\u00e9 de la jeune fille est en effet la seule monnaie d&rsquo;\u00e9change pour les familles qui ne poss\u00e8dent aucun bien mat\u00e9riel. Pour certains, c&rsquo;est \u00e9galement un moyen de lui assurer une vie meilleure dans une nouvelle famille (Unicef, n.d.).<\/p>\n\n\n\n<p class=\"wp-block-paragraph\">D&rsquo;autre part, les familles souhaitent marier leurs fils pour assurer la continuit\u00e9 de la famille et m\u00eame obtenir une <a href=\"https:\/\/www.humanium.org\/fr\/travail-des-enfants\/\">main-d&rsquo;\u0153uvre<\/a> suppl\u00e9mentaire qui aidera la famille \u00e0 survivre. Cette r\u00e9alit\u00e9, combin\u00e9e au manque souvent total d&rsquo;\u00e9ducation, \u00e0 l&rsquo;absence de r\u00e9ponse syst\u00e9matique de la part des gouvernements concern\u00e9s depuis des d\u00e9cennies, ainsi qu&rsquo;\u00e0 la tradition selon laquelle il est imp\u00e9ratif d&rsquo;\u00e9pouser une fille vierge, rend la lutte contre le <a href=\"https:\/\/www.humanium.org\/fr\/mariage-enfants\/\">mariage d&rsquo;enfants<\/a> complexe et difficile. (<em>Human Rights Fund Progress<\/em>, 2017).<\/p>\n\n\n\n<h2 class=\"wp-block-heading\"><strong>Rompre la tendance : le pouvoir de l&rsquo;\u00e9ducation dans la lutte contre le mariage d&rsquo;enfants<\/strong><\/h2>\n\n\n\n<p class=\"wp-block-paragraph\">En moyenne, la probabilit\u00e9 qu&rsquo;une fille se marie avant l&rsquo;\u00e2ge de 18 ans diminue de 6&nbsp;% pour chaque ann\u00e9e pass\u00e9e dans <a href=\"https:\/\/www.humanium.org\/fr\/comprendre-droits-enfant\/droit-a-l-education\/\">l&rsquo;enseignement<\/a> secondaire (Girls Not Brides, n.d.). Une \u00e9tude men\u00e9e en \u00c9thiopie indique que les filles dont les m\u00e8res ont re\u00e7u une \u00e9ducation ont deux fois moins de chances de se marier avant l&rsquo;\u00e2ge de 18 ans (Rodriguez, 2022).<\/p>\n\n\n\n<p class=\"wp-block-paragraph\">Ces statistiques d\u00e9montrent que <a href=\"https:\/\/www.humanium.org\/fr\/comprendre-droits-enfant\/droit-a-l-education\/\">l&rsquo;\u00e9ducation<\/a> est le facteur cl\u00e9 dans la lutte contre le mariage d&rsquo;enfants. Cependant, des ann\u00e9es de transition sociale et \u00e9conomique ainsi que de r\u00e9formes sectorielles dans la plupart des pays d&rsquo;Europe de l&rsquo;Est ont fait que les droits et les besoins des enfants roms ont \u00e9t\u00e9 ignor\u00e9s et n\u00e9glig\u00e9s (Unicef, 2011). Ils ont peu de chances d&rsquo;aller \u00e0 l&rsquo;\u00e9cole maternelle ou primaire car ils viennent de familles dont les parents ont peu ou pas <a href=\"https:\/\/www.humanium.org\/fr\/comprendre-droits-enfant\/droit-a-l-education\/\">d&rsquo;\u00e9ducation<\/a> formelle, et o\u00f9 leur naissance n&rsquo;est souvent pas enregistr\u00e9e.<\/p>\n\n\n\n<p class=\"wp-block-paragraph\">M\u00eame lorsqu&rsquo;ils y parviennent, ils sont confront\u00e9s \u00e0 la <a href=\"https:\/\/www.humanium.org\/fr\/la-segregation-scolaire-des-enfants-roms-la-discrimination-a-lecole-en-hongrie\/\">s\u00e9gr\u00e9gation<\/a> dans les \u00e9coles, \u00e9troitement li\u00e9e au faible statut \u00e9conomique de leur famille, \u00e0 une indiff\u00e9rence \u00e0 l&rsquo;\u00e9gard de leur contexte culturel et linguistique, mais \u00e9galement \u00e0 l&rsquo;absence d&rsquo;une langue \u00e9crite standardis\u00e9e utilis\u00e9e au sein de leur communaut\u00e9, ainsi qu&rsquo;au manque d&rsquo;enseignants qualifi\u00e9s pour travailler dans des \u00e9coles multiculturelles ou des \u00e9coles sp\u00e9cialis\u00e9es dans le travail avec ces enfants (Unicef, 2011).<\/p>\n\n\n\n<h2 class=\"wp-block-heading\"><strong>La scolarisation des enfants roms : d\u00e9fis et initiatives<\/strong><\/h2>\n\n\n\n<p class=\"wp-block-paragraph\">En 2005, l&rsquo;initiative de la D\u00e9cennie de l&rsquo;inclusion des Roms a \u00e9t\u00e9 lanc\u00e9e et la <a href=\"https:\/\/www.humanium.org\/fr\/bulgarie\/\">Bulgarie<\/a>, la <a href=\"https:\/\/www.humanium.org\/fr\/croatie\/\">Croatie<\/a>, la <a href=\"https:\/\/www.humanium.org\/fr\/republique-tcheque\/\">R\u00e9publique tch\u00e8que<\/a>, la <a href=\"https:\/\/www.humanium.org\/fr\/hongrie\/\">Hongrie<\/a>, le <a href=\"https:\/\/www.humanium.org\/fr\/montenegro\/\">Mont\u00e9n\u00e9gro<\/a>, la <a href=\"https:\/\/www.humanium.org\/fr\/roumanie\/\">Roumanie<\/a>, la <a href=\"https:\/\/www.humanium.org\/fr\/serbie\/\">Serbie<\/a>, la <a href=\"https:\/\/www.humanium.org\/fr\/slovaquie\/\">Slovaquie<\/a> et l&rsquo;ancienne R\u00e9publique yougoslave de Mac\u00e9doine (comme on l&rsquo;appelait encore \u00e0 l&rsquo;\u00e9poque) et l&rsquo;actuelle <a href=\"https:\/\/www.humanium.org\/fr\/macedoine\/\">Mac\u00e9doine du Nord<\/a> ont sign\u00e9 la D\u00e9claration de la D\u00e9cennie, dont l&rsquo;objectif officiel \u00e9tait d&rsquo;\u00e9radiquer la discrimination et d\u2019int\u00e9grer les Roms dans les flux sociaux r\u00e9guliers des pays (Chronique de l&rsquo;ONU, n.d.).<\/p>\n\n\n\n<p class=\"wp-block-paragraph\">L&rsquo;initiative a reconnu l&rsquo;importance de garantir l&rsquo;acc\u00e8s \u00e0 l&rsquo;enseignement obligatoire, d&rsquo;am\u00e9liorer la qualit\u00e9 de l&rsquo;enseignement, de mettre en \u0153uvre l&rsquo;int\u00e9gration et la d\u00e9s\u00e9gr\u00e9gation, et d&rsquo;\u00e9largir l&rsquo;acc\u00e8s \u00e0 l&rsquo;enseignement pr\u00e9scolaire, secondaire, postsecondaire et \u00e0 l&rsquo;\u00e9ducation des adultes (D\u00e9cennie de l\u2019inclusion des Roms, 2005). <\/p>\n\n\n\n<p class=\"wp-block-paragraph\">De nombreux projets ont \u00e9t\u00e9 lanc\u00e9s dans les pays signataires, et si l&rsquo;alphab\u00e9tisation a \u00e9t\u00e9 l&rsquo;une des plus grandes r\u00e9ussites, les abandons scolaires et les faible taux d&rsquo;inscription dans l&rsquo;enseignement secondaire restent\u00a0 des probl\u00e8mes graves qui n\u00e9cessitent des efforts continus.<\/p>\n\n\n\n<p class=\"wp-block-paragraph\">Les efforts dans ce domaine se sont poursuivis apr\u00e8s la D\u00e9cennie pour l\u2019int\u00e9gration des Roms, comme le montre la Roumanie, o\u00f9 les derni\u00e8res r\u00e9formes nationales de l&rsquo;enseignement stipulent l&rsquo;importance de l&rsquo;acc\u00e8s des \u00e9l\u00e8ves roms au lyc\u00e9e, de l&rsquo;admission des candidats \u00e0 des postes vacants sp\u00e9ciaux pour les Roms dans les lyc\u00e9es publics et de l&rsquo;organisation de la formation professionnelle duale (Eurydice, 2023). <\/p>\n\n\n\n<p class=\"wp-block-paragraph\">Un autre exemple est celui de la Serbie, o\u00f9, en 2021, l&rsquo;\u00e9ducation a \u00e9t\u00e9 d\u00e9sign\u00e9e comme l&rsquo;un des deux principaux domaines \u00e0 traiter en ce qui concerne l&rsquo;inclusion sociale des Roms (<em>Social Inclusion and Poverty Reduction Unite<\/em>, 2021). Dans la pratique, cependant, il semble qu\u2019il y ait encore un long chemin \u00e0 parcourir.<\/p>\n\n\n\n<h2 class=\"wp-block-heading\"><strong>Avancement et pers\u00e9v\u00e9rance : ce qui a \u00e9t\u00e9 fait et ce qui reste \u00e0 faire&nbsp;<\/strong><\/h2>\n\n\n\n<p class=\"wp-block-paragraph\">Des progr\u00e8s consid\u00e9rables ont \u00e9t\u00e9 r\u00e9alis\u00e9s dans la lutte contre le <a href=\"https:\/\/www.humanium.org\/fr\/mariage-enfants\/\">mariage des enfants<\/a> parmi la population rom en Europe de l&rsquo;Est, y compris dans les Balkans, et Humanium estime que ces \u00e9volutions sont prometteuses. Des lois plus strictes ont \u00e9t\u00e9 mises en \u0153uvre dans certains pays et un grand nombre de projets ont \u00e9t\u00e9 lanc\u00e9s au fil des ann\u00e9es, visant \u00e0 int\u00e9grer les jeunes roms dans les communaut\u00e9s locales et \u00e0 leur donner acc\u00e8s \u00e0 une \u00e9ducation de qualit\u00e9 ainsi qu&rsquo;\u00e0 des offres d&#8217;emploi.<\/p>\n\n\n\n<p class=\"wp-block-paragraph\">Cependant, la situation sur le terrain montre clairemet qu&rsquo;il faut redoubler d&rsquo;efforts pour lutter contre cette pratique n\u00e9faste, qui a priv\u00e9 des milliers d&rsquo;enfants de leur enfance et de toute chance de mener une vie saine. Il s&rsquo;agit d&rsquo;une question complexe et \u00e0 multiples facettes, qui n\u00e9cessite une approche holistique, un travail acharn\u00e9 et de la pers\u00e9v\u00e9rance. <\/p>\n\n\n\n<p class=\"wp-block-paragraph\">Les gouvernements doivent mettre en pratique leurs propres lois et s&rsquo;efforcer de modifier les lois existantes en garantissant les conditions financi\u00e8res et sociales n\u00e9cessaires pour mettre fin \u00e0 la violation des droits fondamentaux de l&rsquo;homme et de l&rsquo;enfant.<\/p>\n\n\n\n<p class=\"wp-block-paragraph\">Parall\u00e8lement, les entreprises, les organisations et les individus devraient \u00eatre encourag\u00e9s \u00e0 contribuer \u00e0 la r\u00e9solution du probl\u00e8me de la mani\u00e8re qu\u2019ils jugent la plus appropri\u00e9e . Enfin, et c&rsquo;est souvent le plus important, les individus ne doivent jamais fermer les yeux sur les difficult\u00e9s rencontr\u00e9es par les enfants roms, car l&rsquo;int\u00e9gration, qui est un \u00e9l\u00e9ment crucial de la lutte contre ce probl\u00e8me, n&rsquo;est pas une voie \u00e0 sens unique.<\/p>\n\n\n\n<figure class=\"wp-block-image size-large\"><img loading=\"lazy\" decoding=\"async\" width=\"1024\" height=\"680\" src=\"https:\/\/www.humanium.org\/fr\/wp-content\/uploads\/2023\/10\/shutterstock_1856848429-1024x680.jpg\" alt=\"\" class=\"wp-image-55777\" srcset=\"https:\/\/www.humanium.org\/fr\/wp-content\/uploads\/2023\/10\/shutterstock_1856848429-1024x680.jpg 1024w, https:\/\/www.humanium.org\/fr\/wp-content\/uploads\/2023\/10\/shutterstock_1856848429-300x199.jpg 300w, https:\/\/www.humanium.org\/fr\/wp-content\/uploads\/2023\/10\/shutterstock_1856848429-768x510.jpg 768w, https:\/\/www.humanium.org\/fr\/wp-content\/uploads\/2023\/10\/shutterstock_1856848429-1536x1020.jpg 1536w, https:\/\/www.humanium.org\/fr\/wp-content\/uploads\/2023\/10\/shutterstock_1856848429-2048x1360.jpg 2048w, https:\/\/www.humanium.org\/fr\/wp-content\/uploads\/2023\/10\/shutterstock_1856848429-830x551.jpg 830w, https:\/\/www.humanium.org\/fr\/wp-content\/uploads\/2023\/10\/shutterstock_1856848429-230x153.jpg 230w, https:\/\/www.humanium.org\/fr\/wp-content\/uploads\/2023\/10\/shutterstock_1856848429-350x232.jpg 350w, https:\/\/www.humanium.org\/fr\/wp-content\/uploads\/2023\/10\/shutterstock_1856848429-480x319.jpg 480w, https:\/\/www.humanium.org\/fr\/wp-content\/uploads\/2023\/10\/shutterstock_1856848429-272x182.jpg 272w\" sizes=\"auto, (max-width: 1024px) 100vw, 1024px\" \/><\/figure>\n\n\n\n<p class=\"wp-block-paragraph\">Humanium s&rsquo;engage \u00e0 prot\u00e9ger les droits de l&rsquo;enfant, y compris leur droit \u00e0 <a href=\"https:\/\/www.humanium.org\/fr\/comprendre-droits-enfant\/droit-a-l-education\/#:~:text=L%27%C3%A9ducation%20doit%20%C3%AAtre%20accessible,de%20se%20construire%20un%20avenir.\">l&rsquo;\u00e9ducation<\/a>, \u00e0 la <a href=\"https:\/\/www.humanium.org\/fr\/comprendre-droits-enfant\/protection\/\">protection<\/a> et \u00e0 la <a href=\"https:\/\/www.humanium.org\/fr\/comprendre-droits-enfant\/droit-aux-libertes\/\">libert\u00e9<\/a>. Si vous souhaitez contribuer \u00e0 la cause d&rsquo;Humanium, vous pouvez envisager de faire un don, de devenir b\u00e9n\u00e9vole ou <a href=\"https:\/\/www.humanium.org\/fr\/devenir-membre\/devenir-membre-3\/\">membre<\/a>.<\/p>\n\n\n\n<p class=\"wp-block-paragraph\"><em><strong>R\u00e9dig\u00e9 par Zeljka Mazinjanin<\/strong><\/em><\/p>\n\n\n\n<p class=\"wp-block-paragraph\"><em><strong>Traduit par Victoire Ramos<\/strong><\/em><\/p>\n\n\n\n<p class=\"wp-block-paragraph\"><em><strong>Relu par Aditi Partha<\/strong><\/em><\/p>\n\n\n\n<h4 class=\"wp-block-heading\"><strong>Bibliographie :<\/strong><\/h4>\n\n\n\n<p class=\"has-small-font-size wp-block-paragraph\">Anti-discrimination database (n.d.), Decade of Roma Inclusion 2005-2015. Retrieved from Anti-discrimination database at<a href=\"https:\/\/adsdatabase.ohchr.org\/IssueLibrary\/HUNGARY_Decade%20of%20Roma%20Inclusion%202005-2015.pdf\" target=\"_blank\" rel=\"noreferrer noopener\"> https:\/\/adsdatabase.ohchr.org\/IssueLibrary\/HUNGARY_Decade%20of%20Roma%20Inclusion%202005-2015.pdf<\/a>, accessed on August 25, 2023.<\/p>\n\n\n\n<p class=\"has-small-font-size wp-block-paragraph\">Antonijevi\u0107 Milena (2023), Serbia to label child marriage as human trafficking. Retrieved from Euractiv at <a href=\"https:\/\/www.euractiv.com\/section\/politics\/news\/serbia-to-label-child-marriage-as-human-trafficking\/\" target=\"_blank\" rel=\"noreferrer noopener\">https:\/\/www.euractiv.com\/section\/politics\/news\/serbia-to-label-child-marriage-as-human-trafficking\/<\/a>, accessed on August 25, 2023.<\/p>\n\n\n\n<p class=\"has-small-font-size wp-block-paragraph\">Beker Kosana (2019), Regional Report on Compliance with the UN Convention on the Elimination of All Forms of Discrimination Against Women (CEDAW) and Council of Europe Convention on Preventing and Combating Violence Against Women and Domestic Violence (Istanbul Convention) relating to discrimination of Roma women in the area of healthcare, child marriages and offering support and protection to Roma women in cases of domestic violence. Retrieved at <a href=\"https:\/\/eca.unwomen.org\/sites\/default\/files\/Field%20Office%20ECA\/Attachments\/Publications\/2019\/10\/Regional%20Report%20on%20discrimination%20of%20Roma%20women%20English.pdf\" target=\"_blank\" rel=\"noreferrer noopener\">https:\/\/eca.unwomen.org\/sites\/default\/files\/Field%20Office%20ECA\/Attachments\/Publications\/2019\/10\/Regional%20Report%20on%20discrimination%20of%20Roma%20women%20English.pdf<\/a>, accessed on August 25, 2023.<\/p>\n\n\n\n<p class=\"has-small-font-size wp-block-paragraph\">Eurydice (2023), Romania-National reforms in school education. Retrieved from Eurydice at<a href=\"https:\/\/eurydice.eacea.ec.europa.eu\/national-education-systems\/romania\/national-reforms-school-education\" target=\"_blank\" rel=\"noreferrer noopener\"> https:\/\/eurydice.eacea.ec.europa.eu\/national-education-systems\/romania\/national-reforms-school-education<\/a>, accessed on August 25, 2023.<\/p>\n\n\n\n<p class=\"has-small-font-size wp-block-paragraph\">Girls Not Brides (n.d.), Child Marriage and Education. Retrieved from Girls Not Brides at<a href=\"https:\/\/www.girlsnotbrides.org\/learning-resources\/child-marriage-and-education\/\" target=\"_blank\" rel=\"noreferrer noopener\"> https:\/\/www.girlsnotbrides.org\/learning-resources\/child-marriage-and-education\/<\/a>, accessed on August 25, 2023.<\/p>\n\n\n\n<p class=\"has-small-font-size wp-block-paragraph\">Human Rights Fund Progress (2017), Romani Customs and Traditions: Marriage. Retrieved from Human Rights Fund Progress at <a href=\"https:\/\/rozvitok.org\/en\/romani-customs-and-traditions-marriage\/\" target=\"_blank\" rel=\"noreferrer noopener\">https:\/\/rozvitok.org\/en\/romani-customs-and-traditions-marriage\/<\/a>, accessed on August 24, 2023.<\/p>\n\n\n\n<p class=\"has-small-font-size wp-block-paragraph\">Lukovi\u0107 Marijana et al (2023), Prevention and elimination of child marriages and economic empowerment of Roma women at the local level in Serbia. Retrieved from Praxis at<a href=\"https:\/\/www.praxis.org.rs\/images\/praxis_downloads\/Prevention_and_elimination_of_child_marriages-Analysis.pdf\" target=\"_blank\" rel=\"noreferrer noopener\"> https:\/\/www.praxis.org.rs\/images\/praxis_downloads\/Prevention_and_elimination_of_child_marriages-Analysis.pdf<\/a>, accessed on August 25, 2023.&nbsp;<\/p>\n\n\n\n<p class=\"has-small-font-size wp-block-paragraph\">MailOnline (2015), Roma gipsy girls as young as 12 are being \u2018forced to live in arranged marriages in scandal-hit Rotherham. Retrieved from MailOnline at <a href=\"https:\/\/www.dailymail.co.uk\/news\/article-2994377\/Roma-gipsy-girls-young-12-forced-live-arranged-marriages.html\" target=\"_blank\" rel=\"noreferrer noopener\">https:\/\/www.dailymail.co.uk\/news\/article-2994377\/Roma-gipsy-girls-young-12-forced-live-arranged-marriages.html<\/a>, accessed on August 25, 2023.<\/p>\n\n\n\n<p class=\"has-small-font-size wp-block-paragraph\">Marica Irina (2017), Save the Children: Over 9,000 girls in Romania become mothers at a young age. Retrieved from Romania-Insider.com at <a href=\"https:\/\/www.romania-insider.com\/girls-romania-mothers-young-age\" target=\"_blank\" rel=\"noreferrer noopener\">https:\/\/www.romania-insider.com\/girls-romania-mothers-young-age<\/a>, Accessed on August 25, 2023.<\/p>\n\n\n\n<p class=\"has-small-font-size wp-block-paragraph\">Rodriguez Leah (2022), 5 Steps We Can Take Right Now to Protect Girls From Child Marriage. Retrieved from Global Citizen at <a href=\"https:\/\/www.globalcitizen.org\/en\/content\/how-to-prevent-child-marriage\/\" target=\"_blank\" rel=\"noreferrer noopener\">https:\/\/www.globalcitizen.org\/en\/content\/how-to-prevent-child-marriage\/<\/a>, accessed on August 25, 2023.<\/p>\n\n\n\n<p class=\"has-small-font-size wp-block-paragraph\">Social Inclusion and Poverty Reduction Unite (2021), Technical Meeting Held on Social Inclusion of Roma in the Republic of Serbia. Retrieved from Social Inclusion and Poverty Reduction Unite at<a href=\"https:\/\/socijalnoukljucivanje.gov.rs\/en\/technical-meeting-held-on-social-inclusion-of-roma-in-the-republic-of-serbia\/\" target=\"_blank\" rel=\"noreferrer noopener\"> https:\/\/socijalnoukljucivanje.gov.rs\/en\/technical-meeting-held-on-social-inclusion-of-roma-in-the-republic-of-serbia\/<\/a>, accessed on August 25, 2023.<\/p>\n\n\n\n<p class=\"has-small-font-size wp-block-paragraph\">Unicef (n.d.), Child marriage among the Roma population in Serbia: Overview of Ethnographic Research. Retrieved from Unicef at <a href=\"https:\/\/www.unicef.org\/serbia\/en\/child-marriage-among-roma-population-serbia\" target=\"_blank\" rel=\"noreferrer noopener\">https:\/\/www.unicef.org\/serbia\/en\/child-marriage-among-roma-population-serbia<\/a>, accessed on August 24, 2023.<\/p>\n\n\n\n<p class=\"has-small-font-size wp-block-paragraph\">Unicef (2011), The Right of Roma Children to Education. Retrieved from Unicef at <a href=\"https:\/\/www.unicef.org\/eca\/media\/1566\/file\/Roma%20education%20postition%20paper.pdf\" target=\"_blank\" rel=\"noreferrer noopener\">&nbsp;https:\/\/www.unicef.org\/eca\/media\/1566\/file\/Roma%20education%20postition%20paper.pdf<\/a>, accessed on August 25, 2023.<\/p>\n\n\n\n<p class=\"has-small-font-size wp-block-paragraph\">UN Chronicle (n.d.), The Decade of Roma Inclusion: Addressing Racial Discrimination Through Development. Retrieved from UN Chronicle at<a href=\"https:\/\/www.un.org\/en\/chronicle\/article\/decade-roma-inclusion-addressing-racial-discrimination-through-development\" target=\"_blank\" rel=\"noreferrer noopener\"> https:\/\/www.un.org\/en\/chronicle\/article\/decade-roma-inclusion-addressing-racial-discrimination-through-development<\/a>, accessed on August 26, 2023.<\/p>\n","protected":false},"excerpt":{"rendered":"<p>Malgr\u00e9 les progr\u00e8s mondiaux r\u00e9alis\u00e9s gr\u00e2ce aux efforts internationaux visant \u00e0 mettre fin aux mariage d&rsquo;enfants, celui-ci reste une r\u00e9alit\u00e9 pour de nombreux enfants, et les enfants roms ne font pas exception \u00e0 la r\u00e8gle. Des d\u00e9cennies de marginalisation ethnique, de pauvret\u00e9, de st\u00e9r\u00e9otypes profond\u00e9ment ancr\u00e9s sur la sexualit\u00e9 et le r\u00f4le des femmes et [&hellip;]<\/p>\n","protected":false},"author":69,"featured_media":55783,"comment_status":"closed","ping_status":"closed","sticky":false,"template":"","format":"standard","meta":{"footnotes":""},"categories":[220,4,233,235,231,215],"tags":[],"class_list":["post-55775","post","type-post","status-publish","format-standard","has-post-thumbnail","hentry","category-droits-des-enfants","category-droits-humains","category-exploitation","category-mariage-denfants","category-pauvrete","category-refugies"],"yoast_head":"<!-- This site is optimized with the Yoast SEO plugin v28.3 - https:\/\/yoast.com\/product\/yoast-seo-wordpress\/ -->\n<title>Lutter contre le mariage d&#039;enfants parmi la population rom en Europe de l&#039;Est - Humanium<\/title>\n<meta name=\"description\" content=\"Malgr\u00e9 les progr\u00e8s r\u00e9alis\u00e9s au niveau mondial, les pratiques de mariage d&#039;enfants sont encore tr\u00e8s r\u00e9pandues en Europe de l&#039;Est.\" \/>\n<meta name=\"robots\" content=\"index, follow, max-snippet:-1, max-image-preview:large, max-video-preview:-1\" \/>\n<link rel=\"canonical\" href=\"https:\/\/www.humanium.org\/fr\/lutter-contre-le-mariage-denfants-parmi-la-population-rom-en-europe-de-lest\/\" \/>\n<meta property=\"og:locale\" content=\"fr_FR\" \/>\n<meta property=\"og:type\" content=\"article\" \/>\n<meta property=\"og:title\" content=\"Lutter contre le mariage d&#039;enfants parmi la population rom en Europe de l&#039;Est - Humanium\" \/>\n<meta property=\"og:description\" content=\"Malgr\u00e9 les progr\u00e8s r\u00e9alis\u00e9s au niveau mondial, les pratiques de mariage d&#039;enfants sont encore tr\u00e8s r\u00e9pandues en Europe de l&#039;Est.\" \/>\n<meta property=\"og:url\" content=\"https:\/\/www.humanium.org\/fr\/lutter-contre-le-mariage-denfants-parmi-la-population-rom-en-europe-de-lest\/\" \/>\n<meta property=\"og:site_name\" content=\"Humanium\" \/>\n<meta property=\"article:published_time\" content=\"2023-10-03T12:51:12+00:00\" \/>\n<meta property=\"article:modified_time\" content=\"2026-08-21T03:19:38+00:00\" \/>\n<meta property=\"og:image\" content=\"https:\/\/www.humanium.org\/fr\/wp-content\/uploads\/2023\/10\/shutterstock_1856852590.jpg\" \/>\n\t<meta property=\"og:image:width\" content=\"1000\" \/>\n\t<meta property=\"og:image:height\" content=\"664\" \/>\n\t<meta property=\"og:image:type\" content=\"image\/jpeg\" \/>\n<meta name=\"author\" content=\"Humanium\" \/>\n<meta name=\"twitter:card\" content=\"summary_large_image\" \/>\n<meta name=\"twitter:label1\" content=\"\u00c9crit par\" \/>\n\t<meta name=\"twitter:data1\" content=\"Humanium\" \/>\n\t<meta name=\"twitter:label2\" content=\"Dur\u00e9e de lecture estim\u00e9e\" \/>\n\t<meta name=\"twitter:data2\" content=\"11 minutes\" \/>\n<script type=\"application\/ld+json\" class=\"yoast-schema-graph\">{\"@context\":\"https:\\\/\\\/schema.org\",\"@graph\":[{\"@type\":\"Article\",\"@id\":\"https:\\\/\\\/www.humanium.org\\\/fr\\\/lutter-contre-le-mariage-denfants-parmi-la-population-rom-en-europe-de-lest\\\/#article\",\"isPartOf\":{\"@id\":\"https:\\\/\\\/www.humanium.org\\\/fr\\\/lutter-contre-le-mariage-denfants-parmi-la-population-rom-en-europe-de-lest\\\/\"},\"author\":{\"name\":\"Humanium\",\"@id\":\"https:\\\/\\\/www.humanium.org\\\/fr\\\/#\\\/schema\\\/person\\\/d798d6c7d59ba2307e0877f61a20ce3e\"},\"headline\":\"Lutter contre le mariage d&rsquo;enfants parmi la population rom en Europe de l&rsquo;Est\",\"datePublished\":\"2023-10-03T12:51:12+00:00\",\"dateModified\":\"2026-08-21T03:19:38+00:00\",\"mainEntityOfPage\":{\"@id\":\"https:\\\/\\\/www.humanium.org\\\/fr\\\/lutter-contre-le-mariage-denfants-parmi-la-population-rom-en-europe-de-lest\\\/\"},\"wordCount\":2278,\"image\":{\"@id\":\"https:\\\/\\\/www.humanium.org\\\/fr\\\/lutter-contre-le-mariage-denfants-parmi-la-population-rom-en-europe-de-lest\\\/#primaryimage\"},\"thumbnailUrl\":\"https:\\\/\\\/www.humanium.org\\\/fr\\\/wp-content\\\/uploads\\\/2023\\\/10\\\/shutterstock_1856852590.jpg\",\"articleSection\":[\"Droits des enfants\",\"Droits humains\",\"Exploitation\",\"Mariage d\u2019enfants\",\"Pauvret\u00e9\",\"R\u00e9fugi\u00e9s\"],\"inLanguage\":\"fr-FR\"},{\"@type\":\"WebPage\",\"@id\":\"https:\\\/\\\/www.humanium.org\\\/fr\\\/lutter-contre-le-mariage-denfants-parmi-la-population-rom-en-europe-de-lest\\\/\",\"url\":\"https:\\\/\\\/www.humanium.org\\\/fr\\\/lutter-contre-le-mariage-denfants-parmi-la-population-rom-en-europe-de-lest\\\/\",\"name\":\"Lutter contre le mariage d'enfants parmi la population rom en Europe de l'Est - Humanium\",\"isPartOf\":{\"@id\":\"https:\\\/\\\/www.humanium.org\\\/fr\\\/#website\"},\"primaryImageOfPage\":{\"@id\":\"https:\\\/\\\/www.humanium.org\\\/fr\\\/lutter-contre-le-mariage-denfants-parmi-la-population-rom-en-europe-de-lest\\\/#primaryimage\"},\"image\":{\"@id\":\"https:\\\/\\\/www.humanium.org\\\/fr\\\/lutter-contre-le-mariage-denfants-parmi-la-population-rom-en-europe-de-lest\\\/#primaryimage\"},\"thumbnailUrl\":\"https:\\\/\\\/www.humanium.org\\\/fr\\\/wp-content\\\/uploads\\\/2023\\\/10\\\/shutterstock_1856852590.jpg\",\"datePublished\":\"2023-10-03T12:51:12+00:00\",\"dateModified\":\"2026-08-21T03:19:38+00:00\",\"author\":{\"@id\":\"https:\\\/\\\/www.humanium.org\\\/fr\\\/#\\\/schema\\\/person\\\/d798d6c7d59ba2307e0877f61a20ce3e\"},\"description\":\"Malgr\u00e9 les progr\u00e8s r\u00e9alis\u00e9s au niveau mondial, les pratiques de mariage d'enfants sont encore tr\u00e8s r\u00e9pandues en Europe de l'Est.\",\"breadcrumb\":{\"@id\":\"https:\\\/\\\/www.humanium.org\\\/fr\\\/lutter-contre-le-mariage-denfants-parmi-la-population-rom-en-europe-de-lest\\\/#breadcrumb\"},\"inLanguage\":\"fr-FR\",\"potentialAction\":[{\"@type\":\"ReadAction\",\"target\":[\"https:\\\/\\\/www.humanium.org\\\/fr\\\/lutter-contre-le-mariage-denfants-parmi-la-population-rom-en-europe-de-lest\\\/\"]}]},{\"@type\":\"ImageObject\",\"inLanguage\":\"fr-FR\",\"@id\":\"https:\\\/\\\/www.humanium.org\\\/fr\\\/lutter-contre-le-mariage-denfants-parmi-la-population-rom-en-europe-de-lest\\\/#primaryimage\",\"url\":\"https:\\\/\\\/www.humanium.org\\\/fr\\\/wp-content\\\/uploads\\\/2023\\\/10\\\/shutterstock_1856852590.jpg\",\"contentUrl\":\"https:\\\/\\\/www.humanium.org\\\/fr\\\/wp-content\\\/uploads\\\/2023\\\/10\\\/shutterstock_1856852590.jpg\",\"width\":1000,\"height\":664},{\"@type\":\"BreadcrumbList\",\"@id\":\"https:\\\/\\\/www.humanium.org\\\/fr\\\/lutter-contre-le-mariage-denfants-parmi-la-population-rom-en-europe-de-lest\\\/#breadcrumb\",\"itemListElement\":[{\"@type\":\"ListItem\",\"position\":1,\"name\":\"Home\",\"item\":\"https:\\\/\\\/www.humanium.org\\\/fr\\\/\"},{\"@type\":\"ListItem\",\"position\":2,\"name\":\"Lutter contre le mariage d&rsquo;enfants parmi la population rom en Europe de l&rsquo;Est\"}]},{\"@type\":\"WebSite\",\"@id\":\"https:\\\/\\\/www.humanium.org\\\/fr\\\/#website\",\"url\":\"https:\\\/\\\/www.humanium.org\\\/fr\\\/\",\"name\":\"Humanium\",\"description\":\"Les enfants d\u2019abord !\",\"potentialAction\":[{\"@type\":\"SearchAction\",\"target\":{\"@type\":\"EntryPoint\",\"urlTemplate\":\"https:\\\/\\\/www.humanium.org\\\/fr\\\/?s={search_term_string}\"},\"query-input\":{\"@type\":\"PropertyValueSpecification\",\"valueRequired\":true,\"valueName\":\"search_term_string\"}}],\"inLanguage\":\"fr-FR\"},{\"@type\":\"Person\",\"@id\":\"https:\\\/\\\/www.humanium.org\\\/fr\\\/#\\\/schema\\\/person\\\/d798d6c7d59ba2307e0877f61a20ce3e\",\"name\":\"Humanium\",\"image\":{\"@type\":\"ImageObject\",\"inLanguage\":\"fr-FR\",\"@id\":\"https:\\\/\\\/secure.gravatar.com\\\/avatar\\\/22715e338d2fcc547e3a431c4738360d33fea2a4af458f865b2c3b22f1eaa51f?s=96&d=mm&r=g\",\"url\":\"https:\\\/\\\/secure.gravatar.com\\\/avatar\\\/22715e338d2fcc547e3a431c4738360d33fea2a4af458f865b2c3b22f1eaa51f?s=96&d=mm&r=g\",\"contentUrl\":\"https:\\\/\\\/secure.gravatar.com\\\/avatar\\\/22715e338d2fcc547e3a431c4738360d33fea2a4af458f865b2c3b22f1eaa51f?s=96&d=mm&r=g\",\"caption\":\"Humanium\"},\"url\":\"https:\\\/\\\/www.humanium.org\\\/fr\\\/author\\\/humanium\\\/\"}]}<\/script>\n<!-- \/ Yoast SEO plugin. -->","yoast_head_json":{"title":"Lutter contre le mariage d'enfants parmi la population rom en Europe de l'Est - Humanium","description":"Malgr\u00e9 les progr\u00e8s r\u00e9alis\u00e9s au niveau mondial, les pratiques de mariage d'enfants sont encore tr\u00e8s r\u00e9pandues en Europe de l'Est.","robots":{"index":"index","follow":"follow","max-snippet":"max-snippet:-1","max-image-preview":"max-image-preview:large","max-video-preview":"max-video-preview:-1"},"canonical":"https:\/\/www.humanium.org\/fr\/lutter-contre-le-mariage-denfants-parmi-la-population-rom-en-europe-de-lest\/","og_locale":"fr_FR","og_type":"article","og_title":"Lutter contre le mariage d'enfants parmi la population rom en Europe de l'Est - Humanium","og_description":"Malgr\u00e9 les progr\u00e8s r\u00e9alis\u00e9s au niveau mondial, les pratiques de mariage d'enfants sont encore tr\u00e8s r\u00e9pandues en Europe de l'Est.","og_url":"https:\/\/www.humanium.org\/fr\/lutter-contre-le-mariage-denfants-parmi-la-population-rom-en-europe-de-lest\/","og_site_name":"Humanium","article_published_time":"2023-10-03T12:51:12+00:00","article_modified_time":"2026-08-21T03:19:38+00:00","og_image":[{"width":1000,"height":664,"url":"https:\/\/www.humanium.org\/fr\/wp-content\/uploads\/2023\/10\/shutterstock_1856852590.jpg","type":"image\/jpeg"}],"author":"Humanium","twitter_card":"summary_large_image","twitter_misc":{"\u00c9crit par":"Humanium","Dur\u00e9e de lecture estim\u00e9e":"11 minutes"},"schema":{"@context":"https:\/\/schema.org","@graph":[{"@type":"Article","@id":"https:\/\/www.humanium.org\/fr\/lutter-contre-le-mariage-denfants-parmi-la-population-rom-en-europe-de-lest\/#article","isPartOf":{"@id":"https:\/\/www.humanium.org\/fr\/lutter-contre-le-mariage-denfants-parmi-la-population-rom-en-europe-de-lest\/"},"author":{"name":"Humanium","@id":"https:\/\/www.humanium.org\/fr\/#\/schema\/person\/d798d6c7d59ba2307e0877f61a20ce3e"},"headline":"Lutter contre le mariage d&rsquo;enfants parmi la population rom en Europe de l&rsquo;Est","datePublished":"2023-10-03T12:51:12+00:00","dateModified":"2026-08-21T03:19:38+00:00","mainEntityOfPage":{"@id":"https:\/\/www.humanium.org\/fr\/lutter-contre-le-mariage-denfants-parmi-la-population-rom-en-europe-de-lest\/"},"wordCount":2278,"image":{"@id":"https:\/\/www.humanium.org\/fr\/lutter-contre-le-mariage-denfants-parmi-la-population-rom-en-europe-de-lest\/#primaryimage"},"thumbnailUrl":"https:\/\/www.humanium.org\/fr\/wp-content\/uploads\/2023\/10\/shutterstock_1856852590.jpg","articleSection":["Droits des enfants","Droits humains","Exploitation","Mariage d\u2019enfants","Pauvret\u00e9","R\u00e9fugi\u00e9s"],"inLanguage":"fr-FR"},{"@type":"WebPage","@id":"https:\/\/www.humanium.org\/fr\/lutter-contre-le-mariage-denfants-parmi-la-population-rom-en-europe-de-lest\/","url":"https:\/\/www.humanium.org\/fr\/lutter-contre-le-mariage-denfants-parmi-la-population-rom-en-europe-de-lest\/","name":"Lutter contre le mariage d'enfants parmi la population rom en Europe de l'Est - Humanium","isPartOf":{"@id":"https:\/\/www.humanium.org\/fr\/#website"},"primaryImageOfPage":{"@id":"https:\/\/www.humanium.org\/fr\/lutter-contre-le-mariage-denfants-parmi-la-population-rom-en-europe-de-lest\/#primaryimage"},"image":{"@id":"https:\/\/www.humanium.org\/fr\/lutter-contre-le-mariage-denfants-parmi-la-population-rom-en-europe-de-lest\/#primaryimage"},"thumbnailUrl":"https:\/\/www.humanium.org\/fr\/wp-content\/uploads\/2023\/10\/shutterstock_1856852590.jpg","datePublished":"2023-10-03T12:51:12+00:00","dateModified":"2026-08-21T03:19:38+00:00","author":{"@id":"https:\/\/www.humanium.org\/fr\/#\/schema\/person\/d798d6c7d59ba2307e0877f61a20ce3e"},"description":"Malgr\u00e9 les progr\u00e8s r\u00e9alis\u00e9s au niveau mondial, les pratiques de mariage d'enfants sont encore tr\u00e8s r\u00e9pandues en Europe de l'Est.","breadcrumb":{"@id":"https:\/\/www.humanium.org\/fr\/lutter-contre-le-mariage-denfants-parmi-la-population-rom-en-europe-de-lest\/#breadcrumb"},"inLanguage":"fr-FR","potentialAction":[{"@type":"ReadAction","target":["https:\/\/www.humanium.org\/fr\/lutter-contre-le-mariage-denfants-parmi-la-population-rom-en-europe-de-lest\/"]}]},{"@type":"ImageObject","inLanguage":"fr-FR","@id":"https:\/\/www.humanium.org\/fr\/lutter-contre-le-mariage-denfants-parmi-la-population-rom-en-europe-de-lest\/#primaryimage","url":"https:\/\/www.humanium.org\/fr\/wp-content\/uploads\/2023\/10\/shutterstock_1856852590.jpg","contentUrl":"https:\/\/www.humanium.org\/fr\/wp-content\/uploads\/2023\/10\/shutterstock_1856852590.jpg","width":1000,"height":664},{"@type":"BreadcrumbList","@id":"https:\/\/www.humanium.org\/fr\/lutter-contre-le-mariage-denfants-parmi-la-population-rom-en-europe-de-lest\/#breadcrumb","itemListElement":[{"@type":"ListItem","position":1,"name":"Home","item":"https:\/\/www.humanium.org\/fr\/"},{"@type":"ListItem","position":2,"name":"Lutter contre le mariage d&rsquo;enfants parmi la population rom en Europe de l&rsquo;Est"}]},{"@type":"WebSite","@id":"https:\/\/www.humanium.org\/fr\/#website","url":"https:\/\/www.humanium.org\/fr\/","name":"Humanium","description":"Les enfants d\u2019abord !","potentialAction":[{"@type":"SearchAction","target":{"@type":"EntryPoint","urlTemplate":"https:\/\/www.humanium.org\/fr\/?s={search_term_string}"},"query-input":{"@type":"PropertyValueSpecification","valueRequired":true,"valueName":"search_term_string"}}],"inLanguage":"fr-FR"},{"@type":"Person","@id":"https:\/\/www.humanium.org\/fr\/#\/schema\/person\/d798d6c7d59ba2307e0877f61a20ce3e","name":"Humanium","image":{"@type":"ImageObject","inLanguage":"fr-FR","@id":"https:\/\/secure.gravatar.com\/avatar\/22715e338d2fcc547e3a431c4738360d33fea2a4af458f865b2c3b22f1eaa51f?s=96&d=mm&r=g","url":"https:\/\/secure.gravatar.com\/avatar\/22715e338d2fcc547e3a431c4738360d33fea2a4af458f865b2c3b22f1eaa51f?s=96&d=mm&r=g","contentUrl":"https:\/\/secure.gravatar.com\/avatar\/22715e338d2fcc547e3a431c4738360d33fea2a4af458f865b2c3b22f1eaa51f?s=96&d=mm&r=g","caption":"Humanium"},"url":"https:\/\/www.humanium.org\/fr\/author\/humanium\/"}]}},"_links":{"self":[{"href":"https:\/\/www.humanium.org\/fr\/wp-json\/wp\/v2\/posts\/55775","targetHints":{"allow":["GET"]}}],"collection":[{"href":"https:\/\/www.humanium.org\/fr\/wp-json\/wp\/v2\/posts"}],"about":[{"href":"https:\/\/www.humanium.org\/fr\/wp-json\/wp\/v2\/types\/post"}],"author":[{"embeddable":true,"href":"https:\/\/www.humanium.org\/fr\/wp-json\/wp\/v2\/users\/69"}],"replies":[{"embeddable":true,"href":"https:\/\/www.humanium.org\/fr\/wp-json\/wp\/v2\/comments?post=55775"}],"version-history":[{"count":5,"href":"https:\/\/www.humanium.org\/fr\/wp-json\/wp\/v2\/posts\/55775\/revisions"}],"predecessor-version":[{"id":62629,"href":"https:\/\/www.humanium.org\/fr\/wp-json\/wp\/v2\/posts\/55775\/revisions\/62629"}],"wp:featuredmedia":[{"embeddable":true,"href":"https:\/\/www.humanium.org\/fr\/wp-json\/wp\/v2\/media\/55783"}],"wp:attachment":[{"href":"https:\/\/www.humanium.org\/fr\/wp-json\/wp\/v2\/media?parent=55775"}],"wp:term":[{"taxonomy":"category","embeddable":true,"href":"https:\/\/www.humanium.org\/fr\/wp-json\/wp\/v2\/categories?post=55775"},{"taxonomy":"post_tag","embeddable":true,"href":"https:\/\/www.humanium.org\/fr\/wp-json\/wp\/v2\/tags?post=55775"}],"curies":[{"name":"wp","href":"https:\/\/api.w.org\/{rel}","templated":true}]}}