{"id":55850,"date":"2023-10-17T18:48:40","date_gmt":"2023-10-17T18:48:40","guid":{"rendered":"https:\/\/www.humanium.org\/fr\/?p=55850"},"modified":"2026-08-21T03:19:38","modified_gmt":"2026-08-21T03:19:38","slug":"limpact-de-lalienation-parentale-sur-linteret-superieur-de-lenfant-dans-les-cas-de-violence-domestique","status":"publish","type":"post","link":"https:\/\/www.humanium.org\/fr\/limpact-de-lalienation-parentale-sur-linteret-superieur-de-lenfant-dans-les-cas-de-violence-domestique\/","title":{"rendered":"L\u2019impact de l\u2019\u00abali\u00e9nation parentale\u00bb sur l\u2019int\u00e9r\u00eat sup\u00e9rieur de l\u2019enfant dans les cas de violence domestique"},"content":{"rendered":"\n<p class=\"wp-block-paragraph\"><strong>Dans les cas pr\u00e9sum\u00e9s de <\/strong><a href=\"https:\/\/www.humanium.org\/fr\/la-violence-au-sein-du-foyer-et-ses-consequences-sur-les-enfants\/\"><strong>violence au sein de la famille<\/strong><\/a><strong>, et o\u00f9 des enfants sont impliqu\u00e9s, il est important que les tribunaux priorisent l\u2019int\u00e9r\u00eat sup\u00e9rieur de l\u2019enfant. Lorsque ce n\u2019est pas le cas, les tribunaux font courir aussi bien aux victimes de violence domestique qu\u2019aux enfants le risque de <\/strong><a href=\"https:\/\/www.humanium.org\/fr\/le-bien-etre-mental-des-enfants\/\"><strong>traumatisme<\/strong><\/a><strong>. Les tribunaux de la famille doivent cesser de se servir de l\u2019\u00abali\u00e9nation parentale\u00bb comme d\u2019un pr\u00e9texte id\u00e9al pour l\u00e9gitimer la priorisation des droits des personnes responsables d\u2019actes de violences au sein des foyers, au d\u00e9triment des droits fondamentaux des enfants (Birchall, Choudhry, Nicholson-Pallett, 2018).&nbsp;<\/strong><\/p>\n\n\n\n<h2 class=\"wp-block-heading\"><strong>L\u2019ali\u00e9nation parentale: qu\u2019est-ce que c\u2019est?<\/strong><\/h2>\n\n\n\n<p class=\"wp-block-paragraph\">L\u2019\u00abali\u00e9nation parentale\u00bb d\u00e9signe tout acte qui favorise chez l\u2019enfant un rejet injustifi\u00e9 \u00e0 l\u2019\u00e9gard de l\u2019un de ses parents, le plus souvent le p\u00e8re (Assembl\u00e9e g\u00e9n\u00e9rale des Nations Unies, 2023). Cette expression tient son origine de la psychologie et de la croyance archa\u00efque selon laquelle il est fr\u00e9quent que l\u2019un des parents, tr\u00e8s souvent la m\u00e8re, persuade l\u2019enfant, de mani\u00e8re injustifi\u00e9e, de manifester de l\u2019hostilit\u00e9 envers le p\u00e8re et de prendre de la distance envers celui-ci (Assembl\u00e9e G\u00e9n\u00e9rale des Nations Unies, 2023). Par cons\u00e9quent, l\u2019ali\u00e9nation parentale est l\u2019accusation selon laquelle un parent am\u00e8ne son enfant, de mani\u00e8re ill\u00e9gale, \u00e0 manifester de l\u2019hostilit\u00e9 envers l\u2019autre parent.&nbsp;<\/p>\n\n\n\n<h2 class=\"wp-block-heading\"><strong>L\u2019int\u00e9r\u00eat sup\u00e9rieur de l\u2019enfant<\/strong><\/h2>\n\n\n\n<p class=\"wp-block-paragraph\">L\u2019examen de ces probl\u00e9matiques sous le prisme de la question de la protection des enfants met en exergue un ensemble d\u2019\u00e9l\u00e9ments particuli\u00e8rement graves. Les d\u00e9cisions impliquant une all\u00e9gation d\u2019ali\u00e9nation parentale non justifi\u00e9e sont susceptibles d\u2019exposer les enfants \u00e0 des environnements violents d\u2019un point de vue physique ou mental, mettant ainsi \u00e0 mal leur capacit\u00e9 de r\u00e9silience et entravant leur processus de <a href=\"https:\/\/www.humanium.org\/fr\/le-bien-etre-mental-des-enfants\/\">d\u00e9veloppement<\/a> (Haut-Commissariat des Nations Unies aux droits de l&rsquo;Homme, 2023).&nbsp;<\/p>\n\n\n\n<p class=\"wp-block-paragraph\">Les tribunaux n\u2019arrivent souvent pas \u00e0 comprendre \u00e0 quel point les plaintes relatives aux <a href=\"https:\/\/www.humanium.org\/fr\/la-violence-au-sein-du-foyer-et-ses-consequences-sur-les-enfants\/\">violences domestiques<\/a> qui ne sont pas prises en consid\u00e9ration, peuvent contribuer \u00e0 d\u00e9t\u00e9riorer davantage la situation, obligeant les victimes et leurs enfants \u00e0 rester en contact permanent avec leurs bourreaux (Assembl\u00e9e G\u00e9n\u00e9rale des Nations Unies, 2023). Les formes de violence familiale affectent souvent les enfants ; au <a href=\"https:\/\/www.humanium.org\/fr\/canada\/\">Canada,<\/a> plus de 40% des cas d\u2019ali\u00e9nation parentale \u00e9taient caract\u00e9ris\u00e9s par des situations de violences au sein des foyers ou de <a href=\"https:\/\/www.humanium.org\/fr\/la-maltraitance-des-enfants\/\">maltraitance infantile<\/a> (Assembl\u00e9e G\u00e9n\u00e9rale des Nations Unies, 2023).<\/p>\n\n\n\n<p class=\"wp-block-paragraph\">La partialit\u00e9 de la justice qui consid\u00e8re les m\u00e8res comme \u00e9tant des manipulatrices potentielles sous-estime \u00e9galement la capacit\u00e9 d\u2019agir de l\u2019<a href=\"https:\/\/www.humanium.org\/fr\/droits-enfant\/\">enfant<\/a> (Assembl\u00e9e G\u00e9n\u00e9rale des Nations Unies, 2023). Il n\u2019est pas rare de voir des p\u00e8res reconnus coupables de violence se voir accord\u00e9s un droit de visite ou un droit de garde, m\u00eame dans des cas av\u00e9r\u00e9s de violences physiques ou de violence sexuelle (Assembl\u00e9e G\u00e9n\u00e9rale des Nations Unies, 2023). <\/p>\n\n\n\n<p class=\"wp-block-paragraph\">En outre, les tribunaux h\u00e9sitent g\u00e9n\u00e9ralement \u00e0 statuer en faveur des m\u00e8res, dont les actions visent \u00e0 prot\u00e9ger leurs enfants. En effet, les m\u00e8res peuvent m\u00eame faire l\u2019objet de poursuites judiciaires suite \u00e0 une violation du droit de garde en vue de prot\u00e9ger leurs enfants (Assembl\u00e9e G\u00e9n\u00e9rale des Nations Unies, 2023).&nbsp;<\/p>\n\n\n\n<p class=\"wp-block-paragraph\">Il arrive que les m\u00e8res soient r\u00e9ticentes \u00e0 partager les informations relatives \u00e0 la maltraitance dont elles sont victimes, par crainte de se voir punies par les tribunaux sous le motif de l\u2019ali\u00e9nation parentale. Dans les cas extr\u00eames relev\u00e9s dans diff\u00e9rents pays r\u00e9partis sur trois continents, des enfants ont \u00e9t\u00e9 retir\u00e9s \u00e0 leur tuteur, et ont \u00e9t\u00e9 oblig\u00e9s de retourner vivre avec le parent coupable de l\u2019abus (Assembl\u00e9e G\u00e9n\u00e9rale des Nations Unies, 2023). Au <a href=\"https:\/\/www.humanium.org\/fr\/royaume-uni\/\">Royaume-Uni<\/a>, au cours des cinq derni\u00e8res ann\u00e9es, au moins quatre enfants ont \u00e9t\u00e9 tu\u00e9s par leur parent maltraitant, \u00e0 la suite des d\u00e9cisions de justice ayant donn\u00e9 \u00e0 leurs assassins un acc\u00e8s direct \u00e0 ceux-ci (Furst, 2019).&nbsp;&nbsp;<\/p>\n\n\n\n<h2 class=\"wp-block-heading\"><strong>Pr\u00e9jug\u00e9s sexistes dans la soci\u00e9t\u00e9&nbsp;<\/strong><\/h2>\n\n\n\n<figure class=\"wp-block-image size-large\"><img loading=\"lazy\" decoding=\"async\" width=\"1024\" height=\"695\" src=\"https:\/\/www.humanium.org\/fr\/wp-content\/uploads\/2023\/10\/shutterstock_728258470-1024x695.jpg\" alt=\"\" class=\"wp-image-55852\" srcset=\"https:\/\/www.humanium.org\/fr\/wp-content\/uploads\/2023\/10\/shutterstock_728258470-1024x695.jpg 1024w, https:\/\/www.humanium.org\/fr\/wp-content\/uploads\/2023\/10\/shutterstock_728258470-300x204.jpg 300w, https:\/\/www.humanium.org\/fr\/wp-content\/uploads\/2023\/10\/shutterstock_728258470-768x521.jpg 768w, https:\/\/www.humanium.org\/fr\/wp-content\/uploads\/2023\/10\/shutterstock_728258470-1536x1042.jpg 1536w, https:\/\/www.humanium.org\/fr\/wp-content\/uploads\/2023\/10\/shutterstock_728258470-2048x1390.jpg 2048w, https:\/\/www.humanium.org\/fr\/wp-content\/uploads\/2023\/10\/shutterstock_728258470-830x563.jpg 830w, https:\/\/www.humanium.org\/fr\/wp-content\/uploads\/2023\/10\/shutterstock_728258470-230x156.jpg 230w, https:\/\/www.humanium.org\/fr\/wp-content\/uploads\/2023\/10\/shutterstock_728258470-350x237.jpg 350w, https:\/\/www.humanium.org\/fr\/wp-content\/uploads\/2023\/10\/shutterstock_728258470-480x326.jpg 480w\" sizes=\"auto, (max-width: 1024px) 100vw, 1024px\" \/><\/figure>\n\n\n\n<p class=\"wp-block-paragraph\">Des pr\u00e9jug\u00e9s sexistes et des normes culturelles omnipr\u00e9sents \u00e0 l&rsquo;\u00e9chelle mondiale ont fait perdurer le concept d&rsquo;ali\u00e9nation parentale. Par cons\u00e9quent, les syst\u00e8mes relevant des tribunaux de la famille dans diff\u00e9rentes juridictions continuent d&rsquo;exposer les victimes de <a href=\"https:\/\/www.humanium.org\/fr\/la-violence-au-sein-du-foyer-et-ses-consequences-sur-les-enfants\/\">violences domestiques<\/a> et leurs enfants \u00e0 des pr\u00e9judices suppl\u00e9mentaires en maintenant la garde conjointe dans les cas de maltraitance (Haut-Commissariat aux droits de l&rsquo;Homme des Nations Unies, 2023). <\/p>\n\n\n\n<p class=\"wp-block-paragraph\">Une enqu\u00eate des Nations Unies a mis en \u00e9vidence l&rsquo;ignorance manifeste des tribunaux de la famille en ce qui concerne les preuves tangibles de violence au sein de la famille (Haut-Commissariat aux droits de l&rsquo;Homme des Nations Unies, 2023).\u00a0<\/p>\n\n\n\n<p class=\"wp-block-paragraph\">Plus particuli\u00e8rement, les tribunaux n\u00e9gligent souvent les preuves tangibles en mati\u00e8re de contr\u00f4le coercitif, d&rsquo;abus physiques et d\u2019<a href=\"https:\/\/www.humanium.org\/fr\/exploitation-sexuelle-enfants\/\">exploitation sexuelle<\/a>, de violence dans le couple, ainsi que d&rsquo;autres formes de pr\u00e9judices enregistr\u00e9s (Haut-Commissariat aux droits de l&rsquo;Homme des Nations Unies, 2023). En g\u00e9n\u00e9ral, les tribunaux de la famille privil\u00e9gient l&rsquo;id\u00e9e d&rsquo;une garde partag\u00e9e, ce qui fait peser sur les victimes la lourde charge de prouver les <a href=\"https:\/\/www.humanium.org\/fr\/la-maltraitance-des-enfants\/\">s\u00e9vices subis<\/a> et le risque d&rsquo;une double-victimisation.<\/p>\n\n\n\n<p class=\"wp-block-paragraph\">Dans des pays tels que la <a href=\"https:\/\/www.humanium.org\/fr\/hongrie\/\">Hongrie<\/a>, les tribunaux ne sont pas oblig\u00e9s de prendre en compte les ant\u00e9c\u00e9dents de <a href=\"https:\/\/www.humanium.org\/fr\/violences\/\">violence<\/a> dans les affaires de garde (Assembl\u00e9e g\u00e9n\u00e9rale des Nations Unies, 2023). De m\u00eame, en <a href=\"https:\/\/www.humanium.org\/fr\/italie\/\">Italie,<\/a> 96 % des cas de s\u00e9paration pour cause de violence au sein de la famille ne consid\u00e9raient pas la violence comme un \u00e9l\u00e9ment d\u00e9terminant pour la garde des enfants (Assembl\u00e9e g\u00e9n\u00e9rale des Nations Unies, 2023).<\/p>\n\n\n\n<p class=\"wp-block-paragraph\">Bien que le concept d&rsquo;ali\u00e9nation parentale soit intrins\u00e8quement neutre, il est appliqu\u00e9 de mani\u00e8re disproportionn\u00e9e. Les femmes sont en grande majorit\u00e9 les victimes des d\u00e9cisions prises en mati\u00e8re d&rsquo;ali\u00e9nation parentale, et cette situation est encore accentu\u00e9e pour les minorit\u00e9s qui sont \u00e9galement victimes de st\u00e9r\u00e9otypes culturels et religieux n\u00e9gatifs (Bureau du Haut-Commissaire aux droits de l&rsquo;Homme des Nations Unies, 2023). <\/p>\n\n\n\n<p class=\"wp-block-paragraph\">De par leur nature, les femmes sont plus susceptibles d&rsquo;\u00eatre victimes de violences au sein de la famille et, dans le m\u00eame temps, ont moins de chances d&rsquo;acc\u00e9der aux services mis en place pour les aider (Assembl\u00e9e g\u00e9n\u00e9rale des Nations unies, 2023).\u00a0<\/p>\n\n\n\n<p class=\"wp-block-paragraph\">Les statistiques des <a href=\"https:\/\/www.humanium.org\/fr\/etats-unis\/\">\u00c9tats-Unis d&rsquo;Am\u00e9rique<\/a> indiquent que 44 % des m\u00e8res accus\u00e9es de maltraitance par leur mari voient leur droit de garde r\u00e9voqu\u00e9, contre 28 % des p\u00e8res dans la m\u00eame situation (Assembl\u00e9e g\u00e9n\u00e9rale des Nations unies, 2023). Selon des estimations, aux \u00c9tats-Unis, 58 000 enfants se retrouvent dans des environnements dangereux \u00e0 la suite de telles d\u00e9cisions (Assembl\u00e9e g\u00e9n\u00e9rale des Nations unies, 2023). Au <a href=\"https:\/\/www.humanium.org\/fr\/bresil\/\">Br\u00e9sil<\/a>, 66% des cas d&rsquo;ali\u00e9nation parentale sont imput\u00e9s \u00e0 des femmes qui ont tent\u00e9 de convaincre injustement leur enfant de rejeter leur p\u00e8re (Assembl\u00e9e g\u00e9n\u00e9rale des Nations Unies, 2023).<\/p>\n\n\n\n<h2 class=\"wp-block-heading\"><strong>Normes juridiques internationales<\/strong><\/h2>\n\n\n\n<p class=\"wp-block-paragraph\">Les droits des enfants \u00e0 ne pas subir de s\u00e9vices et \u00e0 ce que leur int\u00e9r\u00eat sup\u00e9rieur soit exprim\u00e9 et prot\u00e9g\u00e9 sont garantis par de nombreuses lois internationales. L\u2019<a href=\"https:\/\/www.humanium.org\/fr\/texte-integral-convention-internationale-relative-droits-enfant-1989\/\">Article 12<\/a> de la <a href=\"https:\/\/www.humanium.org\/fr\/convention\/\">Convention Internationale des Droits de l&rsquo;Enfant (CIDE)<\/a> oblige les \u00c9tats membres \u00e0 veiller \u00e0 ce que les enfants en \u00e2ge d&rsquo;avoir leur propre opinion puissent s&rsquo;exprimer librement et que leur opinion soit d\u00fbment prise en compte dans le cadre des proc\u00e9dures judiciaires (Assembl\u00e9e g\u00e9n\u00e9rale des Nations Unies, 2023). <\/p>\n\n\n\n<p class=\"wp-block-paragraph\">L\u2019<a href=\"https:\/\/www.humanium.org\/fr\/texte-integral-convention-internationale-relative-droits-enfant-1989\/\">Article 19<\/a> de la CIDE prot\u00e8ge les enfants contre toutes les formes de violence physique ou mentale, ainsi que contre les diverses formes de blessures, d&rsquo;abus, de n\u00e9gligence et de maltraitance (Assembl\u00e9e g\u00e9n\u00e9rale des Nations Unies, 2023).\u00a0<\/p>\n\n\n\n<p class=\"wp-block-paragraph\"><a href=\"https:\/\/www.humanium.org\/fr\/feminicide-dans-une-perspective-globale\/\">Les violences faites aux femmes<\/a> et aux enfants sont \u00e9galement proscrites par de nombreuses conventions r\u00e9gionales, notamment celles \u00e9labor\u00e9es par le Conseil de l&rsquo;Europe, l&rsquo;Union europ\u00e9enne, la Cour interam\u00e9ricaine des droits de l&rsquo;Homme et l&rsquo;Union africaine (Assembl\u00e9e g\u00e9n\u00e9rale des Nations Unies, 2023). L&rsquo;ar\u00e8ne politique internationale regorge \u00e9galement des textes r\u00e9glementant les cas de garde au niveau international afin de prot\u00e9ger l&rsquo;int\u00e9r\u00eat sup\u00e9rieur de l&rsquo;enfant et de pr\u00e9venir les enl\u00e8vements d&rsquo;enfants. On peut citer la <a href=\"https:\/\/www.humanium.org\/fr\/convention-enlevement-international-enfants\/\">Convention sur les aspects civils de l&rsquo;enl\u00e8vement international d&rsquo;enfants<\/a> (Assembl\u00e9e G\u00e9n\u00e9rale des Nations Unies, 2023).&nbsp;<\/p>\n\n\n\n<h2 class=\"wp-block-heading\"><strong>Des r\u00e9percussions consid\u00e9rables<\/strong><\/h2>\n\n\n\n<p class=\"wp-block-paragraph\">Malheureusement, les principes qui sous-tendent l&rsquo;application de l&rsquo;ali\u00e9nation parentale dans les tribunaux de la famille pr\u00e9valent \u00e9galement en dehors de la salle d&rsquo;audience. Les \u00e9valuateurs charg\u00e9s de faire des rapports aux tribunaux de la famille peuvent observer les environnements familiaux \u00e0 travers des perspectives biais\u00e9es, n\u00e9gligeant des signes \u00e9vidents de <a href=\"https:\/\/www.humanium.org\/fr\/la-maltraitance-des-enfants\/\">maltraitance<\/a> (Bureau du Haut-Commissaire aux droits de l&rsquo;Homme des Nations Unies, 2023). Il en va de m\u00eame pour les agences de protection charg\u00e9es de d\u00e9fendre les <a href=\"https:\/\/www.humanium.org\/fr\/droits-enfant\/\">droits des enfants<\/a> et d&rsquo;identifier les risques.&nbsp;<\/p>\n\n\n\n<p class=\"wp-block-paragraph\">Au <a href=\"https:\/\/www.humanium.org\/fr\/bresil\/\">Br\u00e9sil<\/a>, des avocats ont fait pression pour s&rsquo;assurer que des mesures ne soient pas prises pour banaliser les actes de maltraitance ax\u00e9s sur la victime dans les cas de <a href=\"https:\/\/www.humanium.org\/fr\/la-violence-au-sein-du-foyer-et-ses-consequences-sur-les-enfants\/\">violence domestique<\/a> (Assembl\u00e9e G\u00e9n\u00e9rale des Nations Unies, 2023). Cette crainte est partag\u00e9e par les d\u00e9cideurs politiques et les gouvernements : la Chambre des Lords du <a href=\"https:\/\/www.humanium.org\/fr\/royaume-uni\/\">Royaume-Uni<\/a> a envisag\u00e9 d&rsquo;inclure l&rsquo;expression \u00ab&nbsp;comportements ali\u00e9nants&nbsp;\u00bb dans sa d\u00e9finition de la violence au sein de la famille, risquant ainsi de perp\u00e9tuer l&rsquo;id\u00e9e non fond\u00e9e selon laquelle les m\u00e8res cherchent souvent \u00e0 manipuler leurs enfants (Women&rsquo;s Aid, 2021).&nbsp;<\/p>\n\n\n\n<h2 class=\"wp-block-heading\"><strong>Solutions pour l&rsquo;avenir<\/strong><\/h2>\n\n\n\n<p class=\"wp-block-paragraph\">Pour r\u00e9pondre aux probl\u00e8mes d&rsquo;ali\u00e9nation parentale, il est essentiel de privil\u00e9gier l&rsquo;int\u00e9r\u00eat sup\u00e9rieur de l&rsquo;enfant. Des exemples du monde entier indiquent des pistes possibles :<\/p>\n\n\n\n<p class=\"wp-block-paragraph\">Des syst\u00e8mes doivent \u00eatre mis en place pour favoriser la participation des enfants aux proc\u00e9dures judiciaires. Le commissaire charg\u00e9 de la lutte contre les violences domestiques en <a href=\"https:\/\/www.humanium.org\/fr\/royaume-uni\/\">Angleterre<\/a> et au <a href=\"https:\/\/www.humanium.org\/fr\/royaume-uni\/\">Pays de Galles<\/a> surveille les enfants sur la base des crit\u00e8res ax\u00e9s sur les traumatismes afin de mieux juger les cas de contr\u00f4le coercitif. Le syst\u00e8me judiciaire de l\u2019<a href=\"https:\/\/www.humanium.org\/fr\/royaume-uni\/\">\u00c9cosse<\/a> voisine donne au responsable des droits de l&rsquo;enfant en mati\u00e8re de violence domestique la possibilit\u00e9 de fournir \u00e0 un tribunal des informations sur la violence \u00e0 l&rsquo;\u00e9gard des enfants, m\u00eame sans en avoir re\u00e7u l&rsquo;ordre.&nbsp;<\/p>\n\n\n\n<p class=\"wp-block-paragraph\">Tous les professionnels impliqu\u00e9s dans les cas relatifs \u00e0 la garde d&rsquo;enfants, aux <a href=\"https:\/\/www.humanium.org\/fr\/la-violence-au-sein-du-foyer-et-ses-consequences-sur-les-enfants\/\">violences domestiques<\/a> et au bien-\u00eatre familial doivent \u00eatre mieux form\u00e9s (Birchall, Choudhry, Nicholson-Pallett, 2018). Cette formation doit \u00eatre multidimensionnelle : les professionnels qui interviennent dans les cas de violences au sein de la famille et les cas de garde d&rsquo;enfants doivent recevoir une formation sp\u00e9cialis\u00e9e, et le grand public doit \u00eatre sensibilis\u00e9 aux fins de susciter un changement de comportement.&nbsp;<\/p>\n\n\n\n<p class=\"wp-block-paragraph\">En outre, des syst\u00e8mes doivent \u00eatre mis en place pour d\u00e9finir l&rsquo;approche \u00e0 adopter en mati\u00e8re de garde d&rsquo;enfants dans les cas de violences au sein de la famille, et pour r\u00e9examiner les mesures en vigueur. Un m\u00e9canisme de contr\u00f4le des syst\u00e8mes judiciaires permettra de limiter les pouvoirs \u00e9tendus des tribunaux et permettra aux juridictions de s&rsquo;assurer que l&rsquo;int\u00e9r\u00eat sup\u00e9rieur de l&rsquo;enfant reste prioritaire (Birchall, Choudhry, Nicholson-Pallett, 2018).<\/p>\n\n\n\n<p class=\"wp-block-paragraph\">Pour finir, des syst\u00e8mes doivent \u00eatre mis en place pour soutenir les victimes de <a href=\"https:\/\/www.humanium.org\/fr\/la-violence-au-sein-du-foyer-et-ses-consequences-sur-les-enfants\/\">violence au sein de la famille<\/a> ainsi que leurs enfants, notamment des services sp\u00e9cialis\u00e9s en mati\u00e8re de conseils, afin de donner aux victimes les moyens de porter des affaires solides devant les tribunaux et de contourner la probabilit\u00e9 que l&rsquo;ali\u00e9nation parentale ne soit utilis\u00e9e (Birchall, Choudhry, Nicholson-Pallett, 2018).<\/p>\n\n\n\n<figure class=\"wp-block-image size-large\"><img loading=\"lazy\" decoding=\"async\" width=\"1024\" height=\"580\" src=\"https:\/\/www.humanium.org\/fr\/wp-content\/uploads\/2023\/10\/shutterstock_2308459559-1024x580.jpg\" alt=\"\" class=\"wp-image-55851\" srcset=\"https:\/\/www.humanium.org\/fr\/wp-content\/uploads\/2023\/10\/shutterstock_2308459559-1024x580.jpg 1024w, https:\/\/www.humanium.org\/fr\/wp-content\/uploads\/2023\/10\/shutterstock_2308459559-300x170.jpg 300w, https:\/\/www.humanium.org\/fr\/wp-content\/uploads\/2023\/10\/shutterstock_2308459559-768x435.jpg 768w, https:\/\/www.humanium.org\/fr\/wp-content\/uploads\/2023\/10\/shutterstock_2308459559-1536x870.jpg 1536w, https:\/\/www.humanium.org\/fr\/wp-content\/uploads\/2023\/10\/shutterstock_2308459559-2048x1161.jpg 2048w, https:\/\/www.humanium.org\/fr\/wp-content\/uploads\/2023\/10\/shutterstock_2308459559-830x470.jpg 830w, https:\/\/www.humanium.org\/fr\/wp-content\/uploads\/2023\/10\/shutterstock_2308459559-230x130.jpg 230w, https:\/\/www.humanium.org\/fr\/wp-content\/uploads\/2023\/10\/shutterstock_2308459559-350x198.jpg 350w, https:\/\/www.humanium.org\/fr\/wp-content\/uploads\/2023\/10\/shutterstock_2308459559-480x272.jpg 480w\" sizes=\"auto, (max-width: 1024px) 100vw, 1024px\" \/><\/figure>\n\n\n\n<p class=\"wp-block-paragraph\">Humanium s&rsquo;engage \u00e0 prot\u00e9ger les <a href=\"https:\/\/www.humanium.org\/fr\/droits-enfant\/\">droits des enfants<\/a>, notamment leurs droits \u00e0 la&nbsp;<a href=\"https:\/\/www.humanium.org\/fr\/comprendre-droits-enfant\/protection\/\">protection<\/a>&nbsp;et \u00e0 la&nbsp;<a href=\"https:\/\/www.humanium.org\/fr\/comprendre-droits-enfant\/droit-aux-libertes\/\">libert\u00e9<\/a> contre toute forme de maltraitance. Humanium croit en la capacit\u00e9 des enfants \u00e0 faire respecter leurs droits, notamment leur droit \u00e0 la participation et leur droit \u00e0 la protection contre la violence. Si vous souhaitez contribuer \u00e0 la cause d&rsquo;Humanium, vous pouvez envisager d\u2019\u00eatre&nbsp;b\u00e9n\u00e9vole, de devenir&nbsp;membre&nbsp;ou de faire un don.&nbsp;<\/p>\n\n\n\n<p class=\"wp-block-paragraph\"><strong><em>R\u00e9dig\u00e9 par Vanessa Cezarita Cordeiro&nbsp;<\/em><\/strong><\/p>\n\n\n\n<p class=\"wp-block-paragraph\"><strong><em>Traduit par Vianney Placide<\/em><\/strong><\/p>\n\n\n\n<p class=\"wp-block-paragraph\"><strong><em>Relu par Ania Beznia<\/em><\/strong><br><\/p>\n\n\n\n<h4 class=\"wp-block-heading\"><strong>R\u00e9f\u00e9renc\u00e9s<\/strong>:<\/h4>\n\n\n\n<p class=\"has-small-font-size wp-block-paragraph\">Ailes, E., Furst, J. (2019, May 15). <a href=\"https:\/\/www.bbc.co.uk\/news\/uk-48230618\" target=\"_blank\" rel=\"noreferrer noopener\">\u201cCall for inquiry into abusive parents\u2019 access to children.\u201d<\/a> Retrieved from BBC News, accessed on 11 September 2023.&nbsp;<\/p>\n\n\n\n<p class=\"has-small-font-size wp-block-paragraph\">Birchall, J., Choudhry, S., Nicholson-Pallett, P. (2018). <a href=\"https:\/\/www.womensaid.org.uk\/wp-content\/uploads\/2022\/12\/Child-First-QMUL-INTERACTIVE.pdf\" target=\"_blank\" rel=\"noreferrer noopener\">\u201cWhat about my right not to be abused? Domestic abuse, human rights and the family courts.\u201d<\/a> Retrieved from Queen Mary University of London and Women\u2019s Aid, accessed on 11 September 2023.&nbsp;<\/p>\n\n\n\n<p class=\"has-small-font-size wp-block-paragraph\">Doughty, J., Maxwell, N., Slater, T. (n.d). <a href=\"https:\/\/orca.cardiff.ac.uk\/id\/eprint\/125904\/1\/Doughty%2BMaxwell%2B%26%2BSlater%2BSeptember%2B2019%2Bpre%2Bprint%2Bcopy.docx.doc.pdf\" target=\"_blank\" rel=\"noreferrer noopener\">\u201cProfessional responses to \u2018parental alienation\u2019: research-informed practice.\u201d<\/a> Retrieved from Journal of Social Welfare and Family Law, accessed on 11 September 2023.&nbsp;<\/p>\n\n\n\n<p class=\"has-small-font-size wp-block-paragraph\">Hunter, R., Burton, M., and Trinder, L. (2020, June). <a href=\"https:\/\/assets.publishing.service.gov.uk\/government\/uploads\/system\/uploads\/attachment_data\/file\/895173\/assessing-risk-harm-children-parents-pl-childrens-cases-report_.pdf\" target=\"_blank\" rel=\"noreferrer noopener\">\u201cAssessing risk of harm to children and parents in private law children cases.\u201d<\/a> Retrieved from Ministry of Justice, accessed on 8 September 2023.&nbsp;<\/p>\n\n\n\n<p class=\"has-small-font-size wp-block-paragraph\">United Nations General Assembly. (2023, April 13). <a href=\"https:\/\/documents-dds-ny.un.org\/doc\/UNDOC\/GEN\/G23\/070\/18\/PDF\/G2307018.pdf?OpenElement\" target=\"_blank\" rel=\"noreferrer noopener\">\u201cCustody, violence against women and violence against children.\u201d<\/a> Report of the Special Rapporteur on violence against women and girls, its causes and consequences. A\/HRC\/53\/36. Retrieved from United Nations Human Rights Council, accessed 12 September 2023.&nbsp;<\/p>\n\n\n\n<p class=\"has-small-font-size wp-block-paragraph\">United Nations Human Rights Office of the High Commissioner. (2023, June 23). <a href=\"https:\/\/www.ohchr.org\/en\/press-releases\/2023\/06\/urgent-reforms-needed-protect-women-and-children-violence-custody-battles-un\" target=\"_blank\" rel=\"noreferrer noopener\">\u201cUrgent reforms needed to protect women and children from violence in custody battles: UN expert.\u201d<\/a> Retrieved from United Nations Human Rights Office of the High Commissioner, accessed on 12 September 2023.&nbsp;<\/p>\n\n\n\n<p class=\"has-small-font-size wp-block-paragraph\">Women\u2019s Aid. (2021, March 4). <a href=\"https:\/\/www.womensaid.org.uk\/parental-alienation-a-dangerous-and-harmful-concept\/\" target=\"_blank\" rel=\"noreferrer noopener\">\u201cParental alienation: a dangerous and harmful concept.\u201d<\/a> Retrieved from Women\u2019s Aid, accessed 10 September 2023.<\/p>\n","protected":false},"excerpt":{"rendered":"<p>Dans les cas pr\u00e9sum\u00e9s de violence au sein de la famille, et o\u00f9 des enfants sont impliqu\u00e9s, il est important que les tribunaux priorisent l\u2019int\u00e9r\u00eat sup\u00e9rieur de l\u2019enfant. Lorsque ce n\u2019est pas le cas, les tribunaux font courir aussi bien aux victimes de violence domestique qu\u2019aux enfants le risque de traumatisme. Les tribunaux de la [&hellip;]<\/p>\n","protected":false},"author":69,"featured_media":55853,"comment_status":"closed","ping_status":"closed","sticky":false,"template":"","format":"standard","meta":{"footnotes":""},"categories":[220,4,233,214],"tags":[],"class_list":["post-55850","post","type-post","status-publish","format-standard","has-post-thumbnail","hentry","category-droits-des-enfants","category-droits-humains","category-exploitation","category-violence"],"yoast_head":"<!-- This site is optimized with the Yoast SEO plugin v28.3 - https:\/\/yoast.com\/product\/yoast-seo-wordpress\/ -->\n<title>L\u2019impact de l\u2019\u00abali\u00e9nation parentale\u00bb sur l\u2019int\u00e9r\u00eat sup\u00e9rieur de l\u2019enfant dans les cas de violence domestique - Humanium<\/title>\n<meta name=\"description\" content=\"Dans les cas de suspicion de violence domestique o\u00f9 des enfants sont impliqu\u00e9s, les tribunaux doivent donner la priorit\u00e9 \u00e0 l&#039;int\u00e9r\u00eat sup\u00e9rieur de l&#039;enfant.\" \/>\n<meta name=\"robots\" content=\"index, follow, max-snippet:-1, max-image-preview:large, max-video-preview:-1\" \/>\n<link rel=\"canonical\" href=\"https:\/\/www.humanium.org\/fr\/limpact-de-lalienation-parentale-sur-linteret-superieur-de-lenfant-dans-les-cas-de-violence-domestique\/\" \/>\n<meta property=\"og:locale\" content=\"fr_FR\" \/>\n<meta property=\"og:type\" content=\"article\" \/>\n<meta property=\"og:title\" content=\"L\u2019impact de l\u2019\u00abali\u00e9nation parentale\u00bb sur l\u2019int\u00e9r\u00eat sup\u00e9rieur de l\u2019enfant dans les cas de violence domestique - Humanium\" \/>\n<meta property=\"og:description\" content=\"Dans les cas de suspicion de violence domestique o\u00f9 des enfants sont impliqu\u00e9s, les tribunaux doivent donner la priorit\u00e9 \u00e0 l&#039;int\u00e9r\u00eat sup\u00e9rieur de l&#039;enfant.\" \/>\n<meta property=\"og:url\" content=\"https:\/\/www.humanium.org\/fr\/limpact-de-lalienation-parentale-sur-linteret-superieur-de-lenfant-dans-les-cas-de-violence-domestique\/\" \/>\n<meta property=\"og:site_name\" content=\"Humanium\" \/>\n<meta property=\"article:published_time\" content=\"2023-10-17T18:48:40+00:00\" \/>\n<meta property=\"article:modified_time\" content=\"2026-08-21T03:19:38+00:00\" \/>\n<meta property=\"og:image\" content=\"https:\/\/www.humanium.org\/fr\/wp-content\/uploads\/2023\/10\/shutterstock_1912104610-scaled.jpg\" \/>\n\t<meta property=\"og:image:width\" content=\"2560\" \/>\n\t<meta property=\"og:image:height\" content=\"1707\" \/>\n\t<meta property=\"og:image:type\" content=\"image\/jpeg\" \/>\n<meta name=\"author\" content=\"Humanium\" \/>\n<meta name=\"twitter:card\" content=\"summary_large_image\" \/>\n<meta name=\"twitter:label1\" content=\"\u00c9crit par\" \/>\n\t<meta name=\"twitter:data1\" content=\"Humanium\" \/>\n\t<meta name=\"twitter:label2\" content=\"Dur\u00e9e de lecture estim\u00e9e\" \/>\n\t<meta name=\"twitter:data2\" content=\"12 minutes\" \/>\n<script type=\"application\/ld+json\" class=\"yoast-schema-graph\">{\"@context\":\"https:\\\/\\\/schema.org\",\"@graph\":[{\"@type\":\"Article\",\"@id\":\"https:\\\/\\\/www.humanium.org\\\/fr\\\/limpact-de-lalienation-parentale-sur-linteret-superieur-de-lenfant-dans-les-cas-de-violence-domestique\\\/#article\",\"isPartOf\":{\"@id\":\"https:\\\/\\\/www.humanium.org\\\/fr\\\/limpact-de-lalienation-parentale-sur-linteret-superieur-de-lenfant-dans-les-cas-de-violence-domestique\\\/\"},\"author\":{\"name\":\"Humanium\",\"@id\":\"https:\\\/\\\/www.humanium.org\\\/fr\\\/#\\\/schema\\\/person\\\/d798d6c7d59ba2307e0877f61a20ce3e\"},\"headline\":\"L\u2019impact de l\u2019\u00abali\u00e9nation parentale\u00bb sur l\u2019int\u00e9r\u00eat sup\u00e9rieur de l\u2019enfant dans les cas de violence domestique\",\"datePublished\":\"2023-10-17T18:48:40+00:00\",\"dateModified\":\"2026-08-21T03:19:38+00:00\",\"mainEntityOfPage\":{\"@id\":\"https:\\\/\\\/www.humanium.org\\\/fr\\\/limpact-de-lalienation-parentale-sur-linteret-superieur-de-lenfant-dans-les-cas-de-violence-domestique\\\/\"},\"wordCount\":2340,\"image\":{\"@id\":\"https:\\\/\\\/www.humanium.org\\\/fr\\\/limpact-de-lalienation-parentale-sur-linteret-superieur-de-lenfant-dans-les-cas-de-violence-domestique\\\/#primaryimage\"},\"thumbnailUrl\":\"https:\\\/\\\/www.humanium.org\\\/fr\\\/wp-content\\\/uploads\\\/2023\\\/10\\\/shutterstock_1912104610-scaled.jpg\",\"articleSection\":[\"Droits des enfants\",\"Droits humains\",\"Exploitation\",\"violence\"],\"inLanguage\":\"fr-FR\"},{\"@type\":\"WebPage\",\"@id\":\"https:\\\/\\\/www.humanium.org\\\/fr\\\/limpact-de-lalienation-parentale-sur-linteret-superieur-de-lenfant-dans-les-cas-de-violence-domestique\\\/\",\"url\":\"https:\\\/\\\/www.humanium.org\\\/fr\\\/limpact-de-lalienation-parentale-sur-linteret-superieur-de-lenfant-dans-les-cas-de-violence-domestique\\\/\",\"name\":\"L\u2019impact de l\u2019\u00abali\u00e9nation parentale\u00bb sur l\u2019int\u00e9r\u00eat sup\u00e9rieur de l\u2019enfant dans les cas de violence domestique - Humanium\",\"isPartOf\":{\"@id\":\"https:\\\/\\\/www.humanium.org\\\/fr\\\/#website\"},\"primaryImageOfPage\":{\"@id\":\"https:\\\/\\\/www.humanium.org\\\/fr\\\/limpact-de-lalienation-parentale-sur-linteret-superieur-de-lenfant-dans-les-cas-de-violence-domestique\\\/#primaryimage\"},\"image\":{\"@id\":\"https:\\\/\\\/www.humanium.org\\\/fr\\\/limpact-de-lalienation-parentale-sur-linteret-superieur-de-lenfant-dans-les-cas-de-violence-domestique\\\/#primaryimage\"},\"thumbnailUrl\":\"https:\\\/\\\/www.humanium.org\\\/fr\\\/wp-content\\\/uploads\\\/2023\\\/10\\\/shutterstock_1912104610-scaled.jpg\",\"datePublished\":\"2023-10-17T18:48:40+00:00\",\"dateModified\":\"2026-08-21T03:19:38+00:00\",\"author\":{\"@id\":\"https:\\\/\\\/www.humanium.org\\\/fr\\\/#\\\/schema\\\/person\\\/d798d6c7d59ba2307e0877f61a20ce3e\"},\"description\":\"Dans les cas de suspicion de violence domestique o\u00f9 des enfants sont impliqu\u00e9s, les tribunaux doivent donner la priorit\u00e9 \u00e0 l'int\u00e9r\u00eat sup\u00e9rieur de l'enfant.\",\"breadcrumb\":{\"@id\":\"https:\\\/\\\/www.humanium.org\\\/fr\\\/limpact-de-lalienation-parentale-sur-linteret-superieur-de-lenfant-dans-les-cas-de-violence-domestique\\\/#breadcrumb\"},\"inLanguage\":\"fr-FR\",\"potentialAction\":[{\"@type\":\"ReadAction\",\"target\":[\"https:\\\/\\\/www.humanium.org\\\/fr\\\/limpact-de-lalienation-parentale-sur-linteret-superieur-de-lenfant-dans-les-cas-de-violence-domestique\\\/\"]}]},{\"@type\":\"ImageObject\",\"inLanguage\":\"fr-FR\",\"@id\":\"https:\\\/\\\/www.humanium.org\\\/fr\\\/limpact-de-lalienation-parentale-sur-linteret-superieur-de-lenfant-dans-les-cas-de-violence-domestique\\\/#primaryimage\",\"url\":\"https:\\\/\\\/www.humanium.org\\\/fr\\\/wp-content\\\/uploads\\\/2023\\\/10\\\/shutterstock_1912104610-scaled.jpg\",\"contentUrl\":\"https:\\\/\\\/www.humanium.org\\\/fr\\\/wp-content\\\/uploads\\\/2023\\\/10\\\/shutterstock_1912104610-scaled.jpg\",\"width\":2560,\"height\":1707},{\"@type\":\"BreadcrumbList\",\"@id\":\"https:\\\/\\\/www.humanium.org\\\/fr\\\/limpact-de-lalienation-parentale-sur-linteret-superieur-de-lenfant-dans-les-cas-de-violence-domestique\\\/#breadcrumb\",\"itemListElement\":[{\"@type\":\"ListItem\",\"position\":1,\"name\":\"Home\",\"item\":\"https:\\\/\\\/www.humanium.org\\\/fr\\\/\"},{\"@type\":\"ListItem\",\"position\":2,\"name\":\"L\u2019impact de l\u2019\u00abali\u00e9nation parentale\u00bb sur l\u2019int\u00e9r\u00eat sup\u00e9rieur de l\u2019enfant dans les cas de violence domestique\"}]},{\"@type\":\"WebSite\",\"@id\":\"https:\\\/\\\/www.humanium.org\\\/fr\\\/#website\",\"url\":\"https:\\\/\\\/www.humanium.org\\\/fr\\\/\",\"name\":\"Humanium\",\"description\":\"Les enfants d\u2019abord !\",\"potentialAction\":[{\"@type\":\"SearchAction\",\"target\":{\"@type\":\"EntryPoint\",\"urlTemplate\":\"https:\\\/\\\/www.humanium.org\\\/fr\\\/?s={search_term_string}\"},\"query-input\":{\"@type\":\"PropertyValueSpecification\",\"valueRequired\":true,\"valueName\":\"search_term_string\"}}],\"inLanguage\":\"fr-FR\"},{\"@type\":\"Person\",\"@id\":\"https:\\\/\\\/www.humanium.org\\\/fr\\\/#\\\/schema\\\/person\\\/d798d6c7d59ba2307e0877f61a20ce3e\",\"name\":\"Humanium\",\"image\":{\"@type\":\"ImageObject\",\"inLanguage\":\"fr-FR\",\"@id\":\"https:\\\/\\\/secure.gravatar.com\\\/avatar\\\/22715e338d2fcc547e3a431c4738360d33fea2a4af458f865b2c3b22f1eaa51f?s=96&d=mm&r=g\",\"url\":\"https:\\\/\\\/secure.gravatar.com\\\/avatar\\\/22715e338d2fcc547e3a431c4738360d33fea2a4af458f865b2c3b22f1eaa51f?s=96&d=mm&r=g\",\"contentUrl\":\"https:\\\/\\\/secure.gravatar.com\\\/avatar\\\/22715e338d2fcc547e3a431c4738360d33fea2a4af458f865b2c3b22f1eaa51f?s=96&d=mm&r=g\",\"caption\":\"Humanium\"},\"url\":\"https:\\\/\\\/www.humanium.org\\\/fr\\\/author\\\/humanium\\\/\"}]}<\/script>\n<!-- \/ Yoast SEO plugin. -->","yoast_head_json":{"title":"L\u2019impact de l\u2019\u00abali\u00e9nation parentale\u00bb sur l\u2019int\u00e9r\u00eat sup\u00e9rieur de l\u2019enfant dans les cas de violence domestique - Humanium","description":"Dans les cas de suspicion de violence domestique o\u00f9 des enfants sont impliqu\u00e9s, les tribunaux doivent donner la priorit\u00e9 \u00e0 l'int\u00e9r\u00eat sup\u00e9rieur de l'enfant.","robots":{"index":"index","follow":"follow","max-snippet":"max-snippet:-1","max-image-preview":"max-image-preview:large","max-video-preview":"max-video-preview:-1"},"canonical":"https:\/\/www.humanium.org\/fr\/limpact-de-lalienation-parentale-sur-linteret-superieur-de-lenfant-dans-les-cas-de-violence-domestique\/","og_locale":"fr_FR","og_type":"article","og_title":"L\u2019impact de l\u2019\u00abali\u00e9nation parentale\u00bb sur l\u2019int\u00e9r\u00eat sup\u00e9rieur de l\u2019enfant dans les cas de violence domestique - Humanium","og_description":"Dans les cas de suspicion de violence domestique o\u00f9 des enfants sont impliqu\u00e9s, les tribunaux doivent donner la priorit\u00e9 \u00e0 l'int\u00e9r\u00eat sup\u00e9rieur de l'enfant.","og_url":"https:\/\/www.humanium.org\/fr\/limpact-de-lalienation-parentale-sur-linteret-superieur-de-lenfant-dans-les-cas-de-violence-domestique\/","og_site_name":"Humanium","article_published_time":"2023-10-17T18:48:40+00:00","article_modified_time":"2026-08-21T03:19:38+00:00","og_image":[{"width":2560,"height":1707,"url":"https:\/\/www.humanium.org\/fr\/wp-content\/uploads\/2023\/10\/shutterstock_1912104610-scaled.jpg","type":"image\/jpeg"}],"author":"Humanium","twitter_card":"summary_large_image","twitter_misc":{"\u00c9crit par":"Humanium","Dur\u00e9e de lecture estim\u00e9e":"12 minutes"},"schema":{"@context":"https:\/\/schema.org","@graph":[{"@type":"Article","@id":"https:\/\/www.humanium.org\/fr\/limpact-de-lalienation-parentale-sur-linteret-superieur-de-lenfant-dans-les-cas-de-violence-domestique\/#article","isPartOf":{"@id":"https:\/\/www.humanium.org\/fr\/limpact-de-lalienation-parentale-sur-linteret-superieur-de-lenfant-dans-les-cas-de-violence-domestique\/"},"author":{"name":"Humanium","@id":"https:\/\/www.humanium.org\/fr\/#\/schema\/person\/d798d6c7d59ba2307e0877f61a20ce3e"},"headline":"L\u2019impact de l\u2019\u00abali\u00e9nation parentale\u00bb sur l\u2019int\u00e9r\u00eat sup\u00e9rieur de l\u2019enfant dans les cas de violence domestique","datePublished":"2023-10-17T18:48:40+00:00","dateModified":"2026-08-21T03:19:38+00:00","mainEntityOfPage":{"@id":"https:\/\/www.humanium.org\/fr\/limpact-de-lalienation-parentale-sur-linteret-superieur-de-lenfant-dans-les-cas-de-violence-domestique\/"},"wordCount":2340,"image":{"@id":"https:\/\/www.humanium.org\/fr\/limpact-de-lalienation-parentale-sur-linteret-superieur-de-lenfant-dans-les-cas-de-violence-domestique\/#primaryimage"},"thumbnailUrl":"https:\/\/www.humanium.org\/fr\/wp-content\/uploads\/2023\/10\/shutterstock_1912104610-scaled.jpg","articleSection":["Droits des enfants","Droits humains","Exploitation","violence"],"inLanguage":"fr-FR"},{"@type":"WebPage","@id":"https:\/\/www.humanium.org\/fr\/limpact-de-lalienation-parentale-sur-linteret-superieur-de-lenfant-dans-les-cas-de-violence-domestique\/","url":"https:\/\/www.humanium.org\/fr\/limpact-de-lalienation-parentale-sur-linteret-superieur-de-lenfant-dans-les-cas-de-violence-domestique\/","name":"L\u2019impact de l\u2019\u00abali\u00e9nation parentale\u00bb sur l\u2019int\u00e9r\u00eat sup\u00e9rieur de l\u2019enfant dans les cas de violence domestique - Humanium","isPartOf":{"@id":"https:\/\/www.humanium.org\/fr\/#website"},"primaryImageOfPage":{"@id":"https:\/\/www.humanium.org\/fr\/limpact-de-lalienation-parentale-sur-linteret-superieur-de-lenfant-dans-les-cas-de-violence-domestique\/#primaryimage"},"image":{"@id":"https:\/\/www.humanium.org\/fr\/limpact-de-lalienation-parentale-sur-linteret-superieur-de-lenfant-dans-les-cas-de-violence-domestique\/#primaryimage"},"thumbnailUrl":"https:\/\/www.humanium.org\/fr\/wp-content\/uploads\/2023\/10\/shutterstock_1912104610-scaled.jpg","datePublished":"2023-10-17T18:48:40+00:00","dateModified":"2026-08-21T03:19:38+00:00","author":{"@id":"https:\/\/www.humanium.org\/fr\/#\/schema\/person\/d798d6c7d59ba2307e0877f61a20ce3e"},"description":"Dans les cas de suspicion de violence domestique o\u00f9 des enfants sont impliqu\u00e9s, les tribunaux doivent donner la priorit\u00e9 \u00e0 l'int\u00e9r\u00eat sup\u00e9rieur de l'enfant.","breadcrumb":{"@id":"https:\/\/www.humanium.org\/fr\/limpact-de-lalienation-parentale-sur-linteret-superieur-de-lenfant-dans-les-cas-de-violence-domestique\/#breadcrumb"},"inLanguage":"fr-FR","potentialAction":[{"@type":"ReadAction","target":["https:\/\/www.humanium.org\/fr\/limpact-de-lalienation-parentale-sur-linteret-superieur-de-lenfant-dans-les-cas-de-violence-domestique\/"]}]},{"@type":"ImageObject","inLanguage":"fr-FR","@id":"https:\/\/www.humanium.org\/fr\/limpact-de-lalienation-parentale-sur-linteret-superieur-de-lenfant-dans-les-cas-de-violence-domestique\/#primaryimage","url":"https:\/\/www.humanium.org\/fr\/wp-content\/uploads\/2023\/10\/shutterstock_1912104610-scaled.jpg","contentUrl":"https:\/\/www.humanium.org\/fr\/wp-content\/uploads\/2023\/10\/shutterstock_1912104610-scaled.jpg","width":2560,"height":1707},{"@type":"BreadcrumbList","@id":"https:\/\/www.humanium.org\/fr\/limpact-de-lalienation-parentale-sur-linteret-superieur-de-lenfant-dans-les-cas-de-violence-domestique\/#breadcrumb","itemListElement":[{"@type":"ListItem","position":1,"name":"Home","item":"https:\/\/www.humanium.org\/fr\/"},{"@type":"ListItem","position":2,"name":"L\u2019impact de l\u2019\u00abali\u00e9nation parentale\u00bb sur l\u2019int\u00e9r\u00eat sup\u00e9rieur de l\u2019enfant dans les cas de violence domestique"}]},{"@type":"WebSite","@id":"https:\/\/www.humanium.org\/fr\/#website","url":"https:\/\/www.humanium.org\/fr\/","name":"Humanium","description":"Les enfants d\u2019abord !","potentialAction":[{"@type":"SearchAction","target":{"@type":"EntryPoint","urlTemplate":"https:\/\/www.humanium.org\/fr\/?s={search_term_string}"},"query-input":{"@type":"PropertyValueSpecification","valueRequired":true,"valueName":"search_term_string"}}],"inLanguage":"fr-FR"},{"@type":"Person","@id":"https:\/\/www.humanium.org\/fr\/#\/schema\/person\/d798d6c7d59ba2307e0877f61a20ce3e","name":"Humanium","image":{"@type":"ImageObject","inLanguage":"fr-FR","@id":"https:\/\/secure.gravatar.com\/avatar\/22715e338d2fcc547e3a431c4738360d33fea2a4af458f865b2c3b22f1eaa51f?s=96&d=mm&r=g","url":"https:\/\/secure.gravatar.com\/avatar\/22715e338d2fcc547e3a431c4738360d33fea2a4af458f865b2c3b22f1eaa51f?s=96&d=mm&r=g","contentUrl":"https:\/\/secure.gravatar.com\/avatar\/22715e338d2fcc547e3a431c4738360d33fea2a4af458f865b2c3b22f1eaa51f?s=96&d=mm&r=g","caption":"Humanium"},"url":"https:\/\/www.humanium.org\/fr\/author\/humanium\/"}]}},"_links":{"self":[{"href":"https:\/\/www.humanium.org\/fr\/wp-json\/wp\/v2\/posts\/55850","targetHints":{"allow":["GET"]}}],"collection":[{"href":"https:\/\/www.humanium.org\/fr\/wp-json\/wp\/v2\/posts"}],"about":[{"href":"https:\/\/www.humanium.org\/fr\/wp-json\/wp\/v2\/types\/post"}],"author":[{"embeddable":true,"href":"https:\/\/www.humanium.org\/fr\/wp-json\/wp\/v2\/users\/69"}],"replies":[{"embeddable":true,"href":"https:\/\/www.humanium.org\/fr\/wp-json\/wp\/v2\/comments?post=55850"}],"version-history":[{"count":7,"href":"https:\/\/www.humanium.org\/fr\/wp-json\/wp\/v2\/posts\/55850\/revisions"}],"predecessor-version":[{"id":62630,"href":"https:\/\/www.humanium.org\/fr\/wp-json\/wp\/v2\/posts\/55850\/revisions\/62630"}],"wp:featuredmedia":[{"embeddable":true,"href":"https:\/\/www.humanium.org\/fr\/wp-json\/wp\/v2\/media\/55853"}],"wp:attachment":[{"href":"https:\/\/www.humanium.org\/fr\/wp-json\/wp\/v2\/media?parent=55850"}],"wp:term":[{"taxonomy":"category","embeddable":true,"href":"https:\/\/www.humanium.org\/fr\/wp-json\/wp\/v2\/categories?post=55850"},{"taxonomy":"post_tag","embeddable":true,"href":"https:\/\/www.humanium.org\/fr\/wp-json\/wp\/v2\/tags?post=55850"}],"curies":[{"name":"wp","href":"https:\/\/api.w.org\/{rel}","templated":true}]}}