{"id":56359,"date":"2024-01-23T18:25:31","date_gmt":"2024-01-23T18:25:31","guid":{"rendered":"https:\/\/www.humanium.org\/fr\/?p=56359"},"modified":"2026-08-21T03:22:57","modified_gmt":"2026-08-21T03:22:57","slug":"les-services-suedois-critiques-pour-la-separation-des-familles-de-refugies","status":"publish","type":"post","link":"https:\/\/www.humanium.org\/fr\/les-services-suedois-critiques-pour-la-separation-des-familles-de-refugies\/","title":{"rendered":"Les services su\u00e9dois critiqu\u00e9s pour la s\u00e9paration des familles de r\u00e9fugi\u00e9s"},"content":{"rendered":"\n<p class=\"wp-block-paragraph\"><strong>La crise prolong\u00e9e de la <\/strong><a href=\"https:\/\/www.humanium.org\/fr\/enfants-dans-la-guerre\/\"><strong>guerre civile<\/strong><\/a><strong> en Syrie a entrain\u00e9 des <\/strong><a href=\"https:\/\/www.humanium.org\/fr\/enfants-deplaces\/\"><strong>d\u00e9placements<\/strong><\/a><strong> de population \u00e0 l\u2019\u00e9chelle mondiale, ce qui a eu un impact consid\u00e9rable sur la <\/strong><a href=\"https:\/\/www.humanium.org\/fr\/suede\/\"><strong>Su\u00e8de<\/strong><\/a><strong> qui a accueilli un nombre important de <\/strong><a href=\"https:\/\/www.humanium.org\/fr\/autres\/convention-statut-refugies\/\"><strong>r\u00e9fugi\u00e9s<\/strong><\/a><strong> Syriens. Cependant, des inqui\u00e9tudes surgissent concernant l\u2019adh\u00e9sion de la <\/strong><a href=\"https:\/\/www.humanium.org\/fr\/suede\/\"><strong>Su\u00e8de<\/strong><\/a><strong> \u00e0 la <\/strong><a href=\"https:\/\/www.humanium.org\/fr\/convention\/\"><strong>Convention des Nations Unies des Droits de l\u2019Enfant<\/strong><\/a><strong> en raison de <\/strong><a href=\"https:\/\/www.humanium.org\/fr\/famille-droits-enfant\/\"><strong>s\u00e9parations familiales<\/strong><\/a><strong> prolong\u00e9es signal\u00e9es par les services sociaux. Cette situation remet en question les r\u00e8gles de r\u00e9unification rapide en soulevant des probl\u00e8mes humanitaires impactant les familles de <\/strong><a href=\"https:\/\/www.humanium.org\/fr\/autres\/convention-statut-refugies\/\"><strong>r\u00e9fugi\u00e9s<\/strong><\/a><strong> et le <\/strong><a href=\"https:\/\/www.humanium.org\/fr\/le-bien-etre-mental-des-enfants\/\"><strong>bien-\u00eatre de leurs enfants<\/strong><\/a><strong>.<\/strong><\/p>\n\n\n\n<h2 class=\"wp-block-heading\"><strong>L&rsquo;incidence de <\/strong><a href=\"https:\/\/www.humanium.org\/fr\/enfants-dans-la-guerre\/\"><strong>la guerre<\/strong><\/a><strong> Syrienne sur la <\/strong><a href=\"https:\/\/www.humanium.org\/fr\/suede\/#:~:text=Droit%20%C3%A0%20l%27identit%C3%A9&amp;text=Il%20faut%20%C3%AAtre%20n%C3%A9%20d,un%20visa%20de%20r%C3%A9sidence%20permanent.\"><strong>Su\u00e8de<\/strong><\/a><\/h2>\n\n\n\n<p class=\"wp-block-paragraph\"><a href=\"https:\/\/www.humanium.org\/fr\/enfants-dans-la-guerre\/\">La guerre civile<\/a> syrienne qui dure depuis 13 ans a d\u00e9clench\u00e9 une <a href=\"https:\/\/www.humanium.org\/fr\/enfants-deplaces\/\">crise de d\u00e9placement<\/a> sans pr\u00e9c\u00e9dent, conduisant \u00e0 l&rsquo;exode de plus de 65 millions de personnes dans le monde, forc\u00e9es de fuir en raison de l\u2019agitation incessante du conflit et de la guerre. Cette crise a eu de profondes cons\u00e9quences humanitaires, d\u00e9pla\u00e7ant d&rsquo;innombrables familles et communaut\u00e9s, et les laissant \u00e0 la recherche de s\u00e9curit\u00e9 et d&rsquo;asile loin de chez eux. (UNCHR, 2023).&nbsp;<\/p>\n\n\n\n<p class=\"wp-block-paragraph\">&nbsp;La gravit\u00e9 de cette situation s\u2019est \u00e9galement aggrav\u00e9e \u00e0 la suite du tremblement de terre d\u00e9vastateur de f\u00e9vrier 2023. Ces \u00e9v\u00e9nements sismiques ont touch\u00e9 environ 8.8 millions de personnes au sein <a href=\"https:\/\/www.humanium.org\/fr\/syrie\/#:~:text=Mais%20la%20crise%20Syrienne%20a,soit%20en%20tant%20que%20r%C3%A9fugi%C3%A9s.\">R\u00e9publique Arabe Syrienne<\/a> provoquant une destruction g\u00e9n\u00e9ralis\u00e9e des habitations et des infrastructures vitales, et exacerbant encore les circonstances d\u00e9j\u00e0 d\u00e9sastreuses auxquelles \u00e9taient confront\u00e9es les personnes prises dans la tourmente des conflits et des d\u00e9placements.(UNCHR,2023).<\/p>\n\n\n\n<p class=\"wp-block-paragraph\">Dans ce contexte complexe, la <a href=\"https:\/\/www.humanium.org\/fr\/suede\/\">Su\u00e8de<\/a> a \u00e9t\u00e9 \u00e9norm\u00e9ment touch\u00e9e par cette situation d\u2019urgence humanitaire. Entre 2010 et 2018 les r\u00e9fugi\u00e9s syriens repr\u00e9sentaient 40% des demandes d&rsquo;asile du pays (Wessels J, 2023). Avec l&rsquo;augmentation substantielle de la population <a href=\"https:\/\/www.humanium.org\/fr\/autres\/convention-statut-refugies\/\">r\u00e9fugi\u00e9e<\/a>, le nombre <a href=\"https:\/\/www.humanium.org\/fr\/syrie\/\">d&rsquo;individus d&rsquo;origine syrienne<\/a> a atteint 185, 991 en 2018. Ce chiffre significatif consolide leur position en tant que l\u2019un des plus grands groupes de nouveaux arrivants (Balikci Z, 2020).&nbsp;<\/p>\n\n\n\n<h2 class=\"wp-block-heading\"><strong>Processus de la <\/strong><a href=\"https:\/\/www.humanium.org\/fr\/famille-droits-enfant\/#:~:text=La%20Convention%20internationale%20des%20droits,la%20violation%20de%20ses%20droits.\"><strong>s\u00e9paration des familles<\/strong><\/a><strong> de <\/strong><a href=\"https:\/\/www.humanium.org\/fr\/autres\/convention-statut-refugies\/\"><strong>r\u00e9fugi\u00e9s<\/strong><\/a><\/h2>\n\n\n\n<p class=\"wp-block-paragraph\"><a href=\"https:\/\/www.humanium.org\/fr\/suede\/#:~:text=Les%20enfants%20et%20adolescents%20su%C3%A9dois,surpoids%20et%203%25%20seraient%20ob%C3%A8ses.\">La Su\u00e8de<\/a>, en tant que signataire de <a href=\"https:\/\/www.humanium.org\/fr\/convention\/\">la Convention des Nations Unies des Droits de l\u2019Enfant<\/a>, est cens\u00e9e donner priorit\u00e9s aux int\u00e9r\u00eats des enfants quel que soient leur statut de citoyennet\u00e9\u00a0: citoyens su\u00e9dois, r\u00e9sidents temporaires ou demandeurs d&rsquo;asile. <\/p>\n\n\n\n<p class=\"wp-block-paragraph\">En plus de l\u2019acc\u00e8s \u00e0 l&rsquo;\u00e9ducation et aux soins de sant\u00e9, les enfants doivent avoir le droit de maintenir <a href=\"https:\/\/www.humanium.org\/fr\/famille-droits-enfant\/#:~:text=La%20Convention%20internationale%20des%20droits,la%20violation%20de%20ses%20droits.\">l&rsquo;unit\u00e9 familiale<\/a>. Les services d&rsquo;accompagnement municipaux peuvent intervenir uniquement si les parents sont incapables d\u2019assumer leurs responsabilit\u00e9s ou pr\u00e9sentent un risque pour le bien-\u00eatre de l\u2019enfant (Migrationsverket, 2023).<\/p>\n\n\n\n<p class=\"wp-block-paragraph\">Cependant, des inqui\u00e9tudes ont \u00e9t\u00e9 exprim\u00e9es quant au respect de la loi par les services sociaux. En Su\u00e8de, le syst\u00e8me de signalement de la maltraitance des enfants permet \u00e0 toute personne ou institution de faire part de ses soup\u00e7ons aux services sociaux ce qui donne lieu \u00e0 de longues enqu\u00eates. Celles-ci peuvent \u00eatre d\u00e9clench\u00e9es par des plaintes de tiers ou de membres de la famille. (Muhammad H.L.A et al.).<\/p>\n\n\n\n<p class=\"wp-block-paragraph\">Au cours des enqu\u00eates, les services sociaux su\u00e9dois s\u00e9parent les enfants de leur m\u00e8re, parfois pour de longues p\u00e9riodes, et des rapports affirment que les services de soutien peuvent m\u00eame inciter les enfants \u00e0 rester \u00e9loign\u00e9s de leur famille. Malgr\u00e9 la r\u00e9glementation insistant sur la r\u00e9unification rapide des enfants avec leur famille, seul un enfant sur dix est r\u00e9uni, la majorit\u00e9 \u00e9tant s\u00e9par\u00e9e jusqu&rsquo;\u00e0 ce que l\u2019enfant atteigne l\u2019\u00e2ge de 18 ans. (Muhammad H.L.A et al.).<\/p>\n\n\n\n<figure class=\"wp-block-image size-large\"><img loading=\"lazy\" decoding=\"async\" width=\"1024\" height=\"720\" src=\"https:\/\/www.humanium.org\/fr\/wp-content\/uploads\/2024\/01\/shutterstock_200304518-1024x720.jpg\" alt=\"\" class=\"wp-image-56361\" srcset=\"https:\/\/www.humanium.org\/fr\/wp-content\/uploads\/2024\/01\/shutterstock_200304518-1024x720.jpg 1024w, https:\/\/www.humanium.org\/fr\/wp-content\/uploads\/2024\/01\/shutterstock_200304518-300x211.jpg 300w, https:\/\/www.humanium.org\/fr\/wp-content\/uploads\/2024\/01\/shutterstock_200304518-768x540.jpg 768w, https:\/\/www.humanium.org\/fr\/wp-content\/uploads\/2024\/01\/shutterstock_200304518-1536x1079.jpg 1536w, https:\/\/www.humanium.org\/fr\/wp-content\/uploads\/2024\/01\/shutterstock_200304518-2048x1439.jpg 2048w, https:\/\/www.humanium.org\/fr\/wp-content\/uploads\/2024\/01\/shutterstock_200304518-830x583.jpg 830w, https:\/\/www.humanium.org\/fr\/wp-content\/uploads\/2024\/01\/shutterstock_200304518-230x162.jpg 230w, https:\/\/www.humanium.org\/fr\/wp-content\/uploads\/2024\/01\/shutterstock_200304518-350x246.jpg 350w, https:\/\/www.humanium.org\/fr\/wp-content\/uploads\/2024\/01\/shutterstock_200304518-480x337.jpg 480w\" sizes=\"auto, (max-width: 1024px) 100vw, 1024px\" \/><\/figure>\n\n\n\n<h2 class=\"wp-block-heading\"><strong>Les cons\u00e9quences des lois sur la discipline des enfants.<\/strong><\/h2>\n\n\n\n<p class=\"wp-block-paragraph\">En <a href=\"https:\/\/www.humanium.org\/fr\/syrie\/\">Syrie<\/a>, les ch\u00e2timents corporels sur les enfants sont interdits en tant que peine judiciaire, &nbsp; mais ils sont autoris\u00e9s dans tous autres contextes, en particulier \u00e0 la maison (Owen S, 2016). A l\u2019inverse, en <a href=\"https:\/\/www.humanium.org\/fr\/suede\/#:~:text=Les%20enfants%20et%20adolescents%20su%C3%A9dois,surpoids%20et%203%25%20seraient%20ob%C3%A8ses.\">Su\u00e8de<\/a>, les parents n\u2019ont pas le droit d\u2019infliger \u00e0 leurs enfants une <a href=\"https:\/\/www.humanium.org\/fr\/la-maltraitance-des-enfants\/\">telle punition<\/a>, une loi \u00e9tablie en 1979 ce qui en&nbsp; fait le premier pays \u00e0 interdire totalement la discipline physique. (Fin des Ch\u00e2timents Corporel, 2020).<\/p>\n\n\n\n<p class=\"wp-block-paragraph\">Enfreindre la loi Su\u00e9doise peut conduire les parents \u00e0 l&#8217;emprisonnement mais cela ne signifie pas que l&rsquo;enfant sera s\u00e9par\u00e9 de sa famille, y compris de de ses proches et maintenu \u00e0 l&rsquo;\u00e9cart (Fin des Ch\u00e2timents Corporel, 2020).&nbsp; Cela souligne l\u2019exercice d\u00e9licat entre faire respecter les ramifications juridiques de certaines actions tout en visant \u00e0 pr\u00e9server la <a href=\"https:\/\/www.humanium.org\/fr\/famille-droits-enfant\/#:~:text=La%20Convention%20internationale%20des%20droits,la%20violation%20de%20ses%20droits.\">cellule familiale<\/a> et comme le pr\u00e9conise les principes du travail social et de la protection de l&rsquo;enfance, \u00e9viter la s\u00e9paration \u00e0 moins d\u2019une absolue n\u00e9cessit\u00e9e (Chak M.F,2022).<\/p>\n\n\n\n<p class=\"wp-block-paragraph\">En outre, Il est \u00e9vident qu\u2019il existe des cas de pratiques telles que le retrait imm\u00e9diat des b\u00e9b\u00e9s des h\u00f4pitaux apr\u00e8s la naissance et l\u2019enl\u00e8vement forc\u00e9 des enfants des \u00e9coles pendant les cours pour les placer sous la garde d&rsquo;un travailleur social \u00e0 l&rsquo;insu des parents.&nbsp;Les travailleurs sociaux d\u00e9placent ces enfants dans diff\u00e9rentes municipalit\u00e9s jusqu&rsquo;\u00e0 ce qu&rsquo;ils trouvent une famille d&rsquo;accueil, en cachant d\u00e9lib\u00e9r\u00e9ment aux parents l\u2019identit\u00e9 et l\u2019adresse de celle-ci. (Uddin R, 2022).<\/p>\n\n\n\n<p class=\"wp-block-paragraph\">Dans certains cas, des enfants ont fui les familles d&rsquo;accueil pour retourner dans leur famille biologique, en subissant des mauvaises traitements et en \u00e9tant appr\u00e9hend\u00e9s par des agents de s\u00e9curit\u00e9 priv\u00e9s su\u00e9dois. (Daldorph B, 2015). On a de plus signal\u00e9 deux incidents au cours desquels des <a href=\"https:\/\/www.humanium.org\/fr\/syrie\/#:~:text=Mais%20la%20crise%20Syrienne%20a,soit%20en%20tant%20que%20r%C3%A9fugi%C3%A9s.\">enfants syriens<\/a>, ayant \u00e9t\u00e9 <a href=\"https:\/\/www.humanium.org\/fr\/separation-des-familles\/\">enlev\u00e9s de force \u00e0 leur famille<\/a> , et ont tragiquement mis fin \u00e0 leurs jours par la suite en raison de leur incapacit\u00e9 \u00e0 faire appel ou \u00e0 retourner chez eux (Chak M.F, 2022).<\/p>\n\n\n\n<p class=\"wp-block-paragraph\">Ces \u00e9v\u00e9nements p\u00e9nibles de la vie r\u00e9elle soulignent les profonds bouleversements \u00e9motionnels et les cons\u00e9quences n\u00e9fastes subis par les enfants lorsqu&rsquo;ils sont <a href=\"https:\/\/www.humanium.org\/fr\/separation-des-familles\/\">s\u00e9par\u00e9s de force&nbsp; leur famille,<\/a> renfor\u00e7ant ainsi la position du Comit\u00e9 des Nations Unies pour les Droits de l&rsquo;Enfant contre de telles actions, soutenue par des preuves scientifiques et des observations des travailleurs sociaux. (Chak M.F, 2022).&nbsp;&nbsp;<\/p>\n\n\n\n<h2 class=\"wp-block-heading\"><strong>R\u00e9action de la communaut\u00e9 face \u00e0 la s\u00e9paration familiale<\/strong><\/h2>\n\n\n\n<p class=\"wp-block-paragraph\">Le Conseil National des Probl\u00e8mes Sociaux a d\u00e9j\u00e0 lanc\u00e9 une campagne de sensibilisation au niveau municipal, en partenariat avec les \u00e9coles pour accueillir des <a href=\"https:\/\/www.humanium.org\/fr\/autres\/convention-statut-refugies\/\">enfants r\u00e9fugi\u00e9s<\/a> nouvellement arriv\u00e9s, en tenant compte de divers facteurs&nbsp;: \u00e9conomiques, sociaux, ethniques et culturels.<\/p>\n\n\n\n<p class=\"wp-block-paragraph\">Cependant, renforcer ces efforts, il est essentiel d&rsquo;intensifier les programmes de soutien en mettant l&rsquo;accent sur la formation des nouveaux arrivants sur leurs droits, leurs responsabilit\u00e9s et sur les lois Su\u00e9doises, en particulier en ce qui concerne&nbsp; la garde des enfants. (Basem S, 2022).<\/p>\n\n\n\n<p class=\"wp-block-paragraph\">Les recommandations de Human Rights Watch pr\u00e9connisent de ne pas <a href=\"https:\/\/www.humanium.org\/fr\/separation-des-familles\/\">s\u00e9parer les m\u00e8res des enfants<\/a> en <a href=\"https:\/\/www.humanium.org\/fr\/suede\/#:~:text=Les%20enfants%20et%20adolescents%20su%C3%A9dois,surpoids%20et%203%25%20seraient%20ob%C3%A8ses.\">Su\u00e8de<\/a> sauf si cela est essentiel \u00e0 <a href=\"https:\/\/www.humanium.org\/fr\/le-bien-etre-mental-des-enfants\/\">leurs bien-\u00eatre.<\/a> Il est conseill\u00e9 d\u2019encourager imm\u00e9diatement la communication entre l&rsquo;enfant et tous les membres de la famille et, y compris des visites supervis\u00e9es, et de les impliquer dans les d\u00e9cisions concernant sa garde.(Human Rights Watch, 2022).<\/p>\n\n\n\n<p class=\"wp-block-paragraph\">De plus, il est crucial que les parents re\u00e7oivent des instructions claires sur la mani\u00e8re de faire appel des d\u00e9cisions et qu\u2019ils soient bien inform\u00e9s du processus. Ils devraient \u00eatre r\u00e9guli\u00e8rement tenus au courant du lieu o\u00f9 se trouve leur enfant et \u00eatre assur\u00e9s de sa s\u00e9curit\u00e9 et de <a href=\"https:\/\/www.humanium.org\/fr\/le-bien-etre-mental-des-enfants\/\">son bien-\u00eatre<\/a> \u00e0 tout moment.<\/p>\n\n\n\n<p class=\"wp-block-paragraph\">Si la s\u00e9paration d\u2019avec les m\u00e8res est in\u00e9vitable et la prise en charge par la famille \u00e9largie impossible, il est crucial de planifier de mani\u00e8re proactive des placements \u00e0 long terme apr\u00e8s le rapatriement afin de minimiser les transitions inutiles et la d\u00e9tresse \u00e9motionnelle des enfants.<\/p>\n\n\n\n<figure class=\"wp-block-image size-large\"><img loading=\"lazy\" decoding=\"async\" width=\"1024\" height=\"681\" src=\"https:\/\/www.humanium.org\/fr\/wp-content\/uploads\/2024\/01\/shutterstock_335990606-1024x681.jpg\" alt=\"\" class=\"wp-image-56360\" srcset=\"https:\/\/www.humanium.org\/fr\/wp-content\/uploads\/2024\/01\/shutterstock_335990606-1024x681.jpg 1024w, https:\/\/www.humanium.org\/fr\/wp-content\/uploads\/2024\/01\/shutterstock_335990606-300x200.jpg 300w, https:\/\/www.humanium.org\/fr\/wp-content\/uploads\/2024\/01\/shutterstock_335990606-768x511.jpg 768w, https:\/\/www.humanium.org\/fr\/wp-content\/uploads\/2024\/01\/shutterstock_335990606-1536x1022.jpg 1536w, https:\/\/www.humanium.org\/fr\/wp-content\/uploads\/2024\/01\/shutterstock_335990606-2048x1363.jpg 2048w, https:\/\/www.humanium.org\/fr\/wp-content\/uploads\/2024\/01\/shutterstock_335990606-830x552.jpg 830w, https:\/\/www.humanium.org\/fr\/wp-content\/uploads\/2024\/01\/shutterstock_335990606-230x153.jpg 230w, https:\/\/www.humanium.org\/fr\/wp-content\/uploads\/2024\/01\/shutterstock_335990606-350x233.jpg 350w, https:\/\/www.humanium.org\/fr\/wp-content\/uploads\/2024\/01\/shutterstock_335990606-480x319.jpg 480w, https:\/\/www.humanium.org\/fr\/wp-content\/uploads\/2024\/01\/shutterstock_335990606-272x182.jpg 272w\" sizes=\"auto, (max-width: 1024px) 100vw, 1024px\" \/><\/figure>\n\n\n\n<p class=\"wp-block-paragraph\">Chez Humanium, nous nous engageons \u00e0 faire respecter les <a href=\"https:\/\/www.humanium.org\/fr\/droits-enfant\/\">droits de chaque enfant<\/a>, en particulier lors de crises telles que celle qui ont suivi la guerre civile syrienne et qui ont eu des r\u00e9percussions profondes sur des millions de familles. . Votre soutien en parrainant un enfant, en faisant un don ou en vous portant volontaire peut faire la diff\u00e9rence. Rejoignez-nous pour faire en sorte que chaque enfant, quelle que soit la situation, re\u00e7oive les soins qu\u2019il m\u00e9rite.<\/p>\n\n\n\n<p class=\"wp-block-paragraph\"><em><strong>\u00c9crit par Lidija Misic<\/strong><\/em><\/p>\n\n\n\n<p class=\"wp-block-paragraph\"><em><strong>Traduit par Fran\u00e7oise Carpentier<\/strong><\/em><\/p>\n\n\n\n<p class=\"wp-block-paragraph\"><em><strong>Relecture par Aditi Partha<\/strong><\/em><\/p>\n\n\n\n<h4 class=\"wp-block-heading\"><strong>Bibliographie&nbsp;:<\/strong><\/h4>\n\n\n\n<p class=\"has-small-font-size wp-block-paragraph\">Balikci Zana (2020), Identity and sense of belonging among Syrian refugees in Sweden. Retrieved from Malmo University, International Migration, and Ethnic Relations Master Programme at <a href=\"https:\/\/www.diva-portal.org\/smash\/get\/diva2:1481918\/FULLTEXT01.pdf\" target=\"_blank\" rel=\"noreferrer noopener\">https:\/\/www.diva-portal.org\/smash\/get\/diva2:1481918\/FULLTEXT01.pdf<\/a>. Accessed on December 26, 2023.<\/p>\n\n\n\n<p class=\"has-small-font-size wp-block-paragraph\">Basem Sarhan (2022), Sweden: Taking Syrian children away from parents for protection? Retrieved from Brussels Morning at <a href=\"https:\/\/brusselsmorning.com\/sweden-taking-syrian-children-away-from-parents-for-protection\/21363\/\" target=\"_blank\" rel=\"noreferrer noopener\">https:\/\/brusselsmorning.com\/sweden-taking-syrian-children-away-from-parents-for-protection\/21363\/<\/a>. Accessed on December 26, 2023.<\/p>\n\n\n\n<p class=\"has-small-font-size wp-block-paragraph\">Brenna Daldorph (2015), Video shows Swedish security guards &lsquo;assaulting&rsquo; a child. Retrieved from The Observers France 24 at <a href=\"https:\/\/observers.france24.com\/en\/20150211-video-sweden-guard-boy-malmo-security\" target=\"_blank\" rel=\"noreferrer noopener\">https:\/\/observers.france24.com\/en\/20150211-video-sweden-guard-boy-malmo-security<\/a>. Accessed on December 26, 2023.<\/p>\n\n\n\n<p class=\"has-small-font-size wp-block-paragraph\">End Corporal Punishment (2020), Corporal punishment of children in Sweden. Retrieved from End Corporal Punishment at <a href=\"http:\/\/www.endcorporalpunishment.org\/wp-content\/uploads\/country-reports\/Sweden.pdf\" target=\"_blank\" rel=\"noreferrer noopener\">http:\/\/www.endcorporalpunishment.org\/wp-content\/uploads\/country-reports\/Sweden.pdf<\/a>. Accessed on December 26, 2023.<\/p>\n\n\n\n<p class=\"has-small-font-size wp-block-paragraph\">Chak Mujahid Farhan (2022), Stealing Innocence: The Theft of Refugee Children in Sweden. Retrieved from Politics Today at <a href=\"https:\/\/politicstoday.org\/stealing-innocence-the-theft-of-refugee-children-in-sweden\/\" target=\"_blank\" rel=\"noreferrer noopener\">https:\/\/politicstoday.org\/stealing-innocence-the-theft-of-refugee-children-in-sweden\/<\/a>. Accessed on December 26, 2023.<\/p>\n\n\n\n<p class=\"has-small-font-size wp-block-paragraph\">Human Rights Watch (2022), Sweden: Submission to the UN Committee on the Rights of the Child. Retrieved from HRW at <a href=\"https:\/\/www.hrw.org\/news\/2022\/12\/16\/sweden-submission-un-committee-rights-child\" target=\"_blank\" rel=\"noreferrer noopener\">https:\/\/www.hrw.org\/news\/2022\/12\/16\/sweden-submission-un-committee-rights-child<\/a>. Accessed on December 26, 2023.<\/p>\n\n\n\n<p class=\"has-small-font-size wp-block-paragraph\">Migrationsverket (2023), Children in the asylum process. Retrieved from Migrationsverket at https:\/\/www.migrationsverket.se\/English\/Private-individuals\/Protection-and-asylum-in-Sweden\/Applying-for-asylum\/Children-in-the-asylum-process.html. Accessed on December 26, 2023.<\/p>\n\n\n\n<p class=\"has-small-font-size wp-block-paragraph\">Muhammad Haj Latif Abdul et al. (2019), Sweden: Taking Syrian Children away from their Families. Retrieved from The Syrian Investigative Reporting for Accountability Journalism (SIRAJ) at <a href=\"https:\/\/sirajsy.net\/sweden-taking-syrian-children-away-from-their-families\/\" target=\"_blank\" rel=\"noreferrer noopener\">https:\/\/sirajsy.net\/sweden-taking-syrian-children-away-from-their-families\/<\/a>. Accessed on December 26, 2023.<\/p>\n\n\n\n<p class=\"has-small-font-size wp-block-paragraph\">Owen Sharon (2016), Corporal punishment of children in the Syrian Arab Republic: Briefing for the Universal Periodic Review, 26th session, 2016. Retrieved from OHCHR at <a href=\"https:\/\/www.ohchr.org\/en\/stories\/2013\/01\/ending-corporal-punishment-children\" target=\"_blank\" rel=\"noreferrer noopener\">https:\/\/www.ohchr.org\/en\/stories\/2013\/01\/ending-corporal-punishment-children<\/a>. Accessed on December 26, 2023.<\/p>\n\n\n\n<p class=\"has-small-font-size wp-block-paragraph\">Uddin Rayhan (2022), Sweden: Syrian parents plead to be reunited with children taken by authorities. Retrieved from Middle East Eye at <a href=\"https:\/\/www.middleeasteye.net\/news\/sweden-syrian-parents-children-plead-reunited\" target=\"_blank\" rel=\"noreferrer noopener\">https:\/\/www.middleeasteye.net\/news\/sweden-syrian-parents-children-plead-reunited<\/a>. Accessed on December 26, 2023.<\/p>\n\n\n\n<p class=\"has-small-font-size wp-block-paragraph\">UNCHR (2023), Syria situation. Retrieved from UNCHR at <a href=\"https:\/\/reporting.unhcr.org\/operational\/situations\/syria-situation\" target=\"_blank\" rel=\"noreferrer noopener\">https:\/\/reporting.unhcr.org\/operational\/situations\/syria-situation<\/a>. Accessed on December 26, 2023.<\/p>\n\n\n\n<p class=\"has-small-font-size wp-block-paragraph\">Wessels Josepha (2023), \u00ab\u00a0But you do not &lsquo;look&rsquo; Syrian?\u00a0\u00bb Experiences of Syrians in urban areas of Sweden. Retrieved from Social Institutions Political Governance &amp; Integration at <a href=\"https:\/\/www.gu.se\/sites\/default\/files\/2023-03\/Wessels%20Working%20Paper%20No.%204%202023.pdf\" target=\"_blank\" rel=\"noreferrer noopener\">https:\/\/www.gu.se\/sites\/default\/files\/2023-03\/Wessels%20Working%20Paper%20No.%204%202023.pdf<\/a>. Accessed on December 26, 2023.<\/p>\n","protected":false},"excerpt":{"rendered":"<p>La crise prolong\u00e9e de la guerre civile en Syrie a entrain\u00e9 des d\u00e9placements de population \u00e0 l\u2019\u00e9chelle mondiale, ce qui a eu un impact consid\u00e9rable sur la Su\u00e8de qui a accueilli un nombre important de r\u00e9fugi\u00e9s Syriens. Cependant, des inqui\u00e9tudes surgissent concernant l\u2019adh\u00e9sion de la Su\u00e8de \u00e0 la Convention des Nations Unies des Droits de [&hellip;]<\/p>\n","protected":false},"author":69,"featured_media":56364,"comment_status":"closed","ping_status":"closed","sticky":false,"template":"","format":"standard","meta":{"footnotes":""},"categories":[220,4,233,236,215],"tags":[],"class_list":["post-56359","post","type-post","status-publish","format-standard","has-post-thumbnail","hentry","category-droits-des-enfants","category-droits-humains","category-exploitation","category-migration","category-refugies"],"yoast_head":"<!-- This site is optimized with the Yoast SEO plugin v28.3 - https:\/\/yoast.com\/product\/yoast-seo-wordpress\/ -->\n<title>Les services su\u00e9dois critiqu\u00e9s pour la s\u00e9paration des familles de r\u00e9fugi\u00e9s - Humanium<\/title>\n<meta name=\"description\" content=\"La crise de la guerre civile en Syrie a entrain\u00e9 des d\u00e9placements de population, ce qui a eu un impact consid\u00e9rable sur la Su\u00e8de.\" \/>\n<meta name=\"robots\" content=\"index, follow, max-snippet:-1, max-image-preview:large, max-video-preview:-1\" \/>\n<link rel=\"canonical\" href=\"https:\/\/www.humanium.org\/fr\/les-services-suedois-critiques-pour-la-separation-des-familles-de-refugies\/\" \/>\n<meta property=\"og:locale\" content=\"fr_FR\" \/>\n<meta property=\"og:type\" content=\"article\" \/>\n<meta property=\"og:title\" content=\"Les services su\u00e9dois critiqu\u00e9s pour la s\u00e9paration des familles de r\u00e9fugi\u00e9s - Humanium\" \/>\n<meta property=\"og:description\" content=\"La crise de la guerre civile en Syrie a entrain\u00e9 des d\u00e9placements de population, ce qui a eu un impact consid\u00e9rable sur la Su\u00e8de.\" \/>\n<meta property=\"og:url\" content=\"https:\/\/www.humanium.org\/fr\/les-services-suedois-critiques-pour-la-separation-des-familles-de-refugies\/\" \/>\n<meta property=\"og:site_name\" content=\"Humanium\" \/>\n<meta property=\"article:published_time\" content=\"2024-01-23T18:25:31+00:00\" \/>\n<meta property=\"article:modified_time\" content=\"2026-08-21T03:22:57+00:00\" \/>\n<meta property=\"og:image\" content=\"https:\/\/www.humanium.org\/fr\/wp-content\/uploads\/2024\/01\/shutterstock_1702616413-scaled.jpg\" \/>\n\t<meta property=\"og:image:width\" content=\"2560\" \/>\n\t<meta property=\"og:image:height\" content=\"1710\" \/>\n\t<meta property=\"og:image:type\" content=\"image\/jpeg\" \/>\n<meta name=\"author\" content=\"Humanium\" \/>\n<meta name=\"twitter:card\" content=\"summary_large_image\" \/>\n<meta name=\"twitter:label1\" content=\"\u00c9crit par\" \/>\n\t<meta name=\"twitter:data1\" content=\"Humanium\" \/>\n\t<meta name=\"twitter:label2\" content=\"Dur\u00e9e de lecture estim\u00e9e\" \/>\n\t<meta name=\"twitter:data2\" content=\"9 minutes\" \/>\n<script type=\"application\/ld+json\" class=\"yoast-schema-graph\">{\"@context\":\"https:\\\/\\\/schema.org\",\"@graph\":[{\"@type\":\"Article\",\"@id\":\"https:\\\/\\\/www.humanium.org\\\/fr\\\/les-services-suedois-critiques-pour-la-separation-des-familles-de-refugies\\\/#article\",\"isPartOf\":{\"@id\":\"https:\\\/\\\/www.humanium.org\\\/fr\\\/les-services-suedois-critiques-pour-la-separation-des-familles-de-refugies\\\/\"},\"author\":{\"name\":\"Humanium\",\"@id\":\"https:\\\/\\\/www.humanium.org\\\/fr\\\/#\\\/schema\\\/person\\\/d798d6c7d59ba2307e0877f61a20ce3e\"},\"headline\":\"Les services su\u00e9dois critiqu\u00e9s pour la s\u00e9paration des familles de r\u00e9fugi\u00e9s\",\"datePublished\":\"2024-01-23T18:25:31+00:00\",\"dateModified\":\"2026-08-21T03:22:57+00:00\",\"mainEntityOfPage\":{\"@id\":\"https:\\\/\\\/www.humanium.org\\\/fr\\\/les-services-suedois-critiques-pour-la-separation-des-familles-de-refugies\\\/\"},\"wordCount\":1782,\"image\":{\"@id\":\"https:\\\/\\\/www.humanium.org\\\/fr\\\/les-services-suedois-critiques-pour-la-separation-des-familles-de-refugies\\\/#primaryimage\"},\"thumbnailUrl\":\"https:\\\/\\\/www.humanium.org\\\/fr\\\/wp-content\\\/uploads\\\/2024\\\/01\\\/shutterstock_1702616413-scaled.jpg\",\"articleSection\":[\"Droits des enfants\",\"Droits humains\",\"Exploitation\",\"Migration\",\"R\u00e9fugi\u00e9s\"],\"inLanguage\":\"fr-FR\"},{\"@type\":\"WebPage\",\"@id\":\"https:\\\/\\\/www.humanium.org\\\/fr\\\/les-services-suedois-critiques-pour-la-separation-des-familles-de-refugies\\\/\",\"url\":\"https:\\\/\\\/www.humanium.org\\\/fr\\\/les-services-suedois-critiques-pour-la-separation-des-familles-de-refugies\\\/\",\"name\":\"Les services su\u00e9dois critiqu\u00e9s pour la s\u00e9paration des familles de r\u00e9fugi\u00e9s - Humanium\",\"isPartOf\":{\"@id\":\"https:\\\/\\\/www.humanium.org\\\/fr\\\/#website\"},\"primaryImageOfPage\":{\"@id\":\"https:\\\/\\\/www.humanium.org\\\/fr\\\/les-services-suedois-critiques-pour-la-separation-des-familles-de-refugies\\\/#primaryimage\"},\"image\":{\"@id\":\"https:\\\/\\\/www.humanium.org\\\/fr\\\/les-services-suedois-critiques-pour-la-separation-des-familles-de-refugies\\\/#primaryimage\"},\"thumbnailUrl\":\"https:\\\/\\\/www.humanium.org\\\/fr\\\/wp-content\\\/uploads\\\/2024\\\/01\\\/shutterstock_1702616413-scaled.jpg\",\"datePublished\":\"2024-01-23T18:25:31+00:00\",\"dateModified\":\"2026-08-21T03:22:57+00:00\",\"author\":{\"@id\":\"https:\\\/\\\/www.humanium.org\\\/fr\\\/#\\\/schema\\\/person\\\/d798d6c7d59ba2307e0877f61a20ce3e\"},\"description\":\"La crise de la guerre civile en Syrie a entrain\u00e9 des d\u00e9placements de population, ce qui a eu un impact consid\u00e9rable sur la Su\u00e8de.\",\"breadcrumb\":{\"@id\":\"https:\\\/\\\/www.humanium.org\\\/fr\\\/les-services-suedois-critiques-pour-la-separation-des-familles-de-refugies\\\/#breadcrumb\"},\"inLanguage\":\"fr-FR\",\"potentialAction\":[{\"@type\":\"ReadAction\",\"target\":[\"https:\\\/\\\/www.humanium.org\\\/fr\\\/les-services-suedois-critiques-pour-la-separation-des-familles-de-refugies\\\/\"]}]},{\"@type\":\"ImageObject\",\"inLanguage\":\"fr-FR\",\"@id\":\"https:\\\/\\\/www.humanium.org\\\/fr\\\/les-services-suedois-critiques-pour-la-separation-des-familles-de-refugies\\\/#primaryimage\",\"url\":\"https:\\\/\\\/www.humanium.org\\\/fr\\\/wp-content\\\/uploads\\\/2024\\\/01\\\/shutterstock_1702616413-scaled.jpg\",\"contentUrl\":\"https:\\\/\\\/www.humanium.org\\\/fr\\\/wp-content\\\/uploads\\\/2024\\\/01\\\/shutterstock_1702616413-scaled.jpg\",\"width\":2560,\"height\":1710},{\"@type\":\"BreadcrumbList\",\"@id\":\"https:\\\/\\\/www.humanium.org\\\/fr\\\/les-services-suedois-critiques-pour-la-separation-des-familles-de-refugies\\\/#breadcrumb\",\"itemListElement\":[{\"@type\":\"ListItem\",\"position\":1,\"name\":\"Home\",\"item\":\"https:\\\/\\\/www.humanium.org\\\/fr\\\/\"},{\"@type\":\"ListItem\",\"position\":2,\"name\":\"Les services su\u00e9dois critiqu\u00e9s pour la s\u00e9paration des familles de r\u00e9fugi\u00e9s\"}]},{\"@type\":\"WebSite\",\"@id\":\"https:\\\/\\\/www.humanium.org\\\/fr\\\/#website\",\"url\":\"https:\\\/\\\/www.humanium.org\\\/fr\\\/\",\"name\":\"Humanium\",\"description\":\"Les enfants d\u2019abord !\",\"potentialAction\":[{\"@type\":\"SearchAction\",\"target\":{\"@type\":\"EntryPoint\",\"urlTemplate\":\"https:\\\/\\\/www.humanium.org\\\/fr\\\/?s={search_term_string}\"},\"query-input\":{\"@type\":\"PropertyValueSpecification\",\"valueRequired\":true,\"valueName\":\"search_term_string\"}}],\"inLanguage\":\"fr-FR\"},{\"@type\":\"Person\",\"@id\":\"https:\\\/\\\/www.humanium.org\\\/fr\\\/#\\\/schema\\\/person\\\/d798d6c7d59ba2307e0877f61a20ce3e\",\"name\":\"Humanium\",\"image\":{\"@type\":\"ImageObject\",\"inLanguage\":\"fr-FR\",\"@id\":\"https:\\\/\\\/secure.gravatar.com\\\/avatar\\\/22715e338d2fcc547e3a431c4738360d33fea2a4af458f865b2c3b22f1eaa51f?s=96&d=mm&r=g\",\"url\":\"https:\\\/\\\/secure.gravatar.com\\\/avatar\\\/22715e338d2fcc547e3a431c4738360d33fea2a4af458f865b2c3b22f1eaa51f?s=96&d=mm&r=g\",\"contentUrl\":\"https:\\\/\\\/secure.gravatar.com\\\/avatar\\\/22715e338d2fcc547e3a431c4738360d33fea2a4af458f865b2c3b22f1eaa51f?s=96&d=mm&r=g\",\"caption\":\"Humanium\"},\"url\":\"https:\\\/\\\/www.humanium.org\\\/fr\\\/author\\\/humanium\\\/\"}]}<\/script>\n<!-- \/ Yoast SEO plugin. -->","yoast_head_json":{"title":"Les services su\u00e9dois critiqu\u00e9s pour la s\u00e9paration des familles de r\u00e9fugi\u00e9s - Humanium","description":"La crise de la guerre civile en Syrie a entrain\u00e9 des d\u00e9placements de population, ce qui a eu un impact consid\u00e9rable sur la Su\u00e8de.","robots":{"index":"index","follow":"follow","max-snippet":"max-snippet:-1","max-image-preview":"max-image-preview:large","max-video-preview":"max-video-preview:-1"},"canonical":"https:\/\/www.humanium.org\/fr\/les-services-suedois-critiques-pour-la-separation-des-familles-de-refugies\/","og_locale":"fr_FR","og_type":"article","og_title":"Les services su\u00e9dois critiqu\u00e9s pour la s\u00e9paration des familles de r\u00e9fugi\u00e9s - Humanium","og_description":"La crise de la guerre civile en Syrie a entrain\u00e9 des d\u00e9placements de population, ce qui a eu un impact consid\u00e9rable sur la Su\u00e8de.","og_url":"https:\/\/www.humanium.org\/fr\/les-services-suedois-critiques-pour-la-separation-des-familles-de-refugies\/","og_site_name":"Humanium","article_published_time":"2024-01-23T18:25:31+00:00","article_modified_time":"2026-08-21T03:22:57+00:00","og_image":[{"width":2560,"height":1710,"url":"https:\/\/www.humanium.org\/fr\/wp-content\/uploads\/2024\/01\/shutterstock_1702616413-scaled.jpg","type":"image\/jpeg"}],"author":"Humanium","twitter_card":"summary_large_image","twitter_misc":{"\u00c9crit par":"Humanium","Dur\u00e9e de lecture estim\u00e9e":"9 minutes"},"schema":{"@context":"https:\/\/schema.org","@graph":[{"@type":"Article","@id":"https:\/\/www.humanium.org\/fr\/les-services-suedois-critiques-pour-la-separation-des-familles-de-refugies\/#article","isPartOf":{"@id":"https:\/\/www.humanium.org\/fr\/les-services-suedois-critiques-pour-la-separation-des-familles-de-refugies\/"},"author":{"name":"Humanium","@id":"https:\/\/www.humanium.org\/fr\/#\/schema\/person\/d798d6c7d59ba2307e0877f61a20ce3e"},"headline":"Les services su\u00e9dois critiqu\u00e9s pour la s\u00e9paration des familles de r\u00e9fugi\u00e9s","datePublished":"2024-01-23T18:25:31+00:00","dateModified":"2026-08-21T03:22:57+00:00","mainEntityOfPage":{"@id":"https:\/\/www.humanium.org\/fr\/les-services-suedois-critiques-pour-la-separation-des-familles-de-refugies\/"},"wordCount":1782,"image":{"@id":"https:\/\/www.humanium.org\/fr\/les-services-suedois-critiques-pour-la-separation-des-familles-de-refugies\/#primaryimage"},"thumbnailUrl":"https:\/\/www.humanium.org\/fr\/wp-content\/uploads\/2024\/01\/shutterstock_1702616413-scaled.jpg","articleSection":["Droits des enfants","Droits humains","Exploitation","Migration","R\u00e9fugi\u00e9s"],"inLanguage":"fr-FR"},{"@type":"WebPage","@id":"https:\/\/www.humanium.org\/fr\/les-services-suedois-critiques-pour-la-separation-des-familles-de-refugies\/","url":"https:\/\/www.humanium.org\/fr\/les-services-suedois-critiques-pour-la-separation-des-familles-de-refugies\/","name":"Les services su\u00e9dois critiqu\u00e9s pour la s\u00e9paration des familles de r\u00e9fugi\u00e9s - Humanium","isPartOf":{"@id":"https:\/\/www.humanium.org\/fr\/#website"},"primaryImageOfPage":{"@id":"https:\/\/www.humanium.org\/fr\/les-services-suedois-critiques-pour-la-separation-des-familles-de-refugies\/#primaryimage"},"image":{"@id":"https:\/\/www.humanium.org\/fr\/les-services-suedois-critiques-pour-la-separation-des-familles-de-refugies\/#primaryimage"},"thumbnailUrl":"https:\/\/www.humanium.org\/fr\/wp-content\/uploads\/2024\/01\/shutterstock_1702616413-scaled.jpg","datePublished":"2024-01-23T18:25:31+00:00","dateModified":"2026-08-21T03:22:57+00:00","author":{"@id":"https:\/\/www.humanium.org\/fr\/#\/schema\/person\/d798d6c7d59ba2307e0877f61a20ce3e"},"description":"La crise de la guerre civile en Syrie a entrain\u00e9 des d\u00e9placements de population, ce qui a eu un impact consid\u00e9rable sur la Su\u00e8de.","breadcrumb":{"@id":"https:\/\/www.humanium.org\/fr\/les-services-suedois-critiques-pour-la-separation-des-familles-de-refugies\/#breadcrumb"},"inLanguage":"fr-FR","potentialAction":[{"@type":"ReadAction","target":["https:\/\/www.humanium.org\/fr\/les-services-suedois-critiques-pour-la-separation-des-familles-de-refugies\/"]}]},{"@type":"ImageObject","inLanguage":"fr-FR","@id":"https:\/\/www.humanium.org\/fr\/les-services-suedois-critiques-pour-la-separation-des-familles-de-refugies\/#primaryimage","url":"https:\/\/www.humanium.org\/fr\/wp-content\/uploads\/2024\/01\/shutterstock_1702616413-scaled.jpg","contentUrl":"https:\/\/www.humanium.org\/fr\/wp-content\/uploads\/2024\/01\/shutterstock_1702616413-scaled.jpg","width":2560,"height":1710},{"@type":"BreadcrumbList","@id":"https:\/\/www.humanium.org\/fr\/les-services-suedois-critiques-pour-la-separation-des-familles-de-refugies\/#breadcrumb","itemListElement":[{"@type":"ListItem","position":1,"name":"Home","item":"https:\/\/www.humanium.org\/fr\/"},{"@type":"ListItem","position":2,"name":"Les services su\u00e9dois critiqu\u00e9s pour la s\u00e9paration des familles de r\u00e9fugi\u00e9s"}]},{"@type":"WebSite","@id":"https:\/\/www.humanium.org\/fr\/#website","url":"https:\/\/www.humanium.org\/fr\/","name":"Humanium","description":"Les enfants d\u2019abord !","potentialAction":[{"@type":"SearchAction","target":{"@type":"EntryPoint","urlTemplate":"https:\/\/www.humanium.org\/fr\/?s={search_term_string}"},"query-input":{"@type":"PropertyValueSpecification","valueRequired":true,"valueName":"search_term_string"}}],"inLanguage":"fr-FR"},{"@type":"Person","@id":"https:\/\/www.humanium.org\/fr\/#\/schema\/person\/d798d6c7d59ba2307e0877f61a20ce3e","name":"Humanium","image":{"@type":"ImageObject","inLanguage":"fr-FR","@id":"https:\/\/secure.gravatar.com\/avatar\/22715e338d2fcc547e3a431c4738360d33fea2a4af458f865b2c3b22f1eaa51f?s=96&d=mm&r=g","url":"https:\/\/secure.gravatar.com\/avatar\/22715e338d2fcc547e3a431c4738360d33fea2a4af458f865b2c3b22f1eaa51f?s=96&d=mm&r=g","contentUrl":"https:\/\/secure.gravatar.com\/avatar\/22715e338d2fcc547e3a431c4738360d33fea2a4af458f865b2c3b22f1eaa51f?s=96&d=mm&r=g","caption":"Humanium"},"url":"https:\/\/www.humanium.org\/fr\/author\/humanium\/"}]}},"_links":{"self":[{"href":"https:\/\/www.humanium.org\/fr\/wp-json\/wp\/v2\/posts\/56359","targetHints":{"allow":["GET"]}}],"collection":[{"href":"https:\/\/www.humanium.org\/fr\/wp-json\/wp\/v2\/posts"}],"about":[{"href":"https:\/\/www.humanium.org\/fr\/wp-json\/wp\/v2\/types\/post"}],"author":[{"embeddable":true,"href":"https:\/\/www.humanium.org\/fr\/wp-json\/wp\/v2\/users\/69"}],"replies":[{"embeddable":true,"href":"https:\/\/www.humanium.org\/fr\/wp-json\/wp\/v2\/comments?post=56359"}],"version-history":[{"count":9,"href":"https:\/\/www.humanium.org\/fr\/wp-json\/wp\/v2\/posts\/56359\/revisions"}],"predecessor-version":[{"id":62800,"href":"https:\/\/www.humanium.org\/fr\/wp-json\/wp\/v2\/posts\/56359\/revisions\/62800"}],"wp:featuredmedia":[{"embeddable":true,"href":"https:\/\/www.humanium.org\/fr\/wp-json\/wp\/v2\/media\/56364"}],"wp:attachment":[{"href":"https:\/\/www.humanium.org\/fr\/wp-json\/wp\/v2\/media?parent=56359"}],"wp:term":[{"taxonomy":"category","embeddable":true,"href":"https:\/\/www.humanium.org\/fr\/wp-json\/wp\/v2\/categories?post=56359"},{"taxonomy":"post_tag","embeddable":true,"href":"https:\/\/www.humanium.org\/fr\/wp-json\/wp\/v2\/tags?post=56359"}],"curies":[{"name":"wp","href":"https:\/\/api.w.org\/{rel}","templated":true}]}}