{"id":56707,"date":"2024-03-26T18:36:07","date_gmt":"2024-03-26T18:36:07","guid":{"rendered":"https:\/\/www.humanium.org\/fr\/?p=56707"},"modified":"2026-08-21T03:19:39","modified_gmt":"2026-08-21T03:19:39","slug":"lexclusion-sociale-et-la-pauvrete-en-france-une-realite-alarmante-aggravee-par-la-loi-sur-limmigration","status":"publish","type":"post","link":"https:\/\/www.humanium.org\/fr\/lexclusion-sociale-et-la-pauvrete-en-france-une-realite-alarmante-aggravee-par-la-loi-sur-limmigration\/","title":{"rendered":"L\u2019exclusion sociale et la pauvret\u00e9 en France : une r\u00e9alit\u00e9 alarmante aggrav\u00e9e par la loi sur l\u2019immigration"},"content":{"rendered":"\n<p class=\"wp-block-paragraph\"><strong>La <\/strong><a href=\"https:\/\/www.humanium.org\/fr\/france\/\"><strong>France<\/strong><\/a><strong>, pourtant consid\u00e9r\u00e9e en Europe comme \u00e9tant un pays riche et garant des droits humains, compte parmi elle de nombreuses personnes, plus particuli\u00e8rement des enfants, dans une pr\u00e9carit\u00e9 inqui\u00e9tante et menac\u00e9s <\/strong><a href=\"https:\/\/www.humanium.org\/fr\/realites-de-la-pauvrete-des-enfants-apercus-de-quatre-pays-europeens\/\"><strong>d\u2019exclusion sociale<\/strong><\/a><strong> au quotidien. Bien que les r\u00e9glementations europ\u00e9ennes et les engagements de la France tendent \u00e0 garantir les <\/strong><a href=\"https:\/\/www.humanium.org\/fr\/comprendre-droits-enfant\/\"><strong>droits des enfants<\/strong><\/a><strong> et l\u2019acc\u00e8s aux services essentiels, la r\u00e9alit\u00e9 n\u2019est pas \u00e0 la hauteur. En outre, une r\u00e9cente loi discriminatoire \u00e0 l\u2019encontre des enfants <\/strong><a href=\"https:\/\/www.humanium.org\/fr\/enfants-deplaces\/\"><strong>migrants<\/strong><\/a><strong> exacerbe leur vuln\u00e9rabilit\u00e9, ce qui va \u00e0 l\u2019encontre de l\u2019engagement pris de la France de garantir le bien-\u00eatre des enfants.<\/strong><\/p>\n\n\n\n<h2 class=\"wp-block-heading\"><strong>Portrait du taux de pauvret\u00e9 des enfants en France<\/strong><\/h2>\n\n\n\n<p class=\"wp-block-paragraph\">La <a href=\"https:\/\/www.humanium.org\/fr\/france\/\">France<\/a> recense environ 14,47 millions d\u2019enfants, dans lesquels 22,8 % \u00e9taient expos\u00e9s au risque de <a href=\"https:\/\/www.humanium.org\/fr\/pauvrete\/\">pauvret\u00e9<\/a> et d\u2019exclusion sociale en 2021. Ce chiffre repr\u00e9sente environ 3,3 millions d\u2019enfants au total (Eurochild, 2022). Il a \u00e9t\u00e9 constat\u00e9 \u00e9galement par UNICEF une hausse du taux de la pauvret\u00e9 en France, \u00ab&nbsp;d\u00e9finie comme la combinaison de faibles revenus et de privations mat\u00e9rielles et sociales s\u00e9v\u00e8res&nbsp;\u00bb, ainsi qu\u2019une pr\u00e9carisation accrue des familles (UNICEF, 2022).&nbsp;<\/p>\n\n\n\n<p class=\"wp-block-paragraph\">En <a href=\"https:\/\/www.humanium.org\/fr\/france\/\">France<\/a>, la pauvret\u00e9 se rapporte de mani\u00e8re g\u00e9n\u00e9rale \u00e0 la pauvret\u00e9 financi\u00e8re et aux conditions de vie (UNICEF, 2022). En effet, les enfants en situation de pauvret\u00e9 se heurtent \u00e0 des obstacles dans les acc\u00e8s \u00e0 <a href=\"https:\/\/www.humanium.org\/fr\/comprendre-droits-enfant\/droit-a-l-education\/\">l\u2019\u00e9ducation<\/a>, aux soins de <a href=\"https:\/\/www.humanium.org\/fr\/comprendre-droits-enfant\/droit-a-la-sante\/\">sant\u00e9<\/a>, \u00e0 une <a href=\"https:\/\/www.humanium.org\/fr\/comprendre-droits-enfant\/droit-a-l-alimentation\/\">alimentation<\/a> ad\u00e9quate, \u00e0 un logement d\u00e9cent ou encore \u00e0 des services d\u2019accueil pr\u00e9vus pour les jeunes enfants (UNICEF, 2022).&nbsp;<\/p>\n\n\n\n<h2 class=\"wp-block-heading\"><strong>Garantie europ\u00e9enne pour l\u2019enfance&nbsp;<\/strong><\/h2>\n\n\n\n<p class=\"wp-block-paragraph\">Au sein de <a href=\"https:\/\/www.humanium.org\/fr\/realites-de-la-pauvrete-des-enfants-apercus-de-quatre-pays-europeens\/\">l\u2019Union europ\u00e9enne<\/a>, la <a href=\"https:\/\/www.humanium.org\/fr\/pauvrete\/\">pauvret\u00e9<\/a> et l\u2019exclusion sociale menacent environ<s>s<\/s> 19 millions d\u2019enfants. Devant ce constat alarmant, et d\u00fb au fait que les enfants et les jeunes sont notamment fortement expos\u00e9s \u00e0 de nombreuses crises, sanitaires, \u00e9conomiques et humanitaires, ou \u00e0 cause des guerres, conflits arm\u00e9s, la Commission europ\u00e9enne a adopt\u00e9 le 24 mars 2021 une recommandation du Conseil de l\u2019Union europ\u00e9enne \u00e9tablissant une garantie pour l\u2019enfance (UNICEF, 2021). Ceci a pour objectif de \u00ab&nbsp;promouvoir <a href=\"https:\/\/www.humanium.org\/fr\/discriminations\/\">l\u2019\u00e9galit\u00e9 des chances<\/a> et briser le cercle vicieux de la pauvret\u00e9 et de l\u2019exclusion sociale des enfants en leur garantissant un acc\u00e8s effectif \u00e0 des services essentiels de qualit\u00e9 \u00bb (UNICEF, 2021).<\/p>\n\n\n\n<p class=\"wp-block-paragraph\">En effet,&nbsp;l\u2019objectif de cette garantie europ\u00e9enne pour l\u2019enfance est \u00ab&nbsp;de pr\u00e9venir et de combattre l\u2019exclusion sociale en garantissant l\u2019acc\u00e8s effectif des enfants dans le besoin \u00e0 un ensemble de services essentiels : des structures <a href=\"https:\/\/www.humanium.org\/fr\/comprendre-droits-enfant\/droit-a-l-education\/\">d\u2019\u00e9ducation<\/a> et d\u2019accueil des jeunes enfants gratuites&nbsp;; une scolarisation gratuite (y compris des activit\u00e9s p\u00e9riscolaires et au moins un repas sain chaque jour d\u2019\u00e9cole)&nbsp;; des soins de <a href=\"https:\/\/www.humanium.org\/fr\/comprendre-droits-enfant\/droit-a-la-sante\/\">sant\u00e9<\/a> gratuits&nbsp;; une <a href=\"https:\/\/www.humanium.org\/fr\/comprendre-droits-enfant\/droit-a-l-alimentation\/\">alimentation<\/a> saine&nbsp;; et un logement ad\u00e9quat&nbsp;\u00bb (Commission europ\u00e9enne, n.d.).&nbsp;<\/p>\n\n\n\n<p class=\"wp-block-paragraph\">Sur base de cette garantie, le Conseil de l\u2019Union europ\u00e9enne convie les \u00c9tats membres \u00e0 pr\u00e9senter des plans d\u2019action indiquant les modalit\u00e9s de mise en \u0153uvre de la garantie. Ces plans d\u2019action doivent couvrir la p\u00e9riode allant jusqu\u2019\u00e0 2030 et \u00e9galement \u00ab&nbsp;tenir compte des circonstances nationales, r\u00e9gionales et locales ainsi que des mesures et actions strat\u00e9giques existantes visant \u00e0 soutenir les enfants dans le besoin&nbsp;\u00bb, afin d\u2019am\u00e9liorer l\u2019acc\u00e8s des enfants dans le besoin \u00e0 l\u2019ensemble des services essentiels cl\u00e9s (Commission europ\u00e9enne, n.d.).<\/p>\n\n\n\n<h2 class=\"wp-block-heading\"><strong>La protection de l\u2019enfance en France<\/strong><\/h2>\n\n\n\n<p class=\"wp-block-paragraph\">La <a href=\"https:\/\/www.humanium.org\/fr\/comprendre-droits-enfant\/\">protection<\/a> de l\u2019enfance vise \u00e0 \u00ab&nbsp;garantir la prise en compte des besoins fondamentaux de l\u2019enfant, \u00e0 soutenir son d\u00e9veloppement physique, affectif, intellectuel et social et \u00e0 pr\u00e9server sa <a href=\"https:\/\/www.humanium.org\/fr\/comprendre-droits-enfant\/droit-a-la-sante\/\">sant\u00e9<\/a>, sa s\u00e9curit\u00e9, sa moralit\u00e9 et son <a href=\"https:\/\/www.humanium.org\/fr\/comprendre-droits-enfant\/droit-a-l-education\/\">\u00e9ducation<\/a> \u00bb (Minist\u00e8re du travail, de la sant\u00e9 et des solidarit\u00e9s, n.d.). Cette d\u00e9finition est r\u00e9gie par l\u2019article L. 112-3 du Code de l\u2019action sociale et des familles (CASF).<\/p>\n\n\n\n<p class=\"wp-block-paragraph\">De plus, deux lois ont r\u00e9form\u00e9 la protection de l\u2019enfance et r\u00e9affirm\u00e9 les <a href=\"https:\/\/www.humanium.org\/fr\/comprendre-droits-enfant\/\">droits fondamentaux<\/a> des enfants en <a href=\"https:\/\/www.humanium.org\/fr\/france\/\">France<\/a>. Il s\u2019agit des lois n\u00b02016-297 du 14 mars 2016 relative \u00e0 la protection de l\u2019enfant et n\u00b02022-140 du 7 f\u00e9vrier 2022 relative \u00e0 la protection des enfants (L\u00e9gifrance, 2016&nbsp;et 2022).&nbsp;<\/p>\n\n\n\n<p class=\"wp-block-paragraph\">Par ailleurs, la <a href=\"https:\/\/www.humanium.org\/fr\/france\/\">France<\/a>, en adoptant la Garantie pour l\u2019Enfance le 14 juin 2021, a entrepris de mettre en \u0153uvre cette garantie sur le territoire national au moyen d\u2019un plan d\u2019action pour la p\u00e9riode allant de 2022 \u00e0 2030. Il s\u2019agit d\u2019une r\u00e9elle opportunit\u00e9 pour les \u00c9tats europ\u00e9ens, dont la France, de structurer \u00ab&nbsp;une politique publique en mati\u00e8re de pr\u00e9vention et de lutte contre la <a href=\"https:\/\/www.humanium.org\/fr\/pauvrete\/\">pauvret\u00e9<\/a> et l\u2019exclusion sociale&nbsp;\u00bb et de contribuer de mani\u00e8re significative \u00ab&nbsp;\u00e0 la <a href=\"https:\/\/www.humanium.org\/fr\/comprendre-droits-enfant\/\">protection<\/a> et la promotion des droits des enfants \u00bb (UNICEF, 2021).&nbsp;<\/p>\n\n\n\n<p class=\"wp-block-paragraph\">Depuis l\u2019\u00e9laboration de ce plan d\u2019action, la France s\u2019est engag\u00e9e concr\u00e8tement \u00e0 \u00ab&nbsp;faire \u00e9voluer les indicateurs d\u00e9j\u00e0 existants en mati\u00e8re de lutte contre la pauvret\u00e9 et l\u2019exclusion sociale des enfants, et en imaginer de nouveaux&nbsp;\u00bb et \u00e0 une mise en \u0153uvre territoriale de ce plan en <em>consortium<\/em> avec \u00ab&nbsp;les commissaires \u00e0 la lutte contre la pauvret\u00e9 et les partenaires locaux&nbsp;\u00bb (Secr\u00e9tariat g\u00e9n\u00e9ral des affaires europ\u00e9ennes, 2022).<\/p>\n\n\n\n<h2 class=\"wp-block-heading\"><strong>L\u2019incidence de la loi immigration de 2024 sur les enfants migrants&nbsp;<\/strong><\/h2>\n\n\n\n<figure class=\"wp-block-image size-large\"><img loading=\"lazy\" decoding=\"async\" width=\"1024\" height=\"683\" src=\"https:\/\/www.humanium.org\/fr\/wp-content\/uploads\/2024\/03\/shutterstock_783777364-1024x683.jpg\" alt=\"\" class=\"wp-image-56709\" srcset=\"https:\/\/www.humanium.org\/fr\/wp-content\/uploads\/2024\/03\/shutterstock_783777364-1024x683.jpg 1024w, https:\/\/www.humanium.org\/fr\/wp-content\/uploads\/2024\/03\/shutterstock_783777364-300x200.jpg 300w, https:\/\/www.humanium.org\/fr\/wp-content\/uploads\/2024\/03\/shutterstock_783777364-768x512.jpg 768w, https:\/\/www.humanium.org\/fr\/wp-content\/uploads\/2024\/03\/shutterstock_783777364-1536x1024.jpg 1536w, https:\/\/www.humanium.org\/fr\/wp-content\/uploads\/2024\/03\/shutterstock_783777364-2048x1365.jpg 2048w, https:\/\/www.humanium.org\/fr\/wp-content\/uploads\/2024\/03\/shutterstock_783777364-830x553.jpg 830w, https:\/\/www.humanium.org\/fr\/wp-content\/uploads\/2024\/03\/shutterstock_783777364-230x153.jpg 230w, https:\/\/www.humanium.org\/fr\/wp-content\/uploads\/2024\/03\/shutterstock_783777364-350x233.jpg 350w, https:\/\/www.humanium.org\/fr\/wp-content\/uploads\/2024\/03\/shutterstock_783777364-480x320.jpg 480w, https:\/\/www.humanium.org\/fr\/wp-content\/uploads\/2024\/03\/shutterstock_783777364-272x182.jpg 272w\" sizes=\"auto, (max-width: 1024px) 100vw, 1024px\" \/><\/figure>\n\n\n\n<p class=\"wp-block-paragraph\">La <a href=\"https:\/\/www.humanium.org\/fr\/pauvrete\/\">pauvret\u00e9<\/a> peut prendre de multiples formes et affecte particuli\u00e8rement les groupes les plus vuln\u00e9rables, dont font partie les enfants. A travers le monde, les enfants <a href=\"https:\/\/www.humanium.org\/fr\/enfants-deplaces\/\">r\u00e9fugi\u00e9s<\/a> et migrants en sont les premi\u00e8res victimes. En effet, qu\u2019ils soient \u00ab&nbsp;en famille ou seuls, ils se d\u00e9placent pour fuir la violence, la mis\u00e8re, la pauvret\u00e9 et esp\u00e8rent \u00eatre accueillis dans un pays qui saura les <a href=\"https:\/\/www.humanium.org\/fr\/comprendre-droits-enfant\/\">prot\u00e9ger&nbsp;<\/a>\u00bb, mais d\u00e8s leur arriv\u00e9e en Europe, ils ne sont pas pour autant sauv\u00e9s de la grande pauvret\u00e9 (UNICEF, n.d.).&nbsp;<\/p>\n\n\n\n<p class=\"wp-block-paragraph\">Conform\u00e9ment au droit international et aux droits fondamentaux des enfants, \u00ab&nbsp;r\u00e9fugi\u00e9s ou non, tous les enfants <a href=\"https:\/\/www.humanium.org\/fr\/enfants-deplaces\/\">migrants<\/a> ont le droit d\u2019\u00eatre prot\u00e9g\u00e9s, de vivre dans un environnement sain, de recevoir une <a href=\"https:\/\/www.humanium.org\/fr\/comprendre-droits-enfant\/droit-a-l-education\/\">\u00e9ducation<\/a> et ne pas \u00eatre discrimin\u00e9s&nbsp;\u00bb. En <a href=\"https:\/\/www.humanium.org\/fr\/france\/\">France<\/a>, le constat indique que ce n\u2019est pas le cas, loin de l\u00e0. Ces enfants se retrouvent m\u00eame parfois \u00ab&nbsp;sans h\u00e9bergement ou n\u2019acc\u00e8dent pas aux soins ou \u00e0 l\u2019\u00e9ducation&nbsp;\u00bb (UNICEF, n.d.).&nbsp;<\/p>\n\n\n\n<p class=\"wp-block-paragraph\">Dans un tel contexte, pourtant d\u00e9j\u00e0 marqu\u00e9 du sceau de la pr\u00e9carit\u00e9 pour les enfants migrants, la <a href=\"https:\/\/www.humanium.org\/fr\/france\/\">France<\/a> a adopt\u00e9 la loi n\u00b02024-42 du 26 janvier 2024 pour contr\u00f4ler l\u2019immigration et am\u00e9liorer l\u2019int\u00e9gration (L\u00e9gifrance, 2024). Parmi les dispositions troublantes de cette loi, une disposition ressort nettement car cette derni\u00e8re concerne&nbsp;le conditionnement de la quasi-totalit\u00e9 des prestations familiales des personnes \u00e9trang\u00e8res, uniquement, \u00ab&nbsp;\u00e0 une dur\u00e9e de pr\u00e9sence sur le territoire d\u2019au moins cinq ann\u00e9es ou d\u2019une dur\u00e9e d\u2019activit\u00e9 professionnelle minimale&nbsp;\u00bb, ce qui a pour impact n\u00e9faste de limiter les prestations destin\u00e9es \u00e0 <a href=\"https:\/\/www.humanium.org\/fr\/comprendre-droits-enfant\/droit-a-l-education\/\">l\u2019\u00e9ducation<\/a> des enfants et au logement, ainsi que de d\u00e9t\u00e9riorer les conditions de vie, d\u00e9j\u00e0 pr\u00e9caires, de ces enfants (Reporterre, 2024).<\/p>\n\n\n\n<p class=\"wp-block-paragraph\">Bien que cette loi vient d\u2019\u00eatre adopt\u00e9e par le gouvernement fran\u00e7ais en d\u00e9but de l\u2019ann\u00e9e 2024, et qu\u2019elle ait \u00e9t\u00e9 r\u00e9examin\u00e9e conform\u00e9ment \u00e0 la d\u00e9cision r\u00e9cente du Conseil constitutionnel en <a href=\"https:\/\/www.humanium.org\/fr\/france\/\">France<\/a>, un certain nombre d\u2019organisations et d\u2019\u00e9tudes signalent d\u2019ores et d\u00e9j\u00e0 que le \u00ab&nbsp;nombre de personnes qui se verraient priv\u00e9s de leurs droits sociaux, \u00e0 cotisations \u00e9gales, et sur le seul motif de leur lieu de naissance ou de la nationalit\u00e9 de leurs parents est estim\u00e9 \u00e0 au moins 110 000, dont 30 000 enfants&nbsp;\u00bb (Le Monde, 2024&nbsp;; Reporterre, 2024).&nbsp;<\/p>\n\n\n\n<p class=\"wp-block-paragraph\">Pourtant d\u00e9j\u00e0 plac\u00e9es dans des situations pr\u00e9caires, ces familles et ces enfants <a href=\"https:\/\/www.humanium.org\/fr\/enfants-deplaces\/\">migrants<\/a> seront nombreux&nbsp;\u00e0 basculer dans l\u2019extr\u00eame <a href=\"https:\/\/www.humanium.org\/fr\/pauvrete\/\">pauvret\u00e9<\/a>, et cette constatation alarmante risque de concerner plus de la moiti\u00e9 des enfants, affect\u00e9s par la pr\u00e9f\u00e9rence nationale promue par cette loi (Reporterre, 2024).<\/p>\n\n\n\n<h2 class=\"wp-block-heading\"><strong>Encore un long chemin&nbsp;<\/strong><\/h2>\n\n\n\n<p class=\"wp-block-paragraph\">Si la cons\u00e9cration des droits des enfants dans la l\u00e9gislation et les directives fran\u00e7aises est essentielle, la <a href=\"https:\/\/www.humanium.org\/fr\/france\/\">France<\/a> est \u00e9galement tenue de veiller \u00e0 leur mise en \u0153uvre ainsi qu\u2019au suivi rigoureux des indicateurs correspondants, de mani\u00e8re \u00e0 lutter contre la <a href=\"https:\/\/www.humanium.org\/fr\/pauvrete\/\">pauvret\u00e9<\/a> et l\u2019exclusion sociale qui menacent les enfants.&nbsp;<\/p>\n\n\n\n<p class=\"wp-block-paragraph\">La France doit veiller \u00e0 garantir, sans distinction aucune \u00e0&nbsp;:<\/p>\n\n\n\n<ul class=\"wp-block-list\">\n<li>Cr\u00e9er un service public destin\u00e9 \u00e0 prot\u00e9ger les enfants en bas \u00e2ge ;&nbsp;<\/li>\n\n\n\n<li>Accompagner chaque enfant \u00e9loign\u00e9 de l\u2019\u00e9cole d\u00fb \u00e0 la pr\u00e9carit\u00e9, et lever les freins administratifs \u00e0 la <a href=\"https:\/\/www.humanium.org\/fr\/comprendre-droits-enfant\/droit-a-l-education\/\">scolarisation<\/a>&nbsp;;&nbsp;<\/li>\n\n\n\n<li>Garantir \u00e0 chaque enfant l\u2019acc\u00e8s \u00e0 un <a href=\"https:\/\/www.humanium.org\/fr\/comprendre-droits-enfant\/droit-a-l-alimentation\/\">repas sain<\/a> et \u00e0 prix abordable chaque jour d\u2019\u00e9cole&nbsp;;<\/li>\n\n\n\n<li>Assurer une \u00e9galit\u00e9 dans l\u2019acc\u00e8s \u00e0 des services de <a href=\"https:\/\/www.humanium.org\/fr\/comprendre-droits-enfant\/droit-a-la-sante\/\">sant\u00e9<\/a>&nbsp;;&nbsp;<\/li>\n\n\n\n<li>Garantir un accueil inconditionnel et respectueux des familles et enfants sans-domicile&nbsp;; (UNICEF, 2022)<\/li>\n\n\n\n<li>Garantir le bien \u00eatre psychosocial des enfants \u00e0 l\u2019\u00e9cole mais \u00e9galement en dehors, \u00e0 travers des unit\u00e9s de services sociaux appropri\u00e9es&nbsp;;<\/li>\n\n\n\n<li>Lever les restrictions d\u2019acc\u00e8s aux services sociaux et prestations aux enfants et appliquer une \u00e9galit\u00e9 de traitement l\u2019acc\u00e8s de ces derniers \u00e0 ces services&nbsp;;<\/li>\n\n\n\n<li>Garantir de mani\u00e8re g\u00e9n\u00e9rale une \u00e9galit\u00e9 de traitement, dans la loi ou en pratique, pour tous les enfants sur le territoire fran\u00e7ais.<\/li>\n<\/ul>\n\n\n\n<figure class=\"wp-block-image size-large\"><img loading=\"lazy\" decoding=\"async\" width=\"1024\" height=\"681\" src=\"https:\/\/www.humanium.org\/fr\/wp-content\/uploads\/2024\/03\/shutterstock_83687671-1024x681.jpg\" alt=\"\" class=\"wp-image-56708\" srcset=\"https:\/\/www.humanium.org\/fr\/wp-content\/uploads\/2024\/03\/shutterstock_83687671-1024x681.jpg 1024w, https:\/\/www.humanium.org\/fr\/wp-content\/uploads\/2024\/03\/shutterstock_83687671-300x200.jpg 300w, https:\/\/www.humanium.org\/fr\/wp-content\/uploads\/2024\/03\/shutterstock_83687671-768x511.jpg 768w, https:\/\/www.humanium.org\/fr\/wp-content\/uploads\/2024\/03\/shutterstock_83687671-1536x1022.jpg 1536w, https:\/\/www.humanium.org\/fr\/wp-content\/uploads\/2024\/03\/shutterstock_83687671-2048x1363.jpg 2048w, https:\/\/www.humanium.org\/fr\/wp-content\/uploads\/2024\/03\/shutterstock_83687671-830x552.jpg 830w, https:\/\/www.humanium.org\/fr\/wp-content\/uploads\/2024\/03\/shutterstock_83687671-230x153.jpg 230w, https:\/\/www.humanium.org\/fr\/wp-content\/uploads\/2024\/03\/shutterstock_83687671-350x233.jpg 350w, https:\/\/www.humanium.org\/fr\/wp-content\/uploads\/2024\/03\/shutterstock_83687671-480x319.jpg 480w, https:\/\/www.humanium.org\/fr\/wp-content\/uploads\/2024\/03\/shutterstock_83687671-272x182.jpg 272w\" sizes=\"auto, (max-width: 1024px) 100vw, 1024px\" \/><\/figure>\n\n\n\n<p class=\"wp-block-paragraph\">Humanium condamne ce r\u00e9gime l\u00e9gal permettant une diff\u00e9rence de traitement dans l\u2019acc\u00e8s des enfants aux services essentiels et sociaux et, \u00e0 travers ses propres projets, Humanium s\u2019efforce de cr\u00e9er un monde o\u00f9 les droits des enfants \u00e0 <a href=\"https:\/\/www.humanium.org\/fr\/comprendre-droits-enfant\/droit-a-l-education\/\">l\u2019\u00e9ducation<\/a> et \u00e0 la <a href=\"https:\/\/www.humanium.org\/fr\/comprendre-droits-enfant\/droit-a-la-sante\/\">sant\u00e9<\/a> soient toujours respect\u00e9s. Si vous souhaitez contribuer \u00e0 la cause d\u2019Humanium, vous pouvez envisager de faire un don, d\u2019\u00eatre b\u00e9n\u00e9vole ou de devenir membre.<\/p>\n\n\n\n<p class=\"wp-block-paragraph\"><em><strong>R\u00e9dig\u00e9 par Mo\u00efra Phu\u00f6ng Van de Po\u00ebl<\/strong><\/em><\/p>\n\n\n\n<h4 class=\"wp-block-heading\"><strong>Bibliographie&nbsp;:<\/strong><\/h4>\n\n\n\n<p class=\"has-small-font-size wp-block-paragraph\">Commission europ\u00e9enne (n.d.). Garantie europ\u00e9enne pour l\u2019enfance. Extrait de la Commission europ\u00e9enne \u00e0 <a href=\"https:\/\/ec.europa.eu\/social\/main.jsp?catId=1428&amp;langId=fr\" target=\"_blank\" rel=\"noreferrer noopener\">https:\/\/ec.europa.eu\/social\/main.jsp?catId=1428&amp;langId=fr<\/a>, consult\u00e9 en f\u00e9vrier 2024.<\/p>\n\n\n\n<p class=\"has-small-font-size wp-block-paragraph\">Direction de la Recherche, des \u00e9tudes, de l\u2019\u00e9valuation et des statistiques (n.d.). Protection de l\u2019enfance et de l\u2019adolescence. Extrait de la Direction de la Recherche, des \u00e9tudes, de l\u2019\u00e9valuation et des statistiques \u00e0 <a href=\"https:\/\/drees.solidarites-sante.gouv.fr\/protection-de-lenfance-et-de-ladolescence\" target=\"_blank\" rel=\"noreferrer noopener\">https:\/\/drees.solidarites-sante.gouv.fr\/protection-de-lenfance-et-de-ladolescence<\/a>, consult\u00e9 en f\u00e9vrier 2024.<\/p>\n\n\n\n<p class=\"has-small-font-size wp-block-paragraph\">Eurochild (2022). Country Profle 2022 &#8211; France<em>.<\/em> Extrait d\u2019Eurochild \u00e0 <a href=\"https:\/\/eurochild.org\/uploads\/2023\/01\/France_Invisible-children-Eurochild-2022-report-on-children-in-need-across-Europe.pdf\" target=\"_blank\" rel=\"noreferrer noopener\">https:\/\/eurochild.org\/uploads\/2023\/01\/France_Invisible-children-Eurochild-2022-report-on-children-in-need-across-Europe.pdf<\/a>, consult\u00e9 en f\u00e9vrier 2024.<\/p>\n\n\n\n<p class=\"has-small-font-size wp-block-paragraph\">Le Monde (2024, Janvier 26). Loi \u00ab immigration \u00bb : ajouts, durcissement, censure\u2026 toutes les \u00e9volutions du texte, du projet initial \u00e0 la version finale. Extrait du Monde \u00e0&nbsp; <a href=\"https:\/\/www.lemonde.fr\/les-decodeurs\/article\/2024\/01\/26\/loi-immigration-ajouts-durcissement-censure-toutes-les-evolutions-du-texte-du-projet-initial-a-la-version-finale_6205115_4355771.html\" target=\"_blank\" rel=\"noreferrer noopener\">https:\/\/www.lemonde.fr\/les-decodeurs\/article\/2024\/01\/26\/loi-immigration-ajouts-durcissement-censure-toutes-les-evolutions-du-texte-du-projet-initial-a-la-version-finale_6205115_4355771.html#<\/a>, consult\u00e9 en f\u00e9vrier 2024.<\/p>\n\n\n\n<p class=\"has-small-font-size wp-block-paragraph\">L\u00e9gifrance (2016). Journal Officiel. Extrait de L\u00e9gifrance \u00e0 <a href=\"https:\/\/www.legifrance.gouv.fr\/jorf\/id\/JORFTEXT000032205234#:~:text=%25C2%25AB%2520Art.,le%2520respect%2520de%2520ses%2520droits\" target=\"_blank\" rel=\"noreferrer noopener\">https:\/\/www.legifrance.gouv.fr\/jorf\/id\/JORFTEXT000032205234#:~:text=%C2%AB%20Art.,le%20respect%20de%20ses%20droits<\/a>, consult\u00e9 en f\u00e9vrier 2024.<\/p>\n\n\n\n<p class=\"has-small-font-size wp-block-paragraph\">L\u00e9gifrance (2022). Journal Officiel. Extrait de L\u00e9gifrance \u00e0&nbsp; <a href=\"https:\/\/www.legifrance.gouv.fr\/jorf\/id\/JORFTEXT000045133771\" target=\"_blank\" rel=\"noreferrer noopener\">https:\/\/www.legifrance.gouv.fr\/jorf\/id\/JORFTEXT000045133771<\/a>, consult\u00e9 en f\u00e9vrier 2024.<\/p>\n\n\n\n<p class=\"has-small-font-size wp-block-paragraph\">L\u00e9gifrance (2024). Journal Officiel. Extrait de L\u00e9gifrance \u00e0&nbsp; <a href=\"https:\/\/www.legifrance.gouv.fr\/jorf\/id\/JORFTEXT000049040245\">https:\/\/www.<\/a><a href=\"https:\/\/www.legifrance.gouv.fr\/jorf\/id\/JORFTEXT000049040245\" target=\"_blank\" rel=\"noreferrer noopener\">legifrance<\/a><a href=\"https:\/\/www.legifrance.gouv.fr\/jorf\/id\/JORFTEXT000049040245\">.gouv.fr\/jorf\/id\/JORFTEXT000049040245<\/a>, consult\u00e9 en f\u00e9vrier 2024.<\/p>\n\n\n\n<p class=\"has-small-font-size wp-block-paragraph\">Minist\u00e8re du travail, de la sant\u00e9 et des solidarit\u00e9s (n.d.). Protection de l\u2019enfance. Extrait du Minist\u00e8re du travail, de la sant\u00e9 et des solidarit\u00e9s \u00e0 <a href=\"https:\/\/sante.gouv.fr\/archives\/archives-affaires-sociales\/familles-enfance\/protection-de-l-enfance-10740\/#:~:text=Qu'est%252Dce%2520que%2520la,sa%2520moralit%25C3%25A9%2520et%2520son%2520%25C3%25A9ducation\" target=\"_blank\" rel=\"noreferrer noopener\">https:\/\/sante.gouv.fr\/archives\/archives-affaires-sociales\/familles-enfance\/protection-de-l-enfance-10740\/#:~:text=Qu&rsquo;est%2Dce%20que%20la,sa%20moralit%C3%A9%20et%20son%20%C3%A9ducation<\/a>, consult\u00e9 en f\u00e9vrier 2024.<\/p>\n\n\n\n<p class=\"has-small-font-size wp-block-paragraph\">Reporterre (2024, Janvier). Que changerait la \u201cpr\u00e9f\u00e9rence nationale\u201d induite par la loi immigration, Extrait de Reporterre \u00e0 <a href=\"https:\/\/reporterre.net\/IMG\/pdf\/rapport_nos_services_publics.pdf\" target=\"_blank\" rel=\"noreferrer noopener\">https:\/\/reporterre.net\/IMG\/pdf\/rapport_nos_services_publics.pdf<\/a>, consult\u00e9 en f\u00e9vrier 2024.<\/p>\n\n\n\n<p class=\"has-small-font-size wp-block-paragraph\">Secr\u00e9tariat g\u00e9n\u00e9ral des affaires europ\u00e9ennes (2022). Plan d\u2019action 2022-2030 pour la mise en \u0153uvre de la Recommandation (UE) 2021\/1004 du Conseil du 14 juin 2021 \u00e9tablissant une Garantie europ\u00e9enne pour l\u2019enfance<em>.<\/em> Extrait du Secr\u00e9tariat g\u00e9n\u00e9ral des affaires europ\u00e9ennes \u00e0&nbsp; <a href=\"https:\/\/www.cnape.fr\/documents\/secretariat-general-des-affaires-europeennes_-plan-daction-2022-2030-pour-la-mise-en-oeuvre-de-la-recommandation-ue-2021-1004-du-conseil-du-14-juin-2021-etablissant-une-garantie-europeenne\/\" target=\"_blank\" rel=\"noreferrer noopener\">https:\/\/www.cnape.fr\/documents\/secretariat-general-des-affaires-europeennes_-plan-daction-2022-2030-pour-la-mise-en-oeuvre-de-la-recommandation-ue-2021-1004-du-conseil-du-14-juin-2021-etablissant-une-garantie-europeenne\/<\/a>, consult\u00e9 en f\u00e9vrier 2024.<\/p>\n\n\n\n<p class=\"has-small-font-size wp-block-paragraph\">UNICEF (2022). Enfants pauvres en France. Extrait d\u2019UNICEF \u00e0 <a href=\"https:\/\/www.unicef.fr\/convention-droits-enfants\/inclusion-sociale\/enfants-pauvres-monde\/enfants-pauvres-france\/\" target=\"_blank\" rel=\"noreferrer noopener\">https:\/\/www.unicef.fr\/convention-droits-enfants\/inclusion-sociale\/enfants-pauvres-monde\/enfants-pauvres-france\/<\/a>, consult\u00e9 en f\u00e9vrier 2024.<\/p>\n\n\n\n<p class=\"has-small-font-size wp-block-paragraph\">UNICEF (2021). Lutte contre la pauvret\u00e9 : les enfants doivent \u00eatre au coeur des politiques, Extrait d\u2019UNICEF \u00e0 <a href=\"https:\/\/www.unicef.fr\/article\/la-garantie-pour-l-enfance-une-opportunite-pour-lutter-contre-la-pauvrete-des-enfants\/\" target=\"_blank\" rel=\"noreferrer noopener\">https:\/\/www.unicef.fr\/article\/la-garantie-pour-l-enfance-une-opportunite-pour-lutter-contre-la-pauvrete-des-enfants\/<\/a>, consult\u00e9 en f\u00e9vrier 2024.<\/p>\n\n\n\n<p class=\"has-small-font-size wp-block-paragraph\">UNICEF (n.d.). La pr\u00e9carit\u00e9. Extrait d\u2019UNICEF \u00e0 <a href=\"https:\/\/my.unicef.fr\/precarite\/\" target=\"_blank\" rel=\"noreferrer noopener\">https:\/\/my.unicef.fr\/precarite\/<\/a>, consult\u00e9 en f\u00e9vrier 2024.<\/p>\n\n\n\n<p class=\"has-small-font-size wp-block-paragraph\">UNICEF (n.d.). Les enfants migrants. Extrait d\u2019UNICEF \u00e0 <a href=\"https:\/\/my.unicef.fr\/enfants-migrants\/\" target=\"_blank\" rel=\"noreferrer noopener\">https:\/\/my.unicef.fr\/enfants-migrants\/<\/a>, consult\u00e9 en f\u00e9vrier 2024.<\/p>\n\n\n\n<p class=\"has-small-font-size wp-block-paragraph\">Vie publique (2024, Janvier 16). Protection de l\u2019enfance : de l\u2019aide aux familles \u00e0 la d\u00e9fense de l\u2019int\u00e9r\u00eat de l\u2019enfant. Extrait de Vie publique \u00e0 <a href=\"https:\/\/www.vie-publique.fr\/eclairage\/18716-protection-de-lenfance-comment-mieux-defendre-linteret-de-lenfant#:~:text=stock.adobe.com-,Protection%2520de%2520l'enfance%2520%253A%2520de%2520l'aide%2520aux%2520familles,l'int%25C3%25A9r%25C3%25AAt%2520de%2520l'enfant&amp;text=Deux%2520lois%2520\" target=\"_blank\" rel=\"noreferrer noopener\">https:\/\/www.vie-publique.fr\/eclairage\/18716-protection-de-lenfance-comment-mieux-defendre-linteret-de-lenfant#:~:text=stock.adobe.com-,Protection%20de%20l&rsquo;enfance%20%3A%20de%20l&rsquo;aide%20aux%20familles,l&rsquo;int%C3%A9r%C3%AAt%20de%20l&rsquo;enfant&amp;text=Deux%20lois%20<\/a>, consult\u00e9 en f\u00e9vrier 2024.<\/p>\n","protected":false},"excerpt":{"rendered":"<p>La France, pourtant consid\u00e9r\u00e9e en Europe comme \u00e9tant un pays riche et garant des droits humains, compte parmi elle de nombreuses personnes, plus particuli\u00e8rement des enfants, dans une pr\u00e9carit\u00e9 inqui\u00e9tante et menac\u00e9s d\u2019exclusion sociale au quotidien. Bien que les r\u00e9glementations europ\u00e9ennes et les engagements de la France tendent \u00e0 garantir les droits des enfants et [&hellip;]<\/p>\n","protected":false},"author":69,"featured_media":56710,"comment_status":"closed","ping_status":"closed","sticky":false,"template":"","format":"standard","meta":{"footnotes":""},"categories":[220,4,233,236,231,215],"tags":[],"class_list":["post-56707","post","type-post","status-publish","format-standard","has-post-thumbnail","hentry","category-droits-des-enfants","category-droits-humains","category-exploitation","category-migration","category-pauvrete","category-refugies"],"yoast_head":"<!-- This site is optimized with the Yoast SEO plugin v28.3 - https:\/\/yoast.com\/product\/yoast-seo-wordpress\/ -->\n<title>L\u2019exclusion sociale et la pauvret\u00e9 en France : une r\u00e9alit\u00e9 alarmante aggrav\u00e9e par la loi sur l\u2019immigration - Humanium<\/title>\n<meta name=\"description\" content=\"En France, une loi r\u00e9cente rend les enfants migrants plus vuln\u00e9rables, ce qui va \u00e0 l&#039;encontre de l&#039;engagement du pays \u00e0 pr\u00e9server leur bien-\u00eatre.\" \/>\n<meta name=\"robots\" content=\"index, follow, max-snippet:-1, max-image-preview:large, max-video-preview:-1\" \/>\n<link rel=\"canonical\" href=\"https:\/\/www.humanium.org\/fr\/lexclusion-sociale-et-la-pauvrete-en-france-une-realite-alarmante-aggravee-par-la-loi-sur-limmigration\/\" \/>\n<meta property=\"og:locale\" content=\"fr_FR\" \/>\n<meta property=\"og:type\" content=\"article\" \/>\n<meta property=\"og:title\" content=\"L\u2019exclusion sociale et la pauvret\u00e9 en France : une r\u00e9alit\u00e9 alarmante aggrav\u00e9e par la loi sur l\u2019immigration - Humanium\" \/>\n<meta property=\"og:description\" content=\"En France, une loi r\u00e9cente rend les enfants migrants plus vuln\u00e9rables, ce qui va \u00e0 l&#039;encontre de l&#039;engagement du pays \u00e0 pr\u00e9server leur bien-\u00eatre.\" \/>\n<meta property=\"og:url\" content=\"https:\/\/www.humanium.org\/fr\/lexclusion-sociale-et-la-pauvrete-en-france-une-realite-alarmante-aggravee-par-la-loi-sur-limmigration\/\" \/>\n<meta property=\"og:site_name\" content=\"Humanium\" \/>\n<meta property=\"article:published_time\" content=\"2024-03-26T18:36:07+00:00\" \/>\n<meta property=\"article:modified_time\" content=\"2026-08-21T03:19:39+00:00\" \/>\n<meta property=\"og:image\" content=\"https:\/\/www.humanium.org\/fr\/wp-content\/uploads\/2024\/03\/shutterstock_2397299381-scaled.jpg\" \/>\n\t<meta property=\"og:image:width\" content=\"2560\" \/>\n\t<meta property=\"og:image:height\" content=\"1707\" \/>\n\t<meta property=\"og:image:type\" content=\"image\/jpeg\" \/>\n<meta name=\"author\" content=\"Humanium\" \/>\n<meta name=\"twitter:card\" content=\"summary_large_image\" \/>\n<meta name=\"twitter:label1\" content=\"\u00c9crit par\" \/>\n\t<meta name=\"twitter:data1\" content=\"Humanium\" \/>\n\t<meta name=\"twitter:label2\" content=\"Dur\u00e9e de lecture estim\u00e9e\" \/>\n\t<meta name=\"twitter:data2\" content=\"10 minutes\" \/>\n<script type=\"application\/ld+json\" class=\"yoast-schema-graph\">{\"@context\":\"https:\\\/\\\/schema.org\",\"@graph\":[{\"@type\":\"Article\",\"@id\":\"https:\\\/\\\/www.humanium.org\\\/fr\\\/lexclusion-sociale-et-la-pauvrete-en-france-une-realite-alarmante-aggravee-par-la-loi-sur-limmigration\\\/#article\",\"isPartOf\":{\"@id\":\"https:\\\/\\\/www.humanium.org\\\/fr\\\/lexclusion-sociale-et-la-pauvrete-en-france-une-realite-alarmante-aggravee-par-la-loi-sur-limmigration\\\/\"},\"author\":{\"name\":\"Humanium\",\"@id\":\"https:\\\/\\\/www.humanium.org\\\/fr\\\/#\\\/schema\\\/person\\\/d798d6c7d59ba2307e0877f61a20ce3e\"},\"headline\":\"L\u2019exclusion sociale et la pauvret\u00e9 en France : une r\u00e9alit\u00e9 alarmante aggrav\u00e9e par la loi sur l\u2019immigration\",\"datePublished\":\"2024-03-26T18:36:07+00:00\",\"dateModified\":\"2026-08-21T03:19:39+00:00\",\"mainEntityOfPage\":{\"@id\":\"https:\\\/\\\/www.humanium.org\\\/fr\\\/lexclusion-sociale-et-la-pauvrete-en-france-une-realite-alarmante-aggravee-par-la-loi-sur-limmigration\\\/\"},\"wordCount\":2200,\"image\":{\"@id\":\"https:\\\/\\\/www.humanium.org\\\/fr\\\/lexclusion-sociale-et-la-pauvrete-en-france-une-realite-alarmante-aggravee-par-la-loi-sur-limmigration\\\/#primaryimage\"},\"thumbnailUrl\":\"https:\\\/\\\/www.humanium.org\\\/fr\\\/wp-content\\\/uploads\\\/2024\\\/03\\\/shutterstock_2397299381-scaled.jpg\",\"articleSection\":[\"Droits des enfants\",\"Droits humains\",\"Exploitation\",\"Migration\",\"Pauvret\u00e9\",\"R\u00e9fugi\u00e9s\"],\"inLanguage\":\"fr-FR\"},{\"@type\":\"WebPage\",\"@id\":\"https:\\\/\\\/www.humanium.org\\\/fr\\\/lexclusion-sociale-et-la-pauvrete-en-france-une-realite-alarmante-aggravee-par-la-loi-sur-limmigration\\\/\",\"url\":\"https:\\\/\\\/www.humanium.org\\\/fr\\\/lexclusion-sociale-et-la-pauvrete-en-france-une-realite-alarmante-aggravee-par-la-loi-sur-limmigration\\\/\",\"name\":\"L\u2019exclusion sociale et la pauvret\u00e9 en France : une r\u00e9alit\u00e9 alarmante aggrav\u00e9e par la loi sur l\u2019immigration - Humanium\",\"isPartOf\":{\"@id\":\"https:\\\/\\\/www.humanium.org\\\/fr\\\/#website\"},\"primaryImageOfPage\":{\"@id\":\"https:\\\/\\\/www.humanium.org\\\/fr\\\/lexclusion-sociale-et-la-pauvrete-en-france-une-realite-alarmante-aggravee-par-la-loi-sur-limmigration\\\/#primaryimage\"},\"image\":{\"@id\":\"https:\\\/\\\/www.humanium.org\\\/fr\\\/lexclusion-sociale-et-la-pauvrete-en-france-une-realite-alarmante-aggravee-par-la-loi-sur-limmigration\\\/#primaryimage\"},\"thumbnailUrl\":\"https:\\\/\\\/www.humanium.org\\\/fr\\\/wp-content\\\/uploads\\\/2024\\\/03\\\/shutterstock_2397299381-scaled.jpg\",\"datePublished\":\"2024-03-26T18:36:07+00:00\",\"dateModified\":\"2026-08-21T03:19:39+00:00\",\"author\":{\"@id\":\"https:\\\/\\\/www.humanium.org\\\/fr\\\/#\\\/schema\\\/person\\\/d798d6c7d59ba2307e0877f61a20ce3e\"},\"description\":\"En France, une loi r\u00e9cente rend les enfants migrants plus vuln\u00e9rables, ce qui va \u00e0 l'encontre de l'engagement du pays \u00e0 pr\u00e9server leur bien-\u00eatre.\",\"breadcrumb\":{\"@id\":\"https:\\\/\\\/www.humanium.org\\\/fr\\\/lexclusion-sociale-et-la-pauvrete-en-france-une-realite-alarmante-aggravee-par-la-loi-sur-limmigration\\\/#breadcrumb\"},\"inLanguage\":\"fr-FR\",\"potentialAction\":[{\"@type\":\"ReadAction\",\"target\":[\"https:\\\/\\\/www.humanium.org\\\/fr\\\/lexclusion-sociale-et-la-pauvrete-en-france-une-realite-alarmante-aggravee-par-la-loi-sur-limmigration\\\/\"]}]},{\"@type\":\"ImageObject\",\"inLanguage\":\"fr-FR\",\"@id\":\"https:\\\/\\\/www.humanium.org\\\/fr\\\/lexclusion-sociale-et-la-pauvrete-en-france-une-realite-alarmante-aggravee-par-la-loi-sur-limmigration\\\/#primaryimage\",\"url\":\"https:\\\/\\\/www.humanium.org\\\/fr\\\/wp-content\\\/uploads\\\/2024\\\/03\\\/shutterstock_2397299381-scaled.jpg\",\"contentUrl\":\"https:\\\/\\\/www.humanium.org\\\/fr\\\/wp-content\\\/uploads\\\/2024\\\/03\\\/shutterstock_2397299381-scaled.jpg\",\"width\":2560,\"height\":1707},{\"@type\":\"BreadcrumbList\",\"@id\":\"https:\\\/\\\/www.humanium.org\\\/fr\\\/lexclusion-sociale-et-la-pauvrete-en-france-une-realite-alarmante-aggravee-par-la-loi-sur-limmigration\\\/#breadcrumb\",\"itemListElement\":[{\"@type\":\"ListItem\",\"position\":1,\"name\":\"Home\",\"item\":\"https:\\\/\\\/www.humanium.org\\\/fr\\\/\"},{\"@type\":\"ListItem\",\"position\":2,\"name\":\"L\u2019exclusion sociale et la pauvret\u00e9 en France : une r\u00e9alit\u00e9 alarmante aggrav\u00e9e par la loi sur l\u2019immigration\"}]},{\"@type\":\"WebSite\",\"@id\":\"https:\\\/\\\/www.humanium.org\\\/fr\\\/#website\",\"url\":\"https:\\\/\\\/www.humanium.org\\\/fr\\\/\",\"name\":\"Humanium\",\"description\":\"Les enfants d\u2019abord !\",\"potentialAction\":[{\"@type\":\"SearchAction\",\"target\":{\"@type\":\"EntryPoint\",\"urlTemplate\":\"https:\\\/\\\/www.humanium.org\\\/fr\\\/?s={search_term_string}\"},\"query-input\":{\"@type\":\"PropertyValueSpecification\",\"valueRequired\":true,\"valueName\":\"search_term_string\"}}],\"inLanguage\":\"fr-FR\"},{\"@type\":\"Person\",\"@id\":\"https:\\\/\\\/www.humanium.org\\\/fr\\\/#\\\/schema\\\/person\\\/d798d6c7d59ba2307e0877f61a20ce3e\",\"name\":\"Humanium\",\"image\":{\"@type\":\"ImageObject\",\"inLanguage\":\"fr-FR\",\"@id\":\"https:\\\/\\\/secure.gravatar.com\\\/avatar\\\/22715e338d2fcc547e3a431c4738360d33fea2a4af458f865b2c3b22f1eaa51f?s=96&d=mm&r=g\",\"url\":\"https:\\\/\\\/secure.gravatar.com\\\/avatar\\\/22715e338d2fcc547e3a431c4738360d33fea2a4af458f865b2c3b22f1eaa51f?s=96&d=mm&r=g\",\"contentUrl\":\"https:\\\/\\\/secure.gravatar.com\\\/avatar\\\/22715e338d2fcc547e3a431c4738360d33fea2a4af458f865b2c3b22f1eaa51f?s=96&d=mm&r=g\",\"caption\":\"Humanium\"},\"url\":\"https:\\\/\\\/www.humanium.org\\\/fr\\\/author\\\/humanium\\\/\"}]}<\/script>\n<!-- \/ Yoast SEO plugin. -->","yoast_head_json":{"title":"L\u2019exclusion sociale et la pauvret\u00e9 en France : une r\u00e9alit\u00e9 alarmante aggrav\u00e9e par la loi sur l\u2019immigration - Humanium","description":"En France, une loi r\u00e9cente rend les enfants migrants plus vuln\u00e9rables, ce qui va \u00e0 l'encontre de l'engagement du pays \u00e0 pr\u00e9server leur bien-\u00eatre.","robots":{"index":"index","follow":"follow","max-snippet":"max-snippet:-1","max-image-preview":"max-image-preview:large","max-video-preview":"max-video-preview:-1"},"canonical":"https:\/\/www.humanium.org\/fr\/lexclusion-sociale-et-la-pauvrete-en-france-une-realite-alarmante-aggravee-par-la-loi-sur-limmigration\/","og_locale":"fr_FR","og_type":"article","og_title":"L\u2019exclusion sociale et la pauvret\u00e9 en France : une r\u00e9alit\u00e9 alarmante aggrav\u00e9e par la loi sur l\u2019immigration - Humanium","og_description":"En France, une loi r\u00e9cente rend les enfants migrants plus vuln\u00e9rables, ce qui va \u00e0 l'encontre de l'engagement du pays \u00e0 pr\u00e9server leur bien-\u00eatre.","og_url":"https:\/\/www.humanium.org\/fr\/lexclusion-sociale-et-la-pauvrete-en-france-une-realite-alarmante-aggravee-par-la-loi-sur-limmigration\/","og_site_name":"Humanium","article_published_time":"2024-03-26T18:36:07+00:00","article_modified_time":"2026-08-21T03:19:39+00:00","og_image":[{"width":2560,"height":1707,"url":"https:\/\/www.humanium.org\/fr\/wp-content\/uploads\/2024\/03\/shutterstock_2397299381-scaled.jpg","type":"image\/jpeg"}],"author":"Humanium","twitter_card":"summary_large_image","twitter_misc":{"\u00c9crit par":"Humanium","Dur\u00e9e de lecture estim\u00e9e":"10 minutes"},"schema":{"@context":"https:\/\/schema.org","@graph":[{"@type":"Article","@id":"https:\/\/www.humanium.org\/fr\/lexclusion-sociale-et-la-pauvrete-en-france-une-realite-alarmante-aggravee-par-la-loi-sur-limmigration\/#article","isPartOf":{"@id":"https:\/\/www.humanium.org\/fr\/lexclusion-sociale-et-la-pauvrete-en-france-une-realite-alarmante-aggravee-par-la-loi-sur-limmigration\/"},"author":{"name":"Humanium","@id":"https:\/\/www.humanium.org\/fr\/#\/schema\/person\/d798d6c7d59ba2307e0877f61a20ce3e"},"headline":"L\u2019exclusion sociale et la pauvret\u00e9 en France : une r\u00e9alit\u00e9 alarmante aggrav\u00e9e par la loi sur l\u2019immigration","datePublished":"2024-03-26T18:36:07+00:00","dateModified":"2026-08-21T03:19:39+00:00","mainEntityOfPage":{"@id":"https:\/\/www.humanium.org\/fr\/lexclusion-sociale-et-la-pauvrete-en-france-une-realite-alarmante-aggravee-par-la-loi-sur-limmigration\/"},"wordCount":2200,"image":{"@id":"https:\/\/www.humanium.org\/fr\/lexclusion-sociale-et-la-pauvrete-en-france-une-realite-alarmante-aggravee-par-la-loi-sur-limmigration\/#primaryimage"},"thumbnailUrl":"https:\/\/www.humanium.org\/fr\/wp-content\/uploads\/2024\/03\/shutterstock_2397299381-scaled.jpg","articleSection":["Droits des enfants","Droits humains","Exploitation","Migration","Pauvret\u00e9","R\u00e9fugi\u00e9s"],"inLanguage":"fr-FR"},{"@type":"WebPage","@id":"https:\/\/www.humanium.org\/fr\/lexclusion-sociale-et-la-pauvrete-en-france-une-realite-alarmante-aggravee-par-la-loi-sur-limmigration\/","url":"https:\/\/www.humanium.org\/fr\/lexclusion-sociale-et-la-pauvrete-en-france-une-realite-alarmante-aggravee-par-la-loi-sur-limmigration\/","name":"L\u2019exclusion sociale et la pauvret\u00e9 en France : une r\u00e9alit\u00e9 alarmante aggrav\u00e9e par la loi sur l\u2019immigration - Humanium","isPartOf":{"@id":"https:\/\/www.humanium.org\/fr\/#website"},"primaryImageOfPage":{"@id":"https:\/\/www.humanium.org\/fr\/lexclusion-sociale-et-la-pauvrete-en-france-une-realite-alarmante-aggravee-par-la-loi-sur-limmigration\/#primaryimage"},"image":{"@id":"https:\/\/www.humanium.org\/fr\/lexclusion-sociale-et-la-pauvrete-en-france-une-realite-alarmante-aggravee-par-la-loi-sur-limmigration\/#primaryimage"},"thumbnailUrl":"https:\/\/www.humanium.org\/fr\/wp-content\/uploads\/2024\/03\/shutterstock_2397299381-scaled.jpg","datePublished":"2024-03-26T18:36:07+00:00","dateModified":"2026-08-21T03:19:39+00:00","author":{"@id":"https:\/\/www.humanium.org\/fr\/#\/schema\/person\/d798d6c7d59ba2307e0877f61a20ce3e"},"description":"En France, une loi r\u00e9cente rend les enfants migrants plus vuln\u00e9rables, ce qui va \u00e0 l'encontre de l'engagement du pays \u00e0 pr\u00e9server leur bien-\u00eatre.","breadcrumb":{"@id":"https:\/\/www.humanium.org\/fr\/lexclusion-sociale-et-la-pauvrete-en-france-une-realite-alarmante-aggravee-par-la-loi-sur-limmigration\/#breadcrumb"},"inLanguage":"fr-FR","potentialAction":[{"@type":"ReadAction","target":["https:\/\/www.humanium.org\/fr\/lexclusion-sociale-et-la-pauvrete-en-france-une-realite-alarmante-aggravee-par-la-loi-sur-limmigration\/"]}]},{"@type":"ImageObject","inLanguage":"fr-FR","@id":"https:\/\/www.humanium.org\/fr\/lexclusion-sociale-et-la-pauvrete-en-france-une-realite-alarmante-aggravee-par-la-loi-sur-limmigration\/#primaryimage","url":"https:\/\/www.humanium.org\/fr\/wp-content\/uploads\/2024\/03\/shutterstock_2397299381-scaled.jpg","contentUrl":"https:\/\/www.humanium.org\/fr\/wp-content\/uploads\/2024\/03\/shutterstock_2397299381-scaled.jpg","width":2560,"height":1707},{"@type":"BreadcrumbList","@id":"https:\/\/www.humanium.org\/fr\/lexclusion-sociale-et-la-pauvrete-en-france-une-realite-alarmante-aggravee-par-la-loi-sur-limmigration\/#breadcrumb","itemListElement":[{"@type":"ListItem","position":1,"name":"Home","item":"https:\/\/www.humanium.org\/fr\/"},{"@type":"ListItem","position":2,"name":"L\u2019exclusion sociale et la pauvret\u00e9 en France : une r\u00e9alit\u00e9 alarmante aggrav\u00e9e par la loi sur l\u2019immigration"}]},{"@type":"WebSite","@id":"https:\/\/www.humanium.org\/fr\/#website","url":"https:\/\/www.humanium.org\/fr\/","name":"Humanium","description":"Les enfants d\u2019abord !","potentialAction":[{"@type":"SearchAction","target":{"@type":"EntryPoint","urlTemplate":"https:\/\/www.humanium.org\/fr\/?s={search_term_string}"},"query-input":{"@type":"PropertyValueSpecification","valueRequired":true,"valueName":"search_term_string"}}],"inLanguage":"fr-FR"},{"@type":"Person","@id":"https:\/\/www.humanium.org\/fr\/#\/schema\/person\/d798d6c7d59ba2307e0877f61a20ce3e","name":"Humanium","image":{"@type":"ImageObject","inLanguage":"fr-FR","@id":"https:\/\/secure.gravatar.com\/avatar\/22715e338d2fcc547e3a431c4738360d33fea2a4af458f865b2c3b22f1eaa51f?s=96&d=mm&r=g","url":"https:\/\/secure.gravatar.com\/avatar\/22715e338d2fcc547e3a431c4738360d33fea2a4af458f865b2c3b22f1eaa51f?s=96&d=mm&r=g","contentUrl":"https:\/\/secure.gravatar.com\/avatar\/22715e338d2fcc547e3a431c4738360d33fea2a4af458f865b2c3b22f1eaa51f?s=96&d=mm&r=g","caption":"Humanium"},"url":"https:\/\/www.humanium.org\/fr\/author\/humanium\/"}]}},"_links":{"self":[{"href":"https:\/\/www.humanium.org\/fr\/wp-json\/wp\/v2\/posts\/56707","targetHints":{"allow":["GET"]}}],"collection":[{"href":"https:\/\/www.humanium.org\/fr\/wp-json\/wp\/v2\/posts"}],"about":[{"href":"https:\/\/www.humanium.org\/fr\/wp-json\/wp\/v2\/types\/post"}],"author":[{"embeddable":true,"href":"https:\/\/www.humanium.org\/fr\/wp-json\/wp\/v2\/users\/69"}],"replies":[{"embeddable":true,"href":"https:\/\/www.humanium.org\/fr\/wp-json\/wp\/v2\/comments?post=56707"}],"version-history":[{"count":7,"href":"https:\/\/www.humanium.org\/fr\/wp-json\/wp\/v2\/posts\/56707\/revisions"}],"predecessor-version":[{"id":62638,"href":"https:\/\/www.humanium.org\/fr\/wp-json\/wp\/v2\/posts\/56707\/revisions\/62638"}],"wp:featuredmedia":[{"embeddable":true,"href":"https:\/\/www.humanium.org\/fr\/wp-json\/wp\/v2\/media\/56710"}],"wp:attachment":[{"href":"https:\/\/www.humanium.org\/fr\/wp-json\/wp\/v2\/media?parent=56707"}],"wp:term":[{"taxonomy":"category","embeddable":true,"href":"https:\/\/www.humanium.org\/fr\/wp-json\/wp\/v2\/categories?post=56707"},{"taxonomy":"post_tag","embeddable":true,"href":"https:\/\/www.humanium.org\/fr\/wp-json\/wp\/v2\/tags?post=56707"}],"curies":[{"name":"wp","href":"https:\/\/api.w.org\/{rel}","templated":true}]}}