{"id":56895,"date":"2024-04-30T13:52:20","date_gmt":"2024-04-30T13:52:20","guid":{"rendered":"https:\/\/www.humanium.org\/fr\/?p=56895"},"modified":"2026-08-21T03:22:58","modified_gmt":"2026-08-21T03:22:58","slug":"les-effets-nefastes-de-linstabilite-economique-mondiale-sur-les-enfants","status":"publish","type":"post","link":"https:\/\/www.humanium.org\/fr\/les-effets-nefastes-de-linstabilite-economique-mondiale-sur-les-enfants\/","title":{"rendered":"Les effets n\u00e9fastes de l\u2019instabilit\u00e9 \u00e9conomique mondiale sur les enfants"},"content":{"rendered":"\n<p class=\"wp-block-paragraph\"><strong>Dans le monde d&rsquo;aujourd&rsquo;hui, l&rsquo;instabilit\u00e9 \u00e9conomique, caract\u00e9ris\u00e9e par des fluctuations de l&#8217;emploi, des revenus et de la disponibilit\u00e9 des ressources, est devenue un ph\u00e9nom\u00e8ne courant. M\u00eame si les adultes sont les plus touch\u00e9s par les crises financi\u00e8res et les ralentissements \u00e9conomiques, les effets de cette instabilit\u00e9 vont bien au-del\u00e0 de leurs pr\u00e9occupations financi\u00e8res. En particulier, les enfants sont souvent les victimes silencieuses de l\u2019instabilit\u00e9 \u00e9conomique, subissant des effets durables et importants dans divers domaines de leur <\/strong><a href=\"https:\/\/www.humanium.org\/fr\/le-developpement-de-la-petite-enfance-la-fondation-pour-une-societe-durable-et-prospere\/\"><strong>d\u00e9veloppement<\/strong><\/a><strong>.<\/strong><\/p>\n\n\n\n<h2 class=\"wp-block-heading\"><strong>La vie de famille en premi\u00e8re ligne de bataille<\/strong><\/h2>\n\n\n\n<p class=\"wp-block-paragraph\">La volatilit\u00e9 \u00e9conomique mondiale a un effet consid\u00e9rable sur la dynamique, les relations et le bien-\u00eatre dans le cadre de la vie <a href=\"https:\/\/www.humanium.org\/fr\/famille-droits-enfant\/\">familiale<\/a>. Il est largement reconnu que les pr\u00e9occupations financi\u00e8res affectent les relations et envahissent la vie quotidienne, ce qui peut entra\u00eener des liens familiaux tendus et des tensions interpersonnelles accrues en p\u00e9riode de ralentissement \u00e9conomique (Conger et Donnellan, 2007).<\/p>\n\n\n\n<p class=\"wp-block-paragraph\">Les familles peuvent conna\u00eetre des niveaux accrus d\u2019inqui\u00e9tude, d\u2019insatisfaction et de conflits en raison de l\u2019incertitude concernant le logement, le travail et l\u2019argent, alors que les parents luttent pour subvenir aux besoins de leurs enfants face \u00e0 des difficult\u00e9s <a href=\"https:\/\/www.humanium.org\/fr\/enfants-pauvres\/\">financi\u00e8res<\/a>. Malheureusement, de nombreux mariages se brisent \u00e0 cause de changements financiers n\u00e9gatifs et de leurs cons\u00e9quences, et les enfants issus de ces familles perdent encore davantage leur sentiment de s\u00e9curit\u00e9.<\/p>\n\n\n\n<p class=\"wp-block-paragraph\">En outre, \u00e0 mesure que les familles s\u2019adaptent \u00e0 l\u2019\u00e9volution de la situation financi\u00e8re et n\u00e9gocient des dynamiques changeantes en mati\u00e8re de prestation de soins, de soutien de famille et de gestion du m\u00e9nage, l\u2019instabilit\u00e9 \u00e9conomique peut bouleverser les r\u00f4les et les attentes traditionnels en mati\u00e8re de <a href=\"https:\/\/www.humanium.org\/fr\/rose-pour-les-filles-bleu-pour-les-garcons-pourquoi-les-jouets-pour-enfants-ne-devraient-pas-etre-stereotypes\/\">genre<\/a> au sein des m\u00e9nages, ajoutant au stress et \u00e0 la discorde. Le stress et l\u2019incertitude associ\u00e9s aux difficult\u00e9s financi\u00e8res peuvent \u00e9galement exacerber l\u2019anxi\u00e9t\u00e9 et la d\u00e9pression des parents, compromettant la qualit\u00e9 des soins prodigu\u00e9s et le climat \u00e9motionnel au sein du foyer.<\/p>\n\n\n\n<h2 class=\"wp-block-heading\"><strong>De lourdes cons\u00e9quences sur la sant\u00e9 et le bien-\u00eatre des enfants<\/strong><\/h2>\n\n\n\n<p class=\"wp-block-paragraph\">Dans le contexte \u00e9conomique actuel, la sant\u00e9 et le bien-\u00eatre des enfants sont confront\u00e9s \u00e0 des d\u00e9fis importants, notamment en termes d&rsquo;acc\u00e8s aux services de sant\u00e9. La pression financi\u00e8re caus\u00e9e par la perte d\u2019emploi affecte la priorit\u00e9 accord\u00e9e aux examens m\u00e9dicaux r\u00e9guliers dans les budgets familiaux. Ce changement de priorit\u00e9s peut entra\u00eener des diagnostics tardifs de probl\u00e8mes de sant\u00e9 graves.<\/p>\n\n\n\n<p class=\"wp-block-paragraph\">En particulier dans des pays comme les <a href=\"https:\/\/www.humanium.org\/fr\/etats-unis\/\">\u00c9tats-Unis<\/a>, o\u00f9 la perte de l&#8217;emploi des parents entra\u00eene souvent la perte de l&rsquo;assurance maladie des enfants, les cons\u00e9quences sur la <a href=\"https:\/\/www.humanium.org\/fr\/comprendre-droits-enfant\/droit-a-la-sante\/\">sant\u00e9 des enfants<\/a> peuvent \u00eatre d\u00e9sastreuses (Fairbrother et al, 2010). Cette statistique est alarmante, d\u2019autant plus que pour 1 000 emplois perdus, 311 enfants assur\u00e9s par le secteur priv\u00e9 perdent leur couverture. Plus inqui\u00e9tant encore est que plus de 45 % des enfants les plus pauvres et les plus vuln\u00e9rables assur\u00e9s par le secteur priv\u00e9 ne sont plus assur\u00e9s dans de telles circonstances.<\/p>\n\n\n\n<p class=\"wp-block-paragraph\">Des recherches men\u00e9es par la <em>National Library of Medicine<\/em> (Biblioth\u00e8que nationale de m\u00e9decine) sur le d\u00e9veloppement des enfants am\u00e9ricains d&rsquo;\u00e2ge scolaire ont r\u00e9v\u00e9l\u00e9 l&rsquo;influence des difficult\u00e9s \u00e9conomiques sur le bien-\u00eatre des enfants. Plus pr\u00e9cis\u00e9ment, l&rsquo;\u00e9tude a soulign\u00e9 le lien entre les difficult\u00e9s \u00e9conomiques et un apport alimentaire inad\u00e9quat chez les enfants, se manifestant par des taux plus \u00e9lev\u00e9s de malnutrition, d&rsquo;ob\u00e9sit\u00e9 et de complications de sant\u00e9 associ\u00e9es (Alaimo et al. 2001).<\/p>\n\n\n\n<p class=\"wp-block-paragraph\">Une autre \u00e9tude men\u00e9e par la Biblioth\u00e8que nationale de m\u00e9decine \u00e0 Bangalore en Inde, a r\u00e9v\u00e9l\u00e9 que les enfants malnutris affichaient des performances m\u00e9diocres dans les fonctions cognitives telles que l&rsquo;attention, la m\u00e9moire de travail et l&rsquo;apprentissage verbal. Ces r\u00e9sultats mettent en \u00e9vidence la susceptibilit\u00e9 des fonctions cognitives aux effets de la malnutrition, en particulier dans les pays en d\u00e9veloppement comme <a href=\"https:\/\/www.humanium.org\/fr\/inde\/\">l&rsquo;Inde<\/a>, o\u00f9 on estime que 52 % des enfants souffrent de malnutrition (Kar et al, 2008).<\/p>\n\n\n\n<figure class=\"wp-block-image size-large\"><img loading=\"lazy\" decoding=\"async\" width=\"1024\" height=\"683\" src=\"https:\/\/www.humanium.org\/fr\/wp-content\/uploads\/2024\/04\/shutterstock_1946012116-1024x683.jpg\" alt=\"\" class=\"wp-image-56897\" srcset=\"https:\/\/www.humanium.org\/fr\/wp-content\/uploads\/2024\/04\/shutterstock_1946012116-1024x683.jpg 1024w, https:\/\/www.humanium.org\/fr\/wp-content\/uploads\/2024\/04\/shutterstock_1946012116-300x200.jpg 300w, https:\/\/www.humanium.org\/fr\/wp-content\/uploads\/2024\/04\/shutterstock_1946012116-768x513.jpg 768w, https:\/\/www.humanium.org\/fr\/wp-content\/uploads\/2024\/04\/shutterstock_1946012116-1536x1025.jpg 1536w, https:\/\/www.humanium.org\/fr\/wp-content\/uploads\/2024\/04\/shutterstock_1946012116-2048x1367.jpg 2048w, https:\/\/www.humanium.org\/fr\/wp-content\/uploads\/2024\/04\/shutterstock_1946012116-830x554.jpg 830w, https:\/\/www.humanium.org\/fr\/wp-content\/uploads\/2024\/04\/shutterstock_1946012116-230x154.jpg 230w, https:\/\/www.humanium.org\/fr\/wp-content\/uploads\/2024\/04\/shutterstock_1946012116-350x234.jpg 350w, https:\/\/www.humanium.org\/fr\/wp-content\/uploads\/2024\/04\/shutterstock_1946012116-480x320.jpg 480w, https:\/\/www.humanium.org\/fr\/wp-content\/uploads\/2024\/04\/shutterstock_1946012116-272x182.jpg 272w\" sizes=\"auto, (max-width: 1024px) 100vw, 1024px\" \/><\/figure>\n\n\n\n<h2 class=\"wp-block-heading\"><strong>L\u2019\u00e9ducation en danger<\/strong><\/h2>\n\n\n\n<p class=\"wp-block-paragraph\">L\u2019instabilit\u00e9 \u00e9conomique affecte consid\u00e9rablement <a href=\"https:\/\/www.humanium.org\/fr\/comprendre-droits-enfant\/droit-a-l-education\/\">l\u2019\u00e9ducation<\/a>, un aspect crucial du d\u00e9veloppement de l\u2019enfant. Les familles peuvent avoir besoin que leurs enfants travaillent pour subvenir \u00e0 leurs besoins, ce qui peut entra\u00eener une r\u00e9duction du temps et des ressources consacr\u00e9s \u00e0 la scolarit\u00e9 (Duncan et Magnuson, 2013). L&rsquo;Enqu\u00eate canadienne sur la dynamique du travail et du revenu montre \u00e9galement que la perte d&#8217;emploi des parents entra\u00eene une augmentation de la probabilit\u00e9 que les enfants abandonnent leurs \u00e9tudes secondaires et une diminution de la probabilit\u00e9 d&rsquo;entrer \u00e0 l&rsquo;universit\u00e9 (Kalil, 2009).<\/p>\n\n\n\n<p class=\"wp-block-paragraph\">Dans les r\u00e9gions confront\u00e9es \u00e0 l\u2019instabilit\u00e9 \u00e9conomique, les r\u00e9percussions sur l\u2019\u00e9ducation sont particuli\u00e8rement graves. Par exemple, le secteur \u00e9ducatif du <a href=\"https:\/\/www.humanium.org\/fr\/sri-lanka\/\">Sri Lanka<\/a> est aux prises avec des d\u00e9fis depuis des ann\u00e9es. La situation s\u2019est aggrav\u00e9e avec les fermetures d\u2019\u00e9coles li\u00e9es \u00e0 la pand\u00e9mie au plus fort de la pand\u00e9mie en 2020 et les p\u00e9nuries de carburant qui ont suivi en 2022. <\/p>\n\n\n\n<p class=\"wp-block-paragraph\">La hausse des prix des denr\u00e9es alimentaires a encore entrav\u00e9 la fr\u00e9quentation scolaire, obligeant souvent les enfants \u00e0 manquer les cours \u00e0 cause de la faim. En cons\u00e9quence, la nutrition des enfants au Sri Lanka a r\u00e9gress\u00e9, avec pr\u00e8s de 43 % des enfants de moins de cinq ans souffrant de d\u00e9nutrition (Levi, 2023).<\/p>\n\n\n\n<h2 class=\"wp-block-heading\"><strong>Perturbations dans le d\u00e9veloppement psychosocial global<\/strong><\/h2>\n\n\n\n<p class=\"wp-block-paragraph\">Un environnement <a href=\"https:\/\/www.humanium.org\/fr\/famille-droits-enfant\/\">familial<\/a> stable et des liens sociaux sains sont essentiels \u00e0 la croissance psychosociale. Certains enfants d\u00e9veloppent un fort sentiment de culpabilit\u00e9 et d\u2019embarras parce qu\u2019ils ne peuvent pas aider \u00e0 all\u00e9ger le fardeau que portent les adultes de leur famille et qu\u2019ils g\u00e8rent de mani\u00e8re plus ou moins saine (Abrams, 2023). Par cons\u00e9quent, ils peuvent se sentir oblig\u00e9s d\u2019abandonner leurs \u00e9tudes et de chercher un emploi pour aider \u00e0 subvenir aux besoins de leur famille, sacrifiant ainsi leur <a href=\"https:\/\/www.humanium.org\/fr\/comprendre-droits-enfant\/droit-a-l-education\/\">\u00e9ducation.<\/a><\/p>\n\n\n\n<p class=\"wp-block-paragraph\">Les chocs \u00e9conomiques dans les pays en d\u00e9veloppement comme <a href=\"https:\/\/www.humanium.org\/fr\/guatemala\/\">le Guatemala<\/a>, la Tanzanie et l&rsquo;Argentine ont entra\u00een\u00e9 des changements dans la participation des enfants au travail. Lorsque les m\u00e9nages sont confront\u00e9s \u00e0 des pertes soudaines de revenus, les parents r\u00e9duisent souvent la fr\u00e9quentation scolaire \u00e0 temps plein de leurs enfants tout en augmentant leur participation aux activit\u00e9s \u00e9conomiques. Cependant, environ les deux tiers de ces enfants qui travaillent parviennent toujours \u00e0 fr\u00e9quenter l&rsquo;\u00e9cole (Koseleci &amp; Rosati, 2009).<\/p>\n\n\n\n<p class=\"wp-block-paragraph\">Dans des pays comme le <a href=\"https:\/\/www.humanium.org\/fr\/liban\/\">Liban<\/a>, l\u2019\u00e9conomie est aux prises avec un effondrement significatif, marqu\u00e9 par une d\u00e9valuation de la monnaie de plus de 90%. Cette crise, comparable \u00e0 certaines des plus graves de l\u2019histoire mondiale depuis les ann\u00e9es 1850, a eu pour r\u00e9sultat qu\u2019environ quatre millions de personnes ont eu besoin d\u2019une aide humanitaire selon les donn\u00e9es de 2023 (Lenarcic, 2023). En cons\u00e9quence, de nombreux enfants sont confront\u00e9s \u00e0 des niveaux d\u2019ins\u00e9curit\u00e9 alimentaire sans pr\u00e9c\u00e9dent, aggravant une crise alimentaire d\u00e9j\u00e0 grave \u00e0 l\u2019\u00e9chelle nationale (Save the Children, 2022).<\/p>\n\n\n\n<h2 class=\"wp-block-heading\"><strong>Soutenir le d\u00e9veloppement sain des enfants en p\u00e9riode de turbulence \u00e9conomique<\/strong><\/h2>\n\n\n\n<p class=\"wp-block-paragraph\">Les gouvernements jouent un r\u00f4le essentiel pour garantir la s\u00e9curit\u00e9 g\u00e9n\u00e9rale des enfants et r\u00e9duire les cons\u00e9quences n\u00e9gatives des troubles financiers en p\u00e9riode d&rsquo;instabilit\u00e9 \u00e9conomique mondiale. Premi\u00e8rement, les gouvernements peuvent mettre en place de vastes programmes de protection sociale pour aider les enfants et les familles dans le besoin qui \u00e9prouvent des <a href=\"https:\/\/www.humanium.org\/fr\/enfants-pauvres\/\">difficult\u00e9s<\/a> financi\u00e8res. Cela inclut des programmes tels que des programmes d\u2019aide <a href=\"https:\/\/www.humanium.org\/fr\/comprendre-droits-enfant\/droit-a-l-alimentation\/\">alimentaire,<\/a> des programmes de transferts mon\u00e9taires et des services de sant\u00e9 subventionn\u00e9s.<\/p>\n\n\n\n<p class=\"wp-block-paragraph\">Afin de s&rsquo;attaquer aux causes sous-jacentes de l&rsquo;instabilit\u00e9 \u00e9conomique et de r\u00e9duire la pr\u00e9valence de la <a href=\"https:\/\/www.humanium.org\/fr\/enfants-pauvres\/\">pauvret\u00e9<\/a> et des in\u00e9galit\u00e9s, qui sont des facteurs importants influen\u00e7ant le bien-\u00eatre des enfants, les gouvernements devraient \u00e9galement investir dans des politiques qui soutiennent la cr\u00e9ation d&#8217;emplois, la croissance \u00e9conomique et l&rsquo;\u00e9quit\u00e9 sociale (Stevenson &amp; Wolfers, 2008).<\/p>\n\n\n\n<p class=\"wp-block-paragraph\">Gr\u00e2ce \u00e0 des interventions cibl\u00e9es et des services de soutien, les ONG et les groupes humanitaires jouent \u00e9galement un r\u00f4le essentiel dans la sauvegarde du <a href=\"https:\/\/www.humanium.org\/fr\/le-bien-etre-mental-des-enfants\/\">bien-\u00eatre g\u00e9n\u00e9ral<\/a> des enfants en p\u00e9riode de difficult\u00e9s \u00e9conomiques. Ces groupes peuvent apporter un soutien imm\u00e9diat aux enfants et aux familles dans le besoin en leur donnant acc\u00e8s \u00e0 des ressources en mati\u00e8re d\u2019\u00e9ducation, de soins de sant\u00e9, de nourriture et d\u2019h\u00e9bergement.<\/p>\n\n\n\n<figure class=\"wp-block-image size-large\"><img loading=\"lazy\" decoding=\"async\" width=\"1024\" height=\"682\" src=\"https:\/\/www.humanium.org\/fr\/wp-content\/uploads\/2024\/04\/shutterstock_1605062005-1024x682.jpg\" alt=\"\" class=\"wp-image-56896\" srcset=\"https:\/\/www.humanium.org\/fr\/wp-content\/uploads\/2024\/04\/shutterstock_1605062005-1024x682.jpg 1024w, https:\/\/www.humanium.org\/fr\/wp-content\/uploads\/2024\/04\/shutterstock_1605062005-300x200.jpg 300w, https:\/\/www.humanium.org\/fr\/wp-content\/uploads\/2024\/04\/shutterstock_1605062005-768x512.jpg 768w, https:\/\/www.humanium.org\/fr\/wp-content\/uploads\/2024\/04\/shutterstock_1605062005-1536x1024.jpg 1536w, https:\/\/www.humanium.org\/fr\/wp-content\/uploads\/2024\/04\/shutterstock_1605062005-2048x1365.jpg 2048w, https:\/\/www.humanium.org\/fr\/wp-content\/uploads\/2024\/04\/shutterstock_1605062005-830x553.jpg 830w, https:\/\/www.humanium.org\/fr\/wp-content\/uploads\/2024\/04\/shutterstock_1605062005-230x153.jpg 230w, https:\/\/www.humanium.org\/fr\/wp-content\/uploads\/2024\/04\/shutterstock_1605062005-350x233.jpg 350w, https:\/\/www.humanium.org\/fr\/wp-content\/uploads\/2024\/04\/shutterstock_1605062005-480x320.jpg 480w, https:\/\/www.humanium.org\/fr\/wp-content\/uploads\/2024\/04\/shutterstock_1605062005-272x182.jpg 272w\" sizes=\"auto, (max-width: 1024px) 100vw, 1024px\" \/><\/figure>\n\n\n\n<p class=\"wp-block-paragraph\">Comme dans le cas d\u2019autres types de crises, la r\u00e9ponse de chacun d\u2019entre nous, en tant qu\u2019individus et en tant que soci\u00e9t\u00e9, affecte dans une large mesure les r\u00e9sultats des crises. Dans cet esprit, nous vous encourageons \u00e0 envisager de parrainer un enfant, de faire un don ou de faire du b\u00e9n\u00e9volat avec Humanium si vous souhaitez soutenir notre cause d&rsquo;aide aux enfants du monde entier.<\/p>\n\n\n\n<p class=\"wp-block-paragraph\"><em><strong>R\u00e9dig\u00e9 par Zelika Mazinjanin<\/strong><\/em><\/p>\n\n\n\n<p class=\"wp-block-paragraph\"><em><strong>Traduction par Vandana Koonjal<\/strong><\/em><\/p>\n\n\n\n<p class=\"wp-block-paragraph\"><em><strong>Relu par Victoria Ma\u00eetre Headdon<\/strong><\/em><\/p>\n\n\n\n<h4 class=\"wp-block-heading\"><strong>Bibliographie:<\/strong><\/h4>\n\n\n\n<p class=\"has-small-font-size wp-block-paragraph\">Abrams Z. (2023),<strong> <\/strong>Are your kids stressed about family finances? Psychologists offer answers for addressing anxiety over tight budgets. Retrieved from American Psychological Association, available at <a href=\"https:\/\/www.apa.org\/topics\/money\/family-financial-strain\" target=\"_blank\" rel=\"noreferrer noopener\">https:\/\/www.apa.org\/topics\/money\/family-financial-strain<\/a>, accessed on March 25, 2024.<\/p>\n\n\n\n<p class=\"has-small-font-size wp-block-paragraph\">Alaimo, K. et al. (2001). Food insufficiency and American school-aged children&rsquo;s cognitive, academic, and psychosocial development. Retrieved from National Library of Medicine, available at <a href=\"https:\/\/pubmed.ncbi.nlm.nih.gov\/11433053\/\" target=\"_blank\" rel=\"noreferrer noopener\">https:\/\/pubmed.ncbi.nlm.nih.gov\/11433053\/<\/a>, accessed on March 25, 2024.<\/p>\n\n\n\n<p class=\"has-small-font-size wp-block-paragraph\">Conger, R. D., &amp; Donnellan, M. B. (2007). An interactionist perspective on the socioeconomic context of human development. Retrieved from Research Gate, available at <a href=\"https:\/\/www.researchgate.net\/publication\/6883228_An_Interactionist_Perspective_on_the_Socioeconomic_Context_of_Human_Development\" target=\"_blank\" rel=\"noreferrer noopener\">https:\/\/www.researchgate.net\/publication\/6883228_An_Interactionist_Perspective_on_the_Socioeconomic_Context_of_Human_Development<\/a>, accessed on March 25, 2024.<\/p>\n\n\n\n<p class=\"has-small-font-size wp-block-paragraph\">Duncan, G. J. &amp; Magnuson, K. (2013), Investing in preschool programs. Retrieved from Journal of Economic Perspectives, available at&nbsp; <a href=\"https:\/\/pubs.aeaweb.org\/doi\/pdfplus\/10.1257\/jep.27.2.109\" target=\"_blank\" rel=\"noreferrer noopener\">https:\/\/pubs.aeaweb.org\/doi\/pdfplus\/10.1257\/jep.27.2.109<\/a>, accessed on March 25, 2024.<\/p>\n\n\n\n<p class=\"has-small-font-size wp-block-paragraph\">Fairbrother et al (2010), The impact of parental job loss on children&rsquo;s health insurance coverage. Retrieved from National Library of Medicine, available at <a href=\"https:\/\/pubmed.ncbi.nlm.nih.gov\/20606186\/\" target=\"_blank\" rel=\"noreferrer noopener\">https:\/\/pubmed.ncbi.nlm.nih.gov\/20606186\/<\/a>, accessed on March 25, 2024.<\/p>\n\n\n\n<p class=\"has-small-font-size wp-block-paragraph\">Kalil A.&nbsp; (2009).&nbsp; Joblessness, family relations and children&rsquo;s development. Retrieved from Australian Institute of Family Studies, available at <a href=\"https:\/\/aifs.gov.au\/research\/family-matters\/no-83\/joblessness-family-relations-and-childrens-development\" target=\"_blank\" rel=\"noreferrer noopener\">https:\/\/aifs.gov.au\/research\/family-matters\/no-83\/joblessness-family-relations-and-childrens-development<\/a>, accessed on March 25, 2024.<\/p>\n\n\n\n<p class=\"has-small-font-size wp-block-paragraph\">Kar et al (2008), Cognitive development in children with chronic protein energy malnutrition. Retrieved from National Library of Medicine, available at&nbsp; <a href=\"https:\/\/www.ncbi.nlm.nih.gov\/pmc\/articles\/PMC2519065\/\" target=\"_blank\" rel=\"noreferrer noopener\">https:\/\/www.ncbi.nlm.nih.gov\/pmc\/articles\/PMC2519065\/<\/a><strong>, <\/strong>accessed on March 25, 2024.<\/p>\n\n\n\n<p class=\"has-small-font-size wp-block-paragraph\">Koseleci N. &amp; Rosati C. F. (2009), Child labour and the global financial crisis: an issues paper. Retrieved from The World Bank available at <a href=\"https:\/\/documents.worldbank.org\/en\/publication\/documents-reports\/documentdetail\/962861468333263892\/child-labour-and-the-global-financial-crisis-an-issues-paper\" target=\"_blank\" rel=\"noreferrer noopener\">https:\/\/documents.worldbank.org\/en\/publication\/documents-reports\/documentdetail\/962861468333263892\/child-labour-and-the-global-financial-crisis-an-issues-paper<\/a>, accessed on April 1, 2024.<\/p>\n\n\n\n<p class=\"has-small-font-size wp-block-paragraph\">Lenarcic, J. (2023), Lebanon: \u20ac60 million in humanitarian aid for the most vulnerable. Retrieved from European Neighbourhood Policy and Enlargement Negotiations (DG NEAR), available at <a href=\"https:\/\/neighbourhood-enlargement.ec.europa.eu\/news\/lebanon-eu60-million-humanitarian-aid-most-vulnerable-2023-03-30_en\" target=\"_blank\" rel=\"noreferrer noopener\">https:\/\/neighbourhood-enlargement.ec.europa.eu\/news\/lebanon-eu60-million-humanitarian-aid-most-vulnerable-2023-03-30_en<\/a>, accessed on April 2, 2024.<\/p>\n\n\n\n<p class=\"has-small-font-size wp-block-paragraph\">Levi K. T. (2023), Think of the children in Sri Lanka\u2019s economic crisis. Retrieved from East Asia Forum available at <a href=\"https:\/\/eastasiaforum.org\/2023\/07\/19\/think-of-the-children-in-sri-lankas-economic-crisis\/\" target=\"_blank\" rel=\"noreferrer noopener\">https:\/\/eastasiaforum.org\/2023\/07\/19\/think-of-the-children-in-sri-lankas-economic-crisis\/<\/a>, accessed on April 1, 2024.<\/p>\n\n\n\n<p class=\"has-small-font-size wp-block-paragraph\">ReliefWeb (2021),&nbsp; Violent Beginnings: Children growing up in Lebanon\u2019s crisis December 2021. Retrieved from ReliefWeb, available at <a href=\"https:\/\/reliefweb.int\/report\/lebanon\/violent-beginnings-children-growing-lebanon-s-crisis-december-2021-enar\" target=\"_blank\" rel=\"noreferrer noopener\">https:\/\/reliefweb.int\/report\/lebanon\/violent-beginnings-children-growing-lebanon-s-crisis-december-2021-enar<\/a>, accessed on April 1, 2024.<\/p>\n\n\n\n<p class=\"has-small-font-size wp-block-paragraph\">Save the Children (2022), Lebanon\u2019s economic crisis \u2018spirals out of control\u2019, pushing children further into hunger in 2022, Save the Children warns. Retrieved from Save the Children at, available at <a href=\"https:\/\/www.savethechildren.net\/news\/lebanon-s-economic-crisis-spirals-out-control-pushing-children-further-hunger-2022-save\">https:\/\/www.savethechildren.net\/<\/a><a href=\"https:\/\/www.savethechildren.net\/news\/lebanon-s-economic-crisis-spirals-out-control-pushing-children-further-hunger-2022-save\" target=\"_blank\" rel=\"noreferrer noopener\">news<\/a><a href=\"https:\/\/www.savethechildren.net\/news\/lebanon-s-economic-crisis-spirals-out-control-pushing-children-further-hunger-2022-save\">\/lebanon-s-economic-crisis-spirals-out-control-pushing-children-further-hunger-2022-save<\/a>, accessed on April 2, 2024.<\/p>\n\n\n\n<p class=\"has-small-font-size wp-block-paragraph\">Stevenson B. &amp; Wolfers J. (2008), Economic growth and subjective well-being: reassessing the easterlin paradox. Retrieved from the National Bureau of Economic Research, available at <a href=\"https:\/\/www.nber.org\/system\/files\/working_papers\/w14282\/w14282.pdf\" target=\"_blank\" rel=\"noreferrer noopener\">https:\/\/www.nber.org\/system\/files\/working_papers\/w14282\/w14282.pdf<\/a>, accessed on March 25, 2024.<\/p>\n\n\n\n<p class=\"has-small-font-size wp-block-paragraph\">Usher A. (2012), Student Motivation\u2014 An Overlooked Piece of School Reform. retrieved from Centre on Education Policy, available at <a href=\"https:\/\/files.eric.ed.gov\/fulltext\/ED532666.pdf\" target=\"_blank\" rel=\"noreferrer noopener\">https:\/\/files.eric.ed.gov\/fulltext\/ED532666.pdf<\/a>, accessed on March 25, 2024.<\/p>\n","protected":false},"excerpt":{"rendered":"<p>Dans le monde d&rsquo;aujourd&rsquo;hui, l&rsquo;instabilit\u00e9 \u00e9conomique, caract\u00e9ris\u00e9e par des fluctuations de l&#8217;emploi, des revenus et de la disponibilit\u00e9 des ressources, est devenue un ph\u00e9nom\u00e8ne courant. M\u00eame si les adultes sont les plus touch\u00e9s par les crises financi\u00e8res et les ralentissements \u00e9conomiques, les effets de cette instabilit\u00e9 vont bien au-del\u00e0 de leurs pr\u00e9occupations financi\u00e8res. En particulier, [&hellip;]<\/p>\n","protected":false},"author":69,"featured_media":56898,"comment_status":"closed","ping_status":"closed","sticky":false,"template":"","format":"standard","meta":{"footnotes":""},"categories":[220,5,231,10,234],"tags":[],"class_list":["post-56895","post","type-post","status-publish","format-standard","has-post-thumbnail","hentry","category-droits-des-enfants","category-education","category-pauvrete","category-sante","category-travail"],"yoast_head":"<!-- This site is optimized with the Yoast SEO plugin v28.3 - https:\/\/yoast.com\/product\/yoast-seo-wordpress\/ -->\n<title>Les effets n\u00e9fastes de l\u2019instabilit\u00e9 \u00e9conomique mondiale sur les enfants - Humanium<\/title>\n<meta name=\"description\" content=\"Les enfants sont les victimes silencieuses de l&#039;instabilit\u00e9 \u00e9conomique et subissent des effets durables dans divers domaines de leur d\u00e9veloppement.\" \/>\n<meta name=\"robots\" content=\"index, follow, max-snippet:-1, max-image-preview:large, max-video-preview:-1\" \/>\n<link rel=\"canonical\" href=\"https:\/\/www.humanium.org\/fr\/les-effets-nefastes-de-linstabilite-economique-mondiale-sur-les-enfants\/\" \/>\n<meta property=\"og:locale\" content=\"fr_FR\" \/>\n<meta property=\"og:type\" content=\"article\" \/>\n<meta property=\"og:title\" content=\"Les effets n\u00e9fastes de l\u2019instabilit\u00e9 \u00e9conomique mondiale sur les enfants - Humanium\" \/>\n<meta property=\"og:description\" content=\"Les enfants sont les victimes silencieuses de l&#039;instabilit\u00e9 \u00e9conomique et subissent des effets durables dans divers domaines de leur d\u00e9veloppement.\" \/>\n<meta property=\"og:url\" content=\"https:\/\/www.humanium.org\/fr\/les-effets-nefastes-de-linstabilite-economique-mondiale-sur-les-enfants\/\" \/>\n<meta property=\"og:site_name\" content=\"Humanium\" \/>\n<meta property=\"article:published_time\" content=\"2024-04-30T13:52:20+00:00\" \/>\n<meta property=\"article:modified_time\" content=\"2026-08-21T03:22:58+00:00\" \/>\n<meta property=\"og:image\" content=\"https:\/\/www.humanium.org\/fr\/wp-content\/uploads\/2024\/04\/shutterstock_1474015616-scaled.jpg\" \/>\n\t<meta property=\"og:image:width\" content=\"2560\" \/>\n\t<meta property=\"og:image:height\" content=\"1485\" \/>\n\t<meta property=\"og:image:type\" content=\"image\/jpeg\" \/>\n<meta name=\"author\" content=\"Humanium\" \/>\n<meta name=\"twitter:card\" content=\"summary_large_image\" \/>\n<meta name=\"twitter:label1\" content=\"\u00c9crit par\" \/>\n\t<meta name=\"twitter:data1\" content=\"Humanium\" \/>\n\t<meta name=\"twitter:label2\" content=\"Dur\u00e9e de lecture estim\u00e9e\" \/>\n\t<meta name=\"twitter:data2\" content=\"10 minutes\" \/>\n<script type=\"application\/ld+json\" class=\"yoast-schema-graph\">{\"@context\":\"https:\\\/\\\/schema.org\",\"@graph\":[{\"@type\":\"Article\",\"@id\":\"https:\\\/\\\/www.humanium.org\\\/fr\\\/les-effets-nefastes-de-linstabilite-economique-mondiale-sur-les-enfants\\\/#article\",\"isPartOf\":{\"@id\":\"https:\\\/\\\/www.humanium.org\\\/fr\\\/les-effets-nefastes-de-linstabilite-economique-mondiale-sur-les-enfants\\\/\"},\"author\":{\"name\":\"Humanium\",\"@id\":\"https:\\\/\\\/www.humanium.org\\\/fr\\\/#\\\/schema\\\/person\\\/d798d6c7d59ba2307e0877f61a20ce3e\"},\"headline\":\"Les effets n\u00e9fastes de l\u2019instabilit\u00e9 \u00e9conomique mondiale sur les enfants\",\"datePublished\":\"2024-04-30T13:52:20+00:00\",\"dateModified\":\"2026-08-21T03:22:58+00:00\",\"mainEntityOfPage\":{\"@id\":\"https:\\\/\\\/www.humanium.org\\\/fr\\\/les-effets-nefastes-de-linstabilite-economique-mondiale-sur-les-enfants\\\/\"},\"wordCount\":1998,\"image\":{\"@id\":\"https:\\\/\\\/www.humanium.org\\\/fr\\\/les-effets-nefastes-de-linstabilite-economique-mondiale-sur-les-enfants\\\/#primaryimage\"},\"thumbnailUrl\":\"https:\\\/\\\/www.humanium.org\\\/fr\\\/wp-content\\\/uploads\\\/2024\\\/04\\\/shutterstock_1474015616-scaled.jpg\",\"articleSection\":[\"Droits des enfants\",\"Education\",\"Pauvret\u00e9\",\"Sant\u00e9\",\"Travail\"],\"inLanguage\":\"fr-FR\"},{\"@type\":\"WebPage\",\"@id\":\"https:\\\/\\\/www.humanium.org\\\/fr\\\/les-effets-nefastes-de-linstabilite-economique-mondiale-sur-les-enfants\\\/\",\"url\":\"https:\\\/\\\/www.humanium.org\\\/fr\\\/les-effets-nefastes-de-linstabilite-economique-mondiale-sur-les-enfants\\\/\",\"name\":\"Les effets n\u00e9fastes de l\u2019instabilit\u00e9 \u00e9conomique mondiale sur les enfants - Humanium\",\"isPartOf\":{\"@id\":\"https:\\\/\\\/www.humanium.org\\\/fr\\\/#website\"},\"primaryImageOfPage\":{\"@id\":\"https:\\\/\\\/www.humanium.org\\\/fr\\\/les-effets-nefastes-de-linstabilite-economique-mondiale-sur-les-enfants\\\/#primaryimage\"},\"image\":{\"@id\":\"https:\\\/\\\/www.humanium.org\\\/fr\\\/les-effets-nefastes-de-linstabilite-economique-mondiale-sur-les-enfants\\\/#primaryimage\"},\"thumbnailUrl\":\"https:\\\/\\\/www.humanium.org\\\/fr\\\/wp-content\\\/uploads\\\/2024\\\/04\\\/shutterstock_1474015616-scaled.jpg\",\"datePublished\":\"2024-04-30T13:52:20+00:00\",\"dateModified\":\"2026-08-21T03:22:58+00:00\",\"author\":{\"@id\":\"https:\\\/\\\/www.humanium.org\\\/fr\\\/#\\\/schema\\\/person\\\/d798d6c7d59ba2307e0877f61a20ce3e\"},\"description\":\"Les enfants sont les victimes silencieuses de l'instabilit\u00e9 \u00e9conomique et subissent des effets durables dans divers domaines de leur d\u00e9veloppement.\",\"breadcrumb\":{\"@id\":\"https:\\\/\\\/www.humanium.org\\\/fr\\\/les-effets-nefastes-de-linstabilite-economique-mondiale-sur-les-enfants\\\/#breadcrumb\"},\"inLanguage\":\"fr-FR\",\"potentialAction\":[{\"@type\":\"ReadAction\",\"target\":[\"https:\\\/\\\/www.humanium.org\\\/fr\\\/les-effets-nefastes-de-linstabilite-economique-mondiale-sur-les-enfants\\\/\"]}]},{\"@type\":\"ImageObject\",\"inLanguage\":\"fr-FR\",\"@id\":\"https:\\\/\\\/www.humanium.org\\\/fr\\\/les-effets-nefastes-de-linstabilite-economique-mondiale-sur-les-enfants\\\/#primaryimage\",\"url\":\"https:\\\/\\\/www.humanium.org\\\/fr\\\/wp-content\\\/uploads\\\/2024\\\/04\\\/shutterstock_1474015616-scaled.jpg\",\"contentUrl\":\"https:\\\/\\\/www.humanium.org\\\/fr\\\/wp-content\\\/uploads\\\/2024\\\/04\\\/shutterstock_1474015616-scaled.jpg\",\"width\":2560,\"height\":1485},{\"@type\":\"BreadcrumbList\",\"@id\":\"https:\\\/\\\/www.humanium.org\\\/fr\\\/les-effets-nefastes-de-linstabilite-economique-mondiale-sur-les-enfants\\\/#breadcrumb\",\"itemListElement\":[{\"@type\":\"ListItem\",\"position\":1,\"name\":\"Home\",\"item\":\"https:\\\/\\\/www.humanium.org\\\/fr\\\/\"},{\"@type\":\"ListItem\",\"position\":2,\"name\":\"Les effets n\u00e9fastes de l\u2019instabilit\u00e9 \u00e9conomique mondiale sur les enfants\"}]},{\"@type\":\"WebSite\",\"@id\":\"https:\\\/\\\/www.humanium.org\\\/fr\\\/#website\",\"url\":\"https:\\\/\\\/www.humanium.org\\\/fr\\\/\",\"name\":\"Humanium\",\"description\":\"Les enfants d\u2019abord !\",\"potentialAction\":[{\"@type\":\"SearchAction\",\"target\":{\"@type\":\"EntryPoint\",\"urlTemplate\":\"https:\\\/\\\/www.humanium.org\\\/fr\\\/?s={search_term_string}\"},\"query-input\":{\"@type\":\"PropertyValueSpecification\",\"valueRequired\":true,\"valueName\":\"search_term_string\"}}],\"inLanguage\":\"fr-FR\"},{\"@type\":\"Person\",\"@id\":\"https:\\\/\\\/www.humanium.org\\\/fr\\\/#\\\/schema\\\/person\\\/d798d6c7d59ba2307e0877f61a20ce3e\",\"name\":\"Humanium\",\"image\":{\"@type\":\"ImageObject\",\"inLanguage\":\"fr-FR\",\"@id\":\"https:\\\/\\\/secure.gravatar.com\\\/avatar\\\/22715e338d2fcc547e3a431c4738360d33fea2a4af458f865b2c3b22f1eaa51f?s=96&d=mm&r=g\",\"url\":\"https:\\\/\\\/secure.gravatar.com\\\/avatar\\\/22715e338d2fcc547e3a431c4738360d33fea2a4af458f865b2c3b22f1eaa51f?s=96&d=mm&r=g\",\"contentUrl\":\"https:\\\/\\\/secure.gravatar.com\\\/avatar\\\/22715e338d2fcc547e3a431c4738360d33fea2a4af458f865b2c3b22f1eaa51f?s=96&d=mm&r=g\",\"caption\":\"Humanium\"},\"url\":\"https:\\\/\\\/www.humanium.org\\\/fr\\\/author\\\/humanium\\\/\"}]}<\/script>\n<!-- \/ Yoast SEO plugin. -->","yoast_head_json":{"title":"Les effets n\u00e9fastes de l\u2019instabilit\u00e9 \u00e9conomique mondiale sur les enfants - Humanium","description":"Les enfants sont les victimes silencieuses de l'instabilit\u00e9 \u00e9conomique et subissent des effets durables dans divers domaines de leur d\u00e9veloppement.","robots":{"index":"index","follow":"follow","max-snippet":"max-snippet:-1","max-image-preview":"max-image-preview:large","max-video-preview":"max-video-preview:-1"},"canonical":"https:\/\/www.humanium.org\/fr\/les-effets-nefastes-de-linstabilite-economique-mondiale-sur-les-enfants\/","og_locale":"fr_FR","og_type":"article","og_title":"Les effets n\u00e9fastes de l\u2019instabilit\u00e9 \u00e9conomique mondiale sur les enfants - Humanium","og_description":"Les enfants sont les victimes silencieuses de l'instabilit\u00e9 \u00e9conomique et subissent des effets durables dans divers domaines de leur d\u00e9veloppement.","og_url":"https:\/\/www.humanium.org\/fr\/les-effets-nefastes-de-linstabilite-economique-mondiale-sur-les-enfants\/","og_site_name":"Humanium","article_published_time":"2024-04-30T13:52:20+00:00","article_modified_time":"2026-08-21T03:22:58+00:00","og_image":[{"width":2560,"height":1485,"url":"https:\/\/www.humanium.org\/fr\/wp-content\/uploads\/2024\/04\/shutterstock_1474015616-scaled.jpg","type":"image\/jpeg"}],"author":"Humanium","twitter_card":"summary_large_image","twitter_misc":{"\u00c9crit par":"Humanium","Dur\u00e9e de lecture estim\u00e9e":"10 minutes"},"schema":{"@context":"https:\/\/schema.org","@graph":[{"@type":"Article","@id":"https:\/\/www.humanium.org\/fr\/les-effets-nefastes-de-linstabilite-economique-mondiale-sur-les-enfants\/#article","isPartOf":{"@id":"https:\/\/www.humanium.org\/fr\/les-effets-nefastes-de-linstabilite-economique-mondiale-sur-les-enfants\/"},"author":{"name":"Humanium","@id":"https:\/\/www.humanium.org\/fr\/#\/schema\/person\/d798d6c7d59ba2307e0877f61a20ce3e"},"headline":"Les effets n\u00e9fastes de l\u2019instabilit\u00e9 \u00e9conomique mondiale sur les enfants","datePublished":"2024-04-30T13:52:20+00:00","dateModified":"2026-08-21T03:22:58+00:00","mainEntityOfPage":{"@id":"https:\/\/www.humanium.org\/fr\/les-effets-nefastes-de-linstabilite-economique-mondiale-sur-les-enfants\/"},"wordCount":1998,"image":{"@id":"https:\/\/www.humanium.org\/fr\/les-effets-nefastes-de-linstabilite-economique-mondiale-sur-les-enfants\/#primaryimage"},"thumbnailUrl":"https:\/\/www.humanium.org\/fr\/wp-content\/uploads\/2024\/04\/shutterstock_1474015616-scaled.jpg","articleSection":["Droits des enfants","Education","Pauvret\u00e9","Sant\u00e9","Travail"],"inLanguage":"fr-FR"},{"@type":"WebPage","@id":"https:\/\/www.humanium.org\/fr\/les-effets-nefastes-de-linstabilite-economique-mondiale-sur-les-enfants\/","url":"https:\/\/www.humanium.org\/fr\/les-effets-nefastes-de-linstabilite-economique-mondiale-sur-les-enfants\/","name":"Les effets n\u00e9fastes de l\u2019instabilit\u00e9 \u00e9conomique mondiale sur les enfants - Humanium","isPartOf":{"@id":"https:\/\/www.humanium.org\/fr\/#website"},"primaryImageOfPage":{"@id":"https:\/\/www.humanium.org\/fr\/les-effets-nefastes-de-linstabilite-economique-mondiale-sur-les-enfants\/#primaryimage"},"image":{"@id":"https:\/\/www.humanium.org\/fr\/les-effets-nefastes-de-linstabilite-economique-mondiale-sur-les-enfants\/#primaryimage"},"thumbnailUrl":"https:\/\/www.humanium.org\/fr\/wp-content\/uploads\/2024\/04\/shutterstock_1474015616-scaled.jpg","datePublished":"2024-04-30T13:52:20+00:00","dateModified":"2026-08-21T03:22:58+00:00","author":{"@id":"https:\/\/www.humanium.org\/fr\/#\/schema\/person\/d798d6c7d59ba2307e0877f61a20ce3e"},"description":"Les enfants sont les victimes silencieuses de l'instabilit\u00e9 \u00e9conomique et subissent des effets durables dans divers domaines de leur d\u00e9veloppement.","breadcrumb":{"@id":"https:\/\/www.humanium.org\/fr\/les-effets-nefastes-de-linstabilite-economique-mondiale-sur-les-enfants\/#breadcrumb"},"inLanguage":"fr-FR","potentialAction":[{"@type":"ReadAction","target":["https:\/\/www.humanium.org\/fr\/les-effets-nefastes-de-linstabilite-economique-mondiale-sur-les-enfants\/"]}]},{"@type":"ImageObject","inLanguage":"fr-FR","@id":"https:\/\/www.humanium.org\/fr\/les-effets-nefastes-de-linstabilite-economique-mondiale-sur-les-enfants\/#primaryimage","url":"https:\/\/www.humanium.org\/fr\/wp-content\/uploads\/2024\/04\/shutterstock_1474015616-scaled.jpg","contentUrl":"https:\/\/www.humanium.org\/fr\/wp-content\/uploads\/2024\/04\/shutterstock_1474015616-scaled.jpg","width":2560,"height":1485},{"@type":"BreadcrumbList","@id":"https:\/\/www.humanium.org\/fr\/les-effets-nefastes-de-linstabilite-economique-mondiale-sur-les-enfants\/#breadcrumb","itemListElement":[{"@type":"ListItem","position":1,"name":"Home","item":"https:\/\/www.humanium.org\/fr\/"},{"@type":"ListItem","position":2,"name":"Les effets n\u00e9fastes de l\u2019instabilit\u00e9 \u00e9conomique mondiale sur les enfants"}]},{"@type":"WebSite","@id":"https:\/\/www.humanium.org\/fr\/#website","url":"https:\/\/www.humanium.org\/fr\/","name":"Humanium","description":"Les enfants d\u2019abord !","potentialAction":[{"@type":"SearchAction","target":{"@type":"EntryPoint","urlTemplate":"https:\/\/www.humanium.org\/fr\/?s={search_term_string}"},"query-input":{"@type":"PropertyValueSpecification","valueRequired":true,"valueName":"search_term_string"}}],"inLanguage":"fr-FR"},{"@type":"Person","@id":"https:\/\/www.humanium.org\/fr\/#\/schema\/person\/d798d6c7d59ba2307e0877f61a20ce3e","name":"Humanium","image":{"@type":"ImageObject","inLanguage":"fr-FR","@id":"https:\/\/secure.gravatar.com\/avatar\/22715e338d2fcc547e3a431c4738360d33fea2a4af458f865b2c3b22f1eaa51f?s=96&d=mm&r=g","url":"https:\/\/secure.gravatar.com\/avatar\/22715e338d2fcc547e3a431c4738360d33fea2a4af458f865b2c3b22f1eaa51f?s=96&d=mm&r=g","contentUrl":"https:\/\/secure.gravatar.com\/avatar\/22715e338d2fcc547e3a431c4738360d33fea2a4af458f865b2c3b22f1eaa51f?s=96&d=mm&r=g","caption":"Humanium"},"url":"https:\/\/www.humanium.org\/fr\/author\/humanium\/"}]}},"_links":{"self":[{"href":"https:\/\/www.humanium.org\/fr\/wp-json\/wp\/v2\/posts\/56895","targetHints":{"allow":["GET"]}}],"collection":[{"href":"https:\/\/www.humanium.org\/fr\/wp-json\/wp\/v2\/posts"}],"about":[{"href":"https:\/\/www.humanium.org\/fr\/wp-json\/wp\/v2\/types\/post"}],"author":[{"embeddable":true,"href":"https:\/\/www.humanium.org\/fr\/wp-json\/wp\/v2\/users\/69"}],"replies":[{"embeddable":true,"href":"https:\/\/www.humanium.org\/fr\/wp-json\/wp\/v2\/comments?post=56895"}],"version-history":[{"count":7,"href":"https:\/\/www.humanium.org\/fr\/wp-json\/wp\/v2\/posts\/56895\/revisions"}],"predecessor-version":[{"id":62807,"href":"https:\/\/www.humanium.org\/fr\/wp-json\/wp\/v2\/posts\/56895\/revisions\/62807"}],"wp:featuredmedia":[{"embeddable":true,"href":"https:\/\/www.humanium.org\/fr\/wp-json\/wp\/v2\/media\/56898"}],"wp:attachment":[{"href":"https:\/\/www.humanium.org\/fr\/wp-json\/wp\/v2\/media?parent=56895"}],"wp:term":[{"taxonomy":"category","embeddable":true,"href":"https:\/\/www.humanium.org\/fr\/wp-json\/wp\/v2\/categories?post=56895"},{"taxonomy":"post_tag","embeddable":true,"href":"https:\/\/www.humanium.org\/fr\/wp-json\/wp\/v2\/tags?post=56895"}],"curies":[{"name":"wp","href":"https:\/\/api.w.org\/{rel}","templated":true}]}}