{"id":56951,"date":"2024-05-14T10:12:47","date_gmt":"2024-05-14T10:12:47","guid":{"rendered":"https:\/\/www.humanium.org\/fr\/?p=56951"},"modified":"2026-08-21T03:19:39","modified_gmt":"2026-08-21T03:19:39","slug":"jeunes-citoyens-jeunes-electeurs-la-belgique-abaisse-lage-du-vote-a-16-ans-pour-les-elections-europeennes","status":"publish","type":"post","link":"https:\/\/www.humanium.org\/fr\/jeunes-citoyens-jeunes-electeurs-la-belgique-abaisse-lage-du-vote-a-16-ans-pour-les-elections-europeennes\/","title":{"rendered":"Jeunes citoyens, jeunes \u00e9lecteurs : La Belgique abaisse l&rsquo;\u00e2ge du vote \u00e0 16 ans pour les \u00e9lections europ\u00e9ennes"},"content":{"rendered":"\n<p class=\"wp-block-paragraph\"><strong>Lors des \u00e9lections europ\u00e9ennes parlementaires de 2024, une nouvelle tranche d&rsquo;\u00e2ge votera en <\/strong><a href=\"https:\/\/www.humanium.org\/fr\/belgique\/\"><strong>Belgique<\/strong><\/a><strong>. Pour la premi\u00e8re fois, les jeunes de 16 et 17 ans voteront pour leurs repr\u00e9sentants au Parlement europ\u00e9en, sur le mod\u00e8le de <\/strong><a href=\"https:\/\/www.humanium.org\/fr\/autriche\/\"><strong>l&rsquo;Autriche<\/strong><\/a><strong>, de la <\/strong><a href=\"https:\/\/www.humanium.org\/fr\/grece\/\"><strong>Gr\u00e8ce<\/strong><\/a><strong> et de <\/strong><a href=\"https:\/\/www.humanium.org\/fr\/malte\/\"><strong>Malte<\/strong><\/a><strong>. Apr\u00e8s plusieurs interpr\u00e9tations, la Cour Constitutionnelle Belge a d\u00e9cid\u00e9 que les jeunes Belges seraient soumis au vote obligatoire en tant qu&rsquo;adultes, m\u00eame si le Gouvernement F\u00e9d\u00e9ral a d\u00e9cid\u00e9 que les \u00e9lecteurs \u00e2g\u00e9s de 16 et 17 ans ne recevraient pas d&rsquo;amende en cas d&rsquo;absence.&nbsp;&nbsp;<\/strong><\/p>\n\n\n\n<h2 class=\"wp-block-heading\"><strong>Les jeunes Belges obtiennent le droit de vote pour les \u00e9lections europ\u00e9ennes de 2024<\/strong><\/h2>\n\n\n\n<p class=\"wp-block-paragraph\">Les \u00e9lections europ\u00e9ennes de 2024 s\u2019approchent \u00e0 grands pas. Du 6 au 9 juin 2024, quelque 400 millions de citoyens europ\u00e9ens des 27 \u00c9tats- Membres exerceront leur droit de vote pour leurs repr\u00e9sentants au Parlement europ\u00e9en, la seule assembl\u00e9e transnationale directement \u00e9lue au monde (UE, \u00c9lections europ\u00e9ennes, 2024). Les repr\u00e9sentants du Parlement europ\u00e9en apporteront leurs priorit\u00e9s dans les discussions politiques qui fa\u00e7onneront la l\u00e9gislation et la pr\u00e9sence politique de l\u2019UE sur la sc\u00e8ne internationale pendant les cinq prochaines ann\u00e9es.<\/p>\n\n\n\n<p class=\"wp-block-paragraph\">Cette fois-ci, les \u00e9lections du Parlement Europ\u00e9en verront une nouvelle tranche d&rsquo;\u00e2ge se rendre aux urnes en <a href=\"https:\/\/www.humanium.org\/fr\/belgique\/\">Belgique<\/a>. En effet, \u00e0 partir de juin 2023, les Belges \u00e2g\u00e9s de 16 et 17 ans pourront voter aux \u00e9lections europ\u00e9ennes. Cela signifie que plus de 270 000 jeunes pourront participer aux prochaines \u00e9lections europ\u00e9ennes. La mesure s&rsquo;applique \u00e9galement \u00e0 environ 13 000 Belges \u00e2g\u00e9s de 16 ou 17 ans qui vivent \u00e0 l&rsquo;\u00e9tranger (Euronews, 2022).&nbsp;<\/p>\n\n\n\n<p class=\"wp-block-paragraph\">Le choix d\u2019\u00e9largir le droit de vote aux jeunes de 16 et 17 ans n&rsquo;est pas r\u00e9cent. La Belgique a d&rsquo;abord d\u00e9clar\u00e9 qu&rsquo;elle \u00e9tendrait le droit de vote pour le Parlement Europ\u00e9en en 2021, permettant aux jeunes de voter \u00e0 partir de 16 ans (contre 18 ans auparavant) (Walker, 2024).&nbsp;<\/p>\n\n\n\n<p class=\"wp-block-paragraph\">N\u00e9anmoins, ce n&rsquo;est qu&rsquo;en 2022 que le Parlement f\u00e9d\u00e9ral belge a adopt\u00e9 une loi pour \u00e9largir le droit de vote aux \u00e9lections europ\u00e9ennes aux jeunes de 16 et 17 ans (Elections Europa, 2024). Ce changement ne s\u2019applique actuellement qu&rsquo;aux \u00e9lections europ\u00e9ennes, car une majorit\u00e9 simple a \u00e9te n\u00e9cessaire, alors qu&rsquo;une majorit\u00e9 des deux tiers s\u2019impose pour modifier l&rsquo;\u00e2ge de vote pour les \u00e9lections f\u00e9d\u00e9rales, qui requi\u00e8rent une modification de la constitution (Belga News Agency, 2022).<\/p>\n\n\n\n<h2 class=\"wp-block-heading\"><strong>Un droit ou une obligation de voter ?<\/strong><\/h2>\n\n\n\n<p class=\"wp-block-paragraph\">Initialement, le droit de vote des jeunes \u00e9tait li\u00e9 \u00e0 l&rsquo;inscription. Si les jeunes de 16 et 17 ans voulaient voter aux \u00e9lections europ\u00e9ennes de 2024, ils devaient s&rsquo;inscrire au pr\u00e9alable, soit en d\u00e9posant un formulaire aupr\u00e8s de la commune, soit via une plateforme en ligne (Brussels Times, 2023).&nbsp;<\/p>\n\n\n\n<figure class=\"wp-block-image size-full\"><img loading=\"lazy\" decoding=\"async\" width=\"1000\" height=\"500\" src=\"https:\/\/www.humanium.org\/fr\/wp-content\/uploads\/2024\/05\/shutterstock_2347992323.jpg\" alt=\"\" class=\"wp-image-56957\" srcset=\"https:\/\/www.humanium.org\/fr\/wp-content\/uploads\/2024\/05\/shutterstock_2347992323.jpg 1000w, https:\/\/www.humanium.org\/fr\/wp-content\/uploads\/2024\/05\/shutterstock_2347992323-300x150.jpg 300w, https:\/\/www.humanium.org\/fr\/wp-content\/uploads\/2024\/05\/shutterstock_2347992323-768x384.jpg 768w, https:\/\/www.humanium.org\/fr\/wp-content\/uploads\/2024\/05\/shutterstock_2347992323-830x415.jpg 830w, https:\/\/www.humanium.org\/fr\/wp-content\/uploads\/2024\/05\/shutterstock_2347992323-230x115.jpg 230w, https:\/\/www.humanium.org\/fr\/wp-content\/uploads\/2024\/05\/shutterstock_2347992323-350x175.jpg 350w, https:\/\/www.humanium.org\/fr\/wp-content\/uploads\/2024\/05\/shutterstock_2347992323-480x240.jpg 480w\" sizes=\"auto, (max-width: 1000px) 100vw, 1000px\" \/><\/figure>\n\n\n\n<p class=\"wp-block-paragraph\">N\u00e9anmoins, quelques mois plus tard, la <a href=\"https:\/\/www.humanium.org\/fr\/limportance-de-lacces-equitable-des-enfants-a-la-justice\/\">Cour<\/a> constitutionnelle belge a statu\u00e9 que l&rsquo;inscription n&rsquo;\u00e9tait plus n\u00e9cessaire, car, selon elle, il n&rsquo;\u00e9tait \u00ab pas raisonnablement justifi\u00e9 \u00bb de faire d\u00e9pendre leur droit de vote d&rsquo;une telle inscription. Cependant, le vote n&rsquo;est toujours pas obligatoire pour les jeunes de 16 et 17 ans, contrairement aux adultes (Walker, 2024).&nbsp;<\/p>\n\n\n\n<p class=\"wp-block-paragraph\">C&rsquo;est alors qu&rsquo;un Belge saisit la Cour constitutionnelle pour d\u00e9noncer cette <a href=\"https:\/\/www.humanium.org\/fr\/le-principe-de-non-discrimination\/\">in\u00e9galit\u00e9<\/a> (Walker, 2024). Quelques mois plus tard, la Cour constitutionnelle a jug\u00e9 que la diff\u00e9rence de traitement entre les mineurs et les adultes n&rsquo;\u00e9tait <a href=\"https:\/\/www.humanium.org\/fr\/lacces-a-la-justice-pour-les-enfants\/\">pas justifi\u00e9e<\/a> par des motifs imp\u00e9rieux d&rsquo;int\u00e9r\u00eat g\u00e9n\u00e9ral. <\/p>\n\n\n\n<p class=\"wp-block-paragraph\">En particulier, la Cour constitutionnelle a d\u00e9clar\u00e9 qu&rsquo;il n&rsquo;\u00e9tait pas admissible que les jeunes de 16 et 17 ans aient le choix de voter ou non, alors que les \u00e9lecteurs adultes de Belgique sont soumis aux r\u00e8gles de vote obligatoire, car cela cr\u00e9erait une distinction injustifiable entre les diff\u00e9rentes cat\u00e9gories d&rsquo;\u00e9lecteurs (Walker, 2024). En pratique, cela signifie que le vote obligatoire s&rsquo;applique d\u00e9sormais \u00e9galement aux \u00e9lecteurs \u00e2g\u00e9s de 16 et 17 ans, de sorte qu&rsquo;ils seront inscrits automatiquement sur les listes \u00e9lectorales et recevront une lettre de convocation comme les adultes.<\/p>\n\n\n\n<p class=\"wp-block-paragraph\">En outre, selon le syst\u00e8me belge, les \u00e9lecteurs qui ne votent pas peuvent \u00eatre sanctionn\u00e9s \u00e0 hauteur de 40 \u00e0 80 euros (Chini, 2024). En cas de r\u00e9cidive, l&rsquo;amende est de 80 \u00e0 200 euros. Dans la pratique, cependant, ces amendes ne sont presque jamais mises en \u0153uvres (YouthWiki, 2023). <\/p>\n\n\n\n<p class=\"wp-block-paragraph\">Au vu de l&rsquo;interpr\u00e9tation de la Cour constitutionnelle, les jeunes devraient \u00e9galement \u00eatre soumis \u00e0 cette clause. Toutefois, le 27 mars 2024, le \u00ab cabinet restreint \u00bb du gouvernement f\u00e9d\u00e9ral (le Premier ministre et ses sept adjoints) a d\u00e9cid\u00e9 que les \u00e9lecteurs \u00e2g\u00e9s de 16 et 17 ans n&rsquo;auraient pas \u00e0 payer d&rsquo;amende pour en cas de non-pr\u00e9sentation aux urnes (Chini, 2024).<\/p>\n\n\n\n<h2 class=\"wp-block-heading\"><strong>Pourquoi abaisser l&rsquo;\u00e2ge de vote ?<\/strong><\/h2>\n\n\n\n<p class=\"wp-block-paragraph\">La Belgique est le quatri\u00e8me \u00c9tat membre de l&rsquo;UE \u00e0 abaisser l&rsquo;\u00e2ge de vote pour les \u00e9lections au Parlement europ\u00e9en apr\u00e8s <a href=\"https:\/\/www.humanium.org\/fr\/autriche\/\">l&rsquo;Autriche<\/a>, la <a href=\"https:\/\/www.humanium.org\/fr\/grece\/\">Gr\u00e8ce<\/a> et <a href=\"https:\/\/www.humanium.org\/fr\/malte\/\">Malte<\/a><em>.<\/em> <a href=\"https:\/\/www.humanium.org\/fr\/allemagne\/\">L&rsquo;Allemagne<\/a> vient d&rsquo;adopter d\u00e9but 2023 une loi qui abaisse l&rsquo;\u00e2ge de vote pour les \u00e9lections europ\u00e9ennes, de 18 \u00e0 16 ans (EU, Voting age, 2024). La ministre belge de l&rsquo;Int\u00e9rieur, Annelies Verlinden, a rappel\u00e9 que l&rsquo;abaissement de l&rsquo;\u00e2ge de vote \u00e9tait l&rsquo;une des demandes de la \u00ab Conf\u00e9rence pour l&rsquo;Avenir de l&rsquo;Europe \u00bb (Euronews, 2022).<\/p>\n\n\n\n<blockquote class=\"wp-block-quote is-layout-flow wp-block-quote-is-layout-flow\">\n<p class=\"wp-block-paragraph\">\u00ab En donnant aux jeunes la possibilit\u00e9 de participer activement \u00e0 notre d\u00e9mocratie, ils peuvent faire entendre leur voix, et nous stimulons davantage leur int\u00e9r\u00eat pour la politique. Les jeunes sont l&rsquo;avenir, et ils pourront d\u00e9sormais contribuer \u00e0 le fa\u00e7onner. Je suis heureuse que nous franchissions aujourd&rsquo;hui cette \u00e9tape historique \u00bb.<\/p>\n<cite>&#8211; Annelies Verlinden, ministre belge de l&rsquo;int\u00e9rieur (Agence de presse Belga, 2022)<\/cite><\/blockquote>\n\n\n\n<p class=\"wp-block-paragraph\">La Belgique n&rsquo;est qu&rsquo;un des exemples d&rsquo;\u00c9tats membres de l&rsquo;UE qui ont accept\u00e9 le d\u00e9fi lanc\u00e9 par le Parlement europ\u00e9en en 2022. En effet, en mai 2022, le Parlement Europ\u00e9en a d\u00e9pos\u00e9 une proposition de r\u00e8glement du Conseil relatif \u00e0 l&rsquo;\u00e9lection des membres du Parlement Europ\u00e9en (MEP) au suffrage universel direct et a propos\u00e9 d&rsquo;abaisser l&rsquo;\u00e2ge de vote \u00e0 16 ans, m\u00eame si des exceptions sont pr\u00e9vues pour les \u00ab ordres constitutionnels existants qui \u00e9tablissent un \u00e2ge minimum de vote de 18 ou 17 ans \u00bb (UE, \u00e2ge de vote, 2024).<\/p>\n\n\n\n<p class=\"wp-block-paragraph\">Les ONG et les organisations de la soci\u00e9t\u00e9 civile (OSC) r\u00e9clament \u00e9galement ce changement depuis des ann\u00e9es. Par exemple, le Forum europ\u00e9en de la jeunesse a fortement plaid\u00e9 en faveur de l&rsquo;abaissement de l&rsquo;\u00e2ge de vote \u00e0 16 ans pour les \u00e9lections locales, nationales et europ\u00e9ennes et pour combler le foss\u00e9 entre les jeunes g\u00e9n\u00e9rations et nos politiciens \u00e9lus (Forum europ\u00e9en de la jeunesse, 2024).<\/p>\n\n\n\n<p class=\"wp-block-paragraph\">Les jeunes ont dans le m\u00eame temps appel\u00e9 leurs \u00c9tats membres \u00e0 \u00e9couter leur voix en leur permettant de voter. Par exemple, la r\u00e9cente ouverture du droit de vote des jeunes en Belgique a \u00e9t\u00e9 bien accueillie par les jeunes. Un jeune Belge de 16 ans a d\u00e9clar\u00e9 que ce changement constituait une \u00e9tape importante dans la reconnaissance du droit de vote des jeunes.\u00a0<\/p>\n\n\n\n<blockquote class=\"wp-block-quote is-layout-flow wp-block-quote-is-layout-flow\">\n<p class=\"wp-block-paragraph\">\u00ab Je pense que c&rsquo;est une tr\u00e8s bonne id\u00e9e parce que cela signifie que nous pouvons r\u00e9ellement changer ce que nous voulons changer. Nous pouvons donc nous exprimer sur les sujets que nous trouvons importants et voter pour des partis ou des personnes qui, selon nous, porteront ces valeurs \u00bb.<\/p>\n<cite>&#8211; Alexis Macrae, 16 ans (Mc Mahon, Laliberte, 2023)<\/cite><\/blockquote>\n\n\n\n<figure class=\"wp-block-image size-large\"><img loading=\"lazy\" decoding=\"async\" width=\"1024\" height=\"683\" src=\"https:\/\/www.humanium.org\/fr\/wp-content\/uploads\/2024\/05\/shutterstock_2374301429-1024x683.jpg\" alt=\"\" class=\"wp-image-56952\" srcset=\"https:\/\/www.humanium.org\/fr\/wp-content\/uploads\/2024\/05\/shutterstock_2374301429-1024x683.jpg 1024w, https:\/\/www.humanium.org\/fr\/wp-content\/uploads\/2024\/05\/shutterstock_2374301429-300x200.jpg 300w, https:\/\/www.humanium.org\/fr\/wp-content\/uploads\/2024\/05\/shutterstock_2374301429-768x512.jpg 768w, https:\/\/www.humanium.org\/fr\/wp-content\/uploads\/2024\/05\/shutterstock_2374301429-1536x1024.jpg 1536w, https:\/\/www.humanium.org\/fr\/wp-content\/uploads\/2024\/05\/shutterstock_2374301429-2048x1365.jpg 2048w, https:\/\/www.humanium.org\/fr\/wp-content\/uploads\/2024\/05\/shutterstock_2374301429-830x553.jpg 830w, https:\/\/www.humanium.org\/fr\/wp-content\/uploads\/2024\/05\/shutterstock_2374301429-230x153.jpg 230w, https:\/\/www.humanium.org\/fr\/wp-content\/uploads\/2024\/05\/shutterstock_2374301429-350x233.jpg 350w, https:\/\/www.humanium.org\/fr\/wp-content\/uploads\/2024\/05\/shutterstock_2374301429-480x320.jpg 480w, https:\/\/www.humanium.org\/fr\/wp-content\/uploads\/2024\/05\/shutterstock_2374301429-272x182.jpg 272w\" sizes=\"auto, (max-width: 1024px) 100vw, 1024px\" \/><\/figure>\n\n\n\n<p class=\"wp-block-paragraph\">En tant qu&rsquo;ONG, Humanium s&rsquo;engage fermement \u00e0 soutenir le droit de vote des enfants et m\u00e8ne des campagnes pour abaisser l&rsquo;\u00e2ge du droit de vote dans l&rsquo;ensemble de son contenu en ligne. Dans notre travail, nous soutenons le <a href=\"https:\/\/www.humanium.org\/fr\/le-principe-dinclusion-et-de-participation\/\">principe d&rsquo;inclusion et de participation<\/a> en promouvant les meilleures pratiques et les exemples qui t\u00e9moignent que les voix des enfants peuvent \u00eatre entendues. Si vous souhaitez soutenir notre <a href=\"https:\/\/www.humanium.org\/fr\/humanium-soumet-une-proposition-aupres-de-lonu-pour-lobservation-generale-sur-les-droits-des-enfants-et-lenvironnement-numerique\/\">travail<\/a>, envisagez de faire un don, \u00e0 vous porter volontaire ou \u00e0 devenir membre.<\/p>\n\n\n\n<p class=\"wp-block-paragraph\"><em><strong>\u00c9crit par Arianna Braga<\/strong><\/em><\/p>\n\n\n\n<p class=\"wp-block-paragraph\"><em><strong>Traduit par Alex Macpherson<\/strong><\/em><\/p>\n\n\n\n<p class=\"wp-block-paragraph\"><em><strong>Relu par Louisa Bricard<\/strong><\/em><\/p>\n\n\n\n<h4 class=\"wp-block-heading\"><strong>Travaux cites:<\/strong><\/h4>\n\n\n\n<p class=\"has-small-font-size wp-block-paragraph\">Belga News Agency (2022). Voting age for European elections lowered to 16 in Belgium. Retrieved from Belga News Agency at <a href=\"https:\/\/www.belganewsagency.eu\/voting-age-for-european-elections-lowered-to-16-in-belgium\" target=\"_blank\" rel=\"noreferrer noopener\">https:\/\/www.belganewsagency.eu\/voting-age-for-european-elections-lowered-to-16-in-belgium<\/a>, accessed on 4 April 2024.&nbsp;<\/p>\n\n\n\n<p class=\"has-small-font-size wp-block-paragraph\">Brussels Times (2023). Belgium&rsquo;s 16-17 year olds can vote in the European elections. Retrieved from The Brussels Times at <a href=\"https:\/\/www.brusselstimes.com\/493148\/belgiums-16-17-year-olds-can-vote-in-the-european-elections\" target=\"_blank\" rel=\"noreferrer noopener\">https:\/\/www.brusselstimes.com\/493148\/belgiums-16-17-year-olds-can-vote-in-the-european-elections<\/a>, accessed on 4 April 2024.&nbsp;<\/p>\n\n\n\n<p class=\"has-small-font-size wp-block-paragraph\">Chini M. (2024). No sanctions for people aged 16 and 17 who fail to vote in European elections. Retrieved from Brussels Times at <a href=\"https:\/\/www.brusselstimes.com\/983934\/no-sanctions-for-people-aged-16-and-17-who-fail-to-vote-in-european-elections\" target=\"_blank\" rel=\"noreferrer noopener\">https:\/\/www.brusselstimes.com\/983934\/no-sanctions-for-people-aged-16-and-17-who-fail-to-vote-in-european-elections<\/a>, accessed on 4 April 2024.&nbsp;<\/p>\n\n\n\n<p class=\"has-small-font-size wp-block-paragraph\">Elections Europe (2024). How to vote in Belgium. Retrieved from Europe.eu at <a href=\"https:\/\/elections.europa.eu\/en\/how-to-vote\/be\/\" target=\"_blank\" rel=\"noreferrer noopener\">https:\/\/elections.europa.eu\/en\/how-to-vote\/be\/<\/a>, accessed on 4 April 2024.&nbsp;<\/p>\n\n\n\n<p class=\"has-small-font-size wp-block-paragraph\">EU, European elections (2024). European elections 2024. Retrieved from EU at <a href=\"https:\/\/european-union.europa.eu\/institutions-law-budget\/european-elections-2024_en\" target=\"_blank\" rel=\"noreferrer noopener\">https:\/\/european-union.europa.eu\/institutions-law-budget\/european-elections-2024_en<\/a>, accessed on 4 April 2024.&nbsp;<\/p>\n\n\n\n<p class=\"has-small-font-size wp-block-paragraph\">EU, Voting age (2024). Voting age for European elections. Retrieved from European Parliament at <a href=\"https:\/\/www.europarl.europa.eu\/RegData\/etudes\/ATAG\/2023\/749767\/EPRS_ATA(2023)749767_EN.pdf\" target=\"_blank\" rel=\"noreferrer noopener\">https:\/\/www.europarl.europa.eu\/RegData\/etudes\/ATAG\/2023\/749767\/EPRS_ATA(2023)749767_EN.pdf<\/a>, accessed on 4 April 2024.&nbsp;<\/p>\n\n\n\n<p class=\"has-small-font-size wp-block-paragraph\">Euronews (2022). Belgium lowers voting age to 16 for European Parliament elections. Retrieved from Euronews at <a href=\"https:\/\/www.euronews.com\/2022\/05\/20\/belgium-lowers-voting-age-to-16-for-european-parliament-elections\">https:\/\/www.<\/a><a href=\"https:\/\/www.euronews.com\/2022\/05\/20\/belgium-lowers-voting-age-to-16-for-european-parliament-elections\" target=\"_blank\" rel=\"noreferrer noopener\">euronews<\/a><a href=\"https:\/\/www.euronews.com\/2022\/05\/20\/belgium-lowers-voting-age-to-16-for-european-parliament-elections\">.com\/2022\/05\/20\/belgium-lowers-voting-age-to-16-for-european-parliament-elections<\/a>, accessed on 4 April 2024.&nbsp;<\/p>\n\n\n\n<p class=\"has-small-font-size wp-block-paragraph\">European Youth Forum (2024). Vote at 16. Retrieved from European Youth Forum at <a href=\"https:\/\/www.youthforum.org\/topics\/vote-at-16\" target=\"_blank\" rel=\"noreferrer noopener\">https:\/\/www.youthforum.org\/topics\/vote-at-16<\/a>, accessed on 4 April 2024.&nbsp;<\/p>\n\n\n\n<p class=\"has-small-font-size wp-block-paragraph\">Mc Mahon M., Laliberte E. (2023). A year ahead: Belgium lowers voting age to 16 for the European elections. Retrieved from <a href=\"https:\/\/www.euronews.com\/my-europe\/2023\/06\/12\/a-year-ahead-belgium-lowers-voting-age-to-16-for-the-european-elections\" target=\"_blank\" rel=\"noreferrer noopener\">https:\/\/www.euronews.com\/my-europe\/2023\/06\/12\/a-year-ahead-belgium-lowers-voting-age-to-16-for-the-european-elections<\/a>, accessed on 4 April 2024.&nbsp;<\/p>\n\n\n\n<p class=\"has-small-font-size wp-block-paragraph\">Walker L. (2024). Voting now compulsory for people aged 16 and 17 in Belgium, Court rules. Retrieved from Brussels Times at <a href=\"https:\/\/www.brusselstimes.com\/975806\/voting-now-also-compulsory-for-voters-aged-16-or-17-court-rules-tbtb\" target=\"_blank\" rel=\"noreferrer noopener\">https:\/\/www.brusselstimes.com\/975806\/voting-now-also-compulsory-for-voters-aged-16-or-17-court-rules-tbtb<\/a>, accessed on 4 April 2024.&nbsp;<\/p>\n\n\n\n<p class=\"has-small-font-size wp-block-paragraph\">YouthWiki (2023). 5.2 Youth participation in representative democracy. Retrieved from YouthWiki at <a href=\"https:\/\/national-policies.eacea.ec.europa.eu\/youthwiki\/chapters\/belgium-flemish-community\/52-youth-participation-in-representative-democracy\" target=\"_blank\" rel=\"noreferrer noopener\">https:\/\/national-policies.eacea.ec.europa.eu\/youthwiki\/chapters\/belgium-flemish-community\/52-youth-participation-in-representative-democracy<\/a>, accessed on 4 April 2024.<\/p>\n","protected":false},"excerpt":{"rendered":"<p>Lors des \u00e9lections europ\u00e9ennes parlementaires de 2024, une nouvelle tranche d&rsquo;\u00e2ge votera en Belgique. Pour la premi\u00e8re fois, les jeunes de 16 et 17 ans voteront pour leurs repr\u00e9sentants au Parlement europ\u00e9en, sur le mod\u00e8le de l&rsquo;Autriche, de la Gr\u00e8ce et de Malte. Apr\u00e8s plusieurs interpr\u00e9tations, la Cour Constitutionnelle Belge a d\u00e9cid\u00e9 que les jeunes [&hellip;]<\/p>\n","protected":false},"author":69,"featured_media":56953,"comment_status":"closed","ping_status":"closed","sticky":false,"template":"","format":"standard","meta":{"footnotes":""},"categories":[220,4],"tags":[],"class_list":["post-56951","post","type-post","status-publish","format-standard","has-post-thumbnail","hentry","category-droits-des-enfants","category-droits-humains"],"yoast_head":"<!-- This site is optimized with the Yoast SEO plugin v28.3 - https:\/\/yoast.com\/product\/yoast-seo-wordpress\/ -->\n<title>Jeunes citoyens, jeunes \u00e9lecteurs : La Belgique abaisse l&#039;\u00e2ge du vote \u00e0 16 ans pour les \u00e9lections europ\u00e9ennes - Humanium<\/title>\n<meta name=\"description\" content=\"Pour la premi\u00e8re fois, les jeunes Belges de 16 et 17 ans voteront pour leurs repr\u00e9sentants au Parlement europ\u00e9en.\" \/>\n<meta name=\"robots\" content=\"index, follow, max-snippet:-1, max-image-preview:large, max-video-preview:-1\" \/>\n<link rel=\"canonical\" href=\"https:\/\/www.humanium.org\/fr\/jeunes-citoyens-jeunes-electeurs-la-belgique-abaisse-lage-du-vote-a-16-ans-pour-les-elections-europeennes\/\" \/>\n<meta property=\"og:locale\" content=\"fr_FR\" \/>\n<meta property=\"og:type\" content=\"article\" \/>\n<meta property=\"og:title\" content=\"Jeunes citoyens, jeunes \u00e9lecteurs : La Belgique abaisse l&#039;\u00e2ge du vote \u00e0 16 ans pour les \u00e9lections europ\u00e9ennes - Humanium\" \/>\n<meta property=\"og:description\" content=\"Pour la premi\u00e8re fois, les jeunes Belges de 16 et 17 ans voteront pour leurs repr\u00e9sentants au Parlement europ\u00e9en.\" \/>\n<meta property=\"og:url\" content=\"https:\/\/www.humanium.org\/fr\/jeunes-citoyens-jeunes-electeurs-la-belgique-abaisse-lage-du-vote-a-16-ans-pour-les-elections-europeennes\/\" \/>\n<meta property=\"og:site_name\" content=\"Humanium\" \/>\n<meta property=\"article:published_time\" content=\"2024-05-14T10:12:47+00:00\" \/>\n<meta property=\"article:modified_time\" content=\"2026-08-21T03:19:39+00:00\" \/>\n<meta property=\"og:image\" content=\"https:\/\/www.humanium.org\/fr\/wp-content\/uploads\/2024\/05\/shutterstock_487377016-scaled.jpg\" \/>\n\t<meta property=\"og:image:width\" content=\"2560\" \/>\n\t<meta property=\"og:image:height\" content=\"1701\" \/>\n\t<meta property=\"og:image:type\" content=\"image\/jpeg\" \/>\n<meta name=\"author\" content=\"Humanium\" \/>\n<meta name=\"twitter:card\" content=\"summary_large_image\" \/>\n<meta name=\"twitter:label1\" content=\"\u00c9crit par\" \/>\n\t<meta name=\"twitter:data1\" content=\"Humanium\" \/>\n\t<meta name=\"twitter:label2\" content=\"Dur\u00e9e de lecture estim\u00e9e\" \/>\n\t<meta name=\"twitter:data2\" content=\"8 minutes\" \/>\n<script type=\"application\/ld+json\" class=\"yoast-schema-graph\">{\"@context\":\"https:\\\/\\\/schema.org\",\"@graph\":[{\"@type\":\"Article\",\"@id\":\"https:\\\/\\\/www.humanium.org\\\/fr\\\/jeunes-citoyens-jeunes-electeurs-la-belgique-abaisse-lage-du-vote-a-16-ans-pour-les-elections-europeennes\\\/#article\",\"isPartOf\":{\"@id\":\"https:\\\/\\\/www.humanium.org\\\/fr\\\/jeunes-citoyens-jeunes-electeurs-la-belgique-abaisse-lage-du-vote-a-16-ans-pour-les-elections-europeennes\\\/\"},\"author\":{\"name\":\"Humanium\",\"@id\":\"https:\\\/\\\/www.humanium.org\\\/fr\\\/#\\\/schema\\\/person\\\/d798d6c7d59ba2307e0877f61a20ce3e\"},\"headline\":\"Jeunes citoyens, jeunes \u00e9lecteurs : La Belgique abaisse l&rsquo;\u00e2ge du vote \u00e0 16 ans pour les \u00e9lections europ\u00e9ennes\",\"datePublished\":\"2024-05-14T10:12:47+00:00\",\"dateModified\":\"2026-08-21T03:19:39+00:00\",\"mainEntityOfPage\":{\"@id\":\"https:\\\/\\\/www.humanium.org\\\/fr\\\/jeunes-citoyens-jeunes-electeurs-la-belgique-abaisse-lage-du-vote-a-16-ans-pour-les-elections-europeennes\\\/\"},\"wordCount\":1598,\"image\":{\"@id\":\"https:\\\/\\\/www.humanium.org\\\/fr\\\/jeunes-citoyens-jeunes-electeurs-la-belgique-abaisse-lage-du-vote-a-16-ans-pour-les-elections-europeennes\\\/#primaryimage\"},\"thumbnailUrl\":\"https:\\\/\\\/www.humanium.org\\\/fr\\\/wp-content\\\/uploads\\\/2024\\\/05\\\/shutterstock_487377016-scaled.jpg\",\"articleSection\":[\"Droits des enfants\",\"Droits humains\"],\"inLanguage\":\"fr-FR\"},{\"@type\":\"WebPage\",\"@id\":\"https:\\\/\\\/www.humanium.org\\\/fr\\\/jeunes-citoyens-jeunes-electeurs-la-belgique-abaisse-lage-du-vote-a-16-ans-pour-les-elections-europeennes\\\/\",\"url\":\"https:\\\/\\\/www.humanium.org\\\/fr\\\/jeunes-citoyens-jeunes-electeurs-la-belgique-abaisse-lage-du-vote-a-16-ans-pour-les-elections-europeennes\\\/\",\"name\":\"Jeunes citoyens, jeunes \u00e9lecteurs : La Belgique abaisse l'\u00e2ge du vote \u00e0 16 ans pour les \u00e9lections europ\u00e9ennes - Humanium\",\"isPartOf\":{\"@id\":\"https:\\\/\\\/www.humanium.org\\\/fr\\\/#website\"},\"primaryImageOfPage\":{\"@id\":\"https:\\\/\\\/www.humanium.org\\\/fr\\\/jeunes-citoyens-jeunes-electeurs-la-belgique-abaisse-lage-du-vote-a-16-ans-pour-les-elections-europeennes\\\/#primaryimage\"},\"image\":{\"@id\":\"https:\\\/\\\/www.humanium.org\\\/fr\\\/jeunes-citoyens-jeunes-electeurs-la-belgique-abaisse-lage-du-vote-a-16-ans-pour-les-elections-europeennes\\\/#primaryimage\"},\"thumbnailUrl\":\"https:\\\/\\\/www.humanium.org\\\/fr\\\/wp-content\\\/uploads\\\/2024\\\/05\\\/shutterstock_487377016-scaled.jpg\",\"datePublished\":\"2024-05-14T10:12:47+00:00\",\"dateModified\":\"2026-08-21T03:19:39+00:00\",\"author\":{\"@id\":\"https:\\\/\\\/www.humanium.org\\\/fr\\\/#\\\/schema\\\/person\\\/d798d6c7d59ba2307e0877f61a20ce3e\"},\"description\":\"Pour la premi\u00e8re fois, les jeunes Belges de 16 et 17 ans voteront pour leurs repr\u00e9sentants au Parlement europ\u00e9en.\",\"breadcrumb\":{\"@id\":\"https:\\\/\\\/www.humanium.org\\\/fr\\\/jeunes-citoyens-jeunes-electeurs-la-belgique-abaisse-lage-du-vote-a-16-ans-pour-les-elections-europeennes\\\/#breadcrumb\"},\"inLanguage\":\"fr-FR\",\"potentialAction\":[{\"@type\":\"ReadAction\",\"target\":[\"https:\\\/\\\/www.humanium.org\\\/fr\\\/jeunes-citoyens-jeunes-electeurs-la-belgique-abaisse-lage-du-vote-a-16-ans-pour-les-elections-europeennes\\\/\"]}]},{\"@type\":\"ImageObject\",\"inLanguage\":\"fr-FR\",\"@id\":\"https:\\\/\\\/www.humanium.org\\\/fr\\\/jeunes-citoyens-jeunes-electeurs-la-belgique-abaisse-lage-du-vote-a-16-ans-pour-les-elections-europeennes\\\/#primaryimage\",\"url\":\"https:\\\/\\\/www.humanium.org\\\/fr\\\/wp-content\\\/uploads\\\/2024\\\/05\\\/shutterstock_487377016-scaled.jpg\",\"contentUrl\":\"https:\\\/\\\/www.humanium.org\\\/fr\\\/wp-content\\\/uploads\\\/2024\\\/05\\\/shutterstock_487377016-scaled.jpg\",\"width\":2560,\"height\":1701},{\"@type\":\"BreadcrumbList\",\"@id\":\"https:\\\/\\\/www.humanium.org\\\/fr\\\/jeunes-citoyens-jeunes-electeurs-la-belgique-abaisse-lage-du-vote-a-16-ans-pour-les-elections-europeennes\\\/#breadcrumb\",\"itemListElement\":[{\"@type\":\"ListItem\",\"position\":1,\"name\":\"Home\",\"item\":\"https:\\\/\\\/www.humanium.org\\\/fr\\\/\"},{\"@type\":\"ListItem\",\"position\":2,\"name\":\"Jeunes citoyens, jeunes \u00e9lecteurs : La Belgique abaisse l&rsquo;\u00e2ge du vote \u00e0 16 ans pour les \u00e9lections europ\u00e9ennes\"}]},{\"@type\":\"WebSite\",\"@id\":\"https:\\\/\\\/www.humanium.org\\\/fr\\\/#website\",\"url\":\"https:\\\/\\\/www.humanium.org\\\/fr\\\/\",\"name\":\"Humanium\",\"description\":\"Les enfants d\u2019abord !\",\"potentialAction\":[{\"@type\":\"SearchAction\",\"target\":{\"@type\":\"EntryPoint\",\"urlTemplate\":\"https:\\\/\\\/www.humanium.org\\\/fr\\\/?s={search_term_string}\"},\"query-input\":{\"@type\":\"PropertyValueSpecification\",\"valueRequired\":true,\"valueName\":\"search_term_string\"}}],\"inLanguage\":\"fr-FR\"},{\"@type\":\"Person\",\"@id\":\"https:\\\/\\\/www.humanium.org\\\/fr\\\/#\\\/schema\\\/person\\\/d798d6c7d59ba2307e0877f61a20ce3e\",\"name\":\"Humanium\",\"image\":{\"@type\":\"ImageObject\",\"inLanguage\":\"fr-FR\",\"@id\":\"https:\\\/\\\/secure.gravatar.com\\\/avatar\\\/22715e338d2fcc547e3a431c4738360d33fea2a4af458f865b2c3b22f1eaa51f?s=96&d=mm&r=g\",\"url\":\"https:\\\/\\\/secure.gravatar.com\\\/avatar\\\/22715e338d2fcc547e3a431c4738360d33fea2a4af458f865b2c3b22f1eaa51f?s=96&d=mm&r=g\",\"contentUrl\":\"https:\\\/\\\/secure.gravatar.com\\\/avatar\\\/22715e338d2fcc547e3a431c4738360d33fea2a4af458f865b2c3b22f1eaa51f?s=96&d=mm&r=g\",\"caption\":\"Humanium\"},\"url\":\"https:\\\/\\\/www.humanium.org\\\/fr\\\/author\\\/humanium\\\/\"}]}<\/script>\n<!-- \/ Yoast SEO plugin. -->","yoast_head_json":{"title":"Jeunes citoyens, jeunes \u00e9lecteurs : La Belgique abaisse l'\u00e2ge du vote \u00e0 16 ans pour les \u00e9lections europ\u00e9ennes - Humanium","description":"Pour la premi\u00e8re fois, les jeunes Belges de 16 et 17 ans voteront pour leurs repr\u00e9sentants au Parlement europ\u00e9en.","robots":{"index":"index","follow":"follow","max-snippet":"max-snippet:-1","max-image-preview":"max-image-preview:large","max-video-preview":"max-video-preview:-1"},"canonical":"https:\/\/www.humanium.org\/fr\/jeunes-citoyens-jeunes-electeurs-la-belgique-abaisse-lage-du-vote-a-16-ans-pour-les-elections-europeennes\/","og_locale":"fr_FR","og_type":"article","og_title":"Jeunes citoyens, jeunes \u00e9lecteurs : La Belgique abaisse l'\u00e2ge du vote \u00e0 16 ans pour les \u00e9lections europ\u00e9ennes - Humanium","og_description":"Pour la premi\u00e8re fois, les jeunes Belges de 16 et 17 ans voteront pour leurs repr\u00e9sentants au Parlement europ\u00e9en.","og_url":"https:\/\/www.humanium.org\/fr\/jeunes-citoyens-jeunes-electeurs-la-belgique-abaisse-lage-du-vote-a-16-ans-pour-les-elections-europeennes\/","og_site_name":"Humanium","article_published_time":"2024-05-14T10:12:47+00:00","article_modified_time":"2026-08-21T03:19:39+00:00","og_image":[{"width":2560,"height":1701,"url":"https:\/\/www.humanium.org\/fr\/wp-content\/uploads\/2024\/05\/shutterstock_487377016-scaled.jpg","type":"image\/jpeg"}],"author":"Humanium","twitter_card":"summary_large_image","twitter_misc":{"\u00c9crit par":"Humanium","Dur\u00e9e de lecture estim\u00e9e":"8 minutes"},"schema":{"@context":"https:\/\/schema.org","@graph":[{"@type":"Article","@id":"https:\/\/www.humanium.org\/fr\/jeunes-citoyens-jeunes-electeurs-la-belgique-abaisse-lage-du-vote-a-16-ans-pour-les-elections-europeennes\/#article","isPartOf":{"@id":"https:\/\/www.humanium.org\/fr\/jeunes-citoyens-jeunes-electeurs-la-belgique-abaisse-lage-du-vote-a-16-ans-pour-les-elections-europeennes\/"},"author":{"name":"Humanium","@id":"https:\/\/www.humanium.org\/fr\/#\/schema\/person\/d798d6c7d59ba2307e0877f61a20ce3e"},"headline":"Jeunes citoyens, jeunes \u00e9lecteurs : La Belgique abaisse l&rsquo;\u00e2ge du vote \u00e0 16 ans pour les \u00e9lections europ\u00e9ennes","datePublished":"2024-05-14T10:12:47+00:00","dateModified":"2026-08-21T03:19:39+00:00","mainEntityOfPage":{"@id":"https:\/\/www.humanium.org\/fr\/jeunes-citoyens-jeunes-electeurs-la-belgique-abaisse-lage-du-vote-a-16-ans-pour-les-elections-europeennes\/"},"wordCount":1598,"image":{"@id":"https:\/\/www.humanium.org\/fr\/jeunes-citoyens-jeunes-electeurs-la-belgique-abaisse-lage-du-vote-a-16-ans-pour-les-elections-europeennes\/#primaryimage"},"thumbnailUrl":"https:\/\/www.humanium.org\/fr\/wp-content\/uploads\/2024\/05\/shutterstock_487377016-scaled.jpg","articleSection":["Droits des enfants","Droits humains"],"inLanguage":"fr-FR"},{"@type":"WebPage","@id":"https:\/\/www.humanium.org\/fr\/jeunes-citoyens-jeunes-electeurs-la-belgique-abaisse-lage-du-vote-a-16-ans-pour-les-elections-europeennes\/","url":"https:\/\/www.humanium.org\/fr\/jeunes-citoyens-jeunes-electeurs-la-belgique-abaisse-lage-du-vote-a-16-ans-pour-les-elections-europeennes\/","name":"Jeunes citoyens, jeunes \u00e9lecteurs : La Belgique abaisse l'\u00e2ge du vote \u00e0 16 ans pour les \u00e9lections europ\u00e9ennes - Humanium","isPartOf":{"@id":"https:\/\/www.humanium.org\/fr\/#website"},"primaryImageOfPage":{"@id":"https:\/\/www.humanium.org\/fr\/jeunes-citoyens-jeunes-electeurs-la-belgique-abaisse-lage-du-vote-a-16-ans-pour-les-elections-europeennes\/#primaryimage"},"image":{"@id":"https:\/\/www.humanium.org\/fr\/jeunes-citoyens-jeunes-electeurs-la-belgique-abaisse-lage-du-vote-a-16-ans-pour-les-elections-europeennes\/#primaryimage"},"thumbnailUrl":"https:\/\/www.humanium.org\/fr\/wp-content\/uploads\/2024\/05\/shutterstock_487377016-scaled.jpg","datePublished":"2024-05-14T10:12:47+00:00","dateModified":"2026-08-21T03:19:39+00:00","author":{"@id":"https:\/\/www.humanium.org\/fr\/#\/schema\/person\/d798d6c7d59ba2307e0877f61a20ce3e"},"description":"Pour la premi\u00e8re fois, les jeunes Belges de 16 et 17 ans voteront pour leurs repr\u00e9sentants au Parlement europ\u00e9en.","breadcrumb":{"@id":"https:\/\/www.humanium.org\/fr\/jeunes-citoyens-jeunes-electeurs-la-belgique-abaisse-lage-du-vote-a-16-ans-pour-les-elections-europeennes\/#breadcrumb"},"inLanguage":"fr-FR","potentialAction":[{"@type":"ReadAction","target":["https:\/\/www.humanium.org\/fr\/jeunes-citoyens-jeunes-electeurs-la-belgique-abaisse-lage-du-vote-a-16-ans-pour-les-elections-europeennes\/"]}]},{"@type":"ImageObject","inLanguage":"fr-FR","@id":"https:\/\/www.humanium.org\/fr\/jeunes-citoyens-jeunes-electeurs-la-belgique-abaisse-lage-du-vote-a-16-ans-pour-les-elections-europeennes\/#primaryimage","url":"https:\/\/www.humanium.org\/fr\/wp-content\/uploads\/2024\/05\/shutterstock_487377016-scaled.jpg","contentUrl":"https:\/\/www.humanium.org\/fr\/wp-content\/uploads\/2024\/05\/shutterstock_487377016-scaled.jpg","width":2560,"height":1701},{"@type":"BreadcrumbList","@id":"https:\/\/www.humanium.org\/fr\/jeunes-citoyens-jeunes-electeurs-la-belgique-abaisse-lage-du-vote-a-16-ans-pour-les-elections-europeennes\/#breadcrumb","itemListElement":[{"@type":"ListItem","position":1,"name":"Home","item":"https:\/\/www.humanium.org\/fr\/"},{"@type":"ListItem","position":2,"name":"Jeunes citoyens, jeunes \u00e9lecteurs : La Belgique abaisse l&rsquo;\u00e2ge du vote \u00e0 16 ans pour les \u00e9lections europ\u00e9ennes"}]},{"@type":"WebSite","@id":"https:\/\/www.humanium.org\/fr\/#website","url":"https:\/\/www.humanium.org\/fr\/","name":"Humanium","description":"Les enfants d\u2019abord !","potentialAction":[{"@type":"SearchAction","target":{"@type":"EntryPoint","urlTemplate":"https:\/\/www.humanium.org\/fr\/?s={search_term_string}"},"query-input":{"@type":"PropertyValueSpecification","valueRequired":true,"valueName":"search_term_string"}}],"inLanguage":"fr-FR"},{"@type":"Person","@id":"https:\/\/www.humanium.org\/fr\/#\/schema\/person\/d798d6c7d59ba2307e0877f61a20ce3e","name":"Humanium","image":{"@type":"ImageObject","inLanguage":"fr-FR","@id":"https:\/\/secure.gravatar.com\/avatar\/22715e338d2fcc547e3a431c4738360d33fea2a4af458f865b2c3b22f1eaa51f?s=96&d=mm&r=g","url":"https:\/\/secure.gravatar.com\/avatar\/22715e338d2fcc547e3a431c4738360d33fea2a4af458f865b2c3b22f1eaa51f?s=96&d=mm&r=g","contentUrl":"https:\/\/secure.gravatar.com\/avatar\/22715e338d2fcc547e3a431c4738360d33fea2a4af458f865b2c3b22f1eaa51f?s=96&d=mm&r=g","caption":"Humanium"},"url":"https:\/\/www.humanium.org\/fr\/author\/humanium\/"}]}},"_links":{"self":[{"href":"https:\/\/www.humanium.org\/fr\/wp-json\/wp\/v2\/posts\/56951","targetHints":{"allow":["GET"]}}],"collection":[{"href":"https:\/\/www.humanium.org\/fr\/wp-json\/wp\/v2\/posts"}],"about":[{"href":"https:\/\/www.humanium.org\/fr\/wp-json\/wp\/v2\/types\/post"}],"author":[{"embeddable":true,"href":"https:\/\/www.humanium.org\/fr\/wp-json\/wp\/v2\/users\/69"}],"replies":[{"embeddable":true,"href":"https:\/\/www.humanium.org\/fr\/wp-json\/wp\/v2\/comments?post=56951"}],"version-history":[{"count":7,"href":"https:\/\/www.humanium.org\/fr\/wp-json\/wp\/v2\/posts\/56951\/revisions"}],"predecessor-version":[{"id":62643,"href":"https:\/\/www.humanium.org\/fr\/wp-json\/wp\/v2\/posts\/56951\/revisions\/62643"}],"wp:featuredmedia":[{"embeddable":true,"href":"https:\/\/www.humanium.org\/fr\/wp-json\/wp\/v2\/media\/56953"}],"wp:attachment":[{"href":"https:\/\/www.humanium.org\/fr\/wp-json\/wp\/v2\/media?parent=56951"}],"wp:term":[{"taxonomy":"category","embeddable":true,"href":"https:\/\/www.humanium.org\/fr\/wp-json\/wp\/v2\/categories?post=56951"},{"taxonomy":"post_tag","embeddable":true,"href":"https:\/\/www.humanium.org\/fr\/wp-json\/wp\/v2\/tags?post=56951"}],"curies":[{"name":"wp","href":"https:\/\/api.w.org\/{rel}","templated":true}]}}