{"id":57711,"date":"2024-10-29T19:15:50","date_gmt":"2024-10-29T19:15:50","guid":{"rendered":"https:\/\/www.humanium.org\/fr\/?p=57711"},"modified":"2026-08-21T03:22:59","modified_gmt":"2026-08-21T03:22:59","slug":"la-lutte-actuelle-des-enfants-immigres-en-espagne","status":"publish","type":"post","link":"https:\/\/www.humanium.org\/fr\/la-lutte-actuelle-des-enfants-immigres-en-espagne\/","title":{"rendered":"La lutte actuelle des enfants immigr\u00e9s en Espagne"},"content":{"rendered":"\n<p class=\"wp-block-paragraph\"><strong>En 2024, l&rsquo;Espagne continue de faire face \u00e0 des d\u00e9fis importants concernant l&rsquo;afflux d&rsquo;enfants migrants, accompagn\u00e9s ou non, qui entrent dans le pays en qu\u00eate d&rsquo;asile, de refuge, ou de meilleures conditions de vie. L\u2019Espagne \u00e9tant l\u2019un des principaux points d\u2019entr\u00e9e en Europe, sa position g\u00e9ographique en fait un pays de transit cl\u00e9 pour les migrants. Parmi les plus vuln\u00e9rables dans ces flux migratoires, on retrouve les enfants, qui sont souvent confront\u00e9s \u00e0 de graves risques, notamment l&rsquo;exploitation, la traite des <\/strong><strong>\u00eatres<\/strong><strong> humains et la privation des droits fondamentaux.&nbsp;&nbsp;<\/strong><\/p>\n\n\n\n<h2 class=\"wp-block-heading\"><strong>Le contexte g\u00e9n\u00e9ral des migrations vers l&rsquo;Espagne<\/strong><\/h2>\n\n\n\n<p class=\"wp-block-paragraph\">L&rsquo;<a href=\"https:\/\/www.humanium.org\/fr\/espagne\/\">Espagne<\/a>, situ\u00e9e \u00e0 la limite sud-ouest de l&rsquo;Europe, est devenue une porte d&rsquo;entr\u00e9e pour les migrants fuyant la guerre, la<a href=\"https:\/\/www.humanium.org\/fr\/enfants-pauvres\/\"> pauvret\u00e9<\/a> et l&rsquo;instabilit\u00e9, particuli\u00e8rement en provenance d&rsquo;<a href=\"https:\/\/www.humanium.org\/fr\/afrique\/\">Afrique<\/a> du Nord et de l&rsquo;Ouest. De nombreux migrants tentent de traverser la M\u00e9diterran\u00e9e ou d\u2019entrer via les \u00eeles Canaries, tandis que d&rsquo;autres arrivent par voie terrestre via les enclaves espagnoles de Ceuta et Melilla en Afrique du Nord (Statista Research Department, 2024). Le nombre de migrants entrant irr\u00e9guli\u00e8rement en Espagne a fluctu\u00e9 ces derni\u00e8res ann\u00e9es, mais le nombre de mineurs<a href=\"https:\/\/www.humanium.org\/fr\/enfants-deplaces\/\"> non accompagn\u00e9s<\/a> a nettement augment\u00e9.&nbsp;<\/p>\n\n\n\n<p class=\"wp-block-paragraph\">Ces enfants sont g\u00e9n\u00e9ralement confront\u00e9s \u00e0 des voyages longs et dangereux, arrivant souvent en territoire espagnol apr\u00e8s avoir endur\u00e9 des \u00e9preuves extr\u00eames, notamment des travers\u00e9es&nbsp; maritimes p\u00e9rilleuses, de longues marches \u00e0 travers les d\u00e9serts et, dans certains cas, apr\u00e8s avoir \u00e9t\u00e9 victimes des passeurs ou des<a href=\"https:\/\/www.humanium.org\/fr\/trafic-enfants\/\"> trafiquants d&rsquo;\u00eatres humains<\/a> (Statista Research Department, 2024). Une fois arriv\u00e9s sur le territoire espagnol, ces enfants sont confront\u00e9s \u00e0 une multitude de d\u00e9fis, allant de l&rsquo;acc\u00e8s inad\u00e9quat \u00e0 l&rsquo;<a href=\"https:\/\/www.humanium.org\/fr\/comprendre-droits-enfant\/droit-a-l-education\/\">\u00e9ducation<\/a> et aux<a href=\"https:\/\/www.humanium.org\/fr\/comprendre-droits-enfant\/droit-a-la-sante\/\"> soins de sant\u00e9<\/a> \u00e0 des difficult\u00e9s pour s\u2019y retrouver dans les syst\u00e8mes complexes d&rsquo;asile et de protection de l&rsquo;enfant espagnols (PBS News, 2024).&nbsp;<\/p>\n\n\n\n<h2 class=\"wp-block-heading\"><strong>Des chiffres en hausse et la zone la plus touch\u00e9e<\/strong><\/h2>\n\n\n\n<p class=\"wp-block-paragraph\">De janvier \u00e0 ao\u00fbt 2024, 31 155 migrants irr\u00e9guliers sont arriv\u00e9s en<a href=\"https:\/\/www.humanium.org\/fr\/espagne\/\"> Espagne<\/a>, soit 66,2&nbsp;% de plus par rapport \u00e0 la m\u00eame p\u00e9riode en 2023 (Minist\u00e8re espagnol de l&rsquo;Int\u00e9rieur, 2024). Bien que le nombre exact des mineurs parmi eux ne soit pas encore d\u00e9fini, il est \u00e0 craindre que, d\u00fb \u00e0 cette augmentation g\u00e9n\u00e9rale, il d\u00e9passe l&rsquo;estimation de 5100 mineurs qui sont entr\u00e9s en Espagne en 2023 comme migrants irr\u00e9guliers, surtout si l&rsquo;on consid\u00e8re que 1500 enfants sont arriv\u00e9s dans le pays au cours des quatre premiers mois de 2024 (ReliefWeb, 2024).&nbsp;<\/p>\n\n\n\n<p class=\"wp-block-paragraph\">Mi-ao\u00fbt 2024, plus de 22 000 sur les 31 155 migrants irr\u00e9guliers mentionn\u00e9s sont entr\u00e9s dans les \u00eeles Canaries, ce qui repr\u00e9sente une augmentation de 126&nbsp;% compar\u00e9 \u00e0 la m\u00eame p\u00e9riode un an plus t\u00f4t (Spain in English, 2024). La forte concentration d&rsquo;arriv\u00e9es de migrants dans les \u00eeles Canaries, qui repr\u00e9sentent plus de 80&nbsp;% du total des arriv\u00e9es en Espagne, a exerc\u00e9 une pression immense sur les ressources et services locaux, particuli\u00e8rement lorsqu&rsquo;il s&rsquo;agit de prendre en charge les mineurs<a href=\"https:\/\/www.humanium.org\/fr\/enfants-deplaces\/\"> non accompagn\u00e9s<\/a>.&nbsp;<\/p>\n\n\n\n<p class=\"wp-block-paragraph\">Cette forte augmentation a submerg\u00e9 les structures d&rsquo;accueil de la r\u00e9gion, qui \u00e9taient con\u00e7ues pour accueillir environ 2000 mineurs. Au d\u00e9but du mois d\u2019ao\u00fbt 2024, les \u00eeles Canaries accueillaient environ 6000 migrants mineurs, et ce nombre devrait encore augmenter (InfoMigrants, 2024).&nbsp;<\/p>\n\n\n\n<h2 class=\"wp-block-heading\"><strong>Les d\u00e9fis <\/strong><strong>li\u00e9s \u00e0 <\/strong><strong>la prise en charge et au soutien des enfants migrants<\/strong><\/h2>\n\n\n\n<p class=\"wp-block-paragraph\">Beaucoup de migrants mineurs en situation irr\u00e9guli\u00e8re ne sont pas accompagn\u00e9s et doivent \u00eatre syst\u00e9matiquement pris en charge par les autorit\u00e9s locales. Cependant, comme les capacit\u00e9s locales d&rsquo;h\u00e9bergement et de prise en charge ont \u00e9t\u00e9 largement d\u00e9pass\u00e9es, ces enfants ne peuvent b\u00e9n\u00e9ficier de la<a href=\"https:\/\/www.humanium.org\/fr\/droit-a-la-protection\/\"> protection<\/a> et de tous les droits qui leur sont reconnus.&nbsp;<\/p>\n\n\n\n<p class=\"wp-block-paragraph\">Les r\u00e9gions touch\u00e9es manquent non seulement d&rsquo;espace physique mais le recrutement de professionnels form\u00e9s pour travailler avec des jeunes migrants s&rsquo;est aussi av\u00e9r\u00e9 \u00eatre un d\u00e9fi, notamment quand il s&rsquo;agit de trouver des professionnels qui voudraient travailler dans les \u00eeles situ\u00e9es \u00e0 environ 1300 km du continent (Africanews, 2024). En cons\u00e9quence, les enfants et les adolescents qui atteignent les \u00eeles apr\u00e8s un voyage qui a co\u00fbt\u00e9 la vie \u00e0 des milliers de personnes ne b\u00e9n\u00e9ficient pas des<a href=\"https:\/\/www.humanium.org\/fr\/droit-a-la-protection\/\"> protections<\/a> auxquelles ils ont droit en vertu du droit espagnol et europ\u00e9en, y compris leur droit fondamental aux<a href=\"https:\/\/www.humanium.org\/fr\/comprendre-droits-enfant\/droit-a-la-sante\/\"> soins de sant\u00e9<\/a>.&nbsp;&nbsp;<\/p>\n\n\n\n<h2 class=\"wp-block-heading\"><strong>Les conditions de vie et l&rsquo;impact psychologique<\/strong><\/h2>\n\n\n\n<figure class=\"wp-block-image size-large\"><img loading=\"lazy\" decoding=\"async\" width=\"1024\" height=\"683\" src=\"https:\/\/www.humanium.org\/fr\/wp-content\/uploads\/2024\/10\/shutterstock_1353145055-1024x683.jpg\" alt=\"\" class=\"wp-image-57712\" srcset=\"https:\/\/www.humanium.org\/fr\/wp-content\/uploads\/2024\/10\/shutterstock_1353145055-1024x683.jpg 1024w, https:\/\/www.humanium.org\/fr\/wp-content\/uploads\/2024\/10\/shutterstock_1353145055-300x200.jpg 300w, https:\/\/www.humanium.org\/fr\/wp-content\/uploads\/2024\/10\/shutterstock_1353145055-768x512.jpg 768w, https:\/\/www.humanium.org\/fr\/wp-content\/uploads\/2024\/10\/shutterstock_1353145055-1536x1024.jpg 1536w, https:\/\/www.humanium.org\/fr\/wp-content\/uploads\/2024\/10\/shutterstock_1353145055-2048x1365.jpg 2048w, https:\/\/www.humanium.org\/fr\/wp-content\/uploads\/2024\/10\/shutterstock_1353145055-830x553.jpg 830w, https:\/\/www.humanium.org\/fr\/wp-content\/uploads\/2024\/10\/shutterstock_1353145055-230x153.jpg 230w, https:\/\/www.humanium.org\/fr\/wp-content\/uploads\/2024\/10\/shutterstock_1353145055-350x233.jpg 350w, https:\/\/www.humanium.org\/fr\/wp-content\/uploads\/2024\/10\/shutterstock_1353145055-480x320.jpg 480w, https:\/\/www.humanium.org\/fr\/wp-content\/uploads\/2024\/10\/shutterstock_1353145055-272x182.jpg 272w\" sizes=\"auto, (max-width: 1024px) 100vw, 1024px\" \/><\/figure>\n\n\n\n<p class=\"wp-block-paragraph\">Beaucoup d&rsquo;entre eux vivent dans des installations insalubres dans des centres surpeupl\u00e9s, ce qui met leur sant\u00e9 directement en danger. Sur l&rsquo;\u00eele de Lanzarote, les autorit\u00e9s ont mis en place des tentes temporaires pour accueillir les nouveaux arrivants, ce qui est loin du standard de vie auquel les enfants ont droit. Des cas d&rsquo;<a href=\"https:\/\/www.humanium.org\/fr\/la-maltraitance-des-enfants\/\">abus<\/a> et de mauvais traitement ont \u00e9galement \u00e9t\u00e9 signal\u00e9s. Les repr\u00e9sentants des autorit\u00e9s locales affirment que la situation dans les \u00eeles Canaries est une v\u00e9ritable catastrophe humanitaire (Africanews, 2024).&nbsp;<\/p>\n\n\n\n<p class=\"wp-block-paragraph\">En raison de<a href=\"https:\/\/www.humanium.org\/fr\/tspt-chez-les-enfants-et-adolescents\/?fbclid=IwAR3k5lKBMouSnI6FzNkKg-FkjEfmwjcLV2Too4LJCDHiNsCraThBHRYUJSY\"> traumatismes<\/a> graves, du fait d&rsquo;\u00eatre souvent s\u00e9par\u00e9s ou d&rsquo;\u00eatre t\u00e9moins de la mort de leurs tuteurs, ou de leurs fr\u00e8res et s\u0153urs, ces enfants ont besoin d&rsquo;assistance psychologique et de soins particuliers. Cependant, une fois arriv\u00e9s \u00e0 la suppos\u00e9e s\u00e9curit\u00e9, ils se retrouvent dans le chaos de dizaines d&rsquo;autres enfants en pleurs, dans des conditions insalubres et avec des professionnels surcharg\u00e9s.&nbsp;&nbsp;&nbsp;<\/p>\n\n\n\n<p class=\"wp-block-paragraph\">L&rsquo;exemple d&rsquo;un gar\u00e7on s\u00e9n\u00e9galais qui s&rsquo;\u00e9vanouissait continuellement apr\u00e8s avoir vu ses deux parents mourir tragiquement en essayant d&rsquo;atteindre les \u00eeles Canaries \u00e0 bord d\u2019un bateau et que leurs corps aient \u00e9t\u00e9 jet\u00e9s par-dessus bord devant lui donne une image claire de la souffrance et du traumatisme de ces enfants, aussi bien que des situations que les personnes qui travaillent avec eux doivent g\u00e9rer (PBSNews, 2024).<\/p>\n\n\n\n<h2 class=\"wp-block-heading\"><strong>Les protections juridiques de l&rsquo;UE pour les migrants mineurs irr\u00e9guliers<\/strong><\/h2>\n\n\n\n<p class=\"wp-block-paragraph\">La gravit\u00e9 de la situation dans la r\u00e9gion ne peut pas \u00eatre trait\u00e9e comme un probl\u00e8me purement national. Dans l&rsquo;Union europ\u00e9enne (UE), les enfants mineurs en situation irr\u00e9guli\u00e8re, ou ceux sans statut de r\u00e9sident l\u00e9gal, b\u00e9n\u00e9ficient de protections en vertu de plusieurs instruments juridiques cl\u00e9s, notamment la Charte des droits fondamentaux de l&rsquo;UE, la Convention relative aux droits de l\u2019enfant (CIDE), aussi bien que les lois nationales de protection de l&rsquo;enfance de chaque pays (Journal officiel de l\u2019Union europ\u00e9enne, 2000).<\/p>\n\n\n\n<p class=\"wp-block-paragraph\">Ces r\u00e8glements soulignent que&nbsp; les droits de l&rsquo;enfant, notamment l&rsquo;acc\u00e8s \u00e0 l&rsquo;\u00e9ducation, aux soins de sant\u00e9, et aux conditions de vie ad\u00e9quates, doivent \u00eatre respect\u00e9s quel que soit le statut d&rsquo;immigration, et que l&rsquo;UE dans son ensemble a besoin d&rsquo;entreprendre de trouver des moyens efficaces pour assurer que la situation sur le terrain soit conforme au cadre juridique existant.&nbsp;<\/p>\n\n\n\n<h2 class=\"wp-block-heading\"><strong>Les efforts l\u00e9gislatifs espagnols et les tensions locales<\/strong><\/h2>\n\n\n\n<p class=\"wp-block-paragraph\">Le gouvernement r\u00e9gional des \u00eeles Canaries, submerg\u00e9 par cet afflux, a cherch\u00e9 le soutien national \u00e0 travers un projet de loi proposant la r\u00e9partition obligatoire de ces mineurs vers d&rsquo;autres r\u00e9gions d&rsquo;Espagne. Le syst\u00e8me volontaire existant \u00e9tait insuffisant et&nbsp; les \u00eeles avaient d\u00e9j\u00e0 pris en charge plus de 6000 mineurs non accompagn\u00e9s susmentionn\u00e9s, ce qui d\u00e9passe largement leur capacit\u00e9 d&rsquo;accueil. Le projet de loi visait \u00e0 assurer une r\u00e9partition plus \u00e9quitable des responsabilit\u00e9s \u00e0 travers l&rsquo;Espagne, en soulageant les centres surpeupl\u00e9s des \u00eeles Canaries (InfoMigrants, 2024).&nbsp;<\/p>\n\n\n\n<p class=\"wp-block-paragraph\">Malgr\u00e9 ces efforts, le projet de loi a \u00e9t\u00e9 rejet\u00e9 par le Congr\u00e8s espagnol, obligeant l&rsquo;Espagne continentale \u00e0 r\u00e9partir uniquement les migrants adultes irr\u00e9guliers sur son territoire, tandis que les \u00eeles Canaries doivent trouver un moyen de g\u00e9rer l&rsquo;afflux croissant de mineurs sur leurs c\u00f4tes. Les autorit\u00e9s locales et les citoyens restent m\u00e9contents de la situation, ce qui conduit \u00e0 l&rsquo;augmentation des tensions entre les locaux et les<a href=\"https:\/\/www.humanium.org\/fr\/enfants-deplaces\/\"> jeunes migrants<\/a>.&nbsp;&nbsp;<\/p>\n\n\n\n<p class=\"wp-block-paragraph\">Il existe un probl\u00e8me persistant de la part des habitants m\u00e9contents accusant les migrants mineurs de crimes, qu\u2019ils n&rsquo;ont souvent pas commis. Une fois, les locaux avaient m\u00eame tent\u00e9 de p\u00e9n\u00e9trer dans le centre d&rsquo;accueil pour mineurs \u00e9trangers pour y confronter des mineurs qu&rsquo;ils accusaient d&rsquo;avoir commis une agression (Morel, 2024).&nbsp;&nbsp;<\/p>\n\n\n\n<h2 class=\"wp-block-heading\"><strong>Un besoin urgent de solutions globales<\/strong><\/h2>\n\n\n\n<p class=\"wp-block-paragraph\">La situation en Espagne reste grave, cependant, certaines mesures positives ont \u00e9t\u00e9 prises. Par exemple, l&rsquo;UE a allou\u00e9 14 millions d&rsquo;euros aux \u00eeles Canaries en 2024 pour soutenir leurs efforts pour g\u00e9rer la crise (Pawlowski, 2024). M\u00eame si l&rsquo;aide financi\u00e8re est n\u00e9cessaire, des strat\u00e9gies plus globales de gestion des migrations plus globales doivent \u00eatre mises en \u0153uvre.&nbsp;<\/p>\n\n\n\n<p class=\"wp-block-paragraph\">L&rsquo;Espagne pourrait modifier ses lois sur l&rsquo;immigration pour \u00e9tablir des crit\u00e8res de r\u00e9gularisation plus clairs et plus accessibles, r\u00e9duisant ainsi les barri\u00e8res bureaucratiques qui laissent souvent les mineurs dans un vide juridique prolong\u00e9. De plus, une coop\u00e9ration renforc\u00e9e entre les r\u00e9gions autonomes espagnoles serait aussi cruciale, parce que les pratiques r\u00e9gionales incoh\u00e9rentes et la r\u00e9partition in\u00e9quitable des enfants dans le pays les emp\u00eachent de b\u00e9n\u00e9ficier des droits et des services auxquels tous les enfants ont droit, quel que soit leur statut d&rsquo;immigration.&nbsp;<\/p>\n\n\n\n<p class=\"wp-block-paragraph\">Une approche nationale unifi\u00e9e, \u00e0 travers un cadre centralis\u00e9 ou des m\u00e9canismes de coordination plus solides, combin\u00e9e avec un soutien juridique, financier et op\u00e9rationnel des \u00c9tats membres de l&rsquo;UE, pourrait assurer que toutes les r\u00e9gions adh\u00e8rent \u00e0 des normes communes. Il est \u00e9galement important de sensibiliser \u00e0 la situation en<a href=\"https:\/\/www.humanium.org\/fr\/espagne\/\"> Espagne<\/a> et \u00e0 l&rsquo;importance d&rsquo;une action urgente dans la r\u00e9gion, parce que cela peut inciter les autorit\u00e9s internationales \u00e0 travailler pour r\u00e9pondre efficacement \u00e0 la situation.&nbsp;&nbsp;<\/p>\n\n\n\n<figure class=\"wp-block-image size-large\"><img loading=\"lazy\" decoding=\"async\" width=\"1024\" height=\"665\" src=\"https:\/\/www.humanium.org\/fr\/wp-content\/uploads\/2024\/10\/shutterstock_283034996-1024x665.jpg\" alt=\"\" class=\"wp-image-57713\" srcset=\"https:\/\/www.humanium.org\/fr\/wp-content\/uploads\/2024\/10\/shutterstock_283034996-1024x665.jpg 1024w, https:\/\/www.humanium.org\/fr\/wp-content\/uploads\/2024\/10\/shutterstock_283034996-300x195.jpg 300w, https:\/\/www.humanium.org\/fr\/wp-content\/uploads\/2024\/10\/shutterstock_283034996-768x499.jpg 768w, https:\/\/www.humanium.org\/fr\/wp-content\/uploads\/2024\/10\/shutterstock_283034996-1536x998.jpg 1536w, https:\/\/www.humanium.org\/fr\/wp-content\/uploads\/2024\/10\/shutterstock_283034996-2048x1330.jpg 2048w, https:\/\/www.humanium.org\/fr\/wp-content\/uploads\/2024\/10\/shutterstock_283034996-830x539.jpg 830w, https:\/\/www.humanium.org\/fr\/wp-content\/uploads\/2024\/10\/shutterstock_283034996-230x149.jpg 230w, https:\/\/www.humanium.org\/fr\/wp-content\/uploads\/2024\/10\/shutterstock_283034996-350x227.jpg 350w, https:\/\/www.humanium.org\/fr\/wp-content\/uploads\/2024\/10\/shutterstock_283034996-480x312.jpg 480w\" sizes=\"auto, (max-width: 1024px) 100vw, 1024px\" \/><\/figure>\n\n\n\n<p class=\"wp-block-paragraph\">Chez Humanium, nous plaidons pour le bien-\u00eatre des enfants \u00e0 travers le monde, y compris les enfants qui se retrouvent dans des vagues d&rsquo;immigration p\u00e9rilleuses. Vous pouvez contribuer \u00e0 notre cause en faisant un don, en devenant b\u00e9n\u00e9vole, ou en parrainant un enfant. Votre soutien nous aide \u00e0 donner aux enfants vuln\u00e9rables la chance de recevoir une \u00e9ducation, des soins de sant\u00e9 et un futur meilleur.<\/p>\n\n\n\n<p class=\"wp-block-paragraph\"><em><strong>\u00c9crit par Zeljka Mazinjanin<\/strong><\/em><\/p>\n\n\n\n<p class=\"wp-block-paragraph\"><em><strong>Traduit par Nelly Misenga<\/strong><\/em><\/p>\n\n\n\n<p class=\"wp-block-paragraph\"><em><strong>Relu par Victoire Ramos<\/strong><\/em><\/p>\n\n\n\n<h4 class=\"wp-block-heading\"><strong>Bibliographie:<\/strong><\/h4>\n\n\n\n<p class=\"has-small-font-size wp-block-paragraph\">Africanews (2024), Spain&rsquo;s parliament to vote on relocation bill for young migrants. Retrieved from Africanews, available at <a href=\"https:\/\/www.africanews.com\/2024\/07\/23\/spains-parliament-to-vote-on-relocation-bill-for-young-migrants\/\" target=\"_blank\" rel=\"noreferrer noopener\">https:\/\/www.africanews.com\/2024\/07\/23\/spains-parliament-to-vote-on-relocation-bill-for-young-migrants\/<\/a>, accessed on September 26, 2024.<\/p>\n\n\n\n<p class=\"has-small-font-size wp-block-paragraph\">InfoMigrants (2024), Canary Islands preparing to care for up to 16,000 migrant minors. Retrieved from InfoMigrants, available at <a href=\"https:\/\/www.infomigrants.net\/en\/post\/58848\/canary-islands-preparing-to-care-for-up-to-16000-migrant-minors\" target=\"_blank\" rel=\"noreferrer noopener\">https:\/\/www.infomigrants.net\/en\/post\/58848\/canary-islands-preparing-to-care-for-up-to-16000-migrant-minors<\/a>, accessed on September 26, 2024.<\/p>\n\n\n\n<p class=\"has-small-font-size wp-block-paragraph\">InfoMigrants (2024), Spain: Canaries renew call for broader distribution of unaccompanied minors. Retrieved from InfoMigrants, available at <a href=\"https:\/\/www.infomigrants.net\/en\/post\/58385\/spain-canaries-renew-call-for-broader-distribution-of-unaccompanied-minors\" target=\"_blank\" rel=\"noreferrer noopener\">https:\/\/www.infomigrants.net\/en\/post\/58385\/spain-canaries-renew-call-for-broader-distribution-of-unaccompanied-minors<\/a>, accessed on September 26, 2024.<\/p>\n\n\n\n<p class=\"has-small-font-size wp-block-paragraph\">Morel Sandrine (2024), Fate of unaccompanied foreign minors fuels tensions in Spain. Retrieved from LeMonde, available at <a href=\"https:\/\/www.lemonde.fr\/en\/international\/article\/2024\/08\/18\/immigration-in-spain-the-fate-of-unaccompanied-minors-fuels-tensions_6717995_4.html\">https:\/\/www.lemonde.fr\/en\/international\/article\/2024\/08\/18\/immigration-in-spain-the-fate-of-unaccompanied-<\/a><a href=\"https:\/\/www.lemonde.fr\/en\/international\/article\/2024\/08\/18\/immigration-in-spain-the-fate-of-unaccompanied-minors-fuels-tensions_6717995_4.html\" target=\"_blank\" rel=\"noreferrer noopener\">minors<\/a><a href=\"https:\/\/www.lemonde.fr\/en\/international\/article\/2024\/08\/18\/immigration-in-spain-the-fate-of-unaccompanied-minors-fuels-tensions_6717995_4.html\">-fuels-tensions_6717995_4.html<\/a>, accessed on September 26, 2024.<\/p>\n\n\n\n<p class=\"has-small-font-size wp-block-paragraph\">Official Journal of the European Communities (2000), Charter Of Fundamental Rights Of The European Union. Retrieved from European Parliament, available at <a href=\"https:\/\/www.europarl.europa.eu\/charter\/pdf\/text_en.pdf\" target=\"_blank\" rel=\"noreferrer noopener\">https:\/\/www.europarl.europa.eu\/charter\/pdf\/text_en.pdf<\/a>, accessed on September 28, 2024.<\/p>\n\n\n\n<p class=\"has-small-font-size wp-block-paragraph\">Pawlowski Ben (2024), Spain\u2019s Canary Islands receive \u20ac14 million boost from EU fund to support handling of migrant crisis. Retrieved from The Olive press, available at <a href=\"https:\/\/www.theolivepress.es\/spain-news\/2024\/09\/23\/spains-canary-islands-receive-e14-million-boost-from-eu-fund-to-support-handling-of-migrant-crisis\/\" target=\"_blank\" rel=\"noreferrer noopener\">https:\/\/www.theolivepress.es\/spain-news\/2024\/09\/23\/spains-canary-islands-receive-e14-million-boost-from-eu-fund-to-support-handling-of-migrant-crisis\/<\/a>, accessed on Septeber 26, 2024.<\/p>\n\n\n\n<p class=\"has-small-font-size wp-block-paragraph\">PBS News (2024), The Canary Islands are overwhelmed with thousands of unaccompanied migrant children, and are asking Spain for help. Retrieved from PBS News, available on <a href=\"https:\/\/www.pbs.org\/newshour\/world\/the-canary-islands-are-overwhelemed-with-thousands-of-unaccompanied-migrant-children-and-are-asking-spain-for-help\">https:\/\/www.pbs.org\/newshour\/world\/the-canary-islands-are-overwhelemed-with-thousands-of-unaccompanied-migrant-children<\/a><a href=\"https:\/\/www.pbs.org\/newshour\/world\/the-canary-islands-are-overwhelemed-with-thousands-of-unaccompanied-migrant-children-and-are-asking-spain-for-help\" target=\"_blank\" rel=\"noreferrer noopener\">&#8211;<\/a><a href=\"https:\/\/www.pbs.org\/newshour\/world\/the-canary-islands-are-overwhelemed-with-thousands-of-unaccompanied-migrant-children-and-are-asking-spain-for-help\">and-are-asking-spain-for-help<\/a>, accessed on September 25, 2024.<\/p>\n\n\n\n<p class=\"has-small-font-size wp-block-paragraph\">ReliefWeb (2024), Number of Migrants Arriving In Spain Nearly Triples so far this Year. Retrieved from ReliefWeb, available at <a href=\"https:\/\/reliefweb.int\/report\/canary-islands-spain\/number-migrants-arriving-spain-nearly-triples-so-far-year\" target=\"_blank\" rel=\"noreferrer noopener\">https:\/\/reliefweb.int\/report\/canary-islands-spain\/number-migrants-arriving-spain-nearly-triples-so-far-year<\/a>, accessed on September 25, 2024.<\/p>\n\n\n\n<p class=\"has-small-font-size wp-block-paragraph\">Spain in English (2024), Canary Islands migrant arrivals up 126% year-on-year, as S\u00e1nchez plans west Africa trip. retrieved from Spain in English, available at <a href=\"https:\/\/www.spainenglish.com\/2024\/08\/19\/canary-islands-migrant-arrivals-up-126-year-on-year-as-sanchez-plans-west-africa-trip\/#google_vignette\">https:\/\/www.spainenglish.com\/2024\/08\/19\/canary-islands-migrant-arrivals-up-126-<\/a><a href=\"https:\/\/www.spainenglish.com\/2024\/08\/19\/canary-islands-migrant-arrivals-up-126-year-on-year-as-sanchez-plans-west-africa-trip\/#google_vignette\" target=\"_blank\" rel=\"noreferrer noopener\">year<\/a><a href=\"https:\/\/www.spainenglish.com\/2024\/08\/19\/canary-islands-migrant-arrivals-up-126-year-on-year-as-sanchez-plans-west-africa-trip\/#google_vignette\">-on-year-as-sanchez-plans-west-africa-trip\/#google_vignette<\/a>, accessed on September 26, 2024.<\/p>\n\n\n\n<p class=\"has-small-font-size wp-block-paragraph\">Statista Research Department (2024), Unaccompanied foreign minors in Spain &#8211; Statistics &amp; Facts. retrieved from Startista, available at <a href=\"https:\/\/www.statista.com\/topics\/8907\/unaccompanied-foreign-minors-in-spain\/#topFacts\" target=\"_blank\" rel=\"noreferrer noopener\">https:\/\/www.statista.com\/topics\/8907\/unaccompanied-foreign-minors-in-spain\/#topFacts<\/a>, accessed on September 25, 2024.<\/p>\n","protected":false},"excerpt":{"rendered":"<p>En 2024, l&rsquo;Espagne continue de faire face \u00e0 des d\u00e9fis importants concernant l&rsquo;afflux d&rsquo;enfants migrants, accompagn\u00e9s ou non, qui entrent dans le pays en qu\u00eate d&rsquo;asile, de refuge, ou de meilleures conditions de vie. L\u2019Espagne \u00e9tant l\u2019un des principaux points d\u2019entr\u00e9e en Europe, sa position g\u00e9ographique en fait un pays de transit cl\u00e9 pour les [&hellip;]<\/p>\n","protected":false},"author":69,"featured_media":57717,"comment_status":"closed","ping_status":"closed","sticky":false,"template":"","format":"standard","meta":{"footnotes":""},"categories":[220,4,236,215],"tags":[],"class_list":["post-57711","post","type-post","status-publish","format-standard","has-post-thumbnail","hentry","category-droits-des-enfants","category-droits-humains","category-migration","category-refugies"],"yoast_head":"<!-- This site is optimized with the Yoast SEO plugin v28.3 - https:\/\/yoast.com\/product\/yoast-seo-wordpress\/ -->\n<title>La lutte actuelle des enfants immigr\u00e9s en Espagne - Humanium<\/title>\n<meta name=\"description\" content=\"En 2024, l&#039;Espagne reste confront\u00e9e \u00e0 des d\u00e9fis importants concernant l&#039;afflux d&#039;enfants migrants.\" \/>\n<meta name=\"robots\" content=\"index, follow, max-snippet:-1, max-image-preview:large, max-video-preview:-1\" \/>\n<link rel=\"canonical\" href=\"https:\/\/www.humanium.org\/fr\/la-lutte-actuelle-des-enfants-immigres-en-espagne\/\" \/>\n<meta property=\"og:locale\" content=\"fr_FR\" \/>\n<meta property=\"og:type\" content=\"article\" \/>\n<meta property=\"og:title\" content=\"La lutte actuelle des enfants immigr\u00e9s en Espagne - Humanium\" \/>\n<meta property=\"og:description\" content=\"En 2024, l&#039;Espagne reste confront\u00e9e \u00e0 des d\u00e9fis importants concernant l&#039;afflux d&#039;enfants migrants.\" \/>\n<meta property=\"og:url\" content=\"https:\/\/www.humanium.org\/fr\/la-lutte-actuelle-des-enfants-immigres-en-espagne\/\" \/>\n<meta property=\"og:site_name\" content=\"Humanium\" \/>\n<meta property=\"article:published_time\" content=\"2024-10-29T19:15:50+00:00\" \/>\n<meta property=\"article:modified_time\" content=\"2026-08-21T03:22:59+00:00\" \/>\n<meta property=\"og:image\" content=\"https:\/\/www.humanium.org\/fr\/wp-content\/uploads\/2024\/10\/shutterstock_2059553285.jpg\" \/>\n\t<meta property=\"og:image:width\" content=\"1000\" \/>\n\t<meta property=\"og:image:height\" content=\"667\" \/>\n\t<meta property=\"og:image:type\" content=\"image\/jpeg\" \/>\n<meta name=\"author\" content=\"Humanium\" \/>\n<meta name=\"twitter:card\" content=\"summary_large_image\" \/>\n<meta name=\"twitter:label1\" content=\"\u00c9crit par\" \/>\n\t<meta name=\"twitter:data1\" content=\"Humanium\" \/>\n\t<meta name=\"twitter:label2\" content=\"Dur\u00e9e de lecture estim\u00e9e\" \/>\n\t<meta name=\"twitter:data2\" content=\"11 minutes\" \/>\n<script type=\"application\/ld+json\" class=\"yoast-schema-graph\">{\"@context\":\"https:\\\/\\\/schema.org\",\"@graph\":[{\"@type\":\"Article\",\"@id\":\"https:\\\/\\\/www.humanium.org\\\/fr\\\/la-lutte-actuelle-des-enfants-immigres-en-espagne\\\/#article\",\"isPartOf\":{\"@id\":\"https:\\\/\\\/www.humanium.org\\\/fr\\\/la-lutte-actuelle-des-enfants-immigres-en-espagne\\\/\"},\"author\":{\"name\":\"Humanium\",\"@id\":\"https:\\\/\\\/www.humanium.org\\\/fr\\\/#\\\/schema\\\/person\\\/d798d6c7d59ba2307e0877f61a20ce3e\"},\"headline\":\"La lutte actuelle des enfants immigr\u00e9s en Espagne\",\"datePublished\":\"2024-10-29T19:15:50+00:00\",\"dateModified\":\"2026-08-21T03:22:59+00:00\",\"mainEntityOfPage\":{\"@id\":\"https:\\\/\\\/www.humanium.org\\\/fr\\\/la-lutte-actuelle-des-enfants-immigres-en-espagne\\\/\"},\"wordCount\":2036,\"image\":{\"@id\":\"https:\\\/\\\/www.humanium.org\\\/fr\\\/la-lutte-actuelle-des-enfants-immigres-en-espagne\\\/#primaryimage\"},\"thumbnailUrl\":\"https:\\\/\\\/www.humanium.org\\\/fr\\\/wp-content\\\/uploads\\\/2024\\\/10\\\/shutterstock_2059553285.jpg\",\"articleSection\":[\"Droits des enfants\",\"Droits humains\",\"Migration\",\"R\u00e9fugi\u00e9s\"],\"inLanguage\":\"fr-FR\"},{\"@type\":\"WebPage\",\"@id\":\"https:\\\/\\\/www.humanium.org\\\/fr\\\/la-lutte-actuelle-des-enfants-immigres-en-espagne\\\/\",\"url\":\"https:\\\/\\\/www.humanium.org\\\/fr\\\/la-lutte-actuelle-des-enfants-immigres-en-espagne\\\/\",\"name\":\"La lutte actuelle des enfants immigr\u00e9s en Espagne - Humanium\",\"isPartOf\":{\"@id\":\"https:\\\/\\\/www.humanium.org\\\/fr\\\/#website\"},\"primaryImageOfPage\":{\"@id\":\"https:\\\/\\\/www.humanium.org\\\/fr\\\/la-lutte-actuelle-des-enfants-immigres-en-espagne\\\/#primaryimage\"},\"image\":{\"@id\":\"https:\\\/\\\/www.humanium.org\\\/fr\\\/la-lutte-actuelle-des-enfants-immigres-en-espagne\\\/#primaryimage\"},\"thumbnailUrl\":\"https:\\\/\\\/www.humanium.org\\\/fr\\\/wp-content\\\/uploads\\\/2024\\\/10\\\/shutterstock_2059553285.jpg\",\"datePublished\":\"2024-10-29T19:15:50+00:00\",\"dateModified\":\"2026-08-21T03:22:59+00:00\",\"author\":{\"@id\":\"https:\\\/\\\/www.humanium.org\\\/fr\\\/#\\\/schema\\\/person\\\/d798d6c7d59ba2307e0877f61a20ce3e\"},\"description\":\"En 2024, l'Espagne reste confront\u00e9e \u00e0 des d\u00e9fis importants concernant l'afflux d'enfants migrants.\",\"breadcrumb\":{\"@id\":\"https:\\\/\\\/www.humanium.org\\\/fr\\\/la-lutte-actuelle-des-enfants-immigres-en-espagne\\\/#breadcrumb\"},\"inLanguage\":\"fr-FR\",\"potentialAction\":[{\"@type\":\"ReadAction\",\"target\":[\"https:\\\/\\\/www.humanium.org\\\/fr\\\/la-lutte-actuelle-des-enfants-immigres-en-espagne\\\/\"]}]},{\"@type\":\"ImageObject\",\"inLanguage\":\"fr-FR\",\"@id\":\"https:\\\/\\\/www.humanium.org\\\/fr\\\/la-lutte-actuelle-des-enfants-immigres-en-espagne\\\/#primaryimage\",\"url\":\"https:\\\/\\\/www.humanium.org\\\/fr\\\/wp-content\\\/uploads\\\/2024\\\/10\\\/shutterstock_2059553285.jpg\",\"contentUrl\":\"https:\\\/\\\/www.humanium.org\\\/fr\\\/wp-content\\\/uploads\\\/2024\\\/10\\\/shutterstock_2059553285.jpg\",\"width\":1000,\"height\":667},{\"@type\":\"BreadcrumbList\",\"@id\":\"https:\\\/\\\/www.humanium.org\\\/fr\\\/la-lutte-actuelle-des-enfants-immigres-en-espagne\\\/#breadcrumb\",\"itemListElement\":[{\"@type\":\"ListItem\",\"position\":1,\"name\":\"Home\",\"item\":\"https:\\\/\\\/www.humanium.org\\\/fr\\\/\"},{\"@type\":\"ListItem\",\"position\":2,\"name\":\"La lutte actuelle des enfants immigr\u00e9s en Espagne\"}]},{\"@type\":\"WebSite\",\"@id\":\"https:\\\/\\\/www.humanium.org\\\/fr\\\/#website\",\"url\":\"https:\\\/\\\/www.humanium.org\\\/fr\\\/\",\"name\":\"Humanium\",\"description\":\"Les enfants d\u2019abord !\",\"potentialAction\":[{\"@type\":\"SearchAction\",\"target\":{\"@type\":\"EntryPoint\",\"urlTemplate\":\"https:\\\/\\\/www.humanium.org\\\/fr\\\/?s={search_term_string}\"},\"query-input\":{\"@type\":\"PropertyValueSpecification\",\"valueRequired\":true,\"valueName\":\"search_term_string\"}}],\"inLanguage\":\"fr-FR\"},{\"@type\":\"Person\",\"@id\":\"https:\\\/\\\/www.humanium.org\\\/fr\\\/#\\\/schema\\\/person\\\/d798d6c7d59ba2307e0877f61a20ce3e\",\"name\":\"Humanium\",\"image\":{\"@type\":\"ImageObject\",\"inLanguage\":\"fr-FR\",\"@id\":\"https:\\\/\\\/secure.gravatar.com\\\/avatar\\\/22715e338d2fcc547e3a431c4738360d33fea2a4af458f865b2c3b22f1eaa51f?s=96&d=mm&r=g\",\"url\":\"https:\\\/\\\/secure.gravatar.com\\\/avatar\\\/22715e338d2fcc547e3a431c4738360d33fea2a4af458f865b2c3b22f1eaa51f?s=96&d=mm&r=g\",\"contentUrl\":\"https:\\\/\\\/secure.gravatar.com\\\/avatar\\\/22715e338d2fcc547e3a431c4738360d33fea2a4af458f865b2c3b22f1eaa51f?s=96&d=mm&r=g\",\"caption\":\"Humanium\"},\"url\":\"https:\\\/\\\/www.humanium.org\\\/fr\\\/author\\\/humanium\\\/\"}]}<\/script>\n<!-- \/ Yoast SEO plugin. -->","yoast_head_json":{"title":"La lutte actuelle des enfants immigr\u00e9s en Espagne - Humanium","description":"En 2024, l'Espagne reste confront\u00e9e \u00e0 des d\u00e9fis importants concernant l'afflux d'enfants migrants.","robots":{"index":"index","follow":"follow","max-snippet":"max-snippet:-1","max-image-preview":"max-image-preview:large","max-video-preview":"max-video-preview:-1"},"canonical":"https:\/\/www.humanium.org\/fr\/la-lutte-actuelle-des-enfants-immigres-en-espagne\/","og_locale":"fr_FR","og_type":"article","og_title":"La lutte actuelle des enfants immigr\u00e9s en Espagne - Humanium","og_description":"En 2024, l'Espagne reste confront\u00e9e \u00e0 des d\u00e9fis importants concernant l'afflux d'enfants migrants.","og_url":"https:\/\/www.humanium.org\/fr\/la-lutte-actuelle-des-enfants-immigres-en-espagne\/","og_site_name":"Humanium","article_published_time":"2024-10-29T19:15:50+00:00","article_modified_time":"2026-08-21T03:22:59+00:00","og_image":[{"width":1000,"height":667,"url":"https:\/\/www.humanium.org\/fr\/wp-content\/uploads\/2024\/10\/shutterstock_2059553285.jpg","type":"image\/jpeg"}],"author":"Humanium","twitter_card":"summary_large_image","twitter_misc":{"\u00c9crit par":"Humanium","Dur\u00e9e de lecture estim\u00e9e":"11 minutes"},"schema":{"@context":"https:\/\/schema.org","@graph":[{"@type":"Article","@id":"https:\/\/www.humanium.org\/fr\/la-lutte-actuelle-des-enfants-immigres-en-espagne\/#article","isPartOf":{"@id":"https:\/\/www.humanium.org\/fr\/la-lutte-actuelle-des-enfants-immigres-en-espagne\/"},"author":{"name":"Humanium","@id":"https:\/\/www.humanium.org\/fr\/#\/schema\/person\/d798d6c7d59ba2307e0877f61a20ce3e"},"headline":"La lutte actuelle des enfants immigr\u00e9s en Espagne","datePublished":"2024-10-29T19:15:50+00:00","dateModified":"2026-08-21T03:22:59+00:00","mainEntityOfPage":{"@id":"https:\/\/www.humanium.org\/fr\/la-lutte-actuelle-des-enfants-immigres-en-espagne\/"},"wordCount":2036,"image":{"@id":"https:\/\/www.humanium.org\/fr\/la-lutte-actuelle-des-enfants-immigres-en-espagne\/#primaryimage"},"thumbnailUrl":"https:\/\/www.humanium.org\/fr\/wp-content\/uploads\/2024\/10\/shutterstock_2059553285.jpg","articleSection":["Droits des enfants","Droits humains","Migration","R\u00e9fugi\u00e9s"],"inLanguage":"fr-FR"},{"@type":"WebPage","@id":"https:\/\/www.humanium.org\/fr\/la-lutte-actuelle-des-enfants-immigres-en-espagne\/","url":"https:\/\/www.humanium.org\/fr\/la-lutte-actuelle-des-enfants-immigres-en-espagne\/","name":"La lutte actuelle des enfants immigr\u00e9s en Espagne - Humanium","isPartOf":{"@id":"https:\/\/www.humanium.org\/fr\/#website"},"primaryImageOfPage":{"@id":"https:\/\/www.humanium.org\/fr\/la-lutte-actuelle-des-enfants-immigres-en-espagne\/#primaryimage"},"image":{"@id":"https:\/\/www.humanium.org\/fr\/la-lutte-actuelle-des-enfants-immigres-en-espagne\/#primaryimage"},"thumbnailUrl":"https:\/\/www.humanium.org\/fr\/wp-content\/uploads\/2024\/10\/shutterstock_2059553285.jpg","datePublished":"2024-10-29T19:15:50+00:00","dateModified":"2026-08-21T03:22:59+00:00","author":{"@id":"https:\/\/www.humanium.org\/fr\/#\/schema\/person\/d798d6c7d59ba2307e0877f61a20ce3e"},"description":"En 2024, l'Espagne reste confront\u00e9e \u00e0 des d\u00e9fis importants concernant l'afflux d'enfants migrants.","breadcrumb":{"@id":"https:\/\/www.humanium.org\/fr\/la-lutte-actuelle-des-enfants-immigres-en-espagne\/#breadcrumb"},"inLanguage":"fr-FR","potentialAction":[{"@type":"ReadAction","target":["https:\/\/www.humanium.org\/fr\/la-lutte-actuelle-des-enfants-immigres-en-espagne\/"]}]},{"@type":"ImageObject","inLanguage":"fr-FR","@id":"https:\/\/www.humanium.org\/fr\/la-lutte-actuelle-des-enfants-immigres-en-espagne\/#primaryimage","url":"https:\/\/www.humanium.org\/fr\/wp-content\/uploads\/2024\/10\/shutterstock_2059553285.jpg","contentUrl":"https:\/\/www.humanium.org\/fr\/wp-content\/uploads\/2024\/10\/shutterstock_2059553285.jpg","width":1000,"height":667},{"@type":"BreadcrumbList","@id":"https:\/\/www.humanium.org\/fr\/la-lutte-actuelle-des-enfants-immigres-en-espagne\/#breadcrumb","itemListElement":[{"@type":"ListItem","position":1,"name":"Home","item":"https:\/\/www.humanium.org\/fr\/"},{"@type":"ListItem","position":2,"name":"La lutte actuelle des enfants immigr\u00e9s en Espagne"}]},{"@type":"WebSite","@id":"https:\/\/www.humanium.org\/fr\/#website","url":"https:\/\/www.humanium.org\/fr\/","name":"Humanium","description":"Les enfants d\u2019abord !","potentialAction":[{"@type":"SearchAction","target":{"@type":"EntryPoint","urlTemplate":"https:\/\/www.humanium.org\/fr\/?s={search_term_string}"},"query-input":{"@type":"PropertyValueSpecification","valueRequired":true,"valueName":"search_term_string"}}],"inLanguage":"fr-FR"},{"@type":"Person","@id":"https:\/\/www.humanium.org\/fr\/#\/schema\/person\/d798d6c7d59ba2307e0877f61a20ce3e","name":"Humanium","image":{"@type":"ImageObject","inLanguage":"fr-FR","@id":"https:\/\/secure.gravatar.com\/avatar\/22715e338d2fcc547e3a431c4738360d33fea2a4af458f865b2c3b22f1eaa51f?s=96&d=mm&r=g","url":"https:\/\/secure.gravatar.com\/avatar\/22715e338d2fcc547e3a431c4738360d33fea2a4af458f865b2c3b22f1eaa51f?s=96&d=mm&r=g","contentUrl":"https:\/\/secure.gravatar.com\/avatar\/22715e338d2fcc547e3a431c4738360d33fea2a4af458f865b2c3b22f1eaa51f?s=96&d=mm&r=g","caption":"Humanium"},"url":"https:\/\/www.humanium.org\/fr\/author\/humanium\/"}]}},"_links":{"self":[{"href":"https:\/\/www.humanium.org\/fr\/wp-json\/wp\/v2\/posts\/57711","targetHints":{"allow":["GET"]}}],"collection":[{"href":"https:\/\/www.humanium.org\/fr\/wp-json\/wp\/v2\/posts"}],"about":[{"href":"https:\/\/www.humanium.org\/fr\/wp-json\/wp\/v2\/types\/post"}],"author":[{"embeddable":true,"href":"https:\/\/www.humanium.org\/fr\/wp-json\/wp\/v2\/users\/69"}],"replies":[{"embeddable":true,"href":"https:\/\/www.humanium.org\/fr\/wp-json\/wp\/v2\/comments?post=57711"}],"version-history":[{"count":5,"href":"https:\/\/www.humanium.org\/fr\/wp-json\/wp\/v2\/posts\/57711\/revisions"}],"predecessor-version":[{"id":62814,"href":"https:\/\/www.humanium.org\/fr\/wp-json\/wp\/v2\/posts\/57711\/revisions\/62814"}],"wp:featuredmedia":[{"embeddable":true,"href":"https:\/\/www.humanium.org\/fr\/wp-json\/wp\/v2\/media\/57717"}],"wp:attachment":[{"href":"https:\/\/www.humanium.org\/fr\/wp-json\/wp\/v2\/media?parent=57711"}],"wp:term":[{"taxonomy":"category","embeddable":true,"href":"https:\/\/www.humanium.org\/fr\/wp-json\/wp\/v2\/categories?post=57711"},{"taxonomy":"post_tag","embeddable":true,"href":"https:\/\/www.humanium.org\/fr\/wp-json\/wp\/v2\/tags?post=57711"}],"curies":[{"name":"wp","href":"https:\/\/api.w.org\/{rel}","templated":true}]}}