{"id":57746,"date":"2024-11-05T11:45:46","date_gmt":"2024-11-05T11:45:46","guid":{"rendered":"https:\/\/www.humanium.org\/fr\/?p=57746"},"modified":"2026-08-21T03:19:41","modified_gmt":"2026-08-21T03:19:41","slug":"enfants-face-a-la-famine-une-crise-alimentaire-sans-precedent-en-haiti","status":"publish","type":"post","link":"https:\/\/www.humanium.org\/fr\/enfants-face-a-la-famine-une-crise-alimentaire-sans-precedent-en-haiti\/","title":{"rendered":"Enfants face \u00e0 la famine : une crise alimentaire sans pr\u00e9c\u00e9dent en Ha\u00efti"},"content":{"rendered":"\n<p class=\"wp-block-paragraph\"><a href=\"https:\/\/www.humanium.org\/fr\/haiti\/\"><strong>Ha\u00efti<\/strong><\/a><strong> traverse une crise alimentaire sans pr\u00e9c\u00e9dent, exacerb\u00e9e par une instabilit\u00e9 politique persistante et la pr\u00e9dominance des gangs. Alors que la famine s\u2019aggrave, ce sont les enfants qui en paient le plus lourd tribut, subissant les cons\u00e9quences directes de cette situation alarmante. Dans ce contexte chaotique, les violences sexistes et sexuelles envers les filles augmentent \u00e9galement, ajoutant une dimension tragique \u00e0 une crise humanitaire d\u00e9j\u00e0 profonde.<\/strong><\/p>\n\n\n\n<h2 class=\"wp-block-heading\"><strong>Un contexte politique instable&nbsp;<\/strong><\/h2>\n\n\n\n<p class=\"wp-block-paragraph\">La crise alimentaire en Ha\u00efti est intrins\u00e8quement li\u00e9e \u00e0 une instabilit\u00e9 profonde qui touche \u00e0 la fois les sph\u00e8res politique, \u00e9conomique et sanitaire du pays. L\u2019assassinat du pr\u00e9sident Jovenel Mo\u00efse en juillet 2021 a plong\u00e9 Ha\u00efti dans une p\u00e9riode d\u2019incertitude politique, marqu\u00e9e par l&rsquo;absence d&rsquo;un gouvernement fonctionnel et la d\u00e9faillance de l&rsquo;appareil l\u00e9gislatif (Plan International, 2024).<\/p>\n\n\n\n<p class=\"wp-block-paragraph\">De plus, Ha\u00efti est confront\u00e9 \u00e0 des guerres de gangs, particuli\u00e8rement \u00e0 Port-au-Prince o\u00f9 des groupes arm\u00e9s contr\u00f4lent des quartiers entiers, imposant un climat de terreur par des enl\u00e8vements, des assassinats et des <a href=\"https:\/\/www.humanium.org\/fr\/violences\/\">violences<\/a> quotidiennes. La situation est telle que la police, sous-\u00e9quip\u00e9e et en sous-effectif, se trouve impuissante face \u00e0 ces gangs surarm\u00e9s (BBC, 2022).<\/p>\n\n\n\n<p class=\"wp-block-paragraph\">\u00c0 cela s\u2019ajoutent des catastrophes naturelles r\u00e9currentes, notamment des s\u00e9ismes d\u00e9vastateurs qui ont d\u00e9truit des infrastructures vitales, paralysant davantage le pays d\u00e9j\u00e0 fragile (Plan International, 2024). En parall\u00e8le, des facteurs environnementaux, tels que des pluies insuffisantes et <a href=\"https:\/\/www.humanium.org\/fr\/focus\/environnement\/urgence-climatique\/\">le changement climatique<\/a>, aggravent les difficult\u00e9s agricoles et sanitaires, compromettant le d\u00e9veloppement de l\u2019agriculture, essentielle \u00e0 la subsistance de nombreuses familles (Plan International, 2024).<\/p>\n\n\n\n<p class=\"wp-block-paragraph\">En fin, le pays fait face \u00e0 un retour meurtrier du chol\u00e9ra, une maladie que l\u2019on pensait sous contr\u00f4le, exacerb\u00e9e par l&rsquo;effondrement du syst\u00e8me de sant\u00e9 et des conditions d&rsquo;hygi\u00e8ne d\u00e9sastreuses. La pand\u00e9mie de COVID-19 a encore plus d\u00e9stabilis\u00e9 l&rsquo;\u00e9conomie locale, d\u00e9j\u00e0 fragilis\u00e9e par des d\u00e9cennies de mauvaise gouvernance et de pauvret\u00e9 chronique (Plan International, 2024).&nbsp;<\/p>\n\n\n\n<h2 class=\"wp-block-heading\"><strong>Une crise alimentaire in\u00e9dite mettant la vie des enfants en p\u00e9ril<\/strong><\/h2>\n\n\n\n<figure class=\"wp-block-image size-large\"><img loading=\"lazy\" decoding=\"async\" width=\"1024\" height=\"731\" src=\"https:\/\/www.humanium.org\/fr\/wp-content\/uploads\/2024\/11\/shutterstock_186584489-1024x731.jpg\" alt=\"\" class=\"wp-image-57747\" srcset=\"https:\/\/www.humanium.org\/fr\/wp-content\/uploads\/2024\/11\/shutterstock_186584489-1024x731.jpg 1024w, https:\/\/www.humanium.org\/fr\/wp-content\/uploads\/2024\/11\/shutterstock_186584489-300x214.jpg 300w, https:\/\/www.humanium.org\/fr\/wp-content\/uploads\/2024\/11\/shutterstock_186584489-768x548.jpg 768w, https:\/\/www.humanium.org\/fr\/wp-content\/uploads\/2024\/11\/shutterstock_186584489-1536x1097.jpg 1536w, https:\/\/www.humanium.org\/fr\/wp-content\/uploads\/2024\/11\/shutterstock_186584489-2048x1463.jpg 2048w, https:\/\/www.humanium.org\/fr\/wp-content\/uploads\/2024\/11\/shutterstock_186584489-830x593.jpg 830w, https:\/\/www.humanium.org\/fr\/wp-content\/uploads\/2024\/11\/shutterstock_186584489-230x164.jpg 230w, https:\/\/www.humanium.org\/fr\/wp-content\/uploads\/2024\/11\/shutterstock_186584489-350x250.jpg 350w, https:\/\/www.humanium.org\/fr\/wp-content\/uploads\/2024\/11\/shutterstock_186584489-480x343.jpg 480w\" sizes=\"auto, (max-width: 1024px) 100vw, 1024px\" \/><\/figure>\n\n\n\n<p class=\"wp-block-paragraph\">La cons\u00e9quence directe de l\u2019instabilit\u00e9 persistante en Ha\u00efti et des crises qui se multiplient est l\u2019\u00e9mergence d\u2019une famine \u00e0 grande \u00e9chelle. La situation nutritionnelle des enfants s&rsquo;est particuli\u00e8rement aggrav\u00e9e ces derni\u00e8res ann\u00e9es. En 2024, on observe une augmentation de 19% des cas de <a href=\"https:\/\/www.humanium.org\/fr\/alimentation-sous-nutrition-et-malnutrition\/\">malnutrition<\/a> et de sous-nutrition aigu\u00eb chez les enfants (UNICEF, 2024).&nbsp;<\/p>\n\n\n\n<p class=\"wp-block-paragraph\">Environ cinq millions de personnes en Ha\u00efti souffrent de niveaux aigus d\u2019ins\u00e9curit\u00e9 alimentaire. Parmi ces cinq millions, les enfants sont particuli\u00e8rement touch\u00e9s puisqu\u2019un enfant sur deux est confront\u00e9 \u00e0 l\u2019ins\u00e9curit\u00e9 alimentaire.&nbsp; <\/p>\n\n\n\n<p class=\"wp-block-paragraph\">Les donn\u00e9es issues de l\u2019\u00e9chelle de classification de l\u2019ins\u00e9curit\u00e9 alimentaire (IPC), qui \u00e9value les urgences li\u00e9es \u00e0 la faim, r\u00e9v\u00e8lent que plus de 1,6 million de personnes sont au bord de la famine, parmi lesquelles plus de 600 000 enfants. Depuis quelques ann\u00e9es, la situation s&rsquo;est consid\u00e9rablement d\u00e9t\u00e9rior\u00e9e : en 2019, environ 3,7 millions d&rsquo;Ha\u00eftiens \u00e9taient en ins\u00e9curit\u00e9 alimentaire ; aujourd&rsquo;hui, ce chiffre a grimp\u00e9 \u00e0 pr\u00e8s de cinq millions, soit pr\u00e8s de la moiti\u00e9 de la population (Save the Children, 2024).<\/p>\n\n\n\n<p class=\"wp-block-paragraph\">La violence g\u00e9n\u00e9ralis\u00e9e et la prolif\u00e9ration des armes compliquent l\u2019acheminement des aides humanitaires et des fournitures essentielles comme la nourriture et les m\u00e9dicaments. Le syst\u00e8me de sant\u00e9, tout comme celui de l\u2019alimentation, s\u2019effondre rapidement, rendant encore plus difficile l\u2019acc\u00e8s aux soins pour les plus vuln\u00e9rables tels que les enfants (UNICEF, 2024).<\/p>\n\n\n\n<h2 class=\"wp-block-heading\"><strong>Conditions de vie d\u00e9sesp\u00e9r\u00e9es des enfants en Ha\u00efti&nbsp;<\/strong><\/h2>\n\n\n\n<p class=\"wp-block-paragraph\">Les enfants en Ha\u00efti sont au c\u0153ur d&rsquo;une crise humanitaire qui les rend particuli\u00e8rement vuln\u00e9rables et les soumet \u00e0 des conditions de vie inhumaines. Souffrant de sous-alimentation chronique, ils sont souvent priv\u00e9s d&rsquo;une nutrition ad\u00e9quate, aggravant leur \u00e9tat de sant\u00e9 d\u00e9j\u00e0 fragile. <\/p>\n\n\n\n<p class=\"wp-block-paragraph\">La crise alimentaire actuelle, aggrav\u00e9e par la violence et l&rsquo;instabilit\u00e9 politique, les plonge dans une d\u00e9tresse extr\u00eame. Les besoins \u00e9l\u00e9mentaires comme l&rsquo;acc\u00e8s \u00e0 l&rsquo;\u00e9ducation et aux soins m\u00e9dicaux sont rarement satisfaits, laissant ces jeunes sans soutien ni espoir pour un avenir meilleur (Plan International, 2024).<\/p>\n\n\n\n<p class=\"wp-block-paragraph\">En plus de la <a href=\"https:\/\/www.humanium.org\/fr\/comprendre-droits-enfant\/droit-a-l-alimentation\/malnutrition\/#:~:text=Il%20existe%202%20types%20de%20malnutrition%20%3A&amp;text=La%20malnutrition%20chronique%20%3A%20elle%20se,par%20rapport%20%C3%A0%20son%20%C3%A2ge.&amp;text=La%20malnutrition%20aig%C3%BCe%20%3A%20elle%20se,l'enfant%20(%C3%A9maciation).\">malnutrition<\/a>, les enfants sont exploit\u00e9s et subissent des abus en tout genre. Ils deviennent des victimes faciles face aux violences sexuelles. Les \u00e9valuations de risques men\u00e9es r\u00e9cemment r\u00e9v\u00e8lent que le manque de protection des enfants en Ha\u00efti exacerbe leur ins\u00e9curit\u00e9 alimentaire, ce qui les poussent \u00e0 s\u2019enfoncer davantage dans le cercle vicieux de la pauvret\u00e9, des <a href=\"https:\/\/www.humanium.org\/fr\/enfants-deplaces\/\">d\u00e9placements<\/a> forc\u00e9s et de la violence (Plan International, 2024).<\/p>\n\n\n\n<h2 class=\"wp-block-heading\"><strong>Enfants et exploitation par les gangs<\/strong><\/h2>\n\n\n\n<p class=\"wp-block-paragraph\">Les enfants non accompagn\u00e9s sont les plus grandes victimes. Livr\u00e9s \u00e0 eux-m\u00eames, ils se retrouvent souvent dans des situations o\u00f9 ils doivent voler, tuer, ou \u00eatre exploit\u00e9s pour survivre. Afin de survivre, nombre d\u2019entre eux se tournent vers les gangs. Ces derniers, qui r\u00e8gnent sur environ 90 % de la capitale, Port-au-Prince, recrutent activement des enfants pour renforcer leurs rangs. Selon les estimations, entre 30 et 50 % des membres de ces <a href=\"https:\/\/www.humanium.org\/fr\/enfants-dans-la-guerre\/\">groupes arm\u00e9s<\/a> sont des mineurs. (Save the Children, 2024).<\/p>\n\n\n\n<p class=\"wp-block-paragraph\">Les enfants sont non seulement priv\u00e9s de leurs droits fondamentaux, mais sont \u00e9galement expos\u00e9s \u00e0 des traumatismes physiques et psychologiques profonds. La situation chaotique dans laquelle se trouve Ha\u00efti, combin\u00e9e \u00e0 l&rsquo;effondrement des services publics et \u00e0 l&rsquo;ins\u00e9curit\u00e9 g\u00e9n\u00e9ralis\u00e9e, rend l&rsquo;acc\u00e8s aux aides humanitaires extr\u00eamement difficiles. <\/p>\n\n\n\n<p class=\"wp-block-paragraph\">Les livraisons de nourriture et de m\u00e9dicaments sont r\u00e9guli\u00e8rement interrompues, et le syst\u00e8me de sant\u00e9 du pays, tout comme la distribution de nourriture, s\u2019effondre rapidement. De plus, beaucoup de famille n\u2019osent pas d\u00e9noncer les violences subies par les enfants, par peur de repr\u00e9sailles<strong> (<\/strong>UNICEF, 2024<strong>).<\/strong><\/p>\n\n\n\n<h2 class=\"wp-block-heading\"><strong>L\u2019augmentation des violences sexistes et sexuelles envers les filles&nbsp;<\/strong><\/h2>\n\n\n\n<p class=\"wp-block-paragraph\">Les filles en Ha\u00efti sont confront\u00e9es \u00e0 des risques accrus de violences sexistes et sexuelles [VSS], en raison des crises humanitaires qui amplifient les in\u00e9galit\u00e9s de pouvoir d\u00e9j\u00e0 pr\u00e9sentes. Dans ce contexte chaotique, ces <a href=\"https:\/\/www.humanium.org\/fr\/violences\/\">violences<\/a> sont exacerb\u00e9es, touchant particuli\u00e8rement les jeunes filles. <\/p>\n\n\n\n<p class=\"wp-block-paragraph\">Les familles, incapables de subvenir aux besoins essentiels de leurs enfants, marient souvent leurs filles tr\u00e8s jeunes dans l&rsquo;espoir de leur offrir une certaine stabilit\u00e9. Cependant, cela les expose \u00e0 d&rsquo;autres formes d&rsquo;exploitation. Nombre d&rsquo;entre elles sont contraintes de subir des abus sexuels en \u00e9change d&rsquo;argent ou de nourriture, renfor\u00e7ant ainsi leur vuln\u00e9rabilit\u00e9 (Plan International, 2024).<\/p>\n\n\n\n<p class=\"wp-block-paragraph\">Le <a href=\"https:\/\/www.humanium.org\/fr\/mariage-enfants\/\">mariage pr\u00e9coce<\/a> et <a href=\"https:\/\/www.humanium.org\/fr\/exploitation-sexuelle-enfants\/\">l&rsquo;exploitation sexuelle<\/a> placent ces filles dans une spirale infernale, o\u00f9 elles sont souvent confront\u00e9es \u00e0 des grossesses non d\u00e9sir\u00e9es d\u00e8s leur plus jeune \u00e2ge. Ces grossesses pr\u00e9coces, combin\u00e9es \u00e0 une pauvret\u00e9 extr\u00eame et \u00e0 l&rsquo;absence de protection, rendent leur situation encore plus pr\u00e9caire. Leur avenir est compromis d\u00e8s l&rsquo;enfance, marqu\u00e9 par un acc\u00e8s limit\u00e9 \u00e0 l&rsquo;\u00e9ducation, des soins de sant\u00e9 insuffisants, et une absence de perspectives, les condamnant \u00e0 une vie de privations et de dangers constants (Save the children, 2024).&nbsp;<\/p>\n\n\n\n<h2 class=\"wp-block-heading\"><strong>Une aide internationale sans rel\u00e2che&nbsp;<\/strong><\/h2>\n\n\n\n<p class=\"wp-block-paragraph\">Par l&rsquo;interm\u00e9diaire d&rsquo;organisations partenaires locales, le Programme Alimentaire Mondial [PAM] aide les personnes r\u00e9cemment d\u00e9plac\u00e9es par la violence \u00e0 Port-au-Prince. Au cours des deux premi\u00e8res semaines de mars 2024, plus de 100 000 repas chauds ont \u00e9t\u00e9 fournis \u00e0 plus de 23 000 personnes sur 16 sites diff\u00e9rents.&nbsp;<\/p>\n\n\n\n<p class=\"wp-block-paragraph\">Ces repas chauds repr\u00e9sentent un soutien essentiel pour les familles forc\u00e9es de fuir leurs maisons. Le PAM continue de fournir des <a href=\"https:\/\/www.humanium.org\/fr\/comprendre-droits-enfant\/droit-a-l-alimentation-2\/\">repas<\/a> scolaires aux enfants dans les provinces o\u00f9 les denr\u00e9es alimentaires sont encore partiellement disponibles \u00e0 travers les cha\u00eenes d&rsquo;approvisionnement d\u00e9centralis\u00e9es et occasionnellement l&rsquo;achat de denr\u00e9es alimentaires locales aupr\u00e8s d&rsquo;agriculteurs ha\u00eftiens (WFP, 2024).&nbsp;<\/p>\n\n\n\n<p class=\"wp-block-paragraph\">De m\u00eame le Conseil de s\u00e9curit\u00e9 de l\u2019ONU a d\u00e9cid\u00e9 en Octobre 2024 de prolonger jusqu\u2019au 2&nbsp;octobre 2025 le mandat confi\u00e9 \u00e0 la Mission multinationale d\u2019appui \u00e0 la s\u00e9curit\u00e9 (MMAS) en Ha\u00efti, suite \u00e0 l\u2019adoption \u00e0 l\u2019unanimit\u00e9 de la r\u00e9solution&nbsp;2751. La MMAS a pour objectif de cr\u00e9er les conditions de s\u00e9curit\u00e9 propices \u00e0 la tenue d\u2019\u00e9lections pr\u00e9sidentielle et l\u00e9gislatives libres et r\u00e9guli\u00e8res, dans le cadre d\u2019un processus politique dirig\u00e9 et contr\u00f4l\u00e9 par les Ha\u00eftiens (United Nations, 2024).&nbsp;<\/p>\n\n\n\n<figure class=\"wp-block-image size-large\"><img loading=\"lazy\" decoding=\"async\" width=\"1024\" height=\"731\" src=\"https:\/\/www.humanium.org\/fr\/wp-content\/uploads\/2024\/11\/shutterstock_186419885-1024x731.jpg\" alt=\"\" class=\"wp-image-57748\" srcset=\"https:\/\/www.humanium.org\/fr\/wp-content\/uploads\/2024\/11\/shutterstock_186419885-1024x731.jpg 1024w, https:\/\/www.humanium.org\/fr\/wp-content\/uploads\/2024\/11\/shutterstock_186419885-300x214.jpg 300w, https:\/\/www.humanium.org\/fr\/wp-content\/uploads\/2024\/11\/shutterstock_186419885-768x549.jpg 768w, https:\/\/www.humanium.org\/fr\/wp-content\/uploads\/2024\/11\/shutterstock_186419885-1536x1097.jpg 1536w, https:\/\/www.humanium.org\/fr\/wp-content\/uploads\/2024\/11\/shutterstock_186419885-2048x1463.jpg 2048w, https:\/\/www.humanium.org\/fr\/wp-content\/uploads\/2024\/11\/shutterstock_186419885-830x593.jpg 830w, https:\/\/www.humanium.org\/fr\/wp-content\/uploads\/2024\/11\/shutterstock_186419885-230x164.jpg 230w, https:\/\/www.humanium.org\/fr\/wp-content\/uploads\/2024\/11\/shutterstock_186419885-350x250.jpg 350w, https:\/\/www.humanium.org\/fr\/wp-content\/uploads\/2024\/11\/shutterstock_186419885-480x343.jpg 480w\" sizes=\"auto, (max-width: 1024px) 100vw, 1024px\" \/><\/figure>\n\n\n\n<p class=\"wp-block-paragraph\">Humanium se consacre \u00e0 la protection des droits de l&rsquo;enfant et \u00e0 la lutte contre les violences faites aux enfants dans le monde entier. Votre participation est essentielle pour faire avancer notre cause. Envisagez de faire du b\u00e9n\u00e9volat, de devenir membre ou de faire un don si notre mission vous tient \u00e0 c\u0153ur.<\/p>\n\n\n\n<p class=\"wp-block-paragraph\"><em><strong>Ecrit par Jeanne-Marie Quashie<\/strong><\/em><\/p>\n\n\n\n<h4 class=\"wp-block-heading\"><strong>Bibliographie&nbsp;:<\/strong><\/h4>\n\n\n\n<p class=\"has-small-font-size wp-block-paragraph\">BBC, Haiti inside the capital city taken hostage by brutal gangs (2022) r\u00e9cup\u00e9re du site BBC \u00e0 <a href=\"https:\/\/www.bbc.com\/news\/world-latin-america-63707429\" target=\"_blank\" rel=\"noreferrer noopener\">https:\/\/www.bbc.com\/news\/world-latin-america-63707429<\/a> , consult\u00e9 le 4 octobre 2024.<\/p>\n\n\n\n<p class=\"has-small-font-size wp-block-paragraph\">CNN, Hunger in Haiti is spreading amid gang violence, aid workers warn (2024) r\u00e9cup\u00e9r\u00e9 du site <a href=\"https:\/\/edition.cnn.com\/2024\/04\/03\/americas\/hunger-in-haiti-intl-latam\/index.html\" target=\"_blank\" rel=\"noreferrer noopener\">https:\/\/edition.cnn.com\/2024\/04\/03\/americas\/hunger-in-haiti-intl-latam\/index.html<\/a> , consult\u00e9 le 4 octobre 2024<\/p>\n\n\n\n<p class=\"has-small-font-size wp-block-paragraph\">Plan International, Gang violence in Haiti puts girls at risk (2024), r\u00e9cup\u00e9r\u00e9 du site Plan International \u00e0 <a href=\"https:\/\/plan-international.org\/news\/2024\/03\/05\/gang-violence-haiti-puts-girls-risk\/\" target=\"_blank\" rel=\"noreferrer noopener\">https:\/\/plan-international.org\/news\/2024\/03\/05\/gang-violence-haiti-puts-girls-risk\/<\/a> , consult\u00e9 le 4 octobre 2024<\/p>\n\n\n\n<p class=\"has-small-font-size wp-block-paragraph\">Plan International, Haiti\u2019s children are on the edge and need protection now (2024) r\u00e9cup\u00e9r\u00e9 du site <a href=\"https:\/\/plan-international.org\/blog\/2024\/03\/15\/haitis-children-on-edge-need-protection-now\/\" target=\"_blank\" rel=\"noreferrer noopener\">https:\/\/plan-international.org\/blog\/2024\/03\/15\/haitis-children-on-edge-need-protection-now\/<\/a> , consult\u00e9 le 4 octobre 2024.&nbsp;<\/p>\n\n\n\n<p class=\"has-small-font-size wp-block-paragraph\">Save the Children, Extreme hunger in Haiti forcing children into armed gangs (2024) r\u00e9cup\u00e9r\u00e9 du site Save the Children \u00e0 <a href=\"https:\/\/www.savethechildren.net\/news\/extreme-hunger-haiti-forcing-children-armed-gangs-save-children\">https:\/\/<\/a><a href=\"https:\/\/www.savethechildren.net\/news\/extreme-hunger-haiti-forcing-children-armed-gangs-save-children\" target=\"_blank\" rel=\"noreferrer noopener\">www<\/a><a href=\"https:\/\/www.savethechildren.net\/news\/extreme-hunger-haiti-forcing-children-armed-gangs-save-children\">.savethechildren.net\/news\/extreme-hunger-haiti-forcing-children-armed-gangs-save-children<\/a> , consult\u00e9 le 4 octobre 2024.&nbsp;<\/p>\n\n\n\n<p class=\"has-small-font-size wp-block-paragraph\">Save the Children, Ha\u00efti&nbsp;: one in five families on verge of famine in port au prince as gang violence grips capital (2024), r\u00e9cup\u00e9r\u00e9 du site <a href=\"https:\/\/www.savethechildren.net\/news\/haiti-one-five-families-verge-famine-port-au-prince-gang-violence-grips-capital\">https:\/\/www.savethechildren.net\/news\/haiti-one-five-families-verge-famine-port-au-prince-gang-<\/a><a href=\"https:\/\/www.savethechildren.net\/news\/haiti-one-five-families-verge-famine-port-au-prince-gang-violence-grips-capital\" target=\"_blank\" rel=\"noreferrer noopener\">violence<\/a><a href=\"https:\/\/www.savethechildren.net\/news\/haiti-one-five-families-verge-famine-port-au-prince-gang-violence-grips-capital\">-grips-capital<\/a> , consult\u00e9 le 4 octobre 2024.<\/p>\n\n\n\n<p class=\"has-small-font-size wp-block-paragraph\">UNICEF, Armed violence deepening malnutrition crisis for children in Haiti, (2024) r\u00e9cup\u00e9r\u00e9 du site UNICEF \u00e0 <a href=\"https:\/\/www.unicef.org\/press-releases\/armed-violence-deepening-malnutrition-crisis-children-haiti\" target=\"_blank\" rel=\"noreferrer noopener\">https:\/\/www.unicef.org\/press-releases\/armed-violence-deepening-malnutrition-crisis-children-haiti<\/a> , consult\u00e9 le 4 octobre 2024.&nbsp;<\/p>\n\n\n\n<p class=\"has-small-font-size wp-block-paragraph\">United Nations, Ha\u00efti: le Conseil de s\u00e9curit\u00e9 proroge d\u2019un an le mandat de la Mission multinationale d\u2019appui \u00e0 la s\u00e9curit\u00e9 mais se divise sur sa transformation en une mission de la paix (2024), r\u00e9cup\u00e9r\u00e9 du site \u00e0 <a href=\"https:\/\/press.un.org\/fr\/2024\/cs15838.doc.htm\">https:\/\/press.un.org\/fr\/<\/a><a href=\"https:\/\/press.un.org\/fr\/2024\/cs15838.doc.htm\" target=\"_blank\" rel=\"noreferrer noopener\">2024<\/a><a href=\"https:\/\/press.un.org\/fr\/2024\/cs15838.doc.htm\">\/cs15838.doc.htm<\/a> , consult\u00e9 le 4 octobre 2024.<\/p>\n\n\n\n<p class=\"has-small-font-size wp-block-paragraph\">World Food Programme, New IPC data confirms record levels of hunger in Haiti (2024), recup\u00e9r\u00e9 du site WFP \u00e0 <a href=\"https:\/\/www.wfp.org\/news\/new-ipc-data-confirms-record-levels-hunger-haiti\" target=\"_blank\" rel=\"noreferrer noopener\">https:\/\/www.wfp.org\/news\/new-ipc-data-confirms-record-levels-hunger-haiti<\/a> , consult\u00e9 le 4 octobre 2024.<\/p>\n","protected":false},"excerpt":{"rendered":"<p>Ha\u00efti traverse une crise alimentaire sans pr\u00e9c\u00e9dent, exacerb\u00e9e par une instabilit\u00e9 politique persistante et la pr\u00e9dominance des gangs. Alors que la famine s\u2019aggrave, ce sont les enfants qui en paient le plus lourd tribut, subissant les cons\u00e9quences directes de cette situation alarmante. Dans ce contexte chaotique, les violences sexistes et sexuelles envers les filles augmentent [&hellip;]<\/p>\n","protected":false},"author":69,"featured_media":57749,"comment_status":"closed","ping_status":"closed","sticky":false,"template":"","format":"standard","meta":{"footnotes":""},"categories":[220,231,10,214],"tags":[],"class_list":["post-57746","post","type-post","status-publish","format-standard","has-post-thumbnail","hentry","category-droits-des-enfants","category-pauvrete","category-sante","category-violence"],"yoast_head":"<!-- This site is optimized with the Yoast SEO plugin v28.3 - https:\/\/yoast.com\/product\/yoast-seo-wordpress\/ -->\n<title>Enfants face \u00e0 la famine : une crise alimentaire sans pr\u00e9c\u00e9dent en Ha\u00efti - Humanium<\/title>\n<meta name=\"description\" content=\"Ha\u00efti traverse une crise alimentaire sans pr\u00e9c\u00e9dent, et ce sont les enfants qui en paient le plus lourd tribut.\" \/>\n<meta name=\"robots\" content=\"index, follow, max-snippet:-1, max-image-preview:large, max-video-preview:-1\" \/>\n<link rel=\"canonical\" href=\"https:\/\/www.humanium.org\/fr\/enfants-face-a-la-famine-une-crise-alimentaire-sans-precedent-en-haiti\/\" \/>\n<meta property=\"og:locale\" content=\"fr_FR\" \/>\n<meta property=\"og:type\" content=\"article\" \/>\n<meta property=\"og:title\" content=\"Enfants face \u00e0 la famine : une crise alimentaire sans pr\u00e9c\u00e9dent en Ha\u00efti - Humanium\" \/>\n<meta property=\"og:description\" content=\"Ha\u00efti traverse une crise alimentaire sans pr\u00e9c\u00e9dent, et ce sont les enfants qui en paient le plus lourd tribut.\" \/>\n<meta property=\"og:url\" content=\"https:\/\/www.humanium.org\/fr\/enfants-face-a-la-famine-une-crise-alimentaire-sans-precedent-en-haiti\/\" \/>\n<meta property=\"og:site_name\" content=\"Humanium\" \/>\n<meta property=\"article:published_time\" content=\"2024-11-05T11:45:46+00:00\" \/>\n<meta property=\"article:modified_time\" content=\"2026-08-21T03:19:41+00:00\" \/>\n<meta property=\"og:image\" content=\"https:\/\/www.humanium.org\/fr\/wp-content\/uploads\/2024\/11\/shutterstock_186584174-scaled.jpg\" \/>\n\t<meta property=\"og:image:width\" content=\"2560\" \/>\n\t<meta property=\"og:image:height\" content=\"1828\" \/>\n\t<meta property=\"og:image:type\" content=\"image\/jpeg\" \/>\n<meta name=\"author\" content=\"Humanium\" \/>\n<meta name=\"twitter:card\" content=\"summary_large_image\" \/>\n<meta name=\"twitter:label1\" content=\"\u00c9crit par\" \/>\n\t<meta name=\"twitter:data1\" content=\"Humanium\" \/>\n\t<meta name=\"twitter:label2\" content=\"Dur\u00e9e de lecture estim\u00e9e\" \/>\n\t<meta name=\"twitter:data2\" content=\"9 minutes\" \/>\n<script type=\"application\/ld+json\" class=\"yoast-schema-graph\">{\"@context\":\"https:\\\/\\\/schema.org\",\"@graph\":[{\"@type\":\"Article\",\"@id\":\"https:\\\/\\\/www.humanium.org\\\/fr\\\/enfants-face-a-la-famine-une-crise-alimentaire-sans-precedent-en-haiti\\\/#article\",\"isPartOf\":{\"@id\":\"https:\\\/\\\/www.humanium.org\\\/fr\\\/enfants-face-a-la-famine-une-crise-alimentaire-sans-precedent-en-haiti\\\/\"},\"author\":{\"name\":\"Humanium\",\"@id\":\"https:\\\/\\\/www.humanium.org\\\/fr\\\/#\\\/schema\\\/person\\\/d798d6c7d59ba2307e0877f61a20ce3e\"},\"headline\":\"Enfants face \u00e0 la famine : une crise alimentaire sans pr\u00e9c\u00e9dent en Ha\u00efti\",\"datePublished\":\"2024-11-05T11:45:46+00:00\",\"dateModified\":\"2026-08-21T03:19:41+00:00\",\"mainEntityOfPage\":{\"@id\":\"https:\\\/\\\/www.humanium.org\\\/fr\\\/enfants-face-a-la-famine-une-crise-alimentaire-sans-precedent-en-haiti\\\/\"},\"wordCount\":1750,\"image\":{\"@id\":\"https:\\\/\\\/www.humanium.org\\\/fr\\\/enfants-face-a-la-famine-une-crise-alimentaire-sans-precedent-en-haiti\\\/#primaryimage\"},\"thumbnailUrl\":\"https:\\\/\\\/www.humanium.org\\\/fr\\\/wp-content\\\/uploads\\\/2024\\\/11\\\/shutterstock_186584174-scaled.jpg\",\"articleSection\":[\"Droits des enfants\",\"Pauvret\u00e9\",\"Sant\u00e9\",\"violence\"],\"inLanguage\":\"fr-FR\"},{\"@type\":\"WebPage\",\"@id\":\"https:\\\/\\\/www.humanium.org\\\/fr\\\/enfants-face-a-la-famine-une-crise-alimentaire-sans-precedent-en-haiti\\\/\",\"url\":\"https:\\\/\\\/www.humanium.org\\\/fr\\\/enfants-face-a-la-famine-une-crise-alimentaire-sans-precedent-en-haiti\\\/\",\"name\":\"Enfants face \u00e0 la famine : une crise alimentaire sans pr\u00e9c\u00e9dent en Ha\u00efti - Humanium\",\"isPartOf\":{\"@id\":\"https:\\\/\\\/www.humanium.org\\\/fr\\\/#website\"},\"primaryImageOfPage\":{\"@id\":\"https:\\\/\\\/www.humanium.org\\\/fr\\\/enfants-face-a-la-famine-une-crise-alimentaire-sans-precedent-en-haiti\\\/#primaryimage\"},\"image\":{\"@id\":\"https:\\\/\\\/www.humanium.org\\\/fr\\\/enfants-face-a-la-famine-une-crise-alimentaire-sans-precedent-en-haiti\\\/#primaryimage\"},\"thumbnailUrl\":\"https:\\\/\\\/www.humanium.org\\\/fr\\\/wp-content\\\/uploads\\\/2024\\\/11\\\/shutterstock_186584174-scaled.jpg\",\"datePublished\":\"2024-11-05T11:45:46+00:00\",\"dateModified\":\"2026-08-21T03:19:41+00:00\",\"author\":{\"@id\":\"https:\\\/\\\/www.humanium.org\\\/fr\\\/#\\\/schema\\\/person\\\/d798d6c7d59ba2307e0877f61a20ce3e\"},\"description\":\"Ha\u00efti traverse une crise alimentaire sans pr\u00e9c\u00e9dent, et ce sont les enfants qui en paient le plus lourd tribut.\",\"breadcrumb\":{\"@id\":\"https:\\\/\\\/www.humanium.org\\\/fr\\\/enfants-face-a-la-famine-une-crise-alimentaire-sans-precedent-en-haiti\\\/#breadcrumb\"},\"inLanguage\":\"fr-FR\",\"potentialAction\":[{\"@type\":\"ReadAction\",\"target\":[\"https:\\\/\\\/www.humanium.org\\\/fr\\\/enfants-face-a-la-famine-une-crise-alimentaire-sans-precedent-en-haiti\\\/\"]}]},{\"@type\":\"ImageObject\",\"inLanguage\":\"fr-FR\",\"@id\":\"https:\\\/\\\/www.humanium.org\\\/fr\\\/enfants-face-a-la-famine-une-crise-alimentaire-sans-precedent-en-haiti\\\/#primaryimage\",\"url\":\"https:\\\/\\\/www.humanium.org\\\/fr\\\/wp-content\\\/uploads\\\/2024\\\/11\\\/shutterstock_186584174-scaled.jpg\",\"contentUrl\":\"https:\\\/\\\/www.humanium.org\\\/fr\\\/wp-content\\\/uploads\\\/2024\\\/11\\\/shutterstock_186584174-scaled.jpg\",\"width\":2560,\"height\":1828},{\"@type\":\"BreadcrumbList\",\"@id\":\"https:\\\/\\\/www.humanium.org\\\/fr\\\/enfants-face-a-la-famine-une-crise-alimentaire-sans-precedent-en-haiti\\\/#breadcrumb\",\"itemListElement\":[{\"@type\":\"ListItem\",\"position\":1,\"name\":\"Home\",\"item\":\"https:\\\/\\\/www.humanium.org\\\/fr\\\/\"},{\"@type\":\"ListItem\",\"position\":2,\"name\":\"Enfants face \u00e0 la famine : une crise alimentaire sans pr\u00e9c\u00e9dent en Ha\u00efti\"}]},{\"@type\":\"WebSite\",\"@id\":\"https:\\\/\\\/www.humanium.org\\\/fr\\\/#website\",\"url\":\"https:\\\/\\\/www.humanium.org\\\/fr\\\/\",\"name\":\"Humanium\",\"description\":\"Les enfants d\u2019abord !\",\"potentialAction\":[{\"@type\":\"SearchAction\",\"target\":{\"@type\":\"EntryPoint\",\"urlTemplate\":\"https:\\\/\\\/www.humanium.org\\\/fr\\\/?s={search_term_string}\"},\"query-input\":{\"@type\":\"PropertyValueSpecification\",\"valueRequired\":true,\"valueName\":\"search_term_string\"}}],\"inLanguage\":\"fr-FR\"},{\"@type\":\"Person\",\"@id\":\"https:\\\/\\\/www.humanium.org\\\/fr\\\/#\\\/schema\\\/person\\\/d798d6c7d59ba2307e0877f61a20ce3e\",\"name\":\"Humanium\",\"image\":{\"@type\":\"ImageObject\",\"inLanguage\":\"fr-FR\",\"@id\":\"https:\\\/\\\/secure.gravatar.com\\\/avatar\\\/22715e338d2fcc547e3a431c4738360d33fea2a4af458f865b2c3b22f1eaa51f?s=96&d=mm&r=g\",\"url\":\"https:\\\/\\\/secure.gravatar.com\\\/avatar\\\/22715e338d2fcc547e3a431c4738360d33fea2a4af458f865b2c3b22f1eaa51f?s=96&d=mm&r=g\",\"contentUrl\":\"https:\\\/\\\/secure.gravatar.com\\\/avatar\\\/22715e338d2fcc547e3a431c4738360d33fea2a4af458f865b2c3b22f1eaa51f?s=96&d=mm&r=g\",\"caption\":\"Humanium\"},\"url\":\"https:\\\/\\\/www.humanium.org\\\/fr\\\/author\\\/humanium\\\/\"}]}<\/script>\n<!-- \/ Yoast SEO plugin. -->","yoast_head_json":{"title":"Enfants face \u00e0 la famine : une crise alimentaire sans pr\u00e9c\u00e9dent en Ha\u00efti - Humanium","description":"Ha\u00efti traverse une crise alimentaire sans pr\u00e9c\u00e9dent, et ce sont les enfants qui en paient le plus lourd tribut.","robots":{"index":"index","follow":"follow","max-snippet":"max-snippet:-1","max-image-preview":"max-image-preview:large","max-video-preview":"max-video-preview:-1"},"canonical":"https:\/\/www.humanium.org\/fr\/enfants-face-a-la-famine-une-crise-alimentaire-sans-precedent-en-haiti\/","og_locale":"fr_FR","og_type":"article","og_title":"Enfants face \u00e0 la famine : une crise alimentaire sans pr\u00e9c\u00e9dent en Ha\u00efti - Humanium","og_description":"Ha\u00efti traverse une crise alimentaire sans pr\u00e9c\u00e9dent, et ce sont les enfants qui en paient le plus lourd tribut.","og_url":"https:\/\/www.humanium.org\/fr\/enfants-face-a-la-famine-une-crise-alimentaire-sans-precedent-en-haiti\/","og_site_name":"Humanium","article_published_time":"2024-11-05T11:45:46+00:00","article_modified_time":"2026-08-21T03:19:41+00:00","og_image":[{"width":2560,"height":1828,"url":"https:\/\/www.humanium.org\/fr\/wp-content\/uploads\/2024\/11\/shutterstock_186584174-scaled.jpg","type":"image\/jpeg"}],"author":"Humanium","twitter_card":"summary_large_image","twitter_misc":{"\u00c9crit par":"Humanium","Dur\u00e9e de lecture estim\u00e9e":"9 minutes"},"schema":{"@context":"https:\/\/schema.org","@graph":[{"@type":"Article","@id":"https:\/\/www.humanium.org\/fr\/enfants-face-a-la-famine-une-crise-alimentaire-sans-precedent-en-haiti\/#article","isPartOf":{"@id":"https:\/\/www.humanium.org\/fr\/enfants-face-a-la-famine-une-crise-alimentaire-sans-precedent-en-haiti\/"},"author":{"name":"Humanium","@id":"https:\/\/www.humanium.org\/fr\/#\/schema\/person\/d798d6c7d59ba2307e0877f61a20ce3e"},"headline":"Enfants face \u00e0 la famine : une crise alimentaire sans pr\u00e9c\u00e9dent en Ha\u00efti","datePublished":"2024-11-05T11:45:46+00:00","dateModified":"2026-08-21T03:19:41+00:00","mainEntityOfPage":{"@id":"https:\/\/www.humanium.org\/fr\/enfants-face-a-la-famine-une-crise-alimentaire-sans-precedent-en-haiti\/"},"wordCount":1750,"image":{"@id":"https:\/\/www.humanium.org\/fr\/enfants-face-a-la-famine-une-crise-alimentaire-sans-precedent-en-haiti\/#primaryimage"},"thumbnailUrl":"https:\/\/www.humanium.org\/fr\/wp-content\/uploads\/2024\/11\/shutterstock_186584174-scaled.jpg","articleSection":["Droits des enfants","Pauvret\u00e9","Sant\u00e9","violence"],"inLanguage":"fr-FR"},{"@type":"WebPage","@id":"https:\/\/www.humanium.org\/fr\/enfants-face-a-la-famine-une-crise-alimentaire-sans-precedent-en-haiti\/","url":"https:\/\/www.humanium.org\/fr\/enfants-face-a-la-famine-une-crise-alimentaire-sans-precedent-en-haiti\/","name":"Enfants face \u00e0 la famine : une crise alimentaire sans pr\u00e9c\u00e9dent en Ha\u00efti - Humanium","isPartOf":{"@id":"https:\/\/www.humanium.org\/fr\/#website"},"primaryImageOfPage":{"@id":"https:\/\/www.humanium.org\/fr\/enfants-face-a-la-famine-une-crise-alimentaire-sans-precedent-en-haiti\/#primaryimage"},"image":{"@id":"https:\/\/www.humanium.org\/fr\/enfants-face-a-la-famine-une-crise-alimentaire-sans-precedent-en-haiti\/#primaryimage"},"thumbnailUrl":"https:\/\/www.humanium.org\/fr\/wp-content\/uploads\/2024\/11\/shutterstock_186584174-scaled.jpg","datePublished":"2024-11-05T11:45:46+00:00","dateModified":"2026-08-21T03:19:41+00:00","author":{"@id":"https:\/\/www.humanium.org\/fr\/#\/schema\/person\/d798d6c7d59ba2307e0877f61a20ce3e"},"description":"Ha\u00efti traverse une crise alimentaire sans pr\u00e9c\u00e9dent, et ce sont les enfants qui en paient le plus lourd tribut.","breadcrumb":{"@id":"https:\/\/www.humanium.org\/fr\/enfants-face-a-la-famine-une-crise-alimentaire-sans-precedent-en-haiti\/#breadcrumb"},"inLanguage":"fr-FR","potentialAction":[{"@type":"ReadAction","target":["https:\/\/www.humanium.org\/fr\/enfants-face-a-la-famine-une-crise-alimentaire-sans-precedent-en-haiti\/"]}]},{"@type":"ImageObject","inLanguage":"fr-FR","@id":"https:\/\/www.humanium.org\/fr\/enfants-face-a-la-famine-une-crise-alimentaire-sans-precedent-en-haiti\/#primaryimage","url":"https:\/\/www.humanium.org\/fr\/wp-content\/uploads\/2024\/11\/shutterstock_186584174-scaled.jpg","contentUrl":"https:\/\/www.humanium.org\/fr\/wp-content\/uploads\/2024\/11\/shutterstock_186584174-scaled.jpg","width":2560,"height":1828},{"@type":"BreadcrumbList","@id":"https:\/\/www.humanium.org\/fr\/enfants-face-a-la-famine-une-crise-alimentaire-sans-precedent-en-haiti\/#breadcrumb","itemListElement":[{"@type":"ListItem","position":1,"name":"Home","item":"https:\/\/www.humanium.org\/fr\/"},{"@type":"ListItem","position":2,"name":"Enfants face \u00e0 la famine : une crise alimentaire sans pr\u00e9c\u00e9dent en Ha\u00efti"}]},{"@type":"WebSite","@id":"https:\/\/www.humanium.org\/fr\/#website","url":"https:\/\/www.humanium.org\/fr\/","name":"Humanium","description":"Les enfants d\u2019abord !","potentialAction":[{"@type":"SearchAction","target":{"@type":"EntryPoint","urlTemplate":"https:\/\/www.humanium.org\/fr\/?s={search_term_string}"},"query-input":{"@type":"PropertyValueSpecification","valueRequired":true,"valueName":"search_term_string"}}],"inLanguage":"fr-FR"},{"@type":"Person","@id":"https:\/\/www.humanium.org\/fr\/#\/schema\/person\/d798d6c7d59ba2307e0877f61a20ce3e","name":"Humanium","image":{"@type":"ImageObject","inLanguage":"fr-FR","@id":"https:\/\/secure.gravatar.com\/avatar\/22715e338d2fcc547e3a431c4738360d33fea2a4af458f865b2c3b22f1eaa51f?s=96&d=mm&r=g","url":"https:\/\/secure.gravatar.com\/avatar\/22715e338d2fcc547e3a431c4738360d33fea2a4af458f865b2c3b22f1eaa51f?s=96&d=mm&r=g","contentUrl":"https:\/\/secure.gravatar.com\/avatar\/22715e338d2fcc547e3a431c4738360d33fea2a4af458f865b2c3b22f1eaa51f?s=96&d=mm&r=g","caption":"Humanium"},"url":"https:\/\/www.humanium.org\/fr\/author\/humanium\/"}]}},"_links":{"self":[{"href":"https:\/\/www.humanium.org\/fr\/wp-json\/wp\/v2\/posts\/57746","targetHints":{"allow":["GET"]}}],"collection":[{"href":"https:\/\/www.humanium.org\/fr\/wp-json\/wp\/v2\/posts"}],"about":[{"href":"https:\/\/www.humanium.org\/fr\/wp-json\/wp\/v2\/types\/post"}],"author":[{"embeddable":true,"href":"https:\/\/www.humanium.org\/fr\/wp-json\/wp\/v2\/users\/69"}],"replies":[{"embeddable":true,"href":"https:\/\/www.humanium.org\/fr\/wp-json\/wp\/v2\/comments?post=57746"}],"version-history":[{"count":7,"href":"https:\/\/www.humanium.org\/fr\/wp-json\/wp\/v2\/posts\/57746\/revisions"}],"predecessor-version":[{"id":62658,"href":"https:\/\/www.humanium.org\/fr\/wp-json\/wp\/v2\/posts\/57746\/revisions\/62658"}],"wp:featuredmedia":[{"embeddable":true,"href":"https:\/\/www.humanium.org\/fr\/wp-json\/wp\/v2\/media\/57749"}],"wp:attachment":[{"href":"https:\/\/www.humanium.org\/fr\/wp-json\/wp\/v2\/media?parent=57746"}],"wp:term":[{"taxonomy":"category","embeddable":true,"href":"https:\/\/www.humanium.org\/fr\/wp-json\/wp\/v2\/categories?post=57746"},{"taxonomy":"post_tag","embeddable":true,"href":"https:\/\/www.humanium.org\/fr\/wp-json\/wp\/v2\/tags?post=57746"}],"curies":[{"name":"wp","href":"https:\/\/api.w.org\/{rel}","templated":true}]}}